{"id":10140,"date":"2021-04-07T14:08:07","date_gmt":"2021-04-07T14:08:07","guid":{"rendered":"https:\/\/locaacademiafamiliar.com\/?p=10140"},"modified":"2021-04-07T14:09:48","modified_gmt":"2021-04-07T14:09:48","slug":"finalistes-premi-millor-blog-de-maternitat","status":"publish","type":"post","link":"https:\/\/locaacademiafamiliar.com\/ca\/2021\/finalistes-premi-millor-blog-de-maternitat\/","title":{"rendered":"Ooooooh! Som finalistes al premi Millor Blog de Maternitat"},"content":{"rendered":"<p>Bon\u00edssimes not\u00edcies!!! \ud83d\ude00 Ens fa molt\u00edssima il\u00b7lusi\u00f3 que el jurat de Premis 2021 ens hagi triat com a finalistes del Millor Blog de Maternitat en aquesta nova edici\u00f3. Ole ole!!<\/p>\n<p>\u00c9s un ORGULL amb lletres maj\u00fascules rebre aquesta nominaci\u00f3 que ens d\u00f3na ales per continuar escrivint i compartint.<\/p>\n<p>Que ens hagin triat com a finalistes ja \u00e9s un gran premi &#8211;vol dir que al darrere de la pantalla hi ha gent llegint-nos i gent experta que valora les nostres recomanacions i articles per a les mares primerenques i fam\u00edlies amb nens que busquen suport en els blogs personals.<\/p>\n<p>Per\u00f2 no us ho negarem: si podem anar m\u00e9s enll\u00e0 i ser escollides guanyadors ser\u00e0 un OLE NOSALTRES com una catedral!!! \ud83d\ude42 Per aix\u00f2, ens agradaria comptar amb el suport dels lectors i fans d&#8217;aquest blog Loca Acad\u00e8mia Familiar per votar-nos als premis.<\/p>\n<p>&nbsp;<\/p>\n<p>&nbsp;<\/p>\n<h2><a href=\"https:\/\/blogdelbebe.com\" target=\"_blank\" rel=\"noopener noreferrer\"><img data-recalc-dims=\"1\" decoding=\"async\" class=\"alignleft\" src=\"https:\/\/i0.wp.com\/blogdelbebe.com\/wp-content\/uploads\/Finalista-mejor-blog-maternidad.png?resize=265%2C268&#038;ssl=1\" alt=\"\" width=\"265\" height=\"268\" \/><\/a>Com votar-nos com a Millor Blog de Maternitat<\/h2>\n<p>1) Anar al web: <strong><a href=\"https:\/\/blogdelbebe.com\/mejor-blog-maternidad\/\" target=\"_blank\" rel=\"noopener\">Premios Blog Maternidad<\/a>\u00a0del Blog del Beb\u00e9 (&#8220;Millor Blog de Maternitat&#8221;)<\/strong><\/p>\n<p>2)\u00a0<strong>Seleccionar &#8220;Loca Academia Familiar&#8221;<\/strong>\u00a0i clicar a Votar. Gr\u00e0cies!<\/p>\n<p>No cal registrar-se ni deixar cap dada de contacte. Cada usuari pot votar nom\u00e9s una vegada. Per\u00edode de votacions: Entre el 7 i 18 d&#8217;abril.<\/p>\n<p>&nbsp;<\/p>\n<p>&nbsp;<\/p>\n<h2>Per qu\u00e8 un blog de Maternitat?<\/h2>\n<p>En 2017, la\u00a0<a href=\"https:\/\/locaacademiafamiliar.com\/author\/roser\/\" target=\"_blank\" rel=\"noopener\"><strong>Roser<\/strong><\/a> tenia una filla d&#8217;any i mig i un <a href=\"https:\/\/locaacademiafamiliar.com\/tag\/2o-bebe-es\/\" target=\"_blank\" rel=\"noopener\">segon fill<\/a>\u00a0en cam\u00ed. L&#8217;<strong><a href=\"https:\/\/locaacademiafamiliar.com\/author\/eli\/\" target=\"_blank\" rel=\"noopener\">Elisabet<\/a><\/strong> tenia ja dues nenes. Per\u00f2 sobretot, les dues ten\u00edem moltes ganes d&#8217;explicar al m\u00f3n els nostres descobriments com a mares. La maternitat ens havia canviat les vides &#8211;com a tantes altres mares i fam\u00edlies&#8211; i vol\u00edem posar-hi paraules al que est\u00e0vem vivint per ajudar a altres mares i fam\u00edlies a trobar la inspiraci\u00f3 m\u00e9s f\u00e0cilment.<\/p>\n<p>L&#8217;Elisabet \u00e9s llevadora col\u00b7legiada amb un munt d&#8217;experi\u00e8ncia en <a href=\"https:\/\/locaacademiafamiliar.com\/tag\/embarazo\/\" target=\"_blank\" rel=\"noopener\">embar\u00e0s<\/a>, <a href=\"https:\/\/locaacademiafamiliar.com\/tag\/lactancia\/\" target=\"_blank\" rel=\"noopener\">lact\u00e0ncia<\/a> y <a href=\"https:\/\/locaacademiafamiliar.com\/tag\/postparto\/\" target=\"_blank\" rel=\"noopener\">postpart<\/a>. La Roser tenia ja l&#8217;experi\u00e8ncia de ser blogger de viatges durant 10 anys, i ja nom\u00e9s se li acudien escapades amb nens i viatges en fam\u00edlia. Vam unir les nostres motivacions per crear aquesta <strong>Boja Acad\u00e8mia Familiar a la que hi ha apunts lliures d&#8217;\u00fas i est\u00e0 ben vist copiar \ud83d\ude09<\/strong><\/p>\n<p>Vam crear el blog &#8230; i el blog ens va crear tamb\u00e9 a nosaltres! Les nostres hores de\u00a0<a href=\"https:\/\/locaacademiafamiliar.com\/tag\/juegos\/\" target=\"_blank\" rel=\"noopener\">jocs de taula<\/a>\u00a0, <a href=\"https:\/\/locaacademiafamiliar.com\/tag\/excursiones\/\" target=\"_blank\" rel=\"noopener\">excursions<\/a>, <a href=\"https:\/\/locaacademiafamiliar.com\/tag\/viajes\/\" target=\"_blank\" rel=\"noopener\">viatges amb nens<\/a>, <a href=\"https:\/\/locaacademiafamiliar.com\/tag\/recetas\/\" target=\"_blank\" rel=\"noopener\">receptes saludables<\/a>, <a href=\"https:\/\/locaacademiafamiliar.com\/tag\/libros\/\" target=\"_blank\" rel=\"noopener\">contos i llibres de crian\u00e7a<\/a>\u00a0i\u00a0<a href=\"https:\/\/locaacademiafamiliar.com\/tag\/manualidades\/\" target=\"_blank\" rel=\"noopener\">manualitats<\/a> van acabar sent una font d&#8217;inspiraci\u00f3 per publicar al blog els &#8220;experiments&#8221; que millor ens havien funcionat i que recoman\u00e0vem plenament a altres mares.<\/p>\n<p><img data-recalc-dims=\"1\" decoding=\"async\" class=\"size-full wp-image-10137 aligncenter\" src=\"https:\/\/i0.wp.com\/locaacademiafamiliar.com\/wp-content\/uploads\/2021\/04\/mejor-blog-maternidad-espan%CC%83ol.jpeg?resize=1321%2C625&#038;ssl=1\" alt=\"mejor blog maternidad \" width=\"1321\" height=\"625\" srcset=\"https:\/\/i0.wp.com\/locaacademiafamiliar.com\/wp-content\/uploads\/2021\/04\/mejor-blog-maternidad-espan%CC%83ol.jpeg?w=1321&amp;ssl=1 1321w, https:\/\/i0.wp.com\/locaacademiafamiliar.com\/wp-content\/uploads\/2021\/04\/mejor-blog-maternidad-espan%CC%83ol.jpeg?resize=300%2C142&amp;ssl=1 300w, https:\/\/i0.wp.com\/locaacademiafamiliar.com\/wp-content\/uploads\/2021\/04\/mejor-blog-maternidad-espan%CC%83ol.jpeg?resize=768%2C363&amp;ssl=1 768w, https:\/\/i0.wp.com\/locaacademiafamiliar.com\/wp-content\/uploads\/2021\/04\/mejor-blog-maternidad-espan%CC%83ol.jpeg?resize=1024%2C484&amp;ssl=1 1024w\" sizes=\"(max-width: 1000px) 100vw, 1000px\" \/><\/p>\n<p>&nbsp;<\/p>\n<h3>Els articles de maternitat m\u00e9s llegits<\/h3>\n<p>Tot i que els articles sobre\u00a0<a href=\"https:\/\/locaacademiafamiliar.com\/tag\/viajes\/\" target=\"_blank\" rel=\"noopener\"><strong>viatges amb nens<\/strong><\/a>\u00a0i\u00a0<a href=\"https:\/\/locaacademiafamiliar.com\/tag\/manualidades\/\" target=\"_blank\" rel=\"noopener\"><strong>manualitats<\/strong><\/a> solen ser els m\u00e9s buscats i llegits al nostre blog, tamb\u00e9 hem escrit un munt d&#8217;articles per a mares sobre crian\u00e7a, dubtes i maternitat en general.<strong> El nostre objectiu ha estat sempre el d&#8217;explicar la nostra experi\u00e8ncia personal viscuda per tal d&#8217;ajudar altres mares.<\/strong><\/p>\n<p>Si voleu, podeu fer una ullada a alguns dels temes m\u00e9s vistos:<\/p>\n<ul>\n<li><a href=\"https:\/\/locaacademiafamiliar.com\/2018\/montessori-waldorf-reggio-emilia-diferencias-entre-los-metodos-pedagogicos-alternativos\/\" target=\"_blank\" rel=\"noopener\">M\u00e9todos pedag\u00f3gicos alternativos: Montessori, Waldorf Reggio&#8230;?<\/a><\/li>\n<li><a href=\"https:\/\/locaacademiafamiliar.com\/2018\/cuando-ir-a-urgencias-si-estas-embarazada\/\" target=\"_blank\" rel=\"noopener\">Cuando ir a urgencias si est\u00e1s embarazada<\/a><\/li>\n<li><a href=\"https:\/\/locaacademiafamiliar.com\/2018\/depresion-postparto-como-detectarla\/\" target=\"_blank\" rel=\"noopener\">Depresi\u00f3n postparto: c\u00f3mo detectarla<\/a><\/li>\n<li><a href=\"https:\/\/locaacademiafamiliar.com\/2017\/destinos-recomendados-para-una-escapada-con-ninos-pequenos\/\" target=\"_blank\" rel=\"noopener\">Destinos de escapada con beb\u00e9s y ni\u00f1os peque\u00f1os<\/a><\/li>\n<li><a href=\"https:\/\/locaacademiafamiliar.com\/2016\/libros-de-crianza-respetuosa-recomendados\/\" target=\"_blank\" rel=\"noopener\">Los libros de crianza que nos han servido<\/a><\/li>\n<li><a href=\"https:\/\/locaacademiafamiliar.com\/2016\/ni-solo-trozos-ni-solo-pures-nuestra-manera\/\" target=\"_blank\" rel=\"noopener\">Ni solo trozos, ni solo pur\u00e9s. Nuestra manera<\/a><\/li>\n<li><a href=\"https:\/\/locaacademiafamiliar.com\/2017\/5-errores-que-hemos-cometido-como-padres-primerizos\/\" target=\"_blank\" rel=\"noopener\">5 errores que cometimos como padres primerizos<\/a><\/li>\n<li><a href=\"https:\/\/locaacademiafamiliar.com\/2018\/donde-encontrar-ayuda-y-soporte-a-la-lactancia-materna-cuando-hay-o-no-problemas\/\" target=\"_blank\" rel=\"noopener\">D\u00f3nde encontrar ayuda y soporte a la lactancia materna cuando hay un problema<\/a><\/li>\n<li><a href=\"https:\/\/locaacademiafamiliar.com\/2019\/ventajas-del-turno-de-noche\/\" target=\"_blank\" rel=\"noopener\">Carta a las mam\u00e1s que trabajamos en el turno de noche<\/a><\/li>\n<li><a href=\"https:\/\/locaacademiafamiliar.com\/2018\/conversaciones-con-tu-pareja-para-antes-del-parto\/\" target=\"_blank\" rel=\"noopener\">8 Trucos infalibles que todos los padres y madres deber\u00edan conocer<\/a><\/li>\n<\/ul>\n<p>&nbsp;<\/p>\n<h4><strong>1 mili\u00f3 de gr\u00e0cies!<\/strong><\/h4>\n<p>Vam obrir el blog a l&#8217;octubre de 2017 i des de llavors: <strong>hem escrit 423 articles<\/strong> (comptant castell\u00e0 i catal\u00e0) i <strong>s&#8217;han llegit m\u00e9s d&#8217;1 mili\u00f3 de vegades<\/strong>! Aix\u00ed que un mili\u00f3 de gr\u00e0cies a tots vosaltres !!! Gr\u00e0cies per llegir-nos, per donar-nos suport i per confiar en les nostres recomanacions. I un altre mili\u00f3 de gr\u00e0cies a jurat del Blog del Beb\u00e9 per haver-nos seleccionat com a finalistes \ud83d\ude42<\/p>\n<h4 style=\"text-align: center;\"><strong><a href=\"https:\/\/blogdelbebe.com\/premios-blogs-maternidad\/\" target=\"_blank\" rel=\"noopener\">Vota&#8217;ns als Premis Blog Maternitat<\/a>\u00a0<\/strong><\/h4>\n<p>&nbsp;<\/p>\n","protected":false},"excerpt":{"rendered":"<div class=\"mh-excerpt\"><p>Bon\u00edssimes not\u00edcies!!! \ud83d\ude00 Ens fa molt\u00edssima il\u00b7lusi\u00f3 que el jurat de Premis 2021 ens hagi triat com a finalistes del Millor Blog de Maternitat en aquesta nova edici\u00f3. Ole ole!! \u00c9s un ORGULL amb lletres maj\u00fascules rebre aquesta nominaci\u00f3 que ens d\u00f3na ales per continuar escrivint i compartint. <a class=\"mh-excerpt-more\" href=\"https:\/\/locaacademiafamiliar.com\/ca\/2021\/finalistes-premi-millor-blog-de-maternitat\/\" title=\"Ooooooh! Som finalistes al premi Millor Blog de Maternitat\">[&#8230;]<\/a><\/p>\n<\/div>","protected":false},"author":1,"featured_media":10123,"comment_status":"open","ping_status":"open","sticky":false,"template":"","format":"standard","meta":{"_monsterinsights_skip_tracking":false,"_monsterinsights_sitenote_active":false,"_monsterinsights_sitenote_note":"","_monsterinsights_sitenote_category":0,"_jetpack_memberships_contains_paid_content":false,"footnotes":""},"categories":[39],"tags":[55],"class_list":{"0":"post-10140","1":"post","2":"type-post","3":"status-publish","4":"format-standard","5":"has-post-thumbnail","7":"category-hora-del-pati","8":"tag-mares"},"yoast_head":"<!-- This site is optimized with the Yoast SEO plugin v26.8 - https:\/\/yoast.com\/product\/yoast-seo-wordpress\/ -->\n<title>Finalistes al Premi Millor Blog de Maternitat: Loca Academia Familiar<\/title>\n<meta name=\"description\" content=\"El nostre blog en castell\u00e0 i catal\u00e0 Loca Academia Familiar ha estat seleccionat pel blog del Beb\u00e9 com a finalista al Millor Blog Maternitat. Gr\u00e0cies!\" \/>\n<meta name=\"robots\" content=\"index, follow, max-snippet:-1, max-image-preview:large, max-video-preview:-1\" \/>\n<link rel=\"canonical\" href=\"https:\/\/locaacademiafamiliar.com\/ca\/2021\/finalistes-premi-millor-blog-de-maternitat\/\" \/>\n<meta property=\"og:locale\" content=\"ca_ES\" \/>\n<meta property=\"og:type\" content=\"article\" \/>\n<meta property=\"og:title\" content=\"Finalistes al Premi Millor Blog de Maternitat: Loca Academia Familiar\" \/>\n<meta property=\"og:description\" content=\"El nostre blog en castell\u00e0 i catal\u00e0 Loca Academia Familiar ha estat seleccionat pel blog del Beb\u00e9 com a finalista al Millor Blog Maternitat. Gr\u00e0cies!\" \/>\n<meta property=\"og:url\" content=\"https:\/\/locaacademiafamiliar.com\/ca\/2021\/finalistes-premi-millor-blog-de-maternitat\/\" \/>\n<meta property=\"og:site_name\" content=\"Boja Acad\u00e8mia Familiar\" \/>\n<meta property=\"article:publisher\" content=\"https:\/\/www.facebook.com\/LocaAcademiaFamiliar\" \/>\n<meta property=\"article:author\" content=\"http:\/\/www.facebook.com\/locaacademiafamiliar\" \/>\n<meta property=\"article:published_time\" content=\"2021-04-07T14:08:07+00:00\" \/>\n<meta property=\"article:modified_time\" content=\"2021-04-07T14:09:48+00:00\" \/>\n<meta property=\"og:image\" content=\"https:\/\/locaacademiafamiliar.com\/wp-content\/uploads\/2021\/04\/mejores-blog-maternidad.jpeg\" \/>\n\t<meta property=\"og:image:width\" content=\"750\" \/>\n\t<meta property=\"og:image:height\" content=\"368\" \/>\n\t<meta property=\"og:image:type\" content=\"image\/jpeg\" \/>\n<meta name=\"author\" content=\"Roser\" \/>\n<meta name=\"twitter:card\" content=\"summary_large_image\" \/>\n<meta name=\"twitter:label1\" content=\"Escrit per\" \/>\n\t<meta name=\"twitter:data1\" content=\"Roser\" \/>\n\t<meta name=\"twitter:label2\" content=\"Temps estimat de lectura\" \/>\n\t<meta name=\"twitter:data2\" content=\"3 minuts\" \/>\n<script type=\"application\/ld+json\" class=\"yoast-schema-graph\">{\"@context\":\"https:\/\/schema.org\",\"@graph\":[{\"@type\":\"Article\",\"@id\":\"https:\/\/locaacademiafamiliar.com\/ca\/2021\/finalistes-premi-millor-blog-de-maternitat\/#article\",\"isPartOf\":{\"@id\":\"https:\/\/locaacademiafamiliar.com\/ca\/2021\/finalistes-premi-millor-blog-de-maternitat\/\"},\"author\":{\"name\":\"Roser\",\"@id\":\"https:\/\/locaacademiafamiliar.com\/ca\/#\/schema\/person\/c38ddbb3d4c6f37be7c9c57b205fdd2d\"},\"headline\":\"Ooooooh! Som finalistes al premi Millor Blog de Maternitat\",\"datePublished\":\"2021-04-07T14:08:07+00:00\",\"dateModified\":\"2021-04-07T14:09:48+00:00\",\"mainEntityOfPage\":{\"@id\":\"https:\/\/locaacademiafamiliar.com\/ca\/2021\/finalistes-premi-millor-blog-de-maternitat\/\"},\"wordCount\":687,\"commentCount\":0,\"publisher\":{\"@id\":\"https:\/\/locaacademiafamiliar.com\/ca\/#organization\"},\"image\":{\"@id\":\"https:\/\/locaacademiafamiliar.com\/ca\/2021\/finalistes-premi-millor-blog-de-maternitat\/#primaryimage\"},\"thumbnailUrl\":\"https:\/\/i0.wp.com\/locaacademiafamiliar.com\/wp-content\/uploads\/2021\/04\/mejores-blog-maternidad.jpeg?fit=750%2C368&ssl=1\",\"keywords\":[\"Mares\"],\"articleSection\":[\"Hora del Pati\"],\"inLanguage\":\"ca\",\"potentialAction\":[{\"@type\":\"CommentAction\",\"name\":\"Comment\",\"target\":[\"https:\/\/locaacademiafamiliar.com\/ca\/2021\/finalistes-premi-millor-blog-de-maternitat\/#respond\"]}]},{\"@type\":\"WebPage\",\"@id\":\"https:\/\/locaacademiafamiliar.com\/ca\/2021\/finalistes-premi-millor-blog-de-maternitat\/\",\"url\":\"https:\/\/locaacademiafamiliar.com\/ca\/2021\/finalistes-premi-millor-blog-de-maternitat\/\",\"name\":\"Finalistes al Premi Millor Blog de Maternitat: Loca Academia Familiar\",\"isPartOf\":{\"@id\":\"https:\/\/locaacademiafamiliar.com\/ca\/#website\"},\"primaryImageOfPage\":{\"@id\":\"https:\/\/locaacademiafamiliar.com\/ca\/2021\/finalistes-premi-millor-blog-de-maternitat\/#primaryimage\"},\"image\":{\"@id\":\"https:\/\/locaacademiafamiliar.com\/ca\/2021\/finalistes-premi-millor-blog-de-maternitat\/#primaryimage\"},\"thumbnailUrl\":\"https:\/\/i0.wp.com\/locaacademiafamiliar.com\/wp-content\/uploads\/2021\/04\/mejores-blog-maternidad.jpeg?fit=750%2C368&ssl=1\",\"datePublished\":\"2021-04-07T14:08:07+00:00\",\"dateModified\":\"2021-04-07T14:09:48+00:00\",\"description\":\"El nostre blog en castell\u00e0 i catal\u00e0 Loca Academia Familiar ha estat seleccionat pel blog del Beb\u00e9 com a finalista al Millor Blog Maternitat. Gr\u00e0cies!\",\"breadcrumb\":{\"@id\":\"https:\/\/locaacademiafamiliar.com\/ca\/2021\/finalistes-premi-millor-blog-de-maternitat\/#breadcrumb\"},\"inLanguage\":\"ca\",\"potentialAction\":[{\"@type\":\"ReadAction\",\"target\":[\"https:\/\/locaacademiafamiliar.com\/ca\/2021\/finalistes-premi-millor-blog-de-maternitat\/\"]}]},{\"@type\":\"ImageObject\",\"inLanguage\":\"ca\",\"@id\":\"https:\/\/locaacademiafamiliar.com\/ca\/2021\/finalistes-premi-millor-blog-de-maternitat\/#primaryimage\",\"url\":\"https:\/\/i0.wp.com\/locaacademiafamiliar.com\/wp-content\/uploads\/2021\/04\/mejores-blog-maternidad.jpeg?fit=750%2C368&ssl=1\",\"contentUrl\":\"https:\/\/i0.wp.com\/locaacademiafamiliar.com\/wp-content\/uploads\/2021\/04\/mejores-blog-maternidad.jpeg?fit=750%2C368&ssl=1\",\"width\":750,\"height\":368,\"caption\":\"mejores blog maternidad\"},{\"@type\":\"BreadcrumbList\",\"@id\":\"https:\/\/locaacademiafamiliar.com\/ca\/2021\/finalistes-premi-millor-blog-de-maternitat\/#breadcrumb\",\"itemListElement\":[{\"@type\":\"ListItem\",\"position\":1,\"name\":\"Portada\",\"item\":\"https:\/\/locaacademiafamiliar.com\/ca\/\"},{\"@type\":\"ListItem\",\"position\":2,\"name\":\"Ooooooh! Som finalistes al premi Millor Blog de Maternitat\"}]},{\"@type\":\"WebSite\",\"@id\":\"https:\/\/locaacademiafamiliar.com\/ca\/#website\",\"url\":\"https:\/\/locaacademiafamiliar.com\/ca\/\",\"name\":\"Boja Acad\u00e8mia Familiar\",\"description\":\"El blog de crianza con el que pap\u00e1s y mam\u00e1s salen mejor preparados para su rutina familiar diaria\",\"publisher\":{\"@id\":\"https:\/\/locaacademiafamiliar.com\/ca\/#organization\"},\"potentialAction\":[{\"@type\":\"SearchAction\",\"target\":{\"@type\":\"EntryPoint\",\"urlTemplate\":\"https:\/\/locaacademiafamiliar.com\/ca\/?s={search_term_string}\"},\"query-input\":{\"@type\":\"PropertyValueSpecification\",\"valueRequired\":true,\"valueName\":\"search_term_string\"}}],\"inLanguage\":\"ca\"},{\"@type\":\"Organization\",\"@id\":\"https:\/\/locaacademiafamiliar.com\/ca\/#organization\",\"name\":\"LocaAcademiaFamiliar.com\",\"url\":\"https:\/\/locaacademiafamiliar.com\/ca\/\",\"logo\":{\"@type\":\"ImageObject\",\"inLanguage\":\"ca\",\"@id\":\"https:\/\/locaacademiafamiliar.com\/ca\/#\/schema\/logo\/image\/\",\"url\":\"https:\/\/locaacademiafamiliar.com\/wp-content\/uploads\/2020\/01\/logo-loca-academia-familiar.jpg\",\"contentUrl\":\"https:\/\/locaacademiafamiliar.com\/wp-content\/uploads\/2020\/01\/logo-loca-academia-familiar.jpg\",\"width\":960,\"height\":960,\"caption\":\"LocaAcademiaFamiliar.com\"},\"image\":{\"@id\":\"https:\/\/locaacademiafamiliar.com\/ca\/#\/schema\/logo\/image\/\"},\"sameAs\":[\"https:\/\/www.facebook.com\/LocaAcademiaFamiliar\"]},{\"@type\":\"Person\",\"@id\":\"https:\/\/locaacademiafamiliar.com\/ca\/#\/schema\/person\/c38ddbb3d4c6f37be7c9c57b205fdd2d\",\"name\":\"Roser\",\"image\":{\"@type\":\"ImageObject\",\"inLanguage\":\"ca\",\"@id\":\"https:\/\/locaacademiafamiliar.com\/ca\/#\/schema\/person\/image\/\",\"url\":\"https:\/\/secure.gravatar.com\/avatar\/505f69c7969f855daaa0f97fb5b0b6b2?s=96&d=mm&r=g\",\"contentUrl\":\"https:\/\/secure.gravatar.com\/avatar\/505f69c7969f855daaa0f97fb5b0b6b2?s=96&d=mm&r=g\",\"caption\":\"Roser\"},\"description\":\"\u00a1Hola soy Roser! Mam\u00e1 de una ni\u00f1a preciosa y muy movida, nacida en agosto 2015; y de un ni\u00f1o guap\u00edsimo y valiente nacido en octubre 2017. Antes estaba \\\"sempre viaggiando\\\" y ahora estoy siempre jugando, cantando y saltando. Llevo 10 a\u00f1os como blogger de viajes y vivo en Olot, Girona. Si quieres estar informado de los eventos y actividades para familias con ni\u00f1os en Catalunya, haz click aqu\u00ed para apuntarte a nuestra newsletter.\",\"sameAs\":[\"http:\/\/www.locaacademiafamiliar.com\",\"http:\/\/www.facebook.com\/locaacademiafamiliar\"],\"url\":\"https:\/\/locaacademiafamiliar.com\/ca\/author\/roser\/\"}]}<\/script>\n<!-- \/ Yoast SEO plugin. -->","yoast_head_json":{"title":"Finalistes al Premi Millor Blog de Maternitat: Loca Academia Familiar","description":"El nostre blog en castell\u00e0 i catal\u00e0 Loca Academia Familiar ha estat seleccionat pel blog del Beb\u00e9 com a finalista al Millor Blog Maternitat. Gr\u00e0cies!","robots":{"index":"index","follow":"follow","max-snippet":"max-snippet:-1","max-image-preview":"max-image-preview:large","max-video-preview":"max-video-preview:-1"},"canonical":"https:\/\/locaacademiafamiliar.com\/ca\/2021\/finalistes-premi-millor-blog-de-maternitat\/","og_locale":"ca_ES","og_type":"article","og_title":"Finalistes al Premi Millor Blog de Maternitat: Loca Academia Familiar","og_description":"El nostre blog en castell\u00e0 i catal\u00e0 Loca Academia Familiar ha estat seleccionat pel blog del Beb\u00e9 com a finalista al Millor Blog Maternitat. Gr\u00e0cies!","og_url":"https:\/\/locaacademiafamiliar.com\/ca\/2021\/finalistes-premi-millor-blog-de-maternitat\/","og_site_name":"Boja Acad\u00e8mia Familiar","article_publisher":"https:\/\/www.facebook.com\/LocaAcademiaFamiliar","article_author":"http:\/\/www.facebook.com\/locaacademiafamiliar","article_published_time":"2021-04-07T14:08:07+00:00","article_modified_time":"2021-04-07T14:09:48+00:00","og_image":[{"width":750,"height":368,"url":"https:\/\/locaacademiafamiliar.com\/wp-content\/uploads\/2021\/04\/mejores-blog-maternidad.jpeg","type":"image\/jpeg"}],"author":"Roser","twitter_card":"summary_large_image","twitter_misc":{"Escrit per":"Roser","Temps estimat de lectura":"3 minuts"},"schema":{"@context":"https:\/\/schema.org","@graph":[{"@type":"Article","@id":"https:\/\/locaacademiafamiliar.com\/ca\/2021\/finalistes-premi-millor-blog-de-maternitat\/#article","isPartOf":{"@id":"https:\/\/locaacademiafamiliar.com\/ca\/2021\/finalistes-premi-millor-blog-de-maternitat\/"},"author":{"name":"Roser","@id":"https:\/\/locaacademiafamiliar.com\/ca\/#\/schema\/person\/c38ddbb3d4c6f37be7c9c57b205fdd2d"},"headline":"Ooooooh! Som finalistes al premi Millor Blog de Maternitat","datePublished":"2021-04-07T14:08:07+00:00","dateModified":"2021-04-07T14:09:48+00:00","mainEntityOfPage":{"@id":"https:\/\/locaacademiafamiliar.com\/ca\/2021\/finalistes-premi-millor-blog-de-maternitat\/"},"wordCount":687,"commentCount":0,"publisher":{"@id":"https:\/\/locaacademiafamiliar.com\/ca\/#organization"},"image":{"@id":"https:\/\/locaacademiafamiliar.com\/ca\/2021\/finalistes-premi-millor-blog-de-maternitat\/#primaryimage"},"thumbnailUrl":"https:\/\/i0.wp.com\/locaacademiafamiliar.com\/wp-content\/uploads\/2021\/04\/mejores-blog-maternidad.jpeg?fit=750%2C368&ssl=1","keywords":["Mares"],"articleSection":["Hora del Pati"],"inLanguage":"ca","potentialAction":[{"@type":"CommentAction","name":"Comment","target":["https:\/\/locaacademiafamiliar.com\/ca\/2021\/finalistes-premi-millor-blog-de-maternitat\/#respond"]}]},{"@type":"WebPage","@id":"https:\/\/locaacademiafamiliar.com\/ca\/2021\/finalistes-premi-millor-blog-de-maternitat\/","url":"https:\/\/locaacademiafamiliar.com\/ca\/2021\/finalistes-premi-millor-blog-de-maternitat\/","name":"Finalistes al Premi Millor Blog de Maternitat: Loca Academia Familiar","isPartOf":{"@id":"https:\/\/locaacademiafamiliar.com\/ca\/#website"},"primaryImageOfPage":{"@id":"https:\/\/locaacademiafamiliar.com\/ca\/2021\/finalistes-premi-millor-blog-de-maternitat\/#primaryimage"},"image":{"@id":"https:\/\/locaacademiafamiliar.com\/ca\/2021\/finalistes-premi-millor-blog-de-maternitat\/#primaryimage"},"thumbnailUrl":"https:\/\/i0.wp.com\/locaacademiafamiliar.com\/wp-content\/uploads\/2021\/04\/mejores-blog-maternidad.jpeg?fit=750%2C368&ssl=1","datePublished":"2021-04-07T14:08:07+00:00","dateModified":"2021-04-07T14:09:48+00:00","description":"El nostre blog en castell\u00e0 i catal\u00e0 Loca Academia Familiar ha estat seleccionat pel blog del Beb\u00e9 com a finalista al Millor Blog Maternitat. Gr\u00e0cies!","breadcrumb":{"@id":"https:\/\/locaacademiafamiliar.com\/ca\/2021\/finalistes-premi-millor-blog-de-maternitat\/#breadcrumb"},"inLanguage":"ca","potentialAction":[{"@type":"ReadAction","target":["https:\/\/locaacademiafamiliar.com\/ca\/2021\/finalistes-premi-millor-blog-de-maternitat\/"]}]},{"@type":"ImageObject","inLanguage":"ca","@id":"https:\/\/locaacademiafamiliar.com\/ca\/2021\/finalistes-premi-millor-blog-de-maternitat\/#primaryimage","url":"https:\/\/i0.wp.com\/locaacademiafamiliar.com\/wp-content\/uploads\/2021\/04\/mejores-blog-maternidad.jpeg?fit=750%2C368&ssl=1","contentUrl":"https:\/\/i0.wp.com\/locaacademiafamiliar.com\/wp-content\/uploads\/2021\/04\/mejores-blog-maternidad.jpeg?fit=750%2C368&ssl=1","width":750,"height":368,"caption":"mejores blog maternidad"},{"@type":"BreadcrumbList","@id":"https:\/\/locaacademiafamiliar.com\/ca\/2021\/finalistes-premi-millor-blog-de-maternitat\/#breadcrumb","itemListElement":[{"@type":"ListItem","position":1,"name":"Portada","item":"https:\/\/locaacademiafamiliar.com\/ca\/"},{"@type":"ListItem","position":2,"name":"Ooooooh! Som finalistes al premi Millor Blog de Maternitat"}]},{"@type":"WebSite","@id":"https:\/\/locaacademiafamiliar.com\/ca\/#website","url":"https:\/\/locaacademiafamiliar.com\/ca\/","name":"Boja Acad\u00e8mia Familiar","description":"El blog de crianza con el que pap\u00e1s y mam\u00e1s salen mejor preparados para su rutina familiar diaria","publisher":{"@id":"https:\/\/locaacademiafamiliar.com\/ca\/#organization"},"potentialAction":[{"@type":"SearchAction","target":{"@type":"EntryPoint","urlTemplate":"https:\/\/locaacademiafamiliar.com\/ca\/?s={search_term_string}"},"query-input":{"@type":"PropertyValueSpecification","valueRequired":true,"valueName":"search_term_string"}}],"inLanguage":"ca"},{"@type":"Organization","@id":"https:\/\/locaacademiafamiliar.com\/ca\/#organization","name":"LocaAcademiaFamiliar.com","url":"https:\/\/locaacademiafamiliar.com\/ca\/","logo":{"@type":"ImageObject","inLanguage":"ca","@id":"https:\/\/locaacademiafamiliar.com\/ca\/#\/schema\/logo\/image\/","url":"https:\/\/locaacademiafamiliar.com\/wp-content\/uploads\/2020\/01\/logo-loca-academia-familiar.jpg","contentUrl":"https:\/\/locaacademiafamiliar.com\/wp-content\/uploads\/2020\/01\/logo-loca-academia-familiar.jpg","width":960,"height":960,"caption":"LocaAcademiaFamiliar.com"},"image":{"@id":"https:\/\/locaacademiafamiliar.com\/ca\/#\/schema\/logo\/image\/"},"sameAs":["https:\/\/www.facebook.com\/LocaAcademiaFamiliar"]},{"@type":"Person","@id":"https:\/\/locaacademiafamiliar.com\/ca\/#\/schema\/person\/c38ddbb3d4c6f37be7c9c57b205fdd2d","name":"Roser","image":{"@type":"ImageObject","inLanguage":"ca","@id":"https:\/\/locaacademiafamiliar.com\/ca\/#\/schema\/person\/image\/","url":"https:\/\/secure.gravatar.com\/avatar\/505f69c7969f855daaa0f97fb5b0b6b2?s=96&d=mm&r=g","contentUrl":"https:\/\/secure.gravatar.com\/avatar\/505f69c7969f855daaa0f97fb5b0b6b2?s=96&d=mm&r=g","caption":"Roser"},"description":"\u00a1Hola soy Roser! Mam\u00e1 de una ni\u00f1a preciosa y muy movida, nacida en agosto 2015; y de un ni\u00f1o guap\u00edsimo y valiente nacido en octubre 2017. Antes estaba \"sempre viaggiando\" y ahora estoy siempre jugando, cantando y saltando. Llevo 10 a\u00f1os como blogger de viajes y vivo en Olot, Girona. Si quieres estar informado de los eventos y actividades para familias con ni\u00f1os en Catalunya, haz click aqu\u00ed para apuntarte a nuestra newsletter.","sameAs":["http:\/\/www.locaacademiafamiliar.com","http:\/\/www.facebook.com\/locaacademiafamiliar"],"url":"https:\/\/locaacademiafamiliar.com\/ca\/author\/roser\/"}]}},"jetpack_featured_media_url":"https:\/\/i0.wp.com\/locaacademiafamiliar.com\/wp-content\/uploads\/2021\/04\/mejores-blog-maternidad.jpeg?fit=750%2C368&ssl=1","jetpack_sharing_enabled":true,"amp_enabled":true,"_links":{"self":[{"href":"https:\/\/locaacademiafamiliar.com\/ca\/wp-json\/wp\/v2\/posts\/10140","targetHints":{"allow":["GET"]}}],"collection":[{"href":"https:\/\/locaacademiafamiliar.com\/ca\/wp-json\/wp\/v2\/posts"}],"about":[{"href":"https:\/\/locaacademiafamiliar.com\/ca\/wp-json\/wp\/v2\/types\/post"}],"author":[{"embeddable":true,"href":"https:\/\/locaacademiafamiliar.com\/ca\/wp-json\/wp\/v2\/users\/1"}],"replies":[{"embeddable":true,"href":"https:\/\/locaacademiafamiliar.com\/ca\/wp-json\/wp\/v2\/comments?post=10140"}],"version-history":[{"count":0,"href":"https:\/\/locaacademiafamiliar.com\/ca\/wp-json\/wp\/v2\/posts\/10140\/revisions"}],"wp:featuredmedia":[{"embeddable":true,"href":"https:\/\/locaacademiafamiliar.com\/ca\/wp-json\/wp\/v2\/media\/10123"}],"wp:attachment":[{"href":"https:\/\/locaacademiafamiliar.com\/ca\/wp-json\/wp\/v2\/media?parent=10140"}],"wp:term":[{"taxonomy":"category","embeddable":true,"href":"https:\/\/locaacademiafamiliar.com\/ca\/wp-json\/wp\/v2\/categories?post=10140"},{"taxonomy":"post_tag","embeddable":true,"href":"https:\/\/locaacademiafamiliar.com\/ca\/wp-json\/wp\/v2\/tags?post=10140"}],"curies":[{"name":"wp","href":"https:\/\/api.w.org\/{rel}","templated":true}]}}