{"id":10713,"date":"2022-05-17T20:45:14","date_gmt":"2022-05-17T20:45:14","guid":{"rendered":"https:\/\/locaacademiafamiliar.com\/?p=10713"},"modified":"2022-05-17T20:46:37","modified_gmt":"2022-05-17T20:46:37","slug":"viatge-en-tren-nocturn-a-paris-la-nostra-experiencia","status":"publish","type":"post","link":"https:\/\/locaacademiafamiliar.com\/ca\/2022\/viatge-en-tren-nocturn-a-paris-la-nostra-experiencia\/","title":{"rendered":"Viatge en tren nocturn a Par\u00eds &#8211; La nostra experi\u00e8ncia"},"content":{"rendered":"<p><strong>Per Setmana Santa vam anar a Par\u00eds amb nens&#8230; en tren nocturn!!!<\/strong> Quina experi\u00e8ncia! \ud83d\ude00 En aquest article us explico com ens va anar a nosaltres i quins consells us podem donar si teniu pensat <strong>viatjar a Par\u00eds en tren de nit (dormint al tren).<\/strong> <em>Spoiler<\/em>: als meus fills de 6 i 4 anys ELS HI VA ENCANTAR! Tant, que en el viatge de tornada (vam tornar en un AVE de dia fins a Figueres) es queixaven perqu\u00e8 no havien pogut dormir en aquell tren;)<\/p>\n<p>&nbsp;<\/p>\n<h3>On s&#8217;agafa el tren nocturn a Par\u00eds?<\/h3>\n<p><strong>El tren surt de Latour de Carol, Fran\u00e7a i despr\u00e9s passa per Perpiny\u00e0<\/strong>\u00a0(per dir-vos una ciutat gran propera). Vivim a Olot i, per aix\u00f2, no ens va representar cap problema anar fins a Perpiny\u00e0. Vam deixar all\u00e0 el cotxe aparcat (us ho explico m\u00e9s avall) i vam carregar 2 maletes grans al tren.<\/p>\n<p>Podeu comprar els bitllets en l\u00ednia a trav\u00e9s <strong>del web franc\u00e8s de <a href=\"https:\/\/www.sncf-connect.com\/\" target=\"_blank\" rel=\"noopener\">SNCF connect<\/a><\/strong> (SNCF \u00e9s el nom oficial, com la &#8220;Renfe&#8221;)<\/p>\n<p>&nbsp;<\/p>\n<h3>Com es dorm al tren nocturn a Par\u00eds? \u00c9s c\u00f2mode?<\/h3>\n<p>Tens l&#8217;opci\u00f3 de <strong>reservar<\/strong> <strong>butaca<\/strong> (s\u00f3n reclinables) &#8230;<strong>o b\u00e9 reservar llit en un compartiment\u00a0&#8211;&gt; aquest tiquet es diu &#8220;couchette&#8221;.<\/strong><\/p>\n<p><strong>El &#8220;couchette&#8221; d\u00f3na opci\u00f3 a un llit en una cabina.<\/strong> S\u00f3n cabines de 6 persones\/llits, amb <strong>lliteres triples:<\/strong> \u00e9s a dir, 3 llits verticals a un costat i 3 a l&#8217;altre. Les cabines solen ser compartides i \u00e9s gent que viatja sola i comparteix cabina amb altres viatgers.<\/p>\n<p><strong>Hi ha una opci\u00f3 que \u00e9s bloquejar la cabina per a tu\/la teva fam\u00edlia<\/strong>. En aquest cas, nosaltres vam pagar 40\u20ac m\u00e9s i vam tenir una cabina de 6 per a nosaltres 4 sols. Aix\u00ed, ten\u00edem m\u00e9s espai, est\u00e0vem m\u00e9s a gust i no molest\u00e0vem a ning\u00fa (perqu\u00e8 us podeu imaginar que els nens van estar pujant i baixant de les lliteres 40mil vegades durant la primera hora de viatge, per l&#8217;emoci\u00f3 que portaven! jaja). Us recomano molt reservar la cabina per a vosaltres si aneu amb nens.<\/p>\n<p><img data-recalc-dims=\"1\" decoding=\"async\" class=\"size-full wp-image-10703 aligncenter\" src=\"https:\/\/i0.wp.com\/locaacademiafamiliar.com\/wp-content\/uploads\/2022\/05\/tren-paris-nocturno-viaje-con-nin%CC%83os-2.jpeg?resize=750%2C1000&#038;ssl=1\" alt=\"tren paris nocturno viaje con nin\u0303os 2\" width=\"750\" height=\"1000\" srcset=\"https:\/\/i0.wp.com\/locaacademiafamiliar.com\/wp-content\/uploads\/2022\/05\/tren-paris-nocturno-viaje-con-nin%CC%83os-2.jpeg?w=750&amp;ssl=1 750w, https:\/\/i0.wp.com\/locaacademiafamiliar.com\/wp-content\/uploads\/2022\/05\/tren-paris-nocturno-viaje-con-nin%CC%83os-2.jpeg?resize=225%2C300&amp;ssl=1 225w, https:\/\/i0.wp.com\/locaacademiafamiliar.com\/wp-content\/uploads\/2022\/05\/tren-paris-nocturno-viaje-con-nin%CC%83os-2.jpeg?resize=768%2C1024&amp;ssl=1 768w\" sizes=\"(max-width: 750px) 100vw, 750px\" \/><\/p>\n<h3><\/h3>\n<h3><strong>Es mou molt el tren? \u00c9s c\u00f2mode per dormir-hi?<\/strong><\/h3>\n<p><strong>Doncs la veritat \u00e9s que \u00e9s m\u00e9s c\u00f2mode del que pens\u00e0vem<\/strong> \ud83d\ude42 La meva filla de 6 anys va dormir tota la nit seguida sense problemes. El meu fill de 4 es va despertar una vegada enmig de la nit (com habitualment) i li va costar una estoneta tornar a reprendre el son perqu\u00e8 va veure que el tren es movia i que no era &#8220;a casa&#8221;. Per\u00f2 dormint al seu costat es va quedar tranquil.<\/p>\n<p>Jo, en canvi, no vaig dormir-hi gaire b\u00e9 perqu\u00e8 estava pendent dels nens i una mica nerviosa. Si sou dels que dormiu a qualsevol lloc (als autocars o al cotxe, per exemple) no us costar\u00e0 gens, no us amoineu \ud83d\ude1b<\/p>\n<p>El tren va a uns 120km\/h aix\u00ed que podeu imaginar que de moure&#8217;s, es mou. <strong>Quan va recte o a poc a poc amb prou feines es nota; per\u00f2 si hi ha corbes o pujades\/baixades, la in\u00e8rcia del tren es nota una mica<\/strong>. Consell: si dormiu amb el cap al costat de la porta estareu m\u00e9s a prop del &#8220;centre del tren&#8221; i notareu menys la in\u00e8rcia (pel contrari, si dormiu amb el cap al costat de la finestra la notareu m\u00e9s).<\/p>\n<p>L&#8217;endem\u00e0, el meu marit i jo encara not\u00e0vem encara una mica la in\u00e8rcia del tren quan est\u00e0vem aturats drets (com si estigu\u00e9ssim encara en moviment; per\u00f2 en mig dia se&#8217;ns va passar; els nens, tan <em>panxos<\/em>, no van notar res de res).<\/p>\n<p><strong>Hi ha molt poc soroll. \u00c9s un tren molt silenci\u00f3s<\/strong> i de fet al vag\u00f3 es respectava molt el silenci. Us diria que de 20h a 22h nosaltres vam ser els m\u00e9s &#8220;sorollosos&#8221; amb les criatures pujant i baixant i anant al lavabo i altres.<\/p>\n<p>&nbsp;<\/p>\n<h3>Fa parades durant la nit?<\/h3>\n<p>Vam fer parades per\u00f2 totes van ser<strong> abans de mitjanit<\/strong>. \u00c9s a dir que hi va haver gran part del viatge en qu\u00e8 el tren no va parar.<\/p>\n<p>Vam pujar cap a les 20h a Perpiny\u00e0\u00a0i vam fer 4-5 parades (una cada mitja hora aprox). Despr\u00e9s, el tren va anar directe a Par\u00eds, arribant a les 7h del mat\u00ed puntual. <strong>Durant la nit hi ha molt de silenci<\/strong>. L&#8217;\u00fanica cosa que es nota \u00e9s la in\u00e8rcia del tren i ja est\u00e0.<\/p>\n<p>&nbsp;<\/p>\n<h3>Com s\u00f3n les lliteres?<\/h3>\n<p>S\u00f3n matalassos durs per\u00f2 c\u00f2modes \ud83d\ude42 <strong>S\u00f3n lliteres de 3<\/strong>. En fer la reserva et permet triar si vols dormir al llit inferior, la del mig o la superior. I en el cas de reservar cabina sencera, \u00f2bviament no cal \ud83d\ude42<\/p>\n<p><strong>Per als nens petits podeu demanar una xarxa perqu\u00e8 no caiguin del llit.<\/strong> <strong>Nosaltres la vam demanar directament al revisor del tren<\/strong> (una vegada ja esteu al tren en marxa). La xarxa es col\u00b7loca amb uns ganxos que hi ha a les lliteres i queden ben tensats, com si fos una barrera: funciona b\u00e9 per aguantar les criatures. Crec que nom\u00e9s es poden fer servir a la llitera del mig. Ho veureu a la foto que vaig fer.<\/p>\n<p><strong>La llitera inferior est\u00e0 a un pam del terra<\/strong>, aix\u00ed que tamb\u00e9 \u00e9s una opci\u00f3 si ho veieu clar i s\u00f3n nens m\u00e9s grans que ja no cauen del llit. La llitera de dalt la desaconsello per a nens, perqu\u00e8 \u00e9s for\u00e7a alta &#8211; cal pujar amb escala i, a m\u00e9s, a dalt el moviment del tren es nota m\u00e9s.<\/p>\n<p><img data-recalc-dims=\"1\" decoding=\"async\" class=\"size-full wp-image-10705 aligncenter\" src=\"https:\/\/i0.wp.com\/locaacademiafamiliar.com\/wp-content\/uploads\/2022\/05\/tren-paris-nocturno-viaje-con-nin%CC%83os.jpeg?resize=1200%2C900&#038;ssl=1\" alt=\"tren paris nocturno viaje con nin\u0303os\" width=\"1200\" height=\"900\" srcset=\"https:\/\/i0.wp.com\/locaacademiafamiliar.com\/wp-content\/uploads\/2022\/05\/tren-paris-nocturno-viaje-con-nin%CC%83os.jpeg?w=1200&amp;ssl=1 1200w, https:\/\/i0.wp.com\/locaacademiafamiliar.com\/wp-content\/uploads\/2022\/05\/tren-paris-nocturno-viaje-con-nin%CC%83os.jpeg?resize=300%2C225&amp;ssl=1 300w, https:\/\/i0.wp.com\/locaacademiafamiliar.com\/wp-content\/uploads\/2022\/05\/tren-paris-nocturno-viaje-con-nin%CC%83os.jpeg?resize=768%2C576&amp;ssl=1 768w, https:\/\/i0.wp.com\/locaacademiafamiliar.com\/wp-content\/uploads\/2022\/05\/tren-paris-nocturno-viaje-con-nin%CC%83os.jpeg?resize=1024%2C768&amp;ssl=1 1024w, https:\/\/i0.wp.com\/locaacademiafamiliar.com\/wp-content\/uploads\/2022\/05\/tren-paris-nocturno-viaje-con-nin%CC%83os.jpeg?resize=678%2C509&amp;ssl=1 678w, https:\/\/i0.wp.com\/locaacademiafamiliar.com\/wp-content\/uploads\/2022\/05\/tren-paris-nocturno-viaje-con-nin%CC%83os.jpeg?resize=326%2C245&amp;ssl=1 326w, https:\/\/i0.wp.com\/locaacademiafamiliar.com\/wp-content\/uploads\/2022\/05\/tren-paris-nocturno-viaje-con-nin%CC%83os.jpeg?resize=80%2C60&amp;ssl=1 80w\" sizes=\"(max-width: 1000px) 100vw, 1000px\" \/><\/p>\n<p>&nbsp;<\/p>\n<h3>Qu\u00e8 hi ha a cada cabina \/ camarot?<\/h3>\n<p>A cada llit trobareu <strong>un coix\u00ed, un llen\u00e7ol de sota i un llen\u00e7ol\/cobrellit<\/strong>. <strong>Tot estava SUPER net.<\/strong> Van en un paquet embolicat, com si vinguessin de la bugaderia i despr\u00e9s tu mateix\/a et fas el llit.<\/p>\n<p>Hi ha com a <em>goodies<\/em>\u00a0d&#8217;higiene personal com a detall de benvinguda \ud83d\ude42 Va ser una sorpresa i als meus fills els hi va encantar veure tants detallets. Hi ha un &#8220;paquet de regalets&#8221; per cada llit. Cada paquet inclou: mocadors, tovalloleta humida per refrescar-se, pasta de dents s\u00f2lida, ampolla d&#8217;aigua, taps per a les orelles, una m\u00e0scara per dormir&#8230; I no recordo si alguna cosa m\u00e9s \u00bf?<\/p>\n<p><strong>A m\u00e9s, cada llit t\u00e9 la seva llum individual per llegir i un endoll per carregar m\u00f2bil.<\/strong><br \/>\nLes cabines es tanquen per dins amb una balda. Hi ha dos lavabos (compartits, \u00e9s clar) al vag\u00f3.<\/p>\n<p>A la nit, amb els llums tancats de la cabina, queda for\u00e7a a les fosques per dormir-hi (hi ha tamb\u00e9 una cortina tipus <em>store<\/em> opaca). Hi havia una llumeta que vam tapar amb un jersei perqu\u00e8 estigu\u00e9s encara m\u00e9s a les fosques i no molest\u00e9s els petits.<\/p>\n<p><img data-recalc-dims=\"1\" decoding=\"async\" class=\"size-full wp-image-10699 aligncenter\" src=\"https:\/\/i0.wp.com\/locaacademiafamiliar.com\/wp-content\/uploads\/2022\/05\/kit-voyage-sncf-paris-tren-nocturno.jpeg?resize=1200%2C900&#038;ssl=1\" alt=\"kit voyage sncf paris tren nocturno\" width=\"1200\" height=\"900\" srcset=\"https:\/\/i0.wp.com\/locaacademiafamiliar.com\/wp-content\/uploads\/2022\/05\/kit-voyage-sncf-paris-tren-nocturno.jpeg?w=1200&amp;ssl=1 1200w, https:\/\/i0.wp.com\/locaacademiafamiliar.com\/wp-content\/uploads\/2022\/05\/kit-voyage-sncf-paris-tren-nocturno.jpeg?resize=300%2C225&amp;ssl=1 300w, https:\/\/i0.wp.com\/locaacademiafamiliar.com\/wp-content\/uploads\/2022\/05\/kit-voyage-sncf-paris-tren-nocturno.jpeg?resize=768%2C576&amp;ssl=1 768w, https:\/\/i0.wp.com\/locaacademiafamiliar.com\/wp-content\/uploads\/2022\/05\/kit-voyage-sncf-paris-tren-nocturno.jpeg?resize=1024%2C768&amp;ssl=1 1024w, https:\/\/i0.wp.com\/locaacademiafamiliar.com\/wp-content\/uploads\/2022\/05\/kit-voyage-sncf-paris-tren-nocturno.jpeg?resize=678%2C509&amp;ssl=1 678w, https:\/\/i0.wp.com\/locaacademiafamiliar.com\/wp-content\/uploads\/2022\/05\/kit-voyage-sncf-paris-tren-nocturno.jpeg?resize=326%2C245&amp;ssl=1 326w, https:\/\/i0.wp.com\/locaacademiafamiliar.com\/wp-content\/uploads\/2022\/05\/kit-voyage-sncf-paris-tren-nocturno.jpeg?resize=80%2C60&amp;ssl=1 80w\" sizes=\"(max-width: 1000px) 100vw, 1000px\" \/><\/p>\n<p>&nbsp;<\/p>\n<h3>Alguna recomanaci\u00f3 o consell per fer el viatge en tren de nit fins a Par\u00eds?<\/h3>\n<p>La meva recomanaci\u00f3 \u00e9s que us<strong> abrigueu una mica per dormir (sobretot els petits)<\/strong> perqu\u00e8 no \u00e9s una manta gruixuda. Tot i que la veritat \u00e9s que NO vam passar fred. De fet, crec recordar que fins i tot hi havia la calefacci\u00f3 posada (Setmana Santa, finals de mar\u00e7). Per\u00f2 per si de cas, millor portar un pijama gruixut.<\/p>\n<p><strong>Una altra cosa: hi ha molt poc espai a la cabina;<\/strong> tingueu-ho en compte. Nosaltres vam deixar les maletes en un dels llits que no f\u00e9iem servir i a terra (aix\u00ed tamb\u00e9 servien com a &#8220;matal\u00e0s&#8221; per si algun nen queia per accident &#8211; com veieu, em feia for\u00e7a por aix\u00f2 de dormir a les lliteres del tren).<\/p>\n<p>Per la manca despai \u00e9s molt dif\u00edcil anar obrint i tancant maletes. Per aix\u00f2, <strong>un bon consell \u00e9s que porteu una motxilla amb els pijames, coses d&#8217;higiene i una muda o el que necessiteu b\u00e0sic per passar aquella nit.<\/strong><\/p>\n<p>I en el nostre cas, <strong>vam sopar abans de pujar al tren<\/strong>. I la veritat \u00e9s que millor aix\u00ed. Perqu\u00e8 amb el poc espai que hi ha, no pots estar c\u00f2modament assegut (est\u00e0 dissenyat per estar estirat) i aix\u00ed tampoc f\u00e9iem gaires molles. Tamb\u00e9 ens vam endur alguns <em>snacks<\/em> per si despr\u00e9s tenien gana i per poder passar el mat\u00ed seg\u00fcent sense la urg\u00e8ncia d&#8217;haver de buscar una cafeteria (que ens va costar perqu\u00e8 l&#8217;estaci\u00f3 d&#8217;Austerlitz estava en obres i no hi havia res per menjar! I a les 7 del mat\u00ed hi havia molt pocs bars oberts).<\/p>\n<p><strong>Estudieu l&#8217;opci\u00f3 d&#8217;arribar i agafar un taxi<\/strong>. En el nostre cas no ho vam fer perqu\u00e8 arrib\u00e0vem f\u00e0cilment amb RER des de la Gare de Li\u00f3 (just davant d&#8217;Austerlitz), per\u00f2 segons on aneu, una bona opci\u00f3 \u00e9s anar-hi amb taxi. A m\u00e9s, el metro a Par\u00eds t\u00e9 molt poques estacions amb escales mec\u00e0niques i amb les maletes \u00e9s un rotllo.<\/p>\n<p><img data-recalc-dims=\"1\" decoding=\"async\" class=\"size-full wp-image-10697 aligncenter\" src=\"https:\/\/i0.wp.com\/locaacademiafamiliar.com\/wp-content\/uploads\/2022\/05\/estacion-perpignan-tren.jpeg?resize=1200%2C900&#038;ssl=1\" alt=\"estacion perpignan tren\" width=\"1200\" height=\"900\" srcset=\"https:\/\/i0.wp.com\/locaacademiafamiliar.com\/wp-content\/uploads\/2022\/05\/estacion-perpignan-tren.jpeg?w=1200&amp;ssl=1 1200w, https:\/\/i0.wp.com\/locaacademiafamiliar.com\/wp-content\/uploads\/2022\/05\/estacion-perpignan-tren.jpeg?resize=300%2C225&amp;ssl=1 300w, https:\/\/i0.wp.com\/locaacademiafamiliar.com\/wp-content\/uploads\/2022\/05\/estacion-perpignan-tren.jpeg?resize=768%2C576&amp;ssl=1 768w, https:\/\/i0.wp.com\/locaacademiafamiliar.com\/wp-content\/uploads\/2022\/05\/estacion-perpignan-tren.jpeg?resize=1024%2C768&amp;ssl=1 1024w, https:\/\/i0.wp.com\/locaacademiafamiliar.com\/wp-content\/uploads\/2022\/05\/estacion-perpignan-tren.jpeg?resize=678%2C509&amp;ssl=1 678w, https:\/\/i0.wp.com\/locaacademiafamiliar.com\/wp-content\/uploads\/2022\/05\/estacion-perpignan-tren.jpeg?resize=326%2C245&amp;ssl=1 326w, https:\/\/i0.wp.com\/locaacademiafamiliar.com\/wp-content\/uploads\/2022\/05\/estacion-perpignan-tren.jpeg?resize=80%2C60&amp;ssl=1 80w\" sizes=\"(max-width: 1000px) 100vw, 1000px\" \/><\/p>\n<p>&nbsp;<\/p>\n<h3><strong>On aparcar el cotxe a Perpiny\u00e0 (parking prop del tren)<\/strong><\/h3>\n<p>Com us deia, nosaltres vam anar a <strong>Perpiny\u00e0<\/strong> &#8211; vivim a nom\u00e9s 1h15m. <strong>L&#8217;estaci\u00f3 de tren est\u00e0 situada en un centre comercial amb p\u00e0rquing incl\u00f2s:<\/strong> tot al mateix edifici \ud83d\ude42 Es diu &#8220;Centre del m\u00f3n&#8221;. Brutal el nom, oi? \ud83d\ude00<\/p>\n<p><strong>Vam deixar el cotxe aparcat 1 setmana per 100\u20ac.<\/strong>\u00a0Vam reservar pla\u00e7a (i pagar&#8211;la) per avan\u00e7at a trav\u00e9s de la <strong><a href=\"https:\/\/www.effia.com\/\" target=\"_blank\" rel=\"noopener\">p\u00e0gina web d&#8217;EFFIA<\/a>.\u00a0<\/strong>\u00a0Un cop arribes, introdueixes a la m\u00e0quina el codi i t&#8217;entreguen un tiquet d&#8217;entrada amb la data i l&#8217;hora. Aix\u00ed de f\u00e0cil. A la sortida, si es correspon amb la durada que has pagat, no hi ha res m\u00e9s que abonar (si no, imagino que pots abonar la difer\u00e8ncia a les m\u00e0quines de pagament habituals amb el teu tiquet d&#8217;entrada).<\/p>\n<p>Al centre comercial teniu 3-4 llocs per menkar just davant de la porta de l&#8217;estaci\u00f3.<br \/>\nVam tornar un diumenge i, tot i ser festiu, vam tenir la sort que<strong> l&#8217;hamburgueseria BCHEF<\/strong> estava oberta (tenen men\u00fa infantil per si us interessa).<\/p>\n<h3><strong>Repetir\u00edem?<\/strong><\/h3>\n<p><strong>S\u00ed, sens dubte! \u00c9s genial per poder aprofitar la nit per viatjar.<\/strong><\/p>\n<p>Tot i que si us dic la veritat al mat\u00ed seg\u00fcent no est\u00e0vem al 100% ni de bon tros. Vam arribar a les 7 del mat\u00ed a Par\u00eds (vam haver de despertar-nos a les 6.45) i vam estar una mica cansats el primer dia, aix\u00ed que ens vam quedar al nostre apartament d&#8217;intercanvi de cases per reposar forces tot el mat\u00ed. Despr\u00e9s, a les 3 de la tarda ja vam poder sortir a passejar amb energia \ud83d\ude42<\/p>\n<p><strong>Ens va semblar una forma fenomenal de viatjar amb nens<\/strong>, la veritat. A m\u00e9s, \u00e9s m\u00e9s sotenible que l&#8217;avi\u00f3 i permet carregar maletes sense l\u00edmit de pes \ud83d\ude42 Per no dir que no hi ha tanta angoixa amb el checkin!<\/p>\n<p>Se&#8217;ns ha obert amb aquest viatge la possibilitat d&#8217;anar m\u00e9s lluny (Alemanya, Holanda, \u00c0ustria&#8230;) amb trens nocturns + trens di\u00fcrns.<\/p>\n","protected":false},"excerpt":{"rendered":"<div class=\"mh-excerpt\"><p>Per Setmana Santa vam anar a Par\u00eds amb nens&#8230; en tren nocturn!!! Quina experi\u00e8ncia! \ud83d\ude00 En aquest article us explico com ens va anar a nosaltres i quins consells us podem donar si teniu pensat viatjar a Par\u00eds en tren de nit (dormint al tren). Spoiler: als meus fills de 6 i 4 anys ELS HI VA ENCANTAR! Tant, que <a class=\"mh-excerpt-more\" href=\"https:\/\/locaacademiafamiliar.com\/ca\/2022\/viatge-en-tren-nocturn-a-paris-la-nostra-experiencia\/\" title=\"Viatge en tren nocturn a Par\u00eds &#8211; La nostra experi\u00e8ncia\">[&#8230;]<\/a><\/p>\n<\/div>","protected":false},"author":1,"featured_media":10702,"comment_status":"open","ping_status":"open","sticky":false,"template":"","format":"standard","meta":{"_monsterinsights_skip_tracking":false,"_monsterinsights_sitenote_active":false,"_monsterinsights_sitenote_note":"","_monsterinsights_sitenote_category":0,"_jetpack_memberships_contains_paid_content":false,"footnotes":""},"categories":[37],"tags":[],"class_list":{"0":"post-10713","1":"post","2":"type-post","3":"status-publish","4":"format-standard","5":"has-post-thumbnail","7":"category-geografia-ca"},"yoast_head":"<!-- This site is optimized with the Yoast SEO plugin v26.8 - https:\/\/yoast.com\/product\/yoast-seo-wordpress\/ -->\n<title>Viatge en tren nocturn a Par\u00eds - La nostra experi\u00e8ncia<\/title>\n<meta name=\"description\" content=\"Experi\u00e8ncia i opini\u00f3 del nostre viatge en tren nocturn a Par\u00eds des de Perpiny\u00e0 i Latour de Carol. Com \u00e9s el tren de nit a Par\u00eds? \u00c9s c\u00f2mode? S&#039;hi pot dormir?\" \/>\n<meta name=\"robots\" content=\"index, follow, max-snippet:-1, max-image-preview:large, max-video-preview:-1\" \/>\n<link rel=\"canonical\" href=\"https:\/\/locaacademiafamiliar.com\/ca\/2022\/viatge-en-tren-nocturn-a-paris-la-nostra-experiencia\/\" \/>\n<meta property=\"og:locale\" content=\"ca_ES\" \/>\n<meta property=\"og:type\" content=\"article\" \/>\n<meta property=\"og:title\" content=\"Viatge en tren nocturn a Par\u00eds - La nostra experi\u00e8ncia\" \/>\n<meta property=\"og:description\" content=\"Experi\u00e8ncia i opini\u00f3 del nostre viatge en tren nocturn a Par\u00eds des de Perpiny\u00e0 i Latour de Carol. Com \u00e9s el tren de nit a Par\u00eds? \u00c9s c\u00f2mode? S&#039;hi pot dormir?\" \/>\n<meta property=\"og:url\" content=\"https:\/\/locaacademiafamiliar.com\/ca\/2022\/viatge-en-tren-nocturn-a-paris-la-nostra-experiencia\/\" \/>\n<meta property=\"og:site_name\" content=\"Boja Acad\u00e8mia Familiar\" \/>\n<meta property=\"article:publisher\" content=\"https:\/\/www.facebook.com\/LocaAcademiaFamiliar\" \/>\n<meta property=\"article:author\" content=\"http:\/\/www.facebook.com\/locaacademiafamiliar\" \/>\n<meta property=\"article:published_time\" content=\"2022-05-17T20:45:14+00:00\" \/>\n<meta property=\"article:modified_time\" content=\"2022-05-17T20:46:37+00:00\" \/>\n<meta property=\"og:image\" content=\"https:\/\/locaacademiafamiliar.com\/wp-content\/uploads\/2022\/05\/tren-paris-nocturno-viaje-con-nin\u0303os-1.jpeg\" \/>\n\t<meta property=\"og:image:width\" content=\"1200\" \/>\n\t<meta property=\"og:image:height\" content=\"900\" \/>\n\t<meta property=\"og:image:type\" content=\"image\/jpeg\" \/>\n<meta name=\"author\" content=\"Roser\" \/>\n<meta name=\"twitter:card\" content=\"summary_large_image\" \/>\n<meta name=\"twitter:label1\" content=\"Escrit per\" \/>\n\t<meta name=\"twitter:data1\" content=\"Roser\" \/>\n\t<meta name=\"twitter:label2\" content=\"Temps estimat de lectura\" \/>\n\t<meta name=\"twitter:data2\" content=\"9 minuts\" \/>\n<script type=\"application\/ld+json\" class=\"yoast-schema-graph\">{\"@context\":\"https:\/\/schema.org\",\"@graph\":[{\"@type\":\"Article\",\"@id\":\"https:\/\/locaacademiafamiliar.com\/ca\/2022\/viatge-en-tren-nocturn-a-paris-la-nostra-experiencia\/#article\",\"isPartOf\":{\"@id\":\"https:\/\/locaacademiafamiliar.com\/ca\/2022\/viatge-en-tren-nocturn-a-paris-la-nostra-experiencia\/\"},\"author\":{\"name\":\"Roser\",\"@id\":\"https:\/\/locaacademiafamiliar.com\/ca\/#\/schema\/person\/c38ddbb3d4c6f37be7c9c57b205fdd2d\"},\"headline\":\"Viatge en tren nocturn a Par\u00eds &#8211; La nostra experi\u00e8ncia\",\"datePublished\":\"2022-05-17T20:45:14+00:00\",\"dateModified\":\"2022-05-17T20:46:37+00:00\",\"mainEntityOfPage\":{\"@id\":\"https:\/\/locaacademiafamiliar.com\/ca\/2022\/viatge-en-tren-nocturn-a-paris-la-nostra-experiencia\/\"},\"wordCount\":1844,\"commentCount\":0,\"publisher\":{\"@id\":\"https:\/\/locaacademiafamiliar.com\/ca\/#organization\"},\"image\":{\"@id\":\"https:\/\/locaacademiafamiliar.com\/ca\/2022\/viatge-en-tren-nocturn-a-paris-la-nostra-experiencia\/#primaryimage\"},\"thumbnailUrl\":\"https:\/\/i0.wp.com\/locaacademiafamiliar.com\/wp-content\/uploads\/2022\/05\/tren-paris-nocturno-viaje-con-nin%CC%83os-1.jpeg?fit=1200%2C900&ssl=1\",\"articleSection\":[\"Geografia\"],\"inLanguage\":\"ca\",\"potentialAction\":[{\"@type\":\"CommentAction\",\"name\":\"Comment\",\"target\":[\"https:\/\/locaacademiafamiliar.com\/ca\/2022\/viatge-en-tren-nocturn-a-paris-la-nostra-experiencia\/#respond\"]}]},{\"@type\":\"WebPage\",\"@id\":\"https:\/\/locaacademiafamiliar.com\/ca\/2022\/viatge-en-tren-nocturn-a-paris-la-nostra-experiencia\/\",\"url\":\"https:\/\/locaacademiafamiliar.com\/ca\/2022\/viatge-en-tren-nocturn-a-paris-la-nostra-experiencia\/\",\"name\":\"Viatge en tren nocturn a Par\u00eds - La nostra experi\u00e8ncia\",\"isPartOf\":{\"@id\":\"https:\/\/locaacademiafamiliar.com\/ca\/#website\"},\"primaryImageOfPage\":{\"@id\":\"https:\/\/locaacademiafamiliar.com\/ca\/2022\/viatge-en-tren-nocturn-a-paris-la-nostra-experiencia\/#primaryimage\"},\"image\":{\"@id\":\"https:\/\/locaacademiafamiliar.com\/ca\/2022\/viatge-en-tren-nocturn-a-paris-la-nostra-experiencia\/#primaryimage\"},\"thumbnailUrl\":\"https:\/\/i0.wp.com\/locaacademiafamiliar.com\/wp-content\/uploads\/2022\/05\/tren-paris-nocturno-viaje-con-nin%CC%83os-1.jpeg?fit=1200%2C900&ssl=1\",\"datePublished\":\"2022-05-17T20:45:14+00:00\",\"dateModified\":\"2022-05-17T20:46:37+00:00\",\"description\":\"Experi\u00e8ncia i opini\u00f3 del nostre viatge en tren nocturn a Par\u00eds des de Perpiny\u00e0 i Latour de Carol. Com \u00e9s el tren de nit a Par\u00eds? \u00c9s c\u00f2mode? S'hi pot dormir?\",\"breadcrumb\":{\"@id\":\"https:\/\/locaacademiafamiliar.com\/ca\/2022\/viatge-en-tren-nocturn-a-paris-la-nostra-experiencia\/#breadcrumb\"},\"inLanguage\":\"ca\",\"potentialAction\":[{\"@type\":\"ReadAction\",\"target\":[\"https:\/\/locaacademiafamiliar.com\/ca\/2022\/viatge-en-tren-nocturn-a-paris-la-nostra-experiencia\/\"]}]},{\"@type\":\"ImageObject\",\"inLanguage\":\"ca\",\"@id\":\"https:\/\/locaacademiafamiliar.com\/ca\/2022\/viatge-en-tren-nocturn-a-paris-la-nostra-experiencia\/#primaryimage\",\"url\":\"https:\/\/i0.wp.com\/locaacademiafamiliar.com\/wp-content\/uploads\/2022\/05\/tren-paris-nocturno-viaje-con-nin%CC%83os-1.jpeg?fit=1200%2C900&ssl=1\",\"contentUrl\":\"https:\/\/i0.wp.com\/locaacademiafamiliar.com\/wp-content\/uploads\/2022\/05\/tren-paris-nocturno-viaje-con-nin%CC%83os-1.jpeg?fit=1200%2C900&ssl=1\",\"width\":1200,\"height\":900,\"caption\":\"tren paris nocturno viaje con nin\u0303os 1\"},{\"@type\":\"BreadcrumbList\",\"@id\":\"https:\/\/locaacademiafamiliar.com\/ca\/2022\/viatge-en-tren-nocturn-a-paris-la-nostra-experiencia\/#breadcrumb\",\"itemListElement\":[{\"@type\":\"ListItem\",\"position\":1,\"name\":\"Portada\",\"item\":\"https:\/\/locaacademiafamiliar.com\/ca\/\"},{\"@type\":\"ListItem\",\"position\":2,\"name\":\"Viatge en tren nocturn a Par\u00eds &#8211; La nostra experi\u00e8ncia\"}]},{\"@type\":\"WebSite\",\"@id\":\"https:\/\/locaacademiafamiliar.com\/ca\/#website\",\"url\":\"https:\/\/locaacademiafamiliar.com\/ca\/\",\"name\":\"Boja Acad\u00e8mia Familiar\",\"description\":\"El blog de crianza con el que pap\u00e1s y mam\u00e1s salen mejor preparados para su rutina familiar diaria\",\"publisher\":{\"@id\":\"https:\/\/locaacademiafamiliar.com\/ca\/#organization\"},\"potentialAction\":[{\"@type\":\"SearchAction\",\"target\":{\"@type\":\"EntryPoint\",\"urlTemplate\":\"https:\/\/locaacademiafamiliar.com\/ca\/?s={search_term_string}\"},\"query-input\":{\"@type\":\"PropertyValueSpecification\",\"valueRequired\":true,\"valueName\":\"search_term_string\"}}],\"inLanguage\":\"ca\"},{\"@type\":\"Organization\",\"@id\":\"https:\/\/locaacademiafamiliar.com\/ca\/#organization\",\"name\":\"LocaAcademiaFamiliar.com\",\"url\":\"https:\/\/locaacademiafamiliar.com\/ca\/\",\"logo\":{\"@type\":\"ImageObject\",\"inLanguage\":\"ca\",\"@id\":\"https:\/\/locaacademiafamiliar.com\/ca\/#\/schema\/logo\/image\/\",\"url\":\"https:\/\/locaacademiafamiliar.com\/wp-content\/uploads\/2020\/01\/logo-loca-academia-familiar.jpg\",\"contentUrl\":\"https:\/\/locaacademiafamiliar.com\/wp-content\/uploads\/2020\/01\/logo-loca-academia-familiar.jpg\",\"width\":960,\"height\":960,\"caption\":\"LocaAcademiaFamiliar.com\"},\"image\":{\"@id\":\"https:\/\/locaacademiafamiliar.com\/ca\/#\/schema\/logo\/image\/\"},\"sameAs\":[\"https:\/\/www.facebook.com\/LocaAcademiaFamiliar\"]},{\"@type\":\"Person\",\"@id\":\"https:\/\/locaacademiafamiliar.com\/ca\/#\/schema\/person\/c38ddbb3d4c6f37be7c9c57b205fdd2d\",\"name\":\"Roser\",\"image\":{\"@type\":\"ImageObject\",\"inLanguage\":\"ca\",\"@id\":\"https:\/\/locaacademiafamiliar.com\/ca\/#\/schema\/person\/image\/\",\"url\":\"https:\/\/secure.gravatar.com\/avatar\/505f69c7969f855daaa0f97fb5b0b6b2?s=96&d=mm&r=g\",\"contentUrl\":\"https:\/\/secure.gravatar.com\/avatar\/505f69c7969f855daaa0f97fb5b0b6b2?s=96&d=mm&r=g\",\"caption\":\"Roser\"},\"description\":\"\u00a1Hola soy Roser! Mam\u00e1 de una ni\u00f1a preciosa y muy movida, nacida en agosto 2015; y de un ni\u00f1o guap\u00edsimo y valiente nacido en octubre 2017. Antes estaba \\\"sempre viaggiando\\\" y ahora estoy siempre jugando, cantando y saltando. Llevo 10 a\u00f1os como blogger de viajes y vivo en Olot, Girona. Si quieres estar informado de los eventos y actividades para familias con ni\u00f1os en Catalunya, haz click aqu\u00ed para apuntarte a nuestra newsletter.\",\"sameAs\":[\"http:\/\/www.locaacademiafamiliar.com\",\"http:\/\/www.facebook.com\/locaacademiafamiliar\"],\"url\":\"https:\/\/locaacademiafamiliar.com\/ca\/author\/roser\/\"}]}<\/script>\n<!-- \/ Yoast SEO plugin. -->","yoast_head_json":{"title":"Viatge en tren nocturn a Par\u00eds - La nostra experi\u00e8ncia","description":"Experi\u00e8ncia i opini\u00f3 del nostre viatge en tren nocturn a Par\u00eds des de Perpiny\u00e0 i Latour de Carol. Com \u00e9s el tren de nit a Par\u00eds? \u00c9s c\u00f2mode? S'hi pot dormir?","robots":{"index":"index","follow":"follow","max-snippet":"max-snippet:-1","max-image-preview":"max-image-preview:large","max-video-preview":"max-video-preview:-1"},"canonical":"https:\/\/locaacademiafamiliar.com\/ca\/2022\/viatge-en-tren-nocturn-a-paris-la-nostra-experiencia\/","og_locale":"ca_ES","og_type":"article","og_title":"Viatge en tren nocturn a Par\u00eds - La nostra experi\u00e8ncia","og_description":"Experi\u00e8ncia i opini\u00f3 del nostre viatge en tren nocturn a Par\u00eds des de Perpiny\u00e0 i Latour de Carol. Com \u00e9s el tren de nit a Par\u00eds? \u00c9s c\u00f2mode? S'hi pot dormir?","og_url":"https:\/\/locaacademiafamiliar.com\/ca\/2022\/viatge-en-tren-nocturn-a-paris-la-nostra-experiencia\/","og_site_name":"Boja Acad\u00e8mia Familiar","article_publisher":"https:\/\/www.facebook.com\/LocaAcademiaFamiliar","article_author":"http:\/\/www.facebook.com\/locaacademiafamiliar","article_published_time":"2022-05-17T20:45:14+00:00","article_modified_time":"2022-05-17T20:46:37+00:00","og_image":[{"width":1200,"height":900,"url":"https:\/\/locaacademiafamiliar.com\/wp-content\/uploads\/2022\/05\/tren-paris-nocturno-viaje-con-nin\u0303os-1.jpeg","type":"image\/jpeg"}],"author":"Roser","twitter_card":"summary_large_image","twitter_misc":{"Escrit per":"Roser","Temps estimat de lectura":"9 minuts"},"schema":{"@context":"https:\/\/schema.org","@graph":[{"@type":"Article","@id":"https:\/\/locaacademiafamiliar.com\/ca\/2022\/viatge-en-tren-nocturn-a-paris-la-nostra-experiencia\/#article","isPartOf":{"@id":"https:\/\/locaacademiafamiliar.com\/ca\/2022\/viatge-en-tren-nocturn-a-paris-la-nostra-experiencia\/"},"author":{"name":"Roser","@id":"https:\/\/locaacademiafamiliar.com\/ca\/#\/schema\/person\/c38ddbb3d4c6f37be7c9c57b205fdd2d"},"headline":"Viatge en tren nocturn a Par\u00eds &#8211; La nostra experi\u00e8ncia","datePublished":"2022-05-17T20:45:14+00:00","dateModified":"2022-05-17T20:46:37+00:00","mainEntityOfPage":{"@id":"https:\/\/locaacademiafamiliar.com\/ca\/2022\/viatge-en-tren-nocturn-a-paris-la-nostra-experiencia\/"},"wordCount":1844,"commentCount":0,"publisher":{"@id":"https:\/\/locaacademiafamiliar.com\/ca\/#organization"},"image":{"@id":"https:\/\/locaacademiafamiliar.com\/ca\/2022\/viatge-en-tren-nocturn-a-paris-la-nostra-experiencia\/#primaryimage"},"thumbnailUrl":"https:\/\/i0.wp.com\/locaacademiafamiliar.com\/wp-content\/uploads\/2022\/05\/tren-paris-nocturno-viaje-con-nin%CC%83os-1.jpeg?fit=1200%2C900&ssl=1","articleSection":["Geografia"],"inLanguage":"ca","potentialAction":[{"@type":"CommentAction","name":"Comment","target":["https:\/\/locaacademiafamiliar.com\/ca\/2022\/viatge-en-tren-nocturn-a-paris-la-nostra-experiencia\/#respond"]}]},{"@type":"WebPage","@id":"https:\/\/locaacademiafamiliar.com\/ca\/2022\/viatge-en-tren-nocturn-a-paris-la-nostra-experiencia\/","url":"https:\/\/locaacademiafamiliar.com\/ca\/2022\/viatge-en-tren-nocturn-a-paris-la-nostra-experiencia\/","name":"Viatge en tren nocturn a Par\u00eds - La nostra experi\u00e8ncia","isPartOf":{"@id":"https:\/\/locaacademiafamiliar.com\/ca\/#website"},"primaryImageOfPage":{"@id":"https:\/\/locaacademiafamiliar.com\/ca\/2022\/viatge-en-tren-nocturn-a-paris-la-nostra-experiencia\/#primaryimage"},"image":{"@id":"https:\/\/locaacademiafamiliar.com\/ca\/2022\/viatge-en-tren-nocturn-a-paris-la-nostra-experiencia\/#primaryimage"},"thumbnailUrl":"https:\/\/i0.wp.com\/locaacademiafamiliar.com\/wp-content\/uploads\/2022\/05\/tren-paris-nocturno-viaje-con-nin%CC%83os-1.jpeg?fit=1200%2C900&ssl=1","datePublished":"2022-05-17T20:45:14+00:00","dateModified":"2022-05-17T20:46:37+00:00","description":"Experi\u00e8ncia i opini\u00f3 del nostre viatge en tren nocturn a Par\u00eds des de Perpiny\u00e0 i Latour de Carol. Com \u00e9s el tren de nit a Par\u00eds? \u00c9s c\u00f2mode? S'hi pot dormir?","breadcrumb":{"@id":"https:\/\/locaacademiafamiliar.com\/ca\/2022\/viatge-en-tren-nocturn-a-paris-la-nostra-experiencia\/#breadcrumb"},"inLanguage":"ca","potentialAction":[{"@type":"ReadAction","target":["https:\/\/locaacademiafamiliar.com\/ca\/2022\/viatge-en-tren-nocturn-a-paris-la-nostra-experiencia\/"]}]},{"@type":"ImageObject","inLanguage":"ca","@id":"https:\/\/locaacademiafamiliar.com\/ca\/2022\/viatge-en-tren-nocturn-a-paris-la-nostra-experiencia\/#primaryimage","url":"https:\/\/i0.wp.com\/locaacademiafamiliar.com\/wp-content\/uploads\/2022\/05\/tren-paris-nocturno-viaje-con-nin%CC%83os-1.jpeg?fit=1200%2C900&ssl=1","contentUrl":"https:\/\/i0.wp.com\/locaacademiafamiliar.com\/wp-content\/uploads\/2022\/05\/tren-paris-nocturno-viaje-con-nin%CC%83os-1.jpeg?fit=1200%2C900&ssl=1","width":1200,"height":900,"caption":"tren paris nocturno viaje con nin\u0303os 1"},{"@type":"BreadcrumbList","@id":"https:\/\/locaacademiafamiliar.com\/ca\/2022\/viatge-en-tren-nocturn-a-paris-la-nostra-experiencia\/#breadcrumb","itemListElement":[{"@type":"ListItem","position":1,"name":"Portada","item":"https:\/\/locaacademiafamiliar.com\/ca\/"},{"@type":"ListItem","position":2,"name":"Viatge en tren nocturn a Par\u00eds &#8211; La nostra experi\u00e8ncia"}]},{"@type":"WebSite","@id":"https:\/\/locaacademiafamiliar.com\/ca\/#website","url":"https:\/\/locaacademiafamiliar.com\/ca\/","name":"Boja Acad\u00e8mia Familiar","description":"El blog de crianza con el que pap\u00e1s y mam\u00e1s salen mejor preparados para su rutina familiar diaria","publisher":{"@id":"https:\/\/locaacademiafamiliar.com\/ca\/#organization"},"potentialAction":[{"@type":"SearchAction","target":{"@type":"EntryPoint","urlTemplate":"https:\/\/locaacademiafamiliar.com\/ca\/?s={search_term_string}"},"query-input":{"@type":"PropertyValueSpecification","valueRequired":true,"valueName":"search_term_string"}}],"inLanguage":"ca"},{"@type":"Organization","@id":"https:\/\/locaacademiafamiliar.com\/ca\/#organization","name":"LocaAcademiaFamiliar.com","url":"https:\/\/locaacademiafamiliar.com\/ca\/","logo":{"@type":"ImageObject","inLanguage":"ca","@id":"https:\/\/locaacademiafamiliar.com\/ca\/#\/schema\/logo\/image\/","url":"https:\/\/locaacademiafamiliar.com\/wp-content\/uploads\/2020\/01\/logo-loca-academia-familiar.jpg","contentUrl":"https:\/\/locaacademiafamiliar.com\/wp-content\/uploads\/2020\/01\/logo-loca-academia-familiar.jpg","width":960,"height":960,"caption":"LocaAcademiaFamiliar.com"},"image":{"@id":"https:\/\/locaacademiafamiliar.com\/ca\/#\/schema\/logo\/image\/"},"sameAs":["https:\/\/www.facebook.com\/LocaAcademiaFamiliar"]},{"@type":"Person","@id":"https:\/\/locaacademiafamiliar.com\/ca\/#\/schema\/person\/c38ddbb3d4c6f37be7c9c57b205fdd2d","name":"Roser","image":{"@type":"ImageObject","inLanguage":"ca","@id":"https:\/\/locaacademiafamiliar.com\/ca\/#\/schema\/person\/image\/","url":"https:\/\/secure.gravatar.com\/avatar\/505f69c7969f855daaa0f97fb5b0b6b2?s=96&d=mm&r=g","contentUrl":"https:\/\/secure.gravatar.com\/avatar\/505f69c7969f855daaa0f97fb5b0b6b2?s=96&d=mm&r=g","caption":"Roser"},"description":"\u00a1Hola soy Roser! Mam\u00e1 de una ni\u00f1a preciosa y muy movida, nacida en agosto 2015; y de un ni\u00f1o guap\u00edsimo y valiente nacido en octubre 2017. Antes estaba \"sempre viaggiando\" y ahora estoy siempre jugando, cantando y saltando. Llevo 10 a\u00f1os como blogger de viajes y vivo en Olot, Girona. Si quieres estar informado de los eventos y actividades para familias con ni\u00f1os en Catalunya, haz click aqu\u00ed para apuntarte a nuestra newsletter.","sameAs":["http:\/\/www.locaacademiafamiliar.com","http:\/\/www.facebook.com\/locaacademiafamiliar"],"url":"https:\/\/locaacademiafamiliar.com\/ca\/author\/roser\/"}]}},"jetpack_featured_media_url":"https:\/\/i0.wp.com\/locaacademiafamiliar.com\/wp-content\/uploads\/2022\/05\/tren-paris-nocturno-viaje-con-nin%CC%83os-1.jpeg?fit=1200%2C900&ssl=1","jetpack_sharing_enabled":true,"amp_enabled":true,"_links":{"self":[{"href":"https:\/\/locaacademiafamiliar.com\/ca\/wp-json\/wp\/v2\/posts\/10713","targetHints":{"allow":["GET"]}}],"collection":[{"href":"https:\/\/locaacademiafamiliar.com\/ca\/wp-json\/wp\/v2\/posts"}],"about":[{"href":"https:\/\/locaacademiafamiliar.com\/ca\/wp-json\/wp\/v2\/types\/post"}],"author":[{"embeddable":true,"href":"https:\/\/locaacademiafamiliar.com\/ca\/wp-json\/wp\/v2\/users\/1"}],"replies":[{"embeddable":true,"href":"https:\/\/locaacademiafamiliar.com\/ca\/wp-json\/wp\/v2\/comments?post=10713"}],"version-history":[{"count":0,"href":"https:\/\/locaacademiafamiliar.com\/ca\/wp-json\/wp\/v2\/posts\/10713\/revisions"}],"wp:featuredmedia":[{"embeddable":true,"href":"https:\/\/locaacademiafamiliar.com\/ca\/wp-json\/wp\/v2\/media\/10702"}],"wp:attachment":[{"href":"https:\/\/locaacademiafamiliar.com\/ca\/wp-json\/wp\/v2\/media?parent=10713"}],"wp:term":[{"taxonomy":"category","embeddable":true,"href":"https:\/\/locaacademiafamiliar.com\/ca\/wp-json\/wp\/v2\/categories?post=10713"},{"taxonomy":"post_tag","embeddable":true,"href":"https:\/\/locaacademiafamiliar.com\/ca\/wp-json\/wp\/v2\/tags?post=10713"}],"curies":[{"name":"wp","href":"https:\/\/api.w.org\/{rel}","templated":true}]}}