{"id":1120,"date":"2017-02-20T15:52:46","date_gmt":"2017-02-20T15:52:46","guid":{"rendered":"http:\/\/locaacademiafamiliar.com\/?p=1120"},"modified":"2017-02-20T15:54:45","modified_gmt":"2017-02-20T15:54:45","slug":"com-fer-un-pastis-en-forma-de-casa-per-portar-a-lescola","status":"publish","type":"post","link":"https:\/\/locaacademiafamiliar.com\/ca\/2017\/com-fer-un-pastis-en-forma-de-casa-per-portar-a-lescola\/","title":{"rendered":"Com fer un past\u00eds en forma de casa per portar a l&#8217;escola"},"content":{"rendered":"<p><strong>Avui ens toca classe de &#8220;rebosteria&#8221;<\/strong> \ud83d\ude42<\/p>\n<p>Aquesta setmana hem portat <strong>un past\u00eds a l&#8217;escola<\/strong>. Aprofitant que aquest trimestre <strong>el projecte \u00e9s &#8220;construcci\u00f3 de cases&#8221; hem decidit portar un past\u00eds en forma de casa<\/strong>.<\/p>\n<p><strong>NOTA:<\/strong> P<strong>er als que encara no heu portat pastissos a l&#8217;escola cal saber que no es pot fer res a casa per seguretat aliment\u00e0ria.<\/strong> Toca comprar el past\u00eds en un forn, pastisseria o supermercat i portar el tiquet. Aix\u00ed que a les fam\u00edlies nom\u00e9s ens queda l&#8217;opci\u00f3 de personalitzar-ho amb petits adorns!<\/p>\n<p><strong>Veureu que aquest past\u00eds en forma de casa \u00e9s MOLT senzill.<\/strong> No t\u00e9 cap misteri i queda bastant xulo. A m\u00e9s a m\u00e9s als vostres fills\u00a0els far\u00e0 molta il\u00b7lusi\u00f3 portar <strong>un past\u00eds &#8220;fet&#8221; per ells \ud83d\ude42<\/strong><\/p>\n<p>En una hora el tindreu\u00a0fet!<\/p>\n<h3>Recepta para fer un\u00a0past\u00eds en forma de casa<\/h3>\n<p><strong>Comencem? La llista d&#8217;ingredients per al\u00a0supermercat:<\/strong><\/p>\n<ul>\n<li>Un pa de pessic de sucre (blanc)<\/li>\n<li>Un pa de pessic de xocolata (fosc)<\/li>\n<li>Xocolatines tipus <em>lacasitos<\/em><\/li>\n<li>Crema de cacau tipus <em>nocilla<\/em><\/li>\n<li>Sucre glac\u00e9<\/li>\n<\/ul>\n<p><img data-recalc-dims=\"1\" decoding=\"async\" class=\"size-full wp-image-1108 aligncenter\" src=\"https:\/\/i0.wp.com\/locaacademiafamiliar.com\/wp-content\/uploads\/2017\/02\/como-hacer-un-pastel-con-nin%CC%83os-2.jpg?resize=1000%2C667\" alt=\"como hacer un pastel con nin\u0303os 2\" width=\"1000\" height=\"667\" srcset=\"https:\/\/i0.wp.com\/locaacademiafamiliar.com\/wp-content\/uploads\/2017\/02\/como-hacer-un-pastel-con-nin%CC%83os-2.jpg?w=1000&amp;ssl=1 1000w, https:\/\/i0.wp.com\/locaacademiafamiliar.com\/wp-content\/uploads\/2017\/02\/como-hacer-un-pastel-con-nin%CC%83os-2.jpg?resize=300%2C200&amp;ssl=1 300w, https:\/\/i0.wp.com\/locaacademiafamiliar.com\/wp-content\/uploads\/2017\/02\/como-hacer-un-pastel-con-nin%CC%83os-2.jpg?resize=768%2C512&amp;ssl=1 768w\" sizes=\"(max-width: 1000px) 100vw, 1000px\" \/><\/p>\n<h4>Passos a seguir per fer el past\u00eds amb els nens<\/h4>\n<p><strong>1.<\/strong> <strong>Posa\u00a0un dels pans de pessic\u00a0al plat que s&#8217;endur\u00e0 a l&#8217;escola<\/strong>. Aix\u00ed, treballant directament sobre el plat final, no hi ha riscos de p\u00e8rdues a la meitat del proc\u00e9s. Jo, per exemple, vaig fer servir el pa de pessic de sucre (el claret) com a base.<\/p>\n<p><strong>2. Escampa\u00a0la crema de cacau sobre el pa de pessic i col\u00b7loca-hi a sobre el segon<\/strong> pa de pessic.<\/p>\n<p><strong>3.<\/strong> Queden els dos\u00a0pans de pessic enganxats. <strong>Ara retalla el pa superior en forma de triangle perqu\u00e8 s&#8217;assembli a una teulada<\/strong>, com a la foto:<\/p>\n<p><img data-recalc-dims=\"1\" decoding=\"async\" class=\"size-full wp-image-1109 aligncenter\" src=\"https:\/\/i0.wp.com\/locaacademiafamiliar.com\/wp-content\/uploads\/2017\/02\/como-hacer-un-pastel-con-nin%CC%83os-3.jpg?resize=1000%2C667\" alt=\"como hacer un pastel con nin\u0303os 3\" width=\"1000\" height=\"667\" srcset=\"https:\/\/i0.wp.com\/locaacademiafamiliar.com\/wp-content\/uploads\/2017\/02\/como-hacer-un-pastel-con-nin%CC%83os-3.jpg?w=1000&amp;ssl=1 1000w, https:\/\/i0.wp.com\/locaacademiafamiliar.com\/wp-content\/uploads\/2017\/02\/como-hacer-un-pastel-con-nin%CC%83os-3.jpg?resize=300%2C200&amp;ssl=1 300w, https:\/\/i0.wp.com\/locaacademiafamiliar.com\/wp-content\/uploads\/2017\/02\/como-hacer-un-pastel-con-nin%CC%83os-3.jpg?resize=768%2C512&amp;ssl=1 768w\" sizes=\"(max-width: 1000px) 100vw, 1000px\" \/><\/p>\n<p><strong>4.\u00a0<\/strong>Aqu\u00ed el teu nen ja intueix la forma de caseta i comen\u00e7a a emocionar-se. La meva va comen\u00e7ar a demanar <strong>portes, finestres, una llar de foc<\/strong>&#8230; \ud83d\ude42 Per fer les portes i finestres <strong>retalla els forats que vulguis al pa de pessic inferior i omple el buit amb un trosset de l&#8217;altre pa<\/strong> (aix\u00ed ser\u00e0 de diferent color). Perqu\u00e8 quedi enganxat pots utilitzar una mica de crema de cacau.<\/p>\n<p><img data-recalc-dims=\"1\" decoding=\"async\" class=\"size-full wp-image-1114 aligncenter\" src=\"https:\/\/i0.wp.com\/locaacademiafamiliar.com\/wp-content\/uploads\/2017\/02\/como-hacer-un-pastel-con-nin%CC%83os-7.jpg?resize=1000%2C511\" alt=\"como hacer un pastel con nin\u0303os 7\" width=\"1000\" height=\"511\" srcset=\"https:\/\/i0.wp.com\/locaacademiafamiliar.com\/wp-content\/uploads\/2017\/02\/como-hacer-un-pastel-con-nin%CC%83os-7.jpg?w=1000&amp;ssl=1 1000w, https:\/\/i0.wp.com\/locaacademiafamiliar.com\/wp-content\/uploads\/2017\/02\/como-hacer-un-pastel-con-nin%CC%83os-7.jpg?resize=300%2C153&amp;ssl=1 300w, https:\/\/i0.wp.com\/locaacademiafamiliar.com\/wp-content\/uploads\/2017\/02\/como-hacer-un-pastel-con-nin%CC%83os-7.jpg?resize=768%2C392&amp;ssl=1 768w\" sizes=\"(max-width: 1000px) 100vw, 1000px\" \/><\/p>\n<p><strong>5.<\/strong> Ara ja es veu clar\u00edssima la casa. <strong>Per decorar-la tira-hi el sucre glac\u00e9 per sobre<\/strong> (&#8216;si \u00e9s hivern millor encara, perqu\u00e8 portar\u00e0 a l&#8217;escola una casa nevada !!)<strong> i enganxa tantes xocolatines com vulguis.<\/strong> Perqu\u00e8 quedin ben enganxades pots utilitzar &#8230;&#8230;.. Ho has endevinat: la crema de cacau!! \ud83d\ude42<\/p>\n<p><img data-recalc-dims=\"1\" decoding=\"async\" class=\"size-full wp-image-1110 aligncenter\" src=\"https:\/\/i0.wp.com\/locaacademiafamiliar.com\/wp-content\/uploads\/2017\/02\/como-hacer-un-pastel-con-nin%CC%83os-4.jpg?resize=653%2C518\" alt=\"como hacer un pastel con nin\u0303os 4\" width=\"653\" height=\"518\" srcset=\"https:\/\/i0.wp.com\/locaacademiafamiliar.com\/wp-content\/uploads\/2017\/02\/como-hacer-un-pastel-con-nin%CC%83os-4.jpg?w=653&amp;ssl=1 653w, https:\/\/i0.wp.com\/locaacademiafamiliar.com\/wp-content\/uploads\/2017\/02\/como-hacer-un-pastel-con-nin%CC%83os-4.jpg?resize=300%2C238&amp;ssl=1 300w\" sizes=\"(max-width: 653px) 100vw, 653px\" \/><\/p>\n<p><strong>6.\u00a0<\/strong>Per acabar, pots tirar m\u00e9s xocolatines per damunt del plat i aix\u00ed tens<strong> flors xul\u00edssimes.<\/strong><\/p>\n<p><em>Qu\u00e8, com t&#8217;ha quedat?<\/em><\/p>\n<p>&nbsp;<\/p>\n","protected":false},"excerpt":{"rendered":"<div class=\"mh-excerpt\"><p>Veureu que aquest past\u00eds en forma de casa \u00e9s MOLT senzill. No t\u00e9 cap misteri i queda bastant xulo. A m\u00e9s a m\u00e9s als vostres fills els far\u00e0 molta il\u00b7lusi\u00f3 portar un past\u00eds &#8220;fet&#8221; per ells \ud83d\ude42 <a class=\"mh-excerpt-more\" href=\"https:\/\/locaacademiafamiliar.com\/ca\/2017\/com-fer-un-pastis-en-forma-de-casa-per-portar-a-lescola\/\" title=\"Com fer un past\u00eds en forma de casa per portar a l&#8217;escola\">[&#8230;]<\/a><\/p>\n<\/div>","protected":false},"author":2,"featured_media":1115,"comment_status":"open","ping_status":"open","sticky":false,"template":"","format":"standard","meta":{"_monsterinsights_skip_tracking":false,"_monsterinsights_sitenote_active":false,"_monsterinsights_sitenote_note":"","_monsterinsights_sitenote_category":0,"_jetpack_memberships_contains_paid_content":false,"footnotes":""},"categories":[40],"tags":[54,53],"class_list":{"0":"post-1120","1":"post","2":"type-post","3":"status-publish","4":"format-standard","5":"has-post-thumbnail","7":"category-laboratori","8":"tag-menjar","9":"tag-trucs"},"yoast_head":"<!-- This site is optimized with the Yoast SEO plugin v26.8 - https:\/\/yoast.com\/product\/yoast-seo-wordpress\/ -->\n<title>Com fer un past\u00eds en forma de casa per portar a l&#039;escola<\/title>\n<meta name=\"description\" content=\"Recepta pas a pas per fer un past\u00eds en forma de casa per portar-lo a l&#039;escola. Ideal per fer-lo amb nens petits que podran ajudar a decorar-lo.\" \/>\n<meta name=\"robots\" content=\"index, follow, max-snippet:-1, max-image-preview:large, max-video-preview:-1\" \/>\n<link rel=\"canonical\" href=\"https:\/\/locaacademiafamiliar.com\/ca\/2017\/com-fer-un-pastis-en-forma-de-casa-per-portar-a-lescola\/\" \/>\n<meta property=\"og:locale\" content=\"ca_ES\" \/>\n<meta property=\"og:type\" content=\"article\" \/>\n<meta property=\"og:title\" content=\"Com fer un past\u00eds en forma de casa per portar a l&#039;escola\" \/>\n<meta property=\"og:description\" content=\"Recepta pas a pas per fer un past\u00eds en forma de casa per portar-lo a l&#039;escola. Ideal per fer-lo amb nens petits que podran ajudar a decorar-lo.\" \/>\n<meta property=\"og:url\" content=\"https:\/\/locaacademiafamiliar.com\/ca\/2017\/com-fer-un-pastis-en-forma-de-casa-per-portar-a-lescola\/\" \/>\n<meta property=\"og:site_name\" content=\"Boja Acad\u00e8mia Familiar\" \/>\n<meta property=\"article:publisher\" content=\"https:\/\/www.facebook.com\/LocaAcademiaFamiliar\" \/>\n<meta property=\"article:published_time\" content=\"2017-02-20T15:52:46+00:00\" \/>\n<meta property=\"article:modified_time\" content=\"2017-02-20T15:54:45+00:00\" \/>\n<meta property=\"og:image\" content=\"https:\/\/locaacademiafamiliar.com\/wp-content\/uploads\/2017\/02\/como-hacer-un-pastel-con-nin\u0303os-8.jpg\" \/>\n\t<meta property=\"og:image:width\" content=\"913\" \/>\n\t<meta property=\"og:image:height\" content=\"507\" \/>\n\t<meta property=\"og:image:type\" content=\"image\/jpeg\" \/>\n<meta name=\"author\" content=\"Elisabet\" \/>\n<meta name=\"twitter:card\" content=\"summary_large_image\" \/>\n<meta name=\"twitter:label1\" content=\"Escrit per\" \/>\n\t<meta name=\"twitter:data1\" content=\"Elisabet\" \/>\n\t<meta name=\"twitter:label2\" content=\"Temps estimat de lectura\" \/>\n\t<meta name=\"twitter:data2\" content=\"2 minuts\" \/>\n<script type=\"application\/ld+json\" class=\"yoast-schema-graph\">{\"@context\":\"https:\/\/schema.org\",\"@graph\":[{\"@type\":\"Article\",\"@id\":\"https:\/\/locaacademiafamiliar.com\/ca\/2017\/com-fer-un-pastis-en-forma-de-casa-per-portar-a-lescola\/#article\",\"isPartOf\":{\"@id\":\"https:\/\/locaacademiafamiliar.com\/ca\/2017\/com-fer-un-pastis-en-forma-de-casa-per-portar-a-lescola\/\"},\"author\":{\"name\":\"Elisabet\",\"@id\":\"https:\/\/locaacademiafamiliar.com\/ca\/#\/schema\/person\/8ddc70c9780d67ef5bbb462a307f8042\"},\"headline\":\"Com fer un past\u00eds en forma de casa per portar a l&#8217;escola\",\"datePublished\":\"2017-02-20T15:52:46+00:00\",\"dateModified\":\"2017-02-20T15:54:45+00:00\",\"mainEntityOfPage\":{\"@id\":\"https:\/\/locaacademiafamiliar.com\/ca\/2017\/com-fer-un-pastis-en-forma-de-casa-per-portar-a-lescola\/\"},\"wordCount\":436,\"commentCount\":0,\"publisher\":{\"@id\":\"https:\/\/locaacademiafamiliar.com\/ca\/#organization\"},\"image\":{\"@id\":\"https:\/\/locaacademiafamiliar.com\/ca\/2017\/com-fer-un-pastis-en-forma-de-casa-per-portar-a-lescola\/#primaryimage\"},\"thumbnailUrl\":\"https:\/\/i0.wp.com\/locaacademiafamiliar.com\/wp-content\/uploads\/2017\/02\/como-hacer-un-pastel-con-nin%CC%83os-8.jpg?fit=913%2C507&ssl=1\",\"keywords\":[\"Menjar\",\"Trucs\"],\"articleSection\":[\"Laboratori\"],\"inLanguage\":\"ca\",\"potentialAction\":[{\"@type\":\"CommentAction\",\"name\":\"Comment\",\"target\":[\"https:\/\/locaacademiafamiliar.com\/ca\/2017\/com-fer-un-pastis-en-forma-de-casa-per-portar-a-lescola\/#respond\"]}]},{\"@type\":\"WebPage\",\"@id\":\"https:\/\/locaacademiafamiliar.com\/ca\/2017\/com-fer-un-pastis-en-forma-de-casa-per-portar-a-lescola\/\",\"url\":\"https:\/\/locaacademiafamiliar.com\/ca\/2017\/com-fer-un-pastis-en-forma-de-casa-per-portar-a-lescola\/\",\"name\":\"Com fer un past\u00eds en forma de casa per portar a l'escola\",\"isPartOf\":{\"@id\":\"https:\/\/locaacademiafamiliar.com\/ca\/#website\"},\"primaryImageOfPage\":{\"@id\":\"https:\/\/locaacademiafamiliar.com\/ca\/2017\/com-fer-un-pastis-en-forma-de-casa-per-portar-a-lescola\/#primaryimage\"},\"image\":{\"@id\":\"https:\/\/locaacademiafamiliar.com\/ca\/2017\/com-fer-un-pastis-en-forma-de-casa-per-portar-a-lescola\/#primaryimage\"},\"thumbnailUrl\":\"https:\/\/i0.wp.com\/locaacademiafamiliar.com\/wp-content\/uploads\/2017\/02\/como-hacer-un-pastel-con-nin%CC%83os-8.jpg?fit=913%2C507&ssl=1\",\"datePublished\":\"2017-02-20T15:52:46+00:00\",\"dateModified\":\"2017-02-20T15:54:45+00:00\",\"description\":\"Recepta pas a pas per fer un past\u00eds en forma de casa per portar-lo a l'escola. Ideal per fer-lo amb nens petits que podran ajudar a decorar-lo.\",\"breadcrumb\":{\"@id\":\"https:\/\/locaacademiafamiliar.com\/ca\/2017\/com-fer-un-pastis-en-forma-de-casa-per-portar-a-lescola\/#breadcrumb\"},\"inLanguage\":\"ca\",\"potentialAction\":[{\"@type\":\"ReadAction\",\"target\":[\"https:\/\/locaacademiafamiliar.com\/ca\/2017\/com-fer-un-pastis-en-forma-de-casa-per-portar-a-lescola\/\"]}]},{\"@type\":\"ImageObject\",\"inLanguage\":\"ca\",\"@id\":\"https:\/\/locaacademiafamiliar.com\/ca\/2017\/com-fer-un-pastis-en-forma-de-casa-per-portar-a-lescola\/#primaryimage\",\"url\":\"https:\/\/i0.wp.com\/locaacademiafamiliar.com\/wp-content\/uploads\/2017\/02\/como-hacer-un-pastel-con-nin%CC%83os-8.jpg?fit=913%2C507&ssl=1\",\"contentUrl\":\"https:\/\/i0.wp.com\/locaacademiafamiliar.com\/wp-content\/uploads\/2017\/02\/como-hacer-un-pastel-con-nin%CC%83os-8.jpg?fit=913%2C507&ssl=1\",\"width\":913,\"height\":507},{\"@type\":\"BreadcrumbList\",\"@id\":\"https:\/\/locaacademiafamiliar.com\/ca\/2017\/com-fer-un-pastis-en-forma-de-casa-per-portar-a-lescola\/#breadcrumb\",\"itemListElement\":[{\"@type\":\"ListItem\",\"position\":1,\"name\":\"Portada\",\"item\":\"https:\/\/locaacademiafamiliar.com\/ca\/\"},{\"@type\":\"ListItem\",\"position\":2,\"name\":\"Com fer un past\u00eds en forma de casa per portar a l&#8217;escola\"}]},{\"@type\":\"WebSite\",\"@id\":\"https:\/\/locaacademiafamiliar.com\/ca\/#website\",\"url\":\"https:\/\/locaacademiafamiliar.com\/ca\/\",\"name\":\"Boja Acad\u00e8mia Familiar\",\"description\":\"El blog de crianza con el que pap\u00e1s y mam\u00e1s salen mejor preparados para su rutina familiar diaria\",\"publisher\":{\"@id\":\"https:\/\/locaacademiafamiliar.com\/ca\/#organization\"},\"potentialAction\":[{\"@type\":\"SearchAction\",\"target\":{\"@type\":\"EntryPoint\",\"urlTemplate\":\"https:\/\/locaacademiafamiliar.com\/ca\/?s={search_term_string}\"},\"query-input\":{\"@type\":\"PropertyValueSpecification\",\"valueRequired\":true,\"valueName\":\"search_term_string\"}}],\"inLanguage\":\"ca\"},{\"@type\":\"Organization\",\"@id\":\"https:\/\/locaacademiafamiliar.com\/ca\/#organization\",\"name\":\"LocaAcademiaFamiliar.com\",\"url\":\"https:\/\/locaacademiafamiliar.com\/ca\/\",\"logo\":{\"@type\":\"ImageObject\",\"inLanguage\":\"ca\",\"@id\":\"https:\/\/locaacademiafamiliar.com\/ca\/#\/schema\/logo\/image\/\",\"url\":\"https:\/\/locaacademiafamiliar.com\/wp-content\/uploads\/2020\/01\/logo-loca-academia-familiar.jpg\",\"contentUrl\":\"https:\/\/locaacademiafamiliar.com\/wp-content\/uploads\/2020\/01\/logo-loca-academia-familiar.jpg\",\"width\":960,\"height\":960,\"caption\":\"LocaAcademiaFamiliar.com\"},\"image\":{\"@id\":\"https:\/\/locaacademiafamiliar.com\/ca\/#\/schema\/logo\/image\/\"},\"sameAs\":[\"https:\/\/www.facebook.com\/LocaAcademiaFamiliar\"]},{\"@type\":\"Person\",\"@id\":\"https:\/\/locaacademiafamiliar.com\/ca\/#\/schema\/person\/8ddc70c9780d67ef5bbb462a307f8042\",\"name\":\"Elisabet\",\"image\":{\"@type\":\"ImageObject\",\"inLanguage\":\"ca\",\"@id\":\"https:\/\/locaacademiafamiliar.com\/ca\/#\/schema\/person\/image\/\",\"url\":\"https:\/\/secure.gravatar.com\/avatar\/b7cd6a228ab9368d5f221ffe7f0dae77?s=96&d=mm&r=g\",\"contentUrl\":\"https:\/\/secure.gravatar.com\/avatar\/b7cd6a228ab9368d5f221ffe7f0dae77?s=96&d=mm&r=g\",\"caption\":\"Elisabet\"},\"description\":\"\u00a1Hola! Soy Elisabet, aunque en algunos grupos de whatsapp soy simplemente mam\u00e1 de \u00cd. Tengo dos hijas muy divertidas, la primera nacida en febrero del 2013 y la segunda el enero del 2016 as\u00ed que ya hace m\u00e1s de tres a\u00f1os que vivo en horario infantil. En el mundo adulto trabajo en un hospital de Barcelona, soy enfermera y comadrona. Si quieres estar informado de los eventos y actividades para familias con ni\u00f1os en Catalunya, haz click aqu\u00ed para apuntarte a nuestra newsletter.\",\"sameAs\":[\"http:\/\/www.locaacademiafamiliar.com\"],\"url\":\"https:\/\/locaacademiafamiliar.com\/ca\/author\/eli\/\"}]}<\/script>\n<!-- \/ Yoast SEO plugin. -->","yoast_head_json":{"title":"Com fer un past\u00eds en forma de casa per portar a l'escola","description":"Recepta pas a pas per fer un past\u00eds en forma de casa per portar-lo a l'escola. Ideal per fer-lo amb nens petits que podran ajudar a decorar-lo.","robots":{"index":"index","follow":"follow","max-snippet":"max-snippet:-1","max-image-preview":"max-image-preview:large","max-video-preview":"max-video-preview:-1"},"canonical":"https:\/\/locaacademiafamiliar.com\/ca\/2017\/com-fer-un-pastis-en-forma-de-casa-per-portar-a-lescola\/","og_locale":"ca_ES","og_type":"article","og_title":"Com fer un past\u00eds en forma de casa per portar a l'escola","og_description":"Recepta pas a pas per fer un past\u00eds en forma de casa per portar-lo a l'escola. Ideal per fer-lo amb nens petits que podran ajudar a decorar-lo.","og_url":"https:\/\/locaacademiafamiliar.com\/ca\/2017\/com-fer-un-pastis-en-forma-de-casa-per-portar-a-lescola\/","og_site_name":"Boja Acad\u00e8mia Familiar","article_publisher":"https:\/\/www.facebook.com\/LocaAcademiaFamiliar","article_published_time":"2017-02-20T15:52:46+00:00","article_modified_time":"2017-02-20T15:54:45+00:00","og_image":[{"width":913,"height":507,"url":"https:\/\/locaacademiafamiliar.com\/wp-content\/uploads\/2017\/02\/como-hacer-un-pastel-con-nin\u0303os-8.jpg","type":"image\/jpeg"}],"author":"Elisabet","twitter_card":"summary_large_image","twitter_misc":{"Escrit per":"Elisabet","Temps estimat de lectura":"2 minuts"},"schema":{"@context":"https:\/\/schema.org","@graph":[{"@type":"Article","@id":"https:\/\/locaacademiafamiliar.com\/ca\/2017\/com-fer-un-pastis-en-forma-de-casa-per-portar-a-lescola\/#article","isPartOf":{"@id":"https:\/\/locaacademiafamiliar.com\/ca\/2017\/com-fer-un-pastis-en-forma-de-casa-per-portar-a-lescola\/"},"author":{"name":"Elisabet","@id":"https:\/\/locaacademiafamiliar.com\/ca\/#\/schema\/person\/8ddc70c9780d67ef5bbb462a307f8042"},"headline":"Com fer un past\u00eds en forma de casa per portar a l&#8217;escola","datePublished":"2017-02-20T15:52:46+00:00","dateModified":"2017-02-20T15:54:45+00:00","mainEntityOfPage":{"@id":"https:\/\/locaacademiafamiliar.com\/ca\/2017\/com-fer-un-pastis-en-forma-de-casa-per-portar-a-lescola\/"},"wordCount":436,"commentCount":0,"publisher":{"@id":"https:\/\/locaacademiafamiliar.com\/ca\/#organization"},"image":{"@id":"https:\/\/locaacademiafamiliar.com\/ca\/2017\/com-fer-un-pastis-en-forma-de-casa-per-portar-a-lescola\/#primaryimage"},"thumbnailUrl":"https:\/\/i0.wp.com\/locaacademiafamiliar.com\/wp-content\/uploads\/2017\/02\/como-hacer-un-pastel-con-nin%CC%83os-8.jpg?fit=913%2C507&ssl=1","keywords":["Menjar","Trucs"],"articleSection":["Laboratori"],"inLanguage":"ca","potentialAction":[{"@type":"CommentAction","name":"Comment","target":["https:\/\/locaacademiafamiliar.com\/ca\/2017\/com-fer-un-pastis-en-forma-de-casa-per-portar-a-lescola\/#respond"]}]},{"@type":"WebPage","@id":"https:\/\/locaacademiafamiliar.com\/ca\/2017\/com-fer-un-pastis-en-forma-de-casa-per-portar-a-lescola\/","url":"https:\/\/locaacademiafamiliar.com\/ca\/2017\/com-fer-un-pastis-en-forma-de-casa-per-portar-a-lescola\/","name":"Com fer un past\u00eds en forma de casa per portar a l'escola","isPartOf":{"@id":"https:\/\/locaacademiafamiliar.com\/ca\/#website"},"primaryImageOfPage":{"@id":"https:\/\/locaacademiafamiliar.com\/ca\/2017\/com-fer-un-pastis-en-forma-de-casa-per-portar-a-lescola\/#primaryimage"},"image":{"@id":"https:\/\/locaacademiafamiliar.com\/ca\/2017\/com-fer-un-pastis-en-forma-de-casa-per-portar-a-lescola\/#primaryimage"},"thumbnailUrl":"https:\/\/i0.wp.com\/locaacademiafamiliar.com\/wp-content\/uploads\/2017\/02\/como-hacer-un-pastel-con-nin%CC%83os-8.jpg?fit=913%2C507&ssl=1","datePublished":"2017-02-20T15:52:46+00:00","dateModified":"2017-02-20T15:54:45+00:00","description":"Recepta pas a pas per fer un past\u00eds en forma de casa per portar-lo a l'escola. Ideal per fer-lo amb nens petits que podran ajudar a decorar-lo.","breadcrumb":{"@id":"https:\/\/locaacademiafamiliar.com\/ca\/2017\/com-fer-un-pastis-en-forma-de-casa-per-portar-a-lescola\/#breadcrumb"},"inLanguage":"ca","potentialAction":[{"@type":"ReadAction","target":["https:\/\/locaacademiafamiliar.com\/ca\/2017\/com-fer-un-pastis-en-forma-de-casa-per-portar-a-lescola\/"]}]},{"@type":"ImageObject","inLanguage":"ca","@id":"https:\/\/locaacademiafamiliar.com\/ca\/2017\/com-fer-un-pastis-en-forma-de-casa-per-portar-a-lescola\/#primaryimage","url":"https:\/\/i0.wp.com\/locaacademiafamiliar.com\/wp-content\/uploads\/2017\/02\/como-hacer-un-pastel-con-nin%CC%83os-8.jpg?fit=913%2C507&ssl=1","contentUrl":"https:\/\/i0.wp.com\/locaacademiafamiliar.com\/wp-content\/uploads\/2017\/02\/como-hacer-un-pastel-con-nin%CC%83os-8.jpg?fit=913%2C507&ssl=1","width":913,"height":507},{"@type":"BreadcrumbList","@id":"https:\/\/locaacademiafamiliar.com\/ca\/2017\/com-fer-un-pastis-en-forma-de-casa-per-portar-a-lescola\/#breadcrumb","itemListElement":[{"@type":"ListItem","position":1,"name":"Portada","item":"https:\/\/locaacademiafamiliar.com\/ca\/"},{"@type":"ListItem","position":2,"name":"Com fer un past\u00eds en forma de casa per portar a l&#8217;escola"}]},{"@type":"WebSite","@id":"https:\/\/locaacademiafamiliar.com\/ca\/#website","url":"https:\/\/locaacademiafamiliar.com\/ca\/","name":"Boja Acad\u00e8mia Familiar","description":"El blog de crianza con el que pap\u00e1s y mam\u00e1s salen mejor preparados para su rutina familiar diaria","publisher":{"@id":"https:\/\/locaacademiafamiliar.com\/ca\/#organization"},"potentialAction":[{"@type":"SearchAction","target":{"@type":"EntryPoint","urlTemplate":"https:\/\/locaacademiafamiliar.com\/ca\/?s={search_term_string}"},"query-input":{"@type":"PropertyValueSpecification","valueRequired":true,"valueName":"search_term_string"}}],"inLanguage":"ca"},{"@type":"Organization","@id":"https:\/\/locaacademiafamiliar.com\/ca\/#organization","name":"LocaAcademiaFamiliar.com","url":"https:\/\/locaacademiafamiliar.com\/ca\/","logo":{"@type":"ImageObject","inLanguage":"ca","@id":"https:\/\/locaacademiafamiliar.com\/ca\/#\/schema\/logo\/image\/","url":"https:\/\/locaacademiafamiliar.com\/wp-content\/uploads\/2020\/01\/logo-loca-academia-familiar.jpg","contentUrl":"https:\/\/locaacademiafamiliar.com\/wp-content\/uploads\/2020\/01\/logo-loca-academia-familiar.jpg","width":960,"height":960,"caption":"LocaAcademiaFamiliar.com"},"image":{"@id":"https:\/\/locaacademiafamiliar.com\/ca\/#\/schema\/logo\/image\/"},"sameAs":["https:\/\/www.facebook.com\/LocaAcademiaFamiliar"]},{"@type":"Person","@id":"https:\/\/locaacademiafamiliar.com\/ca\/#\/schema\/person\/8ddc70c9780d67ef5bbb462a307f8042","name":"Elisabet","image":{"@type":"ImageObject","inLanguage":"ca","@id":"https:\/\/locaacademiafamiliar.com\/ca\/#\/schema\/person\/image\/","url":"https:\/\/secure.gravatar.com\/avatar\/b7cd6a228ab9368d5f221ffe7f0dae77?s=96&d=mm&r=g","contentUrl":"https:\/\/secure.gravatar.com\/avatar\/b7cd6a228ab9368d5f221ffe7f0dae77?s=96&d=mm&r=g","caption":"Elisabet"},"description":"\u00a1Hola! Soy Elisabet, aunque en algunos grupos de whatsapp soy simplemente mam\u00e1 de \u00cd. Tengo dos hijas muy divertidas, la primera nacida en febrero del 2013 y la segunda el enero del 2016 as\u00ed que ya hace m\u00e1s de tres a\u00f1os que vivo en horario infantil. En el mundo adulto trabajo en un hospital de Barcelona, soy enfermera y comadrona. Si quieres estar informado de los eventos y actividades para familias con ni\u00f1os en Catalunya, haz click aqu\u00ed para apuntarte a nuestra newsletter.","sameAs":["http:\/\/www.locaacademiafamiliar.com"],"url":"https:\/\/locaacademiafamiliar.com\/ca\/author\/eli\/"}]}},"jetpack_featured_media_url":"https:\/\/i0.wp.com\/locaacademiafamiliar.com\/wp-content\/uploads\/2017\/02\/como-hacer-un-pastel-con-nin%CC%83os-8.jpg?fit=913%2C507&ssl=1","jetpack_sharing_enabled":true,"amp_enabled":true,"_links":{"self":[{"href":"https:\/\/locaacademiafamiliar.com\/ca\/wp-json\/wp\/v2\/posts\/1120","targetHints":{"allow":["GET"]}}],"collection":[{"href":"https:\/\/locaacademiafamiliar.com\/ca\/wp-json\/wp\/v2\/posts"}],"about":[{"href":"https:\/\/locaacademiafamiliar.com\/ca\/wp-json\/wp\/v2\/types\/post"}],"author":[{"embeddable":true,"href":"https:\/\/locaacademiafamiliar.com\/ca\/wp-json\/wp\/v2\/users\/2"}],"replies":[{"embeddable":true,"href":"https:\/\/locaacademiafamiliar.com\/ca\/wp-json\/wp\/v2\/comments?post=1120"}],"version-history":[{"count":0,"href":"https:\/\/locaacademiafamiliar.com\/ca\/wp-json\/wp\/v2\/posts\/1120\/revisions"}],"wp:featuredmedia":[{"embeddable":true,"href":"https:\/\/locaacademiafamiliar.com\/ca\/wp-json\/wp\/v2\/media\/1115"}],"wp:attachment":[{"href":"https:\/\/locaacademiafamiliar.com\/ca\/wp-json\/wp\/v2\/media?parent=1120"}],"wp:term":[{"taxonomy":"category","embeddable":true,"href":"https:\/\/locaacademiafamiliar.com\/ca\/wp-json\/wp\/v2\/categories?post=1120"},{"taxonomy":"post_tag","embeddable":true,"href":"https:\/\/locaacademiafamiliar.com\/ca\/wp-json\/wp\/v2\/tags?post=1120"}],"curies":[{"name":"wp","href":"https:\/\/api.w.org\/{rel}","templated":true}]}}