{"id":1501,"date":"2017-06-22T14:23:30","date_gmt":"2017-06-22T14:23:30","guid":{"rendered":"http:\/\/locaacademiafamiliar.com\/?p=1501\/"},"modified":"2017-06-22T15:23:52","modified_gmt":"2017-06-22T15:23:52","slug":"els-nadons-i-les-caries-quan-cal-comencar-rentar-les-dents","status":"publish","type":"post","link":"https:\/\/locaacademiafamiliar.com\/ca\/2017\/els-nadons-i-les-caries-quan-cal-comencar-rentar-les-dents\/","title":{"rendered":"Els nadons i les c\u00e0ries &#8211; Quan cal comen\u00e7ar a rentar les dents?"},"content":{"rendered":"<p><strong>Aixequeu la m\u00e0 els que mai no hagueu tingut\u00a0una c\u00e0ries! Saps que el teu nad\u00f3 tamb\u00e9 pot tenir c\u00e0ries? Saps com evitar-ho?<\/strong><\/p>\n<p>En la sessi\u00f3 d&#8217;avui vull fer-vos un resum del que <strong>he apr\u00e8s treballant amb odontopediatres<\/strong>. Us far\u00f1e cicn c\u00e8ntims\u00a0de com fer la neteha\u00a0bucodental dels vostres fills\u00a0per\u00f2 aix\u00f2 no substitueix una visita a l&#8217;odontopediatra; nom\u00e9s s\u00f3n algunes\u00a0pautes b\u00e0siques per a les primeres dents i segur que hi ha casos en que, tot i cuidant molt la boqueta, apareixeran c\u00e0ries.<\/p>\n<p><img data-recalc-dims=\"1\" decoding=\"async\" class=\"size-full wp-image-1491 aligncenter\" src=\"https:\/\/i0.wp.com\/locaacademiafamiliar.com\/wp-content\/uploads\/2017\/06\/dientes-bebe-caries-4-.jpg?resize=1024%2C768\" alt=\"\" width=\"1024\" height=\"768\" srcset=\"https:\/\/i0.wp.com\/locaacademiafamiliar.com\/wp-content\/uploads\/2017\/06\/dientes-bebe-caries-4-.jpg?w=1024&amp;ssl=1 1024w, https:\/\/i0.wp.com\/locaacademiafamiliar.com\/wp-content\/uploads\/2017\/06\/dientes-bebe-caries-4-.jpg?resize=300%2C225&amp;ssl=1 300w, https:\/\/i0.wp.com\/locaacademiafamiliar.com\/wp-content\/uploads\/2017\/06\/dientes-bebe-caries-4-.jpg?resize=768%2C576&amp;ssl=1 768w, https:\/\/i0.wp.com\/locaacademiafamiliar.com\/wp-content\/uploads\/2017\/06\/dientes-bebe-caries-4-.jpg?resize=678%2C509&amp;ssl=1 678w, https:\/\/i0.wp.com\/locaacademiafamiliar.com\/wp-content\/uploads\/2017\/06\/dientes-bebe-caries-4-.jpg?resize=326%2C245&amp;ssl=1 326w, https:\/\/i0.wp.com\/locaacademiafamiliar.com\/wp-content\/uploads\/2017\/06\/dientes-bebe-caries-4-.jpg?resize=80%2C60&amp;ssl=1 80w\" sizes=\"(max-width: 1000px) 100vw, 1000px\" \/><\/p>\n<h3>Per\u00a0qu\u00e8 apareixen les c\u00e0ries?<\/h3>\n<p>Com segur que ja saps, perqu\u00e8 hi hagi c\u00e0ries es necessita una fermentaci\u00f3 de sucres; \u00e9s a dir, sense sucre no hi ha c\u00e0ries&#8230; Per\u00f2 no estic parlant del sucre dels caramels, ni la xocolata, sin\u00f3 de tots els tipus de sucre. Dit d&#8217;una altra manera: els hidrats de carboni que inclouen des de la pasta fins a la fruita. Veient que el grup \u00e9s tan ampli, segur que no els podr\u00e0s evitar perqu\u00e8 alguna cosa hem de menjar, oi? \ud83d\ude42<\/p>\n<p>A m\u00e9s a m\u00e9s, en els nens la superf\u00edcie dental \u00e9s m\u00e9s susceptible. S\u00f3n situacions de risc la pr\u00f2pia erupci\u00f3 de dents o la disminuci\u00f3 de la saliva en les hores de son.<\/p>\n<p>Per afegir una altra inc\u00f2gnita a aquesta equaci\u00f3 us parlar\u00e9 del S mutans. \u00c9s un microorganisme cariog\u00e8nic (que causa c\u00e0ries) que si est\u00e0 present a la saliva de la mare o del cuidador de refer\u00e8ncia augmenta la probabilitat que el nen desenvolupi c\u00e0ries.<\/p>\n<p>&nbsp;<\/p>\n<p><img data-recalc-dims=\"1\" decoding=\"async\" class=\"size-full wp-image-1492 aligncenter\" src=\"https:\/\/i0.wp.com\/locaacademiafamiliar.com\/wp-content\/uploads\/2017\/06\/dientes-bebe-caries-5.jpg?resize=1024%2C686\" alt=\"\" width=\"1024\" height=\"686\" srcset=\"https:\/\/i0.wp.com\/locaacademiafamiliar.com\/wp-content\/uploads\/2017\/06\/dientes-bebe-caries-5.jpg?w=1024&amp;ssl=1 1024w, https:\/\/i0.wp.com\/locaacademiafamiliar.com\/wp-content\/uploads\/2017\/06\/dientes-bebe-caries-5.jpg?resize=300%2C201&amp;ssl=1 300w, https:\/\/i0.wp.com\/locaacademiafamiliar.com\/wp-content\/uploads\/2017\/06\/dientes-bebe-caries-5.jpg?resize=768%2C515&amp;ssl=1 768w\" sizes=\"(max-width: 1000px) 100vw, 1000px\" \/><\/p>\n<p>\u00c9s com una balan\u00e7a: quan pesen m\u00e9s els factors protectors no es desenvolupa c\u00e0ries. <strong>Els factors protectors s\u00f3n: 1) la cura bucodental del nen, 2) la cura bucodental de la mare (o del cuidador principal) i 3) evitar la transmissi\u00f3 de bacteris.<\/strong><\/p>\n<h4><strong>1. Cura bucal de la mare<\/strong><\/h4>\n<ul>\n<li><strong>Dieta equilibrada<\/strong> evitant al m\u00e0xim sucres d&#8217;absorci\u00f3 r\u00e0pida (dol\u00e7os) i<strong> raspallat + seda dental dues vegades al dia.<\/strong><\/li>\n<\/ul>\n<h4>2. Evitar la transmissi\u00f3 de bacteris<\/h4>\n<ul>\n<li><strong>No compartir coberts, evitar al m\u00e0xim els petons a la boca ni tampoc bufar el menjar als nens quan aquest crema<\/strong> (amb la de vegades que ho fem, oi?).<\/li>\n<\/ul>\n<h4>3. Cura bucal del nad\u00f3<\/h4>\n<ul>\n<li><strong>Raspallar les dents dues vegades al dia amb un raspallet adequat i anar a dormir sempre amb les dents netes. Quan cal comen\u00e7ar a rentar\u00a0les dents del nad\u00f3? Doncs &#8230; quan tingui dents<\/strong> \ud83d\ude42 Alguns odontopediatres recomanen fins i tot comen\u00e7ar abans, passant una gasa humitejada per les genives amb l&#8217;objectiu de acostumar el beb\u00e8. Dels 6 als 18 mesos es poden utilitzar didals de silicona o raspallets adequats i posteriorment ja fer-ho amb un raspall adequat\u00a0a la seva edat.<\/li>\n<li>Dieta del nad\u00f3 equilibrada evitant al m\u00e0xim sucres d&#8217;absorci\u00f3 r\u00e0pida (dol\u00e7os), <strong>\u00e9s important evitar menjar\u00a0constantment.<\/strong> <strong>Per exemple, passar-se tota la tarda picotejant (encara que sigui de pa) afavoreix la formaci\u00f3 de c\u00e0ries<\/strong>.<\/li>\n<\/ul>\n<p>&nbsp;<\/p>\n<p>Us heu plantejat tenir un mini-raspatllet\u00a0de dents a casa? Aqu\u00ed van algunes<strong> idees per al \u00a0primer raspall de dents del teu fill:<\/strong><\/p>\n<p><a href=\"https:\/\/www.amazon.es\/gp\/product\/B01K1CWTU0\/ref=as_li_tl?ie=UTF8&amp;camp=3638&amp;creative=24630&amp;creativeASIN=B01K1CWTU0&amp;linkCode=as2&amp;tag=locaacademia-21&amp;linkId=f79e850c7d66a1e64c37b976a9db27b3\" target=\"_blank\" rel=\"noopener noreferrer\"><img data-recalc-dims=\"1\" decoding=\"async\" class=\"alignleft size-full wp-image-1486\" src=\"https:\/\/i0.wp.com\/locaacademiafamiliar.com\/wp-content\/uploads\/2017\/06\/cepillo-dientes-bebe-tipos.png?resize=181%2C360\" alt=\"\" width=\"181\" height=\"360\" srcset=\"https:\/\/i0.wp.com\/locaacademiafamiliar.com\/wp-content\/uploads\/2017\/06\/cepillo-dientes-bebe-tipos.png?w=181&amp;ssl=1 181w, https:\/\/i0.wp.com\/locaacademiafamiliar.com\/wp-content\/uploads\/2017\/06\/cepillo-dientes-bebe-tipos.png?resize=151%2C300&amp;ssl=1 151w\" sizes=\"(max-width: 181px) 100vw, 181px\" \/><\/a><\/p>\n<p><a href=\"http:\/\/amzn.to\/2ssx1sm\" target=\"_blank\" rel=\"noopener noreferrer\"><img data-recalc-dims=\"1\" decoding=\"async\" class=\"size-full wp-image-1488 alignleft\" src=\"https:\/\/i0.wp.com\/locaacademiafamiliar.com\/wp-content\/uploads\/2017\/06\/cepillos-dientes-bebe.png?resize=183%2C358\" alt=\"\" width=\"183\" height=\"358\" srcset=\"https:\/\/i0.wp.com\/locaacademiafamiliar.com\/wp-content\/uploads\/2017\/06\/cepillos-dientes-bebe.png?w=183&amp;ssl=1 183w, https:\/\/i0.wp.com\/locaacademiafamiliar.com\/wp-content\/uploads\/2017\/06\/cepillos-dientes-bebe.png?resize=153%2C300&amp;ssl=1 153w\" sizes=\"(max-width: 183px) 100vw, 183px\" \/><\/a><\/p>\n<p><a href=\"http:\/\/amzn.to\/2tkJ6QC\" target=\"_blank\" rel=\"noopener noreferrer\"><img data-recalc-dims=\"1\" decoding=\"async\" class=\"size-full wp-image-1489 alignnone\" src=\"https:\/\/i0.wp.com\/locaacademiafamiliar.com\/wp-content\/uploads\/2017\/06\/primer-cepillo-dientes-bebe.png?resize=178%2C362\" alt=\"\" width=\"178\" height=\"362\" srcset=\"https:\/\/i0.wp.com\/locaacademiafamiliar.com\/wp-content\/uploads\/2017\/06\/primer-cepillo-dientes-bebe.png?w=178&amp;ssl=1 178w, https:\/\/i0.wp.com\/locaacademiafamiliar.com\/wp-content\/uploads\/2017\/06\/primer-cepillo-dientes-bebe.png?resize=148%2C300&amp;ssl=1 148w\" sizes=\"(max-width: 178px) 100vw, 178px\" \/><\/a><\/p>\n<p>Us deixo tamb\u00e9 unes diapositives pr\u00f2pies que vaig preparar fa un temps per a una presentaci\u00f3 sobre el tema. Us poden servir de resum de la lli\u00e7\u00f3 d&#8217;avui.<\/p>\n<div data-carousel-extra='{&quot;blog_id&quot;:1,&quot;permalink&quot;:&quot;https:\/\/locaacademiafamiliar.com\/ca\/2017\/els-nadons-i-les-caries-quan-cal-comencar-rentar-les-dents\/&quot;}' id='gallery-1' class='gallery galleryid-1501 gallery-columns-1 gallery-size-full'><figure class='gallery-item'>\n\t\t\t<div class='gallery-icon landscape'>\n\t\t\t\t<a href='https:\/\/locaacademiafamiliar.com\/ca\/2017\/els-nadons-i-les-caries-quan-cal-comencar-rentar-les-dents\/caries-bebes-que-hay-que-saber\/'><img decoding=\"async\" width=\"1366\" height=\"768\" src=\"https:\/\/i0.wp.com\/locaacademiafamiliar.com\/wp-content\/uploads\/2017\/06\/caries-bebes-que-hay-que-saber.png?fit=1366%2C768&amp;ssl=1\" class=\"attachment-full size-full\" alt=\"\" srcset=\"https:\/\/i0.wp.com\/locaacademiafamiliar.com\/wp-content\/uploads\/2017\/06\/caries-bebes-que-hay-que-saber.png?w=1366&amp;ssl=1 1366w, https:\/\/i0.wp.com\/locaacademiafamiliar.com\/wp-content\/uploads\/2017\/06\/caries-bebes-que-hay-que-saber.png?resize=300%2C169&amp;ssl=1 300w, https:\/\/i0.wp.com\/locaacademiafamiliar.com\/wp-content\/uploads\/2017\/06\/caries-bebes-que-hay-que-saber.png?resize=768%2C432&amp;ssl=1 768w, https:\/\/i0.wp.com\/locaacademiafamiliar.com\/wp-content\/uploads\/2017\/06\/caries-bebes-que-hay-que-saber.png?resize=1024%2C576&amp;ssl=1 1024w, https:\/\/i0.wp.com\/locaacademiafamiliar.com\/wp-content\/uploads\/2017\/06\/caries-bebes-que-hay-que-saber.png?resize=678%2C381&amp;ssl=1 678w\" sizes=\"(max-width: 1000px) 100vw, 1000px\" data-attachment-id=\"5246\" data-permalink=\"https:\/\/locaacademiafamiliar.com\/ca\/2017\/els-nadons-i-les-caries-quan-cal-comencar-rentar-les-dents\/caries-bebes-que-hay-que-saber\/\" data-orig-file=\"https:\/\/i0.wp.com\/locaacademiafamiliar.com\/wp-content\/uploads\/2017\/06\/caries-bebes-que-hay-que-saber.png?fit=1366%2C768&amp;ssl=1\" data-orig-size=\"1366,768\" data-comments-opened=\"1\" data-image-meta=\"{&quot;aperture&quot;:&quot;0&quot;,&quot;credit&quot;:&quot;&quot;,&quot;camera&quot;:&quot;&quot;,&quot;caption&quot;:&quot;&quot;,&quot;created_timestamp&quot;:&quot;0&quot;,&quot;copyright&quot;:&quot;&quot;,&quot;focal_length&quot;:&quot;0&quot;,&quot;iso&quot;:&quot;0&quot;,&quot;shutter_speed&quot;:&quot;0&quot;,&quot;title&quot;:&quot;&quot;,&quot;orientation&quot;:&quot;0&quot;}\" data-image-title=\"caries bebes que hay que saber\" data-image-description=\"\" data-image-caption=\"\" data-medium-file=\"https:\/\/i0.wp.com\/locaacademiafamiliar.com\/wp-content\/uploads\/2017\/06\/caries-bebes-que-hay-que-saber.png?fit=300%2C169&amp;ssl=1\" data-large-file=\"https:\/\/i0.wp.com\/locaacademiafamiliar.com\/wp-content\/uploads\/2017\/06\/caries-bebes-que-hay-que-saber.png?fit=1024%2C576&amp;ssl=1\" \/><\/a>\n\t\t\t<\/div><\/figure><figure class='gallery-item'>\n\t\t\t<div class='gallery-icon landscape'>\n\t\t\t\t<a href='https:\/\/locaacademiafamiliar.com\/ca\/2017\/els-nadons-i-les-caries-quan-cal-comencar-rentar-les-dents\/caries-bebes-que-hay-que-saber-4\/'><img decoding=\"async\" width=\"1366\" height=\"768\" src=\"https:\/\/i0.wp.com\/locaacademiafamiliar.com\/wp-content\/uploads\/2017\/06\/caries-bebes-que-hay-que-saber-4.png?fit=1366%2C768&amp;ssl=1\" class=\"attachment-full size-full\" alt=\"\" srcset=\"https:\/\/i0.wp.com\/locaacademiafamiliar.com\/wp-content\/uploads\/2017\/06\/caries-bebes-que-hay-que-saber-4.png?w=1366&amp;ssl=1 1366w, https:\/\/i0.wp.com\/locaacademiafamiliar.com\/wp-content\/uploads\/2017\/06\/caries-bebes-que-hay-que-saber-4.png?resize=300%2C169&amp;ssl=1 300w, https:\/\/i0.wp.com\/locaacademiafamiliar.com\/wp-content\/uploads\/2017\/06\/caries-bebes-que-hay-que-saber-4.png?resize=768%2C432&amp;ssl=1 768w, https:\/\/i0.wp.com\/locaacademiafamiliar.com\/wp-content\/uploads\/2017\/06\/caries-bebes-que-hay-que-saber-4.png?resize=1024%2C576&amp;ssl=1 1024w, https:\/\/i0.wp.com\/locaacademiafamiliar.com\/wp-content\/uploads\/2017\/06\/caries-bebes-que-hay-que-saber-4.png?resize=678%2C381&amp;ssl=1 678w\" sizes=\"(max-width: 1000px) 100vw, 1000px\" data-attachment-id=\"5249\" data-permalink=\"https:\/\/locaacademiafamiliar.com\/ca\/2017\/els-nadons-i-les-caries-quan-cal-comencar-rentar-les-dents\/caries-bebes-que-hay-que-saber-4\/\" data-orig-file=\"https:\/\/i0.wp.com\/locaacademiafamiliar.com\/wp-content\/uploads\/2017\/06\/caries-bebes-que-hay-que-saber-4.png?fit=1366%2C768&amp;ssl=1\" data-orig-size=\"1366,768\" data-comments-opened=\"1\" data-image-meta=\"{&quot;aperture&quot;:&quot;0&quot;,&quot;credit&quot;:&quot;&quot;,&quot;camera&quot;:&quot;&quot;,&quot;caption&quot;:&quot;&quot;,&quot;created_timestamp&quot;:&quot;0&quot;,&quot;copyright&quot;:&quot;&quot;,&quot;focal_length&quot;:&quot;0&quot;,&quot;iso&quot;:&quot;0&quot;,&quot;shutter_speed&quot;:&quot;0&quot;,&quot;title&quot;:&quot;&quot;,&quot;orientation&quot;:&quot;0&quot;}\" data-image-title=\"caries bebes que hay que saber 4\" data-image-description=\"\" data-image-caption=\"\" data-medium-file=\"https:\/\/i0.wp.com\/locaacademiafamiliar.com\/wp-content\/uploads\/2017\/06\/caries-bebes-que-hay-que-saber-4.png?fit=300%2C169&amp;ssl=1\" data-large-file=\"https:\/\/i0.wp.com\/locaacademiafamiliar.com\/wp-content\/uploads\/2017\/06\/caries-bebes-que-hay-que-saber-4.png?fit=1024%2C576&amp;ssl=1\" \/><\/a>\n\t\t\t<\/div><\/figure><figure class='gallery-item'>\n\t\t\t<div class='gallery-icon landscape'>\n\t\t\t\t<a href='https:\/\/locaacademiafamiliar.com\/ca\/2017\/els-nadons-i-les-caries-quan-cal-comencar-rentar-les-dents\/caries-bebes-que-hay-que-saber-3\/'><img decoding=\"async\" width=\"1366\" height=\"768\" src=\"https:\/\/i0.wp.com\/locaacademiafamiliar.com\/wp-content\/uploads\/2017\/06\/caries-bebes-que-hay-que-saber-3.png?fit=1366%2C768&amp;ssl=1\" class=\"attachment-full size-full\" alt=\"\" srcset=\"https:\/\/i0.wp.com\/locaacademiafamiliar.com\/wp-content\/uploads\/2017\/06\/caries-bebes-que-hay-que-saber-3.png?w=1366&amp;ssl=1 1366w, https:\/\/i0.wp.com\/locaacademiafamiliar.com\/wp-content\/uploads\/2017\/06\/caries-bebes-que-hay-que-saber-3.png?resize=300%2C169&amp;ssl=1 300w, https:\/\/i0.wp.com\/locaacademiafamiliar.com\/wp-content\/uploads\/2017\/06\/caries-bebes-que-hay-que-saber-3.png?resize=768%2C432&amp;ssl=1 768w, https:\/\/i0.wp.com\/locaacademiafamiliar.com\/wp-content\/uploads\/2017\/06\/caries-bebes-que-hay-que-saber-3.png?resize=1024%2C576&amp;ssl=1 1024w, https:\/\/i0.wp.com\/locaacademiafamiliar.com\/wp-content\/uploads\/2017\/06\/caries-bebes-que-hay-que-saber-3.png?resize=678%2C381&amp;ssl=1 678w\" sizes=\"(max-width: 1000px) 100vw, 1000px\" data-attachment-id=\"5248\" data-permalink=\"https:\/\/locaacademiafamiliar.com\/ca\/2017\/els-nadons-i-les-caries-quan-cal-comencar-rentar-les-dents\/caries-bebes-que-hay-que-saber-3\/\" data-orig-file=\"https:\/\/i0.wp.com\/locaacademiafamiliar.com\/wp-content\/uploads\/2017\/06\/caries-bebes-que-hay-que-saber-3.png?fit=1366%2C768&amp;ssl=1\" data-orig-size=\"1366,768\" data-comments-opened=\"1\" data-image-meta=\"{&quot;aperture&quot;:&quot;0&quot;,&quot;credit&quot;:&quot;&quot;,&quot;camera&quot;:&quot;&quot;,&quot;caption&quot;:&quot;&quot;,&quot;created_timestamp&quot;:&quot;0&quot;,&quot;copyright&quot;:&quot;&quot;,&quot;focal_length&quot;:&quot;0&quot;,&quot;iso&quot;:&quot;0&quot;,&quot;shutter_speed&quot;:&quot;0&quot;,&quot;title&quot;:&quot;&quot;,&quot;orientation&quot;:&quot;0&quot;}\" data-image-title=\"caries bebes que hay que saber 3\" data-image-description=\"\" data-image-caption=\"\" data-medium-file=\"https:\/\/i0.wp.com\/locaacademiafamiliar.com\/wp-content\/uploads\/2017\/06\/caries-bebes-que-hay-que-saber-3.png?fit=300%2C169&amp;ssl=1\" data-large-file=\"https:\/\/i0.wp.com\/locaacademiafamiliar.com\/wp-content\/uploads\/2017\/06\/caries-bebes-que-hay-que-saber-3.png?fit=1024%2C576&amp;ssl=1\" \/><\/a>\n\t\t\t<\/div><\/figure><figure class='gallery-item'>\n\t\t\t<div class='gallery-icon landscape'>\n\t\t\t\t<a href='https:\/\/locaacademiafamiliar.com\/ca\/2017\/els-nadons-i-les-caries-quan-cal-comencar-rentar-les-dents\/caries-bebes-que-hay-que-saber-2\/'><img decoding=\"async\" width=\"1366\" height=\"768\" src=\"https:\/\/i0.wp.com\/locaacademiafamiliar.com\/wp-content\/uploads\/2017\/06\/caries-bebes-que-hay-que-saber-2.png?fit=1366%2C768&amp;ssl=1\" class=\"attachment-full size-full\" alt=\"\" srcset=\"https:\/\/i0.wp.com\/locaacademiafamiliar.com\/wp-content\/uploads\/2017\/06\/caries-bebes-que-hay-que-saber-2.png?w=1366&amp;ssl=1 1366w, https:\/\/i0.wp.com\/locaacademiafamiliar.com\/wp-content\/uploads\/2017\/06\/caries-bebes-que-hay-que-saber-2.png?resize=300%2C169&amp;ssl=1 300w, https:\/\/i0.wp.com\/locaacademiafamiliar.com\/wp-content\/uploads\/2017\/06\/caries-bebes-que-hay-que-saber-2.png?resize=768%2C432&amp;ssl=1 768w, https:\/\/i0.wp.com\/locaacademiafamiliar.com\/wp-content\/uploads\/2017\/06\/caries-bebes-que-hay-que-saber-2.png?resize=1024%2C576&amp;ssl=1 1024w, https:\/\/i0.wp.com\/locaacademiafamiliar.com\/wp-content\/uploads\/2017\/06\/caries-bebes-que-hay-que-saber-2.png?resize=678%2C381&amp;ssl=1 678w\" sizes=\"(max-width: 1000px) 100vw, 1000px\" data-attachment-id=\"5247\" data-permalink=\"https:\/\/locaacademiafamiliar.com\/ca\/2017\/els-nadons-i-les-caries-quan-cal-comencar-rentar-les-dents\/caries-bebes-que-hay-que-saber-2\/\" data-orig-file=\"https:\/\/i0.wp.com\/locaacademiafamiliar.com\/wp-content\/uploads\/2017\/06\/caries-bebes-que-hay-que-saber-2.png?fit=1366%2C768&amp;ssl=1\" data-orig-size=\"1366,768\" data-comments-opened=\"1\" data-image-meta=\"{&quot;aperture&quot;:&quot;0&quot;,&quot;credit&quot;:&quot;&quot;,&quot;camera&quot;:&quot;&quot;,&quot;caption&quot;:&quot;&quot;,&quot;created_timestamp&quot;:&quot;0&quot;,&quot;copyright&quot;:&quot;&quot;,&quot;focal_length&quot;:&quot;0&quot;,&quot;iso&quot;:&quot;0&quot;,&quot;shutter_speed&quot;:&quot;0&quot;,&quot;title&quot;:&quot;&quot;,&quot;orientation&quot;:&quot;0&quot;}\" data-image-title=\"caries bebes que hay que saber 2\" data-image-description=\"\" data-image-caption=\"\" data-medium-file=\"https:\/\/i0.wp.com\/locaacademiafamiliar.com\/wp-content\/uploads\/2017\/06\/caries-bebes-que-hay-que-saber-2.png?fit=300%2C169&amp;ssl=1\" data-large-file=\"https:\/\/i0.wp.com\/locaacademiafamiliar.com\/wp-content\/uploads\/2017\/06\/caries-bebes-que-hay-que-saber-2.png?fit=1024%2C576&amp;ssl=1\" \/><\/a>\n\t\t\t<\/div><\/figure>\n\t\t<\/div>\n\n<p>&nbsp;<\/p>\n<hr \/>\n<p style=\"text-align: right;\"><em>Fotos: <a href=\"https:\/\/flic.kr\/p\/iPjmJB\" target=\"_blank\" rel=\"noopener noreferrer\">William Warby<\/a>, <a href=\"https:\/\/flic.kr\/p\/6usYpx\">The Aicher Family<\/a>, <a href=\"https:\/\/flic.kr\/p\/6AbgRb\">Sean Donohue<\/a>.\u00a0<\/em><\/p>\n","protected":false},"excerpt":{"rendered":"<div class=\"mh-excerpt\"><p>Aixequeu la m\u00e0 els que mai no hagueu tingut una c\u00e0ries! Saps que el teu nad\u00f3 tamb\u00e9 pot tenir c\u00e0ries? Saps com evitar-ho? En la sessi\u00f3 d&#8217;avui vull fer-vos un resum del que he apr\u00e8s treballant amb odontopediatres. <a class=\"mh-excerpt-more\" href=\"https:\/\/locaacademiafamiliar.com\/ca\/2017\/els-nadons-i-les-caries-quan-cal-comencar-rentar-les-dents\/\" title=\"Els nadons i les c\u00e0ries &#8211; Quan cal comen\u00e7ar a rentar les dents?\">[&#8230;]<\/a><\/p>\n<\/div>","protected":false},"author":2,"featured_media":1484,"comment_status":"open","ping_status":"open","sticky":false,"template":"","format":"standard","meta":{"_monsterinsights_skip_tracking":false,"_monsterinsights_sitenote_active":false,"_monsterinsights_sitenote_note":"","_monsterinsights_sitenote_category":0,"_jetpack_memberships_contains_paid_content":false,"footnotes":""},"categories":[40],"tags":[47,48,50,54],"class_list":{"0":"post-1501","1":"post","2":"type-post","3":"status-publish","4":"format-standard","5":"has-post-thumbnail","7":"category-laboratori","8":"tag-un-any","9":"tag-dos-anys","10":"tag-sis-nou-dotze-mesos","11":"tag-menjar"},"yoast_head":"<!-- This site is optimized with the Yoast SEO plugin v26.8 - https:\/\/yoast.com\/product\/yoast-seo-wordpress\/ -->\n<title>Els nadons i les c\u00e0ries - Quan cal comen\u00e7ar a rentar les dents? ~ Boja Acad\u00e8mia Familiar<\/title>\n<meta name=\"description\" content=\"Blog de crianza Loca Academia Familiar para familias con ni\u00f1os. Viajes con ni\u00f1os, trucos, ideas, manualidades, libros de crianza y mucho m\u00e1s.\" \/>\n<meta name=\"robots\" content=\"index, follow, max-snippet:-1, max-image-preview:large, max-video-preview:-1\" \/>\n<link rel=\"canonical\" href=\"https:\/\/locaacademiafamiliar.com\/ca\/2017\/els-nadons-i-les-caries-quan-cal-comencar-rentar-les-dents\/\" \/>\n<meta property=\"og:locale\" content=\"ca_ES\" \/>\n<meta property=\"og:type\" content=\"article\" \/>\n<meta property=\"og:title\" content=\"Els nadons i les c\u00e0ries - Quan cal comen\u00e7ar a rentar les dents? ~ Boja Acad\u00e8mia Familiar\" \/>\n<meta property=\"og:description\" content=\"Blog de crianza Loca Academia Familiar para familias con ni\u00f1os. Viajes con ni\u00f1os, trucos, ideas, manualidades, libros de crianza y mucho m\u00e1s.\" \/>\n<meta property=\"og:url\" content=\"https:\/\/locaacademiafamiliar.com\/ca\/2017\/els-nadons-i-les-caries-quan-cal-comencar-rentar-les-dents\/\" \/>\n<meta property=\"og:site_name\" content=\"Boja Acad\u00e8mia Familiar\" \/>\n<meta property=\"article:publisher\" content=\"https:\/\/www.facebook.com\/LocaAcademiaFamiliar\" \/>\n<meta property=\"article:published_time\" content=\"2017-06-22T14:23:30+00:00\" \/>\n<meta property=\"article:modified_time\" content=\"2017-06-22T15:23:52+00:00\" \/>\n<meta property=\"og:image\" content=\"https:\/\/locaacademiafamiliar.com\/wp-content\/uploads\/2017\/06\/dientes-bebe-caries.jpg\" \/>\n\t<meta property=\"og:image:width\" content=\"1500\" \/>\n\t<meta property=\"og:image:height\" content=\"993\" \/>\n\t<meta property=\"og:image:type\" content=\"image\/jpeg\" \/>\n<meta name=\"author\" content=\"Elisabet\" \/>\n<meta name=\"twitter:card\" content=\"summary_large_image\" \/>\n<meta name=\"twitter:label1\" content=\"Escrit per\" \/>\n\t<meta name=\"twitter:data1\" content=\"Elisabet\" \/>\n\t<meta name=\"twitter:label2\" content=\"Temps estimat de lectura\" \/>\n\t<meta name=\"twitter:data2\" content=\"3 minuts\" \/>\n<script type=\"application\/ld+json\" class=\"yoast-schema-graph\">{\"@context\":\"https:\/\/schema.org\",\"@graph\":[{\"@type\":\"Article\",\"@id\":\"https:\/\/locaacademiafamiliar.com\/ca\/2017\/els-nadons-i-les-caries-quan-cal-comencar-rentar-les-dents\/#article\",\"isPartOf\":{\"@id\":\"https:\/\/locaacademiafamiliar.com\/ca\/2017\/els-nadons-i-les-caries-quan-cal-comencar-rentar-les-dents\/\"},\"author\":{\"name\":\"Elisabet\",\"@id\":\"https:\/\/locaacademiafamiliar.com\/ca\/#\/schema\/person\/8ddc70c9780d67ef5bbb462a307f8042\"},\"headline\":\"Els nadons i les c\u00e0ries &#8211; Quan cal comen\u00e7ar a rentar les dents?\",\"datePublished\":\"2017-06-22T14:23:30+00:00\",\"dateModified\":\"2017-06-22T15:23:52+00:00\",\"mainEntityOfPage\":{\"@id\":\"https:\/\/locaacademiafamiliar.com\/ca\/2017\/els-nadons-i-les-caries-quan-cal-comencar-rentar-les-dents\/\"},\"wordCount\":579,\"commentCount\":0,\"publisher\":{\"@id\":\"https:\/\/locaacademiafamiliar.com\/ca\/#organization\"},\"image\":{\"@id\":\"https:\/\/locaacademiafamiliar.com\/ca\/2017\/els-nadons-i-les-caries-quan-cal-comencar-rentar-les-dents\/#primaryimage\"},\"thumbnailUrl\":\"https:\/\/i0.wp.com\/locaacademiafamiliar.com\/wp-content\/uploads\/2017\/06\/dientes-bebe-caries.jpg?fit=1500%2C993&ssl=1\",\"keywords\":[\"1 any\",\"2 anys\",\"6 a 12 mesos\",\"Menjar\"],\"articleSection\":[\"Laboratori\"],\"inLanguage\":\"ca\",\"potentialAction\":[{\"@type\":\"CommentAction\",\"name\":\"Comment\",\"target\":[\"https:\/\/locaacademiafamiliar.com\/ca\/2017\/els-nadons-i-les-caries-quan-cal-comencar-rentar-les-dents\/#respond\"]}]},{\"@type\":\"WebPage\",\"@id\":\"https:\/\/locaacademiafamiliar.com\/ca\/2017\/els-nadons-i-les-caries-quan-cal-comencar-rentar-les-dents\/\",\"url\":\"https:\/\/locaacademiafamiliar.com\/ca\/2017\/els-nadons-i-les-caries-quan-cal-comencar-rentar-les-dents\/\",\"name\":\"Els nadons i les c\u00e0ries - Quan cal comen\u00e7ar a rentar les dents? ~ Boja Acad\u00e8mia Familiar\",\"isPartOf\":{\"@id\":\"https:\/\/locaacademiafamiliar.com\/ca\/#website\"},\"primaryImageOfPage\":{\"@id\":\"https:\/\/locaacademiafamiliar.com\/ca\/2017\/els-nadons-i-les-caries-quan-cal-comencar-rentar-les-dents\/#primaryimage\"},\"image\":{\"@id\":\"https:\/\/locaacademiafamiliar.com\/ca\/2017\/els-nadons-i-les-caries-quan-cal-comencar-rentar-les-dents\/#primaryimage\"},\"thumbnailUrl\":\"https:\/\/i0.wp.com\/locaacademiafamiliar.com\/wp-content\/uploads\/2017\/06\/dientes-bebe-caries.jpg?fit=1500%2C993&ssl=1\",\"datePublished\":\"2017-06-22T14:23:30+00:00\",\"dateModified\":\"2017-06-22T15:23:52+00:00\",\"description\":\"Blog de crianza Loca Academia Familiar para familias con ni\u00f1os. Viajes con ni\u00f1os, trucos, ideas, manualidades, libros de crianza y mucho m\u00e1s.\",\"breadcrumb\":{\"@id\":\"https:\/\/locaacademiafamiliar.com\/ca\/2017\/els-nadons-i-les-caries-quan-cal-comencar-rentar-les-dents\/#breadcrumb\"},\"inLanguage\":\"ca\",\"potentialAction\":[{\"@type\":\"ReadAction\",\"target\":[\"https:\/\/locaacademiafamiliar.com\/ca\/2017\/els-nadons-i-les-caries-quan-cal-comencar-rentar-les-dents\/\"]}]},{\"@type\":\"ImageObject\",\"inLanguage\":\"ca\",\"@id\":\"https:\/\/locaacademiafamiliar.com\/ca\/2017\/els-nadons-i-les-caries-quan-cal-comencar-rentar-les-dents\/#primaryimage\",\"url\":\"https:\/\/i0.wp.com\/locaacademiafamiliar.com\/wp-content\/uploads\/2017\/06\/dientes-bebe-caries.jpg?fit=1500%2C993&ssl=1\",\"contentUrl\":\"https:\/\/i0.wp.com\/locaacademiafamiliar.com\/wp-content\/uploads\/2017\/06\/dientes-bebe-caries.jpg?fit=1500%2C993&ssl=1\",\"width\":1500,\"height\":993},{\"@type\":\"BreadcrumbList\",\"@id\":\"https:\/\/locaacademiafamiliar.com\/ca\/2017\/els-nadons-i-les-caries-quan-cal-comencar-rentar-les-dents\/#breadcrumb\",\"itemListElement\":[{\"@type\":\"ListItem\",\"position\":1,\"name\":\"Portada\",\"item\":\"https:\/\/locaacademiafamiliar.com\/ca\/\"},{\"@type\":\"ListItem\",\"position\":2,\"name\":\"Els nadons i les c\u00e0ries &#8211; Quan cal comen\u00e7ar a rentar les dents?\"}]},{\"@type\":\"WebSite\",\"@id\":\"https:\/\/locaacademiafamiliar.com\/ca\/#website\",\"url\":\"https:\/\/locaacademiafamiliar.com\/ca\/\",\"name\":\"Boja Acad\u00e8mia Familiar\",\"description\":\"El blog de crianza con el que pap\u00e1s y mam\u00e1s salen mejor preparados para su rutina familiar diaria\",\"publisher\":{\"@id\":\"https:\/\/locaacademiafamiliar.com\/ca\/#organization\"},\"potentialAction\":[{\"@type\":\"SearchAction\",\"target\":{\"@type\":\"EntryPoint\",\"urlTemplate\":\"https:\/\/locaacademiafamiliar.com\/ca\/?s={search_term_string}\"},\"query-input\":{\"@type\":\"PropertyValueSpecification\",\"valueRequired\":true,\"valueName\":\"search_term_string\"}}],\"inLanguage\":\"ca\"},{\"@type\":\"Organization\",\"@id\":\"https:\/\/locaacademiafamiliar.com\/ca\/#organization\",\"name\":\"LocaAcademiaFamiliar.com\",\"url\":\"https:\/\/locaacademiafamiliar.com\/ca\/\",\"logo\":{\"@type\":\"ImageObject\",\"inLanguage\":\"ca\",\"@id\":\"https:\/\/locaacademiafamiliar.com\/ca\/#\/schema\/logo\/image\/\",\"url\":\"https:\/\/locaacademiafamiliar.com\/wp-content\/uploads\/2020\/01\/logo-loca-academia-familiar.jpg\",\"contentUrl\":\"https:\/\/locaacademiafamiliar.com\/wp-content\/uploads\/2020\/01\/logo-loca-academia-familiar.jpg\",\"width\":960,\"height\":960,\"caption\":\"LocaAcademiaFamiliar.com\"},\"image\":{\"@id\":\"https:\/\/locaacademiafamiliar.com\/ca\/#\/schema\/logo\/image\/\"},\"sameAs\":[\"https:\/\/www.facebook.com\/LocaAcademiaFamiliar\"]},{\"@type\":\"Person\",\"@id\":\"https:\/\/locaacademiafamiliar.com\/ca\/#\/schema\/person\/8ddc70c9780d67ef5bbb462a307f8042\",\"name\":\"Elisabet\",\"image\":{\"@type\":\"ImageObject\",\"inLanguage\":\"ca\",\"@id\":\"https:\/\/locaacademiafamiliar.com\/ca\/#\/schema\/person\/image\/\",\"url\":\"https:\/\/secure.gravatar.com\/avatar\/b7cd6a228ab9368d5f221ffe7f0dae77?s=96&d=mm&r=g\",\"contentUrl\":\"https:\/\/secure.gravatar.com\/avatar\/b7cd6a228ab9368d5f221ffe7f0dae77?s=96&d=mm&r=g\",\"caption\":\"Elisabet\"},\"description\":\"\u00a1Hola! Soy Elisabet, aunque en algunos grupos de whatsapp soy simplemente mam\u00e1 de \u00cd. Tengo dos hijas muy divertidas, la primera nacida en febrero del 2013 y la segunda el enero del 2016 as\u00ed que ya hace m\u00e1s de tres a\u00f1os que vivo en horario infantil. En el mundo adulto trabajo en un hospital de Barcelona, soy enfermera y comadrona. Si quieres estar informado de los eventos y actividades para familias con ni\u00f1os en Catalunya, haz click aqu\u00ed para apuntarte a nuestra newsletter.\",\"sameAs\":[\"http:\/\/www.locaacademiafamiliar.com\"],\"url\":\"https:\/\/locaacademiafamiliar.com\/ca\/author\/eli\/\"}]}<\/script>\n<!-- \/ Yoast SEO plugin. -->","yoast_head_json":{"title":"Els nadons i les c\u00e0ries - Quan cal comen\u00e7ar a rentar les dents? ~ Boja Acad\u00e8mia Familiar","description":"Blog de crianza Loca Academia Familiar para familias con ni\u00f1os. Viajes con ni\u00f1os, trucos, ideas, manualidades, libros de crianza y mucho m\u00e1s.","robots":{"index":"index","follow":"follow","max-snippet":"max-snippet:-1","max-image-preview":"max-image-preview:large","max-video-preview":"max-video-preview:-1"},"canonical":"https:\/\/locaacademiafamiliar.com\/ca\/2017\/els-nadons-i-les-caries-quan-cal-comencar-rentar-les-dents\/","og_locale":"ca_ES","og_type":"article","og_title":"Els nadons i les c\u00e0ries - Quan cal comen\u00e7ar a rentar les dents? ~ Boja Acad\u00e8mia Familiar","og_description":"Blog de crianza Loca Academia Familiar para familias con ni\u00f1os. Viajes con ni\u00f1os, trucos, ideas, manualidades, libros de crianza y mucho m\u00e1s.","og_url":"https:\/\/locaacademiafamiliar.com\/ca\/2017\/els-nadons-i-les-caries-quan-cal-comencar-rentar-les-dents\/","og_site_name":"Boja Acad\u00e8mia Familiar","article_publisher":"https:\/\/www.facebook.com\/LocaAcademiaFamiliar","article_published_time":"2017-06-22T14:23:30+00:00","article_modified_time":"2017-06-22T15:23:52+00:00","og_image":[{"width":1500,"height":993,"url":"https:\/\/locaacademiafamiliar.com\/wp-content\/uploads\/2017\/06\/dientes-bebe-caries.jpg","type":"image\/jpeg"}],"author":"Elisabet","twitter_card":"summary_large_image","twitter_misc":{"Escrit per":"Elisabet","Temps estimat de lectura":"3 minuts"},"schema":{"@context":"https:\/\/schema.org","@graph":[{"@type":"Article","@id":"https:\/\/locaacademiafamiliar.com\/ca\/2017\/els-nadons-i-les-caries-quan-cal-comencar-rentar-les-dents\/#article","isPartOf":{"@id":"https:\/\/locaacademiafamiliar.com\/ca\/2017\/els-nadons-i-les-caries-quan-cal-comencar-rentar-les-dents\/"},"author":{"name":"Elisabet","@id":"https:\/\/locaacademiafamiliar.com\/ca\/#\/schema\/person\/8ddc70c9780d67ef5bbb462a307f8042"},"headline":"Els nadons i les c\u00e0ries &#8211; Quan cal comen\u00e7ar a rentar les dents?","datePublished":"2017-06-22T14:23:30+00:00","dateModified":"2017-06-22T15:23:52+00:00","mainEntityOfPage":{"@id":"https:\/\/locaacademiafamiliar.com\/ca\/2017\/els-nadons-i-les-caries-quan-cal-comencar-rentar-les-dents\/"},"wordCount":579,"commentCount":0,"publisher":{"@id":"https:\/\/locaacademiafamiliar.com\/ca\/#organization"},"image":{"@id":"https:\/\/locaacademiafamiliar.com\/ca\/2017\/els-nadons-i-les-caries-quan-cal-comencar-rentar-les-dents\/#primaryimage"},"thumbnailUrl":"https:\/\/i0.wp.com\/locaacademiafamiliar.com\/wp-content\/uploads\/2017\/06\/dientes-bebe-caries.jpg?fit=1500%2C993&ssl=1","keywords":["1 any","2 anys","6 a 12 mesos","Menjar"],"articleSection":["Laboratori"],"inLanguage":"ca","potentialAction":[{"@type":"CommentAction","name":"Comment","target":["https:\/\/locaacademiafamiliar.com\/ca\/2017\/els-nadons-i-les-caries-quan-cal-comencar-rentar-les-dents\/#respond"]}]},{"@type":"WebPage","@id":"https:\/\/locaacademiafamiliar.com\/ca\/2017\/els-nadons-i-les-caries-quan-cal-comencar-rentar-les-dents\/","url":"https:\/\/locaacademiafamiliar.com\/ca\/2017\/els-nadons-i-les-caries-quan-cal-comencar-rentar-les-dents\/","name":"Els nadons i les c\u00e0ries - Quan cal comen\u00e7ar a rentar les dents? ~ Boja Acad\u00e8mia Familiar","isPartOf":{"@id":"https:\/\/locaacademiafamiliar.com\/ca\/#website"},"primaryImageOfPage":{"@id":"https:\/\/locaacademiafamiliar.com\/ca\/2017\/els-nadons-i-les-caries-quan-cal-comencar-rentar-les-dents\/#primaryimage"},"image":{"@id":"https:\/\/locaacademiafamiliar.com\/ca\/2017\/els-nadons-i-les-caries-quan-cal-comencar-rentar-les-dents\/#primaryimage"},"thumbnailUrl":"https:\/\/i0.wp.com\/locaacademiafamiliar.com\/wp-content\/uploads\/2017\/06\/dientes-bebe-caries.jpg?fit=1500%2C993&ssl=1","datePublished":"2017-06-22T14:23:30+00:00","dateModified":"2017-06-22T15:23:52+00:00","description":"Blog de crianza Loca Academia Familiar para familias con ni\u00f1os. Viajes con ni\u00f1os, trucos, ideas, manualidades, libros de crianza y mucho m\u00e1s.","breadcrumb":{"@id":"https:\/\/locaacademiafamiliar.com\/ca\/2017\/els-nadons-i-les-caries-quan-cal-comencar-rentar-les-dents\/#breadcrumb"},"inLanguage":"ca","potentialAction":[{"@type":"ReadAction","target":["https:\/\/locaacademiafamiliar.com\/ca\/2017\/els-nadons-i-les-caries-quan-cal-comencar-rentar-les-dents\/"]}]},{"@type":"ImageObject","inLanguage":"ca","@id":"https:\/\/locaacademiafamiliar.com\/ca\/2017\/els-nadons-i-les-caries-quan-cal-comencar-rentar-les-dents\/#primaryimage","url":"https:\/\/i0.wp.com\/locaacademiafamiliar.com\/wp-content\/uploads\/2017\/06\/dientes-bebe-caries.jpg?fit=1500%2C993&ssl=1","contentUrl":"https:\/\/i0.wp.com\/locaacademiafamiliar.com\/wp-content\/uploads\/2017\/06\/dientes-bebe-caries.jpg?fit=1500%2C993&ssl=1","width":1500,"height":993},{"@type":"BreadcrumbList","@id":"https:\/\/locaacademiafamiliar.com\/ca\/2017\/els-nadons-i-les-caries-quan-cal-comencar-rentar-les-dents\/#breadcrumb","itemListElement":[{"@type":"ListItem","position":1,"name":"Portada","item":"https:\/\/locaacademiafamiliar.com\/ca\/"},{"@type":"ListItem","position":2,"name":"Els nadons i les c\u00e0ries &#8211; Quan cal comen\u00e7ar a rentar les dents?"}]},{"@type":"WebSite","@id":"https:\/\/locaacademiafamiliar.com\/ca\/#website","url":"https:\/\/locaacademiafamiliar.com\/ca\/","name":"Boja Acad\u00e8mia Familiar","description":"El blog de crianza con el que pap\u00e1s y mam\u00e1s salen mejor preparados para su rutina familiar diaria","publisher":{"@id":"https:\/\/locaacademiafamiliar.com\/ca\/#organization"},"potentialAction":[{"@type":"SearchAction","target":{"@type":"EntryPoint","urlTemplate":"https:\/\/locaacademiafamiliar.com\/ca\/?s={search_term_string}"},"query-input":{"@type":"PropertyValueSpecification","valueRequired":true,"valueName":"search_term_string"}}],"inLanguage":"ca"},{"@type":"Organization","@id":"https:\/\/locaacademiafamiliar.com\/ca\/#organization","name":"LocaAcademiaFamiliar.com","url":"https:\/\/locaacademiafamiliar.com\/ca\/","logo":{"@type":"ImageObject","inLanguage":"ca","@id":"https:\/\/locaacademiafamiliar.com\/ca\/#\/schema\/logo\/image\/","url":"https:\/\/locaacademiafamiliar.com\/wp-content\/uploads\/2020\/01\/logo-loca-academia-familiar.jpg","contentUrl":"https:\/\/locaacademiafamiliar.com\/wp-content\/uploads\/2020\/01\/logo-loca-academia-familiar.jpg","width":960,"height":960,"caption":"LocaAcademiaFamiliar.com"},"image":{"@id":"https:\/\/locaacademiafamiliar.com\/ca\/#\/schema\/logo\/image\/"},"sameAs":["https:\/\/www.facebook.com\/LocaAcademiaFamiliar"]},{"@type":"Person","@id":"https:\/\/locaacademiafamiliar.com\/ca\/#\/schema\/person\/8ddc70c9780d67ef5bbb462a307f8042","name":"Elisabet","image":{"@type":"ImageObject","inLanguage":"ca","@id":"https:\/\/locaacademiafamiliar.com\/ca\/#\/schema\/person\/image\/","url":"https:\/\/secure.gravatar.com\/avatar\/b7cd6a228ab9368d5f221ffe7f0dae77?s=96&d=mm&r=g","contentUrl":"https:\/\/secure.gravatar.com\/avatar\/b7cd6a228ab9368d5f221ffe7f0dae77?s=96&d=mm&r=g","caption":"Elisabet"},"description":"\u00a1Hola! Soy Elisabet, aunque en algunos grupos de whatsapp soy simplemente mam\u00e1 de \u00cd. Tengo dos hijas muy divertidas, la primera nacida en febrero del 2013 y la segunda el enero del 2016 as\u00ed que ya hace m\u00e1s de tres a\u00f1os que vivo en horario infantil. En el mundo adulto trabajo en un hospital de Barcelona, soy enfermera y comadrona. Si quieres estar informado de los eventos y actividades para familias con ni\u00f1os en Catalunya, haz click aqu\u00ed para apuntarte a nuestra newsletter.","sameAs":["http:\/\/www.locaacademiafamiliar.com"],"url":"https:\/\/locaacademiafamiliar.com\/ca\/author\/eli\/"}]}},"jetpack_featured_media_url":"https:\/\/i0.wp.com\/locaacademiafamiliar.com\/wp-content\/uploads\/2017\/06\/dientes-bebe-caries.jpg?fit=1500%2C993&ssl=1","jetpack_sharing_enabled":true,"amp_enabled":true,"_links":{"self":[{"href":"https:\/\/locaacademiafamiliar.com\/ca\/wp-json\/wp\/v2\/posts\/1501","targetHints":{"allow":["GET"]}}],"collection":[{"href":"https:\/\/locaacademiafamiliar.com\/ca\/wp-json\/wp\/v2\/posts"}],"about":[{"href":"https:\/\/locaacademiafamiliar.com\/ca\/wp-json\/wp\/v2\/types\/post"}],"author":[{"embeddable":true,"href":"https:\/\/locaacademiafamiliar.com\/ca\/wp-json\/wp\/v2\/users\/2"}],"replies":[{"embeddable":true,"href":"https:\/\/locaacademiafamiliar.com\/ca\/wp-json\/wp\/v2\/comments?post=1501"}],"version-history":[{"count":0,"href":"https:\/\/locaacademiafamiliar.com\/ca\/wp-json\/wp\/v2\/posts\/1501\/revisions"}],"wp:featuredmedia":[{"embeddable":true,"href":"https:\/\/locaacademiafamiliar.com\/ca\/wp-json\/wp\/v2\/media\/1484"}],"wp:attachment":[{"href":"https:\/\/locaacademiafamiliar.com\/ca\/wp-json\/wp\/v2\/media?parent=1501"}],"wp:term":[{"taxonomy":"category","embeddable":true,"href":"https:\/\/locaacademiafamiliar.com\/ca\/wp-json\/wp\/v2\/categories?post=1501"},{"taxonomy":"post_tag","embeddable":true,"href":"https:\/\/locaacademiafamiliar.com\/ca\/wp-json\/wp\/v2\/tags?post=1501"}],"curies":[{"name":"wp","href":"https:\/\/api.w.org\/{rel}","templated":true}]}}