{"id":1694,"date":"2017-08-20T09:29:50","date_gmt":"2017-08-20T09:29:50","guid":{"rendered":"http:\/\/locaacademiafamiliar.com\/?p=1694\/"},"modified":"2017-11-21T15:11:08","modified_gmt":"2017-11-21T15:11:08","slug":"els-torcons-o-la-sorpresa-del-segon","status":"publish","type":"post","link":"https:\/\/locaacademiafamiliar.com\/ca\/2017\/els-torcons-o-la-sorpresa-del-segon\/","title":{"rendered":"Els tor\u00e7ons&#8230; o la sorpresa del segon"},"content":{"rendered":"<p><strong>Ser\u00e0s mare per segona vegada? Felicitats!<\/strong> Una nova aventura est\u00e0 a punt de comen\u00e7ar i segurament ser\u00e0 molt diferent de la primera vegada. El part ser\u00e0 SEGURAMENT m\u00e9s senzill i, en cas que facis lact\u00e0ncia materna per segona vegada, SEGURAMENT tamb\u00e9 ser\u00e0 m\u00e9s f\u00e0cil. <strong>Per\u00f2 tindr\u00e0s una nova mol\u00e8stia: els tor\u00e7ons.<\/strong><\/p>\n<p>Comencem pel principi. El beb\u00e8 creix a l&#8217;interior de l&#8217;\u00fater i, al n\u00e9ixer, <strong>l&#8217;\u00fater s&#8217;ha de contraure per evitar una hemorr\u00e0gia, creant les <a href=\"https:\/\/es.wikipedia.org\/wiki\/Parto\" target=\"_blank\" rel=\"noopener\">lligadures vivents de Pinard<\/a>.<\/strong> Aquestes lligadures &#8220;tanquen&#8221; la zona on s&#8217;ajunta la placenta i, per tant, es sellen les venes i art\u00e8ries i s&#8217;evita una hemorr\u00e0gia important.<\/p>\n<p>Un cop creades aquestes lligadures vivents (minuts despr\u00e9s que la placenta surti) l&#8217;\u00fater \u00e9s molt m\u00e9s petit que abans del naixement, per\u00f2 encara molt m\u00e9s gran que la seva mida habitual. <strong>La disminuci\u00f3 de la grand\u00e0ria de l&#8217;\u00fater es denomina <a href=\"https:\/\/ca.wikipedia.org\/wiki\/Puerperi\" target=\"_blank\" rel=\"noopener\">involuci\u00f3<\/a> i t\u00e9 lloc gr\u00e0cies a les contraccions de postpart anomenades <a href=\"https:\/\/ca.wikipedia.org\/wiki\/Tor%C3%A7ons\" target=\"_blank\" rel=\"noopener\">tor\u00e7ons<\/a>.<\/strong><\/p>\n<p><strong>Els tor\u00e7ons no solen notar-se amb <a href=\"http:\/\/locaacademiafamiliar.com\/ca\/2017\/consells-per-preparar-el-postpart\/\" target=\"_blank\" rel=\"noopener\">el primer naixement<\/a>, d&#8217;aqu\u00ed la sorpresa del segon<\/strong> \ud83d\ude42 Des del segon part, l&#8217;\u00fater ha de contraure&#8217;s m\u00e9s intensament per involucionar, per la qual cosa notes m\u00e9s les contraccions.<\/p>\n<p><img data-recalc-dims=\"1\" decoding=\"async\" class=\"size-full wp-image-1690 aligncenter\" src=\"https:\/\/i0.wp.com\/locaacademiafamiliar.com\/wp-content\/uploads\/2017\/08\/2213147999_ec5812bc86_o.jpg?resize=1024%2C683\" alt=\"\" width=\"1024\" height=\"683\" srcset=\"https:\/\/i0.wp.com\/locaacademiafamiliar.com\/wp-content\/uploads\/2017\/08\/2213147999_ec5812bc86_o.jpg?w=1024&amp;ssl=1 1024w, https:\/\/i0.wp.com\/locaacademiafamiliar.com\/wp-content\/uploads\/2017\/08\/2213147999_ec5812bc86_o.jpg?resize=300%2C200&amp;ssl=1 300w, https:\/\/i0.wp.com\/locaacademiafamiliar.com\/wp-content\/uploads\/2017\/08\/2213147999_ec5812bc86_o.jpg?resize=768%2C512&amp;ssl=1 768w\" sizes=\"(max-width: 1000px) 100vw, 1000px\" \/><\/p>\n<p><strong>Si fas <a href=\"http:\/\/locaacademiafamiliar.com\/ca\/2016\/el-pare-i-la-lactancia-materna-que-fer-i-que-no-fer-per-ajudar\/\" target=\"_blank\" rel=\"noopener\">dones el pit<\/a>, les notar\u00e0s especialment quan el nad\u00f3 menja perqu\u00e8 alliberes una hormona, l&#8217;oxitocina<\/strong>, que \u00e9s \u00fatil tant per fabricar la llet com per a la involuci\u00f3 de l&#8217;\u00fater. En cas d&#8217;alimentaci\u00f3 amb biber\u00f3 les contraccioness\u00f3n m\u00e9s alat\u00f2ries.<\/p>\n<p>Poden fer mal, per\u00f2 els analg\u00e8sics no sempre s\u00f3n \u00fatils. <strong>A nivell personal, una bona amiga em va dir que em pos\u00e9s un pes (com un quilo d&#8217;arr\u00f2s, que <a href=\"http:\/\/locaacademiafamiliar.com\/ca\/2017\/per-que-els-avis-volen-ser-a-lhospital-durant-el-dia-del-part\/\" target=\"_blank\" rel=\"noopener\">a l&#8217;hospital<\/a> el vaig substituir per un gran paquet de tovalloletes) i em va anar bastant b\u00e9<\/strong>. A la pr\u00e0ctica di\u00e0ria, la recomano a les mares i, en general, els hi millora el dolor. N&#8217;hi ha que tamb\u00e9 prefereixen apretar-se lleugerament la zona al notar la contracci\u00f3.<\/p>\n<p><strong>El primer dia \u00e9s quan m\u00e9s es noten;<\/strong> el segon ja van m\u00e9s espaiades; i, el tercer, pr\u00e0cticament no les sentir\u00e0s.<\/p>\n<p><strong>Com m\u00e9s naixements, m\u00e9s tor\u00e7ons. Si tens un beb\u00e8 molt gran, bessons, polihidramnis&#8230;<\/strong> Qualsevol situaci\u00f3 que faci que l&#8217;\u00fater sigui m\u00e9s gran del que \u00e9s habitual pot fer una mica m\u00e9s dif\u00edcil de portar.<\/p>\n<p><strong>Alguna cosa diferent havia de tenir el segon fill! \ud83d\ude42<\/strong><\/p>\n<p>&nbsp;<\/p>\n<p style=\"text-align: right;\"><em>Fotos:\u00a0<a class=\"owner-name truncate\" title=\"Ir a la galer\u00eda de Lena\" href=\"https:\/\/www.flickr.com\/photos\/ontask\/\" data-track=\"attributionNameClick\" data-rapid_p=\"28\">Lena<\/a>,\u00a0<a class=\"owner-name truncate\" title=\"Ir a la galer\u00eda de makelessnoise\" href=\"https:\/\/www.flickr.com\/photos\/makelessnoise\/\" data-track=\"attributionNameClick\" data-rapid_p=\"27\">makelessnoise<\/a><\/em><\/p>\n","protected":false},"excerpt":{"rendered":"<div class=\"mh-excerpt\"><p>Ser\u00e0s mare per segona vegada? Felicitats! Una nova aventura est\u00e0 a punt de comen\u00e7ar i segurament ser\u00e0 molt diferent de la primera vegada. El part ser\u00e0 SEGURAMENT m\u00e9s senzill i, en cas que facis lact\u00e0ncia materna per segona vegada, SEGURAMENT tamb\u00e9 ser\u00e0 m\u00e9s f\u00e0cil. Per\u00f2 tindr\u00e0s una nova mol\u00e8stia: els tor\u00e7ons. <a class=\"mh-excerpt-more\" href=\"https:\/\/locaacademiafamiliar.com\/ca\/2017\/els-torcons-o-la-sorpresa-del-segon\/\" title=\"Els tor\u00e7ons&#8230; o la sorpresa del segon\">[&#8230;]<\/a><\/p>\n<\/div>","protected":false},"author":2,"featured_media":1691,"comment_status":"open","ping_status":"open","sticky":false,"template":"","format":"standard","meta":{"_monsterinsights_skip_tracking":false,"_monsterinsights_sitenote_active":false,"_monsterinsights_sitenote_note":"","_monsterinsights_sitenote_category":0,"_jetpack_memberships_contains_paid_content":false,"footnotes":""},"categories":[38],"tags":[71,55,59],"class_list":{"0":"post-1694","1":"post","2":"type-post","3":"status-publish","4":"format-standard","5":"has-post-thumbnail","7":"category-historia-ca","8":"tag-lactancia-ca","9":"tag-mares","10":"tag-postpart"},"yoast_head":"<!-- This site is optimized with the Yoast SEO plugin v26.8 - https:\/\/yoast.com\/product\/yoast-seo-wordpress\/ -->\n<title>Els tor\u00e7ons... o la sorpresa del segon<\/title>\n<meta name=\"description\" content=\"Qu\u00e8 s\u00f3n els tor\u00e7ons i per qu\u00e8 apareixen sobretot al segon part. T&#039;expliquem consells per combatre&#039;ls i tot el que has de saber de cara al 2n postpart.\" \/>\n<meta name=\"robots\" content=\"index, follow, max-snippet:-1, max-image-preview:large, max-video-preview:-1\" \/>\n<link rel=\"canonical\" href=\"https:\/\/locaacademiafamiliar.com\/ca\/2017\/els-torcons-o-la-sorpresa-del-segon\/\" \/>\n<meta property=\"og:locale\" content=\"ca_ES\" \/>\n<meta property=\"og:type\" content=\"article\" \/>\n<meta property=\"og:title\" content=\"Els tor\u00e7ons... o la sorpresa del segon\" \/>\n<meta property=\"og:description\" content=\"Qu\u00e8 s\u00f3n els tor\u00e7ons i per qu\u00e8 apareixen sobretot al segon part. T&#039;expliquem consells per combatre&#039;ls i tot el que has de saber de cara al 2n postpart.\" \/>\n<meta property=\"og:url\" content=\"https:\/\/locaacademiafamiliar.com\/ca\/2017\/els-torcons-o-la-sorpresa-del-segon\/\" \/>\n<meta property=\"og:site_name\" content=\"Boja Acad\u00e8mia Familiar\" \/>\n<meta property=\"article:publisher\" content=\"https:\/\/www.facebook.com\/LocaAcademiaFamiliar\" \/>\n<meta property=\"article:published_time\" content=\"2017-08-20T09:29:50+00:00\" \/>\n<meta property=\"article:modified_time\" content=\"2017-11-21T15:11:08+00:00\" \/>\n<meta property=\"og:image\" content=\"https:\/\/locaacademiafamiliar.com\/wp-content\/uploads\/2017\/08\/7864689304_9937129687_k.jpg\" \/>\n\t<meta property=\"og:image:width\" content=\"1400\" \/>\n\t<meta property=\"og:image:height\" content=\"1000\" \/>\n\t<meta property=\"og:image:type\" content=\"image\/jpeg\" \/>\n<meta name=\"author\" content=\"Elisabet\" \/>\n<meta name=\"twitter:card\" content=\"summary_large_image\" \/>\n<meta name=\"twitter:label1\" content=\"Escrit per\" \/>\n\t<meta name=\"twitter:data1\" content=\"Elisabet\" \/>\n\t<meta name=\"twitter:label2\" content=\"Temps estimat de lectura\" \/>\n\t<meta name=\"twitter:data2\" content=\"2 minuts\" \/>\n<script type=\"application\/ld+json\" class=\"yoast-schema-graph\">{\"@context\":\"https:\/\/schema.org\",\"@graph\":[{\"@type\":\"Article\",\"@id\":\"https:\/\/locaacademiafamiliar.com\/ca\/2017\/els-torcons-o-la-sorpresa-del-segon\/#article\",\"isPartOf\":{\"@id\":\"https:\/\/locaacademiafamiliar.com\/ca\/2017\/els-torcons-o-la-sorpresa-del-segon\/\"},\"author\":{\"name\":\"Elisabet\",\"@id\":\"https:\/\/locaacademiafamiliar.com\/ca\/#\/schema\/person\/8ddc70c9780d67ef5bbb462a307f8042\"},\"headline\":\"Els tor\u00e7ons&#8230; o la sorpresa del segon\",\"datePublished\":\"2017-08-20T09:29:50+00:00\",\"dateModified\":\"2017-11-21T15:11:08+00:00\",\"mainEntityOfPage\":{\"@id\":\"https:\/\/locaacademiafamiliar.com\/ca\/2017\/els-torcons-o-la-sorpresa-del-segon\/\"},\"wordCount\":429,\"commentCount\":0,\"publisher\":{\"@id\":\"https:\/\/locaacademiafamiliar.com\/ca\/#organization\"},\"image\":{\"@id\":\"https:\/\/locaacademiafamiliar.com\/ca\/2017\/els-torcons-o-la-sorpresa-del-segon\/#primaryimage\"},\"thumbnailUrl\":\"https:\/\/i0.wp.com\/locaacademiafamiliar.com\/wp-content\/uploads\/2017\/08\/7864689304_9937129687_k.jpg?fit=1400%2C1000&ssl=1\",\"keywords\":[\"Lact\u00e0ncia\",\"Mares\",\"Postpart\"],\"articleSection\":[\"Hist\u00f2ria\"],\"inLanguage\":\"ca\",\"potentialAction\":[{\"@type\":\"CommentAction\",\"name\":\"Comment\",\"target\":[\"https:\/\/locaacademiafamiliar.com\/ca\/2017\/els-torcons-o-la-sorpresa-del-segon\/#respond\"]}]},{\"@type\":\"WebPage\",\"@id\":\"https:\/\/locaacademiafamiliar.com\/ca\/2017\/els-torcons-o-la-sorpresa-del-segon\/\",\"url\":\"https:\/\/locaacademiafamiliar.com\/ca\/2017\/els-torcons-o-la-sorpresa-del-segon\/\",\"name\":\"Els tor\u00e7ons... o la sorpresa del segon\",\"isPartOf\":{\"@id\":\"https:\/\/locaacademiafamiliar.com\/ca\/#website\"},\"primaryImageOfPage\":{\"@id\":\"https:\/\/locaacademiafamiliar.com\/ca\/2017\/els-torcons-o-la-sorpresa-del-segon\/#primaryimage\"},\"image\":{\"@id\":\"https:\/\/locaacademiafamiliar.com\/ca\/2017\/els-torcons-o-la-sorpresa-del-segon\/#primaryimage\"},\"thumbnailUrl\":\"https:\/\/i0.wp.com\/locaacademiafamiliar.com\/wp-content\/uploads\/2017\/08\/7864689304_9937129687_k.jpg?fit=1400%2C1000&ssl=1\",\"datePublished\":\"2017-08-20T09:29:50+00:00\",\"dateModified\":\"2017-11-21T15:11:08+00:00\",\"description\":\"Qu\u00e8 s\u00f3n els tor\u00e7ons i per qu\u00e8 apareixen sobretot al segon part. T'expliquem consells per combatre'ls i tot el que has de saber de cara al 2n postpart.\",\"breadcrumb\":{\"@id\":\"https:\/\/locaacademiafamiliar.com\/ca\/2017\/els-torcons-o-la-sorpresa-del-segon\/#breadcrumb\"},\"inLanguage\":\"ca\",\"potentialAction\":[{\"@type\":\"ReadAction\",\"target\":[\"https:\/\/locaacademiafamiliar.com\/ca\/2017\/els-torcons-o-la-sorpresa-del-segon\/\"]}]},{\"@type\":\"ImageObject\",\"inLanguage\":\"ca\",\"@id\":\"https:\/\/locaacademiafamiliar.com\/ca\/2017\/els-torcons-o-la-sorpresa-del-segon\/#primaryimage\",\"url\":\"https:\/\/i0.wp.com\/locaacademiafamiliar.com\/wp-content\/uploads\/2017\/08\/7864689304_9937129687_k.jpg?fit=1400%2C1000&ssl=1\",\"contentUrl\":\"https:\/\/i0.wp.com\/locaacademiafamiliar.com\/wp-content\/uploads\/2017\/08\/7864689304_9937129687_k.jpg?fit=1400%2C1000&ssl=1\",\"width\":1400,\"height\":1000,\"caption\":\"entuertos\"},{\"@type\":\"BreadcrumbList\",\"@id\":\"https:\/\/locaacademiafamiliar.com\/ca\/2017\/els-torcons-o-la-sorpresa-del-segon\/#breadcrumb\",\"itemListElement\":[{\"@type\":\"ListItem\",\"position\":1,\"name\":\"Portada\",\"item\":\"https:\/\/locaacademiafamiliar.com\/ca\/\"},{\"@type\":\"ListItem\",\"position\":2,\"name\":\"Els tor\u00e7ons&#8230; o la sorpresa del segon\"}]},{\"@type\":\"WebSite\",\"@id\":\"https:\/\/locaacademiafamiliar.com\/ca\/#website\",\"url\":\"https:\/\/locaacademiafamiliar.com\/ca\/\",\"name\":\"Boja Acad\u00e8mia Familiar\",\"description\":\"El blog de crianza con el que pap\u00e1s y mam\u00e1s salen mejor preparados para su rutina familiar diaria\",\"publisher\":{\"@id\":\"https:\/\/locaacademiafamiliar.com\/ca\/#organization\"},\"potentialAction\":[{\"@type\":\"SearchAction\",\"target\":{\"@type\":\"EntryPoint\",\"urlTemplate\":\"https:\/\/locaacademiafamiliar.com\/ca\/?s={search_term_string}\"},\"query-input\":{\"@type\":\"PropertyValueSpecification\",\"valueRequired\":true,\"valueName\":\"search_term_string\"}}],\"inLanguage\":\"ca\"},{\"@type\":\"Organization\",\"@id\":\"https:\/\/locaacademiafamiliar.com\/ca\/#organization\",\"name\":\"LocaAcademiaFamiliar.com\",\"url\":\"https:\/\/locaacademiafamiliar.com\/ca\/\",\"logo\":{\"@type\":\"ImageObject\",\"inLanguage\":\"ca\",\"@id\":\"https:\/\/locaacademiafamiliar.com\/ca\/#\/schema\/logo\/image\/\",\"url\":\"https:\/\/locaacademiafamiliar.com\/wp-content\/uploads\/2020\/01\/logo-loca-academia-familiar.jpg\",\"contentUrl\":\"https:\/\/locaacademiafamiliar.com\/wp-content\/uploads\/2020\/01\/logo-loca-academia-familiar.jpg\",\"width\":960,\"height\":960,\"caption\":\"LocaAcademiaFamiliar.com\"},\"image\":{\"@id\":\"https:\/\/locaacademiafamiliar.com\/ca\/#\/schema\/logo\/image\/\"},\"sameAs\":[\"https:\/\/www.facebook.com\/LocaAcademiaFamiliar\"]},{\"@type\":\"Person\",\"@id\":\"https:\/\/locaacademiafamiliar.com\/ca\/#\/schema\/person\/8ddc70c9780d67ef5bbb462a307f8042\",\"name\":\"Elisabet\",\"image\":{\"@type\":\"ImageObject\",\"inLanguage\":\"ca\",\"@id\":\"https:\/\/locaacademiafamiliar.com\/ca\/#\/schema\/person\/image\/\",\"url\":\"https:\/\/secure.gravatar.com\/avatar\/b7cd6a228ab9368d5f221ffe7f0dae77?s=96&d=mm&r=g\",\"contentUrl\":\"https:\/\/secure.gravatar.com\/avatar\/b7cd6a228ab9368d5f221ffe7f0dae77?s=96&d=mm&r=g\",\"caption\":\"Elisabet\"},\"description\":\"\u00a1Hola! Soy Elisabet, aunque en algunos grupos de whatsapp soy simplemente mam\u00e1 de \u00cd. Tengo dos hijas muy divertidas, la primera nacida en febrero del 2013 y la segunda el enero del 2016 as\u00ed que ya hace m\u00e1s de tres a\u00f1os que vivo en horario infantil. En el mundo adulto trabajo en un hospital de Barcelona, soy enfermera y comadrona. Si quieres estar informado de los eventos y actividades para familias con ni\u00f1os en Catalunya, haz click aqu\u00ed para apuntarte a nuestra newsletter.\",\"sameAs\":[\"http:\/\/www.locaacademiafamiliar.com\"],\"url\":\"https:\/\/locaacademiafamiliar.com\/ca\/author\/eli\/\"}]}<\/script>\n<!-- \/ Yoast SEO plugin. -->","yoast_head_json":{"title":"Els tor\u00e7ons... o la sorpresa del segon","description":"Qu\u00e8 s\u00f3n els tor\u00e7ons i per qu\u00e8 apareixen sobretot al segon part. T'expliquem consells per combatre'ls i tot el que has de saber de cara al 2n postpart.","robots":{"index":"index","follow":"follow","max-snippet":"max-snippet:-1","max-image-preview":"max-image-preview:large","max-video-preview":"max-video-preview:-1"},"canonical":"https:\/\/locaacademiafamiliar.com\/ca\/2017\/els-torcons-o-la-sorpresa-del-segon\/","og_locale":"ca_ES","og_type":"article","og_title":"Els tor\u00e7ons... o la sorpresa del segon","og_description":"Qu\u00e8 s\u00f3n els tor\u00e7ons i per qu\u00e8 apareixen sobretot al segon part. T'expliquem consells per combatre'ls i tot el que has de saber de cara al 2n postpart.","og_url":"https:\/\/locaacademiafamiliar.com\/ca\/2017\/els-torcons-o-la-sorpresa-del-segon\/","og_site_name":"Boja Acad\u00e8mia Familiar","article_publisher":"https:\/\/www.facebook.com\/LocaAcademiaFamiliar","article_published_time":"2017-08-20T09:29:50+00:00","article_modified_time":"2017-11-21T15:11:08+00:00","og_image":[{"width":1400,"height":1000,"url":"https:\/\/locaacademiafamiliar.com\/wp-content\/uploads\/2017\/08\/7864689304_9937129687_k.jpg","type":"image\/jpeg"}],"author":"Elisabet","twitter_card":"summary_large_image","twitter_misc":{"Escrit per":"Elisabet","Temps estimat de lectura":"2 minuts"},"schema":{"@context":"https:\/\/schema.org","@graph":[{"@type":"Article","@id":"https:\/\/locaacademiafamiliar.com\/ca\/2017\/els-torcons-o-la-sorpresa-del-segon\/#article","isPartOf":{"@id":"https:\/\/locaacademiafamiliar.com\/ca\/2017\/els-torcons-o-la-sorpresa-del-segon\/"},"author":{"name":"Elisabet","@id":"https:\/\/locaacademiafamiliar.com\/ca\/#\/schema\/person\/8ddc70c9780d67ef5bbb462a307f8042"},"headline":"Els tor\u00e7ons&#8230; o la sorpresa del segon","datePublished":"2017-08-20T09:29:50+00:00","dateModified":"2017-11-21T15:11:08+00:00","mainEntityOfPage":{"@id":"https:\/\/locaacademiafamiliar.com\/ca\/2017\/els-torcons-o-la-sorpresa-del-segon\/"},"wordCount":429,"commentCount":0,"publisher":{"@id":"https:\/\/locaacademiafamiliar.com\/ca\/#organization"},"image":{"@id":"https:\/\/locaacademiafamiliar.com\/ca\/2017\/els-torcons-o-la-sorpresa-del-segon\/#primaryimage"},"thumbnailUrl":"https:\/\/i0.wp.com\/locaacademiafamiliar.com\/wp-content\/uploads\/2017\/08\/7864689304_9937129687_k.jpg?fit=1400%2C1000&ssl=1","keywords":["Lact\u00e0ncia","Mares","Postpart"],"articleSection":["Hist\u00f2ria"],"inLanguage":"ca","potentialAction":[{"@type":"CommentAction","name":"Comment","target":["https:\/\/locaacademiafamiliar.com\/ca\/2017\/els-torcons-o-la-sorpresa-del-segon\/#respond"]}]},{"@type":"WebPage","@id":"https:\/\/locaacademiafamiliar.com\/ca\/2017\/els-torcons-o-la-sorpresa-del-segon\/","url":"https:\/\/locaacademiafamiliar.com\/ca\/2017\/els-torcons-o-la-sorpresa-del-segon\/","name":"Els tor\u00e7ons... o la sorpresa del segon","isPartOf":{"@id":"https:\/\/locaacademiafamiliar.com\/ca\/#website"},"primaryImageOfPage":{"@id":"https:\/\/locaacademiafamiliar.com\/ca\/2017\/els-torcons-o-la-sorpresa-del-segon\/#primaryimage"},"image":{"@id":"https:\/\/locaacademiafamiliar.com\/ca\/2017\/els-torcons-o-la-sorpresa-del-segon\/#primaryimage"},"thumbnailUrl":"https:\/\/i0.wp.com\/locaacademiafamiliar.com\/wp-content\/uploads\/2017\/08\/7864689304_9937129687_k.jpg?fit=1400%2C1000&ssl=1","datePublished":"2017-08-20T09:29:50+00:00","dateModified":"2017-11-21T15:11:08+00:00","description":"Qu\u00e8 s\u00f3n els tor\u00e7ons i per qu\u00e8 apareixen sobretot al segon part. T'expliquem consells per combatre'ls i tot el que has de saber de cara al 2n postpart.","breadcrumb":{"@id":"https:\/\/locaacademiafamiliar.com\/ca\/2017\/els-torcons-o-la-sorpresa-del-segon\/#breadcrumb"},"inLanguage":"ca","potentialAction":[{"@type":"ReadAction","target":["https:\/\/locaacademiafamiliar.com\/ca\/2017\/els-torcons-o-la-sorpresa-del-segon\/"]}]},{"@type":"ImageObject","inLanguage":"ca","@id":"https:\/\/locaacademiafamiliar.com\/ca\/2017\/els-torcons-o-la-sorpresa-del-segon\/#primaryimage","url":"https:\/\/i0.wp.com\/locaacademiafamiliar.com\/wp-content\/uploads\/2017\/08\/7864689304_9937129687_k.jpg?fit=1400%2C1000&ssl=1","contentUrl":"https:\/\/i0.wp.com\/locaacademiafamiliar.com\/wp-content\/uploads\/2017\/08\/7864689304_9937129687_k.jpg?fit=1400%2C1000&ssl=1","width":1400,"height":1000,"caption":"entuertos"},{"@type":"BreadcrumbList","@id":"https:\/\/locaacademiafamiliar.com\/ca\/2017\/els-torcons-o-la-sorpresa-del-segon\/#breadcrumb","itemListElement":[{"@type":"ListItem","position":1,"name":"Portada","item":"https:\/\/locaacademiafamiliar.com\/ca\/"},{"@type":"ListItem","position":2,"name":"Els tor\u00e7ons&#8230; o la sorpresa del segon"}]},{"@type":"WebSite","@id":"https:\/\/locaacademiafamiliar.com\/ca\/#website","url":"https:\/\/locaacademiafamiliar.com\/ca\/","name":"Boja Acad\u00e8mia Familiar","description":"El blog de crianza con el que pap\u00e1s y mam\u00e1s salen mejor preparados para su rutina familiar diaria","publisher":{"@id":"https:\/\/locaacademiafamiliar.com\/ca\/#organization"},"potentialAction":[{"@type":"SearchAction","target":{"@type":"EntryPoint","urlTemplate":"https:\/\/locaacademiafamiliar.com\/ca\/?s={search_term_string}"},"query-input":{"@type":"PropertyValueSpecification","valueRequired":true,"valueName":"search_term_string"}}],"inLanguage":"ca"},{"@type":"Organization","@id":"https:\/\/locaacademiafamiliar.com\/ca\/#organization","name":"LocaAcademiaFamiliar.com","url":"https:\/\/locaacademiafamiliar.com\/ca\/","logo":{"@type":"ImageObject","inLanguage":"ca","@id":"https:\/\/locaacademiafamiliar.com\/ca\/#\/schema\/logo\/image\/","url":"https:\/\/locaacademiafamiliar.com\/wp-content\/uploads\/2020\/01\/logo-loca-academia-familiar.jpg","contentUrl":"https:\/\/locaacademiafamiliar.com\/wp-content\/uploads\/2020\/01\/logo-loca-academia-familiar.jpg","width":960,"height":960,"caption":"LocaAcademiaFamiliar.com"},"image":{"@id":"https:\/\/locaacademiafamiliar.com\/ca\/#\/schema\/logo\/image\/"},"sameAs":["https:\/\/www.facebook.com\/LocaAcademiaFamiliar"]},{"@type":"Person","@id":"https:\/\/locaacademiafamiliar.com\/ca\/#\/schema\/person\/8ddc70c9780d67ef5bbb462a307f8042","name":"Elisabet","image":{"@type":"ImageObject","inLanguage":"ca","@id":"https:\/\/locaacademiafamiliar.com\/ca\/#\/schema\/person\/image\/","url":"https:\/\/secure.gravatar.com\/avatar\/b7cd6a228ab9368d5f221ffe7f0dae77?s=96&d=mm&r=g","contentUrl":"https:\/\/secure.gravatar.com\/avatar\/b7cd6a228ab9368d5f221ffe7f0dae77?s=96&d=mm&r=g","caption":"Elisabet"},"description":"\u00a1Hola! Soy Elisabet, aunque en algunos grupos de whatsapp soy simplemente mam\u00e1 de \u00cd. Tengo dos hijas muy divertidas, la primera nacida en febrero del 2013 y la segunda el enero del 2016 as\u00ed que ya hace m\u00e1s de tres a\u00f1os que vivo en horario infantil. En el mundo adulto trabajo en un hospital de Barcelona, soy enfermera y comadrona. Si quieres estar informado de los eventos y actividades para familias con ni\u00f1os en Catalunya, haz click aqu\u00ed para apuntarte a nuestra newsletter.","sameAs":["http:\/\/www.locaacademiafamiliar.com"],"url":"https:\/\/locaacademiafamiliar.com\/ca\/author\/eli\/"}]}},"jetpack_featured_media_url":"https:\/\/i0.wp.com\/locaacademiafamiliar.com\/wp-content\/uploads\/2017\/08\/7864689304_9937129687_k.jpg?fit=1400%2C1000&ssl=1","jetpack_sharing_enabled":true,"amp_enabled":true,"_links":{"self":[{"href":"https:\/\/locaacademiafamiliar.com\/ca\/wp-json\/wp\/v2\/posts\/1694","targetHints":{"allow":["GET"]}}],"collection":[{"href":"https:\/\/locaacademiafamiliar.com\/ca\/wp-json\/wp\/v2\/posts"}],"about":[{"href":"https:\/\/locaacademiafamiliar.com\/ca\/wp-json\/wp\/v2\/types\/post"}],"author":[{"embeddable":true,"href":"https:\/\/locaacademiafamiliar.com\/ca\/wp-json\/wp\/v2\/users\/2"}],"replies":[{"embeddable":true,"href":"https:\/\/locaacademiafamiliar.com\/ca\/wp-json\/wp\/v2\/comments?post=1694"}],"version-history":[{"count":0,"href":"https:\/\/locaacademiafamiliar.com\/ca\/wp-json\/wp\/v2\/posts\/1694\/revisions"}],"wp:featuredmedia":[{"embeddable":true,"href":"https:\/\/locaacademiafamiliar.com\/ca\/wp-json\/wp\/v2\/media\/1691"}],"wp:attachment":[{"href":"https:\/\/locaacademiafamiliar.com\/ca\/wp-json\/wp\/v2\/media?parent=1694"}],"wp:term":[{"taxonomy":"category","embeddable":true,"href":"https:\/\/locaacademiafamiliar.com\/ca\/wp-json\/wp\/v2\/categories?post=1694"},{"taxonomy":"post_tag","embeddable":true,"href":"https:\/\/locaacademiafamiliar.com\/ca\/wp-json\/wp\/v2\/tags?post=1694"}],"curies":[{"name":"wp","href":"https:\/\/api.w.org\/{rel}","templated":true}]}}