{"id":2032,"date":"2017-10-23T14:40:08","date_gmt":"2017-10-23T14:40:08","guid":{"rendered":"http:\/\/locaacademiafamiliar.com\/?p=2032"},"modified":"2017-10-25T14:10:52","modified_gmt":"2017-10-25T14:10:52","slug":"aquesta-boja-academia-familiar-celebra-1-any-amb-un-sorteig-de-3-regals","status":"publish","type":"post","link":"https:\/\/locaacademiafamiliar.com\/ca\/2017\/aquesta-boja-academia-familiar-celebra-1-any-amb-un-sorteig-de-3-regals\/","title":{"rendered":"Aquesta Boja Acad\u00e8mia Familiar celebra 1 any amb un sorteig de 3 regals!"},"content":{"rendered":"<p><strong>ESTEM DE CELEBRACI\u00d3!!<\/strong> <strong>Fa ja 1 ANY que aquesta Boja Acad\u00e8mia Familiar <a href=\"http:\/\/locaacademiafamiliar.com\/2016\/bienvenidos\/\">va obrir les seves portes<\/a><\/strong> \ud83d\ude42 Un bloc per a fam\u00edlies en qu\u00e8 vam decidir publicar les nostres experi\u00e8ncies, consells de primera m\u00e0 i trucs perqu\u00e8 aix\u00f2 d&#8217;educar i criar els fills fos una assignatura m\u00e9s f\u00e0cil i divertida.<\/p>\n<p><img data-recalc-dims=\"1\" decoding=\"async\" class=\"size-full wp-image-2003 aligncenter\" src=\"https:\/\/i0.wp.com\/locaacademiafamiliar.com\/wp-content\/uploads\/2017\/10\/14051753_10154423003215979_1754553472537741654_n.jpg?resize=960%2C639\" alt=\"\" width=\"960\" height=\"639\" srcset=\"https:\/\/i0.wp.com\/locaacademiafamiliar.com\/wp-content\/uploads\/2017\/10\/14051753_10154423003215979_1754553472537741654_n.jpg?w=960&amp;ssl=1 960w, https:\/\/i0.wp.com\/locaacademiafamiliar.com\/wp-content\/uploads\/2017\/10\/14051753_10154423003215979_1754553472537741654_n.jpg?resize=300%2C200&amp;ssl=1 300w, https:\/\/i0.wp.com\/locaacademiafamiliar.com\/wp-content\/uploads\/2017\/10\/14051753_10154423003215979_1754553472537741654_n.jpg?resize=768%2C511&amp;ssl=1 768w\" sizes=\"(max-width: 960px) 100vw, 960px\" \/><\/p>\n<p><strong>El primer aniversari sempre \u00e9s especial.<\/strong> Amb els fills, \u00e9s com celebrar que &#8220;el pitjor ja ha passat&#8221; (o no) i que fa exactament un any estaves patint i al\u00b7lucinant alhora en una sala de parts on canviaria per complet la teva vida (i ho saps). Amb un bloc potser el primer any no \u00e9s tan intens (i tampoc tan dolor\u00f3s) per\u00f2 fa il\u00b7lusi\u00f3 veure com el projecte va creixent a poc a poc i com vas aconseguint fites marcades que semblaven inabastables.<\/p>\n<div class=\"tiled-gallery type-rectangular tiled-gallery-unresized\" data-original-width=\"500\" data-carousel-extra='{&quot;blog_id&quot;:1,&quot;permalink&quot;:&quot;https:\\\/\\\/locaacademiafamiliar.com\\\/ca\\\/2017\\\/aquesta-boja-academia-familiar-celebra-1-any-amb-un-sorteig-de-3-regals\\\/&quot;,&quot;likes_blog_id&quot;:119488531}' itemscope itemtype=\"http:\/\/schema.org\/ImageGallery\" > <div class=\"gallery-row\" style=\"width: 500px; height: 248px;\" data-original-width=\"500\" data-original-height=\"248\" > <div class=\"gallery-group images-1\" style=\"width: 167px; height: 248px;\" data-original-width=\"167\" data-original-height=\"248\" > <div class=\"tiled-gallery-item tiled-gallery-item-small\" itemprop=\"associatedMedia\" itemscope itemtype=\"http:\/\/schema.org\/ImageObject\"> <a href=\"https:\/\/locaacademiafamiliar.com\/ca\/2017\/aquesta-boja-academia-familiar-celebra-1-any-amb-un-sorteig-de-3-regals\/img_2422\/\" border=\"0\" itemprop=\"url\"> <meta itemprop=\"width\" content=\"163\"> <meta itemprop=\"height\" content=\"244\"> <img decoding=\"async\" class=\"\" data-attachment-id=\"5409\" data-orig-file=\"https:\/\/locaacademiafamiliar.com\/wp-content\/uploads\/2017\/10\/IMG_2422.jpg\" data-orig-size=\"667,1000\" data-comments-opened=\"1\" data-image-meta=\"{&quot;aperture&quot;:&quot;4&quot;,&quot;credit&quot;:&quot;&quot;,&quot;camera&quot;:&quot;Canon EOS 500D&quot;,&quot;caption&quot;:&quot;&quot;,&quot;created_timestamp&quot;:&quot;1392668957&quot;,&quot;copyright&quot;:&quot;&quot;,&quot;focal_length&quot;:&quot;25&quot;,&quot;iso&quot;:&quot;1600&quot;,&quot;shutter_speed&quot;:&quot;0.033333333333333&quot;,&quot;title&quot;:&quot;&quot;,&quot;orientation&quot;:&quot;1&quot;}\" data-image-title=\"IMG_2422\" data-image-description=\"\" data-medium-file=\"https:\/\/i0.wp.com\/locaacademiafamiliar.com\/wp-content\/uploads\/2017\/10\/IMG_2422.jpg?fit=200%2C300&#038;ssl=1\" data-large-file=\"https:\/\/i0.wp.com\/locaacademiafamiliar.com\/wp-content\/uploads\/2017\/10\/IMG_2422.jpg?fit=667%2C1000&#038;ssl=1\" src=\"https:\/\/i0.wp.com\/locaacademiafamiliar.com\/wp-content\/uploads\/2017\/10\/IMG_2422.jpg?w=163&#038;h=244&#038;ssl=1\" srcset=\"https:\/\/i0.wp.com\/locaacademiafamiliar.com\/wp-content\/uploads\/2017\/10\/IMG_2422.jpg?w=667&amp;ssl=1 667w, https:\/\/i0.wp.com\/locaacademiafamiliar.com\/wp-content\/uploads\/2017\/10\/IMG_2422.jpg?resize=200%2C300&amp;ssl=1 200w\" width=\"163\" height=\"244\" loading=\"lazy\" data-original-width=\"163\" data-original-height=\"244\" itemprop=\"http:\/\/schema.org\/image\" title=\"IMG_2422\" alt=\"IMG_2422\" style=\"width: 163px; height: 244px;\" \/> <\/a> <\/div> <\/div> <!-- close group --> <div class=\"gallery-group images-1\" style=\"width: 167px; height: 248px;\" data-original-width=\"167\" data-original-height=\"248\" > <div class=\"tiled-gallery-item tiled-gallery-item-small\" itemprop=\"associatedMedia\" itemscope itemtype=\"http:\/\/schema.org\/ImageObject\"> <a href=\"https:\/\/locaacademiafamiliar.com\/ca\/2017\/aquesta-boja-academia-familiar-celebra-1-any-amb-un-sorteig-de-3-regals\/img_2557\/\" border=\"0\" itemprop=\"url\"> <meta itemprop=\"width\" content=\"163\"> <meta itemprop=\"height\" content=\"244\"> <img decoding=\"async\" class=\"\" data-attachment-id=\"5410\" data-orig-file=\"https:\/\/locaacademiafamiliar.com\/wp-content\/uploads\/2017\/10\/IMG_2557.jpg\" data-orig-size=\"667,1000\" data-comments-opened=\"1\" data-image-meta=\"{&quot;aperture&quot;:&quot;3.5&quot;,&quot;credit&quot;:&quot;&quot;,&quot;camera&quot;:&quot;Canon EOS 500D&quot;,&quot;caption&quot;:&quot;&quot;,&quot;created_timestamp&quot;:&quot;1393788580&quot;,&quot;copyright&quot;:&quot;&quot;,&quot;focal_length&quot;:&quot;21&quot;,&quot;iso&quot;:&quot;1250&quot;,&quot;shutter_speed&quot;:&quot;0.04&quot;,&quot;title&quot;:&quot;&quot;,&quot;orientation&quot;:&quot;1&quot;}\" data-image-title=\"IMG_2557\" data-image-description=\"\" data-medium-file=\"https:\/\/i0.wp.com\/locaacademiafamiliar.com\/wp-content\/uploads\/2017\/10\/IMG_2557.jpg?fit=200%2C300&#038;ssl=1\" data-large-file=\"https:\/\/i0.wp.com\/locaacademiafamiliar.com\/wp-content\/uploads\/2017\/10\/IMG_2557.jpg?fit=667%2C1000&#038;ssl=1\" src=\"https:\/\/i0.wp.com\/locaacademiafamiliar.com\/wp-content\/uploads\/2017\/10\/IMG_2557.jpg?w=163&#038;h=244&#038;ssl=1\" srcset=\"https:\/\/i0.wp.com\/locaacademiafamiliar.com\/wp-content\/uploads\/2017\/10\/IMG_2557.jpg?w=667&amp;ssl=1 667w, https:\/\/i0.wp.com\/locaacademiafamiliar.com\/wp-content\/uploads\/2017\/10\/IMG_2557.jpg?resize=200%2C300&amp;ssl=1 200w\" width=\"163\" height=\"244\" loading=\"lazy\" data-original-width=\"163\" data-original-height=\"244\" itemprop=\"http:\/\/schema.org\/image\" title=\"IMG_2557\" alt=\"IMG_2557\" style=\"width: 163px; height: 244px;\" \/> <\/a> <\/div> <\/div> <!-- close group --> <div class=\"gallery-group images-1\" style=\"width: 166px; height: 248px;\" data-original-width=\"166\" data-original-height=\"248\" > <div class=\"tiled-gallery-item tiled-gallery-item-small\" itemprop=\"associatedMedia\" itemscope itemtype=\"http:\/\/schema.org\/ImageObject\"> <a href=\"https:\/\/locaacademiafamiliar.com\/ca\/2017\/aquesta-boja-academia-familiar-celebra-1-any-amb-un-sorteig-de-3-regals\/img_1971\/\" border=\"0\" itemprop=\"url\"> <meta itemprop=\"width\" content=\"162\"> <meta itemprop=\"height\" content=\"244\"> <img decoding=\"async\" class=\"\" data-attachment-id=\"5408\" data-orig-file=\"https:\/\/locaacademiafamiliar.com\/wp-content\/uploads\/2017\/10\/IMG_1971.jpg\" data-orig-size=\"667,1000\" data-comments-opened=\"1\" data-image-meta=\"{&quot;aperture&quot;:&quot;4&quot;,&quot;credit&quot;:&quot;&quot;,&quot;camera&quot;:&quot;Canon EOS 500D&quot;,&quot;caption&quot;:&quot;&quot;,&quot;created_timestamp&quot;:&quot;1485031778&quot;,&quot;copyright&quot;:&quot;&quot;,&quot;focal_length&quot;:&quot;23&quot;,&quot;iso&quot;:&quot;400&quot;,&quot;shutter_speed&quot;:&quot;0.016666666666667&quot;,&quot;title&quot;:&quot;&quot;,&quot;orientation&quot;:&quot;1&quot;}\" data-image-title=\"IMG_1971\" data-image-description=\"\" data-medium-file=\"https:\/\/i0.wp.com\/locaacademiafamiliar.com\/wp-content\/uploads\/2017\/10\/IMG_1971.jpg?fit=200%2C300&#038;ssl=1\" data-large-file=\"https:\/\/i0.wp.com\/locaacademiafamiliar.com\/wp-content\/uploads\/2017\/10\/IMG_1971.jpg?fit=667%2C1000&#038;ssl=1\" src=\"https:\/\/i0.wp.com\/locaacademiafamiliar.com\/wp-content\/uploads\/2017\/10\/IMG_1971.jpg?w=162&#038;h=244&#038;ssl=1\" srcset=\"https:\/\/i0.wp.com\/locaacademiafamiliar.com\/wp-content\/uploads\/2017\/10\/IMG_1971.jpg?w=667&amp;ssl=1 667w, https:\/\/i0.wp.com\/locaacademiafamiliar.com\/wp-content\/uploads\/2017\/10\/IMG_1971.jpg?resize=200%2C300&amp;ssl=1 200w\" width=\"162\" height=\"244\" loading=\"lazy\" data-original-width=\"162\" data-original-height=\"244\" itemprop=\"http:\/\/schema.org\/image\" title=\"IMG_1971\" alt=\"IMG_1971\" style=\"width: 162px; height: 244px;\" \/> <\/a> <\/div> <\/div> <!-- close group --> <\/div> <!-- close row --> <\/div>\n<p><strong>Despr\u00e9s de 12 mesos escrivint i compartint, no podem estar m\u00e9s contentes i orgulloses del que hem aconseguit fins ara! :<\/strong>) <strong>Moltes, moltes, moltes gr\u00e0cies<\/strong> a tots\/es els que llegiu el blog regularment, i tamb\u00e9 als que l&#8217;heu llegit nom\u00e9s alguna vegada. Les vostres visites, comentaris i <em>likes<\/em> ens animen dia a dia a seguir compartint les nostres experi\u00e8ncies.<\/p>\n<p><strong>Aqu\u00ed van algunes fites del primer any del bloc<\/strong>:<\/p>\n<ul>\n<li><strong>Les nostres filles han crescut<\/strong> un pil\u00f3 \ud83d\ude42<\/li>\n<li><strong>I nosaltres amb elles<\/strong>. Elles creixen i nosaltres seguim aprenent nous trucs i experimentant en aix\u00f2 de ser mares.<\/li>\n<li>Esperem a un <strong>nou membre de la Boja Acad\u00e8mia<\/strong> que (si tot va b\u00e9) hauria de n\u00e9ixer molt aviat \ud83d\ude09<\/li>\n<li>Hem escrit entre les dues <strong>117 articles (62 en castell\u00e0 i 55 en catal\u00e0)<\/strong>.<\/li>\n<li>L&#8217;assignatura impartida\u00a0m\u00e9s vegades \u00e9s <strong><a href=\"http:\/\/locaacademiafamiliar.com\/category\/geografia\/\">Geografia<\/a> (viatges, excursions &#8230;)<\/strong> amb un total de 18 articles.<\/li>\n<li>La segona assignatura m\u00e9s llegida: una mat\u00e8ria troncal, <strong><a href=\"http:\/\/locaacademiafamiliar.com\/category\/historia\/\">Hist\u00f2ria<\/a>, amb 9 articles<\/strong>. Hist\u00f2ria de l&#8217;abans, durant i despr\u00e9s de l&#8217;embar\u00e0s.<\/li>\n<li>Fins al moment, <strong>el bloc s&#8217;ha llegit m\u00e9s de 40.000 vegades. I nosaltres diem 40 mil gr\u00e0cies!<\/strong><\/li>\n<li>L&#8217;article m\u00e9s vist fins ara \u00e9s &#8220;<a href=\"http:\/\/locaacademiafamiliar.com\/ca\/2017\/les-millors-platges-la-costa-brava-per-a-families-amb-nens\/\"><strong>Les millors platges de la Costa Brava per anar amb nens<\/strong><\/a>&#8220;, llegit m\u00e9s de 5.700 vegades.<\/li>\n<li>En els propers mesos, el nostre objectiu seguir\u00e0 sent el mateix. Us seguirem explicant<strong> els nostres experiments portats a la pr\u00e0ctica i quin resultat n&#8217;hem obtingut.<\/strong> I no us preocupeu, en aquesta Boja Acad\u00e8mia Familiar no hi ha ex\u00e0mens, no es t\u00e9 en compte l&#8217;assist\u00e8ncia i es permet copiar. I per si fos poc, equivocar-se \u00e9s normal i habitual (per mal que ens pesi).<\/li>\n<\/ul>\n<p style=\"text-align: center;\"><span style=\"color: #008080;\"><strong>Feli\u00e7 cumpleblog a nosaltres&#8230; i que en complim molts m\u00e9s!!!<\/strong><\/span><\/p>\n<hr \/>\n<h2>Sorteig de 3 super premis per a fam\u00edlies boges<\/h2>\n<p>Per celebrar aquest primer any de blog, <strong>llancem un sorteig entre tots els nostres lectors<\/strong>. \u00c9s la nostra forma d&#8217;agrair-vos que estigueu all\u00e0 i de donar-vos un petit premi a la vostra lleialtat \ud83d\ude42 <strong>Tenim tres premis ben xulos que us expliquem a continuaci\u00f3<\/strong>.<\/p>\n<h4>Regal 1.\u00a0Taller de Maquillatge de Fantasia i Globofl\u00e8xia<\/h4>\n<div class=\"tiled-gallery type-rectangular tiled-gallery-unresized\" data-original-width=\"500\" data-carousel-extra='{&quot;blog_id&quot;:1,&quot;permalink&quot;:&quot;https:\\\/\\\/locaacademiafamiliar.com\\\/ca\\\/2017\\\/aquesta-boja-academia-familiar-celebra-1-any-amb-un-sorteig-de-3-regals\\\/&quot;,&quot;likes_blog_id&quot;:119488531}' itemscope itemtype=\"http:\/\/schema.org\/ImageGallery\" > <div class=\"gallery-row\" style=\"width: 500px; height: 323px;\" data-original-width=\"500\" data-original-height=\"323\" > <div class=\"gallery-group images-1\" style=\"width: 321px; height: 323px;\" data-original-width=\"321\" data-original-height=\"323\" > <div class=\"tiled-gallery-item tiled-gallery-item-large\" itemprop=\"associatedMedia\" itemscope itemtype=\"http:\/\/schema.org\/ImageObject\"> <a href=\"https:\/\/locaacademiafamiliar.com\/ca\/2017\/aquesta-boja-academia-familiar-celebra-1-any-amb-un-sorteig-de-3-regals\/marina-purpurina-1\/\" border=\"0\" itemprop=\"url\"> <meta itemprop=\"width\" content=\"317\"> <meta itemprop=\"height\" content=\"319\"> <img decoding=\"async\" class=\"\" data-attachment-id=\"5400\" data-orig-file=\"https:\/\/locaacademiafamiliar.com\/wp-content\/uploads\/2017\/10\/marina-purpurina-1.png\" data-orig-size=\"594,598\" data-comments-opened=\"1\" data-image-meta=\"{&quot;aperture&quot;:&quot;0&quot;,&quot;credit&quot;:&quot;&quot;,&quot;camera&quot;:&quot;&quot;,&quot;caption&quot;:&quot;&quot;,&quot;created_timestamp&quot;:&quot;0&quot;,&quot;copyright&quot;:&quot;&quot;,&quot;focal_length&quot;:&quot;0&quot;,&quot;iso&quot;:&quot;0&quot;,&quot;shutter_speed&quot;:&quot;0&quot;,&quot;title&quot;:&quot;&quot;,&quot;orientation&quot;:&quot;0&quot;}\" data-image-title=\"marina purpurina 1\" data-image-description=\"\" data-medium-file=\"https:\/\/i0.wp.com\/locaacademiafamiliar.com\/wp-content\/uploads\/2017\/10\/marina-purpurina-1.png?fit=298%2C300&#038;ssl=1\" data-large-file=\"https:\/\/i0.wp.com\/locaacademiafamiliar.com\/wp-content\/uploads\/2017\/10\/marina-purpurina-1.png?fit=594%2C598&#038;ssl=1\" src=\"https:\/\/i0.wp.com\/locaacademiafamiliar.com\/wp-content\/uploads\/2017\/10\/marina-purpurina-1.png?w=317&#038;h=319&#038;ssl=1\" srcset=\"https:\/\/i0.wp.com\/locaacademiafamiliar.com\/wp-content\/uploads\/2017\/10\/marina-purpurina-1.png?w=594&amp;ssl=1 594w, https:\/\/i0.wp.com\/locaacademiafamiliar.com\/wp-content\/uploads\/2017\/10\/marina-purpurina-1.png?resize=150%2C150&amp;ssl=1 150w, https:\/\/i0.wp.com\/locaacademiafamiliar.com\/wp-content\/uploads\/2017\/10\/marina-purpurina-1.png?resize=298%2C300&amp;ssl=1 298w\" width=\"317\" height=\"319\" loading=\"lazy\" data-original-width=\"317\" data-original-height=\"319\" itemprop=\"http:\/\/schema.org\/image\" title=\"marina purpurina 1\" alt=\"marina purpurina 1\" style=\"width: 317px; height: 319px;\" \/> <\/a> <\/div> <\/div> <!-- close group --> <div class=\"gallery-group images-2\" style=\"width: 179px; height: 323px;\" data-original-width=\"179\" data-original-height=\"323\" > <div class=\"tiled-gallery-item tiled-gallery-item-small\" itemprop=\"associatedMedia\" itemscope itemtype=\"http:\/\/schema.org\/ImageObject\"> <a href=\"https:\/\/locaacademiafamiliar.com\/ca\/2017\/aquesta-boja-academia-familiar-celebra-1-any-amb-un-sorteig-de-3-regals\/marina-purpurina-3\/\" border=\"0\" itemprop=\"url\"> <meta itemprop=\"width\" content=\"175\"> <meta itemprop=\"height\" content=\"141\"> <img decoding=\"async\" class=\"\" data-attachment-id=\"5402\" data-orig-file=\"https:\/\/locaacademiafamiliar.com\/wp-content\/uploads\/2017\/10\/marina-purpurina-3.png\" data-orig-size=\"595,476\" data-comments-opened=\"1\" data-image-meta=\"{&quot;aperture&quot;:&quot;0&quot;,&quot;credit&quot;:&quot;&quot;,&quot;camera&quot;:&quot;&quot;,&quot;caption&quot;:&quot;&quot;,&quot;created_timestamp&quot;:&quot;0&quot;,&quot;copyright&quot;:&quot;&quot;,&quot;focal_length&quot;:&quot;0&quot;,&quot;iso&quot;:&quot;0&quot;,&quot;shutter_speed&quot;:&quot;0&quot;,&quot;title&quot;:&quot;&quot;,&quot;orientation&quot;:&quot;0&quot;}\" data-image-title=\"marina purpurina 3\" data-image-description=\"\" data-medium-file=\"https:\/\/i0.wp.com\/locaacademiafamiliar.com\/wp-content\/uploads\/2017\/10\/marina-purpurina-3.png?fit=300%2C240&#038;ssl=1\" data-large-file=\"https:\/\/i0.wp.com\/locaacademiafamiliar.com\/wp-content\/uploads\/2017\/10\/marina-purpurina-3.png?fit=595%2C476&#038;ssl=1\" src=\"https:\/\/i0.wp.com\/locaacademiafamiliar.com\/wp-content\/uploads\/2017\/10\/marina-purpurina-3.png?w=175&#038;h=141&#038;ssl=1\" srcset=\"https:\/\/i0.wp.com\/locaacademiafamiliar.com\/wp-content\/uploads\/2017\/10\/marina-purpurina-3.png?w=595&amp;ssl=1 595w, https:\/\/i0.wp.com\/locaacademiafamiliar.com\/wp-content\/uploads\/2017\/10\/marina-purpurina-3.png?resize=300%2C240&amp;ssl=1 300w\" width=\"175\" height=\"141\" loading=\"lazy\" data-original-width=\"175\" data-original-height=\"141\" itemprop=\"http:\/\/schema.org\/image\" title=\"marina purpurina 3\" alt=\"marina purpurina 3\" style=\"width: 175px; height: 141px;\" \/> <\/a> <\/div> <div class=\"tiled-gallery-item tiled-gallery-item-small\" itemprop=\"associatedMedia\" itemscope itemtype=\"http:\/\/schema.org\/ImageObject\"> <a href=\"https:\/\/locaacademiafamiliar.com\/ca\/2017\/aquesta-boja-academia-familiar-celebra-1-any-amb-un-sorteig-de-3-regals\/marina-purpurina-2\/\" border=\"0\" itemprop=\"url\"> <meta itemprop=\"width\" content=\"175\"> <meta itemprop=\"height\" content=\"174\"> <img decoding=\"async\" class=\"\" data-attachment-id=\"5401\" data-orig-file=\"https:\/\/locaacademiafamiliar.com\/wp-content\/uploads\/2017\/10\/marina-purpurina-2.png\" data-orig-size=\"590,586\" data-comments-opened=\"1\" data-image-meta=\"{&quot;aperture&quot;:&quot;0&quot;,&quot;credit&quot;:&quot;&quot;,&quot;camera&quot;:&quot;&quot;,&quot;caption&quot;:&quot;&quot;,&quot;created_timestamp&quot;:&quot;0&quot;,&quot;copyright&quot;:&quot;&quot;,&quot;focal_length&quot;:&quot;0&quot;,&quot;iso&quot;:&quot;0&quot;,&quot;shutter_speed&quot;:&quot;0&quot;,&quot;title&quot;:&quot;&quot;,&quot;orientation&quot;:&quot;0&quot;}\" data-image-title=\"marina purpurina 2\" data-image-description=\"\" data-medium-file=\"https:\/\/i0.wp.com\/locaacademiafamiliar.com\/wp-content\/uploads\/2017\/10\/marina-purpurina-2.png?fit=300%2C298&#038;ssl=1\" data-large-file=\"https:\/\/i0.wp.com\/locaacademiafamiliar.com\/wp-content\/uploads\/2017\/10\/marina-purpurina-2.png?fit=590%2C586&#038;ssl=1\" src=\"https:\/\/i0.wp.com\/locaacademiafamiliar.com\/wp-content\/uploads\/2017\/10\/marina-purpurina-2.png?w=175&#038;h=174&#038;ssl=1\" srcset=\"https:\/\/i0.wp.com\/locaacademiafamiliar.com\/wp-content\/uploads\/2017\/10\/marina-purpurina-2.png?w=590&amp;ssl=1 590w, https:\/\/i0.wp.com\/locaacademiafamiliar.com\/wp-content\/uploads\/2017\/10\/marina-purpurina-2.png?resize=150%2C150&amp;ssl=1 150w, https:\/\/i0.wp.com\/locaacademiafamiliar.com\/wp-content\/uploads\/2017\/10\/marina-purpurina-2.png?resize=300%2C298&amp;ssl=1 300w\" width=\"175\" height=\"174\" loading=\"lazy\" data-original-width=\"175\" data-original-height=\"174\" itemprop=\"http:\/\/schema.org\/image\" title=\"marina purpurina 2\" alt=\"marina purpurina 2\" style=\"width: 175px; height: 174px;\" \/> <\/a> <\/div> <\/div> <!-- close group --> <\/div> <!-- close row --> <\/div>\n<p><a href=\"http:\/\/marinapurpurina.com\/\"><strong>Marina Purpurina<\/strong><\/a>\u00a0 \u00e9s una monitora de lleure excel\u00b7lent que aconsegueix que<strong> les festes infantils siguin molt molones i boges gr\u00e0cies als seus tallers de maquillatge i globofl\u00e8xia<\/strong>. Una gran manera de posar llum i color a l&#8217;aniversari dels teus fills\/es &#8211; i de tenir-los contents i il\u00b7lusionats una bona estona \ud83d\ude09 El premi consisteix en <strong>un taller de 2h de durada, per a un m\u00e0xim de 20 nens. La monitora pintar\u00e0 les cares dels menuts amb maquillatge a l&#8217;aigua i tamb\u00e9 realitzar\u00e0 figures de globus<\/strong> senzilles per a cadascun d&#8217;ells. V\u00e0lid per a esdeveniments i festes a Catalunya (la monitora es despla\u00e7ar\u00e0 a qualsevol lloc de Catalunya). M\u00e9s info al seu <a href=\"https:\/\/www.facebook.com\/marinapurpurina\/\">Facebook<\/a>.<\/p>\n<hr \/>\n<p>&nbsp;<\/p>\n<p>&nbsp;<\/p>\n<h4>Regal 2. Pack de 4 Mitjons Viatgers Jimmy Lion<\/h4>\n<p><img data-recalc-dims=\"1\" decoding=\"async\" class=\"size-full wp-image-1992 aligncenter\" src=\"https:\/\/i0.wp.com\/locaacademiafamiliar.com\/wp-content\/uploads\/2017\/10\/calcetines-viajeros-jimmy-lion-b-the-travel-brand.jpg?resize=1000%2C861\" alt=\"\" width=\"1000\" height=\"861\" srcset=\"https:\/\/i0.wp.com\/locaacademiafamiliar.com\/wp-content\/uploads\/2017\/10\/calcetines-viajeros-jimmy-lion-b-the-travel-brand.jpg?w=1000&amp;ssl=1 1000w, https:\/\/i0.wp.com\/locaacademiafamiliar.com\/wp-content\/uploads\/2017\/10\/calcetines-viajeros-jimmy-lion-b-the-travel-brand.jpg?resize=300%2C258&amp;ssl=1 300w, https:\/\/i0.wp.com\/locaacademiafamiliar.com\/wp-content\/uploads\/2017\/10\/calcetines-viajeros-jimmy-lion-b-the-travel-brand.jpg?resize=768%2C661&amp;ssl=1 768w\" sizes=\"(max-width: 1000px) 100vw, 1000px\" \/><\/p>\n<p>Com que l&#8217;assignatura m\u00e9s impartida \u00e9s Geografia, seguim amb un regal viatger, ben xulo i molt c\u00f2mode. L&#8217;ag\u00e8ncia de viatges &#8220;<a href=\"https:\/\/www.bthetravelbrand.com\/\"><strong>B the travel brand<\/strong><\/a>&#8220;<strong>\u00a0ha posat en marxa al costat de\u00a0<a href=\"https:\/\/www.jimmylion.com\">Jimmy Lion<\/a> la producci\u00f3 d&#8217;una col\u00b7lecci\u00f3 especial de mitjons inspirats en viatges<\/strong>. Amb aquests mitjons viatgers tindreu el <strong>Carib, els creuers, els grans viatges i les escapades urbanes als vostres peus<\/strong>. El premi consisteix en un pack de 4 parells de mitjons Jimmy Lion. (Talles disponibles: 36\/40 i 41\/46). Feu un cop d&#8217;ull al hashtag #<a href=\"https:\/\/www.instagram.com\/explore\/tags\/calcetinesviajeros\/\">CalcetinesViajeros<\/a> i si us animeu a anar de viatge amb els vostres fills, <strong>consulteu les ofertes de la p\u00e0gina<\/strong>\u00a0<strong><a href=\"https:\/\/www.bthetravelbrand.com\/\">B the travel brand<\/a>.<\/strong><\/p>\n<hr \/>\n<h4><\/h4>\n<h4>Regal 3. Escapada Familiar en el Pirineu (Nit i Mitja Pensi\u00f3)<\/h4>\n<div class=\"tiled-gallery type-rectangular tiled-gallery-unresized\" data-original-width=\"500\" data-carousel-extra='{&quot;blog_id&quot;:1,&quot;permalink&quot;:&quot;https:\\\/\\\/locaacademiafamiliar.com\\\/ca\\\/2017\\\/aquesta-boja-academia-familiar-celebra-1-any-amb-un-sorteig-de-3-regals\\\/&quot;,&quot;likes_blog_id&quot;:119488531}' itemscope itemtype=\"http:\/\/schema.org\/ImageGallery\" > <div class=\"gallery-row\" style=\"width: 500px; height: 167px;\" data-original-width=\"500\" data-original-height=\"167\" > <div class=\"gallery-group images-1\" style=\"width: 250px; height: 167px;\" data-original-width=\"250\" data-original-height=\"167\" > <div class=\"tiled-gallery-item tiled-gallery-item-small\" itemprop=\"associatedMedia\" itemscope itemtype=\"http:\/\/schema.org\/ImageObject\"> <a href=\"https:\/\/locaacademiafamiliar.com\/ca\/2017\/aquesta-boja-academia-familiar-celebra-1-any-amb-un-sorteig-de-3-regals\/hotel-la-coma-2\/\" border=\"0\" itemprop=\"url\"> <meta itemprop=\"width\" content=\"246\"> <meta itemprop=\"height\" content=\"163\"> <img decoding=\"async\" class=\"\" data-attachment-id=\"5405\" data-orig-file=\"https:\/\/locaacademiafamiliar.com\/wp-content\/uploads\/2017\/10\/hotel-la-coma-2.png\" data-orig-size=\"384,254\" data-comments-opened=\"1\" data-image-meta=\"{&quot;aperture&quot;:&quot;0&quot;,&quot;credit&quot;:&quot;&quot;,&quot;camera&quot;:&quot;&quot;,&quot;caption&quot;:&quot;&quot;,&quot;created_timestamp&quot;:&quot;0&quot;,&quot;copyright&quot;:&quot;&quot;,&quot;focal_length&quot;:&quot;0&quot;,&quot;iso&quot;:&quot;0&quot;,&quot;shutter_speed&quot;:&quot;0&quot;,&quot;title&quot;:&quot;&quot;,&quot;orientation&quot;:&quot;0&quot;}\" data-image-title=\"hotel-la-coma-2\" data-image-description=\"\" data-medium-file=\"https:\/\/i0.wp.com\/locaacademiafamiliar.com\/wp-content\/uploads\/2017\/10\/hotel-la-coma-2.png?fit=300%2C198&#038;ssl=1\" data-large-file=\"https:\/\/i0.wp.com\/locaacademiafamiliar.com\/wp-content\/uploads\/2017\/10\/hotel-la-coma-2.png?fit=384%2C254&#038;ssl=1\" src=\"https:\/\/i0.wp.com\/locaacademiafamiliar.com\/wp-content\/uploads\/2017\/10\/hotel-la-coma-2.png?w=246&#038;h=163&#038;ssl=1\" srcset=\"https:\/\/i0.wp.com\/locaacademiafamiliar.com\/wp-content\/uploads\/2017\/10\/hotel-la-coma-2.png?w=384&amp;ssl=1 384w, https:\/\/i0.wp.com\/locaacademiafamiliar.com\/wp-content\/uploads\/2017\/10\/hotel-la-coma-2.png?resize=300%2C198&amp;ssl=1 300w\" width=\"246\" height=\"163\" loading=\"lazy\" data-original-width=\"246\" data-original-height=\"163\" itemprop=\"http:\/\/schema.org\/image\" title=\"hotel-la-coma-2\" alt=\"hotel-la-coma-2\" style=\"width: 246px; height: 163px;\" \/> <\/a> <\/div> <\/div> <!-- close group --> <div class=\"gallery-group images-1\" style=\"width: 250px; height: 167px;\" data-original-width=\"250\" data-original-height=\"167\" > <div class=\"tiled-gallery-item tiled-gallery-item-small\" itemprop=\"associatedMedia\" itemscope itemtype=\"http:\/\/schema.org\/ImageObject\"> <a href=\"https:\/\/locaacademiafamiliar.com\/ca\/2017\/aquesta-boja-academia-familiar-celebra-1-any-amb-un-sorteig-de-3-regals\/hotel-la-coma-1\/\" border=\"0\" itemprop=\"url\"> <meta itemprop=\"width\" content=\"246\"> <meta itemprop=\"height\" content=\"163\"> <img decoding=\"async\" class=\"\" data-attachment-id=\"5406\" data-orig-file=\"https:\/\/locaacademiafamiliar.com\/wp-content\/uploads\/2017\/10\/hotel-la-coma-1.png\" data-orig-size=\"386,255\" data-comments-opened=\"1\" data-image-meta=\"{&quot;aperture&quot;:&quot;0&quot;,&quot;credit&quot;:&quot;&quot;,&quot;camera&quot;:&quot;&quot;,&quot;caption&quot;:&quot;&quot;,&quot;created_timestamp&quot;:&quot;0&quot;,&quot;copyright&quot;:&quot;&quot;,&quot;focal_length&quot;:&quot;0&quot;,&quot;iso&quot;:&quot;0&quot;,&quot;shutter_speed&quot;:&quot;0&quot;,&quot;title&quot;:&quot;&quot;,&quot;orientation&quot;:&quot;0&quot;}\" data-image-title=\"hotel-la-coma-1\" data-image-description=\"\" data-medium-file=\"https:\/\/i0.wp.com\/locaacademiafamiliar.com\/wp-content\/uploads\/2017\/10\/hotel-la-coma-1.png?fit=300%2C198&#038;ssl=1\" data-large-file=\"https:\/\/i0.wp.com\/locaacademiafamiliar.com\/wp-content\/uploads\/2017\/10\/hotel-la-coma-1.png?fit=386%2C255&#038;ssl=1\" src=\"https:\/\/i0.wp.com\/locaacademiafamiliar.com\/wp-content\/uploads\/2017\/10\/hotel-la-coma-1.png?w=246&#038;h=163&#038;ssl=1\" srcset=\"https:\/\/i0.wp.com\/locaacademiafamiliar.com\/wp-content\/uploads\/2017\/10\/hotel-la-coma-1.png?w=386&amp;ssl=1 386w, https:\/\/i0.wp.com\/locaacademiafamiliar.com\/wp-content\/uploads\/2017\/10\/hotel-la-coma-1.png?resize=300%2C198&amp;ssl=1 300w\" width=\"246\" height=\"163\" loading=\"lazy\" data-original-width=\"246\" data-original-height=\"163\" itemprop=\"http:\/\/schema.org\/image\" title=\"hotel-la-coma-1\" alt=\"hotel-la-coma-1\" style=\"width: 246px; height: 163px;\" \/> <\/a> <\/div> <\/div> <!-- close group --> <\/div> <!-- close row --> <\/div>\n<p><strong>L&#8217;<a href=\"https:\/\/www.hotellacoma.com\/\" target=\"_blank\" rel=\"noopener noreferrer\">Hotel La Coma<\/a> \u00e9s un hotel rural de muntanya encantador, ideal per a fam\u00edlies amb nens.<\/strong> <strong>Es troba a Setcases, a mig cam\u00ed entre Camprodon i l&#8217;estaci\u00f3 d&#8217;esqu\u00ed de Vallter, al Pirineu.<\/strong> Camprodon \u00e9s per a mi, personalment, de visita obligada a m\u00ednim un cop l&#8217;any, sobretot a la tardor. Un lloc preci\u00f3s, amb mil excursions, natura, parcs d&#8217;animals salvatges, pistes d&#8217;esqu\u00ed i pobles encantadors. <strong>El premi consisteix en una nit per a una fam\u00edlia (2 adults i 2 nens) amb mitja pensi\u00f3 a l&#8217;<a href=\"https:\/\/www.hotellacoma.com\/\" target=\"_blank\" rel=\"noopener noreferrer\">Hotel La Coma<\/a>!<\/strong> L&#8217;hotel disposa d&#8217;un jard\u00ed exterior enorme i preci\u00f3s, parc infantil, centre de wellness, restaurant, sala de jocs interior, taula de ping-pong, camp de golf, petanca, gimn\u00e0s i tamb\u00e9 piscina exterior.<\/p>\n<p><em>Condicions: reserva segons disponibilitat, temporada baixa, no v\u00e0lid durant: ponts, Nadal, febrer, Setmana Santa (de dijous a diumenge ). Premi v\u00e0lid fins el 30\/06\/2018.<\/em><\/p>\n<p>&nbsp;<\/p>\n<hr \/>\n<h2>Com Participar i Guanyar?<\/h2>\n<p><strong>Hi haur\u00e0 3 guanyadors.<\/strong> Per participar al sorteig\u00a0i guanyar-lo has de:<\/p>\n<div class=\"fb-page\" data-href=\"https:\/\/www.facebook.com\/locaacademiafamiliar\/\" data-width=\"650\" data-height=\"70\" data-small-header=\"true\" data-adapt-container-width=\"true\" data-hide-cover=\"false\" data-show-facepile=\"false\">\n<blockquote class=\"fb-xfbml-parse-ignore\" cite=\"https:\/\/www.facebook.com\/locaacademiafamiliar\/\">\n<p style=\"text-align: center;\"><a href=\"https:\/\/www.facebook.com\/locaacademiafamiliar\/\">Loca Academia Familiar<\/a><\/p>\n<\/blockquote>\n<\/div>\n<p>&nbsp;<\/p>\n<ul>\n<li><strong>Ser fan a <a href=\"http:\/\/www.facebook.com\/locaacademiafamiliar\">FACEBOOK de la p\u00e0gina Loca Academia Familiar<\/a>\u00a0<\/strong>(si no ho has fet encara, fes click\u00a0a &#8220;Like\/M&#8217;agrada&#8221;).<\/li>\n<li><strong>COMPARTIR\u00a0<a href=\"https:\/\/www.facebook.com\/LocaAcademiaFamiliar\/posts\/1473719056008954\">el post\u00a0del Sorteig a Facebook<\/a> amb els teus amics i DEIXAR UN COMENTARI en el mateix post &#8220;recomanant un lloc per visitar\/viatjar amb nens&#8221;.\u00a0<\/strong><\/li>\n<li><strong>Apuntar-te a la NEWSLETTER de Loca Academia Familiar \u2b07\ufe0f\u00a0\u2b07\ufe0f\u00a0\u2b07\ufe0f<\/strong><\/li>\n<\/ul>\n<p>[jetpack_subscription_form title=&#8221;Ap\u00fantate a la Newsletter del Blog&#8221; subscribe_text=&#8221;\u00c9s gratis \ud83d\ude09 Introdueix el teu email a la casella d&#8217;aqu\u00ed sota. Rebr\u00e0s un email quan es publiqui un nou article.&#8221; subscribe_button=&#8221;Apuntar-se&#8221; show_subscribers_total=&#8221;1&#8243;]<\/p>\n<p>Teniu temps de participar fins el 30 d&#8217;octubre a les 15h. Molta sort a tothom!<\/p>\n","protected":false},"excerpt":{"rendered":"<div class=\"mh-excerpt\"><p>ESTEM DE CELEBRACI\u00d3!! Fa 1 ANY que aquesta Boja Acad\u00e8mia Familiar va obrir les seves portes \ud83d\ude42 I ho celebrem amb un super sorteig de 3 premis. Fes-hi un cop d&#8217;ull i participa-hi! Moltes gr\u00e0cies a tots!! <a class=\"mh-excerpt-more\" href=\"https:\/\/locaacademiafamiliar.com\/ca\/2017\/aquesta-boja-academia-familiar-celebra-1-any-amb-un-sorteig-de-3-regals\/\" title=\"Aquesta Boja Acad\u00e8mia Familiar celebra 1 any amb un sorteig de 3 regals!\">[&#8230;]<\/a><\/p>\n<\/div>","protected":false},"author":1,"featured_media":2031,"comment_status":"open","ping_status":"open","sticky":false,"template":"","format":"standard","meta":{"_monsterinsights_skip_tracking":false,"_monsterinsights_sitenote_active":false,"_monsterinsights_sitenote_note":"","_monsterinsights_sitenote_category":0,"_jetpack_memberships_contains_paid_content":false,"footnotes":""},"categories":[38],"tags":[],"class_list":{"0":"post-2032","1":"post","2":"type-post","3":"status-publish","4":"format-standard","5":"has-post-thumbnail","7":"category-historia-ca"},"yoast_head":"<!-- This site is optimized with the Yoast SEO plugin v26.8 - https:\/\/yoast.com\/product\/yoast-seo-wordpress\/ -->\n<title>Aquesta Boja Acad\u00e8mia Familiar celebra 1 any amb un sorteig de 3 regals!<\/title>\n<meta name=\"description\" content=\"El Blog Loca Academia Familiar celebra 1 any i estem tan contentes que compartim un sorteig de 3 premis estupendos per als lectors. Moltes gr\u00e0cies!\" \/>\n<meta name=\"robots\" content=\"index, follow, max-snippet:-1, max-image-preview:large, max-video-preview:-1\" \/>\n<link rel=\"canonical\" href=\"https:\/\/locaacademiafamiliar.com\/ca\/2017\/aquesta-boja-academia-familiar-celebra-1-any-amb-un-sorteig-de-3-regals\/\" \/>\n<meta property=\"og:locale\" content=\"ca_ES\" \/>\n<meta property=\"og:type\" content=\"article\" \/>\n<meta property=\"og:title\" content=\"Aquesta Boja Acad\u00e8mia Familiar celebra 1 any amb un sorteig de 3 regals!\" \/>\n<meta property=\"og:description\" content=\"El Blog Loca Academia Familiar celebra 1 any i estem tan contentes que compartim un sorteig de 3 premis estupendos per als lectors. Moltes gr\u00e0cies!\" \/>\n<meta property=\"og:url\" content=\"https:\/\/locaacademiafamiliar.com\/ca\/2017\/aquesta-boja-academia-familiar-celebra-1-any-amb-un-sorteig-de-3-regals\/\" \/>\n<meta property=\"og:site_name\" content=\"Boja Acad\u00e8mia Familiar\" \/>\n<meta property=\"article:publisher\" content=\"https:\/\/www.facebook.com\/LocaAcademiaFamiliar\" \/>\n<meta property=\"article:author\" content=\"http:\/\/www.facebook.com\/locaacademiafamiliar\" \/>\n<meta property=\"article:published_time\" content=\"2017-10-23T14:40:08+00:00\" \/>\n<meta property=\"article:modified_time\" content=\"2017-10-25T14:10:52+00:00\" \/>\n<meta property=\"og:image\" content=\"https:\/\/locaacademiafamiliar.com\/wp-content\/uploads\/2017\/10\/a\u00f1o-de-Loca-Academia-Familiar-1.png\" \/>\n\t<meta property=\"og:image:width\" content=\"1000\" \/>\n\t<meta property=\"og:image:height\" content=\"800\" \/>\n\t<meta property=\"og:image:type\" content=\"image\/png\" \/>\n<meta name=\"author\" content=\"Roser\" \/>\n<meta name=\"twitter:card\" content=\"summary_large_image\" \/>\n<meta name=\"twitter:label1\" content=\"Escrit per\" \/>\n\t<meta name=\"twitter:data1\" content=\"Roser\" \/>\n\t<meta name=\"twitter:label2\" content=\"Temps estimat de lectura\" \/>\n\t<meta name=\"twitter:data2\" content=\"5 minuts\" \/>\n<script type=\"application\/ld+json\" class=\"yoast-schema-graph\">{\"@context\":\"https:\/\/schema.org\",\"@graph\":[{\"@type\":\"Article\",\"@id\":\"https:\/\/locaacademiafamiliar.com\/ca\/2017\/aquesta-boja-academia-familiar-celebra-1-any-amb-un-sorteig-de-3-regals\/#article\",\"isPartOf\":{\"@id\":\"https:\/\/locaacademiafamiliar.com\/ca\/2017\/aquesta-boja-academia-familiar-celebra-1-any-amb-un-sorteig-de-3-regals\/\"},\"author\":{\"name\":\"Roser\",\"@id\":\"https:\/\/locaacademiafamiliar.com\/ca\/#\/schema\/person\/c38ddbb3d4c6f37be7c9c57b205fdd2d\"},\"headline\":\"Aquesta Boja Acad\u00e8mia Familiar celebra 1 any amb un sorteig de 3 regals!\",\"datePublished\":\"2017-10-23T14:40:08+00:00\",\"dateModified\":\"2017-10-25T14:10:52+00:00\",\"mainEntityOfPage\":{\"@id\":\"https:\/\/locaacademiafamiliar.com\/ca\/2017\/aquesta-boja-academia-familiar-celebra-1-any-amb-un-sorteig-de-3-regals\/\"},\"wordCount\":1038,\"commentCount\":0,\"publisher\":{\"@id\":\"https:\/\/locaacademiafamiliar.com\/ca\/#organization\"},\"image\":{\"@id\":\"https:\/\/locaacademiafamiliar.com\/ca\/2017\/aquesta-boja-academia-familiar-celebra-1-any-amb-un-sorteig-de-3-regals\/#primaryimage\"},\"thumbnailUrl\":\"https:\/\/i0.wp.com\/locaacademiafamiliar.com\/wp-content\/uploads\/2017\/10\/a%C3%B1o-de-Loca-Academia-Familiar-1.png?fit=1000%2C800&ssl=1\",\"articleSection\":[\"Hist\u00f2ria\"],\"inLanguage\":\"ca\",\"potentialAction\":[{\"@type\":\"CommentAction\",\"name\":\"Comment\",\"target\":[\"https:\/\/locaacademiafamiliar.com\/ca\/2017\/aquesta-boja-academia-familiar-celebra-1-any-amb-un-sorteig-de-3-regals\/#respond\"]}]},{\"@type\":\"WebPage\",\"@id\":\"https:\/\/locaacademiafamiliar.com\/ca\/2017\/aquesta-boja-academia-familiar-celebra-1-any-amb-un-sorteig-de-3-regals\/\",\"url\":\"https:\/\/locaacademiafamiliar.com\/ca\/2017\/aquesta-boja-academia-familiar-celebra-1-any-amb-un-sorteig-de-3-regals\/\",\"name\":\"Aquesta Boja Acad\u00e8mia Familiar celebra 1 any amb un sorteig de 3 regals!\",\"isPartOf\":{\"@id\":\"https:\/\/locaacademiafamiliar.com\/ca\/#website\"},\"primaryImageOfPage\":{\"@id\":\"https:\/\/locaacademiafamiliar.com\/ca\/2017\/aquesta-boja-academia-familiar-celebra-1-any-amb-un-sorteig-de-3-regals\/#primaryimage\"},\"image\":{\"@id\":\"https:\/\/locaacademiafamiliar.com\/ca\/2017\/aquesta-boja-academia-familiar-celebra-1-any-amb-un-sorteig-de-3-regals\/#primaryimage\"},\"thumbnailUrl\":\"https:\/\/i0.wp.com\/locaacademiafamiliar.com\/wp-content\/uploads\/2017\/10\/a%C3%B1o-de-Loca-Academia-Familiar-1.png?fit=1000%2C800&ssl=1\",\"datePublished\":\"2017-10-23T14:40:08+00:00\",\"dateModified\":\"2017-10-25T14:10:52+00:00\",\"description\":\"El Blog Loca Academia Familiar celebra 1 any i estem tan contentes que compartim un sorteig de 3 premis estupendos per als lectors. Moltes gr\u00e0cies!\",\"breadcrumb\":{\"@id\":\"https:\/\/locaacademiafamiliar.com\/ca\/2017\/aquesta-boja-academia-familiar-celebra-1-any-amb-un-sorteig-de-3-regals\/#breadcrumb\"},\"inLanguage\":\"ca\",\"potentialAction\":[{\"@type\":\"ReadAction\",\"target\":[\"https:\/\/locaacademiafamiliar.com\/ca\/2017\/aquesta-boja-academia-familiar-celebra-1-any-amb-un-sorteig-de-3-regals\/\"]}]},{\"@type\":\"ImageObject\",\"inLanguage\":\"ca\",\"@id\":\"https:\/\/locaacademiafamiliar.com\/ca\/2017\/aquesta-boja-academia-familiar-celebra-1-any-amb-un-sorteig-de-3-regals\/#primaryimage\",\"url\":\"https:\/\/i0.wp.com\/locaacademiafamiliar.com\/wp-content\/uploads\/2017\/10\/a%C3%B1o-de-Loca-Academia-Familiar-1.png?fit=1000%2C800&ssl=1\",\"contentUrl\":\"https:\/\/i0.wp.com\/locaacademiafamiliar.com\/wp-content\/uploads\/2017\/10\/a%C3%B1o-de-Loca-Academia-Familiar-1.png?fit=1000%2C800&ssl=1\",\"width\":1000,\"height\":800},{\"@type\":\"BreadcrumbList\",\"@id\":\"https:\/\/locaacademiafamiliar.com\/ca\/2017\/aquesta-boja-academia-familiar-celebra-1-any-amb-un-sorteig-de-3-regals\/#breadcrumb\",\"itemListElement\":[{\"@type\":\"ListItem\",\"position\":1,\"name\":\"Portada\",\"item\":\"https:\/\/locaacademiafamiliar.com\/ca\/\"},{\"@type\":\"ListItem\",\"position\":2,\"name\":\"Aquesta Boja Acad\u00e8mia Familiar celebra 1 any amb un sorteig de 3 regals!\"}]},{\"@type\":\"WebSite\",\"@id\":\"https:\/\/locaacademiafamiliar.com\/ca\/#website\",\"url\":\"https:\/\/locaacademiafamiliar.com\/ca\/\",\"name\":\"Boja Acad\u00e8mia Familiar\",\"description\":\"El blog de crianza con el que pap\u00e1s y mam\u00e1s salen mejor preparados para su rutina familiar diaria\",\"publisher\":{\"@id\":\"https:\/\/locaacademiafamiliar.com\/ca\/#organization\"},\"potentialAction\":[{\"@type\":\"SearchAction\",\"target\":{\"@type\":\"EntryPoint\",\"urlTemplate\":\"https:\/\/locaacademiafamiliar.com\/ca\/?s={search_term_string}\"},\"query-input\":{\"@type\":\"PropertyValueSpecification\",\"valueRequired\":true,\"valueName\":\"search_term_string\"}}],\"inLanguage\":\"ca\"},{\"@type\":\"Organization\",\"@id\":\"https:\/\/locaacademiafamiliar.com\/ca\/#organization\",\"name\":\"LocaAcademiaFamiliar.com\",\"url\":\"https:\/\/locaacademiafamiliar.com\/ca\/\",\"logo\":{\"@type\":\"ImageObject\",\"inLanguage\":\"ca\",\"@id\":\"https:\/\/locaacademiafamiliar.com\/ca\/#\/schema\/logo\/image\/\",\"url\":\"https:\/\/locaacademiafamiliar.com\/wp-content\/uploads\/2020\/01\/logo-loca-academia-familiar.jpg\",\"contentUrl\":\"https:\/\/locaacademiafamiliar.com\/wp-content\/uploads\/2020\/01\/logo-loca-academia-familiar.jpg\",\"width\":960,\"height\":960,\"caption\":\"LocaAcademiaFamiliar.com\"},\"image\":{\"@id\":\"https:\/\/locaacademiafamiliar.com\/ca\/#\/schema\/logo\/image\/\"},\"sameAs\":[\"https:\/\/www.facebook.com\/LocaAcademiaFamiliar\"]},{\"@type\":\"Person\",\"@id\":\"https:\/\/locaacademiafamiliar.com\/ca\/#\/schema\/person\/c38ddbb3d4c6f37be7c9c57b205fdd2d\",\"name\":\"Roser\",\"image\":{\"@type\":\"ImageObject\",\"inLanguage\":\"ca\",\"@id\":\"https:\/\/locaacademiafamiliar.com\/ca\/#\/schema\/person\/image\/\",\"url\":\"https:\/\/secure.gravatar.com\/avatar\/505f69c7969f855daaa0f97fb5b0b6b2?s=96&d=mm&r=g\",\"contentUrl\":\"https:\/\/secure.gravatar.com\/avatar\/505f69c7969f855daaa0f97fb5b0b6b2?s=96&d=mm&r=g\",\"caption\":\"Roser\"},\"description\":\"\u00a1Hola soy Roser! Mam\u00e1 de una ni\u00f1a preciosa y muy movida, nacida en agosto 2015; y de un ni\u00f1o guap\u00edsimo y valiente nacido en octubre 2017. Antes estaba \\\"sempre viaggiando\\\" y ahora estoy siempre jugando, cantando y saltando. Llevo 10 a\u00f1os como blogger de viajes y vivo en Olot, Girona. Si quieres estar informado de los eventos y actividades para familias con ni\u00f1os en Catalunya, haz click aqu\u00ed para apuntarte a nuestra newsletter.\",\"sameAs\":[\"http:\/\/www.locaacademiafamiliar.com\",\"http:\/\/www.facebook.com\/locaacademiafamiliar\"],\"url\":\"https:\/\/locaacademiafamiliar.com\/ca\/author\/roser\/\"}]}<\/script>\n<!-- \/ Yoast SEO plugin. -->","yoast_head_json":{"title":"Aquesta Boja Acad\u00e8mia Familiar celebra 1 any amb un sorteig de 3 regals!","description":"El Blog Loca Academia Familiar celebra 1 any i estem tan contentes que compartim un sorteig de 3 premis estupendos per als lectors. Moltes gr\u00e0cies!","robots":{"index":"index","follow":"follow","max-snippet":"max-snippet:-1","max-image-preview":"max-image-preview:large","max-video-preview":"max-video-preview:-1"},"canonical":"https:\/\/locaacademiafamiliar.com\/ca\/2017\/aquesta-boja-academia-familiar-celebra-1-any-amb-un-sorteig-de-3-regals\/","og_locale":"ca_ES","og_type":"article","og_title":"Aquesta Boja Acad\u00e8mia Familiar celebra 1 any amb un sorteig de 3 regals!","og_description":"El Blog Loca Academia Familiar celebra 1 any i estem tan contentes que compartim un sorteig de 3 premis estupendos per als lectors. Moltes gr\u00e0cies!","og_url":"https:\/\/locaacademiafamiliar.com\/ca\/2017\/aquesta-boja-academia-familiar-celebra-1-any-amb-un-sorteig-de-3-regals\/","og_site_name":"Boja Acad\u00e8mia Familiar","article_publisher":"https:\/\/www.facebook.com\/LocaAcademiaFamiliar","article_author":"http:\/\/www.facebook.com\/locaacademiafamiliar","article_published_time":"2017-10-23T14:40:08+00:00","article_modified_time":"2017-10-25T14:10:52+00:00","og_image":[{"width":1000,"height":800,"url":"https:\/\/locaacademiafamiliar.com\/wp-content\/uploads\/2017\/10\/a\u00f1o-de-Loca-Academia-Familiar-1.png","type":"image\/png"}],"author":"Roser","twitter_card":"summary_large_image","twitter_misc":{"Escrit per":"Roser","Temps estimat de lectura":"5 minuts"},"schema":{"@context":"https:\/\/schema.org","@graph":[{"@type":"Article","@id":"https:\/\/locaacademiafamiliar.com\/ca\/2017\/aquesta-boja-academia-familiar-celebra-1-any-amb-un-sorteig-de-3-regals\/#article","isPartOf":{"@id":"https:\/\/locaacademiafamiliar.com\/ca\/2017\/aquesta-boja-academia-familiar-celebra-1-any-amb-un-sorteig-de-3-regals\/"},"author":{"name":"Roser","@id":"https:\/\/locaacademiafamiliar.com\/ca\/#\/schema\/person\/c38ddbb3d4c6f37be7c9c57b205fdd2d"},"headline":"Aquesta Boja Acad\u00e8mia Familiar celebra 1 any amb un sorteig de 3 regals!","datePublished":"2017-10-23T14:40:08+00:00","dateModified":"2017-10-25T14:10:52+00:00","mainEntityOfPage":{"@id":"https:\/\/locaacademiafamiliar.com\/ca\/2017\/aquesta-boja-academia-familiar-celebra-1-any-amb-un-sorteig-de-3-regals\/"},"wordCount":1038,"commentCount":0,"publisher":{"@id":"https:\/\/locaacademiafamiliar.com\/ca\/#organization"},"image":{"@id":"https:\/\/locaacademiafamiliar.com\/ca\/2017\/aquesta-boja-academia-familiar-celebra-1-any-amb-un-sorteig-de-3-regals\/#primaryimage"},"thumbnailUrl":"https:\/\/i0.wp.com\/locaacademiafamiliar.com\/wp-content\/uploads\/2017\/10\/a%C3%B1o-de-Loca-Academia-Familiar-1.png?fit=1000%2C800&ssl=1","articleSection":["Hist\u00f2ria"],"inLanguage":"ca","potentialAction":[{"@type":"CommentAction","name":"Comment","target":["https:\/\/locaacademiafamiliar.com\/ca\/2017\/aquesta-boja-academia-familiar-celebra-1-any-amb-un-sorteig-de-3-regals\/#respond"]}]},{"@type":"WebPage","@id":"https:\/\/locaacademiafamiliar.com\/ca\/2017\/aquesta-boja-academia-familiar-celebra-1-any-amb-un-sorteig-de-3-regals\/","url":"https:\/\/locaacademiafamiliar.com\/ca\/2017\/aquesta-boja-academia-familiar-celebra-1-any-amb-un-sorteig-de-3-regals\/","name":"Aquesta Boja Acad\u00e8mia Familiar celebra 1 any amb un sorteig de 3 regals!","isPartOf":{"@id":"https:\/\/locaacademiafamiliar.com\/ca\/#website"},"primaryImageOfPage":{"@id":"https:\/\/locaacademiafamiliar.com\/ca\/2017\/aquesta-boja-academia-familiar-celebra-1-any-amb-un-sorteig-de-3-regals\/#primaryimage"},"image":{"@id":"https:\/\/locaacademiafamiliar.com\/ca\/2017\/aquesta-boja-academia-familiar-celebra-1-any-amb-un-sorteig-de-3-regals\/#primaryimage"},"thumbnailUrl":"https:\/\/i0.wp.com\/locaacademiafamiliar.com\/wp-content\/uploads\/2017\/10\/a%C3%B1o-de-Loca-Academia-Familiar-1.png?fit=1000%2C800&ssl=1","datePublished":"2017-10-23T14:40:08+00:00","dateModified":"2017-10-25T14:10:52+00:00","description":"El Blog Loca Academia Familiar celebra 1 any i estem tan contentes que compartim un sorteig de 3 premis estupendos per als lectors. Moltes gr\u00e0cies!","breadcrumb":{"@id":"https:\/\/locaacademiafamiliar.com\/ca\/2017\/aquesta-boja-academia-familiar-celebra-1-any-amb-un-sorteig-de-3-regals\/#breadcrumb"},"inLanguage":"ca","potentialAction":[{"@type":"ReadAction","target":["https:\/\/locaacademiafamiliar.com\/ca\/2017\/aquesta-boja-academia-familiar-celebra-1-any-amb-un-sorteig-de-3-regals\/"]}]},{"@type":"ImageObject","inLanguage":"ca","@id":"https:\/\/locaacademiafamiliar.com\/ca\/2017\/aquesta-boja-academia-familiar-celebra-1-any-amb-un-sorteig-de-3-regals\/#primaryimage","url":"https:\/\/i0.wp.com\/locaacademiafamiliar.com\/wp-content\/uploads\/2017\/10\/a%C3%B1o-de-Loca-Academia-Familiar-1.png?fit=1000%2C800&ssl=1","contentUrl":"https:\/\/i0.wp.com\/locaacademiafamiliar.com\/wp-content\/uploads\/2017\/10\/a%C3%B1o-de-Loca-Academia-Familiar-1.png?fit=1000%2C800&ssl=1","width":1000,"height":800},{"@type":"BreadcrumbList","@id":"https:\/\/locaacademiafamiliar.com\/ca\/2017\/aquesta-boja-academia-familiar-celebra-1-any-amb-un-sorteig-de-3-regals\/#breadcrumb","itemListElement":[{"@type":"ListItem","position":1,"name":"Portada","item":"https:\/\/locaacademiafamiliar.com\/ca\/"},{"@type":"ListItem","position":2,"name":"Aquesta Boja Acad\u00e8mia Familiar celebra 1 any amb un sorteig de 3 regals!"}]},{"@type":"WebSite","@id":"https:\/\/locaacademiafamiliar.com\/ca\/#website","url":"https:\/\/locaacademiafamiliar.com\/ca\/","name":"Boja Acad\u00e8mia Familiar","description":"El blog de crianza con el que pap\u00e1s y mam\u00e1s salen mejor preparados para su rutina familiar diaria","publisher":{"@id":"https:\/\/locaacademiafamiliar.com\/ca\/#organization"},"potentialAction":[{"@type":"SearchAction","target":{"@type":"EntryPoint","urlTemplate":"https:\/\/locaacademiafamiliar.com\/ca\/?s={search_term_string}"},"query-input":{"@type":"PropertyValueSpecification","valueRequired":true,"valueName":"search_term_string"}}],"inLanguage":"ca"},{"@type":"Organization","@id":"https:\/\/locaacademiafamiliar.com\/ca\/#organization","name":"LocaAcademiaFamiliar.com","url":"https:\/\/locaacademiafamiliar.com\/ca\/","logo":{"@type":"ImageObject","inLanguage":"ca","@id":"https:\/\/locaacademiafamiliar.com\/ca\/#\/schema\/logo\/image\/","url":"https:\/\/locaacademiafamiliar.com\/wp-content\/uploads\/2020\/01\/logo-loca-academia-familiar.jpg","contentUrl":"https:\/\/locaacademiafamiliar.com\/wp-content\/uploads\/2020\/01\/logo-loca-academia-familiar.jpg","width":960,"height":960,"caption":"LocaAcademiaFamiliar.com"},"image":{"@id":"https:\/\/locaacademiafamiliar.com\/ca\/#\/schema\/logo\/image\/"},"sameAs":["https:\/\/www.facebook.com\/LocaAcademiaFamiliar"]},{"@type":"Person","@id":"https:\/\/locaacademiafamiliar.com\/ca\/#\/schema\/person\/c38ddbb3d4c6f37be7c9c57b205fdd2d","name":"Roser","image":{"@type":"ImageObject","inLanguage":"ca","@id":"https:\/\/locaacademiafamiliar.com\/ca\/#\/schema\/person\/image\/","url":"https:\/\/secure.gravatar.com\/avatar\/505f69c7969f855daaa0f97fb5b0b6b2?s=96&d=mm&r=g","contentUrl":"https:\/\/secure.gravatar.com\/avatar\/505f69c7969f855daaa0f97fb5b0b6b2?s=96&d=mm&r=g","caption":"Roser"},"description":"\u00a1Hola soy Roser! Mam\u00e1 de una ni\u00f1a preciosa y muy movida, nacida en agosto 2015; y de un ni\u00f1o guap\u00edsimo y valiente nacido en octubre 2017. Antes estaba \"sempre viaggiando\" y ahora estoy siempre jugando, cantando y saltando. Llevo 10 a\u00f1os como blogger de viajes y vivo en Olot, Girona. Si quieres estar informado de los eventos y actividades para familias con ni\u00f1os en Catalunya, haz click aqu\u00ed para apuntarte a nuestra newsletter.","sameAs":["http:\/\/www.locaacademiafamiliar.com","http:\/\/www.facebook.com\/locaacademiafamiliar"],"url":"https:\/\/locaacademiafamiliar.com\/ca\/author\/roser\/"}]}},"jetpack_featured_media_url":"https:\/\/i0.wp.com\/locaacademiafamiliar.com\/wp-content\/uploads\/2017\/10\/a%C3%B1o-de-Loca-Academia-Familiar-1.png?fit=1000%2C800&ssl=1","jetpack_sharing_enabled":true,"amp_enabled":true,"_links":{"self":[{"href":"https:\/\/locaacademiafamiliar.com\/ca\/wp-json\/wp\/v2\/posts\/2032","targetHints":{"allow":["GET"]}}],"collection":[{"href":"https:\/\/locaacademiafamiliar.com\/ca\/wp-json\/wp\/v2\/posts"}],"about":[{"href":"https:\/\/locaacademiafamiliar.com\/ca\/wp-json\/wp\/v2\/types\/post"}],"author":[{"embeddable":true,"href":"https:\/\/locaacademiafamiliar.com\/ca\/wp-json\/wp\/v2\/users\/1"}],"replies":[{"embeddable":true,"href":"https:\/\/locaacademiafamiliar.com\/ca\/wp-json\/wp\/v2\/comments?post=2032"}],"version-history":[{"count":0,"href":"https:\/\/locaacademiafamiliar.com\/ca\/wp-json\/wp\/v2\/posts\/2032\/revisions"}],"wp:featuredmedia":[{"embeddable":true,"href":"https:\/\/locaacademiafamiliar.com\/ca\/wp-json\/wp\/v2\/media\/2031"}],"wp:attachment":[{"href":"https:\/\/locaacademiafamiliar.com\/ca\/wp-json\/wp\/v2\/media?parent=2032"}],"wp:term":[{"taxonomy":"category","embeddable":true,"href":"https:\/\/locaacademiafamiliar.com\/ca\/wp-json\/wp\/v2\/categories?post=2032"},{"taxonomy":"post_tag","embeddable":true,"href":"https:\/\/locaacademiafamiliar.com\/ca\/wp-json\/wp\/v2\/tags?post=2032"}],"curies":[{"name":"wp","href":"https:\/\/api.w.org\/{rel}","templated":true}]}}