{"id":2222,"date":"2017-12-11T12:01:53","date_gmt":"2017-12-11T12:01:53","guid":{"rendered":"http:\/\/locaacademiafamiliar.com\/?p=2222"},"modified":"2019-05-09T07:24:40","modified_gmt":"2019-05-09T07:24:40","slug":"destinacions-prop-catalunya-per-una-escapada-amb-nens-petits","status":"publish","type":"post","link":"https:\/\/locaacademiafamiliar.com\/ca\/2017\/destinacions-prop-catalunya-per-una-escapada-amb-nens-petits\/","title":{"rendered":"Destinacions a prop de Catalunya per a una escapada amb nens petits i nadons"},"content":{"rendered":"<p style=\"text-align: left;\">Fa poc vam celebrar <a href=\"http:\/\/locaacademiafamiliar.com\/ca\/2017\/aquesta-boja-academia-familiar-celebra-1-any-amb-un-sorteig-de-3-regals\/\" target=\"_blank\" rel=\"noopener\"><strong>un any de blog<\/strong><\/a> i vam premiar als lectors i seguidors m\u00e9s actius amb <a href=\"http:\/\/locaacademiafamiliar.com\/ca\/2017\/aquesta-boja-academia-familiar-celebra-1-any-amb-un-sorteig-de-3-regals\/\">tres super premis<\/a>. Per participar havien de dir-nos <strong>quines destinacions recomanarien ells per a una escapada amb nens petits o nadons<\/strong>.<\/p>\n<p><script id=\"mcjs\">!function(c,h,i,m,p){m=c.createElement(h),p=c.getElementsByTagName(h)[0],m.async=1,m.src=i,p.parentNode.insertBefore(m,p)}(document,\"script\",\"https:\/\/chimpstatic.com\/mcjs-connected\/js\/users\/b00c9f4d7524d2231cb91bf47\/1ce92e84c3cc8af58dbc89c0a.js\");<\/script><\/p>\n<p>Les respostes van ser tan estupendes i nombroses que hem decidit recollir-les en <strong>un post col\u00b7lectiu perqu\u00e8 les propostes quedin guardades per a aquells que estigueu pensant en una escapada amb nadons o nens petits<\/strong>. (En aquest <a href=\"https:\/\/www.facebook.com\/LocaAcademiaFamiliar\/posts\/1473719056008954\" target=\"_blank\" rel=\"noopener\">post de Facebook<\/a> trobar\u00e0s totes les respostes dels participants). Nota: La majoria s\u00f3n llocs de Catalunya o llocs que estan a prop, ja que molts dels seguidors viuen a Catalunya.<\/p>\n<p>&nbsp;<\/p>\n<h3>La Cerdanya francesa y el Capcir (Pirineus Orientals francesos)<\/h3>\n<p><img data-recalc-dims=\"1\" decoding=\"async\" class=\"aligncenter size-full wp-image-7123\" src=\"https:\/\/i0.wp.com\/locaacademiafamiliar.com\/wp-content\/uploads\/2019\/04\/cerdanya-francesa-amb-nens.jpg?resize=1280%2C853&#038;ssl=1\" alt=\"\" width=\"1280\" height=\"853\" srcset=\"https:\/\/i0.wp.com\/locaacademiafamiliar.com\/wp-content\/uploads\/2019\/04\/cerdanya-francesa-amb-nens.jpg?w=1280&amp;ssl=1 1280w, https:\/\/i0.wp.com\/locaacademiafamiliar.com\/wp-content\/uploads\/2019\/04\/cerdanya-francesa-amb-nens.jpg?resize=300%2C200&amp;ssl=1 300w, https:\/\/i0.wp.com\/locaacademiafamiliar.com\/wp-content\/uploads\/2019\/04\/cerdanya-francesa-amb-nens.jpg?resize=768%2C512&amp;ssl=1 768w, https:\/\/i0.wp.com\/locaacademiafamiliar.com\/wp-content\/uploads\/2019\/04\/cerdanya-francesa-amb-nens.jpg?resize=1024%2C682&amp;ssl=1 1024w\" sizes=\"(max-width: 1000px) 100vw, 1000px\" \/><\/p>\n<p>A l&#8217;altra banda de la frontera, <strong>a prop de Puigcerd\u00e0, teniu les regions de la Cerdanya i el Capcir, als Pirineus Orientals Francesos al sud de Fran\u00e7a<\/strong>. <strong>\u00c9s una destinaci\u00f3 de muntanya ideal per escapar-se en fam\u00edlia amb els nens<\/strong>. Hem estat all\u00e0 fa poc (per Setmana Santa) i hem gaudit d&#8217;una excursi\u00f3 en el fam\u00f3s i ic\u00f2nic <a href=\"https:\/\/locaacademiafamiliar.com\/ca\/2019\/una-excursio-en-el-tren-groc-dels-pirineus-train-jaune-com-funciona\/\"><strong>Tren Groc<\/strong><\/a>, unes fant\u00e0stiques capbusades al <strong>balneari familiar de Angl\u00e9o (a Les Angles) i en els banys termals naturals de St Thomas<\/strong> (a 37\u00ba C ), una visita al <strong>parc d&#8217;animals de Les Angles<\/strong>. A m\u00e9s podeu visitar <strong>granges<\/strong> obertes al p\u00fablic, anar a un <strong>parc d&#8217;aventures<\/strong> <strong>amb tirolines<\/strong> als arbres (a partir de 2 anys) o fer moltes excursions per la natura a prop dels <strong>llacs Bouilloses i Matemala<\/strong>.<\/p>\n<p>Si \u00e9s hivern, porteu el trineu i els guants per fer un ninot de neu a<strong> les pistes d&#8217;esqu\u00ed de Font Romeu, Pyren\u00e9es 2000 o Les Angles<\/strong> (entre d&#8217;altres). Si \u00e9s estiu, no us oblideu el banyador per <strong>banyar-vos al llac Matemale<\/strong> <strong>on sol haver-hi moltes activitats preparades per a les fam\u00edlies amb nens<\/strong>! A m\u00e9s, a l&#8217;estiu estareu ben fresquets \ud83d\ude42 Fes una ullada a la <strong>nostra cr\u00f2nica i recomanacions de <a href=\"https:\/\/locaacademiafamiliar.com\/ca\/2019\/que-fer-a-la-cerdanya-francesa-capcir-amb-nens-pirineus-francesos\/\">coses a fer amb nens als Pirineus Francesos i Cerdanya<\/a><\/strong>.<\/p>\n<h3>Vall de N\u00faria<\/h3>\n<p><img data-recalc-dims=\"1\" decoding=\"async\" class=\"aligncenter size-full wp-image-1797\" src=\"https:\/\/i0.wp.com\/locaacademiafamiliar.com\/wp-content\/uploads\/2017\/09\/vall_nuria_-4.jpg?resize=1000%2C750\" alt=\"\" width=\"1000\" height=\"750\" srcset=\"https:\/\/i0.wp.com\/locaacademiafamiliar.com\/wp-content\/uploads\/2017\/09\/vall_nuria_-4.jpg?w=1000&amp;ssl=1 1000w, https:\/\/i0.wp.com\/locaacademiafamiliar.com\/wp-content\/uploads\/2017\/09\/vall_nuria_-4.jpg?resize=300%2C225&amp;ssl=1 300w, https:\/\/i0.wp.com\/locaacademiafamiliar.com\/wp-content\/uploads\/2017\/09\/vall_nuria_-4.jpg?resize=768%2C576&amp;ssl=1 768w, https:\/\/i0.wp.com\/locaacademiafamiliar.com\/wp-content\/uploads\/2017\/09\/vall_nuria_-4.jpg?resize=678%2C509&amp;ssl=1 678w, https:\/\/i0.wp.com\/locaacademiafamiliar.com\/wp-content\/uploads\/2017\/09\/vall_nuria_-4.jpg?resize=326%2C245&amp;ssl=1 326w, https:\/\/i0.wp.com\/locaacademiafamiliar.com\/wp-content\/uploads\/2017\/09\/vall_nuria_-4.jpg?resize=80%2C60&amp;ssl=1 80w\" sizes=\"(max-width: 1000px) 100vw, 1000px\" \/><\/p>\n<p>Van ser tres les persones que van recomanar <strong>Vall de N\u00faria per a una escapada amb nens petits<\/strong>. I no m&#8217;estranya! \u00c9s un lloc m\u00e0gic durant tot l&#8217;any: <strong>a l&#8217;estiu hi ha un parc l\u00fadic fant\u00e0stic<\/strong> per jugar a l&#8217;aire lliure; <strong>a l&#8217;hivern al Parc l\u00fadic se li suma una estaci\u00f3 d&#8217;esqu\u00ed familiar<\/strong>; i a la primavera i la tardor, quan el bon temps acompanya, Vall de N\u00faria es converteix en un <strong>lloc ideal per fer <a href=\"http:\/\/locaacademiafamiliar.com\/ca\/2017\/trucs-i-consells-per-anar-dexcursio-amb-nens\/\" target=\"_blank\" rel=\"noopener\">excursions<\/a> <\/strong>de tots els nivells i altituds.<\/p>\n<p>Vall de N\u00faria est\u00e0 situada al <strong>Pirineu<\/strong>, a mil metres d&#8217;altitud i s&#8217;hi accedeix NOM\u00c9S caminant (opci\u00f3 complicada amb els menuts) o amb un <strong>tren cremallera<\/strong> que fa que l&#8217;aventura comenci d&#8217;una forma divertida i inusual.<\/p>\n<p>Despr\u00e9s de 40 minuts de recorregut per muntanyes escarpades, arribareu a <strong>Vall de N\u00faria<\/strong>. Us esperen alguns dels cims m\u00e9s alts del Pirineu catal\u00e0, vistes estupendes, un Santuari amb llarga tradici\u00f3, un llac amb barques i el parc l\u00fadic que sempre \u00e9s un encert. En aquest altre post us explico <strong><a href=\"http:\/\/locaacademiafamiliar.com\/ca\/2017\/vall-nuria-amb-nens\/\">la nostra experi\u00e8ncia a Vall de N\u00faria<\/a> aquest estiu.<\/strong><\/p>\n<p>&nbsp;<\/p>\n<h3>Aiguamolls de l&#8217;Empord\u00e0<\/h3>\n<p><img data-recalc-dims=\"1\" decoding=\"async\" class=\"aligncenter size-full wp-image-2212\" src=\"https:\/\/i0.wp.com\/locaacademiafamiliar.com\/wp-content\/uploads\/2017\/11\/33941874772_fe2a11b4c5_k.jpg?resize=1000%2C667\" alt=\"\" width=\"1000\" height=\"667\" srcset=\"https:\/\/i0.wp.com\/locaacademiafamiliar.com\/wp-content\/uploads\/2017\/11\/33941874772_fe2a11b4c5_k.jpg?w=1000&amp;ssl=1 1000w, https:\/\/i0.wp.com\/locaacademiafamiliar.com\/wp-content\/uploads\/2017\/11\/33941874772_fe2a11b4c5_k.jpg?resize=300%2C200&amp;ssl=1 300w, https:\/\/i0.wp.com\/locaacademiafamiliar.com\/wp-content\/uploads\/2017\/11\/33941874772_fe2a11b4c5_k.jpg?resize=768%2C512&amp;ssl=1 768w\" sizes=\"(max-width: 1000px) 100vw, 1000px\" \/><\/p>\n<p><strong>Situats a l&#8217;Empord\u00e0, el Parc Natural dels Aiguamolls (aiguamolls) \u00e9s un lloc perfecte per fer una excursi\u00f3 senzilla i veure ocells i altres animals del parc<\/strong>. Des del p\u00e0rquing dels Aiguamolls surten diferents excursions, la majoria senzilles, planes i amb ombres en bona part del cam\u00ed. El terreny \u00e9s de terra per\u00f2 podr\u00edeu anar amb cotxet si cal (encara que motxilla porta-nadons millor).<\/p>\n<p><strong>Feu una ullada als gaireb\u00e9 <a href=\"http:\/\/parcsnaturals.gencat.cat\/es\/aiguamolls-emporda\/visiteu-nos\/equipaments-itineraris\/itineraris\/\">deu itineraris<\/a> per explorar els Aiguamolls.<\/strong> Nosaltres vam aparcar el cotxe al Cortalet i d&#8217;all\u00e0 vam caminar cap al sud fins a l&#8217;Observatori Senillosa. Al llarg del recorregut trobareu informaci\u00f3 sobre els animals i punts d&#8217;observaci\u00f3 d&#8217;aus. Vam veure <strong>cigonyes, granotes, ocells fusters i una infinitat d&#8217;altres aus.<\/strong><\/p>\n<p>Podeu <strong>complementar la visita als Aiguamolls de l&#8217;Empord\u00e0 amb les platges de la <a href=\"http:\/\/locaacademiafamiliar.com\/ca\/2017\/les-millors-platges-la-costa-brava-per-a-families-amb-nens\/\">Costa Brava<\/a> nord<\/strong> (l&#8217;Escala, Roses, Llafranc i Emp\u00faries s\u00f3n platges molt familiars i estan molt a prop dels Aiguamolls) <strong>o amb la visita a alguns <a href=\"http:\/\/locaacademiafamiliar.com\/2017\/un-fin-de-semana-rural-con-ninos-en-el-emporda-girona\/\">pobles medievals de l&#8217;Empord\u00e0<\/a>.<\/strong><\/p>\n<p>&nbsp;<\/p>\n<h3>Vall del Pedraforca<\/h3>\n<p><img data-recalc-dims=\"1\" decoding=\"async\" data-attachment-id=\"6644\" data-permalink=\"https:\/\/locaacademiafamiliar.com\/ca\/2017\/els-millors-allotjaments-rurals-de-catalunya-per-a-families-amb-nens\/gresolet-2\/\" data-orig-file=\"https:\/\/i0.wp.com\/locaacademiafamiliar.com\/wp-content\/uploads\/2017\/01\/gresolet.jpg?fit=750%2C450&amp;ssl=1\" data-orig-size=\"750,450\" data-comments-opened=\"1\" data-image-meta=\"{&quot;aperture&quot;:&quot;0&quot;,&quot;credit&quot;:&quot;&quot;,&quot;camera&quot;:&quot;&quot;,&quot;caption&quot;:&quot;&quot;,&quot;created_timestamp&quot;:&quot;0&quot;,&quot;copyright&quot;:&quot;&quot;,&quot;focal_length&quot;:&quot;0&quot;,&quot;iso&quot;:&quot;0&quot;,&quot;shutter_speed&quot;:&quot;0&quot;,&quot;title&quot;:&quot;&quot;,&quot;orientation&quot;:&quot;0&quot;}\" data-image-title=\"gresolet\" data-image-description=\"\" data-image-caption=\"\" data-medium-file=\"https:\/\/i0.wp.com\/locaacademiafamiliar.com\/wp-content\/uploads\/2017\/01\/gresolet.jpg?fit=300%2C180&amp;ssl=1\" data-large-file=\"https:\/\/i0.wp.com\/locaacademiafamiliar.com\/wp-content\/uploads\/2017\/01\/gresolet.jpg?fit=750%2C450&amp;ssl=1\" class=\"aligncenter size-full wp-image-6644\" src=\"https:\/\/i0.wp.com\/locaacademiafamiliar.com\/wp-content\/uploads\/2017\/01\/gresolet.jpg?resize=750%2C450&#038;ssl=1\" alt=\"\" width=\"750\" height=\"450\" srcset=\"https:\/\/i0.wp.com\/locaacademiafamiliar.com\/wp-content\/uploads\/2017\/01\/gresolet.jpg?w=750&amp;ssl=1 750w, https:\/\/i0.wp.com\/locaacademiafamiliar.com\/wp-content\/uploads\/2017\/01\/gresolet.jpg?resize=300%2C180&amp;ssl=1 300w\" sizes=\"(max-width: 750px) 100vw, 750px\" \/><\/p>\n<p>Si sou pares excursionistes, pengeu-vos el nad\u00f3 a una <a href=\"https:\/\/locaacademiafamiliar.com\/ca\/2018\/perque-som-fans-portejar-i-les-nostres-opinions-les-diferents-motxilles-ergonomiques\/\"><strong>motxilla de porteig<\/strong><\/a> i escapeu-vos a la <a href=\"http:\/\/visitpedraforca.com\" target=\"_blank\" rel=\"noopener\"><strong>Vall del Pedraforca<\/strong><\/a>, al Bergued\u00e0. Tranquils, no us cal fer el cim al Pedraforca! Podeu descubrir molta natura i cultura (i menjar b\u00e9!) en tota la vall. Per exemple, podeu visitar el\u00a0<strong>parc natural del Cad\u00ed Moixer\u00f3, fer excursions m\u00e9s senzilles<\/strong>\u00a0com el mirador de Gresolet o la Font Terrers, visitar\u00a0<strong>pobles bonics del Pirineu<\/strong>\u00a0(G\u00f2sol, Saldes, Tuixent \u2026), descobrir\u00a0<strong>les Fonts del Llobregat<\/strong>\u00a0(<a href=\"https:\/\/locaacademiafamiliar.com\/ca\/2019\/excursions-facils-per-fer-amb-nens-per-catalunya\/\"><strong>una de les excursions m\u00edtiques de Catalunya<\/strong><\/a>),\u00a0<strong>buscar f\u00f2ssils a les fonts de Torrensenta<\/strong>, passejar prop del\u00a0<strong>llac de Tum\u00ed<\/strong>, visitar les\u00a0<strong>mines de Cercs i el tren del ciment<\/strong>\u00a0\u2026 Si \u00e9s primavera-hivern i hi ha neu, teniu pistes d\u2019esqu\u00ed molt a prop i recorreguts amb raquetes de neu.\u00a0<a href=\"http:\/\/visitpedraforca.com\" target=\"_blank\" rel=\"noopener\"><strong>Veure m\u00e9s activitats de la vall del Pedraforca<\/strong><\/a>.<\/p>\n<h3>Menorca<\/h3>\n<p><img data-recalc-dims=\"1\" decoding=\"async\" class=\"aligncenter size-large wp-image-1520\" src=\"https:\/\/i0.wp.com\/locaacademiafamiliar.com\/wp-content\/uploads\/2017\/06\/IMG_20170608_110748-1024x768.jpg?resize=1024%2C768&#038;ssl=1\" alt=\"\" width=\"1024\" height=\"768\" srcset=\"https:\/\/i0.wp.com\/locaacademiafamiliar.com\/wp-content\/uploads\/2017\/06\/IMG_20170608_110748.jpg?resize=1024%2C768&amp;ssl=1 1024w, https:\/\/i0.wp.com\/locaacademiafamiliar.com\/wp-content\/uploads\/2017\/06\/IMG_20170608_110748.jpg?resize=300%2C225&amp;ssl=1 300w, https:\/\/i0.wp.com\/locaacademiafamiliar.com\/wp-content\/uploads\/2017\/06\/IMG_20170608_110748.jpg?resize=768%2C576&amp;ssl=1 768w, https:\/\/i0.wp.com\/locaacademiafamiliar.com\/wp-content\/uploads\/2017\/06\/IMG_20170608_110748.jpg?resize=678%2C509&amp;ssl=1 678w, https:\/\/i0.wp.com\/locaacademiafamiliar.com\/wp-content\/uploads\/2017\/06\/IMG_20170608_110748.jpg?resize=326%2C245&amp;ssl=1 326w, https:\/\/i0.wp.com\/locaacademiafamiliar.com\/wp-content\/uploads\/2017\/06\/IMG_20170608_110748.jpg?resize=80%2C60&amp;ssl=1 80w, https:\/\/i0.wp.com\/locaacademiafamiliar.com\/wp-content\/uploads\/2017\/06\/IMG_20170608_110748.jpg?w=1200&amp;ssl=1 1200w\" sizes=\"(max-width: 1000px) 100vw, 1000px\" \/><\/p>\n<p>Platges precioses, aig\u00fces cristal\u00b7lines, trajectes curts en cotxe, pobles bonics, festes tradicionals, la tranquil\u00b7litat d&#8217;una illa, la brisa a tota hora, el bon temps i la sofisticaci\u00f3 d&#8217;estar en una de les illes m\u00e9s boniques del mediterrani. <strong>Menorca ho t\u00e9 tot!<\/strong><\/p>\n<p><strong>Les platges del nord de Menorca<\/strong> <strong>s\u00f3n m\u00e9s verges i rocoses<\/strong>, i sol haver-hi m\u00e9s tros per caminar des de l&#8217;aparcament fins a la platja. Sorra gruixuda, vegetaci\u00f3 fins a la primera l\u00ednia de platja i costes escarpades a causa del vent que bufa al nord. Un cop a la platja, com que s\u00f3n verges, no hi trobareu serveis.<\/p>\n<p>En canvi, <strong>les platges del sud de Menorca s\u00f3n m\u00e9s tur\u00edstiques per\u00f2 tamb\u00e9 m\u00e9s tranquil\u00b7les i &#8220;paradis\u00edaques&#8221;.<\/strong> All\u00e0 trobareu tota mena de serveis i tamb\u00e9 tot tipus de fam\u00edlies i turistes (paci\u00e8ncia!). Les platges properes a Ma\u00f3 i Ciutadella s\u00f3n de f\u00e0cil acc\u00e9s. Sorra blanca, aigua de blau cristal\u00b7l\u00ed i poca profunditat. <strong>Ideal per als nens petits<\/strong> (i per anar a la platja carregats amb mil trastos \ud83d\ude09<\/p>\n<p><strong>Menorca<\/strong> era tamb\u00e9 la nostra elecci\u00f3 per a l&#8217;estiu passat per\u00f2 <strong>al final vam canviar Menorca per Mallorca ja que va ser all\u00e0 on vam trobar un <a href=\"http:\/\/locaacademiafamiliar.com\/2017\/que-ver-en-mallorca-con-ninos-las-mejores-playas-y-mas-consejos\/\">intercanvi de casa<\/a><\/strong>. Podeu llegir en aquest altre post la nostra experi\u00e8ncia de viatge a Mallorca amb nens i les <strong><a href=\"http:\/\/locaacademiafamiliar.com\/ca\/2017\/mallorca-amb-nens-les-millors-platges-mallorca-i-altres-consells-visita\/\">millors platges de Mallorca per anar amb nens<\/a>.<\/strong><\/p>\n<p>&nbsp;<\/p>\n<h3>Vall de Bo\u00ed<\/h3>\n<p><img data-recalc-dims=\"1\" decoding=\"async\" class=\"aligncenter size-large wp-image-2211\" src=\"https:\/\/i0.wp.com\/locaacademiafamiliar.com\/wp-content\/uploads\/2017\/11\/5934026751_e53856f163_b-1024x768.jpg?resize=1024%2C768&#038;ssl=1\" alt=\"\" width=\"1024\" height=\"768\" srcset=\"https:\/\/i0.wp.com\/locaacademiafamiliar.com\/wp-content\/uploads\/2017\/11\/5934026751_e53856f163_b.jpg?w=1024&amp;ssl=1 1024w, https:\/\/i0.wp.com\/locaacademiafamiliar.com\/wp-content\/uploads\/2017\/11\/5934026751_e53856f163_b.jpg?resize=300%2C225&amp;ssl=1 300w, https:\/\/i0.wp.com\/locaacademiafamiliar.com\/wp-content\/uploads\/2017\/11\/5934026751_e53856f163_b.jpg?resize=768%2C576&amp;ssl=1 768w, https:\/\/i0.wp.com\/locaacademiafamiliar.com\/wp-content\/uploads\/2017\/11\/5934026751_e53856f163_b.jpg?resize=678%2C509&amp;ssl=1 678w, https:\/\/i0.wp.com\/locaacademiafamiliar.com\/wp-content\/uploads\/2017\/11\/5934026751_e53856f163_b.jpg?resize=326%2C245&amp;ssl=1 326w, https:\/\/i0.wp.com\/locaacademiafamiliar.com\/wp-content\/uploads\/2017\/11\/5934026751_e53856f163_b.jpg?resize=80%2C60&amp;ssl=1 80w\" sizes=\"(max-width: 1000px) 100vw, 1000px\" \/><\/p>\n<p>Tornem al Pirineu. <strong>La Vall de Bo\u00ed va ser una altra de les recomanacions per a una escapada amb nens petits. <\/strong>Situada al Pirineu de Lleida, a la vall de Bo\u00ed tindreu camins mil per explorar, bolets diversos per ca\u00e7ar, flors i fulles, i el preci\u00f3s <strong>Parc Natural d&#8217;Aig\u00fcestortes amb l&#8217;Estany de Sant Maurici.<\/strong><\/p>\n<p>\u00c9s una escapada ideal per als pares m\u00e9s senderistes, ja que hi podreu fer<strong> moltes excursions<\/strong>. Per descomptat, llevat que vulgueu anar a esquiar, el millor \u00e9s <strong>anar-hi a l&#8217;estiu, quan les temperatures de la muntanya ajudaran a refrescar-vos les idees.<\/strong><\/p>\n<h3>Benasque<\/h3>\n<p><img data-recalc-dims=\"1\" decoding=\"async\" class=\"aligncenter size-large wp-image-2210\" src=\"https:\/\/i0.wp.com\/locaacademiafamiliar.com\/wp-content\/uploads\/2017\/11\/2613304954_5da717aa11_b-1024x683.jpg?resize=1024%2C683&#038;ssl=1\" alt=\"\" width=\"1024\" height=\"683\" srcset=\"https:\/\/i0.wp.com\/locaacademiafamiliar.com\/wp-content\/uploads\/2017\/11\/2613304954_5da717aa11_b.jpg?w=1024&amp;ssl=1 1024w, https:\/\/i0.wp.com\/locaacademiafamiliar.com\/wp-content\/uploads\/2017\/11\/2613304954_5da717aa11_b.jpg?resize=300%2C200&amp;ssl=1 300w, https:\/\/i0.wp.com\/locaacademiafamiliar.com\/wp-content\/uploads\/2017\/11\/2613304954_5da717aa11_b.jpg?resize=768%2C512&amp;ssl=1 768w\" sizes=\"(max-width: 1000px) 100vw, 1000px\" \/><\/p>\n<p><strong>A Benasque us espera la muntanya en estat pur<\/strong>: cascades, muntanyes escarpades, rutes de senderisme i tamb\u00e9 &#8230;. <strong>gronxadors a les altures i passejades en barca!<\/strong> Benasque \u00e9s un dest\u00ed que a nosaltres ens falta per\u00f2 no us perdeu aquests 10 plans amb nens fant\u00e0stics que explica la meva amiga Pili de <a href=\"http:\/\/bienvenidosalilliput.com\/10-ideas-divertidas-si-visitas-el-valle-de-benasque-con-lilliputienses-en-verano\/\">Bienvenidos a Liliput<\/a>.<\/p>\n<h3>La Garrotxa<\/h3>\n<p><img data-recalc-dims=\"1\" decoding=\"async\" class=\"aligncenter size-full wp-image-941\" src=\"https:\/\/i0.wp.com\/locaacademiafamiliar.com\/wp-content\/uploads\/2017\/02\/garrotxa-con-nin%CC%83os-1.jpg?resize=960%2C720\" alt=\"\" width=\"960\" height=\"720\" srcset=\"https:\/\/i0.wp.com\/locaacademiafamiliar.com\/wp-content\/uploads\/2017\/02\/garrotxa-con-nin%CC%83os-1.jpg?w=960&amp;ssl=1 960w, https:\/\/i0.wp.com\/locaacademiafamiliar.com\/wp-content\/uploads\/2017\/02\/garrotxa-con-nin%CC%83os-1.jpg?resize=300%2C225&amp;ssl=1 300w, https:\/\/i0.wp.com\/locaacademiafamiliar.com\/wp-content\/uploads\/2017\/02\/garrotxa-con-nin%CC%83os-1.jpg?resize=768%2C576&amp;ssl=1 768w, https:\/\/i0.wp.com\/locaacademiafamiliar.com\/wp-content\/uploads\/2017\/02\/garrotxa-con-nin%CC%83os-1.jpg?resize=678%2C509&amp;ssl=1 678w, https:\/\/i0.wp.com\/locaacademiafamiliar.com\/wp-content\/uploads\/2017\/02\/garrotxa-con-nin%CC%83os-1.jpg?resize=326%2C245&amp;ssl=1 326w, https:\/\/i0.wp.com\/locaacademiafamiliar.com\/wp-content\/uploads\/2017\/02\/garrotxa-con-nin%CC%83os-1.jpg?resize=80%2C60&amp;ssl=1 80w\" sizes=\"(max-width: 960px) 100vw, 960px\" \/><\/p>\n<p><strong>La meva &#8220;terra adoptiva&#8221; tamb\u00e9 \u00e9s una de les destinacions m\u00e9s familiars de Catalunya i jo ho tinc clar\u00edssim<\/strong>. Gaudireu de muntanya, natura i un clima no tan extrem com el del Pirineu.<\/p>\n<p>Del que podeu fer a <strong><a href=\"http:\/\/locaacademiafamiliar.com\/ca\/2017\/que-fer-a-la-garrotxa-amb-nens\/\">la Garrotxa amb nens<\/a><\/strong> ja us en vaig parlar en un altre post, per\u00f2 per als que us vau perdre la classe, <a href=\"http:\/\/locaacademiafamiliar.com\/ca\/2017\/que-fer-a-la-garrotxa-amb-nens\/\">aquestes s\u00f3n algunes de les bones idees<\/a>: <strong>explorar volcans adormits, passejar en carro per la Fageda d&#8217;en Jord\u00e0, muntar a cavall , ser granger per un dia, descobrir com es fan els iogurts o anar amb bicicleta per la Via Verda del Carrilet.<\/strong><\/p>\n<h3>Montseny<\/h3>\n<div class=\"tiled-gallery type-rectangular tiled-gallery-unresized\" data-original-width=\"500\" data-carousel-extra='{&quot;blog_id&quot;:1,&quot;permalink&quot;:&quot;https:\\\/\\\/locaacademiafamiliar.com\\\/ca\\\/2017\\\/destinacions-prop-catalunya-per-una-escapada-amb-nens-petits\\\/&quot;,&quot;likes_blog_id&quot;:119488531}' itemscope itemtype=\"http:\/\/schema.org\/ImageGallery\" > <div class=\"gallery-row\" style=\"width: 500px; height: 201px;\" data-original-width=\"500\" data-original-height=\"201\" > <div class=\"gallery-group images-1\" style=\"width: 500px; height: 201px;\" data-original-width=\"500\" data-original-height=\"201\" > <div class=\"tiled-gallery-item tiled-gallery-item-large\" itemprop=\"associatedMedia\" itemscope itemtype=\"http:\/\/schema.org\/ImageObject\"> <a href=\"https:\/\/locaacademiafamiliar.com\/ca\/2017\/destinacions-prop-catalunya-per-una-escapada-amb-nens-petits\/alrededores\/\" border=\"0\" itemprop=\"url\"> <meta itemprop=\"width\" content=\"496\"> <meta itemprop=\"height\" content=\"197\"> <img decoding=\"async\" class=\"\" data-attachment-id=\"5447\" data-orig-file=\"https:\/\/locaacademiafamiliar.com\/wp-content\/uploads\/2017\/11\/alrededores.jpg\" data-orig-size=\"800,318\" data-comments-opened=\"1\" data-image-meta=\"{&quot;aperture&quot;:&quot;3.5&quot;,&quot;credit&quot;:&quot;&quot;,&quot;camera&quot;:&quot;Canon EOS 1000D&quot;,&quot;caption&quot;:&quot;&quot;,&quot;created_timestamp&quot;:&quot;1338056084&quot;,&quot;copyright&quot;:&quot;&quot;,&quot;focal_length&quot;:&quot;22&quot;,&quot;iso&quot;:&quot;200&quot;,&quot;shutter_speed&quot;:&quot;0.033333333333333&quot;,&quot;title&quot;:&quot;&quot;,&quot;orientation&quot;:&quot;1&quot;}\" data-image-title=\"alrededores\" data-image-description=\"\" data-medium-file=\"https:\/\/i0.wp.com\/locaacademiafamiliar.com\/wp-content\/uploads\/2017\/11\/alrededores.jpg?fit=300%2C119&#038;ssl=1\" data-large-file=\"https:\/\/i0.wp.com\/locaacademiafamiliar.com\/wp-content\/uploads\/2017\/11\/alrededores.jpg?fit=800%2C318&#038;ssl=1\" src=\"https:\/\/i0.wp.com\/locaacademiafamiliar.com\/wp-content\/uploads\/2017\/11\/alrededores.jpg?w=496&#038;h=197&#038;ssl=1\" srcset=\"https:\/\/i0.wp.com\/locaacademiafamiliar.com\/wp-content\/uploads\/2017\/11\/alrededores.jpg?w=800&amp;ssl=1 800w, https:\/\/i0.wp.com\/locaacademiafamiliar.com\/wp-content\/uploads\/2017\/11\/alrededores.jpg?resize=300%2C119&amp;ssl=1 300w, https:\/\/i0.wp.com\/locaacademiafamiliar.com\/wp-content\/uploads\/2017\/11\/alrededores.jpg?resize=768%2C305&amp;ssl=1 768w\" width=\"496\" height=\"197\" loading=\"lazy\" data-original-width=\"496\" data-original-height=\"197\" itemprop=\"http:\/\/schema.org\/image\" title=\"alrededores\" alt=\"alrededores\" style=\"width: 496px; height: 197px;\" \/> <\/a> <\/div> <\/div> <!-- close group --> <\/div> <!-- close row --> <div class=\"gallery-row\" style=\"width: 500px; height: 110px;\" data-original-width=\"500\" data-original-height=\"110\" > <div class=\"gallery-group images-1\" style=\"width: 267px; height: 110px;\" data-original-width=\"267\" data-original-height=\"110\" > <div class=\"tiled-gallery-item tiled-gallery-item-large\" itemprop=\"associatedMedia\" itemscope itemtype=\"http:\/\/schema.org\/ImageObject\"> <a href=\"https:\/\/locaacademiafamiliar.com\/ca\/2017\/destinacions-prop-catalunya-per-una-escapada-amb-nens-petits\/vacas\/\" border=\"0\" itemprop=\"url\"> <meta itemprop=\"width\" content=\"263\"> <meta itemprop=\"height\" content=\"106\"> <img decoding=\"async\" class=\"\" data-attachment-id=\"5448\" data-orig-file=\"https:\/\/locaacademiafamiliar.com\/wp-content\/uploads\/2017\/11\/vacas.jpg\" data-orig-size=\"800,323\" data-comments-opened=\"1\" data-image-meta=\"{&quot;aperture&quot;:&quot;11&quot;,&quot;credit&quot;:&quot;&quot;,&quot;camera&quot;:&quot;Canon EOS 1000D&quot;,&quot;caption&quot;:&quot;&quot;,&quot;created_timestamp&quot;:&quot;1338029742&quot;,&quot;copyright&quot;:&quot;&quot;,&quot;focal_length&quot;:&quot;84&quot;,&quot;iso&quot;:&quot;200&quot;,&quot;shutter_speed&quot;:&quot;0.002&quot;,&quot;title&quot;:&quot;&quot;,&quot;orientation&quot;:&quot;1&quot;}\" data-image-title=\"vacas\" data-image-description=\"\" data-medium-file=\"https:\/\/i0.wp.com\/locaacademiafamiliar.com\/wp-content\/uploads\/2017\/11\/vacas.jpg?fit=300%2C121&#038;ssl=1\" data-large-file=\"https:\/\/i0.wp.com\/locaacademiafamiliar.com\/wp-content\/uploads\/2017\/11\/vacas.jpg?fit=800%2C323&#038;ssl=1\" src=\"https:\/\/i0.wp.com\/locaacademiafamiliar.com\/wp-content\/uploads\/2017\/11\/vacas.jpg?w=263&#038;h=106&#038;ssl=1\" srcset=\"https:\/\/i0.wp.com\/locaacademiafamiliar.com\/wp-content\/uploads\/2017\/11\/vacas.jpg?w=800&amp;ssl=1 800w, https:\/\/i0.wp.com\/locaacademiafamiliar.com\/wp-content\/uploads\/2017\/11\/vacas.jpg?resize=300%2C121&amp;ssl=1 300w, https:\/\/i0.wp.com\/locaacademiafamiliar.com\/wp-content\/uploads\/2017\/11\/vacas.jpg?resize=768%2C310&amp;ssl=1 768w\" width=\"263\" height=\"106\" loading=\"lazy\" data-original-width=\"263\" data-original-height=\"106\" itemprop=\"http:\/\/schema.org\/image\" title=\"vacas\" alt=\"vacas\" style=\"width: 263px; height: 106px;\" \/> <\/a> <\/div> <\/div> <!-- close group --> <div class=\"gallery-group images-1\" style=\"width: 233px; height: 110px;\" data-original-width=\"233\" data-original-height=\"110\" > <div class=\"tiled-gallery-item tiled-gallery-item-small\" itemprop=\"associatedMedia\" itemscope itemtype=\"http:\/\/schema.org\/ImageObject\"> <a href=\"https:\/\/locaacademiafamiliar.com\/ca\/2017\/destinacions-prop-catalunya-per-una-escapada-amb-nens-petits\/img_7707\/\" border=\"0\" itemprop=\"url\"> <meta itemprop=\"width\" content=\"229\"> <meta itemprop=\"height\" content=\"106\"> <img decoding=\"async\" class=\"\" data-attachment-id=\"5449\" data-orig-file=\"https:\/\/locaacademiafamiliar.com\/wp-content\/uploads\/2017\/11\/IMG_7707.jpg\" data-orig-size=\"656,305\" data-comments-opened=\"1\" data-image-meta=\"{&quot;aperture&quot;:&quot;9&quot;,&quot;credit&quot;:&quot;&quot;,&quot;camera&quot;:&quot;Canon EOS 1000D&quot;,&quot;caption&quot;:&quot;&quot;,&quot;created_timestamp&quot;:&quot;1338029587&quot;,&quot;copyright&quot;:&quot;&quot;,&quot;focal_length&quot;:&quot;171&quot;,&quot;iso&quot;:&quot;200&quot;,&quot;shutter_speed&quot;:&quot;0.0025&quot;,&quot;title&quot;:&quot;&quot;,&quot;orientation&quot;:&quot;1&quot;}\" data-image-title=\"IMG_7707\" data-image-description=\"\" data-medium-file=\"https:\/\/i0.wp.com\/locaacademiafamiliar.com\/wp-content\/uploads\/2017\/11\/IMG_7707.jpg?fit=300%2C139&#038;ssl=1\" data-large-file=\"https:\/\/i0.wp.com\/locaacademiafamiliar.com\/wp-content\/uploads\/2017\/11\/IMG_7707.jpg?fit=656%2C305&#038;ssl=1\" src=\"https:\/\/i0.wp.com\/locaacademiafamiliar.com\/wp-content\/uploads\/2017\/11\/IMG_7707.jpg?w=229&#038;h=106&#038;ssl=1\" srcset=\"https:\/\/i0.wp.com\/locaacademiafamiliar.com\/wp-content\/uploads\/2017\/11\/IMG_7707.jpg?w=656&amp;ssl=1 656w, https:\/\/i0.wp.com\/locaacademiafamiliar.com\/wp-content\/uploads\/2017\/11\/IMG_7707.jpg?resize=300%2C139&amp;ssl=1 300w\" width=\"229\" height=\"106\" loading=\"lazy\" data-original-width=\"229\" data-original-height=\"106\" itemprop=\"http:\/\/schema.org\/image\" title=\"IMG_7707\" alt=\"IMG_7707\" style=\"width: 229px; height: 106px;\" \/> <\/a> <\/div> <\/div> <!-- close group --> <\/div> <!-- close row --> <\/div>\n<p>Ben a prop de Barcelona hi ha la serra del<strong> Montseny<\/strong>, una via d&#8217;escapament natural de tota la congesti\u00f3 de la ciutat. Genial per a una <strong>excursi\u00f3 boletaire o per collir fulles a la tardor, o per a una escapada a la primavera per aprendre a caminar per la muntanya i tirar pedres al riu<\/strong>. A l&#8217;hivern, el Montseny pot fins i tot ser un lloc on anar a<strong> tocar neu<\/strong>!<\/p>\n<h3>Sud de Fran\u00e7a: Carcassone<\/h3>\n<p><img data-recalc-dims=\"1\" decoding=\"async\" class=\"aligncenter size-large wp-image-2206\" src=\"https:\/\/i0.wp.com\/locaacademiafamiliar.com\/wp-content\/uploads\/2017\/11\/DSCN0908-768x1024.jpg?resize=768%2C1024&#038;ssl=1\" alt=\"\" width=\"768\" height=\"1024\" srcset=\"https:\/\/i0.wp.com\/locaacademiafamiliar.com\/wp-content\/uploads\/2017\/11\/DSCN0908.jpg?resize=768%2C1024&amp;ssl=1 768w, https:\/\/i0.wp.com\/locaacademiafamiliar.com\/wp-content\/uploads\/2017\/11\/DSCN0908.jpg?resize=225%2C300&amp;ssl=1 225w, https:\/\/i0.wp.com\/locaacademiafamiliar.com\/wp-content\/uploads\/2017\/11\/DSCN0908.jpg?w=750&amp;ssl=1 750w\" sizes=\"(max-width: 768px) 100vw, 768px\" \/><\/p>\n<p>Per als m\u00e9s intr\u00e8pids que vulguin sortir una mica m\u00e9s lluny, el <strong>sud de Fran\u00e7a<\/strong> \u00e9s una opci\u00f3 excel\u00b7lent que es troba a poques hores en cotxe &#8211; concretament, <strong>Carcassone est\u00e0 a 3h de Barcelona per autopista. Ben a prop i f\u00e0cil!<\/strong><\/p>\n<p>Carcassone pot ser un bon campament base ja que t\u00e9 una <strong>ciutat medieval emmurallada amb castell incl\u00f2s. Als petits els agradar\u00e0 jugar a ser reis, princeses i cavallers per uns dies,<\/strong> segur! A una hora de Carcassone teniu <strong>Tolouse<\/strong> tamb\u00e9. I a les rodalies de Carcassone, pobles bonics i excursions a la natura. <strong>Moment ideal: primavera<\/strong>. (A l&#8217;estiu sol fer calor extrema i a l&#8217;hivern molt fred i vent).<\/p>\n<h3>Tarragona<\/h3>\n<p><img data-recalc-dims=\"1\" decoding=\"async\" class=\"aligncenter size-large wp-image-2205\" src=\"https:\/\/i0.wp.com\/locaacademiafamiliar.com\/wp-content\/uploads\/2017\/11\/37856934306_4d9ecc9224_h-1024x681.jpg?resize=1024%2C681&#038;ssl=1\" alt=\"\" width=\"1024\" height=\"681\" srcset=\"https:\/\/i0.wp.com\/locaacademiafamiliar.com\/wp-content\/uploads\/2017\/11\/37856934306_4d9ecc9224_h.jpg?resize=1024%2C681&amp;ssl=1 1024w, https:\/\/i0.wp.com\/locaacademiafamiliar.com\/wp-content\/uploads\/2017\/11\/37856934306_4d9ecc9224_h.jpg?resize=300%2C200&amp;ssl=1 300w, https:\/\/i0.wp.com\/locaacademiafamiliar.com\/wp-content\/uploads\/2017\/11\/37856934306_4d9ecc9224_h.jpg?resize=768%2C511&amp;ssl=1 768w, https:\/\/i0.wp.com\/locaacademiafamiliar.com\/wp-content\/uploads\/2017\/11\/37856934306_4d9ecc9224_h.jpg?w=1500&amp;ssl=1 1500w\" sizes=\"(max-width: 1000px) 100vw, 1000px\" \/><\/p>\n<p>Si ve de gust una escapada mica m\u00e9s urbana, ens recomanen<strong> Tarragona<\/strong> i no podem estar-hi m\u00e9s d&#8217;acord. <strong>El seu casc antic \u00e9s petit\u00f3 i es pot fer tranquil\u00b7lament caminant,<\/strong> amb cotxet o motxilla porta-nadons. A m\u00e9s, teniu <strong>les platges urbanes al costat<\/strong> <strong>(i les de la Costa Daurada MOLT a prop)<\/strong> per jugar a la sorra si el temps acompanya i <strong>Port Aventura<\/strong> si els nens ja tenen edat per pujar a les atraccions. Passejades, platja, parc d&#8217;atraccions &#8230; El pla perfecte!<\/p>\n<h3>L&#8217;estany de Banyoles<\/h3>\n<p><img data-recalc-dims=\"1\" decoding=\"async\" class=\"size-full wp-image-2204\" src=\"https:\/\/i0.wp.com\/locaacademiafamiliar.com\/wp-content\/uploads\/2017\/11\/banyoles.jpg?resize=1000%2C562\" alt=\"\" width=\"1000\" height=\"562\" srcset=\"https:\/\/i0.wp.com\/locaacademiafamiliar.com\/wp-content\/uploads\/2017\/11\/banyoles.jpg?w=1000&amp;ssl=1 1000w, https:\/\/i0.wp.com\/locaacademiafamiliar.com\/wp-content\/uploads\/2017\/11\/banyoles.jpg?resize=300%2C169&amp;ssl=1 300w, https:\/\/i0.wp.com\/locaacademiafamiliar.com\/wp-content\/uploads\/2017\/11\/banyoles.jpg?resize=768%2C432&amp;ssl=1 768w, https:\/\/i0.wp.com\/locaacademiafamiliar.com\/wp-content\/uploads\/2017\/11\/banyoles.jpg?resize=678%2C381&amp;ssl=1 678w\" sizes=\"(max-width: 1000px) 100vw, 1000px\" \/><\/p>\n<p><strong>Entre Olot i Girona es troba Banyoles, famosa pel seu estany i el seu &#8220;Tren Pintxo&#8221; (<\/strong>al qual podeu pujar per donar a volta a l&#8217;estany; 1 hora de recorregut). <strong>\u00c9s un lloc genial per a una escapada amb nens ja que hi ha moltes activitats en fam\u00edlia i \u00e9s un lloc tranquil i amb bon clima<\/strong>. Un pla obligat: donar la volta a l&#8217;estany de Banyoles amb bicicleta o a peu (una hora caminant a pas lleuger). Tamb\u00e9 podeu pujar a una barca per navegar pel llac o banyar-vos a les piscines i platges p\u00fabliques del llac.<\/p>\n<p>A l&#8217;interior de la comarca del Pla de l&#8217;Estany hi ha <strong>diverses rutes senderistes i paisatges bonics, allunyats de les grans masses tur\u00edstiques.<\/strong> Hi ha moltes cases rurals 0n hi trobareu calma i desconnexi\u00f3. A m\u00e9s, teniu <strong>Girona i <a href=\"http:\/\/locaacademiafamiliar.com\/ca\/2017\/les-millors-platges-la-costa-brava-per-a-families-amb-nens\/\">Costa Brava<\/a><\/strong> a poca dist\u00e0ncia amb cotxe (mitja hora aprox) per si Banyoles us queda petita.<\/p>\n<h3>Granja Aventura Park<\/h3>\n<div class=\"tiled-gallery type-rectangular tiled-gallery-unresized\" data-original-width=\"500\" data-carousel-extra='{&quot;blog_id&quot;:1,&quot;permalink&quot;:&quot;https:\\\/\\\/locaacademiafamiliar.com\\\/ca\\\/2017\\\/destinacions-prop-catalunya-per-una-escapada-amb-nens-petits\\\/&quot;,&quot;likes_blog_id&quot;:119488531}' itemscope itemtype=\"http:\/\/schema.org\/ImageGallery\" > <div class=\"gallery-row\" style=\"width: 500px; height: 202px;\" data-original-width=\"500\" data-original-height=\"202\" > <div class=\"gallery-group images-1\" style=\"width: 220px; height: 202px;\" data-original-width=\"220\" data-original-height=\"202\" > <div class=\"tiled-gallery-item tiled-gallery-item-small\" itemprop=\"associatedMedia\" itemscope itemtype=\"http:\/\/schema.org\/ImageObject\"> <a href=\"https:\/\/locaacademiafamiliar.com\/ca\/2017\/destinacions-prop-catalunya-per-una-escapada-amb-nens-petits\/toca-toca-web\/\" border=\"0\" itemprop=\"url\"> <meta itemprop=\"width\" content=\"216\"> <meta itemprop=\"height\" content=\"198\"> <img decoding=\"async\" class=\"\" data-attachment-id=\"5442\" data-orig-file=\"https:\/\/locaacademiafamiliar.com\/wp-content\/uploads\/2017\/11\/toca-toca-web.jpg\" data-orig-size=\"382,350\" data-comments-opened=\"1\" data-image-meta=\"{&quot;aperture&quot;:&quot;0&quot;,&quot;credit&quot;:&quot;&quot;,&quot;camera&quot;:&quot;&quot;,&quot;caption&quot;:&quot;&quot;,&quot;created_timestamp&quot;:&quot;0&quot;,&quot;copyright&quot;:&quot;&quot;,&quot;focal_length&quot;:&quot;0&quot;,&quot;iso&quot;:&quot;0&quot;,&quot;shutter_speed&quot;:&quot;0&quot;,&quot;title&quot;:&quot;&quot;,&quot;orientation&quot;:&quot;0&quot;}\" data-image-title=\"toca-toca-web\" data-image-description=\"\" data-medium-file=\"https:\/\/i0.wp.com\/locaacademiafamiliar.com\/wp-content\/uploads\/2017\/11\/toca-toca-web.jpg?fit=300%2C275&#038;ssl=1\" data-large-file=\"https:\/\/i0.wp.com\/locaacademiafamiliar.com\/wp-content\/uploads\/2017\/11\/toca-toca-web.jpg?fit=382%2C350&#038;ssl=1\" src=\"https:\/\/i0.wp.com\/locaacademiafamiliar.com\/wp-content\/uploads\/2017\/11\/toca-toca-web.jpg?w=216&#038;h=198&#038;ssl=1\" srcset=\"https:\/\/i0.wp.com\/locaacademiafamiliar.com\/wp-content\/uploads\/2017\/11\/toca-toca-web.jpg?w=382&amp;ssl=1 382w, https:\/\/i0.wp.com\/locaacademiafamiliar.com\/wp-content\/uploads\/2017\/11\/toca-toca-web.jpg?resize=300%2C275&amp;ssl=1 300w\" width=\"216\" height=\"198\" loading=\"lazy\" data-original-width=\"216\" data-original-height=\"198\" itemprop=\"http:\/\/schema.org\/image\" title=\"toca-toca-web\" alt=\"toca-toca-web\" style=\"width: 216px; height: 198px;\" \/> <\/a> <\/div> <\/div> <!-- close group --> <div class=\"gallery-group images-1\" style=\"width: 280px; height: 202px;\" data-original-width=\"280\" data-original-height=\"202\" > <div class=\"tiled-gallery-item tiled-gallery-item-large\" itemprop=\"associatedMedia\" itemscope itemtype=\"http:\/\/schema.org\/ImageObject\"> <a href=\"https:\/\/locaacademiafamiliar.com\/ca\/2017\/destinacions-prop-catalunya-per-una-escapada-amb-nens-petits\/toca-toca-web2\/\" border=\"0\" itemprop=\"url\"> <meta itemprop=\"width\" content=\"276\"> <meta itemprop=\"height\" content=\"198\"> <img decoding=\"async\" class=\"\" data-attachment-id=\"5443\" data-orig-file=\"https:\/\/locaacademiafamiliar.com\/wp-content\/uploads\/2017\/11\/toca-toca-web2.jpg\" data-orig-size=\"489,350\" data-comments-opened=\"1\" data-image-meta=\"{&quot;aperture&quot;:&quot;0&quot;,&quot;credit&quot;:&quot;&quot;,&quot;camera&quot;:&quot;&quot;,&quot;caption&quot;:&quot;&quot;,&quot;created_timestamp&quot;:&quot;0&quot;,&quot;copyright&quot;:&quot;&quot;,&quot;focal_length&quot;:&quot;0&quot;,&quot;iso&quot;:&quot;0&quot;,&quot;shutter_speed&quot;:&quot;0&quot;,&quot;title&quot;:&quot;&quot;,&quot;orientation&quot;:&quot;0&quot;}\" data-image-title=\"toca-toca-web2\" data-image-description=\"\" data-medium-file=\"https:\/\/i0.wp.com\/locaacademiafamiliar.com\/wp-content\/uploads\/2017\/11\/toca-toca-web2.jpg?fit=300%2C215&#038;ssl=1\" data-large-file=\"https:\/\/i0.wp.com\/locaacademiafamiliar.com\/wp-content\/uploads\/2017\/11\/toca-toca-web2.jpg?fit=489%2C350&#038;ssl=1\" src=\"https:\/\/i0.wp.com\/locaacademiafamiliar.com\/wp-content\/uploads\/2017\/11\/toca-toca-web2.jpg?w=276&#038;h=198&#038;ssl=1\" srcset=\"https:\/\/i0.wp.com\/locaacademiafamiliar.com\/wp-content\/uploads\/2017\/11\/toca-toca-web2.jpg?w=489&amp;ssl=1 489w, https:\/\/i0.wp.com\/locaacademiafamiliar.com\/wp-content\/uploads\/2017\/11\/toca-toca-web2.jpg?resize=300%2C215&amp;ssl=1 300w\" width=\"276\" height=\"198\" loading=\"lazy\" data-original-width=\"276\" data-original-height=\"198\" itemprop=\"http:\/\/schema.org\/image\" title=\"toca-toca-web2\" alt=\"toca-toca-web2\" style=\"width: 276px; height: 198px;\" \/> <\/a> <\/div> <\/div> <!-- close group --> <\/div> <!-- close row --> <\/div>\n<p>Aquest lloc el va recomanar la Patricia, mare de dos fills (de 2 i 6 anys), com un lloc que els hi encanta. Jo la veritat \u00e9s que no el conec per\u00f2 t\u00e9 molt bona pinta \ud83d\ude09 <strong>\u00c9s una granja adaptada al p\u00fablic, situada a Viladecavalls (Terrassa)<\/strong>. <strong>Pots passar el dia a prop dels animals de la granja, donar-los de menjar, fer els circuits d&#8217;aventura i tirolina<\/strong> que hi ha instal\u00b7lats entre els arbres i tamb\u00e9 realitzar un dels tallers que preparen per als petits. Aquesta \u00e9s la seva <a href=\"http:\/\/www.granjaaventurapark.com\/\" target=\"_blank\" rel=\"noopener\">p\u00e0gina web<\/a> per si voleu obtenir m\u00e9s informaci\u00f3. Al desembre organitzen tamb\u00e9 &#8220;la recerca del Ti\u00f3&#8221;\u00a0 de la que parl\u00e0vem en aquest post sobre <a href=\"http:\/\/locaacademiafamiliar.com\/ca\/2017\/coses-que-poden-fer-els-nens-a-casa-per-preparar-el-nadal\/\">activitats per a preparar el Nadal<\/a>.<\/p>\n<hr \/>\n<p><strong>MIL GR\u00c0CIES<\/strong> a tots \/ es els que vau participar en el sorteig del 1r aniversari i vau deixar un comentari amb el vostre suggeriment d&#8217;escapada amb nens !!! \ud83d\ude42<\/p>\n<p>N&#8217;afegir\u00edeu algun m\u00e9s?<\/p>\n<hr \/>\n<p>cr\u00e8dits fotos creative commons:\u00a0<a class=\"owner-name truncate\" title=\"Ir a la galer\u00eda de freemanphoto\" href=\"https:\/\/www.flickr.com\/photos\/freemanphoto\/\" data-track=\"attributionNameClick\" data-rapid_p=\"28\">freemanphoto<\/a>,\u00a0<a class=\"owner-name truncate\" title=\"Ir a la galer\u00eda de *Hini*\" href=\"https:\/\/www.flickr.com\/photos\/hini\/\" data-track=\"attributionNameClick\" data-rapid_p=\"27\">*Hini*<\/a>,\u00a0<a class=\"owner-name truncate\" title=\"Ir a la galer\u00eda de Albert Torell\u00f3\" href=\"https:\/\/www.flickr.com\/photos\/utopiaecologica\/\" data-track=\"attributionNameClick\" data-rapid_p=\"27\">Albert Torell\u00f3.<\/a><\/p>\n","protected":false},"excerpt":{"rendered":"<div class=\"mh-excerpt\"><p>Fa poc vam celebrar un any de blog i vam premiar als lectors i seguidors m\u00e9s actius amb tres super premis. Per participar havien de dir-nos quines destinacions recomanarien ells per a una escapada amb nens petits o nadons. Les respostes van ser tan estupendes i nombroses que hem decidit recollir-les en un post col\u00b7lectiu perqu\u00e8 les propostes quedin guardades <a class=\"mh-excerpt-more\" href=\"https:\/\/locaacademiafamiliar.com\/ca\/2017\/destinacions-prop-catalunya-per-una-escapada-amb-nens-petits\/\" title=\"Destinacions a prop de Catalunya per a una escapada amb nens petits i nadons\">[&#8230;]<\/a><\/p>\n<\/div>","protected":false},"author":1,"featured_media":1593,"comment_status":"open","ping_status":"open","sticky":false,"template":"","format":"standard","meta":{"_monsterinsights_skip_tracking":false,"_monsterinsights_sitenote_active":false,"_monsterinsights_sitenote_note":"","_monsterinsights_sitenote_category":0,"_jetpack_memberships_contains_paid_content":false,"footnotes":""},"categories":[37],"tags":[47,105],"class_list":{"0":"post-2222","1":"post","2":"type-post","3":"status-publish","4":"format-standard","5":"has-post-thumbnail","7":"category-geografia-ca","8":"tag-un-any","9":"tag-la-garrotxa-ca"},"yoast_head":"<!-- This site is optimized with the Yoast SEO plugin v26.8 - https:\/\/yoast.com\/product\/yoast-seo-wordpress\/ -->\n<title>Destinacions a prop de Catalunya per a una escapada amb nens petits i nadons<\/title>\n<meta name=\"description\" content=\"Llocs on anar a prop de Catalunya amb nens petits i nadons. Destinacions i idees per una escapada familiar de cap de setmana amb nens petits i beb\u00e9s.\" \/>\n<meta name=\"robots\" content=\"index, follow, max-snippet:-1, max-image-preview:large, max-video-preview:-1\" \/>\n<link rel=\"canonical\" href=\"https:\/\/locaacademiafamiliar.com\/ca\/2017\/destinacions-prop-catalunya-per-una-escapada-amb-nens-petits\/\" \/>\n<meta property=\"og:locale\" content=\"ca_ES\" \/>\n<meta property=\"og:type\" content=\"article\" \/>\n<meta property=\"og:title\" content=\"Destinacions a prop de Catalunya per a una escapada amb nens petits i nadons\" \/>\n<meta property=\"og:description\" content=\"Llocs on anar a prop de Catalunya amb nens petits i nadons. Destinacions i idees per una escapada familiar de cap de setmana amb nens petits i beb\u00e9s.\" \/>\n<meta property=\"og:url\" content=\"https:\/\/locaacademiafamiliar.com\/ca\/2017\/destinacions-prop-catalunya-per-una-escapada-amb-nens-petits\/\" \/>\n<meta property=\"og:site_name\" content=\"Boja Acad\u00e8mia Familiar\" \/>\n<meta property=\"article:publisher\" content=\"https:\/\/www.facebook.com\/LocaAcademiaFamiliar\" \/>\n<meta property=\"article:author\" content=\"http:\/\/www.facebook.com\/locaacademiafamiliar\" \/>\n<meta property=\"article:published_time\" content=\"2017-12-11T12:01:53+00:00\" \/>\n<meta property=\"article:modified_time\" content=\"2019-05-09T07:24:40+00:00\" \/>\n<meta property=\"og:image\" content=\"https:\/\/locaacademiafamiliar.com\/wp-content\/uploads\/2017\/07\/alsacia-con-nin\u0303os-vin\u0303edos.jpg\" \/>\n\t<meta property=\"og:image:width\" content=\"1000\" \/>\n\t<meta property=\"og:image:height\" content=\"750\" \/>\n\t<meta property=\"og:image:type\" content=\"image\/jpeg\" \/>\n<meta name=\"author\" content=\"Roser\" \/>\n<meta name=\"twitter:card\" content=\"summary_large_image\" \/>\n<meta name=\"twitter:label1\" content=\"Escrit per\" \/>\n\t<meta name=\"twitter:data1\" content=\"Roser\" \/>\n\t<meta name=\"twitter:label2\" content=\"Temps estimat de lectura\" \/>\n\t<meta name=\"twitter:data2\" content=\"10 minuts\" \/>\n<script type=\"application\/ld+json\" class=\"yoast-schema-graph\">{\"@context\":\"https:\/\/schema.org\",\"@graph\":[{\"@type\":\"Article\",\"@id\":\"https:\/\/locaacademiafamiliar.com\/ca\/2017\/destinacions-prop-catalunya-per-una-escapada-amb-nens-petits\/#article\",\"isPartOf\":{\"@id\":\"https:\/\/locaacademiafamiliar.com\/ca\/2017\/destinacions-prop-catalunya-per-una-escapada-amb-nens-petits\/\"},\"author\":{\"name\":\"Roser\",\"@id\":\"https:\/\/locaacademiafamiliar.com\/ca\/#\/schema\/person\/c38ddbb3d4c6f37be7c9c57b205fdd2d\"},\"headline\":\"Destinacions a prop de Catalunya per a una escapada amb nens petits i nadons\",\"datePublished\":\"2017-12-11T12:01:53+00:00\",\"dateModified\":\"2019-05-09T07:24:40+00:00\",\"mainEntityOfPage\":{\"@id\":\"https:\/\/locaacademiafamiliar.com\/ca\/2017\/destinacions-prop-catalunya-per-una-escapada-amb-nens-petits\/\"},\"wordCount\":1984,\"commentCount\":0,\"publisher\":{\"@id\":\"https:\/\/locaacademiafamiliar.com\/ca\/#organization\"},\"image\":{\"@id\":\"https:\/\/locaacademiafamiliar.com\/ca\/2017\/destinacions-prop-catalunya-per-una-escapada-amb-nens-petits\/#primaryimage\"},\"thumbnailUrl\":\"https:\/\/i0.wp.com\/locaacademiafamiliar.com\/wp-content\/uploads\/2017\/07\/alsacia-con-nin%CC%83os-vin%CC%83edos.jpg?fit=1000%2C750&ssl=1\",\"keywords\":[\"1 any\",\"La Garrotxa\"],\"articleSection\":[\"Geografia\"],\"inLanguage\":\"ca\",\"potentialAction\":[{\"@type\":\"CommentAction\",\"name\":\"Comment\",\"target\":[\"https:\/\/locaacademiafamiliar.com\/ca\/2017\/destinacions-prop-catalunya-per-una-escapada-amb-nens-petits\/#respond\"]}]},{\"@type\":\"WebPage\",\"@id\":\"https:\/\/locaacademiafamiliar.com\/ca\/2017\/destinacions-prop-catalunya-per-una-escapada-amb-nens-petits\/\",\"url\":\"https:\/\/locaacademiafamiliar.com\/ca\/2017\/destinacions-prop-catalunya-per-una-escapada-amb-nens-petits\/\",\"name\":\"Destinacions a prop de Catalunya per a una escapada amb nens petits i nadons\",\"isPartOf\":{\"@id\":\"https:\/\/locaacademiafamiliar.com\/ca\/#website\"},\"primaryImageOfPage\":{\"@id\":\"https:\/\/locaacademiafamiliar.com\/ca\/2017\/destinacions-prop-catalunya-per-una-escapada-amb-nens-petits\/#primaryimage\"},\"image\":{\"@id\":\"https:\/\/locaacademiafamiliar.com\/ca\/2017\/destinacions-prop-catalunya-per-una-escapada-amb-nens-petits\/#primaryimage\"},\"thumbnailUrl\":\"https:\/\/i0.wp.com\/locaacademiafamiliar.com\/wp-content\/uploads\/2017\/07\/alsacia-con-nin%CC%83os-vin%CC%83edos.jpg?fit=1000%2C750&ssl=1\",\"datePublished\":\"2017-12-11T12:01:53+00:00\",\"dateModified\":\"2019-05-09T07:24:40+00:00\",\"description\":\"Llocs on anar a prop de Catalunya amb nens petits i nadons. Destinacions i idees per una escapada familiar de cap de setmana amb nens petits i beb\u00e9s.\",\"breadcrumb\":{\"@id\":\"https:\/\/locaacademiafamiliar.com\/ca\/2017\/destinacions-prop-catalunya-per-una-escapada-amb-nens-petits\/#breadcrumb\"},\"inLanguage\":\"ca\",\"potentialAction\":[{\"@type\":\"ReadAction\",\"target\":[\"https:\/\/locaacademiafamiliar.com\/ca\/2017\/destinacions-prop-catalunya-per-una-escapada-amb-nens-petits\/\"]}]},{\"@type\":\"ImageObject\",\"inLanguage\":\"ca\",\"@id\":\"https:\/\/locaacademiafamiliar.com\/ca\/2017\/destinacions-prop-catalunya-per-una-escapada-amb-nens-petits\/#primaryimage\",\"url\":\"https:\/\/i0.wp.com\/locaacademiafamiliar.com\/wp-content\/uploads\/2017\/07\/alsacia-con-nin%CC%83os-vin%CC%83edos.jpg?fit=1000%2C750&ssl=1\",\"contentUrl\":\"https:\/\/i0.wp.com\/locaacademiafamiliar.com\/wp-content\/uploads\/2017\/07\/alsacia-con-nin%CC%83os-vin%CC%83edos.jpg?fit=1000%2C750&ssl=1\",\"width\":1000,\"height\":750},{\"@type\":\"BreadcrumbList\",\"@id\":\"https:\/\/locaacademiafamiliar.com\/ca\/2017\/destinacions-prop-catalunya-per-una-escapada-amb-nens-petits\/#breadcrumb\",\"itemListElement\":[{\"@type\":\"ListItem\",\"position\":1,\"name\":\"Portada\",\"item\":\"https:\/\/locaacademiafamiliar.com\/ca\/\"},{\"@type\":\"ListItem\",\"position\":2,\"name\":\"Destinacions a prop de Catalunya per a una escapada amb nens petits i nadons\"}]},{\"@type\":\"WebSite\",\"@id\":\"https:\/\/locaacademiafamiliar.com\/ca\/#website\",\"url\":\"https:\/\/locaacademiafamiliar.com\/ca\/\",\"name\":\"Boja Acad\u00e8mia Familiar\",\"description\":\"El blog de crianza con el que pap\u00e1s y mam\u00e1s salen mejor preparados para su rutina familiar diaria\",\"publisher\":{\"@id\":\"https:\/\/locaacademiafamiliar.com\/ca\/#organization\"},\"potentialAction\":[{\"@type\":\"SearchAction\",\"target\":{\"@type\":\"EntryPoint\",\"urlTemplate\":\"https:\/\/locaacademiafamiliar.com\/ca\/?s={search_term_string}\"},\"query-input\":{\"@type\":\"PropertyValueSpecification\",\"valueRequired\":true,\"valueName\":\"search_term_string\"}}],\"inLanguage\":\"ca\"},{\"@type\":\"Organization\",\"@id\":\"https:\/\/locaacademiafamiliar.com\/ca\/#organization\",\"name\":\"LocaAcademiaFamiliar.com\",\"url\":\"https:\/\/locaacademiafamiliar.com\/ca\/\",\"logo\":{\"@type\":\"ImageObject\",\"inLanguage\":\"ca\",\"@id\":\"https:\/\/locaacademiafamiliar.com\/ca\/#\/schema\/logo\/image\/\",\"url\":\"https:\/\/locaacademiafamiliar.com\/wp-content\/uploads\/2020\/01\/logo-loca-academia-familiar.jpg\",\"contentUrl\":\"https:\/\/locaacademiafamiliar.com\/wp-content\/uploads\/2020\/01\/logo-loca-academia-familiar.jpg\",\"width\":960,\"height\":960,\"caption\":\"LocaAcademiaFamiliar.com\"},\"image\":{\"@id\":\"https:\/\/locaacademiafamiliar.com\/ca\/#\/schema\/logo\/image\/\"},\"sameAs\":[\"https:\/\/www.facebook.com\/LocaAcademiaFamiliar\"]},{\"@type\":\"Person\",\"@id\":\"https:\/\/locaacademiafamiliar.com\/ca\/#\/schema\/person\/c38ddbb3d4c6f37be7c9c57b205fdd2d\",\"name\":\"Roser\",\"image\":{\"@type\":\"ImageObject\",\"inLanguage\":\"ca\",\"@id\":\"https:\/\/locaacademiafamiliar.com\/ca\/#\/schema\/person\/image\/\",\"url\":\"https:\/\/secure.gravatar.com\/avatar\/505f69c7969f855daaa0f97fb5b0b6b2?s=96&d=mm&r=g\",\"contentUrl\":\"https:\/\/secure.gravatar.com\/avatar\/505f69c7969f855daaa0f97fb5b0b6b2?s=96&d=mm&r=g\",\"caption\":\"Roser\"},\"description\":\"\u00a1Hola soy Roser! Mam\u00e1 de una ni\u00f1a preciosa y muy movida, nacida en agosto 2015; y de un ni\u00f1o guap\u00edsimo y valiente nacido en octubre 2017. Antes estaba \\\"sempre viaggiando\\\" y ahora estoy siempre jugando, cantando y saltando. Llevo 10 a\u00f1os como blogger de viajes y vivo en Olot, Girona. Si quieres estar informado de los eventos y actividades para familias con ni\u00f1os en Catalunya, haz click aqu\u00ed para apuntarte a nuestra newsletter.\",\"sameAs\":[\"http:\/\/www.locaacademiafamiliar.com\",\"http:\/\/www.facebook.com\/locaacademiafamiliar\"],\"url\":\"https:\/\/locaacademiafamiliar.com\/ca\/author\/roser\/\"}]}<\/script>\n<!-- \/ Yoast SEO plugin. -->","yoast_head_json":{"title":"Destinacions a prop de Catalunya per a una escapada amb nens petits i nadons","description":"Llocs on anar a prop de Catalunya amb nens petits i nadons. Destinacions i idees per una escapada familiar de cap de setmana amb nens petits i beb\u00e9s.","robots":{"index":"index","follow":"follow","max-snippet":"max-snippet:-1","max-image-preview":"max-image-preview:large","max-video-preview":"max-video-preview:-1"},"canonical":"https:\/\/locaacademiafamiliar.com\/ca\/2017\/destinacions-prop-catalunya-per-una-escapada-amb-nens-petits\/","og_locale":"ca_ES","og_type":"article","og_title":"Destinacions a prop de Catalunya per a una escapada amb nens petits i nadons","og_description":"Llocs on anar a prop de Catalunya amb nens petits i nadons. Destinacions i idees per una escapada familiar de cap de setmana amb nens petits i beb\u00e9s.","og_url":"https:\/\/locaacademiafamiliar.com\/ca\/2017\/destinacions-prop-catalunya-per-una-escapada-amb-nens-petits\/","og_site_name":"Boja Acad\u00e8mia Familiar","article_publisher":"https:\/\/www.facebook.com\/LocaAcademiaFamiliar","article_author":"http:\/\/www.facebook.com\/locaacademiafamiliar","article_published_time":"2017-12-11T12:01:53+00:00","article_modified_time":"2019-05-09T07:24:40+00:00","og_image":[{"width":1000,"height":750,"url":"https:\/\/locaacademiafamiliar.com\/wp-content\/uploads\/2017\/07\/alsacia-con-nin\u0303os-vin\u0303edos.jpg","type":"image\/jpeg"}],"author":"Roser","twitter_card":"summary_large_image","twitter_misc":{"Escrit per":"Roser","Temps estimat de lectura":"10 minuts"},"schema":{"@context":"https:\/\/schema.org","@graph":[{"@type":"Article","@id":"https:\/\/locaacademiafamiliar.com\/ca\/2017\/destinacions-prop-catalunya-per-una-escapada-amb-nens-petits\/#article","isPartOf":{"@id":"https:\/\/locaacademiafamiliar.com\/ca\/2017\/destinacions-prop-catalunya-per-una-escapada-amb-nens-petits\/"},"author":{"name":"Roser","@id":"https:\/\/locaacademiafamiliar.com\/ca\/#\/schema\/person\/c38ddbb3d4c6f37be7c9c57b205fdd2d"},"headline":"Destinacions a prop de Catalunya per a una escapada amb nens petits i nadons","datePublished":"2017-12-11T12:01:53+00:00","dateModified":"2019-05-09T07:24:40+00:00","mainEntityOfPage":{"@id":"https:\/\/locaacademiafamiliar.com\/ca\/2017\/destinacions-prop-catalunya-per-una-escapada-amb-nens-petits\/"},"wordCount":1984,"commentCount":0,"publisher":{"@id":"https:\/\/locaacademiafamiliar.com\/ca\/#organization"},"image":{"@id":"https:\/\/locaacademiafamiliar.com\/ca\/2017\/destinacions-prop-catalunya-per-una-escapada-amb-nens-petits\/#primaryimage"},"thumbnailUrl":"https:\/\/i0.wp.com\/locaacademiafamiliar.com\/wp-content\/uploads\/2017\/07\/alsacia-con-nin%CC%83os-vin%CC%83edos.jpg?fit=1000%2C750&ssl=1","keywords":["1 any","La Garrotxa"],"articleSection":["Geografia"],"inLanguage":"ca","potentialAction":[{"@type":"CommentAction","name":"Comment","target":["https:\/\/locaacademiafamiliar.com\/ca\/2017\/destinacions-prop-catalunya-per-una-escapada-amb-nens-petits\/#respond"]}]},{"@type":"WebPage","@id":"https:\/\/locaacademiafamiliar.com\/ca\/2017\/destinacions-prop-catalunya-per-una-escapada-amb-nens-petits\/","url":"https:\/\/locaacademiafamiliar.com\/ca\/2017\/destinacions-prop-catalunya-per-una-escapada-amb-nens-petits\/","name":"Destinacions a prop de Catalunya per a una escapada amb nens petits i nadons","isPartOf":{"@id":"https:\/\/locaacademiafamiliar.com\/ca\/#website"},"primaryImageOfPage":{"@id":"https:\/\/locaacademiafamiliar.com\/ca\/2017\/destinacions-prop-catalunya-per-una-escapada-amb-nens-petits\/#primaryimage"},"image":{"@id":"https:\/\/locaacademiafamiliar.com\/ca\/2017\/destinacions-prop-catalunya-per-una-escapada-amb-nens-petits\/#primaryimage"},"thumbnailUrl":"https:\/\/i0.wp.com\/locaacademiafamiliar.com\/wp-content\/uploads\/2017\/07\/alsacia-con-nin%CC%83os-vin%CC%83edos.jpg?fit=1000%2C750&ssl=1","datePublished":"2017-12-11T12:01:53+00:00","dateModified":"2019-05-09T07:24:40+00:00","description":"Llocs on anar a prop de Catalunya amb nens petits i nadons. Destinacions i idees per una escapada familiar de cap de setmana amb nens petits i beb\u00e9s.","breadcrumb":{"@id":"https:\/\/locaacademiafamiliar.com\/ca\/2017\/destinacions-prop-catalunya-per-una-escapada-amb-nens-petits\/#breadcrumb"},"inLanguage":"ca","potentialAction":[{"@type":"ReadAction","target":["https:\/\/locaacademiafamiliar.com\/ca\/2017\/destinacions-prop-catalunya-per-una-escapada-amb-nens-petits\/"]}]},{"@type":"ImageObject","inLanguage":"ca","@id":"https:\/\/locaacademiafamiliar.com\/ca\/2017\/destinacions-prop-catalunya-per-una-escapada-amb-nens-petits\/#primaryimage","url":"https:\/\/i0.wp.com\/locaacademiafamiliar.com\/wp-content\/uploads\/2017\/07\/alsacia-con-nin%CC%83os-vin%CC%83edos.jpg?fit=1000%2C750&ssl=1","contentUrl":"https:\/\/i0.wp.com\/locaacademiafamiliar.com\/wp-content\/uploads\/2017\/07\/alsacia-con-nin%CC%83os-vin%CC%83edos.jpg?fit=1000%2C750&ssl=1","width":1000,"height":750},{"@type":"BreadcrumbList","@id":"https:\/\/locaacademiafamiliar.com\/ca\/2017\/destinacions-prop-catalunya-per-una-escapada-amb-nens-petits\/#breadcrumb","itemListElement":[{"@type":"ListItem","position":1,"name":"Portada","item":"https:\/\/locaacademiafamiliar.com\/ca\/"},{"@type":"ListItem","position":2,"name":"Destinacions a prop de Catalunya per a una escapada amb nens petits i nadons"}]},{"@type":"WebSite","@id":"https:\/\/locaacademiafamiliar.com\/ca\/#website","url":"https:\/\/locaacademiafamiliar.com\/ca\/","name":"Boja Acad\u00e8mia Familiar","description":"El blog de crianza con el que pap\u00e1s y mam\u00e1s salen mejor preparados para su rutina familiar diaria","publisher":{"@id":"https:\/\/locaacademiafamiliar.com\/ca\/#organization"},"potentialAction":[{"@type":"SearchAction","target":{"@type":"EntryPoint","urlTemplate":"https:\/\/locaacademiafamiliar.com\/ca\/?s={search_term_string}"},"query-input":{"@type":"PropertyValueSpecification","valueRequired":true,"valueName":"search_term_string"}}],"inLanguage":"ca"},{"@type":"Organization","@id":"https:\/\/locaacademiafamiliar.com\/ca\/#organization","name":"LocaAcademiaFamiliar.com","url":"https:\/\/locaacademiafamiliar.com\/ca\/","logo":{"@type":"ImageObject","inLanguage":"ca","@id":"https:\/\/locaacademiafamiliar.com\/ca\/#\/schema\/logo\/image\/","url":"https:\/\/locaacademiafamiliar.com\/wp-content\/uploads\/2020\/01\/logo-loca-academia-familiar.jpg","contentUrl":"https:\/\/locaacademiafamiliar.com\/wp-content\/uploads\/2020\/01\/logo-loca-academia-familiar.jpg","width":960,"height":960,"caption":"LocaAcademiaFamiliar.com"},"image":{"@id":"https:\/\/locaacademiafamiliar.com\/ca\/#\/schema\/logo\/image\/"},"sameAs":["https:\/\/www.facebook.com\/LocaAcademiaFamiliar"]},{"@type":"Person","@id":"https:\/\/locaacademiafamiliar.com\/ca\/#\/schema\/person\/c38ddbb3d4c6f37be7c9c57b205fdd2d","name":"Roser","image":{"@type":"ImageObject","inLanguage":"ca","@id":"https:\/\/locaacademiafamiliar.com\/ca\/#\/schema\/person\/image\/","url":"https:\/\/secure.gravatar.com\/avatar\/505f69c7969f855daaa0f97fb5b0b6b2?s=96&d=mm&r=g","contentUrl":"https:\/\/secure.gravatar.com\/avatar\/505f69c7969f855daaa0f97fb5b0b6b2?s=96&d=mm&r=g","caption":"Roser"},"description":"\u00a1Hola soy Roser! Mam\u00e1 de una ni\u00f1a preciosa y muy movida, nacida en agosto 2015; y de un ni\u00f1o guap\u00edsimo y valiente nacido en octubre 2017. Antes estaba \"sempre viaggiando\" y ahora estoy siempre jugando, cantando y saltando. Llevo 10 a\u00f1os como blogger de viajes y vivo en Olot, Girona. Si quieres estar informado de los eventos y actividades para familias con ni\u00f1os en Catalunya, haz click aqu\u00ed para apuntarte a nuestra newsletter.","sameAs":["http:\/\/www.locaacademiafamiliar.com","http:\/\/www.facebook.com\/locaacademiafamiliar"],"url":"https:\/\/locaacademiafamiliar.com\/ca\/author\/roser\/"}]}},"jetpack_featured_media_url":"https:\/\/i0.wp.com\/locaacademiafamiliar.com\/wp-content\/uploads\/2017\/07\/alsacia-con-nin%CC%83os-vin%CC%83edos.jpg?fit=1000%2C750&ssl=1","jetpack_sharing_enabled":true,"amp_enabled":true,"_links":{"self":[{"href":"https:\/\/locaacademiafamiliar.com\/ca\/wp-json\/wp\/v2\/posts\/2222","targetHints":{"allow":["GET"]}}],"collection":[{"href":"https:\/\/locaacademiafamiliar.com\/ca\/wp-json\/wp\/v2\/posts"}],"about":[{"href":"https:\/\/locaacademiafamiliar.com\/ca\/wp-json\/wp\/v2\/types\/post"}],"author":[{"embeddable":true,"href":"https:\/\/locaacademiafamiliar.com\/ca\/wp-json\/wp\/v2\/users\/1"}],"replies":[{"embeddable":true,"href":"https:\/\/locaacademiafamiliar.com\/ca\/wp-json\/wp\/v2\/comments?post=2222"}],"version-history":[{"count":0,"href":"https:\/\/locaacademiafamiliar.com\/ca\/wp-json\/wp\/v2\/posts\/2222\/revisions"}],"wp:featuredmedia":[{"embeddable":true,"href":"https:\/\/locaacademiafamiliar.com\/ca\/wp-json\/wp\/v2\/media\/1593"}],"wp:attachment":[{"href":"https:\/\/locaacademiafamiliar.com\/ca\/wp-json\/wp\/v2\/media?parent=2222"}],"wp:term":[{"taxonomy":"category","embeddable":true,"href":"https:\/\/locaacademiafamiliar.com\/ca\/wp-json\/wp\/v2\/categories?post=2222"},{"taxonomy":"post_tag","embeddable":true,"href":"https:\/\/locaacademiafamiliar.com\/ca\/wp-json\/wp\/v2\/tags?post=2222"}],"curies":[{"name":"wp","href":"https:\/\/api.w.org\/{rel}","templated":true}]}}