{"id":2341,"date":"2018-01-04T14:05:52","date_gmt":"2018-01-04T14:05:52","guid":{"rendered":"http:\/\/locaacademiafamiliar.com\/?p=2341"},"modified":"2018-01-04T14:05:52","modified_gmt":"2018-01-04T14:05:52","slug":"com-allargar-la-baixa-de-paternitat-mares-autonomes-aixo-us-interessa","status":"publish","type":"post","link":"https:\/\/locaacademiafamiliar.com\/ca\/2018\/com-allargar-la-baixa-de-paternitat-mares-autonomes-aixo-us-interessa\/","title":{"rendered":"Com allargar la baixa de paternitat (mares aut\u00f2nomes, aix\u00f2 us interessa!)"},"content":{"rendered":"<p>El pare torna a la feina avui, 2 mesos m\u00e9s tard d&#8217;haver tingut el nostre segon fill. No puc dir que el temps hagi passat r\u00e0pid (&#8220;intens&#8221; seria una definici\u00f3 millor); per\u00f2 s\u00ed que, com sol passar amb tot, ens ha agafat per sorpresa aix\u00f2 de que ja hagi de tornar a la rutina d&#8217;abans. Ara que comen\u00e7\u00e0vem a tenir una rutina nova per tenir-ho tot controlat &#8230; Torneeeeem a comen\u00e7ar \ud83d\ude1b<\/p>\n<p>Jo estar\u00e9 de &#8220;baixa&#8221; fins passat Setmana Santa, a principis d&#8217;abril. Un total de 5 mesos. I ell ha estat 2 mesos de baixa ajudant-nos a casa.<\/p>\n<p><img data-recalc-dims=\"1\" decoding=\"async\" class=\"alignleft wp-image-1076 size-medium\" src=\"https:\/\/i0.wp.com\/locaacademiafamiliar.com\/wp-content\/uploads\/2017\/02\/bebe-teletrabajar-en-casa.jpg?resize=259%2C300\" alt=\"\" width=\"259\" height=\"300\" srcset=\"https:\/\/i0.wp.com\/locaacademiafamiliar.com\/wp-content\/uploads\/2017\/02\/bebe-teletrabajar-en-casa.jpg?resize=259%2C300&amp;ssl=1 259w, https:\/\/i0.wp.com\/locaacademiafamiliar.com\/wp-content\/uploads\/2017\/02\/bebe-teletrabajar-en-casa.jpg?w=711&amp;ssl=1 711w\" sizes=\"(max-width: 259px) 100vw, 259px\" \/><\/p>\n<p>Alguns han al\u00b7lucinat com hem aconseguit que ell tingui 2 mesos de baixa paternal i us explico com ho hem fet. \u00c9s m\u00e9s, coneixem a un pare que va fer gaireb\u00e9 4 mesos de baixa (i la mare tamb\u00e9, alhora) utilitzant la mateixa f\u00f3rmula que nosaltres. Estem lluny dels 12 mesos que s&#8217;ofereixen als pa\u00efsos escandinaus per\u00f2 almenys dos mesos (o quatre) s\u00f3n millor que un, oi?<\/p>\n<p>El secret est\u00e0 en que jo <a href=\"http:\/\/locaacademiafamiliar.com\/2017\/consejos-de-una-mama-que-tele-trabaja-desde-casa-como-freelance\/\">s\u00f3c aut\u00f2noma<\/a> (algun avantatge hav\u00edem de tenir els aut\u00f2noms, oi?). El pare pot &#8220;robar&#8221; setmanes de la meva baixa de maternitat. Si no vaig equivocada, la mare ha de fer 6 setmanes obligat\u00f2ries despr\u00e9s del part (que quadra amb la quarantena), per\u00f2 passat aquest temps, la mare pot cedir tota la resta de la baixa o el temps que vulgui, al pare. I aqu\u00ed ve la &#8220;trampa&#8221;: si la mare \u00e9s aut\u00f2noma, pot cedir setmanes de baixa al pare (que treballa en una empresa per compte d&#8217;altri, en el nostre cas) i ella simplement est\u00e0 de baixa\/exced\u00e8ncia\/off per\u00f2 sense cobrar tant de temps com vulgui (o aguanti &#8230;.).<\/p>\n<p>D&#8217;aquesta manera s&#8217;aconsegueix que la mare igualment torni a la feina quan ella vulgui\/decideixi i que el pare estigui de baixa cobrant i ajudant a casa, a la fam\u00edlia &#8211; que els inicis sempre s\u00f3n una mica ca\u00f2tics, amb un fill i amb dos!<\/p>\n<p>Si alguna de vosaltres \u00e9s aut\u00f2noma tamb\u00e9 i el pare treballa per compte d&#8217;altri, no dubteu en fer aquest truc perqu\u00e8 aix\u00ed tingueu m\u00e9s temps compartit de &#8220;baixa&#8221;.<\/p>\n<p><img data-recalc-dims=\"1\" decoding=\"async\" class=\"aligncenter size-full wp-image-1231\" src=\"https:\/\/i0.wp.com\/locaacademiafamiliar.com\/wp-content\/uploads\/2017\/03\/IMG_20160814_192012.jpg?resize=1000%2C750\" alt=\"\" width=\"1000\" height=\"750\" srcset=\"https:\/\/i0.wp.com\/locaacademiafamiliar.com\/wp-content\/uploads\/2017\/03\/IMG_20160814_192012.jpg?w=1000&amp;ssl=1 1000w, https:\/\/i0.wp.com\/locaacademiafamiliar.com\/wp-content\/uploads\/2017\/03\/IMG_20160814_192012.jpg?resize=300%2C225&amp;ssl=1 300w, https:\/\/i0.wp.com\/locaacademiafamiliar.com\/wp-content\/uploads\/2017\/03\/IMG_20160814_192012.jpg?resize=768%2C576&amp;ssl=1 768w, https:\/\/i0.wp.com\/locaacademiafamiliar.com\/wp-content\/uploads\/2017\/03\/IMG_20160814_192012.jpg?resize=678%2C509&amp;ssl=1 678w, https:\/\/i0.wp.com\/locaacademiafamiliar.com\/wp-content\/uploads\/2017\/03\/IMG_20160814_192012.jpg?resize=326%2C245&amp;ssl=1 326w, https:\/\/i0.wp.com\/locaacademiafamiliar.com\/wp-content\/uploads\/2017\/03\/IMG_20160814_192012.jpg?resize=80%2C60&amp;ssl=1 80w\" sizes=\"(max-width: 1000px) 100vw, 1000px\" \/><\/p>\n<p>Per sol\u00b7licitar la baixa haureu de tramitar-la a la <a href=\"http:\/\/www.seg-social.es\/Internet_1\/Preguntasmasfrecuen37888\/SubsidiosyotrasPres48581\/Maternidad\/index.htm\">Seguretat Social<\/a>, com sempre. Per\u00f2 \u00e9s important que el pare tingui l&#8217;OK de la seva empresa per allargar la baixa de paternitat algunes setmanes m\u00e9s. L&#8217;empresa ha de donar-li el consentiment abans de fer res.<\/p>\n<ul>\n<li>Primer la mare sol\u00b7licita la seva baixa per maternitat.<\/li>\n<li>Despr\u00e9s el pare sol\u00b7licita el seu mes de baixa de paternitat (segons legislaci\u00f3 actual a Espanya el 2017, toquen 28 dies naturals).<\/li>\n<li>I despr\u00e9s de l&#8217;acceptaci\u00f3 de la baixa de paternitat el pare sol\u00b7licita les setmanes extres de &#8220;maternitat&#8221; (s\u00ed, s\u00ed, &#8220;maternitat&#8221;, s\u00f3n setmanes de la mare que passen al pare per\u00f2 se li segueixen cridant maternitat perqu\u00e8 no es confonguin). I \u00f2bviament aquestes se li resten a la mare, que va acabar\u00e0 oficialment la seva baixa una mica abans de les 16 setmanes establertes per llei. Per\u00f2 sent aut\u00f2noma, quan se li acabi la baixa, deixar\u00e0 de cobrar la prestaci\u00f3 per\u00f2 seguir\u00e0 sense treballar fins que ella ho decideixi.<\/li>\n<li>Si el pare t\u00e9 vacances per acumular a la baixa de paternitat, primer es gasten les setmanes de vacances i despr\u00e9s es gasta la paternitat (i maternitat). I en aquest cas, el pare haur\u00e0 d&#8217;esperar que hagin passat tots els dies de vacances per demanar la baixa de paternitat (encara que el nen ja hagi nascut).<\/li>\n<\/ul>\n<p>Les gestions es poden fer <a href=\"http:\/\/www.seg-social.es\/Internet_1\/Preguntasmasfrecuen37888\/SubsidiosyotrasPres48581\/Maternidad\/index.htm\">online<\/a> i tamb\u00e9 de forma presencial &#8212; tot i que com que tot aix\u00f2 sempre \u00e9s una mica embolic, millor passar-se per una oficina de la Seguretat Social perqu\u00e8 us ajudi un gestor.<\/p>\n<p>En fi, mentre en aquest pa\u00eds les baixes de maternitat i paternitat no siguin una mica m\u00e9s europees i normals haurem de seguir fent truquillos diversos perqu\u00e8 els inicis d&#8217;una fam\u00edlia siguin el m\u00e9s c\u00f2modes i f\u00e0cils possible.<\/p>\n<p>&nbsp;<\/p>\n","protected":false},"excerpt":{"rendered":"<div class=\"mh-excerpt\"><p>El pare torna a la feina avui, 2 mesos m\u00e9s tard d&#8217;haver tingut el nostre segon fill. Alguns han al\u00b7lucinat com hem aconseguit que ell tingui 2 mesos de baixa paternal i us explico com ho hem fet. \u00c9s m\u00e9s, coneixem a un pare que va fer gaireb\u00e9 4 mesos de baixa (i la mare tamb\u00e9, alhora) utilitzant la mateixa f\u00f3rmula que nosaltres. <a class=\"mh-excerpt-more\" href=\"https:\/\/locaacademiafamiliar.com\/ca\/2018\/com-allargar-la-baixa-de-paternitat-mares-autonomes-aixo-us-interessa\/\" title=\"Com allargar la baixa de paternitat (mares aut\u00f2nomes, aix\u00f2 us interessa!)\">[&#8230;]<\/a><\/p>\n<\/div>","protected":false},"author":1,"featured_media":1235,"comment_status":"open","ping_status":"open","sticky":false,"template":"","format":"standard","meta":{"_monsterinsights_skip_tracking":false,"_monsterinsights_sitenote_active":false,"_monsterinsights_sitenote_note":"","_monsterinsights_sitenote_category":0,"_jetpack_memberships_contains_paid_content":false,"footnotes":""},"categories":[42],"tags":[46,55,57,59],"class_list":{"0":"post-2341","1":"post","2":"type-post","3":"status-publish","4":"format-standard","5":"has-post-thumbnail","7":"category-matematiques","8":"tag-sis-mesos","9":"tag-mares","10":"tag-pares","11":"tag-postpart"},"yoast_head":"<!-- This site is optimized with the Yoast SEO plugin v26.8 - https:\/\/yoast.com\/product\/yoast-seo-wordpress\/ -->\n<title>Com allargar la baixa de paternitat (mares solteres, aix\u00f2 us interessa!)<\/title>\n<meta name=\"description\" content=\"Si la mare \u00e9s aut\u00f2noma, una bona f\u00f3rmula \u00e9s cedir setmanes de baixa de maternitat al pare perqu\u00e8 ell pugui allargar la seva baixa alhora.\" \/>\n<meta name=\"robots\" content=\"index, follow, max-snippet:-1, max-image-preview:large, max-video-preview:-1\" \/>\n<link rel=\"canonical\" href=\"https:\/\/locaacademiafamiliar.com\/ca\/2018\/com-allargar-la-baixa-de-paternitat-mares-autonomes-aixo-us-interessa\/\" \/>\n<meta property=\"og:locale\" content=\"ca_ES\" \/>\n<meta property=\"og:type\" content=\"article\" \/>\n<meta property=\"og:title\" content=\"Com allargar la baixa de paternitat (mares solteres, aix\u00f2 us interessa!)\" \/>\n<meta property=\"og:description\" content=\"Si la mare \u00e9s aut\u00f2noma, una bona f\u00f3rmula \u00e9s cedir setmanes de baixa de maternitat al pare perqu\u00e8 ell pugui allargar la seva baixa alhora.\" \/>\n<meta property=\"og:url\" content=\"https:\/\/locaacademiafamiliar.com\/ca\/2018\/com-allargar-la-baixa-de-paternitat-mares-autonomes-aixo-us-interessa\/\" \/>\n<meta property=\"og:site_name\" content=\"Boja Acad\u00e8mia Familiar\" \/>\n<meta property=\"article:publisher\" content=\"https:\/\/www.facebook.com\/LocaAcademiaFamiliar\" \/>\n<meta property=\"article:author\" content=\"http:\/\/www.facebook.com\/locaacademiafamiliar\" \/>\n<meta property=\"article:published_time\" content=\"2018-01-04T14:05:52+00:00\" \/>\n<meta property=\"og:image\" content=\"https:\/\/locaacademiafamiliar.com\/wp-content\/uploads\/2017\/03\/IMG_20160730_190351-hori.jpg\" \/>\n\t<meta property=\"og:image:width\" content=\"991\" \/>\n\t<meta property=\"og:image:height\" content=\"801\" \/>\n\t<meta property=\"og:image:type\" content=\"image\/jpeg\" \/>\n<meta name=\"author\" content=\"Roser\" \/>\n<meta name=\"twitter:card\" content=\"summary_large_image\" \/>\n<meta name=\"twitter:label1\" content=\"Escrit per\" \/>\n\t<meta name=\"twitter:data1\" content=\"Roser\" \/>\n\t<meta name=\"twitter:label2\" content=\"Temps estimat de lectura\" \/>\n\t<meta name=\"twitter:data2\" content=\"3 minuts\" \/>\n<script type=\"application\/ld+json\" class=\"yoast-schema-graph\">{\"@context\":\"https:\/\/schema.org\",\"@graph\":[{\"@type\":\"Article\",\"@id\":\"https:\/\/locaacademiafamiliar.com\/ca\/2018\/com-allargar-la-baixa-de-paternitat-mares-autonomes-aixo-us-interessa\/#article\",\"isPartOf\":{\"@id\":\"https:\/\/locaacademiafamiliar.com\/ca\/2018\/com-allargar-la-baixa-de-paternitat-mares-autonomes-aixo-us-interessa\/\"},\"author\":{\"name\":\"Roser\",\"@id\":\"https:\/\/locaacademiafamiliar.com\/ca\/#\/schema\/person\/c38ddbb3d4c6f37be7c9c57b205fdd2d\"},\"headline\":\"Com allargar la baixa de paternitat (mares aut\u00f2nomes, aix\u00f2 us interessa!)\",\"datePublished\":\"2018-01-04T14:05:52+00:00\",\"mainEntityOfPage\":{\"@id\":\"https:\/\/locaacademiafamiliar.com\/ca\/2018\/com-allargar-la-baixa-de-paternitat-mares-autonomes-aixo-us-interessa\/\"},\"wordCount\":689,\"commentCount\":0,\"publisher\":{\"@id\":\"https:\/\/locaacademiafamiliar.com\/ca\/#organization\"},\"image\":{\"@id\":\"https:\/\/locaacademiafamiliar.com\/ca\/2018\/com-allargar-la-baixa-de-paternitat-mares-autonomes-aixo-us-interessa\/#primaryimage\"},\"thumbnailUrl\":\"https:\/\/i0.wp.com\/locaacademiafamiliar.com\/wp-content\/uploads\/2017\/03\/IMG_20160730_190351-hori.jpg?fit=991%2C801&ssl=1\",\"keywords\":[\"0 a 6 mesos\",\"Mares\",\"Pares\",\"Postpart\"],\"articleSection\":[\"Matem\u00e0tiques\"],\"inLanguage\":\"ca\",\"potentialAction\":[{\"@type\":\"CommentAction\",\"name\":\"Comment\",\"target\":[\"https:\/\/locaacademiafamiliar.com\/ca\/2018\/com-allargar-la-baixa-de-paternitat-mares-autonomes-aixo-us-interessa\/#respond\"]}]},{\"@type\":\"WebPage\",\"@id\":\"https:\/\/locaacademiafamiliar.com\/ca\/2018\/com-allargar-la-baixa-de-paternitat-mares-autonomes-aixo-us-interessa\/\",\"url\":\"https:\/\/locaacademiafamiliar.com\/ca\/2018\/com-allargar-la-baixa-de-paternitat-mares-autonomes-aixo-us-interessa\/\",\"name\":\"Com allargar la baixa de paternitat (mares solteres, aix\u00f2 us interessa!)\",\"isPartOf\":{\"@id\":\"https:\/\/locaacademiafamiliar.com\/ca\/#website\"},\"primaryImageOfPage\":{\"@id\":\"https:\/\/locaacademiafamiliar.com\/ca\/2018\/com-allargar-la-baixa-de-paternitat-mares-autonomes-aixo-us-interessa\/#primaryimage\"},\"image\":{\"@id\":\"https:\/\/locaacademiafamiliar.com\/ca\/2018\/com-allargar-la-baixa-de-paternitat-mares-autonomes-aixo-us-interessa\/#primaryimage\"},\"thumbnailUrl\":\"https:\/\/i0.wp.com\/locaacademiafamiliar.com\/wp-content\/uploads\/2017\/03\/IMG_20160730_190351-hori.jpg?fit=991%2C801&ssl=1\",\"datePublished\":\"2018-01-04T14:05:52+00:00\",\"description\":\"Si la mare \u00e9s aut\u00f2noma, una bona f\u00f3rmula \u00e9s cedir setmanes de baixa de maternitat al pare perqu\u00e8 ell pugui allargar la seva baixa alhora.\",\"breadcrumb\":{\"@id\":\"https:\/\/locaacademiafamiliar.com\/ca\/2018\/com-allargar-la-baixa-de-paternitat-mares-autonomes-aixo-us-interessa\/#breadcrumb\"},\"inLanguage\":\"ca\",\"potentialAction\":[{\"@type\":\"ReadAction\",\"target\":[\"https:\/\/locaacademiafamiliar.com\/ca\/2018\/com-allargar-la-baixa-de-paternitat-mares-autonomes-aixo-us-interessa\/\"]}]},{\"@type\":\"ImageObject\",\"inLanguage\":\"ca\",\"@id\":\"https:\/\/locaacademiafamiliar.com\/ca\/2018\/com-allargar-la-baixa-de-paternitat-mares-autonomes-aixo-us-interessa\/#primaryimage\",\"url\":\"https:\/\/i0.wp.com\/locaacademiafamiliar.com\/wp-content\/uploads\/2017\/03\/IMG_20160730_190351-hori.jpg?fit=991%2C801&ssl=1\",\"contentUrl\":\"https:\/\/i0.wp.com\/locaacademiafamiliar.com\/wp-content\/uploads\/2017\/03\/IMG_20160730_190351-hori.jpg?fit=991%2C801&ssl=1\",\"width\":991,\"height\":801},{\"@type\":\"BreadcrumbList\",\"@id\":\"https:\/\/locaacademiafamiliar.com\/ca\/2018\/com-allargar-la-baixa-de-paternitat-mares-autonomes-aixo-us-interessa\/#breadcrumb\",\"itemListElement\":[{\"@type\":\"ListItem\",\"position\":1,\"name\":\"Portada\",\"item\":\"https:\/\/locaacademiafamiliar.com\/ca\/\"},{\"@type\":\"ListItem\",\"position\":2,\"name\":\"Com allargar la baixa de paternitat (mares aut\u00f2nomes, aix\u00f2 us interessa!)\"}]},{\"@type\":\"WebSite\",\"@id\":\"https:\/\/locaacademiafamiliar.com\/ca\/#website\",\"url\":\"https:\/\/locaacademiafamiliar.com\/ca\/\",\"name\":\"Boja Acad\u00e8mia Familiar\",\"description\":\"El blog de crianza con el que pap\u00e1s y mam\u00e1s salen mejor preparados para su rutina familiar diaria\",\"publisher\":{\"@id\":\"https:\/\/locaacademiafamiliar.com\/ca\/#organization\"},\"potentialAction\":[{\"@type\":\"SearchAction\",\"target\":{\"@type\":\"EntryPoint\",\"urlTemplate\":\"https:\/\/locaacademiafamiliar.com\/ca\/?s={search_term_string}\"},\"query-input\":{\"@type\":\"PropertyValueSpecification\",\"valueRequired\":true,\"valueName\":\"search_term_string\"}}],\"inLanguage\":\"ca\"},{\"@type\":\"Organization\",\"@id\":\"https:\/\/locaacademiafamiliar.com\/ca\/#organization\",\"name\":\"LocaAcademiaFamiliar.com\",\"url\":\"https:\/\/locaacademiafamiliar.com\/ca\/\",\"logo\":{\"@type\":\"ImageObject\",\"inLanguage\":\"ca\",\"@id\":\"https:\/\/locaacademiafamiliar.com\/ca\/#\/schema\/logo\/image\/\",\"url\":\"https:\/\/locaacademiafamiliar.com\/wp-content\/uploads\/2020\/01\/logo-loca-academia-familiar.jpg\",\"contentUrl\":\"https:\/\/locaacademiafamiliar.com\/wp-content\/uploads\/2020\/01\/logo-loca-academia-familiar.jpg\",\"width\":960,\"height\":960,\"caption\":\"LocaAcademiaFamiliar.com\"},\"image\":{\"@id\":\"https:\/\/locaacademiafamiliar.com\/ca\/#\/schema\/logo\/image\/\"},\"sameAs\":[\"https:\/\/www.facebook.com\/LocaAcademiaFamiliar\"]},{\"@type\":\"Person\",\"@id\":\"https:\/\/locaacademiafamiliar.com\/ca\/#\/schema\/person\/c38ddbb3d4c6f37be7c9c57b205fdd2d\",\"name\":\"Roser\",\"image\":{\"@type\":\"ImageObject\",\"inLanguage\":\"ca\",\"@id\":\"https:\/\/locaacademiafamiliar.com\/ca\/#\/schema\/person\/image\/\",\"url\":\"https:\/\/secure.gravatar.com\/avatar\/505f69c7969f855daaa0f97fb5b0b6b2?s=96&d=mm&r=g\",\"contentUrl\":\"https:\/\/secure.gravatar.com\/avatar\/505f69c7969f855daaa0f97fb5b0b6b2?s=96&d=mm&r=g\",\"caption\":\"Roser\"},\"description\":\"\u00a1Hola soy Roser! Mam\u00e1 de una ni\u00f1a preciosa y muy movida, nacida en agosto 2015; y de un ni\u00f1o guap\u00edsimo y valiente nacido en octubre 2017. Antes estaba \\\"sempre viaggiando\\\" y ahora estoy siempre jugando, cantando y saltando. Llevo 10 a\u00f1os como blogger de viajes y vivo en Olot, Girona. Si quieres estar informado de los eventos y actividades para familias con ni\u00f1os en Catalunya, haz click aqu\u00ed para apuntarte a nuestra newsletter.\",\"sameAs\":[\"http:\/\/www.locaacademiafamiliar.com\",\"http:\/\/www.facebook.com\/locaacademiafamiliar\"],\"url\":\"https:\/\/locaacademiafamiliar.com\/ca\/author\/roser\/\"}]}<\/script>\n<!-- \/ Yoast SEO plugin. -->","yoast_head_json":{"title":"Com allargar la baixa de paternitat (mares solteres, aix\u00f2 us interessa!)","description":"Si la mare \u00e9s aut\u00f2noma, una bona f\u00f3rmula \u00e9s cedir setmanes de baixa de maternitat al pare perqu\u00e8 ell pugui allargar la seva baixa alhora.","robots":{"index":"index","follow":"follow","max-snippet":"max-snippet:-1","max-image-preview":"max-image-preview:large","max-video-preview":"max-video-preview:-1"},"canonical":"https:\/\/locaacademiafamiliar.com\/ca\/2018\/com-allargar-la-baixa-de-paternitat-mares-autonomes-aixo-us-interessa\/","og_locale":"ca_ES","og_type":"article","og_title":"Com allargar la baixa de paternitat (mares solteres, aix\u00f2 us interessa!)","og_description":"Si la mare \u00e9s aut\u00f2noma, una bona f\u00f3rmula \u00e9s cedir setmanes de baixa de maternitat al pare perqu\u00e8 ell pugui allargar la seva baixa alhora.","og_url":"https:\/\/locaacademiafamiliar.com\/ca\/2018\/com-allargar-la-baixa-de-paternitat-mares-autonomes-aixo-us-interessa\/","og_site_name":"Boja Acad\u00e8mia Familiar","article_publisher":"https:\/\/www.facebook.com\/LocaAcademiaFamiliar","article_author":"http:\/\/www.facebook.com\/locaacademiafamiliar","article_published_time":"2018-01-04T14:05:52+00:00","og_image":[{"width":991,"height":801,"url":"https:\/\/locaacademiafamiliar.com\/wp-content\/uploads\/2017\/03\/IMG_20160730_190351-hori.jpg","type":"image\/jpeg"}],"author":"Roser","twitter_card":"summary_large_image","twitter_misc":{"Escrit per":"Roser","Temps estimat de lectura":"3 minuts"},"schema":{"@context":"https:\/\/schema.org","@graph":[{"@type":"Article","@id":"https:\/\/locaacademiafamiliar.com\/ca\/2018\/com-allargar-la-baixa-de-paternitat-mares-autonomes-aixo-us-interessa\/#article","isPartOf":{"@id":"https:\/\/locaacademiafamiliar.com\/ca\/2018\/com-allargar-la-baixa-de-paternitat-mares-autonomes-aixo-us-interessa\/"},"author":{"name":"Roser","@id":"https:\/\/locaacademiafamiliar.com\/ca\/#\/schema\/person\/c38ddbb3d4c6f37be7c9c57b205fdd2d"},"headline":"Com allargar la baixa de paternitat (mares aut\u00f2nomes, aix\u00f2 us interessa!)","datePublished":"2018-01-04T14:05:52+00:00","mainEntityOfPage":{"@id":"https:\/\/locaacademiafamiliar.com\/ca\/2018\/com-allargar-la-baixa-de-paternitat-mares-autonomes-aixo-us-interessa\/"},"wordCount":689,"commentCount":0,"publisher":{"@id":"https:\/\/locaacademiafamiliar.com\/ca\/#organization"},"image":{"@id":"https:\/\/locaacademiafamiliar.com\/ca\/2018\/com-allargar-la-baixa-de-paternitat-mares-autonomes-aixo-us-interessa\/#primaryimage"},"thumbnailUrl":"https:\/\/i0.wp.com\/locaacademiafamiliar.com\/wp-content\/uploads\/2017\/03\/IMG_20160730_190351-hori.jpg?fit=991%2C801&ssl=1","keywords":["0 a 6 mesos","Mares","Pares","Postpart"],"articleSection":["Matem\u00e0tiques"],"inLanguage":"ca","potentialAction":[{"@type":"CommentAction","name":"Comment","target":["https:\/\/locaacademiafamiliar.com\/ca\/2018\/com-allargar-la-baixa-de-paternitat-mares-autonomes-aixo-us-interessa\/#respond"]}]},{"@type":"WebPage","@id":"https:\/\/locaacademiafamiliar.com\/ca\/2018\/com-allargar-la-baixa-de-paternitat-mares-autonomes-aixo-us-interessa\/","url":"https:\/\/locaacademiafamiliar.com\/ca\/2018\/com-allargar-la-baixa-de-paternitat-mares-autonomes-aixo-us-interessa\/","name":"Com allargar la baixa de paternitat (mares solteres, aix\u00f2 us interessa!)","isPartOf":{"@id":"https:\/\/locaacademiafamiliar.com\/ca\/#website"},"primaryImageOfPage":{"@id":"https:\/\/locaacademiafamiliar.com\/ca\/2018\/com-allargar-la-baixa-de-paternitat-mares-autonomes-aixo-us-interessa\/#primaryimage"},"image":{"@id":"https:\/\/locaacademiafamiliar.com\/ca\/2018\/com-allargar-la-baixa-de-paternitat-mares-autonomes-aixo-us-interessa\/#primaryimage"},"thumbnailUrl":"https:\/\/i0.wp.com\/locaacademiafamiliar.com\/wp-content\/uploads\/2017\/03\/IMG_20160730_190351-hori.jpg?fit=991%2C801&ssl=1","datePublished":"2018-01-04T14:05:52+00:00","description":"Si la mare \u00e9s aut\u00f2noma, una bona f\u00f3rmula \u00e9s cedir setmanes de baixa de maternitat al pare perqu\u00e8 ell pugui allargar la seva baixa alhora.","breadcrumb":{"@id":"https:\/\/locaacademiafamiliar.com\/ca\/2018\/com-allargar-la-baixa-de-paternitat-mares-autonomes-aixo-us-interessa\/#breadcrumb"},"inLanguage":"ca","potentialAction":[{"@type":"ReadAction","target":["https:\/\/locaacademiafamiliar.com\/ca\/2018\/com-allargar-la-baixa-de-paternitat-mares-autonomes-aixo-us-interessa\/"]}]},{"@type":"ImageObject","inLanguage":"ca","@id":"https:\/\/locaacademiafamiliar.com\/ca\/2018\/com-allargar-la-baixa-de-paternitat-mares-autonomes-aixo-us-interessa\/#primaryimage","url":"https:\/\/i0.wp.com\/locaacademiafamiliar.com\/wp-content\/uploads\/2017\/03\/IMG_20160730_190351-hori.jpg?fit=991%2C801&ssl=1","contentUrl":"https:\/\/i0.wp.com\/locaacademiafamiliar.com\/wp-content\/uploads\/2017\/03\/IMG_20160730_190351-hori.jpg?fit=991%2C801&ssl=1","width":991,"height":801},{"@type":"BreadcrumbList","@id":"https:\/\/locaacademiafamiliar.com\/ca\/2018\/com-allargar-la-baixa-de-paternitat-mares-autonomes-aixo-us-interessa\/#breadcrumb","itemListElement":[{"@type":"ListItem","position":1,"name":"Portada","item":"https:\/\/locaacademiafamiliar.com\/ca\/"},{"@type":"ListItem","position":2,"name":"Com allargar la baixa de paternitat (mares aut\u00f2nomes, aix\u00f2 us interessa!)"}]},{"@type":"WebSite","@id":"https:\/\/locaacademiafamiliar.com\/ca\/#website","url":"https:\/\/locaacademiafamiliar.com\/ca\/","name":"Boja Acad\u00e8mia Familiar","description":"El blog de crianza con el que pap\u00e1s y mam\u00e1s salen mejor preparados para su rutina familiar diaria","publisher":{"@id":"https:\/\/locaacademiafamiliar.com\/ca\/#organization"},"potentialAction":[{"@type":"SearchAction","target":{"@type":"EntryPoint","urlTemplate":"https:\/\/locaacademiafamiliar.com\/ca\/?s={search_term_string}"},"query-input":{"@type":"PropertyValueSpecification","valueRequired":true,"valueName":"search_term_string"}}],"inLanguage":"ca"},{"@type":"Organization","@id":"https:\/\/locaacademiafamiliar.com\/ca\/#organization","name":"LocaAcademiaFamiliar.com","url":"https:\/\/locaacademiafamiliar.com\/ca\/","logo":{"@type":"ImageObject","inLanguage":"ca","@id":"https:\/\/locaacademiafamiliar.com\/ca\/#\/schema\/logo\/image\/","url":"https:\/\/locaacademiafamiliar.com\/wp-content\/uploads\/2020\/01\/logo-loca-academia-familiar.jpg","contentUrl":"https:\/\/locaacademiafamiliar.com\/wp-content\/uploads\/2020\/01\/logo-loca-academia-familiar.jpg","width":960,"height":960,"caption":"LocaAcademiaFamiliar.com"},"image":{"@id":"https:\/\/locaacademiafamiliar.com\/ca\/#\/schema\/logo\/image\/"},"sameAs":["https:\/\/www.facebook.com\/LocaAcademiaFamiliar"]},{"@type":"Person","@id":"https:\/\/locaacademiafamiliar.com\/ca\/#\/schema\/person\/c38ddbb3d4c6f37be7c9c57b205fdd2d","name":"Roser","image":{"@type":"ImageObject","inLanguage":"ca","@id":"https:\/\/locaacademiafamiliar.com\/ca\/#\/schema\/person\/image\/","url":"https:\/\/secure.gravatar.com\/avatar\/505f69c7969f855daaa0f97fb5b0b6b2?s=96&d=mm&r=g","contentUrl":"https:\/\/secure.gravatar.com\/avatar\/505f69c7969f855daaa0f97fb5b0b6b2?s=96&d=mm&r=g","caption":"Roser"},"description":"\u00a1Hola soy Roser! Mam\u00e1 de una ni\u00f1a preciosa y muy movida, nacida en agosto 2015; y de un ni\u00f1o guap\u00edsimo y valiente nacido en octubre 2017. Antes estaba \"sempre viaggiando\" y ahora estoy siempre jugando, cantando y saltando. Llevo 10 a\u00f1os como blogger de viajes y vivo en Olot, Girona. Si quieres estar informado de los eventos y actividades para familias con ni\u00f1os en Catalunya, haz click aqu\u00ed para apuntarte a nuestra newsletter.","sameAs":["http:\/\/www.locaacademiafamiliar.com","http:\/\/www.facebook.com\/locaacademiafamiliar"],"url":"https:\/\/locaacademiafamiliar.com\/ca\/author\/roser\/"}]}},"jetpack_featured_media_url":"https:\/\/i0.wp.com\/locaacademiafamiliar.com\/wp-content\/uploads\/2017\/03\/IMG_20160730_190351-hori.jpg?fit=991%2C801&ssl=1","jetpack_sharing_enabled":true,"amp_enabled":true,"_links":{"self":[{"href":"https:\/\/locaacademiafamiliar.com\/ca\/wp-json\/wp\/v2\/posts\/2341","targetHints":{"allow":["GET"]}}],"collection":[{"href":"https:\/\/locaacademiafamiliar.com\/ca\/wp-json\/wp\/v2\/posts"}],"about":[{"href":"https:\/\/locaacademiafamiliar.com\/ca\/wp-json\/wp\/v2\/types\/post"}],"author":[{"embeddable":true,"href":"https:\/\/locaacademiafamiliar.com\/ca\/wp-json\/wp\/v2\/users\/1"}],"replies":[{"embeddable":true,"href":"https:\/\/locaacademiafamiliar.com\/ca\/wp-json\/wp\/v2\/comments?post=2341"}],"version-history":[{"count":0,"href":"https:\/\/locaacademiafamiliar.com\/ca\/wp-json\/wp\/v2\/posts\/2341\/revisions"}],"wp:featuredmedia":[{"embeddable":true,"href":"https:\/\/locaacademiafamiliar.com\/ca\/wp-json\/wp\/v2\/media\/1235"}],"wp:attachment":[{"href":"https:\/\/locaacademiafamiliar.com\/ca\/wp-json\/wp\/v2\/media?parent=2341"}],"wp:term":[{"taxonomy":"category","embeddable":true,"href":"https:\/\/locaacademiafamiliar.com\/ca\/wp-json\/wp\/v2\/categories?post=2341"},{"taxonomy":"post_tag","embeddable":true,"href":"https:\/\/locaacademiafamiliar.com\/ca\/wp-json\/wp\/v2\/tags?post=2341"}],"curies":[{"name":"wp","href":"https:\/\/api.w.org\/{rel}","templated":true}]}}