{"id":238,"date":"2016-11-17T22:18:17","date_gmt":"2016-11-17T22:18:17","guid":{"rendered":"http:\/\/locaacademiafamiliar.com\/?p=238"},"modified":"2016-11-21T14:46:04","modified_gmt":"2016-11-21T14:46:04","slug":"quant-costa-el-primer-any-del-nado-consells-per-estalviar","status":"publish","type":"post","link":"https:\/\/locaacademiafamiliar.com\/ca\/2016\/quant-costa-el-primer-any-del-nado-consells-per-estalviar\/","title":{"rendered":"Quant costa el primer any del nad\u00f3 i consells per estalviar"},"content":{"rendered":"<p>Alumnes, a les calculadores! \u00c9s car tenir un nen? Quant costa cada mes mantenir\u00a0un nad\u00f3? &#8230;.I a l&#8217;any? Us\u00a0donem alguns n\u00fameros sobre el qu\u00e8 costa aproximadament (o almenys en la nostra experi\u00e8ncia) el primer any d&#8217;un nad\u00f3. Esperem que ajudi a futurs pares a organitzar millor el seu pressupost familiar.<\/p>\n<h3>Llar d&#8217;infants<\/h3>\n<p><img data-recalc-dims=\"1\" decoding=\"async\" class=\"alignnone size-full wp-image-226\" src=\"https:\/\/i0.wp.com\/locaacademiafamiliar.com\/wp-content\/uploads\/2016\/11\/Anamonzu93.jpg?resize=1000%2C563\" alt=\"anamonzu93\" width=\"1000\" height=\"563\" srcset=\"https:\/\/i0.wp.com\/locaacademiafamiliar.com\/wp-content\/uploads\/2016\/11\/Anamonzu93.jpg?w=1000&amp;ssl=1 1000w, https:\/\/i0.wp.com\/locaacademiafamiliar.com\/wp-content\/uploads\/2016\/11\/Anamonzu93.jpg?resize=300%2C169&amp;ssl=1 300w, https:\/\/i0.wp.com\/locaacademiafamiliar.com\/wp-content\/uploads\/2016\/11\/Anamonzu93.jpg?resize=768%2C432&amp;ssl=1 768w, https:\/\/i0.wp.com\/locaacademiafamiliar.com\/wp-content\/uploads\/2016\/11\/Anamonzu93.jpg?resize=678%2C381&amp;ssl=1 678w\" sizes=\"(max-width: 1000px) 100vw, 1000px\" \/><\/p>\n<p>A partir dels 4 mesos, el nad\u00f3 pot anar a una llar d&#8217;infants\u00a0si els pares han de treballar i no poden fer-se c\u00e0rrec del nad\u00f3 a casa. Dic a partir dels 4 mesos perqu\u00e8 \u00e9s el que dura (lamentablement) la baixa maternal \/ paternal a Espanya. Per\u00f2 si els pares poden allargar la baixa d&#8217;alguna manera, el nad\u00f3 podria entrar m\u00e9s tard (entrar als sis mesos, per exemple, \u00e9s molt com\u00fa; i fins i tot hi ha qui entra un cop fet l&#8217;any). I aix\u00f2 s\u00f3n diners que t&#8217;estalvies durant alguns mesos &#8211; i m\u00e9s temps que pots estar amb el teu\u00a0petit.<\/p>\n<p>Hi ha llars d&#8217;infants p\u00fabliques i privades\/concertades, per\u00f2 el preu no varia gaire. Depenent de si el nad\u00f3 s&#8217;hi estar\u00e0\u00a0tot el dia o nom\u00e9s mig dia, si menja s\u00f2lids\/farinetes o si encara pren llet, els preus variaran una mica. Al final, compteu que rebreu un rebut mensual al banc d&#8217;uns 300-400 \u20ac al mes. Si teniu bessons, multipliqueu per dos.<\/p>\n<p>Tamb\u00e9 hi ha l&#8217;opci\u00f3 de deixar-lo amb una cangur o en un grup de crian\u00e7a, per\u00f2 aquests preus no els dominem. Si hi ha alg\u00fa a l&#8217;aula que conegui aquestes tarifes, que les anoti als comentaris &#8211; Moltes gr\u00e0cies!<\/p>\n<h4>Bolquers<\/h4>\n<p><img data-recalc-dims=\"1\" decoding=\"async\" class=\"alignnone size-full wp-image-222\" src=\"https:\/\/i0.wp.com\/locaacademiafamiliar.com\/wp-content\/uploads\/2016\/11\/531856002_1280x720.jpg?resize=1280%2C720\" alt=\"531856002_1280x720\" width=\"1280\" height=\"720\" srcset=\"https:\/\/i0.wp.com\/locaacademiafamiliar.com\/wp-content\/uploads\/2016\/11\/531856002_1280x720.jpg?w=1280&amp;ssl=1 1280w, https:\/\/i0.wp.com\/locaacademiafamiliar.com\/wp-content\/uploads\/2016\/11\/531856002_1280x720.jpg?resize=300%2C169&amp;ssl=1 300w, https:\/\/i0.wp.com\/locaacademiafamiliar.com\/wp-content\/uploads\/2016\/11\/531856002_1280x720.jpg?resize=768%2C432&amp;ssl=1 768w, https:\/\/i0.wp.com\/locaacademiafamiliar.com\/wp-content\/uploads\/2016\/11\/531856002_1280x720.jpg?resize=1024%2C576&amp;ssl=1 1024w, https:\/\/i0.wp.com\/locaacademiafamiliar.com\/wp-content\/uploads\/2016\/11\/531856002_1280x720.jpg?resize=678%2C381&amp;ssl=1 678w\" sizes=\"(max-width: 1000px) 100vw, 1000px\" \/><\/p>\n<p>Els bolquers s\u00f3n molt cars. I en comprareu MOLTS. Per aix\u00f2, quan els vostres amics us regalin paquets de bolquers, feu-els-hi una forta abra\u00e7ada. Aix\u00f2 \u00e9s com regalar una guardiola plena de diners. Al principi \u00e9s possible que compreu bolquers Dodot o de la millor qualitat possible; per\u00f2 a poc a poc, quan veieu la rapidesa amb qu\u00e8 els poseu i treieu\u00a0(bruts), anireu baixant el llist\u00f3 i comprant marques blanques que ofereixen bolquers a un preu m\u00e9s assequible.<\/p>\n<p>En aquest enlla\u00e7 veureu una comparaci\u00f3 de bolquers feta per l&#8217;OCU. I curiosament els Dodot no queden en massa\u00a0bona posici\u00f3 &#8211; Qui ho havia de dir amb\u00a0lo cars que s\u00f3n,\u00a0oi?<\/p>\n<p>Per posar-vos un exemple, un paquet de 34 bolquers Talla 2 de Dodot Activity costa 8 \u20ac. A una mitjana de 8 bolquers al dia, us els\u00a0gastareu en\u00a0quatre dies (i no \u00e9s sentit figurat, feu les matem\u00e0tiques). La nostra filla anava a una mitjana de 10 bolquers al dia! ~ Per sort, quan\u00a0creixen, en van fent servir\u00a0menys.<\/p>\n<p>Una recomanaci\u00f3 \u00e9s que compreu packs grans (100 bolquers per exemple), sempre que tingueu marge per fer-los servir\u00a0(els nadons\u00a0creixen r\u00e0pid i els bolquers se&#8217;ls hi queden petits).<\/p>\n<h4>Roba<\/h4>\n<p><img data-recalc-dims=\"1\" decoding=\"async\" class=\"alignnone size-full wp-image-219\" src=\"https:\/\/i0.wp.com\/locaacademiafamiliar.com\/wp-content\/uploads\/2016\/11\/15111483361_f4378a73ba_k.jpg?resize=2048%2C1365\" alt=\"StarsApart\" width=\"2048\" height=\"1365\" srcset=\"https:\/\/i0.wp.com\/locaacademiafamiliar.com\/wp-content\/uploads\/2016\/11\/15111483361_f4378a73ba_k.jpg?w=1500&amp;ssl=1 1500w, https:\/\/i0.wp.com\/locaacademiafamiliar.com\/wp-content\/uploads\/2016\/11\/15111483361_f4378a73ba_k.jpg?resize=300%2C200&amp;ssl=1 300w, https:\/\/i0.wp.com\/locaacademiafamiliar.com\/wp-content\/uploads\/2016\/11\/15111483361_f4378a73ba_k.jpg?resize=768%2C512&amp;ssl=1 768w, https:\/\/i0.wp.com\/locaacademiafamiliar.com\/wp-content\/uploads\/2016\/11\/15111483361_f4378a73ba_k.jpg?resize=1024%2C683&amp;ssl=1 1024w\" sizes=\"(max-width: 1000px) 100vw, 1000px\" \/><\/p>\n<p>La roba \u00e9s un altre dels grans totxos del pressupost infantil. I tot i que abans de tenir nens penses\u00a0que el preu de la roba ser\u00e0 proporcional (com menys tela, m\u00e9s barat, oi?), aviat t&#8217;adonar\u00e0s que t&#8217;equivoques completament. Els preus de la roba de nad\u00f3 s&#8217;acosten als preus de la roba d&#8217;adults (i de vegades fins el superen).<\/p>\n<p>Marques infantils com\u00a0<strong><a href=\"http:\/\/www.boboli.es\/\" target=\"_blank\" rel=\"nofollow\">Boboli<\/a> o <a href=\"http:\/\/www.petit-bateau.es\/\" target=\"_blank\" rel=\"nofollow\">Petit Bateau<\/a><\/strong> tenen coses precios\u00edssimes per\u00f2 s\u00f3n cares-cares. Un pijama: 20 \u20ac. I un jersei: 30 \u20ac. A\u00a0<strong><a href=\"http:\/\/www.zara.com\/es\/es\/ni%C3%B1os-c434793.html\" target=\"_blank\" rel=\"nofollow\">Kiddy&#8217;s Class (el Zara de nens)<\/a>, <a href=\"https:\/\/es.benetton.com\/nino\/\" target=\"_blank\" rel=\"nofollow\">Benetton<\/a>\u00a0o <a href=\"http:\/\/shop.mango.com\/ES\/ninos\" target=\"_blank\" rel=\"nofollow\">Mango Kids<\/a><\/strong>, hi trobar\u00e0s peces m\u00e9s econ\u00f2miques (2 pijames, 10 \u20ac), tot i\u00a0que \u00e9s probable que el teu fill vagi vestit igual que el ve\u00ed.<\/p>\n<p>Tu tries la qualitat, el preu i la roba que li vols comprar-li. Nom\u00e9s tingues en compte que els primers mesos es queda petita MOLT r\u00e0pid. Fins i tot, si el nad\u00f3 neix grossot, \u00e9s possible que se salti la &#8220;talla zero&#8221; (la de nounat). Tingues en compte tamb\u00e9 que encara que posis moltes rentadores, et caldran diversos pijames i diversos bodies, perqu\u00e8 s&#8217;embruten molt f\u00e0cilment.<\/p>\n<h4>Farm\u00e0cia<\/h4>\n<p><img data-recalc-dims=\"1\" decoding=\"async\" class=\"alignnone size-full wp-image-224\" src=\"https:\/\/i0.wp.com\/locaacademiafamiliar.com\/wp-content\/uploads\/2016\/11\/2290805725_9cc66557cb_b.jpg?resize=1024%2C428\" alt=\"Site Marca\" width=\"1024\" height=\"428\" srcset=\"https:\/\/i0.wp.com\/locaacademiafamiliar.com\/wp-content\/uploads\/2016\/11\/2290805725_9cc66557cb_b.jpg?w=1024&amp;ssl=1 1024w, https:\/\/i0.wp.com\/locaacademiafamiliar.com\/wp-content\/uploads\/2016\/11\/2290805725_9cc66557cb_b.jpg?resize=300%2C125&amp;ssl=1 300w, https:\/\/i0.wp.com\/locaacademiafamiliar.com\/wp-content\/uploads\/2016\/11\/2290805725_9cc66557cb_b.jpg?resize=768%2C321&amp;ssl=1 768w\" sizes=\"(max-width: 1000px) 100vw, 1000px\" \/><\/p>\n<p>Quan vaig entrar a la nostra farm\u00e0cia de barri amb la meva\u00a0panxota de 8 mesos, em van posar la catifa vermella i em van fer un &#8220;carnet de s\u00f2cia&#8221; perqu\u00e8 sum\u00e9s punts i descomptes. Per qu\u00e8, vaig pensar jo? Dos mesos m\u00e9s tard ho tenia clar: passava tres o quatre vegades per setmana per la farm\u00e0cia. $$$ !!!<\/p>\n<p>Primer, <em>potingues<\/em> i coses diverses per a la &#8220;mare postpart&#8221; (discs de lact\u00e0ncia, calces de paper, compreses, tira-llets&#8230;). Despr\u00e9s \u00f2bviament cremes i sabons hipoalerg\u00e8nics per al nad\u00f3. Si \u00e9s hivern (\u00e8poca de refredats) suma-li medicines doverses. Tamb\u00e9 vacunes. Afegeix-li coses b\u00e0siques en tota farmaciola infantil: s\u00e8rum o rhinomer,\u00a0narhinel, vitamina D, apiretal, pasta lassar&#8230; No t&#8217;oblidis les tetines, els biberons o els xumets! (I creua els dits per encertar a la primera amb els que li agraden). I si no t\u00e9 encara un any i ha deixat el pit de manera exclusiva, afegeix-li 20 \u20ac setmanals de llet en pols.<\/p>\n<p>I segur que em deixo coses. Cada vegada que an\u00e0vem a buscar alguna cosa, sort\u00edem de la farm\u00e0cia amb quatre coses m\u00e9s.<\/p>\n<h4>Gadgets\u00a0Diversos<\/h4>\n<p><img data-recalc-dims=\"1\" decoding=\"async\" class=\"alignnone size-full wp-image-231\" src=\"https:\/\/i0.wp.com\/locaacademiafamiliar.com\/wp-content\/uploads\/2016\/11\/4462789966_b0006fb2ea_b.jpg?resize=1024%2C683\" alt=\"Napoleon Cole\" width=\"1024\" height=\"683\" srcset=\"https:\/\/i0.wp.com\/locaacademiafamiliar.com\/wp-content\/uploads\/2016\/11\/4462789966_b0006fb2ea_b.jpg?w=1024&amp;ssl=1 1024w, https:\/\/i0.wp.com\/locaacademiafamiliar.com\/wp-content\/uploads\/2016\/11\/4462789966_b0006fb2ea_b.jpg?resize=300%2C200&amp;ssl=1 300w, https:\/\/i0.wp.com\/locaacademiafamiliar.com\/wp-content\/uploads\/2016\/11\/4462789966_b0006fb2ea_b.jpg?resize=768%2C512&amp;ssl=1 768w\" sizes=\"(max-width: 1000px) 100vw, 1000px\" \/><\/p>\n<p>Si tens la sort de tenir amics i fam\u00edlia que t&#8217;estimen\u00a0molt (i &#8220;amigues de la teva mare&#8221; que tamb\u00e9 t&#8217;estimen molt) \u00e9s possible que aquesta partida de pressupost no la notis tant perqu\u00e8 et regalaran moltes de les coses &#8220;necess\u00e0ries&#8221;. I dic necess\u00e0ries entre cometes perqu\u00e8 hi ha ben\u00a0poques coses necess\u00e0ries en la vida d&#8217;un nad\u00f3, m\u00e9s enll\u00e0 de: el pare, la mare, amor i menjar.<\/p>\n<p><strong>Posem-li preu (mitj\u00e0) a algunes d&#8217;aquestes coses&#8230;<\/strong><\/p>\n<ul>\n<li>Cotxet: ronda els 300-1200 \u20ac, depenent de la marca<\/li>\n<li>Trona: 30 &#8211; 70 \u20ac<\/li>\n<li>Mois\u00e9s (bressol petit): 85 \u20ac &#8211; 100 \u20ac<\/li>\n<li>Bressol amb matal\u00e0s i roba de llit: 250 \u20ac<\/li>\n<li>Cadira pel cotxe (maxi-cosi): 120 \u20ac<\/li>\n<li>Motxilla porta-nadons: 100 \u20ac<\/li>\n<li>Banyera: 20 \u20ac<\/li>\n<li>Bressol de viatge: 80 \u20ac<\/li>\n<li>Intercomunicadors: 45 \u20ac<\/li>\n<li>Hamaqueta: 40 &#8211; 60 \u20ac<\/li>\n<li>I un llarg etc.<\/li>\n<\/ul>\n<h4>Menjar<\/h4>\n<p><img data-recalc-dims=\"1\" decoding=\"async\" class=\"alignnone size-full wp-image-220\" src=\"https:\/\/i0.wp.com\/locaacademiafamiliar.com\/wp-content\/uploads\/2016\/11\/3338264465_b6e390af35_b.jpg?resize=1024%2C683\" alt=\"Brian Brodeur\" width=\"1024\" height=\"683\" srcset=\"https:\/\/i0.wp.com\/locaacademiafamiliar.com\/wp-content\/uploads\/2016\/11\/3338264465_b6e390af35_b.jpg?w=1024&amp;ssl=1 1024w, https:\/\/i0.wp.com\/locaacademiafamiliar.com\/wp-content\/uploads\/2016\/11\/3338264465_b6e390af35_b.jpg?resize=300%2C200&amp;ssl=1 300w, https:\/\/i0.wp.com\/locaacademiafamiliar.com\/wp-content\/uploads\/2016\/11\/3338264465_b6e390af35_b.jpg?resize=768%2C512&amp;ssl=1 768w\" sizes=\"(max-width: 1000px) 100vw, 1000px\" \/><\/p>\n<p>Per fi una bona not\u00edcia: si d\u00f3nes el pit, tenir un nad\u00f3 surt molt econ\u00f2mic \ud83d\ude42<br \/>\nA partir dels 6 mesos comen\u00e7ar\u00e0 a menjar s\u00f2lids, per\u00f2 seguir\u00e0 sent un lactant aix\u00ed que la llet ser\u00e0 fonamental en el seu desenvolupament. No prendr\u00e0 llet de vaca fins a l&#8217;any, de manera que fins llavors ten dues opcions: a) Segueixes amb el pit (gratu\u00eft) o b) Passes a la llet artificial (uns 20 \u20ac pot \/ setmana).<\/p>\n<p>En el nostre cas, vaig donar el pit fins als 6 aproximadament i ella va decidir parar. A partir d&#8217;aqu\u00ed, no vam tenir m\u00e9s remei que passar-nos a la llet artificial fins ben complert l&#8217;any. Els 80 \u20ac al mes de llet en pols es van notar durant aquests sis mesos :S<\/p>\n<hr \/>\n<h3>El compte si us plau!<\/h3>\n<p>Aix\u00ed que suposant que&#8230; un beb\u00e8 vagi a la llar d&#8217;infants als 4 mesos, que ens gastem una mitjana de 200 \u20ac al mes a la farm\u00e0cia els primers quatre mesos, que comprem tots els gadgets que hem posat al llistat de m\u00e9s amunt, que comprem una mitjana de 60 \u20ac al mes en roba i que gastem uns 240 bolquers al mes&#8230; El preu total aproximat surt per 6.700 \u20ac. I crec que em quedo curta, segur que em deixo coses. $$$$ !!! (I aix\u00f2 sense afegir llet en pols, si teniu la sort que la lact\u00e0ncia vagi b\u00e9 durant el primer any).<\/p>\n<p>Molts diners, s\u00ed. Per\u00f2 val la pena gastar-se&#8217;ls aix\u00ed \ud83d\ude42<br \/>\nSer\u00e0 la millor inversi\u00f3 que hagueu fet mai. Aqu\u00ed, una foto de la nostra petita, als 10 mesos.<\/p>\n<p><img data-recalc-dims=\"1\" decoding=\"async\" class=\"size-full wp-image-230\" src=\"https:\/\/i0.wp.com\/locaacademiafamiliar.com\/wp-content\/uploads\/2016\/11\/IMG_20160814_192046.jpg?resize=997%2C590\" alt=\"sdr\" width=\"997\" height=\"590\" srcset=\"https:\/\/i0.wp.com\/locaacademiafamiliar.com\/wp-content\/uploads\/2016\/11\/IMG_20160814_192046.jpg?w=997&amp;ssl=1 997w, https:\/\/i0.wp.com\/locaacademiafamiliar.com\/wp-content\/uploads\/2016\/11\/IMG_20160814_192046.jpg?resize=300%2C178&amp;ssl=1 300w, https:\/\/i0.wp.com\/locaacademiafamiliar.com\/wp-content\/uploads\/2016\/11\/IMG_20160814_192046.jpg?resize=768%2C454&amp;ssl=1 768w\" sizes=\"(max-width: 997px) 100vw, 997px\" \/><\/p>\n<hr \/>\n<h3>Consells\u00a0per Estalviar Quan Tens un Nad\u00f3:<\/h3>\n<p>I ara alguns trucs perqu\u00e8 estalvieu i el compte sigui a final de mes una mica m\u00e9s econ\u00f2mic \ud83d\ude09<\/p>\n<ul>\n<li>Comprar bolquers a l&#8217;engr\u00f2s (per internet, per exemple a\u00a0<a href=\"http:\/\/Bebitus.com\" target=\"_blank\" rel=\"nofollow\">Bebitus.com<\/a>)<\/li>\n<li>Aprofitar ofertes 3&#215;2 de grans supermercats.<\/li>\n<li>Quan et preguntin qu\u00e8 us regalem? Bolquers!! (Especifica&#8217;ls-hil la talla, no sigui que acabis amb mil bolquers de la talla 1).<\/li>\n<li>Sempre hi ha un amic o familiar que et d\u00f3na una bossa de roba (que s&#8217;ha fet servir poc, perqu\u00e8 el nad\u00f3 ha crescut molt r\u00e0pid). Per\u00f2 si no tens aquesta sort o la roba que t&#8217;han donat no li va b\u00e9, pots comprar roba de segona m\u00e0 en botigues especialitzades &#8211; f\u00edsiques o virtuals.<\/li>\n<li>Comprar roba online a\u00a0<a href=\"http:\/\/Percentil.com\" target=\"_blank\" rel=\"nofollow\">Percentil.com<\/a> o <a href=\"http:\/\/Mamuky.com\" target=\"_blank\" rel=\"nofollow\">Mamuky.com<\/a><\/li>\n<li>Abans de comprar un gadget nou, fes un cop d&#8217;ull a les apps de 2\u00aa m\u00e0 com &#8220;Wallapop&#8221; o &#8220;SegundaMano\/Vibbo&#8221;.<\/li>\n<li>Analitzar b\u00e9 abans de comprar. Per exemple: si optes per la lact\u00e0ncia materna no et cal cap escalfa-biberons i no compris tira-llets fins que us calgui (no el\u00a0compris durant l&#8217;embar\u00e0s).<\/li>\n<li>Aprofita rebaixes i dies especials tipus <em>black friday<\/em> per comprar talles m\u00e9s grans o per a la seg\u00fcent temporada (fent previsi\u00f3 de futur).<\/li>\n<\/ul>\n<p><em>Coneixeu altres trucs? Creieu que falta alguna cosa per afegir al pressupost del nad\u00f3? Deixeu el vostre comentari m\u00e9s avall \ud83d\ude42 Gr\u00e0cies!<\/em><\/p>\n","protected":false},"excerpt":{"rendered":"<div class=\"mh-excerpt\"><p>Alumnes, a les calculadores! \u00c9s car tenir un nen? Quant costa cada mes mantenir un nad\u00f3? &#8230;.I a l&#8217;any? Us donem alguns n\u00fameros sobre el qu\u00e8 costa aproximadament (o almenys en la nostra experi\u00e8ncia) el primer any d&#8217;un nad\u00f3. Esperem que ajudi a futurs pares a organitzar millor el seu pressupost familiar. <a class=\"mh-excerpt-more\" href=\"https:\/\/locaacademiafamiliar.com\/ca\/2016\/quant-costa-el-primer-any-del-nado-consells-per-estalviar\/\" title=\"Quant costa el primer any del nad\u00f3 i consells per estalviar\">[&#8230;]<\/a><\/p>\n<\/div>","protected":false},"author":1,"featured_media":225,"comment_status":"open","ping_status":"open","sticky":true,"template":"","format":"standard","meta":{"_monsterinsights_skip_tracking":false,"_monsterinsights_sitenote_active":false,"_monsterinsights_sitenote_note":"","_monsterinsights_sitenote_category":0,"_jetpack_memberships_contains_paid_content":false,"footnotes":""},"categories":[42],"tags":[52,60],"class_list":{"0":"post-238","1":"post","2":"type-post","3":"status-publish","4":"format-standard","5":"has-post-thumbnail","7":"category-matematiques","8":"tag-estalviar","9":"tag-pressupost"},"yoast_head":"<!-- This site is optimized with the Yoast SEO plugin v26.8 - https:\/\/yoast.com\/product\/yoast-seo-wordpress\/ -->\n<title>Quant costa al mes tenir un nad\u00f3? Trucs per estalviar<\/title>\n<meta name=\"description\" content=\"Quant costa tenir un nad\u00f3 cada mes \/ o cada any? Hem fet els c\u00e0lculs del qu\u00e8 costa un nen el primer any de vida. Llegeix els nostres consells per estalviar.\" \/>\n<meta name=\"robots\" content=\"index, follow, max-snippet:-1, max-image-preview:large, max-video-preview:-1\" \/>\n<link rel=\"canonical\" href=\"https:\/\/locaacademiafamiliar.com\/ca\/2016\/quant-costa-el-primer-any-del-nado-consells-per-estalviar\/\" \/>\n<meta property=\"og:locale\" content=\"ca_ES\" \/>\n<meta property=\"og:type\" content=\"article\" \/>\n<meta property=\"og:title\" content=\"Quant costa al mes tenir un nad\u00f3? Trucs per estalviar\" \/>\n<meta property=\"og:description\" content=\"Quant costa tenir un nad\u00f3 cada mes \/ o cada any? Hem fet els c\u00e0lculs del qu\u00e8 costa un nen el primer any de vida. Llegeix els nostres consells per estalviar.\" \/>\n<meta property=\"og:url\" content=\"https:\/\/locaacademiafamiliar.com\/ca\/2016\/quant-costa-el-primer-any-del-nado-consells-per-estalviar\/\" \/>\n<meta property=\"og:site_name\" content=\"Boja Acad\u00e8mia Familiar\" \/>\n<meta property=\"article:publisher\" content=\"https:\/\/www.facebook.com\/LocaAcademiaFamiliar\" \/>\n<meta property=\"article:author\" content=\"http:\/\/www.facebook.com\/locaacademiafamiliar\" \/>\n<meta property=\"article:published_time\" content=\"2016-11-17T22:18:17+00:00\" \/>\n<meta property=\"article:modified_time\" content=\"2016-11-21T14:46:04+00:00\" \/>\n<meta property=\"og:image\" content=\"https:\/\/locaacademiafamiliar.com\/wp-content\/uploads\/2016\/11\/Montessori_Materials-Thacherschoolmilton-.jpg\" \/>\n\t<meta property=\"og:image:width\" content=\"1500\" \/>\n\t<meta property=\"og:image:height\" content=\"1000\" \/>\n\t<meta property=\"og:image:type\" content=\"image\/jpeg\" \/>\n<meta name=\"author\" content=\"Roser\" \/>\n<meta name=\"twitter:card\" content=\"summary_large_image\" \/>\n<meta name=\"twitter:label1\" content=\"Escrit per\" \/>\n\t<meta name=\"twitter:data1\" content=\"Roser\" \/>\n\t<meta name=\"twitter:label2\" content=\"Temps estimat de lectura\" \/>\n\t<meta name=\"twitter:data2\" content=\"7 minuts\" \/>\n<script type=\"application\/ld+json\" class=\"yoast-schema-graph\">{\"@context\":\"https:\/\/schema.org\",\"@graph\":[{\"@type\":\"Article\",\"@id\":\"https:\/\/locaacademiafamiliar.com\/ca\/2016\/quant-costa-el-primer-any-del-nado-consells-per-estalviar\/#article\",\"isPartOf\":{\"@id\":\"https:\/\/locaacademiafamiliar.com\/ca\/2016\/quant-costa-el-primer-any-del-nado-consells-per-estalviar\/\"},\"author\":{\"name\":\"Roser\",\"@id\":\"https:\/\/locaacademiafamiliar.com\/ca\/#\/schema\/person\/c38ddbb3d4c6f37be7c9c57b205fdd2d\"},\"headline\":\"Quant costa el primer any del nad\u00f3 i consells per estalviar\",\"datePublished\":\"2016-11-17T22:18:17+00:00\",\"dateModified\":\"2016-11-21T14:46:04+00:00\",\"mainEntityOfPage\":{\"@id\":\"https:\/\/locaacademiafamiliar.com\/ca\/2016\/quant-costa-el-primer-any-del-nado-consells-per-estalviar\/\"},\"wordCount\":1467,\"commentCount\":0,\"publisher\":{\"@id\":\"https:\/\/locaacademiafamiliar.com\/ca\/#organization\"},\"image\":{\"@id\":\"https:\/\/locaacademiafamiliar.com\/ca\/2016\/quant-costa-el-primer-any-del-nado-consells-per-estalviar\/#primaryimage\"},\"thumbnailUrl\":\"https:\/\/i0.wp.com\/locaacademiafamiliar.com\/wp-content\/uploads\/2016\/11\/Montessori_Materials-Thacherschoolmilton-.jpg?fit=1500%2C1000&ssl=1\",\"keywords\":[\"Estalviar\",\"Pressupost\"],\"articleSection\":[\"Matem\u00e0tiques\"],\"inLanguage\":\"ca\",\"potentialAction\":[{\"@type\":\"CommentAction\",\"name\":\"Comment\",\"target\":[\"https:\/\/locaacademiafamiliar.com\/ca\/2016\/quant-costa-el-primer-any-del-nado-consells-per-estalviar\/#respond\"]}]},{\"@type\":\"WebPage\",\"@id\":\"https:\/\/locaacademiafamiliar.com\/ca\/2016\/quant-costa-el-primer-any-del-nado-consells-per-estalviar\/\",\"url\":\"https:\/\/locaacademiafamiliar.com\/ca\/2016\/quant-costa-el-primer-any-del-nado-consells-per-estalviar\/\",\"name\":\"Quant costa al mes tenir un nad\u00f3? Trucs per estalviar\",\"isPartOf\":{\"@id\":\"https:\/\/locaacademiafamiliar.com\/ca\/#website\"},\"primaryImageOfPage\":{\"@id\":\"https:\/\/locaacademiafamiliar.com\/ca\/2016\/quant-costa-el-primer-any-del-nado-consells-per-estalviar\/#primaryimage\"},\"image\":{\"@id\":\"https:\/\/locaacademiafamiliar.com\/ca\/2016\/quant-costa-el-primer-any-del-nado-consells-per-estalviar\/#primaryimage\"},\"thumbnailUrl\":\"https:\/\/i0.wp.com\/locaacademiafamiliar.com\/wp-content\/uploads\/2016\/11\/Montessori_Materials-Thacherschoolmilton-.jpg?fit=1500%2C1000&ssl=1\",\"datePublished\":\"2016-11-17T22:18:17+00:00\",\"dateModified\":\"2016-11-21T14:46:04+00:00\",\"description\":\"Quant costa tenir un nad\u00f3 cada mes \/ o cada any? Hem fet els c\u00e0lculs del qu\u00e8 costa un nen el primer any de vida. Llegeix els nostres consells per estalviar.\",\"breadcrumb\":{\"@id\":\"https:\/\/locaacademiafamiliar.com\/ca\/2016\/quant-costa-el-primer-any-del-nado-consells-per-estalviar\/#breadcrumb\"},\"inLanguage\":\"ca\",\"potentialAction\":[{\"@type\":\"ReadAction\",\"target\":[\"https:\/\/locaacademiafamiliar.com\/ca\/2016\/quant-costa-el-primer-any-del-nado-consells-per-estalviar\/\"]}]},{\"@type\":\"ImageObject\",\"inLanguage\":\"ca\",\"@id\":\"https:\/\/locaacademiafamiliar.com\/ca\/2016\/quant-costa-el-primer-any-del-nado-consells-per-estalviar\/#primaryimage\",\"url\":\"https:\/\/i0.wp.com\/locaacademiafamiliar.com\/wp-content\/uploads\/2016\/11\/Montessori_Materials-Thacherschoolmilton-.jpg?fit=1500%2C1000&ssl=1\",\"contentUrl\":\"https:\/\/i0.wp.com\/locaacademiafamiliar.com\/wp-content\/uploads\/2016\/11\/Montessori_Materials-Thacherschoolmilton-.jpg?fit=1500%2C1000&ssl=1\",\"width\":1500,\"height\":1000},{\"@type\":\"BreadcrumbList\",\"@id\":\"https:\/\/locaacademiafamiliar.com\/ca\/2016\/quant-costa-el-primer-any-del-nado-consells-per-estalviar\/#breadcrumb\",\"itemListElement\":[{\"@type\":\"ListItem\",\"position\":1,\"name\":\"Portada\",\"item\":\"https:\/\/locaacademiafamiliar.com\/ca\/\"},{\"@type\":\"ListItem\",\"position\":2,\"name\":\"Quant costa el primer any del nad\u00f3 i consells per estalviar\"}]},{\"@type\":\"WebSite\",\"@id\":\"https:\/\/locaacademiafamiliar.com\/ca\/#website\",\"url\":\"https:\/\/locaacademiafamiliar.com\/ca\/\",\"name\":\"Boja Acad\u00e8mia Familiar\",\"description\":\"El blog de crianza con el que pap\u00e1s y mam\u00e1s salen mejor preparados para su rutina familiar diaria\",\"publisher\":{\"@id\":\"https:\/\/locaacademiafamiliar.com\/ca\/#organization\"},\"potentialAction\":[{\"@type\":\"SearchAction\",\"target\":{\"@type\":\"EntryPoint\",\"urlTemplate\":\"https:\/\/locaacademiafamiliar.com\/ca\/?s={search_term_string}\"},\"query-input\":{\"@type\":\"PropertyValueSpecification\",\"valueRequired\":true,\"valueName\":\"search_term_string\"}}],\"inLanguage\":\"ca\"},{\"@type\":\"Organization\",\"@id\":\"https:\/\/locaacademiafamiliar.com\/ca\/#organization\",\"name\":\"LocaAcademiaFamiliar.com\",\"url\":\"https:\/\/locaacademiafamiliar.com\/ca\/\",\"logo\":{\"@type\":\"ImageObject\",\"inLanguage\":\"ca\",\"@id\":\"https:\/\/locaacademiafamiliar.com\/ca\/#\/schema\/logo\/image\/\",\"url\":\"https:\/\/locaacademiafamiliar.com\/wp-content\/uploads\/2020\/01\/logo-loca-academia-familiar.jpg\",\"contentUrl\":\"https:\/\/locaacademiafamiliar.com\/wp-content\/uploads\/2020\/01\/logo-loca-academia-familiar.jpg\",\"width\":960,\"height\":960,\"caption\":\"LocaAcademiaFamiliar.com\"},\"image\":{\"@id\":\"https:\/\/locaacademiafamiliar.com\/ca\/#\/schema\/logo\/image\/\"},\"sameAs\":[\"https:\/\/www.facebook.com\/LocaAcademiaFamiliar\"]},{\"@type\":\"Person\",\"@id\":\"https:\/\/locaacademiafamiliar.com\/ca\/#\/schema\/person\/c38ddbb3d4c6f37be7c9c57b205fdd2d\",\"name\":\"Roser\",\"image\":{\"@type\":\"ImageObject\",\"inLanguage\":\"ca\",\"@id\":\"https:\/\/locaacademiafamiliar.com\/ca\/#\/schema\/person\/image\/\",\"url\":\"https:\/\/secure.gravatar.com\/avatar\/505f69c7969f855daaa0f97fb5b0b6b2?s=96&d=mm&r=g\",\"contentUrl\":\"https:\/\/secure.gravatar.com\/avatar\/505f69c7969f855daaa0f97fb5b0b6b2?s=96&d=mm&r=g\",\"caption\":\"Roser\"},\"description\":\"\u00a1Hola soy Roser! Mam\u00e1 de una ni\u00f1a preciosa y muy movida, nacida en agosto 2015; y de un ni\u00f1o guap\u00edsimo y valiente nacido en octubre 2017. Antes estaba \\\"sempre viaggiando\\\" y ahora estoy siempre jugando, cantando y saltando. Llevo 10 a\u00f1os como blogger de viajes y vivo en Olot, Girona. Si quieres estar informado de los eventos y actividades para familias con ni\u00f1os en Catalunya, haz click aqu\u00ed para apuntarte a nuestra newsletter.\",\"sameAs\":[\"http:\/\/www.locaacademiafamiliar.com\",\"http:\/\/www.facebook.com\/locaacademiafamiliar\"],\"url\":\"https:\/\/locaacademiafamiliar.com\/ca\/author\/roser\/\"}]}<\/script>\n<!-- \/ Yoast SEO plugin. -->","yoast_head_json":{"title":"Quant costa al mes tenir un nad\u00f3? Trucs per estalviar","description":"Quant costa tenir un nad\u00f3 cada mes \/ o cada any? Hem fet els c\u00e0lculs del qu\u00e8 costa un nen el primer any de vida. Llegeix els nostres consells per estalviar.","robots":{"index":"index","follow":"follow","max-snippet":"max-snippet:-1","max-image-preview":"max-image-preview:large","max-video-preview":"max-video-preview:-1"},"canonical":"https:\/\/locaacademiafamiliar.com\/ca\/2016\/quant-costa-el-primer-any-del-nado-consells-per-estalviar\/","og_locale":"ca_ES","og_type":"article","og_title":"Quant costa al mes tenir un nad\u00f3? Trucs per estalviar","og_description":"Quant costa tenir un nad\u00f3 cada mes \/ o cada any? Hem fet els c\u00e0lculs del qu\u00e8 costa un nen el primer any de vida. Llegeix els nostres consells per estalviar.","og_url":"https:\/\/locaacademiafamiliar.com\/ca\/2016\/quant-costa-el-primer-any-del-nado-consells-per-estalviar\/","og_site_name":"Boja Acad\u00e8mia Familiar","article_publisher":"https:\/\/www.facebook.com\/LocaAcademiaFamiliar","article_author":"http:\/\/www.facebook.com\/locaacademiafamiliar","article_published_time":"2016-11-17T22:18:17+00:00","article_modified_time":"2016-11-21T14:46:04+00:00","og_image":[{"width":1500,"height":1000,"url":"https:\/\/locaacademiafamiliar.com\/wp-content\/uploads\/2016\/11\/Montessori_Materials-Thacherschoolmilton-.jpg","type":"image\/jpeg"}],"author":"Roser","twitter_card":"summary_large_image","twitter_misc":{"Escrit per":"Roser","Temps estimat de lectura":"7 minuts"},"schema":{"@context":"https:\/\/schema.org","@graph":[{"@type":"Article","@id":"https:\/\/locaacademiafamiliar.com\/ca\/2016\/quant-costa-el-primer-any-del-nado-consells-per-estalviar\/#article","isPartOf":{"@id":"https:\/\/locaacademiafamiliar.com\/ca\/2016\/quant-costa-el-primer-any-del-nado-consells-per-estalviar\/"},"author":{"name":"Roser","@id":"https:\/\/locaacademiafamiliar.com\/ca\/#\/schema\/person\/c38ddbb3d4c6f37be7c9c57b205fdd2d"},"headline":"Quant costa el primer any del nad\u00f3 i consells per estalviar","datePublished":"2016-11-17T22:18:17+00:00","dateModified":"2016-11-21T14:46:04+00:00","mainEntityOfPage":{"@id":"https:\/\/locaacademiafamiliar.com\/ca\/2016\/quant-costa-el-primer-any-del-nado-consells-per-estalviar\/"},"wordCount":1467,"commentCount":0,"publisher":{"@id":"https:\/\/locaacademiafamiliar.com\/ca\/#organization"},"image":{"@id":"https:\/\/locaacademiafamiliar.com\/ca\/2016\/quant-costa-el-primer-any-del-nado-consells-per-estalviar\/#primaryimage"},"thumbnailUrl":"https:\/\/i0.wp.com\/locaacademiafamiliar.com\/wp-content\/uploads\/2016\/11\/Montessori_Materials-Thacherschoolmilton-.jpg?fit=1500%2C1000&ssl=1","keywords":["Estalviar","Pressupost"],"articleSection":["Matem\u00e0tiques"],"inLanguage":"ca","potentialAction":[{"@type":"CommentAction","name":"Comment","target":["https:\/\/locaacademiafamiliar.com\/ca\/2016\/quant-costa-el-primer-any-del-nado-consells-per-estalviar\/#respond"]}]},{"@type":"WebPage","@id":"https:\/\/locaacademiafamiliar.com\/ca\/2016\/quant-costa-el-primer-any-del-nado-consells-per-estalviar\/","url":"https:\/\/locaacademiafamiliar.com\/ca\/2016\/quant-costa-el-primer-any-del-nado-consells-per-estalviar\/","name":"Quant costa al mes tenir un nad\u00f3? Trucs per estalviar","isPartOf":{"@id":"https:\/\/locaacademiafamiliar.com\/ca\/#website"},"primaryImageOfPage":{"@id":"https:\/\/locaacademiafamiliar.com\/ca\/2016\/quant-costa-el-primer-any-del-nado-consells-per-estalviar\/#primaryimage"},"image":{"@id":"https:\/\/locaacademiafamiliar.com\/ca\/2016\/quant-costa-el-primer-any-del-nado-consells-per-estalviar\/#primaryimage"},"thumbnailUrl":"https:\/\/i0.wp.com\/locaacademiafamiliar.com\/wp-content\/uploads\/2016\/11\/Montessori_Materials-Thacherschoolmilton-.jpg?fit=1500%2C1000&ssl=1","datePublished":"2016-11-17T22:18:17+00:00","dateModified":"2016-11-21T14:46:04+00:00","description":"Quant costa tenir un nad\u00f3 cada mes \/ o cada any? Hem fet els c\u00e0lculs del qu\u00e8 costa un nen el primer any de vida. Llegeix els nostres consells per estalviar.","breadcrumb":{"@id":"https:\/\/locaacademiafamiliar.com\/ca\/2016\/quant-costa-el-primer-any-del-nado-consells-per-estalviar\/#breadcrumb"},"inLanguage":"ca","potentialAction":[{"@type":"ReadAction","target":["https:\/\/locaacademiafamiliar.com\/ca\/2016\/quant-costa-el-primer-any-del-nado-consells-per-estalviar\/"]}]},{"@type":"ImageObject","inLanguage":"ca","@id":"https:\/\/locaacademiafamiliar.com\/ca\/2016\/quant-costa-el-primer-any-del-nado-consells-per-estalviar\/#primaryimage","url":"https:\/\/i0.wp.com\/locaacademiafamiliar.com\/wp-content\/uploads\/2016\/11\/Montessori_Materials-Thacherschoolmilton-.jpg?fit=1500%2C1000&ssl=1","contentUrl":"https:\/\/i0.wp.com\/locaacademiafamiliar.com\/wp-content\/uploads\/2016\/11\/Montessori_Materials-Thacherschoolmilton-.jpg?fit=1500%2C1000&ssl=1","width":1500,"height":1000},{"@type":"BreadcrumbList","@id":"https:\/\/locaacademiafamiliar.com\/ca\/2016\/quant-costa-el-primer-any-del-nado-consells-per-estalviar\/#breadcrumb","itemListElement":[{"@type":"ListItem","position":1,"name":"Portada","item":"https:\/\/locaacademiafamiliar.com\/ca\/"},{"@type":"ListItem","position":2,"name":"Quant costa el primer any del nad\u00f3 i consells per estalviar"}]},{"@type":"WebSite","@id":"https:\/\/locaacademiafamiliar.com\/ca\/#website","url":"https:\/\/locaacademiafamiliar.com\/ca\/","name":"Boja Acad\u00e8mia Familiar","description":"El blog de crianza con el que pap\u00e1s y mam\u00e1s salen mejor preparados para su rutina familiar diaria","publisher":{"@id":"https:\/\/locaacademiafamiliar.com\/ca\/#organization"},"potentialAction":[{"@type":"SearchAction","target":{"@type":"EntryPoint","urlTemplate":"https:\/\/locaacademiafamiliar.com\/ca\/?s={search_term_string}"},"query-input":{"@type":"PropertyValueSpecification","valueRequired":true,"valueName":"search_term_string"}}],"inLanguage":"ca"},{"@type":"Organization","@id":"https:\/\/locaacademiafamiliar.com\/ca\/#organization","name":"LocaAcademiaFamiliar.com","url":"https:\/\/locaacademiafamiliar.com\/ca\/","logo":{"@type":"ImageObject","inLanguage":"ca","@id":"https:\/\/locaacademiafamiliar.com\/ca\/#\/schema\/logo\/image\/","url":"https:\/\/locaacademiafamiliar.com\/wp-content\/uploads\/2020\/01\/logo-loca-academia-familiar.jpg","contentUrl":"https:\/\/locaacademiafamiliar.com\/wp-content\/uploads\/2020\/01\/logo-loca-academia-familiar.jpg","width":960,"height":960,"caption":"LocaAcademiaFamiliar.com"},"image":{"@id":"https:\/\/locaacademiafamiliar.com\/ca\/#\/schema\/logo\/image\/"},"sameAs":["https:\/\/www.facebook.com\/LocaAcademiaFamiliar"]},{"@type":"Person","@id":"https:\/\/locaacademiafamiliar.com\/ca\/#\/schema\/person\/c38ddbb3d4c6f37be7c9c57b205fdd2d","name":"Roser","image":{"@type":"ImageObject","inLanguage":"ca","@id":"https:\/\/locaacademiafamiliar.com\/ca\/#\/schema\/person\/image\/","url":"https:\/\/secure.gravatar.com\/avatar\/505f69c7969f855daaa0f97fb5b0b6b2?s=96&d=mm&r=g","contentUrl":"https:\/\/secure.gravatar.com\/avatar\/505f69c7969f855daaa0f97fb5b0b6b2?s=96&d=mm&r=g","caption":"Roser"},"description":"\u00a1Hola soy Roser! Mam\u00e1 de una ni\u00f1a preciosa y muy movida, nacida en agosto 2015; y de un ni\u00f1o guap\u00edsimo y valiente nacido en octubre 2017. Antes estaba \"sempre viaggiando\" y ahora estoy siempre jugando, cantando y saltando. Llevo 10 a\u00f1os como blogger de viajes y vivo en Olot, Girona. Si quieres estar informado de los eventos y actividades para familias con ni\u00f1os en Catalunya, haz click aqu\u00ed para apuntarte a nuestra newsletter.","sameAs":["http:\/\/www.locaacademiafamiliar.com","http:\/\/www.facebook.com\/locaacademiafamiliar"],"url":"https:\/\/locaacademiafamiliar.com\/ca\/author\/roser\/"}]}},"jetpack_featured_media_url":"https:\/\/i0.wp.com\/locaacademiafamiliar.com\/wp-content\/uploads\/2016\/11\/Montessori_Materials-Thacherschoolmilton-.jpg?fit=1500%2C1000&ssl=1","jetpack_sharing_enabled":true,"amp_enabled":true,"_links":{"self":[{"href":"https:\/\/locaacademiafamiliar.com\/ca\/wp-json\/wp\/v2\/posts\/238","targetHints":{"allow":["GET"]}}],"collection":[{"href":"https:\/\/locaacademiafamiliar.com\/ca\/wp-json\/wp\/v2\/posts"}],"about":[{"href":"https:\/\/locaacademiafamiliar.com\/ca\/wp-json\/wp\/v2\/types\/post"}],"author":[{"embeddable":true,"href":"https:\/\/locaacademiafamiliar.com\/ca\/wp-json\/wp\/v2\/users\/1"}],"replies":[{"embeddable":true,"href":"https:\/\/locaacademiafamiliar.com\/ca\/wp-json\/wp\/v2\/comments?post=238"}],"version-history":[{"count":0,"href":"https:\/\/locaacademiafamiliar.com\/ca\/wp-json\/wp\/v2\/posts\/238\/revisions"}],"wp:featuredmedia":[{"embeddable":true,"href":"https:\/\/locaacademiafamiliar.com\/ca\/wp-json\/wp\/v2\/media\/225"}],"wp:attachment":[{"href":"https:\/\/locaacademiafamiliar.com\/ca\/wp-json\/wp\/v2\/media?parent=238"}],"wp:term":[{"taxonomy":"category","embeddable":true,"href":"https:\/\/locaacademiafamiliar.com\/ca\/wp-json\/wp\/v2\/categories?post=238"},{"taxonomy":"post_tag","embeddable":true,"href":"https:\/\/locaacademiafamiliar.com\/ca\/wp-json\/wp\/v2\/tags?post=238"}],"curies":[{"name":"wp","href":"https:\/\/api.w.org\/{rel}","templated":true}]}}