{"id":2629,"date":"2018-02-06T14:36:31","date_gmt":"2018-02-06T14:36:31","guid":{"rendered":"http:\/\/locaacademiafamiliar.com\/?p=2629"},"modified":"2018-02-21T12:10:02","modified_gmt":"2018-02-21T12:10:02","slug":"fisioterapia-respiratoria-que-es-i-com-funciona","status":"publish","type":"post","link":"https:\/\/locaacademiafamiliar.com\/ca\/2018\/fisioterapia-respiratoria-que-es-i-com-funciona\/","title":{"rendered":"Qu\u00e8 \u00e9s la Fisioter\u00e0pia Respirat\u00f2ria. La nostra experi\u00e8ncia."},"content":{"rendered":"<p><strong>La meva filla gran tendeix a passar refredats, bronquitis cada i otitis cada hivern.<\/strong> I el petit va pel mateix cam\u00ed.\u00a0 De fet, <strong>ell ja va estar ingressat cinc dies a l&#8217;hospital per bronquiolitis al mes i mig de n\u00e9ixer<\/strong> (per\u00f2 aquesta ja \u00e9s una altra hist\u00f2ria que us explicar\u00e9 un altre dia). Suposo que es va contagiar de la nena, que va estar com quinze dies amb molta tos i mocs.<\/p>\n<p><strong>Ja ens va avisar el pediatre: &#8220;un simple refredat de nas\/gola que es cura amb paracetamol, pot f\u00e0cilment convertir-se en una bronquiolitis si es contagia un nad\u00f3 acabat de n\u00e9ixer&#8221;.<\/strong> I aix\u00f2 ens va passar. La nena va estar 15 dies refredada amb tos i una mica de bronquitis, jo vaig agafar angines, l&#8217;Arnau i el petit es va endur la pitjor part amb la bronquiolitis.<\/p>\n<p>I \u00e9s que la meva filla -igual que em passava a mi de petita- <strong>no sap treure mocs i tendeix a repartir-los per les vies respirat\u00f2ries fins que acaben convertint-se en otitis, bronquitis, sinusitis o qualsevol altra infecci\u00f3 respirat\u00f2ria.<\/strong> I llavors ja hi tornem a ser amb el ventol\u00edn, l&#8217;antibi\u00f2tic, el xarop&#8230; I despr\u00e9s afegeix-li el pro-bi\u00f2tic perqu\u00e8 no li deixi l&#8217;est\u00f3mac regirat.<\/p>\n<p>Les malalties respirat\u00f2ries ja s\u00f3n un problema de salut p\u00fablica, afectant a una enorme quantitat de nens &#8211; sobretot els nadons i menors d&#8217;un any. Mentre el meu fill va estar ingressat, <strong>va sortir una not\u00edcia que <a href=\"http:\/\/www.elperiodico.com\/es\/sanidad\/20171223\/el-virus-de-los-bebes-causa-una-epidemia-grave-en-catalunya-6514069\">500 beb\u00e8s tamb\u00e9 havien passat per l&#8217;ingr\u00e9s hospitalari<\/a> per curar el temut virus de la bronquiolitis<\/strong>, que tan cao els deixa.<\/p>\n<p>Amb aquest quadre de mocs, dues bones amigues de la fam\u00edlia (cadascuna per la seva banda; gr\u00e0cies Lala i Gl\u00f2ria) <strong>em van recomanar que prov\u00e9s la fisioter\u00e0pia respirat\u00f2ria, sobretot per la nena gran.<\/strong> Aix\u00ed, treuria el moc de forma natural i no caldria tant de medicament ni cauria tant sovint malalta. <strong>I si ella no estava refredada ni malalta, el petit no es contagiaria. Win-Win \ud83d\ude42<\/strong><\/p>\n<p>Aix\u00ed que amb l&#8217;objectiu d&#8217;intentar que la gran estigui el m\u00e9s sana possible i que no porti gaires virus a casa, <strong>cada vegada que comen\u00e7a un nou refredat i que s&#8217;omple de mocs (al nas, gola o pit), la portem a la fisio respirat\u00f2ria.<\/strong> Quatre vegades hi hem anat ja des de desembre i per ara li va molt b\u00e9 \ud83d\ude42<\/p>\n<h3>Qu\u00e8 \u00e9s la fisioter\u00e0pia respirat\u00f2ria?<\/h3>\n<p>Aqu\u00ed se&#8217;n parla poc, per\u00f2 a Fran\u00e7a ja fa anys que practiquen la fisio respirat\u00f2ria, que <strong>permet tractar qualsevol patologia respirat\u00f2ria, des d&#8217;un refredat a una infecci\u00f3, mitjan\u00e7ant l&#8217;aplicaci\u00f3 de t\u00e8cniques manuals i\/o exercicis respiratoris.<\/strong><\/p>\n<p>Poden fer fisio respirat\u00f2ria persones de totes les edats, tamb\u00e9 els nadons.<\/p>\n<h3>Com \u00e9s una sessi\u00f3 de fisioter\u00e0pia respirat\u00f2ria?<\/h3>\n<p>Primer, un fisioterapeuta avalua l&#8217;estat respiratori del nen\/a:<strong> l&#8217;ausculten, miren orelles i coll, etc.<\/strong> I en funci\u00f3 del quadre, decideix aplicar una t\u00e8cnica o una altra.<\/p>\n<p>Les sessions duren 30 minuts: 5 minuts d&#8217;avaluaci\u00f3, i 25 d&#8217;aplicaci\u00f3 de t\u00e8cnica. <strong>I al final, solen acabar amb un <a href=\"http:\/\/locaacademiafamiliar.com\/ca\/2018\/com-fer-un-bon-rentat-de-nas-a-un-bebe-o-un-nen-petit\/\">bon rentat de nas<\/a><\/strong> &#8211; i t&#8217;expliquen com fer-lo a casa, si no en saps (i aix\u00f2 tamb\u00e9 ho explicar\u00e9 un dia, que nosaltres des d&#8217;aleshores som molt fans dels rentats de nas).<\/p>\n<p>Es treballa molt amb <strong>aigua de mar, que segons sembla t\u00e9 qualitats molt beneficioses, \u00e9s antiinflamat\u00f2ria i ajuda a eliminar la mucositat acumulada<\/strong>. Sabeu quan aneu al mar a l&#8217;estiu i de cop i volta us comencen a sortir mocs del nas? Doncs aix\u00f2 \ud83d\ude42<\/p>\n<p>El preu dep\u00e8n de cada centre per\u00f2 la sessi\u00f3 de 30 minuts ronda els 35 \u20ac.<\/p>\n<p><img data-recalc-dims=\"1\" decoding=\"async\" class=\"aligncenter size-large wp-image-2636\" src=\"https:\/\/i0.wp.com\/locaacademiafamiliar.com\/wp-content\/uploads\/2018\/02\/fisioterapia-respiratoria-vapor-agua.jpg?resize=1024%2C576\" alt=\"\" width=\"1024\" height=\"576\" srcset=\"https:\/\/i0.wp.com\/locaacademiafamiliar.com\/wp-content\/uploads\/2018\/02\/fisioterapia-respiratoria-vapor-agua.jpg?resize=1024%2C576&amp;ssl=1 1024w, https:\/\/i0.wp.com\/locaacademiafamiliar.com\/wp-content\/uploads\/2018\/02\/fisioterapia-respiratoria-vapor-agua.jpg?resize=300%2C169&amp;ssl=1 300w, https:\/\/i0.wp.com\/locaacademiafamiliar.com\/wp-content\/uploads\/2018\/02\/fisioterapia-respiratoria-vapor-agua.jpg?resize=768%2C432&amp;ssl=1 768w, https:\/\/i0.wp.com\/locaacademiafamiliar.com\/wp-content\/uploads\/2018\/02\/fisioterapia-respiratoria-vapor-agua.jpg?resize=678%2C381&amp;ssl=1 678w, https:\/\/i0.wp.com\/locaacademiafamiliar.com\/wp-content\/uploads\/2018\/02\/fisioterapia-respiratoria-vapor-agua.jpg?w=1336&amp;ssl=1 1336w\" sizes=\"(max-width: 1000px) 100vw, 1000px\" \/><\/p>\n<h3>En qu\u00e8 consisteixen les t\u00e8cniques?<\/h3>\n<p>Per ara, a la nostra filla li han fet 2 t\u00e8cniques: <strong>CALOR HUMIDA i NEBULITZACI\u00d3<\/strong>.<\/p>\n<p>Per la calor humida, la nena es col\u00b7loca davant d&#8217;una esp\u00e8cie d&#8217;aixeta on surt<strong> vapor d&#8217;aigua de mar isot\u00f2nica durant uns 15 minuts<\/strong>. Surt molt de vapor, i nom\u00e9s ha d&#8217;estar-hi al davant, respirant normal.<\/p>\n<p><strong>No fa mal, no fa olor, no molesta<\/strong>. Tot i que evidentment amb una nena de dos anys i mig, hem d&#8217;anar explicant contes i jugant amb joguines perqu\u00e8 els 15 minuts li passin molt r\u00e0pid i no decideixi apartar de l&#8217;aixeta. (all\u00e0 a la fisio tenen sempre contes impermeables i joguines).<\/p>\n<p><strong>El vapor d&#8217;aigua de mar hidrata i prepara la mucosa per al tractament posterior. A m\u00e9s, descongestiona i ajuda a drenar la mucositat<\/strong> &#8211; \u00e9s com fer una dutxa llargu\u00edssima i que el lavabo s&#8217;impregni de vapor.<\/p>\n<p>Despr\u00e9s d&#8217;aquesta sessi\u00f3 de calor humida, el fisioterapeuta pot tamb\u00e9 decidir fer uns <strong>5-10 minuts de nebulitzaci\u00f3, que consisteix en aigua de mar amb part\u00edcules microsc\u00f2piques i s&#8217;aplica amb mascareta.<\/strong> Per exemple, la mascareta pot contenir part\u00edcules antiinflamat\u00f2ries per calmar la gola i ajudar a la tos.<\/p>\n<p>Hi ha una tercera t\u00e8cnica que \u00e9s m\u00e9s manual, que consisteix a <strong>fer un massatge a la part tor\u00e0cica per moure els mocs del pit i portar-los fins la gola per finalment expulsar-per la boca <\/strong>\u00a0(per als nens amb bronquitis que no saben expulsar moc ). Per ara, aquesta no l&#8217;han fet (tampoc ha tingut bronquitis, les vegades que hem anat eren per otitis i refredats de vies altes &#8211; nas \/ gola).<\/p>\n<figure id=\"attachment_2650\" aria-describedby=\"caption-attachment-2650\" style=\"width: 1024px\" class=\"wp-caption aligncenter\"><img data-recalc-dims=\"1\" decoding=\"async\" class=\"size-large wp-image-2650\" src=\"https:\/\/i0.wp.com\/locaacademiafamiliar.com\/wp-content\/uploads\/2018\/02\/fisioterapia-respiratoria-vapor-agua-2.jpg?resize=1024%2C768\" alt=\"\" width=\"1024\" height=\"768\" srcset=\"https:\/\/i0.wp.com\/locaacademiafamiliar.com\/wp-content\/uploads\/2018\/02\/fisioterapia-respiratoria-vapor-agua-2.jpg?resize=1024%2C768&amp;ssl=1 1024w, https:\/\/i0.wp.com\/locaacademiafamiliar.com\/wp-content\/uploads\/2018\/02\/fisioterapia-respiratoria-vapor-agua-2.jpg?resize=300%2C225&amp;ssl=1 300w, https:\/\/i0.wp.com\/locaacademiafamiliar.com\/wp-content\/uploads\/2018\/02\/fisioterapia-respiratoria-vapor-agua-2.jpg?resize=768%2C576&amp;ssl=1 768w, https:\/\/i0.wp.com\/locaacademiafamiliar.com\/wp-content\/uploads\/2018\/02\/fisioterapia-respiratoria-vapor-agua-2.jpg?resize=678%2C509&amp;ssl=1 678w, https:\/\/i0.wp.com\/locaacademiafamiliar.com\/wp-content\/uploads\/2018\/02\/fisioterapia-respiratoria-vapor-agua-2.jpg?resize=326%2C245&amp;ssl=1 326w, https:\/\/i0.wp.com\/locaacademiafamiliar.com\/wp-content\/uploads\/2018\/02\/fisioterapia-respiratoria-vapor-agua-2.jpg?resize=80%2C60&amp;ssl=1 80w, https:\/\/i0.wp.com\/locaacademiafamiliar.com\/wp-content\/uploads\/2018\/02\/fisioterapia-respiratoria-vapor-agua-2.jpg?w=1200&amp;ssl=1 1200w\" sizes=\"(max-width: 1000px) 100vw, 1000px\" \/><figcaption id=\"caption-attachment-2650\" class=\"wp-caption-text\">fisioterapia respiratoria. Clinica Respiratoria (Banyoles)<\/figcaption><\/figure>\n<h3>I funciona? Realment marxen els mocs?<\/h3>\n<p>Suposo que us estareu imaginant (com vaig fer jo&#8230;.) que els mocs surten a dojo durant la sessi\u00f3. No exactament. En realitat, es veuen pocs mocs. <strong>\u00c9s m\u00e9s aviat cap a les seg\u00fcents 24-48h que notes que la mucositat de la nena s&#8217;ha mogut, ha drenat i li \u00e9s molt m\u00e9s f\u00e0cil eliminar el moc<\/strong> (tossint\/empassant-se&#8217;ls o caient pel nas sense fer res). I de sobte, com per art de m\u00e0gia, els mocs han desaparegut &#8212; fins al proper virus\/refredat que agafi a la <a href=\"http:\/\/locaacademiafamiliar.com\/ca\/2017\/gracies-escola-bressol-les-baldufes-llar-infants-olot\/\"><strong>llar d&#8217;infants<\/strong><\/a>.<\/p>\n<p>A la nostra filla sembla que li est\u00e0 anant b\u00e9.<strong> Des que hi anem, no ha tingut cap infecci\u00f3 respirat\u00f2ria (toquem fusta!), nom\u00e9s refredats que hem pogut frenar a temps amb la fisio per evitar que anessin a m\u00e9s<\/strong>. (l&#8217;any passat encaden\u00e0vem antibi\u00f2tic amb antibi\u00f2tic, quasi quasi). Si el teu fill\/a tamb\u00e9 \u00e9s propens a les bronquitis, otitis i &#8220;etceteritis&#8221;, \u00e9s probable que li vagi b\u00e9 \ud83d\ude09<\/p>\n<h3>Cada quan s&#8217;hi ha d&#8217;anar a les sessions?<\/h3>\n<p>No hi ha n\u00famero de sessions recomanat. <strong>S&#8217;hi va quan \u00e9s necessari.<\/strong> Amb la qual cosa, cada nen pot necessitar anar-hi m\u00e9s sovint o menys. En el nostre cas, <strong>hem vist que m\u00e9s o menys passen 2-3 setmanes&#8230; que seria el temps que passa entre un virus i un altre<\/strong>. Si el teu fill no es posa malalt gaire sovint, pot ser que hi vagis moltes menys vegades.<\/p>\n<p>Com a an\u00e8cdota curiosa us dir\u00e9 que just abans de l&#8217;aturada del Nadal vam fer una sessi\u00f3 per eliminar un refredat (ten\u00edem p\u00e0nic que el petit torn\u00e9s a recaure, tot just sortia de l&#8217;hospital!). <strong>I vam aconseguir passar les vacances de Nadal sense un sol moc (cap dels dos nens);<\/strong> en tornar al gener a l&#8217;escola, al cap de dues setmanes ja estava una altra vegada amb mocs i refredada.<\/p>\n<h3>Centres especialitzats en fisioter\u00e0pia respirat\u00f2ria<\/h3>\n<p><strong>La fisioter\u00e0pia respirat\u00f2ria<\/strong> s&#8217;est\u00e0 posant cada vegada m\u00e9s de moda i hi ha centres especialitzats a tot arreu. En coneixem 4 (per experi\u00e8ncia pr\u00f2pia i per recomanaci\u00f3 d&#8217;amics). S\u00f3n aquests:<\/p>\n<ul>\n<li><strong><a href=\"http:\/\/www.clinicarespiratoria.net\/\">CL\u00cdNICA RESPIRAT\u00d2RIA. Banyoles<\/a>.<\/strong><\/li>\n<li><a href=\"http:\/\/respirabenestarisalut.com\/ca\/\"><strong>RESPIRA GIRONA. Girona.<\/strong><\/a><\/li>\n<li><a href=\"http:\/\/oscarsuros.com\"><strong>OSCAR SUR\u00d3S. Barcelona.<\/strong><\/a><\/li>\n<li><a href=\"http:\/\/www.respiramejor.es\/\"><strong>RESPIRA MEJOR. Sant Cugat, Barcelona.<\/strong><\/a><\/li>\n<\/ul>\n<p>Si coneixeu m\u00e9s centres o voleu compartir la vostra experi\u00e8ncia amb la fisioter\u00e0pia respirat\u00f2ria, podeu deixar un comentari. GR\u00c0CIES!<\/p>\n","protected":false},"excerpt":{"rendered":"<div class=\"mh-excerpt\"><p>Amb l&#8217;objectiu d&#8217;intentar que la meva filla gran estigui el m\u00e9s sana possible i que no porti gaires virus a casa, cada vegada que comen\u00e7a un nou refredat i que s&#8217;omple de mocs (al nas, gola o pit), la portem a la fisio respirat\u00f2ria. Quatre vegades hi hem anat ja des de desembre i per ara li va molt b\u00e9. Aquesta \u00e9s la nostra experi\u00e8ncia. <a class=\"mh-excerpt-more\" href=\"https:\/\/locaacademiafamiliar.com\/ca\/2018\/fisioterapia-respiratoria-que-es-i-com-funciona\/\" title=\"Qu\u00e8 \u00e9s la Fisioter\u00e0pia Respirat\u00f2ria. La nostra experi\u00e8ncia.\">[&#8230;]<\/a><\/p>\n<\/div>","protected":false},"author":1,"featured_media":2651,"comment_status":"open","ping_status":"open","sticky":false,"template":"","format":"standard","meta":{"_monsterinsights_skip_tracking":false,"_monsterinsights_sitenote_active":false,"_monsterinsights_sitenote_note":"","_monsterinsights_sitenote_category":0,"_jetpack_memberships_contains_paid_content":false,"footnotes":""},"categories":[109],"tags":[110],"class_list":{"0":"post-2629","1":"post","2":"type-post","3":"status-publish","4":"format-standard","5":"has-post-thumbnail","7":"category-ciencies","8":"tag-salut"},"yoast_head":"<!-- This site is optimized with the Yoast SEO plugin v26.8 - https:\/\/yoast.com\/product\/yoast-seo-wordpress\/ -->\n<title>Qu\u00e8 \u00e9s la fisioter\u00e0pia respirat\u00f2ria i com funciona. La nostra experi\u00e8ncia.<\/title>\n<meta name=\"description\" content=\"Qu\u00e8 \u00e9s la fisioter\u00e0pia respirat\u00f2ria? Expliquem la nostra experi\u00e8ncia tractant amb fisio respirat\u00f2ria els refredats de la nostra filla de 2 anys.\" \/>\n<meta name=\"robots\" content=\"index, follow, max-snippet:-1, max-image-preview:large, max-video-preview:-1\" \/>\n<link rel=\"canonical\" href=\"https:\/\/locaacademiafamiliar.com\/ca\/2018\/fisioterapia-respiratoria-que-es-i-com-funciona\/\" \/>\n<meta property=\"og:locale\" content=\"ca_ES\" \/>\n<meta property=\"og:type\" content=\"article\" \/>\n<meta property=\"og:title\" content=\"Qu\u00e8 \u00e9s la fisioter\u00e0pia respirat\u00f2ria i com funciona. La nostra experi\u00e8ncia.\" \/>\n<meta property=\"og:description\" content=\"Qu\u00e8 \u00e9s la fisioter\u00e0pia respirat\u00f2ria? Expliquem la nostra experi\u00e8ncia tractant amb fisio respirat\u00f2ria els refredats de la nostra filla de 2 anys.\" \/>\n<meta property=\"og:url\" content=\"https:\/\/locaacademiafamiliar.com\/ca\/2018\/fisioterapia-respiratoria-que-es-i-com-funciona\/\" \/>\n<meta property=\"og:site_name\" content=\"Boja Acad\u00e8mia Familiar\" \/>\n<meta property=\"article:publisher\" content=\"https:\/\/www.facebook.com\/LocaAcademiaFamiliar\" \/>\n<meta property=\"article:author\" content=\"http:\/\/www.facebook.com\/locaacademiafamiliar\" \/>\n<meta property=\"article:published_time\" content=\"2018-02-06T14:36:31+00:00\" \/>\n<meta property=\"article:modified_time\" content=\"2018-02-21T12:10:02+00:00\" \/>\n<meta property=\"og:image\" content=\"https:\/\/locaacademiafamiliar.com\/wp-content\/uploads\/2018\/02\/fisioterapia-respiratoria-vapor-agua-3.jpg\" \/>\n\t<meta property=\"og:image:width\" content=\"1200\" \/>\n\t<meta property=\"og:image:height\" content=\"900\" \/>\n\t<meta property=\"og:image:type\" content=\"image\/jpeg\" \/>\n<meta name=\"author\" content=\"Roser\" \/>\n<meta name=\"twitter:card\" content=\"summary_large_image\" \/>\n<meta name=\"twitter:label1\" content=\"Escrit per\" \/>\n\t<meta name=\"twitter:data1\" content=\"Roser\" \/>\n\t<meta name=\"twitter:label2\" content=\"Temps estimat de lectura\" \/>\n\t<meta name=\"twitter:data2\" content=\"7 minuts\" \/>\n<script type=\"application\/ld+json\" class=\"yoast-schema-graph\">{\"@context\":\"https:\/\/schema.org\",\"@graph\":[{\"@type\":\"Article\",\"@id\":\"https:\/\/locaacademiafamiliar.com\/ca\/2018\/fisioterapia-respiratoria-que-es-i-com-funciona\/#article\",\"isPartOf\":{\"@id\":\"https:\/\/locaacademiafamiliar.com\/ca\/2018\/fisioterapia-respiratoria-que-es-i-com-funciona\/\"},\"author\":{\"name\":\"Roser\",\"@id\":\"https:\/\/locaacademiafamiliar.com\/ca\/#\/schema\/person\/c38ddbb3d4c6f37be7c9c57b205fdd2d\"},\"headline\":\"Qu\u00e8 \u00e9s la Fisioter\u00e0pia Respirat\u00f2ria. La nostra experi\u00e8ncia.\",\"datePublished\":\"2018-02-06T14:36:31+00:00\",\"dateModified\":\"2018-02-21T12:10:02+00:00\",\"mainEntityOfPage\":{\"@id\":\"https:\/\/locaacademiafamiliar.com\/ca\/2018\/fisioterapia-respiratoria-que-es-i-com-funciona\/\"},\"wordCount\":1325,\"commentCount\":0,\"publisher\":{\"@id\":\"https:\/\/locaacademiafamiliar.com\/ca\/#organization\"},\"image\":{\"@id\":\"https:\/\/locaacademiafamiliar.com\/ca\/2018\/fisioterapia-respiratoria-que-es-i-com-funciona\/#primaryimage\"},\"thumbnailUrl\":\"https:\/\/i0.wp.com\/locaacademiafamiliar.com\/wp-content\/uploads\/2018\/02\/fisioterapia-respiratoria-vapor-agua-3.jpg?fit=1200%2C900&ssl=1\",\"keywords\":[\"salut\"],\"articleSection\":[\"Ci\u00e8ncies\"],\"inLanguage\":\"ca\",\"potentialAction\":[{\"@type\":\"CommentAction\",\"name\":\"Comment\",\"target\":[\"https:\/\/locaacademiafamiliar.com\/ca\/2018\/fisioterapia-respiratoria-que-es-i-com-funciona\/#respond\"]}]},{\"@type\":\"WebPage\",\"@id\":\"https:\/\/locaacademiafamiliar.com\/ca\/2018\/fisioterapia-respiratoria-que-es-i-com-funciona\/\",\"url\":\"https:\/\/locaacademiafamiliar.com\/ca\/2018\/fisioterapia-respiratoria-que-es-i-com-funciona\/\",\"name\":\"Qu\u00e8 \u00e9s la fisioter\u00e0pia respirat\u00f2ria i com funciona. La nostra experi\u00e8ncia.\",\"isPartOf\":{\"@id\":\"https:\/\/locaacademiafamiliar.com\/ca\/#website\"},\"primaryImageOfPage\":{\"@id\":\"https:\/\/locaacademiafamiliar.com\/ca\/2018\/fisioterapia-respiratoria-que-es-i-com-funciona\/#primaryimage\"},\"image\":{\"@id\":\"https:\/\/locaacademiafamiliar.com\/ca\/2018\/fisioterapia-respiratoria-que-es-i-com-funciona\/#primaryimage\"},\"thumbnailUrl\":\"https:\/\/i0.wp.com\/locaacademiafamiliar.com\/wp-content\/uploads\/2018\/02\/fisioterapia-respiratoria-vapor-agua-3.jpg?fit=1200%2C900&ssl=1\",\"datePublished\":\"2018-02-06T14:36:31+00:00\",\"dateModified\":\"2018-02-21T12:10:02+00:00\",\"description\":\"Qu\u00e8 \u00e9s la fisioter\u00e0pia respirat\u00f2ria? Expliquem la nostra experi\u00e8ncia tractant amb fisio respirat\u00f2ria els refredats de la nostra filla de 2 anys.\",\"breadcrumb\":{\"@id\":\"https:\/\/locaacademiafamiliar.com\/ca\/2018\/fisioterapia-respiratoria-que-es-i-com-funciona\/#breadcrumb\"},\"inLanguage\":\"ca\",\"potentialAction\":[{\"@type\":\"ReadAction\",\"target\":[\"https:\/\/locaacademiafamiliar.com\/ca\/2018\/fisioterapia-respiratoria-que-es-i-com-funciona\/\"]}]},{\"@type\":\"ImageObject\",\"inLanguage\":\"ca\",\"@id\":\"https:\/\/locaacademiafamiliar.com\/ca\/2018\/fisioterapia-respiratoria-que-es-i-com-funciona\/#primaryimage\",\"url\":\"https:\/\/i0.wp.com\/locaacademiafamiliar.com\/wp-content\/uploads\/2018\/02\/fisioterapia-respiratoria-vapor-agua-3.jpg?fit=1200%2C900&ssl=1\",\"contentUrl\":\"https:\/\/i0.wp.com\/locaacademiafamiliar.com\/wp-content\/uploads\/2018\/02\/fisioterapia-respiratoria-vapor-agua-3.jpg?fit=1200%2C900&ssl=1\",\"width\":1200,\"height\":900,\"caption\":\"fisioterapia respiratoria. foto de \\\"Cl\u00ednica Respiratoria\\\" (Banyoles)\"},{\"@type\":\"BreadcrumbList\",\"@id\":\"https:\/\/locaacademiafamiliar.com\/ca\/2018\/fisioterapia-respiratoria-que-es-i-com-funciona\/#breadcrumb\",\"itemListElement\":[{\"@type\":\"ListItem\",\"position\":1,\"name\":\"Portada\",\"item\":\"https:\/\/locaacademiafamiliar.com\/ca\/\"},{\"@type\":\"ListItem\",\"position\":2,\"name\":\"Qu\u00e8 \u00e9s la Fisioter\u00e0pia Respirat\u00f2ria. La nostra experi\u00e8ncia.\"}]},{\"@type\":\"WebSite\",\"@id\":\"https:\/\/locaacademiafamiliar.com\/ca\/#website\",\"url\":\"https:\/\/locaacademiafamiliar.com\/ca\/\",\"name\":\"Boja Acad\u00e8mia Familiar\",\"description\":\"El blog de crianza con el que pap\u00e1s y mam\u00e1s salen mejor preparados para su rutina familiar diaria\",\"publisher\":{\"@id\":\"https:\/\/locaacademiafamiliar.com\/ca\/#organization\"},\"potentialAction\":[{\"@type\":\"SearchAction\",\"target\":{\"@type\":\"EntryPoint\",\"urlTemplate\":\"https:\/\/locaacademiafamiliar.com\/ca\/?s={search_term_string}\"},\"query-input\":{\"@type\":\"PropertyValueSpecification\",\"valueRequired\":true,\"valueName\":\"search_term_string\"}}],\"inLanguage\":\"ca\"},{\"@type\":\"Organization\",\"@id\":\"https:\/\/locaacademiafamiliar.com\/ca\/#organization\",\"name\":\"LocaAcademiaFamiliar.com\",\"url\":\"https:\/\/locaacademiafamiliar.com\/ca\/\",\"logo\":{\"@type\":\"ImageObject\",\"inLanguage\":\"ca\",\"@id\":\"https:\/\/locaacademiafamiliar.com\/ca\/#\/schema\/logo\/image\/\",\"url\":\"https:\/\/locaacademiafamiliar.com\/wp-content\/uploads\/2020\/01\/logo-loca-academia-familiar.jpg\",\"contentUrl\":\"https:\/\/locaacademiafamiliar.com\/wp-content\/uploads\/2020\/01\/logo-loca-academia-familiar.jpg\",\"width\":960,\"height\":960,\"caption\":\"LocaAcademiaFamiliar.com\"},\"image\":{\"@id\":\"https:\/\/locaacademiafamiliar.com\/ca\/#\/schema\/logo\/image\/\"},\"sameAs\":[\"https:\/\/www.facebook.com\/LocaAcademiaFamiliar\"]},{\"@type\":\"Person\",\"@id\":\"https:\/\/locaacademiafamiliar.com\/ca\/#\/schema\/person\/c38ddbb3d4c6f37be7c9c57b205fdd2d\",\"name\":\"Roser\",\"image\":{\"@type\":\"ImageObject\",\"inLanguage\":\"ca\",\"@id\":\"https:\/\/locaacademiafamiliar.com\/ca\/#\/schema\/person\/image\/\",\"url\":\"https:\/\/secure.gravatar.com\/avatar\/505f69c7969f855daaa0f97fb5b0b6b2?s=96&d=mm&r=g\",\"contentUrl\":\"https:\/\/secure.gravatar.com\/avatar\/505f69c7969f855daaa0f97fb5b0b6b2?s=96&d=mm&r=g\",\"caption\":\"Roser\"},\"description\":\"\u00a1Hola soy Roser! Mam\u00e1 de una ni\u00f1a preciosa y muy movida, nacida en agosto 2015; y de un ni\u00f1o guap\u00edsimo y valiente nacido en octubre 2017. Antes estaba \\\"sempre viaggiando\\\" y ahora estoy siempre jugando, cantando y saltando. Llevo 10 a\u00f1os como blogger de viajes y vivo en Olot, Girona. Si quieres estar informado de los eventos y actividades para familias con ni\u00f1os en Catalunya, haz click aqu\u00ed para apuntarte a nuestra newsletter.\",\"sameAs\":[\"http:\/\/www.locaacademiafamiliar.com\",\"http:\/\/www.facebook.com\/locaacademiafamiliar\"],\"url\":\"https:\/\/locaacademiafamiliar.com\/ca\/author\/roser\/\"}]}<\/script>\n<!-- \/ Yoast SEO plugin. -->","yoast_head_json":{"title":"Qu\u00e8 \u00e9s la fisioter\u00e0pia respirat\u00f2ria i com funciona. La nostra experi\u00e8ncia.","description":"Qu\u00e8 \u00e9s la fisioter\u00e0pia respirat\u00f2ria? Expliquem la nostra experi\u00e8ncia tractant amb fisio respirat\u00f2ria els refredats de la nostra filla de 2 anys.","robots":{"index":"index","follow":"follow","max-snippet":"max-snippet:-1","max-image-preview":"max-image-preview:large","max-video-preview":"max-video-preview:-1"},"canonical":"https:\/\/locaacademiafamiliar.com\/ca\/2018\/fisioterapia-respiratoria-que-es-i-com-funciona\/","og_locale":"ca_ES","og_type":"article","og_title":"Qu\u00e8 \u00e9s la fisioter\u00e0pia respirat\u00f2ria i com funciona. La nostra experi\u00e8ncia.","og_description":"Qu\u00e8 \u00e9s la fisioter\u00e0pia respirat\u00f2ria? Expliquem la nostra experi\u00e8ncia tractant amb fisio respirat\u00f2ria els refredats de la nostra filla de 2 anys.","og_url":"https:\/\/locaacademiafamiliar.com\/ca\/2018\/fisioterapia-respiratoria-que-es-i-com-funciona\/","og_site_name":"Boja Acad\u00e8mia Familiar","article_publisher":"https:\/\/www.facebook.com\/LocaAcademiaFamiliar","article_author":"http:\/\/www.facebook.com\/locaacademiafamiliar","article_published_time":"2018-02-06T14:36:31+00:00","article_modified_time":"2018-02-21T12:10:02+00:00","og_image":[{"width":1200,"height":900,"url":"https:\/\/locaacademiafamiliar.com\/wp-content\/uploads\/2018\/02\/fisioterapia-respiratoria-vapor-agua-3.jpg","type":"image\/jpeg"}],"author":"Roser","twitter_card":"summary_large_image","twitter_misc":{"Escrit per":"Roser","Temps estimat de lectura":"7 minuts"},"schema":{"@context":"https:\/\/schema.org","@graph":[{"@type":"Article","@id":"https:\/\/locaacademiafamiliar.com\/ca\/2018\/fisioterapia-respiratoria-que-es-i-com-funciona\/#article","isPartOf":{"@id":"https:\/\/locaacademiafamiliar.com\/ca\/2018\/fisioterapia-respiratoria-que-es-i-com-funciona\/"},"author":{"name":"Roser","@id":"https:\/\/locaacademiafamiliar.com\/ca\/#\/schema\/person\/c38ddbb3d4c6f37be7c9c57b205fdd2d"},"headline":"Qu\u00e8 \u00e9s la Fisioter\u00e0pia Respirat\u00f2ria. La nostra experi\u00e8ncia.","datePublished":"2018-02-06T14:36:31+00:00","dateModified":"2018-02-21T12:10:02+00:00","mainEntityOfPage":{"@id":"https:\/\/locaacademiafamiliar.com\/ca\/2018\/fisioterapia-respiratoria-que-es-i-com-funciona\/"},"wordCount":1325,"commentCount":0,"publisher":{"@id":"https:\/\/locaacademiafamiliar.com\/ca\/#organization"},"image":{"@id":"https:\/\/locaacademiafamiliar.com\/ca\/2018\/fisioterapia-respiratoria-que-es-i-com-funciona\/#primaryimage"},"thumbnailUrl":"https:\/\/i0.wp.com\/locaacademiafamiliar.com\/wp-content\/uploads\/2018\/02\/fisioterapia-respiratoria-vapor-agua-3.jpg?fit=1200%2C900&ssl=1","keywords":["salut"],"articleSection":["Ci\u00e8ncies"],"inLanguage":"ca","potentialAction":[{"@type":"CommentAction","name":"Comment","target":["https:\/\/locaacademiafamiliar.com\/ca\/2018\/fisioterapia-respiratoria-que-es-i-com-funciona\/#respond"]}]},{"@type":"WebPage","@id":"https:\/\/locaacademiafamiliar.com\/ca\/2018\/fisioterapia-respiratoria-que-es-i-com-funciona\/","url":"https:\/\/locaacademiafamiliar.com\/ca\/2018\/fisioterapia-respiratoria-que-es-i-com-funciona\/","name":"Qu\u00e8 \u00e9s la fisioter\u00e0pia respirat\u00f2ria i com funciona. La nostra experi\u00e8ncia.","isPartOf":{"@id":"https:\/\/locaacademiafamiliar.com\/ca\/#website"},"primaryImageOfPage":{"@id":"https:\/\/locaacademiafamiliar.com\/ca\/2018\/fisioterapia-respiratoria-que-es-i-com-funciona\/#primaryimage"},"image":{"@id":"https:\/\/locaacademiafamiliar.com\/ca\/2018\/fisioterapia-respiratoria-que-es-i-com-funciona\/#primaryimage"},"thumbnailUrl":"https:\/\/i0.wp.com\/locaacademiafamiliar.com\/wp-content\/uploads\/2018\/02\/fisioterapia-respiratoria-vapor-agua-3.jpg?fit=1200%2C900&ssl=1","datePublished":"2018-02-06T14:36:31+00:00","dateModified":"2018-02-21T12:10:02+00:00","description":"Qu\u00e8 \u00e9s la fisioter\u00e0pia respirat\u00f2ria? Expliquem la nostra experi\u00e8ncia tractant amb fisio respirat\u00f2ria els refredats de la nostra filla de 2 anys.","breadcrumb":{"@id":"https:\/\/locaacademiafamiliar.com\/ca\/2018\/fisioterapia-respiratoria-que-es-i-com-funciona\/#breadcrumb"},"inLanguage":"ca","potentialAction":[{"@type":"ReadAction","target":["https:\/\/locaacademiafamiliar.com\/ca\/2018\/fisioterapia-respiratoria-que-es-i-com-funciona\/"]}]},{"@type":"ImageObject","inLanguage":"ca","@id":"https:\/\/locaacademiafamiliar.com\/ca\/2018\/fisioterapia-respiratoria-que-es-i-com-funciona\/#primaryimage","url":"https:\/\/i0.wp.com\/locaacademiafamiliar.com\/wp-content\/uploads\/2018\/02\/fisioterapia-respiratoria-vapor-agua-3.jpg?fit=1200%2C900&ssl=1","contentUrl":"https:\/\/i0.wp.com\/locaacademiafamiliar.com\/wp-content\/uploads\/2018\/02\/fisioterapia-respiratoria-vapor-agua-3.jpg?fit=1200%2C900&ssl=1","width":1200,"height":900,"caption":"fisioterapia respiratoria. foto de \"Cl\u00ednica Respiratoria\" (Banyoles)"},{"@type":"BreadcrumbList","@id":"https:\/\/locaacademiafamiliar.com\/ca\/2018\/fisioterapia-respiratoria-que-es-i-com-funciona\/#breadcrumb","itemListElement":[{"@type":"ListItem","position":1,"name":"Portada","item":"https:\/\/locaacademiafamiliar.com\/ca\/"},{"@type":"ListItem","position":2,"name":"Qu\u00e8 \u00e9s la Fisioter\u00e0pia Respirat\u00f2ria. La nostra experi\u00e8ncia."}]},{"@type":"WebSite","@id":"https:\/\/locaacademiafamiliar.com\/ca\/#website","url":"https:\/\/locaacademiafamiliar.com\/ca\/","name":"Boja Acad\u00e8mia Familiar","description":"El blog de crianza con el que pap\u00e1s y mam\u00e1s salen mejor preparados para su rutina familiar diaria","publisher":{"@id":"https:\/\/locaacademiafamiliar.com\/ca\/#organization"},"potentialAction":[{"@type":"SearchAction","target":{"@type":"EntryPoint","urlTemplate":"https:\/\/locaacademiafamiliar.com\/ca\/?s={search_term_string}"},"query-input":{"@type":"PropertyValueSpecification","valueRequired":true,"valueName":"search_term_string"}}],"inLanguage":"ca"},{"@type":"Organization","@id":"https:\/\/locaacademiafamiliar.com\/ca\/#organization","name":"LocaAcademiaFamiliar.com","url":"https:\/\/locaacademiafamiliar.com\/ca\/","logo":{"@type":"ImageObject","inLanguage":"ca","@id":"https:\/\/locaacademiafamiliar.com\/ca\/#\/schema\/logo\/image\/","url":"https:\/\/locaacademiafamiliar.com\/wp-content\/uploads\/2020\/01\/logo-loca-academia-familiar.jpg","contentUrl":"https:\/\/locaacademiafamiliar.com\/wp-content\/uploads\/2020\/01\/logo-loca-academia-familiar.jpg","width":960,"height":960,"caption":"LocaAcademiaFamiliar.com"},"image":{"@id":"https:\/\/locaacademiafamiliar.com\/ca\/#\/schema\/logo\/image\/"},"sameAs":["https:\/\/www.facebook.com\/LocaAcademiaFamiliar"]},{"@type":"Person","@id":"https:\/\/locaacademiafamiliar.com\/ca\/#\/schema\/person\/c38ddbb3d4c6f37be7c9c57b205fdd2d","name":"Roser","image":{"@type":"ImageObject","inLanguage":"ca","@id":"https:\/\/locaacademiafamiliar.com\/ca\/#\/schema\/person\/image\/","url":"https:\/\/secure.gravatar.com\/avatar\/505f69c7969f855daaa0f97fb5b0b6b2?s=96&d=mm&r=g","contentUrl":"https:\/\/secure.gravatar.com\/avatar\/505f69c7969f855daaa0f97fb5b0b6b2?s=96&d=mm&r=g","caption":"Roser"},"description":"\u00a1Hola soy Roser! Mam\u00e1 de una ni\u00f1a preciosa y muy movida, nacida en agosto 2015; y de un ni\u00f1o guap\u00edsimo y valiente nacido en octubre 2017. Antes estaba \"sempre viaggiando\" y ahora estoy siempre jugando, cantando y saltando. Llevo 10 a\u00f1os como blogger de viajes y vivo en Olot, Girona. Si quieres estar informado de los eventos y actividades para familias con ni\u00f1os en Catalunya, haz click aqu\u00ed para apuntarte a nuestra newsletter.","sameAs":["http:\/\/www.locaacademiafamiliar.com","http:\/\/www.facebook.com\/locaacademiafamiliar"],"url":"https:\/\/locaacademiafamiliar.com\/ca\/author\/roser\/"}]}},"jetpack_featured_media_url":"https:\/\/i0.wp.com\/locaacademiafamiliar.com\/wp-content\/uploads\/2018\/02\/fisioterapia-respiratoria-vapor-agua-3.jpg?fit=1200%2C900&ssl=1","jetpack_sharing_enabled":true,"amp_enabled":true,"_links":{"self":[{"href":"https:\/\/locaacademiafamiliar.com\/ca\/wp-json\/wp\/v2\/posts\/2629","targetHints":{"allow":["GET"]}}],"collection":[{"href":"https:\/\/locaacademiafamiliar.com\/ca\/wp-json\/wp\/v2\/posts"}],"about":[{"href":"https:\/\/locaacademiafamiliar.com\/ca\/wp-json\/wp\/v2\/types\/post"}],"author":[{"embeddable":true,"href":"https:\/\/locaacademiafamiliar.com\/ca\/wp-json\/wp\/v2\/users\/1"}],"replies":[{"embeddable":true,"href":"https:\/\/locaacademiafamiliar.com\/ca\/wp-json\/wp\/v2\/comments?post=2629"}],"version-history":[{"count":0,"href":"https:\/\/locaacademiafamiliar.com\/ca\/wp-json\/wp\/v2\/posts\/2629\/revisions"}],"wp:featuredmedia":[{"embeddable":true,"href":"https:\/\/locaacademiafamiliar.com\/ca\/wp-json\/wp\/v2\/media\/2651"}],"wp:attachment":[{"href":"https:\/\/locaacademiafamiliar.com\/ca\/wp-json\/wp\/v2\/media?parent=2629"}],"wp:term":[{"taxonomy":"category","embeddable":true,"href":"https:\/\/locaacademiafamiliar.com\/ca\/wp-json\/wp\/v2\/categories?post=2629"},{"taxonomy":"post_tag","embeddable":true,"href":"https:\/\/locaacademiafamiliar.com\/ca\/wp-json\/wp\/v2\/tags?post=2629"}],"curies":[{"name":"wp","href":"https:\/\/api.w.org\/{rel}","templated":true}]}}