{"id":2772,"date":"2018-02-15T14:55:20","date_gmt":"2018-02-15T14:55:20","guid":{"rendered":"http:\/\/locaacademiafamiliar.com\/?p=2772"},"modified":"2018-02-16T11:15:19","modified_gmt":"2018-02-16T11:15:19","slug":"escapada-en-familia-a-vall-de-nuria-a-lhivern","status":"publish","type":"post","link":"https:\/\/locaacademiafamiliar.com\/ca\/2018\/escapada-en-familia-a-vall-de-nuria-a-lhivern\/","title":{"rendered":"Escapada en fam\u00edlia a la Vall de N\u00faria a l&#8217;hivern"},"content":{"rendered":"<p>Com va el fred? A Loca Academia Familiar <strong>ens encanta la neu i, sobretot, ens agrada esquiar<\/strong>. Ja t&#8217;hem explicat <a href=\"http:\/\/locaacademiafamiliar.com\/ca\/2016\/esquiar-amb-nens-consells-quan-comencar\/\"><strong>quan creiem que \u00e9s millor perqu\u00e8 els nens comencin a esquiar<\/strong><\/a> per\u00f2, com que a &#8220;casa de herrero, cuchillo de palo&#8221;, nosaltres hem comen\u00e7at abans \ud83d\ude42<\/p>\n<p>Aquesta setmana hem estat <strong>3 dies a Vall de N\u00faria<\/strong> <strong>i ha estat espectacular! Una <a href=\"http:\/\/locaacademiafamiliar.com\/ca\/2017\/destinacions-prop-catalunya-per-una-escapada-amb-nens-petits\/\">destinaci\u00f3 familiar<\/a> de primera, a 2.000 metres d&#8217;al\u00e7ada.<\/strong> T&#8217;explico els nostres consells i recomanacions per planejar una <strong>escapada amb nens a Vall de N\u00faria a l&#8217;hivern<\/strong>.<\/p>\n<div class=\"tiled-gallery type-rectangular tiled-gallery-unresized\" data-original-width=\"500\" data-carousel-extra='{&quot;blog_id&quot;:1,&quot;permalink&quot;:&quot;https:\\\/\\\/locaacademiafamiliar.com\\\/ca\\\/2018\\\/escapada-en-familia-a-vall-de-nuria-a-lhivern\\\/&quot;,&quot;likes_blog_id&quot;:119488531}' itemscope itemtype=\"http:\/\/schema.org\/ImageGallery\" > <div class=\"gallery-row\" style=\"width: 500px; height: 240px;\" data-original-width=\"500\" data-original-height=\"240\" > <div class=\"gallery-group images-1\" style=\"width: 319px; height: 240px;\" data-original-width=\"319\" data-original-height=\"240\" > <div class=\"tiled-gallery-item tiled-gallery-item-large\" itemprop=\"associatedMedia\" itemscope itemtype=\"http:\/\/schema.org\/ImageObject\"> <a href=\"https:\/\/locaacademiafamiliar.com\/ca\/2018\/escapada-en-familia-a-vall-de-nuria-a-lhivern\/vall-nuria-hivern-5\/\" border=\"0\" itemprop=\"url\"> <meta itemprop=\"width\" content=\"315\"> <meta itemprop=\"height\" content=\"236\"> <img decoding=\"async\" class=\"\" data-attachment-id=\"5547\" data-orig-file=\"https:\/\/locaacademiafamiliar.com\/wp-content\/uploads\/2018\/02\/vall-nuria-hivern-5.jpg\" data-orig-size=\"2000,1500\" data-comments-opened=\"1\" data-image-meta=\"{&quot;aperture&quot;:&quot;2.2&quot;,&quot;credit&quot;:&quot;&quot;,&quot;camera&quot;:&quot;Aquaris U&quot;,&quot;caption&quot;:&quot;&quot;,&quot;created_timestamp&quot;:&quot;1518105371&quot;,&quot;copyright&quot;:&quot;&quot;,&quot;focal_length&quot;:&quot;3.4&quot;,&quot;iso&quot;:&quot;100&quot;,&quot;shutter_speed&quot;:&quot;0.00033840947546531&quot;,&quot;title&quot;:&quot;&quot;,&quot;orientation&quot;:&quot;1&quot;}\" data-image-title=\"vall nuria hivern 5\" data-image-description=\"\" data-medium-file=\"https:\/\/i0.wp.com\/locaacademiafamiliar.com\/wp-content\/uploads\/2018\/02\/vall-nuria-hivern-5.jpg?fit=300%2C225&#038;ssl=1\" data-large-file=\"https:\/\/i0.wp.com\/locaacademiafamiliar.com\/wp-content\/uploads\/2018\/02\/vall-nuria-hivern-5.jpg?fit=1024%2C768&#038;ssl=1\" src=\"https:\/\/i0.wp.com\/locaacademiafamiliar.com\/wp-content\/uploads\/2018\/02\/vall-nuria-hivern-5.jpg?w=315&#038;h=236&#038;ssl=1\" srcset=\"https:\/\/i0.wp.com\/locaacademiafamiliar.com\/wp-content\/uploads\/2018\/02\/vall-nuria-hivern-5.jpg?w=2000&amp;ssl=1 2000w, https:\/\/i0.wp.com\/locaacademiafamiliar.com\/wp-content\/uploads\/2018\/02\/vall-nuria-hivern-5.jpg?resize=300%2C225&amp;ssl=1 300w, https:\/\/i0.wp.com\/locaacademiafamiliar.com\/wp-content\/uploads\/2018\/02\/vall-nuria-hivern-5.jpg?resize=768%2C576&amp;ssl=1 768w, https:\/\/i0.wp.com\/locaacademiafamiliar.com\/wp-content\/uploads\/2018\/02\/vall-nuria-hivern-5.jpg?resize=1024%2C768&amp;ssl=1 1024w, https:\/\/i0.wp.com\/locaacademiafamiliar.com\/wp-content\/uploads\/2018\/02\/vall-nuria-hivern-5.jpg?resize=678%2C509&amp;ssl=1 678w, https:\/\/i0.wp.com\/locaacademiafamiliar.com\/wp-content\/uploads\/2018\/02\/vall-nuria-hivern-5.jpg?resize=326%2C245&amp;ssl=1 326w, https:\/\/i0.wp.com\/locaacademiafamiliar.com\/wp-content\/uploads\/2018\/02\/vall-nuria-hivern-5.jpg?resize=80%2C60&amp;ssl=1 80w\" width=\"315\" height=\"236\" loading=\"lazy\" data-original-width=\"315\" data-original-height=\"236\" itemprop=\"http:\/\/schema.org\/image\" title=\"vall nuria hivern 5\" alt=\"vall nuria hivern 5\" style=\"width: 315px; height: 236px;\" \/> <\/a> <\/div> <\/div> <!-- close group --> <div class=\"gallery-group images-1\" style=\"width: 181px; height: 240px;\" data-original-width=\"181\" data-original-height=\"240\" > <div class=\"tiled-gallery-item tiled-gallery-item-small\" itemprop=\"associatedMedia\" itemscope itemtype=\"http:\/\/schema.org\/ImageObject\"> <a href=\"https:\/\/locaacademiafamiliar.com\/ca\/2018\/escapada-en-familia-a-vall-de-nuria-a-lhivern\/vall-nuria-hivern-8\/\" border=\"0\" itemprop=\"url\"> <meta itemprop=\"width\" content=\"177\"> <meta itemprop=\"height\" content=\"236\"> <img decoding=\"async\" class=\"\" data-attachment-id=\"5550\" data-orig-file=\"https:\/\/locaacademiafamiliar.com\/wp-content\/uploads\/2018\/02\/vall-nuria-hivern-8.jpg\" data-orig-size=\"2000,2667\" data-comments-opened=\"1\" data-image-meta=\"{&quot;aperture&quot;:&quot;2.2&quot;,&quot;credit&quot;:&quot;&quot;,&quot;camera&quot;:&quot;Aquaris U&quot;,&quot;caption&quot;:&quot;&quot;,&quot;created_timestamp&quot;:&quot;1518177960&quot;,&quot;copyright&quot;:&quot;&quot;,&quot;focal_length&quot;:&quot;3.4&quot;,&quot;iso&quot;:&quot;103&quot;,&quot;shutter_speed&quot;:&quot;0.00017433751743375&quot;,&quot;title&quot;:&quot;&quot;,&quot;orientation&quot;:&quot;1&quot;}\" data-image-title=\"vall nuria hivern 8\" data-image-description=\"\" data-medium-file=\"https:\/\/i0.wp.com\/locaacademiafamiliar.com\/wp-content\/uploads\/2018\/02\/vall-nuria-hivern-8.jpg?fit=225%2C300&#038;ssl=1\" data-large-file=\"https:\/\/i0.wp.com\/locaacademiafamiliar.com\/wp-content\/uploads\/2018\/02\/vall-nuria-hivern-8.jpg?fit=768%2C1024&#038;ssl=1\" src=\"https:\/\/i0.wp.com\/locaacademiafamiliar.com\/wp-content\/uploads\/2018\/02\/vall-nuria-hivern-8.jpg?w=177&#038;h=236&#038;ssl=1\" srcset=\"https:\/\/i0.wp.com\/locaacademiafamiliar.com\/wp-content\/uploads\/2018\/02\/vall-nuria-hivern-8.jpg?w=2000&amp;ssl=1 2000w, https:\/\/i0.wp.com\/locaacademiafamiliar.com\/wp-content\/uploads\/2018\/02\/vall-nuria-hivern-8.jpg?resize=225%2C300&amp;ssl=1 225w, https:\/\/i0.wp.com\/locaacademiafamiliar.com\/wp-content\/uploads\/2018\/02\/vall-nuria-hivern-8.jpg?resize=768%2C1024&amp;ssl=1 768w\" width=\"177\" height=\"236\" loading=\"lazy\" data-original-width=\"177\" data-original-height=\"236\" itemprop=\"http:\/\/schema.org\/image\" title=\"vall nuria hivern 8\" alt=\"vall nuria hivern 8\" style=\"width: 177px; height: 236px;\" \/> <\/a> <\/div> <\/div> <!-- close group --> <\/div> <!-- close row --> <\/div>\n<h3>Tren Cremallera<\/h3>\n<p>El tren-cremallera \u00e9s la imprescindible primera part del viatge (o podeu pujar caminant&#8230;..). <strong>Una nova experi\u00e8ncia molt divertida<\/strong> i encara m\u00e9s si aconseguiu asseure-us just darrere de la conductora per veure les vies i per on va pujant.<\/p>\n<p>Nosaltres vam tenir molta sort i vam comen\u00e7ar a veure i tocar neu des de <strong>l&#8217;aparcament de Ribes-Enlla\u00e7, on es va quedar el cotxe gratu\u00eftament durant els tres dies.<\/strong><\/p>\n<div class=\"tiled-gallery type-rectangular tiled-gallery-unresized\" data-original-width=\"500\" data-carousel-extra='{&quot;blog_id&quot;:1,&quot;permalink&quot;:&quot;https:\\\/\\\/locaacademiafamiliar.com\\\/ca\\\/2018\\\/escapada-en-familia-a-vall-de-nuria-a-lhivern\\\/&quot;,&quot;likes_blog_id&quot;:119488531}' itemscope itemtype=\"http:\/\/schema.org\/ImageGallery\" > <div class=\"gallery-row\" style=\"width: 500px; height: 189px;\" data-original-width=\"500\" data-original-height=\"189\" > <div class=\"gallery-group images-1\" style=\"width: 250px; height: 189px;\" data-original-width=\"250\" data-original-height=\"189\" > <div class=\"tiled-gallery-item tiled-gallery-item-small\" itemprop=\"associatedMedia\" itemscope itemtype=\"http:\/\/schema.org\/ImageObject\"> <a href=\"https:\/\/locaacademiafamiliar.com\/ca\/2018\/escapada-en-familia-a-vall-de-nuria-a-lhivern\/vall-nuria-hivern-15\/\" border=\"0\" itemprop=\"url\"> <meta itemprop=\"width\" content=\"246\"> <meta itemprop=\"height\" content=\"185\"> <img decoding=\"async\" class=\"\" data-attachment-id=\"5557\" data-orig-file=\"https:\/\/locaacademiafamiliar.com\/wp-content\/uploads\/2018\/02\/vall-nuria-hivern-15.jpg\" data-orig-size=\"2000,1500\" data-comments-opened=\"1\" data-image-meta=\"{&quot;aperture&quot;:&quot;2.2&quot;,&quot;credit&quot;:&quot;&quot;,&quot;camera&quot;:&quot;Aquaris U&quot;,&quot;caption&quot;:&quot;&quot;,&quot;created_timestamp&quot;:&quot;1518266009&quot;,&quot;copyright&quot;:&quot;&quot;,&quot;focal_length&quot;:&quot;3.4&quot;,&quot;iso&quot;:&quot;100&quot;,&quot;shutter_speed&quot;:&quot;0.00077942322681216&quot;,&quot;title&quot;:&quot;&quot;,&quot;orientation&quot;:&quot;1&quot;}\" data-image-title=\"vall nuria hivern 15\" data-image-description=\"\" data-medium-file=\"https:\/\/i0.wp.com\/locaacademiafamiliar.com\/wp-content\/uploads\/2018\/02\/vall-nuria-hivern-15.jpg?fit=300%2C225&#038;ssl=1\" data-large-file=\"https:\/\/i0.wp.com\/locaacademiafamiliar.com\/wp-content\/uploads\/2018\/02\/vall-nuria-hivern-15.jpg?fit=1024%2C768&#038;ssl=1\" src=\"https:\/\/i0.wp.com\/locaacademiafamiliar.com\/wp-content\/uploads\/2018\/02\/vall-nuria-hivern-15.jpg?w=246&#038;h=185&#038;ssl=1\" srcset=\"https:\/\/i0.wp.com\/locaacademiafamiliar.com\/wp-content\/uploads\/2018\/02\/vall-nuria-hivern-15.jpg?w=2000&amp;ssl=1 2000w, https:\/\/i0.wp.com\/locaacademiafamiliar.com\/wp-content\/uploads\/2018\/02\/vall-nuria-hivern-15.jpg?resize=300%2C225&amp;ssl=1 300w, https:\/\/i0.wp.com\/locaacademiafamiliar.com\/wp-content\/uploads\/2018\/02\/vall-nuria-hivern-15.jpg?resize=768%2C576&amp;ssl=1 768w, https:\/\/i0.wp.com\/locaacademiafamiliar.com\/wp-content\/uploads\/2018\/02\/vall-nuria-hivern-15.jpg?resize=1024%2C768&amp;ssl=1 1024w, https:\/\/i0.wp.com\/locaacademiafamiliar.com\/wp-content\/uploads\/2018\/02\/vall-nuria-hivern-15.jpg?resize=678%2C509&amp;ssl=1 678w, https:\/\/i0.wp.com\/locaacademiafamiliar.com\/wp-content\/uploads\/2018\/02\/vall-nuria-hivern-15.jpg?resize=326%2C245&amp;ssl=1 326w, https:\/\/i0.wp.com\/locaacademiafamiliar.com\/wp-content\/uploads\/2018\/02\/vall-nuria-hivern-15.jpg?resize=80%2C60&amp;ssl=1 80w\" width=\"246\" height=\"185\" loading=\"lazy\" data-original-width=\"246\" data-original-height=\"185\" itemprop=\"http:\/\/schema.org\/image\" title=\"vall nuria hivern 15\" alt=\"vall nuria hivern 15\" style=\"width: 246px; height: 185px;\" \/> <\/a> <\/div> <\/div> <!-- close group --> <div class=\"gallery-group images-1\" style=\"width: 250px; height: 189px;\" data-original-width=\"250\" data-original-height=\"189\" > <div class=\"tiled-gallery-item tiled-gallery-item-small\" itemprop=\"associatedMedia\" itemscope itemtype=\"http:\/\/schema.org\/ImageObject\"> <a href=\"https:\/\/locaacademiafamiliar.com\/ca\/2018\/escapada-en-familia-a-vall-de-nuria-a-lhivern\/vall-nuria-hivern-12\/\" border=\"0\" itemprop=\"url\"> <meta itemprop=\"width\" content=\"246\"> <meta itemprop=\"height\" content=\"185\"> <img decoding=\"async\" class=\"\" data-attachment-id=\"5554\" data-orig-file=\"https:\/\/locaacademiafamiliar.com\/wp-content\/uploads\/2018\/02\/vall-nuria-hivern-12.jpg\" data-orig-size=\"2000,1500\" data-comments-opened=\"1\" data-image-meta=\"{&quot;aperture&quot;:&quot;2.2&quot;,&quot;credit&quot;:&quot;&quot;,&quot;camera&quot;:&quot;Aquaris U&quot;,&quot;caption&quot;:&quot;&quot;,&quot;created_timestamp&quot;:&quot;1518187752&quot;,&quot;copyright&quot;:&quot;&quot;,&quot;focal_length&quot;:&quot;3.4&quot;,&quot;iso&quot;:&quot;100&quot;,&quot;shutter_speed&quot;:&quot;0.00077942322681216&quot;,&quot;title&quot;:&quot;&quot;,&quot;orientation&quot;:&quot;1&quot;}\" data-image-title=\"vall nuria hivern 12\" data-image-description=\"\" data-medium-file=\"https:\/\/i0.wp.com\/locaacademiafamiliar.com\/wp-content\/uploads\/2018\/02\/vall-nuria-hivern-12.jpg?fit=300%2C225&#038;ssl=1\" data-large-file=\"https:\/\/i0.wp.com\/locaacademiafamiliar.com\/wp-content\/uploads\/2018\/02\/vall-nuria-hivern-12.jpg?fit=1024%2C768&#038;ssl=1\" src=\"https:\/\/i0.wp.com\/locaacademiafamiliar.com\/wp-content\/uploads\/2018\/02\/vall-nuria-hivern-12.jpg?w=246&#038;h=185&#038;ssl=1\" srcset=\"https:\/\/i0.wp.com\/locaacademiafamiliar.com\/wp-content\/uploads\/2018\/02\/vall-nuria-hivern-12.jpg?w=2000&amp;ssl=1 2000w, https:\/\/i0.wp.com\/locaacademiafamiliar.com\/wp-content\/uploads\/2018\/02\/vall-nuria-hivern-12.jpg?resize=300%2C225&amp;ssl=1 300w, https:\/\/i0.wp.com\/locaacademiafamiliar.com\/wp-content\/uploads\/2018\/02\/vall-nuria-hivern-12.jpg?resize=768%2C576&amp;ssl=1 768w, https:\/\/i0.wp.com\/locaacademiafamiliar.com\/wp-content\/uploads\/2018\/02\/vall-nuria-hivern-12.jpg?resize=1024%2C768&amp;ssl=1 1024w, https:\/\/i0.wp.com\/locaacademiafamiliar.com\/wp-content\/uploads\/2018\/02\/vall-nuria-hivern-12.jpg?resize=678%2C509&amp;ssl=1 678w, https:\/\/i0.wp.com\/locaacademiafamiliar.com\/wp-content\/uploads\/2018\/02\/vall-nuria-hivern-12.jpg?resize=326%2C245&amp;ssl=1 326w, https:\/\/i0.wp.com\/locaacademiafamiliar.com\/wp-content\/uploads\/2018\/02\/vall-nuria-hivern-12.jpg?resize=80%2C60&amp;ssl=1 80w\" width=\"246\" height=\"185\" loading=\"lazy\" data-original-width=\"246\" data-original-height=\"185\" itemprop=\"http:\/\/schema.org\/image\" title=\"vall nuria hivern 12\" alt=\"vall nuria hivern 12\" style=\"width: 246px; height: 185px;\" \/> <\/a> <\/div> <\/div> <!-- close group --> <\/div> <!-- close row --> <\/div>\n<p><strong>A mesura que an\u00e0vem pujant el paisatge s&#8217;anava tenyint de blanc. Preci\u00f3s<\/strong>! Vam poder veure rius gelats, el cel d&#8217;aquell blau intens brutal i estalactites. Compart\u00edem vag\u00f3 amb una altra fam\u00edlia i el seu nad\u00f3 de cinc mesos i una noia amb el seu tranquil husky siberi\u00e0 (que la nostra petita es mirava pensant que era un peluix, crec).<\/p>\n<p><strong>En arribar a dalt tota la vall era plena neu.<\/strong> <strong>An\u00e0vem amb motxilles<\/strong> perqu\u00e8 vam pensar que la maleta de rodes no seria c\u00f2moda per lliscar a la neu i perqu\u00e8 aix\u00ed pod\u00edem controlar millor a les dues nenes. Per\u00f2 de totes maneres, <strong>hi ha un cam\u00ed pla habilitat per maletes des de l&#8217;estaci\u00f3 de N\u00faria fins a l&#8217;hotel\/aparthotel<\/strong>.<\/p>\n<h3>On dormir a Vall de N\u00faria<\/h3>\n<p>Ens vam allotjar a <a href=\"http:\/\/www.booking.com\/hotel\/es\/apartaments-vall-de-nuria.html?aid=1203726&amp;no_rooms=1&amp;group_adults=1\">l&#8217;<strong>Aparthotel Vall de N\u00faria<\/strong><\/a>. L&#8217;habitaci\u00f3 era c\u00f2moda i molt calentona. El sof\u00e0 llit es convertia en un llit divertid\u00edssim on van dormir les dues nenes envoltades de coixins. En un dels armaris vam veure un bressol de viatge plegat &#8211;per si el necessiteu.<\/p>\n<p>Tant la cuina com el lavabo estaven nets. Estem molt contents amb l&#8217;opci\u00f3 del aparthotel. A m\u00e9s, <strong>l&#8217;\u00faltima nit vam sopar al restaurant de l&#8217;hotel i ens va decebre una mica<\/strong> la relaci\u00f3 qualitat-preu aix\u00ed que encara ens va refor\u00e7ar m\u00e9s <strong>l&#8217;opci\u00f3 de tenir cuina &#8220;pr\u00f2pia&#8221; i llibertat d&#8217;horaris.<\/strong><\/p>\n<p>En aquest enlla\u00e7 de Booking podeu veure <a href=\"http:\/\/www.booking.com\/searchresults.html?city=900040201&amp;aid=1203726&amp;no_rooms=1&amp;group_adults=1\"><strong>m\u00e9s hotels i aparthotels a Vall de N\u00faria.<\/strong><\/a><\/p>\n<p><img data-recalc-dims=\"1\" decoding=\"async\" class=\"aligncenter size-large wp-image-2754\" src=\"https:\/\/i0.wp.com\/locaacademiafamiliar.com\/wp-content\/uploads\/2018\/02\/vall-nuria-hivern-9.jpg?resize=1024%2C768\" alt=\"\" width=\"1024\" height=\"768\" srcset=\"https:\/\/i0.wp.com\/locaacademiafamiliar.com\/wp-content\/uploads\/2018\/02\/vall-nuria-hivern-9.jpg?resize=1024%2C768&amp;ssl=1 1024w, https:\/\/i0.wp.com\/locaacademiafamiliar.com\/wp-content\/uploads\/2018\/02\/vall-nuria-hivern-9.jpg?resize=300%2C225&amp;ssl=1 300w, https:\/\/i0.wp.com\/locaacademiafamiliar.com\/wp-content\/uploads\/2018\/02\/vall-nuria-hivern-9.jpg?resize=768%2C576&amp;ssl=1 768w, https:\/\/i0.wp.com\/locaacademiafamiliar.com\/wp-content\/uploads\/2018\/02\/vall-nuria-hivern-9.jpg?resize=678%2C509&amp;ssl=1 678w, https:\/\/i0.wp.com\/locaacademiafamiliar.com\/wp-content\/uploads\/2018\/02\/vall-nuria-hivern-9.jpg?resize=326%2C245&amp;ssl=1 326w, https:\/\/i0.wp.com\/locaacademiafamiliar.com\/wp-content\/uploads\/2018\/02\/vall-nuria-hivern-9.jpg?resize=80%2C60&amp;ssl=1 80w, https:\/\/i0.wp.com\/locaacademiafamiliar.com\/wp-content\/uploads\/2018\/02\/vall-nuria-hivern-9.jpg?w=1333&amp;ssl=1 1333w\" sizes=\"(max-width: 1000px) 100vw, 1000px\" \/><\/p>\n<h3>La primera classe d&#8217;esqu\u00ed<\/h3>\n<p><strong>La nostra filla gran es va estrenar a l&#8217;esqu\u00ed, de la m\u00e0 d&#8217;una monitora (Marta, de l&#8217;<a href=\"http:\/\/www.escoladesquinuria.com\/\">Escola d&#8217;esqu\u00ed N\u00faria<\/a>).<\/strong> Fant\u00e0stica!<\/p>\n<p>Moltes gr\u00e0cies, Marta, perqu\u00e8 la nostra nena ha comen\u00e7at a esquiar i t\u00e9 moltes ganes de tornar-hi. <strong>Segons ella, el millor \u00e9s que no li has cridat en cap moment i que li vas donar un caramel per agafar forces<\/strong> \ud83d\ude42<\/p>\n<p>Segons nosaltres, el millor \u00e9s que hagis estat un mar de calma davant la repetida pregunta &#8220;tornem a pujar?&#8221; I <strong>que hagi comen\u00e7at a esquiar amb seguretat i amb ganes de repetir.<\/strong><\/p>\n<h3>Qu\u00e8 fer a Vall de N\u00faria amb nens, a m\u00e9s d&#8217;esquiar<\/h3>\n<p>Els tres dies que vam estar a N\u00faria vam poder<strong> passejar amb el trineu,<\/strong> jugar amb galledes i pales a fer castells de neu, jugar a l&#8217;habitaci\u00f3, jugar a la sala de jocs de l&#8217;hotel, fer un ninot de neu &#8230;<\/p>\n<div class=\"tiled-gallery type-rectangular tiled-gallery-unresized\" data-original-width=\"500\" data-carousel-extra='{&quot;blog_id&quot;:1,&quot;permalink&quot;:&quot;https:\\\/\\\/locaacademiafamiliar.com\\\/ca\\\/2018\\\/escapada-en-familia-a-vall-de-nuria-a-lhivern\\\/&quot;,&quot;likes_blog_id&quot;:119488531}' itemscope itemtype=\"http:\/\/schema.org\/ImageGallery\" > <div class=\"gallery-row\" style=\"width: 500px; height: 353px;\" data-original-width=\"500\" data-original-height=\"353\" > <div class=\"gallery-group images-1\" style=\"width: 266px; height: 353px;\" data-original-width=\"266\" data-original-height=\"353\" > <div class=\"tiled-gallery-item tiled-gallery-item-large\" itemprop=\"associatedMedia\" itemscope itemtype=\"http:\/\/schema.org\/ImageObject\"> <a href=\"https:\/\/locaacademiafamiliar.com\/ca\/2018\/escapada-en-familia-a-vall-de-nuria-a-lhivern\/vall-nuria-hivern-4\/\" border=\"0\" itemprop=\"url\"> <meta itemprop=\"width\" content=\"262\"> <meta itemprop=\"height\" content=\"349\"> <img decoding=\"async\" class=\"\" data-attachment-id=\"5546\" data-orig-file=\"https:\/\/locaacademiafamiliar.com\/wp-content\/uploads\/2018\/02\/vall-nuria-hivern-4.jpg\" data-orig-size=\"2000,2667\" data-comments-opened=\"1\" data-image-meta=\"{&quot;aperture&quot;:&quot;2.2&quot;,&quot;credit&quot;:&quot;&quot;,&quot;camera&quot;:&quot;Aquaris U&quot;,&quot;caption&quot;:&quot;&quot;,&quot;created_timestamp&quot;:&quot;1518104834&quot;,&quot;copyright&quot;:&quot;&quot;,&quot;focal_length&quot;:&quot;3.4&quot;,&quot;iso&quot;:&quot;100&quot;,&quot;shutter_speed&quot;:&quot;0.000430848772081&quot;,&quot;title&quot;:&quot;&quot;,&quot;orientation&quot;:&quot;1&quot;}\" data-image-title=\"vall nuria hivern 4\" data-image-description=\"\" data-medium-file=\"https:\/\/i0.wp.com\/locaacademiafamiliar.com\/wp-content\/uploads\/2018\/02\/vall-nuria-hivern-4.jpg?fit=225%2C300&#038;ssl=1\" data-large-file=\"https:\/\/i0.wp.com\/locaacademiafamiliar.com\/wp-content\/uploads\/2018\/02\/vall-nuria-hivern-4.jpg?fit=768%2C1024&#038;ssl=1\" src=\"https:\/\/i0.wp.com\/locaacademiafamiliar.com\/wp-content\/uploads\/2018\/02\/vall-nuria-hivern-4.jpg?w=262&#038;h=349&#038;ssl=1\" srcset=\"https:\/\/i0.wp.com\/locaacademiafamiliar.com\/wp-content\/uploads\/2018\/02\/vall-nuria-hivern-4.jpg?w=2000&amp;ssl=1 2000w, https:\/\/i0.wp.com\/locaacademiafamiliar.com\/wp-content\/uploads\/2018\/02\/vall-nuria-hivern-4.jpg?resize=225%2C300&amp;ssl=1 225w, https:\/\/i0.wp.com\/locaacademiafamiliar.com\/wp-content\/uploads\/2018\/02\/vall-nuria-hivern-4.jpg?resize=768%2C1024&amp;ssl=1 768w\" width=\"262\" height=\"349\" loading=\"lazy\" data-original-width=\"262\" data-original-height=\"349\" itemprop=\"http:\/\/schema.org\/image\" title=\"vall nuria hivern 4\" alt=\"vall nuria hivern 4\" style=\"width: 262px; height: 349px;\" \/> <\/a> <\/div> <\/div> <!-- close group --> <div class=\"gallery-group images-2\" style=\"width: 234px; height: 353px;\" data-original-width=\"234\" data-original-height=\"353\" > <div class=\"tiled-gallery-item tiled-gallery-item-small\" itemprop=\"associatedMedia\" itemscope itemtype=\"http:\/\/schema.org\/ImageObject\"> <a href=\"https:\/\/locaacademiafamiliar.com\/ca\/2018\/escapada-en-familia-a-vall-de-nuria-a-lhivern\/vall-nuria-hivern-13\/\" border=\"0\" itemprop=\"url\"> <meta itemprop=\"width\" content=\"230\"> <meta itemprop=\"height\" content=\"173\"> <img decoding=\"async\" class=\"\" data-attachment-id=\"5555\" data-orig-file=\"https:\/\/locaacademiafamiliar.com\/wp-content\/uploads\/2018\/02\/vall-nuria-hivern-13.jpg\" data-orig-size=\"2000,1500\" data-comments-opened=\"1\" data-image-meta=\"{&quot;aperture&quot;:&quot;2.2&quot;,&quot;credit&quot;:&quot;&quot;,&quot;camera&quot;:&quot;Aquaris U&quot;,&quot;caption&quot;:&quot;&quot;,&quot;created_timestamp&quot;:&quot;1518196783&quot;,&quot;copyright&quot;:&quot;&quot;,&quot;focal_length&quot;:&quot;3.4&quot;,&quot;iso&quot;:&quot;731&quot;,&quot;shutter_speed&quot;:&quot;0.03030303030303&quot;,&quot;title&quot;:&quot;&quot;,&quot;orientation&quot;:&quot;1&quot;}\" data-image-title=\"vall nuria hivern 13\" data-image-description=\"\" data-medium-file=\"https:\/\/i0.wp.com\/locaacademiafamiliar.com\/wp-content\/uploads\/2018\/02\/vall-nuria-hivern-13.jpg?fit=300%2C225&#038;ssl=1\" data-large-file=\"https:\/\/i0.wp.com\/locaacademiafamiliar.com\/wp-content\/uploads\/2018\/02\/vall-nuria-hivern-13.jpg?fit=1024%2C768&#038;ssl=1\" src=\"https:\/\/i0.wp.com\/locaacademiafamiliar.com\/wp-content\/uploads\/2018\/02\/vall-nuria-hivern-13.jpg?w=230&#038;h=173&#038;ssl=1\" srcset=\"https:\/\/i0.wp.com\/locaacademiafamiliar.com\/wp-content\/uploads\/2018\/02\/vall-nuria-hivern-13.jpg?w=2000&amp;ssl=1 2000w, https:\/\/i0.wp.com\/locaacademiafamiliar.com\/wp-content\/uploads\/2018\/02\/vall-nuria-hivern-13.jpg?resize=300%2C225&amp;ssl=1 300w, https:\/\/i0.wp.com\/locaacademiafamiliar.com\/wp-content\/uploads\/2018\/02\/vall-nuria-hivern-13.jpg?resize=768%2C576&amp;ssl=1 768w, https:\/\/i0.wp.com\/locaacademiafamiliar.com\/wp-content\/uploads\/2018\/02\/vall-nuria-hivern-13.jpg?resize=1024%2C768&amp;ssl=1 1024w, https:\/\/i0.wp.com\/locaacademiafamiliar.com\/wp-content\/uploads\/2018\/02\/vall-nuria-hivern-13.jpg?resize=678%2C509&amp;ssl=1 678w, https:\/\/i0.wp.com\/locaacademiafamiliar.com\/wp-content\/uploads\/2018\/02\/vall-nuria-hivern-13.jpg?resize=326%2C245&amp;ssl=1 326w, https:\/\/i0.wp.com\/locaacademiafamiliar.com\/wp-content\/uploads\/2018\/02\/vall-nuria-hivern-13.jpg?resize=80%2C60&amp;ssl=1 80w\" width=\"230\" height=\"173\" loading=\"lazy\" data-original-width=\"230\" data-original-height=\"173\" itemprop=\"http:\/\/schema.org\/image\" title=\"vall nuria hivern 13\" alt=\"vall nuria hivern 13\" style=\"width: 230px; height: 173px;\" \/> <\/a> <\/div> <div class=\"tiled-gallery-item tiled-gallery-item-small\" itemprop=\"associatedMedia\" itemscope itemtype=\"http:\/\/schema.org\/ImageObject\"> <a href=\"https:\/\/locaacademiafamiliar.com\/ca\/2018\/escapada-en-familia-a-vall-de-nuria-a-lhivern\/vall-nuria-hivern-14\/\" border=\"0\" itemprop=\"url\"> <meta itemprop=\"width\" content=\"230\"> <meta itemprop=\"height\" content=\"172\"> <img decoding=\"async\" class=\"\" data-attachment-id=\"5556\" data-orig-file=\"https:\/\/locaacademiafamiliar.com\/wp-content\/uploads\/2018\/02\/vall-nuria-hivern-14.jpg\" data-orig-size=\"2000,1500\" data-comments-opened=\"1\" data-image-meta=\"{&quot;aperture&quot;:&quot;2.2&quot;,&quot;credit&quot;:&quot;&quot;,&quot;camera&quot;:&quot;Aquaris U&quot;,&quot;caption&quot;:&quot;&quot;,&quot;created_timestamp&quot;:&quot;1518199439&quot;,&quot;copyright&quot;:&quot;&quot;,&quot;focal_length&quot;:&quot;3.4&quot;,&quot;iso&quot;:&quot;1334&quot;,&quot;shutter_speed&quot;:&quot;0.1&quot;,&quot;title&quot;:&quot;&quot;,&quot;orientation&quot;:&quot;1&quot;}\" data-image-title=\"vall nuria hivern 14\" data-image-description=\"\" data-medium-file=\"https:\/\/i0.wp.com\/locaacademiafamiliar.com\/wp-content\/uploads\/2018\/02\/vall-nuria-hivern-14.jpg?fit=300%2C225&#038;ssl=1\" data-large-file=\"https:\/\/i0.wp.com\/locaacademiafamiliar.com\/wp-content\/uploads\/2018\/02\/vall-nuria-hivern-14.jpg?fit=1024%2C768&#038;ssl=1\" src=\"https:\/\/i0.wp.com\/locaacademiafamiliar.com\/wp-content\/uploads\/2018\/02\/vall-nuria-hivern-14.jpg?w=230&#038;h=172&#038;ssl=1\" srcset=\"https:\/\/i0.wp.com\/locaacademiafamiliar.com\/wp-content\/uploads\/2018\/02\/vall-nuria-hivern-14.jpg?w=2000&amp;ssl=1 2000w, https:\/\/i0.wp.com\/locaacademiafamiliar.com\/wp-content\/uploads\/2018\/02\/vall-nuria-hivern-14.jpg?resize=300%2C225&amp;ssl=1 300w, https:\/\/i0.wp.com\/locaacademiafamiliar.com\/wp-content\/uploads\/2018\/02\/vall-nuria-hivern-14.jpg?resize=768%2C576&amp;ssl=1 768w, https:\/\/i0.wp.com\/locaacademiafamiliar.com\/wp-content\/uploads\/2018\/02\/vall-nuria-hivern-14.jpg?resize=1024%2C768&amp;ssl=1 1024w, https:\/\/i0.wp.com\/locaacademiafamiliar.com\/wp-content\/uploads\/2018\/02\/vall-nuria-hivern-14.jpg?resize=678%2C509&amp;ssl=1 678w, https:\/\/i0.wp.com\/locaacademiafamiliar.com\/wp-content\/uploads\/2018\/02\/vall-nuria-hivern-14.jpg?resize=326%2C245&amp;ssl=1 326w, https:\/\/i0.wp.com\/locaacademiafamiliar.com\/wp-content\/uploads\/2018\/02\/vall-nuria-hivern-14.jpg?resize=80%2C60&amp;ssl=1 80w\" width=\"230\" height=\"172\" loading=\"lazy\" data-original-width=\"230\" data-original-height=\"172\" itemprop=\"http:\/\/schema.org\/image\" title=\"vall nuria hivern 14\" alt=\"vall nuria hivern 14\" style=\"width: 230px; height: 172px;\" \/> <\/a> <\/div> <\/div> <!-- close group --> <\/div> <!-- close row --> <\/div>\n<p><strong>Molt recomanable tamb\u00e9 l&#8217;excursi\u00f3 amb el telecabina &#8220;La coma del clot&#8221; fins a l&#8217;alberg.<\/strong> S\u00f3n nom\u00e9s uns minuts i el preu va incl\u00f2s a l&#8217;habitaci\u00f3, igual que el de cremallera. Les vistes des de dalt s\u00f3n espectaculars.<\/p>\n<div class=\"tiled-gallery type-rectangular tiled-gallery-unresized\" data-original-width=\"500\" data-carousel-extra='{&quot;blog_id&quot;:1,&quot;permalink&quot;:&quot;https:\\\/\\\/locaacademiafamiliar.com\\\/ca\\\/2018\\\/escapada-en-familia-a-vall-de-nuria-a-lhivern\\\/&quot;,&quot;likes_blog_id&quot;:119488531}' itemscope itemtype=\"http:\/\/schema.org\/ImageGallery\" > <div class=\"gallery-row\" style=\"width: 500px; height: 353px;\" data-original-width=\"500\" data-original-height=\"353\" > <div class=\"gallery-group images-1\" style=\"width: 266px; height: 353px;\" data-original-width=\"266\" data-original-height=\"353\" > <div class=\"tiled-gallery-item tiled-gallery-item-large\" itemprop=\"associatedMedia\" itemscope itemtype=\"http:\/\/schema.org\/ImageObject\"> <a href=\"https:\/\/locaacademiafamiliar.com\/ca\/2018\/escapada-en-familia-a-vall-de-nuria-a-lhivern\/vall-nuria-hivern-7\/\" border=\"0\" itemprop=\"url\"> <meta itemprop=\"width\" content=\"262\"> <meta itemprop=\"height\" content=\"349\"> <img decoding=\"async\" class=\"\" data-attachment-id=\"5549\" data-orig-file=\"https:\/\/locaacademiafamiliar.com\/wp-content\/uploads\/2018\/02\/vall-nuria-hivern-7.jpg\" data-orig-size=\"2000,2667\" data-comments-opened=\"1\" data-image-meta=\"{&quot;aperture&quot;:&quot;2.2&quot;,&quot;credit&quot;:&quot;&quot;,&quot;camera&quot;:&quot;Aquaris U&quot;,&quot;caption&quot;:&quot;&quot;,&quot;created_timestamp&quot;:&quot;1518106866&quot;,&quot;copyright&quot;:&quot;&quot;,&quot;focal_length&quot;:&quot;3.4&quot;,&quot;iso&quot;:&quot;100&quot;,&quot;shutter_speed&quot;:&quot;0.0037453183520599&quot;,&quot;title&quot;:&quot;&quot;,&quot;orientation&quot;:&quot;1&quot;}\" data-image-title=\"vall nuria hivern 7\" data-image-description=\"\" data-medium-file=\"https:\/\/i0.wp.com\/locaacademiafamiliar.com\/wp-content\/uploads\/2018\/02\/vall-nuria-hivern-7.jpg?fit=225%2C300&#038;ssl=1\" data-large-file=\"https:\/\/i0.wp.com\/locaacademiafamiliar.com\/wp-content\/uploads\/2018\/02\/vall-nuria-hivern-7.jpg?fit=768%2C1024&#038;ssl=1\" src=\"https:\/\/i0.wp.com\/locaacademiafamiliar.com\/wp-content\/uploads\/2018\/02\/vall-nuria-hivern-7.jpg?w=262&#038;h=349&#038;ssl=1\" srcset=\"https:\/\/i0.wp.com\/locaacademiafamiliar.com\/wp-content\/uploads\/2018\/02\/vall-nuria-hivern-7.jpg?w=2000&amp;ssl=1 2000w, https:\/\/i0.wp.com\/locaacademiafamiliar.com\/wp-content\/uploads\/2018\/02\/vall-nuria-hivern-7.jpg?resize=225%2C300&amp;ssl=1 225w, https:\/\/i0.wp.com\/locaacademiafamiliar.com\/wp-content\/uploads\/2018\/02\/vall-nuria-hivern-7.jpg?resize=768%2C1024&amp;ssl=1 768w\" width=\"262\" height=\"349\" loading=\"lazy\" data-original-width=\"262\" data-original-height=\"349\" itemprop=\"http:\/\/schema.org\/image\" title=\"vall nuria hivern 7\" alt=\"vall nuria hivern 7\" style=\"width: 262px; height: 349px;\" \/> <\/a> <\/div> <\/div> <!-- close group --> <div class=\"gallery-group images-2\" style=\"width: 234px; height: 353px;\" data-original-width=\"234\" data-original-height=\"353\" > <div class=\"tiled-gallery-item tiled-gallery-item-small\" itemprop=\"associatedMedia\" itemscope itemtype=\"http:\/\/schema.org\/ImageObject\"> <a href=\"https:\/\/locaacademiafamiliar.com\/ca\/2018\/escapada-en-familia-a-vall-de-nuria-a-lhivern\/vall-nuria-hivern-3\/\" border=\"0\" itemprop=\"url\"> <meta itemprop=\"width\" content=\"230\"> <meta itemprop=\"height\" content=\"173\"> <img decoding=\"async\" class=\"\" data-attachment-id=\"5545\" data-orig-file=\"https:\/\/locaacademiafamiliar.com\/wp-content\/uploads\/2018\/02\/vall-nuria-hivern-3.jpg\" data-orig-size=\"2000,1500\" data-comments-opened=\"1\" data-image-meta=\"{&quot;aperture&quot;:&quot;2.2&quot;,&quot;credit&quot;:&quot;&quot;,&quot;camera&quot;:&quot;Aquaris U&quot;,&quot;caption&quot;:&quot;&quot;,&quot;created_timestamp&quot;:&quot;1518104026&quot;,&quot;copyright&quot;:&quot;&quot;,&quot;focal_length&quot;:&quot;3.4&quot;,&quot;iso&quot;:&quot;100&quot;,&quot;shutter_speed&quot;:&quot;0.00044111160123511&quot;,&quot;title&quot;:&quot;&quot;,&quot;orientation&quot;:&quot;1&quot;}\" data-image-title=\"vall nuria hivern 3\" data-image-description=\"\" data-medium-file=\"https:\/\/i0.wp.com\/locaacademiafamiliar.com\/wp-content\/uploads\/2018\/02\/vall-nuria-hivern-3.jpg?fit=300%2C225&#038;ssl=1\" data-large-file=\"https:\/\/i0.wp.com\/locaacademiafamiliar.com\/wp-content\/uploads\/2018\/02\/vall-nuria-hivern-3.jpg?fit=1024%2C768&#038;ssl=1\" src=\"https:\/\/i0.wp.com\/locaacademiafamiliar.com\/wp-content\/uploads\/2018\/02\/vall-nuria-hivern-3.jpg?w=230&#038;h=173&#038;ssl=1\" srcset=\"https:\/\/i0.wp.com\/locaacademiafamiliar.com\/wp-content\/uploads\/2018\/02\/vall-nuria-hivern-3.jpg?w=2000&amp;ssl=1 2000w, https:\/\/i0.wp.com\/locaacademiafamiliar.com\/wp-content\/uploads\/2018\/02\/vall-nuria-hivern-3.jpg?resize=300%2C225&amp;ssl=1 300w, https:\/\/i0.wp.com\/locaacademiafamiliar.com\/wp-content\/uploads\/2018\/02\/vall-nuria-hivern-3.jpg?resize=768%2C576&amp;ssl=1 768w, https:\/\/i0.wp.com\/locaacademiafamiliar.com\/wp-content\/uploads\/2018\/02\/vall-nuria-hivern-3.jpg?resize=1024%2C768&amp;ssl=1 1024w, https:\/\/i0.wp.com\/locaacademiafamiliar.com\/wp-content\/uploads\/2018\/02\/vall-nuria-hivern-3.jpg?resize=678%2C509&amp;ssl=1 678w, https:\/\/i0.wp.com\/locaacademiafamiliar.com\/wp-content\/uploads\/2018\/02\/vall-nuria-hivern-3.jpg?resize=326%2C245&amp;ssl=1 326w, https:\/\/i0.wp.com\/locaacademiafamiliar.com\/wp-content\/uploads\/2018\/02\/vall-nuria-hivern-3.jpg?resize=80%2C60&amp;ssl=1 80w\" width=\"230\" height=\"173\" loading=\"lazy\" data-original-width=\"230\" data-original-height=\"173\" itemprop=\"http:\/\/schema.org\/image\" title=\"vall nuria hivern 3\" alt=\"vall nuria hivern 3\" style=\"width: 230px; height: 173px;\" \/> <\/a> <\/div> <div class=\"tiled-gallery-item tiled-gallery-item-small\" itemprop=\"associatedMedia\" itemscope itemtype=\"http:\/\/schema.org\/ImageObject\"> <a href=\"https:\/\/locaacademiafamiliar.com\/ca\/2018\/escapada-en-familia-a-vall-de-nuria-a-lhivern\/vall-nuria-hivern-2\/\" border=\"0\" itemprop=\"url\"> <meta itemprop=\"width\" content=\"230\"> <meta itemprop=\"height\" content=\"172\"> <img decoding=\"async\" class=\"\" data-attachment-id=\"5544\" data-orig-file=\"https:\/\/locaacademiafamiliar.com\/wp-content\/uploads\/2018\/02\/vall-nuria-hivern-2.jpg\" data-orig-size=\"2000,1500\" data-comments-opened=\"1\" data-image-meta=\"{&quot;aperture&quot;:&quot;2.2&quot;,&quot;credit&quot;:&quot;&quot;,&quot;camera&quot;:&quot;Aquaris U&quot;,&quot;caption&quot;:&quot;&quot;,&quot;created_timestamp&quot;:&quot;1518103537&quot;,&quot;copyright&quot;:&quot;&quot;,&quot;focal_length&quot;:&quot;3.4&quot;,&quot;iso&quot;:&quot;100&quot;,&quot;shutter_speed&quot;:&quot;0.0022675736961451&quot;,&quot;title&quot;:&quot;&quot;,&quot;orientation&quot;:&quot;1&quot;}\" data-image-title=\"vall nuria hivern 2\" data-image-description=\"\" data-medium-file=\"https:\/\/i0.wp.com\/locaacademiafamiliar.com\/wp-content\/uploads\/2018\/02\/vall-nuria-hivern-2.jpg?fit=300%2C225&#038;ssl=1\" data-large-file=\"https:\/\/i0.wp.com\/locaacademiafamiliar.com\/wp-content\/uploads\/2018\/02\/vall-nuria-hivern-2.jpg?fit=1024%2C768&#038;ssl=1\" src=\"https:\/\/i0.wp.com\/locaacademiafamiliar.com\/wp-content\/uploads\/2018\/02\/vall-nuria-hivern-2.jpg?w=230&#038;h=172&#038;ssl=1\" srcset=\"https:\/\/i0.wp.com\/locaacademiafamiliar.com\/wp-content\/uploads\/2018\/02\/vall-nuria-hivern-2.jpg?w=2000&amp;ssl=1 2000w, https:\/\/i0.wp.com\/locaacademiafamiliar.com\/wp-content\/uploads\/2018\/02\/vall-nuria-hivern-2.jpg?resize=300%2C225&amp;ssl=1 300w, https:\/\/i0.wp.com\/locaacademiafamiliar.com\/wp-content\/uploads\/2018\/02\/vall-nuria-hivern-2.jpg?resize=768%2C576&amp;ssl=1 768w, https:\/\/i0.wp.com\/locaacademiafamiliar.com\/wp-content\/uploads\/2018\/02\/vall-nuria-hivern-2.jpg?resize=1024%2C768&amp;ssl=1 1024w, https:\/\/i0.wp.com\/locaacademiafamiliar.com\/wp-content\/uploads\/2018\/02\/vall-nuria-hivern-2.jpg?resize=678%2C509&amp;ssl=1 678w, https:\/\/i0.wp.com\/locaacademiafamiliar.com\/wp-content\/uploads\/2018\/02\/vall-nuria-hivern-2.jpg?resize=326%2C245&amp;ssl=1 326w, https:\/\/i0.wp.com\/locaacademiafamiliar.com\/wp-content\/uploads\/2018\/02\/vall-nuria-hivern-2.jpg?resize=80%2C60&amp;ssl=1 80w\" width=\"230\" height=\"172\" loading=\"lazy\" data-original-width=\"230\" data-original-height=\"172\" itemprop=\"http:\/\/schema.org\/image\" title=\"vall nuria hivern 2\" alt=\"vall nuria hivern 2\" style=\"width: 230px; height: 172px;\" \/> <\/a> <\/div> <\/div> <!-- close group --> <\/div> <!-- close row --> <\/div>\n<p>Ens vam quedar amb ganes de fer alguna excursi\u00f3 m\u00e9s per la vall. Com veieu a les fotos,<strong> era impossible sortir dels caminets<\/strong> que els treballadors de la Vall de N\u00faria havien obert perqu\u00e8 pogu\u00e9ssim despla\u00e7ar-nos entre tanta neu.<\/p>\n<p>Tamb\u00e9 ens vam quedar sense poder jugar al<strong><a href=\"http:\/\/locaacademiafamiliar.com\/ca\/2017\/vall-nuria-amb-nens\/\"> Parc L\u00fadic<\/a>, on a l&#8217;estiu Roser i la seva fam\u00edlia s&#8217;ho van passar d&#8217;all\u00f2 m\u00e9s b\u00e9<\/strong>; doncs amb neu ni t&#8217;explico &#8230; Aquesta vegada no ens va donar temps a tot per\u00f2 aix\u00ed queda pendent per a la propera.<\/p>\n<h3>M\u00e9s consells<\/h3>\n<p>A nivell pr\u00e0ctic et comento que el mateix edifici de l&#8217;hotel disposa d<strong>&#8216;una botiga on podeu comprar des de l&#8217;equipaci\u00f3 per esquiar fins a productes de primera necessitat<\/strong> com bolquers passant pels t\u00edpics souvenirs i peluixos xul\u00edssims.<\/p>\n<p>Tamb\u00e9 hi ha una <strong>botiga d&#8217;alimentaci\u00f3,<\/strong> per\u00f2 si preteneu passar-hi uns dies \u00e9s millor pujar la majoria del menjar; aix\u00f2 s\u00ed, el pa era del forn cada dia \ud83d\ude42<\/p>\n<p>Ha estat una experi\u00e8ncia molt divertida i estic segura que<strong> tornarem amb m\u00e9s ganes de muntanya, neu i esqu\u00ed.<\/strong><\/p>\n<p>Finalment, quan aneu a tocar neu o a esquiar, alguna cosa que va molt b\u00e9 s\u00f3n els<strong> escalfa-mans, que com el seu nom indica escalfen les mans en segons!<\/strong> Van MOLT b\u00e9 i amb nens s\u00f3n imprescindibles!<\/p>\n<img decoding=\"async\" src=\"https:\/\/ir-es.amazon-adsystem.com\/e\/ir?t=locaacademia-21&l=alb&o=30&a=B076BWPGYJ\" width=\"1px\" height=\"1px\" alt=\"\" style=\"position: fixed !important; bottom: -1px !important; right: -1px !important; border:none !important; margin:0px !important;\" \/><img decoding=\"async\" src=\"https:\/\/ir-es.amazon-adsystem.com\/e\/ir?t=locaacademia-21&l=alb&o=30&a=B005PUU5B4\" width=\"1px\" height=\"1px\" alt=\"\" style=\"position: fixed !important; bottom: -1px !important; right: -1px !important; border:none !important; margin:0px !important;\" \/><img decoding=\"async\" src=\"https:\/\/ir-es.amazon-adsystem.com\/e\/ir?t=locaacademia-21&l=alb&o=30&a=B01LZ6IAJC\" width=\"1px\" height=\"1px\" alt=\"\" style=\"position: fixed !important; bottom: -1px !important; right: -1px !important; border:none !important; margin:0px !important;\" \/><!-- Ad Template with Carousel Layout-->\r\n <!--Section tag for iterating through the list of items-->\r\n<div class=\"aalb-44-pc-ad-unit\" id=\"aalb-B076BWPGYJ-B005PUU5B4-B01LZ6IAJC-ES-locaacademia-21-ProductCarousel-NoHeader\">\r\n    <div class=\"aalb-44-pc-wrapper\">\r\n      <div class=\"aalb-44-pc-product-container\">\r\n        <ul class=\"aalb-44-pc-product-list\">\r\n                  <\/ul>\r\n      <\/div>\r\n    <\/div>\r\n    <a href=\"javascript:void(0);\" class=\"aalb-44-pc-btn-prev\">\u2039<\/a>\r\n    <a href=\"javascript:void(0);\" class=\"aalb-44-pc-btn-next\">\u203a<\/a>\r\n  <\/div>\r\n\r\n<script>\r\n  jQuery(document).ready(function() {\r\n\r\n    var CONSTANTS = {\r\n        productMinWidth : 185,\r\n        productMargin   : 20\r\n    };\r\n\r\n    var $adUnits = jQuery('.aalb-44-pc-ad-unit');\r\n    $adUnits.each(function() {\r\n        var $adUnit           = jQuery(this),\r\n            $wrapper          = $adUnit.find('.aalb-44-pc-wrapper'),\r\n            $productContainer = $adUnit.find('.aalb-44-pc-product-container'),\r\n            $btnNext          = $adUnit.find('.aalb-44-pc-btn-next'),\r\n            $btnPrev          = $adUnit.find('.aalb-44-pc-btn-prev'),\r\n            $productList      = $productContainer.find('.aalb-44-pc-product-list'),\r\n            $products         = $productList.find('.aalb-44-pc-product'),\r\n            productCount      = $products.length;\r\n\r\n        if (!productCount) {\r\n            return true;\r\n        }\r\n\r\n        var rows            = $adUnit.find('input[name=rows]').length && parseInt($adUnit.find('input[name=rows]').val(), 10),\r\n            columns         = $adUnit.find('input[name=columns]').length && parseInt($adUnit.find('input[name=columns]').val(), 10),\r\n            disableCarousel = $adUnit.find('input[name=disable-carousel]').length || rows || columns;\r\n\r\n        if (columns) {\r\n            var productContainerMinWidth = columns * (CONSTANTS.productMinWidth + CONSTANTS.productMargin) + 'px';\r\n            $adUnit.css('min-width', productContainerMinWidth);\r\n            $productContainer.css('min-width', productContainerMinWidth);\r\n            $products.filter(':nth-child(' + columns + 'n + 1)').css('clear', 'both');\r\n        }\r\n\r\n        if (rows && columns) {\r\n            var cutOffIndex = (rows * columns) - 1;\r\n            $products.filter(':gt(' + cutOffIndex + ')').remove();\r\n        }\r\n\r\n        function updateLayout() {\r\n            var wrapperWidth    = $wrapper.width(),\r\n                possibleColumns = columns || parseInt(wrapperWidth \/ (CONSTANTS.productMinWidth + CONSTANTS.productMargin), 10),\r\n                actualColumns   = columns || possibleColumns < productCount ? possibleColumns : productCount,\r\n                productWidth    = parseInt(wrapperWidth \/ actualColumns, 10) - CONSTANTS.productMargin;\r\n\r\n            $products.css('width', productWidth + 'px');\r\n\r\n            if (!disableCarousel) {\r\n                if ((productCount * productWidth > wrapperWidth) && actualColumns !== 1) {\r\n                    $btnNext.css('visibility', 'visible').removeClass('disabled').unbind('click');\r\n                    $btnPrev.css('visibility', 'visible').removeClass('disabled').unbind('click');\r\n                    $productContainer.jCarouselLite({\r\n                        btnNext  : '#' + $adUnit.attr('id') + ' .aalb-44-pc-btn-next',\r\n                        btnPrev  : '#' + $adUnit.attr('id') + ' .aalb-44-pc-btn-prev',\r\n                        visible  : actualColumns,\r\n                        circular : false\r\n                    });\r\n                } else {\r\n                    $productContainer.css('width', 'auto');\r\n                    $productList.css('width', 'auto');\r\n                    $btnNext.css('visibility', 'hidden').unbind('click');\r\n                    $btnPrev.css('visibility', 'hidden').unbind('click');\r\n                }\r\n            }\r\n        }\r\n\r\n        updateLayout();\r\n        jQuery(window).resize(updateLayout);\r\n    });\r\n});\r\n\r\n\/*!\r\n * jCarouselLite - v1.1 - 2014-09-28\r\n * http:\/\/www.gmarwaha.com\/jquery\/jcarousellite\/\r\n * Copyright (c) 2014 Ganeshji Marwaha\r\n * Licensed MIT (https:\/\/github.com\/ganeshmax\/jcarousellite\/blob\/master\/LICENSE)\r\n*\/\r\n\r\n!function(a){a.jCarouselLite={version:\"1.1\"},a.fn.jCarouselLite=function(b){return b=a.extend({},a.fn.jCarouselLite.options,b||{}),this.each(function(){function c(a){return n||(clearTimeout(A),z=a,b.beforeStart&&b.beforeStart.call(this,i()),b.circular?j(a):k(a),m({start:function(){n=!0},done:function(){b.afterEnd&&b.afterEnd.call(this,i()),b.auto&&h(),n=!1}}),b.circular||l()),!1}function d(){if(n=!1,o=b.vertical?\"top\":\"left\",p=b.vertical?\"height\":\"width\",q=B.find(\">ul\"),r=q.find(\">li\"),x=r.size(),w=x<b.visible?x:b.visible,b.circular){var c=r.slice(x-w).clone(),d=r.slice(0,w).clone();q.prepend(c).append(d),b.start+=w}s=a(\"li\",q),y=s.size(),z=b.start}function e(){B.css(\"visibility\",\"visible\"),s.css({overflow:\"hidden\",\"float\":b.vertical?\"none\":\"left\"}),q.css({margin:\"0\",padding:\"0\",position:\"relative\",\"list-style\":\"none\",\"z-index\":\"1\"}),B.css({overflow:\"hidden\",position:\"relative\",\"z-index\":\"2\",left:\"0px\"}),!b.circular&&b.btnPrev&&0==b.start&&a(b.btnPrev).addClass(\"disabled\")}function f(){t=b.vertical?s.outerHeight(!0):s.outerWidth(!0),u=t*y,v=t*w,s.css({width:s.width(),height:s.height()}),q.css(p,u+\"px\").css(o,-(z*t)),B.css(p,v+\"px\")}function g(){b.btnPrev&&a(b.btnPrev).click(function(){return c(z-b.scroll)}),b.btnNext&&a(b.btnNext).click(function(){return c(z+b.scroll)}),b.btnGo&&a.each(b.btnGo,function(d,e){a(e).click(function(){return c(b.circular?w+d:d)})}),b.mouseWheel&&B.mousewheel&&B.mousewheel(function(a,d){return c(d>0?z-b.scroll:z+b.scroll)}),b.auto&&h()}function h(){A=setTimeout(function(){c(z+b.scroll)},b.auto)}function i(){return s.slice(z).slice(0,w)}function j(a){var c;a<=b.start-w-1?(c=a+x+b.scroll,q.css(o,-(c*t)+\"px\"),z=c-b.scroll):a>=y-w+1&&(c=a-x-b.scroll,q.css(o,-(c*t)+\"px\"),z=c+b.scroll)}function k(a){0>a?z=0:a>y-w&&(z=y-w)}function l(){a(b.btnPrev+\",\"+b.btnNext).removeClass(\"disabled\"),a(z-b.scroll<0&&b.btnPrev||z+b.scroll>y-w&&b.btnNext||[]).addClass(\"disabled\")}function m(c){n=!0,q.animate(\"left\"==o?{left:-(z*t)}:{top:-(z*t)},a.extend({duration:b.speed,easing:b.easing},c))}var n,o,p,q,r,s,t,u,v,w,x,y,z,A,B=a(this);d(),e(),f(),g()})},a.fn.jCarouselLite.options={btnPrev:null,btnNext:null,btnGo:null,mouseWheel:!1,auto:null,speed:200,easing:null,vertical:!1,circular:!0,visible:3,start:0,scroll:1,beforeStart:null,afterEnd:null}}(jQuery);\r\n\r\n\r\n<\/script>\r\n\n<p>&nbsp;<\/p>\n<p>&nbsp;<\/p>\n","protected":false},"excerpt":{"rendered":"<div class=\"mh-excerpt\"><p>Aquesta setmana hem estat 3 dies a Vall de N\u00faria i ha estat espectacular! Una destinaci\u00f3 familiar de primera, a 2.000 metres d&#8217;al\u00e7ada. T&#8217;explico els nostres consells i recomanacions per planejar una escapada amb nens a Vall de N\u00faria a l&#8217;hivern. <a class=\"mh-excerpt-more\" href=\"https:\/\/locaacademiafamiliar.com\/ca\/2018\/escapada-en-familia-a-vall-de-nuria-a-lhivern\/\" title=\"Escapada en fam\u00edlia a la Vall de N\u00faria a l&#8217;hivern\">[&#8230;]<\/a><\/p>\n<\/div>","protected":false},"author":2,"featured_media":2746,"comment_status":"open","ping_status":"open","sticky":false,"template":"","format":"standard","meta":{"_monsterinsights_skip_tracking":false,"_monsterinsights_sitenote_active":false,"_monsterinsights_sitenote_note":"","_monsterinsights_sitenote_category":0,"_jetpack_memberships_contains_paid_content":false,"footnotes":""},"categories":[37],"tags":[106,93,61],"class_list":{"0":"post-2772","1":"post","2":"type-post","3":"status-publish","4":"format-standard","5":"has-post-thumbnail","7":"category-geografia-ca","8":"tag-catalunya-ca","9":"tag-excursions","10":"tag-viatges"},"yoast_head":"<!-- This site is optimized with the Yoast SEO plugin v26.8 - https:\/\/yoast.com\/product\/yoast-seo-wordpress\/ -->\n<title>Escapada en fam\u00edlia a Vall de N\u00faria a l&#039;hivern<\/title>\n<meta name=\"description\" content=\"Escapada de cap de setmana a Vall de N\u00faria amb nens, a l&#039;hivern, per tocar neu, aprendre a esquiar i jugar en fam\u00edlia.\" \/>\n<meta name=\"robots\" content=\"index, follow, max-snippet:-1, max-image-preview:large, max-video-preview:-1\" \/>\n<link rel=\"canonical\" href=\"https:\/\/locaacademiafamiliar.com\/ca\/2018\/escapada-en-familia-a-vall-de-nuria-a-lhivern\/\" \/>\n<meta property=\"og:locale\" content=\"ca_ES\" \/>\n<meta property=\"og:type\" content=\"article\" \/>\n<meta property=\"og:title\" content=\"Escapada en fam\u00edlia a Vall de N\u00faria a l&#039;hivern\" \/>\n<meta property=\"og:description\" content=\"Escapada de cap de setmana a Vall de N\u00faria amb nens, a l&#039;hivern, per tocar neu, aprendre a esquiar i jugar en fam\u00edlia.\" \/>\n<meta property=\"og:url\" content=\"https:\/\/locaacademiafamiliar.com\/ca\/2018\/escapada-en-familia-a-vall-de-nuria-a-lhivern\/\" \/>\n<meta property=\"og:site_name\" content=\"Boja Acad\u00e8mia Familiar\" \/>\n<meta property=\"article:publisher\" content=\"https:\/\/www.facebook.com\/LocaAcademiaFamiliar\" \/>\n<meta property=\"article:published_time\" content=\"2018-02-15T14:55:20+00:00\" \/>\n<meta property=\"article:modified_time\" content=\"2018-02-16T11:15:19+00:00\" \/>\n<meta property=\"og:image\" content=\"https:\/\/locaacademiafamiliar.com\/wp-content\/uploads\/2018\/02\/vall-nuria-hivern-1.jpg\" \/>\n\t<meta property=\"og:image:width\" content=\"1333\" \/>\n\t<meta property=\"og:image:height\" content=\"1000\" \/>\n\t<meta property=\"og:image:type\" content=\"image\/jpeg\" \/>\n<meta name=\"author\" content=\"Elisabet\" \/>\n<meta name=\"twitter:card\" content=\"summary_large_image\" \/>\n<meta name=\"twitter:label1\" content=\"Escrit per\" \/>\n\t<meta name=\"twitter:data1\" content=\"Elisabet\" \/>\n\t<meta name=\"twitter:label2\" content=\"Temps estimat de lectura\" \/>\n\t<meta name=\"twitter:data2\" content=\"4 minuts\" \/>\n<script type=\"application\/ld+json\" class=\"yoast-schema-graph\">{\"@context\":\"https:\/\/schema.org\",\"@graph\":[{\"@type\":\"Article\",\"@id\":\"https:\/\/locaacademiafamiliar.com\/ca\/2018\/escapada-en-familia-a-vall-de-nuria-a-lhivern\/#article\",\"isPartOf\":{\"@id\":\"https:\/\/locaacademiafamiliar.com\/ca\/2018\/escapada-en-familia-a-vall-de-nuria-a-lhivern\/\"},\"author\":{\"name\":\"Elisabet\",\"@id\":\"https:\/\/locaacademiafamiliar.com\/ca\/#\/schema\/person\/8ddc70c9780d67ef5bbb462a307f8042\"},\"headline\":\"Escapada en fam\u00edlia a la Vall de N\u00faria a l&#8217;hivern\",\"datePublished\":\"2018-02-15T14:55:20+00:00\",\"dateModified\":\"2018-02-16T11:15:19+00:00\",\"mainEntityOfPage\":{\"@id\":\"https:\/\/locaacademiafamiliar.com\/ca\/2018\/escapada-en-familia-a-vall-de-nuria-a-lhivern\/\"},\"wordCount\":895,\"commentCount\":0,\"publisher\":{\"@id\":\"https:\/\/locaacademiafamiliar.com\/ca\/#organization\"},\"image\":{\"@id\":\"https:\/\/locaacademiafamiliar.com\/ca\/2018\/escapada-en-familia-a-vall-de-nuria-a-lhivern\/#primaryimage\"},\"thumbnailUrl\":\"https:\/\/i0.wp.com\/locaacademiafamiliar.com\/wp-content\/uploads\/2018\/02\/vall-nuria-hivern-1.jpg?fit=1333%2C1000&ssl=1\",\"keywords\":[\"catalunya\",\"Excursions\",\"Viatges\"],\"articleSection\":[\"Geografia\"],\"inLanguage\":\"ca\",\"potentialAction\":[{\"@type\":\"CommentAction\",\"name\":\"Comment\",\"target\":[\"https:\/\/locaacademiafamiliar.com\/ca\/2018\/escapada-en-familia-a-vall-de-nuria-a-lhivern\/#respond\"]}]},{\"@type\":\"WebPage\",\"@id\":\"https:\/\/locaacademiafamiliar.com\/ca\/2018\/escapada-en-familia-a-vall-de-nuria-a-lhivern\/\",\"url\":\"https:\/\/locaacademiafamiliar.com\/ca\/2018\/escapada-en-familia-a-vall-de-nuria-a-lhivern\/\",\"name\":\"Escapada en fam\u00edlia a Vall de N\u00faria a l'hivern\",\"isPartOf\":{\"@id\":\"https:\/\/locaacademiafamiliar.com\/ca\/#website\"},\"primaryImageOfPage\":{\"@id\":\"https:\/\/locaacademiafamiliar.com\/ca\/2018\/escapada-en-familia-a-vall-de-nuria-a-lhivern\/#primaryimage\"},\"image\":{\"@id\":\"https:\/\/locaacademiafamiliar.com\/ca\/2018\/escapada-en-familia-a-vall-de-nuria-a-lhivern\/#primaryimage\"},\"thumbnailUrl\":\"https:\/\/i0.wp.com\/locaacademiafamiliar.com\/wp-content\/uploads\/2018\/02\/vall-nuria-hivern-1.jpg?fit=1333%2C1000&ssl=1\",\"datePublished\":\"2018-02-15T14:55:20+00:00\",\"dateModified\":\"2018-02-16T11:15:19+00:00\",\"description\":\"Escapada de cap de setmana a Vall de N\u00faria amb nens, a l'hivern, per tocar neu, aprendre a esquiar i jugar en fam\u00edlia.\",\"breadcrumb\":{\"@id\":\"https:\/\/locaacademiafamiliar.com\/ca\/2018\/escapada-en-familia-a-vall-de-nuria-a-lhivern\/#breadcrumb\"},\"inLanguage\":\"ca\",\"potentialAction\":[{\"@type\":\"ReadAction\",\"target\":[\"https:\/\/locaacademiafamiliar.com\/ca\/2018\/escapada-en-familia-a-vall-de-nuria-a-lhivern\/\"]}]},{\"@type\":\"ImageObject\",\"inLanguage\":\"ca\",\"@id\":\"https:\/\/locaacademiafamiliar.com\/ca\/2018\/escapada-en-familia-a-vall-de-nuria-a-lhivern\/#primaryimage\",\"url\":\"https:\/\/i0.wp.com\/locaacademiafamiliar.com\/wp-content\/uploads\/2018\/02\/vall-nuria-hivern-1.jpg?fit=1333%2C1000&ssl=1\",\"contentUrl\":\"https:\/\/i0.wp.com\/locaacademiafamiliar.com\/wp-content\/uploads\/2018\/02\/vall-nuria-hivern-1.jpg?fit=1333%2C1000&ssl=1\",\"width\":1333,\"height\":1000},{\"@type\":\"BreadcrumbList\",\"@id\":\"https:\/\/locaacademiafamiliar.com\/ca\/2018\/escapada-en-familia-a-vall-de-nuria-a-lhivern\/#breadcrumb\",\"itemListElement\":[{\"@type\":\"ListItem\",\"position\":1,\"name\":\"Portada\",\"item\":\"https:\/\/locaacademiafamiliar.com\/ca\/\"},{\"@type\":\"ListItem\",\"position\":2,\"name\":\"Escapada en fam\u00edlia a la Vall de N\u00faria a l&#8217;hivern\"}]},{\"@type\":\"WebSite\",\"@id\":\"https:\/\/locaacademiafamiliar.com\/ca\/#website\",\"url\":\"https:\/\/locaacademiafamiliar.com\/ca\/\",\"name\":\"Boja Acad\u00e8mia Familiar\",\"description\":\"El blog de crianza con el que pap\u00e1s y mam\u00e1s salen mejor preparados para su rutina familiar diaria\",\"publisher\":{\"@id\":\"https:\/\/locaacademiafamiliar.com\/ca\/#organization\"},\"potentialAction\":[{\"@type\":\"SearchAction\",\"target\":{\"@type\":\"EntryPoint\",\"urlTemplate\":\"https:\/\/locaacademiafamiliar.com\/ca\/?s={search_term_string}\"},\"query-input\":{\"@type\":\"PropertyValueSpecification\",\"valueRequired\":true,\"valueName\":\"search_term_string\"}}],\"inLanguage\":\"ca\"},{\"@type\":\"Organization\",\"@id\":\"https:\/\/locaacademiafamiliar.com\/ca\/#organization\",\"name\":\"LocaAcademiaFamiliar.com\",\"url\":\"https:\/\/locaacademiafamiliar.com\/ca\/\",\"logo\":{\"@type\":\"ImageObject\",\"inLanguage\":\"ca\",\"@id\":\"https:\/\/locaacademiafamiliar.com\/ca\/#\/schema\/logo\/image\/\",\"url\":\"https:\/\/locaacademiafamiliar.com\/wp-content\/uploads\/2020\/01\/logo-loca-academia-familiar.jpg\",\"contentUrl\":\"https:\/\/locaacademiafamiliar.com\/wp-content\/uploads\/2020\/01\/logo-loca-academia-familiar.jpg\",\"width\":960,\"height\":960,\"caption\":\"LocaAcademiaFamiliar.com\"},\"image\":{\"@id\":\"https:\/\/locaacademiafamiliar.com\/ca\/#\/schema\/logo\/image\/\"},\"sameAs\":[\"https:\/\/www.facebook.com\/LocaAcademiaFamiliar\"]},{\"@type\":\"Person\",\"@id\":\"https:\/\/locaacademiafamiliar.com\/ca\/#\/schema\/person\/8ddc70c9780d67ef5bbb462a307f8042\",\"name\":\"Elisabet\",\"image\":{\"@type\":\"ImageObject\",\"inLanguage\":\"ca\",\"@id\":\"https:\/\/locaacademiafamiliar.com\/ca\/#\/schema\/person\/image\/\",\"url\":\"https:\/\/secure.gravatar.com\/avatar\/b7cd6a228ab9368d5f221ffe7f0dae77?s=96&d=mm&r=g\",\"contentUrl\":\"https:\/\/secure.gravatar.com\/avatar\/b7cd6a228ab9368d5f221ffe7f0dae77?s=96&d=mm&r=g\",\"caption\":\"Elisabet\"},\"description\":\"\u00a1Hola! Soy Elisabet, aunque en algunos grupos de whatsapp soy simplemente mam\u00e1 de \u00cd. Tengo dos hijas muy divertidas, la primera nacida en febrero del 2013 y la segunda el enero del 2016 as\u00ed que ya hace m\u00e1s de tres a\u00f1os que vivo en horario infantil. En el mundo adulto trabajo en un hospital de Barcelona, soy enfermera y comadrona. Si quieres estar informado de los eventos y actividades para familias con ni\u00f1os en Catalunya, haz click aqu\u00ed para apuntarte a nuestra newsletter.\",\"sameAs\":[\"http:\/\/www.locaacademiafamiliar.com\"],\"url\":\"https:\/\/locaacademiafamiliar.com\/ca\/author\/eli\/\"}]}<\/script>\n<!-- \/ Yoast SEO plugin. -->","yoast_head_json":{"title":"Escapada en fam\u00edlia a Vall de N\u00faria a l'hivern","description":"Escapada de cap de setmana a Vall de N\u00faria amb nens, a l'hivern, per tocar neu, aprendre a esquiar i jugar en fam\u00edlia.","robots":{"index":"index","follow":"follow","max-snippet":"max-snippet:-1","max-image-preview":"max-image-preview:large","max-video-preview":"max-video-preview:-1"},"canonical":"https:\/\/locaacademiafamiliar.com\/ca\/2018\/escapada-en-familia-a-vall-de-nuria-a-lhivern\/","og_locale":"ca_ES","og_type":"article","og_title":"Escapada en fam\u00edlia a Vall de N\u00faria a l'hivern","og_description":"Escapada de cap de setmana a Vall de N\u00faria amb nens, a l'hivern, per tocar neu, aprendre a esquiar i jugar en fam\u00edlia.","og_url":"https:\/\/locaacademiafamiliar.com\/ca\/2018\/escapada-en-familia-a-vall-de-nuria-a-lhivern\/","og_site_name":"Boja Acad\u00e8mia Familiar","article_publisher":"https:\/\/www.facebook.com\/LocaAcademiaFamiliar","article_published_time":"2018-02-15T14:55:20+00:00","article_modified_time":"2018-02-16T11:15:19+00:00","og_image":[{"width":1333,"height":1000,"url":"https:\/\/locaacademiafamiliar.com\/wp-content\/uploads\/2018\/02\/vall-nuria-hivern-1.jpg","type":"image\/jpeg"}],"author":"Elisabet","twitter_card":"summary_large_image","twitter_misc":{"Escrit per":"Elisabet","Temps estimat de lectura":"4 minuts"},"schema":{"@context":"https:\/\/schema.org","@graph":[{"@type":"Article","@id":"https:\/\/locaacademiafamiliar.com\/ca\/2018\/escapada-en-familia-a-vall-de-nuria-a-lhivern\/#article","isPartOf":{"@id":"https:\/\/locaacademiafamiliar.com\/ca\/2018\/escapada-en-familia-a-vall-de-nuria-a-lhivern\/"},"author":{"name":"Elisabet","@id":"https:\/\/locaacademiafamiliar.com\/ca\/#\/schema\/person\/8ddc70c9780d67ef5bbb462a307f8042"},"headline":"Escapada en fam\u00edlia a la Vall de N\u00faria a l&#8217;hivern","datePublished":"2018-02-15T14:55:20+00:00","dateModified":"2018-02-16T11:15:19+00:00","mainEntityOfPage":{"@id":"https:\/\/locaacademiafamiliar.com\/ca\/2018\/escapada-en-familia-a-vall-de-nuria-a-lhivern\/"},"wordCount":895,"commentCount":0,"publisher":{"@id":"https:\/\/locaacademiafamiliar.com\/ca\/#organization"},"image":{"@id":"https:\/\/locaacademiafamiliar.com\/ca\/2018\/escapada-en-familia-a-vall-de-nuria-a-lhivern\/#primaryimage"},"thumbnailUrl":"https:\/\/i0.wp.com\/locaacademiafamiliar.com\/wp-content\/uploads\/2018\/02\/vall-nuria-hivern-1.jpg?fit=1333%2C1000&ssl=1","keywords":["catalunya","Excursions","Viatges"],"articleSection":["Geografia"],"inLanguage":"ca","potentialAction":[{"@type":"CommentAction","name":"Comment","target":["https:\/\/locaacademiafamiliar.com\/ca\/2018\/escapada-en-familia-a-vall-de-nuria-a-lhivern\/#respond"]}]},{"@type":"WebPage","@id":"https:\/\/locaacademiafamiliar.com\/ca\/2018\/escapada-en-familia-a-vall-de-nuria-a-lhivern\/","url":"https:\/\/locaacademiafamiliar.com\/ca\/2018\/escapada-en-familia-a-vall-de-nuria-a-lhivern\/","name":"Escapada en fam\u00edlia a Vall de N\u00faria a l'hivern","isPartOf":{"@id":"https:\/\/locaacademiafamiliar.com\/ca\/#website"},"primaryImageOfPage":{"@id":"https:\/\/locaacademiafamiliar.com\/ca\/2018\/escapada-en-familia-a-vall-de-nuria-a-lhivern\/#primaryimage"},"image":{"@id":"https:\/\/locaacademiafamiliar.com\/ca\/2018\/escapada-en-familia-a-vall-de-nuria-a-lhivern\/#primaryimage"},"thumbnailUrl":"https:\/\/i0.wp.com\/locaacademiafamiliar.com\/wp-content\/uploads\/2018\/02\/vall-nuria-hivern-1.jpg?fit=1333%2C1000&ssl=1","datePublished":"2018-02-15T14:55:20+00:00","dateModified":"2018-02-16T11:15:19+00:00","description":"Escapada de cap de setmana a Vall de N\u00faria amb nens, a l'hivern, per tocar neu, aprendre a esquiar i jugar en fam\u00edlia.","breadcrumb":{"@id":"https:\/\/locaacademiafamiliar.com\/ca\/2018\/escapada-en-familia-a-vall-de-nuria-a-lhivern\/#breadcrumb"},"inLanguage":"ca","potentialAction":[{"@type":"ReadAction","target":["https:\/\/locaacademiafamiliar.com\/ca\/2018\/escapada-en-familia-a-vall-de-nuria-a-lhivern\/"]}]},{"@type":"ImageObject","inLanguage":"ca","@id":"https:\/\/locaacademiafamiliar.com\/ca\/2018\/escapada-en-familia-a-vall-de-nuria-a-lhivern\/#primaryimage","url":"https:\/\/i0.wp.com\/locaacademiafamiliar.com\/wp-content\/uploads\/2018\/02\/vall-nuria-hivern-1.jpg?fit=1333%2C1000&ssl=1","contentUrl":"https:\/\/i0.wp.com\/locaacademiafamiliar.com\/wp-content\/uploads\/2018\/02\/vall-nuria-hivern-1.jpg?fit=1333%2C1000&ssl=1","width":1333,"height":1000},{"@type":"BreadcrumbList","@id":"https:\/\/locaacademiafamiliar.com\/ca\/2018\/escapada-en-familia-a-vall-de-nuria-a-lhivern\/#breadcrumb","itemListElement":[{"@type":"ListItem","position":1,"name":"Portada","item":"https:\/\/locaacademiafamiliar.com\/ca\/"},{"@type":"ListItem","position":2,"name":"Escapada en fam\u00edlia a la Vall de N\u00faria a l&#8217;hivern"}]},{"@type":"WebSite","@id":"https:\/\/locaacademiafamiliar.com\/ca\/#website","url":"https:\/\/locaacademiafamiliar.com\/ca\/","name":"Boja Acad\u00e8mia Familiar","description":"El blog de crianza con el que pap\u00e1s y mam\u00e1s salen mejor preparados para su rutina familiar diaria","publisher":{"@id":"https:\/\/locaacademiafamiliar.com\/ca\/#organization"},"potentialAction":[{"@type":"SearchAction","target":{"@type":"EntryPoint","urlTemplate":"https:\/\/locaacademiafamiliar.com\/ca\/?s={search_term_string}"},"query-input":{"@type":"PropertyValueSpecification","valueRequired":true,"valueName":"search_term_string"}}],"inLanguage":"ca"},{"@type":"Organization","@id":"https:\/\/locaacademiafamiliar.com\/ca\/#organization","name":"LocaAcademiaFamiliar.com","url":"https:\/\/locaacademiafamiliar.com\/ca\/","logo":{"@type":"ImageObject","inLanguage":"ca","@id":"https:\/\/locaacademiafamiliar.com\/ca\/#\/schema\/logo\/image\/","url":"https:\/\/locaacademiafamiliar.com\/wp-content\/uploads\/2020\/01\/logo-loca-academia-familiar.jpg","contentUrl":"https:\/\/locaacademiafamiliar.com\/wp-content\/uploads\/2020\/01\/logo-loca-academia-familiar.jpg","width":960,"height":960,"caption":"LocaAcademiaFamiliar.com"},"image":{"@id":"https:\/\/locaacademiafamiliar.com\/ca\/#\/schema\/logo\/image\/"},"sameAs":["https:\/\/www.facebook.com\/LocaAcademiaFamiliar"]},{"@type":"Person","@id":"https:\/\/locaacademiafamiliar.com\/ca\/#\/schema\/person\/8ddc70c9780d67ef5bbb462a307f8042","name":"Elisabet","image":{"@type":"ImageObject","inLanguage":"ca","@id":"https:\/\/locaacademiafamiliar.com\/ca\/#\/schema\/person\/image\/","url":"https:\/\/secure.gravatar.com\/avatar\/b7cd6a228ab9368d5f221ffe7f0dae77?s=96&d=mm&r=g","contentUrl":"https:\/\/secure.gravatar.com\/avatar\/b7cd6a228ab9368d5f221ffe7f0dae77?s=96&d=mm&r=g","caption":"Elisabet"},"description":"\u00a1Hola! Soy Elisabet, aunque en algunos grupos de whatsapp soy simplemente mam\u00e1 de \u00cd. Tengo dos hijas muy divertidas, la primera nacida en febrero del 2013 y la segunda el enero del 2016 as\u00ed que ya hace m\u00e1s de tres a\u00f1os que vivo en horario infantil. En el mundo adulto trabajo en un hospital de Barcelona, soy enfermera y comadrona. Si quieres estar informado de los eventos y actividades para familias con ni\u00f1os en Catalunya, haz click aqu\u00ed para apuntarte a nuestra newsletter.","sameAs":["http:\/\/www.locaacademiafamiliar.com"],"url":"https:\/\/locaacademiafamiliar.com\/ca\/author\/eli\/"}]}},"jetpack_featured_media_url":"https:\/\/i0.wp.com\/locaacademiafamiliar.com\/wp-content\/uploads\/2018\/02\/vall-nuria-hivern-1.jpg?fit=1333%2C1000&ssl=1","jetpack_sharing_enabled":true,"amp_enabled":true,"_links":{"self":[{"href":"https:\/\/locaacademiafamiliar.com\/ca\/wp-json\/wp\/v2\/posts\/2772","targetHints":{"allow":["GET"]}}],"collection":[{"href":"https:\/\/locaacademiafamiliar.com\/ca\/wp-json\/wp\/v2\/posts"}],"about":[{"href":"https:\/\/locaacademiafamiliar.com\/ca\/wp-json\/wp\/v2\/types\/post"}],"author":[{"embeddable":true,"href":"https:\/\/locaacademiafamiliar.com\/ca\/wp-json\/wp\/v2\/users\/2"}],"replies":[{"embeddable":true,"href":"https:\/\/locaacademiafamiliar.com\/ca\/wp-json\/wp\/v2\/comments?post=2772"}],"version-history":[{"count":0,"href":"https:\/\/locaacademiafamiliar.com\/ca\/wp-json\/wp\/v2\/posts\/2772\/revisions"}],"wp:featuredmedia":[{"embeddable":true,"href":"https:\/\/locaacademiafamiliar.com\/ca\/wp-json\/wp\/v2\/media\/2746"}],"wp:attachment":[{"href":"https:\/\/locaacademiafamiliar.com\/ca\/wp-json\/wp\/v2\/media?parent=2772"}],"wp:term":[{"taxonomy":"category","embeddable":true,"href":"https:\/\/locaacademiafamiliar.com\/ca\/wp-json\/wp\/v2\/categories?post=2772"},{"taxonomy":"post_tag","embeddable":true,"href":"https:\/\/locaacademiafamiliar.com\/ca\/wp-json\/wp\/v2\/tags?post=2772"}],"curies":[{"name":"wp","href":"https:\/\/api.w.org\/{rel}","templated":true}]}}