{"id":3297,"date":"2018-05-10T20:34:11","date_gmt":"2018-05-10T20:34:11","guid":{"rendered":"http:\/\/locaacademiafamiliar.com\/?p=3297"},"modified":"2018-05-10T20:52:37","modified_gmt":"2018-05-10T20:52:37","slug":"la-nostra-experiencia-a-la-fira-de-bebes-mamas","status":"publish","type":"post","link":"https:\/\/locaacademiafamiliar.com\/ca\/2018\/la-nostra-experiencia-a-la-fira-de-bebes-mamas\/","title":{"rendered":"La nostra experi\u00e8ncia a la fira de &#8220;Beb\u00e9s &#038; Mam\u00e1s&#8221;"},"content":{"rendered":"<p>Diumenge passat vam visitar la <strong><a href=\"https:\/\/www.bebesmamas.com\/\" target=\"_blank\" rel=\"noopener\">fira Beb\u00e9s &amp; Mam\u00e1s<\/a>, a Barcelona (Fira Montju\u00efc)<\/strong>, a la recerca de nous productes i serveis per a futures fam\u00edlies i tamb\u00e9 per a nens petits. Avui volem explicar-vos el que vam veure i el que m\u00e9s ens va agradar per si a alguna li pot ser \u00fatil.<\/p>\n<p>Recordeu que <strong>la fira Beb\u00e9s y Mam\u00e1s es realitza anualment en tres ciutats, al llarg de tot l&#8217;any: Barcelona, Val\u00e8ncia i Madrid<\/strong>. S\u00f3n dos dies de fira i l&#8217;entrada costa 11 \u20ac; Per\u00f2, atenci\u00f3! <strong>a trav\u00e9s de la <a href=\"https:\/\/www.bebesmamas.com\/\" target=\"_blank\" rel=\"noopener\">p\u00e0gina web<\/a> pot descarregar-se un descompte amb el qual l&#8217;entrada costa 8 \u20ac.<\/strong><\/p>\n<p>Hi havia for\u00e7a gent. Nosaltres vam arribar a primera hora (10h) per\u00f2 cap a les 11h ja estava bastant ple, aix\u00ed que el <strong>primer consell \u00e9s que arribeu ben aviat<\/strong>.<strong> La mobilitat amb cotxet estava una mica justa, millor si podeu anar-hi amb <a href=\"http:\/\/locaacademiafamiliar.com\/ca\/2018\/perque-som-fans-portejar-i-les-nostres-opinions-les-diferents-motxilles-ergonomiques\/\">motxilla porta-nadons<\/a>.<\/strong><\/p>\n<div class=\"tiled-gallery type-rectangular tiled-gallery-unresized\" data-original-width=\"500\" data-carousel-extra='{&quot;blog_id&quot;:1,&quot;permalink&quot;:&quot;https:\\\/\\\/locaacademiafamiliar.com\\\/ca\\\/2018\\\/la-nostra-experiencia-a-la-fira-de-bebes-mamas\\\/&quot;,&quot;likes_blog_id&quot;:119488531}' itemscope itemtype=\"http:\/\/schema.org\/ImageGallery\" > <div class=\"gallery-row\" style=\"width: 500px; height: 240px;\" data-original-width=\"500\" data-original-height=\"240\" > <div class=\"gallery-group images-1\" style=\"width: 319px; height: 240px;\" data-original-width=\"319\" data-original-height=\"240\" > <div class=\"tiled-gallery-item tiled-gallery-item-large\" itemprop=\"associatedMedia\" itemscope itemtype=\"http:\/\/schema.org\/ImageObject\"> <a href=\"https:\/\/locaacademiafamiliar.com\/ca\/2018\/la-nostra-experiencia-a-la-fira-de-bebes-mamas\/bebes-mamas-barcelona-2018-_18\/\" border=\"0\" itemprop=\"url\"> <meta itemprop=\"width\" content=\"315\"> <meta itemprop=\"height\" content=\"236\"> <img decoding=\"async\" class=\"\" data-attachment-id=\"5696\" data-orig-file=\"https:\/\/locaacademiafamiliar.com\/wp-content\/uploads\/2018\/05\/bebes-mamas-barcelona-2018-_18.jpg\" data-orig-size=\"1600,1200\" data-comments-opened=\"1\" data-image-meta=\"{&quot;aperture&quot;:&quot;0&quot;,&quot;credit&quot;:&quot;&quot;,&quot;camera&quot;:&quot;&quot;,&quot;caption&quot;:&quot;&quot;,&quot;created_timestamp&quot;:&quot;0&quot;,&quot;copyright&quot;:&quot;&quot;,&quot;focal_length&quot;:&quot;0&quot;,&quot;iso&quot;:&quot;0&quot;,&quot;shutter_speed&quot;:&quot;0&quot;,&quot;title&quot;:&quot;&quot;,&quot;orientation&quot;:&quot;0&quot;}\" data-image-title=\"bebes mamas barcelona 2018 _18\" data-image-description=\"\" data-medium-file=\"https:\/\/i0.wp.com\/locaacademiafamiliar.com\/wp-content\/uploads\/2018\/05\/bebes-mamas-barcelona-2018-_18.jpg?fit=300%2C225&#038;ssl=1\" data-large-file=\"https:\/\/i0.wp.com\/locaacademiafamiliar.com\/wp-content\/uploads\/2018\/05\/bebes-mamas-barcelona-2018-_18.jpg?fit=1024%2C768&#038;ssl=1\" src=\"https:\/\/i0.wp.com\/locaacademiafamiliar.com\/wp-content\/uploads\/2018\/05\/bebes-mamas-barcelona-2018-_18.jpg?w=315&#038;h=236&#038;ssl=1\" width=\"315\" height=\"236\" loading=\"lazy\" data-original-width=\"315\" data-original-height=\"236\" itemprop=\"http:\/\/schema.org\/image\" title=\"bebes mamas barcelona 2018 _18\" alt=\"bebes mamas barcelona 2018 _18\" style=\"width: 315px; height: 236px;\" \/> <\/a> <\/div> <\/div> <!-- close group --> <div class=\"gallery-group images-1\" style=\"width: 181px; height: 240px;\" data-original-width=\"181\" data-original-height=\"240\" > <div class=\"tiled-gallery-item tiled-gallery-item-small\" itemprop=\"associatedMedia\" itemscope itemtype=\"http:\/\/schema.org\/ImageObject\"> <a href=\"https:\/\/locaacademiafamiliar.com\/ca\/2018\/la-nostra-experiencia-a-la-fira-de-bebes-mamas\/bebes-mamas-barcelona-2018-_19\/\" border=\"0\" itemprop=\"url\"> <meta itemprop=\"width\" content=\"177\"> <meta itemprop=\"height\" content=\"236\"> <img decoding=\"async\" class=\"\" data-attachment-id=\"5697\" data-orig-file=\"https:\/\/locaacademiafamiliar.com\/wp-content\/uploads\/2018\/05\/bebes-mamas-barcelona-2018-_19.jpg\" data-orig-size=\"1200,1600\" data-comments-opened=\"1\" data-image-meta=\"{&quot;aperture&quot;:&quot;0&quot;,&quot;credit&quot;:&quot;&quot;,&quot;camera&quot;:&quot;&quot;,&quot;caption&quot;:&quot;&quot;,&quot;created_timestamp&quot;:&quot;0&quot;,&quot;copyright&quot;:&quot;&quot;,&quot;focal_length&quot;:&quot;0&quot;,&quot;iso&quot;:&quot;0&quot;,&quot;shutter_speed&quot;:&quot;0&quot;,&quot;title&quot;:&quot;&quot;,&quot;orientation&quot;:&quot;0&quot;}\" data-image-title=\"bebes mamas barcelona 2018 _19\" data-image-description=\"\" data-medium-file=\"https:\/\/i0.wp.com\/locaacademiafamiliar.com\/wp-content\/uploads\/2018\/05\/bebes-mamas-barcelona-2018-_19.jpg?fit=225%2C300&#038;ssl=1\" data-large-file=\"https:\/\/i0.wp.com\/locaacademiafamiliar.com\/wp-content\/uploads\/2018\/05\/bebes-mamas-barcelona-2018-_19.jpg?fit=768%2C1024&#038;ssl=1\" src=\"https:\/\/i0.wp.com\/locaacademiafamiliar.com\/wp-content\/uploads\/2018\/05\/bebes-mamas-barcelona-2018-_19.jpg?w=177&#038;h=236&#038;ssl=1\" width=\"177\" height=\"236\" loading=\"lazy\" data-original-width=\"177\" data-original-height=\"236\" itemprop=\"http:\/\/schema.org\/image\" title=\"bebes mamas barcelona 2018 _19\" alt=\"bebes mamas barcelona 2018 _19\" style=\"width: 177px; height: 236px;\" \/> <\/a> <\/div> <\/div> <!-- close group --> <\/div> <!-- close row --> <\/div>\n<p>Nosaltres hi vam anar amb en M, que t\u00e9 <a href=\"http:\/\/locaacademiafamiliar.com\/ca\/tag\/sis-nou-dotze-mesos\/\"><strong>6 mesos<\/strong><\/a>. El primer que vam fer va ser passar-nos per l&#8217;estand de l&#8217;<a href=\"http:\/\/www.masajeinfantil.org\/\" target=\"_blank\" rel=\"noopener\"><strong>Associaci\u00f3 Espanyola de Massatge Infantil<\/strong><\/a> <strong>per fer una classe pr\u00e0ctica de massatge infantil. Molt recomanable amb nadons fins a 1 any<\/strong>. Vam haver inscriure&#8217;ns pr\u00e8viament en el seu estand per reservar hora. Pot ser bona idea que sigui un dels primers estands que visiteu, aix\u00ed tindreu bastants horaris disponibles. <strong>Vam comen\u00e7ar el taller molt motivades per\u00f2 a en M li va entrar gana a mig massatge de cama<\/strong> \ud83d\ude42 aix\u00ed que vam haver de marxar a la zona de lact\u00e0ncia. Per\u00f2 vam aprendre <strong>alguns moviments del massatge de cama que segur que aplicarem a casa.<\/strong><\/p>\n<p><strong>La zona de <a href=\"http:\/\/locaacademiafamiliar.com\/ca\/tag\/lactancia-ca\/\">lact\u00e0ncia<\/a> va resultar ser for\u00e7a acollidora<\/strong>, amb unes quantes butaques i un microones, \u00fatil per a les fam\u00edlies que aneu amb bibes o triturats. Al costat hi ha <strong>l&#8217;\u00e0rea de canvi de bolquer, tamb\u00e9 \u00e0mplia<\/strong>.<\/p>\n<p>Si aneu amb nadons m\u00e9s grandets podeu gaudir de les <strong>zones de jocs<\/strong>. Hi havia una <strong><a href=\"http:\/\/www.laxarranca.com\/actividades\/espacio-bebes\/\">bombolla gegant de La Xarranca<\/a> (instal\u00b7lada i patrocinada per la <a href=\"https:\/\/www.stoksdidactic.com\/\">botiga de joguines Stock Didactic<\/a>), que \u00e9s una carpa enorme amb joguines i parets sensorials que feia les del\u00edcies dels gatejadors<\/strong>. Ens va encantar!<\/p>\n<div class=\"tiled-gallery type-rectangular tiled-gallery-unresized\" data-original-width=\"500\" data-carousel-extra='{&quot;blog_id&quot;:1,&quot;permalink&quot;:&quot;https:\\\/\\\/locaacademiafamiliar.com\\\/ca\\\/2018\\\/la-nostra-experiencia-a-la-fira-de-bebes-mamas\\\/&quot;,&quot;likes_blog_id&quot;:119488531}' itemscope itemtype=\"http:\/\/schema.org\/ImageGallery\" > <div class=\"gallery-row\" style=\"width: 500px; height: 240px;\" data-original-width=\"500\" data-original-height=\"240\" > <div class=\"gallery-group images-1\" style=\"width: 319px; height: 240px;\" data-original-width=\"319\" data-original-height=\"240\" > <div class=\"tiled-gallery-item tiled-gallery-item-large\" itemprop=\"associatedMedia\" itemscope itemtype=\"http:\/\/schema.org\/ImageObject\"> <a href=\"https:\/\/locaacademiafamiliar.com\/ca\/2018\/la-nostra-experiencia-a-la-fira-de-bebes-mamas\/dav-135\/\" border=\"0\" itemprop=\"url\"> <meta itemprop=\"width\" content=\"315\"> <meta itemprop=\"height\" content=\"236\"> <img decoding=\"async\" class=\"\" data-attachment-id=\"5689\" data-orig-file=\"https:\/\/locaacademiafamiliar.com\/wp-content\/uploads\/2018\/05\/bebes-mamas-barcelona-2018-_4.jpg\" data-orig-size=\"1200,900\" data-comments-opened=\"1\" data-image-meta=\"{&quot;aperture&quot;:&quot;2&quot;,&quot;credit&quot;:&quot;&quot;,&quot;camera&quot;:&quot;HUAWEI GRA-L09&quot;,&quot;caption&quot;:&quot;dav&quot;,&quot;created_timestamp&quot;:&quot;1525604294&quot;,&quot;copyright&quot;:&quot;&quot;,&quot;focal_length&quot;:&quot;3.83&quot;,&quot;iso&quot;:&quot;400&quot;,&quot;shutter_speed&quot;:&quot;0.03999600039996&quot;,&quot;title&quot;:&quot;dav&quot;,&quot;orientation&quot;:&quot;1&quot;}\" data-image-title=\"dav\" data-image-description=\"\" data-medium-file=\"https:\/\/i0.wp.com\/locaacademiafamiliar.com\/wp-content\/uploads\/2018\/05\/bebes-mamas-barcelona-2018-_4.jpg?fit=300%2C225&#038;ssl=1\" data-large-file=\"https:\/\/i0.wp.com\/locaacademiafamiliar.com\/wp-content\/uploads\/2018\/05\/bebes-mamas-barcelona-2018-_4.jpg?fit=1024%2C768&#038;ssl=1\" src=\"https:\/\/i0.wp.com\/locaacademiafamiliar.com\/wp-content\/uploads\/2018\/05\/bebes-mamas-barcelona-2018-_4.jpg?w=315&#038;h=236&#038;ssl=1\" width=\"315\" height=\"236\" loading=\"lazy\" data-original-width=\"315\" data-original-height=\"236\" itemprop=\"http:\/\/schema.org\/image\" title=\"dav\" alt=\"dav\" style=\"width: 315px; height: 236px;\" \/> <\/a> <\/div> <\/div> <!-- close group --> <div class=\"gallery-group images-1\" style=\"width: 181px; height: 240px;\" data-original-width=\"181\" data-original-height=\"240\" > <div class=\"tiled-gallery-item tiled-gallery-item-small\" itemprop=\"associatedMedia\" itemscope itemtype=\"http:\/\/schema.org\/ImageObject\"> <a href=\"https:\/\/locaacademiafamiliar.com\/ca\/2018\/la-nostra-experiencia-a-la-fira-de-bebes-mamas\/dav-141\/\" border=\"0\" itemprop=\"url\"> <meta itemprop=\"width\" content=\"177\"> <meta itemprop=\"height\" content=\"236\"> <img decoding=\"async\" class=\"\" data-attachment-id=\"5695\" data-orig-file=\"https:\/\/locaacademiafamiliar.com\/wp-content\/uploads\/2018\/05\/bebes-mamas-barcelona-2018-_10.jpg\" data-orig-size=\"900,1200\" data-comments-opened=\"1\" data-image-meta=\"{&quot;aperture&quot;:&quot;2&quot;,&quot;credit&quot;:&quot;&quot;,&quot;camera&quot;:&quot;HUAWEI GRA-L09&quot;,&quot;caption&quot;:&quot;dav&quot;,&quot;created_timestamp&quot;:&quot;1525611342&quot;,&quot;copyright&quot;:&quot;&quot;,&quot;focal_length&quot;:&quot;3.83&quot;,&quot;iso&quot;:&quot;250&quot;,&quot;shutter_speed&quot;:&quot;0.03&quot;,&quot;title&quot;:&quot;dav&quot;,&quot;orientation&quot;:&quot;1&quot;}\" data-image-title=\"dav\" data-image-description=\"\" data-medium-file=\"https:\/\/i0.wp.com\/locaacademiafamiliar.com\/wp-content\/uploads\/2018\/05\/bebes-mamas-barcelona-2018-_10.jpg?fit=225%2C300&#038;ssl=1\" data-large-file=\"https:\/\/i0.wp.com\/locaacademiafamiliar.com\/wp-content\/uploads\/2018\/05\/bebes-mamas-barcelona-2018-_10.jpg?fit=768%2C1024&#038;ssl=1\" src=\"https:\/\/i0.wp.com\/locaacademiafamiliar.com\/wp-content\/uploads\/2018\/05\/bebes-mamas-barcelona-2018-_10.jpg?w=177&#038;h=236&#038;ssl=1\" width=\"177\" height=\"236\" loading=\"lazy\" data-original-width=\"177\" data-original-height=\"236\" itemprop=\"http:\/\/schema.org\/image\" title=\"dav\" alt=\"dav\" style=\"width: 177px; height: 236px;\" \/> <\/a> <\/div> <\/div> <!-- close group --> <\/div> <!-- close row --> <\/div>\n<p>Tamb\u00e9 hi havia una zona de jocs m\u00e9s modesta per als m\u00e9s grandets amb <strong>sorral, petita piscina de boles i <a href=\"http:\/\/locaacademiafamiliar.com\/ca\/2018\/montessori-waldorf-reggio-emilia-pikler-diferencies-metodes-pedagogics\/\" target=\"_blank\" rel=\"noopener\">tauler sensorial Montessori<\/a><\/strong>. I per als m\u00e9s grans, un parell de tobogans inflables que, he de dir, tenien pocs clients.<\/p>\n<p>Per anar-hi amb nadons o nens \u00e9s <strong>bona idea ser 2 adults<\/strong>; d&#8217;aquesta manera mentre un es queda amb ells jugant, l&#8217;altre pot anar a la recerca de productes o serveis interessants.<\/p>\n<div class=\"tiled-gallery type-rectangular tiled-gallery-unresized\" data-original-width=\"500\" data-carousel-extra='{&quot;blog_id&quot;:1,&quot;permalink&quot;:&quot;https:\\\/\\\/locaacademiafamiliar.com\\\/ca\\\/2018\\\/la-nostra-experiencia-a-la-fira-de-bebes-mamas\\\/&quot;,&quot;likes_blog_id&quot;:119488531}' itemscope itemtype=\"http:\/\/schema.org\/ImageGallery\" > <div class=\"gallery-row\" style=\"width: 500px; height: 189px;\" data-original-width=\"500\" data-original-height=\"189\" > <div class=\"gallery-group images-1\" style=\"width: 250px; height: 189px;\" data-original-width=\"250\" data-original-height=\"189\" > <div class=\"tiled-gallery-item tiled-gallery-item-small\" itemprop=\"associatedMedia\" itemscope itemtype=\"http:\/\/schema.org\/ImageObject\"> <a href=\"https:\/\/locaacademiafamiliar.com\/ca\/2018\/la-nostra-experiencia-a-la-fira-de-bebes-mamas\/bebes-mamas-barcelona-2018-_20\/\" border=\"0\" itemprop=\"url\"> <meta itemprop=\"width\" content=\"246\"> <meta itemprop=\"height\" content=\"185\"> <img decoding=\"async\" class=\"\" data-attachment-id=\"5698\" data-orig-file=\"https:\/\/locaacademiafamiliar.com\/wp-content\/uploads\/2018\/05\/bebes-mamas-barcelona-2018-_20.jpg\" data-orig-size=\"1600,1200\" data-comments-opened=\"1\" data-image-meta=\"{&quot;aperture&quot;:&quot;0&quot;,&quot;credit&quot;:&quot;&quot;,&quot;camera&quot;:&quot;&quot;,&quot;caption&quot;:&quot;&quot;,&quot;created_timestamp&quot;:&quot;0&quot;,&quot;copyright&quot;:&quot;&quot;,&quot;focal_length&quot;:&quot;0&quot;,&quot;iso&quot;:&quot;0&quot;,&quot;shutter_speed&quot;:&quot;0&quot;,&quot;title&quot;:&quot;&quot;,&quot;orientation&quot;:&quot;0&quot;}\" data-image-title=\"bebes mamas barcelona 2018 _20\" data-image-description=\"\" data-medium-file=\"https:\/\/i0.wp.com\/locaacademiafamiliar.com\/wp-content\/uploads\/2018\/05\/bebes-mamas-barcelona-2018-_20.jpg?fit=300%2C225&#038;ssl=1\" data-large-file=\"https:\/\/i0.wp.com\/locaacademiafamiliar.com\/wp-content\/uploads\/2018\/05\/bebes-mamas-barcelona-2018-_20.jpg?fit=1024%2C768&#038;ssl=1\" src=\"https:\/\/i0.wp.com\/locaacademiafamiliar.com\/wp-content\/uploads\/2018\/05\/bebes-mamas-barcelona-2018-_20.jpg?w=246&#038;h=185&#038;ssl=1\" width=\"246\" height=\"185\" loading=\"lazy\" data-original-width=\"246\" data-original-height=\"185\" itemprop=\"http:\/\/schema.org\/image\" title=\"bebes mamas barcelona 2018 _20\" alt=\"bebes mamas barcelona 2018 _20\" style=\"width: 246px; height: 185px;\" \/> <\/a> <\/div> <\/div> <!-- close group --> <div class=\"gallery-group images-1\" style=\"width: 250px; height: 189px;\" data-original-width=\"250\" data-original-height=\"189\" > <div class=\"tiled-gallery-item tiled-gallery-item-small\" itemprop=\"associatedMedia\" itemscope itemtype=\"http:\/\/schema.org\/ImageObject\"> <a href=\"https:\/\/locaacademiafamiliar.com\/ca\/2018\/la-nostra-experiencia-a-la-fira-de-bebes-mamas\/bebes-mamas-barcelona-2018-_17\/\" border=\"0\" itemprop=\"url\"> <meta itemprop=\"width\" content=\"246\"> <meta itemprop=\"height\" content=\"185\"> <img decoding=\"async\" class=\"\" data-attachment-id=\"5699\" data-orig-file=\"https:\/\/locaacademiafamiliar.com\/wp-content\/uploads\/2018\/05\/bebes-mamas-barcelona-2018-_17.jpg\" data-orig-size=\"1600,1200\" data-comments-opened=\"1\" data-image-meta=\"{&quot;aperture&quot;:&quot;0&quot;,&quot;credit&quot;:&quot;&quot;,&quot;camera&quot;:&quot;&quot;,&quot;caption&quot;:&quot;&quot;,&quot;created_timestamp&quot;:&quot;0&quot;,&quot;copyright&quot;:&quot;&quot;,&quot;focal_length&quot;:&quot;0&quot;,&quot;iso&quot;:&quot;0&quot;,&quot;shutter_speed&quot;:&quot;0&quot;,&quot;title&quot;:&quot;&quot;,&quot;orientation&quot;:&quot;0&quot;}\" data-image-title=\"bebes mamas barcelona 2018 _17\" data-image-description=\"\" data-medium-file=\"https:\/\/i0.wp.com\/locaacademiafamiliar.com\/wp-content\/uploads\/2018\/05\/bebes-mamas-barcelona-2018-_17.jpg?fit=300%2C225&#038;ssl=1\" data-large-file=\"https:\/\/i0.wp.com\/locaacademiafamiliar.com\/wp-content\/uploads\/2018\/05\/bebes-mamas-barcelona-2018-_17.jpg?fit=1024%2C768&#038;ssl=1\" src=\"https:\/\/i0.wp.com\/locaacademiafamiliar.com\/wp-content\/uploads\/2018\/05\/bebes-mamas-barcelona-2018-_17.jpg?w=246&#038;h=185&#038;ssl=1\" width=\"246\" height=\"185\" loading=\"lazy\" data-original-width=\"246\" data-original-height=\"185\" itemprop=\"http:\/\/schema.org\/image\" title=\"bebes mamas barcelona 2018 _17\" alt=\"bebes mamas barcelona 2018 _17\" style=\"width: 246px; height: 185px;\" \/> <\/a> <\/div> <\/div> <!-- close group --> <\/div> <!-- close row --> <\/div>\n<p>Si est\u00e0s <a href=\"http:\/\/locaacademiafamiliar.com\/ca\/tag\/embaras\/\"><strong>embarassada<\/strong><\/a>, \u00e9s el moment ideal per visitar aquesta fira: podr\u00e0s fer-te una <strong>ecografia en 4D i agafar idees o fins i tot comprar algun <a href=\"http:\/\/locaacademiafamiliar.com\/ca\/2017\/llista-de-regals-per-embarassades\/\">objecte \/ regal per al nad\u00f3<\/a> amb descompte<\/strong>. Gaireb\u00e9 tots els estands ofereixen preus redu\u00efts dels seus productes habituals.<\/p>\n<p>Per exemple, una cosa que ens va encantar va ser <strong>aquest <a href=\"https:\/\/amzn.to\/2jNWUPR\" target=\"_blank\" rel=\"noopener\">cotxet de passeig de Cybex (model Goodbaby Pockit Plus)<\/a> que es plega fins a quedar impressionantment petit &#8230; i tenia un bon descompte!<\/strong> Ens vam quedar tan impactades amb la mida i la velocitat de plegat-desplegat que fins i tot li vam fer un v\u00eddeo.<\/p>\n<p><iframe src=\"https:\/\/www.youtube.com\/embed\/ctaXypGdidw\" width=\"560\" height=\"315\" frameborder=\"0\" allowfullscreen=\"allowfullscreen\"><\/iframe><\/p>\n<p>Un dels avantatges d&#8217;aquest cotxet tan plegable \u00e9s que podreu pujar-lo a la <a href=\"http:\/\/locaacademiafamiliar.com\/ca\/2016\/consells-per-volar-avio-amb-nado\/\"><strong>cabina de l&#8217;avi\u00f3 quan viatgeu<\/strong><\/a>, i no haureu de deixar-lo a la cinta transportadora (on de vegades, surten volant i acaben amb peces trencades..).<\/p>\n<p>Un altre producte que ens va semblar <strong>una fant\u00e0stica idea va ser un davantal per al bany<\/strong>. La novetat \u00e9s que aquest davantal que <strong>es posa l&#8217;adult \u00e9s de tovallola i t\u00e9 a la part inferior una caputxa<\/strong>; aix\u00ed que quan treus el nad\u00f3 de la banyera pots embolicar completament amb el davantal i queda calentet i sense mullar-lo tot.<\/p>\n<p>&nbsp;<\/p>\n<div class=\"tiled-gallery type-rectangular tiled-gallery-unresized\" data-original-width=\"500\" data-carousel-extra='{&quot;blog_id&quot;:1,&quot;permalink&quot;:&quot;https:\\\/\\\/locaacademiafamiliar.com\\\/ca\\\/2018\\\/la-nostra-experiencia-a-la-fira-de-bebes-mamas\\\/&quot;,&quot;likes_blog_id&quot;:119488531}' itemscope itemtype=\"http:\/\/schema.org\/ImageGallery\" > <div class=\"gallery-row\" style=\"width: 500px; height: 332px;\" data-original-width=\"500\" data-original-height=\"332\" > <div class=\"gallery-group images-1\" style=\"width: 250px; height: 332px;\" data-original-width=\"250\" data-original-height=\"332\" > <div class=\"tiled-gallery-item tiled-gallery-item-small\" itemprop=\"associatedMedia\" itemscope itemtype=\"http:\/\/schema.org\/ImageObject\"> <a href=\"https:\/\/locaacademiafamiliar.com\/ca\/2018\/la-nostra-experiencia-a-la-fira-de-bebes-mamas\/dav-133\/\" border=\"0\" itemprop=\"url\"> <meta itemprop=\"width\" content=\"246\"> <meta itemprop=\"height\" content=\"328\"> <img decoding=\"async\" class=\"\" data-attachment-id=\"5687\" data-orig-file=\"https:\/\/locaacademiafamiliar.com\/wp-content\/uploads\/2018\/05\/bebes-mamas-barcelona-2018-_1.jpg\" data-orig-size=\"900,1200\" data-comments-opened=\"1\" data-image-meta=\"{&quot;aperture&quot;:&quot;2&quot;,&quot;credit&quot;:&quot;&quot;,&quot;camera&quot;:&quot;HUAWEI GRA-L09&quot;,&quot;caption&quot;:&quot;dav&quot;,&quot;created_timestamp&quot;:&quot;1525602840&quot;,&quot;copyright&quot;:&quot;&quot;,&quot;focal_length&quot;:&quot;3.83&quot;,&quot;iso&quot;:&quot;100&quot;,&quot;shutter_speed&quot;:&quot;0.03&quot;,&quot;title&quot;:&quot;dav&quot;,&quot;orientation&quot;:&quot;1&quot;}\" data-image-title=\"dav\" data-image-description=\"\" data-medium-file=\"https:\/\/i0.wp.com\/locaacademiafamiliar.com\/wp-content\/uploads\/2018\/05\/bebes-mamas-barcelona-2018-_1.jpg?fit=225%2C300&#038;ssl=1\" data-large-file=\"https:\/\/i0.wp.com\/locaacademiafamiliar.com\/wp-content\/uploads\/2018\/05\/bebes-mamas-barcelona-2018-_1.jpg?fit=768%2C1024&#038;ssl=1\" src=\"https:\/\/i0.wp.com\/locaacademiafamiliar.com\/wp-content\/uploads\/2018\/05\/bebes-mamas-barcelona-2018-_1.jpg?w=246&#038;h=328&#038;ssl=1\" width=\"246\" height=\"328\" loading=\"lazy\" data-original-width=\"246\" data-original-height=\"328\" itemprop=\"http:\/\/schema.org\/image\" title=\"dav\" alt=\"dav\" style=\"width: 246px; height: 328px;\" \/> <\/a> <\/div> <\/div> <!-- close group --> <div class=\"gallery-group images-1\" style=\"width: 250px; height: 332px;\" data-original-width=\"250\" data-original-height=\"332\" > <div class=\"tiled-gallery-item tiled-gallery-item-small\" itemprop=\"associatedMedia\" itemscope itemtype=\"http:\/\/schema.org\/ImageObject\"> <a href=\"https:\/\/locaacademiafamiliar.com\/ca\/2018\/la-nostra-experiencia-a-la-fira-de-bebes-mamas\/dav-138\/\" border=\"0\" itemprop=\"url\"> <meta itemprop=\"width\" content=\"246\"> <meta itemprop=\"height\" content=\"328\"> <img decoding=\"async\" class=\"\" data-attachment-id=\"5692\" data-orig-file=\"https:\/\/locaacademiafamiliar.com\/wp-content\/uploads\/2018\/05\/bebes-mamas-barcelona-2018-_7.jpg\" data-orig-size=\"900,1200\" data-comments-opened=\"1\" data-image-meta=\"{&quot;aperture&quot;:&quot;2&quot;,&quot;credit&quot;:&quot;&quot;,&quot;camera&quot;:&quot;HUAWEI GRA-L09&quot;,&quot;caption&quot;:&quot;dav&quot;,&quot;created_timestamp&quot;:&quot;1525609583&quot;,&quot;copyright&quot;:&quot;&quot;,&quot;focal_length&quot;:&quot;3.83&quot;,&quot;iso&quot;:&quot;64&quot;,&quot;shutter_speed&quot;:&quot;0.03&quot;,&quot;title&quot;:&quot;dav&quot;,&quot;orientation&quot;:&quot;1&quot;}\" data-image-title=\"dav\" data-image-description=\"\" data-medium-file=\"https:\/\/i0.wp.com\/locaacademiafamiliar.com\/wp-content\/uploads\/2018\/05\/bebes-mamas-barcelona-2018-_7.jpg?fit=225%2C300&#038;ssl=1\" data-large-file=\"https:\/\/i0.wp.com\/locaacademiafamiliar.com\/wp-content\/uploads\/2018\/05\/bebes-mamas-barcelona-2018-_7.jpg?fit=768%2C1024&#038;ssl=1\" src=\"https:\/\/i0.wp.com\/locaacademiafamiliar.com\/wp-content\/uploads\/2018\/05\/bebes-mamas-barcelona-2018-_7.jpg?w=246&#038;h=328&#038;ssl=1\" width=\"246\" height=\"328\" loading=\"lazy\" data-original-width=\"246\" data-original-height=\"328\" itemprop=\"http:\/\/schema.org\/image\" title=\"dav\" alt=\"dav\" style=\"width: 246px; height: 328px;\" \/> <\/a> <\/div> <\/div> <!-- close group --> <\/div> <!-- close row --> <\/div>\n<p>Va resultar que aquest davantal-tovallola era <strong>un dels molts regals de\u00a0<a href=\"https:\/\/bbshower.com\/\" target=\"_blank\" rel=\"noopener\">BBShower<\/a>, una empresa de Barcelona que organitza baby showers i baby welcomes<\/strong>: festes per donar-li la benvinguda al nad\u00f3 a les que es regala a la mare el necessari per a l&#8217;arribada del nad\u00f3 .<\/p>\n<p>A la fira vam veure tamb\u00e9 bastantes botigues de <strong>roba infantil, des de recent nascut fins als 10-12 anys<\/strong>; algunes m\u00e9s cl\u00e0ssiques i altres amb un estil molt trencador. La majoria dels estands tenien descomptes o preus especials de fira, <strong>tamb\u00e9 les botigues de mobiliari infantil i decoraci\u00f3 tenien for\u00e7a pres\u00e8ncia.<\/strong><\/p>\n<p>Un altre camp a descobrir eren els electrodom\u00e8stics com <strong>robots de cuina o aspiradors.<\/strong> Un d&#8217;aquests electrodom\u00e8stics era una mopa de Polti que neteja amb aigua. Per demostrar l&#8217;efic\u00e0cia del seu producte tenien muntat una <strong>catifa infantil encoixinada de <a href=\"https:\/\/www.lubabymats.com\/\" target=\"_blank\" rel=\"noopener\">L\u00fcbaby Mats<\/a> on organitzaven carreres de gateadores amb un tricicle com a premi i abans de la competici\u00f3 netejaven el terra amb la mopa<\/strong>. Sens dubte, un dels estands que va aconseguir m\u00e9s atenci\u00f3 !<\/p>\n<p><img data-recalc-dims=\"1\" decoding=\"async\" class=\"aligncenter size-full wp-image-3275\" src=\"https:\/\/i0.wp.com\/locaacademiafamiliar.com\/wp-content\/uploads\/2018\/05\/bebes-mamas-barcelona-2018-_8.jpg?resize=1200%2C900\" alt=\"\" width=\"1200\" height=\"900\" \/><\/p>\n<p>Vam veure una de les carreres, tot un espectacle! Els nadons gatejadors van fins a un dels pares per\u00f2 clar, ni tots van en l\u00ednia recta, ni tots es decideixen a avan\u00e7ar&#8230; A la cursa que vam veure (que no va arribar ni al minut), un dels nadons es va creuar tallant el pas a els altres i el p\u00fablic present va fer un aaaaaaiiiiiiiii com si de la m\u00e9s emocionant de les carreres es tract\u00e9s! \ud83d\ude00<\/p>\n<p><strong>Ja veieu que hi ha activitats i estands per passar tot un mat\u00ed.<\/strong> Si us entra gana, podeu parar una estona en els food-trucks col\u00b7locats estrat\u00e8gicament al costat de les \u00e0rees de joc o a la cafeteria de la fira. Al fons, tamb\u00e9 trobareu una <strong>zona per a les confer\u00e8ncies<\/strong>. Aquest any, es parlava de<strong><a href=\"http:\/\/locaacademiafamiliar.com\/ca\/2016\/ni-nomes-trossos-ni-nomes-papilles-la-nostra-manera\/\"> baby led weaning<\/a>, <a href=\"http:\/\/locaacademiafamiliar.com\/ca\/tag\/postpart\/\">postpart<\/a>, cadires de cotxe i son infantil (amb la <a href=\"http:\/\/locaacademiafamiliar.com\/ca\/2016\/llibres-de-crianca-recomanats\/\">psic\u00f2loga Rosa Jov\u00e9<\/a>), entre molts altres temes.<\/strong><\/p>\n<p><img data-recalc-dims=\"1\" decoding=\"async\" class=\"size-full wp-image-3276\" src=\"https:\/\/i0.wp.com\/locaacademiafamiliar.com\/wp-content\/uploads\/2018\/05\/bebes-mamas-barcelona-2018-_9.jpg?resize=1200%2C900\" alt=\"\" width=\"1200\" height=\"900\" \/><\/p>\n<p>Vam descobrir nous productes i serveis, vam aprendre a fer massatges, vam escoltar confer\u00e8ncies, vam passejar, vam riure i jugar amb el petit M&#8230;. En definitiva, un mat\u00ed diferent i ben maco, que pot ser <strong>\u00fatil i interessant tant per a les mares recents com per a les mares que encara estan embarassades.<\/strong><\/p>\n<p><strong>Un \u00faltim consell<\/strong>: un parell de dies abans, \u00e9s molt bona idea fer una ullada a la <a href=\"https:\/\/www.bebesmamas.com\/expositores?city=barcelona\" target=\"_blank\" rel=\"noopener\"><strong>llista d&#8217;expositors de la fira<\/strong><\/a>, que trobareu a la web. Feu click a les vostres marques preferides per veure <strong>quines promocions i sortejos <\/strong>faran\u00a0durant la fira \ud83d\ude42<\/p>\n<p>Us animeu a anar-hi?<\/p>\n<p>&nbsp;<\/p>\n","protected":false},"excerpt":{"rendered":"<div class=\"mh-excerpt\"><p>Diumenge passat vam visitar la fira Beb\u00e9s &#038; Mam\u00e1s, a Barcelona (Fira Montju\u00efc), a la recerca de nous productes i serveis per a futures fam\u00edlies i tamb\u00e9 per a nens petits. Avui volem explicar-vos el que vam veure i el que m\u00e9s ens va agradar per si a alguna li pot ser \u00fatil. <a class=\"mh-excerpt-more\" href=\"https:\/\/locaacademiafamiliar.com\/ca\/2018\/la-nostra-experiencia-a-la-fira-de-bebes-mamas\/\" title=\"La nostra experi\u00e8ncia a la fira de &#8220;Beb\u00e9s &#038; Mam\u00e1s&#8221;\">[&#8230;]<\/a><\/p>\n<\/div>","protected":false},"author":2,"featured_media":3272,"comment_status":"open","ping_status":"open","sticky":false,"template":"","format":"standard","meta":{"_monsterinsights_skip_tracking":false,"_monsterinsights_sitenote_active":false,"_monsterinsights_sitenote_note":"","_monsterinsights_sitenote_category":0,"_jetpack_memberships_contains_paid_content":false,"footnotes":""},"categories":[39],"tags":[46,89],"class_list":{"0":"post-3297","1":"post","2":"type-post","3":"status-publish","4":"format-standard","5":"has-post-thumbnail","7":"category-hora-del-pati","8":"tag-sis-mesos","9":"tag-barcelona-ca"},"yoast_head":"<!-- This site is optimized with the Yoast SEO plugin v26.8 - https:\/\/yoast.com\/product\/yoast-seo-wordpress\/ -->\n<title>La nostra experi\u00e8ncia a la fira de &quot;Beb\u00e9s &amp; Mam\u00e1s&quot;<\/title>\n<meta name=\"description\" content=\"La nostra experi\u00e8ncia a la fira Beb\u00e9s y Mam\u00e1s, a Barcelona el maig 2018 (fira de Montjuic). Una bona fira amb descomptes i promocions per a embarassades i mares recents amb beb\u00e8s.\" \/>\n<meta name=\"robots\" content=\"index, follow, max-snippet:-1, max-image-preview:large, max-video-preview:-1\" \/>\n<link rel=\"canonical\" href=\"https:\/\/locaacademiafamiliar.com\/ca\/2018\/la-nostra-experiencia-a-la-fira-de-bebes-mamas\/\" \/>\n<meta property=\"og:locale\" content=\"ca_ES\" \/>\n<meta property=\"og:type\" content=\"article\" \/>\n<meta property=\"og:title\" content=\"La nostra experi\u00e8ncia a la fira de &quot;Beb\u00e9s &amp; Mam\u00e1s&quot;\" \/>\n<meta property=\"og:description\" content=\"La nostra experi\u00e8ncia a la fira Beb\u00e9s y Mam\u00e1s, a Barcelona el maig 2018 (fira de Montjuic). Una bona fira amb descomptes i promocions per a embarassades i mares recents amb beb\u00e8s.\" \/>\n<meta property=\"og:url\" content=\"https:\/\/locaacademiafamiliar.com\/ca\/2018\/la-nostra-experiencia-a-la-fira-de-bebes-mamas\/\" \/>\n<meta property=\"og:site_name\" content=\"Boja Acad\u00e8mia Familiar\" \/>\n<meta property=\"article:publisher\" content=\"https:\/\/www.facebook.com\/LocaAcademiaFamiliar\" \/>\n<meta property=\"article:published_time\" content=\"2018-05-10T20:34:11+00:00\" \/>\n<meta property=\"article:modified_time\" content=\"2018-05-10T20:52:37+00:00\" \/>\n<meta property=\"og:image\" content=\"https:\/\/locaacademiafamiliar.com\/wp-content\/uploads\/2018\/05\/bebes-mamas-barcelona-2018-_5.jpg\" \/>\n\t<meta property=\"og:image:width\" content=\"1134\" \/>\n\t<meta property=\"og:image:height\" content=\"850\" \/>\n\t<meta property=\"og:image:type\" content=\"image\/jpeg\" \/>\n<meta name=\"author\" content=\"Elisabet\" \/>\n<meta name=\"twitter:card\" content=\"summary_large_image\" \/>\n<meta name=\"twitter:label1\" content=\"Escrit per\" \/>\n\t<meta name=\"twitter:data1\" content=\"Elisabet\" \/>\n\t<meta name=\"twitter:label2\" content=\"Temps estimat de lectura\" \/>\n\t<meta name=\"twitter:data2\" content=\"6 minuts\" \/>\n<script type=\"application\/ld+json\" class=\"yoast-schema-graph\">{\"@context\":\"https:\/\/schema.org\",\"@graph\":[{\"@type\":\"Article\",\"@id\":\"https:\/\/locaacademiafamiliar.com\/ca\/2018\/la-nostra-experiencia-a-la-fira-de-bebes-mamas\/#article\",\"isPartOf\":{\"@id\":\"https:\/\/locaacademiafamiliar.com\/ca\/2018\/la-nostra-experiencia-a-la-fira-de-bebes-mamas\/\"},\"author\":{\"name\":\"Elisabet\",\"@id\":\"https:\/\/locaacademiafamiliar.com\/ca\/#\/schema\/person\/8ddc70c9780d67ef5bbb462a307f8042\"},\"headline\":\"La nostra experi\u00e8ncia a la fira de &#8220;Beb\u00e9s &#038; Mam\u00e1s&#8221;\",\"datePublished\":\"2018-05-10T20:34:11+00:00\",\"dateModified\":\"2018-05-10T20:52:37+00:00\",\"mainEntityOfPage\":{\"@id\":\"https:\/\/locaacademiafamiliar.com\/ca\/2018\/la-nostra-experiencia-a-la-fira-de-bebes-mamas\/\"},\"wordCount\":1116,\"commentCount\":0,\"publisher\":{\"@id\":\"https:\/\/locaacademiafamiliar.com\/ca\/#organization\"},\"image\":{\"@id\":\"https:\/\/locaacademiafamiliar.com\/ca\/2018\/la-nostra-experiencia-a-la-fira-de-bebes-mamas\/#primaryimage\"},\"thumbnailUrl\":\"https:\/\/i0.wp.com\/locaacademiafamiliar.com\/wp-content\/uploads\/2018\/05\/bebes-mamas-barcelona-2018-_5.jpg?fit=1134%2C850&ssl=1\",\"keywords\":[\"0 a 6 mesos\",\"Barcelona\"],\"articleSection\":[\"Hora del Pati\"],\"inLanguage\":\"ca\",\"potentialAction\":[{\"@type\":\"CommentAction\",\"name\":\"Comment\",\"target\":[\"https:\/\/locaacademiafamiliar.com\/ca\/2018\/la-nostra-experiencia-a-la-fira-de-bebes-mamas\/#respond\"]}]},{\"@type\":\"WebPage\",\"@id\":\"https:\/\/locaacademiafamiliar.com\/ca\/2018\/la-nostra-experiencia-a-la-fira-de-bebes-mamas\/\",\"url\":\"https:\/\/locaacademiafamiliar.com\/ca\/2018\/la-nostra-experiencia-a-la-fira-de-bebes-mamas\/\",\"name\":\"La nostra experi\u00e8ncia a la fira de \\\"Beb\u00e9s & Mam\u00e1s\\\"\",\"isPartOf\":{\"@id\":\"https:\/\/locaacademiafamiliar.com\/ca\/#website\"},\"primaryImageOfPage\":{\"@id\":\"https:\/\/locaacademiafamiliar.com\/ca\/2018\/la-nostra-experiencia-a-la-fira-de-bebes-mamas\/#primaryimage\"},\"image\":{\"@id\":\"https:\/\/locaacademiafamiliar.com\/ca\/2018\/la-nostra-experiencia-a-la-fira-de-bebes-mamas\/#primaryimage\"},\"thumbnailUrl\":\"https:\/\/i0.wp.com\/locaacademiafamiliar.com\/wp-content\/uploads\/2018\/05\/bebes-mamas-barcelona-2018-_5.jpg?fit=1134%2C850&ssl=1\",\"datePublished\":\"2018-05-10T20:34:11+00:00\",\"dateModified\":\"2018-05-10T20:52:37+00:00\",\"description\":\"La nostra experi\u00e8ncia a la fira Beb\u00e9s y Mam\u00e1s, a Barcelona el maig 2018 (fira de Montjuic). Una bona fira amb descomptes i promocions per a embarassades i mares recents amb beb\u00e8s.\",\"breadcrumb\":{\"@id\":\"https:\/\/locaacademiafamiliar.com\/ca\/2018\/la-nostra-experiencia-a-la-fira-de-bebes-mamas\/#breadcrumb\"},\"inLanguage\":\"ca\",\"potentialAction\":[{\"@type\":\"ReadAction\",\"target\":[\"https:\/\/locaacademiafamiliar.com\/ca\/2018\/la-nostra-experiencia-a-la-fira-de-bebes-mamas\/\"]}]},{\"@type\":\"ImageObject\",\"inLanguage\":\"ca\",\"@id\":\"https:\/\/locaacademiafamiliar.com\/ca\/2018\/la-nostra-experiencia-a-la-fira-de-bebes-mamas\/#primaryimage\",\"url\":\"https:\/\/i0.wp.com\/locaacademiafamiliar.com\/wp-content\/uploads\/2018\/05\/bebes-mamas-barcelona-2018-_5.jpg?fit=1134%2C850&ssl=1\",\"contentUrl\":\"https:\/\/i0.wp.com\/locaacademiafamiliar.com\/wp-content\/uploads\/2018\/05\/bebes-mamas-barcelona-2018-_5.jpg?fit=1134%2C850&ssl=1\",\"width\":1134,\"height\":850},{\"@type\":\"BreadcrumbList\",\"@id\":\"https:\/\/locaacademiafamiliar.com\/ca\/2018\/la-nostra-experiencia-a-la-fira-de-bebes-mamas\/#breadcrumb\",\"itemListElement\":[{\"@type\":\"ListItem\",\"position\":1,\"name\":\"Portada\",\"item\":\"https:\/\/locaacademiafamiliar.com\/ca\/\"},{\"@type\":\"ListItem\",\"position\":2,\"name\":\"La nostra experi\u00e8ncia a la fira de &#8220;Beb\u00e9s &#038; Mam\u00e1s&#8221;\"}]},{\"@type\":\"WebSite\",\"@id\":\"https:\/\/locaacademiafamiliar.com\/ca\/#website\",\"url\":\"https:\/\/locaacademiafamiliar.com\/ca\/\",\"name\":\"Boja Acad\u00e8mia Familiar\",\"description\":\"El blog de crianza con el que pap\u00e1s y mam\u00e1s salen mejor preparados para su rutina familiar diaria\",\"publisher\":{\"@id\":\"https:\/\/locaacademiafamiliar.com\/ca\/#organization\"},\"potentialAction\":[{\"@type\":\"SearchAction\",\"target\":{\"@type\":\"EntryPoint\",\"urlTemplate\":\"https:\/\/locaacademiafamiliar.com\/ca\/?s={search_term_string}\"},\"query-input\":{\"@type\":\"PropertyValueSpecification\",\"valueRequired\":true,\"valueName\":\"search_term_string\"}}],\"inLanguage\":\"ca\"},{\"@type\":\"Organization\",\"@id\":\"https:\/\/locaacademiafamiliar.com\/ca\/#organization\",\"name\":\"LocaAcademiaFamiliar.com\",\"url\":\"https:\/\/locaacademiafamiliar.com\/ca\/\",\"logo\":{\"@type\":\"ImageObject\",\"inLanguage\":\"ca\",\"@id\":\"https:\/\/locaacademiafamiliar.com\/ca\/#\/schema\/logo\/image\/\",\"url\":\"https:\/\/locaacademiafamiliar.com\/wp-content\/uploads\/2020\/01\/logo-loca-academia-familiar.jpg\",\"contentUrl\":\"https:\/\/locaacademiafamiliar.com\/wp-content\/uploads\/2020\/01\/logo-loca-academia-familiar.jpg\",\"width\":960,\"height\":960,\"caption\":\"LocaAcademiaFamiliar.com\"},\"image\":{\"@id\":\"https:\/\/locaacademiafamiliar.com\/ca\/#\/schema\/logo\/image\/\"},\"sameAs\":[\"https:\/\/www.facebook.com\/LocaAcademiaFamiliar\"]},{\"@type\":\"Person\",\"@id\":\"https:\/\/locaacademiafamiliar.com\/ca\/#\/schema\/person\/8ddc70c9780d67ef5bbb462a307f8042\",\"name\":\"Elisabet\",\"image\":{\"@type\":\"ImageObject\",\"inLanguage\":\"ca\",\"@id\":\"https:\/\/locaacademiafamiliar.com\/ca\/#\/schema\/person\/image\/\",\"url\":\"https:\/\/secure.gravatar.com\/avatar\/b7cd6a228ab9368d5f221ffe7f0dae77?s=96&d=mm&r=g\",\"contentUrl\":\"https:\/\/secure.gravatar.com\/avatar\/b7cd6a228ab9368d5f221ffe7f0dae77?s=96&d=mm&r=g\",\"caption\":\"Elisabet\"},\"description\":\"\u00a1Hola! Soy Elisabet, aunque en algunos grupos de whatsapp soy simplemente mam\u00e1 de \u00cd. Tengo dos hijas muy divertidas, la primera nacida en febrero del 2013 y la segunda el enero del 2016 as\u00ed que ya hace m\u00e1s de tres a\u00f1os que vivo en horario infantil. En el mundo adulto trabajo en un hospital de Barcelona, soy enfermera y comadrona. Si quieres estar informado de los eventos y actividades para familias con ni\u00f1os en Catalunya, haz click aqu\u00ed para apuntarte a nuestra newsletter.\",\"sameAs\":[\"http:\/\/www.locaacademiafamiliar.com\"],\"url\":\"https:\/\/locaacademiafamiliar.com\/ca\/author\/eli\/\"}]}<\/script>\n<!-- \/ Yoast SEO plugin. -->","yoast_head_json":{"title":"La nostra experi\u00e8ncia a la fira de \"Beb\u00e9s & Mam\u00e1s\"","description":"La nostra experi\u00e8ncia a la fira Beb\u00e9s y Mam\u00e1s, a Barcelona el maig 2018 (fira de Montjuic). Una bona fira amb descomptes i promocions per a embarassades i mares recents amb beb\u00e8s.","robots":{"index":"index","follow":"follow","max-snippet":"max-snippet:-1","max-image-preview":"max-image-preview:large","max-video-preview":"max-video-preview:-1"},"canonical":"https:\/\/locaacademiafamiliar.com\/ca\/2018\/la-nostra-experiencia-a-la-fira-de-bebes-mamas\/","og_locale":"ca_ES","og_type":"article","og_title":"La nostra experi\u00e8ncia a la fira de \"Beb\u00e9s & Mam\u00e1s\"","og_description":"La nostra experi\u00e8ncia a la fira Beb\u00e9s y Mam\u00e1s, a Barcelona el maig 2018 (fira de Montjuic). Una bona fira amb descomptes i promocions per a embarassades i mares recents amb beb\u00e8s.","og_url":"https:\/\/locaacademiafamiliar.com\/ca\/2018\/la-nostra-experiencia-a-la-fira-de-bebes-mamas\/","og_site_name":"Boja Acad\u00e8mia Familiar","article_publisher":"https:\/\/www.facebook.com\/LocaAcademiaFamiliar","article_published_time":"2018-05-10T20:34:11+00:00","article_modified_time":"2018-05-10T20:52:37+00:00","og_image":[{"width":1134,"height":850,"url":"https:\/\/locaacademiafamiliar.com\/wp-content\/uploads\/2018\/05\/bebes-mamas-barcelona-2018-_5.jpg","type":"image\/jpeg"}],"author":"Elisabet","twitter_card":"summary_large_image","twitter_misc":{"Escrit per":"Elisabet","Temps estimat de lectura":"6 minuts"},"schema":{"@context":"https:\/\/schema.org","@graph":[{"@type":"Article","@id":"https:\/\/locaacademiafamiliar.com\/ca\/2018\/la-nostra-experiencia-a-la-fira-de-bebes-mamas\/#article","isPartOf":{"@id":"https:\/\/locaacademiafamiliar.com\/ca\/2018\/la-nostra-experiencia-a-la-fira-de-bebes-mamas\/"},"author":{"name":"Elisabet","@id":"https:\/\/locaacademiafamiliar.com\/ca\/#\/schema\/person\/8ddc70c9780d67ef5bbb462a307f8042"},"headline":"La nostra experi\u00e8ncia a la fira de &#8220;Beb\u00e9s &#038; Mam\u00e1s&#8221;","datePublished":"2018-05-10T20:34:11+00:00","dateModified":"2018-05-10T20:52:37+00:00","mainEntityOfPage":{"@id":"https:\/\/locaacademiafamiliar.com\/ca\/2018\/la-nostra-experiencia-a-la-fira-de-bebes-mamas\/"},"wordCount":1116,"commentCount":0,"publisher":{"@id":"https:\/\/locaacademiafamiliar.com\/ca\/#organization"},"image":{"@id":"https:\/\/locaacademiafamiliar.com\/ca\/2018\/la-nostra-experiencia-a-la-fira-de-bebes-mamas\/#primaryimage"},"thumbnailUrl":"https:\/\/i0.wp.com\/locaacademiafamiliar.com\/wp-content\/uploads\/2018\/05\/bebes-mamas-barcelona-2018-_5.jpg?fit=1134%2C850&ssl=1","keywords":["0 a 6 mesos","Barcelona"],"articleSection":["Hora del Pati"],"inLanguage":"ca","potentialAction":[{"@type":"CommentAction","name":"Comment","target":["https:\/\/locaacademiafamiliar.com\/ca\/2018\/la-nostra-experiencia-a-la-fira-de-bebes-mamas\/#respond"]}]},{"@type":"WebPage","@id":"https:\/\/locaacademiafamiliar.com\/ca\/2018\/la-nostra-experiencia-a-la-fira-de-bebes-mamas\/","url":"https:\/\/locaacademiafamiliar.com\/ca\/2018\/la-nostra-experiencia-a-la-fira-de-bebes-mamas\/","name":"La nostra experi\u00e8ncia a la fira de \"Beb\u00e9s & Mam\u00e1s\"","isPartOf":{"@id":"https:\/\/locaacademiafamiliar.com\/ca\/#website"},"primaryImageOfPage":{"@id":"https:\/\/locaacademiafamiliar.com\/ca\/2018\/la-nostra-experiencia-a-la-fira-de-bebes-mamas\/#primaryimage"},"image":{"@id":"https:\/\/locaacademiafamiliar.com\/ca\/2018\/la-nostra-experiencia-a-la-fira-de-bebes-mamas\/#primaryimage"},"thumbnailUrl":"https:\/\/i0.wp.com\/locaacademiafamiliar.com\/wp-content\/uploads\/2018\/05\/bebes-mamas-barcelona-2018-_5.jpg?fit=1134%2C850&ssl=1","datePublished":"2018-05-10T20:34:11+00:00","dateModified":"2018-05-10T20:52:37+00:00","description":"La nostra experi\u00e8ncia a la fira Beb\u00e9s y Mam\u00e1s, a Barcelona el maig 2018 (fira de Montjuic). Una bona fira amb descomptes i promocions per a embarassades i mares recents amb beb\u00e8s.","breadcrumb":{"@id":"https:\/\/locaacademiafamiliar.com\/ca\/2018\/la-nostra-experiencia-a-la-fira-de-bebes-mamas\/#breadcrumb"},"inLanguage":"ca","potentialAction":[{"@type":"ReadAction","target":["https:\/\/locaacademiafamiliar.com\/ca\/2018\/la-nostra-experiencia-a-la-fira-de-bebes-mamas\/"]}]},{"@type":"ImageObject","inLanguage":"ca","@id":"https:\/\/locaacademiafamiliar.com\/ca\/2018\/la-nostra-experiencia-a-la-fira-de-bebes-mamas\/#primaryimage","url":"https:\/\/i0.wp.com\/locaacademiafamiliar.com\/wp-content\/uploads\/2018\/05\/bebes-mamas-barcelona-2018-_5.jpg?fit=1134%2C850&ssl=1","contentUrl":"https:\/\/i0.wp.com\/locaacademiafamiliar.com\/wp-content\/uploads\/2018\/05\/bebes-mamas-barcelona-2018-_5.jpg?fit=1134%2C850&ssl=1","width":1134,"height":850},{"@type":"BreadcrumbList","@id":"https:\/\/locaacademiafamiliar.com\/ca\/2018\/la-nostra-experiencia-a-la-fira-de-bebes-mamas\/#breadcrumb","itemListElement":[{"@type":"ListItem","position":1,"name":"Portada","item":"https:\/\/locaacademiafamiliar.com\/ca\/"},{"@type":"ListItem","position":2,"name":"La nostra experi\u00e8ncia a la fira de &#8220;Beb\u00e9s &#038; Mam\u00e1s&#8221;"}]},{"@type":"WebSite","@id":"https:\/\/locaacademiafamiliar.com\/ca\/#website","url":"https:\/\/locaacademiafamiliar.com\/ca\/","name":"Boja Acad\u00e8mia Familiar","description":"El blog de crianza con el que pap\u00e1s y mam\u00e1s salen mejor preparados para su rutina familiar diaria","publisher":{"@id":"https:\/\/locaacademiafamiliar.com\/ca\/#organization"},"potentialAction":[{"@type":"SearchAction","target":{"@type":"EntryPoint","urlTemplate":"https:\/\/locaacademiafamiliar.com\/ca\/?s={search_term_string}"},"query-input":{"@type":"PropertyValueSpecification","valueRequired":true,"valueName":"search_term_string"}}],"inLanguage":"ca"},{"@type":"Organization","@id":"https:\/\/locaacademiafamiliar.com\/ca\/#organization","name":"LocaAcademiaFamiliar.com","url":"https:\/\/locaacademiafamiliar.com\/ca\/","logo":{"@type":"ImageObject","inLanguage":"ca","@id":"https:\/\/locaacademiafamiliar.com\/ca\/#\/schema\/logo\/image\/","url":"https:\/\/locaacademiafamiliar.com\/wp-content\/uploads\/2020\/01\/logo-loca-academia-familiar.jpg","contentUrl":"https:\/\/locaacademiafamiliar.com\/wp-content\/uploads\/2020\/01\/logo-loca-academia-familiar.jpg","width":960,"height":960,"caption":"LocaAcademiaFamiliar.com"},"image":{"@id":"https:\/\/locaacademiafamiliar.com\/ca\/#\/schema\/logo\/image\/"},"sameAs":["https:\/\/www.facebook.com\/LocaAcademiaFamiliar"]},{"@type":"Person","@id":"https:\/\/locaacademiafamiliar.com\/ca\/#\/schema\/person\/8ddc70c9780d67ef5bbb462a307f8042","name":"Elisabet","image":{"@type":"ImageObject","inLanguage":"ca","@id":"https:\/\/locaacademiafamiliar.com\/ca\/#\/schema\/person\/image\/","url":"https:\/\/secure.gravatar.com\/avatar\/b7cd6a228ab9368d5f221ffe7f0dae77?s=96&d=mm&r=g","contentUrl":"https:\/\/secure.gravatar.com\/avatar\/b7cd6a228ab9368d5f221ffe7f0dae77?s=96&d=mm&r=g","caption":"Elisabet"},"description":"\u00a1Hola! Soy Elisabet, aunque en algunos grupos de whatsapp soy simplemente mam\u00e1 de \u00cd. Tengo dos hijas muy divertidas, la primera nacida en febrero del 2013 y la segunda el enero del 2016 as\u00ed que ya hace m\u00e1s de tres a\u00f1os que vivo en horario infantil. En el mundo adulto trabajo en un hospital de Barcelona, soy enfermera y comadrona. Si quieres estar informado de los eventos y actividades para familias con ni\u00f1os en Catalunya, haz click aqu\u00ed para apuntarte a nuestra newsletter.","sameAs":["http:\/\/www.locaacademiafamiliar.com"],"url":"https:\/\/locaacademiafamiliar.com\/ca\/author\/eli\/"}]}},"jetpack_featured_media_url":"https:\/\/i0.wp.com\/locaacademiafamiliar.com\/wp-content\/uploads\/2018\/05\/bebes-mamas-barcelona-2018-_5.jpg?fit=1134%2C850&ssl=1","jetpack_sharing_enabled":true,"amp_enabled":true,"_links":{"self":[{"href":"https:\/\/locaacademiafamiliar.com\/ca\/wp-json\/wp\/v2\/posts\/3297","targetHints":{"allow":["GET"]}}],"collection":[{"href":"https:\/\/locaacademiafamiliar.com\/ca\/wp-json\/wp\/v2\/posts"}],"about":[{"href":"https:\/\/locaacademiafamiliar.com\/ca\/wp-json\/wp\/v2\/types\/post"}],"author":[{"embeddable":true,"href":"https:\/\/locaacademiafamiliar.com\/ca\/wp-json\/wp\/v2\/users\/2"}],"replies":[{"embeddable":true,"href":"https:\/\/locaacademiafamiliar.com\/ca\/wp-json\/wp\/v2\/comments?post=3297"}],"version-history":[{"count":0,"href":"https:\/\/locaacademiafamiliar.com\/ca\/wp-json\/wp\/v2\/posts\/3297\/revisions"}],"wp:featuredmedia":[{"embeddable":true,"href":"https:\/\/locaacademiafamiliar.com\/ca\/wp-json\/wp\/v2\/media\/3272"}],"wp:attachment":[{"href":"https:\/\/locaacademiafamiliar.com\/ca\/wp-json\/wp\/v2\/media?parent=3297"}],"wp:term":[{"taxonomy":"category","embeddable":true,"href":"https:\/\/locaacademiafamiliar.com\/ca\/wp-json\/wp\/v2\/categories?post=3297"},{"taxonomy":"post_tag","embeddable":true,"href":"https:\/\/locaacademiafamiliar.com\/ca\/wp-json\/wp\/v2\/tags?post=3297"}],"curies":[{"name":"wp","href":"https:\/\/api.w.org\/{rel}","templated":true}]}}