{"id":3566,"date":"2018-06-26T12:07:16","date_gmt":"2018-06-26T12:07:16","guid":{"rendered":"https:\/\/locaacademiafamiliar.com\/?p=3566"},"modified":"2018-06-26T14:10:51","modified_gmt":"2018-06-26T14:10:51","slug":"les-millors-platges-del-sud-de-mallorca-per-anar-amb-nens-petits-o-nadons","status":"publish","type":"post","link":"https:\/\/locaacademiafamiliar.com\/ca\/2018\/les-millors-platges-del-sud-de-mallorca-per-anar-amb-nens-petits-o-nadons\/","title":{"rendered":"Les millors platges del sud de Mallorca per anar amb nens petits o nadons"},"content":{"rendered":"<p>Quan alguna cosa \u00e9s bona, val la pena repetir-la. Per aix\u00f2, despr\u00e9s de passar unes <strong>estupend\u00edssimes<\/strong> <strong>vacances en fam\u00edlia a Mallorca l&#8217;any passat,<\/strong> aquest estiu hem repetit la mateixa f\u00f3rmula \ud83d\ude42 Fa poc hem passat <strong>una setmana sencera a Sa R\u00e0pita, a prop de Campos, al sud de Mallorca<\/strong>. Hi hem estat la segona setmana de juny (del 9 al 16), amb bon temps i temperatures entre 17 i 26\u00baC.<\/p>\n<p>Ensa\u00efmades per esmorzar, platges de 11 a 13h, menjar a casa, migdiades llargues, gelats i passejades de tarda, sopar a casa i anar-se&#8217;n a dormir tard veient les estrelles. Si a aix\u00f2 li sumes que ens han acompanyat els <a href=\"https:\/\/locaacademiafamiliar.com\/ca\/tag\/avis\/\"><strong>avis<\/strong><\/a> i ens ajudat molt a cuinar, netejar, comprar i altres log\u00edstica, tenim la definici\u00f3 perfecta de <strong>VACANCES EN FAM\u00cdLIA<\/strong> \ud83d\ude42<\/p>\n<p><img data-recalc-dims=\"1\" decoding=\"async\" class=\"aligncenter wp-image-3555 size-full\" title=\"ses covetes mallorca\" src=\"https:\/\/i0.wp.com\/locaacademiafamiliar.com\/wp-content\/uploads\/2018\/06\/playas-sur-mallorca-con-nin%CC%83os-7.jpg?resize=1200%2C900&#038;ssl=1\" alt=\"ses covetes mallorca\" width=\"1200\" height=\"900\" \/><\/p>\n<p>L&#8217;any passat ens vam dedicar a un pla m\u00e9s de <strong>visites tur\u00edstiques a Mallorca,<\/strong> per\u00f2 aquest any amb el <strong>nostre <a href=\"https:\/\/locaacademiafamiliar.com\/ca\/tag\/2-fill\/\">segon fill<\/a> (7 mesos) de viatge amb nosaltres, vam dir que era millor preparar un pla m\u00e9s tranquil de platja i migdiades<\/strong>, en el qual pogu\u00e9ssim seguir el seu ritme f\u00e0cilment. Per aix\u00f2, vam decidir <strong>no moure&#8217;ns massa i anar a les platges que ten\u00edem a prop de casa, a Sa R\u00e0pita.<\/strong> Entre l&#8217;experi\u00e8ncia de l&#8217;any passat i la d&#8217;aquest any, aquestes s\u00f3n per a mi <strong>les millors platges de Mallorca (sud) per anar amb nens petits i nadons.<\/strong> Per triar-les, m&#8217;he basat en aquests criteris:<\/p>\n<ul>\n<li><strong>que fossin poc profundes.<\/strong> Aquelles platges en qu\u00e8 has de caminar i caminar perqu\u00e8 et comenci a cobrir. Ideal perqu\u00e8 els nens petits agafin confian\u00e7a i una mica m\u00e9s d&#8217;autonomia en el joc.<\/li>\n<li><strong>que tinguessin p\u00e0rquing prop de la sorra.<\/strong> <strong>A <a href=\"https:\/\/locaacademiafamiliar.com\/ca\/2017\/mallorca-amb-nens-les-millors-platges-mallorca-i-altres-consells-visita\/\">Mallorca hi ha platges precioses<\/a><\/strong> per\u00f2 moltes d&#8217;elles tenen un aparcament a 10-15 minuts caminant de la platja. Aix\u00f2 quan vas amb nadons, matalassos, para-sols, pales, galledes i altres trastos \u00e9s una mica rotllo. Per aix\u00f2, nosaltres hem anat a platges en qu\u00e8 pogu\u00e9ssim estar a menys d&#8217;1 minut caminant del cotxe.<\/li>\n<li><strong>que no estiguessin lluny de sa R\u00e0pita i Campos. Allotjats a Sa R\u00e0pita<\/strong> no vol\u00edem fer m\u00e9s de 30 minuts amb cotxe (perqu\u00e8 el nen no aguanta b\u00e9 el cotxe i al final per anar un parell d&#8217;hores a la platja, millor ser a prop de casa).<\/li>\n<\/ul>\n<h3>COL\u00d2NIA SANT JORDI<\/h3>\n<p><strong>La nostra preferida.<\/strong> Que quedi clar que no \u00e9s una platja bonica; hi ha tant\u00edssimes altres platges i cales que s\u00f3n m\u00e9s boniques; peeeeer\u00f2 <strong>\u00e9s una platja MOLT c\u00f2moda i pr\u00e0ctica per anar amb nens petits<\/strong>. Els carrers (els cotxes) arriben fins al passeig mar\u00edtim que queda just darrere la platja. Podeu anar en cotxe fins all\u00e0 mateix i aparcar gratis al carrer; al juny hem trobat<strong> aparcament sense problemes al costat mateix de la platja.<\/strong><\/p>\n<p><img data-recalc-dims=\"1\" decoding=\"async\" class=\"aligncenter wp-image-3550 size-full\" title=\"Colonia Sant Jordi Mallorca\" src=\"https:\/\/i0.wp.com\/locaacademiafamiliar.com\/wp-content\/uploads\/2018\/06\/playas-sur-mallorca-con-nin%CC%83os-2.jpg?resize=1200%2C1200&#038;ssl=1\" alt=\"Colonia Sant Jordi Mallorca\" width=\"1200\" height=\"1200\" \/><\/p>\n<p><strong>La platja \u00e9s de sorra fina i cobreix ben poc<\/strong>. Al passeig hi ha supermercat, restaurants, gelateries i botigues de platja t\u00edpiques. Com a serveis de la <strong>platja Col\u00f2nia Sant Jordi<\/strong>: socorrita, cadira de rodes aqu\u00e0tica, dutxes, gandules amb para-sol. Per\u00f2 el millor de tot \u00e9s que just darrere de la platja hi ha una <strong>petita pineda on abunda l&#8217;ombra<\/strong>, per si necessiteu una mica &#8220;aire fresc&#8221; entre tanta sorra.<\/p>\n<p><strong>Us parlo de la platja del port.<\/strong> Hi ha una segona platja una mica m\u00e9s lluny, per\u00f2 que es veu des del port mateix. S&#8217;accedeix amb cotxe o caminant per <strong>un cam\u00ed de ronda f\u00e0cil (5-10 minuts) des de la platja del port<\/strong>. Molta gent deixa el cotxe al port i van caminant d&#8217;una platja a una altra. A aquesta segona platja no vam ser-hi i no us en puc dir gaire m\u00e9s.<\/p>\n<p><img data-recalc-dims=\"1\" decoding=\"async\" class=\"aligncenter wp-image-3552 size-full\" title=\"Colonia Sant Jordi Mallorca\" src=\"https:\/\/i0.wp.com\/locaacademiafamiliar.com\/wp-content\/uploads\/2018\/06\/playas-sur-mallorca-con-nin%CC%83os-4.jpg?resize=1200%2C900&#038;ssl=1\" alt=\"Colonia Sant Jordi Mallorca\" width=\"1200\" height=\"900\" \/><\/p>\n<p>Una altra cosa molt positiva \u00e9s que \u00e9s una <strong>cala petita i tancada al mar, de manera que gaireb\u00e9 no hi ha vent ni onades<\/strong>. Per posar-vos un exemple pr\u00e0ctic, l&#8217;endem\u00e0 bufava for\u00e7a vent a Sa R\u00e0pita i en canvi a la Col\u00f2nia Sant Jordi ni es movien les fulles. \u00c9s a dir, que \u00e9s<strong> una bona opci\u00f3 per anar a la platja un dia vent\u00f3s.<\/strong><\/p>\n<h3>SES COVETES<\/h3>\n<p>Molt a prop de<strong> Sa R\u00e0pita<\/strong> hi ha l&#8217;inici de la coneguda (i verge) platja des Trenc, que \u00e9s enorme, blava i poc profunda. Per\u00f2 sol estar molt plena de gent al juliol-agost. Just abans d&#8217;Es Trenc hi ha <strong>la platja Ses Covetes, que t\u00e9 (com Es Trenc) una aigua blau turquesa impressionant, \u00e9s molt poc profunda i \u00e9s absolutament preciosa.<\/strong> Millor que el Carib! \u00c9s com les postals de Formentera que segur haureu vist alguna vegada \ud83d\ude09<\/p>\n<p><img data-recalc-dims=\"1\" decoding=\"async\" class=\"aligncenter wp-image-3553 size-full\" title=\"Ses covetes mallorca\" src=\"https:\/\/i0.wp.com\/locaacademiafamiliar.com\/wp-content\/uploads\/2018\/06\/playas-sur-mallorca-con-nin%CC%83os-5.jpg?resize=1200%2C900&#038;ssl=1\" alt=\"Ses covetes mallorca\" width=\"1200\" height=\"900\" \/><\/p>\n<p><strong>El millor de ses Covetes \u00e9s que hi ha aparcament al carrer que porta a la platja, per\u00f2 \u00e9s zona blava<\/strong>, aix\u00ed que es paga amb parqu\u00edmetre. I el juliol-agost sol estar molt plena de gent. Nosaltres vam anar-hi tres dies i vam aparcar b\u00e9 (arribant a la platja a les 11h, un mes de juny). <strong>El meu consell: podeu arribar amb cotxe fins al final del carrer, descarregar als nens (i un adult) i tots els trastos de la platja i que un altre adult torni per deixar el cotxe aparcat on pugui<\/strong>. Aix\u00ed, els nens s&#8217;estalvien la caminada sota el sol. El mateix per quan marxeu de la platja: un adult s&#8217;avan\u00e7a, va a buscar el cotxe i recull la resta de la fam\u00edlia davant de la platja. \u00c9s molt c\u00f2mode.<\/p>\n<p><img data-recalc-dims=\"1\" decoding=\"async\" class=\"aligncenter size-full wp-image-3556\" src=\"https:\/\/i0.wp.com\/locaacademiafamiliar.com\/wp-content\/uploads\/2018\/06\/playas-sur-mallorca-con-nin%CC%83os-8.jpg?resize=1200%2C900&#038;ssl=1\" alt=\"Ses covetes mallorca\" width=\"1200\" height=\"900\" \/><\/p>\n<p><strong>Lo dolent de ses Covetes \u00e9s que gaireb\u00e9 sempre hi bufa vent.<\/strong> Com que \u00e9s un terreny de platja molt obert, al mar normalement hi ha forces onades i\u00a0a la sorra hi bufa el vent. Per aix\u00f2, la resta de dies vam optar per anar a la Col\u00f2nia Sant Jordi on amb prou feines hi havia vent.<\/p>\n<p>Al carrer que arriba a la platja de ses Covetes hi ha cases de poble, algun restaurant i alguna botiga. \u00c9s una urbanitzaci\u00f3. A la platja hi ha tumbones amb para-sols, per\u00f2 no hi ha ni dutxa, ni socorrista ni altres serveis.<\/p>\n<h3>ALTRES PLATGES DEL SUD DE MALLORCA<\/h3>\n<div class=\"tiled-gallery type-rectangular tiled-gallery-unresized\" data-original-width=\"500\" data-carousel-extra='{&quot;blog_id&quot;:1,&quot;permalink&quot;:&quot;https:\\\/\\\/locaacademiafamiliar.com\\\/ca\\\/2018\\\/les-millors-platges-del-sud-de-mallorca-per-anar-amb-nens-petits-o-nadons\\\/&quot;,&quot;likes_blog_id&quot;:119488531}' itemscope itemtype=\"http:\/\/schema.org\/ImageGallery\" > <div class=\"gallery-row\" style=\"width: 500px; height: 189px;\" data-original-width=\"500\" data-original-height=\"189\" > <div class=\"gallery-group images-1\" style=\"width: 250px; height: 189px;\" data-original-width=\"250\" data-original-height=\"189\" > <div class=\"tiled-gallery-item tiled-gallery-item-small\" itemprop=\"associatedMedia\" itemscope itemtype=\"http:\/\/schema.org\/ImageObject\"> <a href=\"https:\/\/locaacademiafamiliar.com\/ca\/2017\/mallorca-amb-nens-les-millors-platges-mallorca-i-altres-consells-visita\/olympus-digital-camera-26\/\" border=\"0\" itemprop=\"url\"> <meta itemprop=\"width\" content=\"246\"> <meta itemprop=\"height\" content=\"185\"> <img decoding=\"async\" class=\"\" data-attachment-id=\"5268\" data-orig-file=\"https:\/\/locaacademiafamiliar.com\/wp-content\/uploads\/2017\/06\/P6070670-1.jpg\" data-orig-size=\"1200,900\" data-comments-opened=\"1\" data-image-meta=\"{&quot;aperture&quot;:&quot;10&quot;,&quot;credit&quot;:&quot;&quot;,&quot;camera&quot;:&quot;TG-2&quot;,&quot;caption&quot;:&quot;OLYMPUS DIGITAL CAMERA&quot;,&quot;created_timestamp&quot;:&quot;1496833530&quot;,&quot;copyright&quot;:&quot;&quot;,&quot;focal_length&quot;:&quot;6.42&quot;,&quot;iso&quot;:&quot;100&quot;,&quot;shutter_speed&quot;:&quot;0.005&quot;,&quot;title&quot;:&quot;OLYMPUS DIGITAL CAMERA&quot;,&quot;orientation&quot;:&quot;1&quot;}\" data-image-title=\"OLYMPUS DIGITAL CAMERA\" data-image-description=\"\" data-medium-file=\"https:\/\/i0.wp.com\/locaacademiafamiliar.com\/wp-content\/uploads\/2017\/06\/P6070670-1.jpg?fit=300%2C225&#038;ssl=1\" data-large-file=\"https:\/\/i0.wp.com\/locaacademiafamiliar.com\/wp-content\/uploads\/2017\/06\/P6070670-1.jpg?fit=1024%2C768&#038;ssl=1\" src=\"https:\/\/i0.wp.com\/locaacademiafamiliar.com\/wp-content\/uploads\/2017\/06\/P6070670-1.jpg?w=246&#038;h=185&#038;ssl=1\" srcset=\"https:\/\/i0.wp.com\/locaacademiafamiliar.com\/wp-content\/uploads\/2017\/06\/P6070670-1.jpg?w=1200&amp;ssl=1 1200w, https:\/\/i0.wp.com\/locaacademiafamiliar.com\/wp-content\/uploads\/2017\/06\/P6070670-1.jpg?resize=300%2C225&amp;ssl=1 300w, https:\/\/i0.wp.com\/locaacademiafamiliar.com\/wp-content\/uploads\/2017\/06\/P6070670-1.jpg?resize=768%2C576&amp;ssl=1 768w, https:\/\/i0.wp.com\/locaacademiafamiliar.com\/wp-content\/uploads\/2017\/06\/P6070670-1.jpg?resize=1024%2C768&amp;ssl=1 1024w, https:\/\/i0.wp.com\/locaacademiafamiliar.com\/wp-content\/uploads\/2017\/06\/P6070670-1.jpg?resize=678%2C509&amp;ssl=1 678w, https:\/\/i0.wp.com\/locaacademiafamiliar.com\/wp-content\/uploads\/2017\/06\/P6070670-1.jpg?resize=326%2C245&amp;ssl=1 326w, https:\/\/i0.wp.com\/locaacademiafamiliar.com\/wp-content\/uploads\/2017\/06\/P6070670-1.jpg?resize=80%2C60&amp;ssl=1 80w\" width=\"246\" height=\"185\" loading=\"lazy\" data-original-width=\"246\" data-original-height=\"185\" itemprop=\"http:\/\/schema.org\/image\" title=\"OLYMPUS DIGITAL CAMERA\" alt=\"Cala S&#039;amarador\" style=\"width: 246px; height: 185px;\" \/> <\/a> <div class=\"tiled-gallery-caption\" itemprop=\"caption description\"> Cala S&#8217;amarador <\/div> <\/div> <\/div> <!-- close group --> <div class=\"gallery-group images-1\" style=\"width: 250px; height: 189px;\" data-original-width=\"250\" data-original-height=\"189\" > <div class=\"tiled-gallery-item tiled-gallery-item-small\" itemprop=\"associatedMedia\" itemscope itemtype=\"http:\/\/schema.org\/ImageObject\"> <a href=\"https:\/\/locaacademiafamiliar.com\/ca\/2017\/mallorca-amb-nens-les-millors-platges-mallorca-i-altres-consells-visita\/dav-65-2\/\" border=\"0\" itemprop=\"url\"> <meta itemprop=\"width\" content=\"246\"> <meta itemprop=\"height\" content=\"185\"> <img decoding=\"async\" class=\"\" data-attachment-id=\"5257\" data-orig-file=\"https:\/\/locaacademiafamiliar.com\/wp-content\/uploads\/2017\/06\/IMG_20170608_110748.jpg\" data-orig-size=\"1200,900\" data-comments-opened=\"1\" data-image-meta=\"{&quot;aperture&quot;:&quot;2&quot;,&quot;credit&quot;:&quot;&quot;,&quot;camera&quot;:&quot;HUAWEI GRA-L09&quot;,&quot;caption&quot;:&quot;dav&quot;,&quot;created_timestamp&quot;:&quot;1496920069&quot;,&quot;copyright&quot;:&quot;&quot;,&quot;focal_length&quot;:&quot;3.83&quot;,&quot;iso&quot;:&quot;64&quot;,&quot;shutter_speed&quot;:&quot;0.000372&quot;,&quot;title&quot;:&quot;dav&quot;,&quot;orientation&quot;:&quot;1&quot;}\" data-image-title=\"dav\" data-image-description=\"\" data-medium-file=\"https:\/\/i0.wp.com\/locaacademiafamiliar.com\/wp-content\/uploads\/2017\/06\/IMG_20170608_110748.jpg?fit=300%2C225&#038;ssl=1\" data-large-file=\"https:\/\/i0.wp.com\/locaacademiafamiliar.com\/wp-content\/uploads\/2017\/06\/IMG_20170608_110748.jpg?fit=1024%2C768&#038;ssl=1\" src=\"https:\/\/i0.wp.com\/locaacademiafamiliar.com\/wp-content\/uploads\/2017\/06\/IMG_20170608_110748.jpg?w=246&#038;h=185&#038;ssl=1\" srcset=\"https:\/\/i0.wp.com\/locaacademiafamiliar.com\/wp-content\/uploads\/2017\/06\/IMG_20170608_110748.jpg?w=1200&amp;ssl=1 1200w, https:\/\/i0.wp.com\/locaacademiafamiliar.com\/wp-content\/uploads\/2017\/06\/IMG_20170608_110748.jpg?resize=300%2C225&amp;ssl=1 300w, https:\/\/i0.wp.com\/locaacademiafamiliar.com\/wp-content\/uploads\/2017\/06\/IMG_20170608_110748.jpg?resize=768%2C576&amp;ssl=1 768w, https:\/\/i0.wp.com\/locaacademiafamiliar.com\/wp-content\/uploads\/2017\/06\/IMG_20170608_110748.jpg?resize=1024%2C768&amp;ssl=1 1024w, https:\/\/i0.wp.com\/locaacademiafamiliar.com\/wp-content\/uploads\/2017\/06\/IMG_20170608_110748.jpg?resize=678%2C509&amp;ssl=1 678w, https:\/\/i0.wp.com\/locaacademiafamiliar.com\/wp-content\/uploads\/2017\/06\/IMG_20170608_110748.jpg?resize=326%2C245&amp;ssl=1 326w, https:\/\/i0.wp.com\/locaacademiafamiliar.com\/wp-content\/uploads\/2017\/06\/IMG_20170608_110748.jpg?resize=80%2C60&amp;ssl=1 80w\" width=\"246\" height=\"185\" loading=\"lazy\" data-original-width=\"246\" data-original-height=\"185\" itemprop=\"http:\/\/schema.org\/image\" title=\"dav\" alt=\"Cala Pi\" style=\"width: 246px; height: 185px;\" \/> <\/a> <div class=\"tiled-gallery-caption\" itemprop=\"caption description\"> Cala Pi <\/div> <\/div> <\/div> <!-- close group --> <\/div> <!-- close row --> <\/div>\n<p><strong>Hi ha altres platges precioses per anar amb nens al sud de Mallorca<\/strong>, potser us sonen, per\u00f2 hi vam trobar alguns inconvenients i vam decidir quedar-nos a aquestes dues mencionades a dalt. Per\u00f2 si us ve de gust explorar una mica m\u00e9s que nosaltres, aqu\u00ed van alguns consells extra:<\/p>\n<ul>\n<li><strong>Cala Pi<\/strong>: molt bonica, com una piscina natural, PER\u00d2 hi ha un munt d&#8217;escales per baixar a la platja. <a href=\"https:\/\/locaacademiafamiliar.com\/ca\/2017\/mallorca-amb-nens-les-millors-platges-mallorca-i-altres-consells-visita\/\">Vam ser-hi l&#8217;any passat, podeu llegir l&#8217;experi\u00e8ncia aqu\u00ed<\/a>.<\/li>\n<li><strong>Cala s&#8217;Amarador:<\/strong> bonica tamb\u00e9, per\u00f2 cal deixar el cotxe en un aparcament i caminar 10 minuts per un cam\u00ed (f\u00e0cil, apte per a cotxets). Vam ser l&#8217;any passat.<\/li>\n<li><strong>Cala Llombards:<\/strong> Ens en van parlar molt b\u00e9 i vam veure fotos molt boniques per\u00f2 quan ens hi vam acostar una tarda per explorar , vam veure que estava plena de guiris alemanys, tumbones i que tenia un acc\u00e9s dif\u00edcil (escales).<\/li>\n<li><strong>Platja Sa R\u00e0pita<\/strong>: on hi ha el club n\u00e0utic. Les dues vegades (en dos anys diferents que hi hem anat) estava plena d&#8217;algues. Plena, plen\u00edssima. Aix\u00ed que la vam descartar de seguida.<\/li>\n<\/ul>\n<h3>Allotjament a Mallorca amb nens<\/h3>\n<figure id=\"attachment_3559\" aria-describedby=\"caption-attachment-3559\" style=\"width: 275px\" class=\"wp-caption alignleft\"><img data-recalc-dims=\"1\" decoding=\"async\" class=\" wp-image-3559\" src=\"https:\/\/i0.wp.com\/locaacademiafamiliar.com\/wp-content\/uploads\/2018\/06\/intercambio-de-casa-mallorca-con-nin%CC%83os-2.jpg?resize=275%2C276&#038;ssl=1\" alt=\"\" width=\"275\" height=\"276\" \/><figcaption id=\"caption-attachment-3559\" class=\"wp-caption-text\">Intercambio de Casa en Mallorca, delante del mar<\/figcaption><\/figure>\n<p>Hem estat una altra vegada en un <a href=\"https:\/\/locaacademiafamiliar.com\/ca\/2018\/25-preguntes-i-respostes-habituals-els-intercanvis-casa\/\" target=\"_blank\" rel=\"noopener\"><strong>intercanvi de casa<\/strong><\/a> amb els nostres partners d&#8217;intercanvi (i ara ja amics) la Bel i en Dami\u00e0, amb qui ja vam fer l&#8217;intercanvi l&#8217;any passat. Per aix\u00f2,<strong> 7 dies a Mallorca per a quatre adults i dos nens ens ha sortit totalment gratis<\/strong> (a canvi de deixar-los el pis de Barcelona a ells, es clar; aix\u00f2 \u00e9s un intercanvi de casa!!).<\/p>\n<p>Una nit els meus pares van anar a sopar amb Dami\u00e0 i Bel a <a href=\"https:\/\/www.booking.com\/hotel\/es\/finca-can-canals.html?aid=1203726&amp;no_rooms=1&amp;group_adults=1\" target=\"_blank\" rel=\"noopener\"><strong>l&#8217;agroturisme Canals, a Ses Covetes<\/strong><\/a>. Un agroturisme preci\u00f3s, amb un<strong> restaurant bon\u00edssim<\/strong>. Ho deixo anotat per si alg\u00fa vol fer una ullada. Tenen piscina.<\/p>\n<p>&nbsp;<\/p>\n<h3>Pressupost 1 setmana a Mallorca<\/h3>\n<p><strong>Els dinars i sopars han estat sempre a casa<\/strong> (excepte un sopar a soles amb l&#8217;Arnau al restaurant del poble per desconnectar). Per aix\u00f2, la setmana sencera ens ha sortit per:<\/p>\n<ul>\n<li>menjar (compres de supermercat): 300 \u20ac<\/li>\n<li>transport: 1.000 \u20ac dos cotxes i dos adults, dormint en cabina tant l&#8217;anada com la tornada (de nit). Amb Trasmediterr\u00e1nea.<\/li>\n<li>transport II: 130 \u20ac els vols de 2 adults i 2 nens amb vueling.<\/li>\n<li><a href=\"https:\/\/locaacademiafamiliar.com\/ca\/2018\/25-preguntes-i-respostes-habituals-els-intercanvis-casa\/\"><strong>allotjament: gratu\u00eft.<\/strong><\/a><\/li>\n<\/ul>\n<p>Els dos cotxes van sortir car\u00edssims, s\u00ed, per\u00f2<strong> ens sortia M\u00c9S CAR encara haver de llogar un cotxe de 7 places (o 2 cotxes) amb cadires de beb\u00e8 durant una setmana.<\/strong> A m\u00e9s, ens va ser genial poder carregar el cotxe ple de maletes, cadires de nad\u00f3, trones, para-sols, trastos de platja, nevereta i altres coses de platja &#8230; I pujar a l&#8217;avi\u00f3 amb una sola bossa de m\u00e0. Molt c\u00f2mode \ud83d\ude42<\/p>\n<p><strong>Els dos adults que van viatjar amb barco\u00a0en camarot van dormir-hi molt b\u00e9<\/strong> (surt a les 23.30h i arriba a port a les 7h aprox). Diuen que no van notar res, metre dorm\u00eden; no es mou ni et mareges. A l&#8217;arribada a port, els dos cotxes van venir a l&#8217;aeroport de Palma a buscar-nos. M\u00e9s c\u00f2mode impossible! Potser el proper cop anirem tots amb el barco!<\/p>\n","protected":false},"excerpt":{"rendered":"<div class=\"mh-excerpt\"><p>Quan alguna cosa \u00e9s bona, val la pena repetir-la. Per aix\u00f2, despr\u00e9s de passar unes estupend\u00edssimes vacances en fam\u00edlia a Mallorca l&#8217;any passat, aquest estiu hem repetit la mateixa f\u00f3rmula \ud83d\ude42 Fa poc hem passat una setmana sencera a Sa R\u00e0pita, a prop de Campos, al sud de Mallorca. I aquestes s\u00f3n les nostres recomanacions de millors platges del sud de Mallorca per anar amb nens petits i nadons. <a class=\"mh-excerpt-more\" href=\"https:\/\/locaacademiafamiliar.com\/ca\/2018\/les-millors-platges-del-sud-de-mallorca-per-anar-amb-nens-petits-o-nadons\/\" title=\"Les millors platges del sud de Mallorca per anar amb nens petits o nadons\">[&#8230;]<\/a><\/p>\n<\/div>","protected":false},"author":1,"featured_media":3553,"comment_status":"open","ping_status":"open","sticky":false,"template":"","format":"standard","meta":{"_monsterinsights_skip_tracking":false,"_monsterinsights_sitenote_active":false,"_monsterinsights_sitenote_note":"","_monsterinsights_sitenote_category":0,"_jetpack_memberships_contains_paid_content":false,"footnotes":""},"categories":[37],"tags":[100,61],"class_list":{"0":"post-3566","1":"post","2":"type-post","3":"status-publish","4":"format-standard","5":"has-post-thumbnail","7":"category-geografia-ca","8":"tag-platges","9":"tag-viatges"},"yoast_head":"<!-- This site is optimized with the Yoast SEO plugin v26.8 - https:\/\/yoast.com\/product\/yoast-seo-wordpress\/ -->\n<title>Les millors platges del sud de Mallorca per nens petits i nadons<\/title>\n<meta name=\"description\" content=\"Recomanacions de les millors platges de Mallorca (sud) per anar amb nens petits i nadons. Platges poc profundes, amb aparcament al costat de la platja. Col\u00f2nia Sant Jordi i Ses Covetes.\" \/>\n<meta name=\"robots\" content=\"index, follow, max-snippet:-1, max-image-preview:large, max-video-preview:-1\" \/>\n<link rel=\"canonical\" href=\"https:\/\/locaacademiafamiliar.com\/ca\/2018\/les-millors-platges-del-sud-de-mallorca-per-anar-amb-nens-petits-o-nadons\/\" \/>\n<meta property=\"og:locale\" content=\"ca_ES\" \/>\n<meta property=\"og:type\" content=\"article\" \/>\n<meta property=\"og:title\" content=\"Les millors platges del sud de Mallorca per nens petits i nadons\" \/>\n<meta property=\"og:description\" content=\"Recomanacions de les millors platges de Mallorca (sud) per anar amb nens petits i nadons. Platges poc profundes, amb aparcament al costat de la platja. Col\u00f2nia Sant Jordi i Ses Covetes.\" \/>\n<meta property=\"og:url\" content=\"https:\/\/locaacademiafamiliar.com\/ca\/2018\/les-millors-platges-del-sud-de-mallorca-per-anar-amb-nens-petits-o-nadons\/\" \/>\n<meta property=\"og:site_name\" content=\"Boja Acad\u00e8mia Familiar\" \/>\n<meta property=\"article:publisher\" content=\"https:\/\/www.facebook.com\/LocaAcademiaFamiliar\" \/>\n<meta property=\"article:author\" content=\"http:\/\/www.facebook.com\/locaacademiafamiliar\" \/>\n<meta property=\"article:published_time\" content=\"2018-06-26T12:07:16+00:00\" \/>\n<meta property=\"article:modified_time\" content=\"2018-06-26T14:10:51+00:00\" \/>\n<meta property=\"og:image\" content=\"https:\/\/locaacademiafamiliar.com\/wp-content\/uploads\/2018\/06\/playas-sur-mallorca-con-nin\u0303os-5.jpg\" \/>\n\t<meta property=\"og:image:width\" content=\"1200\" \/>\n\t<meta property=\"og:image:height\" content=\"900\" \/>\n\t<meta property=\"og:image:type\" content=\"image\/jpeg\" \/>\n<meta name=\"author\" content=\"Roser\" \/>\n<meta name=\"twitter:card\" content=\"summary_large_image\" \/>\n<meta name=\"twitter:label1\" content=\"Escrit per\" \/>\n\t<meta name=\"twitter:data1\" content=\"Roser\" \/>\n\t<meta name=\"twitter:label2\" content=\"Temps estimat de lectura\" \/>\n\t<meta name=\"twitter:data2\" content=\"8 minuts\" \/>\n<script type=\"application\/ld+json\" class=\"yoast-schema-graph\">{\"@context\":\"https:\/\/schema.org\",\"@graph\":[{\"@type\":\"Article\",\"@id\":\"https:\/\/locaacademiafamiliar.com\/ca\/2018\/les-millors-platges-del-sud-de-mallorca-per-anar-amb-nens-petits-o-nadons\/#article\",\"isPartOf\":{\"@id\":\"https:\/\/locaacademiafamiliar.com\/ca\/2018\/les-millors-platges-del-sud-de-mallorca-per-anar-amb-nens-petits-o-nadons\/\"},\"author\":{\"name\":\"Roser\",\"@id\":\"https:\/\/locaacademiafamiliar.com\/ca\/#\/schema\/person\/c38ddbb3d4c6f37be7c9c57b205fdd2d\"},\"headline\":\"Les millors platges del sud de Mallorca per anar amb nens petits o nadons\",\"datePublished\":\"2018-06-26T12:07:16+00:00\",\"dateModified\":\"2018-06-26T14:10:51+00:00\",\"mainEntityOfPage\":{\"@id\":\"https:\/\/locaacademiafamiliar.com\/ca\/2018\/les-millors-platges-del-sud-de-mallorca-per-anar-amb-nens-petits-o-nadons\/\"},\"wordCount\":1565,\"commentCount\":0,\"publisher\":{\"@id\":\"https:\/\/locaacademiafamiliar.com\/ca\/#organization\"},\"image\":{\"@id\":\"https:\/\/locaacademiafamiliar.com\/ca\/2018\/les-millors-platges-del-sud-de-mallorca-per-anar-amb-nens-petits-o-nadons\/#primaryimage\"},\"thumbnailUrl\":\"https:\/\/i0.wp.com\/locaacademiafamiliar.com\/wp-content\/uploads\/2018\/06\/playas-sur-mallorca-con-nin%CC%83os-5.jpg?fit=1200%2C900&ssl=1\",\"keywords\":[\"platges\",\"Viatges\"],\"articleSection\":[\"Geografia\"],\"inLanguage\":\"ca\",\"potentialAction\":[{\"@type\":\"CommentAction\",\"name\":\"Comment\",\"target\":[\"https:\/\/locaacademiafamiliar.com\/ca\/2018\/les-millors-platges-del-sud-de-mallorca-per-anar-amb-nens-petits-o-nadons\/#respond\"]}]},{\"@type\":\"WebPage\",\"@id\":\"https:\/\/locaacademiafamiliar.com\/ca\/2018\/les-millors-platges-del-sud-de-mallorca-per-anar-amb-nens-petits-o-nadons\/\",\"url\":\"https:\/\/locaacademiafamiliar.com\/ca\/2018\/les-millors-platges-del-sud-de-mallorca-per-anar-amb-nens-petits-o-nadons\/\",\"name\":\"Les millors platges del sud de Mallorca per nens petits i nadons\",\"isPartOf\":{\"@id\":\"https:\/\/locaacademiafamiliar.com\/ca\/#website\"},\"primaryImageOfPage\":{\"@id\":\"https:\/\/locaacademiafamiliar.com\/ca\/2018\/les-millors-platges-del-sud-de-mallorca-per-anar-amb-nens-petits-o-nadons\/#primaryimage\"},\"image\":{\"@id\":\"https:\/\/locaacademiafamiliar.com\/ca\/2018\/les-millors-platges-del-sud-de-mallorca-per-anar-amb-nens-petits-o-nadons\/#primaryimage\"},\"thumbnailUrl\":\"https:\/\/i0.wp.com\/locaacademiafamiliar.com\/wp-content\/uploads\/2018\/06\/playas-sur-mallorca-con-nin%CC%83os-5.jpg?fit=1200%2C900&ssl=1\",\"datePublished\":\"2018-06-26T12:07:16+00:00\",\"dateModified\":\"2018-06-26T14:10:51+00:00\",\"description\":\"Recomanacions de les millors platges de Mallorca (sud) per anar amb nens petits i nadons. Platges poc profundes, amb aparcament al costat de la platja. Col\u00f2nia Sant Jordi i Ses Covetes.\",\"breadcrumb\":{\"@id\":\"https:\/\/locaacademiafamiliar.com\/ca\/2018\/les-millors-platges-del-sud-de-mallorca-per-anar-amb-nens-petits-o-nadons\/#breadcrumb\"},\"inLanguage\":\"ca\",\"potentialAction\":[{\"@type\":\"ReadAction\",\"target\":[\"https:\/\/locaacademiafamiliar.com\/ca\/2018\/les-millors-platges-del-sud-de-mallorca-per-anar-amb-nens-petits-o-nadons\/\"]}]},{\"@type\":\"ImageObject\",\"inLanguage\":\"ca\",\"@id\":\"https:\/\/locaacademiafamiliar.com\/ca\/2018\/les-millors-platges-del-sud-de-mallorca-per-anar-amb-nens-petits-o-nadons\/#primaryimage\",\"url\":\"https:\/\/i0.wp.com\/locaacademiafamiliar.com\/wp-content\/uploads\/2018\/06\/playas-sur-mallorca-con-nin%CC%83os-5.jpg?fit=1200%2C900&ssl=1\",\"contentUrl\":\"https:\/\/i0.wp.com\/locaacademiafamiliar.com\/wp-content\/uploads\/2018\/06\/playas-sur-mallorca-con-nin%CC%83os-5.jpg?fit=1200%2C900&ssl=1\",\"width\":1200,\"height\":900,\"caption\":\"playas de mallorca ses covetes\"},{\"@type\":\"BreadcrumbList\",\"@id\":\"https:\/\/locaacademiafamiliar.com\/ca\/2018\/les-millors-platges-del-sud-de-mallorca-per-anar-amb-nens-petits-o-nadons\/#breadcrumb\",\"itemListElement\":[{\"@type\":\"ListItem\",\"position\":1,\"name\":\"Portada\",\"item\":\"https:\/\/locaacademiafamiliar.com\/ca\/\"},{\"@type\":\"ListItem\",\"position\":2,\"name\":\"Les millors platges del sud de Mallorca per anar amb nens petits o nadons\"}]},{\"@type\":\"WebSite\",\"@id\":\"https:\/\/locaacademiafamiliar.com\/ca\/#website\",\"url\":\"https:\/\/locaacademiafamiliar.com\/ca\/\",\"name\":\"Boja Acad\u00e8mia Familiar\",\"description\":\"El blog de crianza con el que pap\u00e1s y mam\u00e1s salen mejor preparados para su rutina familiar diaria\",\"publisher\":{\"@id\":\"https:\/\/locaacademiafamiliar.com\/ca\/#organization\"},\"potentialAction\":[{\"@type\":\"SearchAction\",\"target\":{\"@type\":\"EntryPoint\",\"urlTemplate\":\"https:\/\/locaacademiafamiliar.com\/ca\/?s={search_term_string}\"},\"query-input\":{\"@type\":\"PropertyValueSpecification\",\"valueRequired\":true,\"valueName\":\"search_term_string\"}}],\"inLanguage\":\"ca\"},{\"@type\":\"Organization\",\"@id\":\"https:\/\/locaacademiafamiliar.com\/ca\/#organization\",\"name\":\"LocaAcademiaFamiliar.com\",\"url\":\"https:\/\/locaacademiafamiliar.com\/ca\/\",\"logo\":{\"@type\":\"ImageObject\",\"inLanguage\":\"ca\",\"@id\":\"https:\/\/locaacademiafamiliar.com\/ca\/#\/schema\/logo\/image\/\",\"url\":\"https:\/\/locaacademiafamiliar.com\/wp-content\/uploads\/2020\/01\/logo-loca-academia-familiar.jpg\",\"contentUrl\":\"https:\/\/locaacademiafamiliar.com\/wp-content\/uploads\/2020\/01\/logo-loca-academia-familiar.jpg\",\"width\":960,\"height\":960,\"caption\":\"LocaAcademiaFamiliar.com\"},\"image\":{\"@id\":\"https:\/\/locaacademiafamiliar.com\/ca\/#\/schema\/logo\/image\/\"},\"sameAs\":[\"https:\/\/www.facebook.com\/LocaAcademiaFamiliar\"]},{\"@type\":\"Person\",\"@id\":\"https:\/\/locaacademiafamiliar.com\/ca\/#\/schema\/person\/c38ddbb3d4c6f37be7c9c57b205fdd2d\",\"name\":\"Roser\",\"image\":{\"@type\":\"ImageObject\",\"inLanguage\":\"ca\",\"@id\":\"https:\/\/locaacademiafamiliar.com\/ca\/#\/schema\/person\/image\/\",\"url\":\"https:\/\/secure.gravatar.com\/avatar\/505f69c7969f855daaa0f97fb5b0b6b2?s=96&d=mm&r=g\",\"contentUrl\":\"https:\/\/secure.gravatar.com\/avatar\/505f69c7969f855daaa0f97fb5b0b6b2?s=96&d=mm&r=g\",\"caption\":\"Roser\"},\"description\":\"\u00a1Hola soy Roser! Mam\u00e1 de una ni\u00f1a preciosa y muy movida, nacida en agosto 2015; y de un ni\u00f1o guap\u00edsimo y valiente nacido en octubre 2017. Antes estaba \\\"sempre viaggiando\\\" y ahora estoy siempre jugando, cantando y saltando. Llevo 10 a\u00f1os como blogger de viajes y vivo en Olot, Girona. Si quieres estar informado de los eventos y actividades para familias con ni\u00f1os en Catalunya, haz click aqu\u00ed para apuntarte a nuestra newsletter.\",\"sameAs\":[\"http:\/\/www.locaacademiafamiliar.com\",\"http:\/\/www.facebook.com\/locaacademiafamiliar\"],\"url\":\"https:\/\/locaacademiafamiliar.com\/ca\/author\/roser\/\"}]}<\/script>\n<!-- \/ Yoast SEO plugin. -->","yoast_head_json":{"title":"Les millors platges del sud de Mallorca per nens petits i nadons","description":"Recomanacions de les millors platges de Mallorca (sud) per anar amb nens petits i nadons. Platges poc profundes, amb aparcament al costat de la platja. Col\u00f2nia Sant Jordi i Ses Covetes.","robots":{"index":"index","follow":"follow","max-snippet":"max-snippet:-1","max-image-preview":"max-image-preview:large","max-video-preview":"max-video-preview:-1"},"canonical":"https:\/\/locaacademiafamiliar.com\/ca\/2018\/les-millors-platges-del-sud-de-mallorca-per-anar-amb-nens-petits-o-nadons\/","og_locale":"ca_ES","og_type":"article","og_title":"Les millors platges del sud de Mallorca per nens petits i nadons","og_description":"Recomanacions de les millors platges de Mallorca (sud) per anar amb nens petits i nadons. Platges poc profundes, amb aparcament al costat de la platja. Col\u00f2nia Sant Jordi i Ses Covetes.","og_url":"https:\/\/locaacademiafamiliar.com\/ca\/2018\/les-millors-platges-del-sud-de-mallorca-per-anar-amb-nens-petits-o-nadons\/","og_site_name":"Boja Acad\u00e8mia Familiar","article_publisher":"https:\/\/www.facebook.com\/LocaAcademiaFamiliar","article_author":"http:\/\/www.facebook.com\/locaacademiafamiliar","article_published_time":"2018-06-26T12:07:16+00:00","article_modified_time":"2018-06-26T14:10:51+00:00","og_image":[{"width":1200,"height":900,"url":"https:\/\/locaacademiafamiliar.com\/wp-content\/uploads\/2018\/06\/playas-sur-mallorca-con-nin\u0303os-5.jpg","type":"image\/jpeg"}],"author":"Roser","twitter_card":"summary_large_image","twitter_misc":{"Escrit per":"Roser","Temps estimat de lectura":"8 minuts"},"schema":{"@context":"https:\/\/schema.org","@graph":[{"@type":"Article","@id":"https:\/\/locaacademiafamiliar.com\/ca\/2018\/les-millors-platges-del-sud-de-mallorca-per-anar-amb-nens-petits-o-nadons\/#article","isPartOf":{"@id":"https:\/\/locaacademiafamiliar.com\/ca\/2018\/les-millors-platges-del-sud-de-mallorca-per-anar-amb-nens-petits-o-nadons\/"},"author":{"name":"Roser","@id":"https:\/\/locaacademiafamiliar.com\/ca\/#\/schema\/person\/c38ddbb3d4c6f37be7c9c57b205fdd2d"},"headline":"Les millors platges del sud de Mallorca per anar amb nens petits o nadons","datePublished":"2018-06-26T12:07:16+00:00","dateModified":"2018-06-26T14:10:51+00:00","mainEntityOfPage":{"@id":"https:\/\/locaacademiafamiliar.com\/ca\/2018\/les-millors-platges-del-sud-de-mallorca-per-anar-amb-nens-petits-o-nadons\/"},"wordCount":1565,"commentCount":0,"publisher":{"@id":"https:\/\/locaacademiafamiliar.com\/ca\/#organization"},"image":{"@id":"https:\/\/locaacademiafamiliar.com\/ca\/2018\/les-millors-platges-del-sud-de-mallorca-per-anar-amb-nens-petits-o-nadons\/#primaryimage"},"thumbnailUrl":"https:\/\/i0.wp.com\/locaacademiafamiliar.com\/wp-content\/uploads\/2018\/06\/playas-sur-mallorca-con-nin%CC%83os-5.jpg?fit=1200%2C900&ssl=1","keywords":["platges","Viatges"],"articleSection":["Geografia"],"inLanguage":"ca","potentialAction":[{"@type":"CommentAction","name":"Comment","target":["https:\/\/locaacademiafamiliar.com\/ca\/2018\/les-millors-platges-del-sud-de-mallorca-per-anar-amb-nens-petits-o-nadons\/#respond"]}]},{"@type":"WebPage","@id":"https:\/\/locaacademiafamiliar.com\/ca\/2018\/les-millors-platges-del-sud-de-mallorca-per-anar-amb-nens-petits-o-nadons\/","url":"https:\/\/locaacademiafamiliar.com\/ca\/2018\/les-millors-platges-del-sud-de-mallorca-per-anar-amb-nens-petits-o-nadons\/","name":"Les millors platges del sud de Mallorca per nens petits i nadons","isPartOf":{"@id":"https:\/\/locaacademiafamiliar.com\/ca\/#website"},"primaryImageOfPage":{"@id":"https:\/\/locaacademiafamiliar.com\/ca\/2018\/les-millors-platges-del-sud-de-mallorca-per-anar-amb-nens-petits-o-nadons\/#primaryimage"},"image":{"@id":"https:\/\/locaacademiafamiliar.com\/ca\/2018\/les-millors-platges-del-sud-de-mallorca-per-anar-amb-nens-petits-o-nadons\/#primaryimage"},"thumbnailUrl":"https:\/\/i0.wp.com\/locaacademiafamiliar.com\/wp-content\/uploads\/2018\/06\/playas-sur-mallorca-con-nin%CC%83os-5.jpg?fit=1200%2C900&ssl=1","datePublished":"2018-06-26T12:07:16+00:00","dateModified":"2018-06-26T14:10:51+00:00","description":"Recomanacions de les millors platges de Mallorca (sud) per anar amb nens petits i nadons. Platges poc profundes, amb aparcament al costat de la platja. Col\u00f2nia Sant Jordi i Ses Covetes.","breadcrumb":{"@id":"https:\/\/locaacademiafamiliar.com\/ca\/2018\/les-millors-platges-del-sud-de-mallorca-per-anar-amb-nens-petits-o-nadons\/#breadcrumb"},"inLanguage":"ca","potentialAction":[{"@type":"ReadAction","target":["https:\/\/locaacademiafamiliar.com\/ca\/2018\/les-millors-platges-del-sud-de-mallorca-per-anar-amb-nens-petits-o-nadons\/"]}]},{"@type":"ImageObject","inLanguage":"ca","@id":"https:\/\/locaacademiafamiliar.com\/ca\/2018\/les-millors-platges-del-sud-de-mallorca-per-anar-amb-nens-petits-o-nadons\/#primaryimage","url":"https:\/\/i0.wp.com\/locaacademiafamiliar.com\/wp-content\/uploads\/2018\/06\/playas-sur-mallorca-con-nin%CC%83os-5.jpg?fit=1200%2C900&ssl=1","contentUrl":"https:\/\/i0.wp.com\/locaacademiafamiliar.com\/wp-content\/uploads\/2018\/06\/playas-sur-mallorca-con-nin%CC%83os-5.jpg?fit=1200%2C900&ssl=1","width":1200,"height":900,"caption":"playas de mallorca ses covetes"},{"@type":"BreadcrumbList","@id":"https:\/\/locaacademiafamiliar.com\/ca\/2018\/les-millors-platges-del-sud-de-mallorca-per-anar-amb-nens-petits-o-nadons\/#breadcrumb","itemListElement":[{"@type":"ListItem","position":1,"name":"Portada","item":"https:\/\/locaacademiafamiliar.com\/ca\/"},{"@type":"ListItem","position":2,"name":"Les millors platges del sud de Mallorca per anar amb nens petits o nadons"}]},{"@type":"WebSite","@id":"https:\/\/locaacademiafamiliar.com\/ca\/#website","url":"https:\/\/locaacademiafamiliar.com\/ca\/","name":"Boja Acad\u00e8mia Familiar","description":"El blog de crianza con el que pap\u00e1s y mam\u00e1s salen mejor preparados para su rutina familiar diaria","publisher":{"@id":"https:\/\/locaacademiafamiliar.com\/ca\/#organization"},"potentialAction":[{"@type":"SearchAction","target":{"@type":"EntryPoint","urlTemplate":"https:\/\/locaacademiafamiliar.com\/ca\/?s={search_term_string}"},"query-input":{"@type":"PropertyValueSpecification","valueRequired":true,"valueName":"search_term_string"}}],"inLanguage":"ca"},{"@type":"Organization","@id":"https:\/\/locaacademiafamiliar.com\/ca\/#organization","name":"LocaAcademiaFamiliar.com","url":"https:\/\/locaacademiafamiliar.com\/ca\/","logo":{"@type":"ImageObject","inLanguage":"ca","@id":"https:\/\/locaacademiafamiliar.com\/ca\/#\/schema\/logo\/image\/","url":"https:\/\/locaacademiafamiliar.com\/wp-content\/uploads\/2020\/01\/logo-loca-academia-familiar.jpg","contentUrl":"https:\/\/locaacademiafamiliar.com\/wp-content\/uploads\/2020\/01\/logo-loca-academia-familiar.jpg","width":960,"height":960,"caption":"LocaAcademiaFamiliar.com"},"image":{"@id":"https:\/\/locaacademiafamiliar.com\/ca\/#\/schema\/logo\/image\/"},"sameAs":["https:\/\/www.facebook.com\/LocaAcademiaFamiliar"]},{"@type":"Person","@id":"https:\/\/locaacademiafamiliar.com\/ca\/#\/schema\/person\/c38ddbb3d4c6f37be7c9c57b205fdd2d","name":"Roser","image":{"@type":"ImageObject","inLanguage":"ca","@id":"https:\/\/locaacademiafamiliar.com\/ca\/#\/schema\/person\/image\/","url":"https:\/\/secure.gravatar.com\/avatar\/505f69c7969f855daaa0f97fb5b0b6b2?s=96&d=mm&r=g","contentUrl":"https:\/\/secure.gravatar.com\/avatar\/505f69c7969f855daaa0f97fb5b0b6b2?s=96&d=mm&r=g","caption":"Roser"},"description":"\u00a1Hola soy Roser! Mam\u00e1 de una ni\u00f1a preciosa y muy movida, nacida en agosto 2015; y de un ni\u00f1o guap\u00edsimo y valiente nacido en octubre 2017. Antes estaba \"sempre viaggiando\" y ahora estoy siempre jugando, cantando y saltando. Llevo 10 a\u00f1os como blogger de viajes y vivo en Olot, Girona. Si quieres estar informado de los eventos y actividades para familias con ni\u00f1os en Catalunya, haz click aqu\u00ed para apuntarte a nuestra newsletter.","sameAs":["http:\/\/www.locaacademiafamiliar.com","http:\/\/www.facebook.com\/locaacademiafamiliar"],"url":"https:\/\/locaacademiafamiliar.com\/ca\/author\/roser\/"}]}},"jetpack_featured_media_url":"https:\/\/i0.wp.com\/locaacademiafamiliar.com\/wp-content\/uploads\/2018\/06\/playas-sur-mallorca-con-nin%CC%83os-5.jpg?fit=1200%2C900&ssl=1","jetpack_sharing_enabled":true,"amp_enabled":true,"_links":{"self":[{"href":"https:\/\/locaacademiafamiliar.com\/ca\/wp-json\/wp\/v2\/posts\/3566","targetHints":{"allow":["GET"]}}],"collection":[{"href":"https:\/\/locaacademiafamiliar.com\/ca\/wp-json\/wp\/v2\/posts"}],"about":[{"href":"https:\/\/locaacademiafamiliar.com\/ca\/wp-json\/wp\/v2\/types\/post"}],"author":[{"embeddable":true,"href":"https:\/\/locaacademiafamiliar.com\/ca\/wp-json\/wp\/v2\/users\/1"}],"replies":[{"embeddable":true,"href":"https:\/\/locaacademiafamiliar.com\/ca\/wp-json\/wp\/v2\/comments?post=3566"}],"version-history":[{"count":0,"href":"https:\/\/locaacademiafamiliar.com\/ca\/wp-json\/wp\/v2\/posts\/3566\/revisions"}],"wp:featuredmedia":[{"embeddable":true,"href":"https:\/\/locaacademiafamiliar.com\/ca\/wp-json\/wp\/v2\/media\/3553"}],"wp:attachment":[{"href":"https:\/\/locaacademiafamiliar.com\/ca\/wp-json\/wp\/v2\/media?parent=3566"}],"wp:term":[{"taxonomy":"category","embeddable":true,"href":"https:\/\/locaacademiafamiliar.com\/ca\/wp-json\/wp\/v2\/categories?post=3566"},{"taxonomy":"post_tag","embeddable":true,"href":"https:\/\/locaacademiafamiliar.com\/ca\/wp-json\/wp\/v2\/tags?post=3566"}],"curies":[{"name":"wp","href":"https:\/\/api.w.org\/{rel}","templated":true}]}}