{"id":3725,"date":"2018-07-31T15:04:12","date_gmt":"2018-07-31T15:04:12","guid":{"rendered":"https:\/\/locaacademiafamiliar.com\/?p=3725"},"modified":"2018-07-31T15:04:12","modified_gmt":"2018-07-31T15:04:12","slug":"plans-destiu-per-fer-amb-nens","status":"publish","type":"post","link":"https:\/\/locaacademiafamiliar.com\/ca\/2018\/plans-destiu-per-fer-amb-nens\/","title":{"rendered":"Plans d&#8217;estiu per fer amb nens"},"content":{"rendered":"<p><strong>Qu\u00e8 tal va l&#8217;estiu<\/strong>? Nosaltres ho estem aprofitant molt i se m&#8217;ha ocorregut que aquest any hem fet algunes coses de diferent manera i vull compartir-les amb vosaltres perqu\u00e8 han sortit b\u00e9 i pot ser que us serveixin a vosaltres tamb\u00e9.<\/p>\n<h3>Cine matinal<\/h3>\n<p>Hem anat al<strong> cinema, a veure una pel\u00b7l\u00edcula infantil<\/strong> per descomptat \ud83d\ude42 i vam entrar <strong>a les 11 del mat\u00ed<\/strong>. No havia anat mai al cinema en sessi\u00f3 matinal i va resultar quadrar perfectament amb el nostre <strong>horari infantil<\/strong>.<\/p>\n<p><strong>Quatre avantatges a favor de les sessions matinals del cinema<\/strong>: 1) ning\u00fa est\u00e0 tan cansat com per adormir-se o posar-se nervi\u00f3s a la sala; 2) en sortir vam menjar a prop del cinema uns entrepans perqu\u00e8 les crispetes encara estaven massa presents; 3) hi havia poca gent; i 4) vam evitar la calor del migdia gr\u00e0cies a estar ben a la fresca dins la sala. Vaja, un pla ideal ho miris per on ho miris!<\/p>\n<h3>Platja a la tarda-vespre<\/h3>\n<p>Vam quedar amb uns amics per <a href=\"https:\/\/locaacademiafamiliar.com\/ca\/tag\/platges\/\"><strong>anar a la platja<\/strong><\/a> i, per combinaci\u00f3 familiar, vam trobar-nos a les <strong>cinc de la tarda<\/strong>. Reconec que hav\u00edem anat molt poques vegades a la platja a la tarda&#8230; Ser\u00e0 que les nostres nenes s&#8217;aixequen molt aviat i se&#8217;n van a dormir tamb\u00e9 aviat, i que ja hem adquirit l&#8217;h\u00e0bit de fer les activitats al demat\u00ed?<\/p>\n<p>En tot cas, va ser un encert total. <strong>Quatre raons m\u00e9s per les quals anar a la platja a la tarda<\/strong>: 1) va resultar que vam poder aparcar f\u00e0cilment perqu\u00e8 hi havia gent que ja se n&#8217;anava; 2) el sol ja no apretava tot i que seguia fent caloreta; 3) l&#8217;aigua estava m\u00e9s calenta que al demat\u00ed; i 4) els quatre hav\u00edem fet migdiada amb lo que vam agafar les onades amb energies renovades.<\/p>\n<p>Un bon pla per a una tarda de calor. <strong>Per a la propera m&#8217;emporto el sopar a la platja!<\/strong><\/p>\n<h3><strong>Gelats de iogurt<\/strong><\/h3>\n<p>Com a tots, a casa, els gelats ens agraden i a l&#8217;estiu s\u00f3n una petici\u00f3 constant de la nostra filla gran. Com que no ens agrada que mengi tant de sucre &#8212; tot i que a l&#8217;estiu \u00e9s molt dif\u00edcil evitar-ho, aquest any hem fet gelats de iogurt i han estat un \u00e8xit.<\/p>\n<p><strong>Com fer gelats de iogurt a casa? Molt f\u00e0cil<\/strong>. Vam comprar gelats d&#8217;un quilo (queden especialment b\u00e9 <strong>els de maduixa i els de pr\u00e9ssec<\/strong>) i vam omplir els motlles que hav\u00edem comprat pr\u00e8viament. Aix\u00ed de <strong>f\u00e0cil, aix\u00ed de senzill i aix\u00ed de bo<\/strong> \ud83d\ude42<\/p>\n<img decoding=\"async\" src=\"https:\/\/ir-es.amazon-adsystem.com\/e\/ir?t=locaacademia-21&l=alb&o=30&a=B01EHQ7FT6\" width=\"1px\" height=\"1px\" alt=\"\" style=\"position: fixed !important; bottom: -1px !important; right: -1px !important; border:none !important; margin:0px !important;\" \/><img decoding=\"async\" src=\"https:\/\/ir-es.amazon-adsystem.com\/e\/ir?t=locaacademia-21&l=alb&o=30&a=B01GJNFORK\" width=\"1px\" height=\"1px\" alt=\"\" style=\"position: fixed !important; bottom: -1px !important; right: -1px !important; border:none !important; margin:0px !important;\" \/><img decoding=\"async\" src=\"https:\/\/ir-es.amazon-adsystem.com\/e\/ir?t=locaacademia-21&l=alb&o=30&a=B06XXXKLMM\" width=\"1px\" height=\"1px\" alt=\"\" style=\"position: fixed !important; bottom: -1px !important; right: -1px !important; border:none !important; margin:0px !important;\" \/><img decoding=\"async\" src=\"https:\/\/ir-es.amazon-adsystem.com\/e\/ir?t=locaacademia-21&l=alb&o=30&a=B01JA4SNYQ\" width=\"1px\" height=\"1px\" alt=\"\" style=\"position: fixed !important; bottom: -1px !important; right: -1px !important; border:none !important; margin:0px !important;\" \/><!-- Ad Template with Carousel Layout-->\r\n <!--Section tag for iterating through the list of items-->\r\n<div class=\"aalb-44-pc-ad-unit\" id=\"aalb-B01EHQ7FT6-B01GJNFORK-B06XXXKLMM-B01JA4SNYQ-ES-locaacademia-21-ProductCarousel-NoHeader\">\r\n    <div class=\"aalb-44-pc-wrapper\">\r\n      <div class=\"aalb-44-pc-product-container\">\r\n        <ul class=\"aalb-44-pc-product-list\">\r\n                  <\/ul>\r\n      <\/div>\r\n    <\/div>\r\n    <a href=\"javascript:void(0);\" class=\"aalb-44-pc-btn-prev\">\u2039<\/a>\r\n    <a href=\"javascript:void(0);\" class=\"aalb-44-pc-btn-next\">\u203a<\/a>\r\n  <\/div>\r\n\r\n<script>\r\n  jQuery(document).ready(function() {\r\n\r\n    var CONSTANTS = {\r\n        productMinWidth : 185,\r\n        productMargin   : 20\r\n    };\r\n\r\n    var $adUnits = jQuery('.aalb-44-pc-ad-unit');\r\n    $adUnits.each(function() {\r\n        var $adUnit           = jQuery(this),\r\n            $wrapper          = $adUnit.find('.aalb-44-pc-wrapper'),\r\n            $productContainer = $adUnit.find('.aalb-44-pc-product-container'),\r\n            $btnNext          = $adUnit.find('.aalb-44-pc-btn-next'),\r\n            $btnPrev          = $adUnit.find('.aalb-44-pc-btn-prev'),\r\n            $productList      = $productContainer.find('.aalb-44-pc-product-list'),\r\n            $products         = $productList.find('.aalb-44-pc-product'),\r\n            productCount      = $products.length;\r\n\r\n        if (!productCount) {\r\n            return true;\r\n        }\r\n\r\n        var rows            = $adUnit.find('input[name=rows]').length && parseInt($adUnit.find('input[name=rows]').val(), 10),\r\n            columns         = $adUnit.find('input[name=columns]').length && parseInt($adUnit.find('input[name=columns]').val(), 10),\r\n            disableCarousel = $adUnit.find('input[name=disable-carousel]').length || rows || columns;\r\n\r\n        if (columns) {\r\n            var productContainerMinWidth = columns * (CONSTANTS.productMinWidth + CONSTANTS.productMargin) + 'px';\r\n            $adUnit.css('min-width', productContainerMinWidth);\r\n            $productContainer.css('min-width', productContainerMinWidth);\r\n            $products.filter(':nth-child(' + columns + 'n + 1)').css('clear', 'both');\r\n        }\r\n\r\n        if (rows && columns) {\r\n            var cutOffIndex = (rows * columns) - 1;\r\n            $products.filter(':gt(' + cutOffIndex + ')').remove();\r\n        }\r\n\r\n        function updateLayout() {\r\n            var wrapperWidth    = $wrapper.width(),\r\n                possibleColumns = columns || parseInt(wrapperWidth \/ (CONSTANTS.productMinWidth + CONSTANTS.productMargin), 10),\r\n                actualColumns   = columns || possibleColumns < productCount ? possibleColumns : productCount,\r\n                productWidth    = parseInt(wrapperWidth \/ actualColumns, 10) - CONSTANTS.productMargin;\r\n\r\n            $products.css('width', productWidth + 'px');\r\n\r\n            if (!disableCarousel) {\r\n                if ((productCount * productWidth > wrapperWidth) && actualColumns !== 1) {\r\n                    $btnNext.css('visibility', 'visible').removeClass('disabled').unbind('click');\r\n                    $btnPrev.css('visibility', 'visible').removeClass('disabled').unbind('click');\r\n                    $productContainer.jCarouselLite({\r\n                        btnNext  : '#' + $adUnit.attr('id') + ' .aalb-44-pc-btn-next',\r\n                        btnPrev  : '#' + $adUnit.attr('id') + ' .aalb-44-pc-btn-prev',\r\n                        visible  : actualColumns,\r\n                        circular : false\r\n                    });\r\n                } else {\r\n                    $productContainer.css('width', 'auto');\r\n                    $productList.css('width', 'auto');\r\n                    $btnNext.css('visibility', 'hidden').unbind('click');\r\n                    $btnPrev.css('visibility', 'hidden').unbind('click');\r\n                }\r\n            }\r\n        }\r\n\r\n        updateLayout();\r\n        jQuery(window).resize(updateLayout);\r\n    });\r\n});\r\n\r\n\/*!\r\n * jCarouselLite - v1.1 - 2014-09-28\r\n * http:\/\/www.gmarwaha.com\/jquery\/jcarousellite\/\r\n * Copyright (c) 2014 Ganeshji Marwaha\r\n * Licensed MIT (https:\/\/github.com\/ganeshmax\/jcarousellite\/blob\/master\/LICENSE)\r\n*\/\r\n\r\n!function(a){a.jCarouselLite={version:\"1.1\"},a.fn.jCarouselLite=function(b){return b=a.extend({},a.fn.jCarouselLite.options,b||{}),this.each(function(){function c(a){return n||(clearTimeout(A),z=a,b.beforeStart&&b.beforeStart.call(this,i()),b.circular?j(a):k(a),m({start:function(){n=!0},done:function(){b.afterEnd&&b.afterEnd.call(this,i()),b.auto&&h(),n=!1}}),b.circular||l()),!1}function d(){if(n=!1,o=b.vertical?\"top\":\"left\",p=b.vertical?\"height\":\"width\",q=B.find(\">ul\"),r=q.find(\">li\"),x=r.size(),w=x<b.visible?x:b.visible,b.circular){var c=r.slice(x-w).clone(),d=r.slice(0,w).clone();q.prepend(c).append(d),b.start+=w}s=a(\"li\",q),y=s.size(),z=b.start}function e(){B.css(\"visibility\",\"visible\"),s.css({overflow:\"hidden\",\"float\":b.vertical?\"none\":\"left\"}),q.css({margin:\"0\",padding:\"0\",position:\"relative\",\"list-style\":\"none\",\"z-index\":\"1\"}),B.css({overflow:\"hidden\",position:\"relative\",\"z-index\":\"2\",left:\"0px\"}),!b.circular&&b.btnPrev&&0==b.start&&a(b.btnPrev).addClass(\"disabled\")}function f(){t=b.vertical?s.outerHeight(!0):s.outerWidth(!0),u=t*y,v=t*w,s.css({width:s.width(),height:s.height()}),q.css(p,u+\"px\").css(o,-(z*t)),B.css(p,v+\"px\")}function g(){b.btnPrev&&a(b.btnPrev).click(function(){return c(z-b.scroll)}),b.btnNext&&a(b.btnNext).click(function(){return c(z+b.scroll)}),b.btnGo&&a.each(b.btnGo,function(d,e){a(e).click(function(){return c(b.circular?w+d:d)})}),b.mouseWheel&&B.mousewheel&&B.mousewheel(function(a,d){return c(d>0?z-b.scroll:z+b.scroll)}),b.auto&&h()}function h(){A=setTimeout(function(){c(z+b.scroll)},b.auto)}function i(){return s.slice(z).slice(0,w)}function j(a){var c;a<=b.start-w-1?(c=a+x+b.scroll,q.css(o,-(c*t)+\"px\"),z=c-b.scroll):a>=y-w+1&&(c=a-x-b.scroll,q.css(o,-(c*t)+\"px\"),z=c+b.scroll)}function k(a){0>a?z=0:a>y-w&&(z=y-w)}function l(){a(b.btnPrev+\",\"+b.btnNext).removeClass(\"disabled\"),a(z-b.scroll<0&&b.btnPrev||z+b.scroll>y-w&&b.btnNext||[]).addClass(\"disabled\")}function m(c){n=!0,q.animate(\"left\"==o?{left:-(z*t)}:{top:-(z*t)},a.extend({duration:b.speed,easing:b.easing},c))}var n,o,p,q,r,s,t,u,v,w,x,y,z,A,B=a(this);d(),e(),f(),g()})},a.fn.jCarouselLite.options={btnPrev:null,btnNext:null,btnGo:null,mouseWheel:!1,auto:null,speed:200,easing:null,vertical:!1,circular:!0,visible:3,start:0,scroll:1,beforeStart:null,afterEnd:null}}(jQuery);\r\n\r\n\r\n<\/script>\r\n\n<p><strong>A casa tenim motlles dels dos tipus que veieu aqu\u00ed dalt i he de dir que no trobo grans difer\u00e8ncies<\/strong>. Tots dos productes funcionen b\u00e9. A m\u00e9s de iogurt, hem fet gelat de batut de xocolata. Per als dies de festa!<\/p>\n<p>En aquest altre post trobareu altres <strong><a href=\"https:\/\/locaacademiafamiliar.com\/ca\/tag\/menjar\/\">receptes casolanes per fer amb nens<\/a>.<\/strong><\/p>\n<h3><strong>Excursi\u00f3 a un riu<\/strong><\/h3>\n<p>Ja saps que a la Boja Acad\u00e8mia som bons excursionistes (aqu\u00ed teniu les nostres <a href=\"https:\/\/locaacademiafamiliar.com\/ca\/tag\/excursions\/\"><strong>excursions amb nens recomanades<\/strong><\/a>) per\u00f2 a l&#8217;estiu \u00e9s for\u00e7a dur caminar per la muntanya o el bosc &#8211;t&#8217;has de llevar ben d&#8217;hora ben d&#8217;hora per poder caminar sense molta calor i de seguida que puja el sol les queixes de les nostres nenes es fan sentir. Aquest estiu hem trobat una opci\u00f3 interm\u00e8dia: <strong>excursi\u00f3 amb aigua pel mig<\/strong> \ud83d\ude42<\/p>\n<p>La Roser ja va explicar algunes <a href=\"https:\/\/www.sempreviaggiando.com\/2016\/10\/20\/excursiones-con-ninos-en-catalunya-familia\/\"><strong>excursions per Catalunya per fer amb nens<\/strong><\/a> que inclouen llacs, cascades, rius&#8230; Hi ha molta informaci\u00f3 a la xarxa sobre aquest tipus d&#8217;excursions, segur que en podeu trobar alguna que s&#8217;adapti a vosaltres.<\/p>\n<p>No oblideu les<strong> xancletes o sabates de riu<\/strong> ja que el terra sol ser de pedres, sobre les quals \u00e9s dif\u00edcil caminar. I el <strong>repel\u00b7lent per als mosquits<\/strong> pot ser un aliat imprescindible. <strong>Tovalloles, banyador, piscolabis, crema solar<\/strong> &#8230; apunteu-ho, tamb\u00e9 s\u00f3n imprescindibles.<\/p>\n<p>Per als nens m\u00e9s petits, el riu o llac pot ser un nou entorn que descobrir. Els animals com els <strong>sabaters o les lib\u00e8l\u00b7lules s\u00f3n curiosos<\/strong> i no solen trobar-se en entorns urbans. Animeu-vos a ensenyar-los-hi!<\/p>\n<h3>Piscina de nit<\/h3>\n<p>Hem provat <strong>la piscina a la nit<\/strong>. Ha estat molt divertit veure a la nostra petita dient &#8220;\u00e9s de nit, \u00e9s de nit &#8230; piscina &#8230; contenta&#8221; que ve a ser alguna cosa com &#8220;<em><strong>\u00e9s de nit, estem a la piscina i jo estic flipant d&#8217;alegria<\/strong><\/em>&#8221; \ud83d\ude42<\/p>\n<p>Vam ser un dia despr\u00e9s de sopar, vam esperar expressament al fet que fos una mica fosc perqu\u00e8 els fes m\u00e9s gr\u00e0cia i despr\u00e9s del conte els hi vam dir&#8230; &#8220;<strong>Voleu anar a la piscina?<\/strong>&#8221; Es pensaven que est\u00e0vem de broma.<\/p>\n<p>Va ser una manera original d&#8217;acabar el dia, va ser una experi\u00e8ncia diferent aix\u00f2 de tirar-se a l&#8217;aigua sense llum i sense veure cap a on an\u00e0vem i va ser un moment m\u00e9s d&#8217;alegria estiuenca.<\/p>\n<p><em><strong>Quin pla us agradaria provar? Teniu alguna altra idea per a un pla d&#8217;estiu amb nens? Apunteu-lo als comentaris.<\/strong><\/em><\/p>\n","protected":false},"excerpt":{"rendered":"<div class=\"mh-excerpt\"><p>Qu\u00e8 tal va aquest estiu? Nosaltres ho estem aprofitant molt i se m&#8217;ha ocorregut que aquest any hem fet algunes coses de diferent manera i vull compartir-les amb vosaltres perqu\u00e8 han sortit b\u00e9 i pot ser que us serveixin a vosaltres tamb\u00e9. <a class=\"mh-excerpt-more\" href=\"https:\/\/locaacademiafamiliar.com\/ca\/2018\/plans-destiu-per-fer-amb-nens\/\" title=\"Plans d&#8217;estiu per fer amb nens\">[&#8230;]<\/a><\/p>\n<\/div>","protected":false},"author":2,"featured_media":3723,"comment_status":"open","ping_status":"open","sticky":false,"template":"","format":"standard","meta":{"_monsterinsights_skip_tracking":false,"_monsterinsights_sitenote_active":false,"_monsterinsights_sitenote_note":"","_monsterinsights_sitenote_category":0,"_jetpack_memberships_contains_paid_content":false,"footnotes":""},"categories":[36],"tags":[104,53],"class_list":{"0":"post-3725","1":"post","2":"type-post","3":"status-publish","4":"format-standard","5":"has-post-thumbnail","7":"category-educacio-fisica","8":"tag-diy-ca","9":"tag-trucs"},"yoast_head":"<!-- This site is optimized with the Yoast SEO plugin v26.8 - https:\/\/yoast.com\/product\/yoast-seo-wordpress\/ -->\n<title>5 plans d&#039;estiu per fer amb nens ~\u00a0Loca Academia Familiar<\/title>\n<meta name=\"description\" content=\"5 idees de plans per fer amb nens aquest estiu prop de casa i en fam\u00edlia. Els hem provat tots 5 i s\u00f3n maneres originals de passar un dia d&#039;estiu en fam\u00edlia.\" \/>\n<meta name=\"robots\" content=\"index, follow, max-snippet:-1, max-image-preview:large, max-video-preview:-1\" \/>\n<link rel=\"canonical\" href=\"https:\/\/locaacademiafamiliar.com\/ca\/2018\/plans-destiu-per-fer-amb-nens\/\" \/>\n<meta property=\"og:locale\" content=\"ca_ES\" \/>\n<meta property=\"og:type\" content=\"article\" \/>\n<meta property=\"og:title\" content=\"5 plans d&#039;estiu per fer amb nens ~\u00a0Loca Academia Familiar\" \/>\n<meta property=\"og:description\" content=\"5 idees de plans per fer amb nens aquest estiu prop de casa i en fam\u00edlia. Els hem provat tots 5 i s\u00f3n maneres originals de passar un dia d&#039;estiu en fam\u00edlia.\" \/>\n<meta property=\"og:url\" content=\"https:\/\/locaacademiafamiliar.com\/ca\/2018\/plans-destiu-per-fer-amb-nens\/\" \/>\n<meta property=\"og:site_name\" content=\"Boja Acad\u00e8mia Familiar\" \/>\n<meta property=\"article:publisher\" content=\"https:\/\/www.facebook.com\/LocaAcademiaFamiliar\" \/>\n<meta property=\"article:published_time\" content=\"2018-07-31T15:04:12+00:00\" \/>\n<meta property=\"og:image\" content=\"https:\/\/locaacademiafamiliar.com\/wp-content\/uploads\/2018\/07\/summer-2499274_1920.jpg\" \/>\n\t<meta property=\"og:image:width\" content=\"1400\" \/>\n\t<meta property=\"og:image:height\" content=\"1000\" \/>\n\t<meta property=\"og:image:type\" content=\"image\/jpeg\" \/>\n<meta name=\"author\" content=\"Elisabet\" \/>\n<meta name=\"twitter:card\" content=\"summary_large_image\" \/>\n<meta name=\"twitter:label1\" content=\"Escrit per\" \/>\n\t<meta name=\"twitter:data1\" content=\"Elisabet\" \/>\n\t<meta name=\"twitter:label2\" content=\"Temps estimat de lectura\" \/>\n\t<meta name=\"twitter:data2\" content=\"4 minuts\" \/>\n<script type=\"application\/ld+json\" class=\"yoast-schema-graph\">{\"@context\":\"https:\/\/schema.org\",\"@graph\":[{\"@type\":\"Article\",\"@id\":\"https:\/\/locaacademiafamiliar.com\/ca\/2018\/plans-destiu-per-fer-amb-nens\/#article\",\"isPartOf\":{\"@id\":\"https:\/\/locaacademiafamiliar.com\/ca\/2018\/plans-destiu-per-fer-amb-nens\/\"},\"author\":{\"name\":\"Elisabet\",\"@id\":\"https:\/\/locaacademiafamiliar.com\/ca\/#\/schema\/person\/8ddc70c9780d67ef5bbb462a307f8042\"},\"headline\":\"Plans d&#8217;estiu per fer amb nens\",\"datePublished\":\"2018-07-31T15:04:12+00:00\",\"mainEntityOfPage\":{\"@id\":\"https:\/\/locaacademiafamiliar.com\/ca\/2018\/plans-destiu-per-fer-amb-nens\/\"},\"wordCount\":869,\"commentCount\":0,\"publisher\":{\"@id\":\"https:\/\/locaacademiafamiliar.com\/ca\/#organization\"},\"image\":{\"@id\":\"https:\/\/locaacademiafamiliar.com\/ca\/2018\/plans-destiu-per-fer-amb-nens\/#primaryimage\"},\"thumbnailUrl\":\"https:\/\/i0.wp.com\/locaacademiafamiliar.com\/wp-content\/uploads\/2018\/07\/summer-2499274_1920.jpg?fit=1400%2C1000&ssl=1\",\"keywords\":[\"DIY\",\"Trucs\"],\"articleSection\":[\"Educaci\u00f3 F\u00edsica\"],\"inLanguage\":\"ca\",\"potentialAction\":[{\"@type\":\"CommentAction\",\"name\":\"Comment\",\"target\":[\"https:\/\/locaacademiafamiliar.com\/ca\/2018\/plans-destiu-per-fer-amb-nens\/#respond\"]}]},{\"@type\":\"WebPage\",\"@id\":\"https:\/\/locaacademiafamiliar.com\/ca\/2018\/plans-destiu-per-fer-amb-nens\/\",\"url\":\"https:\/\/locaacademiafamiliar.com\/ca\/2018\/plans-destiu-per-fer-amb-nens\/\",\"name\":\"5 plans d'estiu per fer amb nens ~\u00a0Loca Academia Familiar\",\"isPartOf\":{\"@id\":\"https:\/\/locaacademiafamiliar.com\/ca\/#website\"},\"primaryImageOfPage\":{\"@id\":\"https:\/\/locaacademiafamiliar.com\/ca\/2018\/plans-destiu-per-fer-amb-nens\/#primaryimage\"},\"image\":{\"@id\":\"https:\/\/locaacademiafamiliar.com\/ca\/2018\/plans-destiu-per-fer-amb-nens\/#primaryimage\"},\"thumbnailUrl\":\"https:\/\/i0.wp.com\/locaacademiafamiliar.com\/wp-content\/uploads\/2018\/07\/summer-2499274_1920.jpg?fit=1400%2C1000&ssl=1\",\"datePublished\":\"2018-07-31T15:04:12+00:00\",\"description\":\"5 idees de plans per fer amb nens aquest estiu prop de casa i en fam\u00edlia. Els hem provat tots 5 i s\u00f3n maneres originals de passar un dia d'estiu en fam\u00edlia.\",\"breadcrumb\":{\"@id\":\"https:\/\/locaacademiafamiliar.com\/ca\/2018\/plans-destiu-per-fer-amb-nens\/#breadcrumb\"},\"inLanguage\":\"ca\",\"potentialAction\":[{\"@type\":\"ReadAction\",\"target\":[\"https:\/\/locaacademiafamiliar.com\/ca\/2018\/plans-destiu-per-fer-amb-nens\/\"]}]},{\"@type\":\"ImageObject\",\"inLanguage\":\"ca\",\"@id\":\"https:\/\/locaacademiafamiliar.com\/ca\/2018\/plans-destiu-per-fer-amb-nens\/#primaryimage\",\"url\":\"https:\/\/i0.wp.com\/locaacademiafamiliar.com\/wp-content\/uploads\/2018\/07\/summer-2499274_1920.jpg?fit=1400%2C1000&ssl=1\",\"contentUrl\":\"https:\/\/i0.wp.com\/locaacademiafamiliar.com\/wp-content\/uploads\/2018\/07\/summer-2499274_1920.jpg?fit=1400%2C1000&ssl=1\",\"width\":1400,\"height\":1000},{\"@type\":\"BreadcrumbList\",\"@id\":\"https:\/\/locaacademiafamiliar.com\/ca\/2018\/plans-destiu-per-fer-amb-nens\/#breadcrumb\",\"itemListElement\":[{\"@type\":\"ListItem\",\"position\":1,\"name\":\"Portada\",\"item\":\"https:\/\/locaacademiafamiliar.com\/ca\/\"},{\"@type\":\"ListItem\",\"position\":2,\"name\":\"Plans d&#8217;estiu per fer amb nens\"}]},{\"@type\":\"WebSite\",\"@id\":\"https:\/\/locaacademiafamiliar.com\/ca\/#website\",\"url\":\"https:\/\/locaacademiafamiliar.com\/ca\/\",\"name\":\"Boja Acad\u00e8mia Familiar\",\"description\":\"El blog de crianza con el que pap\u00e1s y mam\u00e1s salen mejor preparados para su rutina familiar diaria\",\"publisher\":{\"@id\":\"https:\/\/locaacademiafamiliar.com\/ca\/#organization\"},\"potentialAction\":[{\"@type\":\"SearchAction\",\"target\":{\"@type\":\"EntryPoint\",\"urlTemplate\":\"https:\/\/locaacademiafamiliar.com\/ca\/?s={search_term_string}\"},\"query-input\":{\"@type\":\"PropertyValueSpecification\",\"valueRequired\":true,\"valueName\":\"search_term_string\"}}],\"inLanguage\":\"ca\"},{\"@type\":\"Organization\",\"@id\":\"https:\/\/locaacademiafamiliar.com\/ca\/#organization\",\"name\":\"LocaAcademiaFamiliar.com\",\"url\":\"https:\/\/locaacademiafamiliar.com\/ca\/\",\"logo\":{\"@type\":\"ImageObject\",\"inLanguage\":\"ca\",\"@id\":\"https:\/\/locaacademiafamiliar.com\/ca\/#\/schema\/logo\/image\/\",\"url\":\"https:\/\/locaacademiafamiliar.com\/wp-content\/uploads\/2020\/01\/logo-loca-academia-familiar.jpg\",\"contentUrl\":\"https:\/\/locaacademiafamiliar.com\/wp-content\/uploads\/2020\/01\/logo-loca-academia-familiar.jpg\",\"width\":960,\"height\":960,\"caption\":\"LocaAcademiaFamiliar.com\"},\"image\":{\"@id\":\"https:\/\/locaacademiafamiliar.com\/ca\/#\/schema\/logo\/image\/\"},\"sameAs\":[\"https:\/\/www.facebook.com\/LocaAcademiaFamiliar\"]},{\"@type\":\"Person\",\"@id\":\"https:\/\/locaacademiafamiliar.com\/ca\/#\/schema\/person\/8ddc70c9780d67ef5bbb462a307f8042\",\"name\":\"Elisabet\",\"image\":{\"@type\":\"ImageObject\",\"inLanguage\":\"ca\",\"@id\":\"https:\/\/locaacademiafamiliar.com\/ca\/#\/schema\/person\/image\/\",\"url\":\"https:\/\/secure.gravatar.com\/avatar\/b7cd6a228ab9368d5f221ffe7f0dae77?s=96&d=mm&r=g\",\"contentUrl\":\"https:\/\/secure.gravatar.com\/avatar\/b7cd6a228ab9368d5f221ffe7f0dae77?s=96&d=mm&r=g\",\"caption\":\"Elisabet\"},\"description\":\"\u00a1Hola! Soy Elisabet, aunque en algunos grupos de whatsapp soy simplemente mam\u00e1 de \u00cd. Tengo dos hijas muy divertidas, la primera nacida en febrero del 2013 y la segunda el enero del 2016 as\u00ed que ya hace m\u00e1s de tres a\u00f1os que vivo en horario infantil. En el mundo adulto trabajo en un hospital de Barcelona, soy enfermera y comadrona. Si quieres estar informado de los eventos y actividades para familias con ni\u00f1os en Catalunya, haz click aqu\u00ed para apuntarte a nuestra newsletter.\",\"sameAs\":[\"http:\/\/www.locaacademiafamiliar.com\"],\"url\":\"https:\/\/locaacademiafamiliar.com\/ca\/author\/eli\/\"}]}<\/script>\n<!-- \/ Yoast SEO plugin. -->","yoast_head_json":{"title":"5 plans d'estiu per fer amb nens ~\u00a0Loca Academia Familiar","description":"5 idees de plans per fer amb nens aquest estiu prop de casa i en fam\u00edlia. Els hem provat tots 5 i s\u00f3n maneres originals de passar un dia d'estiu en fam\u00edlia.","robots":{"index":"index","follow":"follow","max-snippet":"max-snippet:-1","max-image-preview":"max-image-preview:large","max-video-preview":"max-video-preview:-1"},"canonical":"https:\/\/locaacademiafamiliar.com\/ca\/2018\/plans-destiu-per-fer-amb-nens\/","og_locale":"ca_ES","og_type":"article","og_title":"5 plans d'estiu per fer amb nens ~\u00a0Loca Academia Familiar","og_description":"5 idees de plans per fer amb nens aquest estiu prop de casa i en fam\u00edlia. Els hem provat tots 5 i s\u00f3n maneres originals de passar un dia d'estiu en fam\u00edlia.","og_url":"https:\/\/locaacademiafamiliar.com\/ca\/2018\/plans-destiu-per-fer-amb-nens\/","og_site_name":"Boja Acad\u00e8mia Familiar","article_publisher":"https:\/\/www.facebook.com\/LocaAcademiaFamiliar","article_published_time":"2018-07-31T15:04:12+00:00","og_image":[{"width":1400,"height":1000,"url":"https:\/\/locaacademiafamiliar.com\/wp-content\/uploads\/2018\/07\/summer-2499274_1920.jpg","type":"image\/jpeg"}],"author":"Elisabet","twitter_card":"summary_large_image","twitter_misc":{"Escrit per":"Elisabet","Temps estimat de lectura":"4 minuts"},"schema":{"@context":"https:\/\/schema.org","@graph":[{"@type":"Article","@id":"https:\/\/locaacademiafamiliar.com\/ca\/2018\/plans-destiu-per-fer-amb-nens\/#article","isPartOf":{"@id":"https:\/\/locaacademiafamiliar.com\/ca\/2018\/plans-destiu-per-fer-amb-nens\/"},"author":{"name":"Elisabet","@id":"https:\/\/locaacademiafamiliar.com\/ca\/#\/schema\/person\/8ddc70c9780d67ef5bbb462a307f8042"},"headline":"Plans d&#8217;estiu per fer amb nens","datePublished":"2018-07-31T15:04:12+00:00","mainEntityOfPage":{"@id":"https:\/\/locaacademiafamiliar.com\/ca\/2018\/plans-destiu-per-fer-amb-nens\/"},"wordCount":869,"commentCount":0,"publisher":{"@id":"https:\/\/locaacademiafamiliar.com\/ca\/#organization"},"image":{"@id":"https:\/\/locaacademiafamiliar.com\/ca\/2018\/plans-destiu-per-fer-amb-nens\/#primaryimage"},"thumbnailUrl":"https:\/\/i0.wp.com\/locaacademiafamiliar.com\/wp-content\/uploads\/2018\/07\/summer-2499274_1920.jpg?fit=1400%2C1000&ssl=1","keywords":["DIY","Trucs"],"articleSection":["Educaci\u00f3 F\u00edsica"],"inLanguage":"ca","potentialAction":[{"@type":"CommentAction","name":"Comment","target":["https:\/\/locaacademiafamiliar.com\/ca\/2018\/plans-destiu-per-fer-amb-nens\/#respond"]}]},{"@type":"WebPage","@id":"https:\/\/locaacademiafamiliar.com\/ca\/2018\/plans-destiu-per-fer-amb-nens\/","url":"https:\/\/locaacademiafamiliar.com\/ca\/2018\/plans-destiu-per-fer-amb-nens\/","name":"5 plans d'estiu per fer amb nens ~\u00a0Loca Academia Familiar","isPartOf":{"@id":"https:\/\/locaacademiafamiliar.com\/ca\/#website"},"primaryImageOfPage":{"@id":"https:\/\/locaacademiafamiliar.com\/ca\/2018\/plans-destiu-per-fer-amb-nens\/#primaryimage"},"image":{"@id":"https:\/\/locaacademiafamiliar.com\/ca\/2018\/plans-destiu-per-fer-amb-nens\/#primaryimage"},"thumbnailUrl":"https:\/\/i0.wp.com\/locaacademiafamiliar.com\/wp-content\/uploads\/2018\/07\/summer-2499274_1920.jpg?fit=1400%2C1000&ssl=1","datePublished":"2018-07-31T15:04:12+00:00","description":"5 idees de plans per fer amb nens aquest estiu prop de casa i en fam\u00edlia. Els hem provat tots 5 i s\u00f3n maneres originals de passar un dia d'estiu en fam\u00edlia.","breadcrumb":{"@id":"https:\/\/locaacademiafamiliar.com\/ca\/2018\/plans-destiu-per-fer-amb-nens\/#breadcrumb"},"inLanguage":"ca","potentialAction":[{"@type":"ReadAction","target":["https:\/\/locaacademiafamiliar.com\/ca\/2018\/plans-destiu-per-fer-amb-nens\/"]}]},{"@type":"ImageObject","inLanguage":"ca","@id":"https:\/\/locaacademiafamiliar.com\/ca\/2018\/plans-destiu-per-fer-amb-nens\/#primaryimage","url":"https:\/\/i0.wp.com\/locaacademiafamiliar.com\/wp-content\/uploads\/2018\/07\/summer-2499274_1920.jpg?fit=1400%2C1000&ssl=1","contentUrl":"https:\/\/i0.wp.com\/locaacademiafamiliar.com\/wp-content\/uploads\/2018\/07\/summer-2499274_1920.jpg?fit=1400%2C1000&ssl=1","width":1400,"height":1000},{"@type":"BreadcrumbList","@id":"https:\/\/locaacademiafamiliar.com\/ca\/2018\/plans-destiu-per-fer-amb-nens\/#breadcrumb","itemListElement":[{"@type":"ListItem","position":1,"name":"Portada","item":"https:\/\/locaacademiafamiliar.com\/ca\/"},{"@type":"ListItem","position":2,"name":"Plans d&#8217;estiu per fer amb nens"}]},{"@type":"WebSite","@id":"https:\/\/locaacademiafamiliar.com\/ca\/#website","url":"https:\/\/locaacademiafamiliar.com\/ca\/","name":"Boja Acad\u00e8mia Familiar","description":"El blog de crianza con el que pap\u00e1s y mam\u00e1s salen mejor preparados para su rutina familiar diaria","publisher":{"@id":"https:\/\/locaacademiafamiliar.com\/ca\/#organization"},"potentialAction":[{"@type":"SearchAction","target":{"@type":"EntryPoint","urlTemplate":"https:\/\/locaacademiafamiliar.com\/ca\/?s={search_term_string}"},"query-input":{"@type":"PropertyValueSpecification","valueRequired":true,"valueName":"search_term_string"}}],"inLanguage":"ca"},{"@type":"Organization","@id":"https:\/\/locaacademiafamiliar.com\/ca\/#organization","name":"LocaAcademiaFamiliar.com","url":"https:\/\/locaacademiafamiliar.com\/ca\/","logo":{"@type":"ImageObject","inLanguage":"ca","@id":"https:\/\/locaacademiafamiliar.com\/ca\/#\/schema\/logo\/image\/","url":"https:\/\/locaacademiafamiliar.com\/wp-content\/uploads\/2020\/01\/logo-loca-academia-familiar.jpg","contentUrl":"https:\/\/locaacademiafamiliar.com\/wp-content\/uploads\/2020\/01\/logo-loca-academia-familiar.jpg","width":960,"height":960,"caption":"LocaAcademiaFamiliar.com"},"image":{"@id":"https:\/\/locaacademiafamiliar.com\/ca\/#\/schema\/logo\/image\/"},"sameAs":["https:\/\/www.facebook.com\/LocaAcademiaFamiliar"]},{"@type":"Person","@id":"https:\/\/locaacademiafamiliar.com\/ca\/#\/schema\/person\/8ddc70c9780d67ef5bbb462a307f8042","name":"Elisabet","image":{"@type":"ImageObject","inLanguage":"ca","@id":"https:\/\/locaacademiafamiliar.com\/ca\/#\/schema\/person\/image\/","url":"https:\/\/secure.gravatar.com\/avatar\/b7cd6a228ab9368d5f221ffe7f0dae77?s=96&d=mm&r=g","contentUrl":"https:\/\/secure.gravatar.com\/avatar\/b7cd6a228ab9368d5f221ffe7f0dae77?s=96&d=mm&r=g","caption":"Elisabet"},"description":"\u00a1Hola! Soy Elisabet, aunque en algunos grupos de whatsapp soy simplemente mam\u00e1 de \u00cd. Tengo dos hijas muy divertidas, la primera nacida en febrero del 2013 y la segunda el enero del 2016 as\u00ed que ya hace m\u00e1s de tres a\u00f1os que vivo en horario infantil. En el mundo adulto trabajo en un hospital de Barcelona, soy enfermera y comadrona. Si quieres estar informado de los eventos y actividades para familias con ni\u00f1os en Catalunya, haz click aqu\u00ed para apuntarte a nuestra newsletter.","sameAs":["http:\/\/www.locaacademiafamiliar.com"],"url":"https:\/\/locaacademiafamiliar.com\/ca\/author\/eli\/"}]}},"jetpack_featured_media_url":"https:\/\/i0.wp.com\/locaacademiafamiliar.com\/wp-content\/uploads\/2018\/07\/summer-2499274_1920.jpg?fit=1400%2C1000&ssl=1","jetpack_sharing_enabled":true,"amp_enabled":true,"_links":{"self":[{"href":"https:\/\/locaacademiafamiliar.com\/ca\/wp-json\/wp\/v2\/posts\/3725","targetHints":{"allow":["GET"]}}],"collection":[{"href":"https:\/\/locaacademiafamiliar.com\/ca\/wp-json\/wp\/v2\/posts"}],"about":[{"href":"https:\/\/locaacademiafamiliar.com\/ca\/wp-json\/wp\/v2\/types\/post"}],"author":[{"embeddable":true,"href":"https:\/\/locaacademiafamiliar.com\/ca\/wp-json\/wp\/v2\/users\/2"}],"replies":[{"embeddable":true,"href":"https:\/\/locaacademiafamiliar.com\/ca\/wp-json\/wp\/v2\/comments?post=3725"}],"version-history":[{"count":0,"href":"https:\/\/locaacademiafamiliar.com\/ca\/wp-json\/wp\/v2\/posts\/3725\/revisions"}],"wp:featuredmedia":[{"embeddable":true,"href":"https:\/\/locaacademiafamiliar.com\/ca\/wp-json\/wp\/v2\/media\/3723"}],"wp:attachment":[{"href":"https:\/\/locaacademiafamiliar.com\/ca\/wp-json\/wp\/v2\/media?parent=3725"}],"wp:term":[{"taxonomy":"category","embeddable":true,"href":"https:\/\/locaacademiafamiliar.com\/ca\/wp-json\/wp\/v2\/categories?post=3725"},{"taxonomy":"post_tag","embeddable":true,"href":"https:\/\/locaacademiafamiliar.com\/ca\/wp-json\/wp\/v2\/tags?post=3725"}],"curies":[{"name":"wp","href":"https:\/\/api.w.org\/{rel}","templated":true}]}}