{"id":4103,"date":"2018-09-17T20:00:14","date_gmt":"2018-09-17T20:00:14","guid":{"rendered":"https:\/\/locaacademiafamiliar.com\/?p=4103"},"modified":"2018-09-17T20:12:22","modified_gmt":"2018-09-17T20:12:22","slug":"10-escapades-per-catalunya-en-campings-de-muntanya","status":"publish","type":"post","link":"https:\/\/locaacademiafamiliar.com\/ca\/2018\/10-escapades-per-catalunya-en-campings-de-muntanya\/","title":{"rendered":"10 Escapades per Catalunya allotjant-vos en C\u00e0mpings de Muntanya"},"content":{"rendered":"\r\n<p>S&#8217;acaba l&#8217;estiu, per\u00f2 no les ganes de viatjar, oi? La tardor \u00e9s un gran moment per fer <strong>escapades de cap de setmana<\/strong>, aprofitant que encara no fa fred i que els <strong>paisatges de Catalunya<\/strong> s\u00f3n m\u00e9s bonics que mai.\u00a0<\/p>\r\n\r\n\r\n\r\n<p>Avui comparteixo <strong>10 escapades per Catalunya ideals per anar en fam\u00edlia<\/strong>, a la tardor &#8230; o a qualsevol \u00e8poca de l&#8217;any! \ud83d\ude42 En cadascuna de les destinacions hi trobareu <strong>c\u00e0mpings familiars<\/strong>, ideals per allotjar-vos amb comoditat i per ben pocs diners.\u00a0\u00a0<\/p>\r\n\r\n\r\n\r\n<h3 class=\"wp-block-heading\">La Cerdanya<\/h3>\r\n<p><img data-recalc-dims=\"1\" decoding=\"async\" data-attachment-id=\"4129\" data-permalink=\"https:\/\/locaacademiafamiliar.com\/ca\/2018\/10-escapades-per-catalunya-en-campings-de-muntanya\/landscape-430103_1280\/\" data-orig-file=\"https:\/\/i0.wp.com\/locaacademiafamiliar.com\/wp-content\/uploads\/2018\/09\/landscape-430103_1280.jpg?fit=1280%2C851&amp;ssl=1\" data-orig-size=\"1280,851\" data-comments-opened=\"1\" data-image-meta=\"{&quot;aperture&quot;:&quot;0&quot;,&quot;credit&quot;:&quot;&quot;,&quot;camera&quot;:&quot;&quot;,&quot;caption&quot;:&quot;&quot;,&quot;created_timestamp&quot;:&quot;0&quot;,&quot;copyright&quot;:&quot;&quot;,&quot;focal_length&quot;:&quot;0&quot;,&quot;iso&quot;:&quot;0&quot;,&quot;shutter_speed&quot;:&quot;0&quot;,&quot;title&quot;:&quot;&quot;,&quot;orientation&quot;:&quot;0&quot;}\" data-image-title=\"landscape-430103_1280\" data-image-description=\"\" data-image-caption=\"\" data-medium-file=\"https:\/\/i0.wp.com\/locaacademiafamiliar.com\/wp-content\/uploads\/2018\/09\/landscape-430103_1280.jpg?fit=300%2C199&amp;ssl=1\" data-large-file=\"https:\/\/i0.wp.com\/locaacademiafamiliar.com\/wp-content\/uploads\/2018\/09\/landscape-430103_1280.jpg?fit=1024%2C681&amp;ssl=1\" class=\"size-large wp-image-4129 aligncenter\" src=\"https:\/\/i0.wp.com\/locaacademiafamiliar.com\/wp-content\/uploads\/2018\/09\/landscape-430103_1280-1024x681.jpg?resize=1024%2C681&#038;ssl=1\" alt=\"\" width=\"1024\" height=\"681\" srcset=\"https:\/\/i0.wp.com\/locaacademiafamiliar.com\/wp-content\/uploads\/2018\/09\/landscape-430103_1280.jpg?resize=1024%2C681&amp;ssl=1 1024w, https:\/\/i0.wp.com\/locaacademiafamiliar.com\/wp-content\/uploads\/2018\/09\/landscape-430103_1280.jpg?resize=300%2C199&amp;ssl=1 300w, https:\/\/i0.wp.com\/locaacademiafamiliar.com\/wp-content\/uploads\/2018\/09\/landscape-430103_1280.jpg?resize=768%2C511&amp;ssl=1 768w, https:\/\/i0.wp.com\/locaacademiafamiliar.com\/wp-content\/uploads\/2018\/09\/landscape-430103_1280.jpg?w=1280&amp;ssl=1 1280w\" sizes=\"(max-width: 1000px) 100vw, 1000px\" \/><\/p>\r\n<p>Com que es troba en una vall rodejada de muntanyes, a la Cerdanya hi ha <strong>moltes excursions planeres.<\/strong> Una que ens va agradar for\u00e7a va ser<strong> l&#8217;itinerari de la Ll\u00fadriga, a Martinet,<\/strong> que segueix el riu per un cam\u00ed ben senzill. I en acabar, parada obligada a<strong> menjar coca a la<\/strong> <strong>pastisseria de Vilarrubla<\/strong>!<\/p>\r\n<p>Una altra excursi\u00f3 que val molt la pena \u00e9s la de<strong> l&#8217;estany de Meranges &#8211; Malniu;<\/strong> una hora caminant per arribar a un estany preci\u00f3s envoltat de muntanyes. No fa gaire pujada i els petits caminadors podran fer-la pr\u00e0cticament sols. Eviteu anar-hi a l&#8217;hivern o principis de primavera per la neu.<\/p>\r\n<p>Si voleu fer una passejada no us perdeu aquests<strong>\u00a0pobles bonics de la Cerdanya<\/strong>: Bellver de Cerdanya, Pi, Prullans, Martinet, Bor-Pedra-Riu, Ll\u00edvia, Mont-Louis, Les Angles i, per descomptat, Puigcerd\u00e0.<\/p>\r\n\r\n\r\n\r\n<p>Si a fora fa fred, podeu fer <strong>una remullada als banys termals de Llo<\/strong> i si us agraden els trens d&#8217;\u00e8poca, pugeu al<strong> tren groc a Latour de Querol fins a Vilafranca de Conflent.<\/strong> Un trajecte preci\u00f3s!\u00a0<\/p>\r\n<p>A la Cerdanya, hi teniu tres campings de muntanya estupendos. Si teniu pensat explorar m\u00e9s la zona de Puigcerd\u00e0, Alp, Molina-Masella, Ll\u00edvia i Fran\u00e7a, us convenen els c\u00e0mpings <a href=\"http:\/\/www.sompaisatge.com\/camping\/stel\/\"><strong>Stel Puigcerd\u00e0<\/strong><\/a> i <a href=\"http:\/\/www.sompaisatge.com\/camping\/pirineus\/\"><strong>Pirineus<\/strong><\/a> (a Guils, prop de Puigcerd\u00e0). Si teniu pensat passar m\u00e9s temps a la banda de Bellver, Martinet, Meranges i La Seu d&#8217;Urgell-Andorra, feu un cop d&#8217;ull al <a href=\"http:\/\/www.sompaisatge.com\/camping\/bellver\/\"><strong>c\u00e0mping Bellver<\/strong><\/a>.\u00a0<\/p>\r\n\r\n\r\n\r\n<h3 class=\"wp-block-heading\" id=\"mce_4\">Pedraforca<\/h3>\r\n<p><img data-recalc-dims=\"1\" decoding=\"async\" data-attachment-id=\"4128\" data-permalink=\"https:\/\/locaacademiafamiliar.com\/ca\/2018\/10-escapades-per-catalunya-en-campings-de-muntanya\/pedraforca-1333620_1280\/\" data-orig-file=\"https:\/\/i0.wp.com\/locaacademiafamiliar.com\/wp-content\/uploads\/2018\/09\/pedraforca-1333620_1280.jpg?fit=1280%2C724&amp;ssl=1\" data-orig-size=\"1280,724\" data-comments-opened=\"1\" data-image-meta=\"{&quot;aperture&quot;:&quot;0&quot;,&quot;credit&quot;:&quot;&quot;,&quot;camera&quot;:&quot;&quot;,&quot;caption&quot;:&quot;&quot;,&quot;created_timestamp&quot;:&quot;0&quot;,&quot;copyright&quot;:&quot;&quot;,&quot;focal_length&quot;:&quot;0&quot;,&quot;iso&quot;:&quot;0&quot;,&quot;shutter_speed&quot;:&quot;0&quot;,&quot;title&quot;:&quot;&quot;,&quot;orientation&quot;:&quot;0&quot;}\" data-image-title=\"pedraforca-1333620_1280\" data-image-description=\"\" data-image-caption=\"\" data-medium-file=\"https:\/\/i0.wp.com\/locaacademiafamiliar.com\/wp-content\/uploads\/2018\/09\/pedraforca-1333620_1280.jpg?fit=300%2C170&amp;ssl=1\" data-large-file=\"https:\/\/i0.wp.com\/locaacademiafamiliar.com\/wp-content\/uploads\/2018\/09\/pedraforca-1333620_1280.jpg?fit=1024%2C579&amp;ssl=1\" class=\"size-large wp-image-4128 aligncenter\" src=\"https:\/\/i0.wp.com\/locaacademiafamiliar.com\/wp-content\/uploads\/2018\/09\/pedraforca-1333620_1280-1024x579.jpg?resize=1024%2C579&#038;ssl=1\" alt=\"\" width=\"1024\" height=\"579\" srcset=\"https:\/\/i0.wp.com\/locaacademiafamiliar.com\/wp-content\/uploads\/2018\/09\/pedraforca-1333620_1280.jpg?resize=1024%2C579&amp;ssl=1 1024w, https:\/\/i0.wp.com\/locaacademiafamiliar.com\/wp-content\/uploads\/2018\/09\/pedraforca-1333620_1280.jpg?resize=300%2C170&amp;ssl=1 300w, https:\/\/i0.wp.com\/locaacademiafamiliar.com\/wp-content\/uploads\/2018\/09\/pedraforca-1333620_1280.jpg?resize=768%2C434&amp;ssl=1 768w, https:\/\/i0.wp.com\/locaacademiafamiliar.com\/wp-content\/uploads\/2018\/09\/pedraforca-1333620_1280.jpg?w=1280&amp;ssl=1 1280w\" sizes=\"(max-width: 1000px) 100vw, 1000px\" \/><\/p>\r\n<p>Per a les fam\u00edlies m\u00e9s excursionistes, una gran opci\u00f3 \u00e9s passar un cap de setmana al<strong> Parc Natural del Cad\u00ed Moixer\u00f3<\/strong>, on podreu pujar el m\u00edtic pic del <strong>Pedraforca o fer excursions d&#8217;alta muntanya per una de les valls m\u00e9s boniques de Catalunya<\/strong>.\u00a0<\/p>\r\n<p>Al bonic <strong>poble de G\u00f2sol<\/strong> hi trobareu dos c\u00e0mpings de muntanya ben familiars, amb activitats per als nens, bungalows i fins i tot spa familiar!\u00a0<strong><a href=\"http:\/\/www.sompaisatge.com\/camping\/cadi-vacances\/\" target=\"_blank\" rel=\"noopener\">Cad\u00ed Vacances<\/a>\u00a0i <a href=\"http:\/\/www.sompaisatge.com\/camping\/repos-del-pedraforca\/\">Rep\u00f2s del Pedraforca<\/a>.<\/strong><\/p>\r\n\r\n\r\n\r\n<h3 class=\"wp-block-heading\" id=\"mce_4\">El Bergued\u00e0<\/h3>\r\n<figure id=\"attachment_4153\" aria-describedby=\"caption-attachment-4153\" style=\"width: 1024px\" class=\"wp-caption aligncenter\"><img data-recalc-dims=\"1\" decoding=\"async\" class=\"size-large wp-image-4153\" src=\"https:\/\/i0.wp.com\/locaacademiafamiliar.com\/wp-content\/uploads\/2018\/09\/fonts-llobregat-1-1-1024x768.jpg?resize=1024%2C768&#038;ssl=1\" alt=\"\" width=\"1024\" height=\"768\" srcset=\"https:\/\/i0.wp.com\/locaacademiafamiliar.com\/wp-content\/uploads\/2018\/09\/fonts-llobregat-1-1.jpg?resize=1024%2C768&amp;ssl=1 1024w, https:\/\/i0.wp.com\/locaacademiafamiliar.com\/wp-content\/uploads\/2018\/09\/fonts-llobregat-1-1.jpg?resize=300%2C225&amp;ssl=1 300w, https:\/\/i0.wp.com\/locaacademiafamiliar.com\/wp-content\/uploads\/2018\/09\/fonts-llobregat-1-1.jpg?resize=768%2C576&amp;ssl=1 768w, https:\/\/i0.wp.com\/locaacademiafamiliar.com\/wp-content\/uploads\/2018\/09\/fonts-llobregat-1-1.jpg?resize=678%2C509&amp;ssl=1 678w, https:\/\/i0.wp.com\/locaacademiafamiliar.com\/wp-content\/uploads\/2018\/09\/fonts-llobregat-1-1.jpg?resize=326%2C245&amp;ssl=1 326w, https:\/\/i0.wp.com\/locaacademiafamiliar.com\/wp-content\/uploads\/2018\/09\/fonts-llobregat-1-1.jpg?resize=80%2C60&amp;ssl=1 80w, https:\/\/i0.wp.com\/locaacademiafamiliar.com\/wp-content\/uploads\/2018\/09\/fonts-llobregat-1-1.jpg?w=1200&amp;ssl=1 1200w\" sizes=\"(max-width: 1000px) 100vw, 1000px\" \/><figcaption id=\"caption-attachment-4153\" class=\"wp-caption-text\">Fonts Llobregat<\/figcaption><\/figure>\r\n<p><strong>El Bergued\u00e0<\/strong> ens va sorprendre molt positivament quan hi vam anar amb la nostra petita ara fa dos anys. Va ser un cap de setmana ben divertit, visitant una <strong>granja de rucs catalans, explorant la mina de Cercs, seguint les empremtes de dinosaures i fent l&#8217;excursi\u00f3 a les<\/strong> <strong>Fonts del Llobregat<\/strong> (f\u00e0cil i bonica, sobretot a la tardor; ideal per a nens petits; per\u00f2 no hi aneu amb cotxet que hi ha moltes escales, millor una <a href=\"https:\/\/locaacademiafamiliar.com\/ca\/2018\/perque-som-fans-portejar-i-les-nostres-opinions-les-diferents-motxilles-ergonomiques\/\"><strong>motxilla porta-nadons<\/strong><\/a>).\u00a0<\/p>\r\n<p>Ens vam allotjar al <a href=\"http:\/\/www.sompaisatge.com\/camping\/berga-resort\/\"><strong>c\u00e0mping<\/strong>\u00a0<strong>Berga Resort <\/strong><\/a>(a <strong>Berga<\/strong> mateix), i hi vam estar de nassos! Tenen bungalows i xalets ben c\u00f2modes i tot tipus de serveis i comoditats per a les fam\u00edlies amb nens. Des de parc infantil fins a activitats dirigides i piscina interior.\u00a0<\/p>\r\n<h3>Vall de N\u00faria<\/h3>\r\n<p><img data-recalc-dims=\"1\" decoding=\"async\" data-attachment-id=\"4463\" data-permalink=\"https:\/\/locaacademiafamiliar.com\/ca\/2018\/10-escapades-per-catalunya-en-campings-de-muntanya\/vall_nuria_-5\/\" data-orig-file=\"https:\/\/i0.wp.com\/locaacademiafamiliar.com\/wp-content\/uploads\/2018\/09\/vall_nuria_-5.jpg?fit=1200%2C900&amp;ssl=1\" data-orig-size=\"1200,900\" data-comments-opened=\"1\" data-image-meta=\"{&quot;aperture&quot;:&quot;2&quot;,&quot;credit&quot;:&quot;&quot;,&quot;camera&quot;:&quot;Moto G Play&quot;,&quot;caption&quot;:&quot;&quot;,&quot;created_timestamp&quot;:&quot;1503833452&quot;,&quot;copyright&quot;:&quot;&quot;,&quot;focal_length&quot;:&quot;3.59&quot;,&quot;iso&quot;:&quot;50&quot;,&quot;shutter_speed&quot;:&quot;0.00057&quot;,&quot;title&quot;:&quot;&quot;,&quot;orientation&quot;:&quot;1&quot;}\" data-image-title=\"vall_nuria_-5\" data-image-description=\"\" data-image-caption=\"\" data-medium-file=\"https:\/\/i0.wp.com\/locaacademiafamiliar.com\/wp-content\/uploads\/2018\/09\/vall_nuria_-5.jpg?fit=300%2C225&amp;ssl=1\" data-large-file=\"https:\/\/i0.wp.com\/locaacademiafamiliar.com\/wp-content\/uploads\/2018\/09\/vall_nuria_-5.jpg?fit=1024%2C768&amp;ssl=1\" class=\"size-large wp-image-4463 aligncenter\" src=\"https:\/\/i0.wp.com\/locaacademiafamiliar.com\/wp-content\/uploads\/2018\/09\/vall_nuria_-5-1024x768.jpg?resize=1024%2C768&#038;ssl=1\" alt=\"\" width=\"1024\" height=\"768\" srcset=\"https:\/\/i0.wp.com\/locaacademiafamiliar.com\/wp-content\/uploads\/2018\/09\/vall_nuria_-5.jpg?resize=1024%2C768&amp;ssl=1 1024w, https:\/\/i0.wp.com\/locaacademiafamiliar.com\/wp-content\/uploads\/2018\/09\/vall_nuria_-5.jpg?resize=300%2C225&amp;ssl=1 300w, https:\/\/i0.wp.com\/locaacademiafamiliar.com\/wp-content\/uploads\/2018\/09\/vall_nuria_-5.jpg?resize=768%2C576&amp;ssl=1 768w, https:\/\/i0.wp.com\/locaacademiafamiliar.com\/wp-content\/uploads\/2018\/09\/vall_nuria_-5.jpg?resize=678%2C509&amp;ssl=1 678w, https:\/\/i0.wp.com\/locaacademiafamiliar.com\/wp-content\/uploads\/2018\/09\/vall_nuria_-5.jpg?resize=326%2C245&amp;ssl=1 326w, https:\/\/i0.wp.com\/locaacademiafamiliar.com\/wp-content\/uploads\/2018\/09\/vall_nuria_-5.jpg?resize=80%2C60&amp;ssl=1 80w, https:\/\/i0.wp.com\/locaacademiafamiliar.com\/wp-content\/uploads\/2018\/09\/vall_nuria_-5.jpg?w=1200&amp;ssl=1 1200w\" sizes=\"(max-width: 1000px) 100vw, 1000px\" \/><\/p>\r\n<p><strong>Vall de N\u00faria<\/strong> combina l&#8217;emoci\u00f3 de pujar en un tren cremallera, les excursions per un dels <strong>paisatges m\u00e9s bonics de Catalunya<\/strong> i alguns dels cims m\u00e9s alts i m\u00edtics del<strong> Pirineu Catal\u00e0.<\/strong><\/p>\r\n<p>Amb l&#8217;afegit que tot l&#8217;any tenen un <a href=\"https:\/\/locaacademiafamiliar.com\/ca\/2017\/vall-nuria-amb-nens\/\"><strong>Parc L\u00fadic<\/strong><\/a> per la mainada, amb tirolines, baixades amb tubbing (donuts), karts, llits el\u00e0stics i tallers variats. Al parc l\u00fadic s&#8217;hi pot anar a partir de 2 anys i els de 10 tamb\u00e9 s&#8217;ho passen pipa.\u00a0<\/p>\r\n<p>Si sou esquiadors, <strong><a href=\"https:\/\/locaacademiafamiliar.com\/ca\/2018\/escapada-en-familia-a-vall-de-nuria-a-lhivern\/\">Vall de N\u00faria a l&#8217;hivern<\/a> es converteix en una estaci\u00f3 d&#8217;esqu\u00ed petita i familiar. Trineu o esqu\u00eds<\/strong>, un lloc fant\u00e0stic per tocar neu.<\/p>\r\n<p>El tren cremallera s&#8217;agafa a<strong> Ribes de Freser<\/strong> i all\u00e0 hi trobareu dos c\u00e0mpings de muntanya ben estupendos: <strong><a href=\"http:\/\/www.sompaisatge.com\/camping\/vall-de-ribes\/\">Vall de Ribes<\/a> i <a href=\"http:\/\/www.sompaisatge.com\/camping\/can-fosses\/\">Can Fosses<\/a>. <\/strong>I una mica m\u00e9s avall, a Campdev\u00e0nol, el\u00a0<strong><a href=\"http:\/\/www.sompaisatge.com\/camping\/moli-serradell\/\">c\u00e0mping Mol\u00ed Serradell<\/a>.<\/strong><\/p>\r\n<h3>Camprodon<\/h3>\r\n<p><img data-recalc-dims=\"1\" decoding=\"async\" data-attachment-id=\"4133\" data-permalink=\"https:\/\/locaacademiafamiliar.com\/ca\/2018\/10-escapades-per-catalunya-en-campings-de-muntanya\/maristany-camprodon\/\" data-orig-file=\"https:\/\/i0.wp.com\/locaacademiafamiliar.com\/wp-content\/uploads\/2018\/09\/maristany-camprodon.jpg?fit=960%2C639&amp;ssl=1\" data-orig-size=\"960,639\" data-comments-opened=\"1\" data-image-meta=\"{&quot;aperture&quot;:&quot;0&quot;,&quot;credit&quot;:&quot;&quot;,&quot;camera&quot;:&quot;&quot;,&quot;caption&quot;:&quot;&quot;,&quot;created_timestamp&quot;:&quot;0&quot;,&quot;copyright&quot;:&quot;&quot;,&quot;focal_length&quot;:&quot;0&quot;,&quot;iso&quot;:&quot;0&quot;,&quot;shutter_speed&quot;:&quot;0&quot;,&quot;title&quot;:&quot;&quot;,&quot;orientation&quot;:&quot;0&quot;}\" data-image-title=\"maristany camprodon\" data-image-description=\"\" data-image-caption=\"\" data-medium-file=\"https:\/\/i0.wp.com\/locaacademiafamiliar.com\/wp-content\/uploads\/2018\/09\/maristany-camprodon.jpg?fit=300%2C200&amp;ssl=1\" data-large-file=\"https:\/\/i0.wp.com\/locaacademiafamiliar.com\/wp-content\/uploads\/2018\/09\/maristany-camprodon.jpg?fit=960%2C639&amp;ssl=1\" class=\"alignleft size-full wp-image-4133\" src=\"https:\/\/i0.wp.com\/locaacademiafamiliar.com\/wp-content\/uploads\/2018\/09\/maristany-camprodon.jpg?resize=960%2C639&#038;ssl=1\" alt=\"\" width=\"960\" height=\"639\" srcset=\"https:\/\/i0.wp.com\/locaacademiafamiliar.com\/wp-content\/uploads\/2018\/09\/maristany-camprodon.jpg?w=960&amp;ssl=1 960w, https:\/\/i0.wp.com\/locaacademiafamiliar.com\/wp-content\/uploads\/2018\/09\/maristany-camprodon.jpg?resize=300%2C200&amp;ssl=1 300w, https:\/\/i0.wp.com\/locaacademiafamiliar.com\/wp-content\/uploads\/2018\/09\/maristany-camprodon.jpg?resize=768%2C511&amp;ssl=1 768w\" sizes=\"(max-width: 960px) 100vw, 960px\" \/><\/p>\r\n<p>A casa tenim la tradici\u00f3 de <strong>rebre la tardor a <a href=\"https:\/\/locaacademiafamiliar.com\/ca\/2018\/cap-de-setmana-a-la-vall-de-camprodon-amb-nens\/\">Camprodon<\/a><\/strong>. Quan veiem que les fulles comencen a canviar de color (a Camprodon sol ser pels volts del 15 octubre), fem una escapada cap all\u00e0 a fer-nos fotos divertides, en fam\u00edlia, amb les fulles i els colors preciosos. Us ho recomano! <strong>El passeig Maristany de Camprodon \u00e9s estupendo per fer fotos!<\/strong><\/p>\r\n<p>Si busqueu un <strong>c\u00e0mping a Camprodon<\/strong>, feu un cop d&#8217;ull al <a href=\"http:\/\/www.sompaisatge.com\/camping\/vall-de-camprodon\/\" target=\"_blank\" rel=\"noopener\"><strong>c\u00e0mping Vall de Camprodon<\/strong><\/a>, situat als afores de la localitat.<\/p>\r\n<p>Completeu l&#8217;escapada a Camprodon amb una <strong>passejada per Setcases i una visita al <a href=\"https:\/\/locaacademiafamiliar.com\/ca\/2018\/cap-de-setmana-a-la-vall-de-camprodon-amb-nens\/\" target=\"_blank\" rel=\"noopener\">Moll\u00f3 Parc<\/a><\/strong>, un parc d&#8217;animals salvatges del Pirineu (ossos, llops, c\u00e9rvols, guineus, etc) &#8212; Ens va encantar, a gran i petits! Llegiu aqu\u00ed <a href=\"https:\/\/locaacademiafamiliar.com\/ca\/2018\/cap-de-setmana-a-la-vall-de-camprodon-amb-nens\/\"><strong>la nostra experi\u00e8ncia<\/strong><\/a>.\u00a0 Si voleu tocar neu o esquiar (hivern\/primavera), pugeu a l&#8217;estaci\u00f3 d&#8217;esqu\u00ed de Vallter. De cam\u00ed a Setcases, passareu per Vilallonga de Ter, on es troba el <strong>c\u00e0mping <a href=\"http:\/\/www.sompaisatge.com\/camping\/conca-de-ter\/\" target=\"_blank\" rel=\"noopener\">Conca de Ter<\/a><\/strong>.<\/p>\r\n<p>A prop de <strong>Camprodon, a Sant Pau de Seg\u00faries, s&#8217;hi troba el c\u00e0mping<\/strong>\u00a0<strong><a href=\"http:\/\/www.sompaisatge.com\/camping\/els-roures\/\">Els Roures<\/a>,\u00a0<\/strong>ben situat per fer <strong>l&#8217;excursi\u00f3 de la Via Romana de Capsacosta<\/strong>, una de les millors conservades de Catalunya (per\u00f2 atenci\u00f3 que t\u00e9 for\u00e7a desnivell! Si podeu fer-la a peu de baixada, i fer la pujada en cotxe \u00e9s el millor amb nens).\u00a0<\/p>\r\n<p>Una altra <strong>activitat recomanada per fer amb nens a prop de Camprodon<\/strong> \u00e9s el <strong><a href=\"https:\/\/www.estiulaventura.cat\/\">parc d&#8217;aventura &#8220;Estiu l&#8217;Aventura&#8221;<\/a><\/strong> on hi ha la tirolina m\u00e9s gran de Catalunya.\u00a0<\/p>\r\n<h3>L&#8217;Alta Garrotxa<\/h3>\r\n<figure id=\"attachment_4144\" aria-describedby=\"caption-attachment-4144\" style=\"width: 960px\" class=\"wp-caption aligncenter\"><img data-recalc-dims=\"1\" decoding=\"async\" data-attachment-id=\"4144\" data-permalink=\"https:\/\/locaacademiafamiliar.com\/ca\/2018\/10-escapades-per-catalunya-en-campings-de-muntanya\/pont-sadernes-garrotxa\/\" data-orig-file=\"https:\/\/i0.wp.com\/locaacademiafamiliar.com\/wp-content\/uploads\/2018\/09\/pont-sadernes-garrotxa.jpg?fit=960%2C539&amp;ssl=1\" data-orig-size=\"960,539\" data-comments-opened=\"1\" data-image-meta=\"{&quot;aperture&quot;:&quot;0&quot;,&quot;credit&quot;:&quot;&quot;,&quot;camera&quot;:&quot;&quot;,&quot;caption&quot;:&quot;&quot;,&quot;created_timestamp&quot;:&quot;0&quot;,&quot;copyright&quot;:&quot;&quot;,&quot;focal_length&quot;:&quot;0&quot;,&quot;iso&quot;:&quot;0&quot;,&quot;shutter_speed&quot;:&quot;0&quot;,&quot;title&quot;:&quot;&quot;,&quot;orientation&quot;:&quot;0&quot;}\" data-image-title=\"pont sadernes garrotxa\" data-image-description=\"\" data-image-caption=\"&lt;p&gt;Pont Sadernes&lt;\/p&gt;\n\" data-medium-file=\"https:\/\/i0.wp.com\/locaacademiafamiliar.com\/wp-content\/uploads\/2018\/09\/pont-sadernes-garrotxa.jpg?fit=300%2C168&amp;ssl=1\" data-large-file=\"https:\/\/i0.wp.com\/locaacademiafamiliar.com\/wp-content\/uploads\/2018\/09\/pont-sadernes-garrotxa.jpg?fit=960%2C539&amp;ssl=1\" class=\"size-full wp-image-4144\" src=\"https:\/\/i0.wp.com\/locaacademiafamiliar.com\/wp-content\/uploads\/2018\/09\/pont-sadernes-garrotxa.jpg?resize=960%2C539&#038;ssl=1\" alt=\"\" width=\"960\" height=\"539\" srcset=\"https:\/\/i0.wp.com\/locaacademiafamiliar.com\/wp-content\/uploads\/2018\/09\/pont-sadernes-garrotxa.jpg?w=960&amp;ssl=1 960w, https:\/\/i0.wp.com\/locaacademiafamiliar.com\/wp-content\/uploads\/2018\/09\/pont-sadernes-garrotxa.jpg?resize=300%2C168&amp;ssl=1 300w, https:\/\/i0.wp.com\/locaacademiafamiliar.com\/wp-content\/uploads\/2018\/09\/pont-sadernes-garrotxa.jpg?resize=768%2C431&amp;ssl=1 768w, https:\/\/i0.wp.com\/locaacademiafamiliar.com\/wp-content\/uploads\/2018\/09\/pont-sadernes-garrotxa.jpg?resize=678%2C381&amp;ssl=1 678w\" sizes=\"(max-width: 960px) 100vw, 960px\" \/><figcaption id=\"caption-attachment-4144\" class=\"wp-caption-text\">Pont Sadernes<\/figcaption><\/figure>\r\n<p>La Garrotxa \u00e9s molt m\u00e9s que el pont de Besal\u00fa o els <a href=\"https:\/\/locaacademiafamiliar.com\/ca\/2017\/que-fer-a-la-garrotxa-amb-nens\/\" target=\"_blank\" rel=\"noopener\"><strong>volcans de Santa Pau<\/strong><\/a> \ud83d\ude09 Si sou <strong>excursionistes, a l&#8217;Alta Garrotxa<\/strong> trobareu tamb\u00e9 un munt de camins per explorar, i no gaire concorreguts.<\/p>\r\n<p><strong>D&#8217;una banda, la Vall de Bianya<\/strong> \u00e9s preciosa i ben desconeguda. Podeu fer la <strong>ruta de les 3 Colades de Lava<\/strong> (no gaire apte si aneu amb nens petits; ja que t\u00e9 certs punts de dificultat; jo diria edat m\u00ednima 5 anys).<\/p>\r\n<p>A Vall de Bianya hi trobareu el c\u00e0mping\u00a0<a href=\"http:\/\/www.sompaisatge.com\/camping\/la-vall-de-bianya\/\"><strong>La Vall de Bianya<\/strong><\/a> (al bonic poblet de Sant Mart\u00ed del Clot), idealment situat per fer aquesta excursi\u00f3, <strong>per explorar tamb\u00e9 la Via Romana<\/strong> <strong>i per fer sortides planeres en bicicleta<\/strong> (sobretot a la primavera o a la tardor).\u00a0<\/p>\r\n<p>Encara a l&#8217;<strong>Alta Garrotxa, si tireu cap a Oix<\/strong>, podreu fer moltes m\u00e9s excursions des del <a href=\"http:\/\/www.sompaisatge.com\/camping\/soleia-doix\/\"><strong>c\u00e0mping La Soleia d&#8217;Oix<\/strong><\/a>. Oix \u00e9s un poblet bonic i a\u00efllat, a la carretera que va de Castellfollit de la Roca a Beget (moltes corbes, aix\u00f2 s\u00ed!). <strong>Tant Castellfollit com Beget s\u00f3n dos dels poblets medievals del Pirineu<\/strong> que val la pena visitar com a minim un cop a la vida.<\/p>\r\n<p><strong>La ruta de Sadernes (amb el seu pont de Pedra)\u00a0 i Sant Aniol d&#8217;Aguges<\/strong> tampoc us queden gaire lluny d&#8217;Oix. I si teniu gana, a prop d&#8217;Oix trobareu el <a href=\"http:\/\/www.canbundancia.com\/\" target=\"_blank\" rel=\"noopener\"><strong>restaurant Can Bund\u00e0ncia<\/strong><\/a>: bons amics de la fam\u00edlia i la millor carn a la brasa amb patates de tot Catalunya!<\/p>\r\n<h3>La Vall d&#8217;en Bas<\/h3>\r\n<p><img data-recalc-dims=\"1\" decoding=\"async\" data-attachment-id=\"4141\" data-permalink=\"https:\/\/locaacademiafamiliar.com\/ca\/2018\/10-escapades-per-catalunya-en-campings-de-muntanya\/vall-bas\/\" data-orig-file=\"https:\/\/i0.wp.com\/locaacademiafamiliar.com\/wp-content\/uploads\/2018\/09\/vall-bas.jpg?fit=960%2C539&amp;ssl=1\" data-orig-size=\"960,539\" data-comments-opened=\"1\" data-image-meta=\"{&quot;aperture&quot;:&quot;0&quot;,&quot;credit&quot;:&quot;&quot;,&quot;camera&quot;:&quot;&quot;,&quot;caption&quot;:&quot;&quot;,&quot;created_timestamp&quot;:&quot;0&quot;,&quot;copyright&quot;:&quot;&quot;,&quot;focal_length&quot;:&quot;0&quot;,&quot;iso&quot;:&quot;0&quot;,&quot;shutter_speed&quot;:&quot;0&quot;,&quot;title&quot;:&quot;&quot;,&quot;orientation&quot;:&quot;0&quot;}\" data-image-title=\"vall bas\" data-image-description=\"\" data-image-caption=\"\" data-medium-file=\"https:\/\/i0.wp.com\/locaacademiafamiliar.com\/wp-content\/uploads\/2018\/09\/vall-bas.jpg?fit=300%2C168&amp;ssl=1\" data-large-file=\"https:\/\/i0.wp.com\/locaacademiafamiliar.com\/wp-content\/uploads\/2018\/09\/vall-bas.jpg?fit=960%2C539&amp;ssl=1\" class=\"size-full wp-image-4141 aligncenter\" src=\"https:\/\/i0.wp.com\/locaacademiafamiliar.com\/wp-content\/uploads\/2018\/09\/vall-bas.jpg?resize=960%2C539&#038;ssl=1\" alt=\"\" width=\"960\" height=\"539\" srcset=\"https:\/\/i0.wp.com\/locaacademiafamiliar.com\/wp-content\/uploads\/2018\/09\/vall-bas.jpg?w=960&amp;ssl=1 960w, https:\/\/i0.wp.com\/locaacademiafamiliar.com\/wp-content\/uploads\/2018\/09\/vall-bas.jpg?resize=300%2C168&amp;ssl=1 300w, https:\/\/i0.wp.com\/locaacademiafamiliar.com\/wp-content\/uploads\/2018\/09\/vall-bas.jpg?resize=768%2C431&amp;ssl=1 768w, https:\/\/i0.wp.com\/locaacademiafamiliar.com\/wp-content\/uploads\/2018\/09\/vall-bas.jpg?resize=678%2C381&amp;ssl=1 678w\" sizes=\"(max-width: 960px) 100vw, 960px\" \/><\/p>\r\n<p>Encara a la <strong>Garrotxa, ara us parlo de la Vall d&#8217;en Bas<\/strong>: un altre lloc ideal per <a href=\"https:\/\/locaacademiafamiliar.com\/ca\/2017\/bici-amb-nens-cadireta-remolc\/\" target=\"_blank\" rel=\"noopener\"><strong>anar en bicicleta amb els nens<\/strong><\/a>. <strong>La via verda del Carrilet \u00e9s estupenda per anar en bici o caminar<\/strong>, lluny dels cotxes.\u00a0<\/p>\r\n<p>No us perdeu <strong>els poblets de la Vall: Joanetes, Sant Privat, El Mallol, Puigpardines i sobretot els Hostalets de Bas<\/strong>. Precisament a <strong>Joanetes teniu la <a href=\"http:\/\/www.maslacoromina.cat\/es\/\" target=\"_blank\" rel=\"noopener\">Granja Mas La Coromina<\/a><\/strong> si voleu passar un mat\u00ed descobrint una granja, donant de menjar als animals i aprenent com es viu a pag\u00e8s. M\u00e9s que recomanable la seva visita. Aqu\u00ed teniu la nostra experi\u00e8ncia juntament amb altres <a href=\"https:\/\/locaacademiafamiliar.com\/ca\/2017\/que-fer-a-la-garrotxa-amb-nens\/\"><strong>recomanacions de coses a fer a La Garrotxa amb nens<\/strong><\/a>.\u00a0<\/p>\r\n<p>El<strong> c\u00e0mping <a href=\"http:\/\/www.sompaisatge.com\/camping\/natura-de-les-preses\/\" target=\"_blank\" rel=\"noopener\">Natura de Les Preses<\/a><\/strong> <strong>est\u00e0 en una situaci\u00f3 ideal per visitar la Vall d&#8217;en Bas<\/strong>. Per Les Preses mateix passa la via verda del Carrilet i podreu llogar bicicletes si us fan falta. Si voleu fer alguna excursi\u00f3, per aquella zona teniu les <strong><a href=\"https:\/\/www.sempreviaggiando.com\/2016\/10\/15\/excursiones-cerca-de-olot-la-garrotxa\/\" target=\"_blank\" rel=\"noopener\">ermites de Sant Miquel del Corb i Sant Mart\u00ed<\/a>, i la muntanya de Xenacs amb v\u00e0ries opcions.<\/strong><\/p>\r\n<h3>Collsacabra<\/h3>\r\n<p><img data-recalc-dims=\"1\" decoding=\"async\" data-attachment-id=\"4136\" data-permalink=\"https:\/\/locaacademiafamiliar.com\/ca\/2018\/10-escapades-per-catalunya-en-campings-de-muntanya\/moli-murris-1\/\" data-orig-file=\"https:\/\/i0.wp.com\/locaacademiafamiliar.com\/wp-content\/uploads\/2018\/09\/moli-murris-1.jpg?fit=1000%2C667&amp;ssl=1\" data-orig-size=\"1000,667\" data-comments-opened=\"1\" data-image-meta=\"{&quot;aperture&quot;:&quot;4.5&quot;,&quot;credit&quot;:&quot;&quot;,&quot;camera&quot;:&quot;Canon EOS 1000D&quot;,&quot;caption&quot;:&quot;&quot;,&quot;created_timestamp&quot;:&quot;1430481481&quot;,&quot;copyright&quot;:&quot;&quot;,&quot;focal_length&quot;:&quot;17&quot;,&quot;iso&quot;:&quot;400&quot;,&quot;shutter_speed&quot;:&quot;0.0125&quot;,&quot;title&quot;:&quot;&quot;,&quot;orientation&quot;:&quot;1&quot;}\" data-image-title=\"moli-murris (1)\" data-image-description=\"\" data-image-caption=\"\" data-medium-file=\"https:\/\/i0.wp.com\/locaacademiafamiliar.com\/wp-content\/uploads\/2018\/09\/moli-murris-1.jpg?fit=300%2C200&amp;ssl=1\" data-large-file=\"https:\/\/i0.wp.com\/locaacademiafamiliar.com\/wp-content\/uploads\/2018\/09\/moli-murris-1.jpg?fit=1000%2C667&amp;ssl=1\" class=\"size-full wp-image-4136 aligncenter\" src=\"https:\/\/i0.wp.com\/locaacademiafamiliar.com\/wp-content\/uploads\/2018\/09\/moli-murris-1.jpg?resize=1000%2C667&#038;ssl=1\" alt=\"\" width=\"1000\" height=\"667\" srcset=\"https:\/\/i0.wp.com\/locaacademiafamiliar.com\/wp-content\/uploads\/2018\/09\/moli-murris-1.jpg?w=1000&amp;ssl=1 1000w, https:\/\/i0.wp.com\/locaacademiafamiliar.com\/wp-content\/uploads\/2018\/09\/moli-murris-1.jpg?resize=300%2C200&amp;ssl=1 300w, https:\/\/i0.wp.com\/locaacademiafamiliar.com\/wp-content\/uploads\/2018\/09\/moli-murris-1.jpg?resize=768%2C512&amp;ssl=1 768w\" sizes=\"(max-width: 1000px) 100vw, 1000px\" \/><\/p>\r\n<p>I encara no deixem <strong>La Garrotxa<\/strong> (d\u00f3na per molt, ja ho veieu! \ud83d\ude09 ) Ben b\u00e9 a l&#8217;altra banda de la comarca, all\u00e0 on toca ja amb Osona i Giron\u00e8s, hi trobareu la <strong>serra del Collsacabra<\/strong>;<strong> i \u00e9s una zona tamb\u00e9 plena d&#8217;excursions i llocs per explorar.<\/strong> Val molt la pena!<\/p>\r\n<p>Us recomano especialment <strong><a href=\"https:\/\/www.sempreviaggiando.com\/2015\/11\/16\/excursion-rocas-encantadas-santuario-la-salut-garrotxa\/\" target=\"_blank\" rel=\"noopener\">la ruta de les Roques Encantades<\/a>, al Santuari de la Salut<\/strong>, que no cau gaire lluny de <strong>Rupit i Pruit<\/strong>. All\u00e0 a Rupit hi ha el <a href=\"http:\/\/www.sompaisatge.com\/camping\/rupit\/\" target=\"_blank\" rel=\"noopener\"><strong>c\u00e0mping Rupit<\/strong><\/a>, que cau a prop de Cantonigros tamb\u00e9. Una carretera plena de corves, ja que atravesseu el Collsacabra, per\u00f2 una zona de muntanya preciosa!<\/p>\r\n<p>Sota el Collsacabra, a la vall, hi ha <strong>Les Planes d&#8217;Hostoles.<\/strong> I per all\u00e0 segueix la <strong>via verda del Carrilet<\/strong>, direcci\u00f3 Amer i Girona. Tamb\u00e9 teniu les <strong>excursions dels <a href=\"https:\/\/www.sempreviaggiando.com\/2015\/08\/21\/excursiones-en-la-garrotxa-gorg-de-la-plana-y-gorg-del-moli-del-murris\/\" target=\"_blank\" rel=\"noopener\">Gorgs de les Planes: el Gorg del Mol\u00ed del Murris i el Gorg de la Plana<\/a><\/strong>. No cal que els visiteu a l&#8217;estiu; de fet, a la primavera amb el desgla\u00e7, els salts d&#8217;aigua s\u00f3n for\u00e7a espectaculars!<\/p>\r\n<p>Molt a prop de Les Planes d&#8217;Hostoles hi ha el <a href=\"http:\/\/www.sompaisatge.com\/camping\/lalguer\/\"><strong>c\u00e0mping L&#8217;Alguer<\/strong><\/a>, que compta amb <strong>casetes de fusta als arbres<\/strong> &#8211; aix\u00ed de ben segur que us lleveu sentint els ocellets! \ud83d\ude09\u00a0<\/p>\r\n<h3>Pla de L&#8217;Estany<\/h3>\r\n<p><img data-recalc-dims=\"1\" decoding=\"async\" data-attachment-id=\"4137\" data-permalink=\"https:\/\/locaacademiafamiliar.com\/ca\/2018\/10-escapades-per-catalunya-en-campings-de-muntanya\/banyoles\/\" data-orig-file=\"https:\/\/i0.wp.com\/locaacademiafamiliar.com\/wp-content\/uploads\/2018\/09\/banyoles.jpg?fit=960%2C720&amp;ssl=1\" data-orig-size=\"960,720\" data-comments-opened=\"1\" data-image-meta=\"{&quot;aperture&quot;:&quot;0&quot;,&quot;credit&quot;:&quot;&quot;,&quot;camera&quot;:&quot;&quot;,&quot;caption&quot;:&quot;&quot;,&quot;created_timestamp&quot;:&quot;0&quot;,&quot;copyright&quot;:&quot;&quot;,&quot;focal_length&quot;:&quot;0&quot;,&quot;iso&quot;:&quot;0&quot;,&quot;shutter_speed&quot;:&quot;0&quot;,&quot;title&quot;:&quot;&quot;,&quot;orientation&quot;:&quot;0&quot;}\" data-image-title=\"banyoles\" data-image-description=\"\" data-image-caption=\"\" data-medium-file=\"https:\/\/i0.wp.com\/locaacademiafamiliar.com\/wp-content\/uploads\/2018\/09\/banyoles.jpg?fit=300%2C225&amp;ssl=1\" data-large-file=\"https:\/\/i0.wp.com\/locaacademiafamiliar.com\/wp-content\/uploads\/2018\/09\/banyoles.jpg?fit=960%2C720&amp;ssl=1\" class=\"size-full wp-image-4137 aligncenter\" src=\"https:\/\/i0.wp.com\/locaacademiafamiliar.com\/wp-content\/uploads\/2018\/09\/banyoles.jpg?resize=960%2C720&#038;ssl=1\" alt=\"\" width=\"960\" height=\"720\" srcset=\"https:\/\/i0.wp.com\/locaacademiafamiliar.com\/wp-content\/uploads\/2018\/09\/banyoles.jpg?w=960&amp;ssl=1 960w, https:\/\/i0.wp.com\/locaacademiafamiliar.com\/wp-content\/uploads\/2018\/09\/banyoles.jpg?resize=300%2C225&amp;ssl=1 300w, https:\/\/i0.wp.com\/locaacademiafamiliar.com\/wp-content\/uploads\/2018\/09\/banyoles.jpg?resize=768%2C576&amp;ssl=1 768w, https:\/\/i0.wp.com\/locaacademiafamiliar.com\/wp-content\/uploads\/2018\/09\/banyoles.jpg?resize=678%2C509&amp;ssl=1 678w, https:\/\/i0.wp.com\/locaacademiafamiliar.com\/wp-content\/uploads\/2018\/09\/banyoles.jpg?resize=326%2C245&amp;ssl=1 326w, https:\/\/i0.wp.com\/locaacademiafamiliar.com\/wp-content\/uploads\/2018\/09\/banyoles.jpg?resize=80%2C60&amp;ssl=1 80w\" sizes=\"(max-width: 960px) 100vw, 960px\" \/><\/p>\r\n<p>Si mai heu fet la<strong> carretera entre Olot i Banyoles<\/strong>, us la recomano. Passareu per uns paisatges realment bonics i poc concorreguts. Feu una <strong>parada a <a href=\"https:\/\/locaacademiafamiliar.com\/ca\/2017\/la-motxilla-la-blanca-com-explorar-santa-pau-amb-nens\/\" target=\"_blank\" rel=\"noopener\">Santa Pau<\/a> i tamb\u00e9 a Mieres<\/strong>, dos poblets que mereixen una passejada.\u00a0<\/p>\r\n<p><strong>Banyoles \u00e9s un dels destins m\u00e9s familiars de Catalunya<\/strong>, sens dubte! La <strong>volta a l&#8217;estany<\/strong> \u00e9s una de les excursions m\u00e9s agradables per fer amb nens petits; i, si us animeu, podeu afegir a <strong>la ruta de Les Estunes<\/strong>, tamb\u00e9 apte per a fam\u00edlies amb nens.\u00a0<\/p>\r\n<p>El <a href=\"http:\/\/www.sompaisatge.com\/camping\/vall-de-campmajor\/\"><strong>c\u00e0mping Vall de Campmajor<\/strong><\/a> es troba a prop de Mieres, que pot ser un bon campament base per explorar tota aquesta <strong>zona del Pla de L&#8217;Estany i volcans de la Garrotxa.<\/strong><\/p>\r\n<h3>Muntanyes de Prades i Serra Montsant<\/h3>\r\n<p><img data-recalc-dims=\"1\" decoding=\"async\" data-attachment-id=\"4146\" data-permalink=\"https:\/\/locaacademiafamiliar.com\/ca\/2018\/10-escapades-per-catalunya-en-campings-de-muntanya\/siurana-3479019_1280\/\" data-orig-file=\"https:\/\/i0.wp.com\/locaacademiafamiliar.com\/wp-content\/uploads\/2018\/09\/siurana-3479019_1280.jpg?fit=1280%2C853&amp;ssl=1\" data-orig-size=\"1280,853\" data-comments-opened=\"1\" data-image-meta=\"{&quot;aperture&quot;:&quot;14&quot;,&quot;credit&quot;:&quot;&quot;,&quot;camera&quot;:&quot;Canon EOS Rebel T6&quot;,&quot;caption&quot;:&quot;&quot;,&quot;created_timestamp&quot;:&quot;0&quot;,&quot;copyright&quot;:&quot;&quot;,&quot;focal_length&quot;:&quot;37&quot;,&quot;iso&quot;:&quot;500&quot;,&quot;shutter_speed&quot;:&quot;0.004&quot;,&quot;title&quot;:&quot;&quot;,&quot;orientation&quot;:&quot;0&quot;}\" data-image-title=\"siurana-3479019_1280\" data-image-description=\"\" data-image-caption=\"\" data-medium-file=\"https:\/\/i0.wp.com\/locaacademiafamiliar.com\/wp-content\/uploads\/2018\/09\/siurana-3479019_1280.jpg?fit=300%2C200&amp;ssl=1\" data-large-file=\"https:\/\/i0.wp.com\/locaacademiafamiliar.com\/wp-content\/uploads\/2018\/09\/siurana-3479019_1280.jpg?fit=1024%2C682&amp;ssl=1\" class=\"size-large wp-image-4146 aligncenter\" src=\"https:\/\/i0.wp.com\/locaacademiafamiliar.com\/wp-content\/uploads\/2018\/09\/siurana-3479019_1280-1024x682.jpg?resize=1024%2C682&#038;ssl=1\" alt=\"\" width=\"1024\" height=\"682\" srcset=\"https:\/\/i0.wp.com\/locaacademiafamiliar.com\/wp-content\/uploads\/2018\/09\/siurana-3479019_1280.jpg?resize=1024%2C682&amp;ssl=1 1024w, https:\/\/i0.wp.com\/locaacademiafamiliar.com\/wp-content\/uploads\/2018\/09\/siurana-3479019_1280.jpg?resize=300%2C200&amp;ssl=1 300w, https:\/\/i0.wp.com\/locaacademiafamiliar.com\/wp-content\/uploads\/2018\/09\/siurana-3479019_1280.jpg?resize=768%2C512&amp;ssl=1 768w, https:\/\/i0.wp.com\/locaacademiafamiliar.com\/wp-content\/uploads\/2018\/09\/siurana-3479019_1280.jpg?w=1280&amp;ssl=1 1280w\" sizes=\"(max-width: 1000px) 100vw, 1000px\" \/><\/p>\r\n<p>Deixem el Pirineu per anar cap al sud, a <strong>Terres de l&#8217;Ebre, a les Muntanyes de Prades,<\/strong> on hi ha tamb\u00e9 <strong>c\u00e0mpings de muntanya com el<\/strong>\u00a0<a href=\"http:\/\/www.sompaisatge.com\/camping\/prades\/\"><strong>c\u00e0mping de Prades<\/strong><\/a>, ideal per a explorar el territori al vostre aire.<\/p>\r\n<p>A les <strong>Muntanyes de Prades<\/strong> hi podreu fer infinitat d\u2019excursions pels caminets i senders que hi ha. <strong>Montblanc (amb la seva llegenda de Sant Jordi) i el Monestir de Poblet<\/strong> tampoc us queden lluny si voleu fer alguna visita m\u00e9s cultural. I tot i estar a mil metres d&#8217;al\u00e7ada, recordeu que les Muntanyes de Prades estan a nom\u00e9s 35km del mar, <strong>la Costa Daurada<\/strong>.<\/p>\r\n<p>No gaire lluny de Prades hi ha la <strong>Serra del Montsant, on tamb\u00e9 hi ha camins nous per descobrir i un grapat de paisatges de vinyes del Priorat<\/strong>. No us perdeu una passejada per <strong>Scala Dei i per Siurana<\/strong>, el poblet que d\u00f3na nom al pant\u00e0, que queda encinglat en una muntanya.\u00a0<\/p>\r\n<p>Precisament entre Scala Dei i Siurana trobareu el <a href=\"http:\/\/www.sompaisatge.com\/camping\/poboleda\/\"><strong>c\u00e0mping Poboleda<\/strong><\/a>, ben a prop del riu Siurana on de ben segur podreu fer m\u00e9s d&#8217;una passejada.<\/p>\r\n<hr \/>\r\n<p><img data-recalc-dims=\"1\" decoding=\"async\" class=\"size-large wp-image-4162 aligncenter\" src=\"https:\/\/i0.wp.com\/locaacademiafamiliar.com\/wp-content\/uploads\/2018\/09\/RUPIT-1-1-1024x683.jpg?resize=1024%2C683&#038;ssl=1\" alt=\"\" width=\"1024\" height=\"683\" srcset=\"https:\/\/i0.wp.com\/locaacademiafamiliar.com\/wp-content\/uploads\/2018\/09\/RUPIT-1-1.jpg?resize=1024%2C683&amp;ssl=1 1024w, https:\/\/i0.wp.com\/locaacademiafamiliar.com\/wp-content\/uploads\/2018\/09\/RUPIT-1-1.jpg?resize=300%2C200&amp;ssl=1 300w, https:\/\/i0.wp.com\/locaacademiafamiliar.com\/wp-content\/uploads\/2018\/09\/RUPIT-1-1.jpg?resize=768%2C512&amp;ssl=1 768w, https:\/\/i0.wp.com\/locaacademiafamiliar.com\/wp-content\/uploads\/2018\/09\/RUPIT-1-1.jpg?w=1500&amp;ssl=1 1500w\" sizes=\"(max-width: 1000px) 100vw, 1000px\" \/><\/p>\r\n<p>Podeu reservar qualsevol d&#8217;aquests <strong>20 c\u00e0mpings de muntanya<\/strong> a trav\u00e9s de la p\u00e0gina web de <a href=\"http:\/\/www.sompaisatge.com\/\"><strong>SomPaisatge.com<\/strong><\/a>, una web feta amb molt de carinyo (i bon disseny) per<strong> l\u2019Associaci\u00f3 de c\u00e0mpings de muntanya i el Pirineu Catal\u00e0<\/strong>. Tots ells estan situats en llocs privilegiats on podreu gaudir de paisatges \u00fanics.<\/p>\r\n<p>El <strong>c\u00e0mping<\/strong> no \u00e9s nom\u00e9s un bon pla per l&#8217;estiu; <strong>ho \u00e9s tot l&#8217;any<\/strong>! \ud83d\ude42 Nosaltres som molt fans de les<strong> escapades de tardor i primavera<\/strong>. La nostra filla gran ens pregunta sovint quan tornarem a dormir en una tenda bengal\u00ed. Us hi animeu vosaltres tamb\u00e9?<\/p>\r\n<p>&nbsp;<\/p>\r\n","protected":false},"excerpt":{"rendered":"<div class=\"mh-excerpt\"><p>Avui comparteixo 10 escapades per Catalunya ideals per anar en fam\u00edlia, a la tardor &#8230; o a qualsevol \u00e8poca de l&#8217;any! \ud83d\ude42 En cadascuna de les destinacions hi trobareu c\u00e0mpings familiars, ideals per allotjar-vos amb comoditat i per ben pocs diners.\u00a0\u00a0 <a class=\"mh-excerpt-more\" href=\"https:\/\/locaacademiafamiliar.com\/ca\/2018\/10-escapades-per-catalunya-en-campings-de-muntanya\/\" title=\"10 Escapades per Catalunya allotjant-vos en C\u00e0mpings de Muntanya\">[&#8230;]<\/a><\/p>\n<\/div>","protected":false},"author":1,"featured_media":4454,"comment_status":"open","ping_status":"open","sticky":false,"template":"","format":"standard","meta":{"_monsterinsights_skip_tracking":false,"_monsterinsights_sitenote_active":false,"_monsterinsights_sitenote_note":"","_monsterinsights_sitenote_category":0,"_jetpack_memberships_contains_paid_content":false,"footnotes":""},"categories":[37],"tags":[118,106,93],"class_list":{"0":"post-4103","1":"post","2":"type-post","3":"status-publish","4":"format-standard","5":"has-post-thumbnail","7":"category-geografia-ca","8":"tag-camping-ca","9":"tag-catalunya-ca","10":"tag-excursions"},"yoast_head":"<!-- This site is optimized with the Yoast SEO plugin v26.8 - https:\/\/yoast.com\/product\/yoast-seo-wordpress\/ -->\n<title>10 Escapades per Catalunya, en Campings de Muntanya<\/title>\n<meta name=\"description\" content=\"Idees per fer escapades de cap de setmana i ponts per Catalunya, zones de muntanya, a la primavera i tardor, allotjant-vos en c\u00e0mpings de muntanya.\" \/>\n<meta name=\"robots\" content=\"index, follow, max-snippet:-1, max-image-preview:large, max-video-preview:-1\" \/>\n<link rel=\"canonical\" href=\"https:\/\/locaacademiafamiliar.com\/ca\/2018\/10-escapades-per-catalunya-en-campings-de-muntanya\/\" \/>\n<meta property=\"og:locale\" content=\"ca_ES\" \/>\n<meta property=\"og:type\" content=\"article\" \/>\n<meta property=\"og:title\" content=\"10 Escapades per Catalunya, en Campings de Muntanya\" \/>\n<meta property=\"og:description\" content=\"Idees per fer escapades de cap de setmana i ponts per Catalunya, zones de muntanya, a la primavera i tardor, allotjant-vos en c\u00e0mpings de muntanya.\" \/>\n<meta property=\"og:url\" content=\"https:\/\/locaacademiafamiliar.com\/ca\/2018\/10-escapades-per-catalunya-en-campings-de-muntanya\/\" \/>\n<meta property=\"og:site_name\" content=\"Boja Acad\u00e8mia Familiar\" \/>\n<meta property=\"article:publisher\" content=\"https:\/\/www.facebook.com\/LocaAcademiaFamiliar\" \/>\n<meta property=\"article:author\" content=\"http:\/\/www.facebook.com\/locaacademiafamiliar\" \/>\n<meta property=\"article:published_time\" content=\"2018-09-17T20:00:14+00:00\" \/>\n<meta property=\"article:modified_time\" content=\"2018-09-17T20:12:22+00:00\" \/>\n<meta property=\"og:image\" content=\"https:\/\/locaacademiafamiliar.com\/wp-content\/uploads\/2018\/09\/camp-2445212_1920.jpg\" \/>\n\t<meta property=\"og:image:width\" content=\"1920\" \/>\n\t<meta property=\"og:image:height\" content=\"1440\" \/>\n\t<meta property=\"og:image:type\" content=\"image\/jpeg\" \/>\n<meta name=\"author\" content=\"Roser\" \/>\n<meta name=\"twitter:card\" content=\"summary_large_image\" \/>\n<meta name=\"twitter:label1\" content=\"Escrit per\" \/>\n\t<meta name=\"twitter:data1\" content=\"Roser\" \/>\n\t<meta name=\"twitter:label2\" content=\"Temps estimat de lectura\" \/>\n\t<meta name=\"twitter:data2\" content=\"10 minuts\" \/>\n<script type=\"application\/ld+json\" class=\"yoast-schema-graph\">{\"@context\":\"https:\/\/schema.org\",\"@graph\":[{\"@type\":\"Article\",\"@id\":\"https:\/\/locaacademiafamiliar.com\/ca\/2018\/10-escapades-per-catalunya-en-campings-de-muntanya\/#article\",\"isPartOf\":{\"@id\":\"https:\/\/locaacademiafamiliar.com\/ca\/2018\/10-escapades-per-catalunya-en-campings-de-muntanya\/\"},\"author\":{\"name\":\"Roser\",\"@id\":\"https:\/\/locaacademiafamiliar.com\/ca\/#\/schema\/person\/c38ddbb3d4c6f37be7c9c57b205fdd2d\"},\"headline\":\"10 Escapades per Catalunya allotjant-vos en C\u00e0mpings de Muntanya\",\"datePublished\":\"2018-09-17T20:00:14+00:00\",\"dateModified\":\"2018-09-17T20:12:22+00:00\",\"mainEntityOfPage\":{\"@id\":\"https:\/\/locaacademiafamiliar.com\/ca\/2018\/10-escapades-per-catalunya-en-campings-de-muntanya\/\"},\"wordCount\":2022,\"commentCount\":0,\"publisher\":{\"@id\":\"https:\/\/locaacademiafamiliar.com\/ca\/#organization\"},\"image\":{\"@id\":\"https:\/\/locaacademiafamiliar.com\/ca\/2018\/10-escapades-per-catalunya-en-campings-de-muntanya\/#primaryimage\"},\"thumbnailUrl\":\"https:\/\/i0.wp.com\/locaacademiafamiliar.com\/wp-content\/uploads\/2018\/09\/camp-2445212_1920.jpg?fit=1920%2C1440&ssl=1\",\"keywords\":[\"camping\",\"catalunya\",\"Excursions\"],\"articleSection\":[\"Geografia\"],\"inLanguage\":\"ca\",\"potentialAction\":[{\"@type\":\"CommentAction\",\"name\":\"Comment\",\"target\":[\"https:\/\/locaacademiafamiliar.com\/ca\/2018\/10-escapades-per-catalunya-en-campings-de-muntanya\/#respond\"]}]},{\"@type\":\"WebPage\",\"@id\":\"https:\/\/locaacademiafamiliar.com\/ca\/2018\/10-escapades-per-catalunya-en-campings-de-muntanya\/\",\"url\":\"https:\/\/locaacademiafamiliar.com\/ca\/2018\/10-escapades-per-catalunya-en-campings-de-muntanya\/\",\"name\":\"10 Escapades per Catalunya, en Campings de Muntanya\",\"isPartOf\":{\"@id\":\"https:\/\/locaacademiafamiliar.com\/ca\/#website\"},\"primaryImageOfPage\":{\"@id\":\"https:\/\/locaacademiafamiliar.com\/ca\/2018\/10-escapades-per-catalunya-en-campings-de-muntanya\/#primaryimage\"},\"image\":{\"@id\":\"https:\/\/locaacademiafamiliar.com\/ca\/2018\/10-escapades-per-catalunya-en-campings-de-muntanya\/#primaryimage\"},\"thumbnailUrl\":\"https:\/\/i0.wp.com\/locaacademiafamiliar.com\/wp-content\/uploads\/2018\/09\/camp-2445212_1920.jpg?fit=1920%2C1440&ssl=1\",\"datePublished\":\"2018-09-17T20:00:14+00:00\",\"dateModified\":\"2018-09-17T20:12:22+00:00\",\"description\":\"Idees per fer escapades de cap de setmana i ponts per Catalunya, zones de muntanya, a la primavera i tardor, allotjant-vos en c\u00e0mpings de muntanya.\",\"breadcrumb\":{\"@id\":\"https:\/\/locaacademiafamiliar.com\/ca\/2018\/10-escapades-per-catalunya-en-campings-de-muntanya\/#breadcrumb\"},\"inLanguage\":\"ca\",\"potentialAction\":[{\"@type\":\"ReadAction\",\"target\":[\"https:\/\/locaacademiafamiliar.com\/ca\/2018\/10-escapades-per-catalunya-en-campings-de-muntanya\/\"]}]},{\"@type\":\"ImageObject\",\"inLanguage\":\"ca\",\"@id\":\"https:\/\/locaacademiafamiliar.com\/ca\/2018\/10-escapades-per-catalunya-en-campings-de-muntanya\/#primaryimage\",\"url\":\"https:\/\/i0.wp.com\/locaacademiafamiliar.com\/wp-content\/uploads\/2018\/09\/camp-2445212_1920.jpg?fit=1920%2C1440&ssl=1\",\"contentUrl\":\"https:\/\/i0.wp.com\/locaacademiafamiliar.com\/wp-content\/uploads\/2018\/09\/camp-2445212_1920.jpg?fit=1920%2C1440&ssl=1\",\"width\":1920,\"height\":1440},{\"@type\":\"BreadcrumbList\",\"@id\":\"https:\/\/locaacademiafamiliar.com\/ca\/2018\/10-escapades-per-catalunya-en-campings-de-muntanya\/#breadcrumb\",\"itemListElement\":[{\"@type\":\"ListItem\",\"position\":1,\"name\":\"Portada\",\"item\":\"https:\/\/locaacademiafamiliar.com\/ca\/\"},{\"@type\":\"ListItem\",\"position\":2,\"name\":\"10 Escapades per Catalunya allotjant-vos en C\u00e0mpings de Muntanya\"}]},{\"@type\":\"WebSite\",\"@id\":\"https:\/\/locaacademiafamiliar.com\/ca\/#website\",\"url\":\"https:\/\/locaacademiafamiliar.com\/ca\/\",\"name\":\"Boja Acad\u00e8mia Familiar\",\"description\":\"El blog de crianza con el que pap\u00e1s y mam\u00e1s salen mejor preparados para su rutina familiar diaria\",\"publisher\":{\"@id\":\"https:\/\/locaacademiafamiliar.com\/ca\/#organization\"},\"potentialAction\":[{\"@type\":\"SearchAction\",\"target\":{\"@type\":\"EntryPoint\",\"urlTemplate\":\"https:\/\/locaacademiafamiliar.com\/ca\/?s={search_term_string}\"},\"query-input\":{\"@type\":\"PropertyValueSpecification\",\"valueRequired\":true,\"valueName\":\"search_term_string\"}}],\"inLanguage\":\"ca\"},{\"@type\":\"Organization\",\"@id\":\"https:\/\/locaacademiafamiliar.com\/ca\/#organization\",\"name\":\"LocaAcademiaFamiliar.com\",\"url\":\"https:\/\/locaacademiafamiliar.com\/ca\/\",\"logo\":{\"@type\":\"ImageObject\",\"inLanguage\":\"ca\",\"@id\":\"https:\/\/locaacademiafamiliar.com\/ca\/#\/schema\/logo\/image\/\",\"url\":\"https:\/\/locaacademiafamiliar.com\/wp-content\/uploads\/2020\/01\/logo-loca-academia-familiar.jpg\",\"contentUrl\":\"https:\/\/locaacademiafamiliar.com\/wp-content\/uploads\/2020\/01\/logo-loca-academia-familiar.jpg\",\"width\":960,\"height\":960,\"caption\":\"LocaAcademiaFamiliar.com\"},\"image\":{\"@id\":\"https:\/\/locaacademiafamiliar.com\/ca\/#\/schema\/logo\/image\/\"},\"sameAs\":[\"https:\/\/www.facebook.com\/LocaAcademiaFamiliar\"]},{\"@type\":\"Person\",\"@id\":\"https:\/\/locaacademiafamiliar.com\/ca\/#\/schema\/person\/c38ddbb3d4c6f37be7c9c57b205fdd2d\",\"name\":\"Roser\",\"image\":{\"@type\":\"ImageObject\",\"inLanguage\":\"ca\",\"@id\":\"https:\/\/locaacademiafamiliar.com\/ca\/#\/schema\/person\/image\/\",\"url\":\"https:\/\/secure.gravatar.com\/avatar\/505f69c7969f855daaa0f97fb5b0b6b2?s=96&d=mm&r=g\",\"contentUrl\":\"https:\/\/secure.gravatar.com\/avatar\/505f69c7969f855daaa0f97fb5b0b6b2?s=96&d=mm&r=g\",\"caption\":\"Roser\"},\"description\":\"\u00a1Hola soy Roser! Mam\u00e1 de una ni\u00f1a preciosa y muy movida, nacida en agosto 2015; y de un ni\u00f1o guap\u00edsimo y valiente nacido en octubre 2017. Antes estaba \\\"sempre viaggiando\\\" y ahora estoy siempre jugando, cantando y saltando. Llevo 10 a\u00f1os como blogger de viajes y vivo en Olot, Girona. Si quieres estar informado de los eventos y actividades para familias con ni\u00f1os en Catalunya, haz click aqu\u00ed para apuntarte a nuestra newsletter.\",\"sameAs\":[\"http:\/\/www.locaacademiafamiliar.com\",\"http:\/\/www.facebook.com\/locaacademiafamiliar\"],\"url\":\"https:\/\/locaacademiafamiliar.com\/ca\/author\/roser\/\"}]}<\/script>\n<!-- \/ Yoast SEO plugin. -->","yoast_head_json":{"title":"10 Escapades per Catalunya, en Campings de Muntanya","description":"Idees per fer escapades de cap de setmana i ponts per Catalunya, zones de muntanya, a la primavera i tardor, allotjant-vos en c\u00e0mpings de muntanya.","robots":{"index":"index","follow":"follow","max-snippet":"max-snippet:-1","max-image-preview":"max-image-preview:large","max-video-preview":"max-video-preview:-1"},"canonical":"https:\/\/locaacademiafamiliar.com\/ca\/2018\/10-escapades-per-catalunya-en-campings-de-muntanya\/","og_locale":"ca_ES","og_type":"article","og_title":"10 Escapades per Catalunya, en Campings de Muntanya","og_description":"Idees per fer escapades de cap de setmana i ponts per Catalunya, zones de muntanya, a la primavera i tardor, allotjant-vos en c\u00e0mpings de muntanya.","og_url":"https:\/\/locaacademiafamiliar.com\/ca\/2018\/10-escapades-per-catalunya-en-campings-de-muntanya\/","og_site_name":"Boja Acad\u00e8mia Familiar","article_publisher":"https:\/\/www.facebook.com\/LocaAcademiaFamiliar","article_author":"http:\/\/www.facebook.com\/locaacademiafamiliar","article_published_time":"2018-09-17T20:00:14+00:00","article_modified_time":"2018-09-17T20:12:22+00:00","og_image":[{"width":1920,"height":1440,"url":"https:\/\/locaacademiafamiliar.com\/wp-content\/uploads\/2018\/09\/camp-2445212_1920.jpg","type":"image\/jpeg"}],"author":"Roser","twitter_card":"summary_large_image","twitter_misc":{"Escrit per":"Roser","Temps estimat de lectura":"10 minuts"},"schema":{"@context":"https:\/\/schema.org","@graph":[{"@type":"Article","@id":"https:\/\/locaacademiafamiliar.com\/ca\/2018\/10-escapades-per-catalunya-en-campings-de-muntanya\/#article","isPartOf":{"@id":"https:\/\/locaacademiafamiliar.com\/ca\/2018\/10-escapades-per-catalunya-en-campings-de-muntanya\/"},"author":{"name":"Roser","@id":"https:\/\/locaacademiafamiliar.com\/ca\/#\/schema\/person\/c38ddbb3d4c6f37be7c9c57b205fdd2d"},"headline":"10 Escapades per Catalunya allotjant-vos en C\u00e0mpings de Muntanya","datePublished":"2018-09-17T20:00:14+00:00","dateModified":"2018-09-17T20:12:22+00:00","mainEntityOfPage":{"@id":"https:\/\/locaacademiafamiliar.com\/ca\/2018\/10-escapades-per-catalunya-en-campings-de-muntanya\/"},"wordCount":2022,"commentCount":0,"publisher":{"@id":"https:\/\/locaacademiafamiliar.com\/ca\/#organization"},"image":{"@id":"https:\/\/locaacademiafamiliar.com\/ca\/2018\/10-escapades-per-catalunya-en-campings-de-muntanya\/#primaryimage"},"thumbnailUrl":"https:\/\/i0.wp.com\/locaacademiafamiliar.com\/wp-content\/uploads\/2018\/09\/camp-2445212_1920.jpg?fit=1920%2C1440&ssl=1","keywords":["camping","catalunya","Excursions"],"articleSection":["Geografia"],"inLanguage":"ca","potentialAction":[{"@type":"CommentAction","name":"Comment","target":["https:\/\/locaacademiafamiliar.com\/ca\/2018\/10-escapades-per-catalunya-en-campings-de-muntanya\/#respond"]}]},{"@type":"WebPage","@id":"https:\/\/locaacademiafamiliar.com\/ca\/2018\/10-escapades-per-catalunya-en-campings-de-muntanya\/","url":"https:\/\/locaacademiafamiliar.com\/ca\/2018\/10-escapades-per-catalunya-en-campings-de-muntanya\/","name":"10 Escapades per Catalunya, en Campings de Muntanya","isPartOf":{"@id":"https:\/\/locaacademiafamiliar.com\/ca\/#website"},"primaryImageOfPage":{"@id":"https:\/\/locaacademiafamiliar.com\/ca\/2018\/10-escapades-per-catalunya-en-campings-de-muntanya\/#primaryimage"},"image":{"@id":"https:\/\/locaacademiafamiliar.com\/ca\/2018\/10-escapades-per-catalunya-en-campings-de-muntanya\/#primaryimage"},"thumbnailUrl":"https:\/\/i0.wp.com\/locaacademiafamiliar.com\/wp-content\/uploads\/2018\/09\/camp-2445212_1920.jpg?fit=1920%2C1440&ssl=1","datePublished":"2018-09-17T20:00:14+00:00","dateModified":"2018-09-17T20:12:22+00:00","description":"Idees per fer escapades de cap de setmana i ponts per Catalunya, zones de muntanya, a la primavera i tardor, allotjant-vos en c\u00e0mpings de muntanya.","breadcrumb":{"@id":"https:\/\/locaacademiafamiliar.com\/ca\/2018\/10-escapades-per-catalunya-en-campings-de-muntanya\/#breadcrumb"},"inLanguage":"ca","potentialAction":[{"@type":"ReadAction","target":["https:\/\/locaacademiafamiliar.com\/ca\/2018\/10-escapades-per-catalunya-en-campings-de-muntanya\/"]}]},{"@type":"ImageObject","inLanguage":"ca","@id":"https:\/\/locaacademiafamiliar.com\/ca\/2018\/10-escapades-per-catalunya-en-campings-de-muntanya\/#primaryimage","url":"https:\/\/i0.wp.com\/locaacademiafamiliar.com\/wp-content\/uploads\/2018\/09\/camp-2445212_1920.jpg?fit=1920%2C1440&ssl=1","contentUrl":"https:\/\/i0.wp.com\/locaacademiafamiliar.com\/wp-content\/uploads\/2018\/09\/camp-2445212_1920.jpg?fit=1920%2C1440&ssl=1","width":1920,"height":1440},{"@type":"BreadcrumbList","@id":"https:\/\/locaacademiafamiliar.com\/ca\/2018\/10-escapades-per-catalunya-en-campings-de-muntanya\/#breadcrumb","itemListElement":[{"@type":"ListItem","position":1,"name":"Portada","item":"https:\/\/locaacademiafamiliar.com\/ca\/"},{"@type":"ListItem","position":2,"name":"10 Escapades per Catalunya allotjant-vos en C\u00e0mpings de Muntanya"}]},{"@type":"WebSite","@id":"https:\/\/locaacademiafamiliar.com\/ca\/#website","url":"https:\/\/locaacademiafamiliar.com\/ca\/","name":"Boja Acad\u00e8mia Familiar","description":"El blog de crianza con el que pap\u00e1s y mam\u00e1s salen mejor preparados para su rutina familiar diaria","publisher":{"@id":"https:\/\/locaacademiafamiliar.com\/ca\/#organization"},"potentialAction":[{"@type":"SearchAction","target":{"@type":"EntryPoint","urlTemplate":"https:\/\/locaacademiafamiliar.com\/ca\/?s={search_term_string}"},"query-input":{"@type":"PropertyValueSpecification","valueRequired":true,"valueName":"search_term_string"}}],"inLanguage":"ca"},{"@type":"Organization","@id":"https:\/\/locaacademiafamiliar.com\/ca\/#organization","name":"LocaAcademiaFamiliar.com","url":"https:\/\/locaacademiafamiliar.com\/ca\/","logo":{"@type":"ImageObject","inLanguage":"ca","@id":"https:\/\/locaacademiafamiliar.com\/ca\/#\/schema\/logo\/image\/","url":"https:\/\/locaacademiafamiliar.com\/wp-content\/uploads\/2020\/01\/logo-loca-academia-familiar.jpg","contentUrl":"https:\/\/locaacademiafamiliar.com\/wp-content\/uploads\/2020\/01\/logo-loca-academia-familiar.jpg","width":960,"height":960,"caption":"LocaAcademiaFamiliar.com"},"image":{"@id":"https:\/\/locaacademiafamiliar.com\/ca\/#\/schema\/logo\/image\/"},"sameAs":["https:\/\/www.facebook.com\/LocaAcademiaFamiliar"]},{"@type":"Person","@id":"https:\/\/locaacademiafamiliar.com\/ca\/#\/schema\/person\/c38ddbb3d4c6f37be7c9c57b205fdd2d","name":"Roser","image":{"@type":"ImageObject","inLanguage":"ca","@id":"https:\/\/locaacademiafamiliar.com\/ca\/#\/schema\/person\/image\/","url":"https:\/\/secure.gravatar.com\/avatar\/505f69c7969f855daaa0f97fb5b0b6b2?s=96&d=mm&r=g","contentUrl":"https:\/\/secure.gravatar.com\/avatar\/505f69c7969f855daaa0f97fb5b0b6b2?s=96&d=mm&r=g","caption":"Roser"},"description":"\u00a1Hola soy Roser! Mam\u00e1 de una ni\u00f1a preciosa y muy movida, nacida en agosto 2015; y de un ni\u00f1o guap\u00edsimo y valiente nacido en octubre 2017. Antes estaba \"sempre viaggiando\" y ahora estoy siempre jugando, cantando y saltando. Llevo 10 a\u00f1os como blogger de viajes y vivo en Olot, Girona. Si quieres estar informado de los eventos y actividades para familias con ni\u00f1os en Catalunya, haz click aqu\u00ed para apuntarte a nuestra newsletter.","sameAs":["http:\/\/www.locaacademiafamiliar.com","http:\/\/www.facebook.com\/locaacademiafamiliar"],"url":"https:\/\/locaacademiafamiliar.com\/ca\/author\/roser\/"}]}},"jetpack_featured_media_url":"https:\/\/i0.wp.com\/locaacademiafamiliar.com\/wp-content\/uploads\/2018\/09\/camp-2445212_1920.jpg?fit=1920%2C1440&ssl=1","jetpack_sharing_enabled":true,"amp_enabled":true,"_links":{"self":[{"href":"https:\/\/locaacademiafamiliar.com\/ca\/wp-json\/wp\/v2\/posts\/4103","targetHints":{"allow":["GET"]}}],"collection":[{"href":"https:\/\/locaacademiafamiliar.com\/ca\/wp-json\/wp\/v2\/posts"}],"about":[{"href":"https:\/\/locaacademiafamiliar.com\/ca\/wp-json\/wp\/v2\/types\/post"}],"author":[{"embeddable":true,"href":"https:\/\/locaacademiafamiliar.com\/ca\/wp-json\/wp\/v2\/users\/1"}],"replies":[{"embeddable":true,"href":"https:\/\/locaacademiafamiliar.com\/ca\/wp-json\/wp\/v2\/comments?post=4103"}],"version-history":[{"count":0,"href":"https:\/\/locaacademiafamiliar.com\/ca\/wp-json\/wp\/v2\/posts\/4103\/revisions"}],"wp:featuredmedia":[{"embeddable":true,"href":"https:\/\/locaacademiafamiliar.com\/ca\/wp-json\/wp\/v2\/media\/4454"}],"wp:attachment":[{"href":"https:\/\/locaacademiafamiliar.com\/ca\/wp-json\/wp\/v2\/media?parent=4103"}],"wp:term":[{"taxonomy":"category","embeddable":true,"href":"https:\/\/locaacademiafamiliar.com\/ca\/wp-json\/wp\/v2\/categories?post=4103"},{"taxonomy":"post_tag","embeddable":true,"href":"https:\/\/locaacademiafamiliar.com\/ca\/wp-json\/wp\/v2\/tags?post=4103"}],"curies":[{"name":"wp","href":"https:\/\/api.w.org\/{rel}","templated":true}]}}