{"id":4753,"date":"2018-11-06T20:09:40","date_gmt":"2018-11-06T20:09:40","guid":{"rendered":"https:\/\/locaacademiafamiliar.com\/?p=4753"},"modified":"2022-05-05T16:24:23","modified_gmt":"2022-05-05T16:24:23","slug":"que-fer-a-toulouse-amb-nens","status":"publish","type":"post","link":"https:\/\/locaacademiafamiliar.com\/ca\/2018\/que-fer-a-toulouse-amb-nens\/","title":{"rendered":"Qu\u00e8 fer a Toulouse amb nens"},"content":{"rendered":"<p>Recentment hem passat un <strong>cap de setmana a Toulouse amb els nostres dos fills<\/strong>, <strong>de 3 i quasi-1-any respectivament.<\/strong> Va ser un cap de setmana fant\u00e0stic i<strong> Toulouse ens va semblar una ciutat molt agradable, din\u00e0mica i familiar<\/strong>. Vam arribar un divendres a la tarda i\u00a0 vam marxar el diumenge despr\u00e9s de sopar (per aprofitar al m\u00e0xim el diumenge i que els nens dormissin al cotxe, de tornada).<\/p>\n<h3>Cit\u00e9 de l&#8217;Espace<\/h3>\n<p><img data-recalc-dims=\"1\" decoding=\"async\" data-attachment-id=\"4576\" data-permalink=\"https:\/\/locaacademiafamiliar.com\/ca\/2018\/visita-la-cite-de-lespace-amb-nens\/dav-205-2\/\" data-orig-file=\"https:\/\/i0.wp.com\/locaacademiafamiliar.com\/wp-content\/uploads\/2018\/09\/cite-espace-3.jpg?fit=1200%2C900&amp;ssl=1\" data-orig-size=\"1200,900\" data-comments-opened=\"1\" data-image-meta=\"{&quot;aperture&quot;:&quot;2&quot;,&quot;credit&quot;:&quot;&quot;,&quot;camera&quot;:&quot;HUAWEI GRA-L09&quot;,&quot;caption&quot;:&quot;dav&quot;,&quot;created_timestamp&quot;:&quot;1537616153&quot;,&quot;copyright&quot;:&quot;&quot;,&quot;focal_length&quot;:&quot;3.83&quot;,&quot;iso&quot;:&quot;64&quot;,&quot;shutter_speed&quot;:&quot;0.00088799993102913&quot;,&quot;title&quot;:&quot;dav&quot;,&quot;orientation&quot;:&quot;1&quot;}\" data-image-title=\"cite de l&#8217;espace\" data-image-description=\"\" data-image-caption=\"\" data-medium-file=\"https:\/\/i0.wp.com\/locaacademiafamiliar.com\/wp-content\/uploads\/2018\/09\/cite-espace-3.jpg?fit=300%2C225&amp;ssl=1\" data-large-file=\"https:\/\/i0.wp.com\/locaacademiafamiliar.com\/wp-content\/uploads\/2018\/09\/cite-espace-3.jpg?fit=1024%2C768&amp;ssl=1\" class=\"size-large wp-image-4576 aligncenter\" src=\"https:\/\/i0.wp.com\/locaacademiafamiliar.com\/wp-content\/uploads\/2018\/09\/cite-espace-3-1024x768.jpg?resize=1024%2C768&#038;ssl=1\" alt=\"cite de l'espace\" width=\"1024\" height=\"768\" srcset=\"https:\/\/i0.wp.com\/locaacademiafamiliar.com\/wp-content\/uploads\/2018\/09\/cite-espace-3.jpg?resize=1024%2C768&amp;ssl=1 1024w, https:\/\/i0.wp.com\/locaacademiafamiliar.com\/wp-content\/uploads\/2018\/09\/cite-espace-3.jpg?resize=300%2C225&amp;ssl=1 300w, https:\/\/i0.wp.com\/locaacademiafamiliar.com\/wp-content\/uploads\/2018\/09\/cite-espace-3.jpg?resize=768%2C576&amp;ssl=1 768w, https:\/\/i0.wp.com\/locaacademiafamiliar.com\/wp-content\/uploads\/2018\/09\/cite-espace-3.jpg?resize=678%2C509&amp;ssl=1 678w, https:\/\/i0.wp.com\/locaacademiafamiliar.com\/wp-content\/uploads\/2018\/09\/cite-espace-3.jpg?resize=326%2C245&amp;ssl=1 326w, https:\/\/i0.wp.com\/locaacademiafamiliar.com\/wp-content\/uploads\/2018\/09\/cite-espace-3.jpg?resize=80%2C60&amp;ssl=1 80w, https:\/\/i0.wp.com\/locaacademiafamiliar.com\/wp-content\/uploads\/2018\/09\/cite-espace-3.jpg?w=1200&amp;ssl=1 1200w\" sizes=\"(max-width: 1000px) 100vw, 1000px\" \/><\/p>\n<p>Vol\u00edem anar a <strong>Toulouse especialment per anar a la Ciutat de l&#8217;Espai (Cit\u00e9 de l&#8217;Espace), un parc educatiu tematitzat de l&#8217;espai on hi ha mil curiositats d&#8217;astronautes, planetes, estrelles, el cel, naus espacials<\/strong>&#8230; Us explico la nostra experi\u00e8ncia a la <strong><a href=\"https:\/\/locaacademiafamiliar.com\/ca\/2018\/visita-la-cite-de-lespace-amb-nens\/\">Cit\u00e9 de l&#8217;Espace<\/a> i recomanacions per visitar-la en<\/strong> <a href=\"https:\/\/locaacademiafamiliar.com\/ca\/2018\/visita-la-cite-de-lespace-amb-nens\/\"><strong>aquest altre article<\/strong><\/a>.<\/p>\n<p>Ens va agradar molt\u00edssim i va fer que el <strong>cap de setmana a Toulouse valgu\u00e9s molt la pena<\/strong>. La nostra filla va al\u00b7lucinar i nosaltres amb ella. vam dedicar el dissabte sencer fins a les 17h a visitar la Cit\u00e9 de l&#8217;Espace.<\/p>\n<h3>Vaixell pirata al Parc La Daurade<\/h3>\n<p><img data-recalc-dims=\"1\" decoding=\"async\" data-attachment-id=\"4600\" data-permalink=\"https:\/\/locaacademiafamiliar.com\/ca\/2018\/visita-la-cite-de-lespace-amb-nens\/sdr-53-2\/\" data-orig-file=\"https:\/\/i0.wp.com\/locaacademiafamiliar.com\/wp-content\/uploads\/2018\/09\/cite-espace-15.jpg?fit=1300%2C975&amp;ssl=1\" data-orig-size=\"1300,975\" data-comments-opened=\"1\" data-image-meta=\"{&quot;aperture&quot;:&quot;2&quot;,&quot;credit&quot;:&quot;&quot;,&quot;camera&quot;:&quot;HUAWEI GRA-L09&quot;,&quot;caption&quot;:&quot;sdr&quot;,&quot;created_timestamp&quot;:&quot;1537641977&quot;,&quot;copyright&quot;:&quot;&quot;,&quot;focal_length&quot;:&quot;3.83&quot;,&quot;iso&quot;:&quot;64&quot;,&quot;shutter_speed&quot;:&quot;0.0019319999366557&quot;,&quot;title&quot;:&quot;sdr&quot;,&quot;orientation&quot;:&quot;1&quot;}\" data-image-title=\"sdr\" data-image-description=\"\" data-image-caption=\"&lt;p&gt;sdr&lt;\/p&gt;\n\" data-medium-file=\"https:\/\/i0.wp.com\/locaacademiafamiliar.com\/wp-content\/uploads\/2018\/09\/cite-espace-15.jpg?fit=300%2C225&amp;ssl=1\" data-large-file=\"https:\/\/i0.wp.com\/locaacademiafamiliar.com\/wp-content\/uploads\/2018\/09\/cite-espace-15.jpg?fit=1024%2C768&amp;ssl=1\" class=\"size-large wp-image-4600\" src=\"https:\/\/i0.wp.com\/locaacademiafamiliar.com\/wp-content\/uploads\/2018\/09\/cite-espace-15-1024x768.jpg?resize=1024%2C768&#038;ssl=1\" alt=\"\" width=\"1024\" height=\"768\" srcset=\"https:\/\/i0.wp.com\/locaacademiafamiliar.com\/wp-content\/uploads\/2018\/09\/cite-espace-15.jpg?resize=1024%2C768&amp;ssl=1 1024w, https:\/\/i0.wp.com\/locaacademiafamiliar.com\/wp-content\/uploads\/2018\/09\/cite-espace-15.jpg?resize=300%2C225&amp;ssl=1 300w, https:\/\/i0.wp.com\/locaacademiafamiliar.com\/wp-content\/uploads\/2018\/09\/cite-espace-15.jpg?resize=768%2C576&amp;ssl=1 768w, https:\/\/i0.wp.com\/locaacademiafamiliar.com\/wp-content\/uploads\/2018\/09\/cite-espace-15.jpg?resize=678%2C509&amp;ssl=1 678w, https:\/\/i0.wp.com\/locaacademiafamiliar.com\/wp-content\/uploads\/2018\/09\/cite-espace-15.jpg?resize=326%2C245&amp;ssl=1 326w, https:\/\/i0.wp.com\/locaacademiafamiliar.com\/wp-content\/uploads\/2018\/09\/cite-espace-15.jpg?resize=80%2C60&amp;ssl=1 80w, https:\/\/i0.wp.com\/locaacademiafamiliar.com\/wp-content\/uploads\/2018\/09\/cite-espace-15.jpg?w=1300&amp;ssl=1 1300w\" sizes=\"(max-width: 1000px) 100vw, 1000px\" \/><\/p>\n<p>Dissabte a la tarda vam quedar amb una amiga que viu a\u00a0Toulouse. Ens vam trobar al <strong>parc de la Daurade, davant del riu Garona, i en ple centre de\u00a0Toulouse.<\/strong><\/p>\n<p>El parc ens va encantar. No \u00e9s enorme per\u00f2 <strong>t\u00e9 un vaixell pirata de fusta<\/strong>, que \u00e9s genial per jugar-hi una bona estona. Hi ha arbres, de manera que si fa calor podeu estar a l&#8217;ombra.<\/p>\n<p>Al costat del vaixell pirata hi ha una<strong> zona de gespa bastant gran, ideal per veure el capvespre<\/strong>. Un lloc molt freq\u00fcentat per joves i fam\u00edlies amb nens per fer un <strong>picnic veient caure el sol<\/strong>. A la mateixa pla\u00e7a de la Daurade hi ha un bar on serveixen alguns snacks. A m\u00e9s, el dia que hi vam anar, hi havia m\u00fasica en directe. Quin ambient\u00e0s!<\/p>\n<p><img data-recalc-dims=\"1\" decoding=\"async\" data-attachment-id=\"4562\" data-permalink=\"https:\/\/locaacademiafamiliar.com\/ca\/2018\/visita-la-cite-de-lespace-amb-nens\/hdr-13-2\/\" data-orig-file=\"https:\/\/i0.wp.com\/locaacademiafamiliar.com\/wp-content\/uploads\/2018\/09\/toulouse-nin%CC%83os-2.jpg?fit=1300%2C975&amp;ssl=1\" data-orig-size=\"1300,975\" data-comments-opened=\"1\" data-image-meta=\"{&quot;aperture&quot;:&quot;2&quot;,&quot;credit&quot;:&quot;&quot;,&quot;camera&quot;:&quot;HUAWEI GRA-L09&quot;,&quot;caption&quot;:&quot;hdr&quot;,&quot;created_timestamp&quot;:&quot;1537646839&quot;,&quot;copyright&quot;:&quot;&quot;,&quot;focal_length&quot;:&quot;3.83&quot;,&quot;iso&quot;:&quot;80&quot;,&quot;shutter_speed&quot;:&quot;0.0099959999838383&quot;,&quot;title&quot;:&quot;hdr&quot;,&quot;orientation&quot;:&quot;1&quot;}\" data-image-title=\"toulouse quai daurade sunset\" data-image-description=\"\" data-image-caption=\"\" data-medium-file=\"https:\/\/i0.wp.com\/locaacademiafamiliar.com\/wp-content\/uploads\/2018\/09\/toulouse-nin%CC%83os-2.jpg?fit=300%2C225&amp;ssl=1\" data-large-file=\"https:\/\/i0.wp.com\/locaacademiafamiliar.com\/wp-content\/uploads\/2018\/09\/toulouse-nin%CC%83os-2.jpg?fit=1024%2C768&amp;ssl=1\" class=\"size-large wp-image-4562 aligncenter\" src=\"https:\/\/i0.wp.com\/locaacademiafamiliar.com\/wp-content\/uploads\/2018\/09\/toulouse-nin%CC%83os-2-1024x768.jpg?resize=1024%2C768&#038;ssl=1\" alt=\"toulouse quai daurade sunset\" width=\"1024\" height=\"768\" srcset=\"https:\/\/i0.wp.com\/locaacademiafamiliar.com\/wp-content\/uploads\/2018\/09\/toulouse-nin%CC%83os-2.jpg?resize=1024%2C768&amp;ssl=1 1024w, https:\/\/i0.wp.com\/locaacademiafamiliar.com\/wp-content\/uploads\/2018\/09\/toulouse-nin%CC%83os-2.jpg?resize=300%2C225&amp;ssl=1 300w, https:\/\/i0.wp.com\/locaacademiafamiliar.com\/wp-content\/uploads\/2018\/09\/toulouse-nin%CC%83os-2.jpg?resize=768%2C576&amp;ssl=1 768w, https:\/\/i0.wp.com\/locaacademiafamiliar.com\/wp-content\/uploads\/2018\/09\/toulouse-nin%CC%83os-2.jpg?resize=678%2C509&amp;ssl=1 678w, https:\/\/i0.wp.com\/locaacademiafamiliar.com\/wp-content\/uploads\/2018\/09\/toulouse-nin%CC%83os-2.jpg?resize=326%2C245&amp;ssl=1 326w, https:\/\/i0.wp.com\/locaacademiafamiliar.com\/wp-content\/uploads\/2018\/09\/toulouse-nin%CC%83os-2.jpg?resize=80%2C60&amp;ssl=1 80w, https:\/\/i0.wp.com\/locaacademiafamiliar.com\/wp-content\/uploads\/2018\/09\/toulouse-nin%CC%83os-2.jpg?w=1300&amp;ssl=1 1300w\" sizes=\"(max-width: 1000px) 100vw, 1000px\" \/><\/p>\n<p>Si voleu dinar\/sopar alguna cosa prop del parc, hi ha <strong>diversos restaurants als carrers de darrere del parc<\/strong>. Nosaltres ens vam ficar pel <strong>carrer Jean Suau<\/strong> i en vam veure v\u00e0rios. Vam triar <strong>el restaurant <a href=\"https:\/\/www.tripadvisor.es\/Restaurant_Review-g187175-d813964-Reviews-La_Reserve-Toulouse_Haute_Garonne_Occitanie.html\">La R\u00e9serve<\/a><\/strong> perqu\u00e8 tenien molt lloc (dins i fora) i pizzes bon\u00edssimes \ud83d\ude09 Tamb\u00e9 unes &#8220;pizzetes&#8221; mida petita per als menuts que van ser perfectes. Adre\u00e7a: Rue Jean Suau, 8.<\/p>\n<h3>Mercat local a la Place Saint-Aubin<\/h3>\n<figure id=\"attachment_6195\" aria-describedby=\"caption-attachment-6195\" style=\"width: 768px\" class=\"wp-caption aligncenter\"><img data-recalc-dims=\"1\" decoding=\"async\" data-attachment-id=\"6195\" data-permalink=\"https:\/\/locaacademiafamiliar.com\/ca\/2018\/que-fer-a-toulouse-amb-nens\/marche_saint-aubin_-_2016-08-14_-_05-mathieumd-2\/\" data-orig-file=\"https:\/\/i0.wp.com\/locaacademiafamiliar.com\/wp-content\/uploads\/2018\/11\/Marche%CC%81_Saint-Aubin_-_2016-08-14_-_05-MathieuMD.jpg?fit=768%2C513&amp;ssl=1\" data-orig-size=\"768,513\" data-comments-opened=\"1\" data-image-meta=\"{&quot;aperture&quot;:&quot;0&quot;,&quot;credit&quot;:&quot;&quot;,&quot;camera&quot;:&quot;&quot;,&quot;caption&quot;:&quot;&quot;,&quot;created_timestamp&quot;:&quot;0&quot;,&quot;copyright&quot;:&quot;&quot;,&quot;focal_length&quot;:&quot;0&quot;,&quot;iso&quot;:&quot;0&quot;,&quot;shutter_speed&quot;:&quot;0&quot;,&quot;title&quot;:&quot;&quot;,&quot;orientation&quot;:&quot;1&quot;}\" data-image-title=\"Marche\u0301_Saint-Aubin_-_2016-08-14_-_05-MathieuMD\" data-image-description=\"\" data-image-caption=\"\" data-medium-file=\"https:\/\/i0.wp.com\/locaacademiafamiliar.com\/wp-content\/uploads\/2018\/11\/Marche%CC%81_Saint-Aubin_-_2016-08-14_-_05-MathieuMD.jpg?fit=300%2C200&amp;ssl=1\" data-large-file=\"https:\/\/i0.wp.com\/locaacademiafamiliar.com\/wp-content\/uploads\/2018\/11\/Marche%CC%81_Saint-Aubin_-_2016-08-14_-_05-MathieuMD.jpg?fit=768%2C513&amp;ssl=1\" class=\"wp-image-6195 size-full\" src=\"https:\/\/i0.wp.com\/locaacademiafamiliar.com\/wp-content\/uploads\/2018\/11\/Marche%CC%81_Saint-Aubin_-_2016-08-14_-_05-MathieuMD.jpg?resize=768%2C513\" alt=\"\" width=\"768\" height=\"513\" srcset=\"https:\/\/i0.wp.com\/locaacademiafamiliar.com\/wp-content\/uploads\/2018\/11\/Marche%CC%81_Saint-Aubin_-_2016-08-14_-_05-MathieuMD.jpg?w=768&amp;ssl=1 768w, https:\/\/i0.wp.com\/locaacademiafamiliar.com\/wp-content\/uploads\/2018\/11\/Marche%CC%81_Saint-Aubin_-_2016-08-14_-_05-MathieuMD.jpg?resize=300%2C200&amp;ssl=1 300w\" sizes=\"(max-width: 768px) 100vw, 768px\" \/><figcaption id=\"caption-attachment-6195\" class=\"wp-caption-text\">Foto: MatthieuMD<\/figcaption><\/figure>\n<p>El diumenge al mat\u00ed vam explorar <strong>el mercat local (exterior) de la pla\u00e7a Sant Aubin que ten\u00edem a prop del nostre <a href=\"https:\/\/locaacademiafamiliar.com\/ca\/2018\/25-preguntes-i-respostes-habituals-els-intercanvis-casa\/\">apartament d&#8217;intercanvi<\/a><\/strong>. Preci\u00f3s !!! Ens va encantar. Es fa cada diumenge al mat\u00ed (fins despr\u00e9s de dinar? No us ho puc assegurar)<\/p>\n<p>Hi havia de tot i vam passar una <strong>bona estona veient les parades i passejant<\/strong>. Hi havia productes de l&#8217;hort, llocs de menjar casol\u00e0 per menjar al carrer, concerts en directe de m\u00fasics amateurs, parades de llibres de segona m\u00e0, tamb\u00e9 flors, objectes i roba per a nadons&#8230; De tot!<\/p>\n<p><strong>\u00c9s bona idea comprar alguna cosa per menjar al propi mercat i endur-te&#8217;l per a un p\u00edcnic en un parc<\/strong> (all\u00e0 no hi ha ni taules ni bancs). Als voltants de Sant Aubin hi ha diversos restaurants monos tamb\u00e9.<\/p>\n<h3>Parc Jardin des Plantes<\/h3>\n<p><img data-recalc-dims=\"1\" decoding=\"async\" data-attachment-id=\"4560\" data-permalink=\"https:\/\/locaacademiafamiliar.com\/ca\/2018\/visita-la-cite-de-lespace-amb-nens\/dav-198-2\/\" data-orig-file=\"https:\/\/i0.wp.com\/locaacademiafamiliar.com\/wp-content\/uploads\/2018\/09\/toulouse-nin%CC%83os-1.jpg?fit=1200%2C900&amp;ssl=1\" data-orig-size=\"1200,900\" data-comments-opened=\"1\" data-image-meta=\"{&quot;aperture&quot;:&quot;2&quot;,&quot;credit&quot;:&quot;&quot;,&quot;camera&quot;:&quot;HUAWEI GRA-L09&quot;,&quot;caption&quot;:&quot;dav&quot;,&quot;created_timestamp&quot;:&quot;1537706601&quot;,&quot;copyright&quot;:&quot;&quot;,&quot;focal_length&quot;:&quot;3.83&quot;,&quot;iso&quot;:&quot;64&quot;,&quot;shutter_speed&quot;:&quot;0.00072&quot;,&quot;title&quot;:&quot;dav&quot;,&quot;orientation&quot;:&quot;1&quot;}\" data-image-title=\"dav\" data-image-description=\"\" data-image-caption=\"&lt;p&gt;dav&lt;\/p&gt;\n\" data-medium-file=\"https:\/\/i0.wp.com\/locaacademiafamiliar.com\/wp-content\/uploads\/2018\/09\/toulouse-nin%CC%83os-1.jpg?fit=300%2C225&amp;ssl=1\" data-large-file=\"https:\/\/i0.wp.com\/locaacademiafamiliar.com\/wp-content\/uploads\/2018\/09\/toulouse-nin%CC%83os-1.jpg?fit=1024%2C768&amp;ssl=1\" class=\"size-large wp-image-4560\" src=\"https:\/\/i0.wp.com\/locaacademiafamiliar.com\/wp-content\/uploads\/2018\/09\/toulouse-nin%CC%83os-1-1024x768.jpg?resize=1024%2C768&#038;ssl=1\" alt=\"\" width=\"1024\" height=\"768\" srcset=\"https:\/\/i0.wp.com\/locaacademiafamiliar.com\/wp-content\/uploads\/2018\/09\/toulouse-nin%CC%83os-1.jpg?resize=1024%2C768&amp;ssl=1 1024w, https:\/\/i0.wp.com\/locaacademiafamiliar.com\/wp-content\/uploads\/2018\/09\/toulouse-nin%CC%83os-1.jpg?resize=300%2C225&amp;ssl=1 300w, https:\/\/i0.wp.com\/locaacademiafamiliar.com\/wp-content\/uploads\/2018\/09\/toulouse-nin%CC%83os-1.jpg?resize=768%2C576&amp;ssl=1 768w, https:\/\/i0.wp.com\/locaacademiafamiliar.com\/wp-content\/uploads\/2018\/09\/toulouse-nin%CC%83os-1.jpg?resize=678%2C509&amp;ssl=1 678w, https:\/\/i0.wp.com\/locaacademiafamiliar.com\/wp-content\/uploads\/2018\/09\/toulouse-nin%CC%83os-1.jpg?resize=326%2C245&amp;ssl=1 326w, https:\/\/i0.wp.com\/locaacademiafamiliar.com\/wp-content\/uploads\/2018\/09\/toulouse-nin%CC%83os-1.jpg?resize=80%2C60&amp;ssl=1 80w, https:\/\/i0.wp.com\/locaacademiafamiliar.com\/wp-content\/uploads\/2018\/09\/toulouse-nin%CC%83os-1.jpg?w=1200&amp;ssl=1 1200w\" sizes=\"(max-width: 1000px) 100vw, 1000px\" \/><\/p>\n<p>Vam emportar-snos el menjar fet de casa i vam anar <strong>al parc de Jardin des Plantes a fer un picnic<\/strong>, <strong>jugar i descansar<\/strong>. El parc \u00e9s enorme i hi ha un munt de coses per fer, com per passar la tarda sencera. Moltes fam\u00edlies van tenir la mateixa idea perqu\u00e8 feia un dia magn\u00edfic i <strong>el parc estava ple de fam\u00edlies amb mantes de picnic.<\/strong><\/p>\n<p>Al parc hi ha un<strong> parc infantil molt xulo<\/strong>, <strong>amb tres zones diferenciades per edats: nadons, nens petits i nens grans<\/strong>. Tamb\u00e9 hi ha un parell de<strong> Carrousels<\/strong> (de pagament), molt d&#8217;espai verd, una font, una cascada, i aquell diumenge a la tarda hi havia fins i tot un<strong> petit mercat d&#8217;artesania<\/strong>.<\/p>\n<p>En el mateix parc hi ha <strong>una entrada al museu natural<\/strong>, pel qual tamb\u00e9 vam donar un tomb.<\/p>\n<h3>Museu Hist\u00f2ria Natural<\/h3>\n<p><img data-recalc-dims=\"1\" decoding=\"async\" data-attachment-id=\"4564\" data-permalink=\"https:\/\/locaacademiafamiliar.com\/ca\/2018\/visita-la-cite-de-lespace-amb-nens\/dav-199-2\/\" data-orig-file=\"https:\/\/i0.wp.com\/locaacademiafamiliar.com\/wp-content\/uploads\/2018\/09\/toulouse-nin%CC%83os-3.jpg?fit=1200%2C900&amp;ssl=1\" data-orig-size=\"1200,900\" data-comments-opened=\"1\" data-image-meta=\"{&quot;aperture&quot;:&quot;2&quot;,&quot;credit&quot;:&quot;&quot;,&quot;camera&quot;:&quot;HUAWEI GRA-L09&quot;,&quot;caption&quot;:&quot;dav&quot;,&quot;created_timestamp&quot;:&quot;1537719242&quot;,&quot;copyright&quot;:&quot;&quot;,&quot;focal_length&quot;:&quot;3.83&quot;,&quot;iso&quot;:&quot;200&quot;,&quot;shutter_speed&quot;:&quot;0.03&quot;,&quot;title&quot;:&quot;dav&quot;,&quot;orientation&quot;:&quot;1&quot;}\" data-image-title=\"dav\" data-image-description=\"\" data-image-caption=\"&lt;p&gt;dav&lt;\/p&gt;\n\" data-medium-file=\"https:\/\/i0.wp.com\/locaacademiafamiliar.com\/wp-content\/uploads\/2018\/09\/toulouse-nin%CC%83os-3.jpg?fit=300%2C225&amp;ssl=1\" data-large-file=\"https:\/\/i0.wp.com\/locaacademiafamiliar.com\/wp-content\/uploads\/2018\/09\/toulouse-nin%CC%83os-3.jpg?fit=1024%2C768&amp;ssl=1\" class=\"size-large wp-image-4564\" src=\"https:\/\/i0.wp.com\/locaacademiafamiliar.com\/wp-content\/uploads\/2018\/09\/toulouse-nin%CC%83os-3-1024x768.jpg?resize=1024%2C768&#038;ssl=1\" alt=\"\" width=\"1024\" height=\"768\" srcset=\"https:\/\/i0.wp.com\/locaacademiafamiliar.com\/wp-content\/uploads\/2018\/09\/toulouse-nin%CC%83os-3.jpg?resize=1024%2C768&amp;ssl=1 1024w, https:\/\/i0.wp.com\/locaacademiafamiliar.com\/wp-content\/uploads\/2018\/09\/toulouse-nin%CC%83os-3.jpg?resize=300%2C225&amp;ssl=1 300w, https:\/\/i0.wp.com\/locaacademiafamiliar.com\/wp-content\/uploads\/2018\/09\/toulouse-nin%CC%83os-3.jpg?resize=768%2C576&amp;ssl=1 768w, https:\/\/i0.wp.com\/locaacademiafamiliar.com\/wp-content\/uploads\/2018\/09\/toulouse-nin%CC%83os-3.jpg?resize=678%2C509&amp;ssl=1 678w, https:\/\/i0.wp.com\/locaacademiafamiliar.com\/wp-content\/uploads\/2018\/09\/toulouse-nin%CC%83os-3.jpg?resize=326%2C245&amp;ssl=1 326w, https:\/\/i0.wp.com\/locaacademiafamiliar.com\/wp-content\/uploads\/2018\/09\/toulouse-nin%CC%83os-3.jpg?resize=80%2C60&amp;ssl=1 80w, https:\/\/i0.wp.com\/locaacademiafamiliar.com\/wp-content\/uploads\/2018\/09\/toulouse-nin%CC%83os-3.jpg?w=1200&amp;ssl=1 1200w\" sizes=\"(max-width: 1000px) 100vw, 1000px\" \/><\/p>\n<p><strong>El <a href=\"https:\/\/www.museum.toulouse.fr\/\">Mus\u00e9um Toulouse<\/a>\u00a0(el museu d&#8217;hist\u00f2ria natural) \u00e9s un museu ple d&#8217;animals de tota mena per anar veient amb els petits<\/strong>. <strong>Tamb\u00e9 tenen un jard\u00ed de plantes arom\u00e0tiques.<\/strong> Com que ten\u00edem entrada gratu\u00efta amb el\u00a0 Pass Tourisme i era al mateix Jard\u00ed de les Plantes, vam decidir fer-hi una volta. Als nens els hi va encantar \ud83d\ude42<\/p>\n<h3>Xarxa d&#8217;autobusos i targeta Pass Tourisme<\/h3>\n<p><img data-recalc-dims=\"1\" decoding=\"async\" data-attachment-id=\"4568\" data-permalink=\"https:\/\/locaacademiafamiliar.com\/ca\/2018\/visita-la-cite-de-lespace-amb-nens\/dav-201-2\/\" data-orig-file=\"https:\/\/i0.wp.com\/locaacademiafamiliar.com\/wp-content\/uploads\/2018\/09\/toulouse-nin%CC%83os-5.jpg?fit=900%2C694&amp;ssl=1\" data-orig-size=\"900,694\" data-comments-opened=\"1\" data-image-meta=\"{&quot;aperture&quot;:&quot;2&quot;,&quot;credit&quot;:&quot;&quot;,&quot;camera&quot;:&quot;HUAWEI GRA-L09&quot;,&quot;caption&quot;:&quot;dav&quot;,&quot;created_timestamp&quot;:&quot;1537723999&quot;,&quot;copyright&quot;:&quot;&quot;,&quot;focal_length&quot;:&quot;3.83&quot;,&quot;iso&quot;:&quot;64&quot;,&quot;shutter_speed&quot;:&quot;0.0099959999838383&quot;,&quot;title&quot;:&quot;dav&quot;,&quot;orientation&quot;:&quot;1&quot;}\" data-image-title=\"pass tourisme toulouse\" data-image-description=\"\" data-image-caption=\"\" data-medium-file=\"https:\/\/i0.wp.com\/locaacademiafamiliar.com\/wp-content\/uploads\/2018\/09\/toulouse-nin%CC%83os-5.jpg?fit=300%2C231&amp;ssl=1\" data-large-file=\"https:\/\/i0.wp.com\/locaacademiafamiliar.com\/wp-content\/uploads\/2018\/09\/toulouse-nin%CC%83os-5.jpg?fit=900%2C694&amp;ssl=1\" class=\"size-full wp-image-4568 aligncenter\" src=\"https:\/\/i0.wp.com\/locaacademiafamiliar.com\/wp-content\/uploads\/2018\/09\/toulouse-nin%CC%83os-5.jpg?resize=900%2C694\" alt=\"pass tourisme toulouse\" width=\"900\" height=\"694\" srcset=\"https:\/\/i0.wp.com\/locaacademiafamiliar.com\/wp-content\/uploads\/2018\/09\/toulouse-nin%CC%83os-5.jpg?w=900&amp;ssl=1 900w, https:\/\/i0.wp.com\/locaacademiafamiliar.com\/wp-content\/uploads\/2018\/09\/toulouse-nin%CC%83os-5.jpg?resize=300%2C231&amp;ssl=1 300w, https:\/\/i0.wp.com\/locaacademiafamiliar.com\/wp-content\/uploads\/2018\/09\/toulouse-nin%CC%83os-5.jpg?resize=768%2C592&amp;ssl=1 768w\" sizes=\"(max-width: 900px) 100vw, 900px\" \/><\/p>\n<p>Vam tenir<strong> 2 targetes de <a href=\"https:\/\/www.turismo-toulouse.es\/pass-tourisme\">Pass Tourisme<\/a> de 72 hores<\/strong> en les quals s&#8217;inclouen tots els transports p\u00fablics (autobusos, tramvia i metro), els museus p\u00fablics i monuments de la ciutat, molts descomptes per a activitats tur\u00edstiques i <strong>una visita guiada de l&#8217;<a href=\"https:\/\/www.turismo-toulouse.es\/\">Oficina de Turisme<\/a> per triar<\/strong>.<\/p>\n<p>Vam fer servir molt els autobusos per moure&#8217;ns per Toulouse i que els menuts no es cansessin. La xarxa de busos \u00e9s molt nova, amb parades senyalitzades digitalment i rutes f\u00e0cils de seguir. Ens vam baixar<strong> l&#8217;aplicaci\u00f3 Moovit i ens va anar molt b\u00e9<\/strong> (perqu\u00e8 Google Maps no ens donava la informaci\u00f3 de transport de\u00a0Toulouse). Moovit et diu quines l\u00ednies agafar i quant triguen, amb tot el detall de parades.<\/p>\n<p>El Pass Tourisme de 72 h costa 35 \u20ac. Hi ha tamb\u00e9 opcions m\u00e9s econ\u00f2miques per 48h i 24h (18 \u20ac).<\/p>\n<h3>Vaixells Garona i Canal du Midi<\/h3>\n<p><strong>Un pla xulo a\u00a0Toulouse\u00a0\u00e9s navegar pel riu Garona o el Canal du Midi<\/strong>. <strong>Hi ha tours que fan excursions en vaixell de 1h aprox tant pel riu com un petit tram del canal<\/strong>. Tot i que el m\u00e9s conegut s\u00f3n els viatges \/ excursions al llarg del Canal du Midi, que \u00e9s<strong> ideal per anar en vaixell a poc a poc gaudint del paisatge<\/strong> &#8211; n&#8217;hi ha qui carreguen les bicis al vaixell i va intercalant etapes de bici i vaixell per moure&#8217;s.<\/p>\n<p>Amb el <strong>Pass Tourisme teniu 50% descompte en els tours de <a href=\"https:\/\/www.bateaux-toulousains.com\/es\/\">Bateaux Touloussains<\/a>,<\/strong> que \u00e9s una de les empreses que fa els tours per la Garona i el Canal du Midi.<\/p>\n<h3>Allotjament a Toulouse<\/h3>\n<p><img data-recalc-dims=\"1\" decoding=\"async\" data-attachment-id=\"4570\" data-permalink=\"https:\/\/locaacademiafamiliar.com\/ca\/2018\/visita-la-cite-de-lespace-amb-nens\/dav-202-2\/\" data-orig-file=\"https:\/\/i0.wp.com\/locaacademiafamiliar.com\/wp-content\/uploads\/2018\/09\/apartamento-toulouse.jpg?fit=900%2C1200&amp;ssl=1\" data-orig-size=\"900,1200\" data-comments-opened=\"1\" data-image-meta=\"{&quot;aperture&quot;:&quot;2&quot;,&quot;credit&quot;:&quot;&quot;,&quot;camera&quot;:&quot;HUAWEI GRA-L09&quot;,&quot;caption&quot;:&quot;dav&quot;,&quot;created_timestamp&quot;:&quot;1537562931&quot;,&quot;copyright&quot;:&quot;&quot;,&quot;focal_length&quot;:&quot;3.83&quot;,&quot;iso&quot;:&quot;640&quot;,&quot;shutter_speed&quot;:&quot;0.06&quot;,&quot;title&quot;:&quot;dav&quot;,&quot;orientation&quot;:&quot;1&quot;}\" data-image-title=\"dav\" data-image-description=\"\" data-image-caption=\"&lt;p&gt;dav&lt;\/p&gt;\n\" data-medium-file=\"https:\/\/i0.wp.com\/locaacademiafamiliar.com\/wp-content\/uploads\/2018\/09\/apartamento-toulouse.jpg?fit=225%2C300&amp;ssl=1\" data-large-file=\"https:\/\/i0.wp.com\/locaacademiafamiliar.com\/wp-content\/uploads\/2018\/09\/apartamento-toulouse.jpg?fit=768%2C1024&amp;ssl=1\" class=\"size-large wp-image-4570\" src=\"https:\/\/i0.wp.com\/locaacademiafamiliar.com\/wp-content\/uploads\/2018\/09\/apartamento-toulouse-768x1024.jpg?resize=768%2C1024&#038;ssl=1\" alt=\"\" width=\"768\" height=\"1024\" srcset=\"https:\/\/i0.wp.com\/locaacademiafamiliar.com\/wp-content\/uploads\/2018\/09\/apartamento-toulouse.jpg?resize=768%2C1024&amp;ssl=1 768w, https:\/\/i0.wp.com\/locaacademiafamiliar.com\/wp-content\/uploads\/2018\/09\/apartamento-toulouse.jpg?resize=225%2C300&amp;ssl=1 225w, https:\/\/i0.wp.com\/locaacademiafamiliar.com\/wp-content\/uploads\/2018\/09\/apartamento-toulouse.jpg?w=900&amp;ssl=1 900w\" sizes=\"(max-width: 768px) 100vw, 768px\" \/><\/p>\n<p><strong>Ens vam allotjar en un apartament de <a href=\"https:\/\/www.homeexchange.com\/es?ae=136\">HomeExchange<\/a>\u00a0fent un <a href=\"https:\/\/locaacademiafamiliar.com\/ca\/2018\/25-preguntes-i-respostes-habituals-els-intercanvis-casa\/\">intercanvi de casa<\/a><\/strong>, tot i que aquesta vegada <strong>va ser no-rec\u00edproc<\/strong> i vam donar GuestPoints a canvi de la nostra estada de dues nits <strong>(ells no van venir a casa nostra i els hi vam donar punts a canvi). <\/strong><\/p>\n<p>El pis de la Louise i el Gabriel estava super ben situat,<strong> al bulevard Lazare Carnot, a 10 minuts caminant del centre tur\u00edstic i amb molts autobusos a prop de casa<\/strong>. I a m\u00e9s amb el mercat local de Sant Aubin prop i pastisseries bon\u00edssimes per comprar croissants al mat\u00ed.<\/p>\n<p><strong>La cosa m\u00e9s positiva de l&#8217;apartament va ser poder-hi estar tot el diumenge, fins l&#8217;hora de marxar.<\/strong> Vam poder tornar al pis, fer banyera, posar pijama, sopar, fer les maletes, deixar-ho tot arreglat i marxar cap a casa. La Louise no necessitava el pis i ens hi va deixar estar fins al vespre. (un check-out de luxe quan vas amb nens!). <strong>El piset tenia una hamaca i joguines de beb\u00e8<\/strong> (ells tenen una nena de 4 mesos), que ens va anar molt b\u00e9 per als vespres a casa descansant.<\/p>\n<p>Si preferiu estar en un hotel o aparthotel, feu un cop d&#8217;ull a <strong>aquest <a href=\"https:\/\/www.booking.com\/searchresults.en.html?city=-1473166&amp;aid=1203726&amp;no_rooms=1&amp;group_adults=1\">enlla\u00e7 de Booking a Toulouse<\/a>.<\/strong><\/p>\n","protected":false},"excerpt":{"rendered":"<div class=\"mh-excerpt\"><p>Recentment hem passat un cap de setmana a Toulouse amb els nostres dos fills, de 3 i quasi-1-any respectivament. Va ser un cap de setmana fant\u00e0stic i Toulouse ens va semblar una ciutat molt agradable, din\u00e0mica i familiar.  <a class=\"mh-excerpt-more\" href=\"https:\/\/locaacademiafamiliar.com\/ca\/2018\/que-fer-a-toulouse-amb-nens\/\" title=\"Qu\u00e8 fer a Toulouse amb nens\">[&#8230;]<\/a><\/p>\n<\/div>","protected":false},"author":1,"featured_media":6008,"comment_status":"open","ping_status":"open","sticky":false,"template":"","format":"standard","meta":{"_monsterinsights_skip_tracking":false,"_monsterinsights_sitenote_active":false,"_monsterinsights_sitenote_note":"","_monsterinsights_sitenote_category":0,"_jetpack_memberships_contains_paid_content":false,"footnotes":""},"categories":[37],"tags":[121,61],"class_list":{"0":"post-4753","1":"post","2":"type-post","3":"status-publish","4":"format-standard","5":"has-post-thumbnail","7":"category-geografia-ca","8":"tag-intercanvi-de-casa","9":"tag-viatges"},"yoast_head":"<!-- This site is optimized with the Yoast SEO plugin v26.8 - https:\/\/yoast.com\/product\/yoast-seo-wordpress\/ -->\n<title>Toulouse con ni\u00f1os: qu\u00e9 ver, qu\u00e9 visitar y cosas divertidas para hacer<\/title>\n<meta name=\"description\" content=\"Qu\u00e9 hacer y qu\u00e9 visitar en Toulouse cuando vas con ni\u00f1os. Actividades y visitas divertidas para hacer en familia durante 2 o 3 d\u00edas en Toulouse.\" \/>\n<meta name=\"robots\" content=\"index, follow, max-snippet:-1, max-image-preview:large, max-video-preview:-1\" \/>\n<link rel=\"canonical\" href=\"https:\/\/locaacademiafamiliar.com\/ca\/2018\/que-fer-a-toulouse-amb-nens\/\" \/>\n<meta property=\"og:locale\" content=\"ca_ES\" \/>\n<meta property=\"og:type\" content=\"article\" \/>\n<meta property=\"og:title\" content=\"Toulouse con ni\u00f1os: qu\u00e9 ver, qu\u00e9 visitar y cosas divertidas para hacer\" \/>\n<meta property=\"og:description\" content=\"Qu\u00e9 hacer y qu\u00e9 visitar en Toulouse cuando vas con ni\u00f1os. Actividades y visitas divertidas para hacer en familia durante 2 o 3 d\u00edas en Toulouse.\" \/>\n<meta property=\"og:url\" content=\"https:\/\/locaacademiafamiliar.com\/ca\/2018\/que-fer-a-toulouse-amb-nens\/\" \/>\n<meta property=\"og:site_name\" content=\"Boja Acad\u00e8mia Familiar\" \/>\n<meta property=\"article:publisher\" content=\"https:\/\/www.facebook.com\/LocaAcademiaFamiliar\" \/>\n<meta property=\"article:author\" content=\"http:\/\/www.facebook.com\/locaacademiafamiliar\" \/>\n<meta property=\"article:published_time\" content=\"2018-11-06T20:09:40+00:00\" \/>\n<meta property=\"article:modified_time\" content=\"2022-05-05T16:24:23+00:00\" \/>\n<meta property=\"og:image\" content=\"https:\/\/locaacademiafamiliar.com\/wp-content\/uploads\/2018\/10\/canaldumidi-3412865_1280.jpg\" \/>\n\t<meta property=\"og:image:width\" content=\"1280\" \/>\n\t<meta property=\"og:image:height\" content=\"853\" \/>\n\t<meta property=\"og:image:type\" content=\"image\/jpeg\" \/>\n<meta name=\"author\" content=\"Roser\" \/>\n<meta name=\"twitter:card\" content=\"summary_large_image\" \/>\n<meta name=\"twitter:label1\" content=\"Escrit per\" \/>\n\t<meta name=\"twitter:data1\" content=\"Roser\" \/>\n\t<meta name=\"twitter:label2\" content=\"Temps estimat de lectura\" \/>\n\t<meta name=\"twitter:data2\" content=\"6 minuts\" \/>\n<script type=\"application\/ld+json\" class=\"yoast-schema-graph\">{\"@context\":\"https:\/\/schema.org\",\"@graph\":[{\"@type\":\"Article\",\"@id\":\"https:\/\/locaacademiafamiliar.com\/ca\/2018\/que-fer-a-toulouse-amb-nens\/#article\",\"isPartOf\":{\"@id\":\"https:\/\/locaacademiafamiliar.com\/ca\/2018\/que-fer-a-toulouse-amb-nens\/\"},\"author\":{\"name\":\"Roser\",\"@id\":\"https:\/\/locaacademiafamiliar.com\/ca\/#\/schema\/person\/c38ddbb3d4c6f37be7c9c57b205fdd2d\"},\"headline\":\"Qu\u00e8 fer a Toulouse amb nens\",\"datePublished\":\"2018-11-06T20:09:40+00:00\",\"dateModified\":\"2022-05-05T16:24:23+00:00\",\"mainEntityOfPage\":{\"@id\":\"https:\/\/locaacademiafamiliar.com\/ca\/2018\/que-fer-a-toulouse-amb-nens\/\"},\"wordCount\":1230,\"commentCount\":0,\"publisher\":{\"@id\":\"https:\/\/locaacademiafamiliar.com\/ca\/#organization\"},\"image\":{\"@id\":\"https:\/\/locaacademiafamiliar.com\/ca\/2018\/que-fer-a-toulouse-amb-nens\/#primaryimage\"},\"thumbnailUrl\":\"https:\/\/i0.wp.com\/locaacademiafamiliar.com\/wp-content\/uploads\/2018\/10\/canaldumidi-3412865_1280.jpg?fit=1280%2C853&ssl=1\",\"keywords\":[\"intercanvi de casa\",\"Viatges\"],\"articleSection\":[\"Geografia\"],\"inLanguage\":\"ca\",\"potentialAction\":[{\"@type\":\"CommentAction\",\"name\":\"Comment\",\"target\":[\"https:\/\/locaacademiafamiliar.com\/ca\/2018\/que-fer-a-toulouse-amb-nens\/#respond\"]}]},{\"@type\":\"WebPage\",\"@id\":\"https:\/\/locaacademiafamiliar.com\/ca\/2018\/que-fer-a-toulouse-amb-nens\/\",\"url\":\"https:\/\/locaacademiafamiliar.com\/ca\/2018\/que-fer-a-toulouse-amb-nens\/\",\"name\":\"Toulouse con ni\u00f1os: qu\u00e9 ver, qu\u00e9 visitar y cosas divertidas para hacer\",\"isPartOf\":{\"@id\":\"https:\/\/locaacademiafamiliar.com\/ca\/#website\"},\"primaryImageOfPage\":{\"@id\":\"https:\/\/locaacademiafamiliar.com\/ca\/2018\/que-fer-a-toulouse-amb-nens\/#primaryimage\"},\"image\":{\"@id\":\"https:\/\/locaacademiafamiliar.com\/ca\/2018\/que-fer-a-toulouse-amb-nens\/#primaryimage\"},\"thumbnailUrl\":\"https:\/\/i0.wp.com\/locaacademiafamiliar.com\/wp-content\/uploads\/2018\/10\/canaldumidi-3412865_1280.jpg?fit=1280%2C853&ssl=1\",\"datePublished\":\"2018-11-06T20:09:40+00:00\",\"dateModified\":\"2022-05-05T16:24:23+00:00\",\"description\":\"Qu\u00e9 hacer y qu\u00e9 visitar en Toulouse cuando vas con ni\u00f1os. Actividades y visitas divertidas para hacer en familia durante 2 o 3 d\u00edas en Toulouse.\",\"breadcrumb\":{\"@id\":\"https:\/\/locaacademiafamiliar.com\/ca\/2018\/que-fer-a-toulouse-amb-nens\/#breadcrumb\"},\"inLanguage\":\"ca\",\"potentialAction\":[{\"@type\":\"ReadAction\",\"target\":[\"https:\/\/locaacademiafamiliar.com\/ca\/2018\/que-fer-a-toulouse-amb-nens\/\"]}]},{\"@type\":\"ImageObject\",\"inLanguage\":\"ca\",\"@id\":\"https:\/\/locaacademiafamiliar.com\/ca\/2018\/que-fer-a-toulouse-amb-nens\/#primaryimage\",\"url\":\"https:\/\/i0.wp.com\/locaacademiafamiliar.com\/wp-content\/uploads\/2018\/10\/canaldumidi-3412865_1280.jpg?fit=1280%2C853&ssl=1\",\"contentUrl\":\"https:\/\/i0.wp.com\/locaacademiafamiliar.com\/wp-content\/uploads\/2018\/10\/canaldumidi-3412865_1280.jpg?fit=1280%2C853&ssl=1\",\"width\":1280,\"height\":853},{\"@type\":\"BreadcrumbList\",\"@id\":\"https:\/\/locaacademiafamiliar.com\/ca\/2018\/que-fer-a-toulouse-amb-nens\/#breadcrumb\",\"itemListElement\":[{\"@type\":\"ListItem\",\"position\":1,\"name\":\"Portada\",\"item\":\"https:\/\/locaacademiafamiliar.com\/ca\/\"},{\"@type\":\"ListItem\",\"position\":2,\"name\":\"Qu\u00e8 fer a Toulouse amb nens\"}]},{\"@type\":\"WebSite\",\"@id\":\"https:\/\/locaacademiafamiliar.com\/ca\/#website\",\"url\":\"https:\/\/locaacademiafamiliar.com\/ca\/\",\"name\":\"Boja Acad\u00e8mia Familiar\",\"description\":\"El blog de crianza con el que pap\u00e1s y mam\u00e1s salen mejor preparados para su rutina familiar diaria\",\"publisher\":{\"@id\":\"https:\/\/locaacademiafamiliar.com\/ca\/#organization\"},\"potentialAction\":[{\"@type\":\"SearchAction\",\"target\":{\"@type\":\"EntryPoint\",\"urlTemplate\":\"https:\/\/locaacademiafamiliar.com\/ca\/?s={search_term_string}\"},\"query-input\":{\"@type\":\"PropertyValueSpecification\",\"valueRequired\":true,\"valueName\":\"search_term_string\"}}],\"inLanguage\":\"ca\"},{\"@type\":\"Organization\",\"@id\":\"https:\/\/locaacademiafamiliar.com\/ca\/#organization\",\"name\":\"LocaAcademiaFamiliar.com\",\"url\":\"https:\/\/locaacademiafamiliar.com\/ca\/\",\"logo\":{\"@type\":\"ImageObject\",\"inLanguage\":\"ca\",\"@id\":\"https:\/\/locaacademiafamiliar.com\/ca\/#\/schema\/logo\/image\/\",\"url\":\"https:\/\/locaacademiafamiliar.com\/wp-content\/uploads\/2020\/01\/logo-loca-academia-familiar.jpg\",\"contentUrl\":\"https:\/\/locaacademiafamiliar.com\/wp-content\/uploads\/2020\/01\/logo-loca-academia-familiar.jpg\",\"width\":960,\"height\":960,\"caption\":\"LocaAcademiaFamiliar.com\"},\"image\":{\"@id\":\"https:\/\/locaacademiafamiliar.com\/ca\/#\/schema\/logo\/image\/\"},\"sameAs\":[\"https:\/\/www.facebook.com\/LocaAcademiaFamiliar\"]},{\"@type\":\"Person\",\"@id\":\"https:\/\/locaacademiafamiliar.com\/ca\/#\/schema\/person\/c38ddbb3d4c6f37be7c9c57b205fdd2d\",\"name\":\"Roser\",\"image\":{\"@type\":\"ImageObject\",\"inLanguage\":\"ca\",\"@id\":\"https:\/\/locaacademiafamiliar.com\/ca\/#\/schema\/person\/image\/\",\"url\":\"https:\/\/secure.gravatar.com\/avatar\/505f69c7969f855daaa0f97fb5b0b6b2?s=96&d=mm&r=g\",\"contentUrl\":\"https:\/\/secure.gravatar.com\/avatar\/505f69c7969f855daaa0f97fb5b0b6b2?s=96&d=mm&r=g\",\"caption\":\"Roser\"},\"description\":\"\u00a1Hola soy Roser! Mam\u00e1 de una ni\u00f1a preciosa y muy movida, nacida en agosto 2015; y de un ni\u00f1o guap\u00edsimo y valiente nacido en octubre 2017. Antes estaba \\\"sempre viaggiando\\\" y ahora estoy siempre jugando, cantando y saltando. Llevo 10 a\u00f1os como blogger de viajes y vivo en Olot, Girona. Si quieres estar informado de los eventos y actividades para familias con ni\u00f1os en Catalunya, haz click aqu\u00ed para apuntarte a nuestra newsletter.\",\"sameAs\":[\"http:\/\/www.locaacademiafamiliar.com\",\"http:\/\/www.facebook.com\/locaacademiafamiliar\"],\"url\":\"https:\/\/locaacademiafamiliar.com\/ca\/author\/roser\/\"}]}<\/script>\n<!-- \/ Yoast SEO plugin. -->","yoast_head_json":{"title":"Toulouse con ni\u00f1os: qu\u00e9 ver, qu\u00e9 visitar y cosas divertidas para hacer","description":"Qu\u00e9 hacer y qu\u00e9 visitar en Toulouse cuando vas con ni\u00f1os. Actividades y visitas divertidas para hacer en familia durante 2 o 3 d\u00edas en Toulouse.","robots":{"index":"index","follow":"follow","max-snippet":"max-snippet:-1","max-image-preview":"max-image-preview:large","max-video-preview":"max-video-preview:-1"},"canonical":"https:\/\/locaacademiafamiliar.com\/ca\/2018\/que-fer-a-toulouse-amb-nens\/","og_locale":"ca_ES","og_type":"article","og_title":"Toulouse con ni\u00f1os: qu\u00e9 ver, qu\u00e9 visitar y cosas divertidas para hacer","og_description":"Qu\u00e9 hacer y qu\u00e9 visitar en Toulouse cuando vas con ni\u00f1os. Actividades y visitas divertidas para hacer en familia durante 2 o 3 d\u00edas en Toulouse.","og_url":"https:\/\/locaacademiafamiliar.com\/ca\/2018\/que-fer-a-toulouse-amb-nens\/","og_site_name":"Boja Acad\u00e8mia Familiar","article_publisher":"https:\/\/www.facebook.com\/LocaAcademiaFamiliar","article_author":"http:\/\/www.facebook.com\/locaacademiafamiliar","article_published_time":"2018-11-06T20:09:40+00:00","article_modified_time":"2022-05-05T16:24:23+00:00","og_image":[{"width":1280,"height":853,"url":"https:\/\/locaacademiafamiliar.com\/wp-content\/uploads\/2018\/10\/canaldumidi-3412865_1280.jpg","type":"image\/jpeg"}],"author":"Roser","twitter_card":"summary_large_image","twitter_misc":{"Escrit per":"Roser","Temps estimat de lectura":"6 minuts"},"schema":{"@context":"https:\/\/schema.org","@graph":[{"@type":"Article","@id":"https:\/\/locaacademiafamiliar.com\/ca\/2018\/que-fer-a-toulouse-amb-nens\/#article","isPartOf":{"@id":"https:\/\/locaacademiafamiliar.com\/ca\/2018\/que-fer-a-toulouse-amb-nens\/"},"author":{"name":"Roser","@id":"https:\/\/locaacademiafamiliar.com\/ca\/#\/schema\/person\/c38ddbb3d4c6f37be7c9c57b205fdd2d"},"headline":"Qu\u00e8 fer a Toulouse amb nens","datePublished":"2018-11-06T20:09:40+00:00","dateModified":"2022-05-05T16:24:23+00:00","mainEntityOfPage":{"@id":"https:\/\/locaacademiafamiliar.com\/ca\/2018\/que-fer-a-toulouse-amb-nens\/"},"wordCount":1230,"commentCount":0,"publisher":{"@id":"https:\/\/locaacademiafamiliar.com\/ca\/#organization"},"image":{"@id":"https:\/\/locaacademiafamiliar.com\/ca\/2018\/que-fer-a-toulouse-amb-nens\/#primaryimage"},"thumbnailUrl":"https:\/\/i0.wp.com\/locaacademiafamiliar.com\/wp-content\/uploads\/2018\/10\/canaldumidi-3412865_1280.jpg?fit=1280%2C853&ssl=1","keywords":["intercanvi de casa","Viatges"],"articleSection":["Geografia"],"inLanguage":"ca","potentialAction":[{"@type":"CommentAction","name":"Comment","target":["https:\/\/locaacademiafamiliar.com\/ca\/2018\/que-fer-a-toulouse-amb-nens\/#respond"]}]},{"@type":"WebPage","@id":"https:\/\/locaacademiafamiliar.com\/ca\/2018\/que-fer-a-toulouse-amb-nens\/","url":"https:\/\/locaacademiafamiliar.com\/ca\/2018\/que-fer-a-toulouse-amb-nens\/","name":"Toulouse con ni\u00f1os: qu\u00e9 ver, qu\u00e9 visitar y cosas divertidas para hacer","isPartOf":{"@id":"https:\/\/locaacademiafamiliar.com\/ca\/#website"},"primaryImageOfPage":{"@id":"https:\/\/locaacademiafamiliar.com\/ca\/2018\/que-fer-a-toulouse-amb-nens\/#primaryimage"},"image":{"@id":"https:\/\/locaacademiafamiliar.com\/ca\/2018\/que-fer-a-toulouse-amb-nens\/#primaryimage"},"thumbnailUrl":"https:\/\/i0.wp.com\/locaacademiafamiliar.com\/wp-content\/uploads\/2018\/10\/canaldumidi-3412865_1280.jpg?fit=1280%2C853&ssl=1","datePublished":"2018-11-06T20:09:40+00:00","dateModified":"2022-05-05T16:24:23+00:00","description":"Qu\u00e9 hacer y qu\u00e9 visitar en Toulouse cuando vas con ni\u00f1os. Actividades y visitas divertidas para hacer en familia durante 2 o 3 d\u00edas en Toulouse.","breadcrumb":{"@id":"https:\/\/locaacademiafamiliar.com\/ca\/2018\/que-fer-a-toulouse-amb-nens\/#breadcrumb"},"inLanguage":"ca","potentialAction":[{"@type":"ReadAction","target":["https:\/\/locaacademiafamiliar.com\/ca\/2018\/que-fer-a-toulouse-amb-nens\/"]}]},{"@type":"ImageObject","inLanguage":"ca","@id":"https:\/\/locaacademiafamiliar.com\/ca\/2018\/que-fer-a-toulouse-amb-nens\/#primaryimage","url":"https:\/\/i0.wp.com\/locaacademiafamiliar.com\/wp-content\/uploads\/2018\/10\/canaldumidi-3412865_1280.jpg?fit=1280%2C853&ssl=1","contentUrl":"https:\/\/i0.wp.com\/locaacademiafamiliar.com\/wp-content\/uploads\/2018\/10\/canaldumidi-3412865_1280.jpg?fit=1280%2C853&ssl=1","width":1280,"height":853},{"@type":"BreadcrumbList","@id":"https:\/\/locaacademiafamiliar.com\/ca\/2018\/que-fer-a-toulouse-amb-nens\/#breadcrumb","itemListElement":[{"@type":"ListItem","position":1,"name":"Portada","item":"https:\/\/locaacademiafamiliar.com\/ca\/"},{"@type":"ListItem","position":2,"name":"Qu\u00e8 fer a Toulouse amb nens"}]},{"@type":"WebSite","@id":"https:\/\/locaacademiafamiliar.com\/ca\/#website","url":"https:\/\/locaacademiafamiliar.com\/ca\/","name":"Boja Acad\u00e8mia Familiar","description":"El blog de crianza con el que pap\u00e1s y mam\u00e1s salen mejor preparados para su rutina familiar diaria","publisher":{"@id":"https:\/\/locaacademiafamiliar.com\/ca\/#organization"},"potentialAction":[{"@type":"SearchAction","target":{"@type":"EntryPoint","urlTemplate":"https:\/\/locaacademiafamiliar.com\/ca\/?s={search_term_string}"},"query-input":{"@type":"PropertyValueSpecification","valueRequired":true,"valueName":"search_term_string"}}],"inLanguage":"ca"},{"@type":"Organization","@id":"https:\/\/locaacademiafamiliar.com\/ca\/#organization","name":"LocaAcademiaFamiliar.com","url":"https:\/\/locaacademiafamiliar.com\/ca\/","logo":{"@type":"ImageObject","inLanguage":"ca","@id":"https:\/\/locaacademiafamiliar.com\/ca\/#\/schema\/logo\/image\/","url":"https:\/\/locaacademiafamiliar.com\/wp-content\/uploads\/2020\/01\/logo-loca-academia-familiar.jpg","contentUrl":"https:\/\/locaacademiafamiliar.com\/wp-content\/uploads\/2020\/01\/logo-loca-academia-familiar.jpg","width":960,"height":960,"caption":"LocaAcademiaFamiliar.com"},"image":{"@id":"https:\/\/locaacademiafamiliar.com\/ca\/#\/schema\/logo\/image\/"},"sameAs":["https:\/\/www.facebook.com\/LocaAcademiaFamiliar"]},{"@type":"Person","@id":"https:\/\/locaacademiafamiliar.com\/ca\/#\/schema\/person\/c38ddbb3d4c6f37be7c9c57b205fdd2d","name":"Roser","image":{"@type":"ImageObject","inLanguage":"ca","@id":"https:\/\/locaacademiafamiliar.com\/ca\/#\/schema\/person\/image\/","url":"https:\/\/secure.gravatar.com\/avatar\/505f69c7969f855daaa0f97fb5b0b6b2?s=96&d=mm&r=g","contentUrl":"https:\/\/secure.gravatar.com\/avatar\/505f69c7969f855daaa0f97fb5b0b6b2?s=96&d=mm&r=g","caption":"Roser"},"description":"\u00a1Hola soy Roser! Mam\u00e1 de una ni\u00f1a preciosa y muy movida, nacida en agosto 2015; y de un ni\u00f1o guap\u00edsimo y valiente nacido en octubre 2017. Antes estaba \"sempre viaggiando\" y ahora estoy siempre jugando, cantando y saltando. Llevo 10 a\u00f1os como blogger de viajes y vivo en Olot, Girona. Si quieres estar informado de los eventos y actividades para familias con ni\u00f1os en Catalunya, haz click aqu\u00ed para apuntarte a nuestra newsletter.","sameAs":["http:\/\/www.locaacademiafamiliar.com","http:\/\/www.facebook.com\/locaacademiafamiliar"],"url":"https:\/\/locaacademiafamiliar.com\/ca\/author\/roser\/"}]}},"jetpack_featured_media_url":"https:\/\/i0.wp.com\/locaacademiafamiliar.com\/wp-content\/uploads\/2018\/10\/canaldumidi-3412865_1280.jpg?fit=1280%2C853&ssl=1","jetpack_sharing_enabled":true,"amp_enabled":true,"_links":{"self":[{"href":"https:\/\/locaacademiafamiliar.com\/ca\/wp-json\/wp\/v2\/posts\/4753","targetHints":{"allow":["GET"]}}],"collection":[{"href":"https:\/\/locaacademiafamiliar.com\/ca\/wp-json\/wp\/v2\/posts"}],"about":[{"href":"https:\/\/locaacademiafamiliar.com\/ca\/wp-json\/wp\/v2\/types\/post"}],"author":[{"embeddable":true,"href":"https:\/\/locaacademiafamiliar.com\/ca\/wp-json\/wp\/v2\/users\/1"}],"replies":[{"embeddable":true,"href":"https:\/\/locaacademiafamiliar.com\/ca\/wp-json\/wp\/v2\/comments?post=4753"}],"version-history":[{"count":0,"href":"https:\/\/locaacademiafamiliar.com\/ca\/wp-json\/wp\/v2\/posts\/4753\/revisions"}],"wp:featuredmedia":[{"embeddable":true,"href":"https:\/\/locaacademiafamiliar.com\/ca\/wp-json\/wp\/v2\/media\/6008"}],"wp:attachment":[{"href":"https:\/\/locaacademiafamiliar.com\/ca\/wp-json\/wp\/v2\/media?parent=4753"}],"wp:term":[{"taxonomy":"category","embeddable":true,"href":"https:\/\/locaacademiafamiliar.com\/ca\/wp-json\/wp\/v2\/categories?post=4753"},{"taxonomy":"post_tag","embeddable":true,"href":"https:\/\/locaacademiafamiliar.com\/ca\/wp-json\/wp\/v2\/tags?post=4753"}],"curies":[{"name":"wp","href":"https:\/\/api.w.org\/{rel}","templated":true}]}}