{"id":6154,"date":"2018-11-04T21:26:26","date_gmt":"2018-11-04T21:26:26","guid":{"rendered":"https:\/\/locaacademiafamiliar.com\/?p=6154"},"modified":"2018-11-12T13:39:03","modified_gmt":"2018-11-12T13:39:03","slug":"el-meu-primer-festival-cinema-en-familia-del-10-al-25-novembre-a-barcelona","status":"publish","type":"post","link":"https:\/\/locaacademiafamiliar.com\/ca\/2018\/el-meu-primer-festival-cinema-en-familia-del-10-al-25-novembre-a-barcelona\/","title":{"rendered":"&#8220;El Meu Primer Festival&#8221;, cinema en fam\u00edlia del 10 al 25 novembre a Barcelona"},"content":{"rendered":"<p><strong>Del 10 al 25 de novembre de 2018 arriba a Barcelona<\/strong>\u00a0<strong>l&#8217;onzena edici\u00f3 d&#8217; &#8220;<a href=\"https:\/\/elmeuprimerfestival.com\/ca\/\">El meu Primer Festival<\/a>&#8220;, un festival de cinema per a nens de 2 a 12 anys<\/strong>, perqu\u00e8 els petits gaudeixin d&#8217;anar al <strong>cinema en fam\u00edlia amb pel\u00b7l\u00edcules<\/strong> adequades per a ells.<\/p>\n<p><script id=\"mcjs\">!function(c,h,i,m,p){m=c.createElement(h),p=c.getElementsByTagName(h)[0],m.async=1,m.src=i,p.parentNode.insertBefore(m,p)}(document,\"script\",\"https:\/\/chimpstatic.com\/mcjs-connected\/js\/users\/b00c9f4d7524d2231cb91bf47\/1ce92e84c3cc8af58dbc89c0a.js\");<\/script><\/p>\n<p>Potser perqu\u00e8 vaig estudiar <strong>comunicaci\u00f3 audiovisual o perqu\u00e8 m&#8217;encanta explicar i sentir hist\u00f2ries<\/strong>, <strong>sempre m&#8217;ha agradat veure cinema.<\/strong> Per aix\u00f2, a casa nostra, els divendres a la nit, hi ha &#8220;pizza i peli&#8221;. Ens asseiem als 3 al sof\u00e0 (perqu\u00e8 el 4t ja est\u00e0 dormint a aquella hora) i veiem una peli junts &#8211; en versi\u00f3 original, \u00e9s clar \ud83d\ude09 A vegades ella ens pregunta on \u00e9s aquell personatge que acaaba de sortir pel &#8220;fora de camp&#8221; i desapareix de la imatge &#8230; confio que poc a poc el seu llenguatge audiovisual vagi en augment. El que s\u00e9 segur \u00e9s que ja gaudeix molt veient les hist\u00f2ries en moviment\u00a0 \ud83d\ude42<\/p>\n<p><img data-recalc-dims=\"1\" decoding=\"async\" data-attachment-id=\"6186\" data-permalink=\"https:\/\/locaacademiafamiliar.com\/ca\/2018\/el-meu-primer-festival-cinema-en-familia-del-10-al-25-novembre-a-barcelona\/l5gdlxeg\/\" data-orig-file=\"https:\/\/i0.wp.com\/locaacademiafamiliar.com\/wp-content\/uploads\/2018\/11\/L5GdLXeg.jpeg?fit=600%2C800&amp;ssl=1\" data-orig-size=\"600,800\" data-comments-opened=\"1\" data-image-meta=\"{&quot;aperture&quot;:&quot;0&quot;,&quot;credit&quot;:&quot;&quot;,&quot;camera&quot;:&quot;&quot;,&quot;caption&quot;:&quot;&quot;,&quot;created_timestamp&quot;:&quot;0&quot;,&quot;copyright&quot;:&quot;&quot;,&quot;focal_length&quot;:&quot;0&quot;,&quot;iso&quot;:&quot;0&quot;,&quot;shutter_speed&quot;:&quot;0&quot;,&quot;title&quot;:&quot;&quot;,&quot;orientation&quot;:&quot;0&quot;}\" data-image-title=\"L5GdLXeg\" data-image-description=\"\" data-image-caption=\"\" data-medium-file=\"https:\/\/i0.wp.com\/locaacademiafamiliar.com\/wp-content\/uploads\/2018\/11\/L5GdLXeg.jpeg?fit=225%2C300&amp;ssl=1\" data-large-file=\"https:\/\/i0.wp.com\/locaacademiafamiliar.com\/wp-content\/uploads\/2018\/11\/L5GdLXeg.jpeg?fit=600%2C800&amp;ssl=1\" class=\"size-large wp-image-6186 aligncenter\" src=\"https:\/\/i0.wp.com\/locaacademiafamiliar.com\/wp-content\/uploads\/2018\/11\/L5GdLXeg.jpeg?resize=600%2C800&#038;ssl=1\" alt=\"\" width=\"600\" height=\"800\" srcset=\"https:\/\/i0.wp.com\/locaacademiafamiliar.com\/wp-content\/uploads\/2018\/11\/L5GdLXeg.jpeg?w=600&amp;ssl=1 600w, https:\/\/i0.wp.com\/locaacademiafamiliar.com\/wp-content\/uploads\/2018\/11\/L5GdLXeg.jpeg?resize=225%2C300&amp;ssl=1 225w\" sizes=\"(max-width: 600px) 100vw, 600px\" \/><\/p>\n<p><strong>La <a href=\"https:\/\/elmeuprimerfestival.com\/ca\/programacio\/\">programaci\u00f3 d&#8217;El Meu Primer Festival<\/a> per a aquest any 2018 compta amb prop d&#8217;un centenar de pel\u00b7l\u00edcules, tallers, cinef\u00f2rums i votacions<\/strong>. I a m\u00e9s, ofereeix pel\u00b7l\u00edcules de car\u00e0cter social i reivindicatiu que tracten temes com els<strong> refugiats o el feminisme<\/strong>.<\/p>\n<p>\u00c9s el cas de <strong>&#8220;Parvana, el pa de la guerra&#8221;,<\/strong> de la directora Nora Twomey, que narra les perip\u00e8cies <strong>d&#8217;una nena afganesa que es fa passar per un nen per tirar endavant i ajudar la seva fam\u00edlia.<\/strong> O tamb\u00e9 la pel\u00b7l\u00edcula<strong> &#8220;The tower&#8221;<\/strong>, de Mats Grorud, que retrata la <strong>vida i els sentiments d&#8217;una nena palestina que viu en un camp de refugiats al L\u00edban<\/strong>.<\/p>\n<figure id=\"attachment_6148\" aria-describedby=\"caption-attachment-6148\" style=\"width: 1024px\" class=\"wp-caption aligncenter\"><img data-recalc-dims=\"1\" decoding=\"async\" class=\"wp-image-6148 size-large\" src=\"https:\/\/i0.wp.com\/locaacademiafamiliar.com\/wp-content\/uploads\/2018\/10\/NOWUGXgw-1024x429.jpeg?resize=1024%2C429&#038;ssl=1\" alt=\"Parvana, el pan de la guerra\" width=\"1024\" height=\"429\" srcset=\"https:\/\/i0.wp.com\/locaacademiafamiliar.com\/wp-content\/uploads\/2018\/10\/NOWUGXgw.jpeg?resize=1024%2C429&amp;ssl=1 1024w, https:\/\/i0.wp.com\/locaacademiafamiliar.com\/wp-content\/uploads\/2018\/10\/NOWUGXgw.jpeg?resize=300%2C126&amp;ssl=1 300w, https:\/\/i0.wp.com\/locaacademiafamiliar.com\/wp-content\/uploads\/2018\/10\/NOWUGXgw.jpeg?resize=768%2C322&amp;ssl=1 768w, https:\/\/i0.wp.com\/locaacademiafamiliar.com\/wp-content\/uploads\/2018\/10\/NOWUGXgw.jpeg?w=1280&amp;ssl=1 1280w\" sizes=\"(max-width: 1000px) 100vw, 1000px\" \/><figcaption id=\"caption-attachment-6148\" class=\"wp-caption-text\">Parvana, el pan de la guerra<\/figcaption><\/figure>\n<figure id=\"attachment_6146\" aria-describedby=\"caption-attachment-6146\" style=\"width: 1024px\" class=\"wp-caption aligncenter\"><img data-recalc-dims=\"1\" decoding=\"async\" class=\"wp-image-6146 size-large\" src=\"https:\/\/i0.wp.com\/locaacademiafamiliar.com\/wp-content\/uploads\/2018\/10\/N8MgBKNQ-1024x576.jpeg?resize=1024%2C576&#038;ssl=1\" alt=\"&quot;The tower&quot;\" width=\"1024\" height=\"576\" srcset=\"https:\/\/i0.wp.com\/locaacademiafamiliar.com\/wp-content\/uploads\/2018\/10\/N8MgBKNQ.jpeg?resize=1024%2C576&amp;ssl=1 1024w, https:\/\/i0.wp.com\/locaacademiafamiliar.com\/wp-content\/uploads\/2018\/10\/N8MgBKNQ.jpeg?resize=300%2C169&amp;ssl=1 300w, https:\/\/i0.wp.com\/locaacademiafamiliar.com\/wp-content\/uploads\/2018\/10\/N8MgBKNQ.jpeg?resize=768%2C432&amp;ssl=1 768w, https:\/\/i0.wp.com\/locaacademiafamiliar.com\/wp-content\/uploads\/2018\/10\/N8MgBKNQ.jpeg?resize=678%2C381&amp;ssl=1 678w, https:\/\/i0.wp.com\/locaacademiafamiliar.com\/wp-content\/uploads\/2018\/10\/N8MgBKNQ.jpeg?w=1280&amp;ssl=1 1280w\" sizes=\"(max-width: 1000px) 100vw, 1000px\" \/><figcaption id=\"caption-attachment-6146\" class=\"wp-caption-text\">&#8220;The tower&#8221;<\/figcaption><\/figure>\n<h4>El vot del p\u00fablic familiar assistent<\/h4>\n<p>Una de les seccions m\u00e9s esperades del festival \u00e9s la<strong> competici\u00f3 internacional de curts,<\/strong> en qu\u00e8 participaran 30 pel\u00b7l\u00edcules procedents de diferents pa\u00efsos. Durant 60 minuts i es passen diferents curts d&#8217;animaci\u00f3 finalistes, seleccionats pel festival. <strong>Les fam\u00edlies del p\u00fablic amb els seus vots trien el guanyador in situ des de les seves butaques<\/strong>! <strong>Hi haur\u00e0 3 &#8220;match&#8221; i per un d&#8217;ells sortegem entrades \ud83d\ude09 Seguiu llegint per descobrir-ho.<\/strong><\/p>\n<p><img data-recalc-dims=\"1\" decoding=\"async\" data-attachment-id=\"6129\" data-permalink=\"https:\/\/locaacademiafamiliar.com\/ca\/2018\/el-meu-primer-festival-cinema-en-familia-del-10-al-25-novembre-a-barcelona\/mpf_nenspantalla-2\/\" data-orig-file=\"https:\/\/i0.wp.com\/locaacademiafamiliar.com\/wp-content\/uploads\/2018\/10\/MPF_NensPantalla.jpg?fit=1400%2C933&amp;ssl=1\" data-orig-size=\"1400,933\" data-comments-opened=\"1\" data-image-meta=\"{&quot;aperture&quot;:&quot;2.8&quot;,&quot;credit&quot;:&quot;flare estudi&quot;,&quot;camera&quot;:&quot;Canon EOS 5D Mark III&quot;,&quot;caption&quot;:&quot;&quot;,&quot;created_timestamp&quot;:&quot;1448821428&quot;,&quot;copyright&quot;:&quot;flare estudi scp&quot;,&quot;focal_length&quot;:&quot;24&quot;,&quot;iso&quot;:&quot;2000&quot;,&quot;shutter_speed&quot;:&quot;0.02&quot;,&quot;title&quot;:&quot;&quot;,&quot;orientation&quot;:&quot;1&quot;}\" data-image-title=\"MPF_NensPantalla\" data-image-description=\"\" data-image-caption=\"\" data-medium-file=\"https:\/\/i0.wp.com\/locaacademiafamiliar.com\/wp-content\/uploads\/2018\/10\/MPF_NensPantalla.jpg?fit=300%2C200&amp;ssl=1\" data-large-file=\"https:\/\/i0.wp.com\/locaacademiafamiliar.com\/wp-content\/uploads\/2018\/10\/MPF_NensPantalla.jpg?fit=1024%2C682&amp;ssl=1\" class=\"size-large wp-image-6129 aligncenter\" src=\"https:\/\/i0.wp.com\/locaacademiafamiliar.com\/wp-content\/uploads\/2018\/10\/MPF_NensPantalla-1024x682.jpg?resize=1024%2C682&#038;ssl=1\" alt=\"\" width=\"1024\" height=\"682\" srcset=\"https:\/\/i0.wp.com\/locaacademiafamiliar.com\/wp-content\/uploads\/2018\/10\/MPF_NensPantalla.jpg?resize=1024%2C682&amp;ssl=1 1024w, https:\/\/i0.wp.com\/locaacademiafamiliar.com\/wp-content\/uploads\/2018\/10\/MPF_NensPantalla.jpg?resize=300%2C200&amp;ssl=1 300w, https:\/\/i0.wp.com\/locaacademiafamiliar.com\/wp-content\/uploads\/2018\/10\/MPF_NensPantalla.jpg?resize=768%2C512&amp;ssl=1 768w, https:\/\/i0.wp.com\/locaacademiafamiliar.com\/wp-content\/uploads\/2018\/10\/MPF_NensPantalla.jpg?w=1400&amp;ssl=1 1400w\" sizes=\"(max-width: 1000px) 100vw, 1000px\" \/> <img data-recalc-dims=\"1\" decoding=\"async\" data-attachment-id=\"6127\" data-permalink=\"https:\/\/locaacademiafamiliar.com\/ca\/2018\/el-meu-primer-festival-cinema-en-familia-del-10-al-25-novembre-a-barcelona\/mpf_nens-votant-2\/\" data-orig-file=\"https:\/\/i0.wp.com\/locaacademiafamiliar.com\/wp-content\/uploads\/2018\/10\/MPF_nens-votant.jpg?fit=1300%2C867&amp;ssl=1\" data-orig-size=\"1300,867\" data-comments-opened=\"1\" data-image-meta=\"{&quot;aperture&quot;:&quot;2.8&quot;,&quot;credit&quot;:&quot;flare estudi&quot;,&quot;camera&quot;:&quot;Canon EOS 5D Mark III&quot;,&quot;caption&quot;:&quot;&quot;,&quot;created_timestamp&quot;:&quot;1448824520&quot;,&quot;copyright&quot;:&quot;flare estudi scp&quot;,&quot;focal_length&quot;:&quot;61&quot;,&quot;iso&quot;:&quot;640&quot;,&quot;shutter_speed&quot;:&quot;0.02&quot;,&quot;title&quot;:&quot;&quot;,&quot;orientation&quot;:&quot;1&quot;}\" data-image-title=\"MPF_nens votant\" data-image-description=\"\" data-image-caption=\"\" data-medium-file=\"https:\/\/i0.wp.com\/locaacademiafamiliar.com\/wp-content\/uploads\/2018\/10\/MPF_nens-votant.jpg?fit=300%2C200&amp;ssl=1\" data-large-file=\"https:\/\/i0.wp.com\/locaacademiafamiliar.com\/wp-content\/uploads\/2018\/10\/MPF_nens-votant.jpg?fit=1024%2C683&amp;ssl=1\" class=\"size-large wp-image-6127 aligncenter\" src=\"https:\/\/i0.wp.com\/locaacademiafamiliar.com\/wp-content\/uploads\/2018\/10\/MPF_nens-votant-1024x683.jpg?resize=1024%2C683&#038;ssl=1\" alt=\"\" width=\"1024\" height=\"683\" srcset=\"https:\/\/i0.wp.com\/locaacademiafamiliar.com\/wp-content\/uploads\/2018\/10\/MPF_nens-votant.jpg?resize=1024%2C683&amp;ssl=1 1024w, https:\/\/i0.wp.com\/locaacademiafamiliar.com\/wp-content\/uploads\/2018\/10\/MPF_nens-votant.jpg?resize=300%2C200&amp;ssl=1 300w, https:\/\/i0.wp.com\/locaacademiafamiliar.com\/wp-content\/uploads\/2018\/10\/MPF_nens-votant.jpg?resize=768%2C512&amp;ssl=1 768w, https:\/\/i0.wp.com\/locaacademiafamiliar.com\/wp-content\/uploads\/2018\/10\/MPF_nens-votant.jpg?w=1300&amp;ssl=1 1300w\" sizes=\"(max-width: 1000px) 100vw, 1000px\" \/><\/p>\n<p>Hi haur\u00e0 tamb\u00e9 <strong>pel\u00b7l\u00edcules amb m\u00fasica en directe<\/strong>. Seran dos &#8220;<strong>cinema-concerts&#8221;<\/strong>\u00a0ben diferents: un del cl\u00e0ssic de Buster Keaton &#8220;La llei de l&#8217;hospitalitat&#8221;, i l&#8217;altre de curtmetratges contemporanis, concebut expressament per a nens per dos m\u00fasics francesos que portaran el ritme a la sala.<\/p>\n<p><strong>El cinema asi\u00e0tic d&#8217;animaci\u00f3 ocupar\u00e0 tamb\u00e9 un lloc destacat en la programaci\u00f3<\/strong>: hi haur\u00e0 dos llargmetratges japonesos (&#8220;Mirai, la meva germana petita&#8221;, de Mamoru Hosoda, i &#8220;Your name&#8221;, de Makoto Shinkai) i una sessi\u00f3 especial de curts xinesos.<\/p>\n<p><img data-recalc-dims=\"1\" decoding=\"async\" class=\"size-large wp-image-6140 aligncenter\" src=\"https:\/\/i0.wp.com\/locaacademiafamiliar.com\/wp-content\/uploads\/2018\/10\/3QZSzjgg-1024x576.jpeg?resize=1024%2C576&#038;ssl=1\" alt=\"\" width=\"1024\" height=\"576\" srcset=\"https:\/\/i0.wp.com\/locaacademiafamiliar.com\/wp-content\/uploads\/2018\/10\/3QZSzjgg.jpeg?resize=1024%2C576&amp;ssl=1 1024w, https:\/\/i0.wp.com\/locaacademiafamiliar.com\/wp-content\/uploads\/2018\/10\/3QZSzjgg.jpeg?resize=300%2C169&amp;ssl=1 300w, https:\/\/i0.wp.com\/locaacademiafamiliar.com\/wp-content\/uploads\/2018\/10\/3QZSzjgg.jpeg?resize=768%2C432&amp;ssl=1 768w, https:\/\/i0.wp.com\/locaacademiafamiliar.com\/wp-content\/uploads\/2018\/10\/3QZSzjgg.jpeg?resize=678%2C381&amp;ssl=1 678w, https:\/\/i0.wp.com\/locaacademiafamiliar.com\/wp-content\/uploads\/2018\/10\/3QZSzjgg.jpeg?w=1200&amp;ssl=1 1200w\" sizes=\"(max-width: 1000px) 100vw, 1000px\" \/><\/p>\n<p><strong>Sales de Projecci\u00f3: A Barcelona<\/strong>, \u200b\u200bles pel\u00b7l\u00edcules es passaran a: la Filmoteca, Cinema Verdi, Verdi Park, Bosc Multicine, Caixaforum, Institut Franc\u00e8s de Barcelona, \u200b\u200bCCCB i Auditori de Sant Mart\u00ed de Proven\u00e7als.<\/p>\n<p>Si no viviu ni a Barcelona, no us preocupeu, hi haur\u00e0 altres oportunitats ja que <strong>el festival sortir\u00e0 de gira per<\/strong>: Madrid, l&#8217;Hospitalet de Llobregat, Olot, Figueres, La Garriga, Santfost de Campsentelles, Vic i Lloret de Mar. Atents a la web del festival per con\u00e8ixer dates exactes!<\/p>\n<p><strong>Les entrades s&#8217;adquireixen per a cada pel\u00b7l\u00edcula de forma independent i costen entre 2 \u20ac i 8 \u20ac<\/strong> (el preu dep\u00e8n de la sala de projecci\u00f3). <a href=\"https:\/\/elmeuprimerfestival.com\/ca\/info-practica\/\"><strong>Consulta aqu\u00ed preus i info pr\u00e0ctica<\/strong><\/a>. A la fitxa de cada pel\u00b7l\u00edcula es valora l&#8217;edat recomanada; hi ha sessions recomanades ja a partir de 2 anys (duren 40 min). I com no podia ser d&#8217;una altra manera, els horaris s\u00f3n familiars \u00e9s clar!<strong> Sessions a les 11.30h, 12h i a les 17h<\/strong> \ud83d\ude09<\/p>\n<p><img data-recalc-dims=\"1\" decoding=\"async\" data-attachment-id=\"6135\" data-permalink=\"https:\/\/locaacademiafamiliar.com\/ca\/2018\/el-meu-primer-festival-cinema-en-familia-del-10-al-25-novembre-a-barcelona\/mpf_salapantalla-2\/\" data-orig-file=\"https:\/\/i0.wp.com\/locaacademiafamiliar.com\/wp-content\/uploads\/2018\/10\/MPF_SalaPantalla.jpg?fit=1400%2C933&amp;ssl=1\" data-orig-size=\"1400,933\" data-comments-opened=\"1\" data-image-meta=\"{&quot;aperture&quot;:&quot;2.8&quot;,&quot;credit&quot;:&quot;flare estudi&quot;,&quot;camera&quot;:&quot;Canon EOS 5D Mark III&quot;,&quot;caption&quot;:&quot;&quot;,&quot;created_timestamp&quot;:&quot;1448820756&quot;,&quot;copyright&quot;:&quot;flare estudi scp&quot;,&quot;focal_length&quot;:&quot;25&quot;,&quot;iso&quot;:&quot;6400&quot;,&quot;shutter_speed&quot;:&quot;0.02&quot;,&quot;title&quot;:&quot;&quot;,&quot;orientation&quot;:&quot;1&quot;}\" data-image-title=\"MPF_SalaPantalla\" data-image-description=\"\" data-image-caption=\"\" data-medium-file=\"https:\/\/i0.wp.com\/locaacademiafamiliar.com\/wp-content\/uploads\/2018\/10\/MPF_SalaPantalla.jpg?fit=300%2C200&amp;ssl=1\" data-large-file=\"https:\/\/i0.wp.com\/locaacademiafamiliar.com\/wp-content\/uploads\/2018\/10\/MPF_SalaPantalla.jpg?fit=1024%2C682&amp;ssl=1\" class=\"size-large wp-image-6135 aligncenter\" src=\"https:\/\/i0.wp.com\/locaacademiafamiliar.com\/wp-content\/uploads\/2018\/10\/MPF_SalaPantalla-1024x682.jpg?resize=1024%2C682&#038;ssl=1\" alt=\"\" width=\"1024\" height=\"682\" srcset=\"https:\/\/i0.wp.com\/locaacademiafamiliar.com\/wp-content\/uploads\/2018\/10\/MPF_SalaPantalla.jpg?resize=1024%2C682&amp;ssl=1 1024w, https:\/\/i0.wp.com\/locaacademiafamiliar.com\/wp-content\/uploads\/2018\/10\/MPF_SalaPantalla.jpg?resize=300%2C200&amp;ssl=1 300w, https:\/\/i0.wp.com\/locaacademiafamiliar.com\/wp-content\/uploads\/2018\/10\/MPF_SalaPantalla.jpg?resize=768%2C512&amp;ssl=1 768w, https:\/\/i0.wp.com\/locaacademiafamiliar.com\/wp-content\/uploads\/2018\/10\/MPF_SalaPantalla.jpg?w=1400&amp;ssl=1 1400w\" sizes=\"(max-width: 1000px) 100vw, 1000px\" \/><\/p>\n<p><strong>Gr\u00e0cies a El Meu Primer Festival per contribuir a que els nens aprenguin a valorar el cinema!<\/strong> Iniciatives culturals com aquesta ajuden a que el cinema (un art) deixi de ser &#8220;una mainadera en forma de pantalla&#8221; per convertir-se en una <strong>activitat l\u00fadica i cultural per passar una bona estona en fam\u00edlia.<\/strong><\/p>\n<hr \/>\n<h3>VOLS GUANYAR ENTRADES PER &#8220;EL MEU PRIMER FESTIVAL DE CINEMA&#8221;?<\/h3>\n<p><strong>Sortegem 2 packs de 3 entrades cadascun per a les sessions seg\u00fcents a BARCELONA<\/strong>:<\/p>\n<ul>\n<li><strong>Diumenge 11 novembre a les 17h: <a href=\"https:\/\/elmeuprimerfestival.com\/ca\/cartoon-classics\/\">Cartoon Classics<\/a>.<\/strong> En aquesta sessi\u00f3 de 50 min, els nens veuran dibuixos animats de l&#8217;\u00e8poca anterior a Mickey Mouse. Edat recomanada +4 anys.<\/li>\n<li><strong>Diumenge 25 novembre a les 17h: <a href=\"https:\/\/elmeuprimerfestival.com\/ca\/match-animacio-7anys\/\">Match d&#8217;animaci\u00f3<\/a><\/strong>. En aquesta sessi\u00f3 de 60 min, es projecten 10 curts d&#8217;animaci\u00f3 seleccionats pel festival i el p\u00fablic assistent vota el guanyador al &#8220;Premi del P\u00fablic&#8221;. Edat recomanada +7 anys.<\/li>\n<\/ul>\n<p><img data-recalc-dims=\"1\" decoding=\"async\" class=\"size-large wp-image-6144 aligncenter\" src=\"https:\/\/i0.wp.com\/locaacademiafamiliar.com\/wp-content\/uploads\/2018\/10\/yDbL75YQ-1024x581.jpeg?resize=1024%2C581&#038;ssl=1\" alt=\"\" width=\"1024\" height=\"581\" srcset=\"https:\/\/i0.wp.com\/locaacademiafamiliar.com\/wp-content\/uploads\/2018\/10\/yDbL75YQ.jpeg?resize=1024%2C581&amp;ssl=1 1024w, https:\/\/i0.wp.com\/locaacademiafamiliar.com\/wp-content\/uploads\/2018\/10\/yDbL75YQ.jpeg?resize=300%2C170&amp;ssl=1 300w, https:\/\/i0.wp.com\/locaacademiafamiliar.com\/wp-content\/uploads\/2018\/10\/yDbL75YQ.jpeg?resize=768%2C436&amp;ssl=1 768w, https:\/\/i0.wp.com\/locaacademiafamiliar.com\/wp-content\/uploads\/2018\/10\/yDbL75YQ.jpeg?w=1280&amp;ssl=1 1280w\" sizes=\"(max-width: 1000px) 100vw, 1000px\" \/><\/p>\n<p><strong>Qu\u00e8 has de fer?<\/strong><\/p>\n<ol>\n<li><strong>Fes-te fan de <a href=\"https:\/\/www.facebook.com\/PrimerFestivaldeCine\/\">Primer Festival de Cinema a Facebook<\/a><\/strong><\/li>\n<li>Apunta&#8217;t a la llista de correu del nostre blog Loca Academia Familiar. A m\u00e9s de participar en aquest sorteig, <strong>t&#8217;anirem informant (m\u00e0x 2 vegades al mes) sobre nous esdeveniments i activitats familiars que es realitzen a Catalunya<\/strong>. <a href=\"http:\/\/eepurl.com\/dLlTGY\"><strong>Apunta&#8217;t aqu\u00ed i tria quina sessi\u00f3 prefereixes.<\/strong><\/a><\/li>\n<\/ol>\n<p><em>Sobre el sorteig: El 8 de novembre sortejarem el pack d&#8217;entrades per Cartoon Classics i el 22 de novembre sortejarem la del Match d&#8217;animaci\u00f3. Els guanyadors que surtin de la llista de correu es comprovar\u00e0 que siguin fans de El Meu Primer Festival a Facebook. Si no ho s\u00f3n, es passar\u00e0 al seg\u00fcent guanyador, fins a trobar a alg\u00fa. Contactarem amb els dos guanyadors per email el 8 i el 22 de novembre per lliurar les entrades.<\/em><\/p>\n<p>Sort!<\/p>\n","protected":false},"excerpt":{"rendered":"<div class=\"mh-excerpt\"><p>Del 10 al 25 de novembre de 2018 arriba a Barcelona\u00a0l&#8217;onzena edici\u00f3 d&#8217; &#8220;El meu Primer Festival&#8221;, un festival de cinema per a nens de 2 a 12 anys, perqu\u00e8 els petits gaudeixin d&#8217;anar al cinema en fam\u00edlia amb pel\u00b7l\u00edcules adequades per a ells. <a class=\"mh-excerpt-more\" href=\"https:\/\/locaacademiafamiliar.com\/ca\/2018\/el-meu-primer-festival-cinema-en-familia-del-10-al-25-novembre-a-barcelona\/\" title=\"&#8220;El Meu Primer Festival&#8221;, cinema en fam\u00edlia del 10 al 25 novembre a Barcelona\">[&#8230;]<\/a><\/p>\n<\/div>","protected":false},"author":1,"featured_media":6125,"comment_status":"open","ping_status":"open","sticky":false,"template":"","format":"standard","meta":{"_monsterinsights_skip_tracking":false,"_monsterinsights_sitenote_active":false,"_monsterinsights_sitenote_note":"","_monsterinsights_sitenote_category":0,"_jetpack_memberships_contains_paid_content":false,"footnotes":""},"categories":[41],"tags":[48,89],"class_list":{"0":"post-6154","1":"post","2":"type-post","3":"status-publish","4":"format-standard","5":"has-post-thumbnail","7":"category-lectura-ca","8":"tag-dos-anys","9":"tag-barcelona-ca"},"yoast_head":"<!-- This site is optimized with the Yoast SEO plugin v26.8 - https:\/\/yoast.com\/product\/yoast-seo-wordpress\/ -->\n<title>&quot;El meu primer festival&quot;, cinema a Barcelona per a nens de 2 a 12 anys<\/title>\n<meta name=\"description\" content=\"Torna una nova edici\u00f3 del festival de cinema per a nens &quot;El meu primer festival&quot;, a Barcelona i altres localitats de Catalunya. Sortegem entrades!\" \/>\n<meta name=\"robots\" content=\"index, follow, max-snippet:-1, max-image-preview:large, max-video-preview:-1\" \/>\n<link rel=\"canonical\" href=\"https:\/\/locaacademiafamiliar.com\/ca\/2018\/el-meu-primer-festival-cinema-en-familia-del-10-al-25-novembre-a-barcelona\/\" \/>\n<meta property=\"og:locale\" content=\"ca_ES\" \/>\n<meta property=\"og:type\" content=\"article\" \/>\n<meta property=\"og:title\" content=\"&quot;El meu primer festival&quot;, cinema a Barcelona per a nens de 2 a 12 anys\" \/>\n<meta property=\"og:description\" content=\"Torna una nova edici\u00f3 del festival de cinema per a nens &quot;El meu primer festival&quot;, a Barcelona i altres localitats de Catalunya. Sortegem entrades!\" \/>\n<meta property=\"og:url\" content=\"https:\/\/locaacademiafamiliar.com\/ca\/2018\/el-meu-primer-festival-cinema-en-familia-del-10-al-25-novembre-a-barcelona\/\" \/>\n<meta property=\"og:site_name\" content=\"Boja Acad\u00e8mia Familiar\" \/>\n<meta property=\"article:publisher\" content=\"https:\/\/www.facebook.com\/LocaAcademiaFamiliar\" \/>\n<meta property=\"article:author\" content=\"http:\/\/www.facebook.com\/locaacademiafamiliar\" \/>\n<meta property=\"article:published_time\" content=\"2018-11-04T21:26:26+00:00\" \/>\n<meta property=\"article:modified_time\" content=\"2018-11-12T13:39:03+00:00\" \/>\n<meta property=\"og:image\" content=\"https:\/\/locaacademiafamiliar.com\/wp-content\/uploads\/2018\/10\/El-meu-primer-festival100.jpg\" \/>\n\t<meta property=\"og:image:width\" content=\"1500\" \/>\n\t<meta property=\"og:image:height\" content=\"1000\" \/>\n\t<meta property=\"og:image:type\" content=\"image\/jpeg\" \/>\n<meta name=\"author\" content=\"Roser\" \/>\n<meta name=\"twitter:card\" content=\"summary_large_image\" \/>\n<meta name=\"twitter:label1\" content=\"Escrit per\" \/>\n\t<meta name=\"twitter:data1\" content=\"Roser\" \/>\n\t<meta name=\"twitter:label2\" content=\"Temps estimat de lectura\" \/>\n\t<meta name=\"twitter:data2\" content=\"4 minuts\" \/>\n<script type=\"application\/ld+json\" class=\"yoast-schema-graph\">{\"@context\":\"https:\/\/schema.org\",\"@graph\":[{\"@type\":\"Article\",\"@id\":\"https:\/\/locaacademiafamiliar.com\/ca\/2018\/el-meu-primer-festival-cinema-en-familia-del-10-al-25-novembre-a-barcelona\/#article\",\"isPartOf\":{\"@id\":\"https:\/\/locaacademiafamiliar.com\/ca\/2018\/el-meu-primer-festival-cinema-en-familia-del-10-al-25-novembre-a-barcelona\/\"},\"author\":{\"name\":\"Roser\",\"@id\":\"https:\/\/locaacademiafamiliar.com\/ca\/#\/schema\/person\/c38ddbb3d4c6f37be7c9c57b205fdd2d\"},\"headline\":\"&#8220;El Meu Primer Festival&#8221;, cinema en fam\u00edlia del 10 al 25 novembre a Barcelona\",\"datePublished\":\"2018-11-04T21:26:26+00:00\",\"dateModified\":\"2018-11-12T13:39:03+00:00\",\"mainEntityOfPage\":{\"@id\":\"https:\/\/locaacademiafamiliar.com\/ca\/2018\/el-meu-primer-festival-cinema-en-familia-del-10-al-25-novembre-a-barcelona\/\"},\"wordCount\":905,\"commentCount\":0,\"publisher\":{\"@id\":\"https:\/\/locaacademiafamiliar.com\/ca\/#organization\"},\"image\":{\"@id\":\"https:\/\/locaacademiafamiliar.com\/ca\/2018\/el-meu-primer-festival-cinema-en-familia-del-10-al-25-novembre-a-barcelona\/#primaryimage\"},\"thumbnailUrl\":\"https:\/\/i0.wp.com\/locaacademiafamiliar.com\/wp-content\/uploads\/2018\/10\/El-meu-primer-festival100.jpg?fit=1500%2C1000&ssl=1\",\"keywords\":[\"2 anys\",\"Barcelona\"],\"articleSection\":[\"Lectura\"],\"inLanguage\":\"ca\",\"potentialAction\":[{\"@type\":\"CommentAction\",\"name\":\"Comment\",\"target\":[\"https:\/\/locaacademiafamiliar.com\/ca\/2018\/el-meu-primer-festival-cinema-en-familia-del-10-al-25-novembre-a-barcelona\/#respond\"]}]},{\"@type\":\"WebPage\",\"@id\":\"https:\/\/locaacademiafamiliar.com\/ca\/2018\/el-meu-primer-festival-cinema-en-familia-del-10-al-25-novembre-a-barcelona\/\",\"url\":\"https:\/\/locaacademiafamiliar.com\/ca\/2018\/el-meu-primer-festival-cinema-en-familia-del-10-al-25-novembre-a-barcelona\/\",\"name\":\"\\\"El meu primer festival\\\", cinema a Barcelona per a nens de 2 a 12 anys\",\"isPartOf\":{\"@id\":\"https:\/\/locaacademiafamiliar.com\/ca\/#website\"},\"primaryImageOfPage\":{\"@id\":\"https:\/\/locaacademiafamiliar.com\/ca\/2018\/el-meu-primer-festival-cinema-en-familia-del-10-al-25-novembre-a-barcelona\/#primaryimage\"},\"image\":{\"@id\":\"https:\/\/locaacademiafamiliar.com\/ca\/2018\/el-meu-primer-festival-cinema-en-familia-del-10-al-25-novembre-a-barcelona\/#primaryimage\"},\"thumbnailUrl\":\"https:\/\/i0.wp.com\/locaacademiafamiliar.com\/wp-content\/uploads\/2018\/10\/El-meu-primer-festival100.jpg?fit=1500%2C1000&ssl=1\",\"datePublished\":\"2018-11-04T21:26:26+00:00\",\"dateModified\":\"2018-11-12T13:39:03+00:00\",\"description\":\"Torna una nova edici\u00f3 del festival de cinema per a nens \\\"El meu primer festival\\\", a Barcelona i altres localitats de Catalunya. Sortegem entrades!\",\"breadcrumb\":{\"@id\":\"https:\/\/locaacademiafamiliar.com\/ca\/2018\/el-meu-primer-festival-cinema-en-familia-del-10-al-25-novembre-a-barcelona\/#breadcrumb\"},\"inLanguage\":\"ca\",\"potentialAction\":[{\"@type\":\"ReadAction\",\"target\":[\"https:\/\/locaacademiafamiliar.com\/ca\/2018\/el-meu-primer-festival-cinema-en-familia-del-10-al-25-novembre-a-barcelona\/\"]}]},{\"@type\":\"ImageObject\",\"inLanguage\":\"ca\",\"@id\":\"https:\/\/locaacademiafamiliar.com\/ca\/2018\/el-meu-primer-festival-cinema-en-familia-del-10-al-25-novembre-a-barcelona\/#primaryimage\",\"url\":\"https:\/\/i0.wp.com\/locaacademiafamiliar.com\/wp-content\/uploads\/2018\/10\/El-meu-primer-festival100.jpg?fit=1500%2C1000&ssl=1\",\"contentUrl\":\"https:\/\/i0.wp.com\/locaacademiafamiliar.com\/wp-content\/uploads\/2018\/10\/El-meu-primer-festival100.jpg?fit=1500%2C1000&ssl=1\",\"width\":1500,\"height\":1000},{\"@type\":\"BreadcrumbList\",\"@id\":\"https:\/\/locaacademiafamiliar.com\/ca\/2018\/el-meu-primer-festival-cinema-en-familia-del-10-al-25-novembre-a-barcelona\/#breadcrumb\",\"itemListElement\":[{\"@type\":\"ListItem\",\"position\":1,\"name\":\"Portada\",\"item\":\"https:\/\/locaacademiafamiliar.com\/ca\/\"},{\"@type\":\"ListItem\",\"position\":2,\"name\":\"&#8220;El Meu Primer Festival&#8221;, cinema en fam\u00edlia del 10 al 25 novembre a Barcelona\"}]},{\"@type\":\"WebSite\",\"@id\":\"https:\/\/locaacademiafamiliar.com\/ca\/#website\",\"url\":\"https:\/\/locaacademiafamiliar.com\/ca\/\",\"name\":\"Boja Acad\u00e8mia Familiar\",\"description\":\"El blog de crianza con el que pap\u00e1s y mam\u00e1s salen mejor preparados para su rutina familiar diaria\",\"publisher\":{\"@id\":\"https:\/\/locaacademiafamiliar.com\/ca\/#organization\"},\"potentialAction\":[{\"@type\":\"SearchAction\",\"target\":{\"@type\":\"EntryPoint\",\"urlTemplate\":\"https:\/\/locaacademiafamiliar.com\/ca\/?s={search_term_string}\"},\"query-input\":{\"@type\":\"PropertyValueSpecification\",\"valueRequired\":true,\"valueName\":\"search_term_string\"}}],\"inLanguage\":\"ca\"},{\"@type\":\"Organization\",\"@id\":\"https:\/\/locaacademiafamiliar.com\/ca\/#organization\",\"name\":\"LocaAcademiaFamiliar.com\",\"url\":\"https:\/\/locaacademiafamiliar.com\/ca\/\",\"logo\":{\"@type\":\"ImageObject\",\"inLanguage\":\"ca\",\"@id\":\"https:\/\/locaacademiafamiliar.com\/ca\/#\/schema\/logo\/image\/\",\"url\":\"https:\/\/locaacademiafamiliar.com\/wp-content\/uploads\/2020\/01\/logo-loca-academia-familiar.jpg\",\"contentUrl\":\"https:\/\/locaacademiafamiliar.com\/wp-content\/uploads\/2020\/01\/logo-loca-academia-familiar.jpg\",\"width\":960,\"height\":960,\"caption\":\"LocaAcademiaFamiliar.com\"},\"image\":{\"@id\":\"https:\/\/locaacademiafamiliar.com\/ca\/#\/schema\/logo\/image\/\"},\"sameAs\":[\"https:\/\/www.facebook.com\/LocaAcademiaFamiliar\"]},{\"@type\":\"Person\",\"@id\":\"https:\/\/locaacademiafamiliar.com\/ca\/#\/schema\/person\/c38ddbb3d4c6f37be7c9c57b205fdd2d\",\"name\":\"Roser\",\"image\":{\"@type\":\"ImageObject\",\"inLanguage\":\"ca\",\"@id\":\"https:\/\/locaacademiafamiliar.com\/ca\/#\/schema\/person\/image\/\",\"url\":\"https:\/\/secure.gravatar.com\/avatar\/505f69c7969f855daaa0f97fb5b0b6b2?s=96&d=mm&r=g\",\"contentUrl\":\"https:\/\/secure.gravatar.com\/avatar\/505f69c7969f855daaa0f97fb5b0b6b2?s=96&d=mm&r=g\",\"caption\":\"Roser\"},\"description\":\"\u00a1Hola soy Roser! Mam\u00e1 de una ni\u00f1a preciosa y muy movida, nacida en agosto 2015; y de un ni\u00f1o guap\u00edsimo y valiente nacido en octubre 2017. Antes estaba \\\"sempre viaggiando\\\" y ahora estoy siempre jugando, cantando y saltando. Llevo 10 a\u00f1os como blogger de viajes y vivo en Olot, Girona. Si quieres estar informado de los eventos y actividades para familias con ni\u00f1os en Catalunya, haz click aqu\u00ed para apuntarte a nuestra newsletter.\",\"sameAs\":[\"http:\/\/www.locaacademiafamiliar.com\",\"http:\/\/www.facebook.com\/locaacademiafamiliar\"],\"url\":\"https:\/\/locaacademiafamiliar.com\/ca\/author\/roser\/\"}]}<\/script>\n<!-- \/ Yoast SEO plugin. -->","yoast_head_json":{"title":"\"El meu primer festival\", cinema a Barcelona per a nens de 2 a 12 anys","description":"Torna una nova edici\u00f3 del festival de cinema per a nens \"El meu primer festival\", a Barcelona i altres localitats de Catalunya. Sortegem entrades!","robots":{"index":"index","follow":"follow","max-snippet":"max-snippet:-1","max-image-preview":"max-image-preview:large","max-video-preview":"max-video-preview:-1"},"canonical":"https:\/\/locaacademiafamiliar.com\/ca\/2018\/el-meu-primer-festival-cinema-en-familia-del-10-al-25-novembre-a-barcelona\/","og_locale":"ca_ES","og_type":"article","og_title":"\"El meu primer festival\", cinema a Barcelona per a nens de 2 a 12 anys","og_description":"Torna una nova edici\u00f3 del festival de cinema per a nens \"El meu primer festival\", a Barcelona i altres localitats de Catalunya. Sortegem entrades!","og_url":"https:\/\/locaacademiafamiliar.com\/ca\/2018\/el-meu-primer-festival-cinema-en-familia-del-10-al-25-novembre-a-barcelona\/","og_site_name":"Boja Acad\u00e8mia Familiar","article_publisher":"https:\/\/www.facebook.com\/LocaAcademiaFamiliar","article_author":"http:\/\/www.facebook.com\/locaacademiafamiliar","article_published_time":"2018-11-04T21:26:26+00:00","article_modified_time":"2018-11-12T13:39:03+00:00","og_image":[{"width":1500,"height":1000,"url":"https:\/\/locaacademiafamiliar.com\/wp-content\/uploads\/2018\/10\/El-meu-primer-festival100.jpg","type":"image\/jpeg"}],"author":"Roser","twitter_card":"summary_large_image","twitter_misc":{"Escrit per":"Roser","Temps estimat de lectura":"4 minuts"},"schema":{"@context":"https:\/\/schema.org","@graph":[{"@type":"Article","@id":"https:\/\/locaacademiafamiliar.com\/ca\/2018\/el-meu-primer-festival-cinema-en-familia-del-10-al-25-novembre-a-barcelona\/#article","isPartOf":{"@id":"https:\/\/locaacademiafamiliar.com\/ca\/2018\/el-meu-primer-festival-cinema-en-familia-del-10-al-25-novembre-a-barcelona\/"},"author":{"name":"Roser","@id":"https:\/\/locaacademiafamiliar.com\/ca\/#\/schema\/person\/c38ddbb3d4c6f37be7c9c57b205fdd2d"},"headline":"&#8220;El Meu Primer Festival&#8221;, cinema en fam\u00edlia del 10 al 25 novembre a Barcelona","datePublished":"2018-11-04T21:26:26+00:00","dateModified":"2018-11-12T13:39:03+00:00","mainEntityOfPage":{"@id":"https:\/\/locaacademiafamiliar.com\/ca\/2018\/el-meu-primer-festival-cinema-en-familia-del-10-al-25-novembre-a-barcelona\/"},"wordCount":905,"commentCount":0,"publisher":{"@id":"https:\/\/locaacademiafamiliar.com\/ca\/#organization"},"image":{"@id":"https:\/\/locaacademiafamiliar.com\/ca\/2018\/el-meu-primer-festival-cinema-en-familia-del-10-al-25-novembre-a-barcelona\/#primaryimage"},"thumbnailUrl":"https:\/\/i0.wp.com\/locaacademiafamiliar.com\/wp-content\/uploads\/2018\/10\/El-meu-primer-festival100.jpg?fit=1500%2C1000&ssl=1","keywords":["2 anys","Barcelona"],"articleSection":["Lectura"],"inLanguage":"ca","potentialAction":[{"@type":"CommentAction","name":"Comment","target":["https:\/\/locaacademiafamiliar.com\/ca\/2018\/el-meu-primer-festival-cinema-en-familia-del-10-al-25-novembre-a-barcelona\/#respond"]}]},{"@type":"WebPage","@id":"https:\/\/locaacademiafamiliar.com\/ca\/2018\/el-meu-primer-festival-cinema-en-familia-del-10-al-25-novembre-a-barcelona\/","url":"https:\/\/locaacademiafamiliar.com\/ca\/2018\/el-meu-primer-festival-cinema-en-familia-del-10-al-25-novembre-a-barcelona\/","name":"\"El meu primer festival\", cinema a Barcelona per a nens de 2 a 12 anys","isPartOf":{"@id":"https:\/\/locaacademiafamiliar.com\/ca\/#website"},"primaryImageOfPage":{"@id":"https:\/\/locaacademiafamiliar.com\/ca\/2018\/el-meu-primer-festival-cinema-en-familia-del-10-al-25-novembre-a-barcelona\/#primaryimage"},"image":{"@id":"https:\/\/locaacademiafamiliar.com\/ca\/2018\/el-meu-primer-festival-cinema-en-familia-del-10-al-25-novembre-a-barcelona\/#primaryimage"},"thumbnailUrl":"https:\/\/i0.wp.com\/locaacademiafamiliar.com\/wp-content\/uploads\/2018\/10\/El-meu-primer-festival100.jpg?fit=1500%2C1000&ssl=1","datePublished":"2018-11-04T21:26:26+00:00","dateModified":"2018-11-12T13:39:03+00:00","description":"Torna una nova edici\u00f3 del festival de cinema per a nens \"El meu primer festival\", a Barcelona i altres localitats de Catalunya. Sortegem entrades!","breadcrumb":{"@id":"https:\/\/locaacademiafamiliar.com\/ca\/2018\/el-meu-primer-festival-cinema-en-familia-del-10-al-25-novembre-a-barcelona\/#breadcrumb"},"inLanguage":"ca","potentialAction":[{"@type":"ReadAction","target":["https:\/\/locaacademiafamiliar.com\/ca\/2018\/el-meu-primer-festival-cinema-en-familia-del-10-al-25-novembre-a-barcelona\/"]}]},{"@type":"ImageObject","inLanguage":"ca","@id":"https:\/\/locaacademiafamiliar.com\/ca\/2018\/el-meu-primer-festival-cinema-en-familia-del-10-al-25-novembre-a-barcelona\/#primaryimage","url":"https:\/\/i0.wp.com\/locaacademiafamiliar.com\/wp-content\/uploads\/2018\/10\/El-meu-primer-festival100.jpg?fit=1500%2C1000&ssl=1","contentUrl":"https:\/\/i0.wp.com\/locaacademiafamiliar.com\/wp-content\/uploads\/2018\/10\/El-meu-primer-festival100.jpg?fit=1500%2C1000&ssl=1","width":1500,"height":1000},{"@type":"BreadcrumbList","@id":"https:\/\/locaacademiafamiliar.com\/ca\/2018\/el-meu-primer-festival-cinema-en-familia-del-10-al-25-novembre-a-barcelona\/#breadcrumb","itemListElement":[{"@type":"ListItem","position":1,"name":"Portada","item":"https:\/\/locaacademiafamiliar.com\/ca\/"},{"@type":"ListItem","position":2,"name":"&#8220;El Meu Primer Festival&#8221;, cinema en fam\u00edlia del 10 al 25 novembre a Barcelona"}]},{"@type":"WebSite","@id":"https:\/\/locaacademiafamiliar.com\/ca\/#website","url":"https:\/\/locaacademiafamiliar.com\/ca\/","name":"Boja Acad\u00e8mia Familiar","description":"El blog de crianza con el que pap\u00e1s y mam\u00e1s salen mejor preparados para su rutina familiar diaria","publisher":{"@id":"https:\/\/locaacademiafamiliar.com\/ca\/#organization"},"potentialAction":[{"@type":"SearchAction","target":{"@type":"EntryPoint","urlTemplate":"https:\/\/locaacademiafamiliar.com\/ca\/?s={search_term_string}"},"query-input":{"@type":"PropertyValueSpecification","valueRequired":true,"valueName":"search_term_string"}}],"inLanguage":"ca"},{"@type":"Organization","@id":"https:\/\/locaacademiafamiliar.com\/ca\/#organization","name":"LocaAcademiaFamiliar.com","url":"https:\/\/locaacademiafamiliar.com\/ca\/","logo":{"@type":"ImageObject","inLanguage":"ca","@id":"https:\/\/locaacademiafamiliar.com\/ca\/#\/schema\/logo\/image\/","url":"https:\/\/locaacademiafamiliar.com\/wp-content\/uploads\/2020\/01\/logo-loca-academia-familiar.jpg","contentUrl":"https:\/\/locaacademiafamiliar.com\/wp-content\/uploads\/2020\/01\/logo-loca-academia-familiar.jpg","width":960,"height":960,"caption":"LocaAcademiaFamiliar.com"},"image":{"@id":"https:\/\/locaacademiafamiliar.com\/ca\/#\/schema\/logo\/image\/"},"sameAs":["https:\/\/www.facebook.com\/LocaAcademiaFamiliar"]},{"@type":"Person","@id":"https:\/\/locaacademiafamiliar.com\/ca\/#\/schema\/person\/c38ddbb3d4c6f37be7c9c57b205fdd2d","name":"Roser","image":{"@type":"ImageObject","inLanguage":"ca","@id":"https:\/\/locaacademiafamiliar.com\/ca\/#\/schema\/person\/image\/","url":"https:\/\/secure.gravatar.com\/avatar\/505f69c7969f855daaa0f97fb5b0b6b2?s=96&d=mm&r=g","contentUrl":"https:\/\/secure.gravatar.com\/avatar\/505f69c7969f855daaa0f97fb5b0b6b2?s=96&d=mm&r=g","caption":"Roser"},"description":"\u00a1Hola soy Roser! Mam\u00e1 de una ni\u00f1a preciosa y muy movida, nacida en agosto 2015; y de un ni\u00f1o guap\u00edsimo y valiente nacido en octubre 2017. Antes estaba \"sempre viaggiando\" y ahora estoy siempre jugando, cantando y saltando. Llevo 10 a\u00f1os como blogger de viajes y vivo en Olot, Girona. Si quieres estar informado de los eventos y actividades para familias con ni\u00f1os en Catalunya, haz click aqu\u00ed para apuntarte a nuestra newsletter.","sameAs":["http:\/\/www.locaacademiafamiliar.com","http:\/\/www.facebook.com\/locaacademiafamiliar"],"url":"https:\/\/locaacademiafamiliar.com\/ca\/author\/roser\/"}]}},"jetpack_featured_media_url":"https:\/\/i0.wp.com\/locaacademiafamiliar.com\/wp-content\/uploads\/2018\/10\/El-meu-primer-festival100.jpg?fit=1500%2C1000&ssl=1","jetpack_sharing_enabled":true,"amp_enabled":true,"_links":{"self":[{"href":"https:\/\/locaacademiafamiliar.com\/ca\/wp-json\/wp\/v2\/posts\/6154","targetHints":{"allow":["GET"]}}],"collection":[{"href":"https:\/\/locaacademiafamiliar.com\/ca\/wp-json\/wp\/v2\/posts"}],"about":[{"href":"https:\/\/locaacademiafamiliar.com\/ca\/wp-json\/wp\/v2\/types\/post"}],"author":[{"embeddable":true,"href":"https:\/\/locaacademiafamiliar.com\/ca\/wp-json\/wp\/v2\/users\/1"}],"replies":[{"embeddable":true,"href":"https:\/\/locaacademiafamiliar.com\/ca\/wp-json\/wp\/v2\/comments?post=6154"}],"version-history":[{"count":0,"href":"https:\/\/locaacademiafamiliar.com\/ca\/wp-json\/wp\/v2\/posts\/6154\/revisions"}],"wp:featuredmedia":[{"embeddable":true,"href":"https:\/\/locaacademiafamiliar.com\/ca\/wp-json\/wp\/v2\/media\/6125"}],"wp:attachment":[{"href":"https:\/\/locaacademiafamiliar.com\/ca\/wp-json\/wp\/v2\/media?parent=6154"}],"wp:term":[{"taxonomy":"category","embeddable":true,"href":"https:\/\/locaacademiafamiliar.com\/ca\/wp-json\/wp\/v2\/categories?post=6154"},{"taxonomy":"post_tag","embeddable":true,"href":"https:\/\/locaacademiafamiliar.com\/ca\/wp-json\/wp\/v2\/tags?post=6154"}],"curies":[{"name":"wp","href":"https:\/\/api.w.org\/{rel}","templated":true}]}}