{"id":6387,"date":"2019-01-09T21:27:26","date_gmt":"2019-01-09T21:27:26","guid":{"rendered":"https:\/\/locaacademiafamiliar.com\/?p=6387"},"modified":"2019-01-09T21:29:44","modified_gmt":"2019-01-09T21:29:44","slug":"la-induccio-al-part-preguntes-frequents-que-ens-feu-les-mares-sobre-els-parts-induits","status":"publish","type":"post","link":"https:\/\/locaacademiafamiliar.com\/ca\/2019\/la-induccio-al-part-preguntes-frequents-que-ens-feu-les-mares-sobre-els-parts-induits\/","title":{"rendered":"La inducci\u00f3 al part. Preguntes freq\u00fcents que ens feu les mares sobre els parts indu\u00efts"},"content":{"rendered":"<p>L&#8217;Organitzaci\u00f3 Mundial de la Salut xifra en un 25% les induccions de tots els naixements als pa\u00efsos desenvolupats, aix\u00f2 vol dir que<strong> 1 de cada 4 nadons naixeran amb un part indu\u00eft<\/strong>. Veient aquestes xifres avui m&#8217;he decidit a aclarir els<strong> dubtes m\u00e9s habituals de les induccions al part<\/strong>. Si tens alguna pregunta que no se m&#8217;ha ocorregut, no dubtis en preguntar-me en els comentaris m\u00e9s avall \ud83d\ude42<\/p>\n<h3>Qu\u00e8 \u00e9s una inducci\u00f3 al part?<\/h3>\n<p>\u00c9s un procediment m\u00e8dic pel qual es provoquen contraccions de forma artificial. L&#8217;objectiu \u00e9s el naixement del nad\u00f3 i de la placenta per via vaginal.<\/p>\n<p>Per aconseguir-ho cal b\u00e0sicament<strong> dos m\u00e8todes: mec\u00e0nic i qu\u00edmic<\/strong>. El mec\u00e0nic consisteix a introduir una sonda al coll de l&#8217;\u00fater i inflar el globus d&#8217;aquesta sonda. A m\u00e9s de la part mec\u00e0nica pura, la teoria ens diu que s&#8217;alliberen prostaglandines (la primera hormona present en un <a href=\"https:\/\/locaacademiafamiliar.com\/ca\/tag\/part\/\"><strong>treball de part<\/strong><\/a>) que ajudaran al coll de l&#8217;\u00fater a dilatar.<\/p>\n<p>El m\u00e8tode qu\u00edmic consisteix a administrar medicaments. Habitualment se solen utilitzar primer uns derivats de la prostaglandines; dep\u00e8n de la teva situaci\u00f3 particular ser\u00e0 d&#8217;un tipus o un altre i, hores despr\u00e9s, s&#8217;administra oxitocina sint\u00e8tica endovenosa (per s\u00e8rum) per provocar contraccions.<\/p>\n<h3>Quanta estona estar\u00e9 d&#8217;inducci\u00f3 al part?<\/h3>\n<p><strong>Habitualment hores, moltes hores<\/strong>. Les prostaglandines triguen aproximadament 12 hores a fer el seu efecte total tot que poden administrar-se durant 24 hores. Aquesta \u00e9s la primera part de la inducci\u00f3.<\/p>\n<p>Dep\u00e8n de les condicions obst\u00e8triques, \u00e9s a dir, <strong>dep\u00e8n de la dilataci\u00f3 del coll de l&#8217;\u00fater inicial es trigar\u00e0 m\u00e9s o menys.<\/strong> Cada cas \u00e9s \u00fanic, per exemple, si ja tens m\u00e9s nens nascuts per via vaginal ser\u00e0 m\u00e9s f\u00e0cil; si resulta que abans de comen\u00e7ar ja hi ha el coll de l&#8217;\u00fater esborrat, doncs encara m\u00e9s f\u00e0cil&#8230;<\/p>\n<p><strong>Pren-t&#8217;ho amb filosofia<\/strong>:<strong> millor tenir clar que aneu a estar moltes hores d&#8217;espera i portar-vos llibres, la s\u00e8rie que estigueu veient o qualsevol hobby<\/strong> que es pugui fer des de l&#8217;habitaci\u00f3. Si resulta que el teu cas \u00e9s dels r\u00e0pids, doncs molt millor \ud83d\ude42<\/p>\n<p><strong>Aclariment: no \u00e9s que estiguis amb contraccions tot aquest temps, es triguen hores en qu\u00e8 comencin les contraccions<\/strong> i, quan ja les tens, sol tardar unes quantes hores m\u00e9s que facin el seu efecte.<\/p>\n<h3>Cal utilitzar oxitocina sint\u00e8tica?<\/h3>\n<p>Hi ha dones que les prostaglandines els fan molt d&#8217;efecte i comencen amb contraccions fortes i seguides ja en el primer pas. Si s\u00f3n <a href=\"https:\/\/locaacademiafamiliar.com\/ca\/tag\/part\/\"><strong>contraccions de part<\/strong><\/a> i es trenca la bossa amni\u00f2tica de vegades pot evitar-se m\u00e9s medicaci\u00f3, encara que no sempre.<\/p>\n<p>Cada inducci\u00f3 \u00e9s un m\u00f3n i tu estar\u00e0s en mans d&#8217;uns professionals en els que confiar, aix\u00ed que si tens alguna petici\u00f3, pregunta si \u00e9s possible\/adequat en el teu cas.<\/p>\n<h3>\u00c9s necess\u00e0ria la meva inducci\u00f3 al part?<\/h3>\n<p>Igual que a la pregunta anterior: la inducci\u00f3 al part t\u00e9 unes indicacions com tot procediment m\u00e8dic. La persona que l&#8217;indica \u00e9s l&#8217;encarregada d&#8217;explicar-te per qu\u00e8 en el teu cas concret cal que el nad\u00f3 neixi en les pr\u00f2ximes hores.<\/p>\n<p><strong>Consulta tots els teus dubtes fins que entenguis tot el que est\u00e0 passant<\/strong>, \u00e9s important que hi vagis confiada perqu\u00e8 seran moltes hores i<strong> cal tenir clares les raons, els passos i els temps<\/strong>. Les hores que van passant s\u00f3n molt angoixants!<\/p>\n<h3>Fa mal una inducci\u00f3 al part?<\/h3>\n<p>Bueeeenooo &#8230;. Qu\u00e8 t&#8217;he de dir? <strong>Doncs s\u00f3n contraccions i les <a href=\"https:\/\/locaacademiafamiliar.com\/ca\/2018\/coses-que-ajuden-a-calmar-el-dolor-en-un-part\/\">contraccions habitualment fan mal<\/a>.<\/strong> No a totes igual, no a totes les mateixes hores&#8230; Per\u00f2 per alguna cosa es diu <strong>&#8220;treball de part&#8221;; \u00e9s un gran treball.<\/strong><\/p>\n<p><strong>Les contraccions s\u00f3n una part del proc\u00e9s i <a href=\"https:\/\/locaacademiafamiliar.com\/ca\/2018\/coses-que-ajuden-a-calmar-el-dolor-en-un-part\/\">cal estar preparada<\/a>.<\/strong> Durant les primeres hores que les gestants no noten encara cap contracci\u00f3 totes tenen ganes que comencin \ud83d\ude42 i sempre els diem que s&#8217;ho prenguin amb tranquil\u00b7litat, potser \u00e9s un bon moment per fer una migdiada i per descansar tranquil\u00b7lament perqu\u00e8 <strong>unes hores m\u00e9s tard has de tenir reserves de for\u00e7a.<\/strong><\/p>\n<p><strong>Com ara ja saps que poden fer mal, les portar\u00e0s molt b\u00e9<\/strong>. La contracci\u00f3 sempre marxa i ens d\u00f3na un respir. <strong>Cada contracci\u00f3, una menys <a href=\"https:\/\/locaacademiafamiliar.com\/ca\/2018\/el-gran-moment-del-part-el-pell-amb-pell\/\">per tenir-lo\/a en bra\u00e7os<\/a><\/strong>.<\/p>\n<p>&nbsp;<\/p>\n<p><em>Ha quedat algun dubte per respondre? Deixa&#8217;l als comentaris \ud83d\ude42<\/em><\/p>\n","protected":false},"excerpt":{"rendered":"<div class=\"mh-excerpt\"><p>L&#8217;Organitzaci\u00f3 Mundial de la Salut xifra en un 25% les induccions de tots els naixements als pa\u00efsos desenvolupats, aix\u00f2 vol dir que 1 de cada 4 nadons naixeran amb un part indu\u00eft. Veient aquestes xifres avui m&#8217;he decidit a aclarir els dubtes m\u00e9s habituals de les induccions al part.  <a class=\"mh-excerpt-more\" href=\"https:\/\/locaacademiafamiliar.com\/ca\/2019\/la-induccio-al-part-preguntes-frequents-que-ens-feu-les-mares-sobre-els-parts-induits\/\" title=\"La inducci\u00f3 al part. Preguntes freq\u00fcents que ens feu les mares sobre els parts indu\u00efts\">[&#8230;]<\/a><\/p>\n<\/div>","protected":false},"author":2,"featured_media":6384,"comment_status":"open","ping_status":"open","sticky":false,"template":"","format":"standard","meta":{"_monsterinsights_skip_tracking":false,"_monsterinsights_sitenote_active":false,"_monsterinsights_sitenote_note":"","_monsterinsights_sitenote_category":0,"_jetpack_memberships_contains_paid_content":false,"footnotes":""},"categories":[38],"tags":[58],"class_list":{"0":"post-6387","1":"post","2":"type-post","3":"status-publish","4":"format-standard","5":"has-post-thumbnail","7":"category-historia-ca","8":"tag-part"},"yoast_head":"<!-- This site is optimized with the Yoast SEO plugin v26.8 - https:\/\/yoast.com\/product\/yoast-seo-wordpress\/ -->\n<title>Preguntes freq\u00fcents i dubtes sobre la inducci\u00f3 al part<\/title>\n<meta name=\"description\" content=\"Dubtes i preguntes freq\u00fcents que ens feu les mares quan sabeu que el vostre part ser\u00e0 un part indu\u00eft. Qu\u00e8 \u00e9s una inducci\u00f3 al part i qu\u00e8 en podeu esperar?\" \/>\n<meta name=\"robots\" content=\"index, follow, max-snippet:-1, max-image-preview:large, max-video-preview:-1\" \/>\n<link rel=\"canonical\" href=\"https:\/\/locaacademiafamiliar.com\/ca\/2019\/la-induccio-al-part-preguntes-frequents-que-ens-feu-les-mares-sobre-els-parts-induits\/\" \/>\n<meta property=\"og:locale\" content=\"ca_ES\" \/>\n<meta property=\"og:type\" content=\"article\" \/>\n<meta property=\"og:title\" content=\"Preguntes freq\u00fcents i dubtes sobre la inducci\u00f3 al part\" \/>\n<meta property=\"og:description\" content=\"Dubtes i preguntes freq\u00fcents que ens feu les mares quan sabeu que el vostre part ser\u00e0 un part indu\u00eft. Qu\u00e8 \u00e9s una inducci\u00f3 al part i qu\u00e8 en podeu esperar?\" \/>\n<meta property=\"og:url\" content=\"https:\/\/locaacademiafamiliar.com\/ca\/2019\/la-induccio-al-part-preguntes-frequents-que-ens-feu-les-mares-sobre-els-parts-induits\/\" \/>\n<meta property=\"og:site_name\" content=\"Boja Acad\u00e8mia Familiar\" \/>\n<meta property=\"article:publisher\" content=\"https:\/\/www.facebook.com\/LocaAcademiaFamiliar\" \/>\n<meta property=\"article:published_time\" content=\"2019-01-09T21:27:26+00:00\" \/>\n<meta property=\"article:modified_time\" content=\"2019-01-09T21:29:44+00:00\" \/>\n<meta property=\"og:image\" content=\"https:\/\/locaacademiafamiliar.com\/wp-content\/uploads\/2019\/01\/surgeon-2821375_1920.jpg\" \/>\n\t<meta property=\"og:image:width\" content=\"1920\" \/>\n\t<meta property=\"og:image:height\" content=\"1202\" \/>\n\t<meta property=\"og:image:type\" content=\"image\/jpeg\" \/>\n<meta name=\"author\" content=\"Elisabet\" \/>\n<meta name=\"twitter:card\" content=\"summary_large_image\" \/>\n<meta name=\"twitter:label1\" content=\"Escrit per\" \/>\n\t<meta name=\"twitter:data1\" content=\"Elisabet\" \/>\n\t<meta name=\"twitter:label2\" content=\"Temps estimat de lectura\" \/>\n\t<meta name=\"twitter:data2\" content=\"4 minuts\" \/>\n<script type=\"application\/ld+json\" class=\"yoast-schema-graph\">{\"@context\":\"https:\/\/schema.org\",\"@graph\":[{\"@type\":\"Article\",\"@id\":\"https:\/\/locaacademiafamiliar.com\/ca\/2019\/la-induccio-al-part-preguntes-frequents-que-ens-feu-les-mares-sobre-els-parts-induits\/#article\",\"isPartOf\":{\"@id\":\"https:\/\/locaacademiafamiliar.com\/ca\/2019\/la-induccio-al-part-preguntes-frequents-que-ens-feu-les-mares-sobre-els-parts-induits\/\"},\"author\":{\"name\":\"Elisabet\",\"@id\":\"https:\/\/locaacademiafamiliar.com\/ca\/#\/schema\/person\/8ddc70c9780d67ef5bbb462a307f8042\"},\"headline\":\"La inducci\u00f3 al part. Preguntes freq\u00fcents que ens feu les mares sobre els parts indu\u00efts\",\"datePublished\":\"2019-01-09T21:27:26+00:00\",\"dateModified\":\"2019-01-09T21:29:44+00:00\",\"mainEntityOfPage\":{\"@id\":\"https:\/\/locaacademiafamiliar.com\/ca\/2019\/la-induccio-al-part-preguntes-frequents-que-ens-feu-les-mares-sobre-els-parts-induits\/\"},\"wordCount\":746,\"commentCount\":0,\"publisher\":{\"@id\":\"https:\/\/locaacademiafamiliar.com\/ca\/#organization\"},\"image\":{\"@id\":\"https:\/\/locaacademiafamiliar.com\/ca\/2019\/la-induccio-al-part-preguntes-frequents-que-ens-feu-les-mares-sobre-els-parts-induits\/#primaryimage\"},\"thumbnailUrl\":\"https:\/\/i0.wp.com\/locaacademiafamiliar.com\/wp-content\/uploads\/2019\/01\/surgeon-2821375_1920.jpg?fit=1920%2C1202&ssl=1\",\"keywords\":[\"part\"],\"articleSection\":[\"Hist\u00f2ria\"],\"inLanguage\":\"ca\",\"potentialAction\":[{\"@type\":\"CommentAction\",\"name\":\"Comment\",\"target\":[\"https:\/\/locaacademiafamiliar.com\/ca\/2019\/la-induccio-al-part-preguntes-frequents-que-ens-feu-les-mares-sobre-els-parts-induits\/#respond\"]}]},{\"@type\":\"WebPage\",\"@id\":\"https:\/\/locaacademiafamiliar.com\/ca\/2019\/la-induccio-al-part-preguntes-frequents-que-ens-feu-les-mares-sobre-els-parts-induits\/\",\"url\":\"https:\/\/locaacademiafamiliar.com\/ca\/2019\/la-induccio-al-part-preguntes-frequents-que-ens-feu-les-mares-sobre-els-parts-induits\/\",\"name\":\"Preguntes freq\u00fcents i dubtes sobre la inducci\u00f3 al part\",\"isPartOf\":{\"@id\":\"https:\/\/locaacademiafamiliar.com\/ca\/#website\"},\"primaryImageOfPage\":{\"@id\":\"https:\/\/locaacademiafamiliar.com\/ca\/2019\/la-induccio-al-part-preguntes-frequents-que-ens-feu-les-mares-sobre-els-parts-induits\/#primaryimage\"},\"image\":{\"@id\":\"https:\/\/locaacademiafamiliar.com\/ca\/2019\/la-induccio-al-part-preguntes-frequents-que-ens-feu-les-mares-sobre-els-parts-induits\/#primaryimage\"},\"thumbnailUrl\":\"https:\/\/i0.wp.com\/locaacademiafamiliar.com\/wp-content\/uploads\/2019\/01\/surgeon-2821375_1920.jpg?fit=1920%2C1202&ssl=1\",\"datePublished\":\"2019-01-09T21:27:26+00:00\",\"dateModified\":\"2019-01-09T21:29:44+00:00\",\"description\":\"Dubtes i preguntes freq\u00fcents que ens feu les mares quan sabeu que el vostre part ser\u00e0 un part indu\u00eft. Qu\u00e8 \u00e9s una inducci\u00f3 al part i qu\u00e8 en podeu esperar?\",\"breadcrumb\":{\"@id\":\"https:\/\/locaacademiafamiliar.com\/ca\/2019\/la-induccio-al-part-preguntes-frequents-que-ens-feu-les-mares-sobre-els-parts-induits\/#breadcrumb\"},\"inLanguage\":\"ca\",\"potentialAction\":[{\"@type\":\"ReadAction\",\"target\":[\"https:\/\/locaacademiafamiliar.com\/ca\/2019\/la-induccio-al-part-preguntes-frequents-que-ens-feu-les-mares-sobre-els-parts-induits\/\"]}]},{\"@type\":\"ImageObject\",\"inLanguage\":\"ca\",\"@id\":\"https:\/\/locaacademiafamiliar.com\/ca\/2019\/la-induccio-al-part-preguntes-frequents-que-ens-feu-les-mares-sobre-els-parts-induits\/#primaryimage\",\"url\":\"https:\/\/i0.wp.com\/locaacademiafamiliar.com\/wp-content\/uploads\/2019\/01\/surgeon-2821375_1920.jpg?fit=1920%2C1202&ssl=1\",\"contentUrl\":\"https:\/\/i0.wp.com\/locaacademiafamiliar.com\/wp-content\/uploads\/2019\/01\/surgeon-2821375_1920.jpg?fit=1920%2C1202&ssl=1\",\"width\":1920,\"height\":1202},{\"@type\":\"BreadcrumbList\",\"@id\":\"https:\/\/locaacademiafamiliar.com\/ca\/2019\/la-induccio-al-part-preguntes-frequents-que-ens-feu-les-mares-sobre-els-parts-induits\/#breadcrumb\",\"itemListElement\":[{\"@type\":\"ListItem\",\"position\":1,\"name\":\"Portada\",\"item\":\"https:\/\/locaacademiafamiliar.com\/ca\/\"},{\"@type\":\"ListItem\",\"position\":2,\"name\":\"La inducci\u00f3 al part. Preguntes freq\u00fcents que ens feu les mares sobre els parts indu\u00efts\"}]},{\"@type\":\"WebSite\",\"@id\":\"https:\/\/locaacademiafamiliar.com\/ca\/#website\",\"url\":\"https:\/\/locaacademiafamiliar.com\/ca\/\",\"name\":\"Boja Acad\u00e8mia Familiar\",\"description\":\"El blog de crianza con el que pap\u00e1s y mam\u00e1s salen mejor preparados para su rutina familiar diaria\",\"publisher\":{\"@id\":\"https:\/\/locaacademiafamiliar.com\/ca\/#organization\"},\"potentialAction\":[{\"@type\":\"SearchAction\",\"target\":{\"@type\":\"EntryPoint\",\"urlTemplate\":\"https:\/\/locaacademiafamiliar.com\/ca\/?s={search_term_string}\"},\"query-input\":{\"@type\":\"PropertyValueSpecification\",\"valueRequired\":true,\"valueName\":\"search_term_string\"}}],\"inLanguage\":\"ca\"},{\"@type\":\"Organization\",\"@id\":\"https:\/\/locaacademiafamiliar.com\/ca\/#organization\",\"name\":\"LocaAcademiaFamiliar.com\",\"url\":\"https:\/\/locaacademiafamiliar.com\/ca\/\",\"logo\":{\"@type\":\"ImageObject\",\"inLanguage\":\"ca\",\"@id\":\"https:\/\/locaacademiafamiliar.com\/ca\/#\/schema\/logo\/image\/\",\"url\":\"https:\/\/locaacademiafamiliar.com\/wp-content\/uploads\/2020\/01\/logo-loca-academia-familiar.jpg\",\"contentUrl\":\"https:\/\/locaacademiafamiliar.com\/wp-content\/uploads\/2020\/01\/logo-loca-academia-familiar.jpg\",\"width\":960,\"height\":960,\"caption\":\"LocaAcademiaFamiliar.com\"},\"image\":{\"@id\":\"https:\/\/locaacademiafamiliar.com\/ca\/#\/schema\/logo\/image\/\"},\"sameAs\":[\"https:\/\/www.facebook.com\/LocaAcademiaFamiliar\"]},{\"@type\":\"Person\",\"@id\":\"https:\/\/locaacademiafamiliar.com\/ca\/#\/schema\/person\/8ddc70c9780d67ef5bbb462a307f8042\",\"name\":\"Elisabet\",\"image\":{\"@type\":\"ImageObject\",\"inLanguage\":\"ca\",\"@id\":\"https:\/\/locaacademiafamiliar.com\/ca\/#\/schema\/person\/image\/\",\"url\":\"https:\/\/secure.gravatar.com\/avatar\/b7cd6a228ab9368d5f221ffe7f0dae77?s=96&d=mm&r=g\",\"contentUrl\":\"https:\/\/secure.gravatar.com\/avatar\/b7cd6a228ab9368d5f221ffe7f0dae77?s=96&d=mm&r=g\",\"caption\":\"Elisabet\"},\"description\":\"\u00a1Hola! Soy Elisabet, aunque en algunos grupos de whatsapp soy simplemente mam\u00e1 de \u00cd. Tengo dos hijas muy divertidas, la primera nacida en febrero del 2013 y la segunda el enero del 2016 as\u00ed que ya hace m\u00e1s de tres a\u00f1os que vivo en horario infantil. En el mundo adulto trabajo en un hospital de Barcelona, soy enfermera y comadrona. Si quieres estar informado de los eventos y actividades para familias con ni\u00f1os en Catalunya, haz click aqu\u00ed para apuntarte a nuestra newsletter.\",\"sameAs\":[\"http:\/\/www.locaacademiafamiliar.com\"],\"url\":\"https:\/\/locaacademiafamiliar.com\/ca\/author\/eli\/\"}]}<\/script>\n<!-- \/ Yoast SEO plugin. -->","yoast_head_json":{"title":"Preguntes freq\u00fcents i dubtes sobre la inducci\u00f3 al part","description":"Dubtes i preguntes freq\u00fcents que ens feu les mares quan sabeu que el vostre part ser\u00e0 un part indu\u00eft. Qu\u00e8 \u00e9s una inducci\u00f3 al part i qu\u00e8 en podeu esperar?","robots":{"index":"index","follow":"follow","max-snippet":"max-snippet:-1","max-image-preview":"max-image-preview:large","max-video-preview":"max-video-preview:-1"},"canonical":"https:\/\/locaacademiafamiliar.com\/ca\/2019\/la-induccio-al-part-preguntes-frequents-que-ens-feu-les-mares-sobre-els-parts-induits\/","og_locale":"ca_ES","og_type":"article","og_title":"Preguntes freq\u00fcents i dubtes sobre la inducci\u00f3 al part","og_description":"Dubtes i preguntes freq\u00fcents que ens feu les mares quan sabeu que el vostre part ser\u00e0 un part indu\u00eft. Qu\u00e8 \u00e9s una inducci\u00f3 al part i qu\u00e8 en podeu esperar?","og_url":"https:\/\/locaacademiafamiliar.com\/ca\/2019\/la-induccio-al-part-preguntes-frequents-que-ens-feu-les-mares-sobre-els-parts-induits\/","og_site_name":"Boja Acad\u00e8mia Familiar","article_publisher":"https:\/\/www.facebook.com\/LocaAcademiaFamiliar","article_published_time":"2019-01-09T21:27:26+00:00","article_modified_time":"2019-01-09T21:29:44+00:00","og_image":[{"width":1920,"height":1202,"url":"https:\/\/locaacademiafamiliar.com\/wp-content\/uploads\/2019\/01\/surgeon-2821375_1920.jpg","type":"image\/jpeg"}],"author":"Elisabet","twitter_card":"summary_large_image","twitter_misc":{"Escrit per":"Elisabet","Temps estimat de lectura":"4 minuts"},"schema":{"@context":"https:\/\/schema.org","@graph":[{"@type":"Article","@id":"https:\/\/locaacademiafamiliar.com\/ca\/2019\/la-induccio-al-part-preguntes-frequents-que-ens-feu-les-mares-sobre-els-parts-induits\/#article","isPartOf":{"@id":"https:\/\/locaacademiafamiliar.com\/ca\/2019\/la-induccio-al-part-preguntes-frequents-que-ens-feu-les-mares-sobre-els-parts-induits\/"},"author":{"name":"Elisabet","@id":"https:\/\/locaacademiafamiliar.com\/ca\/#\/schema\/person\/8ddc70c9780d67ef5bbb462a307f8042"},"headline":"La inducci\u00f3 al part. Preguntes freq\u00fcents que ens feu les mares sobre els parts indu\u00efts","datePublished":"2019-01-09T21:27:26+00:00","dateModified":"2019-01-09T21:29:44+00:00","mainEntityOfPage":{"@id":"https:\/\/locaacademiafamiliar.com\/ca\/2019\/la-induccio-al-part-preguntes-frequents-que-ens-feu-les-mares-sobre-els-parts-induits\/"},"wordCount":746,"commentCount":0,"publisher":{"@id":"https:\/\/locaacademiafamiliar.com\/ca\/#organization"},"image":{"@id":"https:\/\/locaacademiafamiliar.com\/ca\/2019\/la-induccio-al-part-preguntes-frequents-que-ens-feu-les-mares-sobre-els-parts-induits\/#primaryimage"},"thumbnailUrl":"https:\/\/i0.wp.com\/locaacademiafamiliar.com\/wp-content\/uploads\/2019\/01\/surgeon-2821375_1920.jpg?fit=1920%2C1202&ssl=1","keywords":["part"],"articleSection":["Hist\u00f2ria"],"inLanguage":"ca","potentialAction":[{"@type":"CommentAction","name":"Comment","target":["https:\/\/locaacademiafamiliar.com\/ca\/2019\/la-induccio-al-part-preguntes-frequents-que-ens-feu-les-mares-sobre-els-parts-induits\/#respond"]}]},{"@type":"WebPage","@id":"https:\/\/locaacademiafamiliar.com\/ca\/2019\/la-induccio-al-part-preguntes-frequents-que-ens-feu-les-mares-sobre-els-parts-induits\/","url":"https:\/\/locaacademiafamiliar.com\/ca\/2019\/la-induccio-al-part-preguntes-frequents-que-ens-feu-les-mares-sobre-els-parts-induits\/","name":"Preguntes freq\u00fcents i dubtes sobre la inducci\u00f3 al part","isPartOf":{"@id":"https:\/\/locaacademiafamiliar.com\/ca\/#website"},"primaryImageOfPage":{"@id":"https:\/\/locaacademiafamiliar.com\/ca\/2019\/la-induccio-al-part-preguntes-frequents-que-ens-feu-les-mares-sobre-els-parts-induits\/#primaryimage"},"image":{"@id":"https:\/\/locaacademiafamiliar.com\/ca\/2019\/la-induccio-al-part-preguntes-frequents-que-ens-feu-les-mares-sobre-els-parts-induits\/#primaryimage"},"thumbnailUrl":"https:\/\/i0.wp.com\/locaacademiafamiliar.com\/wp-content\/uploads\/2019\/01\/surgeon-2821375_1920.jpg?fit=1920%2C1202&ssl=1","datePublished":"2019-01-09T21:27:26+00:00","dateModified":"2019-01-09T21:29:44+00:00","description":"Dubtes i preguntes freq\u00fcents que ens feu les mares quan sabeu que el vostre part ser\u00e0 un part indu\u00eft. Qu\u00e8 \u00e9s una inducci\u00f3 al part i qu\u00e8 en podeu esperar?","breadcrumb":{"@id":"https:\/\/locaacademiafamiliar.com\/ca\/2019\/la-induccio-al-part-preguntes-frequents-que-ens-feu-les-mares-sobre-els-parts-induits\/#breadcrumb"},"inLanguage":"ca","potentialAction":[{"@type":"ReadAction","target":["https:\/\/locaacademiafamiliar.com\/ca\/2019\/la-induccio-al-part-preguntes-frequents-que-ens-feu-les-mares-sobre-els-parts-induits\/"]}]},{"@type":"ImageObject","inLanguage":"ca","@id":"https:\/\/locaacademiafamiliar.com\/ca\/2019\/la-induccio-al-part-preguntes-frequents-que-ens-feu-les-mares-sobre-els-parts-induits\/#primaryimage","url":"https:\/\/i0.wp.com\/locaacademiafamiliar.com\/wp-content\/uploads\/2019\/01\/surgeon-2821375_1920.jpg?fit=1920%2C1202&ssl=1","contentUrl":"https:\/\/i0.wp.com\/locaacademiafamiliar.com\/wp-content\/uploads\/2019\/01\/surgeon-2821375_1920.jpg?fit=1920%2C1202&ssl=1","width":1920,"height":1202},{"@type":"BreadcrumbList","@id":"https:\/\/locaacademiafamiliar.com\/ca\/2019\/la-induccio-al-part-preguntes-frequents-que-ens-feu-les-mares-sobre-els-parts-induits\/#breadcrumb","itemListElement":[{"@type":"ListItem","position":1,"name":"Portada","item":"https:\/\/locaacademiafamiliar.com\/ca\/"},{"@type":"ListItem","position":2,"name":"La inducci\u00f3 al part. Preguntes freq\u00fcents que ens feu les mares sobre els parts indu\u00efts"}]},{"@type":"WebSite","@id":"https:\/\/locaacademiafamiliar.com\/ca\/#website","url":"https:\/\/locaacademiafamiliar.com\/ca\/","name":"Boja Acad\u00e8mia Familiar","description":"El blog de crianza con el que pap\u00e1s y mam\u00e1s salen mejor preparados para su rutina familiar diaria","publisher":{"@id":"https:\/\/locaacademiafamiliar.com\/ca\/#organization"},"potentialAction":[{"@type":"SearchAction","target":{"@type":"EntryPoint","urlTemplate":"https:\/\/locaacademiafamiliar.com\/ca\/?s={search_term_string}"},"query-input":{"@type":"PropertyValueSpecification","valueRequired":true,"valueName":"search_term_string"}}],"inLanguage":"ca"},{"@type":"Organization","@id":"https:\/\/locaacademiafamiliar.com\/ca\/#organization","name":"LocaAcademiaFamiliar.com","url":"https:\/\/locaacademiafamiliar.com\/ca\/","logo":{"@type":"ImageObject","inLanguage":"ca","@id":"https:\/\/locaacademiafamiliar.com\/ca\/#\/schema\/logo\/image\/","url":"https:\/\/locaacademiafamiliar.com\/wp-content\/uploads\/2020\/01\/logo-loca-academia-familiar.jpg","contentUrl":"https:\/\/locaacademiafamiliar.com\/wp-content\/uploads\/2020\/01\/logo-loca-academia-familiar.jpg","width":960,"height":960,"caption":"LocaAcademiaFamiliar.com"},"image":{"@id":"https:\/\/locaacademiafamiliar.com\/ca\/#\/schema\/logo\/image\/"},"sameAs":["https:\/\/www.facebook.com\/LocaAcademiaFamiliar"]},{"@type":"Person","@id":"https:\/\/locaacademiafamiliar.com\/ca\/#\/schema\/person\/8ddc70c9780d67ef5bbb462a307f8042","name":"Elisabet","image":{"@type":"ImageObject","inLanguage":"ca","@id":"https:\/\/locaacademiafamiliar.com\/ca\/#\/schema\/person\/image\/","url":"https:\/\/secure.gravatar.com\/avatar\/b7cd6a228ab9368d5f221ffe7f0dae77?s=96&d=mm&r=g","contentUrl":"https:\/\/secure.gravatar.com\/avatar\/b7cd6a228ab9368d5f221ffe7f0dae77?s=96&d=mm&r=g","caption":"Elisabet"},"description":"\u00a1Hola! Soy Elisabet, aunque en algunos grupos de whatsapp soy simplemente mam\u00e1 de \u00cd. Tengo dos hijas muy divertidas, la primera nacida en febrero del 2013 y la segunda el enero del 2016 as\u00ed que ya hace m\u00e1s de tres a\u00f1os que vivo en horario infantil. En el mundo adulto trabajo en un hospital de Barcelona, soy enfermera y comadrona. Si quieres estar informado de los eventos y actividades para familias con ni\u00f1os en Catalunya, haz click aqu\u00ed para apuntarte a nuestra newsletter.","sameAs":["http:\/\/www.locaacademiafamiliar.com"],"url":"https:\/\/locaacademiafamiliar.com\/ca\/author\/eli\/"}]}},"jetpack_featured_media_url":"https:\/\/i0.wp.com\/locaacademiafamiliar.com\/wp-content\/uploads\/2019\/01\/surgeon-2821375_1920.jpg?fit=1920%2C1202&ssl=1","jetpack_sharing_enabled":true,"amp_enabled":true,"_links":{"self":[{"href":"https:\/\/locaacademiafamiliar.com\/ca\/wp-json\/wp\/v2\/posts\/6387","targetHints":{"allow":["GET"]}}],"collection":[{"href":"https:\/\/locaacademiafamiliar.com\/ca\/wp-json\/wp\/v2\/posts"}],"about":[{"href":"https:\/\/locaacademiafamiliar.com\/ca\/wp-json\/wp\/v2\/types\/post"}],"author":[{"embeddable":true,"href":"https:\/\/locaacademiafamiliar.com\/ca\/wp-json\/wp\/v2\/users\/2"}],"replies":[{"embeddable":true,"href":"https:\/\/locaacademiafamiliar.com\/ca\/wp-json\/wp\/v2\/comments?post=6387"}],"version-history":[{"count":0,"href":"https:\/\/locaacademiafamiliar.com\/ca\/wp-json\/wp\/v2\/posts\/6387\/revisions"}],"wp:featuredmedia":[{"embeddable":true,"href":"https:\/\/locaacademiafamiliar.com\/ca\/wp-json\/wp\/v2\/media\/6384"}],"wp:attachment":[{"href":"https:\/\/locaacademiafamiliar.com\/ca\/wp-json\/wp\/v2\/media?parent=6387"}],"wp:term":[{"taxonomy":"category","embeddable":true,"href":"https:\/\/locaacademiafamiliar.com\/ca\/wp-json\/wp\/v2\/categories?post=6387"},{"taxonomy":"post_tag","embeddable":true,"href":"https:\/\/locaacademiafamiliar.com\/ca\/wp-json\/wp\/v2\/tags?post=6387"}],"curies":[{"name":"wp","href":"https:\/\/api.w.org\/{rel}","templated":true}]}}