{"id":6533,"date":"2019-02-09T14:29:42","date_gmt":"2019-02-09T14:29:42","guid":{"rendered":"https:\/\/locaacademiafamiliar.com\/?p=6533"},"modified":"2021-05-16T14:38:52","modified_gmt":"2021-05-16T14:38:52","slug":"pelicules-de-cinema-infantil-per-a-nens-animacio","status":"publish","type":"post","link":"https:\/\/locaacademiafamiliar.com\/ca\/2019\/pelicules-de-cinema-infantil-per-a-nens-animacio\/","title":{"rendered":"Recomanacions de pel\u00b7l\u00edcules infantils d&#8217;animaci\u00f3 per a nens de 3-7 anys"},"content":{"rendered":"<p>A casa els divendres fem pizza i peli. Com sabeu, som <strong>molt fans del cinema i de les pel\u00b7l\u00edcules i, encara que ara nom\u00e9s veiem cinema infantil,<\/strong> sabem que \u00e9s un etapa i que en pocs anys podrem variar una mica de g\u00e8nere. Avui us parlo de les nostres pel\u00b7l\u00edcules infantils d&#8217;animaci\u00f3 preferides. No s\u00f3n Disney i no tenen estereotips. De fet, en fugen. Son pelis curtetes, sense viol\u00e8ncia, estrenades recentment als cinemes i que ja es poden veure online.<\/p>\n<p>Ara que \u00e9s \u00e8poca de fred i de tardes fosques, ve m\u00e9s de gust anar al cinema o veure una peli en fam\u00edlia amb un bol de crispetes \ud83d\ude42 Aqu\u00ed teniu algunes <strong>recomanacions de pel\u00b7l\u00edcules infantils per veure amb els nens<\/strong>. <strong>Totes elles s\u00f3n pel\u00b7l\u00edcules d&#8217;animaci\u00f3<\/strong> amb qu\u00e8 els nens aprendran alguna cosa positiva \ud83d\ude42 Hi trobareu missatges com la lluita pels somnis, la toler\u00e0ncia, l&#8217;ajuda entre amics&#8230;<\/p>\n<p>La majoria de pel\u00b7l\u00edcules es poden veure en l\u00ednia (on demand) i comprar (per uns 10 \u20ac per pel\u00b7l\u00edcula) a trav\u00e9s del web de la distribu\u00efdora <strong><a href=\"https:\/\/www.ritalucafilms.com\/es\/on-demand\/\" target=\"_blank\" rel=\"noopener\">Rita &amp; Luca Films<\/a><\/strong>. \u00c9s una gran inversi\u00f3! ? N&#8217;hem comprat ja algunes i se les posem al cotxe quan tenim un viatge llarg i volem que estiguin entretinguts. <strong>A Amazon Prime Video tamb\u00e9 hem trobat Room on the broom i el Gr\u00fafal (en angl\u00e8s).<\/strong><\/p>\n<h3>La Rata Pirata<\/h3>\n<p><strong>Ideal per: aventurers amants dels dol\u00e7os i amb ganes de cr\u00e9ixer.<\/strong> En cinemes, el 22 de febrer 2019. Recomanada a partir de 3 anys. Durada: 55 minuts. Disponible en catal\u00e0 i castell\u00e0. <a href=\"https:\/\/www.ritalucafilms.com\/es\/on-demand\/\" target=\"_blank\" rel=\"noopener\">Veure o comprar<\/a><\/p>\n<p><strong>La Rata Pirata<\/strong> \u00e9s el bandoler m\u00e9s llaminer de tots! Muntat en el seu cavall, roba el menjar dels viatgers que troba pel cam\u00ed, fins que un dia es creua amb alg\u00fa m\u00e9s astut que ell &#8230; \u00c9s un conte de capa i espasa, de lladres i galetes. Una fabulosa i divertida hist\u00f2ria, acompanyada de tres curtmetratges sobre l&#8217;aventura de cr\u00e9ixer. &#8216;Atenci\u00f3: aquesta pel\u00b7l\u00edcula us far\u00e0 venir gana!<br \/>\n<iframe title=\"vimeo-player\" src=\"https:\/\/player.vimeo.com\/video\/408858639\" width=\"640\" height=\"360\" frameborder=\"0\" allowfullscreen=\"allowfullscreen\"><\/iframe><\/p>\n<hr \/>\n<h3>Ernest &amp; Celestine, contes d&#8217;hivern<\/h3>\n<p><strong>Ideal per: qui vulgui gaudir d&#8217;una hist\u00f2ria d&#8217;amistat entranyable i d&#8217;unes il\u00b7lustracions precioses<\/strong>. Estrenada al cinema el 5 de desembre 2018. Recomanada per a nens de 3 a 7 anys. Durada: 52 minuts. Disponible en catal\u00e0 i castell\u00e0. <a href=\"https:\/\/www.ritalucafilms.com\/es\/on-demand\/\" target=\"_blank\" rel=\"noopener\">Veure o comprar<\/a><\/p>\n<p>L&#8217;Ernest \u00e9s un \u00f3s molt gran amb esperit d&#8217;artista i un cor gener\u00f3s. Amb ell viu la Celestine, una rateta \u00f2rfena que fa temps va acollir a casa seva. Junts viuran tota mena d&#8217;aventures mentre es preparen per a l&#8217;arribada de l&#8217;hivern.<\/p>\n<p>Una nova adaptaci\u00f3 dels populars contes infantils de Gabrielle Vincent, plena d&#8217;encant i valors positius, que mant\u00e9 la bellesa de les il\u00b7lustracions originals. Ha estat nominada a diversos premis \ud83d\ude42<br \/>\n<iframe title=\"vimeo-player\" src=\"https:\/\/player.vimeo.com\/video\/408864394\" width=\"640\" height=\"360\" frameborder=\"0\" allowfullscreen=\"allowfullscreen\"><\/iframe><\/p>\n<hr \/>\n<p>&nbsp;<\/p>\n<h3>El Gr\u00fafal<\/h3>\n<p><strong>Ideal per: gaudir en pantalla gran d&#8217;un best-seller universal i enginy\u00f3s<\/strong>. Estrenada al cinema: mar\u00e7 de 2018. Recomanada per a nens de 3 a 6 anys. Durada: 55 minuts. Disponible en catal\u00e0 i castell\u00e0. <a href=\"https:\/\/www.ritalucafilms.com\/es\/on-demand\/\" target=\"_blank\" rel=\"noopener\">Veure o comprar<\/a><\/p>\n<p>Un ratol\u00ed passeja alegrement pel bosc. T\u00e9 molta gana, aix\u00ed que decideix anar a buscar avellanes per fer un bon tiberi. Pel cam\u00ed es troba amb una guineu, un mussol i una serp tan famolencs com ell. Els tres el volen convidar a dinar a casa seva, per\u00f2 el ratol\u00ed, que no es fia per a res de les seves intencions, molt amablement rebutja les invitacions perqu\u00e8 ha quedat amb&#8230; el grufal! Per\u00f2, qu\u00e8 \u00e9s un grufal? Descobreix l&#8217;encantador m\u00f3n del Gr\u00fafal i de la seva filla&#8230; Dues aventures plenes de tendresa i valors de l&#8217;escriptora Julia Donaldson, un referent de la literatura infantil moderna.<br \/>\n<iframe title=\"vimeo-player\" src=\"https:\/\/player.vimeo.com\/video\/408776780\" width=\"640\" height=\"360\" frameborder=\"0\" allowfullscreen=\"allowfullscreen\"><\/iframe><\/p>\n<hr \/>\n<p>&nbsp;<\/p>\n<h3>La Revel\u00b7li\u00f3 dels Contes<\/h3>\n<p><strong>Ideal per: nens i nenes rebels que gaudeixen donant la volta als contes cl\u00e0ssics.<\/strong> Recomanada a partir de 7 anys. Durada: 58 minuts. Disponible en catal\u00e0, castell\u00e0 i VOSE (angl\u00e8s). <a href=\"https:\/\/www.ritalucafilms.com\/es\/on-demand\/\" target=\"_blank\" rel=\"noopener\">Veure o comprar<\/a><\/p>\n<p><strong>La Rebel\u00b7li\u00f3 dels Contes \u00e9s una adaptaci\u00f3 del best-seller de Roald Dahl, &#8220;Revolting Rhymes&#8221;.<\/strong> Recupera personatges i relats cl\u00e0ssics coneguts per tot el m\u00f3n per donar-los la volta i introduir girs enginyosos, sorprenents i rabiosament actuals. L&#8217;adaptaci\u00f3 al cinema respecta l&#8217;esperit transgressor de Roald Dahl i encara va m\u00e9s enll\u00e0 barrejant les hist\u00f2ries entre si per fer una de nova i trepidant. \u00c9s una revisi\u00f3 moderna i pol\u00edticament incorrecta de cl\u00e0ssics de la literatura infantil, una pel\u00b7l\u00edcula irreverent per a nens i nenes desperts i intel\u00b7ligents. <strong>I atenci\u00f3, que va estar nominada als premis OSCAR 2018!!!<\/strong><\/p>\n<p><iframe title=\"vimeo-player\" src=\"https:\/\/player.vimeo.com\/video\/408784658\" width=\"640\" height=\"360\" frameborder=\"0\" allowfullscreen=\"allowfullscreen\"><\/iframe><\/p>\n<hr \/>\n<h3>El Nen i el M\u00f3n<\/h3>\n<p><strong>Ideal per: qui vulgui deixar-se sorprendre per una aut\u00e8ntica joia de l&#8217;animaci\u00f3 contempor\u00e0nia<\/strong>. Recomanada a partir de 7 anys. Durada: 80 minuts. Sense di\u00e0legs. <a href=\"https:\/\/www.ritalucafilms.com\/es\/on-demand\/\" target=\"_blank\" rel=\"noopener\">Veure o comprar<\/a><\/p>\n<p>Un nen petit viu amb la seva fam\u00edlia en una id\u00edl\u00b7lica zona rural del Brasil, fins que el seu pare ha de marxar a treballar a la ciutat. El nen decideix emprendre un viatge per trobar-lo. Una aventura apassionant que el portar\u00e0 a descobrir un altre m\u00f3n controlat per la tecnologia, les m\u00e0quines i els mitjans de comunicaci\u00f3. Una realitat que Cuca es mirar\u00e0 amb els seus ulls de nen, intentant sobreviure sempre de la manera m\u00e9s juganera i innocent.<\/p>\n<p>Un viatge l\u00edric i on\u00edric que il\u00b7lustra els dilemes del m\u00f3n actual sota la mirada innocent d&#8217;un nen. Aquesta pel\u00b7l\u00edcula infantil \u00e9s una excepcional joia de l&#8217;animaci\u00f3 actual que ha <strong>guanyat m\u00faltiples premis i va estar nominada als OSCAR 2016 !!<\/strong><iframe src=\"https:\/\/www.youtube.com\/embed\/fqQ7wJ4qRmM\" width=\"560\" height=\"315\" frameborder=\"0\" allowfullscreen=\"allowfullscreen\"><\/iframe><\/p>\n<h3>Zibila i el poder de les ratlles<\/h3>\n<p>A partir de 3 anys. Genial per als petits. <a href=\"https:\/\/www.ritalucafilms.com\/es\/on-demand\/\" target=\"_blank\" rel=\"noopener\">Veure o comprar<\/a><br \/>\nZibila \u00e9s una zebra que no encaixa en un m\u00f3n de cavalls. \u00c9s adoptada i els seus amics de col\u00b7legi no entenen perqu\u00e8 \u00e9s un &#8220;cavall amb ratlles&#8221;. \u00c9s una tendra hist\u00f2ria sobre la toler\u00e0ncia i l&#8217;acceptaci\u00f3. La vam veure per primera vegada al cinema amb els nostres dos fills i ens va encantar a tots. A m\u00e9s els curts d&#8217;animaci\u00f3 que s&#8217;inclouen despr\u00e9s de la pel\u00b7l\u00edcula s\u00f3n molt bons tamb\u00e9<\/p>\n<p><iframe title=\"vimeo-player\" src=\"https:\/\/player.vimeo.com\/video\/408488680\" width=\"640\" height=\"345\" frameborder=\"0\" allowfullscreen=\"allowfullscreen\"><\/iframe><\/p>\n<hr \/>\n<h3>ZOG dracs i hero\u00efnes<\/h3>\n<p>A partir de 3 anys. Ideal per trencar estereotips i explicar que els dracs poden ser bons i que les nenes poden ser m\u00e9s coses a m\u00e9s de princeses. <a href=\"https:\/\/www.ritalucafilms.com\/es\/on-demand\/\" target=\"_blank\" rel=\"noopener\">Veure o comprar<\/a><\/p>\n<p>Zog \u00e9s un aprenent de drac que va a l&#8217;escola amb altres dracs per aprendre a volar, a menjar princeses i a fer tot el que han de fer els dracs. Per\u00f2 no se li d\u00f3na molt b\u00e9 &#8230; Coneix a una princesa que no vol ser princesa sin\u00f3 que somia amb ser metge o infermera. Es fan amics i junts trenquen molts dels t\u00f2pics de les pel\u00b7l\u00edcules de princeses, cavallers i dracs.<br \/>\nUna peli de 25 minuts, estupenda i divertida.<\/p>\n<p><iframe title=\"vimeo-player\" src=\"https:\/\/player.vimeo.com\/video\/408768686\" width=\"640\" height=\"360\" frameborder=\"0\" allowfullscreen=\"allowfullscreen\"><\/iframe><\/p>\n<hr \/>\n<h3>Room on the broom<\/h3>\n<p>A partir de 3 anys.<br \/>\nEns encanta! Segurament \u00e9s la que m\u00e9s vegades hem vist. I en angl\u00e8s! Perqu\u00e8 en angl\u00e8s les rimes s\u00f3n molt xules. Tamb\u00e9 hi ha un llibre sobre aquesta hist\u00f2ria. \u00c9s una bruixeta simp\u00e0tica que va amb la seva escombra i el seu gat i va trobant altres animals pel cam\u00ed. Junts treballant en equip aconseguiran resoldre els petits problemes que van trobant.<br \/>\nEl millor de la peli \u00e9s la imatge, el so i les rimes en els di\u00e0legs.<br \/>\n\u00c9s una peli curta, d&#8217;uns 20 minuts. Preciosa! Una obra d&#8217;art! Crec que la trobem en angl\u00e8s a <a href=\"https:\/\/www.primevideo.com\/detail\/0M6KIDAZ1N9ESOGFC7HMG2KOB3\/ref=atv_sr_def_c_unkc__1_1_1?sr=1-1&amp;pageTypeIdSource=ASIN&amp;pageTypeId=B078SJ4LWX&amp;qid=1589923450\" target=\"_blank\" rel=\"noopener\">Amazon Prime Video<\/a>.<\/p>\n<p><iframe src=\"https:\/\/www.youtube.com\/embed\/KCnR5kaoMFg\" width=\"560\" height=\"315\" frameborder=\"0\" allowfullscreen=\"allowfullscreen\"><\/iframe><\/p>\n<hr \/>\n<h3><strong>L&#8217;univers en miniatura de No-No<\/strong><\/h3>\n<p>Estrenada a la primavera 2021,\u00a0<strong>\u201cL&#8217;universo en miniatura de No-No\u201d \u00e9s una pel\u00b7l\u00edcula per a\u00a0nens a partir dels 3 anys<\/strong>. \u00c9s tendra, alegre, f\u00e0cil de seguir i entretinguda, i als nostres fills de 3 i 5 anys els hi ha encantat!<\/p>\n<p>Si als vostres fills tamb\u00e9 els hi agraden els animals, disfrutaran amb No-No, un ornitorinc que viu aventures amb els seus amics de bosc: un conill, una tortuga viatgera i una granota ballarina (la nostra preferida). La pel\u00b7l\u00edcula inclou dos episodis de mitja hora cadascun, la qual cosa facilita l&#8217;atenci\u00f3 dels m\u00e9s petits ? Una pel\u00b7l\u00edcula molt recomanable per als m\u00e9s petits de la casa i per a una tarda alegre entre crispetes!<\/p>\n<p>Distribu\u00efda per <a href=\"https:\/\/www.packmagic.cat\/plataformes-digitals\/pack-magic-on-demand\/\" target=\"_blank\" rel=\"noopener\">Pack M\u00e0gic: al seu web<\/a> podeu veure les pel\u00b7l\u00edcules on demand, ja sigui de lloguer o compra.<\/p>\n<p><img data-recalc-dims=\"1\" decoding=\"async\" data-attachment-id=\"10174\" data-permalink=\"https:\/\/locaacademiafamiliar.com\/ca\/2019\/pelicules-de-cinema-infantil-per-a-nens-animacio\/nono-peliculas-infantiles-2-2\/\" data-orig-file=\"https:\/\/i0.wp.com\/locaacademiafamiliar.com\/wp-content\/uploads\/2019\/02\/nono-peliculas-infantiles-2.jpeg?fit=1200%2C675&amp;ssl=1\" data-orig-size=\"1200,675\" data-comments-opened=\"1\" data-image-meta=\"{&quot;aperture&quot;:&quot;0&quot;,&quot;credit&quot;:&quot;&quot;,&quot;camera&quot;:&quot;&quot;,&quot;caption&quot;:&quot;&quot;,&quot;created_timestamp&quot;:&quot;0&quot;,&quot;copyright&quot;:&quot;&quot;,&quot;focal_length&quot;:&quot;0&quot;,&quot;iso&quot;:&quot;0&quot;,&quot;shutter_speed&quot;:&quot;0&quot;,&quot;title&quot;:&quot;&quot;,&quot;orientation&quot;:&quot;1&quot;}\" data-image-title=\"nono peliculas infantiles 2\" data-image-description=\"\" data-image-caption=\"\" data-medium-file=\"https:\/\/i0.wp.com\/locaacademiafamiliar.com\/wp-content\/uploads\/2019\/02\/nono-peliculas-infantiles-2.jpeg?fit=300%2C169&amp;ssl=1\" data-large-file=\"https:\/\/i0.wp.com\/locaacademiafamiliar.com\/wp-content\/uploads\/2019\/02\/nono-peliculas-infantiles-2.jpeg?fit=1024%2C576&amp;ssl=1\" class=\"size-full wp-image-10174 aligncenter\" src=\"https:\/\/i0.wp.com\/locaacademiafamiliar.com\/wp-content\/uploads\/2019\/02\/nono-peliculas-infantiles-2.jpeg?resize=1200%2C675&#038;ssl=1\" alt=\"\" width=\"1200\" height=\"675\" srcset=\"https:\/\/i0.wp.com\/locaacademiafamiliar.com\/wp-content\/uploads\/2019\/02\/nono-peliculas-infantiles-2.jpeg?w=1200&amp;ssl=1 1200w, https:\/\/i0.wp.com\/locaacademiafamiliar.com\/wp-content\/uploads\/2019\/02\/nono-peliculas-infantiles-2.jpeg?resize=300%2C169&amp;ssl=1 300w, https:\/\/i0.wp.com\/locaacademiafamiliar.com\/wp-content\/uploads\/2019\/02\/nono-peliculas-infantiles-2.jpeg?resize=768%2C432&amp;ssl=1 768w, https:\/\/i0.wp.com\/locaacademiafamiliar.com\/wp-content\/uploads\/2019\/02\/nono-peliculas-infantiles-2.jpeg?resize=1024%2C576&amp;ssl=1 1024w, https:\/\/i0.wp.com\/locaacademiafamiliar.com\/wp-content\/uploads\/2019\/02\/nono-peliculas-infantiles-2.jpeg?resize=678%2C381&amp;ssl=1 678w\" sizes=\"(max-width: 1000px) 100vw, 1000px\" \/><\/p>\n<p>&nbsp;<\/p>\n<p>&nbsp;<\/p>\n<p>&nbsp;<\/p>\n<hr \/>\n<p>Coneixeu alguna altra pel\u00b7l\u00edcula d&#8217;animaci\u00f3 per a nens petits que hagi d&#8217;incloure en aquest llistat i que no ens podem perdre? \ud83d\ude42<\/p>\n","protected":false},"excerpt":{"rendered":"<div class=\"mh-excerpt\"><p>Ara que \u00e9s \u00e8poca de fred i de tardes fosques, ve m\u00e9s de gust anar al cinema o veure una peli en fam\u00edlia amb un bol de crispetes \ud83d\ude42 Aqu\u00ed teniu 5 recomanacions de pel\u00b7l\u00edcules infantils per veure amb nens a partir de 3 anys. Totes elles s\u00f3n pel\u00b7l\u00edcules d&#8217;animaci\u00f3 amb qu\u00e8 els nens aprendran alguna cosa positiva \ud83d\ude42 <a class=\"mh-excerpt-more\" href=\"https:\/\/locaacademiafamiliar.com\/ca\/2019\/pelicules-de-cinema-infantil-per-a-nens-animacio\/\" title=\"Recomanacions de pel\u00b7l\u00edcules infantils d&#8217;animaci\u00f3 per a nens de 3-7 anys\">[&#8230;]<\/a><\/p>\n<\/div>","protected":false},"author":1,"featured_media":10174,"comment_status":"open","ping_status":"open","sticky":false,"template":"","format":"standard","meta":{"_monsterinsights_skip_tracking":false,"_monsterinsights_sitenote_active":false,"_monsterinsights_sitenote_note":"","_monsterinsights_sitenote_category":0,"_jetpack_memberships_contains_paid_content":false,"footnotes":""},"categories":[41],"tags":[49,131],"class_list":{"0":"post-6533","1":"post","2":"type-post","3":"status-publish","4":"format-standard","5":"has-post-thumbnail","7":"category-lectura-ca","8":"tag-tres-anys","9":"tag-espectacles"},"yoast_head":"<!-- This site is optimized with the Yoast SEO plugin v26.8 - https:\/\/yoast.com\/product\/yoast-seo-wordpress\/ -->\n<title>Pel\u00b7l\u00edcules de cinema infantil recomanades per a fam\u00edlies amb nens<\/title>\n<meta name=\"description\" content=\"Pel\u00b7l\u00edcules d&#039;animaci\u00f3 recomanades per a nens a partir de 2-3 anys, ideals per a 4-5 anys. Pelis infantils per veure en fam\u00edlia amb missatge positiu.\" \/>\n<meta name=\"robots\" content=\"index, follow, max-snippet:-1, max-image-preview:large, max-video-preview:-1\" \/>\n<link rel=\"canonical\" href=\"https:\/\/locaacademiafamiliar.com\/ca\/2019\/pelicules-de-cinema-infantil-per-a-nens-animacio\/\" \/>\n<meta property=\"og:locale\" content=\"ca_ES\" \/>\n<meta property=\"og:type\" content=\"article\" \/>\n<meta property=\"og:title\" content=\"Pel\u00b7l\u00edcules de cinema infantil recomanades per a fam\u00edlies amb nens\" \/>\n<meta property=\"og:description\" content=\"Pel\u00b7l\u00edcules d&#039;animaci\u00f3 recomanades per a nens a partir de 2-3 anys, ideals per a 4-5 anys. Pelis infantils per veure en fam\u00edlia amb missatge positiu.\" \/>\n<meta property=\"og:url\" content=\"https:\/\/locaacademiafamiliar.com\/ca\/2019\/pelicules-de-cinema-infantil-per-a-nens-animacio\/\" \/>\n<meta property=\"og:site_name\" content=\"Boja Acad\u00e8mia Familiar\" \/>\n<meta property=\"article:publisher\" content=\"https:\/\/www.facebook.com\/LocaAcademiaFamiliar\" \/>\n<meta property=\"article:author\" content=\"http:\/\/www.facebook.com\/locaacademiafamiliar\" \/>\n<meta property=\"article:published_time\" content=\"2019-02-09T14:29:42+00:00\" \/>\n<meta property=\"article:modified_time\" content=\"2021-05-16T14:38:52+00:00\" \/>\n<meta property=\"og:image\" content=\"https:\/\/locaacademiafamiliar.com\/wp-content\/uploads\/2019\/02\/nono-peliculas-infantiles-2.jpeg\" \/>\n\t<meta property=\"og:image:width\" content=\"1200\" \/>\n\t<meta property=\"og:image:height\" content=\"675\" \/>\n\t<meta property=\"og:image:type\" content=\"image\/jpeg\" \/>\n<meta name=\"author\" content=\"Roser\" \/>\n<meta name=\"twitter:card\" content=\"summary_large_image\" \/>\n<meta name=\"twitter:label1\" content=\"Escrit per\" \/>\n\t<meta name=\"twitter:data1\" content=\"Roser\" \/>\n\t<meta name=\"twitter:label2\" content=\"Temps estimat de lectura\" \/>\n\t<meta name=\"twitter:data2\" content=\"7 minuts\" \/>\n<script type=\"application\/ld+json\" class=\"yoast-schema-graph\">{\"@context\":\"https:\/\/schema.org\",\"@graph\":[{\"@type\":\"Article\",\"@id\":\"https:\/\/locaacademiafamiliar.com\/ca\/2019\/pelicules-de-cinema-infantil-per-a-nens-animacio\/#article\",\"isPartOf\":{\"@id\":\"https:\/\/locaacademiafamiliar.com\/ca\/2019\/pelicules-de-cinema-infantil-per-a-nens-animacio\/\"},\"author\":{\"name\":\"Roser\",\"@id\":\"https:\/\/locaacademiafamiliar.com\/ca\/#\/schema\/person\/c38ddbb3d4c6f37be7c9c57b205fdd2d\"},\"headline\":\"Recomanacions de pel\u00b7l\u00edcules infantils d&#8217;animaci\u00f3 per a nens de 3-7 anys\",\"datePublished\":\"2019-02-09T14:29:42+00:00\",\"dateModified\":\"2021-05-16T14:38:52+00:00\",\"mainEntityOfPage\":{\"@id\":\"https:\/\/locaacademiafamiliar.com\/ca\/2019\/pelicules-de-cinema-infantil-per-a-nens-animacio\/\"},\"wordCount\":1438,\"commentCount\":7,\"publisher\":{\"@id\":\"https:\/\/locaacademiafamiliar.com\/ca\/#organization\"},\"image\":{\"@id\":\"https:\/\/locaacademiafamiliar.com\/ca\/2019\/pelicules-de-cinema-infantil-per-a-nens-animacio\/#primaryimage\"},\"thumbnailUrl\":\"https:\/\/i0.wp.com\/locaacademiafamiliar.com\/wp-content\/uploads\/2019\/02\/nono-peliculas-infantiles-2.jpeg?fit=1200%2C675&ssl=1\",\"keywords\":[\"3-6 anys\",\"Espectacles\"],\"articleSection\":[\"Lectura\"],\"inLanguage\":\"ca\",\"potentialAction\":[{\"@type\":\"CommentAction\",\"name\":\"Comment\",\"target\":[\"https:\/\/locaacademiafamiliar.com\/ca\/2019\/pelicules-de-cinema-infantil-per-a-nens-animacio\/#respond\"]}]},{\"@type\":\"WebPage\",\"@id\":\"https:\/\/locaacademiafamiliar.com\/ca\/2019\/pelicules-de-cinema-infantil-per-a-nens-animacio\/\",\"url\":\"https:\/\/locaacademiafamiliar.com\/ca\/2019\/pelicules-de-cinema-infantil-per-a-nens-animacio\/\",\"name\":\"Pel\u00b7l\u00edcules de cinema infantil recomanades per a fam\u00edlies amb nens\",\"isPartOf\":{\"@id\":\"https:\/\/locaacademiafamiliar.com\/ca\/#website\"},\"primaryImageOfPage\":{\"@id\":\"https:\/\/locaacademiafamiliar.com\/ca\/2019\/pelicules-de-cinema-infantil-per-a-nens-animacio\/#primaryimage\"},\"image\":{\"@id\":\"https:\/\/locaacademiafamiliar.com\/ca\/2019\/pelicules-de-cinema-infantil-per-a-nens-animacio\/#primaryimage\"},\"thumbnailUrl\":\"https:\/\/i0.wp.com\/locaacademiafamiliar.com\/wp-content\/uploads\/2019\/02\/nono-peliculas-infantiles-2.jpeg?fit=1200%2C675&ssl=1\",\"datePublished\":\"2019-02-09T14:29:42+00:00\",\"dateModified\":\"2021-05-16T14:38:52+00:00\",\"description\":\"Pel\u00b7l\u00edcules d'animaci\u00f3 recomanades per a nens a partir de 2-3 anys, ideals per a 4-5 anys. Pelis infantils per veure en fam\u00edlia amb missatge positiu.\",\"breadcrumb\":{\"@id\":\"https:\/\/locaacademiafamiliar.com\/ca\/2019\/pelicules-de-cinema-infantil-per-a-nens-animacio\/#breadcrumb\"},\"inLanguage\":\"ca\",\"potentialAction\":[{\"@type\":\"ReadAction\",\"target\":[\"https:\/\/locaacademiafamiliar.com\/ca\/2019\/pelicules-de-cinema-infantil-per-a-nens-animacio\/\"]}]},{\"@type\":\"ImageObject\",\"inLanguage\":\"ca\",\"@id\":\"https:\/\/locaacademiafamiliar.com\/ca\/2019\/pelicules-de-cinema-infantil-per-a-nens-animacio\/#primaryimage\",\"url\":\"https:\/\/i0.wp.com\/locaacademiafamiliar.com\/wp-content\/uploads\/2019\/02\/nono-peliculas-infantiles-2.jpeg?fit=1200%2C675&ssl=1\",\"contentUrl\":\"https:\/\/i0.wp.com\/locaacademiafamiliar.com\/wp-content\/uploads\/2019\/02\/nono-peliculas-infantiles-2.jpeg?fit=1200%2C675&ssl=1\",\"width\":1200,\"height\":675},{\"@type\":\"BreadcrumbList\",\"@id\":\"https:\/\/locaacademiafamiliar.com\/ca\/2019\/pelicules-de-cinema-infantil-per-a-nens-animacio\/#breadcrumb\",\"itemListElement\":[{\"@type\":\"ListItem\",\"position\":1,\"name\":\"Portada\",\"item\":\"https:\/\/locaacademiafamiliar.com\/ca\/\"},{\"@type\":\"ListItem\",\"position\":2,\"name\":\"Recomanacions de pel\u00b7l\u00edcules infantils d&#8217;animaci\u00f3 per a nens de 3-7 anys\"}]},{\"@type\":\"WebSite\",\"@id\":\"https:\/\/locaacademiafamiliar.com\/ca\/#website\",\"url\":\"https:\/\/locaacademiafamiliar.com\/ca\/\",\"name\":\"Boja Acad\u00e8mia Familiar\",\"description\":\"El blog de crianza con el que pap\u00e1s y mam\u00e1s salen mejor preparados para su rutina familiar diaria\",\"publisher\":{\"@id\":\"https:\/\/locaacademiafamiliar.com\/ca\/#organization\"},\"potentialAction\":[{\"@type\":\"SearchAction\",\"target\":{\"@type\":\"EntryPoint\",\"urlTemplate\":\"https:\/\/locaacademiafamiliar.com\/ca\/?s={search_term_string}\"},\"query-input\":{\"@type\":\"PropertyValueSpecification\",\"valueRequired\":true,\"valueName\":\"search_term_string\"}}],\"inLanguage\":\"ca\"},{\"@type\":\"Organization\",\"@id\":\"https:\/\/locaacademiafamiliar.com\/ca\/#organization\",\"name\":\"LocaAcademiaFamiliar.com\",\"url\":\"https:\/\/locaacademiafamiliar.com\/ca\/\",\"logo\":{\"@type\":\"ImageObject\",\"inLanguage\":\"ca\",\"@id\":\"https:\/\/locaacademiafamiliar.com\/ca\/#\/schema\/logo\/image\/\",\"url\":\"https:\/\/locaacademiafamiliar.com\/wp-content\/uploads\/2020\/01\/logo-loca-academia-familiar.jpg\",\"contentUrl\":\"https:\/\/locaacademiafamiliar.com\/wp-content\/uploads\/2020\/01\/logo-loca-academia-familiar.jpg\",\"width\":960,\"height\":960,\"caption\":\"LocaAcademiaFamiliar.com\"},\"image\":{\"@id\":\"https:\/\/locaacademiafamiliar.com\/ca\/#\/schema\/logo\/image\/\"},\"sameAs\":[\"https:\/\/www.facebook.com\/LocaAcademiaFamiliar\"]},{\"@type\":\"Person\",\"@id\":\"https:\/\/locaacademiafamiliar.com\/ca\/#\/schema\/person\/c38ddbb3d4c6f37be7c9c57b205fdd2d\",\"name\":\"Roser\",\"image\":{\"@type\":\"ImageObject\",\"inLanguage\":\"ca\",\"@id\":\"https:\/\/locaacademiafamiliar.com\/ca\/#\/schema\/person\/image\/\",\"url\":\"https:\/\/secure.gravatar.com\/avatar\/505f69c7969f855daaa0f97fb5b0b6b2?s=96&d=mm&r=g\",\"contentUrl\":\"https:\/\/secure.gravatar.com\/avatar\/505f69c7969f855daaa0f97fb5b0b6b2?s=96&d=mm&r=g\",\"caption\":\"Roser\"},\"description\":\"\u00a1Hola soy Roser! Mam\u00e1 de una ni\u00f1a preciosa y muy movida, nacida en agosto 2015; y de un ni\u00f1o guap\u00edsimo y valiente nacido en octubre 2017. Antes estaba \\\"sempre viaggiando\\\" y ahora estoy siempre jugando, cantando y saltando. Llevo 10 a\u00f1os como blogger de viajes y vivo en Olot, Girona. Si quieres estar informado de los eventos y actividades para familias con ni\u00f1os en Catalunya, haz click aqu\u00ed para apuntarte a nuestra newsletter.\",\"sameAs\":[\"http:\/\/www.locaacademiafamiliar.com\",\"http:\/\/www.facebook.com\/locaacademiafamiliar\"],\"url\":\"https:\/\/locaacademiafamiliar.com\/ca\/author\/roser\/\"}]}<\/script>\n<!-- \/ Yoast SEO plugin. -->","yoast_head_json":{"title":"Pel\u00b7l\u00edcules de cinema infantil recomanades per a fam\u00edlies amb nens","description":"Pel\u00b7l\u00edcules d'animaci\u00f3 recomanades per a nens a partir de 2-3 anys, ideals per a 4-5 anys. Pelis infantils per veure en fam\u00edlia amb missatge positiu.","robots":{"index":"index","follow":"follow","max-snippet":"max-snippet:-1","max-image-preview":"max-image-preview:large","max-video-preview":"max-video-preview:-1"},"canonical":"https:\/\/locaacademiafamiliar.com\/ca\/2019\/pelicules-de-cinema-infantil-per-a-nens-animacio\/","og_locale":"ca_ES","og_type":"article","og_title":"Pel\u00b7l\u00edcules de cinema infantil recomanades per a fam\u00edlies amb nens","og_description":"Pel\u00b7l\u00edcules d'animaci\u00f3 recomanades per a nens a partir de 2-3 anys, ideals per a 4-5 anys. Pelis infantils per veure en fam\u00edlia amb missatge positiu.","og_url":"https:\/\/locaacademiafamiliar.com\/ca\/2019\/pelicules-de-cinema-infantil-per-a-nens-animacio\/","og_site_name":"Boja Acad\u00e8mia Familiar","article_publisher":"https:\/\/www.facebook.com\/LocaAcademiaFamiliar","article_author":"http:\/\/www.facebook.com\/locaacademiafamiliar","article_published_time":"2019-02-09T14:29:42+00:00","article_modified_time":"2021-05-16T14:38:52+00:00","og_image":[{"width":1200,"height":675,"url":"https:\/\/locaacademiafamiliar.com\/wp-content\/uploads\/2019\/02\/nono-peliculas-infantiles-2.jpeg","type":"image\/jpeg"}],"author":"Roser","twitter_card":"summary_large_image","twitter_misc":{"Escrit per":"Roser","Temps estimat de lectura":"7 minuts"},"schema":{"@context":"https:\/\/schema.org","@graph":[{"@type":"Article","@id":"https:\/\/locaacademiafamiliar.com\/ca\/2019\/pelicules-de-cinema-infantil-per-a-nens-animacio\/#article","isPartOf":{"@id":"https:\/\/locaacademiafamiliar.com\/ca\/2019\/pelicules-de-cinema-infantil-per-a-nens-animacio\/"},"author":{"name":"Roser","@id":"https:\/\/locaacademiafamiliar.com\/ca\/#\/schema\/person\/c38ddbb3d4c6f37be7c9c57b205fdd2d"},"headline":"Recomanacions de pel\u00b7l\u00edcules infantils d&#8217;animaci\u00f3 per a nens de 3-7 anys","datePublished":"2019-02-09T14:29:42+00:00","dateModified":"2021-05-16T14:38:52+00:00","mainEntityOfPage":{"@id":"https:\/\/locaacademiafamiliar.com\/ca\/2019\/pelicules-de-cinema-infantil-per-a-nens-animacio\/"},"wordCount":1438,"commentCount":7,"publisher":{"@id":"https:\/\/locaacademiafamiliar.com\/ca\/#organization"},"image":{"@id":"https:\/\/locaacademiafamiliar.com\/ca\/2019\/pelicules-de-cinema-infantil-per-a-nens-animacio\/#primaryimage"},"thumbnailUrl":"https:\/\/i0.wp.com\/locaacademiafamiliar.com\/wp-content\/uploads\/2019\/02\/nono-peliculas-infantiles-2.jpeg?fit=1200%2C675&ssl=1","keywords":["3-6 anys","Espectacles"],"articleSection":["Lectura"],"inLanguage":"ca","potentialAction":[{"@type":"CommentAction","name":"Comment","target":["https:\/\/locaacademiafamiliar.com\/ca\/2019\/pelicules-de-cinema-infantil-per-a-nens-animacio\/#respond"]}]},{"@type":"WebPage","@id":"https:\/\/locaacademiafamiliar.com\/ca\/2019\/pelicules-de-cinema-infantil-per-a-nens-animacio\/","url":"https:\/\/locaacademiafamiliar.com\/ca\/2019\/pelicules-de-cinema-infantil-per-a-nens-animacio\/","name":"Pel\u00b7l\u00edcules de cinema infantil recomanades per a fam\u00edlies amb nens","isPartOf":{"@id":"https:\/\/locaacademiafamiliar.com\/ca\/#website"},"primaryImageOfPage":{"@id":"https:\/\/locaacademiafamiliar.com\/ca\/2019\/pelicules-de-cinema-infantil-per-a-nens-animacio\/#primaryimage"},"image":{"@id":"https:\/\/locaacademiafamiliar.com\/ca\/2019\/pelicules-de-cinema-infantil-per-a-nens-animacio\/#primaryimage"},"thumbnailUrl":"https:\/\/i0.wp.com\/locaacademiafamiliar.com\/wp-content\/uploads\/2019\/02\/nono-peliculas-infantiles-2.jpeg?fit=1200%2C675&ssl=1","datePublished":"2019-02-09T14:29:42+00:00","dateModified":"2021-05-16T14:38:52+00:00","description":"Pel\u00b7l\u00edcules d'animaci\u00f3 recomanades per a nens a partir de 2-3 anys, ideals per a 4-5 anys. Pelis infantils per veure en fam\u00edlia amb missatge positiu.","breadcrumb":{"@id":"https:\/\/locaacademiafamiliar.com\/ca\/2019\/pelicules-de-cinema-infantil-per-a-nens-animacio\/#breadcrumb"},"inLanguage":"ca","potentialAction":[{"@type":"ReadAction","target":["https:\/\/locaacademiafamiliar.com\/ca\/2019\/pelicules-de-cinema-infantil-per-a-nens-animacio\/"]}]},{"@type":"ImageObject","inLanguage":"ca","@id":"https:\/\/locaacademiafamiliar.com\/ca\/2019\/pelicules-de-cinema-infantil-per-a-nens-animacio\/#primaryimage","url":"https:\/\/i0.wp.com\/locaacademiafamiliar.com\/wp-content\/uploads\/2019\/02\/nono-peliculas-infantiles-2.jpeg?fit=1200%2C675&ssl=1","contentUrl":"https:\/\/i0.wp.com\/locaacademiafamiliar.com\/wp-content\/uploads\/2019\/02\/nono-peliculas-infantiles-2.jpeg?fit=1200%2C675&ssl=1","width":1200,"height":675},{"@type":"BreadcrumbList","@id":"https:\/\/locaacademiafamiliar.com\/ca\/2019\/pelicules-de-cinema-infantil-per-a-nens-animacio\/#breadcrumb","itemListElement":[{"@type":"ListItem","position":1,"name":"Portada","item":"https:\/\/locaacademiafamiliar.com\/ca\/"},{"@type":"ListItem","position":2,"name":"Recomanacions de pel\u00b7l\u00edcules infantils d&#8217;animaci\u00f3 per a nens de 3-7 anys"}]},{"@type":"WebSite","@id":"https:\/\/locaacademiafamiliar.com\/ca\/#website","url":"https:\/\/locaacademiafamiliar.com\/ca\/","name":"Boja Acad\u00e8mia Familiar","description":"El blog de crianza con el que pap\u00e1s y mam\u00e1s salen mejor preparados para su rutina familiar diaria","publisher":{"@id":"https:\/\/locaacademiafamiliar.com\/ca\/#organization"},"potentialAction":[{"@type":"SearchAction","target":{"@type":"EntryPoint","urlTemplate":"https:\/\/locaacademiafamiliar.com\/ca\/?s={search_term_string}"},"query-input":{"@type":"PropertyValueSpecification","valueRequired":true,"valueName":"search_term_string"}}],"inLanguage":"ca"},{"@type":"Organization","@id":"https:\/\/locaacademiafamiliar.com\/ca\/#organization","name":"LocaAcademiaFamiliar.com","url":"https:\/\/locaacademiafamiliar.com\/ca\/","logo":{"@type":"ImageObject","inLanguage":"ca","@id":"https:\/\/locaacademiafamiliar.com\/ca\/#\/schema\/logo\/image\/","url":"https:\/\/locaacademiafamiliar.com\/wp-content\/uploads\/2020\/01\/logo-loca-academia-familiar.jpg","contentUrl":"https:\/\/locaacademiafamiliar.com\/wp-content\/uploads\/2020\/01\/logo-loca-academia-familiar.jpg","width":960,"height":960,"caption":"LocaAcademiaFamiliar.com"},"image":{"@id":"https:\/\/locaacademiafamiliar.com\/ca\/#\/schema\/logo\/image\/"},"sameAs":["https:\/\/www.facebook.com\/LocaAcademiaFamiliar"]},{"@type":"Person","@id":"https:\/\/locaacademiafamiliar.com\/ca\/#\/schema\/person\/c38ddbb3d4c6f37be7c9c57b205fdd2d","name":"Roser","image":{"@type":"ImageObject","inLanguage":"ca","@id":"https:\/\/locaacademiafamiliar.com\/ca\/#\/schema\/person\/image\/","url":"https:\/\/secure.gravatar.com\/avatar\/505f69c7969f855daaa0f97fb5b0b6b2?s=96&d=mm&r=g","contentUrl":"https:\/\/secure.gravatar.com\/avatar\/505f69c7969f855daaa0f97fb5b0b6b2?s=96&d=mm&r=g","caption":"Roser"},"description":"\u00a1Hola soy Roser! Mam\u00e1 de una ni\u00f1a preciosa y muy movida, nacida en agosto 2015; y de un ni\u00f1o guap\u00edsimo y valiente nacido en octubre 2017. Antes estaba \"sempre viaggiando\" y ahora estoy siempre jugando, cantando y saltando. Llevo 10 a\u00f1os como blogger de viajes y vivo en Olot, Girona. Si quieres estar informado de los eventos y actividades para familias con ni\u00f1os en Catalunya, haz click aqu\u00ed para apuntarte a nuestra newsletter.","sameAs":["http:\/\/www.locaacademiafamiliar.com","http:\/\/www.facebook.com\/locaacademiafamiliar"],"url":"https:\/\/locaacademiafamiliar.com\/ca\/author\/roser\/"}]}},"jetpack_featured_media_url":"https:\/\/i0.wp.com\/locaacademiafamiliar.com\/wp-content\/uploads\/2019\/02\/nono-peliculas-infantiles-2.jpeg?fit=1200%2C675&ssl=1","jetpack_sharing_enabled":true,"amp_enabled":true,"_links":{"self":[{"href":"https:\/\/locaacademiafamiliar.com\/ca\/wp-json\/wp\/v2\/posts\/6533","targetHints":{"allow":["GET"]}}],"collection":[{"href":"https:\/\/locaacademiafamiliar.com\/ca\/wp-json\/wp\/v2\/posts"}],"about":[{"href":"https:\/\/locaacademiafamiliar.com\/ca\/wp-json\/wp\/v2\/types\/post"}],"author":[{"embeddable":true,"href":"https:\/\/locaacademiafamiliar.com\/ca\/wp-json\/wp\/v2\/users\/1"}],"replies":[{"embeddable":true,"href":"https:\/\/locaacademiafamiliar.com\/ca\/wp-json\/wp\/v2\/comments?post=6533"}],"version-history":[{"count":0,"href":"https:\/\/locaacademiafamiliar.com\/ca\/wp-json\/wp\/v2\/posts\/6533\/revisions"}],"wp:featuredmedia":[{"embeddable":true,"href":"https:\/\/locaacademiafamiliar.com\/ca\/wp-json\/wp\/v2\/media\/10174"}],"wp:attachment":[{"href":"https:\/\/locaacademiafamiliar.com\/ca\/wp-json\/wp\/v2\/media?parent=6533"}],"wp:term":[{"taxonomy":"category","embeddable":true,"href":"https:\/\/locaacademiafamiliar.com\/ca\/wp-json\/wp\/v2\/categories?post=6533"},{"taxonomy":"post_tag","embeddable":true,"href":"https:\/\/locaacademiafamiliar.com\/ca\/wp-json\/wp\/v2\/tags?post=6533"}],"curies":[{"name":"wp","href":"https:\/\/api.w.org\/{rel}","templated":true}]}}