{"id":6689,"date":"2019-02-25T13:32:55","date_gmt":"2019-02-25T13:32:55","guid":{"rendered":"https:\/\/locaacademiafamiliar.com\/?p=6689"},"modified":"2019-02-25T13:33:57","modified_gmt":"2019-02-25T13:33:57","slug":"sortim-de-festa-amb-party-family-a-barcelona","status":"publish","type":"post","link":"https:\/\/locaacademiafamiliar.com\/ca\/2019\/sortim-de-festa-amb-party-family-a-barcelona\/","title":{"rendered":"Sortim de festa amb Party Family a Barcelona"},"content":{"rendered":"<p>Fa poc ha sigut<strong> l&#8217;aniversari de la nostra filla gran<\/strong>&#8230; ja s\u00f3n 6 anys!<\/p>\n<p>Hem fet una<strong> celebraci\u00f3 molt especial<\/strong> per a nosaltres; ho vaig trobar per casualitat i el dest\u00ed va voler que fos el mateix dia del seu aniversari. Hem anat a&#8230;<\/p>\n<h3 style=\"text-align: center;\">&#8230; una Party Family!<\/h3>\n<p><strong>Qu\u00e8 \u00e9s una <a href=\"http:\/\/partyfamily.es\/\">Party Family<\/a>? Una sessi\u00f3 de DJ per a tota la fam\u00edlia a la m\u00edtica sala Luz de Gas de Barcelona.<\/strong> No podia pensar en un millor pla per la festa d&#8217;aniversari \ud83d\ude42<\/p>\n<p><img data-recalc-dims=\"1\" decoding=\"async\" class=\"aligncenter size-large wp-image-6671\" src=\"https:\/\/i0.wp.com\/locaacademiafamiliar.com\/wp-content\/uploads\/2019\/02\/party-family-luz-de-gas-barcelona-7-1024x768.jpg?resize=1024%2C768&#038;ssl=1\" alt=\"\" width=\"1024\" height=\"768\" srcset=\"https:\/\/i0.wp.com\/locaacademiafamiliar.com\/wp-content\/uploads\/2019\/02\/party-family-luz-de-gas-barcelona-7.jpg?resize=1024%2C768&amp;ssl=1 1024w, https:\/\/i0.wp.com\/locaacademiafamiliar.com\/wp-content\/uploads\/2019\/02\/party-family-luz-de-gas-barcelona-7.jpg?resize=300%2C225&amp;ssl=1 300w, https:\/\/i0.wp.com\/locaacademiafamiliar.com\/wp-content\/uploads\/2019\/02\/party-family-luz-de-gas-barcelona-7.jpg?resize=768%2C576&amp;ssl=1 768w, https:\/\/i0.wp.com\/locaacademiafamiliar.com\/wp-content\/uploads\/2019\/02\/party-family-luz-de-gas-barcelona-7.jpg?resize=678%2C509&amp;ssl=1 678w, https:\/\/i0.wp.com\/locaacademiafamiliar.com\/wp-content\/uploads\/2019\/02\/party-family-luz-de-gas-barcelona-7.jpg?resize=326%2C245&amp;ssl=1 326w, https:\/\/i0.wp.com\/locaacademiafamiliar.com\/wp-content\/uploads\/2019\/02\/party-family-luz-de-gas-barcelona-7.jpg?resize=80%2C60&amp;ssl=1 80w, https:\/\/i0.wp.com\/locaacademiafamiliar.com\/wp-content\/uploads\/2019\/02\/party-family-luz-de-gas-barcelona-7.jpg?w=1333&amp;ssl=1 1333w\" sizes=\"(max-width: 1000px) 100vw, 1000px\" \/><\/p>\n<p><strong>Vam anar tota la fam\u00edlia de festa: avis, tiets, pares, cosins<\/strong>&#8230; Crec que \u00e9s una gran primera experi\u00e8ncia per a tots els nens de la nostra fam\u00edlia. Fins i tot les grans (de 10 anys) estaven encantades de poder<strong> entrar a una discoteca d&#8217;adults i els avis de poder compartir alguna cosa aix\u00ed amb les seves n\u00e9tes.<\/strong><\/p>\n<p>Vam anar-hi amb tramvia perqu\u00e8<strong> la sala Luz de Gas est\u00e0 molt c\u00e8ntrica (al costat de la Pla\u00e7a Francesc Maci\u00e0 de Barcelona<\/strong>) i aix\u00ed ja comen\u00e7\u00e0vem la festa de cam\u00ed. Vam arribar ben puntuals, a la cua d&#8217;entrada totes les nenes ja estaven emocionades perdudes \ud83d\ude42<\/p>\n<p>A les 17 h van obrir la porta i vam comen\u00e7ar a tafanejar per tota la sala. El primer que vam fer va ser<strong> el pintacares<\/strong> i vam encertar perqu\u00e8 despr\u00e9s la cua ja era m\u00e9s llarga, ja ben arreglades ens vam fer fotos al <strong>photocall<\/strong>.<\/p>\n<p><strong>Vam escriure les nostres can\u00e7ons preferides en una de les parets<\/strong> mentre an\u00e0vem gaudint de la m\u00fasica ambient. Per cert, em va encantar que el<strong> guarda-roba fos gratis per\u00f2 el millor \u00e9s que es converteix en un p\u00e0rquing de cotxets \ud83d\ude42<\/strong><\/p>\n<div class=\"tiled-gallery type-rectangular tiled-gallery-unresized\" data-original-width=\"500\" data-carousel-extra='{&quot;blog_id&quot;:1,&quot;permalink&quot;:&quot;https:\\\/\\\/locaacademiafamiliar.com\\\/ca\\\/2019\\\/sortim-de-festa-amb-party-family-a-barcelona\\\/&quot;,&quot;likes_blog_id&quot;:119488531}' itemscope itemtype=\"http:\/\/schema.org\/ImageGallery\" > <div class=\"gallery-row\" style=\"width: 500px; height: 240px;\" data-original-width=\"500\" data-original-height=\"240\" > <div class=\"gallery-group images-1\" style=\"width: 181px; height: 240px;\" data-original-width=\"181\" data-original-height=\"240\" > <div class=\"tiled-gallery-item tiled-gallery-item-small\" itemprop=\"associatedMedia\" itemscope itemtype=\"http:\/\/schema.org\/ImageObject\"> <a href=\"https:\/\/locaacademiafamiliar.com\/ca\/2019\/sortim-de-festa-amb-party-family-a-barcelona\/party-family-luz-de-gas-barcelona-1-2\/\" border=\"0\" itemprop=\"url\"> <meta itemprop=\"width\" content=\"177\"> <meta itemprop=\"height\" content=\"236\"> <img decoding=\"async\" class=\"\" data-attachment-id=\"6660\" data-orig-file=\"https:\/\/locaacademiafamiliar.com\/wp-content\/uploads\/2019\/02\/party-family-luz-de-gas-barcelona-1.jpg\" data-orig-size=\"1500,2000\" data-comments-opened=\"1\" data-image-meta=\"{&quot;aperture&quot;:&quot;2.2&quot;,&quot;credit&quot;:&quot;&quot;,&quot;camera&quot;:&quot;Aquaris U&quot;,&quot;caption&quot;:&quot;&quot;,&quot;created_timestamp&quot;:&quot;1550337651&quot;,&quot;copyright&quot;:&quot;&quot;,&quot;focal_length&quot;:&quot;3.4&quot;,&quot;iso&quot;:&quot;190&quot;,&quot;shutter_speed&quot;:&quot;0.03448275862069&quot;,&quot;title&quot;:&quot;&quot;,&quot;orientation&quot;:&quot;1&quot;}\" data-image-title=\"party family luz de gas barcelona 1\" data-image-description=\"\" data-medium-file=\"https:\/\/i0.wp.com\/locaacademiafamiliar.com\/wp-content\/uploads\/2019\/02\/party-family-luz-de-gas-barcelona-1.jpg?fit=225%2C300&#038;ssl=1\" data-large-file=\"https:\/\/i0.wp.com\/locaacademiafamiliar.com\/wp-content\/uploads\/2019\/02\/party-family-luz-de-gas-barcelona-1.jpg?fit=768%2C1024&#038;ssl=1\" src=\"https:\/\/i0.wp.com\/locaacademiafamiliar.com\/wp-content\/uploads\/2019\/02\/party-family-luz-de-gas-barcelona-1.jpg?w=177&#038;h=236&#038;ssl=1\" srcset=\"https:\/\/i0.wp.com\/locaacademiafamiliar.com\/wp-content\/uploads\/2019\/02\/party-family-luz-de-gas-barcelona-1.jpg?w=1500&amp;ssl=1 1500w, https:\/\/i0.wp.com\/locaacademiafamiliar.com\/wp-content\/uploads\/2019\/02\/party-family-luz-de-gas-barcelona-1.jpg?resize=225%2C300&amp;ssl=1 225w, https:\/\/i0.wp.com\/locaacademiafamiliar.com\/wp-content\/uploads\/2019\/02\/party-family-luz-de-gas-barcelona-1.jpg?resize=768%2C1024&amp;ssl=1 768w\" width=\"177\" height=\"236\" loading=\"lazy\" data-original-width=\"177\" data-original-height=\"236\" itemprop=\"http:\/\/schema.org\/image\" title=\"party family luz de gas barcelona 1\" alt=\"party family luz de gas barcelona 1\" style=\"width: 177px; height: 236px;\" \/> <\/a> <\/div> <\/div> <!-- close group --> <div class=\"gallery-group images-1\" style=\"width: 319px; height: 240px;\" data-original-width=\"319\" data-original-height=\"240\" > <div class=\"tiled-gallery-item tiled-gallery-item-large\" itemprop=\"associatedMedia\" itemscope itemtype=\"http:\/\/schema.org\/ImageObject\"> <a href=\"https:\/\/locaacademiafamiliar.com\/ca\/2019\/sortim-de-festa-amb-party-family-a-barcelona\/party-family-luz-de-gas-barcelona-13-2\/\" border=\"0\" itemprop=\"url\"> <meta itemprop=\"width\" content=\"315\"> <meta itemprop=\"height\" content=\"236\"> <img decoding=\"async\" class=\"\" data-attachment-id=\"6684\" data-orig-file=\"https:\/\/locaacademiafamiliar.com\/wp-content\/uploads\/2019\/02\/party-family-luz-de-gas-barcelona-13.jpg\" data-orig-size=\"2000,1500\" data-comments-opened=\"1\" data-image-meta=\"{&quot;aperture&quot;:&quot;2.2&quot;,&quot;credit&quot;:&quot;&quot;,&quot;camera&quot;:&quot;Aquaris U&quot;,&quot;caption&quot;:&quot;&quot;,&quot;created_timestamp&quot;:&quot;1550338111&quot;,&quot;copyright&quot;:&quot;&quot;,&quot;focal_length&quot;:&quot;3.4&quot;,&quot;iso&quot;:&quot;806&quot;,&quot;shutter_speed&quot;:&quot;0.071428571428571&quot;,&quot;title&quot;:&quot;&quot;,&quot;orientation&quot;:&quot;1&quot;}\" data-image-title=\"party family luz de gas barcelona 13\" data-image-description=\"\" data-medium-file=\"https:\/\/i0.wp.com\/locaacademiafamiliar.com\/wp-content\/uploads\/2019\/02\/party-family-luz-de-gas-barcelona-13.jpg?fit=300%2C225&#038;ssl=1\" data-large-file=\"https:\/\/i0.wp.com\/locaacademiafamiliar.com\/wp-content\/uploads\/2019\/02\/party-family-luz-de-gas-barcelona-13.jpg?fit=1024%2C768&#038;ssl=1\" src=\"https:\/\/i0.wp.com\/locaacademiafamiliar.com\/wp-content\/uploads\/2019\/02\/party-family-luz-de-gas-barcelona-13.jpg?w=315&#038;h=236&#038;ssl=1\" srcset=\"https:\/\/i0.wp.com\/locaacademiafamiliar.com\/wp-content\/uploads\/2019\/02\/party-family-luz-de-gas-barcelona-13.jpg?w=2000&amp;ssl=1 2000w, https:\/\/i0.wp.com\/locaacademiafamiliar.com\/wp-content\/uploads\/2019\/02\/party-family-luz-de-gas-barcelona-13.jpg?resize=300%2C225&amp;ssl=1 300w, https:\/\/i0.wp.com\/locaacademiafamiliar.com\/wp-content\/uploads\/2019\/02\/party-family-luz-de-gas-barcelona-13.jpg?resize=768%2C576&amp;ssl=1 768w, https:\/\/i0.wp.com\/locaacademiafamiliar.com\/wp-content\/uploads\/2019\/02\/party-family-luz-de-gas-barcelona-13.jpg?resize=1024%2C768&amp;ssl=1 1024w, https:\/\/i0.wp.com\/locaacademiafamiliar.com\/wp-content\/uploads\/2019\/02\/party-family-luz-de-gas-barcelona-13.jpg?resize=678%2C509&amp;ssl=1 678w, https:\/\/i0.wp.com\/locaacademiafamiliar.com\/wp-content\/uploads\/2019\/02\/party-family-luz-de-gas-barcelona-13.jpg?resize=326%2C245&amp;ssl=1 326w, https:\/\/i0.wp.com\/locaacademiafamiliar.com\/wp-content\/uploads\/2019\/02\/party-family-luz-de-gas-barcelona-13.jpg?resize=80%2C60&amp;ssl=1 80w\" width=\"315\" height=\"236\" loading=\"lazy\" data-original-width=\"315\" data-original-height=\"236\" itemprop=\"http:\/\/schema.org\/image\" title=\"party family luz de gas barcelona 13\" alt=\"party family luz de gas barcelona 13\" style=\"width: 315px; height: 236px;\" \/> <\/a> <\/div> <\/div> <!-- close group --> <\/div> <!-- close row --> <\/div>\n<p>En aquesta estona, amb la m\u00fasica, les nostres nenes ja ballaven i aviat van dir que tenien set. <strong>Aqu\u00ed va arribar una de les guindes: els Mocktails.<\/strong> Les grans es van demanar un Pantera Rosa i una Pinya Colada per\u00f2 a la meva filla \u00cd no li agradaven, i el cambrer molt amablement<strong> li va deixar provar un glopet de San Francisco\u00a0<\/strong>que li va encantar! Jo tamb\u00e9 vaig beure un San Francisco que estava molt b\u00e9, \u00e9s un gran detall per als petits.<\/p>\n<p>Amb els Mocktails a la m\u00e0 vam<strong> pujar a la sala del pis de dalt a prendre&#8217;ns-el tranquil\u00b7lament.<\/strong> \u00c9s una zona alta tancada amb una fant\u00e0stica vidriera que amorteix el so i d\u00f3na lloc a un<strong> ambient m\u00e9s tranquil que et permet veure tot el que succeeix a la pista<\/strong>, <strong>a m\u00e9s compta amb seients c\u00f2modes i petites tauletes.<\/strong> A les nenes els hi va fer molta gr\u00e0cia poder prendre la seva beguda en aquest ambient diferent, donava lloc a un moment maco.<\/p>\n<div class=\"tiled-gallery type-rectangular tiled-gallery-unresized\" data-original-width=\"500\" data-carousel-extra='{&quot;blog_id&quot;:1,&quot;permalink&quot;:&quot;https:\\\/\\\/locaacademiafamiliar.com\\\/ca\\\/2019\\\/sortim-de-festa-amb-party-family-a-barcelona\\\/&quot;,&quot;likes_blog_id&quot;:119488531}' itemscope itemtype=\"http:\/\/schema.org\/ImageGallery\" > <div class=\"gallery-row\" style=\"width: 500px; height: 240px;\" data-original-width=\"500\" data-original-height=\"240\" > <div class=\"gallery-group images-1\" style=\"width: 181px; height: 240px;\" data-original-width=\"181\" data-original-height=\"240\" > <div class=\"tiled-gallery-item tiled-gallery-item-small\" itemprop=\"associatedMedia\" itemscope itemtype=\"http:\/\/schema.org\/ImageObject\"> <a href=\"https:\/\/locaacademiafamiliar.com\/ca\/2019\/sortim-de-festa-amb-party-family-a-barcelona\/party-family-luz-de-gas-barcelona-10-2\/\" border=\"0\" itemprop=\"url\"> <meta itemprop=\"width\" content=\"177\"> <meta itemprop=\"height\" content=\"236\"> <img decoding=\"async\" class=\"\" data-attachment-id=\"6678\" data-orig-file=\"https:\/\/locaacademiafamiliar.com\/wp-content\/uploads\/2019\/02\/party-family-luz-de-gas-barcelona-10.jpg\" data-orig-size=\"1500,2000\" data-comments-opened=\"1\" data-image-meta=\"{&quot;aperture&quot;:&quot;2.2&quot;,&quot;credit&quot;:&quot;&quot;,&quot;camera&quot;:&quot;Aquaris U&quot;,&quot;caption&quot;:&quot;&quot;,&quot;created_timestamp&quot;:&quot;1550339414&quot;,&quot;copyright&quot;:&quot;&quot;,&quot;focal_length&quot;:&quot;3.4&quot;,&quot;iso&quot;:&quot;356&quot;,&quot;shutter_speed&quot;:&quot;0.03448275862069&quot;,&quot;title&quot;:&quot;&quot;,&quot;orientation&quot;:&quot;1&quot;}\" data-image-title=\"party family luz de gas barcelona 10\" data-image-description=\"\" data-medium-file=\"https:\/\/i0.wp.com\/locaacademiafamiliar.com\/wp-content\/uploads\/2019\/02\/party-family-luz-de-gas-barcelona-10.jpg?fit=225%2C300&#038;ssl=1\" data-large-file=\"https:\/\/i0.wp.com\/locaacademiafamiliar.com\/wp-content\/uploads\/2019\/02\/party-family-luz-de-gas-barcelona-10.jpg?fit=768%2C1024&#038;ssl=1\" src=\"https:\/\/i0.wp.com\/locaacademiafamiliar.com\/wp-content\/uploads\/2019\/02\/party-family-luz-de-gas-barcelona-10.jpg?w=177&#038;h=236&#038;ssl=1\" srcset=\"https:\/\/i0.wp.com\/locaacademiafamiliar.com\/wp-content\/uploads\/2019\/02\/party-family-luz-de-gas-barcelona-10.jpg?w=1500&amp;ssl=1 1500w, https:\/\/i0.wp.com\/locaacademiafamiliar.com\/wp-content\/uploads\/2019\/02\/party-family-luz-de-gas-barcelona-10.jpg?resize=225%2C300&amp;ssl=1 225w, https:\/\/i0.wp.com\/locaacademiafamiliar.com\/wp-content\/uploads\/2019\/02\/party-family-luz-de-gas-barcelona-10.jpg?resize=768%2C1024&amp;ssl=1 768w\" width=\"177\" height=\"236\" loading=\"lazy\" data-original-width=\"177\" data-original-height=\"236\" itemprop=\"http:\/\/schema.org\/image\" title=\"party family luz de gas barcelona 10\" alt=\"party family luz de gas barcelona 10\" style=\"width: 177px; height: 236px;\" \/> <\/a> <\/div> <\/div> <!-- close group --> <div class=\"gallery-group images-1\" style=\"width: 319px; height: 240px;\" data-original-width=\"319\" data-original-height=\"240\" > <div class=\"tiled-gallery-item tiled-gallery-item-large\" itemprop=\"associatedMedia\" itemscope itemtype=\"http:\/\/schema.org\/ImageObject\"> <a href=\"https:\/\/locaacademiafamiliar.com\/ca\/2019\/sortim-de-festa-amb-party-family-a-barcelona\/party-family-luz-de-gas-barcelona-12-2\/\" border=\"0\" itemprop=\"url\"> <meta itemprop=\"width\" content=\"315\"> <meta itemprop=\"height\" content=\"236\"> <img decoding=\"async\" class=\"\" data-attachment-id=\"6682\" data-orig-file=\"https:\/\/locaacademiafamiliar.com\/wp-content\/uploads\/2019\/02\/party-family-luz-de-gas-barcelona-12.jpg\" data-orig-size=\"2000,1500\" data-comments-opened=\"1\" data-image-meta=\"{&quot;aperture&quot;:&quot;2.2&quot;,&quot;credit&quot;:&quot;&quot;,&quot;camera&quot;:&quot;Aquaris U&quot;,&quot;caption&quot;:&quot;&quot;,&quot;created_timestamp&quot;:&quot;1550339636&quot;,&quot;copyright&quot;:&quot;&quot;,&quot;focal_length&quot;:&quot;3.4&quot;,&quot;iso&quot;:&quot;1596&quot;,&quot;shutter_speed&quot;:&quot;0.11111111111111&quot;,&quot;title&quot;:&quot;&quot;,&quot;orientation&quot;:&quot;1&quot;}\" data-image-title=\"party family luz de gas barcelona 12\" data-image-description=\"\" data-medium-file=\"https:\/\/i0.wp.com\/locaacademiafamiliar.com\/wp-content\/uploads\/2019\/02\/party-family-luz-de-gas-barcelona-12.jpg?fit=300%2C225&#038;ssl=1\" data-large-file=\"https:\/\/i0.wp.com\/locaacademiafamiliar.com\/wp-content\/uploads\/2019\/02\/party-family-luz-de-gas-barcelona-12.jpg?fit=1024%2C768&#038;ssl=1\" src=\"https:\/\/i0.wp.com\/locaacademiafamiliar.com\/wp-content\/uploads\/2019\/02\/party-family-luz-de-gas-barcelona-12.jpg?w=315&#038;h=236&#038;ssl=1\" srcset=\"https:\/\/i0.wp.com\/locaacademiafamiliar.com\/wp-content\/uploads\/2019\/02\/party-family-luz-de-gas-barcelona-12.jpg?w=2000&amp;ssl=1 2000w, https:\/\/i0.wp.com\/locaacademiafamiliar.com\/wp-content\/uploads\/2019\/02\/party-family-luz-de-gas-barcelona-12.jpg?resize=300%2C225&amp;ssl=1 300w, https:\/\/i0.wp.com\/locaacademiafamiliar.com\/wp-content\/uploads\/2019\/02\/party-family-luz-de-gas-barcelona-12.jpg?resize=768%2C576&amp;ssl=1 768w, https:\/\/i0.wp.com\/locaacademiafamiliar.com\/wp-content\/uploads\/2019\/02\/party-family-luz-de-gas-barcelona-12.jpg?resize=1024%2C768&amp;ssl=1 1024w, https:\/\/i0.wp.com\/locaacademiafamiliar.com\/wp-content\/uploads\/2019\/02\/party-family-luz-de-gas-barcelona-12.jpg?resize=678%2C509&amp;ssl=1 678w, https:\/\/i0.wp.com\/locaacademiafamiliar.com\/wp-content\/uploads\/2019\/02\/party-family-luz-de-gas-barcelona-12.jpg?resize=326%2C245&amp;ssl=1 326w, https:\/\/i0.wp.com\/locaacademiafamiliar.com\/wp-content\/uploads\/2019\/02\/party-family-luz-de-gas-barcelona-12.jpg?resize=80%2C60&amp;ssl=1 80w\" width=\"315\" height=\"236\" loading=\"lazy\" data-original-width=\"315\" data-original-height=\"236\" itemprop=\"http:\/\/schema.org\/image\" title=\"party family luz de gas barcelona 12\" alt=\"party family luz de gas barcelona 12\" style=\"width: 315px; height: 236px;\" \/> <\/a> <\/div> <\/div> <!-- close group --> <\/div> <!-- close row --> <\/div>\n<p>Sobre les 18 h va comen\u00e7ar l<strong>&#8216;actuaci\u00f3 d&#8217;un mag pallasso<\/strong> &#8211; cada sessi\u00f3 de <strong>Party Family<\/strong> t\u00e9 un presentador diferent. Tots els nens es van acostar a l&#8217;escenari i van gaudir de l&#8217;espectacle, rient i responent a totes les bromes del mag. Dos nens van pujar a l&#8217;escenari amb ell a compartir un truc i van sortir tots dos encantats i amb uns somriures d&#8217;orella a orella.<\/p>\n<div class=\"tiled-gallery type-rectangular tiled-gallery-unresized\" data-original-width=\"500\" data-carousel-extra='{&quot;blog_id&quot;:1,&quot;permalink&quot;:&quot;https:\\\/\\\/locaacademiafamiliar.com\\\/ca\\\/2019\\\/sortim-de-festa-amb-party-family-a-barcelona\\\/&quot;,&quot;likes_blog_id&quot;:119488531}' itemscope itemtype=\"http:\/\/schema.org\/ImageGallery\" > <div class=\"gallery-row\" style=\"width: 500px; height: 332px;\" data-original-width=\"500\" data-original-height=\"332\" > <div class=\"gallery-group images-1\" style=\"width: 250px; height: 332px;\" data-original-width=\"250\" data-original-height=\"332\" > <div class=\"tiled-gallery-item tiled-gallery-item-small\" itemprop=\"associatedMedia\" itemscope itemtype=\"http:\/\/schema.org\/ImageObject\"> <a href=\"https:\/\/locaacademiafamiliar.com\/ca\/2019\/sortim-de-festa-amb-party-family-a-barcelona\/party-family-luz-de-gas-barcelona-3-2\/\" border=\"0\" itemprop=\"url\"> <meta itemprop=\"width\" content=\"246\"> <meta itemprop=\"height\" content=\"328\"> <img decoding=\"async\" class=\"\" data-attachment-id=\"6664\" data-orig-file=\"https:\/\/locaacademiafamiliar.com\/wp-content\/uploads\/2019\/02\/party-family-luz-de-gas-barcelona-3.jpg\" data-orig-size=\"1500,2000\" data-comments-opened=\"1\" data-image-meta=\"{&quot;aperture&quot;:&quot;2.2&quot;,&quot;credit&quot;:&quot;&quot;,&quot;camera&quot;:&quot;Aquaris U&quot;,&quot;caption&quot;:&quot;&quot;,&quot;created_timestamp&quot;:&quot;1550343023&quot;,&quot;copyright&quot;:&quot;&quot;,&quot;focal_length&quot;:&quot;3.4&quot;,&quot;iso&quot;:&quot;1596&quot;,&quot;shutter_speed&quot;:&quot;0.11111111111111&quot;,&quot;title&quot;:&quot;&quot;,&quot;orientation&quot;:&quot;1&quot;}\" data-image-title=\"party family luz de gas barcelona 3\" data-image-description=\"\" data-medium-file=\"https:\/\/i0.wp.com\/locaacademiafamiliar.com\/wp-content\/uploads\/2019\/02\/party-family-luz-de-gas-barcelona-3.jpg?fit=225%2C300&#038;ssl=1\" data-large-file=\"https:\/\/i0.wp.com\/locaacademiafamiliar.com\/wp-content\/uploads\/2019\/02\/party-family-luz-de-gas-barcelona-3.jpg?fit=768%2C1024&#038;ssl=1\" src=\"https:\/\/i0.wp.com\/locaacademiafamiliar.com\/wp-content\/uploads\/2019\/02\/party-family-luz-de-gas-barcelona-3.jpg?w=246&#038;h=328&#038;ssl=1\" srcset=\"https:\/\/i0.wp.com\/locaacademiafamiliar.com\/wp-content\/uploads\/2019\/02\/party-family-luz-de-gas-barcelona-3.jpg?w=1500&amp;ssl=1 1500w, https:\/\/i0.wp.com\/locaacademiafamiliar.com\/wp-content\/uploads\/2019\/02\/party-family-luz-de-gas-barcelona-3.jpg?resize=225%2C300&amp;ssl=1 225w, https:\/\/i0.wp.com\/locaacademiafamiliar.com\/wp-content\/uploads\/2019\/02\/party-family-luz-de-gas-barcelona-3.jpg?resize=768%2C1024&amp;ssl=1 768w\" width=\"246\" height=\"328\" loading=\"lazy\" data-original-width=\"246\" data-original-height=\"328\" itemprop=\"http:\/\/schema.org\/image\" title=\"party family luz de gas barcelona 3\" alt=\"party family luz de gas barcelona 3\" style=\"width: 246px; height: 328px;\" \/> <\/a> <\/div> <\/div> <!-- close group --> <div class=\"gallery-group images-1\" style=\"width: 250px; height: 332px;\" data-original-width=\"250\" data-original-height=\"332\" > <div class=\"tiled-gallery-item tiled-gallery-item-small\" itemprop=\"associatedMedia\" itemscope itemtype=\"http:\/\/schema.org\/ImageObject\"> <a href=\"https:\/\/locaacademiafamiliar.com\/ca\/2019\/sortim-de-festa-amb-party-family-a-barcelona\/party-family-luz-de-gas-barcelona-5-2\/\" border=\"0\" itemprop=\"url\"> <meta itemprop=\"width\" content=\"246\"> <meta itemprop=\"height\" content=\"328\"> <img decoding=\"async\" class=\"\" data-attachment-id=\"6668\" data-orig-file=\"https:\/\/locaacademiafamiliar.com\/wp-content\/uploads\/2019\/02\/party-family-luz-de-gas-barcelona-5.jpg\" data-orig-size=\"1500,2000\" data-comments-opened=\"1\" data-image-meta=\"{&quot;aperture&quot;:&quot;2.2&quot;,&quot;credit&quot;:&quot;&quot;,&quot;camera&quot;:&quot;Aquaris U&quot;,&quot;caption&quot;:&quot;&quot;,&quot;created_timestamp&quot;:&quot;1550341241&quot;,&quot;copyright&quot;:&quot;&quot;,&quot;focal_length&quot;:&quot;3.4&quot;,&quot;iso&quot;:&quot;818&quot;,&quot;shutter_speed&quot;:&quot;0.05&quot;,&quot;title&quot;:&quot;&quot;,&quot;orientation&quot;:&quot;1&quot;}\" data-image-title=\"party family luz de gas barcelona 5\" data-image-description=\"\" data-medium-file=\"https:\/\/i0.wp.com\/locaacademiafamiliar.com\/wp-content\/uploads\/2019\/02\/party-family-luz-de-gas-barcelona-5.jpg?fit=225%2C300&#038;ssl=1\" data-large-file=\"https:\/\/i0.wp.com\/locaacademiafamiliar.com\/wp-content\/uploads\/2019\/02\/party-family-luz-de-gas-barcelona-5.jpg?fit=768%2C1024&#038;ssl=1\" src=\"https:\/\/i0.wp.com\/locaacademiafamiliar.com\/wp-content\/uploads\/2019\/02\/party-family-luz-de-gas-barcelona-5.jpg?w=246&#038;h=328&#038;ssl=1\" srcset=\"https:\/\/i0.wp.com\/locaacademiafamiliar.com\/wp-content\/uploads\/2019\/02\/party-family-luz-de-gas-barcelona-5.jpg?w=1500&amp;ssl=1 1500w, https:\/\/i0.wp.com\/locaacademiafamiliar.com\/wp-content\/uploads\/2019\/02\/party-family-luz-de-gas-barcelona-5.jpg?resize=225%2C300&amp;ssl=1 225w, https:\/\/i0.wp.com\/locaacademiafamiliar.com\/wp-content\/uploads\/2019\/02\/party-family-luz-de-gas-barcelona-5.jpg?resize=768%2C1024&amp;ssl=1 768w\" width=\"246\" height=\"328\" loading=\"lazy\" data-original-width=\"246\" data-original-height=\"328\" itemprop=\"http:\/\/schema.org\/image\" title=\"party family luz de gas barcelona 5\" alt=\"party family luz de gas barcelona 5\" style=\"width: 246px; height: 328px;\" \/> <\/a> <\/div> <\/div> <!-- close group --> <\/div> <!-- close row --> <\/div>\n<p>Despr\u00e9s d&#8217;aquesta actuaci\u00f3 va comen\u00e7ar<strong> la sessi\u00f3 de DJ Mom, que va ser incre\u00efble!<\/strong> A part de la m\u00fasica en si, \u00e9s meravell\u00f3s com <strong>els nens tenen l&#8217;oportunitat de ballar al voltant de DJ Mom i de veure aquest treball tan desconegut per a ells.<\/strong> Hi havia nens ballant i gaudint a l&#8217;escenari, a la pista i fins i tot entre els que demananaven Mocktails hi havia nens seguint el ritme \ud83d\ude42<\/p>\n<p>Es veia els nens gaudint de m\u00fasica que normalment no associem a la inf\u00e0ncia, encara que<strong> el millor va ser veure moltes mares disfrutant com les que m\u00e9s amb els nostres nens perqu\u00e8 \u00e9s m\u00fasica que nosaltres tamb\u00e9 coneixem i gaudim.<\/strong>\u00a0Compartir aquests moments amb les nenes va ser divertid\u00edssim!<\/p>\n<div class=\"tiled-gallery type-rectangular tiled-gallery-unresized\" data-original-width=\"500\" data-carousel-extra='{&quot;blog_id&quot;:1,&quot;permalink&quot;:&quot;https:\\\/\\\/locaacademiafamiliar.com\\\/ca\\\/2019\\\/sortim-de-festa-amb-party-family-a-barcelona\\\/&quot;,&quot;likes_blog_id&quot;:119488531}' itemscope itemtype=\"http:\/\/schema.org\/ImageGallery\" > <div class=\"gallery-row\" style=\"width: 500px; height: 332px;\" data-original-width=\"500\" data-original-height=\"332\" > <div class=\"gallery-group images-1\" style=\"width: 250px; height: 332px;\" data-original-width=\"250\" data-original-height=\"332\" > <div class=\"tiled-gallery-item tiled-gallery-item-small\" itemprop=\"associatedMedia\" itemscope itemtype=\"http:\/\/schema.org\/ImageObject\"> <a href=\"https:\/\/locaacademiafamiliar.com\/ca\/2019\/sortim-de-festa-amb-party-family-a-barcelona\/party-family-luz-de-gas-barcelona-2-2\/\" border=\"0\" itemprop=\"url\"> <meta itemprop=\"width\" content=\"246\"> <meta itemprop=\"height\" content=\"328\"> <img decoding=\"async\" class=\"\" data-attachment-id=\"6662\" data-orig-file=\"https:\/\/locaacademiafamiliar.com\/wp-content\/uploads\/2019\/02\/party-family-luz-de-gas-barcelona-2.jpg\" data-orig-size=\"1500,2000\" data-comments-opened=\"1\" data-image-meta=\"{&quot;aperture&quot;:&quot;2.2&quot;,&quot;credit&quot;:&quot;&quot;,&quot;camera&quot;:&quot;Aquaris U&quot;,&quot;caption&quot;:&quot;&quot;,&quot;created_timestamp&quot;:&quot;1550344140&quot;,&quot;copyright&quot;:&quot;&quot;,&quot;focal_length&quot;:&quot;3.4&quot;,&quot;iso&quot;:&quot;712&quot;,&quot;shutter_speed&quot;:&quot;0.03030303030303&quot;,&quot;title&quot;:&quot;&quot;,&quot;orientation&quot;:&quot;1&quot;}\" data-image-title=\"party family luz de gas barcelona 2\" data-image-description=\"\" data-medium-file=\"https:\/\/i0.wp.com\/locaacademiafamiliar.com\/wp-content\/uploads\/2019\/02\/party-family-luz-de-gas-barcelona-2.jpg?fit=225%2C300&#038;ssl=1\" data-large-file=\"https:\/\/i0.wp.com\/locaacademiafamiliar.com\/wp-content\/uploads\/2019\/02\/party-family-luz-de-gas-barcelona-2.jpg?fit=768%2C1024&#038;ssl=1\" src=\"https:\/\/i0.wp.com\/locaacademiafamiliar.com\/wp-content\/uploads\/2019\/02\/party-family-luz-de-gas-barcelona-2.jpg?w=246&#038;h=328&#038;ssl=1\" srcset=\"https:\/\/i0.wp.com\/locaacademiafamiliar.com\/wp-content\/uploads\/2019\/02\/party-family-luz-de-gas-barcelona-2.jpg?w=1500&amp;ssl=1 1500w, https:\/\/i0.wp.com\/locaacademiafamiliar.com\/wp-content\/uploads\/2019\/02\/party-family-luz-de-gas-barcelona-2.jpg?resize=225%2C300&amp;ssl=1 225w, https:\/\/i0.wp.com\/locaacademiafamiliar.com\/wp-content\/uploads\/2019\/02\/party-family-luz-de-gas-barcelona-2.jpg?resize=768%2C1024&amp;ssl=1 768w\" width=\"246\" height=\"328\" loading=\"lazy\" data-original-width=\"246\" data-original-height=\"328\" itemprop=\"http:\/\/schema.org\/image\" title=\"party family luz de gas barcelona 2\" alt=\"party family luz de gas barcelona 2\" style=\"width: 246px; height: 328px;\" \/> <\/a> <\/div> <\/div> <!-- close group --> <div class=\"gallery-group images-1\" style=\"width: 250px; height: 332px;\" data-original-width=\"250\" data-original-height=\"332\" > <div class=\"tiled-gallery-item tiled-gallery-item-small\" itemprop=\"associatedMedia\" itemscope itemtype=\"http:\/\/schema.org\/ImageObject\"> <a href=\"https:\/\/locaacademiafamiliar.com\/ca\/2019\/sortim-de-festa-amb-party-family-a-barcelona\/party-family-luz-de-gas-barcelona-4-2\/\" border=\"0\" itemprop=\"url\"> <meta itemprop=\"width\" content=\"246\"> <meta itemprop=\"height\" content=\"328\"> <img decoding=\"async\" class=\"\" data-attachment-id=\"6666\" data-orig-file=\"https:\/\/locaacademiafamiliar.com\/wp-content\/uploads\/2019\/02\/party-family-luz-de-gas-barcelona-4.jpg\" data-orig-size=\"1500,2000\" data-comments-opened=\"1\" data-image-meta=\"{&quot;aperture&quot;:&quot;2.2&quot;,&quot;credit&quot;:&quot;&quot;,&quot;camera&quot;:&quot;Aquaris U&quot;,&quot;caption&quot;:&quot;&quot;,&quot;created_timestamp&quot;:&quot;1550341798&quot;,&quot;copyright&quot;:&quot;&quot;,&quot;focal_length&quot;:&quot;3.4&quot;,&quot;iso&quot;:&quot;875&quot;,&quot;shutter_speed&quot;:&quot;0.03030303030303&quot;,&quot;title&quot;:&quot;&quot;,&quot;orientation&quot;:&quot;1&quot;}\" data-image-title=\"party family luz de gas barcelona 4\" data-image-description=\"\" data-medium-file=\"https:\/\/i0.wp.com\/locaacademiafamiliar.com\/wp-content\/uploads\/2019\/02\/party-family-luz-de-gas-barcelona-4.jpg?fit=225%2C300&#038;ssl=1\" data-large-file=\"https:\/\/i0.wp.com\/locaacademiafamiliar.com\/wp-content\/uploads\/2019\/02\/party-family-luz-de-gas-barcelona-4.jpg?fit=768%2C1024&#038;ssl=1\" src=\"https:\/\/i0.wp.com\/locaacademiafamiliar.com\/wp-content\/uploads\/2019\/02\/party-family-luz-de-gas-barcelona-4.jpg?w=246&#038;h=328&#038;ssl=1\" srcset=\"https:\/\/i0.wp.com\/locaacademiafamiliar.com\/wp-content\/uploads\/2019\/02\/party-family-luz-de-gas-barcelona-4.jpg?w=1500&amp;ssl=1 1500w, https:\/\/i0.wp.com\/locaacademiafamiliar.com\/wp-content\/uploads\/2019\/02\/party-family-luz-de-gas-barcelona-4.jpg?resize=225%2C300&amp;ssl=1 225w, https:\/\/i0.wp.com\/locaacademiafamiliar.com\/wp-content\/uploads\/2019\/02\/party-family-luz-de-gas-barcelona-4.jpg?resize=768%2C1024&amp;ssl=1 768w\" width=\"246\" height=\"328\" loading=\"lazy\" data-original-width=\"246\" data-original-height=\"328\" itemprop=\"http:\/\/schema.org\/image\" title=\"party family luz de gas barcelona 4\" alt=\"party family luz de gas barcelona 4\" style=\"width: 246px; height: 328px;\" \/> <\/a> <\/div> <\/div> <!-- close group --> <\/div> <!-- close row --> <\/div>\n<p>Durant la sessi\u00f3 <strong>dos animadors van mantenir el ritme tota l&#8217;estona a l&#8217;escenari<\/strong>, anaven fent coreografies i constantment estaven envoltats de nens que els seguien. Tamb\u00e9 els de la pista seguien el seu ritme, encara que van tenir <strong>l&#8217;explosi\u00f3 d&#8217;alegria a la pista va ser quan van comen\u00e7ar a caure confetis del cel.<\/strong> Almenys per al nostre cercle \ud83d\ude42<\/p>\n<p><strong>La m\u00fasica, els llums i l&#8217;ambient s\u00f3n una experi\u00e8ncia \u00fanica per a ells i poder gaudir-lo amb tota la seva fam\u00edlia ha estat una cosa molt especial.<\/strong> Un encert pel compleix de la nostra gran.<\/p>\n<p>Gr\u00e0cies DJ Mom!<\/p>\n","protected":false},"excerpt":{"rendered":"<div class=\"mh-excerpt\"><p>Fa poc ha sigut l&#8217;aniversari de la nostra filla gran&#8230; ja s\u00f3n 6 anys!<\/p>\n<p>Hem fet una celebraci\u00f3 molt especial per a nosaltres; ho vaig trobar per casualitat i el dest\u00ed va voler que fos el mateix dia del seu aniversari. Hem anat a una Party Family! Qu\u00e8 \u00e9s una Party Family? Una sessi\u00f3 de DJ per a tota la fam\u00edlia a la m\u00edtica sala Luz de Gas de Barcelona. No podia pensar en un millor pla per la festa d&#8217;aniversari \ud83d\ude42 <a class=\"mh-excerpt-more\" href=\"https:\/\/locaacademiafamiliar.com\/ca\/2019\/sortim-de-festa-amb-party-family-a-barcelona\/\" title=\"Sortim de festa amb Party Family a Barcelona\">[&#8230;]<\/a><\/p>\n<\/div>","protected":false},"author":2,"featured_media":6680,"comment_status":"open","ping_status":"open","sticky":false,"template":"","format":"standard","meta":{"_monsterinsights_skip_tracking":false,"_monsterinsights_sitenote_active":false,"_monsterinsights_sitenote_note":"","_monsterinsights_sitenote_category":0,"_jetpack_memberships_contains_paid_content":false,"footnotes":""},"categories":[36],"tags":[89],"class_list":{"0":"post-6689","1":"post","2":"type-post","3":"status-publish","4":"format-standard","5":"has-post-thumbnail","7":"category-educacio-fisica","8":"tag-barcelona-ca"},"yoast_head":"<!-- This site is optimized with the Yoast SEO plugin v26.8 - https:\/\/yoast.com\/product\/yoast-seo-wordpress\/ -->\n<title>Sortim de festa amb Party Family a Barcelona ~ Boja Acad\u00e8mia Familiar<\/title>\n<meta name=\"description\" content=\"Vam celebrar la festa d&#039;aniversari de la meva filla gran (6 anys) en una Party Family a la sala Luz de Gas de Barcelona. Un encert divertidissim!\" \/>\n<meta name=\"robots\" content=\"index, follow, max-snippet:-1, max-image-preview:large, max-video-preview:-1\" \/>\n<link rel=\"canonical\" href=\"https:\/\/locaacademiafamiliar.com\/ca\/2019\/sortim-de-festa-amb-party-family-a-barcelona\/\" \/>\n<meta property=\"og:locale\" content=\"ca_ES\" \/>\n<meta property=\"og:type\" content=\"article\" \/>\n<meta property=\"og:title\" content=\"Sortim de festa amb Party Family a Barcelona ~ Boja Acad\u00e8mia Familiar\" \/>\n<meta property=\"og:description\" content=\"Vam celebrar la festa d&#039;aniversari de la meva filla gran (6 anys) en una Party Family a la sala Luz de Gas de Barcelona. Un encert divertidissim!\" \/>\n<meta property=\"og:url\" content=\"https:\/\/locaacademiafamiliar.com\/ca\/2019\/sortim-de-festa-amb-party-family-a-barcelona\/\" \/>\n<meta property=\"og:site_name\" content=\"Boja Acad\u00e8mia Familiar\" \/>\n<meta property=\"article:publisher\" content=\"https:\/\/www.facebook.com\/LocaAcademiaFamiliar\" \/>\n<meta property=\"article:published_time\" content=\"2019-02-25T13:32:55+00:00\" \/>\n<meta property=\"article:modified_time\" content=\"2019-02-25T13:33:57+00:00\" \/>\n<meta property=\"og:image\" content=\"https:\/\/locaacademiafamiliar.com\/wp-content\/uploads\/2019\/02\/party-family-luz-de-gas-barcelona-11.jpg\" \/>\n\t<meta property=\"og:image:width\" content=\"2000\" \/>\n\t<meta property=\"og:image:height\" content=\"1500\" \/>\n\t<meta property=\"og:image:type\" content=\"image\/jpeg\" \/>\n<meta name=\"author\" content=\"Elisabet\" \/>\n<meta name=\"twitter:card\" content=\"summary_large_image\" \/>\n<meta name=\"twitter:label1\" content=\"Escrit per\" \/>\n\t<meta name=\"twitter:data1\" content=\"Elisabet\" \/>\n\t<meta name=\"twitter:label2\" content=\"Temps estimat de lectura\" \/>\n\t<meta name=\"twitter:data2\" content=\"4 minuts\" \/>\n<script type=\"application\/ld+json\" class=\"yoast-schema-graph\">{\"@context\":\"https:\/\/schema.org\",\"@graph\":[{\"@type\":\"Article\",\"@id\":\"https:\/\/locaacademiafamiliar.com\/ca\/2019\/sortim-de-festa-amb-party-family-a-barcelona\/#article\",\"isPartOf\":{\"@id\":\"https:\/\/locaacademiafamiliar.com\/ca\/2019\/sortim-de-festa-amb-party-family-a-barcelona\/\"},\"author\":{\"name\":\"Elisabet\",\"@id\":\"https:\/\/locaacademiafamiliar.com\/ca\/#\/schema\/person\/8ddc70c9780d67ef5bbb462a307f8042\"},\"headline\":\"Sortim de festa amb Party Family a Barcelona\",\"datePublished\":\"2019-02-25T13:32:55+00:00\",\"dateModified\":\"2019-02-25T13:33:57+00:00\",\"mainEntityOfPage\":{\"@id\":\"https:\/\/locaacademiafamiliar.com\/ca\/2019\/sortim-de-festa-amb-party-family-a-barcelona\/\"},\"wordCount\":781,\"commentCount\":0,\"publisher\":{\"@id\":\"https:\/\/locaacademiafamiliar.com\/ca\/#organization\"},\"image\":{\"@id\":\"https:\/\/locaacademiafamiliar.com\/ca\/2019\/sortim-de-festa-amb-party-family-a-barcelona\/#primaryimage\"},\"thumbnailUrl\":\"https:\/\/i0.wp.com\/locaacademiafamiliar.com\/wp-content\/uploads\/2019\/02\/party-family-luz-de-gas-barcelona-11.jpg?fit=2000%2C1500&ssl=1\",\"keywords\":[\"Barcelona\"],\"articleSection\":[\"Educaci\u00f3 F\u00edsica\"],\"inLanguage\":\"ca\",\"potentialAction\":[{\"@type\":\"CommentAction\",\"name\":\"Comment\",\"target\":[\"https:\/\/locaacademiafamiliar.com\/ca\/2019\/sortim-de-festa-amb-party-family-a-barcelona\/#respond\"]}]},{\"@type\":\"WebPage\",\"@id\":\"https:\/\/locaacademiafamiliar.com\/ca\/2019\/sortim-de-festa-amb-party-family-a-barcelona\/\",\"url\":\"https:\/\/locaacademiafamiliar.com\/ca\/2019\/sortim-de-festa-amb-party-family-a-barcelona\/\",\"name\":\"Sortim de festa amb Party Family a Barcelona ~ Boja Acad\u00e8mia Familiar\",\"isPartOf\":{\"@id\":\"https:\/\/locaacademiafamiliar.com\/ca\/#website\"},\"primaryImageOfPage\":{\"@id\":\"https:\/\/locaacademiafamiliar.com\/ca\/2019\/sortim-de-festa-amb-party-family-a-barcelona\/#primaryimage\"},\"image\":{\"@id\":\"https:\/\/locaacademiafamiliar.com\/ca\/2019\/sortim-de-festa-amb-party-family-a-barcelona\/#primaryimage\"},\"thumbnailUrl\":\"https:\/\/i0.wp.com\/locaacademiafamiliar.com\/wp-content\/uploads\/2019\/02\/party-family-luz-de-gas-barcelona-11.jpg?fit=2000%2C1500&ssl=1\",\"datePublished\":\"2019-02-25T13:32:55+00:00\",\"dateModified\":\"2019-02-25T13:33:57+00:00\",\"description\":\"Vam celebrar la festa d'aniversari de la meva filla gran (6 anys) en una Party Family a la sala Luz de Gas de Barcelona. Un encert divertidissim!\",\"breadcrumb\":{\"@id\":\"https:\/\/locaacademiafamiliar.com\/ca\/2019\/sortim-de-festa-amb-party-family-a-barcelona\/#breadcrumb\"},\"inLanguage\":\"ca\",\"potentialAction\":[{\"@type\":\"ReadAction\",\"target\":[\"https:\/\/locaacademiafamiliar.com\/ca\/2019\/sortim-de-festa-amb-party-family-a-barcelona\/\"]}]},{\"@type\":\"ImageObject\",\"inLanguage\":\"ca\",\"@id\":\"https:\/\/locaacademiafamiliar.com\/ca\/2019\/sortim-de-festa-amb-party-family-a-barcelona\/#primaryimage\",\"url\":\"https:\/\/i0.wp.com\/locaacademiafamiliar.com\/wp-content\/uploads\/2019\/02\/party-family-luz-de-gas-barcelona-11.jpg?fit=2000%2C1500&ssl=1\",\"contentUrl\":\"https:\/\/i0.wp.com\/locaacademiafamiliar.com\/wp-content\/uploads\/2019\/02\/party-family-luz-de-gas-barcelona-11.jpg?fit=2000%2C1500&ssl=1\",\"width\":2000,\"height\":1500},{\"@type\":\"BreadcrumbList\",\"@id\":\"https:\/\/locaacademiafamiliar.com\/ca\/2019\/sortim-de-festa-amb-party-family-a-barcelona\/#breadcrumb\",\"itemListElement\":[{\"@type\":\"ListItem\",\"position\":1,\"name\":\"Portada\",\"item\":\"https:\/\/locaacademiafamiliar.com\/ca\/\"},{\"@type\":\"ListItem\",\"position\":2,\"name\":\"Sortim de festa amb Party Family a Barcelona\"}]},{\"@type\":\"WebSite\",\"@id\":\"https:\/\/locaacademiafamiliar.com\/ca\/#website\",\"url\":\"https:\/\/locaacademiafamiliar.com\/ca\/\",\"name\":\"Boja Acad\u00e8mia Familiar\",\"description\":\"El blog de crianza con el que pap\u00e1s y mam\u00e1s salen mejor preparados para su rutina familiar diaria\",\"publisher\":{\"@id\":\"https:\/\/locaacademiafamiliar.com\/ca\/#organization\"},\"potentialAction\":[{\"@type\":\"SearchAction\",\"target\":{\"@type\":\"EntryPoint\",\"urlTemplate\":\"https:\/\/locaacademiafamiliar.com\/ca\/?s={search_term_string}\"},\"query-input\":{\"@type\":\"PropertyValueSpecification\",\"valueRequired\":true,\"valueName\":\"search_term_string\"}}],\"inLanguage\":\"ca\"},{\"@type\":\"Organization\",\"@id\":\"https:\/\/locaacademiafamiliar.com\/ca\/#organization\",\"name\":\"LocaAcademiaFamiliar.com\",\"url\":\"https:\/\/locaacademiafamiliar.com\/ca\/\",\"logo\":{\"@type\":\"ImageObject\",\"inLanguage\":\"ca\",\"@id\":\"https:\/\/locaacademiafamiliar.com\/ca\/#\/schema\/logo\/image\/\",\"url\":\"https:\/\/locaacademiafamiliar.com\/wp-content\/uploads\/2020\/01\/logo-loca-academia-familiar.jpg\",\"contentUrl\":\"https:\/\/locaacademiafamiliar.com\/wp-content\/uploads\/2020\/01\/logo-loca-academia-familiar.jpg\",\"width\":960,\"height\":960,\"caption\":\"LocaAcademiaFamiliar.com\"},\"image\":{\"@id\":\"https:\/\/locaacademiafamiliar.com\/ca\/#\/schema\/logo\/image\/\"},\"sameAs\":[\"https:\/\/www.facebook.com\/LocaAcademiaFamiliar\"]},{\"@type\":\"Person\",\"@id\":\"https:\/\/locaacademiafamiliar.com\/ca\/#\/schema\/person\/8ddc70c9780d67ef5bbb462a307f8042\",\"name\":\"Elisabet\",\"image\":{\"@type\":\"ImageObject\",\"inLanguage\":\"ca\",\"@id\":\"https:\/\/locaacademiafamiliar.com\/ca\/#\/schema\/person\/image\/\",\"url\":\"https:\/\/secure.gravatar.com\/avatar\/b7cd6a228ab9368d5f221ffe7f0dae77?s=96&d=mm&r=g\",\"contentUrl\":\"https:\/\/secure.gravatar.com\/avatar\/b7cd6a228ab9368d5f221ffe7f0dae77?s=96&d=mm&r=g\",\"caption\":\"Elisabet\"},\"description\":\"\u00a1Hola! Soy Elisabet, aunque en algunos grupos de whatsapp soy simplemente mam\u00e1 de \u00cd. Tengo dos hijas muy divertidas, la primera nacida en febrero del 2013 y la segunda el enero del 2016 as\u00ed que ya hace m\u00e1s de tres a\u00f1os que vivo en horario infantil. En el mundo adulto trabajo en un hospital de Barcelona, soy enfermera y comadrona. Si quieres estar informado de los eventos y actividades para familias con ni\u00f1os en Catalunya, haz click aqu\u00ed para apuntarte a nuestra newsletter.\",\"sameAs\":[\"http:\/\/www.locaacademiafamiliar.com\"],\"url\":\"https:\/\/locaacademiafamiliar.com\/ca\/author\/eli\/\"}]}<\/script>\n<!-- \/ Yoast SEO plugin. -->","yoast_head_json":{"title":"Sortim de festa amb Party Family a Barcelona ~ Boja Acad\u00e8mia Familiar","description":"Vam celebrar la festa d'aniversari de la meva filla gran (6 anys) en una Party Family a la sala Luz de Gas de Barcelona. Un encert divertidissim!","robots":{"index":"index","follow":"follow","max-snippet":"max-snippet:-1","max-image-preview":"max-image-preview:large","max-video-preview":"max-video-preview:-1"},"canonical":"https:\/\/locaacademiafamiliar.com\/ca\/2019\/sortim-de-festa-amb-party-family-a-barcelona\/","og_locale":"ca_ES","og_type":"article","og_title":"Sortim de festa amb Party Family a Barcelona ~ Boja Acad\u00e8mia Familiar","og_description":"Vam celebrar la festa d'aniversari de la meva filla gran (6 anys) en una Party Family a la sala Luz de Gas de Barcelona. Un encert divertidissim!","og_url":"https:\/\/locaacademiafamiliar.com\/ca\/2019\/sortim-de-festa-amb-party-family-a-barcelona\/","og_site_name":"Boja Acad\u00e8mia Familiar","article_publisher":"https:\/\/www.facebook.com\/LocaAcademiaFamiliar","article_published_time":"2019-02-25T13:32:55+00:00","article_modified_time":"2019-02-25T13:33:57+00:00","og_image":[{"width":2000,"height":1500,"url":"https:\/\/locaacademiafamiliar.com\/wp-content\/uploads\/2019\/02\/party-family-luz-de-gas-barcelona-11.jpg","type":"image\/jpeg"}],"author":"Elisabet","twitter_card":"summary_large_image","twitter_misc":{"Escrit per":"Elisabet","Temps estimat de lectura":"4 minuts"},"schema":{"@context":"https:\/\/schema.org","@graph":[{"@type":"Article","@id":"https:\/\/locaacademiafamiliar.com\/ca\/2019\/sortim-de-festa-amb-party-family-a-barcelona\/#article","isPartOf":{"@id":"https:\/\/locaacademiafamiliar.com\/ca\/2019\/sortim-de-festa-amb-party-family-a-barcelona\/"},"author":{"name":"Elisabet","@id":"https:\/\/locaacademiafamiliar.com\/ca\/#\/schema\/person\/8ddc70c9780d67ef5bbb462a307f8042"},"headline":"Sortim de festa amb Party Family a Barcelona","datePublished":"2019-02-25T13:32:55+00:00","dateModified":"2019-02-25T13:33:57+00:00","mainEntityOfPage":{"@id":"https:\/\/locaacademiafamiliar.com\/ca\/2019\/sortim-de-festa-amb-party-family-a-barcelona\/"},"wordCount":781,"commentCount":0,"publisher":{"@id":"https:\/\/locaacademiafamiliar.com\/ca\/#organization"},"image":{"@id":"https:\/\/locaacademiafamiliar.com\/ca\/2019\/sortim-de-festa-amb-party-family-a-barcelona\/#primaryimage"},"thumbnailUrl":"https:\/\/i0.wp.com\/locaacademiafamiliar.com\/wp-content\/uploads\/2019\/02\/party-family-luz-de-gas-barcelona-11.jpg?fit=2000%2C1500&ssl=1","keywords":["Barcelona"],"articleSection":["Educaci\u00f3 F\u00edsica"],"inLanguage":"ca","potentialAction":[{"@type":"CommentAction","name":"Comment","target":["https:\/\/locaacademiafamiliar.com\/ca\/2019\/sortim-de-festa-amb-party-family-a-barcelona\/#respond"]}]},{"@type":"WebPage","@id":"https:\/\/locaacademiafamiliar.com\/ca\/2019\/sortim-de-festa-amb-party-family-a-barcelona\/","url":"https:\/\/locaacademiafamiliar.com\/ca\/2019\/sortim-de-festa-amb-party-family-a-barcelona\/","name":"Sortim de festa amb Party Family a Barcelona ~ Boja Acad\u00e8mia Familiar","isPartOf":{"@id":"https:\/\/locaacademiafamiliar.com\/ca\/#website"},"primaryImageOfPage":{"@id":"https:\/\/locaacademiafamiliar.com\/ca\/2019\/sortim-de-festa-amb-party-family-a-barcelona\/#primaryimage"},"image":{"@id":"https:\/\/locaacademiafamiliar.com\/ca\/2019\/sortim-de-festa-amb-party-family-a-barcelona\/#primaryimage"},"thumbnailUrl":"https:\/\/i0.wp.com\/locaacademiafamiliar.com\/wp-content\/uploads\/2019\/02\/party-family-luz-de-gas-barcelona-11.jpg?fit=2000%2C1500&ssl=1","datePublished":"2019-02-25T13:32:55+00:00","dateModified":"2019-02-25T13:33:57+00:00","description":"Vam celebrar la festa d'aniversari de la meva filla gran (6 anys) en una Party Family a la sala Luz de Gas de Barcelona. Un encert divertidissim!","breadcrumb":{"@id":"https:\/\/locaacademiafamiliar.com\/ca\/2019\/sortim-de-festa-amb-party-family-a-barcelona\/#breadcrumb"},"inLanguage":"ca","potentialAction":[{"@type":"ReadAction","target":["https:\/\/locaacademiafamiliar.com\/ca\/2019\/sortim-de-festa-amb-party-family-a-barcelona\/"]}]},{"@type":"ImageObject","inLanguage":"ca","@id":"https:\/\/locaacademiafamiliar.com\/ca\/2019\/sortim-de-festa-amb-party-family-a-barcelona\/#primaryimage","url":"https:\/\/i0.wp.com\/locaacademiafamiliar.com\/wp-content\/uploads\/2019\/02\/party-family-luz-de-gas-barcelona-11.jpg?fit=2000%2C1500&ssl=1","contentUrl":"https:\/\/i0.wp.com\/locaacademiafamiliar.com\/wp-content\/uploads\/2019\/02\/party-family-luz-de-gas-barcelona-11.jpg?fit=2000%2C1500&ssl=1","width":2000,"height":1500},{"@type":"BreadcrumbList","@id":"https:\/\/locaacademiafamiliar.com\/ca\/2019\/sortim-de-festa-amb-party-family-a-barcelona\/#breadcrumb","itemListElement":[{"@type":"ListItem","position":1,"name":"Portada","item":"https:\/\/locaacademiafamiliar.com\/ca\/"},{"@type":"ListItem","position":2,"name":"Sortim de festa amb Party Family a Barcelona"}]},{"@type":"WebSite","@id":"https:\/\/locaacademiafamiliar.com\/ca\/#website","url":"https:\/\/locaacademiafamiliar.com\/ca\/","name":"Boja Acad\u00e8mia Familiar","description":"El blog de crianza con el que pap\u00e1s y mam\u00e1s salen mejor preparados para su rutina familiar diaria","publisher":{"@id":"https:\/\/locaacademiafamiliar.com\/ca\/#organization"},"potentialAction":[{"@type":"SearchAction","target":{"@type":"EntryPoint","urlTemplate":"https:\/\/locaacademiafamiliar.com\/ca\/?s={search_term_string}"},"query-input":{"@type":"PropertyValueSpecification","valueRequired":true,"valueName":"search_term_string"}}],"inLanguage":"ca"},{"@type":"Organization","@id":"https:\/\/locaacademiafamiliar.com\/ca\/#organization","name":"LocaAcademiaFamiliar.com","url":"https:\/\/locaacademiafamiliar.com\/ca\/","logo":{"@type":"ImageObject","inLanguage":"ca","@id":"https:\/\/locaacademiafamiliar.com\/ca\/#\/schema\/logo\/image\/","url":"https:\/\/locaacademiafamiliar.com\/wp-content\/uploads\/2020\/01\/logo-loca-academia-familiar.jpg","contentUrl":"https:\/\/locaacademiafamiliar.com\/wp-content\/uploads\/2020\/01\/logo-loca-academia-familiar.jpg","width":960,"height":960,"caption":"LocaAcademiaFamiliar.com"},"image":{"@id":"https:\/\/locaacademiafamiliar.com\/ca\/#\/schema\/logo\/image\/"},"sameAs":["https:\/\/www.facebook.com\/LocaAcademiaFamiliar"]},{"@type":"Person","@id":"https:\/\/locaacademiafamiliar.com\/ca\/#\/schema\/person\/8ddc70c9780d67ef5bbb462a307f8042","name":"Elisabet","image":{"@type":"ImageObject","inLanguage":"ca","@id":"https:\/\/locaacademiafamiliar.com\/ca\/#\/schema\/person\/image\/","url":"https:\/\/secure.gravatar.com\/avatar\/b7cd6a228ab9368d5f221ffe7f0dae77?s=96&d=mm&r=g","contentUrl":"https:\/\/secure.gravatar.com\/avatar\/b7cd6a228ab9368d5f221ffe7f0dae77?s=96&d=mm&r=g","caption":"Elisabet"},"description":"\u00a1Hola! Soy Elisabet, aunque en algunos grupos de whatsapp soy simplemente mam\u00e1 de \u00cd. Tengo dos hijas muy divertidas, la primera nacida en febrero del 2013 y la segunda el enero del 2016 as\u00ed que ya hace m\u00e1s de tres a\u00f1os que vivo en horario infantil. En el mundo adulto trabajo en un hospital de Barcelona, soy enfermera y comadrona. Si quieres estar informado de los eventos y actividades para familias con ni\u00f1os en Catalunya, haz click aqu\u00ed para apuntarte a nuestra newsletter.","sameAs":["http:\/\/www.locaacademiafamiliar.com"],"url":"https:\/\/locaacademiafamiliar.com\/ca\/author\/eli\/"}]}},"jetpack_featured_media_url":"https:\/\/i0.wp.com\/locaacademiafamiliar.com\/wp-content\/uploads\/2019\/02\/party-family-luz-de-gas-barcelona-11.jpg?fit=2000%2C1500&ssl=1","jetpack_sharing_enabled":true,"amp_enabled":true,"_links":{"self":[{"href":"https:\/\/locaacademiafamiliar.com\/ca\/wp-json\/wp\/v2\/posts\/6689","targetHints":{"allow":["GET"]}}],"collection":[{"href":"https:\/\/locaacademiafamiliar.com\/ca\/wp-json\/wp\/v2\/posts"}],"about":[{"href":"https:\/\/locaacademiafamiliar.com\/ca\/wp-json\/wp\/v2\/types\/post"}],"author":[{"embeddable":true,"href":"https:\/\/locaacademiafamiliar.com\/ca\/wp-json\/wp\/v2\/users\/2"}],"replies":[{"embeddable":true,"href":"https:\/\/locaacademiafamiliar.com\/ca\/wp-json\/wp\/v2\/comments?post=6689"}],"version-history":[{"count":0,"href":"https:\/\/locaacademiafamiliar.com\/ca\/wp-json\/wp\/v2\/posts\/6689\/revisions"}],"wp:featuredmedia":[{"embeddable":true,"href":"https:\/\/locaacademiafamiliar.com\/ca\/wp-json\/wp\/v2\/media\/6680"}],"wp:attachment":[{"href":"https:\/\/locaacademiafamiliar.com\/ca\/wp-json\/wp\/v2\/media?parent=6689"}],"wp:term":[{"taxonomy":"category","embeddable":true,"href":"https:\/\/locaacademiafamiliar.com\/ca\/wp-json\/wp\/v2\/categories?post=6689"},{"taxonomy":"post_tag","embeddable":true,"href":"https:\/\/locaacademiafamiliar.com\/ca\/wp-json\/wp\/v2\/tags?post=6689"}],"curies":[{"name":"wp","href":"https:\/\/api.w.org\/{rel}","templated":true}]}}