{"id":6885,"date":"2019-03-21T21:45:05","date_gmt":"2019-03-21T21:45:05","guid":{"rendered":"https:\/\/locaacademiafamiliar.com\/?p=6885"},"modified":"2022-11-30T13:24:58","modified_gmt":"2022-11-30T13:24:58","slug":"llocs-xulos-de-barcelona-per-anar-amb-nens","status":"publish","type":"post","link":"https:\/\/locaacademiafamiliar.com\/ca\/2019\/llocs-xulos-de-barcelona-per-anar-amb-nens\/","title":{"rendered":"Llocs xulos de Barcelona per anar amb nens"},"content":{"rendered":"<p>Tot i\u00a0 que he viscut 30 anys a <strong>Barcelona<\/strong>, em passa que ara, quan hi torno amb els meus fills, trobo coses noves cada vegada i descobreixo la ciutat amb ulls diferents. <strong>Estic sempre a la recerca de nous llocs <em>molonguis<\/em> per anar amb els nens<\/strong> per passar-ho d&#8217;all\u00f2 m\u00e9s b\u00e9 \ud83d\ude42<\/p>\n<p><strong>Barcelona<\/strong>, com tantes altres ciutats del m\u00f3n, s&#8217;ha tornat molt<strong> family-friendly amb mil cafeteries per anar amb nens i amb centenars d&#8217;activitats programades cada setmana.<\/strong> Segur que la llista de<strong> coses a fer a <a href=\"https:\/\/locaacademiafamiliar.com\/ca\/tag\/barcelona-ca\/\" target=\"_blank\" rel=\"noopener\">Barcelona amb nens<\/a> podria ser mooooolt m\u00e9s llarga<\/strong> (m&#8217;ajudeu completant coses en els comentaris?) per\u00f2 per alguna cosa cal comen\u00e7ar &#8230; Aix\u00ed que aqu\u00ed teniu <strong>les meves recomanacions del que fer a Barcelona amb nens, especialment dedicat a les fam\u00edlies que busqueu activitats divertides i curioses a Barcelona<\/strong> \ud83d\ude42<\/p>\n<h3>Tobogans gegants<\/h3>\n<p><img data-recalc-dims=\"1\" decoding=\"async\" data-attachment-id=\"6795\" data-permalink=\"https:\/\/locaacademiafamiliar.com\/ca\/2019\/llocs-xulos-de-barcelona-per-anar-amb-nens\/dav-255-2\/\" data-orig-file=\"https:\/\/i0.wp.com\/locaacademiafamiliar.com\/wp-content\/uploads\/2019\/03\/tobogans-enormes-barcelona-solidaritat.jpg?fit=1280%2C960&amp;ssl=1\" data-orig-size=\"1280,960\" data-comments-opened=\"1\" data-image-meta=\"{&quot;aperture&quot;:&quot;2&quot;,&quot;credit&quot;:&quot;&quot;,&quot;camera&quot;:&quot;HUAWEI GRA-L09&quot;,&quot;caption&quot;:&quot;dav&quot;,&quot;created_timestamp&quot;:&quot;1524914049&quot;,&quot;copyright&quot;:&quot;&quot;,&quot;focal_length&quot;:&quot;3.83&quot;,&quot;iso&quot;:&quot;64&quot;,&quot;shutter_speed&quot;:&quot;0.000408&quot;,&quot;title&quot;:&quot;dav&quot;,&quot;orientation&quot;:&quot;1&quot;}\" data-image-title=\"dav\" data-image-description=\"\" data-image-caption=\"&lt;p&gt;dav&lt;\/p&gt;\n\" data-medium-file=\"https:\/\/i0.wp.com\/locaacademiafamiliar.com\/wp-content\/uploads\/2019\/03\/tobogans-enormes-barcelona-solidaritat.jpg?fit=300%2C225&amp;ssl=1\" data-large-file=\"https:\/\/i0.wp.com\/locaacademiafamiliar.com\/wp-content\/uploads\/2019\/03\/tobogans-enormes-barcelona-solidaritat.jpg?fit=1024%2C768&amp;ssl=1\" class=\"size-large wp-image-6795\" src=\"https:\/\/i0.wp.com\/locaacademiafamiliar.com\/wp-content\/uploads\/2019\/03\/tobogans-enormes-barcelona-solidaritat-1024x768.jpg?resize=1024%2C768&#038;ssl=1\" alt=\"\" width=\"1024\" height=\"768\" srcset=\"https:\/\/i0.wp.com\/locaacademiafamiliar.com\/wp-content\/uploads\/2019\/03\/tobogans-enormes-barcelona-solidaritat.jpg?resize=1024%2C768&amp;ssl=1 1024w, https:\/\/i0.wp.com\/locaacademiafamiliar.com\/wp-content\/uploads\/2019\/03\/tobogans-enormes-barcelona-solidaritat.jpg?resize=300%2C225&amp;ssl=1 300w, https:\/\/i0.wp.com\/locaacademiafamiliar.com\/wp-content\/uploads\/2019\/03\/tobogans-enormes-barcelona-solidaritat.jpg?resize=768%2C576&amp;ssl=1 768w, https:\/\/i0.wp.com\/locaacademiafamiliar.com\/wp-content\/uploads\/2019\/03\/tobogans-enormes-barcelona-solidaritat.jpg?resize=678%2C509&amp;ssl=1 678w, https:\/\/i0.wp.com\/locaacademiafamiliar.com\/wp-content\/uploads\/2019\/03\/tobogans-enormes-barcelona-solidaritat.jpg?resize=326%2C245&amp;ssl=1 326w, https:\/\/i0.wp.com\/locaacademiafamiliar.com\/wp-content\/uploads\/2019\/03\/tobogans-enormes-barcelona-solidaritat.jpg?resize=80%2C60&amp;ssl=1 80w, https:\/\/i0.wp.com\/locaacademiafamiliar.com\/wp-content\/uploads\/2019\/03\/tobogans-enormes-barcelona-solidaritat.jpg?w=1280&amp;ssl=1 1280w\" sizes=\"(max-width: 1000px) 100vw, 1000px\" \/><\/p>\n<p><strong>Al Parc de la Solidaritat hi ha tres tobogans enormes<\/strong> en els que no us cansareu de baixar \ud83d\ude42 <strong>S\u00f3n tan grans que pots llan\u00e7ar-te amb el teu fill\/a, agafats de la m\u00e0<\/strong>. <strong>Agafes bastanta velocitat i la veritat \u00e9s que s\u00f3n super divertits<\/strong>! Just davant dels tobogans hi ha una zona de joc amb gronxadors i una zona de gespa amb arbres per estarir-se. Si pugeu a dalt, a la part superior del parc de la Solidaritat, hi ha camps de joc i una altra zona infantil amb un circuit.<\/p>\n<p><strong>El Parc de la Solidaritat est\u00e0 a Esplugues de Llobregat<\/strong>, ciutat ve\u00efna a Barcelona, dins de la zona metropolitana. No hi ha metro a prop, per\u00f2 s\u00ed diversos autobusos. No \u00e9s un lloc f\u00e0cil d&#8217;accedir-hi per\u00f2 almenys aix\u00ed no hi ha tanta aflu\u00e8ncia de gent \ud83d\ude09<\/p>\n<h3>Llibreria Sendak<\/h3>\n<p>Per als fans <strong>d&#8217;explicar hist\u00f2ries, llegir contes i descobrir personatges nous, la <a href=\"http:\/\/www.llibreriasendak.cat\/\" target=\"_blank\" rel=\"noopener\">llibreria Sendak<\/a> est\u00e0 dedicada al llibre infantil i juvenil<\/strong>. A m\u00e9s, organitzen molts <strong>tallers cada mes per explicar contes, fer manualitats, club de lectura i events<\/strong> diversos entorn la creaci\u00f3 d&#8217;hist\u00f2ries. Un lloc a tenir fitxat a la vostra agenda del cap de setmana. Estan a: c \/ C\u00f2rsega 461 (metros de Joanic i Verdaguer).<\/p>\n<h3>El Cau<\/h3>\n<div class=\"tiled-gallery type-rectangular tiled-gallery-unresized\" data-original-width=\"500\" data-carousel-extra='{&quot;blog_id&quot;:1,&quot;permalink&quot;:&quot;https:\\\/\\\/locaacademiafamiliar.com\\\/ca\\\/2019\\\/llocs-xulos-de-barcelona-per-anar-amb-nens\\\/&quot;,&quot;likes_blog_id&quot;:119488531}' itemscope itemtype=\"http:\/\/schema.org\/ImageGallery\" > <div class=\"gallery-row\" style=\"width: 500px; height: 240px;\" data-original-width=\"500\" data-original-height=\"240\" > <div class=\"gallery-group images-1\" style=\"width: 319px; height: 240px;\" data-original-width=\"319\" data-original-height=\"240\" > <div class=\"tiled-gallery-item tiled-gallery-item-large\" itemprop=\"associatedMedia\" itemscope itemtype=\"http:\/\/schema.org\/ImageObject\"> <a href=\"https:\/\/locaacademiafamiliar.com\/ca\/2019\/llocs-xulos-de-barcelona-per-anar-amb-nens\/dav-251-2\/\" border=\"0\" itemprop=\"url\"> <meta itemprop=\"width\" content=\"315\"> <meta itemprop=\"height\" content=\"236\"> <img decoding=\"async\" class=\"\" data-attachment-id=\"6787\" data-orig-file=\"https:\/\/locaacademiafamiliar.com\/wp-content\/uploads\/2019\/03\/el-cau-barcelona-2.jpg\" data-orig-size=\"1280,960\" data-comments-opened=\"1\" data-image-meta=\"{&quot;aperture&quot;:&quot;2&quot;,&quot;credit&quot;:&quot;&quot;,&quot;camera&quot;:&quot;HUAWEI GRA-L09&quot;,&quot;caption&quot;:&quot;dav&quot;,&quot;created_timestamp&quot;:&quot;1522062497&quot;,&quot;copyright&quot;:&quot;&quot;,&quot;focal_length&quot;:&quot;3.83&quot;,&quot;iso&quot;:&quot;200&quot;,&quot;shutter_speed&quot;:&quot;0.03&quot;,&quot;title&quot;:&quot;dav&quot;,&quot;orientation&quot;:&quot;1&quot;}\" data-image-title=\"dav\" data-image-description=\"\" data-medium-file=\"https:\/\/i0.wp.com\/locaacademiafamiliar.com\/wp-content\/uploads\/2019\/03\/el-cau-barcelona-2.jpg?fit=300%2C225&#038;ssl=1\" data-large-file=\"https:\/\/i0.wp.com\/locaacademiafamiliar.com\/wp-content\/uploads\/2019\/03\/el-cau-barcelona-2.jpg?fit=1024%2C768&#038;ssl=1\" src=\"https:\/\/i0.wp.com\/locaacademiafamiliar.com\/wp-content\/uploads\/2019\/03\/el-cau-barcelona-2.jpg?w=315&#038;h=236&#038;ssl=1\" srcset=\"https:\/\/i0.wp.com\/locaacademiafamiliar.com\/wp-content\/uploads\/2019\/03\/el-cau-barcelona-2.jpg?w=1280&amp;ssl=1 1280w, https:\/\/i0.wp.com\/locaacademiafamiliar.com\/wp-content\/uploads\/2019\/03\/el-cau-barcelona-2.jpg?resize=300%2C225&amp;ssl=1 300w, https:\/\/i0.wp.com\/locaacademiafamiliar.com\/wp-content\/uploads\/2019\/03\/el-cau-barcelona-2.jpg?resize=768%2C576&amp;ssl=1 768w, https:\/\/i0.wp.com\/locaacademiafamiliar.com\/wp-content\/uploads\/2019\/03\/el-cau-barcelona-2.jpg?resize=1024%2C768&amp;ssl=1 1024w, https:\/\/i0.wp.com\/locaacademiafamiliar.com\/wp-content\/uploads\/2019\/03\/el-cau-barcelona-2.jpg?resize=678%2C509&amp;ssl=1 678w, https:\/\/i0.wp.com\/locaacademiafamiliar.com\/wp-content\/uploads\/2019\/03\/el-cau-barcelona-2.jpg?resize=326%2C245&amp;ssl=1 326w, https:\/\/i0.wp.com\/locaacademiafamiliar.com\/wp-content\/uploads\/2019\/03\/el-cau-barcelona-2.jpg?resize=80%2C60&amp;ssl=1 80w\" width=\"315\" height=\"236\" loading=\"lazy\" data-original-width=\"315\" data-original-height=\"236\" itemprop=\"http:\/\/schema.org\/image\" title=\"dav\" alt=\"el cau barcelona\" style=\"width: 315px; height: 236px;\" \/> <\/a> <\/div> <\/div> <!-- close group --> <div class=\"gallery-group images-1\" style=\"width: 181px; height: 240px;\" data-original-width=\"181\" data-original-height=\"240\" > <div class=\"tiled-gallery-item tiled-gallery-item-small\" itemprop=\"associatedMedia\" itemscope itemtype=\"http:\/\/schema.org\/ImageObject\"> <a href=\"https:\/\/locaacademiafamiliar.com\/ca\/2019\/llocs-xulos-de-barcelona-per-anar-amb-nens\/dav-252-2\/\" border=\"0\" itemprop=\"url\"> <meta itemprop=\"width\" content=\"177\"> <meta itemprop=\"height\" content=\"236\"> <img decoding=\"async\" class=\"\" data-attachment-id=\"6789\" data-orig-file=\"https:\/\/locaacademiafamiliar.com\/wp-content\/uploads\/2019\/03\/el-cau-barcelona-3.jpg\" data-orig-size=\"960,1280\" data-comments-opened=\"1\" data-image-meta=\"{&quot;aperture&quot;:&quot;2&quot;,&quot;credit&quot;:&quot;&quot;,&quot;camera&quot;:&quot;HUAWEI GRA-L09&quot;,&quot;caption&quot;:&quot;dav&quot;,&quot;created_timestamp&quot;:&quot;1522064902&quot;,&quot;copyright&quot;:&quot;&quot;,&quot;focal_length&quot;:&quot;3.83&quot;,&quot;iso&quot;:&quot;400&quot;,&quot;shutter_speed&quot;:&quot;0.03&quot;,&quot;title&quot;:&quot;dav&quot;,&quot;orientation&quot;:&quot;1&quot;}\" data-image-title=\"dav\" data-image-description=\"\" data-medium-file=\"https:\/\/i0.wp.com\/locaacademiafamiliar.com\/wp-content\/uploads\/2019\/03\/el-cau-barcelona-3.jpg?fit=225%2C300&#038;ssl=1\" data-large-file=\"https:\/\/i0.wp.com\/locaacademiafamiliar.com\/wp-content\/uploads\/2019\/03\/el-cau-barcelona-3.jpg?fit=768%2C1024&#038;ssl=1\" src=\"https:\/\/i0.wp.com\/locaacademiafamiliar.com\/wp-content\/uploads\/2019\/03\/el-cau-barcelona-3.jpg?w=177&#038;h=236&#038;ssl=1\" srcset=\"https:\/\/i0.wp.com\/locaacademiafamiliar.com\/wp-content\/uploads\/2019\/03\/el-cau-barcelona-3.jpg?w=960&amp;ssl=1 960w, https:\/\/i0.wp.com\/locaacademiafamiliar.com\/wp-content\/uploads\/2019\/03\/el-cau-barcelona-3.jpg?resize=225%2C300&amp;ssl=1 225w, https:\/\/i0.wp.com\/locaacademiafamiliar.com\/wp-content\/uploads\/2019\/03\/el-cau-barcelona-3.jpg?resize=768%2C1024&amp;ssl=1 768w\" width=\"177\" height=\"236\" loading=\"lazy\" data-original-width=\"177\" data-original-height=\"236\" itemprop=\"http:\/\/schema.org\/image\" title=\"dav\" alt=\"el cau barcelona\" style=\"width: 177px; height: 236px;\" \/> <\/a> <\/div> <\/div> <!-- close group --> <\/div> <!-- close row --> <\/div>\n<p><strong><a href=\"http:\/\/el-cau.cat\/\" target=\"_blank\" rel=\"noopener\">El Cau<\/a> \u00e9s un espai de joc lliure molt curi\u00f3s, divertit i original<\/strong>. Segurament per aix\u00f2 es fet tan fam\u00f3s! Realment ja no necessiten m\u00e9s promoci\u00f3, per\u00f2 el lloc \u00e9s tan especial que si no heu estat mai, us aconsello que hi passeu algun dia. Aix\u00f2 s\u00ed, reserveu lloc, perqu\u00e8 sin\u00f3 \u00e9s molt dif\u00edcil que hi entreu.<\/p>\n<p>El que fa tan especial El Cau \u00e9s que \u00e9s <strong>una ludoteca en forma de cau per a ratolins<\/strong>.<strong> Els nens entren per forats i van per un circuit divertid\u00edssim de t\u00fanels que amaguen tobogans, trampes a esquivar i amagatalls.<\/strong> A m\u00e9s, el lloc t\u00e9 amb cafeteria per prendre alguna cosa i cada dia s&#8217;hi fan tallers de manualitats per als nens. L&#8217;entrada a El Cau costa: 5-6 \u20ac per persona.<\/p>\n<h3>Bosc Urb\u00e0<\/h3>\n<div class=\"tiled-gallery type-rectangular tiled-gallery-unresized\" data-original-width=\"500\" data-carousel-extra='{&quot;blog_id&quot;:1,&quot;permalink&quot;:&quot;https:\\\/\\\/locaacademiafamiliar.com\\\/ca\\\/2019\\\/llocs-xulos-de-barcelona-per-anar-amb-nens\\\/&quot;,&quot;likes_blog_id&quot;:119488531}' itemscope itemtype=\"http:\/\/schema.org\/ImageGallery\" > <div class=\"gallery-row\" style=\"width: 500px; height: 189px;\" data-original-width=\"500\" data-original-height=\"189\" > <div class=\"gallery-group images-1\" style=\"width: 250px; height: 189px;\" data-original-width=\"250\" data-original-height=\"189\" > <div class=\"tiled-gallery-item tiled-gallery-item-small\" itemprop=\"associatedMedia\" itemscope itemtype=\"http:\/\/schema.org\/ImageObject\"> <a href=\"https:\/\/locaacademiafamiliar.com\/ca\/2019\/llocs-xulos-de-barcelona-per-anar-amb-nens\/dav-245-2\/\" border=\"0\" itemprop=\"url\"> <meta itemprop=\"width\" content=\"246\"> <meta itemprop=\"height\" content=\"185\"> <img decoding=\"async\" class=\"\" data-attachment-id=\"6775\" data-orig-file=\"https:\/\/locaacademiafamiliar.com\/wp-content\/uploads\/2019\/03\/bosc-urba-barcelona.jpg\" data-orig-size=\"1280,960\" data-comments-opened=\"1\" data-image-meta=\"{&quot;aperture&quot;:&quot;2&quot;,&quot;credit&quot;:&quot;&quot;,&quot;camera&quot;:&quot;HUAWEI GRA-L09&quot;,&quot;caption&quot;:&quot;dav&quot;,&quot;created_timestamp&quot;:&quot;1522242708&quot;,&quot;copyright&quot;:&quot;&quot;,&quot;focal_length&quot;:&quot;3.83&quot;,&quot;iso&quot;:&quot;64&quot;,&quot;shutter_speed&quot;:&quot;0.00102&quot;,&quot;title&quot;:&quot;dav&quot;,&quot;orientation&quot;:&quot;1&quot;}\" data-image-title=\"dav\" data-image-description=\"\" data-medium-file=\"https:\/\/i0.wp.com\/locaacademiafamiliar.com\/wp-content\/uploads\/2019\/03\/bosc-urba-barcelona.jpg?fit=300%2C225&#038;ssl=1\" data-large-file=\"https:\/\/i0.wp.com\/locaacademiafamiliar.com\/wp-content\/uploads\/2019\/03\/bosc-urba-barcelona.jpg?fit=1024%2C768&#038;ssl=1\" src=\"https:\/\/i0.wp.com\/locaacademiafamiliar.com\/wp-content\/uploads\/2019\/03\/bosc-urba-barcelona.jpg?w=246&#038;h=185&#038;ssl=1\" srcset=\"https:\/\/i0.wp.com\/locaacademiafamiliar.com\/wp-content\/uploads\/2019\/03\/bosc-urba-barcelona.jpg?w=1280&amp;ssl=1 1280w, https:\/\/i0.wp.com\/locaacademiafamiliar.com\/wp-content\/uploads\/2019\/03\/bosc-urba-barcelona.jpg?resize=300%2C225&amp;ssl=1 300w, https:\/\/i0.wp.com\/locaacademiafamiliar.com\/wp-content\/uploads\/2019\/03\/bosc-urba-barcelona.jpg?resize=768%2C576&amp;ssl=1 768w, https:\/\/i0.wp.com\/locaacademiafamiliar.com\/wp-content\/uploads\/2019\/03\/bosc-urba-barcelona.jpg?resize=1024%2C768&amp;ssl=1 1024w, https:\/\/i0.wp.com\/locaacademiafamiliar.com\/wp-content\/uploads\/2019\/03\/bosc-urba-barcelona.jpg?resize=678%2C509&amp;ssl=1 678w, https:\/\/i0.wp.com\/locaacademiafamiliar.com\/wp-content\/uploads\/2019\/03\/bosc-urba-barcelona.jpg?resize=326%2C245&amp;ssl=1 326w, https:\/\/i0.wp.com\/locaacademiafamiliar.com\/wp-content\/uploads\/2019\/03\/bosc-urba-barcelona.jpg?resize=80%2C60&amp;ssl=1 80w\" width=\"246\" height=\"185\" loading=\"lazy\" data-original-width=\"246\" data-original-height=\"185\" itemprop=\"http:\/\/schema.org\/image\" title=\"dav\" alt=\"bosc urba barcelona\" style=\"width: 246px; height: 185px;\" \/> <\/a> <\/div> <\/div> <!-- close group --> <div class=\"gallery-group images-1\" style=\"width: 250px; height: 189px;\" data-original-width=\"250\" data-original-height=\"189\" > <div class=\"tiled-gallery-item tiled-gallery-item-small\" itemprop=\"associatedMedia\" itemscope itemtype=\"http:\/\/schema.org\/ImageObject\"> <a href=\"https:\/\/locaacademiafamiliar.com\/ca\/2019\/llocs-xulos-de-barcelona-per-anar-amb-nens\/sdr-58-2\/\" border=\"0\" itemprop=\"url\"> <meta itemprop=\"width\" content=\"246\"> <meta itemprop=\"height\" content=\"185\"> <img decoding=\"async\" class=\"\" data-attachment-id=\"6773\" data-orig-file=\"https:\/\/locaacademiafamiliar.com\/wp-content\/uploads\/2019\/03\/bosc-urba-barcelona-2.jpg\" data-orig-size=\"1280,960\" data-comments-opened=\"1\" data-image-meta=\"{&quot;aperture&quot;:&quot;2&quot;,&quot;credit&quot;:&quot;&quot;,&quot;camera&quot;:&quot;HUAWEI GRA-L09&quot;,&quot;caption&quot;:&quot;sdr&quot;,&quot;created_timestamp&quot;:&quot;1522242732&quot;,&quot;copyright&quot;:&quot;&quot;,&quot;focal_length&quot;:&quot;3.83&quot;,&quot;iso&quot;:&quot;64&quot;,&quot;shutter_speed&quot;:&quot;0.0017880000812727&quot;,&quot;title&quot;:&quot;sdr&quot;,&quot;orientation&quot;:&quot;1&quot;}\" data-image-title=\"sdr\" data-image-description=\"\" data-medium-file=\"https:\/\/i0.wp.com\/locaacademiafamiliar.com\/wp-content\/uploads\/2019\/03\/bosc-urba-barcelona-2.jpg?fit=300%2C225&#038;ssl=1\" data-large-file=\"https:\/\/i0.wp.com\/locaacademiafamiliar.com\/wp-content\/uploads\/2019\/03\/bosc-urba-barcelona-2.jpg?fit=1024%2C768&#038;ssl=1\" src=\"https:\/\/i0.wp.com\/locaacademiafamiliar.com\/wp-content\/uploads\/2019\/03\/bosc-urba-barcelona-2.jpg?w=246&#038;h=185&#038;ssl=1\" srcset=\"https:\/\/i0.wp.com\/locaacademiafamiliar.com\/wp-content\/uploads\/2019\/03\/bosc-urba-barcelona-2.jpg?w=1280&amp;ssl=1 1280w, https:\/\/i0.wp.com\/locaacademiafamiliar.com\/wp-content\/uploads\/2019\/03\/bosc-urba-barcelona-2.jpg?resize=300%2C225&amp;ssl=1 300w, https:\/\/i0.wp.com\/locaacademiafamiliar.com\/wp-content\/uploads\/2019\/03\/bosc-urba-barcelona-2.jpg?resize=768%2C576&amp;ssl=1 768w, https:\/\/i0.wp.com\/locaacademiafamiliar.com\/wp-content\/uploads\/2019\/03\/bosc-urba-barcelona-2.jpg?resize=1024%2C768&amp;ssl=1 1024w, https:\/\/i0.wp.com\/locaacademiafamiliar.com\/wp-content\/uploads\/2019\/03\/bosc-urba-barcelona-2.jpg?resize=678%2C509&amp;ssl=1 678w, https:\/\/i0.wp.com\/locaacademiafamiliar.com\/wp-content\/uploads\/2019\/03\/bosc-urba-barcelona-2.jpg?resize=326%2C245&amp;ssl=1 326w, https:\/\/i0.wp.com\/locaacademiafamiliar.com\/wp-content\/uploads\/2019\/03\/bosc-urba-barcelona-2.jpg?resize=80%2C60&amp;ssl=1 80w\" width=\"246\" height=\"185\" loading=\"lazy\" data-original-width=\"246\" data-original-height=\"185\" itemprop=\"http:\/\/schema.org\/image\" title=\"sdr\" alt=\"bosc urba barcelona\" style=\"width: 246px; height: 185px;\" \/> <\/a> <\/div> <\/div> <!-- close group --> <\/div> <!-- close row --> <\/div>\n<p><strong>A la zona del F\u00f2rum, on s&#8217;acaba l&#8217;avinguda Diagonal i toca al mar, es troba aquest parc d&#8217;aventura urb\u00e0 anomenat &#8220;<a href=\"https:\/\/www.barcelonaboscurba.com\/\" target=\"_blank\" rel=\"noopener\">Bosc Urb\u00e0<\/a>&#8221; en el qual nens a partir de 3 anys poden penjar-se per les cordes, travessar ponts i llan\u00e7ar-se en tirolina<\/strong>. L&#8217;entrada dep\u00e8n dels circuits que vulgueu \/ pugueu fer i van de 11 \u20ac &#8211; 24 \u20ac. Una cosa bona \u00e9s que est\u00e0 sota cobert, de manera que fins i tot en cas de pluja hi podeu anar.<\/p>\n<p>En finalitzar l&#8217;activitat,<strong> teniu la platja bastant a prop<\/strong> (15 minuts caminant) i tamb\u00e9 un parc infantil amb tobogans, castell de jocs i gespa al costat del f\u00f2rum (en direcci\u00f3 a la platja).<\/p>\n<p>Podeu comprar l&#8217;entrada per internet o al recinte directament. Es poden celebrar festes d&#8217;aniversari. S&#8217;hi arriba amb metro. Si aneu amb cotxe, teniu 3h de p\u00e0rquing gratu\u00eft al centre comercial Diagonal Mar, que est\u00e0 al costat. Tota aquesta zona \u00e9s molt \u00e0mplia per la qual cosa caminareu bastant aquest dia entre el cotxe, el Bosc Urb\u00e0, la platja i tota la resta. \u00c0nims!<\/p>\n<h3>Tren Can Mercader<\/h3>\n<p><img data-recalc-dims=\"1\" decoding=\"async\" class=\"aligncenter size-large wp-image-6839\" src=\"https:\/\/i0.wp.com\/locaacademiafamiliar.com\/wp-content\/uploads\/2019\/03\/tren-can-mercader-1024x576.jpg?resize=1024%2C576&#038;ssl=1\" alt=\"\" width=\"1024\" height=\"576\" srcset=\"https:\/\/i0.wp.com\/locaacademiafamiliar.com\/wp-content\/uploads\/2019\/03\/tren-can-mercader.jpg?resize=1024%2C576&amp;ssl=1 1024w, https:\/\/i0.wp.com\/locaacademiafamiliar.com\/wp-content\/uploads\/2019\/03\/tren-can-mercader.jpg?resize=300%2C169&amp;ssl=1 300w, https:\/\/i0.wp.com\/locaacademiafamiliar.com\/wp-content\/uploads\/2019\/03\/tren-can-mercader.jpg?resize=768%2C432&amp;ssl=1 768w, https:\/\/i0.wp.com\/locaacademiafamiliar.com\/wp-content\/uploads\/2019\/03\/tren-can-mercader.jpg?resize=678%2C381&amp;ssl=1 678w, https:\/\/i0.wp.com\/locaacademiafamiliar.com\/wp-content\/uploads\/2019\/03\/tren-can-mercader.jpg?w=1200&amp;ssl=1 1200w\" sizes=\"(max-width: 1000px) 100vw, 1000px\" \/><\/p>\n<p><strong>El Parc de Can Mercader \u00e9s especialment xulo per\u00f2 si a m\u00e9s hi aneu un diumenge al mat\u00ed (de 11.30 a 13: 30h), podreu fer una volta pel parc muntats en un tren en miniatura (<a href=\"http:\/\/turisme.elbaixllobregat.cat\/es\/motor\/trenet-can-mercader-club-damics-del-ferrocarril-cornell%C3%A0\" target=\"_blank\" rel=\"noopener\">m\u00e9s info<\/a>).<\/strong> Mola, no? \ud83d\ude42 Els <strong>Amics del Ferrocarril<\/strong> conserven maquetes de trens i les fan funcionar portant als passatgers que vulguin pujar al tren. \u00c9s un viatge per tot el parc, d&#8217;uns 3-5 minuts, en qu\u00e8 fins i tot passareu per ponts i t\u00fanels. Uuuuuh! L&#8217;entrada costa uns 1,5 \u20ac.<\/p>\n<div class=\"tiled-gallery type-rectangular tiled-gallery-unresized\" data-original-width=\"500\" data-carousel-extra='{&quot;blog_id&quot;:1,&quot;permalink&quot;:&quot;https:\\\/\\\/locaacademiafamiliar.com\\\/ca\\\/2019\\\/llocs-xulos-de-barcelona-per-anar-amb-nens\\\/&quot;,&quot;likes_blog_id&quot;:119488531}' itemscope itemtype=\"http:\/\/schema.org\/ImageGallery\" > <div class=\"gallery-row\" style=\"width: 500px; height: 251px;\" data-original-width=\"500\" data-original-height=\"251\" > <div class=\"gallery-group images-1\" style=\"width: 334px; height: 251px;\" data-original-width=\"334\" data-original-height=\"251\" > <div class=\"tiled-gallery-item tiled-gallery-item-large\" itemprop=\"associatedMedia\" itemscope itemtype=\"http:\/\/schema.org\/ImageObject\"> <a href=\"https:\/\/locaacademiafamiliar.com\/ca\/2019\/llocs-xulos-de-barcelona-per-anar-amb-nens\/dav-247-2\/\" border=\"0\" itemprop=\"url\"> <meta itemprop=\"width\" content=\"330\"> <meta itemprop=\"height\" content=\"247\"> <img decoding=\"async\" class=\"\" data-attachment-id=\"6779\" data-orig-file=\"https:\/\/locaacademiafamiliar.com\/wp-content\/uploads\/2019\/03\/can-mercader-lhospitalet-cornella-barcelona-3.jpg\" data-orig-size=\"1280,960\" data-comments-opened=\"1\" data-image-meta=\"{&quot;aperture&quot;:&quot;2&quot;,&quot;credit&quot;:&quot;&quot;,&quot;camera&quot;:&quot;HUAWEI GRA-L09&quot;,&quot;caption&quot;:&quot;dav&quot;,&quot;created_timestamp&quot;:&quot;1532265426&quot;,&quot;copyright&quot;:&quot;&quot;,&quot;focal_length&quot;:&quot;3.83&quot;,&quot;iso&quot;:&quot;64&quot;,&quot;shutter_speed&quot;:&quot;0.00046799998343363&quot;,&quot;title&quot;:&quot;dav&quot;,&quot;orientation&quot;:&quot;1&quot;}\" data-image-title=\"dav\" data-image-description=\"\" data-medium-file=\"https:\/\/i0.wp.com\/locaacademiafamiliar.com\/wp-content\/uploads\/2019\/03\/can-mercader-lhospitalet-cornella-barcelona-3.jpg?fit=300%2C225&#038;ssl=1\" data-large-file=\"https:\/\/i0.wp.com\/locaacademiafamiliar.com\/wp-content\/uploads\/2019\/03\/can-mercader-lhospitalet-cornella-barcelona-3.jpg?fit=1024%2C768&#038;ssl=1\" src=\"https:\/\/i0.wp.com\/locaacademiafamiliar.com\/wp-content\/uploads\/2019\/03\/can-mercader-lhospitalet-cornella-barcelona-3.jpg?w=330&#038;h=247&#038;ssl=1\" srcset=\"https:\/\/i0.wp.com\/locaacademiafamiliar.com\/wp-content\/uploads\/2019\/03\/can-mercader-lhospitalet-cornella-barcelona-3.jpg?w=1280&amp;ssl=1 1280w, https:\/\/i0.wp.com\/locaacademiafamiliar.com\/wp-content\/uploads\/2019\/03\/can-mercader-lhospitalet-cornella-barcelona-3.jpg?resize=300%2C225&amp;ssl=1 300w, https:\/\/i0.wp.com\/locaacademiafamiliar.com\/wp-content\/uploads\/2019\/03\/can-mercader-lhospitalet-cornella-barcelona-3.jpg?resize=768%2C576&amp;ssl=1 768w, https:\/\/i0.wp.com\/locaacademiafamiliar.com\/wp-content\/uploads\/2019\/03\/can-mercader-lhospitalet-cornella-barcelona-3.jpg?resize=1024%2C768&amp;ssl=1 1024w, https:\/\/i0.wp.com\/locaacademiafamiliar.com\/wp-content\/uploads\/2019\/03\/can-mercader-lhospitalet-cornella-barcelona-3.jpg?resize=678%2C509&amp;ssl=1 678w, https:\/\/i0.wp.com\/locaacademiafamiliar.com\/wp-content\/uploads\/2019\/03\/can-mercader-lhospitalet-cornella-barcelona-3.jpg?resize=326%2C245&amp;ssl=1 326w, https:\/\/i0.wp.com\/locaacademiafamiliar.com\/wp-content\/uploads\/2019\/03\/can-mercader-lhospitalet-cornella-barcelona-3.jpg?resize=80%2C60&amp;ssl=1 80w\" width=\"330\" height=\"247\" loading=\"lazy\" data-original-width=\"330\" data-original-height=\"247\" itemprop=\"http:\/\/schema.org\/image\" title=\"dav\" alt=\"dav\" style=\"width: 330px; height: 247px;\" \/> <\/a> <div class=\"tiled-gallery-caption\" itemprop=\"caption description\"> dav <\/div> <\/div> <\/div> <!-- close group --> <div class=\"gallery-group images-2\" style=\"width: 166px; height: 251px;\" data-original-width=\"166\" data-original-height=\"251\" > <div class=\"tiled-gallery-item tiled-gallery-item-small\" itemprop=\"associatedMedia\" itemscope itemtype=\"http:\/\/schema.org\/ImageObject\"> <a href=\"https:\/\/locaacademiafamiliar.com\/ca\/2019\/llocs-xulos-de-barcelona-per-anar-amb-nens\/dav-248-2\/\" border=\"0\" itemprop=\"url\"> <meta itemprop=\"width\" content=\"162\"> <meta itemprop=\"height\" content=\"122\"> <img decoding=\"async\" class=\"\" data-attachment-id=\"6781\" data-orig-file=\"https:\/\/locaacademiafamiliar.com\/wp-content\/uploads\/2019\/03\/can-mercader-lhospitalet-cornella-barcelona.jpg\" data-orig-size=\"1280,960\" data-comments-opened=\"1\" data-image-meta=\"{&quot;aperture&quot;:&quot;2&quot;,&quot;credit&quot;:&quot;&quot;,&quot;camera&quot;:&quot;HUAWEI GRA-L09&quot;,&quot;caption&quot;:&quot;dav&quot;,&quot;created_timestamp&quot;:&quot;1532264580&quot;,&quot;copyright&quot;:&quot;&quot;,&quot;focal_length&quot;:&quot;3.83&quot;,&quot;iso&quot;:&quot;64&quot;,&quot;shutter_speed&quot;:&quot;0.000528&quot;,&quot;title&quot;:&quot;dav&quot;,&quot;orientation&quot;:&quot;1&quot;}\" data-image-title=\"dav\" data-image-description=\"\" data-medium-file=\"https:\/\/i0.wp.com\/locaacademiafamiliar.com\/wp-content\/uploads\/2019\/03\/can-mercader-lhospitalet-cornella-barcelona.jpg?fit=300%2C225&#038;ssl=1\" data-large-file=\"https:\/\/i0.wp.com\/locaacademiafamiliar.com\/wp-content\/uploads\/2019\/03\/can-mercader-lhospitalet-cornella-barcelona.jpg?fit=1024%2C768&#038;ssl=1\" src=\"https:\/\/i0.wp.com\/locaacademiafamiliar.com\/wp-content\/uploads\/2019\/03\/can-mercader-lhospitalet-cornella-barcelona.jpg?w=162&#038;h=122&#038;ssl=1\" srcset=\"https:\/\/i0.wp.com\/locaacademiafamiliar.com\/wp-content\/uploads\/2019\/03\/can-mercader-lhospitalet-cornella-barcelona.jpg?w=1280&amp;ssl=1 1280w, https:\/\/i0.wp.com\/locaacademiafamiliar.com\/wp-content\/uploads\/2019\/03\/can-mercader-lhospitalet-cornella-barcelona.jpg?resize=300%2C225&amp;ssl=1 300w, https:\/\/i0.wp.com\/locaacademiafamiliar.com\/wp-content\/uploads\/2019\/03\/can-mercader-lhospitalet-cornella-barcelona.jpg?resize=768%2C576&amp;ssl=1 768w, https:\/\/i0.wp.com\/locaacademiafamiliar.com\/wp-content\/uploads\/2019\/03\/can-mercader-lhospitalet-cornella-barcelona.jpg?resize=1024%2C768&amp;ssl=1 1024w, https:\/\/i0.wp.com\/locaacademiafamiliar.com\/wp-content\/uploads\/2019\/03\/can-mercader-lhospitalet-cornella-barcelona.jpg?resize=678%2C509&amp;ssl=1 678w, https:\/\/i0.wp.com\/locaacademiafamiliar.com\/wp-content\/uploads\/2019\/03\/can-mercader-lhospitalet-cornella-barcelona.jpg?resize=326%2C245&amp;ssl=1 326w, https:\/\/i0.wp.com\/locaacademiafamiliar.com\/wp-content\/uploads\/2019\/03\/can-mercader-lhospitalet-cornella-barcelona.jpg?resize=80%2C60&amp;ssl=1 80w\" width=\"162\" height=\"122\" loading=\"lazy\" data-original-width=\"162\" data-original-height=\"122\" itemprop=\"http:\/\/schema.org\/image\" title=\"dav\" alt=\"dav\" style=\"width: 162px; height: 122px;\" \/> <\/a> <div class=\"tiled-gallery-caption\" itemprop=\"caption description\"> dav <\/div> <\/div> <div class=\"tiled-gallery-item tiled-gallery-item-small\" itemprop=\"associatedMedia\" itemscope itemtype=\"http:\/\/schema.org\/ImageObject\"> <a href=\"https:\/\/locaacademiafamiliar.com\/ca\/2019\/llocs-xulos-de-barcelona-per-anar-amb-nens\/dav-246-2\/\" border=\"0\" itemprop=\"url\"> <meta itemprop=\"width\" content=\"162\"> <meta itemprop=\"height\" content=\"121\"> <img decoding=\"async\" class=\"\" data-attachment-id=\"6777\" data-orig-file=\"https:\/\/locaacademiafamiliar.com\/wp-content\/uploads\/2019\/03\/can-mercader-lhospitalet-cornella-barcelona-2.jpg\" data-orig-size=\"1280,960\" data-comments-opened=\"1\" data-image-meta=\"{&quot;aperture&quot;:&quot;2&quot;,&quot;credit&quot;:&quot;&quot;,&quot;camera&quot;:&quot;HUAWEI GRA-L09&quot;,&quot;caption&quot;:&quot;dav&quot;,&quot;created_timestamp&quot;:&quot;1532264584&quot;,&quot;copyright&quot;:&quot;&quot;,&quot;focal_length&quot;:&quot;3.83&quot;,&quot;iso&quot;:&quot;64&quot;,&quot;shutter_speed&quot;:&quot;0.0003&quot;,&quot;title&quot;:&quot;dav&quot;,&quot;orientation&quot;:&quot;1&quot;}\" data-image-title=\"dav\" data-image-description=\"\" data-medium-file=\"https:\/\/i0.wp.com\/locaacademiafamiliar.com\/wp-content\/uploads\/2019\/03\/can-mercader-lhospitalet-cornella-barcelona-2.jpg?fit=300%2C225&#038;ssl=1\" data-large-file=\"https:\/\/i0.wp.com\/locaacademiafamiliar.com\/wp-content\/uploads\/2019\/03\/can-mercader-lhospitalet-cornella-barcelona-2.jpg?fit=1024%2C768&#038;ssl=1\" src=\"https:\/\/i0.wp.com\/locaacademiafamiliar.com\/wp-content\/uploads\/2019\/03\/can-mercader-lhospitalet-cornella-barcelona-2.jpg?w=162&#038;h=121&#038;ssl=1\" srcset=\"https:\/\/i0.wp.com\/locaacademiafamiliar.com\/wp-content\/uploads\/2019\/03\/can-mercader-lhospitalet-cornella-barcelona-2.jpg?w=1280&amp;ssl=1 1280w, https:\/\/i0.wp.com\/locaacademiafamiliar.com\/wp-content\/uploads\/2019\/03\/can-mercader-lhospitalet-cornella-barcelona-2.jpg?resize=300%2C225&amp;ssl=1 300w, https:\/\/i0.wp.com\/locaacademiafamiliar.com\/wp-content\/uploads\/2019\/03\/can-mercader-lhospitalet-cornella-barcelona-2.jpg?resize=768%2C576&amp;ssl=1 768w, https:\/\/i0.wp.com\/locaacademiafamiliar.com\/wp-content\/uploads\/2019\/03\/can-mercader-lhospitalet-cornella-barcelona-2.jpg?resize=1024%2C768&amp;ssl=1 1024w, https:\/\/i0.wp.com\/locaacademiafamiliar.com\/wp-content\/uploads\/2019\/03\/can-mercader-lhospitalet-cornella-barcelona-2.jpg?resize=678%2C509&amp;ssl=1 678w, https:\/\/i0.wp.com\/locaacademiafamiliar.com\/wp-content\/uploads\/2019\/03\/can-mercader-lhospitalet-cornella-barcelona-2.jpg?resize=326%2C245&amp;ssl=1 326w, https:\/\/i0.wp.com\/locaacademiafamiliar.com\/wp-content\/uploads\/2019\/03\/can-mercader-lhospitalet-cornella-barcelona-2.jpg?resize=80%2C60&amp;ssl=1 80w\" width=\"162\" height=\"121\" loading=\"lazy\" data-original-width=\"162\" data-original-height=\"121\" itemprop=\"http:\/\/schema.org\/image\" title=\"dav\" alt=\"dav\" style=\"width: 162px; height: 121px;\" \/> <\/a> <div class=\"tiled-gallery-caption\" itemprop=\"caption description\"> dav <\/div> <\/div> <\/div> <!-- close group --> <\/div> <!-- close row --> <\/div>\n<p>A l&#8217;altre extrem de Can Mercader, <strong>teniu la zona infantil de joc, renovada fa poc temps, amb jocs de fusta i circuits ben xulos<\/strong> que em recorden una mica als parcs que vam veure a <a href=\"https:\/\/locaacademiafamiliar.com\/ca\/2016\/com-estalviar-en-unes-vacances-amb-nens\/\"><strong>Dinamarca<\/strong><\/a> quan vam estar all\u00e0 de viatge amb un <a href=\"https:\/\/locaacademiafamiliar.com\/ca\/2018\/25-preguntes-i-respostes-habituals-els-intercanvis-casa\/\" target=\"_blank\" rel=\"noopener\"><strong>intercanvi de casa<\/strong><\/a> .<\/p>\n<h3>Gymboree Play &amp; Music<\/h3>\n<div class=\"tiled-gallery type-rectangular tiled-gallery-unresized\" data-original-width=\"500\" data-carousel-extra='{&quot;blog_id&quot;:1,&quot;permalink&quot;:&quot;https:\\\/\\\/locaacademiafamiliar.com\\\/ca\\\/2019\\\/llocs-xulos-de-barcelona-per-anar-amb-nens\\\/&quot;,&quot;likes_blog_id&quot;:119488531}' itemscope itemtype=\"http:\/\/schema.org\/ImageGallery\" > <div class=\"gallery-row\" style=\"width: 500px; height: 162px;\" data-original-width=\"500\" data-original-height=\"162\" > <div class=\"gallery-group images-1\" style=\"width: 285px; height: 162px;\" data-original-width=\"285\" data-original-height=\"162\" > <div class=\"tiled-gallery-item tiled-gallery-item-large\" itemprop=\"associatedMedia\" itemscope itemtype=\"http:\/\/schema.org\/ImageObject\"> <a href=\"https:\/\/locaacademiafamiliar.com\/ca\/2018\/gymboree-play-music-espai-ludic-familiar-sant-feliu-llobregat\/gymboree-sant-feliu-barcelona-2\/\" border=\"0\" itemprop=\"url\"> <meta itemprop=\"width\" content=\"281\"> <meta itemprop=\"height\" content=\"158\"> <img decoding=\"async\" class=\"\" data-attachment-id=\"5582\" data-orig-file=\"https:\/\/locaacademiafamiliar.com\/wp-content\/uploads\/2018\/02\/gymboree-sant-feliu-barcelona-2.jpg\" data-orig-size=\"1500,844\" data-comments-opened=\"1\" data-image-meta=\"{&quot;aperture&quot;:&quot;2&quot;,&quot;credit&quot;:&quot;&quot;,&quot;camera&quot;:&quot;XT1572&quot;,&quot;caption&quot;:&quot;&quot;,&quot;created_timestamp&quot;:&quot;1517050089&quot;,&quot;copyright&quot;:&quot;&quot;,&quot;focal_length&quot;:&quot;4.67&quot;,&quot;iso&quot;:&quot;320&quot;,&quot;shutter_speed&quot;:&quot;0.029989999896906&quot;,&quot;title&quot;:&quot;&quot;,&quot;orientation&quot;:&quot;1&quot;}\" data-image-title=\"gymboree sant feliu barcelona 2\" data-image-description=\"\" data-medium-file=\"https:\/\/i0.wp.com\/locaacademiafamiliar.com\/wp-content\/uploads\/2018\/02\/gymboree-sant-feliu-barcelona-2.jpg?fit=300%2C169&#038;ssl=1\" data-large-file=\"https:\/\/i0.wp.com\/locaacademiafamiliar.com\/wp-content\/uploads\/2018\/02\/gymboree-sant-feliu-barcelona-2.jpg?fit=1024%2C576&#038;ssl=1\" src=\"https:\/\/i0.wp.com\/locaacademiafamiliar.com\/wp-content\/uploads\/2018\/02\/gymboree-sant-feliu-barcelona-2.jpg?w=281&#038;h=158&#038;ssl=1\" srcset=\"https:\/\/i0.wp.com\/locaacademiafamiliar.com\/wp-content\/uploads\/2018\/02\/gymboree-sant-feliu-barcelona-2.jpg?w=1500&amp;ssl=1 1500w, https:\/\/i0.wp.com\/locaacademiafamiliar.com\/wp-content\/uploads\/2018\/02\/gymboree-sant-feliu-barcelona-2.jpg?resize=300%2C169&amp;ssl=1 300w, https:\/\/i0.wp.com\/locaacademiafamiliar.com\/wp-content\/uploads\/2018\/02\/gymboree-sant-feliu-barcelona-2.jpg?resize=768%2C432&amp;ssl=1 768w, https:\/\/i0.wp.com\/locaacademiafamiliar.com\/wp-content\/uploads\/2018\/02\/gymboree-sant-feliu-barcelona-2.jpg?resize=1024%2C576&amp;ssl=1 1024w, https:\/\/i0.wp.com\/locaacademiafamiliar.com\/wp-content\/uploads\/2018\/02\/gymboree-sant-feliu-barcelona-2.jpg?resize=678%2C381&amp;ssl=1 678w\" width=\"281\" height=\"158\" loading=\"lazy\" data-original-width=\"281\" data-original-height=\"158\" itemprop=\"http:\/\/schema.org\/image\" title=\"gymboree sant feliu barcelona 2\" alt=\"gymboree sant feliu barcelona 2\" style=\"width: 281px; height: 158px;\" \/> <\/a> <\/div> <\/div> <!-- close group --> <div class=\"gallery-group images-1\" style=\"width: 215px; height: 162px;\" data-original-width=\"215\" data-original-height=\"162\" > <div class=\"tiled-gallery-item tiled-gallery-item-small\" itemprop=\"associatedMedia\" itemscope itemtype=\"http:\/\/schema.org\/ImageObject\"> <a href=\"https:\/\/locaacademiafamiliar.com\/ca\/2018\/gymboree-play-music-espai-ludic-familiar-sant-feliu-llobregat\/gymboree-sant-feliu-llobregat-3\/\" border=\"0\" itemprop=\"url\"> <meta itemprop=\"width\" content=\"211\"> <meta itemprop=\"height\" content=\"158\"> <img decoding=\"async\" class=\"\" data-attachment-id=\"5573\" data-orig-file=\"https:\/\/locaacademiafamiliar.com\/wp-content\/uploads\/2018\/02\/gymboree-sant-feliu-llobregat-3.jpg\" data-orig-size=\"1500,1125\" data-comments-opened=\"1\" data-image-meta=\"{&quot;aperture&quot;:&quot;2.2&quot;,&quot;credit&quot;:&quot;&quot;,&quot;camera&quot;:&quot;Aquaris U&quot;,&quot;caption&quot;:&quot;&quot;,&quot;created_timestamp&quot;:&quot;1517051643&quot;,&quot;copyright&quot;:&quot;&quot;,&quot;focal_length&quot;:&quot;3.4&quot;,&quot;iso&quot;:&quot;778&quot;,&quot;shutter_speed&quot;:&quot;0.03030303030303&quot;,&quot;title&quot;:&quot;&quot;,&quot;orientation&quot;:&quot;1&quot;}\" data-image-title=\"gymboree sant feliu llobregat 3\" data-image-description=\"\" data-medium-file=\"https:\/\/i0.wp.com\/locaacademiafamiliar.com\/wp-content\/uploads\/2018\/02\/gymboree-sant-feliu-llobregat-3.jpg?fit=300%2C225&#038;ssl=1\" data-large-file=\"https:\/\/i0.wp.com\/locaacademiafamiliar.com\/wp-content\/uploads\/2018\/02\/gymboree-sant-feliu-llobregat-3.jpg?fit=1024%2C768&#038;ssl=1\" src=\"https:\/\/i0.wp.com\/locaacademiafamiliar.com\/wp-content\/uploads\/2018\/02\/gymboree-sant-feliu-llobregat-3.jpg?w=211&#038;h=158&#038;ssl=1\" srcset=\"https:\/\/i0.wp.com\/locaacademiafamiliar.com\/wp-content\/uploads\/2018\/02\/gymboree-sant-feliu-llobregat-3.jpg?w=1500&amp;ssl=1 1500w, https:\/\/i0.wp.com\/locaacademiafamiliar.com\/wp-content\/uploads\/2018\/02\/gymboree-sant-feliu-llobregat-3.jpg?resize=300%2C225&amp;ssl=1 300w, https:\/\/i0.wp.com\/locaacademiafamiliar.com\/wp-content\/uploads\/2018\/02\/gymboree-sant-feliu-llobregat-3.jpg?resize=768%2C576&amp;ssl=1 768w, https:\/\/i0.wp.com\/locaacademiafamiliar.com\/wp-content\/uploads\/2018\/02\/gymboree-sant-feliu-llobregat-3.jpg?resize=1024%2C768&amp;ssl=1 1024w, https:\/\/i0.wp.com\/locaacademiafamiliar.com\/wp-content\/uploads\/2018\/02\/gymboree-sant-feliu-llobregat-3.jpg?resize=678%2C509&amp;ssl=1 678w, https:\/\/i0.wp.com\/locaacademiafamiliar.com\/wp-content\/uploads\/2018\/02\/gymboree-sant-feliu-llobregat-3.jpg?resize=326%2C245&amp;ssl=1 326w, https:\/\/i0.wp.com\/locaacademiafamiliar.com\/wp-content\/uploads\/2018\/02\/gymboree-sant-feliu-llobregat-3.jpg?resize=80%2C60&amp;ssl=1 80w\" width=\"211\" height=\"158\" loading=\"lazy\" data-original-width=\"211\" data-original-height=\"158\" itemprop=\"http:\/\/schema.org\/image\" title=\"gymboree sant feliu llobregat 3\" alt=\"gymboree sant feliu llobregat 3\" style=\"width: 211px; height: 158px;\" \/> <\/a> <\/div> <\/div> <!-- close group --> <\/div> <!-- close row --> <\/div>\n<p><strong>Els dissabtes al mat\u00ed, podreu anar a jugar a les matalassos del Gymboree. Un pla ideal per fer a Barcelona en cas de pluja<\/strong> \ud83d\ude42 <strong>\u00c9s una classe lliure de psicomotricitat amb circuits plens de tobogans, matalassos, tubs, cilindres<\/strong> &#8230; Tot ben tou, esmorteint els cops en cas de caiguda.<\/p>\n<p>La resta de dies de la setmana, <strong>el Gymboree Play &amp; Music organitza classes per a pares \/ mares i fills, per aprendre a moure, jugant i cantant<\/strong>. Hi ha diferents nivells segons edats. Pots llegir aqu\u00ed <a href=\"https:\/\/locaacademiafamiliar.com\/ca\/2018\/gymboree-play-music-espai-ludic-familiar-sant-feliu-llobregat\/\"><strong>la nostra experi\u00e8ncia en Gymboree Sant Feliu de Llobregat<\/strong><\/a>. Tamb\u00e9 hi ha un altre centre Gymboree a Sarri\u00e0.<\/p>\n<h3>Granja &#8211; Xocolateria La Nena<\/h3>\n<p>Una de les \u00faltimes vegades que vam estar a Barcelona ens va quedar pendent anar a <a href=\"https:\/\/la-nena-chocolate-cafe.business.site\/\" target=\"_blank\" rel=\"noopener\"><strong>la xocolateria La Nena<\/strong><\/a> perqu\u00e8 just aquell dia estava tancat &#8230; Per\u00f2 hem sentit a parlar molt b\u00e9 d&#8217;<strong>aquesta cafeteria per anar amb nens, situada al barri de Gr\u00e0cia de Barcelona.<\/strong> A veure si hi ha una nova opci\u00f3 aviat \ud83d\ude42<\/p>\n<p>El m\u00e9s guay de La Nena no \u00e9s nom\u00e9s que serveixen xocolata calenta amb xurros, creps i altres coses bones per berenar, sin\u00f3 que <strong>compten amb un espai ple de joguines<\/strong>. Adre\u00e7a: C \/ de Ram\u00f3n i Cajal, 36 (prop del Teatreneu, a Gr\u00e0cia).<\/p>\n<h3>Cosmocaixa<\/h3>\n<div class=\"tiled-gallery type-rectangular tiled-gallery-unresized\" data-original-width=\"500\" data-carousel-extra='{&quot;blog_id&quot;:1,&quot;permalink&quot;:&quot;https:\\\/\\\/locaacademiafamiliar.com\\\/ca\\\/2019\\\/llocs-xulos-de-barcelona-per-anar-amb-nens\\\/&quot;,&quot;likes_blog_id&quot;:119488531}' itemscope itemtype=\"http:\/\/schema.org\/ImageGallery\" > <div class=\"gallery-row\" style=\"width: 500px; height: 189px;\" data-original-width=\"500\" data-original-height=\"189\" > <div class=\"gallery-group images-1\" style=\"width: 250px; height: 189px;\" data-original-width=\"250\" data-original-height=\"189\" > <div class=\"tiled-gallery-item tiled-gallery-item-small\" itemprop=\"associatedMedia\" itemscope itemtype=\"http:\/\/schema.org\/ImageObject\"> <a href=\"https:\/\/locaacademiafamiliar.com\/ca\/2019\/llocs-xulos-de-barcelona-per-anar-amb-nens\/dav-250-2\/\" border=\"0\" itemprop=\"url\"> <meta itemprop=\"width\" content=\"246\"> <meta itemprop=\"height\" content=\"185\"> <img decoding=\"async\" class=\"\" data-attachment-id=\"6785\" data-orig-file=\"https:\/\/locaacademiafamiliar.com\/wp-content\/uploads\/2019\/03\/cosmocaixa-2.jpg\" data-orig-size=\"1280,960\" data-comments-opened=\"1\" data-image-meta=\"{&quot;aperture&quot;:&quot;2&quot;,&quot;credit&quot;:&quot;&quot;,&quot;camera&quot;:&quot;HUAWEI GRA-L09&quot;,&quot;caption&quot;:&quot;dav&quot;,&quot;created_timestamp&quot;:&quot;1522155623&quot;,&quot;copyright&quot;:&quot;&quot;,&quot;focal_length&quot;:&quot;3.83&quot;,&quot;iso&quot;:&quot;500&quot;,&quot;shutter_speed&quot;:&quot;0.03&quot;,&quot;title&quot;:&quot;dav&quot;,&quot;orientation&quot;:&quot;1&quot;}\" data-image-title=\"dav\" data-image-description=\"\" data-medium-file=\"https:\/\/i0.wp.com\/locaacademiafamiliar.com\/wp-content\/uploads\/2019\/03\/cosmocaixa-2.jpg?fit=300%2C225&#038;ssl=1\" data-large-file=\"https:\/\/i0.wp.com\/locaacademiafamiliar.com\/wp-content\/uploads\/2019\/03\/cosmocaixa-2.jpg?fit=1024%2C768&#038;ssl=1\" src=\"https:\/\/i0.wp.com\/locaacademiafamiliar.com\/wp-content\/uploads\/2019\/03\/cosmocaixa-2.jpg?w=246&#038;h=185&#038;ssl=1\" srcset=\"https:\/\/i0.wp.com\/locaacademiafamiliar.com\/wp-content\/uploads\/2019\/03\/cosmocaixa-2.jpg?w=1280&amp;ssl=1 1280w, https:\/\/i0.wp.com\/locaacademiafamiliar.com\/wp-content\/uploads\/2019\/03\/cosmocaixa-2.jpg?resize=300%2C225&amp;ssl=1 300w, https:\/\/i0.wp.com\/locaacademiafamiliar.com\/wp-content\/uploads\/2019\/03\/cosmocaixa-2.jpg?resize=768%2C576&amp;ssl=1 768w, https:\/\/i0.wp.com\/locaacademiafamiliar.com\/wp-content\/uploads\/2019\/03\/cosmocaixa-2.jpg?resize=1024%2C768&amp;ssl=1 1024w, https:\/\/i0.wp.com\/locaacademiafamiliar.com\/wp-content\/uploads\/2019\/03\/cosmocaixa-2.jpg?resize=678%2C509&amp;ssl=1 678w, https:\/\/i0.wp.com\/locaacademiafamiliar.com\/wp-content\/uploads\/2019\/03\/cosmocaixa-2.jpg?resize=326%2C245&amp;ssl=1 326w, https:\/\/i0.wp.com\/locaacademiafamiliar.com\/wp-content\/uploads\/2019\/03\/cosmocaixa-2.jpg?resize=80%2C60&amp;ssl=1 80w\" width=\"246\" height=\"185\" loading=\"lazy\" data-original-width=\"246\" data-original-height=\"185\" itemprop=\"http:\/\/schema.org\/image\" title=\"dav\" alt=\"cosmocaixa\" style=\"width: 246px; height: 185px;\" \/> <\/a> <\/div> <\/div> <!-- close group --> <div class=\"gallery-group images-1\" style=\"width: 250px; height: 189px;\" data-original-width=\"250\" data-original-height=\"189\" > <div class=\"tiled-gallery-item tiled-gallery-item-small\" itemprop=\"associatedMedia\" itemscope itemtype=\"http:\/\/schema.org\/ImageObject\"> <a href=\"https:\/\/locaacademiafamiliar.com\/ca\/2019\/llocs-xulos-de-barcelona-per-anar-amb-nens\/dav-249-2\/\" border=\"0\" itemprop=\"url\"> <meta itemprop=\"width\" content=\"246\"> <meta itemprop=\"height\" content=\"185\"> <img decoding=\"async\" class=\"\" data-attachment-id=\"6783\" data-orig-file=\"https:\/\/locaacademiafamiliar.com\/wp-content\/uploads\/2019\/03\/cosmocaixa-.jpg\" data-orig-size=\"1280,960\" data-comments-opened=\"1\" data-image-meta=\"{&quot;aperture&quot;:&quot;2&quot;,&quot;credit&quot;:&quot;&quot;,&quot;camera&quot;:&quot;HUAWEI GRA-L09&quot;,&quot;caption&quot;:&quot;dav&quot;,&quot;created_timestamp&quot;:&quot;1522151519&quot;,&quot;copyright&quot;:&quot;&quot;,&quot;focal_length&quot;:&quot;3.83&quot;,&quot;iso&quot;:&quot;250&quot;,&quot;shutter_speed&quot;:&quot;0.03&quot;,&quot;title&quot;:&quot;dav&quot;,&quot;orientation&quot;:&quot;1&quot;}\" data-image-title=\"dav\" data-image-description=\"\" data-medium-file=\"https:\/\/i0.wp.com\/locaacademiafamiliar.com\/wp-content\/uploads\/2019\/03\/cosmocaixa-.jpg?fit=300%2C225&#038;ssl=1\" data-large-file=\"https:\/\/i0.wp.com\/locaacademiafamiliar.com\/wp-content\/uploads\/2019\/03\/cosmocaixa-.jpg?fit=1024%2C768&#038;ssl=1\" src=\"https:\/\/i0.wp.com\/locaacademiafamiliar.com\/wp-content\/uploads\/2019\/03\/cosmocaixa-.jpg?w=246&#038;h=185&#038;ssl=1\" srcset=\"https:\/\/i0.wp.com\/locaacademiafamiliar.com\/wp-content\/uploads\/2019\/03\/cosmocaixa-.jpg?w=1280&amp;ssl=1 1280w, https:\/\/i0.wp.com\/locaacademiafamiliar.com\/wp-content\/uploads\/2019\/03\/cosmocaixa-.jpg?resize=300%2C225&amp;ssl=1 300w, https:\/\/i0.wp.com\/locaacademiafamiliar.com\/wp-content\/uploads\/2019\/03\/cosmocaixa-.jpg?resize=768%2C576&amp;ssl=1 768w, https:\/\/i0.wp.com\/locaacademiafamiliar.com\/wp-content\/uploads\/2019\/03\/cosmocaixa-.jpg?resize=1024%2C768&amp;ssl=1 1024w, https:\/\/i0.wp.com\/locaacademiafamiliar.com\/wp-content\/uploads\/2019\/03\/cosmocaixa-.jpg?resize=678%2C509&amp;ssl=1 678w, https:\/\/i0.wp.com\/locaacademiafamiliar.com\/wp-content\/uploads\/2019\/03\/cosmocaixa-.jpg?resize=326%2C245&amp;ssl=1 326w, https:\/\/i0.wp.com\/locaacademiafamiliar.com\/wp-content\/uploads\/2019\/03\/cosmocaixa-.jpg?resize=80%2C60&amp;ssl=1 80w\" width=\"246\" height=\"185\" loading=\"lazy\" data-original-width=\"246\" data-original-height=\"185\" itemprop=\"http:\/\/schema.org\/image\" title=\"dav\" alt=\"cosmocaixa\" style=\"width: 246px; height: 185px;\" \/> <\/a> <\/div> <\/div> <!-- close group --> <\/div> <!-- close row --> <\/div>\n<p><strong>El Cosmocaixa \u00e9s el museu de la ci\u00e8ncia de Barcelona i \u00e9s tan gran i t\u00e9 tantes activitats diferents que \u00e9s un museu v\u00e0lid per a tota la fam\u00edlia.<\/strong> Des de <strong>Planetari fins a Toca-Toca<\/strong>, passant per tallers de creativitat i exposicions de planetes o animals; sempre trobareu alguna cosa nova a descobrir. I s\u00ed, com us expliquem en un altre post, <a href=\"https:\/\/locaacademiafamiliar.com\/ca\/2018\/val-la-pena-anar-al-cosmocaixa-amb-nens-petits\/\"><strong>val la pena anar al Cosmocaixa fins i tot quan tens nens petits<\/strong><\/a>.<\/p>\n<p>&nbsp;<\/p>\n<h3>Teatres i Cinemes infantils<\/h3>\n<p>Si plou, fa fred o simplement us ve de gust <strong>anar al teatre o al cinema, a Barcelona teniu un ampli ventall de possibilitats.<\/strong><\/p>\n<p>Per comen\u00e7ar, als<strong> Cinemes Girona<\/strong> <strong>programen molt sovint pel\u00b7l\u00edcules de cinema infantils.<\/strong> Recentment han estrenat all\u00e0 <strong>La Rata Pirata <\/strong>i aviat estrenaran <strong>ZOG, una hist\u00f2ria (feminista) de princeses valentes i dracs.<\/strong><\/p>\n<p>Pel que fa als <strong>teatres<\/strong>, ja us vam explicar fa un temps alguns dels<strong><a href=\"https:\/\/locaacademiafamiliar.com\/ca\/2018\/teatres-de-barcelona-i-rodalies-que-ofereixen-espectacles-infantils-per-a-families-amb-nens\/\" target=\"_blank\" rel=\"noopener\"> teatres infantils de Barcelona i rodalies<\/a> en els qu\u00e8 hem estat.<\/strong> \u00c9s un gran pla per anar en fam\u00edlia i ofereixen obres de teatre i musicals adequats per a nens: no duren m\u00e9s d&#8217;1 hora i els programen en horari infantil perqu\u00e8 no hi hagi problemes de migdiades ni de gana&#8230;<\/p>\n<p>El que solem fer nosaltres \u00e9s consultar al <strong>web <a href=\"https:\/\/www.atrapalo.com\/\" target=\"_blank\" rel=\"noopener\">d&#8217;Atr\u00e1palo<\/a> les obres infantils<\/strong> que hi ha en cartellera actualment i reservem en funci\u00f3 de la disponibilitat i contingut de l&#8217;obra. Comprant per Atr\u00e1palo sempre sol haver-hi un descompte \ud83d\ude42<\/p>\n<h3>Aquari: Explora<\/h3>\n<div class=\"tiled-gallery type-rectangular tiled-gallery-unresized\" data-original-width=\"500\" data-carousel-extra='{&quot;blog_id&quot;:1,&quot;permalink&quot;:&quot;https:\\\/\\\/locaacademiafamiliar.com\\\/ca\\\/2019\\\/llocs-xulos-de-barcelona-per-anar-amb-nens\\\/&quot;,&quot;likes_blog_id&quot;:119488531}' itemscope itemtype=\"http:\/\/schema.org\/ImageGallery\" > <div class=\"gallery-row\" style=\"width: 500px; height: 332px;\" data-original-width=\"500\" data-original-height=\"332\" > <div class=\"gallery-group images-1\" style=\"width: 250px; height: 332px;\" data-original-width=\"250\" data-original-height=\"332\" > <div class=\"tiled-gallery-item tiled-gallery-item-small\" itemprop=\"associatedMedia\" itemscope itemtype=\"http:\/\/schema.org\/ImageObject\"> <a href=\"https:\/\/locaacademiafamiliar.com\/ca\/2019\/llocs-xulos-de-barcelona-per-anar-amb-nens\/dav-244-2\/\" border=\"0\" itemprop=\"url\"> <meta itemprop=\"width\" content=\"246\"> <meta itemprop=\"height\" content=\"328\"> <img decoding=\"async\" class=\"\" data-attachment-id=\"6771\" data-orig-file=\"https:\/\/locaacademiafamiliar.com\/wp-content\/uploads\/2019\/03\/aquari-barcelona-explora.jpg\" data-orig-size=\"960,1280\" data-comments-opened=\"1\" data-image-meta=\"{&quot;aperture&quot;:&quot;2&quot;,&quot;credit&quot;:&quot;&quot;,&quot;camera&quot;:&quot;HUAWEI GRA-L09&quot;,&quot;caption&quot;:&quot;dav&quot;,&quot;created_timestamp&quot;:&quot;1521983663&quot;,&quot;copyright&quot;:&quot;&quot;,&quot;focal_length&quot;:&quot;3.83&quot;,&quot;iso&quot;:&quot;400&quot;,&quot;shutter_speed&quot;:&quot;0.049992001279795&quot;,&quot;title&quot;:&quot;dav&quot;,&quot;orientation&quot;:&quot;1&quot;}\" data-image-title=\"dav\" data-image-description=\"\" data-medium-file=\"https:\/\/i0.wp.com\/locaacademiafamiliar.com\/wp-content\/uploads\/2019\/03\/aquari-barcelona-explora.jpg?fit=225%2C300&#038;ssl=1\" data-large-file=\"https:\/\/i0.wp.com\/locaacademiafamiliar.com\/wp-content\/uploads\/2019\/03\/aquari-barcelona-explora.jpg?fit=768%2C1024&#038;ssl=1\" src=\"https:\/\/i0.wp.com\/locaacademiafamiliar.com\/wp-content\/uploads\/2019\/03\/aquari-barcelona-explora.jpg?w=246&#038;h=328&#038;ssl=1\" srcset=\"https:\/\/i0.wp.com\/locaacademiafamiliar.com\/wp-content\/uploads\/2019\/03\/aquari-barcelona-explora.jpg?w=960&amp;ssl=1 960w, https:\/\/i0.wp.com\/locaacademiafamiliar.com\/wp-content\/uploads\/2019\/03\/aquari-barcelona-explora.jpg?resize=225%2C300&amp;ssl=1 225w, https:\/\/i0.wp.com\/locaacademiafamiliar.com\/wp-content\/uploads\/2019\/03\/aquari-barcelona-explora.jpg?resize=768%2C1024&amp;ssl=1 768w\" width=\"246\" height=\"328\" loading=\"lazy\" data-original-width=\"246\" data-original-height=\"328\" itemprop=\"http:\/\/schema.org\/image\" title=\"dav\" alt=\"dav\" style=\"width: 246px; height: 328px;\" \/> <\/a> <div class=\"tiled-gallery-caption\" itemprop=\"caption description\"> dav <\/div> <\/div> <\/div> <!-- close group --> <div class=\"gallery-group images-1\" style=\"width: 250px; height: 332px;\" data-original-width=\"250\" data-original-height=\"332\" > <div class=\"tiled-gallery-item tiled-gallery-item-small\" itemprop=\"associatedMedia\" itemscope itemtype=\"http:\/\/schema.org\/ImageObject\"> <a href=\"https:\/\/locaacademiafamiliar.com\/ca\/2019\/llocs-xulos-de-barcelona-per-anar-amb-nens\/dav-243-2\/\" border=\"0\" itemprop=\"url\"> <meta itemprop=\"width\" content=\"246\"> <meta itemprop=\"height\" content=\"328\"> <img decoding=\"async\" class=\"\" data-attachment-id=\"6769\" data-orig-file=\"https:\/\/locaacademiafamiliar.com\/wp-content\/uploads\/2019\/03\/aquari-barcelona-con-nin\u0303os.jpg\" data-orig-size=\"960,1280\" data-comments-opened=\"1\" data-image-meta=\"{&quot;aperture&quot;:&quot;2&quot;,&quot;credit&quot;:&quot;&quot;,&quot;camera&quot;:&quot;HUAWEI GRA-L09&quot;,&quot;caption&quot;:&quot;dav&quot;,&quot;created_timestamp&quot;:&quot;1521982558&quot;,&quot;copyright&quot;:&quot;&quot;,&quot;focal_length&quot;:&quot;3.83&quot;,&quot;iso&quot;:&quot;500&quot;,&quot;shutter_speed&quot;:&quot;0.06&quot;,&quot;title&quot;:&quot;dav&quot;,&quot;orientation&quot;:&quot;1&quot;}\" data-image-title=\"dav\" data-image-description=\"\" data-medium-file=\"https:\/\/i0.wp.com\/locaacademiafamiliar.com\/wp-content\/uploads\/2019\/03\/aquari-barcelona-con-nin%CC%83os.jpg?fit=225%2C300&#038;ssl=1\" data-large-file=\"https:\/\/i0.wp.com\/locaacademiafamiliar.com\/wp-content\/uploads\/2019\/03\/aquari-barcelona-con-nin%CC%83os.jpg?fit=768%2C1024&#038;ssl=1\" src=\"https:\/\/i0.wp.com\/locaacademiafamiliar.com\/wp-content\/uploads\/2019\/03\/aquari-barcelona-con-nin%CC%83os.jpg?w=246&#038;h=328&#038;ssl=1\" width=\"246\" height=\"328\" loading=\"lazy\" data-original-width=\"246\" data-original-height=\"328\" itemprop=\"http:\/\/schema.org\/image\" title=\"dav\" alt=\"dav\" style=\"width: 246px; height: 328px;\" \/> <\/a> <div class=\"tiled-gallery-caption\" itemprop=\"caption description\"> dav <\/div> <\/div> <\/div> <!-- close group --> <\/div> <!-- close row --> <\/div>\n<p>Si us dic la veritat, no som grans fans de l&#8217;Aquari de Barcelona perqu\u00e8 quan hi hem anat estava tan ple de gent que no ho hem gaudit. A m\u00e9s, \u00e9s for\u00e7a car &#8230; Peeeeer\u00f2, l&#8217;\u00faltima vegada que hi vam anar amb els dos nens (i la gran tenia 2 anys i mig), <strong>vam gaudir molt\u00edssim a l'&#8221;Explora&#8221; que \u00e9s la secci\u00f3 final de l&#8217;Aquari: un espai per jugar, explorar, tocar i experimentar &#8230;\u00a0<\/strong>El t\u00fanel cobert d&#8217;aigua on veus nedar peixos i taurons al voltant teu tamb\u00e9 val la pena \ud83d\ude42<\/p>\n<div data-gyg-href=\"https:\/\/widget.getyourguide.com\/default\/availability.frame\" data-gyg-tour-id=\"61515\" data-gyg-locale-code=\"es-ES\" data-gyg-currency=\"EUR\" data-gyg-widget=\"availability\" data-gyg-theme=\"dark\" data-gyg-variant=\"horizontal\" data-gyg-partner-id=\"D46AB\"><\/div>\n<p><\/p>\n<h3>Museu Blau: taller Niu Ci\u00e8ncia<\/h3>\n<div class=\"tiled-gallery type-rectangular tiled-gallery-unresized\" data-original-width=\"500\" data-carousel-extra='{&quot;blog_id&quot;:1,&quot;permalink&quot;:&quot;https:\\\/\\\/locaacademiafamiliar.com\\\/ca\\\/2019\\\/llocs-xulos-de-barcelona-per-anar-amb-nens\\\/&quot;,&quot;likes_blog_id&quot;:119488531}' itemscope itemtype=\"http:\/\/schema.org\/ImageGallery\" > <div class=\"gallery-row\" style=\"width: 500px; height: 186px;\" data-original-width=\"500\" data-original-height=\"186\" > <div class=\"gallery-group images-1\" style=\"width: 253px; height: 186px;\" data-original-width=\"253\" data-original-height=\"186\" > <div class=\"tiled-gallery-item tiled-gallery-item-small\" itemprop=\"associatedMedia\" itemscope itemtype=\"http:\/\/schema.org\/ImageObject\"> <a href=\"https:\/\/locaacademiafamiliar.com\/ca\/2019\/llocs-xulos-de-barcelona-per-anar-amb-nens\/museu-blau-niu-ciencia-2-2\/\" border=\"0\" itemprop=\"url\"> <meta itemprop=\"width\" content=\"249\"> <meta itemprop=\"height\" content=\"182\"> <img decoding=\"async\" class=\"\" data-attachment-id=\"6882\" data-orig-file=\"https:\/\/locaacademiafamiliar.com\/wp-content\/uploads\/2019\/03\/museu-blau-niu-ciencia-2.jpg\" data-orig-size=\"829,605\" data-comments-opened=\"1\" data-image-meta=\"{&quot;aperture&quot;:&quot;2&quot;,&quot;credit&quot;:&quot;&quot;,&quot;camera&quot;:&quot;XT1572&quot;,&quot;caption&quot;:&quot;&quot;,&quot;created_timestamp&quot;:&quot;1494158896&quot;,&quot;copyright&quot;:&quot;&quot;,&quot;focal_length&quot;:&quot;4.67&quot;,&quot;iso&quot;:&quot;400&quot;,&quot;shutter_speed&quot;:&quot;0.03333&quot;,&quot;title&quot;:&quot;&quot;,&quot;orientation&quot;:&quot;1&quot;}\" data-image-title=\"museu blau niu ciencia 2\" data-image-description=\"\" data-medium-file=\"https:\/\/i0.wp.com\/locaacademiafamiliar.com\/wp-content\/uploads\/2019\/03\/museu-blau-niu-ciencia-2.jpg?fit=300%2C219&#038;ssl=1\" data-large-file=\"https:\/\/i0.wp.com\/locaacademiafamiliar.com\/wp-content\/uploads\/2019\/03\/museu-blau-niu-ciencia-2.jpg?fit=829%2C605&#038;ssl=1\" src=\"https:\/\/i0.wp.com\/locaacademiafamiliar.com\/wp-content\/uploads\/2019\/03\/museu-blau-niu-ciencia-2.jpg?w=249&#038;h=182&#038;ssl=1\" srcset=\"https:\/\/i0.wp.com\/locaacademiafamiliar.com\/wp-content\/uploads\/2019\/03\/museu-blau-niu-ciencia-2.jpg?w=829&amp;ssl=1 829w, https:\/\/i0.wp.com\/locaacademiafamiliar.com\/wp-content\/uploads\/2019\/03\/museu-blau-niu-ciencia-2.jpg?resize=300%2C219&amp;ssl=1 300w, https:\/\/i0.wp.com\/locaacademiafamiliar.com\/wp-content\/uploads\/2019\/03\/museu-blau-niu-ciencia-2.jpg?resize=768%2C560&amp;ssl=1 768w\" width=\"249\" height=\"182\" loading=\"lazy\" data-original-width=\"249\" data-original-height=\"182\" itemprop=\"http:\/\/schema.org\/image\" title=\"museu blau niu ciencia 2\" alt=\"museu blau niu ciencia 2\" style=\"width: 249px; height: 182px;\" \/> <\/a> <\/div> <\/div> <!-- close group --> <div class=\"gallery-group images-1\" style=\"width: 247px; height: 186px;\" data-original-width=\"247\" data-original-height=\"186\" > <div class=\"tiled-gallery-item tiled-gallery-item-small\" itemprop=\"associatedMedia\" itemscope itemtype=\"http:\/\/schema.org\/ImageObject\"> <a href=\"https:\/\/locaacademiafamiliar.com\/ca\/2019\/llocs-xulos-de-barcelona-per-anar-amb-nens\/dav-256-2\/\" border=\"0\" itemprop=\"url\"> <meta itemprop=\"width\" content=\"243\"> <meta itemprop=\"height\" content=\"182\"> <img decoding=\"async\" class=\"\" data-attachment-id=\"6880\" data-orig-file=\"https:\/\/locaacademiafamiliar.com\/wp-content\/uploads\/2019\/03\/museu-blau-niu-ciencia-1.jpg\" data-orig-size=\"1280,960\" data-comments-opened=\"1\" data-image-meta=\"{&quot;aperture&quot;:&quot;2&quot;,&quot;credit&quot;:&quot;&quot;,&quot;camera&quot;:&quot;HUAWEI GRA-L09&quot;,&quot;caption&quot;:&quot;dav&quot;,&quot;created_timestamp&quot;:&quot;1494159557&quot;,&quot;copyright&quot;:&quot;&quot;,&quot;focal_length&quot;:&quot;3.83&quot;,&quot;iso&quot;:&quot;400&quot;,&quot;shutter_speed&quot;:&quot;0.03&quot;,&quot;title&quot;:&quot;dav&quot;,&quot;orientation&quot;:&quot;1&quot;}\" data-image-title=\"dav\" data-image-description=\"\" data-medium-file=\"https:\/\/i0.wp.com\/locaacademiafamiliar.com\/wp-content\/uploads\/2019\/03\/museu-blau-niu-ciencia-1.jpg?fit=300%2C225&#038;ssl=1\" data-large-file=\"https:\/\/i0.wp.com\/locaacademiafamiliar.com\/wp-content\/uploads\/2019\/03\/museu-blau-niu-ciencia-1.jpg?fit=1024%2C768&#038;ssl=1\" src=\"https:\/\/i0.wp.com\/locaacademiafamiliar.com\/wp-content\/uploads\/2019\/03\/museu-blau-niu-ciencia-1.jpg?w=243&#038;h=182&#038;ssl=1\" srcset=\"https:\/\/i0.wp.com\/locaacademiafamiliar.com\/wp-content\/uploads\/2019\/03\/museu-blau-niu-ciencia-1.jpg?w=1280&amp;ssl=1 1280w, https:\/\/i0.wp.com\/locaacademiafamiliar.com\/wp-content\/uploads\/2019\/03\/museu-blau-niu-ciencia-1.jpg?resize=300%2C225&amp;ssl=1 300w, https:\/\/i0.wp.com\/locaacademiafamiliar.com\/wp-content\/uploads\/2019\/03\/museu-blau-niu-ciencia-1.jpg?resize=768%2C576&amp;ssl=1 768w, https:\/\/i0.wp.com\/locaacademiafamiliar.com\/wp-content\/uploads\/2019\/03\/museu-blau-niu-ciencia-1.jpg?resize=1024%2C768&amp;ssl=1 1024w, https:\/\/i0.wp.com\/locaacademiafamiliar.com\/wp-content\/uploads\/2019\/03\/museu-blau-niu-ciencia-1.jpg?resize=678%2C509&amp;ssl=1 678w, https:\/\/i0.wp.com\/locaacademiafamiliar.com\/wp-content\/uploads\/2019\/03\/museu-blau-niu-ciencia-1.jpg?resize=326%2C245&amp;ssl=1 326w, https:\/\/i0.wp.com\/locaacademiafamiliar.com\/wp-content\/uploads\/2019\/03\/museu-blau-niu-ciencia-1.jpg?resize=80%2C60&amp;ssl=1 80w\" width=\"243\" height=\"182\" loading=\"lazy\" data-original-width=\"243\" data-original-height=\"182\" itemprop=\"http:\/\/schema.org\/image\" title=\"dav\" alt=\"dav\" style=\"width: 243px; height: 182px;\" \/> <\/a> <div class=\"tiled-gallery-caption\" itemprop=\"caption description\"> dav <\/div> <\/div> <\/div> <!-- close group --> <\/div> <!-- close row --> <\/div>\n<p><strong>El Museu Blau \u00e9s el museu de ci\u00e8ncies naturals de Barcelona, situat a la zona F\u00f2rum, prop del Bosc Urb\u00e0<\/strong>. Hi trobareu exposicions permanents d&#8217;animals, dinosaures i ci\u00e8ncies naturals en general; <strong>per\u00f2 el millor \u00e9s el <a href=\"http:\/\/museuciencies.cat\/visitans\/museu-blau\/serveis-del-museu\/niu-de-ciencia\/\" target=\"_blank\" rel=\"noopener\">Niu de la Ci\u00e8ncia<\/a>, un espai on explorar pells de diferents animals, os, radiografies de diferents animals a la taula de llum, pots d&#8217;olor<\/strong> &#8230; una infinitat de descobriments durant mitja hora. Cal reservar.<\/p>\n<h3>Pudding Barcelona<\/h3>\n<div class=\"tiled-gallery type-rectangular tiled-gallery-unresized\" data-original-width=\"500\" data-carousel-extra='{&quot;blog_id&quot;:1,&quot;permalink&quot;:&quot;https:\\\/\\\/locaacademiafamiliar.com\\\/ca\\\/2019\\\/llocs-xulos-de-barcelona-per-anar-amb-nens\\\/&quot;,&quot;likes_blog_id&quot;:119488531}' itemscope itemtype=\"http:\/\/schema.org\/ImageGallery\" > <div class=\"gallery-row\" style=\"width: 500px; height: 144px;\" data-original-width=\"500\" data-original-height=\"144\" > <div class=\"gallery-group images-1\" style=\"width: 117px; height: 144px;\" data-original-width=\"117\" data-original-height=\"144\" > <div class=\"tiled-gallery-item tiled-gallery-item-small\" itemprop=\"associatedMedia\" itemscope itemtype=\"http:\/\/schema.org\/ImageObject\"> <a href=\"https:\/\/locaacademiafamiliar.com\/ca\/2019\/llocs-xulos-de-barcelona-per-anar-amb-nens\/pudding-barcelona-alicia-2\/\" border=\"0\" itemprop=\"url\"> <meta itemprop=\"width\" content=\"113\"> <meta itemprop=\"height\" content=\"140\"> <img decoding=\"async\" class=\"\" data-attachment-id=\"6846\" data-orig-file=\"https:\/\/locaacademiafamiliar.com\/wp-content\/uploads\/2019\/03\/pudding-barcelona-alicia.jpg\" data-orig-size=\"761,943\" data-comments-opened=\"1\" data-image-meta=\"{&quot;aperture&quot;:&quot;0&quot;,&quot;credit&quot;:&quot;&quot;,&quot;camera&quot;:&quot;&quot;,&quot;caption&quot;:&quot;&quot;,&quot;created_timestamp&quot;:&quot;0&quot;,&quot;copyright&quot;:&quot;&quot;,&quot;focal_length&quot;:&quot;0&quot;,&quot;iso&quot;:&quot;0&quot;,&quot;shutter_speed&quot;:&quot;0&quot;,&quot;title&quot;:&quot;&quot;,&quot;orientation&quot;:&quot;0&quot;}\" data-image-title=\"pudding barcelona alicia\" data-image-description=\"\" data-medium-file=\"https:\/\/i0.wp.com\/locaacademiafamiliar.com\/wp-content\/uploads\/2019\/03\/pudding-barcelona-alicia.jpg?fit=242%2C300&#038;ssl=1\" data-large-file=\"https:\/\/i0.wp.com\/locaacademiafamiliar.com\/wp-content\/uploads\/2019\/03\/pudding-barcelona-alicia.jpg?fit=761%2C943&#038;ssl=1\" src=\"https:\/\/i0.wp.com\/locaacademiafamiliar.com\/wp-content\/uploads\/2019\/03\/pudding-barcelona-alicia.jpg?w=113&#038;h=140&#038;ssl=1\" srcset=\"https:\/\/i0.wp.com\/locaacademiafamiliar.com\/wp-content\/uploads\/2019\/03\/pudding-barcelona-alicia.jpg?w=761&amp;ssl=1 761w, https:\/\/i0.wp.com\/locaacademiafamiliar.com\/wp-content\/uploads\/2019\/03\/pudding-barcelona-alicia.jpg?resize=242%2C300&amp;ssl=1 242w\" width=\"113\" height=\"140\" loading=\"lazy\" data-original-width=\"113\" data-original-height=\"140\" itemprop=\"http:\/\/schema.org\/image\" title=\"pudding barcelona alicia\" alt=\"pudding barcelona alicia\" style=\"width: 113px; height: 140px;\" \/> <\/a> <\/div> <\/div> <!-- close group --> <div class=\"gallery-group images-1\" style=\"width: 383px; height: 144px;\" data-original-width=\"383\" data-original-height=\"144\" > <div class=\"tiled-gallery-item tiled-gallery-item-large\" itemprop=\"associatedMedia\" itemscope itemtype=\"http:\/\/schema.org\/ImageObject\"> <a href=\"https:\/\/locaacademiafamiliar.com\/ca\/2019\/llocs-xulos-de-barcelona-per-anar-amb-nens\/pudding-barcelona-harry-potter-cafeteria-2-2\/\" border=\"0\" itemprop=\"url\"> <meta itemprop=\"width\" content=\"379\"> <meta itemprop=\"height\" content=\"140\"> <img decoding=\"async\" class=\"\" data-attachment-id=\"6848\" data-orig-file=\"https:\/\/locaacademiafamiliar.com\/wp-content\/uploads\/2019\/03\/pudding-barcelona-harry-potter-cafeteria-2.jpg\" data-orig-size=\"1500,553\" data-comments-opened=\"1\" data-image-meta=\"{&quot;aperture&quot;:&quot;0&quot;,&quot;credit&quot;:&quot;&quot;,&quot;camera&quot;:&quot;&quot;,&quot;caption&quot;:&quot;&quot;,&quot;created_timestamp&quot;:&quot;0&quot;,&quot;copyright&quot;:&quot;&quot;,&quot;focal_length&quot;:&quot;0&quot;,&quot;iso&quot;:&quot;0&quot;,&quot;shutter_speed&quot;:&quot;0&quot;,&quot;title&quot;:&quot;&quot;,&quot;orientation&quot;:&quot;0&quot;}\" data-image-title=\"pudding barcelona harry potter cafeteria 2\" data-image-description=\"\" data-medium-file=\"https:\/\/i0.wp.com\/locaacademiafamiliar.com\/wp-content\/uploads\/2019\/03\/pudding-barcelona-harry-potter-cafeteria-2.jpg?fit=300%2C111&#038;ssl=1\" data-large-file=\"https:\/\/i0.wp.com\/locaacademiafamiliar.com\/wp-content\/uploads\/2019\/03\/pudding-barcelona-harry-potter-cafeteria-2.jpg?fit=1024%2C378&#038;ssl=1\" src=\"https:\/\/i0.wp.com\/locaacademiafamiliar.com\/wp-content\/uploads\/2019\/03\/pudding-barcelona-harry-potter-cafeteria-2.jpg?w=379&#038;h=140&#038;ssl=1\" srcset=\"https:\/\/i0.wp.com\/locaacademiafamiliar.com\/wp-content\/uploads\/2019\/03\/pudding-barcelona-harry-potter-cafeteria-2.jpg?w=1500&amp;ssl=1 1500w, https:\/\/i0.wp.com\/locaacademiafamiliar.com\/wp-content\/uploads\/2019\/03\/pudding-barcelona-harry-potter-cafeteria-2.jpg?resize=300%2C111&amp;ssl=1 300w, https:\/\/i0.wp.com\/locaacademiafamiliar.com\/wp-content\/uploads\/2019\/03\/pudding-barcelona-harry-potter-cafeteria-2.jpg?resize=768%2C283&amp;ssl=1 768w, https:\/\/i0.wp.com\/locaacademiafamiliar.com\/wp-content\/uploads\/2019\/03\/pudding-barcelona-harry-potter-cafeteria-2.jpg?resize=1024%2C378&amp;ssl=1 1024w\" width=\"379\" height=\"140\" loading=\"lazy\" data-original-width=\"379\" data-original-height=\"140\" itemprop=\"http:\/\/schema.org\/image\" title=\"pudding barcelona harry potter cafeteria 2\" alt=\"pudding barcelona harry potter cafeteria 2\" style=\"width: 379px; height: 140px;\" \/> <\/a> <\/div> <\/div> <!-- close group --> <\/div> <!-- close row --> <div class=\"gallery-row\" style=\"width: 500px; height: 314px;\" data-original-width=\"500\" data-original-height=\"314\" > <div class=\"gallery-group images-1\" style=\"width: 500px; height: 314px;\" data-original-width=\"500\" data-original-height=\"314\" > <div class=\"tiled-gallery-item tiled-gallery-item-large\" itemprop=\"associatedMedia\" itemscope itemtype=\"http:\/\/schema.org\/ImageObject\"> <a href=\"https:\/\/locaacademiafamiliar.com\/ca\/2019\/llocs-xulos-de-barcelona-per-anar-amb-nens\/pudding-barcelona-harry-potter-cafeteria-3-2\/\" border=\"0\" itemprop=\"url\"> <meta itemprop=\"width\" content=\"496\"> <meta itemprop=\"height\" content=\"310\"> <img decoding=\"async\" class=\"\" data-attachment-id=\"6850\" data-orig-file=\"https:\/\/locaacademiafamiliar.com\/wp-content\/uploads\/2019\/03\/pudding-barcelona-harry-potter-cafeteria-3.jpg\" data-orig-size=\"1080,675\" data-comments-opened=\"1\" data-image-meta=\"{&quot;aperture&quot;:&quot;0&quot;,&quot;credit&quot;:&quot;&quot;,&quot;camera&quot;:&quot;&quot;,&quot;caption&quot;:&quot;&quot;,&quot;created_timestamp&quot;:&quot;0&quot;,&quot;copyright&quot;:&quot;&quot;,&quot;focal_length&quot;:&quot;0&quot;,&quot;iso&quot;:&quot;0&quot;,&quot;shutter_speed&quot;:&quot;0&quot;,&quot;title&quot;:&quot;&quot;,&quot;orientation&quot;:&quot;0&quot;}\" data-image-title=\"pudding barcelona harry potter cafeteria 3\" data-image-description=\"\" data-medium-file=\"https:\/\/i0.wp.com\/locaacademiafamiliar.com\/wp-content\/uploads\/2019\/03\/pudding-barcelona-harry-potter-cafeteria-3.jpg?fit=300%2C188&#038;ssl=1\" data-large-file=\"https:\/\/i0.wp.com\/locaacademiafamiliar.com\/wp-content\/uploads\/2019\/03\/pudding-barcelona-harry-potter-cafeteria-3.jpg?fit=1024%2C640&#038;ssl=1\" src=\"https:\/\/i0.wp.com\/locaacademiafamiliar.com\/wp-content\/uploads\/2019\/03\/pudding-barcelona-harry-potter-cafeteria-3.jpg?w=496&#038;h=310&#038;ssl=1\" srcset=\"https:\/\/i0.wp.com\/locaacademiafamiliar.com\/wp-content\/uploads\/2019\/03\/pudding-barcelona-harry-potter-cafeteria-3.jpg?w=1080&amp;ssl=1 1080w, https:\/\/i0.wp.com\/locaacademiafamiliar.com\/wp-content\/uploads\/2019\/03\/pudding-barcelona-harry-potter-cafeteria-3.jpg?resize=300%2C188&amp;ssl=1 300w, https:\/\/i0.wp.com\/locaacademiafamiliar.com\/wp-content\/uploads\/2019\/03\/pudding-barcelona-harry-potter-cafeteria-3.jpg?resize=768%2C480&amp;ssl=1 768w, https:\/\/i0.wp.com\/locaacademiafamiliar.com\/wp-content\/uploads\/2019\/03\/pudding-barcelona-harry-potter-cafeteria-3.jpg?resize=1024%2C640&amp;ssl=1 1024w\" width=\"496\" height=\"310\" loading=\"lazy\" data-original-width=\"496\" data-original-height=\"310\" itemprop=\"http:\/\/schema.org\/image\" title=\"pudding barcelona harry potter cafeteria 3\" alt=\"pudding barcelona harry potter cafeteria 3\" style=\"width: 496px; height: 310px;\" \/> <\/a> <\/div> <\/div> <!-- close group --> <\/div> <!-- close row --> <\/div>\n<p>Si hi ha <strong>algun fan de Harry Potter a casa vostra (tamb\u00e9 valen els adults), us encantar\u00e0 prendre alguna cosa al <a href=\"http:\/\/www.puddingbarcelona.com\/\" target=\"_blank\" rel=\"noopener\">Pudding Barcelona<\/a> de l&#8217;avinguda Diagonal. La decoraci\u00f3 d&#8217;aquesta cafeteria est\u00e0 ambientada en les hist\u00f2ries de Harry Potter<\/strong> i podreu llegir, jugar i descansar en fam\u00edlia mentre preneu alguna cosa. Adre\u00e7a: Av. Diagonal 515 (entre l&#8217;Illa i pla\u00e7a Francesc Maci\u00e0).<\/p>\n<p>Hi ha <strong>una altra cafeteria Pudding per anar amb nens al carrer Pau Claris.<\/strong> Aquesta cafeteria est\u00e0 ambientada en <strong>Al\u00edcia al Pa\u00eds de les Meravelles.<\/strong> Adre\u00e7a: c \/ Pau Claris (entre Gran Via i Casp)<\/p>\n<hr \/>\n<p><strong>Altres recomanacions sobre Barcelona amb nens que no et pots perdre:<\/strong><\/p>\n<ul>\n<li><a href=\"https:\/\/locaacademiafamiliar.com\/2017\/actividades-barcelona-con-ninos-menos-de-5-euros\/\"><strong>Coses que podeu fer a Barcelona amb nens per menys de 5 euros<\/strong><\/a><\/li>\n<li><a href=\"https:\/\/locaacademiafamiliar.com\/2018\/vale-la-pena-ir-al-cosmocaixa-con-ninos-pequenos\/\"><strong>Cosmocaixa amb nens petits: val la pena?<\/strong><\/a><\/li>\n<li><a href=\"https:\/\/locaacademiafamiliar.com\/2018\/planes-familiares-casi-gratuitos-en-barcelona-para-hacer-con-ninos-en-verano\/\"><strong>Acitvitats (quasi) gratu\u00eftes per fer a Barcelona a l&#8217;estiu<\/strong><\/a><\/li>\n<li><a href=\"https:\/\/locaacademiafamiliar.com\/2018\/actividades-familias-ninos-cerca-barcelona-baix-llobregat-descuento\/\"><strong>Descomptes per visites culturals al Baix Llobregat<\/strong><\/a><\/li>\n<\/ul>\n","protected":false},"excerpt":{"rendered":"<div class=\"mh-excerpt\"><p>Tot i\u00a0 que he viscut 30 anys a Barcelona, em passa que ara, quan hi torno amb els meus fills, trobo coses noves cada vegada i descobreixo la ciutat amb ulls diferents. Estic sempre a la recerca de nous llocs molonguis per anar amb ells i buscant d&#8217;activitats i llocs on qu\u00e8 s&#8217;ho puguin passar b\u00e9 \ud83d\ude42 <a class=\"mh-excerpt-more\" href=\"https:\/\/locaacademiafamiliar.com\/ca\/2019\/llocs-xulos-de-barcelona-per-anar-amb-nens\/\" title=\"Llocs xulos de Barcelona per anar amb nens\">[&#8230;]<\/a><\/p>\n<\/div>","protected":false},"author":1,"featured_media":6793,"comment_status":"open","ping_status":"open","sticky":false,"template":"","format":"standard","meta":{"_monsterinsights_skip_tracking":false,"_monsterinsights_sitenote_active":false,"_monsterinsights_sitenote_note":"","_monsterinsights_sitenote_category":0,"_jetpack_memberships_contains_paid_content":false,"footnotes":""},"categories":[37],"tags":[89],"class_list":{"0":"post-6885","1":"post","2":"type-post","3":"status-publish","4":"format-standard","5":"has-post-thumbnail","7":"category-geografia-ca","8":"tag-barcelona-ca"},"yoast_head":"<!-- This site is optimized with the Yoast SEO plugin v26.8 - https:\/\/yoast.com\/product\/yoast-seo-wordpress\/ -->\n<title>Llocs xulos de Barcelona per anar amb nens<\/title>\n<meta name=\"description\" content=\"Qu\u00e9 hacer en Barcelona con ni\u00f1os. M\u00e1s de 10 lugares en Barcelona y actividades que pod\u00e9is hacer con ni\u00f1os. \u00a1Haz clck para descubrirlos!\" \/>\n<meta name=\"robots\" content=\"index, follow, max-snippet:-1, max-image-preview:large, max-video-preview:-1\" \/>\n<link rel=\"canonical\" href=\"https:\/\/locaacademiafamiliar.com\/ca\/2019\/llocs-xulos-de-barcelona-per-anar-amb-nens\/\" \/>\n<meta property=\"og:locale\" content=\"ca_ES\" \/>\n<meta property=\"og:type\" content=\"article\" \/>\n<meta property=\"og:title\" content=\"Llocs xulos de Barcelona per anar amb nens\" \/>\n<meta property=\"og:description\" content=\"Qu\u00e9 hacer en Barcelona con ni\u00f1os. M\u00e1s de 10 lugares en Barcelona y actividades que pod\u00e9is hacer con ni\u00f1os. \u00a1Haz clck para descubrirlos!\" \/>\n<meta property=\"og:url\" content=\"https:\/\/locaacademiafamiliar.com\/ca\/2019\/llocs-xulos-de-barcelona-per-anar-amb-nens\/\" \/>\n<meta property=\"og:site_name\" content=\"Boja Acad\u00e8mia Familiar\" \/>\n<meta property=\"article:publisher\" content=\"https:\/\/www.facebook.com\/LocaAcademiaFamiliar\" \/>\n<meta property=\"article:author\" content=\"http:\/\/www.facebook.com\/locaacademiafamiliar\" \/>\n<meta property=\"article:published_time\" content=\"2019-03-21T21:45:05+00:00\" \/>\n<meta property=\"article:modified_time\" content=\"2022-11-30T13:24:58+00:00\" \/>\n<meta property=\"og:image\" content=\"http:\/\/locaacademiafamiliar.com\/wp-content\/uploads\/2019\/03\/tobogans-enormes-barcelona-solidaritat-2.jpg\" \/>\n\t<meta property=\"og:image:width\" content=\"1280\" \/>\n\t<meta property=\"og:image:height\" content=\"960\" \/>\n\t<meta property=\"og:image:type\" content=\"image\/jpeg\" \/>\n<meta name=\"author\" content=\"Roser\" \/>\n<meta name=\"twitter:card\" content=\"summary_large_image\" \/>\n<meta name=\"twitter:label1\" content=\"Escrit per\" \/>\n\t<meta name=\"twitter:data1\" content=\"Roser\" \/>\n\t<meta name=\"twitter:label2\" content=\"Temps estimat de lectura\" \/>\n\t<meta name=\"twitter:data2\" content=\"8 minuts\" \/>\n<script type=\"application\/ld+json\" class=\"yoast-schema-graph\">{\"@context\":\"https:\/\/schema.org\",\"@graph\":[{\"@type\":\"Article\",\"@id\":\"https:\/\/locaacademiafamiliar.com\/ca\/2019\/llocs-xulos-de-barcelona-per-anar-amb-nens\/#article\",\"isPartOf\":{\"@id\":\"https:\/\/locaacademiafamiliar.com\/ca\/2019\/llocs-xulos-de-barcelona-per-anar-amb-nens\/\"},\"author\":{\"name\":\"Roser\",\"@id\":\"https:\/\/locaacademiafamiliar.com\/ca\/#\/schema\/person\/c38ddbb3d4c6f37be7c9c57b205fdd2d\"},\"headline\":\"Llocs xulos de Barcelona per anar amb nens\",\"datePublished\":\"2019-03-21T21:45:05+00:00\",\"dateModified\":\"2022-11-30T13:24:58+00:00\",\"mainEntityOfPage\":{\"@id\":\"https:\/\/locaacademiafamiliar.com\/ca\/2019\/llocs-xulos-de-barcelona-per-anar-amb-nens\/\"},\"wordCount\":1627,\"commentCount\":0,\"publisher\":{\"@id\":\"https:\/\/locaacademiafamiliar.com\/ca\/#organization\"},\"image\":{\"@id\":\"https:\/\/locaacademiafamiliar.com\/ca\/2019\/llocs-xulos-de-barcelona-per-anar-amb-nens\/#primaryimage\"},\"thumbnailUrl\":\"https:\/\/i0.wp.com\/locaacademiafamiliar.com\/wp-content\/uploads\/2019\/03\/tobogans-enormes-barcelona-solidaritat-2.jpg?fit=1280%2C960&ssl=1\",\"keywords\":[\"Barcelona\"],\"articleSection\":[\"Geografia\"],\"inLanguage\":\"ca\",\"potentialAction\":[{\"@type\":\"CommentAction\",\"name\":\"Comment\",\"target\":[\"https:\/\/locaacademiafamiliar.com\/ca\/2019\/llocs-xulos-de-barcelona-per-anar-amb-nens\/#respond\"]}]},{\"@type\":\"WebPage\",\"@id\":\"https:\/\/locaacademiafamiliar.com\/ca\/2019\/llocs-xulos-de-barcelona-per-anar-amb-nens\/\",\"url\":\"https:\/\/locaacademiafamiliar.com\/ca\/2019\/llocs-xulos-de-barcelona-per-anar-amb-nens\/\",\"name\":\"Llocs xulos de Barcelona per anar amb nens\",\"isPartOf\":{\"@id\":\"https:\/\/locaacademiafamiliar.com\/ca\/#website\"},\"primaryImageOfPage\":{\"@id\":\"https:\/\/locaacademiafamiliar.com\/ca\/2019\/llocs-xulos-de-barcelona-per-anar-amb-nens\/#primaryimage\"},\"image\":{\"@id\":\"https:\/\/locaacademiafamiliar.com\/ca\/2019\/llocs-xulos-de-barcelona-per-anar-amb-nens\/#primaryimage\"},\"thumbnailUrl\":\"https:\/\/i0.wp.com\/locaacademiafamiliar.com\/wp-content\/uploads\/2019\/03\/tobogans-enormes-barcelona-solidaritat-2.jpg?fit=1280%2C960&ssl=1\",\"datePublished\":\"2019-03-21T21:45:05+00:00\",\"dateModified\":\"2022-11-30T13:24:58+00:00\",\"description\":\"Qu\u00e9 hacer en Barcelona con ni\u00f1os. M\u00e1s de 10 lugares en Barcelona y actividades que pod\u00e9is hacer con ni\u00f1os. \u00a1Haz clck para descubrirlos!\",\"breadcrumb\":{\"@id\":\"https:\/\/locaacademiafamiliar.com\/ca\/2019\/llocs-xulos-de-barcelona-per-anar-amb-nens\/#breadcrumb\"},\"inLanguage\":\"ca\",\"potentialAction\":[{\"@type\":\"ReadAction\",\"target\":[\"https:\/\/locaacademiafamiliar.com\/ca\/2019\/llocs-xulos-de-barcelona-per-anar-amb-nens\/\"]}]},{\"@type\":\"ImageObject\",\"inLanguage\":\"ca\",\"@id\":\"https:\/\/locaacademiafamiliar.com\/ca\/2019\/llocs-xulos-de-barcelona-per-anar-amb-nens\/#primaryimage\",\"url\":\"https:\/\/i0.wp.com\/locaacademiafamiliar.com\/wp-content\/uploads\/2019\/03\/tobogans-enormes-barcelona-solidaritat-2.jpg?fit=1280%2C960&ssl=1\",\"contentUrl\":\"https:\/\/i0.wp.com\/locaacademiafamiliar.com\/wp-content\/uploads\/2019\/03\/tobogans-enormes-barcelona-solidaritat-2.jpg?fit=1280%2C960&ssl=1\",\"width\":1280,\"height\":960,\"caption\":\"toboganes gigantes parc solidaritat barcelona\"},{\"@type\":\"BreadcrumbList\",\"@id\":\"https:\/\/locaacademiafamiliar.com\/ca\/2019\/llocs-xulos-de-barcelona-per-anar-amb-nens\/#breadcrumb\",\"itemListElement\":[{\"@type\":\"ListItem\",\"position\":1,\"name\":\"Portada\",\"item\":\"https:\/\/locaacademiafamiliar.com\/ca\/\"},{\"@type\":\"ListItem\",\"position\":2,\"name\":\"Llocs xulos de Barcelona per anar amb nens\"}]},{\"@type\":\"WebSite\",\"@id\":\"https:\/\/locaacademiafamiliar.com\/ca\/#website\",\"url\":\"https:\/\/locaacademiafamiliar.com\/ca\/\",\"name\":\"Boja Acad\u00e8mia Familiar\",\"description\":\"El blog de crianza con el que pap\u00e1s y mam\u00e1s salen mejor preparados para su rutina familiar diaria\",\"publisher\":{\"@id\":\"https:\/\/locaacademiafamiliar.com\/ca\/#organization\"},\"potentialAction\":[{\"@type\":\"SearchAction\",\"target\":{\"@type\":\"EntryPoint\",\"urlTemplate\":\"https:\/\/locaacademiafamiliar.com\/ca\/?s={search_term_string}\"},\"query-input\":{\"@type\":\"PropertyValueSpecification\",\"valueRequired\":true,\"valueName\":\"search_term_string\"}}],\"inLanguage\":\"ca\"},{\"@type\":\"Organization\",\"@id\":\"https:\/\/locaacademiafamiliar.com\/ca\/#organization\",\"name\":\"LocaAcademiaFamiliar.com\",\"url\":\"https:\/\/locaacademiafamiliar.com\/ca\/\",\"logo\":{\"@type\":\"ImageObject\",\"inLanguage\":\"ca\",\"@id\":\"https:\/\/locaacademiafamiliar.com\/ca\/#\/schema\/logo\/image\/\",\"url\":\"https:\/\/locaacademiafamiliar.com\/wp-content\/uploads\/2020\/01\/logo-loca-academia-familiar.jpg\",\"contentUrl\":\"https:\/\/locaacademiafamiliar.com\/wp-content\/uploads\/2020\/01\/logo-loca-academia-familiar.jpg\",\"width\":960,\"height\":960,\"caption\":\"LocaAcademiaFamiliar.com\"},\"image\":{\"@id\":\"https:\/\/locaacademiafamiliar.com\/ca\/#\/schema\/logo\/image\/\"},\"sameAs\":[\"https:\/\/www.facebook.com\/LocaAcademiaFamiliar\"]},{\"@type\":\"Person\",\"@id\":\"https:\/\/locaacademiafamiliar.com\/ca\/#\/schema\/person\/c38ddbb3d4c6f37be7c9c57b205fdd2d\",\"name\":\"Roser\",\"image\":{\"@type\":\"ImageObject\",\"inLanguage\":\"ca\",\"@id\":\"https:\/\/locaacademiafamiliar.com\/ca\/#\/schema\/person\/image\/\",\"url\":\"https:\/\/secure.gravatar.com\/avatar\/505f69c7969f855daaa0f97fb5b0b6b2?s=96&d=mm&r=g\",\"contentUrl\":\"https:\/\/secure.gravatar.com\/avatar\/505f69c7969f855daaa0f97fb5b0b6b2?s=96&d=mm&r=g\",\"caption\":\"Roser\"},\"description\":\"\u00a1Hola soy Roser! Mam\u00e1 de una ni\u00f1a preciosa y muy movida, nacida en agosto 2015; y de un ni\u00f1o guap\u00edsimo y valiente nacido en octubre 2017. Antes estaba \\\"sempre viaggiando\\\" y ahora estoy siempre jugando, cantando y saltando. Llevo 10 a\u00f1os como blogger de viajes y vivo en Olot, Girona. Si quieres estar informado de los eventos y actividades para familias con ni\u00f1os en Catalunya, haz click aqu\u00ed para apuntarte a nuestra newsletter.\",\"sameAs\":[\"http:\/\/www.locaacademiafamiliar.com\",\"http:\/\/www.facebook.com\/locaacademiafamiliar\"],\"url\":\"https:\/\/locaacademiafamiliar.com\/ca\/author\/roser\/\"}]}<\/script>\n<!-- \/ Yoast SEO plugin. -->","yoast_head_json":{"title":"Llocs xulos de Barcelona per anar amb nens","description":"Qu\u00e9 hacer en Barcelona con ni\u00f1os. M\u00e1s de 10 lugares en Barcelona y actividades que pod\u00e9is hacer con ni\u00f1os. \u00a1Haz clck para descubrirlos!","robots":{"index":"index","follow":"follow","max-snippet":"max-snippet:-1","max-image-preview":"max-image-preview:large","max-video-preview":"max-video-preview:-1"},"canonical":"https:\/\/locaacademiafamiliar.com\/ca\/2019\/llocs-xulos-de-barcelona-per-anar-amb-nens\/","og_locale":"ca_ES","og_type":"article","og_title":"Llocs xulos de Barcelona per anar amb nens","og_description":"Qu\u00e9 hacer en Barcelona con ni\u00f1os. M\u00e1s de 10 lugares en Barcelona y actividades que pod\u00e9is hacer con ni\u00f1os. \u00a1Haz clck para descubrirlos!","og_url":"https:\/\/locaacademiafamiliar.com\/ca\/2019\/llocs-xulos-de-barcelona-per-anar-amb-nens\/","og_site_name":"Boja Acad\u00e8mia Familiar","article_publisher":"https:\/\/www.facebook.com\/LocaAcademiaFamiliar","article_author":"http:\/\/www.facebook.com\/locaacademiafamiliar","article_published_time":"2019-03-21T21:45:05+00:00","article_modified_time":"2022-11-30T13:24:58+00:00","og_image":[{"width":1280,"height":960,"url":"http:\/\/locaacademiafamiliar.com\/wp-content\/uploads\/2019\/03\/tobogans-enormes-barcelona-solidaritat-2.jpg","type":"image\/jpeg"}],"author":"Roser","twitter_card":"summary_large_image","twitter_misc":{"Escrit per":"Roser","Temps estimat de lectura":"8 minuts"},"schema":{"@context":"https:\/\/schema.org","@graph":[{"@type":"Article","@id":"https:\/\/locaacademiafamiliar.com\/ca\/2019\/llocs-xulos-de-barcelona-per-anar-amb-nens\/#article","isPartOf":{"@id":"https:\/\/locaacademiafamiliar.com\/ca\/2019\/llocs-xulos-de-barcelona-per-anar-amb-nens\/"},"author":{"name":"Roser","@id":"https:\/\/locaacademiafamiliar.com\/ca\/#\/schema\/person\/c38ddbb3d4c6f37be7c9c57b205fdd2d"},"headline":"Llocs xulos de Barcelona per anar amb nens","datePublished":"2019-03-21T21:45:05+00:00","dateModified":"2022-11-30T13:24:58+00:00","mainEntityOfPage":{"@id":"https:\/\/locaacademiafamiliar.com\/ca\/2019\/llocs-xulos-de-barcelona-per-anar-amb-nens\/"},"wordCount":1627,"commentCount":0,"publisher":{"@id":"https:\/\/locaacademiafamiliar.com\/ca\/#organization"},"image":{"@id":"https:\/\/locaacademiafamiliar.com\/ca\/2019\/llocs-xulos-de-barcelona-per-anar-amb-nens\/#primaryimage"},"thumbnailUrl":"https:\/\/i0.wp.com\/locaacademiafamiliar.com\/wp-content\/uploads\/2019\/03\/tobogans-enormes-barcelona-solidaritat-2.jpg?fit=1280%2C960&ssl=1","keywords":["Barcelona"],"articleSection":["Geografia"],"inLanguage":"ca","potentialAction":[{"@type":"CommentAction","name":"Comment","target":["https:\/\/locaacademiafamiliar.com\/ca\/2019\/llocs-xulos-de-barcelona-per-anar-amb-nens\/#respond"]}]},{"@type":"WebPage","@id":"https:\/\/locaacademiafamiliar.com\/ca\/2019\/llocs-xulos-de-barcelona-per-anar-amb-nens\/","url":"https:\/\/locaacademiafamiliar.com\/ca\/2019\/llocs-xulos-de-barcelona-per-anar-amb-nens\/","name":"Llocs xulos de Barcelona per anar amb nens","isPartOf":{"@id":"https:\/\/locaacademiafamiliar.com\/ca\/#website"},"primaryImageOfPage":{"@id":"https:\/\/locaacademiafamiliar.com\/ca\/2019\/llocs-xulos-de-barcelona-per-anar-amb-nens\/#primaryimage"},"image":{"@id":"https:\/\/locaacademiafamiliar.com\/ca\/2019\/llocs-xulos-de-barcelona-per-anar-amb-nens\/#primaryimage"},"thumbnailUrl":"https:\/\/i0.wp.com\/locaacademiafamiliar.com\/wp-content\/uploads\/2019\/03\/tobogans-enormes-barcelona-solidaritat-2.jpg?fit=1280%2C960&ssl=1","datePublished":"2019-03-21T21:45:05+00:00","dateModified":"2022-11-30T13:24:58+00:00","description":"Qu\u00e9 hacer en Barcelona con ni\u00f1os. M\u00e1s de 10 lugares en Barcelona y actividades que pod\u00e9is hacer con ni\u00f1os. \u00a1Haz clck para descubrirlos!","breadcrumb":{"@id":"https:\/\/locaacademiafamiliar.com\/ca\/2019\/llocs-xulos-de-barcelona-per-anar-amb-nens\/#breadcrumb"},"inLanguage":"ca","potentialAction":[{"@type":"ReadAction","target":["https:\/\/locaacademiafamiliar.com\/ca\/2019\/llocs-xulos-de-barcelona-per-anar-amb-nens\/"]}]},{"@type":"ImageObject","inLanguage":"ca","@id":"https:\/\/locaacademiafamiliar.com\/ca\/2019\/llocs-xulos-de-barcelona-per-anar-amb-nens\/#primaryimage","url":"https:\/\/i0.wp.com\/locaacademiafamiliar.com\/wp-content\/uploads\/2019\/03\/tobogans-enormes-barcelona-solidaritat-2.jpg?fit=1280%2C960&ssl=1","contentUrl":"https:\/\/i0.wp.com\/locaacademiafamiliar.com\/wp-content\/uploads\/2019\/03\/tobogans-enormes-barcelona-solidaritat-2.jpg?fit=1280%2C960&ssl=1","width":1280,"height":960,"caption":"toboganes gigantes parc solidaritat barcelona"},{"@type":"BreadcrumbList","@id":"https:\/\/locaacademiafamiliar.com\/ca\/2019\/llocs-xulos-de-barcelona-per-anar-amb-nens\/#breadcrumb","itemListElement":[{"@type":"ListItem","position":1,"name":"Portada","item":"https:\/\/locaacademiafamiliar.com\/ca\/"},{"@type":"ListItem","position":2,"name":"Llocs xulos de Barcelona per anar amb nens"}]},{"@type":"WebSite","@id":"https:\/\/locaacademiafamiliar.com\/ca\/#website","url":"https:\/\/locaacademiafamiliar.com\/ca\/","name":"Boja Acad\u00e8mia Familiar","description":"El blog de crianza con el que pap\u00e1s y mam\u00e1s salen mejor preparados para su rutina familiar diaria","publisher":{"@id":"https:\/\/locaacademiafamiliar.com\/ca\/#organization"},"potentialAction":[{"@type":"SearchAction","target":{"@type":"EntryPoint","urlTemplate":"https:\/\/locaacademiafamiliar.com\/ca\/?s={search_term_string}"},"query-input":{"@type":"PropertyValueSpecification","valueRequired":true,"valueName":"search_term_string"}}],"inLanguage":"ca"},{"@type":"Organization","@id":"https:\/\/locaacademiafamiliar.com\/ca\/#organization","name":"LocaAcademiaFamiliar.com","url":"https:\/\/locaacademiafamiliar.com\/ca\/","logo":{"@type":"ImageObject","inLanguage":"ca","@id":"https:\/\/locaacademiafamiliar.com\/ca\/#\/schema\/logo\/image\/","url":"https:\/\/locaacademiafamiliar.com\/wp-content\/uploads\/2020\/01\/logo-loca-academia-familiar.jpg","contentUrl":"https:\/\/locaacademiafamiliar.com\/wp-content\/uploads\/2020\/01\/logo-loca-academia-familiar.jpg","width":960,"height":960,"caption":"LocaAcademiaFamiliar.com"},"image":{"@id":"https:\/\/locaacademiafamiliar.com\/ca\/#\/schema\/logo\/image\/"},"sameAs":["https:\/\/www.facebook.com\/LocaAcademiaFamiliar"]},{"@type":"Person","@id":"https:\/\/locaacademiafamiliar.com\/ca\/#\/schema\/person\/c38ddbb3d4c6f37be7c9c57b205fdd2d","name":"Roser","image":{"@type":"ImageObject","inLanguage":"ca","@id":"https:\/\/locaacademiafamiliar.com\/ca\/#\/schema\/person\/image\/","url":"https:\/\/secure.gravatar.com\/avatar\/505f69c7969f855daaa0f97fb5b0b6b2?s=96&d=mm&r=g","contentUrl":"https:\/\/secure.gravatar.com\/avatar\/505f69c7969f855daaa0f97fb5b0b6b2?s=96&d=mm&r=g","caption":"Roser"},"description":"\u00a1Hola soy Roser! Mam\u00e1 de una ni\u00f1a preciosa y muy movida, nacida en agosto 2015; y de un ni\u00f1o guap\u00edsimo y valiente nacido en octubre 2017. Antes estaba \"sempre viaggiando\" y ahora estoy siempre jugando, cantando y saltando. Llevo 10 a\u00f1os como blogger de viajes y vivo en Olot, Girona. Si quieres estar informado de los eventos y actividades para familias con ni\u00f1os en Catalunya, haz click aqu\u00ed para apuntarte a nuestra newsletter.","sameAs":["http:\/\/www.locaacademiafamiliar.com","http:\/\/www.facebook.com\/locaacademiafamiliar"],"url":"https:\/\/locaacademiafamiliar.com\/ca\/author\/roser\/"}]}},"jetpack_featured_media_url":"https:\/\/i0.wp.com\/locaacademiafamiliar.com\/wp-content\/uploads\/2019\/03\/tobogans-enormes-barcelona-solidaritat-2.jpg?fit=1280%2C960&ssl=1","jetpack_sharing_enabled":true,"amp_enabled":true,"_links":{"self":[{"href":"https:\/\/locaacademiafamiliar.com\/ca\/wp-json\/wp\/v2\/posts\/6885","targetHints":{"allow":["GET"]}}],"collection":[{"href":"https:\/\/locaacademiafamiliar.com\/ca\/wp-json\/wp\/v2\/posts"}],"about":[{"href":"https:\/\/locaacademiafamiliar.com\/ca\/wp-json\/wp\/v2\/types\/post"}],"author":[{"embeddable":true,"href":"https:\/\/locaacademiafamiliar.com\/ca\/wp-json\/wp\/v2\/users\/1"}],"replies":[{"embeddable":true,"href":"https:\/\/locaacademiafamiliar.com\/ca\/wp-json\/wp\/v2\/comments?post=6885"}],"version-history":[{"count":0,"href":"https:\/\/locaacademiafamiliar.com\/ca\/wp-json\/wp\/v2\/posts\/6885\/revisions"}],"wp:featuredmedia":[{"embeddable":true,"href":"https:\/\/locaacademiafamiliar.com\/ca\/wp-json\/wp\/v2\/media\/6793"}],"wp:attachment":[{"href":"https:\/\/locaacademiafamiliar.com\/ca\/wp-json\/wp\/v2\/media?parent=6885"}],"wp:term":[{"taxonomy":"category","embeddable":true,"href":"https:\/\/locaacademiafamiliar.com\/ca\/wp-json\/wp\/v2\/categories?post=6885"},{"taxonomy":"post_tag","embeddable":true,"href":"https:\/\/locaacademiafamiliar.com\/ca\/wp-json\/wp\/v2\/tags?post=6885"}],"curies":[{"name":"wp","href":"https:\/\/api.w.org\/{rel}","templated":true}]}}