{"id":7079,"date":"2019-04-29T07:48:54","date_gmt":"2019-04-29T07:48:54","guid":{"rendered":"https:\/\/locaacademiafamiliar.com\/?p=7079"},"modified":"2019-05-17T09:04:48","modified_gmt":"2019-05-17T09:04:48","slug":"que-fer-a-la-cerdanya-francesa-capcir-amb-nens-pirineus-francesos","status":"publish","type":"post","link":"https:\/\/locaacademiafamiliar.com\/ca\/2019\/que-fer-a-la-cerdanya-francesa-capcir-amb-nens-pirineus-francesos\/","title":{"rendered":"Qu\u00e8 fer a la Cerdanya francesa amb nens (Pirineus francesos)"},"content":{"rendered":"<p><strong>Per Setmana Santa hem descobert una zona preciosa, plena de paisatges de muntanya i activitats per a fam\u00edlies amb nens.<\/strong> A nom\u00e9s 3 hores de Barcelona (o a dues, d&#8217;Olot), hi trobareu\u00a0les<strong> regions de la Cerdanya francesa i el Capcir, que s\u00f3n ideals per passar-hi uns dies en fam\u00edlia. <\/strong><\/p>\n<p>Us ubiqueu? Ens trobem als <strong>Pirineus Orientals, al sud de Fran\u00e7a<\/strong>, una mica m\u00e9s\u00a0enll\u00e0 de Puigcerd\u00e0, creuant la frontera. Us sonaran <strong>alguns dels seus pobles i zones conegudes: les estacions d&#8217;esqu\u00ed de Les Angles i Font Romeu (entre d&#8217;altres), el llac de Matemale, els pobles de Mont-Louis o Sallaigouse<\/strong>&#8230;\u00a0 La seva proximitat amb\u00a0Catalunya no nom\u00e9s \u00e9s geogr\u00e0fica sin\u00f3 que tamb\u00e9 \u00e9s cultural; <strong>a la Cerdanya i Capcir<\/strong>\u00a0hi trobareu molts cartells en catal\u00e0, diferents s\u00edmbols catalans i for\u00e7a gent que ent\u00e9n o parla l&#8217;idioma.<\/p>\n<p>Si esteu planificant <strong>una <a href=\"https:\/\/locaacademiafamiliar.com\/ca\/2017\/destinacions-prop-catalunya-per-una-escapada-amb-nens-petits\/\" target=\"_blank\" rel=\"noopener\">escapada en fam\u00edlia a un dest\u00ed a prop de Catalunya<\/a>,<\/strong>\u00a0<strong>els Pirineus francesos<\/strong> s\u00f3n una molt bona opci\u00f3! En aquest article us explico qu\u00e8 hem fet nosaltres amb els nostres <strong>dos nens de 3 i 1 any respectivament en una escapada de 4 dies<\/strong>.<\/p>\n<p><img data-recalc-dims=\"1\" decoding=\"async\" data-attachment-id=\"7144\" data-permalink=\"https:\/\/locaacademiafamiliar.com\/ca\/2019\/que-fer-a-la-cerdanya-francesa-capcir-amb-nens-pirineus-francesos\/bolquere-cerdanya-francesa-carrer-ramonet\/\" data-orig-file=\"https:\/\/i0.wp.com\/locaacademiafamiliar.com\/wp-content\/uploads\/2019\/04\/bolquere-cerdanya-francesa-carrer-ramonet.jpg?fit=1200%2C779&amp;ssl=1\" data-orig-size=\"1200,779\" data-comments-opened=\"1\" data-image-meta=\"{&quot;aperture&quot;:&quot;0&quot;,&quot;credit&quot;:&quot;&quot;,&quot;camera&quot;:&quot;&quot;,&quot;caption&quot;:&quot;&quot;,&quot;created_timestamp&quot;:&quot;0&quot;,&quot;copyright&quot;:&quot;&quot;,&quot;focal_length&quot;:&quot;0&quot;,&quot;iso&quot;:&quot;0&quot;,&quot;shutter_speed&quot;:&quot;0&quot;,&quot;title&quot;:&quot;&quot;,&quot;orientation&quot;:&quot;1&quot;}\" data-image-title=\"bolquere cerdanya francesa carrer ramonet\" data-image-description=\"\" data-image-caption=\"\" data-medium-file=\"https:\/\/i0.wp.com\/locaacademiafamiliar.com\/wp-content\/uploads\/2019\/04\/bolquere-cerdanya-francesa-carrer-ramonet.jpg?fit=300%2C195&amp;ssl=1\" data-large-file=\"https:\/\/i0.wp.com\/locaacademiafamiliar.com\/wp-content\/uploads\/2019\/04\/bolquere-cerdanya-francesa-carrer-ramonet.jpg?fit=1024%2C665&amp;ssl=1\" class=\"aligncenter size-full wp-image-7144\" src=\"https:\/\/i0.wp.com\/locaacademiafamiliar.com\/wp-content\/uploads\/2019\/04\/bolquere-cerdanya-francesa-carrer-ramonet.jpg?resize=1200%2C779&#038;ssl=1\" alt=\"\" width=\"1200\" height=\"779\" srcset=\"https:\/\/i0.wp.com\/locaacademiafamiliar.com\/wp-content\/uploads\/2019\/04\/bolquere-cerdanya-francesa-carrer-ramonet.jpg?w=1200&amp;ssl=1 1200w, https:\/\/i0.wp.com\/locaacademiafamiliar.com\/wp-content\/uploads\/2019\/04\/bolquere-cerdanya-francesa-carrer-ramonet.jpg?resize=300%2C195&amp;ssl=1 300w, https:\/\/i0.wp.com\/locaacademiafamiliar.com\/wp-content\/uploads\/2019\/04\/bolquere-cerdanya-francesa-carrer-ramonet.jpg?resize=768%2C499&amp;ssl=1 768w, https:\/\/i0.wp.com\/locaacademiafamiliar.com\/wp-content\/uploads\/2019\/04\/bolquere-cerdanya-francesa-carrer-ramonet.jpg?resize=1024%2C665&amp;ssl=1 1024w\" sizes=\"(max-width: 1000px) 100vw, 1000px\" \/><\/p>\n<p><img data-recalc-dims=\"1\" decoding=\"async\" data-attachment-id=\"7242\" data-permalink=\"https:\/\/locaacademiafamiliar.com\/ca\/2019\/que-fer-a-la-cerdanya-francesa-capcir-amb-nens-pirineus-francesos\/cerdanyes-capcir_fr\/\" data-orig-file=\"https:\/\/i0.wp.com\/locaacademiafamiliar.com\/wp-content\/uploads\/2019\/04\/cerdanyes-capcir_fr.png?fit=547%2C745&amp;ssl=1\" data-orig-size=\"547,745\" data-comments-opened=\"1\" data-image-meta=\"{&quot;aperture&quot;:&quot;0&quot;,&quot;credit&quot;:&quot;&quot;,&quot;camera&quot;:&quot;&quot;,&quot;caption&quot;:&quot;&quot;,&quot;created_timestamp&quot;:&quot;0&quot;,&quot;copyright&quot;:&quot;&quot;,&quot;focal_length&quot;:&quot;0&quot;,&quot;iso&quot;:&quot;0&quot;,&quot;shutter_speed&quot;:&quot;0&quot;,&quot;title&quot;:&quot;&quot;,&quot;orientation&quot;:&quot;0&quot;}\" data-image-title=\"cerdanyes-capcir_fr\" data-image-description=\"\" data-image-caption=\"\" data-medium-file=\"https:\/\/i0.wp.com\/locaacademiafamiliar.com\/wp-content\/uploads\/2019\/04\/cerdanyes-capcir_fr.png?fit=220%2C300&amp;ssl=1\" data-large-file=\"https:\/\/i0.wp.com\/locaacademiafamiliar.com\/wp-content\/uploads\/2019\/04\/cerdanyes-capcir_fr.png?fit=547%2C745&amp;ssl=1\" class=\"aligncenter size-full wp-image-7242\" src=\"https:\/\/i0.wp.com\/locaacademiafamiliar.com\/wp-content\/uploads\/2019\/04\/cerdanyes-capcir_fr.png?resize=547%2C745&#038;ssl=1\" alt=\"\" width=\"547\" height=\"745\" srcset=\"https:\/\/i0.wp.com\/locaacademiafamiliar.com\/wp-content\/uploads\/2019\/04\/cerdanyes-capcir_fr.png?w=547&amp;ssl=1 547w, https:\/\/i0.wp.com\/locaacademiafamiliar.com\/wp-content\/uploads\/2019\/04\/cerdanyes-capcir_fr.png?resize=220%2C300&amp;ssl=1 220w\" sizes=\"(max-width: 547px) 100vw, 547px\" \/><\/p>\n<p>Tingueu en compte que<strong> hi hem anat per Setmana Santa (finals abril, temperatures m\u00e0ximes de 11-13 graus; ben abrigats per\u00f2 sense excessiu fred)<\/strong>. Anar-hi en aquesta \u00e8poca de fred ens ha perm\u00e8s fer activitats com els banys termals, que venen m\u00e9s de gust quan fa fred; per\u00f2 sens dubte<strong> anar-hi a l&#8217;estiu \u00e9s molt bona opci\u00f3<\/strong> per poder passar tot el dia fora, gaudir de bon temps, fer excursions per la muntanya i banyar-se als llacs on hi ha molt\u00edssimes activitats programades.\u00a0 <strong>Recomanaria anar a la Cerdanya francesa a l&#8217;hivern, primavera o tardor? S\u00ed, \u00e9s clar! Cada \u00e8poca t\u00e9 el seu encant. <\/strong>Si us agrada l&#8217;esqu\u00ed, combinar aquest esport amb balnearis i banys termals tamb\u00e9 \u00e9s MOLT encertat!<\/p>\n<p>Sense enrotllar-me m\u00e9s, aqu\u00ed teniu <strong>les activitats recomanades per fer a la Cerdanya francesa amb nens (petits, sobretot).<\/strong><\/p>\n<h3><strong>PARC ANIMALIER DELS ANGLES<\/strong><\/h3>\n<p><img data-recalc-dims=\"1\" decoding=\"async\" data-attachment-id=\"7122\" data-permalink=\"https:\/\/locaacademiafamiliar.com\/ca\/2019\/que-fer-a-la-cerdanya-francesa-capcir-amb-nens-pirineus-francesos\/cerdanya-francesa-amb-nens\/\" data-orig-file=\"https:\/\/i0.wp.com\/locaacademiafamiliar.com\/wp-content\/uploads\/2019\/04\/cerdanya-francesa-amb-nens.jpg?fit=1280%2C853&amp;ssl=1\" data-orig-size=\"1280,853\" data-comments-opened=\"1\" data-image-meta=\"{&quot;aperture&quot;:&quot;9&quot;,&quot;credit&quot;:&quot;&quot;,&quot;camera&quot;:&quot;Canon EOS 1000D&quot;,&quot;caption&quot;:&quot;&quot;,&quot;created_timestamp&quot;:&quot;1555588154&quot;,&quot;copyright&quot;:&quot;&quot;,&quot;focal_length&quot;:&quot;55&quot;,&quot;iso&quot;:&quot;800&quot;,&quot;shutter_speed&quot;:&quot;0.003125&quot;,&quot;title&quot;:&quot;&quot;,&quot;orientation&quot;:&quot;1&quot;}\" data-image-title=\"cerdanya francesa amb nens\" data-image-description=\"\" data-image-caption=\"\" data-medium-file=\"https:\/\/i0.wp.com\/locaacademiafamiliar.com\/wp-content\/uploads\/2019\/04\/cerdanya-francesa-amb-nens.jpg?fit=300%2C200&amp;ssl=1\" data-large-file=\"https:\/\/i0.wp.com\/locaacademiafamiliar.com\/wp-content\/uploads\/2019\/04\/cerdanya-francesa-amb-nens.jpg?fit=1024%2C682&amp;ssl=1\" class=\"aligncenter size-large wp-image-7122\" src=\"https:\/\/i0.wp.com\/locaacademiafamiliar.com\/wp-content\/uploads\/2019\/04\/cerdanya-francesa-amb-nens-1024x682.jpg?resize=1024%2C682&#038;ssl=1\" alt=\"\" width=\"1024\" height=\"682\" srcset=\"https:\/\/i0.wp.com\/locaacademiafamiliar.com\/wp-content\/uploads\/2019\/04\/cerdanya-francesa-amb-nens.jpg?resize=1024%2C682&amp;ssl=1 1024w, https:\/\/i0.wp.com\/locaacademiafamiliar.com\/wp-content\/uploads\/2019\/04\/cerdanya-francesa-amb-nens.jpg?resize=300%2C200&amp;ssl=1 300w, https:\/\/i0.wp.com\/locaacademiafamiliar.com\/wp-content\/uploads\/2019\/04\/cerdanya-francesa-amb-nens.jpg?resize=768%2C512&amp;ssl=1 768w, https:\/\/i0.wp.com\/locaacademiafamiliar.com\/wp-content\/uploads\/2019\/04\/cerdanya-francesa-amb-nens.jpg?w=1280&amp;ssl=1 1280w\" sizes=\"(max-width: 1000px) 100vw, 1000px\" \/><\/p>\n<p>Si a casa us agraden els animals, <strong>feu una visita al <a href=\"http:\/\/parc-animalier.faune-pyreneenne.fr\/index.php?langue=en\">Parc Animalier des Angles<\/a>.<\/strong> Situat ben b\u00e9 al costat de <strong>l&#8217;estaci\u00f3 d&#8217;esqui de Les Angles,<\/strong> el parc permet veure animals salvatges en el seu h\u00e0bitat natural: la muntanya \ud83d\ude42 Calceu-vos les botes i feu un dels dos recorreguts recomanats per veure \u00f3ssos bruns, porc sengals, isards, c\u00e9rvols, rens, linx, llops, cabres salvatges, teixons i marmotes, entres altres.<\/p>\n<div class=\"tiled-gallery type-rectangular tiled-gallery-unresized\" data-original-width=\"500\" data-carousel-extra='{&quot;blog_id&quot;:1,&quot;permalink&quot;:&quot;https:\\\/\\\/locaacademiafamiliar.com\\\/ca\\\/2019\\\/que-fer-a-la-cerdanya-francesa-capcir-amb-nens-pirineus-francesos\\\/&quot;,&quot;likes_blog_id&quot;:119488531}' itemscope itemtype=\"http:\/\/schema.org\/ImageGallery\" > <div class=\"gallery-row\" style=\"width: 500px; height: 224px;\" data-original-width=\"500\" data-original-height=\"224\" > <div class=\"gallery-group images-1\" style=\"width: 334px; height: 224px;\" data-original-width=\"334\" data-original-height=\"224\" > <div class=\"tiled-gallery-item tiled-gallery-item-large\" itemprop=\"associatedMedia\" itemscope itemtype=\"http:\/\/schema.org\/ImageObject\"> <a href=\"https:\/\/locaacademiafamiliar.com\/ca\/2019\/que-fer-a-la-cerdanya-francesa-capcir-amb-nens-pirineus-francesos\/parc-animalier-angles-2\/\" border=\"0\" itemprop=\"url\"> <meta itemprop=\"width\" content=\"330\"> <meta itemprop=\"height\" content=\"220\"> <img decoding=\"async\" class=\"\" data-attachment-id=\"7124\" data-orig-file=\"https:\/\/locaacademiafamiliar.com\/wp-content\/uploads\/2019\/04\/parc-animalier-angles-2.jpg\" data-orig-size=\"968,644\" data-comments-opened=\"1\" data-image-meta=\"{&quot;aperture&quot;:&quot;8&quot;,&quot;credit&quot;:&quot;&quot;,&quot;camera&quot;:&quot;Canon EOS 1000D&quot;,&quot;caption&quot;:&quot;&quot;,&quot;created_timestamp&quot;:&quot;1555590214&quot;,&quot;copyright&quot;:&quot;&quot;,&quot;focal_length&quot;:&quot;194&quot;,&quot;iso&quot;:&quot;800&quot;,&quot;shutter_speed&quot;:&quot;0.0025&quot;,&quot;title&quot;:&quot;&quot;,&quot;orientation&quot;:&quot;1&quot;}\" data-image-title=\"parc animalier angles 2\" data-image-description=\"\" data-medium-file=\"https:\/\/i0.wp.com\/locaacademiafamiliar.com\/wp-content\/uploads\/2019\/04\/parc-animalier-angles-2.jpg?fit=300%2C200&#038;ssl=1\" data-large-file=\"https:\/\/i0.wp.com\/locaacademiafamiliar.com\/wp-content\/uploads\/2019\/04\/parc-animalier-angles-2.jpg?fit=968%2C644&#038;ssl=1\" src=\"https:\/\/i0.wp.com\/locaacademiafamiliar.com\/wp-content\/uploads\/2019\/04\/parc-animalier-angles-2.jpg?w=330&#038;h=220&#038;ssl=1\" srcset=\"https:\/\/i0.wp.com\/locaacademiafamiliar.com\/wp-content\/uploads\/2019\/04\/parc-animalier-angles-2.jpg?w=968&amp;ssl=1 968w, https:\/\/i0.wp.com\/locaacademiafamiliar.com\/wp-content\/uploads\/2019\/04\/parc-animalier-angles-2.jpg?resize=300%2C200&amp;ssl=1 300w, https:\/\/i0.wp.com\/locaacademiafamiliar.com\/wp-content\/uploads\/2019\/04\/parc-animalier-angles-2.jpg?resize=768%2C511&amp;ssl=1 768w\" width=\"330\" height=\"220\" loading=\"lazy\" data-original-width=\"330\" data-original-height=\"220\" itemprop=\"http:\/\/schema.org\/image\" title=\"parc animalier angles 2\" alt=\"parc animalier angles 2\" style=\"width: 330px; height: 220px;\" \/> <\/a> <\/div> <\/div> <!-- close group --> <div class=\"gallery-group images-2\" style=\"width: 166px; height: 224px;\" data-original-width=\"166\" data-original-height=\"224\" > <div class=\"tiled-gallery-item tiled-gallery-item-small\" itemprop=\"associatedMedia\" itemscope itemtype=\"http:\/\/schema.org\/ImageObject\"> <a href=\"https:\/\/locaacademiafamiliar.com\/ca\/2019\/que-fer-a-la-cerdanya-francesa-capcir-amb-nens-pirineus-francesos\/parc-animalier-angles-oso\/\" border=\"0\" itemprop=\"url\"> <meta itemprop=\"width\" content=\"162\"> <meta itemprop=\"height\" content=\"108\"> <img decoding=\"async\" class=\"\" data-attachment-id=\"7132\" data-orig-file=\"https:\/\/locaacademiafamiliar.com\/wp-content\/uploads\/2019\/04\/parc-animalier-angles-oso.jpg\" data-orig-size=\"968,644\" data-comments-opened=\"1\" data-image-meta=\"{&quot;aperture&quot;:&quot;9&quot;,&quot;credit&quot;:&quot;&quot;,&quot;camera&quot;:&quot;Canon EOS 1000D&quot;,&quot;caption&quot;:&quot;&quot;,&quot;created_timestamp&quot;:&quot;1555593618&quot;,&quot;copyright&quot;:&quot;&quot;,&quot;focal_length&quot;:&quot;109&quot;,&quot;iso&quot;:&quot;800&quot;,&quot;shutter_speed&quot;:&quot;0.0025&quot;,&quot;title&quot;:&quot;&quot;,&quot;orientation&quot;:&quot;1&quot;}\" data-image-title=\"parc animalier angles oso\" data-image-description=\"\" data-medium-file=\"https:\/\/i0.wp.com\/locaacademiafamiliar.com\/wp-content\/uploads\/2019\/04\/parc-animalier-angles-oso.jpg?fit=300%2C200&#038;ssl=1\" data-large-file=\"https:\/\/i0.wp.com\/locaacademiafamiliar.com\/wp-content\/uploads\/2019\/04\/parc-animalier-angles-oso.jpg?fit=968%2C644&#038;ssl=1\" src=\"https:\/\/i0.wp.com\/locaacademiafamiliar.com\/wp-content\/uploads\/2019\/04\/parc-animalier-angles-oso.jpg?w=162&#038;h=108&#038;ssl=1\" srcset=\"https:\/\/i0.wp.com\/locaacademiafamiliar.com\/wp-content\/uploads\/2019\/04\/parc-animalier-angles-oso.jpg?w=968&amp;ssl=1 968w, https:\/\/i0.wp.com\/locaacademiafamiliar.com\/wp-content\/uploads\/2019\/04\/parc-animalier-angles-oso.jpg?resize=300%2C200&amp;ssl=1 300w, https:\/\/i0.wp.com\/locaacademiafamiliar.com\/wp-content\/uploads\/2019\/04\/parc-animalier-angles-oso.jpg?resize=768%2C511&amp;ssl=1 768w\" width=\"162\" height=\"108\" loading=\"lazy\" data-original-width=\"162\" data-original-height=\"108\" itemprop=\"http:\/\/schema.org\/image\" title=\"parc animalier angles oso\" alt=\"parc animalier angles oso\" style=\"width: 162px; height: 108px;\" \/> <\/a> <\/div> <div class=\"tiled-gallery-item tiled-gallery-item-small\" itemprop=\"associatedMedia\" itemscope itemtype=\"http:\/\/schema.org\/ImageObject\"> <a href=\"https:\/\/locaacademiafamiliar.com\/ca\/2019\/que-fer-a-la-cerdanya-francesa-capcir-amb-nens-pirineus-francesos\/parc-animalier-angles-isard\/\" border=\"0\" itemprop=\"url\"> <meta itemprop=\"width\" content=\"162\"> <meta itemprop=\"height\" content=\"108\"> <img decoding=\"async\" class=\"\" data-attachment-id=\"7128\" data-orig-file=\"https:\/\/locaacademiafamiliar.com\/wp-content\/uploads\/2019\/04\/parc-animalier-angles-isard.jpg\" data-orig-size=\"968,644\" data-comments-opened=\"1\" data-image-meta=\"{&quot;aperture&quot;:&quot;10&quot;,&quot;credit&quot;:&quot;&quot;,&quot;camera&quot;:&quot;Canon EOS 1000D&quot;,&quot;caption&quot;:&quot;&quot;,&quot;created_timestamp&quot;:&quot;1555588790&quot;,&quot;copyright&quot;:&quot;&quot;,&quot;focal_length&quot;:&quot;131&quot;,&quot;iso&quot;:&quot;800&quot;,&quot;shutter_speed&quot;:&quot;0.0025&quot;,&quot;title&quot;:&quot;&quot;,&quot;orientation&quot;:&quot;1&quot;}\" data-image-title=\"parc animalier angles isard\" data-image-description=\"\" data-medium-file=\"https:\/\/i0.wp.com\/locaacademiafamiliar.com\/wp-content\/uploads\/2019\/04\/parc-animalier-angles-isard.jpg?fit=300%2C200&#038;ssl=1\" data-large-file=\"https:\/\/i0.wp.com\/locaacademiafamiliar.com\/wp-content\/uploads\/2019\/04\/parc-animalier-angles-isard.jpg?fit=968%2C644&#038;ssl=1\" src=\"https:\/\/i0.wp.com\/locaacademiafamiliar.com\/wp-content\/uploads\/2019\/04\/parc-animalier-angles-isard.jpg?w=162&#038;h=108&#038;ssl=1\" srcset=\"https:\/\/i0.wp.com\/locaacademiafamiliar.com\/wp-content\/uploads\/2019\/04\/parc-animalier-angles-isard.jpg?w=968&amp;ssl=1 968w, https:\/\/i0.wp.com\/locaacademiafamiliar.com\/wp-content\/uploads\/2019\/04\/parc-animalier-angles-isard.jpg?resize=300%2C200&amp;ssl=1 300w, https:\/\/i0.wp.com\/locaacademiafamiliar.com\/wp-content\/uploads\/2019\/04\/parc-animalier-angles-isard.jpg?resize=768%2C511&amp;ssl=1 768w\" width=\"162\" height=\"108\" loading=\"lazy\" data-original-width=\"162\" data-original-height=\"108\" itemprop=\"http:\/\/schema.org\/image\" title=\"parc animalier angles isard\" alt=\"parc animalier angles isard\" style=\"width: 162px; height: 108px;\" \/> <\/a> <\/div> <\/div> <!-- close group --> <\/div> <!-- close row --> <div class=\"gallery-row\" style=\"width: 500px; height: 334px;\" data-original-width=\"500\" data-original-height=\"334\" > <div class=\"gallery-group images-1\" style=\"width: 500px; height: 334px;\" data-original-width=\"500\" data-original-height=\"334\" > <div class=\"tiled-gallery-item tiled-gallery-item-large\" itemprop=\"associatedMedia\" itemscope itemtype=\"http:\/\/schema.org\/ImageObject\"> <a href=\"https:\/\/locaacademiafamiliar.com\/ca\/2019\/que-fer-a-la-cerdanya-francesa-capcir-amb-nens-pirineus-francesos\/parc-animalier-angles-oso-2\/\" border=\"0\" itemprop=\"url\"> <meta itemprop=\"width\" content=\"496\"> <meta itemprop=\"height\" content=\"330\"> <img decoding=\"async\" class=\"\" data-attachment-id=\"7130\" data-orig-file=\"https:\/\/locaacademiafamiliar.com\/wp-content\/uploads\/2019\/04\/parc-animalier-angles-oso-2.jpg\" data-orig-size=\"968,644\" data-comments-opened=\"1\" data-image-meta=\"{&quot;aperture&quot;:&quot;9&quot;,&quot;credit&quot;:&quot;&quot;,&quot;camera&quot;:&quot;Canon EOS 1000D&quot;,&quot;caption&quot;:&quot;&quot;,&quot;created_timestamp&quot;:&quot;1555593491&quot;,&quot;copyright&quot;:&quot;&quot;,&quot;focal_length&quot;:&quot;70&quot;,&quot;iso&quot;:&quot;800&quot;,&quot;shutter_speed&quot;:&quot;0.003125&quot;,&quot;title&quot;:&quot;&quot;,&quot;orientation&quot;:&quot;1&quot;}\" data-image-title=\"parc animalier angles oso 2\" data-image-description=\"\" data-medium-file=\"https:\/\/i0.wp.com\/locaacademiafamiliar.com\/wp-content\/uploads\/2019\/04\/parc-animalier-angles-oso-2.jpg?fit=300%2C200&#038;ssl=1\" data-large-file=\"https:\/\/i0.wp.com\/locaacademiafamiliar.com\/wp-content\/uploads\/2019\/04\/parc-animalier-angles-oso-2.jpg?fit=968%2C644&#038;ssl=1\" src=\"https:\/\/i0.wp.com\/locaacademiafamiliar.com\/wp-content\/uploads\/2019\/04\/parc-animalier-angles-oso-2.jpg?w=496&#038;h=330&#038;ssl=1\" srcset=\"https:\/\/i0.wp.com\/locaacademiafamiliar.com\/wp-content\/uploads\/2019\/04\/parc-animalier-angles-oso-2.jpg?w=968&amp;ssl=1 968w, https:\/\/i0.wp.com\/locaacademiafamiliar.com\/wp-content\/uploads\/2019\/04\/parc-animalier-angles-oso-2.jpg?resize=300%2C200&amp;ssl=1 300w, https:\/\/i0.wp.com\/locaacademiafamiliar.com\/wp-content\/uploads\/2019\/04\/parc-animalier-angles-oso-2.jpg?resize=768%2C511&amp;ssl=1 768w\" width=\"496\" height=\"330\" loading=\"lazy\" data-original-width=\"496\" data-original-height=\"330\" itemprop=\"http:\/\/schema.org\/image\" title=\"parc animalier angles oso 2\" alt=\"parc animalier angles oso 2\" style=\"width: 496px; height: 330px;\" \/> <\/a> <\/div> <\/div> <!-- close group --> <\/div> <!-- close row --> <\/div>\n<p>Molt recomanable que feu el recorregut llarg (2 hores a pas normal amb nens) per poder veure els isards, llops, etc. \u00c9s un parc com el de <a href=\"https:\/\/locaacademiafamiliar.com\/ca\/2018\/cap-de-setmana-a-la-vall-de-camprodon-amb-nens\/\"><strong>Moll\u00f3 Park al Ripoll\u00e8s<\/strong><\/a> i als peits els encanta! Entrada 14 \u20ac adults.<\/p>\n<h3>BALNEARI FAMILIAR ANGL\u00c9O, LES ANGLES<\/h3>\n<p>Als Angles mateix, a nivell del poble, hi ha <strong>el balneari familiar <a href=\"https:\/\/www.lesangles.com\/fr\/angleo\/balneo-spa\">Angl\u00e9o Baln\u00e9o &amp; Spa<\/a><\/strong>;<strong> una bona opci\u00f3 per combinar amb el parc d&#8217;animals o amb una jornada d&#8217;esqu\u00ed.<\/strong> El balneari ens va encantar! De fet, va ser el que m\u00e9s li va agradar a la meva filla de 3 anys!<\/p>\n<div class=\"tiled-gallery type-rectangular tiled-gallery-unresized\" data-original-width=\"500\" data-carousel-extra='{&quot;blog_id&quot;:1,&quot;permalink&quot;:&quot;https:\\\/\\\/locaacademiafamiliar.com\\\/ca\\\/2019\\\/que-fer-a-la-cerdanya-francesa-capcir-amb-nens-pirineus-francesos\\\/&quot;,&quot;likes_blog_id&quot;:119488531}' itemscope itemtype=\"http:\/\/schema.org\/ImageGallery\" > <div class=\"gallery-row\" style=\"width: 500px; height: 189px;\" data-original-width=\"500\" data-original-height=\"189\" > <div class=\"gallery-group images-1\" style=\"width: 250px; height: 189px;\" data-original-width=\"250\" data-original-height=\"189\" > <div class=\"tiled-gallery-item tiled-gallery-item-small\" itemprop=\"associatedMedia\" itemscope itemtype=\"http:\/\/schema.org\/ImageObject\"> <a href=\"https:\/\/locaacademiafamiliar.com\/ca\/2019\/que-fer-a-la-cerdanya-francesa-capcir-amb-nens-pirineus-francesos\/angleo-les-angles\/\" border=\"0\" itemprop=\"url\"> <meta itemprop=\"width\" content=\"246\"> <meta itemprop=\"height\" content=\"185\"> <img decoding=\"async\" class=\"\" data-attachment-id=\"7164\" data-orig-file=\"https:\/\/locaacademiafamiliar.com\/wp-content\/uploads\/2019\/04\/angleo-les-angles.jpg\" data-orig-size=\"1333,1000\" data-comments-opened=\"1\" data-image-meta=\"{&quot;aperture&quot;:&quot;1.75&quot;,&quot;credit&quot;:&quot;&quot;,&quot;camera&quot;:&quot;moto g(7) plus&quot;,&quot;caption&quot;:&quot;&quot;,&quot;created_timestamp&quot;:&quot;1555610877&quot;,&quot;copyright&quot;:&quot;&quot;,&quot;focal_length&quot;:&quot;4.28&quot;,&quot;iso&quot;:&quot;100&quot;,&quot;shutter_speed&quot;:&quot;0.0074626865671642&quot;,&quot;title&quot;:&quot;&quot;,&quot;orientation&quot;:&quot;1&quot;}\" data-image-title=\"angleo les angles\" data-image-description=\"\" data-medium-file=\"https:\/\/i0.wp.com\/locaacademiafamiliar.com\/wp-content\/uploads\/2019\/04\/angleo-les-angles.jpg?fit=300%2C225&#038;ssl=1\" data-large-file=\"https:\/\/i0.wp.com\/locaacademiafamiliar.com\/wp-content\/uploads\/2019\/04\/angleo-les-angles.jpg?fit=1024%2C768&#038;ssl=1\" src=\"https:\/\/i0.wp.com\/locaacademiafamiliar.com\/wp-content\/uploads\/2019\/04\/angleo-les-angles.jpg?w=246&#038;h=185&#038;ssl=1\" srcset=\"https:\/\/i0.wp.com\/locaacademiafamiliar.com\/wp-content\/uploads\/2019\/04\/angleo-les-angles.jpg?w=1333&amp;ssl=1 1333w, https:\/\/i0.wp.com\/locaacademiafamiliar.com\/wp-content\/uploads\/2019\/04\/angleo-les-angles.jpg?resize=300%2C225&amp;ssl=1 300w, https:\/\/i0.wp.com\/locaacademiafamiliar.com\/wp-content\/uploads\/2019\/04\/angleo-les-angles.jpg?resize=768%2C576&amp;ssl=1 768w, https:\/\/i0.wp.com\/locaacademiafamiliar.com\/wp-content\/uploads\/2019\/04\/angleo-les-angles.jpg?resize=1024%2C768&amp;ssl=1 1024w, https:\/\/i0.wp.com\/locaacademiafamiliar.com\/wp-content\/uploads\/2019\/04\/angleo-les-angles.jpg?resize=678%2C509&amp;ssl=1 678w, https:\/\/i0.wp.com\/locaacademiafamiliar.com\/wp-content\/uploads\/2019\/04\/angleo-les-angles.jpg?resize=326%2C245&amp;ssl=1 326w, https:\/\/i0.wp.com\/locaacademiafamiliar.com\/wp-content\/uploads\/2019\/04\/angleo-les-angles.jpg?resize=80%2C60&amp;ssl=1 80w\" width=\"246\" height=\"185\" loading=\"lazy\" data-original-width=\"246\" data-original-height=\"185\" itemprop=\"http:\/\/schema.org\/image\" title=\"angleo les angles\" alt=\"angleo les angles\" style=\"width: 246px; height: 185px;\" \/> <\/a> <\/div> <\/div> <!-- close group --> <div class=\"gallery-group images-1\" style=\"width: 250px; height: 189px;\" data-original-width=\"250\" data-original-height=\"189\" > <div class=\"tiled-gallery-item tiled-gallery-item-small\" itemprop=\"associatedMedia\" itemscope itemtype=\"http:\/\/schema.org\/ImageObject\"> <a href=\"https:\/\/locaacademiafamiliar.com\/ca\/2019\/que-fer-a-la-cerdanya-francesa-capcir-amb-nens-pirineus-francesos\/angleo-les-angles-2\/\" border=\"0\" itemprop=\"url\"> <meta itemprop=\"width\" content=\"246\"> <meta itemprop=\"height\" content=\"185\"> <img decoding=\"async\" class=\"\" data-attachment-id=\"7138\" data-orig-file=\"https:\/\/locaacademiafamiliar.com\/wp-content\/uploads\/2019\/04\/angleo-les-angles-2.jpg\" data-orig-size=\"1300,975\" data-comments-opened=\"1\" data-image-meta=\"{&quot;aperture&quot;:&quot;0&quot;,&quot;credit&quot;:&quot;&quot;,&quot;camera&quot;:&quot;&quot;,&quot;caption&quot;:&quot;&quot;,&quot;created_timestamp&quot;:&quot;0&quot;,&quot;copyright&quot;:&quot;&quot;,&quot;focal_length&quot;:&quot;0&quot;,&quot;iso&quot;:&quot;0&quot;,&quot;shutter_speed&quot;:&quot;0&quot;,&quot;title&quot;:&quot;&quot;,&quot;orientation&quot;:&quot;1&quot;}\" data-image-title=\"angleo les angles 2\" data-image-description=\"\" data-medium-file=\"https:\/\/i0.wp.com\/locaacademiafamiliar.com\/wp-content\/uploads\/2019\/04\/angleo-les-angles-2.jpg?fit=300%2C225&#038;ssl=1\" data-large-file=\"https:\/\/i0.wp.com\/locaacademiafamiliar.com\/wp-content\/uploads\/2019\/04\/angleo-les-angles-2.jpg?fit=1024%2C768&#038;ssl=1\" src=\"https:\/\/i0.wp.com\/locaacademiafamiliar.com\/wp-content\/uploads\/2019\/04\/angleo-les-angles-2.jpg?w=246&#038;h=185&#038;ssl=1\" srcset=\"https:\/\/i0.wp.com\/locaacademiafamiliar.com\/wp-content\/uploads\/2019\/04\/angleo-les-angles-2.jpg?w=1300&amp;ssl=1 1300w, https:\/\/i0.wp.com\/locaacademiafamiliar.com\/wp-content\/uploads\/2019\/04\/angleo-les-angles-2.jpg?resize=300%2C225&amp;ssl=1 300w, https:\/\/i0.wp.com\/locaacademiafamiliar.com\/wp-content\/uploads\/2019\/04\/angleo-les-angles-2.jpg?resize=768%2C576&amp;ssl=1 768w, https:\/\/i0.wp.com\/locaacademiafamiliar.com\/wp-content\/uploads\/2019\/04\/angleo-les-angles-2.jpg?resize=1024%2C768&amp;ssl=1 1024w, https:\/\/i0.wp.com\/locaacademiafamiliar.com\/wp-content\/uploads\/2019\/04\/angleo-les-angles-2.jpg?resize=678%2C509&amp;ssl=1 678w, https:\/\/i0.wp.com\/locaacademiafamiliar.com\/wp-content\/uploads\/2019\/04\/angleo-les-angles-2.jpg?resize=326%2C245&amp;ssl=1 326w, https:\/\/i0.wp.com\/locaacademiafamiliar.com\/wp-content\/uploads\/2019\/04\/angleo-les-angles-2.jpg?resize=80%2C60&amp;ssl=1 80w\" width=\"246\" height=\"185\" loading=\"lazy\" data-original-width=\"246\" data-original-height=\"185\" itemprop=\"http:\/\/schema.org\/image\" title=\"angleo les angles 2\" alt=\"angleo les angles 2\" style=\"width: 246px; height: 185px;\" \/> <\/a> <\/div> <\/div> <!-- close group --> <\/div> <!-- close row --> <\/div>\n<p>No \u00e9s habitual que els nens siguin tan benvinguts en un balneari o spa i a Angl\u00e9o s\u00f3n els reis: <strong>hi ha fins i tot una piscina petita per als nens, amb xorros d&#8217;aigua, bombolles i evidentment, l&#8217;aigua ben calentona.<\/strong> Tamb\u00e9 ofereixen gratuitament manguitos i tenen vestidors molt amplis per a fam\u00edlies amb nens.<\/p>\n<p><img data-recalc-dims=\"1\" decoding=\"async\" data-attachment-id=\"7162\" data-permalink=\"https:\/\/locaacademiafamiliar.com\/ca\/2019\/que-fer-a-la-cerdanya-francesa-capcir-amb-nens-pirineus-francesos\/angleo-les-angles-3\/\" data-orig-file=\"https:\/\/i0.wp.com\/locaacademiafamiliar.com\/wp-content\/uploads\/2019\/04\/angleo-les-angles-3.jpg?fit=1333%2C1000&amp;ssl=1\" data-orig-size=\"1333,1000\" data-comments-opened=\"1\" data-image-meta=\"{&quot;aperture&quot;:&quot;1.75&quot;,&quot;credit&quot;:&quot;&quot;,&quot;camera&quot;:&quot;moto g(7) plus&quot;,&quot;caption&quot;:&quot;&quot;,&quot;created_timestamp&quot;:&quot;1555611530&quot;,&quot;copyright&quot;:&quot;&quot;,&quot;focal_length&quot;:&quot;4.28&quot;,&quot;iso&quot;:&quot;100&quot;,&quot;shutter_speed&quot;:&quot;0.00087796312554873&quot;,&quot;title&quot;:&quot;&quot;,&quot;orientation&quot;:&quot;1&quot;}\" data-image-title=\"angleo les angles 3\" data-image-description=\"\" data-image-caption=\"\" data-medium-file=\"https:\/\/i0.wp.com\/locaacademiafamiliar.com\/wp-content\/uploads\/2019\/04\/angleo-les-angles-3.jpg?fit=300%2C225&amp;ssl=1\" data-large-file=\"https:\/\/i0.wp.com\/locaacademiafamiliar.com\/wp-content\/uploads\/2019\/04\/angleo-les-angles-3.jpg?fit=1024%2C768&amp;ssl=1\" class=\"aligncenter size-large wp-image-7162\" src=\"https:\/\/i0.wp.com\/locaacademiafamiliar.com\/wp-content\/uploads\/2019\/04\/angleo-les-angles-3-1024x768.jpg?resize=1024%2C768&#038;ssl=1\" alt=\"\" width=\"1024\" height=\"768\" srcset=\"https:\/\/i0.wp.com\/locaacademiafamiliar.com\/wp-content\/uploads\/2019\/04\/angleo-les-angles-3.jpg?resize=1024%2C768&amp;ssl=1 1024w, https:\/\/i0.wp.com\/locaacademiafamiliar.com\/wp-content\/uploads\/2019\/04\/angleo-les-angles-3.jpg?resize=300%2C225&amp;ssl=1 300w, https:\/\/i0.wp.com\/locaacademiafamiliar.com\/wp-content\/uploads\/2019\/04\/angleo-les-angles-3.jpg?resize=768%2C576&amp;ssl=1 768w, https:\/\/i0.wp.com\/locaacademiafamiliar.com\/wp-content\/uploads\/2019\/04\/angleo-les-angles-3.jpg?resize=678%2C509&amp;ssl=1 678w, https:\/\/i0.wp.com\/locaacademiafamiliar.com\/wp-content\/uploads\/2019\/04\/angleo-les-angles-3.jpg?resize=326%2C245&amp;ssl=1 326w, https:\/\/i0.wp.com\/locaacademiafamiliar.com\/wp-content\/uploads\/2019\/04\/angleo-les-angles-3.jpg?resize=80%2C60&amp;ssl=1 80w, https:\/\/i0.wp.com\/locaacademiafamiliar.com\/wp-content\/uploads\/2019\/04\/angleo-les-angles-3.jpg?w=1333&amp;ssl=1 1333w\" sizes=\"(max-width: 1000px) 100vw, 1000px\" \/><\/p>\n<p>Als grans tamb\u00e9 ens va agradar molt la tarda a Angl\u00e9o \ud83d\ude42 <strong>Vam disfrutar de la gran piscina amb jacuzzis i diferents xorros d&#8217;aigua, i vam al\u00b7lucinar amb el jacuzzi exterior amb vistes a les pistes<\/strong>. S&#8217;hi estava molt b\u00e9 a dins de l&#8217;aigua!<\/p>\n<p>L&#8217;edifici \u00e9s molt nou (desembre 2018) i est\u00e0 fet amb molt bon gust amb tot tipus de detalls i comoditats. Assecadors de cos sencer peculiars, hammam, cova de sal amb haloter\u00e0pia , sauna amb vistes, zona de relax amb puffs, projeccions d&#8217;imatges relaxants&#8230; Un 10!<\/p>\n<div class=\"tiled-gallery type-rectangular tiled-gallery-unresized\" data-original-width=\"500\" data-carousel-extra='{&quot;blog_id&quot;:1,&quot;permalink&quot;:&quot;https:\\\/\\\/locaacademiafamiliar.com\\\/ca\\\/2019\\\/que-fer-a-la-cerdanya-francesa-capcir-amb-nens-pirineus-francesos\\\/&quot;,&quot;likes_blog_id&quot;:119488531}' itemscope itemtype=\"http:\/\/schema.org\/ImageGallery\" > <div class=\"gallery-row\" style=\"width: 500px; height: 201px;\" data-original-width=\"500\" data-original-height=\"201\" > <div class=\"gallery-group images-1\" style=\"width: 234px; height: 201px;\" data-original-width=\"234\" data-original-height=\"201\" > <div class=\"tiled-gallery-item tiled-gallery-item-small\" itemprop=\"associatedMedia\" itemscope itemtype=\"http:\/\/schema.org\/ImageObject\"> <a href=\"https:\/\/locaacademiafamiliar.com\/ca\/2019\/que-fer-a-la-cerdanya-francesa-capcir-amb-nens-pirineus-francesos\/angleo-les-angles-4\/\" border=\"0\" itemprop=\"url\"> <meta itemprop=\"width\" content=\"230\"> <meta itemprop=\"height\" content=\"197\"> <img decoding=\"async\" class=\"\" data-attachment-id=\"7140\" data-orig-file=\"https:\/\/locaacademiafamiliar.com\/wp-content\/uploads\/2019\/04\/angleo-les-angles-4.jpg\" data-orig-size=\"1167,1000\" data-comments-opened=\"1\" data-image-meta=\"{&quot;aperture&quot;:&quot;0&quot;,&quot;credit&quot;:&quot;&quot;,&quot;camera&quot;:&quot;&quot;,&quot;caption&quot;:&quot;&quot;,&quot;created_timestamp&quot;:&quot;0&quot;,&quot;copyright&quot;:&quot;&quot;,&quot;focal_length&quot;:&quot;0&quot;,&quot;iso&quot;:&quot;0&quot;,&quot;shutter_speed&quot;:&quot;0&quot;,&quot;title&quot;:&quot;&quot;,&quot;orientation&quot;:&quot;1&quot;}\" data-image-title=\"angleo les angles 4\" data-image-description=\"\" data-medium-file=\"https:\/\/i0.wp.com\/locaacademiafamiliar.com\/wp-content\/uploads\/2019\/04\/angleo-les-angles-4.jpg?fit=300%2C257&#038;ssl=1\" data-large-file=\"https:\/\/i0.wp.com\/locaacademiafamiliar.com\/wp-content\/uploads\/2019\/04\/angleo-les-angles-4.jpg?fit=1024%2C877&#038;ssl=1\" src=\"https:\/\/i0.wp.com\/locaacademiafamiliar.com\/wp-content\/uploads\/2019\/04\/angleo-les-angles-4.jpg?w=230&#038;h=197&#038;ssl=1\" srcset=\"https:\/\/i0.wp.com\/locaacademiafamiliar.com\/wp-content\/uploads\/2019\/04\/angleo-les-angles-4.jpg?w=1167&amp;ssl=1 1167w, https:\/\/i0.wp.com\/locaacademiafamiliar.com\/wp-content\/uploads\/2019\/04\/angleo-les-angles-4.jpg?resize=300%2C257&amp;ssl=1 300w, https:\/\/i0.wp.com\/locaacademiafamiliar.com\/wp-content\/uploads\/2019\/04\/angleo-les-angles-4.jpg?resize=768%2C658&amp;ssl=1 768w, https:\/\/i0.wp.com\/locaacademiafamiliar.com\/wp-content\/uploads\/2019\/04\/angleo-les-angles-4.jpg?resize=1024%2C877&amp;ssl=1 1024w\" width=\"230\" height=\"197\" loading=\"lazy\" data-original-width=\"230\" data-original-height=\"197\" itemprop=\"http:\/\/schema.org\/image\" title=\"angleo les angles 4\" alt=\"angleo les angles 4\" style=\"width: 230px; height: 197px;\" \/> <\/a> <\/div> <\/div> <!-- close group --> <div class=\"gallery-group images-1\" style=\"width: 266px; height: 201px;\" data-original-width=\"266\" data-original-height=\"201\" > <div class=\"tiled-gallery-item tiled-gallery-item-large\" itemprop=\"associatedMedia\" itemscope itemtype=\"http:\/\/schema.org\/ImageObject\"> <a href=\"https:\/\/locaacademiafamiliar.com\/ca\/2019\/que-fer-a-la-cerdanya-francesa-capcir-amb-nens-pirineus-francesos\/angleo-les-angles-5\/\" border=\"0\" itemprop=\"url\"> <meta itemprop=\"width\" content=\"262\"> <meta itemprop=\"height\" content=\"197\"> <img decoding=\"async\" class=\"\" data-attachment-id=\"7142\" data-orig-file=\"https:\/\/locaacademiafamiliar.com\/wp-content\/uploads\/2019\/04\/angleo-les-angles-5.jpg\" data-orig-size=\"1300,975\" data-comments-opened=\"1\" data-image-meta=\"{&quot;aperture&quot;:&quot;0&quot;,&quot;credit&quot;:&quot;&quot;,&quot;camera&quot;:&quot;&quot;,&quot;caption&quot;:&quot;&quot;,&quot;created_timestamp&quot;:&quot;0&quot;,&quot;copyright&quot;:&quot;&quot;,&quot;focal_length&quot;:&quot;0&quot;,&quot;iso&quot;:&quot;0&quot;,&quot;shutter_speed&quot;:&quot;0&quot;,&quot;title&quot;:&quot;&quot;,&quot;orientation&quot;:&quot;1&quot;}\" data-image-title=\"angleo les angles 5\" data-image-description=\"\" data-medium-file=\"https:\/\/i0.wp.com\/locaacademiafamiliar.com\/wp-content\/uploads\/2019\/04\/angleo-les-angles-5.jpg?fit=300%2C225&#038;ssl=1\" data-large-file=\"https:\/\/i0.wp.com\/locaacademiafamiliar.com\/wp-content\/uploads\/2019\/04\/angleo-les-angles-5.jpg?fit=1024%2C768&#038;ssl=1\" src=\"https:\/\/i0.wp.com\/locaacademiafamiliar.com\/wp-content\/uploads\/2019\/04\/angleo-les-angles-5.jpg?w=262&#038;h=197&#038;ssl=1\" srcset=\"https:\/\/i0.wp.com\/locaacademiafamiliar.com\/wp-content\/uploads\/2019\/04\/angleo-les-angles-5.jpg?w=1300&amp;ssl=1 1300w, https:\/\/i0.wp.com\/locaacademiafamiliar.com\/wp-content\/uploads\/2019\/04\/angleo-les-angles-5.jpg?resize=300%2C225&amp;ssl=1 300w, https:\/\/i0.wp.com\/locaacademiafamiliar.com\/wp-content\/uploads\/2019\/04\/angleo-les-angles-5.jpg?resize=768%2C576&amp;ssl=1 768w, https:\/\/i0.wp.com\/locaacademiafamiliar.com\/wp-content\/uploads\/2019\/04\/angleo-les-angles-5.jpg?resize=1024%2C768&amp;ssl=1 1024w, https:\/\/i0.wp.com\/locaacademiafamiliar.com\/wp-content\/uploads\/2019\/04\/angleo-les-angles-5.jpg?resize=678%2C509&amp;ssl=1 678w, https:\/\/i0.wp.com\/locaacademiafamiliar.com\/wp-content\/uploads\/2019\/04\/angleo-les-angles-5.jpg?resize=326%2C245&amp;ssl=1 326w, https:\/\/i0.wp.com\/locaacademiafamiliar.com\/wp-content\/uploads\/2019\/04\/angleo-les-angles-5.jpg?resize=80%2C60&amp;ssl=1 80w\" width=\"262\" height=\"197\" loading=\"lazy\" data-original-width=\"262\" data-original-height=\"197\" itemprop=\"http:\/\/schema.org\/image\" title=\"angleo les angles 5\" alt=\"angleo les angles 5\" style=\"width: 262px; height: 197px;\" \/> <\/a> <\/div> <\/div> <!-- close group --> <\/div> <!-- close row --> <\/div>\n<p>Preu de l&#8217;entrada: 18\/15 \u20ac (els nens a patrir de 4 anys: 13\/11\u20ac). Est\u00e0 obert fins tard (19-20h). Important saber que tothom ha d&#8217;anar amb banyador. Les noies poden portar banyador o bikini de dos peces. Per\u00f2 els nois han d&#8217;anar obligat\u00f2riament amb banyador tipus slip. El boxer obert no est\u00e0 perm\u00e8s.<\/p>\n<h3>UN VIATGE EN TREN GROC<\/h3>\n<p>Si teniu sort, veureu (com nosaltres) forces vegades passar <strong>el tren groc<\/strong> per les muntanyes i diferents paisatges de la Cerdanya. La imatge \u00e9s buc\u00f2lica i rom\u00e0ntica! Per\u00f2 millor que veure&#8217;l, \u00e9s pujar-hi. <strong>Pugeu a bord del <a href=\"https:\/\/locaacademiafamiliar.com\/ca\/2019\/una-excursio-en-el-tren-groc-dels-pirineus-train-jaune-com-funciona\/\">Tren Groc (Train Jaune)<\/a> dels Pirineus des d&#8217;una de les seves estacions i feu un viatge!<\/strong><\/p>\n<p><img data-recalc-dims=\"1\" decoding=\"async\" data-attachment-id=\"7136\" data-permalink=\"https:\/\/locaacademiafamiliar.com\/ca\/2019\/que-fer-a-la-cerdanya-francesa-capcir-amb-nens-pirineus-francesos\/tren-groc-train-jaune-2\/\" data-orig-file=\"https:\/\/i0.wp.com\/locaacademiafamiliar.com\/wp-content\/uploads\/2019\/04\/tren-groc-train-jaune-2.jpg?fit=968%2C644&amp;ssl=1\" data-orig-size=\"968,644\" data-comments-opened=\"1\" data-image-meta=\"{&quot;aperture&quot;:&quot;11&quot;,&quot;credit&quot;:&quot;&quot;,&quot;camera&quot;:&quot;Canon EOS 1000D&quot;,&quot;caption&quot;:&quot;&quot;,&quot;created_timestamp&quot;:&quot;1555758226&quot;,&quot;copyright&quot;:&quot;&quot;,&quot;focal_length&quot;:&quot;50&quot;,&quot;iso&quot;:&quot;100&quot;,&quot;shutter_speed&quot;:&quot;0.008&quot;,&quot;title&quot;:&quot;&quot;,&quot;orientation&quot;:&quot;1&quot;}\" data-image-title=\"tren groc train jaune 2\" data-image-description=\"\" data-image-caption=\"\" data-medium-file=\"https:\/\/i0.wp.com\/locaacademiafamiliar.com\/wp-content\/uploads\/2019\/04\/tren-groc-train-jaune-2.jpg?fit=300%2C200&amp;ssl=1\" data-large-file=\"https:\/\/i0.wp.com\/locaacademiafamiliar.com\/wp-content\/uploads\/2019\/04\/tren-groc-train-jaune-2.jpg?fit=968%2C644&amp;ssl=1\" class=\"aligncenter size-full wp-image-7136\" src=\"https:\/\/i0.wp.com\/locaacademiafamiliar.com\/wp-content\/uploads\/2019\/04\/tren-groc-train-jaune-2.jpg?resize=968%2C644&#038;ssl=1\" alt=\"\" width=\"968\" height=\"644\" srcset=\"https:\/\/i0.wp.com\/locaacademiafamiliar.com\/wp-content\/uploads\/2019\/04\/tren-groc-train-jaune-2.jpg?w=968&amp;ssl=1 968w, https:\/\/i0.wp.com\/locaacademiafamiliar.com\/wp-content\/uploads\/2019\/04\/tren-groc-train-jaune-2.jpg?resize=300%2C200&amp;ssl=1 300w, https:\/\/i0.wp.com\/locaacademiafamiliar.com\/wp-content\/uploads\/2019\/04\/tren-groc-train-jaune-2.jpg?resize=768%2C511&amp;ssl=1 768w\" sizes=\"(max-width: 968px) 100vw, 968px\" \/><\/p>\n<p>El tren groc mereix un article en s\u00ed mateix, en far\u00e9 un dedicat en breu, per\u00f2 com a pinzellada us dir\u00e9 que el preu \u00e9s de 12\u20ac anar i tornar (o 6\u20ac anada), per qualsevol viatge que feu. Tant si aneu de punta a punta com si feu 4 estacions, \u00e9s el mateix preu.<\/p>\n<p><strong>Tingueu en compte els horaris:<\/strong> <strong>no passa gaire sovint (al menys fora de temporada d&#8217;estiu) i cal que planifiqueu el vostre temps al dest\u00ed correctament. Els bitllets no es poden comprar per internet;<\/strong> s&#8217;han de comprar directament a l&#8217;estaci\u00f3 o al revisor (les estacions petites com Bolqu\u00e8re no tenen servei de venta). En algunes parades el tren no s&#8217;atura a menys que ho indiqueu al revisor. En aquest cas, quan s&#8217;aturi, apropeu-vos al primer vag\u00f3 i digueu la parada on baixareu per tal que s&#8217;hi aturi. A les parades principals, s&#8217;atura sempre (marcades a l&#8217;interior del propi tren).<\/p>\n<div class=\"tiled-gallery type-rectangular tiled-gallery-unresized\" data-original-width=\"500\" data-carousel-extra='{&quot;blog_id&quot;:1,&quot;permalink&quot;:&quot;https:\\\/\\\/locaacademiafamiliar.com\\\/ca\\\/2019\\\/que-fer-a-la-cerdanya-francesa-capcir-amb-nens-pirineus-francesos\\\/&quot;,&quot;likes_blog_id&quot;:119488531}' itemscope itemtype=\"http:\/\/schema.org\/ImageGallery\" > <div class=\"gallery-row\" style=\"width: 500px; height: 240px;\" data-original-width=\"500\" data-original-height=\"240\" > <div class=\"gallery-group images-1\" style=\"width: 181px; height: 240px;\" data-original-width=\"181\" data-original-height=\"240\" > <div class=\"tiled-gallery-item tiled-gallery-item-small\" itemprop=\"associatedMedia\" itemscope itemtype=\"http:\/\/schema.org\/ImageObject\"> <a href=\"https:\/\/locaacademiafamiliar.com\/ca\/2019\/que-fer-a-la-cerdanya-francesa-capcir-amb-nens-pirineus-francesos\/tren-groc-train-jaune-2-2\/\" border=\"0\" itemprop=\"url\"> <meta itemprop=\"width\" content=\"177\"> <meta itemprop=\"height\" content=\"236\"> <img decoding=\"async\" class=\"\" data-attachment-id=\"7154\" data-orig-file=\"https:\/\/locaacademiafamiliar.com\/wp-content\/uploads\/2019\/04\/tren-groc-train-jaune-2-1.jpg\" data-orig-size=\"750,1000\" data-comments-opened=\"1\" data-image-meta=\"{&quot;aperture&quot;:&quot;1.75&quot;,&quot;credit&quot;:&quot;&quot;,&quot;camera&quot;:&quot;moto g(7) plus&quot;,&quot;caption&quot;:&quot;&quot;,&quot;created_timestamp&quot;:&quot;1555758296&quot;,&quot;copyright&quot;:&quot;&quot;,&quot;focal_length&quot;:&quot;4.28&quot;,&quot;iso&quot;:&quot;101&quot;,&quot;shutter_speed&quot;:&quot;0.00075930144267274&quot;,&quot;title&quot;:&quot;&quot;,&quot;orientation&quot;:&quot;1&quot;}\" data-image-title=\"tren groc train jaune 2\" data-image-description=\"\" data-medium-file=\"https:\/\/i0.wp.com\/locaacademiafamiliar.com\/wp-content\/uploads\/2019\/04\/tren-groc-train-jaune-2-1.jpg?fit=225%2C300&#038;ssl=1\" data-large-file=\"https:\/\/i0.wp.com\/locaacademiafamiliar.com\/wp-content\/uploads\/2019\/04\/tren-groc-train-jaune-2-1.jpg?fit=768%2C1024&#038;ssl=1\" src=\"https:\/\/i0.wp.com\/locaacademiafamiliar.com\/wp-content\/uploads\/2019\/04\/tren-groc-train-jaune-2-1.jpg?w=177&#038;h=236&#038;ssl=1\" srcset=\"https:\/\/i0.wp.com\/locaacademiafamiliar.com\/wp-content\/uploads\/2019\/04\/tren-groc-train-jaune-2-1.jpg?w=750&amp;ssl=1 750w, https:\/\/i0.wp.com\/locaacademiafamiliar.com\/wp-content\/uploads\/2019\/04\/tren-groc-train-jaune-2-1.jpg?resize=225%2C300&amp;ssl=1 225w, https:\/\/i0.wp.com\/locaacademiafamiliar.com\/wp-content\/uploads\/2019\/04\/tren-groc-train-jaune-2-1.jpg?resize=768%2C1024&amp;ssl=1 768w\" width=\"177\" height=\"236\" loading=\"lazy\" data-original-width=\"177\" data-original-height=\"236\" itemprop=\"http:\/\/schema.org\/image\" title=\"tren groc train jaune 2\" alt=\"tren groc train jaune 2\" style=\"width: 177px; height: 236px;\" \/> <\/a> <\/div> <\/div> <!-- close group --> <div class=\"gallery-group images-1\" style=\"width: 319px; height: 240px;\" data-original-width=\"319\" data-original-height=\"240\" > <div class=\"tiled-gallery-item tiled-gallery-item-large\" itemprop=\"associatedMedia\" itemscope itemtype=\"http:\/\/schema.org\/ImageObject\"> <a href=\"https:\/\/locaacademiafamiliar.com\/ca\/2019\/que-fer-a-la-cerdanya-francesa-capcir-amb-nens-pirineus-francesos\/tren-groc-train-jaune\/\" border=\"0\" itemprop=\"url\"> <meta itemprop=\"width\" content=\"315\"> <meta itemprop=\"height\" content=\"236\"> <img decoding=\"async\" class=\"\" data-attachment-id=\"7158\" data-orig-file=\"https:\/\/locaacademiafamiliar.com\/wp-content\/uploads\/2019\/04\/tren-groc-train-jaune.jpg\" data-orig-size=\"1333,1000\" data-comments-opened=\"1\" data-image-meta=\"{&quot;aperture&quot;:&quot;1.75&quot;,&quot;credit&quot;:&quot;&quot;,&quot;camera&quot;:&quot;moto g(7) plus&quot;,&quot;caption&quot;:&quot;&quot;,&quot;created_timestamp&quot;:&quot;1555760461&quot;,&quot;copyright&quot;:&quot;&quot;,&quot;focal_length&quot;:&quot;4.28&quot;,&quot;iso&quot;:&quot;100&quot;,&quot;shutter_speed&quot;:&quot;0.00054854635216676&quot;,&quot;title&quot;:&quot;&quot;,&quot;orientation&quot;:&quot;1&quot;}\" data-image-title=\"tren groc train jaune\" data-image-description=\"\" data-medium-file=\"https:\/\/i0.wp.com\/locaacademiafamiliar.com\/wp-content\/uploads\/2019\/04\/tren-groc-train-jaune.jpg?fit=300%2C225&#038;ssl=1\" data-large-file=\"https:\/\/i0.wp.com\/locaacademiafamiliar.com\/wp-content\/uploads\/2019\/04\/tren-groc-train-jaune.jpg?fit=1024%2C768&#038;ssl=1\" src=\"https:\/\/i0.wp.com\/locaacademiafamiliar.com\/wp-content\/uploads\/2019\/04\/tren-groc-train-jaune.jpg?w=315&#038;h=236&#038;ssl=1\" srcset=\"https:\/\/i0.wp.com\/locaacademiafamiliar.com\/wp-content\/uploads\/2019\/04\/tren-groc-train-jaune.jpg?w=1333&amp;ssl=1 1333w, https:\/\/i0.wp.com\/locaacademiafamiliar.com\/wp-content\/uploads\/2019\/04\/tren-groc-train-jaune.jpg?resize=300%2C225&amp;ssl=1 300w, https:\/\/i0.wp.com\/locaacademiafamiliar.com\/wp-content\/uploads\/2019\/04\/tren-groc-train-jaune.jpg?resize=768%2C576&amp;ssl=1 768w, https:\/\/i0.wp.com\/locaacademiafamiliar.com\/wp-content\/uploads\/2019\/04\/tren-groc-train-jaune.jpg?resize=1024%2C768&amp;ssl=1 1024w, https:\/\/i0.wp.com\/locaacademiafamiliar.com\/wp-content\/uploads\/2019\/04\/tren-groc-train-jaune.jpg?resize=678%2C509&amp;ssl=1 678w, https:\/\/i0.wp.com\/locaacademiafamiliar.com\/wp-content\/uploads\/2019\/04\/tren-groc-train-jaune.jpg?resize=326%2C245&amp;ssl=1 326w, https:\/\/i0.wp.com\/locaacademiafamiliar.com\/wp-content\/uploads\/2019\/04\/tren-groc-train-jaune.jpg?resize=80%2C60&amp;ssl=1 80w\" width=\"315\" height=\"236\" loading=\"lazy\" data-original-width=\"315\" data-original-height=\"236\" itemprop=\"http:\/\/schema.org\/image\" title=\"tren groc train jaune\" alt=\"tren groc train jaune\" style=\"width: 315px; height: 236px;\" \/> <\/a> <\/div> <\/div> <!-- close group --> <\/div> <!-- close row --> <\/div>\n<p>La majoria de gent baixa a les grans estacions:<strong> Villefranche de Conflent o Mont-Louis<\/strong>, per\u00f2 nosaltres (ben aconsellats pel Patronat de Turisme dels Pirineus Orientals francesos)<strong> vam baixar al poblet de Fontp\u00e9drouse per passar el dia als banys de Saint Thomas,<\/strong> que us explico a continuaci\u00f3. Una excursi\u00f3 MOLT recomanable \ud83d\ude42 <a href=\"https:\/\/locaacademiafamiliar.com\/ca\/2019\/una-excursio-en-el-tren-groc-dels-pirineus-train-jaune-com-funciona\/\"><strong>m\u00e9s informaci\u00f3 sobre el Tren Groc<\/strong><\/a>.<\/p>\n<h3>BANYS DE SAINT THOMAS, FONTPEDROUSE<\/h3>\n<p>Despr\u00e9s de l&#8217;\u00e8xit d&#8217;Angl\u00e9o, no vam dubtar a tornar-nos a remullar en unes <strong>aig\u00fces termals. Aquest cop, a l&#8217;aire lliure!! Als <a href=\"https:\/\/www.bains-saint-thomas.fr\/\">banys de Saint Thomas<\/a>, a fora ten\u00edem 12 graus i a dins l&#8217;aigua uns m\u00e9s que agradables 37 graus. FANT\u00c0STIC!<\/strong><\/p>\n<p><img data-recalc-dims=\"1\" decoding=\"async\" data-attachment-id=\"7148\" data-permalink=\"https:\/\/locaacademiafamiliar.com\/ca\/2019\/que-fer-a-la-cerdanya-francesa-capcir-amb-nens-pirineus-francesos\/st-thomas-banys\/\" data-orig-file=\"https:\/\/i0.wp.com\/locaacademiafamiliar.com\/wp-content\/uploads\/2019\/04\/st-thomas-banys-.jpg?fit=1333%2C1000&amp;ssl=1\" data-orig-size=\"1333,1000\" data-comments-opened=\"1\" data-image-meta=\"{&quot;aperture&quot;:&quot;0&quot;,&quot;credit&quot;:&quot;&quot;,&quot;camera&quot;:&quot;&quot;,&quot;caption&quot;:&quot;&quot;,&quot;created_timestamp&quot;:&quot;0&quot;,&quot;copyright&quot;:&quot;&quot;,&quot;focal_length&quot;:&quot;0&quot;,&quot;iso&quot;:&quot;0&quot;,&quot;shutter_speed&quot;:&quot;0&quot;,&quot;title&quot;:&quot;&quot;,&quot;orientation&quot;:&quot;1&quot;}\" data-image-title=\"st thomas banys\" data-image-description=\"\" data-image-caption=\"\" data-medium-file=\"https:\/\/i0.wp.com\/locaacademiafamiliar.com\/wp-content\/uploads\/2019\/04\/st-thomas-banys-.jpg?fit=300%2C225&amp;ssl=1\" data-large-file=\"https:\/\/i0.wp.com\/locaacademiafamiliar.com\/wp-content\/uploads\/2019\/04\/st-thomas-banys-.jpg?fit=1024%2C768&amp;ssl=1\" class=\"aligncenter size-large wp-image-7148\" src=\"https:\/\/i0.wp.com\/locaacademiafamiliar.com\/wp-content\/uploads\/2019\/04\/st-thomas-banys--1024x768.jpg?resize=1024%2C768&#038;ssl=1\" alt=\"\" width=\"1024\" height=\"768\" srcset=\"https:\/\/i0.wp.com\/locaacademiafamiliar.com\/wp-content\/uploads\/2019\/04\/st-thomas-banys-.jpg?resize=1024%2C768&amp;ssl=1 1024w, https:\/\/i0.wp.com\/locaacademiafamiliar.com\/wp-content\/uploads\/2019\/04\/st-thomas-banys-.jpg?resize=300%2C225&amp;ssl=1 300w, https:\/\/i0.wp.com\/locaacademiafamiliar.com\/wp-content\/uploads\/2019\/04\/st-thomas-banys-.jpg?resize=768%2C576&amp;ssl=1 768w, https:\/\/i0.wp.com\/locaacademiafamiliar.com\/wp-content\/uploads\/2019\/04\/st-thomas-banys-.jpg?resize=678%2C509&amp;ssl=1 678w, https:\/\/i0.wp.com\/locaacademiafamiliar.com\/wp-content\/uploads\/2019\/04\/st-thomas-banys-.jpg?resize=326%2C245&amp;ssl=1 326w, https:\/\/i0.wp.com\/locaacademiafamiliar.com\/wp-content\/uploads\/2019\/04\/st-thomas-banys-.jpg?resize=80%2C60&amp;ssl=1 80w, https:\/\/i0.wp.com\/locaacademiafamiliar.com\/wp-content\/uploads\/2019\/04\/st-thomas-banys-.jpg?w=1333&amp;ssl=1 1333w\" sizes=\"(max-width: 1000px) 100vw, 1000px\" \/><\/p>\n<p>Val a dir que abans d&#8217;anar-hi em feia cosa que els nens passessin fred i&#8230; qu\u00e9 va! S&#8217;ho van passar pipa i ni gota de fred! A dins l&#8217;aigua la sensaci\u00f3 \u00e9s super agradable i quan canvies d&#8217;una piscina a l&#8217;altra, no tens temps de notar el fred; de fet, de tant en tant, ja anava b\u00e9 que et toqu\u00e9s una mica l&#8217;aire fred despr\u00e9s d&#8217;haver estat una estona a 37 graus.<\/p>\n<p><strong>Els banys de Saint Thomas s\u00f3n molt aut\u00e8ntics. S\u00f3n uns banys termals naturals situats en plena muntanya. Tenen molt d&#8217;encant, constru\u00efts en unes restes romanes<\/strong>. L&#8217;entrada general (7 \u20ac \/ nens 5,5\u20ac) permet l&#8217;acc\u00e9s a tres piscines ben \u00e0mplies; en una d&#8217;elles els nens toquen de peus a terra.<\/p>\n<div class=\"tiled-gallery type-rectangular tiled-gallery-unresized\" data-original-width=\"500\" data-carousel-extra='{&quot;blog_id&quot;:1,&quot;permalink&quot;:&quot;https:\\\/\\\/locaacademiafamiliar.com\\\/ca\\\/2019\\\/que-fer-a-la-cerdanya-francesa-capcir-amb-nens-pirineus-francesos\\\/&quot;,&quot;likes_blog_id&quot;:119488531}' itemscope itemtype=\"http:\/\/schema.org\/ImageGallery\" > <div class=\"gallery-row\" style=\"width: 500px; height: 189px;\" data-original-width=\"500\" data-original-height=\"189\" > <div class=\"gallery-group images-1\" style=\"width: 250px; height: 189px;\" data-original-width=\"250\" data-original-height=\"189\" > <div class=\"tiled-gallery-item tiled-gallery-item-small\" itemprop=\"associatedMedia\" itemscope itemtype=\"http:\/\/schema.org\/ImageObject\"> <a href=\"https:\/\/locaacademiafamiliar.com\/ca\/2019\/que-fer-a-la-cerdanya-francesa-capcir-amb-nens-pirineus-francesos\/st-thomas-banys-2\/\" border=\"0\" itemprop=\"url\"> <meta itemprop=\"width\" content=\"246\"> <meta itemprop=\"height\" content=\"185\"> <img decoding=\"async\" class=\"\" data-attachment-id=\"7152\" data-orig-file=\"https:\/\/locaacademiafamiliar.com\/wp-content\/uploads\/2019\/04\/st-thomas-banys-2.jpg\" data-orig-size=\"1333,1000\" data-comments-opened=\"1\" data-image-meta=\"{&quot;aperture&quot;:&quot;0&quot;,&quot;credit&quot;:&quot;&quot;,&quot;camera&quot;:&quot;&quot;,&quot;caption&quot;:&quot;&quot;,&quot;created_timestamp&quot;:&quot;0&quot;,&quot;copyright&quot;:&quot;&quot;,&quot;focal_length&quot;:&quot;0&quot;,&quot;iso&quot;:&quot;0&quot;,&quot;shutter_speed&quot;:&quot;0&quot;,&quot;title&quot;:&quot;&quot;,&quot;orientation&quot;:&quot;1&quot;}\" data-image-title=\"st thomas banys 2\" data-image-description=\"\" data-medium-file=\"https:\/\/i0.wp.com\/locaacademiafamiliar.com\/wp-content\/uploads\/2019\/04\/st-thomas-banys-2.jpg?fit=300%2C225&#038;ssl=1\" data-large-file=\"https:\/\/i0.wp.com\/locaacademiafamiliar.com\/wp-content\/uploads\/2019\/04\/st-thomas-banys-2.jpg?fit=1024%2C768&#038;ssl=1\" src=\"https:\/\/i0.wp.com\/locaacademiafamiliar.com\/wp-content\/uploads\/2019\/04\/st-thomas-banys-2.jpg?w=246&#038;h=185&#038;ssl=1\" srcset=\"https:\/\/i0.wp.com\/locaacademiafamiliar.com\/wp-content\/uploads\/2019\/04\/st-thomas-banys-2.jpg?w=1333&amp;ssl=1 1333w, https:\/\/i0.wp.com\/locaacademiafamiliar.com\/wp-content\/uploads\/2019\/04\/st-thomas-banys-2.jpg?resize=300%2C225&amp;ssl=1 300w, https:\/\/i0.wp.com\/locaacademiafamiliar.com\/wp-content\/uploads\/2019\/04\/st-thomas-banys-2.jpg?resize=768%2C576&amp;ssl=1 768w, https:\/\/i0.wp.com\/locaacademiafamiliar.com\/wp-content\/uploads\/2019\/04\/st-thomas-banys-2.jpg?resize=1024%2C768&amp;ssl=1 1024w, https:\/\/i0.wp.com\/locaacademiafamiliar.com\/wp-content\/uploads\/2019\/04\/st-thomas-banys-2.jpg?resize=678%2C509&amp;ssl=1 678w, https:\/\/i0.wp.com\/locaacademiafamiliar.com\/wp-content\/uploads\/2019\/04\/st-thomas-banys-2.jpg?resize=326%2C245&amp;ssl=1 326w, https:\/\/i0.wp.com\/locaacademiafamiliar.com\/wp-content\/uploads\/2019\/04\/st-thomas-banys-2.jpg?resize=80%2C60&amp;ssl=1 80w\" width=\"246\" height=\"185\" loading=\"lazy\" data-original-width=\"246\" data-original-height=\"185\" itemprop=\"http:\/\/schema.org\/image\" title=\"st thomas banys 2\" alt=\"st thomas banys 2\" style=\"width: 246px; height: 185px;\" \/> <\/a> <\/div> <\/div> <!-- close group --> <div class=\"gallery-group images-1\" style=\"width: 250px; height: 189px;\" data-original-width=\"250\" data-original-height=\"189\" > <div class=\"tiled-gallery-item tiled-gallery-item-small\" itemprop=\"associatedMedia\" itemscope itemtype=\"http:\/\/schema.org\/ImageObject\"> <a href=\"https:\/\/locaacademiafamiliar.com\/ca\/2019\/que-fer-a-la-cerdanya-francesa-capcir-amb-nens-pirineus-francesos\/st-thomas-banys-1\/\" border=\"0\" itemprop=\"url\"> <meta itemprop=\"width\" content=\"246\"> <meta itemprop=\"height\" content=\"185\"> <img decoding=\"async\" class=\"\" data-attachment-id=\"7150\" data-orig-file=\"https:\/\/locaacademiafamiliar.com\/wp-content\/uploads\/2019\/04\/st-thomas-banys-1.jpg\" data-orig-size=\"1333,1000\" data-comments-opened=\"1\" data-image-meta=\"{&quot;aperture&quot;:&quot;0&quot;,&quot;credit&quot;:&quot;&quot;,&quot;camera&quot;:&quot;&quot;,&quot;caption&quot;:&quot;&quot;,&quot;created_timestamp&quot;:&quot;0&quot;,&quot;copyright&quot;:&quot;&quot;,&quot;focal_length&quot;:&quot;0&quot;,&quot;iso&quot;:&quot;0&quot;,&quot;shutter_speed&quot;:&quot;0&quot;,&quot;title&quot;:&quot;&quot;,&quot;orientation&quot;:&quot;1&quot;}\" data-image-title=\"st thomas banys 1\" data-image-description=\"\" data-medium-file=\"https:\/\/i0.wp.com\/locaacademiafamiliar.com\/wp-content\/uploads\/2019\/04\/st-thomas-banys-1.jpg?fit=300%2C225&#038;ssl=1\" data-large-file=\"https:\/\/i0.wp.com\/locaacademiafamiliar.com\/wp-content\/uploads\/2019\/04\/st-thomas-banys-1.jpg?fit=1024%2C768&#038;ssl=1\" src=\"https:\/\/i0.wp.com\/locaacademiafamiliar.com\/wp-content\/uploads\/2019\/04\/st-thomas-banys-1.jpg?w=246&#038;h=185&#038;ssl=1\" srcset=\"https:\/\/i0.wp.com\/locaacademiafamiliar.com\/wp-content\/uploads\/2019\/04\/st-thomas-banys-1.jpg?w=1333&amp;ssl=1 1333w, https:\/\/i0.wp.com\/locaacademiafamiliar.com\/wp-content\/uploads\/2019\/04\/st-thomas-banys-1.jpg?resize=300%2C225&amp;ssl=1 300w, https:\/\/i0.wp.com\/locaacademiafamiliar.com\/wp-content\/uploads\/2019\/04\/st-thomas-banys-1.jpg?resize=768%2C576&amp;ssl=1 768w, https:\/\/i0.wp.com\/locaacademiafamiliar.com\/wp-content\/uploads\/2019\/04\/st-thomas-banys-1.jpg?resize=1024%2C768&amp;ssl=1 1024w, https:\/\/i0.wp.com\/locaacademiafamiliar.com\/wp-content\/uploads\/2019\/04\/st-thomas-banys-1.jpg?resize=678%2C509&amp;ssl=1 678w, https:\/\/i0.wp.com\/locaacademiafamiliar.com\/wp-content\/uploads\/2019\/04\/st-thomas-banys-1.jpg?resize=326%2C245&amp;ssl=1 326w, https:\/\/i0.wp.com\/locaacademiafamiliar.com\/wp-content\/uploads\/2019\/04\/st-thomas-banys-1.jpg?resize=80%2C60&amp;ssl=1 80w\" width=\"246\" height=\"185\" loading=\"lazy\" data-original-width=\"246\" data-original-height=\"185\" itemprop=\"http:\/\/schema.org\/image\" title=\"st thomas banys 1\" alt=\"st thomas banys 1\" style=\"width: 246px; height: 185px;\" \/> <\/a> <\/div> <\/div> <!-- close group --> <\/div> <!-- close row --> <\/div>\n<p>Com a Angl\u00e9o, a St Thomas \u00e9s necessari el banyador tipus slip per als homes. A l&#8217;entrada dels banys hi ha <strong>una petita cafeteria<\/strong> on fan forces cosetes de menjar. Tingueu en compte que no hi ha gaires m\u00e9s opcions. Al poble de Fontp\u00e9drouse no hi havia cap altre restaurant obert el dissabte que hi vam ser (al juny 2019 hauria d&#8217;obrir una \u00e9picerie &#8211; cafeteria).<\/p>\n<p>A banda de l&#8217;entrada general, tamb\u00e9 hi ha l&#8217;entrada completa (15,5\u20ac) que d\u00f3na acc\u00e9s al hammam, sauna, spa, zona de relax&#8230; Els nens menors de 12 no hi poden accedir per\u00f2 els adults que hi entreu quedareu com nous!<\/p>\n<div class=\"tiled-gallery type-rectangular tiled-gallery-unresized\" data-original-width=\"500\" data-carousel-extra='{&quot;blog_id&quot;:1,&quot;permalink&quot;:&quot;https:\\\/\\\/locaacademiafamiliar.com\\\/ca\\\/2019\\\/que-fer-a-la-cerdanya-francesa-capcir-amb-nens-pirineus-francesos\\\/&quot;,&quot;likes_blog_id&quot;:119488531}' itemscope itemtype=\"http:\/\/schema.org\/ImageGallery\" > <div class=\"gallery-row\" style=\"width: 500px; height: 332px;\" data-original-width=\"500\" data-original-height=\"332\" > <div class=\"gallery-group images-1\" style=\"width: 250px; height: 332px;\" data-original-width=\"250\" data-original-height=\"332\" > <div class=\"tiled-gallery-item tiled-gallery-item-small\" itemprop=\"associatedMedia\" itemscope itemtype=\"http:\/\/schema.org\/ImageObject\"> <a href=\"https:\/\/locaacademiafamiliar.com\/ca\/2019\/que-fer-a-la-cerdanya-francesa-capcir-amb-nens-pirineus-francesos\/fontpdrouse\/\" border=\"0\" itemprop=\"url\"> <meta itemprop=\"width\" content=\"246\"> <meta itemprop=\"height\" content=\"328\"> <img decoding=\"async\" class=\"\" data-attachment-id=\"7146\" data-orig-file=\"https:\/\/locaacademiafamiliar.com\/wp-content\/uploads\/2019\/04\/fontpdrouse.jpg\" data-orig-size=\"750,1000\" data-comments-opened=\"1\" data-image-meta=\"{&quot;aperture&quot;:&quot;1.75&quot;,&quot;credit&quot;:&quot;&quot;,&quot;camera&quot;:&quot;moto g(7) plus&quot;,&quot;caption&quot;:&quot;&quot;,&quot;created_timestamp&quot;:&quot;1555761224&quot;,&quot;copyright&quot;:&quot;&quot;,&quot;focal_length&quot;:&quot;4.28&quot;,&quot;iso&quot;:&quot;100&quot;,&quot;shutter_speed&quot;:&quot;0.0012254901960784&quot;,&quot;title&quot;:&quot;&quot;,&quot;orientation&quot;:&quot;1&quot;}\" data-image-title=\"fontpdrouse\" data-image-description=\"\" data-medium-file=\"https:\/\/i0.wp.com\/locaacademiafamiliar.com\/wp-content\/uploads\/2019\/04\/fontpdrouse.jpg?fit=225%2C300&#038;ssl=1\" data-large-file=\"https:\/\/i0.wp.com\/locaacademiafamiliar.com\/wp-content\/uploads\/2019\/04\/fontpdrouse.jpg?fit=768%2C1024&#038;ssl=1\" src=\"https:\/\/i0.wp.com\/locaacademiafamiliar.com\/wp-content\/uploads\/2019\/04\/fontpdrouse.jpg?w=246&#038;h=328&#038;ssl=1\" srcset=\"https:\/\/i0.wp.com\/locaacademiafamiliar.com\/wp-content\/uploads\/2019\/04\/fontpdrouse.jpg?w=750&amp;ssl=1 750w, https:\/\/i0.wp.com\/locaacademiafamiliar.com\/wp-content\/uploads\/2019\/04\/fontpdrouse.jpg?resize=225%2C300&amp;ssl=1 225w, https:\/\/i0.wp.com\/locaacademiafamiliar.com\/wp-content\/uploads\/2019\/04\/fontpdrouse.jpg?resize=768%2C1024&amp;ssl=1 768w\" width=\"246\" height=\"328\" loading=\"lazy\" data-original-width=\"246\" data-original-height=\"328\" itemprop=\"http:\/\/schema.org\/image\" title=\"fontpdrouse\" alt=\"fontpdrouse\" style=\"width: 246px; height: 328px;\" \/> <\/a> <\/div> <\/div> <!-- close group --> <div class=\"gallery-group images-1\" style=\"width: 250px; height: 332px;\" data-original-width=\"250\" data-original-height=\"332\" > <div class=\"tiled-gallery-item tiled-gallery-item-small\" itemprop=\"associatedMedia\" itemscope itemtype=\"http:\/\/schema.org\/ImageObject\"> <a href=\"https:\/\/locaacademiafamiliar.com\/ca\/2019\/que-fer-a-la-cerdanya-francesa-capcir-amb-nens-pirineus-francesos\/tren-groc-train-jaune-fontperouse\/\" border=\"0\" itemprop=\"url\"> <meta itemprop=\"width\" content=\"246\"> <meta itemprop=\"height\" content=\"328\"> <img decoding=\"async\" class=\"\" data-attachment-id=\"7156\" data-orig-file=\"https:\/\/locaacademiafamiliar.com\/wp-content\/uploads\/2019\/04\/tren-groc-train-jaune-fontperouse.jpg\" data-orig-size=\"750,1000\" data-comments-opened=\"1\" data-image-meta=\"{&quot;aperture&quot;:&quot;1.75&quot;,&quot;credit&quot;:&quot;&quot;,&quot;camera&quot;:&quot;moto g(7) plus&quot;,&quot;caption&quot;:&quot;&quot;,&quot;created_timestamp&quot;:&quot;1555771323&quot;,&quot;copyright&quot;:&quot;&quot;,&quot;focal_length&quot;:&quot;4.28&quot;,&quot;iso&quot;:&quot;100&quot;,&quot;shutter_speed&quot;:&quot;0.00087796312554873&quot;,&quot;title&quot;:&quot;&quot;,&quot;orientation&quot;:&quot;1&quot;}\" data-image-title=\"tren groc train jaune fontperouse\" data-image-description=\"\" data-medium-file=\"https:\/\/i0.wp.com\/locaacademiafamiliar.com\/wp-content\/uploads\/2019\/04\/tren-groc-train-jaune-fontperouse.jpg?fit=225%2C300&#038;ssl=1\" data-large-file=\"https:\/\/i0.wp.com\/locaacademiafamiliar.com\/wp-content\/uploads\/2019\/04\/tren-groc-train-jaune-fontperouse.jpg?fit=768%2C1024&#038;ssl=1\" src=\"https:\/\/i0.wp.com\/locaacademiafamiliar.com\/wp-content\/uploads\/2019\/04\/tren-groc-train-jaune-fontperouse.jpg?w=246&#038;h=328&#038;ssl=1\" srcset=\"https:\/\/i0.wp.com\/locaacademiafamiliar.com\/wp-content\/uploads\/2019\/04\/tren-groc-train-jaune-fontperouse.jpg?w=750&amp;ssl=1 750w, https:\/\/i0.wp.com\/locaacademiafamiliar.com\/wp-content\/uploads\/2019\/04\/tren-groc-train-jaune-fontperouse.jpg?resize=225%2C300&amp;ssl=1 225w, https:\/\/i0.wp.com\/locaacademiafamiliar.com\/wp-content\/uploads\/2019\/04\/tren-groc-train-jaune-fontperouse.jpg?resize=768%2C1024&amp;ssl=1 768w\" width=\"246\" height=\"328\" loading=\"lazy\" data-original-width=\"246\" data-original-height=\"328\" itemprop=\"http:\/\/schema.org\/image\" title=\"tren groc train jaune fontperouse\" alt=\"tren groc train jaune fontperouse\" style=\"width: 246px; height: 328px;\" \/> <\/a> <\/div> <\/div> <!-- close group --> <\/div> <!-- close row --> <\/div>\n<p><strong>S&#8217;hi pot anar en cotxe o en tren groc.<\/strong> <strong>Si hi aneu en tren groc, els dels banys de Saint Thomas us venen a recollir en cotxe a l&#8217;estaci\u00f3 (qualsevol dia que no sigui cap de setmana o festiu)<\/strong>, <strong>per\u00f2 els heu d&#8217;avisar abans (contacteu amb ells).<\/strong> Per als m\u00e9s valents, tamb\u00e9 <strong>hi podeu arribar a peu<\/strong>. De l&#8217;estaci\u00f3 del tren groc de Fontp\u00e9drouse als banys hi ha 3 km (15 min a peu fins al poblet i alehores 30 min a peu cap amunt de la muntanya per un caminet).<\/p>\n<h3>GRANJA DOURMIDOU, MATEMALE<\/h3>\n<p>Ens havien recomanat laaquesta <strong>granja, al costat del llac Matemale,<\/strong> per\u00f2 finalment no hi vam poder anar perqu\u00e8 era el nostre \u00faltim dia i feia mal temps, i vam decidir anar tirant cap a casa. Uns amics hi van ser i els hi va agradar molt. <strong>A la zona de la Cerdanya i el Capcir trobareu v\u00e0ries granges obertes a visites, amb animals i productes casolans. I la <a href=\"http:\/\/www.ferme-dourmidou.fr\">granja Fromagerie Dourmidou<\/a> \u00e9s una d&#8217;elles.<\/strong><\/p>\n<p>En aquesta granja hi ha tot tipus d&#8217;animals per\u00f2, sobretot, cabres; e<strong>s dediquen a la llet de cabra i a partir de les 5 de la tarda, mostren com treuen la llet de les cabres<\/strong>. La granja es pot visitar cada dia de 10 a 12h i de 17 a 19h. Entrada lliure i tenen una botiga on podreu comprar productes propis.<\/p>\n<h3>PARC D&#8217;AVENTURES, MATEMALE<\/h3>\n<p>Ten\u00edem pensat complementar la visita a la granja amb<strong> les tirolines i circuits d&#8217;aquest <a href=\"http:\/\/www.angles-aventures.fr\/\">parc d&#8217;aventures<\/a> situat tamb\u00e9 al poble de Matemale.<\/strong> El que ens agradava d&#8217;aquest parc \u00e9s que t\u00e9 diversos <strong>circuits a partir de 2 anys i que est\u00e0 en plena natura.<\/strong> Els preus depenen de l&#8217;edat i nombre de circuits i comencen als 13\u20ac.<\/p>\n<p>&nbsp;<\/p>\n<h2>ON DORMIR A LA CERDANYA FRANCESA<\/h2>\n<p><img data-recalc-dims=\"1\" decoding=\"async\" data-attachment-id=\"7118\" data-permalink=\"https:\/\/locaacademiafamiliar.com\/ca\/2019\/que-fer-a-la-cerdanya-francesa-capcir-amb-nens-pirineus-francesos\/bolquere-sncf-3\/\" data-orig-file=\"https:\/\/i0.wp.com\/locaacademiafamiliar.com\/wp-content\/uploads\/2019\/04\/bolquere-sncf-3.jpg?fit=644%2C968&amp;ssl=1\" data-orig-size=\"644,968\" data-comments-opened=\"1\" data-image-meta=\"{&quot;aperture&quot;:&quot;16&quot;,&quot;credit&quot;:&quot;&quot;,&quot;camera&quot;:&quot;Canon EOS 1000D&quot;,&quot;caption&quot;:&quot;&quot;,&quot;created_timestamp&quot;:&quot;1555666814&quot;,&quot;copyright&quot;:&quot;&quot;,&quot;focal_length&quot;:&quot;50&quot;,&quot;iso&quot;:&quot;800&quot;,&quot;shutter_speed&quot;:&quot;0.00625&quot;,&quot;title&quot;:&quot;&quot;,&quot;orientation&quot;:&quot;1&quot;}\" data-image-title=\"bolquere sncf 3\" data-image-description=\"\" data-image-caption=\"\" data-medium-file=\"https:\/\/i0.wp.com\/locaacademiafamiliar.com\/wp-content\/uploads\/2019\/04\/bolquere-sncf-3.jpg?fit=200%2C300&amp;ssl=1\" data-large-file=\"https:\/\/i0.wp.com\/locaacademiafamiliar.com\/wp-content\/uploads\/2019\/04\/bolquere-sncf-3.jpg?fit=644%2C968&amp;ssl=1\" class=\" wp-image-7118 alignleft\" src=\"https:\/\/i0.wp.com\/locaacademiafamiliar.com\/wp-content\/uploads\/2019\/04\/bolquere-sncf-3.jpg?resize=343%2C515&#038;ssl=1\" alt=\"\" width=\"343\" height=\"515\" srcset=\"https:\/\/i0.wp.com\/locaacademiafamiliar.com\/wp-content\/uploads\/2019\/04\/bolquere-sncf-3.jpg?w=644&amp;ssl=1 644w, https:\/\/i0.wp.com\/locaacademiafamiliar.com\/wp-content\/uploads\/2019\/04\/bolquere-sncf-3.jpg?resize=200%2C300&amp;ssl=1 200w\" sizes=\"(max-width: 343px) 100vw, 343px\" \/>Nosaltres vam fer un <strong><a href=\"https:\/\/locaacademiafamiliar.com\/ca\/2018\/25-preguntes-i-respostes-habituals-els-intercanvis-casa\/\">intercanvi de casa<\/a> amb una parella de Bolqu\u00e8re que ens van deixar el seu apartament d&#8217;esqu\u00ed estupendo<\/strong> \ud83d\ude42 Ten\u00edem joguines, trona, llitet i tot tipus de comoditats per sentir-nos com a casa i poder seguir les rutines. <strong>Bolqu\u00e8re ens va semblar una bona &#8220;base d&#8217;operacions&#8221; per explorar la Cerdanya i el Capcir.<\/strong> Est\u00e0 al costat de Mont-Louis i Font-Romeu, i a 20 min dels Angles-Matemale.<\/p>\n<p><strong>Bolqu\u00e8re \u00e9s un poblet amb molt d&#8217;encant. T\u00e9 parada de tren groc<\/strong> a les afores del poble (2 min en cotxe), un parc infantil estupendo i un mirador preci\u00f3s on veure passar el tren groc.Un poble molt aut\u00e8ntic i recomanable. Hi ha un super amb totes les coses necess\u00e0ries per anar passant i vam veure 2 o 3 hotels i g\u00eetes, com per exemple aquest de\u00a0<a href=\"https:\/\/www.booking.com\/hotel\/fr\/la-pradella.en.html?aid=1203726&amp;no_rooms=1&amp;group_adults=1\"><strong>La pradella<\/strong><\/a> <strong>que t\u00e9 molt bones reviews<\/strong> (piscina climatitzada, parking gratu\u00eft, animals admesos&#8230;).<\/p>\n<p><strong>Podeu dormir tamb\u00e9 a Mont-Louis,<\/strong> al costat de Bolqu\u00e8re. Un poble emmurallat on tamb\u00e9 fa parada el tren groc (una de les parades principals). Amb els meus pares hav\u00edem anat sovint un cop l&#8217;any a fer una escapada d&#8217;esqu\u00ed a Les Angles i <strong>dorm\u00edem a l&#8217;<a href=\"https:\/\/www.booking.com\/hotel\/fr\/clos-cerdan.en.html?aid=1203726&amp;no_rooms=1&amp;group_adults=1\">hotel Le Clos Cerdan<\/a> que est\u00e0 a Mont-Louis.<\/strong> En tinc bon record tot i que ara fa m\u00e9s de 15 anys que no hi vaig.<\/p>\n<p><strong>Una altra bona base d&#8217;operacions pot ser els voltants de Les Angles i Matemale<\/strong> on, com heu vist, es concentren bona part de les activitats familiars. All\u00e0 hi ha molts <strong>apartaments, g\u00eetes, hotelets i campings<\/strong>. <a href=\"https:\/\/www.booking.com\/searchresults.en.html?region=3256&amp;aid=1203726&amp;no_rooms=1&amp;group_adults=1\"><strong>Feu click per veure un llistat<\/strong><\/a>\u00a0i comparar preus!<\/p>\n<hr \/>\n<p>Si us queden dubtes o voleu completar la vostra escapada, a continuaci\u00f3 us deixo l&#8217;enlla\u00e7 del <strong> web oficial de Turisme de Fran\u00e7a<\/strong> on trobareu\u00a0 <a href=\"https:\/\/es.france.fr\/es\/pirineos\" target=\"_blank\" rel=\"noopener\"><strong>m\u00e9s informaci\u00f3 sobre els Pirineus Francesos<\/strong><\/a>.\u00a0 I si voleu explorar m\u00e9s concretament la zona de la Cerdanya, feu un cop d&#8217;ull a <a href=\"https:\/\/www.pyrenees-cerdagne.com\/es\/\"><strong>Turisme Pyren\u00e9es Cerdagne<\/strong><\/a>. Bon viatge!<br \/>\n&nbsp;<\/p>\n","protected":false},"excerpt":{"rendered":"<div class=\"mh-excerpt\"><p>Per Setmana Santa hem descobert una zona preciosa, plena de paisatges de muntanya i activitats per a fam\u00edlies amb nens. A nom\u00e9s 3 hores de Barcelona (o a dues, d&#8217;Olot), hi trobareu\u00a0les regions de l&#8217;Alta Cerdanya i el Capcir, que s\u00f3n ideals per passar-hi uns dies en fam\u00edlia. <a class=\"mh-excerpt-more\" href=\"https:\/\/locaacademiafamiliar.com\/ca\/2019\/que-fer-a-la-cerdanya-francesa-capcir-amb-nens-pirineus-francesos\/\" title=\"Qu\u00e8 fer a la Cerdanya francesa amb nens (Pirineus francesos)\">[&#8230;]<\/a><\/p>\n<\/div>","protected":false},"author":1,"featured_media":7166,"comment_status":"open","ping_status":"open","sticky":false,"template":"","format":"standard","meta":{"_monsterinsights_skip_tracking":false,"_monsterinsights_sitenote_active":false,"_monsterinsights_sitenote_note":"","_monsterinsights_sitenote_category":0,"_jetpack_memberships_contains_paid_content":false,"footnotes":""},"categories":[37],"tags":[61],"class_list":{"0":"post-7079","1":"post","2":"type-post","3":"status-publish","4":"format-standard","5":"has-post-thumbnail","7":"category-geografia-ca","8":"tag-viatges"},"yoast_head":"<!-- This site is optimized with the Yoast SEO plugin v26.8 - https:\/\/yoast.com\/product\/yoast-seo-wordpress\/ -->\n<title>Qu\u00e8 fer a la Cerdanya francesa amb nens (Pirineus francesos)<\/title>\n<meta name=\"description\" content=\"Qu\u00e8 fer als Pirineus francesos amb nens, zones de la Cerdanya francesa i Capcir (Mont-Louis, Les Angles, Matemale, tren groc, banys termals...)\" \/>\n<meta name=\"robots\" content=\"index, follow, max-snippet:-1, max-image-preview:large, max-video-preview:-1\" \/>\n<link rel=\"canonical\" href=\"https:\/\/locaacademiafamiliar.com\/ca\/2019\/que-fer-a-la-cerdanya-francesa-capcir-amb-nens-pirineus-francesos\/\" \/>\n<meta property=\"og:locale\" content=\"ca_ES\" \/>\n<meta property=\"og:type\" content=\"article\" \/>\n<meta property=\"og:title\" content=\"Qu\u00e8 fer a la Cerdanya francesa amb nens (Pirineus francesos)\" \/>\n<meta property=\"og:description\" content=\"Qu\u00e8 fer als Pirineus francesos amb nens, zones de la Cerdanya francesa i Capcir (Mont-Louis, Les Angles, Matemale, tren groc, banys termals...)\" \/>\n<meta property=\"og:url\" content=\"https:\/\/locaacademiafamiliar.com\/ca\/2019\/que-fer-a-la-cerdanya-francesa-capcir-amb-nens-pirineus-francesos\/\" \/>\n<meta property=\"og:site_name\" content=\"Boja Acad\u00e8mia Familiar\" \/>\n<meta property=\"article:publisher\" content=\"https:\/\/www.facebook.com\/LocaAcademiaFamiliar\" \/>\n<meta property=\"article:author\" content=\"http:\/\/www.facebook.com\/locaacademiafamiliar\" \/>\n<meta property=\"article:published_time\" content=\"2019-04-29T07:48:54+00:00\" \/>\n<meta property=\"article:modified_time\" content=\"2019-05-17T09:04:48+00:00\" \/>\n<meta property=\"og:image\" content=\"https:\/\/locaacademiafamiliar.com\/wp-content\/uploads\/2019\/04\/bolquere-cerdagne.jpg\" \/>\n\t<meta property=\"og:image:width\" content=\"1300\" \/>\n\t<meta property=\"og:image:height\" content=\"975\" \/>\n\t<meta property=\"og:image:type\" content=\"image\/jpeg\" \/>\n<meta name=\"author\" content=\"Roser\" \/>\n<meta name=\"twitter:card\" content=\"summary_large_image\" \/>\n<meta name=\"twitter:label1\" content=\"Escrit per\" \/>\n\t<meta name=\"twitter:data1\" content=\"Roser\" \/>\n\t<meta name=\"twitter:label2\" content=\"Temps estimat de lectura\" \/>\n\t<meta name=\"twitter:data2\" content=\"9 minuts\" \/>\n<script type=\"application\/ld+json\" class=\"yoast-schema-graph\">{\"@context\":\"https:\/\/schema.org\",\"@graph\":[{\"@type\":\"Article\",\"@id\":\"https:\/\/locaacademiafamiliar.com\/ca\/2019\/que-fer-a-la-cerdanya-francesa-capcir-amb-nens-pirineus-francesos\/#article\",\"isPartOf\":{\"@id\":\"https:\/\/locaacademiafamiliar.com\/ca\/2019\/que-fer-a-la-cerdanya-francesa-capcir-amb-nens-pirineus-francesos\/\"},\"author\":{\"name\":\"Roser\",\"@id\":\"https:\/\/locaacademiafamiliar.com\/ca\/#\/schema\/person\/c38ddbb3d4c6f37be7c9c57b205fdd2d\"},\"headline\":\"Qu\u00e8 fer a la Cerdanya francesa amb nens (Pirineus francesos)\",\"datePublished\":\"2019-04-29T07:48:54+00:00\",\"dateModified\":\"2019-05-17T09:04:48+00:00\",\"mainEntityOfPage\":{\"@id\":\"https:\/\/locaacademiafamiliar.com\/ca\/2019\/que-fer-a-la-cerdanya-francesa-capcir-amb-nens-pirineus-francesos\/\"},\"wordCount\":1904,\"commentCount\":5,\"publisher\":{\"@id\":\"https:\/\/locaacademiafamiliar.com\/ca\/#organization\"},\"image\":{\"@id\":\"https:\/\/locaacademiafamiliar.com\/ca\/2019\/que-fer-a-la-cerdanya-francesa-capcir-amb-nens-pirineus-francesos\/#primaryimage\"},\"thumbnailUrl\":\"https:\/\/i0.wp.com\/locaacademiafamiliar.com\/wp-content\/uploads\/2019\/04\/bolquere-cerdagne.jpg?fit=1300%2C975&ssl=1\",\"keywords\":[\"Viatges\"],\"articleSection\":[\"Geografia\"],\"inLanguage\":\"ca\",\"potentialAction\":[{\"@type\":\"CommentAction\",\"name\":\"Comment\",\"target\":[\"https:\/\/locaacademiafamiliar.com\/ca\/2019\/que-fer-a-la-cerdanya-francesa-capcir-amb-nens-pirineus-francesos\/#respond\"]}]},{\"@type\":\"WebPage\",\"@id\":\"https:\/\/locaacademiafamiliar.com\/ca\/2019\/que-fer-a-la-cerdanya-francesa-capcir-amb-nens-pirineus-francesos\/\",\"url\":\"https:\/\/locaacademiafamiliar.com\/ca\/2019\/que-fer-a-la-cerdanya-francesa-capcir-amb-nens-pirineus-francesos\/\",\"name\":\"Qu\u00e8 fer a la Cerdanya francesa amb nens (Pirineus francesos)\",\"isPartOf\":{\"@id\":\"https:\/\/locaacademiafamiliar.com\/ca\/#website\"},\"primaryImageOfPage\":{\"@id\":\"https:\/\/locaacademiafamiliar.com\/ca\/2019\/que-fer-a-la-cerdanya-francesa-capcir-amb-nens-pirineus-francesos\/#primaryimage\"},\"image\":{\"@id\":\"https:\/\/locaacademiafamiliar.com\/ca\/2019\/que-fer-a-la-cerdanya-francesa-capcir-amb-nens-pirineus-francesos\/#primaryimage\"},\"thumbnailUrl\":\"https:\/\/i0.wp.com\/locaacademiafamiliar.com\/wp-content\/uploads\/2019\/04\/bolquere-cerdagne.jpg?fit=1300%2C975&ssl=1\",\"datePublished\":\"2019-04-29T07:48:54+00:00\",\"dateModified\":\"2019-05-17T09:04:48+00:00\",\"description\":\"Qu\u00e8 fer als Pirineus francesos amb nens, zones de la Cerdanya francesa i Capcir (Mont-Louis, Les Angles, Matemale, tren groc, banys termals...)\",\"breadcrumb\":{\"@id\":\"https:\/\/locaacademiafamiliar.com\/ca\/2019\/que-fer-a-la-cerdanya-francesa-capcir-amb-nens-pirineus-francesos\/#breadcrumb\"},\"inLanguage\":\"ca\",\"potentialAction\":[{\"@type\":\"ReadAction\",\"target\":[\"https:\/\/locaacademiafamiliar.com\/ca\/2019\/que-fer-a-la-cerdanya-francesa-capcir-amb-nens-pirineus-francesos\/\"]}]},{\"@type\":\"ImageObject\",\"inLanguage\":\"ca\",\"@id\":\"https:\/\/locaacademiafamiliar.com\/ca\/2019\/que-fer-a-la-cerdanya-francesa-capcir-amb-nens-pirineus-francesos\/#primaryimage\",\"url\":\"https:\/\/i0.wp.com\/locaacademiafamiliar.com\/wp-content\/uploads\/2019\/04\/bolquere-cerdagne.jpg?fit=1300%2C975&ssl=1\",\"contentUrl\":\"https:\/\/i0.wp.com\/locaacademiafamiliar.com\/wp-content\/uploads\/2019\/04\/bolquere-cerdagne.jpg?fit=1300%2C975&ssl=1\",\"width\":1300,\"height\":975},{\"@type\":\"BreadcrumbList\",\"@id\":\"https:\/\/locaacademiafamiliar.com\/ca\/2019\/que-fer-a-la-cerdanya-francesa-capcir-amb-nens-pirineus-francesos\/#breadcrumb\",\"itemListElement\":[{\"@type\":\"ListItem\",\"position\":1,\"name\":\"Portada\",\"item\":\"https:\/\/locaacademiafamiliar.com\/ca\/\"},{\"@type\":\"ListItem\",\"position\":2,\"name\":\"Qu\u00e8 fer a la Cerdanya francesa amb nens (Pirineus francesos)\"}]},{\"@type\":\"WebSite\",\"@id\":\"https:\/\/locaacademiafamiliar.com\/ca\/#website\",\"url\":\"https:\/\/locaacademiafamiliar.com\/ca\/\",\"name\":\"Boja Acad\u00e8mia Familiar\",\"description\":\"El blog de crianza con el que pap\u00e1s y mam\u00e1s salen mejor preparados para su rutina familiar diaria\",\"publisher\":{\"@id\":\"https:\/\/locaacademiafamiliar.com\/ca\/#organization\"},\"potentialAction\":[{\"@type\":\"SearchAction\",\"target\":{\"@type\":\"EntryPoint\",\"urlTemplate\":\"https:\/\/locaacademiafamiliar.com\/ca\/?s={search_term_string}\"},\"query-input\":{\"@type\":\"PropertyValueSpecification\",\"valueRequired\":true,\"valueName\":\"search_term_string\"}}],\"inLanguage\":\"ca\"},{\"@type\":\"Organization\",\"@id\":\"https:\/\/locaacademiafamiliar.com\/ca\/#organization\",\"name\":\"LocaAcademiaFamiliar.com\",\"url\":\"https:\/\/locaacademiafamiliar.com\/ca\/\",\"logo\":{\"@type\":\"ImageObject\",\"inLanguage\":\"ca\",\"@id\":\"https:\/\/locaacademiafamiliar.com\/ca\/#\/schema\/logo\/image\/\",\"url\":\"https:\/\/locaacademiafamiliar.com\/wp-content\/uploads\/2020\/01\/logo-loca-academia-familiar.jpg\",\"contentUrl\":\"https:\/\/locaacademiafamiliar.com\/wp-content\/uploads\/2020\/01\/logo-loca-academia-familiar.jpg\",\"width\":960,\"height\":960,\"caption\":\"LocaAcademiaFamiliar.com\"},\"image\":{\"@id\":\"https:\/\/locaacademiafamiliar.com\/ca\/#\/schema\/logo\/image\/\"},\"sameAs\":[\"https:\/\/www.facebook.com\/LocaAcademiaFamiliar\"]},{\"@type\":\"Person\",\"@id\":\"https:\/\/locaacademiafamiliar.com\/ca\/#\/schema\/person\/c38ddbb3d4c6f37be7c9c57b205fdd2d\",\"name\":\"Roser\",\"image\":{\"@type\":\"ImageObject\",\"inLanguage\":\"ca\",\"@id\":\"https:\/\/locaacademiafamiliar.com\/ca\/#\/schema\/person\/image\/\",\"url\":\"https:\/\/secure.gravatar.com\/avatar\/505f69c7969f855daaa0f97fb5b0b6b2?s=96&d=mm&r=g\",\"contentUrl\":\"https:\/\/secure.gravatar.com\/avatar\/505f69c7969f855daaa0f97fb5b0b6b2?s=96&d=mm&r=g\",\"caption\":\"Roser\"},\"description\":\"\u00a1Hola soy Roser! Mam\u00e1 de una ni\u00f1a preciosa y muy movida, nacida en agosto 2015; y de un ni\u00f1o guap\u00edsimo y valiente nacido en octubre 2017. Antes estaba \\\"sempre viaggiando\\\" y ahora estoy siempre jugando, cantando y saltando. Llevo 10 a\u00f1os como blogger de viajes y vivo en Olot, Girona. Si quieres estar informado de los eventos y actividades para familias con ni\u00f1os en Catalunya, haz click aqu\u00ed para apuntarte a nuestra newsletter.\",\"sameAs\":[\"http:\/\/www.locaacademiafamiliar.com\",\"http:\/\/www.facebook.com\/locaacademiafamiliar\"],\"url\":\"https:\/\/locaacademiafamiliar.com\/ca\/author\/roser\/\"}]}<\/script>\n<!-- \/ Yoast SEO plugin. -->","yoast_head_json":{"title":"Qu\u00e8 fer a la Cerdanya francesa amb nens (Pirineus francesos)","description":"Qu\u00e8 fer als Pirineus francesos amb nens, zones de la Cerdanya francesa i Capcir (Mont-Louis, Les Angles, Matemale, tren groc, banys termals...)","robots":{"index":"index","follow":"follow","max-snippet":"max-snippet:-1","max-image-preview":"max-image-preview:large","max-video-preview":"max-video-preview:-1"},"canonical":"https:\/\/locaacademiafamiliar.com\/ca\/2019\/que-fer-a-la-cerdanya-francesa-capcir-amb-nens-pirineus-francesos\/","og_locale":"ca_ES","og_type":"article","og_title":"Qu\u00e8 fer a la Cerdanya francesa amb nens (Pirineus francesos)","og_description":"Qu\u00e8 fer als Pirineus francesos amb nens, zones de la Cerdanya francesa i Capcir (Mont-Louis, Les Angles, Matemale, tren groc, banys termals...)","og_url":"https:\/\/locaacademiafamiliar.com\/ca\/2019\/que-fer-a-la-cerdanya-francesa-capcir-amb-nens-pirineus-francesos\/","og_site_name":"Boja Acad\u00e8mia Familiar","article_publisher":"https:\/\/www.facebook.com\/LocaAcademiaFamiliar","article_author":"http:\/\/www.facebook.com\/locaacademiafamiliar","article_published_time":"2019-04-29T07:48:54+00:00","article_modified_time":"2019-05-17T09:04:48+00:00","og_image":[{"width":1300,"height":975,"url":"https:\/\/locaacademiafamiliar.com\/wp-content\/uploads\/2019\/04\/bolquere-cerdagne.jpg","type":"image\/jpeg"}],"author":"Roser","twitter_card":"summary_large_image","twitter_misc":{"Escrit per":"Roser","Temps estimat de lectura":"9 minuts"},"schema":{"@context":"https:\/\/schema.org","@graph":[{"@type":"Article","@id":"https:\/\/locaacademiafamiliar.com\/ca\/2019\/que-fer-a-la-cerdanya-francesa-capcir-amb-nens-pirineus-francesos\/#article","isPartOf":{"@id":"https:\/\/locaacademiafamiliar.com\/ca\/2019\/que-fer-a-la-cerdanya-francesa-capcir-amb-nens-pirineus-francesos\/"},"author":{"name":"Roser","@id":"https:\/\/locaacademiafamiliar.com\/ca\/#\/schema\/person\/c38ddbb3d4c6f37be7c9c57b205fdd2d"},"headline":"Qu\u00e8 fer a la Cerdanya francesa amb nens (Pirineus francesos)","datePublished":"2019-04-29T07:48:54+00:00","dateModified":"2019-05-17T09:04:48+00:00","mainEntityOfPage":{"@id":"https:\/\/locaacademiafamiliar.com\/ca\/2019\/que-fer-a-la-cerdanya-francesa-capcir-amb-nens-pirineus-francesos\/"},"wordCount":1904,"commentCount":5,"publisher":{"@id":"https:\/\/locaacademiafamiliar.com\/ca\/#organization"},"image":{"@id":"https:\/\/locaacademiafamiliar.com\/ca\/2019\/que-fer-a-la-cerdanya-francesa-capcir-amb-nens-pirineus-francesos\/#primaryimage"},"thumbnailUrl":"https:\/\/i0.wp.com\/locaacademiafamiliar.com\/wp-content\/uploads\/2019\/04\/bolquere-cerdagne.jpg?fit=1300%2C975&ssl=1","keywords":["Viatges"],"articleSection":["Geografia"],"inLanguage":"ca","potentialAction":[{"@type":"CommentAction","name":"Comment","target":["https:\/\/locaacademiafamiliar.com\/ca\/2019\/que-fer-a-la-cerdanya-francesa-capcir-amb-nens-pirineus-francesos\/#respond"]}]},{"@type":"WebPage","@id":"https:\/\/locaacademiafamiliar.com\/ca\/2019\/que-fer-a-la-cerdanya-francesa-capcir-amb-nens-pirineus-francesos\/","url":"https:\/\/locaacademiafamiliar.com\/ca\/2019\/que-fer-a-la-cerdanya-francesa-capcir-amb-nens-pirineus-francesos\/","name":"Qu\u00e8 fer a la Cerdanya francesa amb nens (Pirineus francesos)","isPartOf":{"@id":"https:\/\/locaacademiafamiliar.com\/ca\/#website"},"primaryImageOfPage":{"@id":"https:\/\/locaacademiafamiliar.com\/ca\/2019\/que-fer-a-la-cerdanya-francesa-capcir-amb-nens-pirineus-francesos\/#primaryimage"},"image":{"@id":"https:\/\/locaacademiafamiliar.com\/ca\/2019\/que-fer-a-la-cerdanya-francesa-capcir-amb-nens-pirineus-francesos\/#primaryimage"},"thumbnailUrl":"https:\/\/i0.wp.com\/locaacademiafamiliar.com\/wp-content\/uploads\/2019\/04\/bolquere-cerdagne.jpg?fit=1300%2C975&ssl=1","datePublished":"2019-04-29T07:48:54+00:00","dateModified":"2019-05-17T09:04:48+00:00","description":"Qu\u00e8 fer als Pirineus francesos amb nens, zones de la Cerdanya francesa i Capcir (Mont-Louis, Les Angles, Matemale, tren groc, banys termals...)","breadcrumb":{"@id":"https:\/\/locaacademiafamiliar.com\/ca\/2019\/que-fer-a-la-cerdanya-francesa-capcir-amb-nens-pirineus-francesos\/#breadcrumb"},"inLanguage":"ca","potentialAction":[{"@type":"ReadAction","target":["https:\/\/locaacademiafamiliar.com\/ca\/2019\/que-fer-a-la-cerdanya-francesa-capcir-amb-nens-pirineus-francesos\/"]}]},{"@type":"ImageObject","inLanguage":"ca","@id":"https:\/\/locaacademiafamiliar.com\/ca\/2019\/que-fer-a-la-cerdanya-francesa-capcir-amb-nens-pirineus-francesos\/#primaryimage","url":"https:\/\/i0.wp.com\/locaacademiafamiliar.com\/wp-content\/uploads\/2019\/04\/bolquere-cerdagne.jpg?fit=1300%2C975&ssl=1","contentUrl":"https:\/\/i0.wp.com\/locaacademiafamiliar.com\/wp-content\/uploads\/2019\/04\/bolquere-cerdagne.jpg?fit=1300%2C975&ssl=1","width":1300,"height":975},{"@type":"BreadcrumbList","@id":"https:\/\/locaacademiafamiliar.com\/ca\/2019\/que-fer-a-la-cerdanya-francesa-capcir-amb-nens-pirineus-francesos\/#breadcrumb","itemListElement":[{"@type":"ListItem","position":1,"name":"Portada","item":"https:\/\/locaacademiafamiliar.com\/ca\/"},{"@type":"ListItem","position":2,"name":"Qu\u00e8 fer a la Cerdanya francesa amb nens (Pirineus francesos)"}]},{"@type":"WebSite","@id":"https:\/\/locaacademiafamiliar.com\/ca\/#website","url":"https:\/\/locaacademiafamiliar.com\/ca\/","name":"Boja Acad\u00e8mia Familiar","description":"El blog de crianza con el que pap\u00e1s y mam\u00e1s salen mejor preparados para su rutina familiar diaria","publisher":{"@id":"https:\/\/locaacademiafamiliar.com\/ca\/#organization"},"potentialAction":[{"@type":"SearchAction","target":{"@type":"EntryPoint","urlTemplate":"https:\/\/locaacademiafamiliar.com\/ca\/?s={search_term_string}"},"query-input":{"@type":"PropertyValueSpecification","valueRequired":true,"valueName":"search_term_string"}}],"inLanguage":"ca"},{"@type":"Organization","@id":"https:\/\/locaacademiafamiliar.com\/ca\/#organization","name":"LocaAcademiaFamiliar.com","url":"https:\/\/locaacademiafamiliar.com\/ca\/","logo":{"@type":"ImageObject","inLanguage":"ca","@id":"https:\/\/locaacademiafamiliar.com\/ca\/#\/schema\/logo\/image\/","url":"https:\/\/locaacademiafamiliar.com\/wp-content\/uploads\/2020\/01\/logo-loca-academia-familiar.jpg","contentUrl":"https:\/\/locaacademiafamiliar.com\/wp-content\/uploads\/2020\/01\/logo-loca-academia-familiar.jpg","width":960,"height":960,"caption":"LocaAcademiaFamiliar.com"},"image":{"@id":"https:\/\/locaacademiafamiliar.com\/ca\/#\/schema\/logo\/image\/"},"sameAs":["https:\/\/www.facebook.com\/LocaAcademiaFamiliar"]},{"@type":"Person","@id":"https:\/\/locaacademiafamiliar.com\/ca\/#\/schema\/person\/c38ddbb3d4c6f37be7c9c57b205fdd2d","name":"Roser","image":{"@type":"ImageObject","inLanguage":"ca","@id":"https:\/\/locaacademiafamiliar.com\/ca\/#\/schema\/person\/image\/","url":"https:\/\/secure.gravatar.com\/avatar\/505f69c7969f855daaa0f97fb5b0b6b2?s=96&d=mm&r=g","contentUrl":"https:\/\/secure.gravatar.com\/avatar\/505f69c7969f855daaa0f97fb5b0b6b2?s=96&d=mm&r=g","caption":"Roser"},"description":"\u00a1Hola soy Roser! Mam\u00e1 de una ni\u00f1a preciosa y muy movida, nacida en agosto 2015; y de un ni\u00f1o guap\u00edsimo y valiente nacido en octubre 2017. Antes estaba \"sempre viaggiando\" y ahora estoy siempre jugando, cantando y saltando. Llevo 10 a\u00f1os como blogger de viajes y vivo en Olot, Girona. Si quieres estar informado de los eventos y actividades para familias con ni\u00f1os en Catalunya, haz click aqu\u00ed para apuntarte a nuestra newsletter.","sameAs":["http:\/\/www.locaacademiafamiliar.com","http:\/\/www.facebook.com\/locaacademiafamiliar"],"url":"https:\/\/locaacademiafamiliar.com\/ca\/author\/roser\/"}]}},"jetpack_featured_media_url":"https:\/\/i0.wp.com\/locaacademiafamiliar.com\/wp-content\/uploads\/2019\/04\/bolquere-cerdagne.jpg?fit=1300%2C975&ssl=1","jetpack_sharing_enabled":true,"amp_enabled":true,"_links":{"self":[{"href":"https:\/\/locaacademiafamiliar.com\/ca\/wp-json\/wp\/v2\/posts\/7079","targetHints":{"allow":["GET"]}}],"collection":[{"href":"https:\/\/locaacademiafamiliar.com\/ca\/wp-json\/wp\/v2\/posts"}],"about":[{"href":"https:\/\/locaacademiafamiliar.com\/ca\/wp-json\/wp\/v2\/types\/post"}],"author":[{"embeddable":true,"href":"https:\/\/locaacademiafamiliar.com\/ca\/wp-json\/wp\/v2\/users\/1"}],"replies":[{"embeddable":true,"href":"https:\/\/locaacademiafamiliar.com\/ca\/wp-json\/wp\/v2\/comments?post=7079"}],"version-history":[{"count":0,"href":"https:\/\/locaacademiafamiliar.com\/ca\/wp-json\/wp\/v2\/posts\/7079\/revisions"}],"wp:featuredmedia":[{"embeddable":true,"href":"https:\/\/locaacademiafamiliar.com\/ca\/wp-json\/wp\/v2\/media\/7166"}],"wp:attachment":[{"href":"https:\/\/locaacademiafamiliar.com\/ca\/wp-json\/wp\/v2\/media?parent=7079"}],"wp:term":[{"taxonomy":"category","embeddable":true,"href":"https:\/\/locaacademiafamiliar.com\/ca\/wp-json\/wp\/v2\/categories?post=7079"},{"taxonomy":"post_tag","embeddable":true,"href":"https:\/\/locaacademiafamiliar.com\/ca\/wp-json\/wp\/v2\/tags?post=7079"}],"curies":[{"name":"wp","href":"https:\/\/api.w.org\/{rel}","templated":true}]}}