{"id":7599,"date":"2019-06-14T13:58:37","date_gmt":"2019-06-14T13:58:37","guid":{"rendered":"https:\/\/locaacademiafamiliar.com\/?p=7599"},"modified":"2019-06-14T14:10:24","modified_gmt":"2019-06-14T14:10:24","slug":"que-fer-a-les-valls-del-pedraforca-amb-nens-bergueda","status":"publish","type":"post","link":"https:\/\/locaacademiafamiliar.com\/ca\/2019\/que-fer-a-les-valls-del-pedraforca-amb-nens-bergueda\/","title":{"rendered":"Qu\u00e8 fer a les Valls del Pedraforca amb nens (Bergued\u00e0)"},"content":{"rendered":"<p>A mitja hora de <strong>Berga, muntanya amunt<\/strong>, hi ha un lloc espectacular per a una <strong>escapada de relax, d&#8217;excursions i de natura. S\u00f3n les <a href=\"https:\/\/www.visitpedraforca.com\/\" target=\"_blank\" rel=\"noopener\">Valls del Pedraforca<\/a><\/strong>, un lloc brutal per als amants del senderisme i de la desconnexi\u00f3 en verd.<\/p>\n<p>Fins avui coneix\u00edem ben poc aquest indret, tot i haver passat per Berga en tant\u00edssimes ocasions (de cam\u00ed a la <a href=\"https:\/\/locaacademiafamiliar.com\/ca\/2019\/que-fer-a-la-cerdanya-francesa-capcir-amb-nens-pirineus-francesos\/\" target=\"_blank\" rel=\"noopener\"><strong>Cerdanya<\/strong><\/a>). I \u00e9s que, no us enganyar\u00e9, hi ha <strong>v\u00e0ries corbes per arribar fins a dalt de tot i per descobrir la zona&#8230; Per\u00f2 la recompensa \u00e9s TAN GRAN a nivell de paisatge, vistes i tranquil\u00b7litat!!<\/strong> (A m\u00e9s corbes, menys gent \ud83d\ude09 )<\/p>\n<p>Les dues fam\u00edlies d&#8217;aquesta <a href=\"http:\/\/www.locaacademiafamiliar.com\/\" target=\"_blank\" rel=\"noopener\">Boja Acad\u00e8mia Familiar<\/a> hem passat recentment un cap de setmana junts<strong> explorant aquesta zona del Bergued\u00e0<\/strong> i hem quedat totalment encantats. Si busqueu un <strong>lloc tranquil, natural i amb excursions espectaculars per fer amb nens,<\/strong> seguiu llegint! \ud83d\ude09<\/p>\n<p>Us expliquem les <strong>activitats familiars que podeu fer amb nens a les Valls del Pedraforca, a prop de Berga, en ple Pirineu Catal\u00e0<\/strong>.<\/p>\n<h3>MIRADOR DE GRESOLET I EXCURSI\u00d3 FINS EL REFUGI DEL PEDRAFORCA<\/h3>\n<div class=\"tiled-gallery type-rectangular tiled-gallery-unresized\" data-original-width=\"500\" data-carousel-extra='{&quot;blog_id&quot;:1,&quot;permalink&quot;:&quot;https:\\\/\\\/locaacademiafamiliar.com\\\/ca\\\/2019\\\/que-fer-a-les-valls-del-pedraforca-amb-nens-bergueda\\\/&quot;,&quot;likes_blog_id&quot;:119488531}' itemscope itemtype=\"http:\/\/schema.org\/ImageGallery\" > <div class=\"gallery-row\" style=\"width: 500px; height: 240px;\" data-original-width=\"500\" data-original-height=\"240\" > <div class=\"gallery-group images-1\" style=\"width: 181px; height: 240px;\" data-original-width=\"181\" data-original-height=\"240\" > <div class=\"tiled-gallery-item tiled-gallery-item-small\" itemprop=\"associatedMedia\" itemscope itemtype=\"http:\/\/schema.org\/ImageObject\"> <a href=\"https:\/\/locaacademiafamiliar.com\/ca\/2019\/que-fer-a-les-valls-del-pedraforca-amb-nens-bergueda\/pedraforca-amb-nens-2\/\" border=\"0\" itemprop=\"url\"> <meta itemprop=\"width\" content=\"177\"> <meta itemprop=\"height\" content=\"236\"> <img decoding=\"async\" class=\"\" data-attachment-id=\"7569\" data-orig-file=\"https:\/\/locaacademiafamiliar.com\/wp-content\/uploads\/2019\/06\/pedraforca-amb-nens-.jpg\" data-orig-size=\"1300,1733\" data-comments-opened=\"1\" data-image-meta=\"{&quot;aperture&quot;:&quot;1.75&quot;,&quot;credit&quot;:&quot;&quot;,&quot;camera&quot;:&quot;moto g(7) plus&quot;,&quot;caption&quot;:&quot;&quot;,&quot;created_timestamp&quot;:&quot;1559384517&quot;,&quot;copyright&quot;:&quot;&quot;,&quot;focal_length&quot;:&quot;4.28&quot;,&quot;iso&quot;:&quot;100&quot;,&quot;shutter_speed&quot;:&quot;0.00090497737556561&quot;,&quot;title&quot;:&quot;&quot;,&quot;orientation&quot;:&quot;1&quot;}\" data-image-title=\"pedraforca amb nens\" data-image-description=\"\" data-medium-file=\"https:\/\/i0.wp.com\/locaacademiafamiliar.com\/wp-content\/uploads\/2019\/06\/pedraforca-amb-nens-.jpg?fit=225%2C300&#038;ssl=1\" data-large-file=\"https:\/\/i0.wp.com\/locaacademiafamiliar.com\/wp-content\/uploads\/2019\/06\/pedraforca-amb-nens-.jpg?fit=768%2C1024&#038;ssl=1\" src=\"https:\/\/i0.wp.com\/locaacademiafamiliar.com\/wp-content\/uploads\/2019\/06\/pedraforca-amb-nens-.jpg?w=177&#038;h=236&#038;ssl=1\" srcset=\"https:\/\/i0.wp.com\/locaacademiafamiliar.com\/wp-content\/uploads\/2019\/06\/pedraforca-amb-nens-.jpg?w=1300&amp;ssl=1 1300w, https:\/\/i0.wp.com\/locaacademiafamiliar.com\/wp-content\/uploads\/2019\/06\/pedraforca-amb-nens-.jpg?resize=225%2C300&amp;ssl=1 225w, https:\/\/i0.wp.com\/locaacademiafamiliar.com\/wp-content\/uploads\/2019\/06\/pedraforca-amb-nens-.jpg?resize=768%2C1024&amp;ssl=1 768w\" width=\"177\" height=\"236\" loading=\"lazy\" data-original-width=\"177\" data-original-height=\"236\" itemprop=\"http:\/\/schema.org\/image\" title=\"pedraforca amb nens\" alt=\"pedraforca amb nens\" style=\"width: 177px; height: 236px;\" \/> <\/a> <\/div> <\/div> <!-- close group --> <div class=\"gallery-group images-1\" style=\"width: 319px; height: 240px;\" data-original-width=\"319\" data-original-height=\"240\" > <div class=\"tiled-gallery-item tiled-gallery-item-large\" itemprop=\"associatedMedia\" itemscope itemtype=\"http:\/\/schema.org\/ImageObject\"> <a href=\"https:\/\/locaacademiafamiliar.com\/ca\/2019\/que-fer-a-les-valls-del-pedraforca-amb-nens-bergueda\/gresolet-mirador-pedraforca-amb-nens-2\/\" border=\"0\" itemprop=\"url\"> <meta itemprop=\"width\" content=\"315\"> <meta itemprop=\"height\" content=\"236\"> <img decoding=\"async\" class=\"\" data-attachment-id=\"7565\" data-orig-file=\"https:\/\/locaacademiafamiliar.com\/wp-content\/uploads\/2019\/06\/gresolet-mirador-pedraforca-amb-nens.jpg\" data-orig-size=\"1700,1275\" data-comments-opened=\"1\" data-image-meta=\"{&quot;aperture&quot;:&quot;1.75&quot;,&quot;credit&quot;:&quot;&quot;,&quot;camera&quot;:&quot;moto g(7) plus&quot;,&quot;caption&quot;:&quot;&quot;,&quot;created_timestamp&quot;:&quot;1559383611&quot;,&quot;copyright&quot;:&quot;&quot;,&quot;focal_length&quot;:&quot;4.28&quot;,&quot;iso&quot;:&quot;100&quot;,&quot;shutter_speed&quot;:&quot;0.0011890606420927&quot;,&quot;title&quot;:&quot;&quot;,&quot;orientation&quot;:&quot;1&quot;}\" data-image-title=\"gresolet mirador pedraforca amb nens\" data-image-description=\"\" data-medium-file=\"https:\/\/i0.wp.com\/locaacademiafamiliar.com\/wp-content\/uploads\/2019\/06\/gresolet-mirador-pedraforca-amb-nens.jpg?fit=300%2C225&#038;ssl=1\" data-large-file=\"https:\/\/i0.wp.com\/locaacademiafamiliar.com\/wp-content\/uploads\/2019\/06\/gresolet-mirador-pedraforca-amb-nens.jpg?fit=1024%2C768&#038;ssl=1\" src=\"https:\/\/i0.wp.com\/locaacademiafamiliar.com\/wp-content\/uploads\/2019\/06\/gresolet-mirador-pedraforca-amb-nens.jpg?w=315&#038;h=236&#038;ssl=1\" srcset=\"https:\/\/i0.wp.com\/locaacademiafamiliar.com\/wp-content\/uploads\/2019\/06\/gresolet-mirador-pedraforca-amb-nens.jpg?w=1700&amp;ssl=1 1700w, https:\/\/i0.wp.com\/locaacademiafamiliar.com\/wp-content\/uploads\/2019\/06\/gresolet-mirador-pedraforca-amb-nens.jpg?resize=300%2C225&amp;ssl=1 300w, https:\/\/i0.wp.com\/locaacademiafamiliar.com\/wp-content\/uploads\/2019\/06\/gresolet-mirador-pedraforca-amb-nens.jpg?resize=768%2C576&amp;ssl=1 768w, https:\/\/i0.wp.com\/locaacademiafamiliar.com\/wp-content\/uploads\/2019\/06\/gresolet-mirador-pedraforca-amb-nens.jpg?resize=1024%2C768&amp;ssl=1 1024w, https:\/\/i0.wp.com\/locaacademiafamiliar.com\/wp-content\/uploads\/2019\/06\/gresolet-mirador-pedraforca-amb-nens.jpg?resize=678%2C509&amp;ssl=1 678w, https:\/\/i0.wp.com\/locaacademiafamiliar.com\/wp-content\/uploads\/2019\/06\/gresolet-mirador-pedraforca-amb-nens.jpg?resize=326%2C245&amp;ssl=1 326w, https:\/\/i0.wp.com\/locaacademiafamiliar.com\/wp-content\/uploads\/2019\/06\/gresolet-mirador-pedraforca-amb-nens.jpg?resize=80%2C60&amp;ssl=1 80w\" width=\"315\" height=\"236\" loading=\"lazy\" data-original-width=\"315\" data-original-height=\"236\" itemprop=\"http:\/\/schema.org\/image\" title=\"gresolet mirador pedraforca amb nens\" alt=\"gresolet mirador pedraforca amb nens\" style=\"width: 315px; height: 236px;\" \/> <\/a> <\/div> <\/div> <!-- close group --> <\/div> <!-- close row --> <\/div>\n<p>Com deveu saber ja, <strong>el Pedraforca<\/strong> \u00e9s una de les muntanyes m\u00e9s altes i m\u00edtiques de <strong>Catalunya<\/strong>. Molta gent fa el cim, per\u00f2 a nosaltres ens semblava massa amb els petits. Per aix\u00f2, vam triar <strong>una excursi\u00f3 m\u00e9s f\u00e0cil que pogu\u00e9ssim fer tots junts en fam\u00edlia.<\/strong><\/p>\n<p><strong>Vam pujar al Refugi de Llu\u00eds Estasen i l&#8217;excursi\u00f3 va ser preciosa!<\/strong> Les vistes des del p\u00e0rquing ja s\u00f3n al\u00b7lucinants i, en arribar al refugi, al peu del Pedraforca, s\u00f3n encara millors. Dignes de <em>Sonrisas y L\u00e1grimas!<\/em><\/p>\n<div class=\"tiled-gallery type-rectangular tiled-gallery-unresized\" data-original-width=\"500\" data-carousel-extra='{&quot;blog_id&quot;:1,&quot;permalink&quot;:&quot;https:\\\/\\\/locaacademiafamiliar.com\\\/ca\\\/2019\\\/que-fer-a-les-valls-del-pedraforca-amb-nens-bergueda\\\/&quot;,&quot;likes_blog_id&quot;:119488531}' itemscope itemtype=\"http:\/\/schema.org\/ImageGallery\" > <div class=\"gallery-row\" style=\"width: 500px; height: 240px;\" data-original-width=\"500\" data-original-height=\"240\" > <div class=\"gallery-group images-1\" style=\"width: 181px; height: 240px;\" data-original-width=\"181\" data-original-height=\"240\" > <div class=\"tiled-gallery-item tiled-gallery-item-small\" itemprop=\"associatedMedia\" itemscope itemtype=\"http:\/\/schema.org\/ImageObject\"> <a href=\"https:\/\/locaacademiafamiliar.com\/ca\/2019\/que-fer-a-les-valls-del-pedraforca-amb-nens-bergueda\/pedraforca-amb-nens-4-2\/\" border=\"0\" itemprop=\"url\"> <meta itemprop=\"width\" content=\"177\"> <meta itemprop=\"height\" content=\"236\"> <img decoding=\"async\" class=\"\" data-attachment-id=\"7577\" data-orig-file=\"https:\/\/locaacademiafamiliar.com\/wp-content\/uploads\/2019\/06\/pedraforca-amb-nens-4.jpg\" data-orig-size=\"1275,1700\" data-comments-opened=\"1\" data-image-meta=\"{&quot;aperture&quot;:&quot;1.75&quot;,&quot;credit&quot;:&quot;&quot;,&quot;camera&quot;:&quot;moto g(7) plus&quot;,&quot;caption&quot;:&quot;&quot;,&quot;created_timestamp&quot;:&quot;1559388277&quot;,&quot;copyright&quot;:&quot;&quot;,&quot;focal_length&quot;:&quot;4.28&quot;,&quot;iso&quot;:&quot;100&quot;,&quot;shutter_speed&quot;:&quot;0.0014450867052023&quot;,&quot;title&quot;:&quot;&quot;,&quot;orientation&quot;:&quot;1&quot;}\" data-image-title=\"pedraforca amb nens 4\" data-image-description=\"\" data-medium-file=\"https:\/\/i0.wp.com\/locaacademiafamiliar.com\/wp-content\/uploads\/2019\/06\/pedraforca-amb-nens-4.jpg?fit=225%2C300&#038;ssl=1\" data-large-file=\"https:\/\/i0.wp.com\/locaacademiafamiliar.com\/wp-content\/uploads\/2019\/06\/pedraforca-amb-nens-4.jpg?fit=768%2C1024&#038;ssl=1\" src=\"https:\/\/i0.wp.com\/locaacademiafamiliar.com\/wp-content\/uploads\/2019\/06\/pedraforca-amb-nens-4.jpg?w=177&#038;h=236&#038;ssl=1\" srcset=\"https:\/\/i0.wp.com\/locaacademiafamiliar.com\/wp-content\/uploads\/2019\/06\/pedraforca-amb-nens-4.jpg?w=1275&amp;ssl=1 1275w, https:\/\/i0.wp.com\/locaacademiafamiliar.com\/wp-content\/uploads\/2019\/06\/pedraforca-amb-nens-4.jpg?resize=225%2C300&amp;ssl=1 225w, https:\/\/i0.wp.com\/locaacademiafamiliar.com\/wp-content\/uploads\/2019\/06\/pedraforca-amb-nens-4.jpg?resize=768%2C1024&amp;ssl=1 768w\" width=\"177\" height=\"236\" loading=\"lazy\" data-original-width=\"177\" data-original-height=\"236\" itemprop=\"http:\/\/schema.org\/image\" title=\"pedraforca amb nens 4\" alt=\"pedraforca amb nens 4\" style=\"width: 177px; height: 236px;\" \/> <\/a> <\/div> <\/div> <!-- close group --> <div class=\"gallery-group images-1\" style=\"width: 319px; height: 240px;\" data-original-width=\"319\" data-original-height=\"240\" > <div class=\"tiled-gallery-item tiled-gallery-item-large\" itemprop=\"associatedMedia\" itemscope itemtype=\"http:\/\/schema.org\/ImageObject\"> <a href=\"https:\/\/locaacademiafamiliar.com\/ca\/2019\/que-fer-a-les-valls-del-pedraforca-amb-nens-bergueda\/pedraforca-amb-nens-3-2\/\" border=\"0\" itemprop=\"url\"> <meta itemprop=\"width\" content=\"315\"> <meta itemprop=\"height\" content=\"236\"> <img decoding=\"async\" class=\"\" data-attachment-id=\"7575\" data-orig-file=\"https:\/\/locaacademiafamiliar.com\/wp-content\/uploads\/2019\/06\/pedraforca-amb-nens-3.jpg\" data-orig-size=\"1700,1275\" data-comments-opened=\"1\" data-image-meta=\"{&quot;aperture&quot;:&quot;1.75&quot;,&quot;credit&quot;:&quot;&quot;,&quot;camera&quot;:&quot;moto g(7) plus&quot;,&quot;caption&quot;:&quot;&quot;,&quot;created_timestamp&quot;:&quot;1559389133&quot;,&quot;copyright&quot;:&quot;&quot;,&quot;focal_length&quot;:&quot;4.28&quot;,&quot;iso&quot;:&quot;100&quot;,&quot;shutter_speed&quot;:&quot;0.00069492703266157&quot;,&quot;title&quot;:&quot;&quot;,&quot;orientation&quot;:&quot;1&quot;}\" data-image-title=\"pedraforca amb nens 3\" data-image-description=\"\" data-medium-file=\"https:\/\/i0.wp.com\/locaacademiafamiliar.com\/wp-content\/uploads\/2019\/06\/pedraforca-amb-nens-3.jpg?fit=300%2C225&#038;ssl=1\" data-large-file=\"https:\/\/i0.wp.com\/locaacademiafamiliar.com\/wp-content\/uploads\/2019\/06\/pedraforca-amb-nens-3.jpg?fit=1024%2C768&#038;ssl=1\" src=\"https:\/\/i0.wp.com\/locaacademiafamiliar.com\/wp-content\/uploads\/2019\/06\/pedraforca-amb-nens-3.jpg?w=315&#038;h=236&#038;ssl=1\" srcset=\"https:\/\/i0.wp.com\/locaacademiafamiliar.com\/wp-content\/uploads\/2019\/06\/pedraforca-amb-nens-3.jpg?w=1700&amp;ssl=1 1700w, https:\/\/i0.wp.com\/locaacademiafamiliar.com\/wp-content\/uploads\/2019\/06\/pedraforca-amb-nens-3.jpg?resize=300%2C225&amp;ssl=1 300w, https:\/\/i0.wp.com\/locaacademiafamiliar.com\/wp-content\/uploads\/2019\/06\/pedraforca-amb-nens-3.jpg?resize=768%2C576&amp;ssl=1 768w, https:\/\/i0.wp.com\/locaacademiafamiliar.com\/wp-content\/uploads\/2019\/06\/pedraforca-amb-nens-3.jpg?resize=1024%2C768&amp;ssl=1 1024w, https:\/\/i0.wp.com\/locaacademiafamiliar.com\/wp-content\/uploads\/2019\/06\/pedraforca-amb-nens-3.jpg?resize=678%2C509&amp;ssl=1 678w, https:\/\/i0.wp.com\/locaacademiafamiliar.com\/wp-content\/uploads\/2019\/06\/pedraforca-amb-nens-3.jpg?resize=326%2C245&amp;ssl=1 326w, https:\/\/i0.wp.com\/locaacademiafamiliar.com\/wp-content\/uploads\/2019\/06\/pedraforca-amb-nens-3.jpg?resize=80%2C60&amp;ssl=1 80w\" width=\"315\" height=\"236\" loading=\"lazy\" data-original-width=\"315\" data-original-height=\"236\" itemprop=\"http:\/\/schema.org\/image\" title=\"pedraforca amb nens 3\" alt=\"pedraforca amb nens 3\" style=\"width: 315px; height: 236px;\" \/> <\/a> <\/div> <\/div> <!-- close group --> <\/div> <!-- close row --> <\/div>\n<p><img data-recalc-dims=\"1\" decoding=\"async\" class=\"aligncenter size-large wp-image-7570\" src=\"https:\/\/i0.wp.com\/locaacademiafamiliar.com\/wp-content\/uploads\/2019\/06\/pedraforca-amb-nens-1-1024x768.jpg?resize=1024%2C768&#038;ssl=1\" alt=\"\" width=\"1024\" height=\"768\" srcset=\"https:\/\/i0.wp.com\/locaacademiafamiliar.com\/wp-content\/uploads\/2019\/06\/pedraforca-amb-nens-1.jpg?resize=1024%2C768&amp;ssl=1 1024w, https:\/\/i0.wp.com\/locaacademiafamiliar.com\/wp-content\/uploads\/2019\/06\/pedraforca-amb-nens-1.jpg?resize=300%2C225&amp;ssl=1 300w, https:\/\/i0.wp.com\/locaacademiafamiliar.com\/wp-content\/uploads\/2019\/06\/pedraforca-amb-nens-1.jpg?resize=768%2C576&amp;ssl=1 768w, https:\/\/i0.wp.com\/locaacademiafamiliar.com\/wp-content\/uploads\/2019\/06\/pedraforca-amb-nens-1.jpg?resize=678%2C509&amp;ssl=1 678w, https:\/\/i0.wp.com\/locaacademiafamiliar.com\/wp-content\/uploads\/2019\/06\/pedraforca-amb-nens-1.jpg?resize=326%2C245&amp;ssl=1 326w, https:\/\/i0.wp.com\/locaacademiafamiliar.com\/wp-content\/uploads\/2019\/06\/pedraforca-amb-nens-1.jpg?resize=80%2C60&amp;ssl=1 80w, https:\/\/i0.wp.com\/locaacademiafamiliar.com\/wp-content\/uploads\/2019\/06\/pedraforca-amb-nens-1.jpg?w=1333&amp;ssl=1 1333w\" sizes=\"(max-width: 1000px) 100vw, 1000px\" \/><\/p>\n<p><strong>\u00c9s una excursi\u00f3 f\u00e0cil per\u00f2 puja una mica.<\/strong> Les nostres nenes de 6 i 3 anys la van fer caminant sense problemes (caminen molt). Cantant i explicant hist\u00f2ries, vam arribar al refugi en 45 minuts (els adults solen trigar 15-20 min aprox). A dalt hi ha una font per refrescar-se.<\/p>\n<p>Des del p\u00e0rquing de cotxes hi ha al<strong> mirador fabul\u00f3s sobre la Vall del Gresolet<\/strong>. L&#8217;excursi\u00f3 comen\u00e7a per un primer tram d&#8217;escales. Est\u00e0 ben indicada.<\/p>\n<h3>PETJADES DE DINOSAURES A FUMANYA<\/h3>\n<p><img data-recalc-dims=\"1\" decoding=\"async\" class=\"aligncenter wp-image-7540 size-full\" src=\"https:\/\/i0.wp.com\/locaacademiafamiliar.com\/wp-content\/uploads\/2019\/06\/dinosaures-fumanya-2.jpg?resize=1700%2C1275&#038;ssl=1\" alt=\"\" width=\"1700\" height=\"1275\" srcset=\"https:\/\/i0.wp.com\/locaacademiafamiliar.com\/wp-content\/uploads\/2019\/06\/dinosaures-fumanya-2.jpg?w=1333&amp;ssl=1 1333w, https:\/\/i0.wp.com\/locaacademiafamiliar.com\/wp-content\/uploads\/2019\/06\/dinosaures-fumanya-2.jpg?resize=300%2C225&amp;ssl=1 300w, https:\/\/i0.wp.com\/locaacademiafamiliar.com\/wp-content\/uploads\/2019\/06\/dinosaures-fumanya-2.jpg?resize=768%2C576&amp;ssl=1 768w, https:\/\/i0.wp.com\/locaacademiafamiliar.com\/wp-content\/uploads\/2019\/06\/dinosaures-fumanya-2.jpg?resize=1024%2C768&amp;ssl=1 1024w, https:\/\/i0.wp.com\/locaacademiafamiliar.com\/wp-content\/uploads\/2019\/06\/dinosaures-fumanya-2.jpg?resize=678%2C509&amp;ssl=1 678w, https:\/\/i0.wp.com\/locaacademiafamiliar.com\/wp-content\/uploads\/2019\/06\/dinosaures-fumanya-2.jpg?resize=326%2C245&amp;ssl=1 326w, https:\/\/i0.wp.com\/locaacademiafamiliar.com\/wp-content\/uploads\/2019\/06\/dinosaures-fumanya-2.jpg?resize=80%2C60&amp;ssl=1 80w\" sizes=\"(max-width: 1000px) 100vw, 1000px\" \/><\/p>\n<p><strong>Sab\u00edeu que les Valls del Pedraforca als Pirineus van ser tamb\u00e9 un lloc triat pels dinosaures fa 66 milions d&#8217;anys?<\/strong> Gaireb\u00e9 per casualitat (despr\u00e9s d&#8217;acabar una explotaci\u00f3 minera) es van descobrir petjades de dinosaures en aquesta zona i avui s&#8217;ha habilitat un centre d&#8217;interpretaci\u00f3 per descobrir-les i aprendre una mica m\u00e9s sobre els dinosaures.<\/p>\n<p><strong>Al <a href=\"http:\/\/www.dinosauresfumanya.com\" target=\"_blank\" rel=\"noopener\">Centre d&#8217;interpretaci\u00f3 de Fumanya<\/a> trobareu un modern museu en el qual es poden veure (i tocar) f\u00f2ssils i ous de dinosaures,<\/strong> i en el qual grans i petits podreu aprendre com vivien, de qu\u00e8 s&#8217;alimentaven i com es movien els dinosaures, entre altres coses.<\/p>\n<p>La visita finalitza en <strong>un balc\u00f3 des del qual s&#8217;observen ls petjades de dinosaure<\/strong>. El jaciment de Fumanya \u00e9s el m\u00e9s gran d&#8217;Europa i un dels m\u00e9s importants del m\u00f3n perqu\u00e8 en ell s&#8217;han trobat empremtes, ossos i ous.<\/p>\n<div class=\"tiled-gallery type-rectangular tiled-gallery-unresized\" data-original-width=\"500\" data-carousel-extra='{&quot;blog_id&quot;:1,&quot;permalink&quot;:&quot;https:\\\/\\\/locaacademiafamiliar.com\\\/ca\\\/2019\\\/que-fer-a-les-valls-del-pedraforca-amb-nens-bergueda\\\/&quot;,&quot;likes_blog_id&quot;:119488531}' itemscope itemtype=\"http:\/\/schema.org\/ImageGallery\" > <div class=\"gallery-row\" style=\"width: 500px; height: 223px;\" data-original-width=\"500\" data-original-height=\"223\" > <div class=\"gallery-group images-1\" style=\"width: 332px; height: 223px;\" data-original-width=\"332\" data-original-height=\"223\" > <div class=\"tiled-gallery-item tiled-gallery-item-large\" itemprop=\"associatedMedia\" itemscope itemtype=\"http:\/\/schema.org\/ImageObject\"> <a href=\"https:\/\/locaacademiafamiliar.com\/ca\/2019\/que-fer-a-les-valls-del-pedraforca-amb-nens-bergueda\/dinosaures-fumanya-9-2\/\" border=\"0\" itemprop=\"url\"> <meta itemprop=\"width\" content=\"328\"> <meta itemprop=\"height\" content=\"219\"> <img decoding=\"async\" class=\"\" data-attachment-id=\"7549\" data-orig-file=\"https:\/\/locaacademiafamiliar.com\/wp-content\/uploads\/2019\/06\/dinosaures-fumanya-9.jpg\" data-orig-size=\"1600,1066\" data-comments-opened=\"1\" data-image-meta=\"{&quot;aperture&quot;:&quot;0&quot;,&quot;credit&quot;:&quot;&quot;,&quot;camera&quot;:&quot;&quot;,&quot;caption&quot;:&quot;&quot;,&quot;created_timestamp&quot;:&quot;0&quot;,&quot;copyright&quot;:&quot;&quot;,&quot;focal_length&quot;:&quot;0&quot;,&quot;iso&quot;:&quot;0&quot;,&quot;shutter_speed&quot;:&quot;0&quot;,&quot;title&quot;:&quot;&quot;,&quot;orientation&quot;:&quot;1&quot;}\" data-image-title=\"dinosaures fumanya 9\" data-image-description=\"\" data-medium-file=\"https:\/\/i0.wp.com\/locaacademiafamiliar.com\/wp-content\/uploads\/2019\/06\/dinosaures-fumanya-9.jpg?fit=300%2C200&#038;ssl=1\" data-large-file=\"https:\/\/i0.wp.com\/locaacademiafamiliar.com\/wp-content\/uploads\/2019\/06\/dinosaures-fumanya-9.jpg?fit=1024%2C682&#038;ssl=1\" src=\"https:\/\/i0.wp.com\/locaacademiafamiliar.com\/wp-content\/uploads\/2019\/06\/dinosaures-fumanya-9.jpg?w=328&#038;h=219&#038;ssl=1\" srcset=\"https:\/\/i0.wp.com\/locaacademiafamiliar.com\/wp-content\/uploads\/2019\/06\/dinosaures-fumanya-9.jpg?w=1600&amp;ssl=1 1600w, https:\/\/i0.wp.com\/locaacademiafamiliar.com\/wp-content\/uploads\/2019\/06\/dinosaures-fumanya-9.jpg?resize=300%2C200&amp;ssl=1 300w, https:\/\/i0.wp.com\/locaacademiafamiliar.com\/wp-content\/uploads\/2019\/06\/dinosaures-fumanya-9.jpg?resize=768%2C512&amp;ssl=1 768w, https:\/\/i0.wp.com\/locaacademiafamiliar.com\/wp-content\/uploads\/2019\/06\/dinosaures-fumanya-9.jpg?resize=1024%2C682&amp;ssl=1 1024w\" width=\"328\" height=\"219\" loading=\"lazy\" data-original-width=\"328\" data-original-height=\"219\" itemprop=\"http:\/\/schema.org\/image\" title=\"dinosaures fumanya 9\" alt=\"dinosaures fumanya 9\" style=\"width: 328px; height: 219px;\" \/> <\/a> <\/div> <\/div> <!-- close group --> <div class=\"gallery-group images-1\" style=\"width: 168px; height: 223px;\" data-original-width=\"168\" data-original-height=\"223\" > <div class=\"tiled-gallery-item tiled-gallery-item-small\" itemprop=\"associatedMedia\" itemscope itemtype=\"http:\/\/schema.org\/ImageObject\"> <a href=\"https:\/\/locaacademiafamiliar.com\/ca\/2019\/que-fer-a-les-valls-del-pedraforca-amb-nens-bergueda\/dinosaures-fumanya-4-2\/\" border=\"0\" itemprop=\"url\"> <meta itemprop=\"width\" content=\"164\"> <meta itemprop=\"height\" content=\"219\"> <img decoding=\"async\" class=\"\" data-attachment-id=\"7543\" data-orig-file=\"https:\/\/locaacademiafamiliar.com\/wp-content\/uploads\/2019\/06\/dinosaures-fumanya-4.jpg\" data-orig-size=\"1275,1700\" data-comments-opened=\"1\" data-image-meta=\"{&quot;aperture&quot;:&quot;1.75&quot;,&quot;credit&quot;:&quot;&quot;,&quot;camera&quot;:&quot;moto g(7) plus&quot;,&quot;caption&quot;:&quot;&quot;,&quot;created_timestamp&quot;:&quot;1559406366&quot;,&quot;copyright&quot;:&quot;&quot;,&quot;focal_length&quot;:&quot;4.28&quot;,&quot;iso&quot;:&quot;253&quot;,&quot;shutter_speed&quot;:&quot;0.03030303030303&quot;,&quot;title&quot;:&quot;&quot;,&quot;orientation&quot;:&quot;1&quot;}\" data-image-title=\"dinosaures fumanya 4\" data-image-description=\"\" data-medium-file=\"https:\/\/i0.wp.com\/locaacademiafamiliar.com\/wp-content\/uploads\/2019\/06\/dinosaures-fumanya-4.jpg?fit=225%2C300&#038;ssl=1\" data-large-file=\"https:\/\/i0.wp.com\/locaacademiafamiliar.com\/wp-content\/uploads\/2019\/06\/dinosaures-fumanya-4.jpg?fit=768%2C1024&#038;ssl=1\" src=\"https:\/\/i0.wp.com\/locaacademiafamiliar.com\/wp-content\/uploads\/2019\/06\/dinosaures-fumanya-4.jpg?w=164&#038;h=219&#038;ssl=1\" srcset=\"https:\/\/i0.wp.com\/locaacademiafamiliar.com\/wp-content\/uploads\/2019\/06\/dinosaures-fumanya-4.jpg?w=1275&amp;ssl=1 1275w, https:\/\/i0.wp.com\/locaacademiafamiliar.com\/wp-content\/uploads\/2019\/06\/dinosaures-fumanya-4.jpg?resize=225%2C300&amp;ssl=1 225w, https:\/\/i0.wp.com\/locaacademiafamiliar.com\/wp-content\/uploads\/2019\/06\/dinosaures-fumanya-4.jpg?resize=768%2C1024&amp;ssl=1 768w\" width=\"164\" height=\"219\" loading=\"lazy\" data-original-width=\"164\" data-original-height=\"219\" itemprop=\"http:\/\/schema.org\/image\" title=\"dinosaures fumanya 4\" alt=\"dinosaures fumanya 4\" style=\"width: 164px; height: 219px;\" \/> <\/a> <\/div> <\/div> <!-- close group --> <\/div> <!-- close row --> <\/div>\n<p>No us perdeu el<strong> soterrani del museu<\/strong>, on hi ha un parell d&#8217;interactius molt divertits per veure la mida real de les petjades, tocar un ou de dinosaure i caminar pel bosc amb ells;)<\/p>\n<p>Hi ha una <strong>visita guiada familiar que es realitza els dissabtes a les 16,30h i que \u00e9s molt recomanable.<\/strong> \u00c9s una visita gratu\u00efta, va inclosa en el preu de l&#8217;entrada (10 \u20ac adults, 5 \u20ac nens a partir de 4 anys; gratis amb el carnet Super3). Les places s\u00f3n limitades, aix\u00ed que millor truqueu per reservar.<\/p>\n<h3>PARC D&#8217;AVENTURA PEDRAFORCA<\/h3>\n<p>Si voleu aventura i acci\u00f3, <strong>a Palomera teniu el <a href=\"http:\/\/pedraforcaparcaventura.com\/\" target=\"_blank\" rel=\"noopener\">Pedraforca Parc Aventura<\/a>, ple de tirolines, ponts i trampes penjades als arbres<\/strong>. Hi ha circuits per a totes les edats, a partir de 3 anys.<\/p>\n<h3>TRENET MINER<\/h3>\n<div class=\"tiled-gallery type-rectangular tiled-gallery-unresized\" data-original-width=\"500\" data-carousel-extra='{&quot;blog_id&quot;:1,&quot;permalink&quot;:&quot;https:\\\/\\\/locaacademiafamiliar.com\\\/ca\\\/2019\\\/que-fer-a-les-valls-del-pedraforca-amb-nens-bergueda\\\/&quot;,&quot;likes_blog_id&quot;:119488531}' itemscope itemtype=\"http:\/\/schema.org\/ImageGallery\" > <div class=\"gallery-row\" style=\"width: 500px; height: 167px;\" data-original-width=\"500\" data-original-height=\"167\" > <div class=\"gallery-group images-1\" style=\"width: 252px; height: 167px;\" data-original-width=\"252\" data-original-height=\"167\" > <div class=\"tiled-gallery-item tiled-gallery-item-small\" itemprop=\"associatedMedia\" itemscope itemtype=\"http:\/\/schema.org\/ImageObject\"> <a href=\"https:\/\/locaacademiafamiliar.com\/ca\/2019\/que-fer-a-les-valls-del-pedraforca-amb-nens-bergueda\/tren-miner-pedraforca-2-2\/\" border=\"0\" itemprop=\"url\"> <meta itemprop=\"width\" content=\"248\"> <meta itemprop=\"height\" content=\"163\"> <img decoding=\"async\" class=\"\" data-attachment-id=\"7594\" data-orig-file=\"https:\/\/locaacademiafamiliar.com\/wp-content\/uploads\/2019\/06\/tren-miner-pedraforca-2.png\" data-orig-size=\"596,392\" data-comments-opened=\"1\" data-image-meta=\"{&quot;aperture&quot;:&quot;0&quot;,&quot;credit&quot;:&quot;&quot;,&quot;camera&quot;:&quot;&quot;,&quot;caption&quot;:&quot;&quot;,&quot;created_timestamp&quot;:&quot;0&quot;,&quot;copyright&quot;:&quot;&quot;,&quot;focal_length&quot;:&quot;0&quot;,&quot;iso&quot;:&quot;0&quot;,&quot;shutter_speed&quot;:&quot;0&quot;,&quot;title&quot;:&quot;&quot;,&quot;orientation&quot;:&quot;0&quot;}\" data-image-title=\"tren miner pedraforca 2\" data-image-description=\"\" data-medium-file=\"https:\/\/i0.wp.com\/locaacademiafamiliar.com\/wp-content\/uploads\/2019\/06\/tren-miner-pedraforca-2.png?fit=300%2C197&#038;ssl=1\" data-large-file=\"https:\/\/i0.wp.com\/locaacademiafamiliar.com\/wp-content\/uploads\/2019\/06\/tren-miner-pedraforca-2.png?fit=596%2C392&#038;ssl=1\" src=\"https:\/\/i0.wp.com\/locaacademiafamiliar.com\/wp-content\/uploads\/2019\/06\/tren-miner-pedraforca-2.png?w=248&#038;h=163&#038;ssl=1\" srcset=\"https:\/\/i0.wp.com\/locaacademiafamiliar.com\/wp-content\/uploads\/2019\/06\/tren-miner-pedraforca-2.png?w=596&amp;ssl=1 596w, https:\/\/i0.wp.com\/locaacademiafamiliar.com\/wp-content\/uploads\/2019\/06\/tren-miner-pedraforca-2.png?resize=300%2C197&amp;ssl=1 300w\" width=\"248\" height=\"163\" loading=\"lazy\" data-original-width=\"248\" data-original-height=\"163\" itemprop=\"http:\/\/schema.org\/image\" title=\"tren miner pedraforca 2\" alt=\"tren miner pedraforca 2\" style=\"width: 248px; height: 163px;\" \/> <\/a> <\/div> <\/div> <!-- close group --> <div class=\"gallery-group images-1\" style=\"width: 248px; height: 167px;\" data-original-width=\"248\" data-original-height=\"167\" > <div class=\"tiled-gallery-item tiled-gallery-item-small\" itemprop=\"associatedMedia\" itemscope itemtype=\"http:\/\/schema.org\/ImageObject\"> <a href=\"https:\/\/locaacademiafamiliar.com\/ca\/2019\/que-fer-a-les-valls-del-pedraforca-amb-nens-bergueda\/tren-miner-pedraforca-2\/\" border=\"0\" itemprop=\"url\"> <meta itemprop=\"width\" content=\"244\"> <meta itemprop=\"height\" content=\"163\"> <img decoding=\"async\" class=\"\" data-attachment-id=\"7592\" data-orig-file=\"https:\/\/locaacademiafamiliar.com\/wp-content\/uploads\/2019\/06\/tren-miner-pedraforca.png\" data-orig-size=\"596,397\" data-comments-opened=\"1\" data-image-meta=\"{&quot;aperture&quot;:&quot;0&quot;,&quot;credit&quot;:&quot;&quot;,&quot;camera&quot;:&quot;&quot;,&quot;caption&quot;:&quot;&quot;,&quot;created_timestamp&quot;:&quot;0&quot;,&quot;copyright&quot;:&quot;&quot;,&quot;focal_length&quot;:&quot;0&quot;,&quot;iso&quot;:&quot;0&quot;,&quot;shutter_speed&quot;:&quot;0&quot;,&quot;title&quot;:&quot;&quot;,&quot;orientation&quot;:&quot;0&quot;}\" data-image-title=\"tren miner pedraforca\" data-image-description=\"\" data-medium-file=\"https:\/\/i0.wp.com\/locaacademiafamiliar.com\/wp-content\/uploads\/2019\/06\/tren-miner-pedraforca.png?fit=300%2C200&#038;ssl=1\" data-large-file=\"https:\/\/i0.wp.com\/locaacademiafamiliar.com\/wp-content\/uploads\/2019\/06\/tren-miner-pedraforca.png?fit=596%2C397&#038;ssl=1\" src=\"https:\/\/i0.wp.com\/locaacademiafamiliar.com\/wp-content\/uploads\/2019\/06\/tren-miner-pedraforca.png?w=244&#038;h=163&#038;ssl=1\" srcset=\"https:\/\/i0.wp.com\/locaacademiafamiliar.com\/wp-content\/uploads\/2019\/06\/tren-miner-pedraforca.png?w=596&amp;ssl=1 596w, https:\/\/i0.wp.com\/locaacademiafamiliar.com\/wp-content\/uploads\/2019\/06\/tren-miner-pedraforca.png?resize=300%2C200&amp;ssl=1 300w\" width=\"244\" height=\"163\" loading=\"lazy\" data-original-width=\"244\" data-original-height=\"163\" itemprop=\"http:\/\/schema.org\/image\" title=\"tren miner pedraforca\" alt=\"tren miner pedraforca\" style=\"width: 244px; height: 163px;\" \/> <\/a> <\/div> <\/div> <!-- close group --> <\/div> <!-- close row --> <\/div>\n<p>A prop del Parc d&#8217;Aventura del Pedraforca hi ha un<strong> tren de les mines que us portar\u00e0 a descobrir una mica m\u00e9s la hist\u00f2ria tradici\u00f3 minera d&#8217;aquesta regi\u00f3 del Pirineu.<\/strong> Es tracta d&#8217;un trenet amb vagonetes, que fa un tram de 5 minuts fins arribar a les mines; all\u00e0 hi ha una mica d&#8217;explicaci\u00f3 i despr\u00e9s es torna amb el tren.<\/p>\n<p>Hauria estat un gran pla per\u00f2 quan vam anar el trenet estava inactiu per una relliscada de terra natural que va passar fa unes setmanes i han de netejar les vies. Si voleu, podeu consultar la <strong><a href=\"https:\/\/www.facebook.com\/trensminers\/\" target=\"_blank\" rel=\"noopener\">seva p\u00e0gina de Facebook<\/a> per assegurar-vos que el tren estigui en servei i quins horaris tenen.<\/strong> El tren est\u00e0 gestionat per l&#8217;Associaci\u00f3 de Trens Miners de Catalunya.<\/p>\n<h3>EXCURSI\u00d3 PEL BOSC DE PALOMERA<\/h3>\n<div class=\"tiled-gallery type-rectangular tiled-gallery-unresized\" data-original-width=\"500\" data-carousel-extra='{&quot;blog_id&quot;:1,&quot;permalink&quot;:&quot;https:\\\/\\\/locaacademiafamiliar.com\\\/ca\\\/2019\\\/que-fer-a-les-valls-del-pedraforca-amb-nens-bergueda\\\/&quot;,&quot;likes_blog_id&quot;:119488531}' itemscope itemtype=\"http:\/\/schema.org\/ImageGallery\" > <div class=\"gallery-row\" style=\"width: 500px; height: 332px;\" data-original-width=\"500\" data-original-height=\"332\" > <div class=\"gallery-group images-1\" style=\"width: 250px; height: 332px;\" data-original-width=\"250\" data-original-height=\"332\" > <div class=\"tiled-gallery-item tiled-gallery-item-small\" itemprop=\"associatedMedia\" itemscope itemtype=\"http:\/\/schema.org\/ImageObject\"> <a href=\"https:\/\/locaacademiafamiliar.com\/ca\/2019\/que-fer-a-les-valls-del-pedraforca-amb-nens-bergueda\/excursions-nens-bergueda-palomera-pedraforca-2-2\/\" border=\"0\" itemprop=\"url\"> <meta itemprop=\"width\" content=\"246\"> <meta itemprop=\"height\" content=\"328\"> <img decoding=\"async\" class=\"\" data-attachment-id=\"7555\" data-orig-file=\"https:\/\/locaacademiafamiliar.com\/wp-content\/uploads\/2019\/06\/excursions-nens-bergueda-palomera-pedraforca-2.jpg\" data-orig-size=\"1275,1700\" data-comments-opened=\"1\" data-image-meta=\"{&quot;aperture&quot;:&quot;1.75&quot;,&quot;credit&quot;:&quot;&quot;,&quot;camera&quot;:&quot;moto g(7) plus&quot;,&quot;caption&quot;:&quot;&quot;,&quot;created_timestamp&quot;:&quot;1559470923&quot;,&quot;copyright&quot;:&quot;&quot;,&quot;focal_length&quot;:&quot;4.28&quot;,&quot;iso&quot;:&quot;100&quot;,&quot;shutter_speed&quot;:&quot;0.0016835016835017&quot;,&quot;title&quot;:&quot;&quot;,&quot;orientation&quot;:&quot;1&quot;}\" data-image-title=\"excursions nens bergueda palomera pedraforca 2\" data-image-description=\"\" data-medium-file=\"https:\/\/i0.wp.com\/locaacademiafamiliar.com\/wp-content\/uploads\/2019\/06\/excursions-nens-bergueda-palomera-pedraforca-2.jpg?fit=225%2C300&#038;ssl=1\" data-large-file=\"https:\/\/i0.wp.com\/locaacademiafamiliar.com\/wp-content\/uploads\/2019\/06\/excursions-nens-bergueda-palomera-pedraforca-2.jpg?fit=768%2C1024&#038;ssl=1\" src=\"https:\/\/i0.wp.com\/locaacademiafamiliar.com\/wp-content\/uploads\/2019\/06\/excursions-nens-bergueda-palomera-pedraforca-2.jpg?w=246&#038;h=328&#038;ssl=1\" srcset=\"https:\/\/i0.wp.com\/locaacademiafamiliar.com\/wp-content\/uploads\/2019\/06\/excursions-nens-bergueda-palomera-pedraforca-2.jpg?w=1275&amp;ssl=1 1275w, https:\/\/i0.wp.com\/locaacademiafamiliar.com\/wp-content\/uploads\/2019\/06\/excursions-nens-bergueda-palomera-pedraforca-2.jpg?resize=225%2C300&amp;ssl=1 225w, https:\/\/i0.wp.com\/locaacademiafamiliar.com\/wp-content\/uploads\/2019\/06\/excursions-nens-bergueda-palomera-pedraforca-2.jpg?resize=768%2C1024&amp;ssl=1 768w\" width=\"246\" height=\"328\" loading=\"lazy\" data-original-width=\"246\" data-original-height=\"328\" itemprop=\"http:\/\/schema.org\/image\" title=\"excursions nens bergueda palomera pedraforca 2\" alt=\"excursions nens bergueda palomera pedraforca 2\" style=\"width: 246px; height: 328px;\" \/> <\/a> <\/div> <\/div> <!-- close group --> <div class=\"gallery-group images-1\" style=\"width: 250px; height: 332px;\" data-original-width=\"250\" data-original-height=\"332\" > <div class=\"tiled-gallery-item tiled-gallery-item-small\" itemprop=\"associatedMedia\" itemscope itemtype=\"http:\/\/schema.org\/ImageObject\"> <a href=\"https:\/\/locaacademiafamiliar.com\/ca\/2019\/que-fer-a-les-valls-del-pedraforca-amb-nens-bergueda\/excursions-nens-bergueda-palomera-pedraforca-6\/\" border=\"0\" itemprop=\"url\"> <meta itemprop=\"width\" content=\"246\"> <meta itemprop=\"height\" content=\"328\"> <img decoding=\"async\" class=\"\" data-attachment-id=\"7563\" data-orig-file=\"https:\/\/locaacademiafamiliar.com\/wp-content\/uploads\/2019\/06\/excursions-nens-bergueda-palomera-pedraforca.jpg\" data-orig-size=\"1275,1700\" data-comments-opened=\"1\" data-image-meta=\"{&quot;aperture&quot;:&quot;1.75&quot;,&quot;credit&quot;:&quot;&quot;,&quot;camera&quot;:&quot;moto g(7) plus&quot;,&quot;caption&quot;:&quot;&quot;,&quot;created_timestamp&quot;:&quot;1559472548&quot;,&quot;copyright&quot;:&quot;&quot;,&quot;focal_length&quot;:&quot;4.28&quot;,&quot;iso&quot;:&quot;100&quot;,&quot;shutter_speed&quot;:&quot;0.0011428571428571&quot;,&quot;title&quot;:&quot;&quot;,&quot;orientation&quot;:&quot;1&quot;}\" data-image-title=\"excursions nens bergueda palomera pedraforca\" data-image-description=\"\" data-medium-file=\"https:\/\/i0.wp.com\/locaacademiafamiliar.com\/wp-content\/uploads\/2019\/06\/excursions-nens-bergueda-palomera-pedraforca.jpg?fit=225%2C300&#038;ssl=1\" data-large-file=\"https:\/\/i0.wp.com\/locaacademiafamiliar.com\/wp-content\/uploads\/2019\/06\/excursions-nens-bergueda-palomera-pedraforca.jpg?fit=768%2C1024&#038;ssl=1\" src=\"https:\/\/i0.wp.com\/locaacademiafamiliar.com\/wp-content\/uploads\/2019\/06\/excursions-nens-bergueda-palomera-pedraforca.jpg?w=246&#038;h=328&#038;ssl=1\" srcset=\"https:\/\/i0.wp.com\/locaacademiafamiliar.com\/wp-content\/uploads\/2019\/06\/excursions-nens-bergueda-palomera-pedraforca.jpg?w=1275&amp;ssl=1 1275w, https:\/\/i0.wp.com\/locaacademiafamiliar.com\/wp-content\/uploads\/2019\/06\/excursions-nens-bergueda-palomera-pedraforca.jpg?resize=225%2C300&amp;ssl=1 225w, https:\/\/i0.wp.com\/locaacademiafamiliar.com\/wp-content\/uploads\/2019\/06\/excursions-nens-bergueda-palomera-pedraforca.jpg?resize=768%2C1024&amp;ssl=1 768w\" width=\"246\" height=\"328\" loading=\"lazy\" data-original-width=\"246\" data-original-height=\"328\" itemprop=\"http:\/\/schema.org\/image\" title=\"excursions nens bergueda palomera pedraforca\" alt=\"excursions nens bergueda palomera pedraforca\" style=\"width: 246px; height: 328px;\" \/> <\/a> <\/div> <\/div> <!-- close group --> <\/div> <!-- close row --> <\/div>\n<p>Just al costat del Parc d&#8217;Aventura Pedraforca comencen diverses excursions i una d&#8217;elles \u00e9s genial per fer amb nens perqu\u00e8 \u00e9s molt xula i entretinguda. <strong>\u00c9s l&#8217;excursi\u00f3 del &#8220;Bosc de Palomera. Ruta de Natura&#8221;<\/strong> i est\u00e0 molt ben indicada amb plafons i marques taronges durant tot el cam\u00ed.<\/p>\n<p>Passareu per dos ponts penjants sobre el riu, i un tercer pont m\u00e9s petit\u00f3; baixareu al riu de Saldes que \u00e9s d&#8217;aigua salada; descobrireu un mirador; travessareu camp i bosc &#8230; <strong>En definitiva una excursi\u00f3 molt completa i variada.<\/strong><\/p>\n<p><strong>Aix\u00f2 s\u00ed, hi ha una mica de desnivell<\/strong>: al principi el cam\u00ed \u00e9s tota l&#8217;estona de baixada; i despr\u00e9s al final puja per una pista forestal, sense m\u00e9s. El tram de pujada en pista \u00e9s una mica llarg i avorrit, per\u00f2 ja se sap, tot el que es baixa, cal pujar-lo despr\u00e9s! El tram gruix d&#8217;excursi\u00f3 (de baixada) \u00e9s preci\u00f3s i val la pena.<\/p>\n<div class=\"tiled-gallery type-rectangular tiled-gallery-unresized\" data-original-width=\"500\" data-carousel-extra='{&quot;blog_id&quot;:1,&quot;permalink&quot;:&quot;https:\\\/\\\/locaacademiafamiliar.com\\\/ca\\\/2019\\\/que-fer-a-les-valls-del-pedraforca-amb-nens-bergueda\\\/&quot;,&quot;likes_blog_id&quot;:119488531}' itemscope itemtype=\"http:\/\/schema.org\/ImageGallery\" > <div class=\"gallery-row\" style=\"width: 500px; height: 240px;\" data-original-width=\"500\" data-original-height=\"240\" > <div class=\"gallery-group images-1\" style=\"width: 181px; height: 240px;\" data-original-width=\"181\" data-original-height=\"240\" > <div class=\"tiled-gallery-item tiled-gallery-item-small\" itemprop=\"associatedMedia\" itemscope itemtype=\"http:\/\/schema.org\/ImageObject\"> <a href=\"https:\/\/locaacademiafamiliar.com\/ca\/2019\/que-fer-a-les-valls-del-pedraforca-amb-nens-bergueda\/excursions-nens-bergueda-palomera-pedraforca-3-2\/\" border=\"0\" itemprop=\"url\"> <meta itemprop=\"width\" content=\"177\"> <meta itemprop=\"height\" content=\"236\"> <img decoding=\"async\" class=\"\" data-attachment-id=\"7557\" data-orig-file=\"https:\/\/locaacademiafamiliar.com\/wp-content\/uploads\/2019\/06\/excursions-nens-bergueda-palomera-pedraforca-3.jpg\" data-orig-size=\"1275,1700\" data-comments-opened=\"1\" data-image-meta=\"{&quot;aperture&quot;:&quot;1.75&quot;,&quot;credit&quot;:&quot;&quot;,&quot;camera&quot;:&quot;moto g(7) plus&quot;,&quot;caption&quot;:&quot;&quot;,&quot;created_timestamp&quot;:&quot;1559471477&quot;,&quot;copyright&quot;:&quot;&quot;,&quot;focal_length&quot;:&quot;4.28&quot;,&quot;iso&quot;:&quot;100&quot;,&quot;shutter_speed&quot;:&quot;0.0014084507042254&quot;,&quot;title&quot;:&quot;&quot;,&quot;orientation&quot;:&quot;1&quot;}\" data-image-title=\"excursions nens bergueda palomera pedraforca 3\" data-image-description=\"\" data-medium-file=\"https:\/\/i0.wp.com\/locaacademiafamiliar.com\/wp-content\/uploads\/2019\/06\/excursions-nens-bergueda-palomera-pedraforca-3.jpg?fit=225%2C300&#038;ssl=1\" data-large-file=\"https:\/\/i0.wp.com\/locaacademiafamiliar.com\/wp-content\/uploads\/2019\/06\/excursions-nens-bergueda-palomera-pedraforca-3.jpg?fit=768%2C1024&#038;ssl=1\" src=\"https:\/\/i0.wp.com\/locaacademiafamiliar.com\/wp-content\/uploads\/2019\/06\/excursions-nens-bergueda-palomera-pedraforca-3.jpg?w=177&#038;h=236&#038;ssl=1\" srcset=\"https:\/\/i0.wp.com\/locaacademiafamiliar.com\/wp-content\/uploads\/2019\/06\/excursions-nens-bergueda-palomera-pedraforca-3.jpg?w=1275&amp;ssl=1 1275w, https:\/\/i0.wp.com\/locaacademiafamiliar.com\/wp-content\/uploads\/2019\/06\/excursions-nens-bergueda-palomera-pedraforca-3.jpg?resize=225%2C300&amp;ssl=1 225w, https:\/\/i0.wp.com\/locaacademiafamiliar.com\/wp-content\/uploads\/2019\/06\/excursions-nens-bergueda-palomera-pedraforca-3.jpg?resize=768%2C1024&amp;ssl=1 768w\" width=\"177\" height=\"236\" loading=\"lazy\" data-original-width=\"177\" data-original-height=\"236\" itemprop=\"http:\/\/schema.org\/image\" title=\"excursions nens bergueda palomera pedraforca 3\" alt=\"excursions nens bergueda palomera pedraforca 3\" style=\"width: 177px; height: 236px;\" \/> <\/a> <\/div> <\/div> <!-- close group --> <div class=\"gallery-group images-1\" style=\"width: 319px; height: 240px;\" data-original-width=\"319\" data-original-height=\"240\" > <div class=\"tiled-gallery-item tiled-gallery-item-large\" itemprop=\"associatedMedia\" itemscope itemtype=\"http:\/\/schema.org\/ImageObject\"> <a href=\"https:\/\/locaacademiafamiliar.com\/ca\/2019\/que-fer-a-les-valls-del-pedraforca-amb-nens-bergueda\/excursions-nens-bergueda-palomera-pedraforca-4-2\/\" border=\"0\" itemprop=\"url\"> <meta itemprop=\"width\" content=\"315\"> <meta itemprop=\"height\" content=\"236\"> <img decoding=\"async\" class=\"\" data-attachment-id=\"7559\" data-orig-file=\"https:\/\/locaacademiafamiliar.com\/wp-content\/uploads\/2019\/06\/excursions-nens-bergueda-palomera-pedraforca-4.jpg\" data-orig-size=\"1700,1275\" data-comments-opened=\"1\" data-image-meta=\"{&quot;aperture&quot;:&quot;1.75&quot;,&quot;credit&quot;:&quot;&quot;,&quot;camera&quot;:&quot;moto g(7) plus&quot;,&quot;caption&quot;:&quot;&quot;,&quot;created_timestamp&quot;:&quot;1559471931&quot;,&quot;copyright&quot;:&quot;&quot;,&quot;focal_length&quot;:&quot;4.28&quot;,&quot;iso&quot;:&quot;100&quot;,&quot;shutter_speed&quot;:&quot;0.00049382716049383&quot;,&quot;title&quot;:&quot;&quot;,&quot;orientation&quot;:&quot;1&quot;}\" data-image-title=\"excursions nens bergueda palomera pedraforca 4\" data-image-description=\"\" data-medium-file=\"https:\/\/i0.wp.com\/locaacademiafamiliar.com\/wp-content\/uploads\/2019\/06\/excursions-nens-bergueda-palomera-pedraforca-4.jpg?fit=300%2C225&#038;ssl=1\" data-large-file=\"https:\/\/i0.wp.com\/locaacademiafamiliar.com\/wp-content\/uploads\/2019\/06\/excursions-nens-bergueda-palomera-pedraforca-4.jpg?fit=1024%2C768&#038;ssl=1\" src=\"https:\/\/i0.wp.com\/locaacademiafamiliar.com\/wp-content\/uploads\/2019\/06\/excursions-nens-bergueda-palomera-pedraforca-4.jpg?w=315&#038;h=236&#038;ssl=1\" srcset=\"https:\/\/i0.wp.com\/locaacademiafamiliar.com\/wp-content\/uploads\/2019\/06\/excursions-nens-bergueda-palomera-pedraforca-4.jpg?w=1700&amp;ssl=1 1700w, https:\/\/i0.wp.com\/locaacademiafamiliar.com\/wp-content\/uploads\/2019\/06\/excursions-nens-bergueda-palomera-pedraforca-4.jpg?resize=300%2C225&amp;ssl=1 300w, https:\/\/i0.wp.com\/locaacademiafamiliar.com\/wp-content\/uploads\/2019\/06\/excursions-nens-bergueda-palomera-pedraforca-4.jpg?resize=768%2C576&amp;ssl=1 768w, https:\/\/i0.wp.com\/locaacademiafamiliar.com\/wp-content\/uploads\/2019\/06\/excursions-nens-bergueda-palomera-pedraforca-4.jpg?resize=1024%2C768&amp;ssl=1 1024w, https:\/\/i0.wp.com\/locaacademiafamiliar.com\/wp-content\/uploads\/2019\/06\/excursions-nens-bergueda-palomera-pedraforca-4.jpg?resize=678%2C509&amp;ssl=1 678w, https:\/\/i0.wp.com\/locaacademiafamiliar.com\/wp-content\/uploads\/2019\/06\/excursions-nens-bergueda-palomera-pedraforca-4.jpg?resize=326%2C245&amp;ssl=1 326w, https:\/\/i0.wp.com\/locaacademiafamiliar.com\/wp-content\/uploads\/2019\/06\/excursions-nens-bergueda-palomera-pedraforca-4.jpg?resize=80%2C60&amp;ssl=1 80w\" width=\"315\" height=\"236\" loading=\"lazy\" data-original-width=\"315\" data-original-height=\"236\" itemprop=\"http:\/\/schema.org\/image\" title=\"excursions nens bergueda palomera pedraforca 4\" alt=\"excursions nens bergueda palomera pedraforca 4\" style=\"width: 315px; height: 236px;\" \/> <\/a> <\/div> <\/div> <!-- close group --> <\/div> <!-- close row --> <\/div>\n<p><strong><a href=\"https:\/\/www.campingpedraforca.com\/ca\/senderisme\/bosc-de-palomera-ruta-de-natura\/\" target=\"_blank\" rel=\"noopener\">Aqu\u00ed en aquest enlla\u00e7<\/a> teniu la descripci\u00f3 de la ruta pas a pas, que \u00e9s circular<\/strong>. No \u00e9s una excursi\u00f3 plana; hi ha baixades fortetes i trams de cam\u00ed amb moltes pedres. <strong>Les nostres nenes van caminar la major part del cam\u00ed per\u00f2 agafades de la m\u00e0 amb nosaltres per no ensopegar<\/strong>. Vam trigar en total 2h 30 min amb diverses parades per descansar.<\/p>\n<p>Si no sou de caminar i us espanta tanta excursi\u00f3, podeu fer un tram curt de l&#8217;excursi\u00f3 i tornar al punt d&#8217;inici. Per exemple, <strong>podr\u00edeu baixar al riu, jugar-hi amb les pedres i l&#8217;aigua<\/strong>; despr\u00e9s creuar el primer pont i tornar.<\/p>\n<h3>LLAC TUM\u00cd<\/h3>\n<p>Molt a prop del centre de Dinosaures de Fumanya i del trenet hi ha <strong>el llac Tumi que tamb\u00e9 pot ser una bona opci\u00f3 per jugar una estona, remullar els peus o practicar el llan\u00e7ament de pedres planes.<\/strong> Atenci\u00f3 que no hi ha ombres! Aix\u00ed que si \u00e9s un dia calor\u00f3s, necessitareu una gorra i molta aigua.<\/p>\n<p>Est\u00e0 situat en el lloc on es trobava l&#8217;antiga mina de carb\u00f3 de Tumi, i es va formar despr\u00e9s de l&#8217;explotaci\u00f3 a cel obert del carb\u00f3 de la zona. Hi ha uns panells informatius que expliquen la interessant geologia de la zona i<strong> tamb\u00e9 hi ha petjades de dinosaures (calen prism\u00e0tics per veure-les).<\/strong><\/p>\n<h3>FORMATGERIA I CABRETES<\/h3>\n<p>Si aneu el demat\u00ed a <strong>Cal Jepet, al petit poble de Josa de Cad\u00ed, podreu visitar aquesta formatgeria, veure les cabres<\/strong> que cuiden\u00a0 i aprendreu com elaboren el mat\u00f3, el iogurt i el formatge fresc. M\u00e9s informaci\u00f3 <a href=\"https:\/\/www.visitpedraforca.com\/formatgeria-serrat-gros\/\" target=\"_blank\" rel=\"noopener\"><strong>en aquest enlla\u00e7<\/strong><\/a>.<\/p>\n<p>&nbsp;<\/p>\n<h3>ALLOTJAMENT AL PEDRAFORCA AMB NENS<\/h3>\n<div class=\"tiled-gallery type-rectangular tiled-gallery-unresized\" data-original-width=\"500\" data-carousel-extra='{&quot;blog_id&quot;:1,&quot;permalink&quot;:&quot;https:\\\/\\\/locaacademiafamiliar.com\\\/ca\\\/2019\\\/que-fer-a-les-valls-del-pedraforca-amb-nens-bergueda\\\/&quot;,&quot;likes_blog_id&quot;:119488531}' itemscope itemtype=\"http:\/\/schema.org\/ImageGallery\" > <div class=\"gallery-row\" style=\"width: 500px; height: 240px;\" data-original-width=\"500\" data-original-height=\"240\" > <div class=\"gallery-group images-1\" style=\"width: 319px; height: 240px;\" data-original-width=\"319\" data-original-height=\"240\" > <div class=\"tiled-gallery-item tiled-gallery-item-large\" itemprop=\"associatedMedia\" itemscope itemtype=\"http:\/\/schema.org\/ImageObject\"> <a href=\"https:\/\/locaacademiafamiliar.com\/ca\/2019\/que-fer-a-les-valls-del-pedraforca-amb-nens-bergueda\/camping-pedraforca-3\/\" border=\"0\" itemprop=\"url\"> <meta itemprop=\"width\" content=\"315\"> <meta itemprop=\"height\" content=\"236\"> <img decoding=\"async\" class=\"\" data-attachment-id=\"7525\" data-orig-file=\"https:\/\/locaacademiafamiliar.com\/wp-content\/uploads\/2019\/06\/camping-pedraforca.jpg\" data-orig-size=\"1800,1350\" data-comments-opened=\"1\" data-image-meta=\"{&quot;aperture&quot;:&quot;1.75&quot;,&quot;credit&quot;:&quot;&quot;,&quot;camera&quot;:&quot;moto g(7) plus&quot;,&quot;caption&quot;:&quot;&quot;,&quot;created_timestamp&quot;:&quot;1559330858&quot;,&quot;copyright&quot;:&quot;&quot;,&quot;focal_length&quot;:&quot;4.28&quot;,&quot;iso&quot;:&quot;100&quot;,&quot;shutter_speed&quot;:&quot;0.0017452006980803&quot;,&quot;title&quot;:&quot;&quot;,&quot;orientation&quot;:&quot;1&quot;}\" data-image-title=\"camping pedraforca\" data-image-description=\"\" data-medium-file=\"https:\/\/i0.wp.com\/locaacademiafamiliar.com\/wp-content\/uploads\/2019\/06\/camping-pedraforca.jpg?fit=300%2C225&#038;ssl=1\" data-large-file=\"https:\/\/i0.wp.com\/locaacademiafamiliar.com\/wp-content\/uploads\/2019\/06\/camping-pedraforca.jpg?fit=1024%2C768&#038;ssl=1\" src=\"https:\/\/i0.wp.com\/locaacademiafamiliar.com\/wp-content\/uploads\/2019\/06\/camping-pedraforca.jpg?w=315&#038;h=236&#038;ssl=1\" srcset=\"https:\/\/i0.wp.com\/locaacademiafamiliar.com\/wp-content\/uploads\/2019\/06\/camping-pedraforca.jpg?w=1800&amp;ssl=1 1800w, https:\/\/i0.wp.com\/locaacademiafamiliar.com\/wp-content\/uploads\/2019\/06\/camping-pedraforca.jpg?resize=300%2C225&amp;ssl=1 300w, https:\/\/i0.wp.com\/locaacademiafamiliar.com\/wp-content\/uploads\/2019\/06\/camping-pedraforca.jpg?resize=768%2C576&amp;ssl=1 768w, https:\/\/i0.wp.com\/locaacademiafamiliar.com\/wp-content\/uploads\/2019\/06\/camping-pedraforca.jpg?resize=1024%2C768&amp;ssl=1 1024w, https:\/\/i0.wp.com\/locaacademiafamiliar.com\/wp-content\/uploads\/2019\/06\/camping-pedraforca.jpg?resize=678%2C509&amp;ssl=1 678w, https:\/\/i0.wp.com\/locaacademiafamiliar.com\/wp-content\/uploads\/2019\/06\/camping-pedraforca.jpg?resize=326%2C245&amp;ssl=1 326w, https:\/\/i0.wp.com\/locaacademiafamiliar.com\/wp-content\/uploads\/2019\/06\/camping-pedraforca.jpg?resize=80%2C60&amp;ssl=1 80w\" width=\"315\" height=\"236\" loading=\"lazy\" data-original-width=\"315\" data-original-height=\"236\" itemprop=\"http:\/\/schema.org\/image\" title=\"camping pedraforca\" alt=\"camping pedraforca\" style=\"width: 315px; height: 236px;\" \/> <\/a> <\/div> <\/div> <!-- close group --> <div class=\"gallery-group images-1\" style=\"width: 181px; height: 240px;\" data-original-width=\"181\" data-original-height=\"240\" > <div class=\"tiled-gallery-item tiled-gallery-item-small\" itemprop=\"associatedMedia\" itemscope itemtype=\"http:\/\/schema.org\/ImageObject\"> <a href=\"https:\/\/locaacademiafamiliar.com\/ca\/2019\/que-fer-a-les-valls-del-pedraforca-amb-nens-bergueda\/camping-repos-pedraforca-14-2\/\" border=\"0\" itemprop=\"url\"> <meta itemprop=\"width\" content=\"177\"> <meta itemprop=\"height\" content=\"236\"> <img decoding=\"async\" class=\"\" data-attachment-id=\"7537\" data-orig-file=\"https:\/\/locaacademiafamiliar.com\/wp-content\/uploads\/2019\/06\/camping-repos-pedraforca-14.jpg\" data-orig-size=\"1275,1700\" data-comments-opened=\"1\" data-image-meta=\"{&quot;aperture&quot;:&quot;1.75&quot;,&quot;credit&quot;:&quot;&quot;,&quot;camera&quot;:&quot;moto g(7) plus&quot;,&quot;caption&quot;:&quot;&quot;,&quot;created_timestamp&quot;:&quot;1559483686&quot;,&quot;copyright&quot;:&quot;&quot;,&quot;focal_length&quot;:&quot;4.28&quot;,&quot;iso&quot;:&quot;100&quot;,&quot;shutter_speed&quot;:&quot;0.00099700897308076&quot;,&quot;title&quot;:&quot;&quot;,&quot;orientation&quot;:&quot;1&quot;}\" data-image-title=\"camping repos pedraforca 14\" data-image-description=\"\" data-medium-file=\"https:\/\/i0.wp.com\/locaacademiafamiliar.com\/wp-content\/uploads\/2019\/06\/camping-repos-pedraforca-14.jpg?fit=225%2C300&#038;ssl=1\" data-large-file=\"https:\/\/i0.wp.com\/locaacademiafamiliar.com\/wp-content\/uploads\/2019\/06\/camping-repos-pedraforca-14.jpg?fit=768%2C1024&#038;ssl=1\" src=\"https:\/\/i0.wp.com\/locaacademiafamiliar.com\/wp-content\/uploads\/2019\/06\/camping-repos-pedraforca-14.jpg?w=177&#038;h=236&#038;ssl=1\" srcset=\"https:\/\/i0.wp.com\/locaacademiafamiliar.com\/wp-content\/uploads\/2019\/06\/camping-repos-pedraforca-14.jpg?w=1275&amp;ssl=1 1275w, https:\/\/i0.wp.com\/locaacademiafamiliar.com\/wp-content\/uploads\/2019\/06\/camping-repos-pedraforca-14.jpg?resize=225%2C300&amp;ssl=1 225w, https:\/\/i0.wp.com\/locaacademiafamiliar.com\/wp-content\/uploads\/2019\/06\/camping-repos-pedraforca-14.jpg?resize=768%2C1024&amp;ssl=1 768w\" width=\"177\" height=\"236\" loading=\"lazy\" data-original-width=\"177\" data-original-height=\"236\" itemprop=\"http:\/\/schema.org\/image\" title=\"camping repos pedraforca 14\" alt=\"camping repos pedraforca 14\" style=\"width: 177px; height: 236px;\" \/> <\/a> <\/div> <\/div> <!-- close group --> <\/div> <!-- close row --> <\/div>\n<p>Ens vam allotjar al <strong><a href=\"https:\/\/www.campingpedraforca.com\/\" target=\"_blank\" rel=\"noopener\">C\u00e0mping Rep\u00f2s del Pedraforca<\/a>, que est\u00e0 a Saldes, amb unes vistes IM-PRE-SSIO-NANTS de la magn\u00edfica muntanya del Pedraforca<\/strong>. Despertar-se i anar-se&#8217;n a dormir amb aquestes vistes \u00e9s d&#8217;afortunats!! Cada fam\u00edlia vam estar en un bungalou i vam estar-hi s\u00faper a gust \ud83d\ude42<\/p>\n<p>Per ser<strong> bungalous, aquests s\u00f3n realment espaiosos i c\u00f2modes<\/strong> \ud83d\ude42 Els nostres eren per a <strong>4-5 persones<\/strong>, amb dues habitacions, menjador, cuina i bany. La taula \u00e9s tan gran que vam poder menjar les dues fam\u00edlies juntes \ud83d\ude42 I quan el temps va acompanyar, vam menjar fora, al porxo del bungalow &#8211;amb el Pedraforca al davant, es clar.<\/p>\n<p><strong>La cuina est\u00e0 ben equipada<\/strong> i hi ha un pack de benvinguda amb el necessari per als primers dies (pastilla de rentavaixelles, sab\u00f3 de renta-plats, fregall nou, llumins i carb\u00f3 per la barbacoa individual).<\/p>\n<div class=\"tiled-gallery type-square tiled-gallery-unresized\" data-original-width=\"500\" data-carousel-extra='{&quot;blog_id&quot;:1,&quot;permalink&quot;:&quot;https:\\\/\\\/locaacademiafamiliar.com\\\/ca\\\/2019\\\/que-fer-a-les-valls-del-pedraforca-amb-nens-bergueda\\\/&quot;,&quot;likes_blog_id&quot;:119488531}' itemscope itemtype=\"http:\/\/schema.org\/ImageGallery\" > <div class=\"gallery-row\" style=\"width: 500px; height: 166px;\" data-original-width=\"500\" data-original-height=\"166\" > <div class=\"gallery-group\" style=\"width: 166px; height: 166px;\" data-original-width=\"166\" data-original-height=\"166\" > <div class=\"tiled-gallery-item \" itemprop=\"associatedMedia\" itemscope itemtype=\"http:\/\/schema.org\/ImageObject\"> <a href=\"https:\/\/locaacademiafamiliar.com\/ca\/2019\/que-fer-a-les-valls-del-pedraforca-amb-nens-bergueda\/img_20190601_083434918-2\/\" border=\"0\" itemprop=\"url\"> <meta itemprop=\"width\" content=\"162\"> <meta itemprop=\"height\" content=\"162\"> <img decoding=\"async\" class=\"\" data-attachment-id=\"7567\" data-orig-file=\"https:\/\/locaacademiafamiliar.com\/wp-content\/uploads\/2019\/06\/IMG_20190601_083434918.jpg\" data-orig-size=\"1700,1275\" data-comments-opened=\"1\" data-image-meta=\"{&quot;aperture&quot;:&quot;1.75&quot;,&quot;credit&quot;:&quot;&quot;,&quot;camera&quot;:&quot;moto g(7) plus&quot;,&quot;caption&quot;:&quot;&quot;,&quot;created_timestamp&quot;:&quot;1559378075&quot;,&quot;copyright&quot;:&quot;&quot;,&quot;focal_length&quot;:&quot;4.28&quot;,&quot;iso&quot;:&quot;531&quot;,&quot;shutter_speed&quot;:&quot;0.03030303030303&quot;,&quot;title&quot;:&quot;&quot;,&quot;orientation&quot;:&quot;1&quot;}\" data-image-title=\"IMG_20190601_083434918\" data-image-description=\"\" data-medium-file=\"https:\/\/i0.wp.com\/locaacademiafamiliar.com\/wp-content\/uploads\/2019\/06\/IMG_20190601_083434918.jpg?fit=300%2C225&#038;ssl=1\" data-large-file=\"https:\/\/i0.wp.com\/locaacademiafamiliar.com\/wp-content\/uploads\/2019\/06\/IMG_20190601_083434918.jpg?fit=1024%2C768&#038;ssl=1\" src=\"https:\/\/i0.wp.com\/locaacademiafamiliar.com\/wp-content\/uploads\/2019\/06\/IMG_20190601_083434918.jpg?w=162&#038;h=162&#038;crop=1&#038;ssl=1\" srcset=\"https:\/\/i0.wp.com\/locaacademiafamiliar.com\/wp-content\/uploads\/2019\/06\/IMG_20190601_083434918.jpg?resize=150%2C150&amp;ssl=1 150w, https:\/\/i0.wp.com\/locaacademiafamiliar.com\/wp-content\/uploads\/2019\/06\/IMG_20190601_083434918.jpg?zoom=2&amp;resize=162%2C162 324w, https:\/\/i0.wp.com\/locaacademiafamiliar.com\/wp-content\/uploads\/2019\/06\/IMG_20190601_083434918.jpg?zoom=3&amp;resize=162%2C162 486w\" width=\"162\" height=\"162\" loading=\"lazy\" data-original-width=\"162\" data-original-height=\"162\" itemprop=\"http:\/\/schema.org\/image\" title=\"IMG_20190601_083434918\" alt=\"IMG_20190601_083434918\" style=\"width: 162px; height: 162px;\" \/> <\/a> <\/div> <\/div> <div class=\"gallery-group\" style=\"width: 166px; height: 166px;\" data-original-width=\"166\" data-original-height=\"166\" > <div class=\"tiled-gallery-item \" itemprop=\"associatedMedia\" itemscope itemtype=\"http:\/\/schema.org\/ImageObject\"> <a href=\"https:\/\/locaacademiafamiliar.com\/ca\/2019\/que-fer-a-les-valls-del-pedraforca-amb-nens-bergueda\/camping-pedraforca-1-2\/\" border=\"0\" itemprop=\"url\"> <meta itemprop=\"width\" content=\"162\"> <meta itemprop=\"height\" content=\"162\"> <img decoding=\"async\" class=\"\" data-attachment-id=\"7521\" data-orig-file=\"https:\/\/locaacademiafamiliar.com\/wp-content\/uploads\/2019\/06\/camping-pedraforca-1.jpg\" data-orig-size=\"1700,1275\" data-comments-opened=\"1\" data-image-meta=\"{&quot;aperture&quot;:&quot;1.75&quot;,&quot;credit&quot;:&quot;&quot;,&quot;camera&quot;:&quot;moto g(7) plus&quot;,&quot;caption&quot;:&quot;&quot;,&quot;created_timestamp&quot;:&quot;1559330898&quot;,&quot;copyright&quot;:&quot;&quot;,&quot;focal_length&quot;:&quot;4.28&quot;,&quot;iso&quot;:&quot;100&quot;,&quot;shutter_speed&quot;:&quot;0.0052910052910053&quot;,&quot;title&quot;:&quot;&quot;,&quot;orientation&quot;:&quot;1&quot;}\" data-image-title=\"camping pedraforca 1\" data-image-description=\"\" data-medium-file=\"https:\/\/i0.wp.com\/locaacademiafamiliar.com\/wp-content\/uploads\/2019\/06\/camping-pedraforca-1.jpg?fit=300%2C225&#038;ssl=1\" data-large-file=\"https:\/\/i0.wp.com\/locaacademiafamiliar.com\/wp-content\/uploads\/2019\/06\/camping-pedraforca-1.jpg?fit=1024%2C768&#038;ssl=1\" src=\"https:\/\/i0.wp.com\/locaacademiafamiliar.com\/wp-content\/uploads\/2019\/06\/camping-pedraforca-1.jpg?w=162&#038;h=162&#038;crop=1&#038;ssl=1\" srcset=\"https:\/\/i0.wp.com\/locaacademiafamiliar.com\/wp-content\/uploads\/2019\/06\/camping-pedraforca-1.jpg?resize=150%2C150&amp;ssl=1 150w, https:\/\/i0.wp.com\/locaacademiafamiliar.com\/wp-content\/uploads\/2019\/06\/camping-pedraforca-1.jpg?zoom=2&amp;resize=162%2C162 324w, https:\/\/i0.wp.com\/locaacademiafamiliar.com\/wp-content\/uploads\/2019\/06\/camping-pedraforca-1.jpg?zoom=3&amp;resize=162%2C162 486w\" width=\"162\" height=\"162\" loading=\"lazy\" data-original-width=\"162\" data-original-height=\"162\" itemprop=\"http:\/\/schema.org\/image\" title=\"camping pedraforca 1\" alt=\"camping pedraforca 1\" style=\"width: 162px; height: 162px;\" \/> <\/a> <\/div> <\/div> <div class=\"gallery-group\" style=\"width: 166px; height: 166px;\" data-original-width=\"166\" data-original-height=\"166\" > <div class=\"tiled-gallery-item \" itemprop=\"associatedMedia\" itemscope itemtype=\"http:\/\/schema.org\/ImageObject\"> <a href=\"https:\/\/locaacademiafamiliar.com\/ca\/2019\/que-fer-a-les-valls-del-pedraforca-amb-nens-bergueda\/camping-repos-pedraforca-11-2\/\" border=\"0\" itemprop=\"url\"> <meta itemprop=\"width\" content=\"162\"> <meta itemprop=\"height\" content=\"162\"> <img decoding=\"async\" class=\"\" data-attachment-id=\"7531\" data-orig-file=\"https:\/\/locaacademiafamiliar.com\/wp-content\/uploads\/2019\/06\/camping-repos-pedraforca-11.jpg\" data-orig-size=\"1700,1275\" data-comments-opened=\"1\" data-image-meta=\"{&quot;aperture&quot;:&quot;1.75&quot;,&quot;credit&quot;:&quot;&quot;,&quot;camera&quot;:&quot;moto g(7) plus&quot;,&quot;caption&quot;:&quot;&quot;,&quot;created_timestamp&quot;:&quot;1559397298&quot;,&quot;copyright&quot;:&quot;&quot;,&quot;focal_length&quot;:&quot;4.28&quot;,&quot;iso&quot;:&quot;100&quot;,&quot;shutter_speed&quot;:&quot;0.0074626865671642&quot;,&quot;title&quot;:&quot;&quot;,&quot;orientation&quot;:&quot;1&quot;}\" data-image-title=\"camping repos pedraforca 11\" data-image-description=\"\" data-medium-file=\"https:\/\/i0.wp.com\/locaacademiafamiliar.com\/wp-content\/uploads\/2019\/06\/camping-repos-pedraforca-11.jpg?fit=300%2C225&#038;ssl=1\" data-large-file=\"https:\/\/i0.wp.com\/locaacademiafamiliar.com\/wp-content\/uploads\/2019\/06\/camping-repos-pedraforca-11.jpg?fit=1024%2C768&#038;ssl=1\" src=\"https:\/\/i0.wp.com\/locaacademiafamiliar.com\/wp-content\/uploads\/2019\/06\/camping-repos-pedraforca-11.jpg?w=162&#038;h=162&#038;crop=1&#038;ssl=1\" srcset=\"https:\/\/i0.wp.com\/locaacademiafamiliar.com\/wp-content\/uploads\/2019\/06\/camping-repos-pedraforca-11.jpg?resize=150%2C150&amp;ssl=1 150w, https:\/\/i0.wp.com\/locaacademiafamiliar.com\/wp-content\/uploads\/2019\/06\/camping-repos-pedraforca-11.jpg?zoom=2&amp;resize=162%2C162 324w, https:\/\/i0.wp.com\/locaacademiafamiliar.com\/wp-content\/uploads\/2019\/06\/camping-repos-pedraforca-11.jpg?zoom=3&amp;resize=162%2C162 486w\" width=\"162\" height=\"162\" loading=\"lazy\" data-original-width=\"162\" data-original-height=\"162\" itemprop=\"http:\/\/schema.org\/image\" title=\"camping repos pedraforca 11\" alt=\"camping repos pedraforca 11\" style=\"width: 162px; height: 162px;\" \/> <\/a> <\/div> <\/div> <\/div> <div class=\"gallery-row\" style=\"width: 500px; height: 166px;\" data-original-width=\"500\" data-original-height=\"166\" > <div class=\"gallery-group\" style=\"width: 166px; height: 166px;\" data-original-width=\"166\" data-original-height=\"166\" > <div class=\"tiled-gallery-item \" itemprop=\"associatedMedia\" itemscope itemtype=\"http:\/\/schema.org\/ImageObject\"> <a href=\"https:\/\/locaacademiafamiliar.com\/ca\/2019\/que-fer-a-les-valls-del-pedraforca-amb-nens-bergueda\/camping-repos-pedraforca-13-2\/\" border=\"0\" itemprop=\"url\"> <meta itemprop=\"width\" content=\"162\"> <meta itemprop=\"height\" content=\"162\"> <img decoding=\"async\" class=\"\" data-attachment-id=\"7535\" data-orig-file=\"https:\/\/locaacademiafamiliar.com\/wp-content\/uploads\/2019\/06\/camping-repos-pedraforca-13.jpg\" data-orig-size=\"1671,942\" data-comments-opened=\"1\" data-image-meta=\"{&quot;aperture&quot;:&quot;1.75&quot;,&quot;credit&quot;:&quot;&quot;,&quot;camera&quot;:&quot;moto g(7) plus&quot;,&quot;caption&quot;:&quot;&quot;,&quot;created_timestamp&quot;:&quot;1559392063&quot;,&quot;copyright&quot;:&quot;&quot;,&quot;focal_length&quot;:&quot;4.28&quot;,&quot;iso&quot;:&quot;125&quot;,&quot;shutter_speed&quot;:&quot;0.03030303030303&quot;,&quot;title&quot;:&quot;&quot;,&quot;orientation&quot;:&quot;1&quot;}\" data-image-title=\"camping repos pedraforca 13\" data-image-description=\"\" data-medium-file=\"https:\/\/i0.wp.com\/locaacademiafamiliar.com\/wp-content\/uploads\/2019\/06\/camping-repos-pedraforca-13.jpg?fit=300%2C169&#038;ssl=1\" data-large-file=\"https:\/\/i0.wp.com\/locaacademiafamiliar.com\/wp-content\/uploads\/2019\/06\/camping-repos-pedraforca-13.jpg?fit=1024%2C577&#038;ssl=1\" src=\"https:\/\/i0.wp.com\/locaacademiafamiliar.com\/wp-content\/uploads\/2019\/06\/camping-repos-pedraforca-13.jpg?w=162&#038;h=162&#038;crop=1&#038;ssl=1\" srcset=\"https:\/\/i0.wp.com\/locaacademiafamiliar.com\/wp-content\/uploads\/2019\/06\/camping-repos-pedraforca-13.jpg?resize=150%2C150&amp;ssl=1 150w, https:\/\/i0.wp.com\/locaacademiafamiliar.com\/wp-content\/uploads\/2019\/06\/camping-repos-pedraforca-13.jpg?zoom=2&amp;resize=162%2C162 324w, https:\/\/i0.wp.com\/locaacademiafamiliar.com\/wp-content\/uploads\/2019\/06\/camping-repos-pedraforca-13.jpg?zoom=3&amp;resize=162%2C162 486w\" width=\"162\" height=\"162\" loading=\"lazy\" data-original-width=\"162\" data-original-height=\"162\" itemprop=\"http:\/\/schema.org\/image\" title=\"camping repos pedraforca 13\" alt=\"camping repos pedraforca 13\" style=\"width: 162px; height: 162px;\" \/> <\/a> <\/div> <\/div> <div class=\"gallery-group\" style=\"width: 166px; height: 166px;\" data-original-width=\"166\" data-original-height=\"166\" > <div class=\"tiled-gallery-item \" itemprop=\"associatedMedia\" itemscope itemtype=\"http:\/\/schema.org\/ImageObject\"> <a href=\"https:\/\/locaacademiafamiliar.com\/ca\/2019\/que-fer-a-les-valls-del-pedraforca-amb-nens-bergueda\/camping-repos-pedraforca-12-2\/\" border=\"0\" itemprop=\"url\"> <meta itemprop=\"width\" content=\"162\"> <meta itemprop=\"height\" content=\"162\"> <img decoding=\"async\" class=\"\" data-attachment-id=\"7533\" data-orig-file=\"https:\/\/locaacademiafamiliar.com\/wp-content\/uploads\/2019\/06\/camping-repos-pedraforca-12.jpg\" data-orig-size=\"1700,1275\" data-comments-opened=\"1\" data-image-meta=\"{&quot;aperture&quot;:&quot;1.75&quot;,&quot;credit&quot;:&quot;&quot;,&quot;camera&quot;:&quot;moto g(7) plus&quot;,&quot;caption&quot;:&quot;&quot;,&quot;created_timestamp&quot;:&quot;1559414266&quot;,&quot;copyright&quot;:&quot;&quot;,&quot;focal_length&quot;:&quot;4.28&quot;,&quot;iso&quot;:&quot;100&quot;,&quot;shutter_speed&quot;:&quot;0.0024038461538462&quot;,&quot;title&quot;:&quot;&quot;,&quot;orientation&quot;:&quot;1&quot;}\" data-image-title=\"camping repos pedraforca 12\" data-image-description=\"\" data-medium-file=\"https:\/\/i0.wp.com\/locaacademiafamiliar.com\/wp-content\/uploads\/2019\/06\/camping-repos-pedraforca-12.jpg?fit=300%2C225&#038;ssl=1\" data-large-file=\"https:\/\/i0.wp.com\/locaacademiafamiliar.com\/wp-content\/uploads\/2019\/06\/camping-repos-pedraforca-12.jpg?fit=1024%2C768&#038;ssl=1\" src=\"https:\/\/i0.wp.com\/locaacademiafamiliar.com\/wp-content\/uploads\/2019\/06\/camping-repos-pedraforca-12.jpg?w=162&#038;h=162&#038;crop=1&#038;ssl=1\" srcset=\"https:\/\/i0.wp.com\/locaacademiafamiliar.com\/wp-content\/uploads\/2019\/06\/camping-repos-pedraforca-12.jpg?resize=150%2C150&amp;ssl=1 150w, https:\/\/i0.wp.com\/locaacademiafamiliar.com\/wp-content\/uploads\/2019\/06\/camping-repos-pedraforca-12.jpg?zoom=2&amp;resize=162%2C162 324w, https:\/\/i0.wp.com\/locaacademiafamiliar.com\/wp-content\/uploads\/2019\/06\/camping-repos-pedraforca-12.jpg?zoom=3&amp;resize=162%2C162 486w\" width=\"162\" height=\"162\" loading=\"lazy\" data-original-width=\"162\" data-original-height=\"162\" itemprop=\"http:\/\/schema.org\/image\" title=\"camping repos pedraforca 12\" alt=\"camping repos pedraforca 12\" style=\"width: 162px; height: 162px;\" \/> <\/a> <\/div> <\/div> <div class=\"gallery-group\" style=\"width: 166px; height: 166px;\" data-original-width=\"166\" data-original-height=\"166\" > <div class=\"tiled-gallery-item \" itemprop=\"associatedMedia\" itemscope itemtype=\"http:\/\/schema.org\/ImageObject\"> <a href=\"https:\/\/locaacademiafamiliar.com\/ca\/2019\/que-fer-a-les-valls-del-pedraforca-amb-nens-bergueda\/camping-repos-pedraforca-10-2\/\" border=\"0\" itemprop=\"url\"> <meta itemprop=\"width\" content=\"162\"> <meta itemprop=\"height\" content=\"162\"> <img decoding=\"async\" class=\"\" data-attachment-id=\"7529\" data-orig-file=\"https:\/\/locaacademiafamiliar.com\/wp-content\/uploads\/2019\/06\/camping-repos-pedraforca-10.jpg\" data-orig-size=\"1700,1275\" data-comments-opened=\"1\" data-image-meta=\"{&quot;aperture&quot;:&quot;1.75&quot;,&quot;credit&quot;:&quot;&quot;,&quot;camera&quot;:&quot;moto g(7) plus&quot;,&quot;caption&quot;:&quot;&quot;,&quot;created_timestamp&quot;:&quot;1559394349&quot;,&quot;copyright&quot;:&quot;&quot;,&quot;focal_length&quot;:&quot;4.28&quot;,&quot;iso&quot;:&quot;100&quot;,&quot;shutter_speed&quot;:&quot;0.00059453032104637&quot;,&quot;title&quot;:&quot;&quot;,&quot;orientation&quot;:&quot;1&quot;}\" data-image-title=\"camping repos pedraforca 10\" data-image-description=\"\" data-medium-file=\"https:\/\/i0.wp.com\/locaacademiafamiliar.com\/wp-content\/uploads\/2019\/06\/camping-repos-pedraforca-10.jpg?fit=300%2C225&#038;ssl=1\" data-large-file=\"https:\/\/i0.wp.com\/locaacademiafamiliar.com\/wp-content\/uploads\/2019\/06\/camping-repos-pedraforca-10.jpg?fit=1024%2C768&#038;ssl=1\" src=\"https:\/\/i0.wp.com\/locaacademiafamiliar.com\/wp-content\/uploads\/2019\/06\/camping-repos-pedraforca-10.jpg?w=162&#038;h=162&#038;crop=1&#038;ssl=1\" srcset=\"https:\/\/i0.wp.com\/locaacademiafamiliar.com\/wp-content\/uploads\/2019\/06\/camping-repos-pedraforca-10.jpg?resize=150%2C150&amp;ssl=1 150w, https:\/\/i0.wp.com\/locaacademiafamiliar.com\/wp-content\/uploads\/2019\/06\/camping-repos-pedraforca-10.jpg?zoom=2&amp;resize=162%2C162 324w, https:\/\/i0.wp.com\/locaacademiafamiliar.com\/wp-content\/uploads\/2019\/06\/camping-repos-pedraforca-10.jpg?zoom=3&amp;resize=162%2C162 486w\" width=\"162\" height=\"162\" loading=\"lazy\" data-original-width=\"162\" data-original-height=\"162\" itemprop=\"http:\/\/schema.org\/image\" title=\"camping repos pedraforca 10\" alt=\"camping repos pedraforca 10\" style=\"width: 162px; height: 162px;\" \/> <\/a> <\/div> <\/div> <\/div> <\/div>\n<p>Al <strong>C\u00e0mping Rep\u00f2s del Pedraforca<\/strong> hi ha tamb\u00e9 parcel\u00b7les per a tendes i autocaravanes si ho preferiu. Es respira un <strong>ambient de tranquil\u00b7litat i de descans a tota hora<\/strong>. \u00c9s un lloc ideal per desconnectar, carregar piles i inspirar-se.<\/p>\n<p><strong>El millor del c\u00e0mping, a m\u00e9s de les vistes i de la situaci\u00f3 excel\u00b7lent per descobrir la zona del Pedraforca, \u00e9s la seva piscina interior climatitzada.<\/strong> A la nostra filla \u00e9s el que m\u00e9s li va agradar de tot el cap de setmana! ? Hi ha dues piscines exteriors grans, amb una mica de gespa per tombar-se, per\u00f2 quan nosaltres hi vam ser, tot just obrien temporada i l&#8217;aigua estava freda (1 de juny). En canvi, poder estar tots banyant-nos a la piscina coberta (els dos dies) va ser genial. No \u00e9s una piscina molt gran i, per aix\u00f2, cal reservar hora per grup\/fam\u00edlia. La reserva \u00e9s per a 1 hora i aix\u00ed la utilitzes al teu aire amb els teus, i sense aglomeracions \ud83d\ude42<\/p>\n<p>Tamb\u00e9 tenen <strong>un parell de zones de joc infantil ben xules. I organitzen tallers familiars alguns caps de setmana<\/strong>. Feu una ullada a <strong>l&#8217;<a href=\"https:\/\/www.campingpedraforca.com\/es\/actividades\/\" target=\"_blank\" rel=\"noopener\">agenda del c\u00e0mping<\/a>.<\/strong><\/p>\n<p>Per a m\u00e9s informaci\u00f3 sobre<strong> activitats a realitzar a Valls del Pedrafroca, consulteu la seva web oficial de turisme <a href=\"https:\/\/www.visitpedraforca.com\/\" target=\"_blank\" rel=\"noopener\">VisitPedraforca.com<\/a><\/strong>. All\u00e0 trobareu m\u00e9s detalls d&#8217;excursions (amb o sense nens), allotjaments, restaurants i activitats. Una escapada hiper recomanable!<\/p>\n","protected":false},"excerpt":{"rendered":"<div class=\"mh-excerpt\"><p>A mitja hora de Berga, muntanya amunt, hi ha un lloc espectacular per a una escapada de relax, d&#8217;excursions i de natura. S\u00f3n les Valls del Pedraforca, un lloc brutal per als amants del senderisme i de la desconnexi\u00f3 en verd. Us expliquem les activitats familiars que podeu fer amb nens a les Valls del Pedraforca, a prop de Berga, en ple Pirineu Catal\u00e0. <a class=\"mh-excerpt-more\" href=\"https:\/\/locaacademiafamiliar.com\/ca\/2019\/que-fer-a-les-valls-del-pedraforca-amb-nens-bergueda\/\" title=\"Qu\u00e8 fer a les Valls del Pedraforca amb nens (Bergued\u00e0)\">[&#8230;]<\/a><\/p>\n<\/div>","protected":false},"author":1,"featured_media":7547,"comment_status":"open","ping_status":"open","sticky":false,"template":"","format":"standard","meta":{"_monsterinsights_skip_tracking":false,"_monsterinsights_sitenote_active":false,"_monsterinsights_sitenote_note":"","_monsterinsights_sitenote_category":0,"_jetpack_memberships_contains_paid_content":false,"footnotes":""},"categories":[37],"tags":[106,93],"class_list":{"0":"post-7599","1":"post","2":"type-post","3":"status-publish","4":"format-standard","5":"has-post-thumbnail","7":"category-geografia-ca","8":"tag-catalunya-ca","9":"tag-excursions"},"yoast_head":"<!-- This site is optimized with the Yoast SEO plugin v26.8 - https:\/\/yoast.com\/product\/yoast-seo-wordpress\/ -->\n<title>Qu\u00e8 fer a les Valls del Pedraforca amb nens (Bergued\u00e0)<\/title>\n<meta name=\"description\" content=\"Qu\u00e8 fer a les Valls del Pedraforca (Bergued\u00e0) amb nens, excursions, campings i activitats per a families amb nens (dinosaures fumanya, parc d&#039;aventura...)\" \/>\n<meta name=\"robots\" content=\"index, follow, max-snippet:-1, max-image-preview:large, max-video-preview:-1\" \/>\n<link rel=\"canonical\" href=\"https:\/\/locaacademiafamiliar.com\/ca\/2019\/que-fer-a-les-valls-del-pedraforca-amb-nens-bergueda\/\" \/>\n<meta property=\"og:locale\" content=\"ca_ES\" \/>\n<meta property=\"og:type\" content=\"article\" \/>\n<meta property=\"og:title\" content=\"Qu\u00e8 fer a les Valls del Pedraforca amb nens (Bergued\u00e0)\" \/>\n<meta property=\"og:description\" content=\"Qu\u00e8 fer a les Valls del Pedraforca (Bergued\u00e0) amb nens, excursions, campings i activitats per a families amb nens (dinosaures fumanya, parc d&#039;aventura...)\" \/>\n<meta property=\"og:url\" content=\"https:\/\/locaacademiafamiliar.com\/ca\/2019\/que-fer-a-les-valls-del-pedraforca-amb-nens-bergueda\/\" \/>\n<meta property=\"og:site_name\" content=\"Boja Acad\u00e8mia Familiar\" \/>\n<meta property=\"article:publisher\" content=\"https:\/\/www.facebook.com\/LocaAcademiaFamiliar\" \/>\n<meta property=\"article:author\" content=\"http:\/\/www.facebook.com\/locaacademiafamiliar\" \/>\n<meta property=\"article:published_time\" content=\"2019-06-14T13:58:37+00:00\" \/>\n<meta property=\"article:modified_time\" content=\"2019-06-14T14:10:24+00:00\" \/>\n<meta property=\"og:image\" content=\"https:\/\/locaacademiafamiliar.com\/wp-content\/uploads\/2019\/06\/dinosaures-fumanya-8.jpg\" \/>\n\t<meta property=\"og:image:width\" content=\"1600\" \/>\n\t<meta property=\"og:image:height\" content=\"1066\" \/>\n\t<meta property=\"og:image:type\" content=\"image\/jpeg\" \/>\n<meta name=\"author\" content=\"Roser\" \/>\n<meta name=\"twitter:card\" content=\"summary_large_image\" \/>\n<meta name=\"twitter:label1\" content=\"Escrit per\" \/>\n\t<meta name=\"twitter:data1\" content=\"Roser\" \/>\n\t<meta name=\"twitter:label2\" content=\"Temps estimat de lectura\" \/>\n\t<meta name=\"twitter:data2\" content=\"8 minuts\" \/>\n<script type=\"application\/ld+json\" class=\"yoast-schema-graph\">{\"@context\":\"https:\/\/schema.org\",\"@graph\":[{\"@type\":\"Article\",\"@id\":\"https:\/\/locaacademiafamiliar.com\/ca\/2019\/que-fer-a-les-valls-del-pedraforca-amb-nens-bergueda\/#article\",\"isPartOf\":{\"@id\":\"https:\/\/locaacademiafamiliar.com\/ca\/2019\/que-fer-a-les-valls-del-pedraforca-amb-nens-bergueda\/\"},\"author\":{\"name\":\"Roser\",\"@id\":\"https:\/\/locaacademiafamiliar.com\/ca\/#\/schema\/person\/c38ddbb3d4c6f37be7c9c57b205fdd2d\"},\"headline\":\"Qu\u00e8 fer a les Valls del Pedraforca amb nens (Bergued\u00e0)\",\"datePublished\":\"2019-06-14T13:58:37+00:00\",\"dateModified\":\"2019-06-14T14:10:24+00:00\",\"mainEntityOfPage\":{\"@id\":\"https:\/\/locaacademiafamiliar.com\/ca\/2019\/que-fer-a-les-valls-del-pedraforca-amb-nens-bergueda\/\"},\"wordCount\":1611,\"commentCount\":0,\"publisher\":{\"@id\":\"https:\/\/locaacademiafamiliar.com\/ca\/#organization\"},\"image\":{\"@id\":\"https:\/\/locaacademiafamiliar.com\/ca\/2019\/que-fer-a-les-valls-del-pedraforca-amb-nens-bergueda\/#primaryimage\"},\"thumbnailUrl\":\"https:\/\/i0.wp.com\/locaacademiafamiliar.com\/wp-content\/uploads\/2019\/06\/dinosaures-fumanya-8.jpg?fit=1600%2C1066&ssl=1\",\"keywords\":[\"catalunya\",\"Excursions\"],\"articleSection\":[\"Geografia\"],\"inLanguage\":\"ca\",\"potentialAction\":[{\"@type\":\"CommentAction\",\"name\":\"Comment\",\"target\":[\"https:\/\/locaacademiafamiliar.com\/ca\/2019\/que-fer-a-les-valls-del-pedraforca-amb-nens-bergueda\/#respond\"]}]},{\"@type\":\"WebPage\",\"@id\":\"https:\/\/locaacademiafamiliar.com\/ca\/2019\/que-fer-a-les-valls-del-pedraforca-amb-nens-bergueda\/\",\"url\":\"https:\/\/locaacademiafamiliar.com\/ca\/2019\/que-fer-a-les-valls-del-pedraforca-amb-nens-bergueda\/\",\"name\":\"Qu\u00e8 fer a les Valls del Pedraforca amb nens (Bergued\u00e0)\",\"isPartOf\":{\"@id\":\"https:\/\/locaacademiafamiliar.com\/ca\/#website\"},\"primaryImageOfPage\":{\"@id\":\"https:\/\/locaacademiafamiliar.com\/ca\/2019\/que-fer-a-les-valls-del-pedraforca-amb-nens-bergueda\/#primaryimage\"},\"image\":{\"@id\":\"https:\/\/locaacademiafamiliar.com\/ca\/2019\/que-fer-a-les-valls-del-pedraforca-amb-nens-bergueda\/#primaryimage\"},\"thumbnailUrl\":\"https:\/\/i0.wp.com\/locaacademiafamiliar.com\/wp-content\/uploads\/2019\/06\/dinosaures-fumanya-8.jpg?fit=1600%2C1066&ssl=1\",\"datePublished\":\"2019-06-14T13:58:37+00:00\",\"dateModified\":\"2019-06-14T14:10:24+00:00\",\"description\":\"Qu\u00e8 fer a les Valls del Pedraforca (Bergued\u00e0) amb nens, excursions, campings i activitats per a families amb nens (dinosaures fumanya, parc d'aventura...)\",\"breadcrumb\":{\"@id\":\"https:\/\/locaacademiafamiliar.com\/ca\/2019\/que-fer-a-les-valls-del-pedraforca-amb-nens-bergueda\/#breadcrumb\"},\"inLanguage\":\"ca\",\"potentialAction\":[{\"@type\":\"ReadAction\",\"target\":[\"https:\/\/locaacademiafamiliar.com\/ca\/2019\/que-fer-a-les-valls-del-pedraforca-amb-nens-bergueda\/\"]}]},{\"@type\":\"ImageObject\",\"inLanguage\":\"ca\",\"@id\":\"https:\/\/locaacademiafamiliar.com\/ca\/2019\/que-fer-a-les-valls-del-pedraforca-amb-nens-bergueda\/#primaryimage\",\"url\":\"https:\/\/i0.wp.com\/locaacademiafamiliar.com\/wp-content\/uploads\/2019\/06\/dinosaures-fumanya-8.jpg?fit=1600%2C1066&ssl=1\",\"contentUrl\":\"https:\/\/i0.wp.com\/locaacademiafamiliar.com\/wp-content\/uploads\/2019\/06\/dinosaures-fumanya-8.jpg?fit=1600%2C1066&ssl=1\",\"width\":1600,\"height\":1066},{\"@type\":\"BreadcrumbList\",\"@id\":\"https:\/\/locaacademiafamiliar.com\/ca\/2019\/que-fer-a-les-valls-del-pedraforca-amb-nens-bergueda\/#breadcrumb\",\"itemListElement\":[{\"@type\":\"ListItem\",\"position\":1,\"name\":\"Portada\",\"item\":\"https:\/\/locaacademiafamiliar.com\/ca\/\"},{\"@type\":\"ListItem\",\"position\":2,\"name\":\"Qu\u00e8 fer a les Valls del Pedraforca amb nens (Bergued\u00e0)\"}]},{\"@type\":\"WebSite\",\"@id\":\"https:\/\/locaacademiafamiliar.com\/ca\/#website\",\"url\":\"https:\/\/locaacademiafamiliar.com\/ca\/\",\"name\":\"Boja Acad\u00e8mia Familiar\",\"description\":\"El blog de crianza con el que pap\u00e1s y mam\u00e1s salen mejor preparados para su rutina familiar diaria\",\"publisher\":{\"@id\":\"https:\/\/locaacademiafamiliar.com\/ca\/#organization\"},\"potentialAction\":[{\"@type\":\"SearchAction\",\"target\":{\"@type\":\"EntryPoint\",\"urlTemplate\":\"https:\/\/locaacademiafamiliar.com\/ca\/?s={search_term_string}\"},\"query-input\":{\"@type\":\"PropertyValueSpecification\",\"valueRequired\":true,\"valueName\":\"search_term_string\"}}],\"inLanguage\":\"ca\"},{\"@type\":\"Organization\",\"@id\":\"https:\/\/locaacademiafamiliar.com\/ca\/#organization\",\"name\":\"LocaAcademiaFamiliar.com\",\"url\":\"https:\/\/locaacademiafamiliar.com\/ca\/\",\"logo\":{\"@type\":\"ImageObject\",\"inLanguage\":\"ca\",\"@id\":\"https:\/\/locaacademiafamiliar.com\/ca\/#\/schema\/logo\/image\/\",\"url\":\"https:\/\/locaacademiafamiliar.com\/wp-content\/uploads\/2020\/01\/logo-loca-academia-familiar.jpg\",\"contentUrl\":\"https:\/\/locaacademiafamiliar.com\/wp-content\/uploads\/2020\/01\/logo-loca-academia-familiar.jpg\",\"width\":960,\"height\":960,\"caption\":\"LocaAcademiaFamiliar.com\"},\"image\":{\"@id\":\"https:\/\/locaacademiafamiliar.com\/ca\/#\/schema\/logo\/image\/\"},\"sameAs\":[\"https:\/\/www.facebook.com\/LocaAcademiaFamiliar\"]},{\"@type\":\"Person\",\"@id\":\"https:\/\/locaacademiafamiliar.com\/ca\/#\/schema\/person\/c38ddbb3d4c6f37be7c9c57b205fdd2d\",\"name\":\"Roser\",\"image\":{\"@type\":\"ImageObject\",\"inLanguage\":\"ca\",\"@id\":\"https:\/\/locaacademiafamiliar.com\/ca\/#\/schema\/person\/image\/\",\"url\":\"https:\/\/secure.gravatar.com\/avatar\/505f69c7969f855daaa0f97fb5b0b6b2?s=96&d=mm&r=g\",\"contentUrl\":\"https:\/\/secure.gravatar.com\/avatar\/505f69c7969f855daaa0f97fb5b0b6b2?s=96&d=mm&r=g\",\"caption\":\"Roser\"},\"description\":\"\u00a1Hola soy Roser! Mam\u00e1 de una ni\u00f1a preciosa y muy movida, nacida en agosto 2015; y de un ni\u00f1o guap\u00edsimo y valiente nacido en octubre 2017. Antes estaba \\\"sempre viaggiando\\\" y ahora estoy siempre jugando, cantando y saltando. Llevo 10 a\u00f1os como blogger de viajes y vivo en Olot, Girona. Si quieres estar informado de los eventos y actividades para familias con ni\u00f1os en Catalunya, haz click aqu\u00ed para apuntarte a nuestra newsletter.\",\"sameAs\":[\"http:\/\/www.locaacademiafamiliar.com\",\"http:\/\/www.facebook.com\/locaacademiafamiliar\"],\"url\":\"https:\/\/locaacademiafamiliar.com\/ca\/author\/roser\/\"}]}<\/script>\n<!-- \/ Yoast SEO plugin. -->","yoast_head_json":{"title":"Qu\u00e8 fer a les Valls del Pedraforca amb nens (Bergued\u00e0)","description":"Qu\u00e8 fer a les Valls del Pedraforca (Bergued\u00e0) amb nens, excursions, campings i activitats per a families amb nens (dinosaures fumanya, parc d'aventura...)","robots":{"index":"index","follow":"follow","max-snippet":"max-snippet:-1","max-image-preview":"max-image-preview:large","max-video-preview":"max-video-preview:-1"},"canonical":"https:\/\/locaacademiafamiliar.com\/ca\/2019\/que-fer-a-les-valls-del-pedraforca-amb-nens-bergueda\/","og_locale":"ca_ES","og_type":"article","og_title":"Qu\u00e8 fer a les Valls del Pedraforca amb nens (Bergued\u00e0)","og_description":"Qu\u00e8 fer a les Valls del Pedraforca (Bergued\u00e0) amb nens, excursions, campings i activitats per a families amb nens (dinosaures fumanya, parc d'aventura...)","og_url":"https:\/\/locaacademiafamiliar.com\/ca\/2019\/que-fer-a-les-valls-del-pedraforca-amb-nens-bergueda\/","og_site_name":"Boja Acad\u00e8mia Familiar","article_publisher":"https:\/\/www.facebook.com\/LocaAcademiaFamiliar","article_author":"http:\/\/www.facebook.com\/locaacademiafamiliar","article_published_time":"2019-06-14T13:58:37+00:00","article_modified_time":"2019-06-14T14:10:24+00:00","og_image":[{"width":1600,"height":1066,"url":"https:\/\/locaacademiafamiliar.com\/wp-content\/uploads\/2019\/06\/dinosaures-fumanya-8.jpg","type":"image\/jpeg"}],"author":"Roser","twitter_card":"summary_large_image","twitter_misc":{"Escrit per":"Roser","Temps estimat de lectura":"8 minuts"},"schema":{"@context":"https:\/\/schema.org","@graph":[{"@type":"Article","@id":"https:\/\/locaacademiafamiliar.com\/ca\/2019\/que-fer-a-les-valls-del-pedraforca-amb-nens-bergueda\/#article","isPartOf":{"@id":"https:\/\/locaacademiafamiliar.com\/ca\/2019\/que-fer-a-les-valls-del-pedraforca-amb-nens-bergueda\/"},"author":{"name":"Roser","@id":"https:\/\/locaacademiafamiliar.com\/ca\/#\/schema\/person\/c38ddbb3d4c6f37be7c9c57b205fdd2d"},"headline":"Qu\u00e8 fer a les Valls del Pedraforca amb nens (Bergued\u00e0)","datePublished":"2019-06-14T13:58:37+00:00","dateModified":"2019-06-14T14:10:24+00:00","mainEntityOfPage":{"@id":"https:\/\/locaacademiafamiliar.com\/ca\/2019\/que-fer-a-les-valls-del-pedraforca-amb-nens-bergueda\/"},"wordCount":1611,"commentCount":0,"publisher":{"@id":"https:\/\/locaacademiafamiliar.com\/ca\/#organization"},"image":{"@id":"https:\/\/locaacademiafamiliar.com\/ca\/2019\/que-fer-a-les-valls-del-pedraforca-amb-nens-bergueda\/#primaryimage"},"thumbnailUrl":"https:\/\/i0.wp.com\/locaacademiafamiliar.com\/wp-content\/uploads\/2019\/06\/dinosaures-fumanya-8.jpg?fit=1600%2C1066&ssl=1","keywords":["catalunya","Excursions"],"articleSection":["Geografia"],"inLanguage":"ca","potentialAction":[{"@type":"CommentAction","name":"Comment","target":["https:\/\/locaacademiafamiliar.com\/ca\/2019\/que-fer-a-les-valls-del-pedraforca-amb-nens-bergueda\/#respond"]}]},{"@type":"WebPage","@id":"https:\/\/locaacademiafamiliar.com\/ca\/2019\/que-fer-a-les-valls-del-pedraforca-amb-nens-bergueda\/","url":"https:\/\/locaacademiafamiliar.com\/ca\/2019\/que-fer-a-les-valls-del-pedraforca-amb-nens-bergueda\/","name":"Qu\u00e8 fer a les Valls del Pedraforca amb nens (Bergued\u00e0)","isPartOf":{"@id":"https:\/\/locaacademiafamiliar.com\/ca\/#website"},"primaryImageOfPage":{"@id":"https:\/\/locaacademiafamiliar.com\/ca\/2019\/que-fer-a-les-valls-del-pedraforca-amb-nens-bergueda\/#primaryimage"},"image":{"@id":"https:\/\/locaacademiafamiliar.com\/ca\/2019\/que-fer-a-les-valls-del-pedraforca-amb-nens-bergueda\/#primaryimage"},"thumbnailUrl":"https:\/\/i0.wp.com\/locaacademiafamiliar.com\/wp-content\/uploads\/2019\/06\/dinosaures-fumanya-8.jpg?fit=1600%2C1066&ssl=1","datePublished":"2019-06-14T13:58:37+00:00","dateModified":"2019-06-14T14:10:24+00:00","description":"Qu\u00e8 fer a les Valls del Pedraforca (Bergued\u00e0) amb nens, excursions, campings i activitats per a families amb nens (dinosaures fumanya, parc d'aventura...)","breadcrumb":{"@id":"https:\/\/locaacademiafamiliar.com\/ca\/2019\/que-fer-a-les-valls-del-pedraforca-amb-nens-bergueda\/#breadcrumb"},"inLanguage":"ca","potentialAction":[{"@type":"ReadAction","target":["https:\/\/locaacademiafamiliar.com\/ca\/2019\/que-fer-a-les-valls-del-pedraforca-amb-nens-bergueda\/"]}]},{"@type":"ImageObject","inLanguage":"ca","@id":"https:\/\/locaacademiafamiliar.com\/ca\/2019\/que-fer-a-les-valls-del-pedraforca-amb-nens-bergueda\/#primaryimage","url":"https:\/\/i0.wp.com\/locaacademiafamiliar.com\/wp-content\/uploads\/2019\/06\/dinosaures-fumanya-8.jpg?fit=1600%2C1066&ssl=1","contentUrl":"https:\/\/i0.wp.com\/locaacademiafamiliar.com\/wp-content\/uploads\/2019\/06\/dinosaures-fumanya-8.jpg?fit=1600%2C1066&ssl=1","width":1600,"height":1066},{"@type":"BreadcrumbList","@id":"https:\/\/locaacademiafamiliar.com\/ca\/2019\/que-fer-a-les-valls-del-pedraforca-amb-nens-bergueda\/#breadcrumb","itemListElement":[{"@type":"ListItem","position":1,"name":"Portada","item":"https:\/\/locaacademiafamiliar.com\/ca\/"},{"@type":"ListItem","position":2,"name":"Qu\u00e8 fer a les Valls del Pedraforca amb nens (Bergued\u00e0)"}]},{"@type":"WebSite","@id":"https:\/\/locaacademiafamiliar.com\/ca\/#website","url":"https:\/\/locaacademiafamiliar.com\/ca\/","name":"Boja Acad\u00e8mia Familiar","description":"El blog de crianza con el que pap\u00e1s y mam\u00e1s salen mejor preparados para su rutina familiar diaria","publisher":{"@id":"https:\/\/locaacademiafamiliar.com\/ca\/#organization"},"potentialAction":[{"@type":"SearchAction","target":{"@type":"EntryPoint","urlTemplate":"https:\/\/locaacademiafamiliar.com\/ca\/?s={search_term_string}"},"query-input":{"@type":"PropertyValueSpecification","valueRequired":true,"valueName":"search_term_string"}}],"inLanguage":"ca"},{"@type":"Organization","@id":"https:\/\/locaacademiafamiliar.com\/ca\/#organization","name":"LocaAcademiaFamiliar.com","url":"https:\/\/locaacademiafamiliar.com\/ca\/","logo":{"@type":"ImageObject","inLanguage":"ca","@id":"https:\/\/locaacademiafamiliar.com\/ca\/#\/schema\/logo\/image\/","url":"https:\/\/locaacademiafamiliar.com\/wp-content\/uploads\/2020\/01\/logo-loca-academia-familiar.jpg","contentUrl":"https:\/\/locaacademiafamiliar.com\/wp-content\/uploads\/2020\/01\/logo-loca-academia-familiar.jpg","width":960,"height":960,"caption":"LocaAcademiaFamiliar.com"},"image":{"@id":"https:\/\/locaacademiafamiliar.com\/ca\/#\/schema\/logo\/image\/"},"sameAs":["https:\/\/www.facebook.com\/LocaAcademiaFamiliar"]},{"@type":"Person","@id":"https:\/\/locaacademiafamiliar.com\/ca\/#\/schema\/person\/c38ddbb3d4c6f37be7c9c57b205fdd2d","name":"Roser","image":{"@type":"ImageObject","inLanguage":"ca","@id":"https:\/\/locaacademiafamiliar.com\/ca\/#\/schema\/person\/image\/","url":"https:\/\/secure.gravatar.com\/avatar\/505f69c7969f855daaa0f97fb5b0b6b2?s=96&d=mm&r=g","contentUrl":"https:\/\/secure.gravatar.com\/avatar\/505f69c7969f855daaa0f97fb5b0b6b2?s=96&d=mm&r=g","caption":"Roser"},"description":"\u00a1Hola soy Roser! Mam\u00e1 de una ni\u00f1a preciosa y muy movida, nacida en agosto 2015; y de un ni\u00f1o guap\u00edsimo y valiente nacido en octubre 2017. Antes estaba \"sempre viaggiando\" y ahora estoy siempre jugando, cantando y saltando. Llevo 10 a\u00f1os como blogger de viajes y vivo en Olot, Girona. Si quieres estar informado de los eventos y actividades para familias con ni\u00f1os en Catalunya, haz click aqu\u00ed para apuntarte a nuestra newsletter.","sameAs":["http:\/\/www.locaacademiafamiliar.com","http:\/\/www.facebook.com\/locaacademiafamiliar"],"url":"https:\/\/locaacademiafamiliar.com\/ca\/author\/roser\/"}]}},"jetpack_featured_media_url":"https:\/\/i0.wp.com\/locaacademiafamiliar.com\/wp-content\/uploads\/2019\/06\/dinosaures-fumanya-8.jpg?fit=1600%2C1066&ssl=1","jetpack_sharing_enabled":true,"amp_enabled":true,"_links":{"self":[{"href":"https:\/\/locaacademiafamiliar.com\/ca\/wp-json\/wp\/v2\/posts\/7599","targetHints":{"allow":["GET"]}}],"collection":[{"href":"https:\/\/locaacademiafamiliar.com\/ca\/wp-json\/wp\/v2\/posts"}],"about":[{"href":"https:\/\/locaacademiafamiliar.com\/ca\/wp-json\/wp\/v2\/types\/post"}],"author":[{"embeddable":true,"href":"https:\/\/locaacademiafamiliar.com\/ca\/wp-json\/wp\/v2\/users\/1"}],"replies":[{"embeddable":true,"href":"https:\/\/locaacademiafamiliar.com\/ca\/wp-json\/wp\/v2\/comments?post=7599"}],"version-history":[{"count":0,"href":"https:\/\/locaacademiafamiliar.com\/ca\/wp-json\/wp\/v2\/posts\/7599\/revisions"}],"wp:featuredmedia":[{"embeddable":true,"href":"https:\/\/locaacademiafamiliar.com\/ca\/wp-json\/wp\/v2\/media\/7547"}],"wp:attachment":[{"href":"https:\/\/locaacademiafamiliar.com\/ca\/wp-json\/wp\/v2\/media?parent=7599"}],"wp:term":[{"taxonomy":"category","embeddable":true,"href":"https:\/\/locaacademiafamiliar.com\/ca\/wp-json\/wp\/v2\/categories?post=7599"},{"taxonomy":"post_tag","embeddable":true,"href":"https:\/\/locaacademiafamiliar.com\/ca\/wp-json\/wp\/v2\/tags?post=7599"}],"curies":[{"name":"wp","href":"https:\/\/api.w.org\/{rel}","templated":true}]}}