{"id":7642,"date":"2019-06-17T19:19:10","date_gmt":"2019-06-17T19:19:10","guid":{"rendered":"https:\/\/locaacademiafamiliar.com\/?p=7642"},"modified":"2019-06-17T19:53:42","modified_gmt":"2019-06-17T19:53:42","slug":"idees-per-a-un-estiu-sense-deures","status":"publish","type":"post","link":"https:\/\/locaacademiafamiliar.com\/ca\/2019\/idees-per-a-un-estiu-sense-deures\/","title":{"rendered":"Idees per a un estiu sense deures"},"content":{"rendered":"<p>Ens queda res per oblidar-nos de la rutina del cole! Quines ganes de comen\u00e7ar a no tenir tantes obligacions, oi? La veritat \u00e9s que <strong>l&#8217;estiu<\/strong> \u00e9s el moment de la diversi\u00f3 per excel\u00b7l\u00e8ncia: <strong>piscina, platja, gelats i orxates!<\/strong><\/p>\n<p>I encara que des d&#8217;algunes <a href=\"https:\/\/locaacademiafamiliar.com\/ca\/2018\/coses-a-tenir-en-compte-a-lhora-descollir-escola\/\"><strong>escoles<\/strong><\/a>\u00a0ens diuen que \u00e9s important mantenir el que s&#8217;ha apr\u00e8s i fer refor\u00e7 per comen\u00e7ar el seg\u00fcent curs amb un nivell ideal&#8230; <strong>A vosaltres tamb\u00e9 us fa mandra obligar els nens a &#8220;estudiar&#8221; i a fer deures a l&#8217;estiu?<\/strong><\/p>\n<p>Aqu\u00ed teniu algunes <strong>propostes divertides<\/strong>\u00a0<strong>per aquest estiu<\/strong>\u00a0per mantenir tot el que s&#8217;ha apr\u00e8s durant el curs, <strong>sense necessitat de fer deures<\/strong>. A veure quina us agrada m\u00e9s!<\/p>\n<h3>Un amic per carta: penpal<\/h3>\n<p><img data-recalc-dims=\"1\" decoding=\"async\" class=\"aligncenter size-large wp-image-7619\" src=\"https:\/\/i0.wp.com\/locaacademiafamiliar.com\/wp-content\/uploads\/2019\/06\/letters-566562_1280-1024x623.jpg?resize=1024%2C623&#038;ssl=1\" alt=\"\" width=\"1024\" height=\"623\" srcset=\"https:\/\/i0.wp.com\/locaacademiafamiliar.com\/wp-content\/uploads\/2019\/06\/letters-566562_1280.jpg?resize=1024%2C623&amp;ssl=1 1024w, https:\/\/i0.wp.com\/locaacademiafamiliar.com\/wp-content\/uploads\/2019\/06\/letters-566562_1280.jpg?resize=300%2C183&amp;ssl=1 300w, https:\/\/i0.wp.com\/locaacademiafamiliar.com\/wp-content\/uploads\/2019\/06\/letters-566562_1280.jpg?resize=768%2C467&amp;ssl=1 768w, https:\/\/i0.wp.com\/locaacademiafamiliar.com\/wp-content\/uploads\/2019\/06\/letters-566562_1280.jpg?w=1280&amp;ssl=1 1280w\" sizes=\"(max-width: 1000px) 100vw, 1000px\" \/><\/p>\n<p>A la nostra filla gran (6 anys) li fa <strong>una il\u00b7lusi\u00f3 extrema rebre cartes al seu nom<\/strong>. Aprofitant aix\u00f2, hem pensat fomentar l&#8217;opci\u00f3 de <strong>tenir una &#8220;amiga per correspond\u00e8ncia&#8221;, una &#8220;Penpal&#8221;<\/strong> com diuen els americans.<\/p>\n<p>Aquesta persona pot ser coneguda, encara que el m\u00e9s habitual \u00e9s que sigui desconeguda i es vagi forjant una relaci\u00f3 carta a carta.<\/p>\n<p>En el nostre cas <strong>li demanarem a alguna fam\u00edlia amiga de la classe<\/strong> (o de l&#8217;antiga llar d&#8217;infants) si li ve de gust aprofitar l&#8217;estiu perqu\u00e8 les nenes s&#8217;escriguin cartes explicant-el que van fent. Alg\u00fa trobarem! \ud83d\ude42<\/p>\n<h3>Lectures diferents a les habituals<\/h3>\n<p><img data-recalc-dims=\"1\" decoding=\"async\" class=\"aligncenter size-large wp-image-7621\" src=\"https:\/\/i0.wp.com\/locaacademiafamiliar.com\/wp-content\/uploads\/2019\/06\/person-2588081_1280-1024x767.jpg?resize=1024%2C767&#038;ssl=1\" alt=\"\" width=\"1024\" height=\"767\" srcset=\"https:\/\/i0.wp.com\/locaacademiafamiliar.com\/wp-content\/uploads\/2019\/06\/person-2588081_1280.jpg?resize=1024%2C767&amp;ssl=1 1024w, https:\/\/i0.wp.com\/locaacademiafamiliar.com\/wp-content\/uploads\/2019\/06\/person-2588081_1280.jpg?resize=300%2C225&amp;ssl=1 300w, https:\/\/i0.wp.com\/locaacademiafamiliar.com\/wp-content\/uploads\/2019\/06\/person-2588081_1280.jpg?resize=768%2C575&amp;ssl=1 768w, https:\/\/i0.wp.com\/locaacademiafamiliar.com\/wp-content\/uploads\/2019\/06\/person-2588081_1280.jpg?resize=678%2C509&amp;ssl=1 678w, https:\/\/i0.wp.com\/locaacademiafamiliar.com\/wp-content\/uploads\/2019\/06\/person-2588081_1280.jpg?resize=326%2C245&amp;ssl=1 326w, https:\/\/i0.wp.com\/locaacademiafamiliar.com\/wp-content\/uploads\/2019\/06\/person-2588081_1280.jpg?resize=80%2C60&amp;ssl=1 80w, https:\/\/i0.wp.com\/locaacademiafamiliar.com\/wp-content\/uploads\/2019\/06\/person-2588081_1280.jpg?w=1280&amp;ssl=1 1280w\" sizes=\"(max-width: 1000px) 100vw, 1000px\" \/><\/p>\n<p>Per descomptat, seguir llegint \u00e9s imprescindible a l&#8217;estiu, tot i que podem variar una mica perqu\u00e8 sigui<strong> m\u00e9s divertit i inusual<\/strong>. L&#8217;opci\u00f3 de les<strong> revistes infantils<\/strong> encara est\u00e0 per explorar en el nostre cas i crec que aviat caldr\u00e0 posar-s&#8217;hi. Hi ha revistes infantils de moltes tem\u00e0tiques diferents, l&#8217;important \u00e9s que llegim, llegim i llegim.<\/p>\n<p>L&#8217;altre dia se&#8217;ns va oc\u00f3rrer una activitat molt simple per\u00f2 que us l&#8217;explico per si algun dia la podeu utilitzar. A la nostra filla gran li vam llegir un <strong>tros d&#8217;un llibre juvenil i despr\u00e9s ella va fer un dibuix del que havia ent\u00e8s<\/strong>, una manera m\u00e9s de fomentar la comprensi\u00f3 &#8220;lectora&#8221;.<\/p>\n<h3>Diari de vacances<\/h3>\n<p><img data-recalc-dims=\"1\" decoding=\"async\" class=\"aligncenter size-large wp-image-7623\" src=\"https:\/\/i0.wp.com\/locaacademiafamiliar.com\/wp-content\/uploads\/2019\/06\/adventure-2679504_1280-1024x683.jpg?resize=1024%2C683&#038;ssl=1\" alt=\"\" width=\"1024\" height=\"683\" srcset=\"https:\/\/i0.wp.com\/locaacademiafamiliar.com\/wp-content\/uploads\/2019\/06\/adventure-2679504_1280.jpg?resize=1024%2C683&amp;ssl=1 1024w, https:\/\/i0.wp.com\/locaacademiafamiliar.com\/wp-content\/uploads\/2019\/06\/adventure-2679504_1280.jpg?resize=300%2C200&amp;ssl=1 300w, https:\/\/i0.wp.com\/locaacademiafamiliar.com\/wp-content\/uploads\/2019\/06\/adventure-2679504_1280.jpg?resize=768%2C512&amp;ssl=1 768w, https:\/\/i0.wp.com\/locaacademiafamiliar.com\/wp-content\/uploads\/2019\/06\/adventure-2679504_1280.jpg?w=1280&amp;ssl=1 1280w\" sizes=\"(max-width: 1000px) 100vw, 1000px\" \/><\/p>\n<p>Jo recordo vaig fer un diari la primera vegada que vaig anar a Eurodisney i encara el conservo! Parla dels personatges que vaig veure i del que vaig menjar \ud83d\ude00<\/p>\n<p>Potser per a la nostra filla gran encara \u00e9s aviat per fer un diari complet, per\u00f2 podem <strong>optar per posar una foto d&#8217;activitats o moments que vagin passant i una frase explicativa del costat<\/strong>. <strong>Com un \u00e0lbum cl\u00e0ssic<\/strong> amb records que vagi triant ella de les seves vacances.<\/p>\n<h3>Matem\u00e0tiques a trav\u00e9s de les petites compres<\/h3>\n<p><img data-recalc-dims=\"1\" decoding=\"async\" class=\"aligncenter size-large wp-image-7625\" src=\"https:\/\/i0.wp.com\/locaacademiafamiliar.com\/wp-content\/uploads\/2019\/06\/piggy-bank-968302_1280-1024x682.jpg?resize=1024%2C682&#038;ssl=1\" alt=\"\" width=\"1024\" height=\"682\" srcset=\"https:\/\/i0.wp.com\/locaacademiafamiliar.com\/wp-content\/uploads\/2019\/06\/piggy-bank-968302_1280.jpg?resize=1024%2C682&amp;ssl=1 1024w, https:\/\/i0.wp.com\/locaacademiafamiliar.com\/wp-content\/uploads\/2019\/06\/piggy-bank-968302_1280.jpg?resize=300%2C200&amp;ssl=1 300w, https:\/\/i0.wp.com\/locaacademiafamiliar.com\/wp-content\/uploads\/2019\/06\/piggy-bank-968302_1280.jpg?resize=768%2C512&amp;ssl=1 768w, https:\/\/i0.wp.com\/locaacademiafamiliar.com\/wp-content\/uploads\/2019\/06\/piggy-bank-968302_1280.jpg?w=1280&amp;ssl=1 1280w\" sizes=\"(max-width: 1000px) 100vw, 1000px\" \/><\/p>\n<p>Per mantenir al dia el <strong>c\u00e0lcul mental i les matem\u00e0tiques,<\/strong> res millor que encarregar als nens anar a comprar un gelat \ud83d\ude42 Aix\u00f2 ho tenen molt f\u00e0cil les fam\u00edlies que passen una temporada al <a href=\"https:\/\/locaacademiafamiliar.com\/ca\/2018\/10-escapades-per-catalunya-en-campings-de-muntanya\/\"><strong>c\u00e0mping<\/strong><\/a>; \u00e9s una de les activitats cl\u00e0ssiques de la sobretaula!<\/p>\n<p>Recordo perfectament anar a comprar gelats o el pa amb la bicicleta pel c\u00e0mping i quedar-me el canvi per a la guardiola. Quan la guardiola ja era decent ens compr\u00e0vem patates: D<\/p>\n<p>Nosaltres, que actualment no tenim la sort d&#8217;anar de c\u00e0mping, hem pensat que <strong>la nostra gran vagi amb el seu moneder i pugui anar comprant-aquest tipus de coses perqu\u00e8 es vagi familiaritzant amb les quantitats, sumes, restes<\/strong>&#8230; Ja us explicar\u00e9 que tal va, a veure si ens hem arru\u00efnat abans de finals d&#8217;agost&#8230;<\/p>\n<h3>Quaderns de vacances<\/h3>\n<div class=\"tiled-gallery type-rectangular tiled-gallery-unresized\" data-original-width=\"500\" data-carousel-extra='{&quot;blog_id&quot;:1,&quot;permalink&quot;:&quot;https:\\\/\\\/locaacademiafamiliar.com\\\/ca\\\/2019\\\/idees-per-a-un-estiu-sense-deures\\\/&quot;,&quot;likes_blog_id&quot;:119488531}' itemscope itemtype=\"http:\/\/schema.org\/ImageGallery\" > <div class=\"gallery-row\" style=\"width: 500px; height: 235px;\" data-original-width=\"500\" data-original-height=\"235\" > <div class=\"gallery-group images-1\" style=\"width: 173px; height: 235px;\" data-original-width=\"173\" data-original-height=\"235\" > <div class=\"tiled-gallery-item tiled-gallery-item-small\" itemprop=\"associatedMedia\" itemscope itemtype=\"http:\/\/schema.org\/ImageObject\"> <a href=\"https:\/\/locaacademiafamiliar.com\/ca\/2019\/idees-per-a-un-estiu-sense-deures\/castellnou-quaderns-3-2\/\" border=\"0\" itemprop=\"url\"> <meta itemprop=\"width\" content=\"169\"> <meta itemprop=\"height\" content=\"231\"> <img decoding=\"async\" class=\"\" data-attachment-id=\"7639\" data-orig-file=\"https:\/\/locaacademiafamiliar.com\/wp-content\/uploads\/2019\/06\/castellnou-quaderns-3.png\" data-orig-size=\"313,429\" data-comments-opened=\"1\" data-image-meta=\"{&quot;aperture&quot;:&quot;0&quot;,&quot;credit&quot;:&quot;&quot;,&quot;camera&quot;:&quot;&quot;,&quot;caption&quot;:&quot;&quot;,&quot;created_timestamp&quot;:&quot;0&quot;,&quot;copyright&quot;:&quot;&quot;,&quot;focal_length&quot;:&quot;0&quot;,&quot;iso&quot;:&quot;0&quot;,&quot;shutter_speed&quot;:&quot;0&quot;,&quot;title&quot;:&quot;&quot;,&quot;orientation&quot;:&quot;0&quot;}\" data-image-title=\"castellnou quaderns 3\" data-image-description=\"\" data-medium-file=\"https:\/\/i0.wp.com\/locaacademiafamiliar.com\/wp-content\/uploads\/2019\/06\/castellnou-quaderns-3.png?fit=219%2C300&#038;ssl=1\" data-large-file=\"https:\/\/i0.wp.com\/locaacademiafamiliar.com\/wp-content\/uploads\/2019\/06\/castellnou-quaderns-3.png?fit=313%2C429&#038;ssl=1\" src=\"https:\/\/i0.wp.com\/locaacademiafamiliar.com\/wp-content\/uploads\/2019\/06\/castellnou-quaderns-3.png?w=169&#038;h=231&#038;ssl=1\" srcset=\"https:\/\/i0.wp.com\/locaacademiafamiliar.com\/wp-content\/uploads\/2019\/06\/castellnou-quaderns-3.png?w=313&amp;ssl=1 313w, https:\/\/i0.wp.com\/locaacademiafamiliar.com\/wp-content\/uploads\/2019\/06\/castellnou-quaderns-3.png?resize=219%2C300&amp;ssl=1 219w\" width=\"169\" height=\"231\" loading=\"lazy\" data-original-width=\"169\" data-original-height=\"231\" itemprop=\"http:\/\/schema.org\/image\" title=\"castellnou quaderns 3\" alt=\"castellnou quaderns 3\" style=\"width: 169px; height: 231px;\" \/> <\/a> <\/div> <\/div> <!-- close group --> <div class=\"gallery-group images-1\" style=\"width: 327px; height: 235px;\" data-original-width=\"327\" data-original-height=\"235\" > <div class=\"tiled-gallery-item tiled-gallery-item-large\" itemprop=\"associatedMedia\" itemscope itemtype=\"http:\/\/schema.org\/ImageObject\"> <a href=\"https:\/\/locaacademiafamiliar.com\/ca\/quaderns-castellnou-1\/\" border=\"0\" itemprop=\"url\"> <meta itemprop=\"width\" content=\"323\"> <meta itemprop=\"height\" content=\"231\"> <img decoding=\"async\" class=\"\" data-attachment-id=\"7610\" data-orig-file=\"https:\/\/locaacademiafamiliar.com\/wp-content\/uploads\/2019\/06\/quaderns-castellnou-1.jpg\" data-orig-size=\"900,644\" data-comments-opened=\"1\" data-image-meta=\"{&quot;aperture&quot;:&quot;0&quot;,&quot;credit&quot;:&quot;&quot;,&quot;camera&quot;:&quot;&quot;,&quot;caption&quot;:&quot;&quot;,&quot;created_timestamp&quot;:&quot;0&quot;,&quot;copyright&quot;:&quot;&quot;,&quot;focal_length&quot;:&quot;0&quot;,&quot;iso&quot;:&quot;0&quot;,&quot;shutter_speed&quot;:&quot;0&quot;,&quot;title&quot;:&quot;&quot;,&quot;orientation&quot;:&quot;1&quot;}\" data-image-title=\"quaderns castellnou 1\" data-image-description=\"\" data-medium-file=\"https:\/\/i0.wp.com\/locaacademiafamiliar.com\/wp-content\/uploads\/2019\/06\/quaderns-castellnou-1.jpg?fit=300%2C215&#038;ssl=1\" data-large-file=\"https:\/\/i0.wp.com\/locaacademiafamiliar.com\/wp-content\/uploads\/2019\/06\/quaderns-castellnou-1.jpg?fit=900%2C644&#038;ssl=1\" src=\"https:\/\/i0.wp.com\/locaacademiafamiliar.com\/wp-content\/uploads\/2019\/06\/quaderns-castellnou-1.jpg?w=323&#038;h=231&#038;ssl=1\" srcset=\"https:\/\/i0.wp.com\/locaacademiafamiliar.com\/wp-content\/uploads\/2019\/06\/quaderns-castellnou-1.jpg?w=900&amp;ssl=1 900w, https:\/\/i0.wp.com\/locaacademiafamiliar.com\/wp-content\/uploads\/2019\/06\/quaderns-castellnou-1.jpg?resize=300%2C215&amp;ssl=1 300w, https:\/\/i0.wp.com\/locaacademiafamiliar.com\/wp-content\/uploads\/2019\/06\/quaderns-castellnou-1.jpg?resize=768%2C550&amp;ssl=1 768w\" width=\"323\" height=\"231\" loading=\"lazy\" data-original-width=\"323\" data-original-height=\"231\" itemprop=\"http:\/\/schema.org\/image\" title=\"quaderns castellnou 1\" alt=\"quaderns castellnou 1\" style=\"width: 323px; height: 231px;\" \/> <\/a> <\/div> <\/div> <!-- close group --> <\/div> <!-- close row --> <\/div>\n<p><strong>Aquest any hem pensat utilitzar un quadern de vacances per al dia a dia, per\u00f2 no un qualsevol sin\u00f3 un quadern ben xulo!<\/strong> La veritat \u00e9s que l&#8217;any passat vam comprar-ne un passant per una botiga i, tot i que el va demanar la nostra filla, no va acabar de triomfar.<\/p>\n<p>Aquest any hem volgut fer-ho millor i n&#8217;hem buscat un que ens sembla complet\u00edssim. T\u00e9 diferents \u00e0rees com lleng\u00fces (inclosa l&#8217;angl\u00e8s), matem\u00e0tiques o <strong>creativitat (poc habitual, per\u00f2 molt important).<\/strong> <strong>Es tracta d&#8217;un quadern d&#8217;estiu d&#8217;<a href=\"https:\/\/www.castellnouedicions.com\/fare-1r-de-primaria-1429-ca?oscsid=s88g0pv7b4shp527smtbdmus51\">Edicions Castellnou<\/a>.<\/strong><\/p>\n<p>El m\u00e9s important per a nosaltres ha estat que ho hem vist adaptat a tot el que ha anat fent en els projectes del col\u00b7legi durant el curs. Per\u00f2 no us espanteu, no s\u00f3n tant &#8220;deures&#8221; com m\u00e9s aviat <strong>un quadern de passatemps divertits.<\/strong><\/p>\n<p>Un altre punt a favor: la nostra gran \u00e9s molt de planificar, i resulta que en el <strong>primer full del quadern hi va veure un petit calendari on posar que dies faria quadern i aix\u00f2 li va encantar<\/strong> \ud83d\ude42<\/p>\n<p>Tenen quaderns d&#8217;estiu <strong>des de P5 fins a 2n d&#8217;ESO<\/strong> i es poden comprar al Fnac, l&#8217;Abacus, la Casa del Llibre i llibreries de la majoria de municipis. Per a nens adolescents hi ha una oferta \u00e0mplia cada estiu.<\/p>\n<h3>Casals, Col\u00f2nies o Campus tem\u00e0tics<\/h3>\n<p>Hi ha infinitat d&#8217;opcions de campus d&#8217;estiu. <strong>Des idiomes fins rob\u00f2tica<\/strong>, els nens poden fer una immersi\u00f3 en la tem\u00e0tica que escullin passant-ho d&#8217;all\u00f2 m\u00e9s b\u00e9 amb altres nens (cosa que sempre est\u00e0 b\u00e9 per fomentar altres amistats i el fet de sortir de la zona de confort).<\/p>\n<h3>Una activitat durant un viatge a l&#8217;estranger<\/h3>\n<p><img data-recalc-dims=\"1\" decoding=\"async\" class=\"aligncenter size-large wp-image-7627\" src=\"https:\/\/i0.wp.com\/locaacademiafamiliar.com\/wp-content\/uploads\/2019\/06\/youth-2436343_1280-1024x546.jpg?resize=1024%2C546&#038;ssl=1\" alt=\"\" width=\"1024\" height=\"546\" srcset=\"https:\/\/i0.wp.com\/locaacademiafamiliar.com\/wp-content\/uploads\/2019\/06\/youth-2436343_1280.jpg?resize=1024%2C546&amp;ssl=1 1024w, https:\/\/i0.wp.com\/locaacademiafamiliar.com\/wp-content\/uploads\/2019\/06\/youth-2436343_1280.jpg?resize=300%2C160&amp;ssl=1 300w, https:\/\/i0.wp.com\/locaacademiafamiliar.com\/wp-content\/uploads\/2019\/06\/youth-2436343_1280.jpg?resize=768%2C409&amp;ssl=1 768w, https:\/\/i0.wp.com\/locaacademiafamiliar.com\/wp-content\/uploads\/2019\/06\/youth-2436343_1280.jpg?w=1280&amp;ssl=1 1280w\" sizes=\"(max-width: 1000px) 100vw, 1000px\" \/><\/p>\n<p>Ja saps que <strong>som fans de l&#8217;<a href=\"https:\/\/locaacademiafamiliar.com\/ca\/?s=intercanvi\">intercanvi de cases<\/a> per vacances<\/strong>; per a nosaltres s&#8217;ha convertit en la <strong>forma de viatjar m\u00e9s c\u00f2moda amb nens petits<\/strong>. <strong>A m\u00e9s, com que no paguem l&#8217;allotjament, solem fer viatges m\u00e9s llargs (2-3 setmanes)<\/strong>.<\/p>\n<p>Precisament per ser<strong> viatges de diverses setmanes<\/strong>, algunes fam\u00edlies aprofiten aquests <strong>viatges a l&#8217;estranger per apuntar els nens a alguna activitat all\u00e0.<\/strong> Per exemple: cursos d&#8217;idiomes amb nens de la seva edat o un campus de futbol.<\/p>\n<p><strong>\u00c9s una idea fant\u00e0stica per con\u00e8ixer nens del pa\u00eds que t&#8217;acull<\/strong>, segurament teus fills s&#8217;ho passaran millor perqu\u00e8 hi haur\u00e0 hores que estaran amb nens de la seva edat i, a m\u00e9s, <strong>practiquen l&#8217;idioma del lloc sense passar pel pupitre<\/strong>. \u00c9s un win-win total!<\/p>\n<hr \/>\n<p>I vosaltres, encara estudiareu aquest estiu? \ud83d\ude09 No ser\u00e0 que no hi ha opcions!<\/p>\n","protected":false},"excerpt":{"rendered":"<div class=\"mh-excerpt\"><p>A vosaltres tamb\u00e9 us fa mandra obligar els nens a \u201cestudiar\u201d i a fer deures a l\u2019estiu? Aqu\u00ed teniu algunes propostes divertides per aquest estiu per mantenir tot el que s\u2019ha apr\u00e8s durant el curs, sense necessitat de fer deures. A veure quina us agrada m\u00e9s! <a class=\"mh-excerpt-more\" href=\"https:\/\/locaacademiafamiliar.com\/ca\/2019\/idees-per-a-un-estiu-sense-deures\/\" title=\"Idees per a un estiu sense deures\">[&#8230;]<\/a><\/p>\n<\/div>","protected":false},"author":2,"featured_media":7624,"comment_status":"open","ping_status":"open","sticky":false,"template":"","format":"standard","meta":{"_monsterinsights_skip_tracking":false,"_monsterinsights_sitenote_active":false,"_monsterinsights_sitenote_note":"","_monsterinsights_sitenote_category":0,"_jetpack_memberships_contains_paid_content":false,"footnotes":""},"categories":[41],"tags":[92],"class_list":{"0":"post-7642","1":"post","2":"type-post","3":"status-publish","4":"format-standard","5":"has-post-thumbnail","7":"category-lectura-ca","8":"tag-escoles"},"yoast_head":"<!-- This site is optimized with the Yoast SEO plugin v26.8 - https:\/\/yoast.com\/product\/yoast-seo-wordpress\/ -->\n<title>Idees per a un estiu sense deures ~ Boja Acad\u00e8mia Familiar<\/title>\n<meta name=\"description\" content=\"A vosaltres tamb\u00e9 us fa mandra obligar els nens a \u201cestudiar\u201d i a fer deures a l\u2019estiu? Aqu\u00ed teniu algunes propostes divertides per passar l&#039;estiu aprenent.\" \/>\n<meta name=\"robots\" content=\"index, follow, max-snippet:-1, max-image-preview:large, max-video-preview:-1\" \/>\n<link rel=\"canonical\" href=\"https:\/\/locaacademiafamiliar.com\/ca\/2019\/idees-per-a-un-estiu-sense-deures\/\" \/>\n<meta property=\"og:locale\" content=\"ca_ES\" \/>\n<meta property=\"og:type\" content=\"article\" \/>\n<meta property=\"og:title\" content=\"Idees per a un estiu sense deures ~ Boja Acad\u00e8mia Familiar\" \/>\n<meta property=\"og:description\" content=\"A vosaltres tamb\u00e9 us fa mandra obligar els nens a \u201cestudiar\u201d i a fer deures a l\u2019estiu? Aqu\u00ed teniu algunes propostes divertides per passar l&#039;estiu aprenent.\" \/>\n<meta property=\"og:url\" content=\"https:\/\/locaacademiafamiliar.com\/ca\/2019\/idees-per-a-un-estiu-sense-deures\/\" \/>\n<meta property=\"og:site_name\" content=\"Boja Acad\u00e8mia Familiar\" \/>\n<meta property=\"article:publisher\" content=\"https:\/\/www.facebook.com\/LocaAcademiaFamiliar\" \/>\n<meta property=\"article:published_time\" content=\"2019-06-17T19:19:10+00:00\" \/>\n<meta property=\"article:modified_time\" content=\"2019-06-17T19:53:42+00:00\" \/>\n<meta property=\"og:image\" content=\"https:\/\/locaacademiafamiliar.com\/wp-content\/uploads\/2019\/06\/adventure-2679504_1280.jpg\" \/>\n\t<meta property=\"og:image:width\" content=\"1280\" \/>\n\t<meta property=\"og:image:height\" content=\"854\" \/>\n\t<meta property=\"og:image:type\" content=\"image\/jpeg\" \/>\n<meta name=\"author\" content=\"Elisabet\" \/>\n<meta name=\"twitter:card\" content=\"summary_large_image\" \/>\n<meta name=\"twitter:label1\" content=\"Escrit per\" \/>\n\t<meta name=\"twitter:data1\" content=\"Elisabet\" \/>\n\t<meta name=\"twitter:label2\" content=\"Temps estimat de lectura\" \/>\n\t<meta name=\"twitter:data2\" content=\"5 minuts\" \/>\n<script type=\"application\/ld+json\" class=\"yoast-schema-graph\">{\"@context\":\"https:\/\/schema.org\",\"@graph\":[{\"@type\":\"Article\",\"@id\":\"https:\/\/locaacademiafamiliar.com\/ca\/2019\/idees-per-a-un-estiu-sense-deures\/#article\",\"isPartOf\":{\"@id\":\"https:\/\/locaacademiafamiliar.com\/ca\/2019\/idees-per-a-un-estiu-sense-deures\/\"},\"author\":{\"name\":\"Elisabet\",\"@id\":\"https:\/\/locaacademiafamiliar.com\/ca\/#\/schema\/person\/8ddc70c9780d67ef5bbb462a307f8042\"},\"headline\":\"Idees per a un estiu sense deures\",\"datePublished\":\"2019-06-17T19:19:10+00:00\",\"dateModified\":\"2019-06-17T19:53:42+00:00\",\"mainEntityOfPage\":{\"@id\":\"https:\/\/locaacademiafamiliar.com\/ca\/2019\/idees-per-a-un-estiu-sense-deures\/\"},\"wordCount\":1007,\"commentCount\":0,\"publisher\":{\"@id\":\"https:\/\/locaacademiafamiliar.com\/ca\/#organization\"},\"image\":{\"@id\":\"https:\/\/locaacademiafamiliar.com\/ca\/2019\/idees-per-a-un-estiu-sense-deures\/#primaryimage\"},\"thumbnailUrl\":\"https:\/\/i0.wp.com\/locaacademiafamiliar.com\/wp-content\/uploads\/2019\/06\/adventure-2679504_1280.jpg?fit=1280%2C854&ssl=1\",\"keywords\":[\"Escoles\"],\"articleSection\":[\"Lectura\"],\"inLanguage\":\"ca\",\"potentialAction\":[{\"@type\":\"CommentAction\",\"name\":\"Comment\",\"target\":[\"https:\/\/locaacademiafamiliar.com\/ca\/2019\/idees-per-a-un-estiu-sense-deures\/#respond\"]}]},{\"@type\":\"WebPage\",\"@id\":\"https:\/\/locaacademiafamiliar.com\/ca\/2019\/idees-per-a-un-estiu-sense-deures\/\",\"url\":\"https:\/\/locaacademiafamiliar.com\/ca\/2019\/idees-per-a-un-estiu-sense-deures\/\",\"name\":\"Idees per a un estiu sense deures ~ Boja Acad\u00e8mia Familiar\",\"isPartOf\":{\"@id\":\"https:\/\/locaacademiafamiliar.com\/ca\/#website\"},\"primaryImageOfPage\":{\"@id\":\"https:\/\/locaacademiafamiliar.com\/ca\/2019\/idees-per-a-un-estiu-sense-deures\/#primaryimage\"},\"image\":{\"@id\":\"https:\/\/locaacademiafamiliar.com\/ca\/2019\/idees-per-a-un-estiu-sense-deures\/#primaryimage\"},\"thumbnailUrl\":\"https:\/\/i0.wp.com\/locaacademiafamiliar.com\/wp-content\/uploads\/2019\/06\/adventure-2679504_1280.jpg?fit=1280%2C854&ssl=1\",\"datePublished\":\"2019-06-17T19:19:10+00:00\",\"dateModified\":\"2019-06-17T19:53:42+00:00\",\"description\":\"A vosaltres tamb\u00e9 us fa mandra obligar els nens a \u201cestudiar\u201d i a fer deures a l\u2019estiu? Aqu\u00ed teniu algunes propostes divertides per passar l'estiu aprenent.\",\"breadcrumb\":{\"@id\":\"https:\/\/locaacademiafamiliar.com\/ca\/2019\/idees-per-a-un-estiu-sense-deures\/#breadcrumb\"},\"inLanguage\":\"ca\",\"potentialAction\":[{\"@type\":\"ReadAction\",\"target\":[\"https:\/\/locaacademiafamiliar.com\/ca\/2019\/idees-per-a-un-estiu-sense-deures\/\"]}]},{\"@type\":\"ImageObject\",\"inLanguage\":\"ca\",\"@id\":\"https:\/\/locaacademiafamiliar.com\/ca\/2019\/idees-per-a-un-estiu-sense-deures\/#primaryimage\",\"url\":\"https:\/\/i0.wp.com\/locaacademiafamiliar.com\/wp-content\/uploads\/2019\/06\/adventure-2679504_1280.jpg?fit=1280%2C854&ssl=1\",\"contentUrl\":\"https:\/\/i0.wp.com\/locaacademiafamiliar.com\/wp-content\/uploads\/2019\/06\/adventure-2679504_1280.jpg?fit=1280%2C854&ssl=1\",\"width\":1280,\"height\":854},{\"@type\":\"BreadcrumbList\",\"@id\":\"https:\/\/locaacademiafamiliar.com\/ca\/2019\/idees-per-a-un-estiu-sense-deures\/#breadcrumb\",\"itemListElement\":[{\"@type\":\"ListItem\",\"position\":1,\"name\":\"Portada\",\"item\":\"https:\/\/locaacademiafamiliar.com\/ca\/\"},{\"@type\":\"ListItem\",\"position\":2,\"name\":\"Idees per a un estiu sense deures\"}]},{\"@type\":\"WebSite\",\"@id\":\"https:\/\/locaacademiafamiliar.com\/ca\/#website\",\"url\":\"https:\/\/locaacademiafamiliar.com\/ca\/\",\"name\":\"Boja Acad\u00e8mia Familiar\",\"description\":\"El blog de crianza con el que pap\u00e1s y mam\u00e1s salen mejor preparados para su rutina familiar diaria\",\"publisher\":{\"@id\":\"https:\/\/locaacademiafamiliar.com\/ca\/#organization\"},\"potentialAction\":[{\"@type\":\"SearchAction\",\"target\":{\"@type\":\"EntryPoint\",\"urlTemplate\":\"https:\/\/locaacademiafamiliar.com\/ca\/?s={search_term_string}\"},\"query-input\":{\"@type\":\"PropertyValueSpecification\",\"valueRequired\":true,\"valueName\":\"search_term_string\"}}],\"inLanguage\":\"ca\"},{\"@type\":\"Organization\",\"@id\":\"https:\/\/locaacademiafamiliar.com\/ca\/#organization\",\"name\":\"LocaAcademiaFamiliar.com\",\"url\":\"https:\/\/locaacademiafamiliar.com\/ca\/\",\"logo\":{\"@type\":\"ImageObject\",\"inLanguage\":\"ca\",\"@id\":\"https:\/\/locaacademiafamiliar.com\/ca\/#\/schema\/logo\/image\/\",\"url\":\"https:\/\/locaacademiafamiliar.com\/wp-content\/uploads\/2020\/01\/logo-loca-academia-familiar.jpg\",\"contentUrl\":\"https:\/\/locaacademiafamiliar.com\/wp-content\/uploads\/2020\/01\/logo-loca-academia-familiar.jpg\",\"width\":960,\"height\":960,\"caption\":\"LocaAcademiaFamiliar.com\"},\"image\":{\"@id\":\"https:\/\/locaacademiafamiliar.com\/ca\/#\/schema\/logo\/image\/\"},\"sameAs\":[\"https:\/\/www.facebook.com\/LocaAcademiaFamiliar\"]},{\"@type\":\"Person\",\"@id\":\"https:\/\/locaacademiafamiliar.com\/ca\/#\/schema\/person\/8ddc70c9780d67ef5bbb462a307f8042\",\"name\":\"Elisabet\",\"image\":{\"@type\":\"ImageObject\",\"inLanguage\":\"ca\",\"@id\":\"https:\/\/locaacademiafamiliar.com\/ca\/#\/schema\/person\/image\/\",\"url\":\"https:\/\/secure.gravatar.com\/avatar\/b7cd6a228ab9368d5f221ffe7f0dae77?s=96&d=mm&r=g\",\"contentUrl\":\"https:\/\/secure.gravatar.com\/avatar\/b7cd6a228ab9368d5f221ffe7f0dae77?s=96&d=mm&r=g\",\"caption\":\"Elisabet\"},\"description\":\"\u00a1Hola! Soy Elisabet, aunque en algunos grupos de whatsapp soy simplemente mam\u00e1 de \u00cd. Tengo dos hijas muy divertidas, la primera nacida en febrero del 2013 y la segunda el enero del 2016 as\u00ed que ya hace m\u00e1s de tres a\u00f1os que vivo en horario infantil. En el mundo adulto trabajo en un hospital de Barcelona, soy enfermera y comadrona. Si quieres estar informado de los eventos y actividades para familias con ni\u00f1os en Catalunya, haz click aqu\u00ed para apuntarte a nuestra newsletter.\",\"sameAs\":[\"http:\/\/www.locaacademiafamiliar.com\"],\"url\":\"https:\/\/locaacademiafamiliar.com\/ca\/author\/eli\/\"}]}<\/script>\n<!-- \/ Yoast SEO plugin. -->","yoast_head_json":{"title":"Idees per a un estiu sense deures ~ Boja Acad\u00e8mia Familiar","description":"A vosaltres tamb\u00e9 us fa mandra obligar els nens a \u201cestudiar\u201d i a fer deures a l\u2019estiu? Aqu\u00ed teniu algunes propostes divertides per passar l'estiu aprenent.","robots":{"index":"index","follow":"follow","max-snippet":"max-snippet:-1","max-image-preview":"max-image-preview:large","max-video-preview":"max-video-preview:-1"},"canonical":"https:\/\/locaacademiafamiliar.com\/ca\/2019\/idees-per-a-un-estiu-sense-deures\/","og_locale":"ca_ES","og_type":"article","og_title":"Idees per a un estiu sense deures ~ Boja Acad\u00e8mia Familiar","og_description":"A vosaltres tamb\u00e9 us fa mandra obligar els nens a \u201cestudiar\u201d i a fer deures a l\u2019estiu? Aqu\u00ed teniu algunes propostes divertides per passar l'estiu aprenent.","og_url":"https:\/\/locaacademiafamiliar.com\/ca\/2019\/idees-per-a-un-estiu-sense-deures\/","og_site_name":"Boja Acad\u00e8mia Familiar","article_publisher":"https:\/\/www.facebook.com\/LocaAcademiaFamiliar","article_published_time":"2019-06-17T19:19:10+00:00","article_modified_time":"2019-06-17T19:53:42+00:00","og_image":[{"width":1280,"height":854,"url":"https:\/\/locaacademiafamiliar.com\/wp-content\/uploads\/2019\/06\/adventure-2679504_1280.jpg","type":"image\/jpeg"}],"author":"Elisabet","twitter_card":"summary_large_image","twitter_misc":{"Escrit per":"Elisabet","Temps estimat de lectura":"5 minuts"},"schema":{"@context":"https:\/\/schema.org","@graph":[{"@type":"Article","@id":"https:\/\/locaacademiafamiliar.com\/ca\/2019\/idees-per-a-un-estiu-sense-deures\/#article","isPartOf":{"@id":"https:\/\/locaacademiafamiliar.com\/ca\/2019\/idees-per-a-un-estiu-sense-deures\/"},"author":{"name":"Elisabet","@id":"https:\/\/locaacademiafamiliar.com\/ca\/#\/schema\/person\/8ddc70c9780d67ef5bbb462a307f8042"},"headline":"Idees per a un estiu sense deures","datePublished":"2019-06-17T19:19:10+00:00","dateModified":"2019-06-17T19:53:42+00:00","mainEntityOfPage":{"@id":"https:\/\/locaacademiafamiliar.com\/ca\/2019\/idees-per-a-un-estiu-sense-deures\/"},"wordCount":1007,"commentCount":0,"publisher":{"@id":"https:\/\/locaacademiafamiliar.com\/ca\/#organization"},"image":{"@id":"https:\/\/locaacademiafamiliar.com\/ca\/2019\/idees-per-a-un-estiu-sense-deures\/#primaryimage"},"thumbnailUrl":"https:\/\/i0.wp.com\/locaacademiafamiliar.com\/wp-content\/uploads\/2019\/06\/adventure-2679504_1280.jpg?fit=1280%2C854&ssl=1","keywords":["Escoles"],"articleSection":["Lectura"],"inLanguage":"ca","potentialAction":[{"@type":"CommentAction","name":"Comment","target":["https:\/\/locaacademiafamiliar.com\/ca\/2019\/idees-per-a-un-estiu-sense-deures\/#respond"]}]},{"@type":"WebPage","@id":"https:\/\/locaacademiafamiliar.com\/ca\/2019\/idees-per-a-un-estiu-sense-deures\/","url":"https:\/\/locaacademiafamiliar.com\/ca\/2019\/idees-per-a-un-estiu-sense-deures\/","name":"Idees per a un estiu sense deures ~ Boja Acad\u00e8mia Familiar","isPartOf":{"@id":"https:\/\/locaacademiafamiliar.com\/ca\/#website"},"primaryImageOfPage":{"@id":"https:\/\/locaacademiafamiliar.com\/ca\/2019\/idees-per-a-un-estiu-sense-deures\/#primaryimage"},"image":{"@id":"https:\/\/locaacademiafamiliar.com\/ca\/2019\/idees-per-a-un-estiu-sense-deures\/#primaryimage"},"thumbnailUrl":"https:\/\/i0.wp.com\/locaacademiafamiliar.com\/wp-content\/uploads\/2019\/06\/adventure-2679504_1280.jpg?fit=1280%2C854&ssl=1","datePublished":"2019-06-17T19:19:10+00:00","dateModified":"2019-06-17T19:53:42+00:00","description":"A vosaltres tamb\u00e9 us fa mandra obligar els nens a \u201cestudiar\u201d i a fer deures a l\u2019estiu? Aqu\u00ed teniu algunes propostes divertides per passar l'estiu aprenent.","breadcrumb":{"@id":"https:\/\/locaacademiafamiliar.com\/ca\/2019\/idees-per-a-un-estiu-sense-deures\/#breadcrumb"},"inLanguage":"ca","potentialAction":[{"@type":"ReadAction","target":["https:\/\/locaacademiafamiliar.com\/ca\/2019\/idees-per-a-un-estiu-sense-deures\/"]}]},{"@type":"ImageObject","inLanguage":"ca","@id":"https:\/\/locaacademiafamiliar.com\/ca\/2019\/idees-per-a-un-estiu-sense-deures\/#primaryimage","url":"https:\/\/i0.wp.com\/locaacademiafamiliar.com\/wp-content\/uploads\/2019\/06\/adventure-2679504_1280.jpg?fit=1280%2C854&ssl=1","contentUrl":"https:\/\/i0.wp.com\/locaacademiafamiliar.com\/wp-content\/uploads\/2019\/06\/adventure-2679504_1280.jpg?fit=1280%2C854&ssl=1","width":1280,"height":854},{"@type":"BreadcrumbList","@id":"https:\/\/locaacademiafamiliar.com\/ca\/2019\/idees-per-a-un-estiu-sense-deures\/#breadcrumb","itemListElement":[{"@type":"ListItem","position":1,"name":"Portada","item":"https:\/\/locaacademiafamiliar.com\/ca\/"},{"@type":"ListItem","position":2,"name":"Idees per a un estiu sense deures"}]},{"@type":"WebSite","@id":"https:\/\/locaacademiafamiliar.com\/ca\/#website","url":"https:\/\/locaacademiafamiliar.com\/ca\/","name":"Boja Acad\u00e8mia Familiar","description":"El blog de crianza con el que pap\u00e1s y mam\u00e1s salen mejor preparados para su rutina familiar diaria","publisher":{"@id":"https:\/\/locaacademiafamiliar.com\/ca\/#organization"},"potentialAction":[{"@type":"SearchAction","target":{"@type":"EntryPoint","urlTemplate":"https:\/\/locaacademiafamiliar.com\/ca\/?s={search_term_string}"},"query-input":{"@type":"PropertyValueSpecification","valueRequired":true,"valueName":"search_term_string"}}],"inLanguage":"ca"},{"@type":"Organization","@id":"https:\/\/locaacademiafamiliar.com\/ca\/#organization","name":"LocaAcademiaFamiliar.com","url":"https:\/\/locaacademiafamiliar.com\/ca\/","logo":{"@type":"ImageObject","inLanguage":"ca","@id":"https:\/\/locaacademiafamiliar.com\/ca\/#\/schema\/logo\/image\/","url":"https:\/\/locaacademiafamiliar.com\/wp-content\/uploads\/2020\/01\/logo-loca-academia-familiar.jpg","contentUrl":"https:\/\/locaacademiafamiliar.com\/wp-content\/uploads\/2020\/01\/logo-loca-academia-familiar.jpg","width":960,"height":960,"caption":"LocaAcademiaFamiliar.com"},"image":{"@id":"https:\/\/locaacademiafamiliar.com\/ca\/#\/schema\/logo\/image\/"},"sameAs":["https:\/\/www.facebook.com\/LocaAcademiaFamiliar"]},{"@type":"Person","@id":"https:\/\/locaacademiafamiliar.com\/ca\/#\/schema\/person\/8ddc70c9780d67ef5bbb462a307f8042","name":"Elisabet","image":{"@type":"ImageObject","inLanguage":"ca","@id":"https:\/\/locaacademiafamiliar.com\/ca\/#\/schema\/person\/image\/","url":"https:\/\/secure.gravatar.com\/avatar\/b7cd6a228ab9368d5f221ffe7f0dae77?s=96&d=mm&r=g","contentUrl":"https:\/\/secure.gravatar.com\/avatar\/b7cd6a228ab9368d5f221ffe7f0dae77?s=96&d=mm&r=g","caption":"Elisabet"},"description":"\u00a1Hola! Soy Elisabet, aunque en algunos grupos de whatsapp soy simplemente mam\u00e1 de \u00cd. Tengo dos hijas muy divertidas, la primera nacida en febrero del 2013 y la segunda el enero del 2016 as\u00ed que ya hace m\u00e1s de tres a\u00f1os que vivo en horario infantil. En el mundo adulto trabajo en un hospital de Barcelona, soy enfermera y comadrona. Si quieres estar informado de los eventos y actividades para familias con ni\u00f1os en Catalunya, haz click aqu\u00ed para apuntarte a nuestra newsletter.","sameAs":["http:\/\/www.locaacademiafamiliar.com"],"url":"https:\/\/locaacademiafamiliar.com\/ca\/author\/eli\/"}]}},"jetpack_featured_media_url":"https:\/\/i0.wp.com\/locaacademiafamiliar.com\/wp-content\/uploads\/2019\/06\/adventure-2679504_1280.jpg?fit=1280%2C854&ssl=1","jetpack_sharing_enabled":true,"amp_enabled":true,"_links":{"self":[{"href":"https:\/\/locaacademiafamiliar.com\/ca\/wp-json\/wp\/v2\/posts\/7642","targetHints":{"allow":["GET"]}}],"collection":[{"href":"https:\/\/locaacademiafamiliar.com\/ca\/wp-json\/wp\/v2\/posts"}],"about":[{"href":"https:\/\/locaacademiafamiliar.com\/ca\/wp-json\/wp\/v2\/types\/post"}],"author":[{"embeddable":true,"href":"https:\/\/locaacademiafamiliar.com\/ca\/wp-json\/wp\/v2\/users\/2"}],"replies":[{"embeddable":true,"href":"https:\/\/locaacademiafamiliar.com\/ca\/wp-json\/wp\/v2\/comments?post=7642"}],"version-history":[{"count":0,"href":"https:\/\/locaacademiafamiliar.com\/ca\/wp-json\/wp\/v2\/posts\/7642\/revisions"}],"wp:featuredmedia":[{"embeddable":true,"href":"https:\/\/locaacademiafamiliar.com\/ca\/wp-json\/wp\/v2\/media\/7624"}],"wp:attachment":[{"href":"https:\/\/locaacademiafamiliar.com\/ca\/wp-json\/wp\/v2\/media?parent=7642"}],"wp:term":[{"taxonomy":"category","embeddable":true,"href":"https:\/\/locaacademiafamiliar.com\/ca\/wp-json\/wp\/v2\/categories?post=7642"},{"taxonomy":"post_tag","embeddable":true,"href":"https:\/\/locaacademiafamiliar.com\/ca\/wp-json\/wp\/v2\/tags?post=7642"}],"curies":[{"name":"wp","href":"https:\/\/api.w.org\/{rel}","templated":true}]}}