{"id":8150,"date":"2019-08-19T20:29:01","date_gmt":"2019-08-19T20:29:01","guid":{"rendered":"https:\/\/locaacademiafamiliar.com\/?p=8150"},"modified":"2019-08-19T20:29:01","modified_gmt":"2019-08-19T20:29:01","slug":"platges-a-prop-de-barcelona-a-les-que-shi-pot-anar-en-transport-public-tren-metro-o-bus","status":"publish","type":"post","link":"https:\/\/locaacademiafamiliar.com\/ca\/2019\/platges-a-prop-de-barcelona-a-les-que-shi-pot-anar-en-transport-public-tren-metro-o-bus\/","title":{"rendered":"Platges a prop de Barcelona a les que s&#8217;hi pot anar en transport p\u00fablic (tren, metro o bus)"},"content":{"rendered":"<p>Si et toca passar <a href=\"https:\/\/locaacademiafamiliar.com\/ca\/2018\/activitats-familiars-quasi-gratuites-per-fer-a-barcelona-amb-nens-a-lestiu\/\" target=\"_blank\" rel=\"noopener\"><strong>l&#8217;estiu a Barcelona<\/strong><\/a>, no et preocupis: la bona not\u00edcia \u00e9s que &#8230; vaya vaya, aqu\u00ed s\u00ed que hay playa! : D<\/p>\n<p>Un p\u00edcnic a la platja arregla fins i tot el dia m\u00e9s calor\u00f3s de l&#8217;estiu i\u00a0aqui tens unes quantes idees per anar a la platja a Barcelona, per\u00f2 sense necessitat d&#8217;agafar el cotxe. Si est\u00e0s buscant <strong>platges a les que anar en transport p\u00fablic,<\/strong> en aquest article t&#8217;expliquem quines s\u00f3n les <strong>nostres platges favorites prop de Barcelona a les que pots anar amb tren, metro o bus<\/strong>. (A m\u00e9s, recorda que en un altre article t&#8217;expliquem <a href=\"https:\/\/locaacademiafamiliar.com\/ca\/2018\/activitats-familiars-quasi-gratuites-per-fer-a-barcelona-amb-nens-a-lestiu\/\" target=\"_blank\" rel=\"noopener\"><strong>plans gratu\u00efts per fer a l&#8217;estiu a Barcelona amb nens<\/strong><\/a>).<\/p>\n<h3>Platges de Barcelona per anar en metro o bus<\/h3>\n<div class=\"tiled-gallery type-rectangular tiled-gallery-unresized\" data-original-width=\"500\" data-carousel-extra='{&quot;blog_id&quot;:1,&quot;permalink&quot;:&quot;https:\\\/\\\/locaacademiafamiliar.com\\\/ca\\\/2019\\\/platges-a-prop-de-barcelona-a-les-que-shi-pot-anar-en-transport-public-tren-metro-o-bus\\\/&quot;,&quot;likes_blog_id&quot;:119488531}' itemscope itemtype=\"http:\/\/schema.org\/ImageGallery\" > <div class=\"gallery-row\" style=\"width: 500px; height: 178px;\" data-original-width=\"500\" data-original-height=\"178\" > <div class=\"gallery-group images-1\" style=\"width: 236px; height: 178px;\" data-original-width=\"236\" data-original-height=\"178\" > <div class=\"tiled-gallery-item tiled-gallery-item-small\" itemprop=\"associatedMedia\" itemscope itemtype=\"http:\/\/schema.org\/ImageObject\"> <a href=\"https:\/\/locaacademiafamiliar.com\/ca\/2019\/platges-a-prop-de-barcelona-a-les-que-shi-pot-anar-en-transport-public-tren-metro-o-bus\/beach-259167_1280-2\/\" border=\"0\" itemprop=\"url\"> <meta itemprop=\"width\" content=\"232\"> <meta itemprop=\"height\" content=\"174\"> <img decoding=\"async\" class=\"\" data-attachment-id=\"8143\" data-orig-file=\"https:\/\/locaacademiafamiliar.com\/wp-content\/uploads\/2019\/08\/beach-259167_1280.jpg\" data-orig-size=\"1280,960\" data-comments-opened=\"1\" data-image-meta=\"{&quot;aperture&quot;:&quot;0&quot;,&quot;credit&quot;:&quot;&quot;,&quot;camera&quot;:&quot;&quot;,&quot;caption&quot;:&quot;&quot;,&quot;created_timestamp&quot;:&quot;0&quot;,&quot;copyright&quot;:&quot;&quot;,&quot;focal_length&quot;:&quot;0&quot;,&quot;iso&quot;:&quot;0&quot;,&quot;shutter_speed&quot;:&quot;0&quot;,&quot;title&quot;:&quot;&quot;,&quot;orientation&quot;:&quot;0&quot;}\" data-image-title=\"beach-259167_1280\" data-image-description=\"\" data-medium-file=\"https:\/\/i0.wp.com\/locaacademiafamiliar.com\/wp-content\/uploads\/2019\/08\/beach-259167_1280.jpg?fit=300%2C225&#038;ssl=1\" data-large-file=\"https:\/\/i0.wp.com\/locaacademiafamiliar.com\/wp-content\/uploads\/2019\/08\/beach-259167_1280.jpg?fit=1024%2C768&#038;ssl=1\" src=\"https:\/\/i0.wp.com\/locaacademiafamiliar.com\/wp-content\/uploads\/2019\/08\/beach-259167_1280.jpg?w=232&#038;h=174&#038;ssl=1\" srcset=\"https:\/\/i0.wp.com\/locaacademiafamiliar.com\/wp-content\/uploads\/2019\/08\/beach-259167_1280.jpg?w=1280&amp;ssl=1 1280w, https:\/\/i0.wp.com\/locaacademiafamiliar.com\/wp-content\/uploads\/2019\/08\/beach-259167_1280.jpg?resize=300%2C225&amp;ssl=1 300w, https:\/\/i0.wp.com\/locaacademiafamiliar.com\/wp-content\/uploads\/2019\/08\/beach-259167_1280.jpg?resize=768%2C576&amp;ssl=1 768w, https:\/\/i0.wp.com\/locaacademiafamiliar.com\/wp-content\/uploads\/2019\/08\/beach-259167_1280.jpg?resize=1024%2C768&amp;ssl=1 1024w, https:\/\/i0.wp.com\/locaacademiafamiliar.com\/wp-content\/uploads\/2019\/08\/beach-259167_1280.jpg?resize=678%2C509&amp;ssl=1 678w, https:\/\/i0.wp.com\/locaacademiafamiliar.com\/wp-content\/uploads\/2019\/08\/beach-259167_1280.jpg?resize=326%2C245&amp;ssl=1 326w, https:\/\/i0.wp.com\/locaacademiafamiliar.com\/wp-content\/uploads\/2019\/08\/beach-259167_1280.jpg?resize=80%2C60&amp;ssl=1 80w\" width=\"232\" height=\"174\" loading=\"lazy\" data-original-width=\"232\" data-original-height=\"174\" itemprop=\"http:\/\/schema.org\/image\" title=\"beach-259167_1280\" alt=\"Platja Barceloneta\" style=\"width: 232px; height: 174px;\" \/> <\/a> <div class=\"tiled-gallery-caption\" itemprop=\"caption description\"> Platja Barceloneta <\/div> <\/div> <\/div> <!-- close group --> <div class=\"gallery-group images-1\" style=\"width: 264px; height: 178px;\" data-original-width=\"264\" data-original-height=\"178\" > <div class=\"tiled-gallery-item tiled-gallery-item-large\" itemprop=\"associatedMedia\" itemscope itemtype=\"http:\/\/schema.org\/ImageObject\"> <a href=\"https:\/\/locaacademiafamiliar.com\/ca\/2019\/platges-a-prop-de-barcelona-a-les-que-shi-pot-anar-en-transport-public-tren-metro-o-bus\/3932445283_a2bfea19dd_b-2\/\" border=\"0\" itemprop=\"url\"> <meta itemprop=\"width\" content=\"260\"> <meta itemprop=\"height\" content=\"174\"> <img decoding=\"async\" class=\"\" data-attachment-id=\"8115\" data-orig-file=\"https:\/\/locaacademiafamiliar.com\/wp-content\/uploads\/2019\/08\/3932445283_a2bfea19dd_b.jpg\" data-orig-size=\"1024,683\" data-comments-opened=\"1\" data-image-meta=\"{&quot;aperture&quot;:&quot;0&quot;,&quot;credit&quot;:&quot;&quot;,&quot;camera&quot;:&quot;Canon EOS 400D DIGITAL&quot;,&quot;caption&quot;:&quot;&quot;,&quot;created_timestamp&quot;:&quot;1246816420&quot;,&quot;copyright&quot;:&quot;&quot;,&quot;focal_length&quot;:&quot;40&quot;,&quot;iso&quot;:&quot;100&quot;,&quot;shutter_speed&quot;:&quot;0.004&quot;,&quot;title&quot;:&quot;&quot;,&quot;orientation&quot;:&quot;0&quot;}\" data-image-title=\"3932445283_a2bfea19dd_b\" data-image-description=\"\" data-medium-file=\"https:\/\/i0.wp.com\/locaacademiafamiliar.com\/wp-content\/uploads\/2019\/08\/3932445283_a2bfea19dd_b.jpg?fit=300%2C200&#038;ssl=1\" data-large-file=\"https:\/\/i0.wp.com\/locaacademiafamiliar.com\/wp-content\/uploads\/2019\/08\/3932445283_a2bfea19dd_b.jpg?fit=1024%2C683&#038;ssl=1\" src=\"https:\/\/i0.wp.com\/locaacademiafamiliar.com\/wp-content\/uploads\/2019\/08\/3932445283_a2bfea19dd_b.jpg?w=260&#038;h=174&#038;ssl=1\" srcset=\"https:\/\/i0.wp.com\/locaacademiafamiliar.com\/wp-content\/uploads\/2019\/08\/3932445283_a2bfea19dd_b.jpg?w=1024&amp;ssl=1 1024w, https:\/\/i0.wp.com\/locaacademiafamiliar.com\/wp-content\/uploads\/2019\/08\/3932445283_a2bfea19dd_b.jpg?resize=300%2C200&amp;ssl=1 300w, https:\/\/i0.wp.com\/locaacademiafamiliar.com\/wp-content\/uploads\/2019\/08\/3932445283_a2bfea19dd_b.jpg?resize=768%2C512&amp;ssl=1 768w\" width=\"260\" height=\"174\" loading=\"lazy\" data-original-width=\"260\" data-original-height=\"174\" itemprop=\"http:\/\/schema.org\/image\" title=\"3932445283_a2bfea19dd_b\" alt=\"Platja La Mar Bella, Barcelona\" style=\"width: 260px; height: 174px;\" \/> <\/a> <div class=\"tiled-gallery-caption\" itemprop=\"caption description\"> Platja La Mar Bella, Barcelona <\/div> <\/div> <\/div> <!-- close group --> <\/div> <!-- close row --> <\/div>\n<p><strong>El litoral de la ciutat de Barcelona est\u00e0 totalment obert a les platges<\/strong>. <a href=\"https:\/\/www.barcelona.cat\/es\/que-hacer-en-bcn\/banos-y-playas\/barcelona-playa-playa\" target=\"_blank\" rel=\"noopener\"><strong>En aquest enlla\u00e7<\/strong><\/a> pots trobar informaci\u00f3 de cadascuna d&#8217;elles, tot i que la veritat \u00e9s que no deixa de ser una extensi\u00f3 llargu\u00edssima de platja; des de la de Sant Sebasti\u00e0 fins a la de Llevant, a excepci\u00f3 d&#8217;algun &#8220;tall&#8221; ocasional com la Vil\u00b7la Ol\u00edmpica.<\/p>\n<p>Depenent de la zona que escullis, el transport ser\u00e0 diferent. Si la teva opci\u00f3 \u00e9s <strong>el metro<\/strong> no hi ha problema: tens dues parades de metro properes a la platja: Barceloneta i Ciutadella Vil\u00b7la Ol\u00edmpica. Totes dues a <strong>la l\u00ednia L4 (groga).<\/strong> Des de la parada del metro de Barceloneta \u00fanicament has de seguir el passeig de Joan de Borb\u00f3 fins que els teus peus caiguin a la platja, sense m\u00e9s complicacions.<\/p>\n<p>Per tot el passeig mar\u00edtim hi ha<strong> parades d&#8217;autobusos<\/strong> de diferents l\u00ednies que circulen per gran part de la ciutat. Els n\u00fameros 47, 59 i D20 tenen parada davant de la platja mateix \ud83d\ude42<\/p>\n<h3>Platges al nord de Barcelona: Badalona<\/h3>\n<p><img data-recalc-dims=\"1\" decoding=\"async\" class=\"aligncenter size-full wp-image-8112\" src=\"https:\/\/i0.wp.com\/locaacademiafamiliar.com\/wp-content\/uploads\/2019\/08\/badalona.jpg?resize=800%2C600&#038;ssl=1\" alt=\"\" width=\"800\" height=\"600\" srcset=\"https:\/\/i0.wp.com\/locaacademiafamiliar.com\/wp-content\/uploads\/2019\/08\/badalona.jpg?w=800&amp;ssl=1 800w, https:\/\/i0.wp.com\/locaacademiafamiliar.com\/wp-content\/uploads\/2019\/08\/badalona.jpg?resize=300%2C225&amp;ssl=1 300w, https:\/\/i0.wp.com\/locaacademiafamiliar.com\/wp-content\/uploads\/2019\/08\/badalona.jpg?resize=768%2C576&amp;ssl=1 768w, https:\/\/i0.wp.com\/locaacademiafamiliar.com\/wp-content\/uploads\/2019\/08\/badalona.jpg?resize=678%2C509&amp;ssl=1 678w, https:\/\/i0.wp.com\/locaacademiafamiliar.com\/wp-content\/uploads\/2019\/08\/badalona.jpg?resize=326%2C245&amp;ssl=1 326w, https:\/\/i0.wp.com\/locaacademiafamiliar.com\/wp-content\/uploads\/2019\/08\/badalona.jpg?resize=80%2C60&amp;ssl=1 80w\" sizes=\"(max-width: 800px) 100vw, 800px\" \/><\/p>\n<p>Si prefereixes platges menys concorregudes pots sortir de la ciutat i apropar-te a les platges que pugen cap al nord. I el tren t&#8217;hi porta \ud83d\ude42<\/p>\n<p><strong>La primera parada de tren cap al nord, amb platja, \u00e9s Badalona.<\/strong> \u00c9s una ciutat unida a Barcelona i que tamb\u00e9 t\u00e9 una llarga extensi\u00f3 de platja urbana. En general sol estar molt neta tant a la sorra com a l&#8217;aigua. Per arribar fins a Badalona nom\u00e9s has <strong>d&#8217;agafar la l\u00ednia R1 de tren<\/strong>. T\u00e9 parada a la majoria de les estacions de Barcelona (Sants, Pl. Catalunya, Arc de triomf, El Clot-Arag\u00f3) i en una estoneta et plantes a la vora del mar.<\/p>\n<h3>Platges al nord de Barcelona: el Maresme<\/h3>\n<div class=\"tiled-gallery type-rectangular tiled-gallery-unresized\" data-original-width=\"500\" data-carousel-extra='{&quot;blog_id&quot;:1,&quot;permalink&quot;:&quot;https:\\\/\\\/locaacademiafamiliar.com\\\/ca\\\/2019\\\/platges-a-prop-de-barcelona-a-les-que-shi-pot-anar-en-transport-public-tren-metro-o-bus\\\/&quot;,&quot;likes_blog_id&quot;:119488531}' itemscope itemtype=\"http:\/\/schema.org\/ImageGallery\" > <div class=\"gallery-row\" style=\"width: 500px; height: 178px;\" data-original-width=\"500\" data-original-height=\"178\" > <div class=\"gallery-group images-1\" style=\"width: 236px; height: 178px;\" data-original-width=\"236\" data-original-height=\"178\" > <div class=\"tiled-gallery-item tiled-gallery-item-small\" itemprop=\"associatedMedia\" itemscope itemtype=\"http:\/\/schema.org\/ImageObject\"> <a href=\"https:\/\/locaacademiafamiliar.com\/ca\/2019\/platges-a-prop-de-barcelona-a-les-que-shi-pot-anar-en-transport-public-tren-metro-o-bus\/pentax-image-2\/\" border=\"0\" itemprop=\"url\"> <meta itemprop=\"width\" content=\"232\"> <meta itemprop=\"height\" content=\"174\"> <img decoding=\"async\" class=\"\" data-attachment-id=\"8127\" data-orig-file=\"https:\/\/locaacademiafamiliar.com\/wp-content\/uploads\/2019\/08\/Rodalies_Renfe_Mataro\u0301_Catalonia.jpeg\" data-orig-size=\"2560,1920\" data-comments-opened=\"1\" data-image-meta=\"{&quot;aperture&quot;:&quot;7.2&quot;,&quot;credit&quot;:&quot;&quot;,&quot;camera&quot;:&quot;PENTAX Optio 50&quot;,&quot;caption&quot;:&quot;PENTAX Image&quot;,&quot;created_timestamp&quot;:&quot;1179162192&quot;,&quot;copyright&quot;:&quot;&quot;,&quot;focal_length&quot;:&quot;9&quot;,&quot;iso&quot;:&quot;50&quot;,&quot;shutter_speed&quot;:&quot;0.00319&quot;,&quot;title&quot;:&quot;PENTAX Image&quot;,&quot;orientation&quot;:&quot;1&quot;}\" data-image-title=\"PENTAX Image\" data-image-description=\"\" data-medium-file=\"https:\/\/i0.wp.com\/locaacademiafamiliar.com\/wp-content\/uploads\/2019\/08\/Rodalies_Renfe_Mataro%CC%81_Catalonia.jpeg?fit=300%2C225&#038;ssl=1\" data-large-file=\"https:\/\/i0.wp.com\/locaacademiafamiliar.com\/wp-content\/uploads\/2019\/08\/Rodalies_Renfe_Mataro%CC%81_Catalonia.jpeg?fit=1024%2C768&#038;ssl=1\" src=\"https:\/\/i0.wp.com\/locaacademiafamiliar.com\/wp-content\/uploads\/2019\/08\/Rodalies_Renfe_Mataro%CC%81_Catalonia.jpeg?w=232&#038;h=174&#038;ssl=1\" width=\"232\" height=\"174\" loading=\"lazy\" data-original-width=\"232\" data-original-height=\"174\" itemprop=\"http:\/\/schema.org\/image\" title=\"PENTAX Image\" alt=\"PENTAX Image\" style=\"width: 232px; height: 174px;\" \/> <\/a> <\/div> <\/div> <!-- close group --> <div class=\"gallery-group images-1\" style=\"width: 264px; height: 178px;\" data-original-width=\"264\" data-original-height=\"178\" > <div class=\"tiled-gallery-item tiled-gallery-item-large\" itemprop=\"associatedMedia\" itemscope itemtype=\"http:\/\/schema.org\/ImageObject\"> <a href=\"https:\/\/locaacademiafamiliar.com\/ca\/2019\/platges-a-prop-de-barcelona-a-les-que-shi-pot-anar-en-transport-public-tren-metro-o-bus\/platja_de_montgat-2\/\" border=\"0\" itemprop=\"url\"> <meta itemprop=\"width\" content=\"260\"> <meta itemprop=\"height\" content=\"174\"> <img decoding=\"async\" class=\"\" data-attachment-id=\"8125\" data-orig-file=\"https:\/\/locaacademiafamiliar.com\/wp-content\/uploads\/2019\/08\/Platja_de_montgat.jpg\" data-orig-size=\"800,535\" data-comments-opened=\"1\" data-image-meta=\"{&quot;aperture&quot;:&quot;0&quot;,&quot;credit&quot;:&quot;&quot;,&quot;camera&quot;:&quot;&quot;,&quot;caption&quot;:&quot;&quot;,&quot;created_timestamp&quot;:&quot;0&quot;,&quot;copyright&quot;:&quot;&quot;,&quot;focal_length&quot;:&quot;0&quot;,&quot;iso&quot;:&quot;0&quot;,&quot;shutter_speed&quot;:&quot;0&quot;,&quot;title&quot;:&quot;&quot;,&quot;orientation&quot;:&quot;0&quot;}\" data-image-title=\"Platja_de_montgat\" data-image-description=\"\" data-medium-file=\"https:\/\/i0.wp.com\/locaacademiafamiliar.com\/wp-content\/uploads\/2019\/08\/Platja_de_montgat.jpg?fit=300%2C201&#038;ssl=1\" data-large-file=\"https:\/\/i0.wp.com\/locaacademiafamiliar.com\/wp-content\/uploads\/2019\/08\/Platja_de_montgat.jpg?fit=800%2C535&#038;ssl=1\" src=\"https:\/\/i0.wp.com\/locaacademiafamiliar.com\/wp-content\/uploads\/2019\/08\/Platja_de_montgat.jpg?w=260&#038;h=174&#038;ssl=1\" srcset=\"https:\/\/i0.wp.com\/locaacademiafamiliar.com\/wp-content\/uploads\/2019\/08\/Platja_de_montgat.jpg?w=800&amp;ssl=1 800w, https:\/\/i0.wp.com\/locaacademiafamiliar.com\/wp-content\/uploads\/2019\/08\/Platja_de_montgat.jpg?resize=300%2C201&amp;ssl=1 300w, https:\/\/i0.wp.com\/locaacademiafamiliar.com\/wp-content\/uploads\/2019\/08\/Platja_de_montgat.jpg?resize=768%2C514&amp;ssl=1 768w\" width=\"260\" height=\"174\" loading=\"lazy\" data-original-width=\"260\" data-original-height=\"174\" itemprop=\"http:\/\/schema.org\/image\" title=\"Platja_de_montgat\" alt=\"Platja Montgat\" style=\"width: 260px; height: 174px;\" \/> <\/a> <div class=\"tiled-gallery-caption\" itemprop=\"caption description\"> Platja Montgat <\/div> <\/div> <\/div> <!-- close group --> <\/div> <!-- close row --> <\/div>\n<p>Si segueixes aquesta mateixa l\u00ednia de tren veur\u00e0s per la finestreta una platja que va canviant. Hi ha trams que s\u00f3n \u00e0mplies extensions de sorra fina i altres trams que s\u00f3n m\u00e9s estrets i amb una mica m\u00e9s de pedra petita. Si vols una mica d&#8217;aventura \u00e9s q\u00fcesti\u00f3 de baixar del tren quan la platja propera que vegis per la finestra t&#8217;hagi agradat \ud83d\ude42<\/p>\n<p><strong>Montgat i Montgat Nord<\/strong> <strong>s\u00f3n les seg\u00fcents estacions de la l\u00ednia R1 i que encara estan dins de la zona 1, \u00e9s a dir, bitllet senzill i habitual de transport p\u00fablic<\/strong>. En aquest cas veur\u00e0s que tot i ser una platja urbana algunes de les extensions s\u00f3n molt menys concorregudes que d&#8217;altres. Solen estar molt netes i m\u00e9s tranquil\u00b7les ja que es van allunyant de la gran ciutat, encara que <strong>parlem nom\u00e9s de 25 minuts de tren<\/strong> \ud83d\ude42 Pensa en el que trigues a arribar a la platja amb el cotxe i aparcar! pot ser que vist aix\u00ed et surti m\u00e9s a compte provar d&#8217;anar-hi amb tren.<\/p>\n<p>Si vols allunyar-te una miqueta m\u00e9s, la platja continua en tota la l\u00ednia R1 de rodalies, per\u00f2 <strong>recorda que el bitllet ja ser\u00e0 de 2 zones<\/strong>, aix\u00ed que recorda comprar-lo en l&#8217;estaci\u00f3 d&#8217;origen.<\/p>\n<p><strong>Altres platges interessants de la zona 2 a les que pots anar: Ocata, el Masnou, Premi\u00e0, Vilassar &#8230;<\/strong> Totes elles tenen a m\u00e9s de platja una poblaci\u00f3 costanera (i francament una mica &#8220;ciutat dormitori&#8221;; molta gent de Barcelona hi viu i treballa al centre de Barcelona).<\/p>\n<p>Si no et fa por fer un viatge una mica m\u00e9s llarg en tren per passar el dia fora, tens poblacions molt boniques m\u00e9s al nord de Matar\u00f3. Compteu ara s\u00ed 1 hora de tren per\u00f2 crec que val la pena si voleu passejar per poblacions costaneres aut\u00e8ntiques, amb molta tradici\u00f3 i allunyades del turisme. <strong>Recomano: Sant Pol de Mar, Caldes d&#8217;Estrac, Arenys de Mar i Pineda de Mar.<\/strong><\/p>\n<figure id=\"attachment_8130\" aria-describedby=\"caption-attachment-8130\" style=\"width: 800px\" class=\"wp-caption aligncenter\"><img data-recalc-dims=\"1\" decoding=\"async\" class=\"size-full wp-image-8130\" src=\"https:\/\/i0.wp.com\/locaacademiafamiliar.com\/wp-content\/uploads\/2019\/08\/Playa_de_Sant_Pol_de_Mar.jpg?resize=800%2C531&#038;ssl=1\" alt=\"\" width=\"800\" height=\"531\" srcset=\"https:\/\/i0.wp.com\/locaacademiafamiliar.com\/wp-content\/uploads\/2019\/08\/Playa_de_Sant_Pol_de_Mar.jpg?w=800&amp;ssl=1 800w, https:\/\/i0.wp.com\/locaacademiafamiliar.com\/wp-content\/uploads\/2019\/08\/Playa_de_Sant_Pol_de_Mar.jpg?resize=300%2C199&amp;ssl=1 300w, https:\/\/i0.wp.com\/locaacademiafamiliar.com\/wp-content\/uploads\/2019\/08\/Playa_de_Sant_Pol_de_Mar.jpg?resize=768%2C510&amp;ssl=1 768w\" sizes=\"(max-width: 800px) 100vw, 800px\" \/><figcaption id=\"caption-attachment-8130\" class=\"wp-caption-text\">Sant Pol de Mar<\/figcaption><\/figure>\n<p>Ja m\u00e9s al nord arribar\u00edeu a <strong>Blanes, on comen\u00e7a la Costa Brava, peeeeero el tren no va m\u00e9s enll\u00e0<\/strong>. Per anar a la Costa Brava heu d&#8217;anar-hi amb autob\u00fas o (millor encara) amb cotxe. En un altre article us explico les <strong><a href=\"https:\/\/locaacademiafamiliar.com\/ca\/2017\/les-millors-platges-la-costa-brava-per-a-families-amb-nens\/\" target=\"_blank\" rel=\"noopener\">millors platges de la Costa Brava per anar amb nens<\/a>.<\/strong><\/p>\n<p><strong>Si esteu allotjats a Barcelona i voleu un dia de platja tranquil amb els nens per\u00f2 lluny de la ciutat,<\/strong> <strong>no cal que aneu a la Costa Brava<\/strong> (massa quil\u00f2metres anada i tornada). Qualsevol de les estacions que us he esmentat a dalt us valen per anar a la platja i fer una passejada tranquil\u00b7la (i menjar b\u00e9!).<\/p>\n<h3>Platges al sud de Barcelona: Gav\u00e0 i Castelldefels<\/h3>\n<p><img data-recalc-dims=\"1\" decoding=\"async\" class=\"aligncenter size-full wp-image-8128\" src=\"https:\/\/i0.wp.com\/locaacademiafamiliar.com\/wp-content\/uploads\/2019\/08\/Platja_de_Castelldefels_-_1.jpg?resize=800%2C525&#038;ssl=1\" alt=\"\" width=\"800\" height=\"525\" srcset=\"https:\/\/i0.wp.com\/locaacademiafamiliar.com\/wp-content\/uploads\/2019\/08\/Platja_de_Castelldefels_-_1.jpg?w=800&amp;ssl=1 800w, https:\/\/i0.wp.com\/locaacademiafamiliar.com\/wp-content\/uploads\/2019\/08\/Platja_de_Castelldefels_-_1.jpg?resize=300%2C197&amp;ssl=1 300w, https:\/\/i0.wp.com\/locaacademiafamiliar.com\/wp-content\/uploads\/2019\/08\/Platja_de_Castelldefels_-_1.jpg?resize=768%2C504&amp;ssl=1 768w\" sizes=\"(max-width: 800px) 100vw, 800px\" \/><\/p>\n<p>Hem vist les platges del nord de Barcelona, \u200b\u200bara anem a<strong> per les del sud de Barcelona<\/strong>. La sorra comen\u00e7a Gav\u00e0 i acaba al Port Ginesta de Castelldefels. \u00c9s una llarga l\u00ednia de sorra fina, ideal per als castells de sorra i per als petits que encara necessiten una entrada tranquil\u00b7la a la mar i que no cobreixi.<strong> Castelldefels \u00e9s coneguda per la seva poca profunditat <\/strong>(i tamb\u00e9 perqu\u00e8 hi bufa el vent habitualment).<\/p>\n<p>Seguint amb el tren pots arribar fins a <strong>l&#8217;estaci\u00f3 Platja de Castelldefels amb la l\u00ednia R2 sud.<\/strong> <strong>\/ Compte! Amb la R2 nord et vas a l&#8217;aeroport i se&#8217;t fastigueja el dia de platja.<\/strong> En aquest cas, no veur\u00e0s la platja des del tren, sin\u00f3 que haur\u00e0s de caminar uns 10 minuts per l&#8217;Avinguda Rep\u00fablica Argentina i de seguida trobar\u00e0s la platja. Segueix els para-sols \ud83d\ude42<\/p>\n<p><strong>Una altra opci\u00f3 de transport \u00e9s l&#8217;autob\u00fas.<\/strong> Hi ha diverses l\u00ednies que surten des de Barcelona per anar cap a la platja de Gav\u00e0 i Castelldefels. Per exemple, <strong>la l\u00ednia L95 surt des de Pla\u00e7a Universitat<\/strong> (Barcelona) i arriba a la platja de Gav\u00e0, passant per Pla\u00e7a de Sants (a Barcelona).<\/p>\n<h3>Pobles amb platja a prop de Barcelona: Sitges i Vilanova i la Geltr\u00fa<\/h3>\n<div class=\"tiled-gallery type-rectangular tiled-gallery-unresized\" data-original-width=\"500\" data-carousel-extra='{&quot;blog_id&quot;:1,&quot;permalink&quot;:&quot;https:\\\/\\\/locaacademiafamiliar.com\\\/ca\\\/2019\\\/platges-a-prop-de-barcelona-a-les-que-shi-pot-anar-en-transport-public-tren-metro-o-bus\\\/&quot;,&quot;likes_blog_id&quot;:119488531}' itemscope itemtype=\"http:\/\/schema.org\/ImageGallery\" > <div class=\"gallery-row\" style=\"width: 500px; height: 153px;\" data-original-width=\"500\" data-original-height=\"153\" > <div class=\"gallery-group images-1\" style=\"width: 269px; height: 153px;\" data-original-width=\"269\" data-original-height=\"153\" > <div class=\"tiled-gallery-item tiled-gallery-item-large\" itemprop=\"associatedMedia\" itemscope itemtype=\"http:\/\/schema.org\/ImageObject\"> <a href=\"https:\/\/locaacademiafamiliar.com\/ca\/2019\/platges-a-prop-de-barcelona-a-les-que-shi-pot-anar-en-transport-public-tren-metro-o-bus\/sitges-1477826_960_720-2\/\" border=\"0\" itemprop=\"url\"> <meta itemprop=\"width\" content=\"265\"> <meta itemprop=\"height\" content=\"149\"> <img decoding=\"async\" class=\"\" data-attachment-id=\"8137\" data-orig-file=\"https:\/\/locaacademiafamiliar.com\/wp-content\/uploads\/2019\/08\/sitges-1477826_960_720.jpg\" data-orig-size=\"960,540\" data-comments-opened=\"1\" data-image-meta=\"{&quot;aperture&quot;:&quot;11&quot;,&quot;credit&quot;:&quot;&quot;,&quot;camera&quot;:&quot;ILCE-6000&quot;,&quot;caption&quot;:&quot;&quot;,&quot;created_timestamp&quot;:&quot;0&quot;,&quot;copyright&quot;:&quot;&quot;,&quot;focal_length&quot;:&quot;16&quot;,&quot;iso&quot;:&quot;100&quot;,&quot;shutter_speed&quot;:&quot;0.005&quot;,&quot;title&quot;:&quot;&quot;,&quot;orientation&quot;:&quot;0&quot;}\" data-image-title=\"sitges-1477826_960_720\" data-image-description=\"\" data-medium-file=\"https:\/\/i0.wp.com\/locaacademiafamiliar.com\/wp-content\/uploads\/2019\/08\/sitges-1477826_960_720.jpg?fit=300%2C169&#038;ssl=1\" data-large-file=\"https:\/\/i0.wp.com\/locaacademiafamiliar.com\/wp-content\/uploads\/2019\/08\/sitges-1477826_960_720.jpg?fit=960%2C540&#038;ssl=1\" src=\"https:\/\/i0.wp.com\/locaacademiafamiliar.com\/wp-content\/uploads\/2019\/08\/sitges-1477826_960_720.jpg?w=265&#038;h=149&#038;ssl=1\" srcset=\"https:\/\/i0.wp.com\/locaacademiafamiliar.com\/wp-content\/uploads\/2019\/08\/sitges-1477826_960_720.jpg?w=960&amp;ssl=1 960w, https:\/\/i0.wp.com\/locaacademiafamiliar.com\/wp-content\/uploads\/2019\/08\/sitges-1477826_960_720.jpg?resize=300%2C169&amp;ssl=1 300w, https:\/\/i0.wp.com\/locaacademiafamiliar.com\/wp-content\/uploads\/2019\/08\/sitges-1477826_960_720.jpg?resize=768%2C432&amp;ssl=1 768w, https:\/\/i0.wp.com\/locaacademiafamiliar.com\/wp-content\/uploads\/2019\/08\/sitges-1477826_960_720.jpg?resize=678%2C381&amp;ssl=1 678w\" width=\"265\" height=\"149\" loading=\"lazy\" data-original-width=\"265\" data-original-height=\"149\" itemprop=\"http:\/\/schema.org\/image\" title=\"sitges-1477826_960_720\" alt=\"Sitges\" style=\"width: 265px; height: 149px;\" \/> <\/a> <div class=\"tiled-gallery-caption\" itemprop=\"caption description\"> Sitges <\/div> <\/div> <\/div> <!-- close group --> <div class=\"gallery-group images-1\" style=\"width: 231px; height: 153px;\" data-original-width=\"231\" data-original-height=\"153\" > <div class=\"tiled-gallery-item tiled-gallery-item-small\" itemprop=\"associatedMedia\" itemscope itemtype=\"http:\/\/schema.org\/ImageObject\"> <a href=\"https:\/\/locaacademiafamiliar.com\/ca\/2019\/platges-a-prop-de-barcelona-a-les-que-shi-pot-anar-en-transport-public-tren-metro-o-bus\/800px-plac%cc%a7a_de_la_vila_vilanova_i_la_geltru_-_4-2\/\" border=\"0\" itemprop=\"url\"> <meta itemprop=\"width\" content=\"227\"> <meta itemprop=\"height\" content=\"149\"> <img decoding=\"async\" class=\"\" data-attachment-id=\"8147\" data-orig-file=\"https:\/\/locaacademiafamiliar.com\/wp-content\/uploads\/2019\/08\/800px-Plac\u0327a_de_la_Vila_Vilanova_i_la_Geltru\u0301_-_4.jpg\" data-orig-size=\"800,525\" data-comments-opened=\"1\" data-image-meta=\"{&quot;aperture&quot;:&quot;0&quot;,&quot;credit&quot;:&quot;&quot;,&quot;camera&quot;:&quot;&quot;,&quot;caption&quot;:&quot;&quot;,&quot;created_timestamp&quot;:&quot;0&quot;,&quot;copyright&quot;:&quot;&quot;,&quot;focal_length&quot;:&quot;0&quot;,&quot;iso&quot;:&quot;0&quot;,&quot;shutter_speed&quot;:&quot;0&quot;,&quot;title&quot;:&quot;&quot;,&quot;orientation&quot;:&quot;0&quot;}\" data-image-title=\"800px-Plac\u0327a_de_la_Vila_(Vilanova_i_la_Geltru\u0301)_-_4\" data-image-description=\"\" data-medium-file=\"https:\/\/i0.wp.com\/locaacademiafamiliar.com\/wp-content\/uploads\/2019\/08\/800px-Plac%CC%A7a_de_la_Vila_Vilanova_i_la_Geltru%CC%81_-_4.jpg?fit=300%2C197&#038;ssl=1\" data-large-file=\"https:\/\/i0.wp.com\/locaacademiafamiliar.com\/wp-content\/uploads\/2019\/08\/800px-Plac%CC%A7a_de_la_Vila_Vilanova_i_la_Geltru%CC%81_-_4.jpg?fit=800%2C525&#038;ssl=1\" src=\"https:\/\/i0.wp.com\/locaacademiafamiliar.com\/wp-content\/uploads\/2019\/08\/800px-Plac%CC%A7a_de_la_Vila_Vilanova_i_la_Geltru%CC%81_-_4.jpg?w=227&#038;h=149&#038;ssl=1\" width=\"227\" height=\"149\" loading=\"lazy\" data-original-width=\"227\" data-original-height=\"149\" itemprop=\"http:\/\/schema.org\/image\" title=\"800px-Plac\u0327a_de_la_Vila_(Vilanova_i_la_Geltru\u0301)_-_4\" alt=\"Vilanova i la Geltr\u00fa\" style=\"width: 227px; height: 149px;\" \/> <\/a> <div class=\"tiled-gallery-caption\" itemprop=\"caption description\"> Vilanova i la Geltr\u00fa <\/div> <\/div> <\/div> <!-- close group --> <\/div> <!-- close row --> <\/div>\n<p>Per acabar, si prefereixes sortir de la corona de Barcelona, \u200b\u200bhi ha moltes localitats costaneres fant\u00e0stiques on anar a passar el dia, en transport p\u00fablic. En aquesta ocasi\u00f3 et recomano la preciosa <strong><a href=\"http:\/\/www.visitsitges.com\/\" target=\"_blank\" rel=\"noopener\">Sitges<\/a> amb la mateixa l\u00ednia R2 de tren<\/strong> que et porta a Castelldefels. Des de l&#8217;estaci\u00f3 de tren de Sitges teniu un paseito de deu minuts fins a la platja de Sant Sebasti\u00e0, molt bonica.<\/p>\n<p><strong>A m\u00e9s de passar el dia a la platja, el poble de Sitges t\u00e9 un preci\u00f3s passeig mar\u00edtim i un casc antic amb casetes blanques<\/strong> on perdre-hi una bona estona explorant i passejant. \u00c9s una localitat bastant tur\u00edstica i una de les <strong>excursions de dia recomanades per fer amb nens (i sense nens) des de Barcelona<\/strong>. Per aix\u00f2, si preferiu un poble sense turisme i encara m\u00e9s tradicional \/ aut\u00e8ntic, la seg\u00fcent parada \u00e9s<a href=\"http:\/\/www.vilanovaturisme.cat\/\" target=\"_blank\" rel=\"noopener\"><strong> Vilanova i la Geltr\u00fa<\/strong><\/a>.<\/p>\n<p>Sitges i Vilanova s\u00f3n localitats ve\u00efnes &#8220;enfrontades&#8221; tradicionalment. A Vilanova no hi trobareu gaires turistes per\u00f2 s\u00ed <strong>un poble aut\u00e8ntic amb platja i bones paelles.<\/strong> Un passeig fant\u00e0stic \ud83d\ude42 No us perdeu el seu Carnaval !!<\/p>\n<p>Tingues en compte que el tren segueix cap al sud, per tot el litoral de la costa de Catalunya. Per aix\u00f2,<strong> a la Costa Daurada (Tarragona) s\u00ed que arribeu amb tren<\/strong> \ud83d\ude42 Si t&#8217;interessa una <strong>escapada amb nens a les platges de Tarragona, fa una ullada al nostre article sobre les <a href=\"https:\/\/locaacademiafamiliar.com\/ca\/2019\/les-millors-platges-de-la-costa-daurada-per-anar-amb-nens\/\" target=\"_blank\" rel=\"noopener\">millors platges de la Costa Daurada per a fam\u00edlies amb nens<\/a><\/strong>.<\/p>\n","protected":false},"excerpt":{"rendered":"<div class=\"mh-excerpt\"><p>Un p\u00edcnic a la platja arregla fins i tot el dia m\u00e9s calor\u00f3s de l&#8217;estiu i\u00a0aqui tens unes quantes idees per anar a la platja a Barcelona, per\u00f2 sense necessitat d&#8217;agafar el cotxe. Si est\u00e0s buscant platges a les que anar en transport p\u00fablic, en aquest article t&#8217;expliquem quines s\u00f3n les nostres platges favorites prop de Barcelona a les que pots anar amb tren, metro o bus. (A m\u00e9s, recorda que en un altre article t&#8217;expliquem plans gratu\u00efts per fer a l&#8217;estiu a Barcelona amb nens). <a class=\"mh-excerpt-more\" href=\"https:\/\/locaacademiafamiliar.com\/ca\/2019\/platges-a-prop-de-barcelona-a-les-que-shi-pot-anar-en-transport-public-tren-metro-o-bus\/\" title=\"Platges a prop de Barcelona a les que s&#8217;hi pot anar en transport p\u00fablic (tren, metro o bus)\">[&#8230;]<\/a><\/p>\n<\/div>","protected":false},"author":2,"featured_media":8145,"comment_status":"open","ping_status":"open","sticky":false,"template":"","format":"standard","meta":{"_monsterinsights_skip_tracking":false,"_monsterinsights_sitenote_active":false,"_monsterinsights_sitenote_note":"","_monsterinsights_sitenote_category":0,"_jetpack_memberships_contains_paid_content":false,"footnotes":""},"categories":[37],"tags":[89,100],"class_list":{"0":"post-8150","1":"post","2":"type-post","3":"status-publish","4":"format-standard","5":"has-post-thumbnail","7":"category-geografia-ca","8":"tag-barcelona-ca","9":"tag-platges"},"yoast_head":"<!-- This site is optimized with the Yoast SEO plugin v26.8 - https:\/\/yoast.com\/product\/yoast-seo-wordpress\/ -->\n<title>Platges a prop de Barcelona a les que s&#039;hi pot arribar en transport p\u00fablic<\/title>\n<meta name=\"description\" content=\"Platges a prop de Barcelona a les que s&#039;hi pot arribar en transport p\u00fablic, ja sigui tren, metro o bus. Platges al nord de Barcelona (Maresme) i al sud (Garraf)\" \/>\n<meta name=\"robots\" content=\"index, follow, max-snippet:-1, max-image-preview:large, max-video-preview:-1\" \/>\n<link rel=\"canonical\" href=\"https:\/\/locaacademiafamiliar.com\/ca\/2019\/platges-a-prop-de-barcelona-a-les-que-shi-pot-anar-en-transport-public-tren-metro-o-bus\/\" \/>\n<meta property=\"og:locale\" content=\"ca_ES\" \/>\n<meta property=\"og:type\" content=\"article\" \/>\n<meta property=\"og:title\" content=\"Platges a prop de Barcelona a les que s&#039;hi pot arribar en transport p\u00fablic\" \/>\n<meta property=\"og:description\" content=\"Platges a prop de Barcelona a les que s&#039;hi pot arribar en transport p\u00fablic, ja sigui tren, metro o bus. Platges al nord de Barcelona (Maresme) i al sud (Garraf)\" \/>\n<meta property=\"og:url\" content=\"https:\/\/locaacademiafamiliar.com\/ca\/2019\/platges-a-prop-de-barcelona-a-les-que-shi-pot-anar-en-transport-public-tren-metro-o-bus\/\" \/>\n<meta property=\"og:site_name\" content=\"Boja Acad\u00e8mia Familiar\" \/>\n<meta property=\"article:publisher\" content=\"https:\/\/www.facebook.com\/LocaAcademiaFamiliar\" \/>\n<meta property=\"article:published_time\" content=\"2019-08-19T20:29:01+00:00\" \/>\n<meta property=\"og:image\" content=\"https:\/\/locaacademiafamiliar.com\/wp-content\/uploads\/2019\/08\/barcelona-2390525_1920.jpg\" \/>\n\t<meta property=\"og:image:width\" content=\"1920\" \/>\n\t<meta property=\"og:image:height\" content=\"667\" \/>\n\t<meta property=\"og:image:type\" content=\"image\/jpeg\" \/>\n<meta name=\"author\" content=\"Elisabet\" \/>\n<meta name=\"twitter:card\" content=\"summary_large_image\" \/>\n<meta name=\"twitter:label1\" content=\"Escrit per\" \/>\n\t<meta name=\"twitter:data1\" content=\"Elisabet\" \/>\n\t<meta name=\"twitter:label2\" content=\"Temps estimat de lectura\" \/>\n\t<meta name=\"twitter:data2\" content=\"7 minuts\" \/>\n<script type=\"application\/ld+json\" class=\"yoast-schema-graph\">{\"@context\":\"https:\/\/schema.org\",\"@graph\":[{\"@type\":\"Article\",\"@id\":\"https:\/\/locaacademiafamiliar.com\/ca\/2019\/platges-a-prop-de-barcelona-a-les-que-shi-pot-anar-en-transport-public-tren-metro-o-bus\/#article\",\"isPartOf\":{\"@id\":\"https:\/\/locaacademiafamiliar.com\/ca\/2019\/platges-a-prop-de-barcelona-a-les-que-shi-pot-anar-en-transport-public-tren-metro-o-bus\/\"},\"author\":{\"name\":\"Elisabet\",\"@id\":\"https:\/\/locaacademiafamiliar.com\/ca\/#\/schema\/person\/8ddc70c9780d67ef5bbb462a307f8042\"},\"headline\":\"Platges a prop de Barcelona a les que s&#8217;hi pot anar en transport p\u00fablic (tren, metro o bus)\",\"datePublished\":\"2019-08-19T20:29:01+00:00\",\"mainEntityOfPage\":{\"@id\":\"https:\/\/locaacademiafamiliar.com\/ca\/2019\/platges-a-prop-de-barcelona-a-les-que-shi-pot-anar-en-transport-public-tren-metro-o-bus\/\"},\"wordCount\":1390,\"commentCount\":0,\"publisher\":{\"@id\":\"https:\/\/locaacademiafamiliar.com\/ca\/#organization\"},\"image\":{\"@id\":\"https:\/\/locaacademiafamiliar.com\/ca\/2019\/platges-a-prop-de-barcelona-a-les-que-shi-pot-anar-en-transport-public-tren-metro-o-bus\/#primaryimage\"},\"thumbnailUrl\":\"https:\/\/i0.wp.com\/locaacademiafamiliar.com\/wp-content\/uploads\/2019\/08\/barcelona-2390525_1920.jpg?fit=1920%2C667&ssl=1\",\"keywords\":[\"Barcelona\",\"platges\"],\"articleSection\":[\"Geografia\"],\"inLanguage\":\"ca\",\"potentialAction\":[{\"@type\":\"CommentAction\",\"name\":\"Comment\",\"target\":[\"https:\/\/locaacademiafamiliar.com\/ca\/2019\/platges-a-prop-de-barcelona-a-les-que-shi-pot-anar-en-transport-public-tren-metro-o-bus\/#respond\"]}]},{\"@type\":\"WebPage\",\"@id\":\"https:\/\/locaacademiafamiliar.com\/ca\/2019\/platges-a-prop-de-barcelona-a-les-que-shi-pot-anar-en-transport-public-tren-metro-o-bus\/\",\"url\":\"https:\/\/locaacademiafamiliar.com\/ca\/2019\/platges-a-prop-de-barcelona-a-les-que-shi-pot-anar-en-transport-public-tren-metro-o-bus\/\",\"name\":\"Platges a prop de Barcelona a les que s'hi pot arribar en transport p\u00fablic\",\"isPartOf\":{\"@id\":\"https:\/\/locaacademiafamiliar.com\/ca\/#website\"},\"primaryImageOfPage\":{\"@id\":\"https:\/\/locaacademiafamiliar.com\/ca\/2019\/platges-a-prop-de-barcelona-a-les-que-shi-pot-anar-en-transport-public-tren-metro-o-bus\/#primaryimage\"},\"image\":{\"@id\":\"https:\/\/locaacademiafamiliar.com\/ca\/2019\/platges-a-prop-de-barcelona-a-les-que-shi-pot-anar-en-transport-public-tren-metro-o-bus\/#primaryimage\"},\"thumbnailUrl\":\"https:\/\/i0.wp.com\/locaacademiafamiliar.com\/wp-content\/uploads\/2019\/08\/barcelona-2390525_1920.jpg?fit=1920%2C667&ssl=1\",\"datePublished\":\"2019-08-19T20:29:01+00:00\",\"description\":\"Platges a prop de Barcelona a les que s'hi pot arribar en transport p\u00fablic, ja sigui tren, metro o bus. Platges al nord de Barcelona (Maresme) i al sud (Garraf)\",\"breadcrumb\":{\"@id\":\"https:\/\/locaacademiafamiliar.com\/ca\/2019\/platges-a-prop-de-barcelona-a-les-que-shi-pot-anar-en-transport-public-tren-metro-o-bus\/#breadcrumb\"},\"inLanguage\":\"ca\",\"potentialAction\":[{\"@type\":\"ReadAction\",\"target\":[\"https:\/\/locaacademiafamiliar.com\/ca\/2019\/platges-a-prop-de-barcelona-a-les-que-shi-pot-anar-en-transport-public-tren-metro-o-bus\/\"]}]},{\"@type\":\"ImageObject\",\"inLanguage\":\"ca\",\"@id\":\"https:\/\/locaacademiafamiliar.com\/ca\/2019\/platges-a-prop-de-barcelona-a-les-que-shi-pot-anar-en-transport-public-tren-metro-o-bus\/#primaryimage\",\"url\":\"https:\/\/i0.wp.com\/locaacademiafamiliar.com\/wp-content\/uploads\/2019\/08\/barcelona-2390525_1920.jpg?fit=1920%2C667&ssl=1\",\"contentUrl\":\"https:\/\/i0.wp.com\/locaacademiafamiliar.com\/wp-content\/uploads\/2019\/08\/barcelona-2390525_1920.jpg?fit=1920%2C667&ssl=1\",\"width\":1920,\"height\":667},{\"@type\":\"BreadcrumbList\",\"@id\":\"https:\/\/locaacademiafamiliar.com\/ca\/2019\/platges-a-prop-de-barcelona-a-les-que-shi-pot-anar-en-transport-public-tren-metro-o-bus\/#breadcrumb\",\"itemListElement\":[{\"@type\":\"ListItem\",\"position\":1,\"name\":\"Portada\",\"item\":\"https:\/\/locaacademiafamiliar.com\/ca\/\"},{\"@type\":\"ListItem\",\"position\":2,\"name\":\"Platges a prop de Barcelona a les que s&#8217;hi pot anar en transport p\u00fablic (tren, metro o bus)\"}]},{\"@type\":\"WebSite\",\"@id\":\"https:\/\/locaacademiafamiliar.com\/ca\/#website\",\"url\":\"https:\/\/locaacademiafamiliar.com\/ca\/\",\"name\":\"Boja Acad\u00e8mia Familiar\",\"description\":\"El blog de crianza con el que pap\u00e1s y mam\u00e1s salen mejor preparados para su rutina familiar diaria\",\"publisher\":{\"@id\":\"https:\/\/locaacademiafamiliar.com\/ca\/#organization\"},\"potentialAction\":[{\"@type\":\"SearchAction\",\"target\":{\"@type\":\"EntryPoint\",\"urlTemplate\":\"https:\/\/locaacademiafamiliar.com\/ca\/?s={search_term_string}\"},\"query-input\":{\"@type\":\"PropertyValueSpecification\",\"valueRequired\":true,\"valueName\":\"search_term_string\"}}],\"inLanguage\":\"ca\"},{\"@type\":\"Organization\",\"@id\":\"https:\/\/locaacademiafamiliar.com\/ca\/#organization\",\"name\":\"LocaAcademiaFamiliar.com\",\"url\":\"https:\/\/locaacademiafamiliar.com\/ca\/\",\"logo\":{\"@type\":\"ImageObject\",\"inLanguage\":\"ca\",\"@id\":\"https:\/\/locaacademiafamiliar.com\/ca\/#\/schema\/logo\/image\/\",\"url\":\"https:\/\/locaacademiafamiliar.com\/wp-content\/uploads\/2020\/01\/logo-loca-academia-familiar.jpg\",\"contentUrl\":\"https:\/\/locaacademiafamiliar.com\/wp-content\/uploads\/2020\/01\/logo-loca-academia-familiar.jpg\",\"width\":960,\"height\":960,\"caption\":\"LocaAcademiaFamiliar.com\"},\"image\":{\"@id\":\"https:\/\/locaacademiafamiliar.com\/ca\/#\/schema\/logo\/image\/\"},\"sameAs\":[\"https:\/\/www.facebook.com\/LocaAcademiaFamiliar\"]},{\"@type\":\"Person\",\"@id\":\"https:\/\/locaacademiafamiliar.com\/ca\/#\/schema\/person\/8ddc70c9780d67ef5bbb462a307f8042\",\"name\":\"Elisabet\",\"image\":{\"@type\":\"ImageObject\",\"inLanguage\":\"ca\",\"@id\":\"https:\/\/locaacademiafamiliar.com\/ca\/#\/schema\/person\/image\/\",\"url\":\"https:\/\/secure.gravatar.com\/avatar\/b7cd6a228ab9368d5f221ffe7f0dae77?s=96&d=mm&r=g\",\"contentUrl\":\"https:\/\/secure.gravatar.com\/avatar\/b7cd6a228ab9368d5f221ffe7f0dae77?s=96&d=mm&r=g\",\"caption\":\"Elisabet\"},\"description\":\"\u00a1Hola! Soy Elisabet, aunque en algunos grupos de whatsapp soy simplemente mam\u00e1 de \u00cd. Tengo dos hijas muy divertidas, la primera nacida en febrero del 2013 y la segunda el enero del 2016 as\u00ed que ya hace m\u00e1s de tres a\u00f1os que vivo en horario infantil. En el mundo adulto trabajo en un hospital de Barcelona, soy enfermera y comadrona. Si quieres estar informado de los eventos y actividades para familias con ni\u00f1os en Catalunya, haz click aqu\u00ed para apuntarte a nuestra newsletter.\",\"sameAs\":[\"http:\/\/www.locaacademiafamiliar.com\"],\"url\":\"https:\/\/locaacademiafamiliar.com\/ca\/author\/eli\/\"}]}<\/script>\n<!-- \/ Yoast SEO plugin. -->","yoast_head_json":{"title":"Platges a prop de Barcelona a les que s'hi pot arribar en transport p\u00fablic","description":"Platges a prop de Barcelona a les que s'hi pot arribar en transport p\u00fablic, ja sigui tren, metro o bus. Platges al nord de Barcelona (Maresme) i al sud (Garraf)","robots":{"index":"index","follow":"follow","max-snippet":"max-snippet:-1","max-image-preview":"max-image-preview:large","max-video-preview":"max-video-preview:-1"},"canonical":"https:\/\/locaacademiafamiliar.com\/ca\/2019\/platges-a-prop-de-barcelona-a-les-que-shi-pot-anar-en-transport-public-tren-metro-o-bus\/","og_locale":"ca_ES","og_type":"article","og_title":"Platges a prop de Barcelona a les que s'hi pot arribar en transport p\u00fablic","og_description":"Platges a prop de Barcelona a les que s'hi pot arribar en transport p\u00fablic, ja sigui tren, metro o bus. Platges al nord de Barcelona (Maresme) i al sud (Garraf)","og_url":"https:\/\/locaacademiafamiliar.com\/ca\/2019\/platges-a-prop-de-barcelona-a-les-que-shi-pot-anar-en-transport-public-tren-metro-o-bus\/","og_site_name":"Boja Acad\u00e8mia Familiar","article_publisher":"https:\/\/www.facebook.com\/LocaAcademiaFamiliar","article_published_time":"2019-08-19T20:29:01+00:00","og_image":[{"width":1920,"height":667,"url":"https:\/\/locaacademiafamiliar.com\/wp-content\/uploads\/2019\/08\/barcelona-2390525_1920.jpg","type":"image\/jpeg"}],"author":"Elisabet","twitter_card":"summary_large_image","twitter_misc":{"Escrit per":"Elisabet","Temps estimat de lectura":"7 minuts"},"schema":{"@context":"https:\/\/schema.org","@graph":[{"@type":"Article","@id":"https:\/\/locaacademiafamiliar.com\/ca\/2019\/platges-a-prop-de-barcelona-a-les-que-shi-pot-anar-en-transport-public-tren-metro-o-bus\/#article","isPartOf":{"@id":"https:\/\/locaacademiafamiliar.com\/ca\/2019\/platges-a-prop-de-barcelona-a-les-que-shi-pot-anar-en-transport-public-tren-metro-o-bus\/"},"author":{"name":"Elisabet","@id":"https:\/\/locaacademiafamiliar.com\/ca\/#\/schema\/person\/8ddc70c9780d67ef5bbb462a307f8042"},"headline":"Platges a prop de Barcelona a les que s&#8217;hi pot anar en transport p\u00fablic (tren, metro o bus)","datePublished":"2019-08-19T20:29:01+00:00","mainEntityOfPage":{"@id":"https:\/\/locaacademiafamiliar.com\/ca\/2019\/platges-a-prop-de-barcelona-a-les-que-shi-pot-anar-en-transport-public-tren-metro-o-bus\/"},"wordCount":1390,"commentCount":0,"publisher":{"@id":"https:\/\/locaacademiafamiliar.com\/ca\/#organization"},"image":{"@id":"https:\/\/locaacademiafamiliar.com\/ca\/2019\/platges-a-prop-de-barcelona-a-les-que-shi-pot-anar-en-transport-public-tren-metro-o-bus\/#primaryimage"},"thumbnailUrl":"https:\/\/i0.wp.com\/locaacademiafamiliar.com\/wp-content\/uploads\/2019\/08\/barcelona-2390525_1920.jpg?fit=1920%2C667&ssl=1","keywords":["Barcelona","platges"],"articleSection":["Geografia"],"inLanguage":"ca","potentialAction":[{"@type":"CommentAction","name":"Comment","target":["https:\/\/locaacademiafamiliar.com\/ca\/2019\/platges-a-prop-de-barcelona-a-les-que-shi-pot-anar-en-transport-public-tren-metro-o-bus\/#respond"]}]},{"@type":"WebPage","@id":"https:\/\/locaacademiafamiliar.com\/ca\/2019\/platges-a-prop-de-barcelona-a-les-que-shi-pot-anar-en-transport-public-tren-metro-o-bus\/","url":"https:\/\/locaacademiafamiliar.com\/ca\/2019\/platges-a-prop-de-barcelona-a-les-que-shi-pot-anar-en-transport-public-tren-metro-o-bus\/","name":"Platges a prop de Barcelona a les que s'hi pot arribar en transport p\u00fablic","isPartOf":{"@id":"https:\/\/locaacademiafamiliar.com\/ca\/#website"},"primaryImageOfPage":{"@id":"https:\/\/locaacademiafamiliar.com\/ca\/2019\/platges-a-prop-de-barcelona-a-les-que-shi-pot-anar-en-transport-public-tren-metro-o-bus\/#primaryimage"},"image":{"@id":"https:\/\/locaacademiafamiliar.com\/ca\/2019\/platges-a-prop-de-barcelona-a-les-que-shi-pot-anar-en-transport-public-tren-metro-o-bus\/#primaryimage"},"thumbnailUrl":"https:\/\/i0.wp.com\/locaacademiafamiliar.com\/wp-content\/uploads\/2019\/08\/barcelona-2390525_1920.jpg?fit=1920%2C667&ssl=1","datePublished":"2019-08-19T20:29:01+00:00","description":"Platges a prop de Barcelona a les que s'hi pot arribar en transport p\u00fablic, ja sigui tren, metro o bus. Platges al nord de Barcelona (Maresme) i al sud (Garraf)","breadcrumb":{"@id":"https:\/\/locaacademiafamiliar.com\/ca\/2019\/platges-a-prop-de-barcelona-a-les-que-shi-pot-anar-en-transport-public-tren-metro-o-bus\/#breadcrumb"},"inLanguage":"ca","potentialAction":[{"@type":"ReadAction","target":["https:\/\/locaacademiafamiliar.com\/ca\/2019\/platges-a-prop-de-barcelona-a-les-que-shi-pot-anar-en-transport-public-tren-metro-o-bus\/"]}]},{"@type":"ImageObject","inLanguage":"ca","@id":"https:\/\/locaacademiafamiliar.com\/ca\/2019\/platges-a-prop-de-barcelona-a-les-que-shi-pot-anar-en-transport-public-tren-metro-o-bus\/#primaryimage","url":"https:\/\/i0.wp.com\/locaacademiafamiliar.com\/wp-content\/uploads\/2019\/08\/barcelona-2390525_1920.jpg?fit=1920%2C667&ssl=1","contentUrl":"https:\/\/i0.wp.com\/locaacademiafamiliar.com\/wp-content\/uploads\/2019\/08\/barcelona-2390525_1920.jpg?fit=1920%2C667&ssl=1","width":1920,"height":667},{"@type":"BreadcrumbList","@id":"https:\/\/locaacademiafamiliar.com\/ca\/2019\/platges-a-prop-de-barcelona-a-les-que-shi-pot-anar-en-transport-public-tren-metro-o-bus\/#breadcrumb","itemListElement":[{"@type":"ListItem","position":1,"name":"Portada","item":"https:\/\/locaacademiafamiliar.com\/ca\/"},{"@type":"ListItem","position":2,"name":"Platges a prop de Barcelona a les que s&#8217;hi pot anar en transport p\u00fablic (tren, metro o bus)"}]},{"@type":"WebSite","@id":"https:\/\/locaacademiafamiliar.com\/ca\/#website","url":"https:\/\/locaacademiafamiliar.com\/ca\/","name":"Boja Acad\u00e8mia Familiar","description":"El blog de crianza con el que pap\u00e1s y mam\u00e1s salen mejor preparados para su rutina familiar diaria","publisher":{"@id":"https:\/\/locaacademiafamiliar.com\/ca\/#organization"},"potentialAction":[{"@type":"SearchAction","target":{"@type":"EntryPoint","urlTemplate":"https:\/\/locaacademiafamiliar.com\/ca\/?s={search_term_string}"},"query-input":{"@type":"PropertyValueSpecification","valueRequired":true,"valueName":"search_term_string"}}],"inLanguage":"ca"},{"@type":"Organization","@id":"https:\/\/locaacademiafamiliar.com\/ca\/#organization","name":"LocaAcademiaFamiliar.com","url":"https:\/\/locaacademiafamiliar.com\/ca\/","logo":{"@type":"ImageObject","inLanguage":"ca","@id":"https:\/\/locaacademiafamiliar.com\/ca\/#\/schema\/logo\/image\/","url":"https:\/\/locaacademiafamiliar.com\/wp-content\/uploads\/2020\/01\/logo-loca-academia-familiar.jpg","contentUrl":"https:\/\/locaacademiafamiliar.com\/wp-content\/uploads\/2020\/01\/logo-loca-academia-familiar.jpg","width":960,"height":960,"caption":"LocaAcademiaFamiliar.com"},"image":{"@id":"https:\/\/locaacademiafamiliar.com\/ca\/#\/schema\/logo\/image\/"},"sameAs":["https:\/\/www.facebook.com\/LocaAcademiaFamiliar"]},{"@type":"Person","@id":"https:\/\/locaacademiafamiliar.com\/ca\/#\/schema\/person\/8ddc70c9780d67ef5bbb462a307f8042","name":"Elisabet","image":{"@type":"ImageObject","inLanguage":"ca","@id":"https:\/\/locaacademiafamiliar.com\/ca\/#\/schema\/person\/image\/","url":"https:\/\/secure.gravatar.com\/avatar\/b7cd6a228ab9368d5f221ffe7f0dae77?s=96&d=mm&r=g","contentUrl":"https:\/\/secure.gravatar.com\/avatar\/b7cd6a228ab9368d5f221ffe7f0dae77?s=96&d=mm&r=g","caption":"Elisabet"},"description":"\u00a1Hola! Soy Elisabet, aunque en algunos grupos de whatsapp soy simplemente mam\u00e1 de \u00cd. Tengo dos hijas muy divertidas, la primera nacida en febrero del 2013 y la segunda el enero del 2016 as\u00ed que ya hace m\u00e1s de tres a\u00f1os que vivo en horario infantil. En el mundo adulto trabajo en un hospital de Barcelona, soy enfermera y comadrona. Si quieres estar informado de los eventos y actividades para familias con ni\u00f1os en Catalunya, haz click aqu\u00ed para apuntarte a nuestra newsletter.","sameAs":["http:\/\/www.locaacademiafamiliar.com"],"url":"https:\/\/locaacademiafamiliar.com\/ca\/author\/eli\/"}]}},"jetpack_featured_media_url":"https:\/\/i0.wp.com\/locaacademiafamiliar.com\/wp-content\/uploads\/2019\/08\/barcelona-2390525_1920.jpg?fit=1920%2C667&ssl=1","jetpack_sharing_enabled":true,"amp_enabled":true,"_links":{"self":[{"href":"https:\/\/locaacademiafamiliar.com\/ca\/wp-json\/wp\/v2\/posts\/8150","targetHints":{"allow":["GET"]}}],"collection":[{"href":"https:\/\/locaacademiafamiliar.com\/ca\/wp-json\/wp\/v2\/posts"}],"about":[{"href":"https:\/\/locaacademiafamiliar.com\/ca\/wp-json\/wp\/v2\/types\/post"}],"author":[{"embeddable":true,"href":"https:\/\/locaacademiafamiliar.com\/ca\/wp-json\/wp\/v2\/users\/2"}],"replies":[{"embeddable":true,"href":"https:\/\/locaacademiafamiliar.com\/ca\/wp-json\/wp\/v2\/comments?post=8150"}],"version-history":[{"count":0,"href":"https:\/\/locaacademiafamiliar.com\/ca\/wp-json\/wp\/v2\/posts\/8150\/revisions"}],"wp:featuredmedia":[{"embeddable":true,"href":"https:\/\/locaacademiafamiliar.com\/ca\/wp-json\/wp\/v2\/media\/8145"}],"wp:attachment":[{"href":"https:\/\/locaacademiafamiliar.com\/ca\/wp-json\/wp\/v2\/media?parent=8150"}],"wp:term":[{"taxonomy":"category","embeddable":true,"href":"https:\/\/locaacademiafamiliar.com\/ca\/wp-json\/wp\/v2\/categories?post=8150"},{"taxonomy":"post_tag","embeddable":true,"href":"https:\/\/locaacademiafamiliar.com\/ca\/wp-json\/wp\/v2\/tags?post=8150"}],"curies":[{"name":"wp","href":"https:\/\/api.w.org\/{rel}","templated":true}]}}