{"id":882,"date":"2017-01-31T12:35:27","date_gmt":"2017-01-31T12:35:27","guid":{"rendered":"http:\/\/locaacademiafamiliar.com\/?p=882"},"modified":"2017-11-22T12:35:16","modified_gmt":"2017-11-22T12:35:16","slug":"parir-al-cotxe-que-fer-si-passa","status":"publish","type":"post","link":"https:\/\/locaacademiafamiliar.com\/ca\/2017\/parir-al-cotxe-que-fer-si-passa\/","title":{"rendered":"Parir al Cotxe: Qu\u00e8 fer si passa"},"content":{"rendered":"<p>Bon dia classe! Que aixequi la m\u00e0 <strong>qui tingui por de parir al cotxe, de cam\u00ed a l&#8217;hospital<\/strong> \ud83d\ude42<\/p>\n<p><strong>\u00c9s una <a href=\"http:\/\/locaacademiafamiliar.com\/ca\/tag\/pors\/\" target=\"_blank\" rel=\"noopener\">por molt habitual<\/a> que soleu comentar\u00a0a\u00a0les consultes o als grups d&#8217;educaci\u00f3 maternal i que com a llevadora escolto sovint.<\/strong> Tot i que les llevadores\u00a0no ens cansem de repetir que el primer naixement sol durar hores i que teniu temps de sobres d&#8217;arribar a l&#8217;hospital, no acabem amb aquest &#8220;<em>run-run&#8221;<\/em> del part al cotxe.<\/p>\n<p><span style=\"font-weight: 400;\">Per aix\u00f2, avui\u00a0far\u00e9\u00a0una\u00a0cosa diferent. <strong>En comptes d&#8217;explicar-vos que \u00e9s <span style=\"text-decoration: underline;\">altament improbable<\/span> que el vostre nad\u00f3 neixi al cotxe, <span style=\"text-decoration: underline;\">us explicar\u00e9 qu\u00e8 fer si passa<\/span><\/strong>. <\/span><\/p>\n<p><img data-recalc-dims=\"1\" decoding=\"async\" class=\"size-full wp-image-869 aligncenter\" src=\"https:\/\/i0.wp.com\/locaacademiafamiliar.com\/wp-content\/uploads\/2017\/01\/parto-en-el-coche.jpg?resize=1024%2C768\" alt=\"parto en el coche por john allspaw\" width=\"1024\" height=\"768\" srcset=\"https:\/\/i0.wp.com\/locaacademiafamiliar.com\/wp-content\/uploads\/2017\/01\/parto-en-el-coche.jpg?w=1024&amp;ssl=1 1024w, https:\/\/i0.wp.com\/locaacademiafamiliar.com\/wp-content\/uploads\/2017\/01\/parto-en-el-coche.jpg?resize=300%2C225&amp;ssl=1 300w, https:\/\/i0.wp.com\/locaacademiafamiliar.com\/wp-content\/uploads\/2017\/01\/parto-en-el-coche.jpg?resize=768%2C576&amp;ssl=1 768w, https:\/\/i0.wp.com\/locaacademiafamiliar.com\/wp-content\/uploads\/2017\/01\/parto-en-el-coche.jpg?resize=678%2C509&amp;ssl=1 678w, https:\/\/i0.wp.com\/locaacademiafamiliar.com\/wp-content\/uploads\/2017\/01\/parto-en-el-coche.jpg?resize=326%2C245&amp;ssl=1 326w, https:\/\/i0.wp.com\/locaacademiafamiliar.com\/wp-content\/uploads\/2017\/01\/parto-en-el-coche.jpg?resize=80%2C60&amp;ssl=1 80w\" sizes=\"(max-width: 1000px) 100vw, 1000px\" \/><\/p>\n<p>&nbsp;<\/p>\n<h2>Preparats? Qu\u00e8 fer si est\u00e0s de part al cotxe<\/h2>\n<p>Esteu al cotxe, nom\u00e9s la mare i un acompanyant, conduint cap a l&#8217;hospital. Les contraccions s\u00f3n molt freq\u00fcents, ja heu\u00a0trencat aig\u00fces i de sobte la mare nota el cap del nad\u00f3 entre les cames i la veu o la palpa amb els dits. Qu\u00e8 fem?<\/p>\n<p><strong>1.<\/strong> <strong>Acceptar<\/strong> que res parar\u00e0 un <a href=\"http:\/\/locaacademiafamiliar.com\/ca\/tag\/part\/\" target=\"_blank\" rel=\"noopener\"><strong>part<\/strong><\/a> en aquell moment, aix\u00ed que el millor \u00e9s <strong>rebre el nad\u00f3 amb els bra\u00e7os oberts.<\/strong><\/p>\n<p><strong>2.<\/strong> <a href=\"http:\/\/locaacademiafamiliar.com\/ca\/tag\/mares\/\" target=\"_blank\" rel=\"noopener\"><strong>Mare<\/strong><\/a>:<strong> tu ets forta i el teu nad\u00f3 ho t\u00e9 tan clar, que naixer\u00e0 demostrant-ho.<\/strong> Agafa aire i deixa que la natura i el teu cos et gui\u00efn. Apretar\u00e0s i naixer\u00e0.<\/p>\n<p><strong>3.<\/strong> <strong><a href=\"http:\/\/locaacademiafamiliar.com\/ca\/tag\/pares\/\" target=\"_blank\" rel=\"noopener\">Pare<\/a>\u00a0o acompanyant<\/strong>: <strong>atura\u00a0el cotxe, treu-li el cintur\u00f3 de seguretat i retira-li\u00a0completament els pantalons i les calcetes<\/strong> (no nom\u00e9s baixats). Segurament la mare no voldr\u00e0 estirar-se; fes-li cas i que es col\u00b7loqui com ella vulgui, ajudar\u00e0 al naixement.<\/p>\n<p><strong>4.<\/strong> Espereu la seg\u00fcent contracci\u00f3 i, si veieu\u00a0el cap, ja <strong>podeu posar les mans per rebre el nad\u00f3<\/strong> en els seg\u00fcents minuts. <strong>No estireu, no gireu, no pressioneu&#8230; Nom\u00e9s rebeu el nad\u00f3. <\/strong><\/p>\n<p><img data-recalc-dims=\"1\" decoding=\"async\" class=\"size-full wp-image-872 aligncenter\" src=\"https:\/\/i0.wp.com\/locaacademiafamiliar.com\/wp-content\/uploads\/2017\/01\/parto-en-el-coche-1.jpg?resize=1000%2C667\" alt=\"parto en el coche 1\" width=\"1000\" height=\"667\" srcset=\"https:\/\/i0.wp.com\/locaacademiafamiliar.com\/wp-content\/uploads\/2017\/01\/parto-en-el-coche-1.jpg?w=1000&amp;ssl=1 1000w, https:\/\/i0.wp.com\/locaacademiafamiliar.com\/wp-content\/uploads\/2017\/01\/parto-en-el-coche-1.jpg?resize=300%2C200&amp;ssl=1 300w, https:\/\/i0.wp.com\/locaacademiafamiliar.com\/wp-content\/uploads\/2017\/01\/parto-en-el-coche-1.jpg?resize=768%2C512&amp;ssl=1 768w\" sizes=\"(max-width: 1000px) 100vw, 1000px\" \/><\/p>\n<p>5. A les seg\u00fcents contraccions, i amb les apretades\u00a0de la mare,<strong> acabar\u00e0 de sortir el cap, despr\u00e9s les espatlles i finalment la resta del cos.<\/strong> Atenci\u00f3 per a qui mai ho hagi pensat: <strong>els nadons rellisquen en n\u00e9ixer perqu\u00e8 estan mullats; aneu amb molt de compte!<\/strong><\/p>\n<p>6. Quan ja tingueu el nad\u00f3 en bra\u00e7os \u00e9s molt important <strong>que no passi fred<\/strong>. <strong>S\u2019ha d\u2019eixugar i posar-lo pell amb pell amb la mare, panxa amb panxa<\/strong>. Cobriu la mare i el nad\u00f3 per sobre excepte el cap. Idealment poseu-li un gorret; si no \u00e9s possible, cobriu-li el cap sense tapar la cara amb una pe\u00e7a de roba seca.<\/p>\n<p><strong>7. Respireu, admireu al vostre nad\u00f3 recent nascut,<\/strong> doneu-li la benvinguda, empapeu-vos d&#8217;amor pur.<\/p>\n<p><strong>8. Mare: <a href=\"http:\/\/locaacademiafamiliar.com\/ca\/tag\/lactancia-ca\/\" target=\"_blank\" rel=\"noopener\">si li\u00a0vols\u00a0donar el pit<\/a>, apropa el seu caparr\u00f3 cap al mugr\u00f3.<\/strong> Quan et busqui, col\u00b7loca la seva boca a l&#8217;altura del mugr\u00f3 i deixa que s&#8217;agafi tot sol. <strong>L&#8217;objectiu no \u00e9s que succioni a la primera, per\u00f2 s\u00ed que vagi explorant, facilitar la succi\u00f3 espont\u00e0nia i que segreguis <a href=\"https:\/\/ca.wikipedia.org\/wiki\/Oxitocina\" target=\"_blank\" rel=\"noopener\">oxitocina<\/a><\/strong> que ajudar\u00e0 al teu cos en els seg\u00fcents passos.<\/p>\n<p><img data-recalc-dims=\"1\" decoding=\"async\" class=\"size-full wp-image-875 aligncenter\" src=\"https:\/\/i0.wp.com\/locaacademiafamiliar.com\/wp-content\/uploads\/2017\/01\/Andrew-Sweeney-_-mujer-y-bebe-recien-nacido.jpg?resize=1024%2C731\" alt=\"Andrew Sweeney _ mujer y bebe recien nacido\" width=\"1024\" height=\"731\" srcset=\"https:\/\/i0.wp.com\/locaacademiafamiliar.com\/wp-content\/uploads\/2017\/01\/Andrew-Sweeney-_-mujer-y-bebe-recien-nacido.jpg?w=1024&amp;ssl=1 1024w, https:\/\/i0.wp.com\/locaacademiafamiliar.com\/wp-content\/uploads\/2017\/01\/Andrew-Sweeney-_-mujer-y-bebe-recien-nacido.jpg?resize=300%2C214&amp;ssl=1 300w, https:\/\/i0.wp.com\/locaacademiafamiliar.com\/wp-content\/uploads\/2017\/01\/Andrew-Sweeney-_-mujer-y-bebe-recien-nacido.jpg?resize=768%2C548&amp;ssl=1 768w\" sizes=\"(max-width: 1000px) 100vw, 1000px\" \/><\/p>\n<p><strong>9. Seguiu conduint cap a l&#8217;hospital, entreu per la zona de les ambul\u00e0ncies<\/strong> i expliqueu el que us ha passat. Segur que us donen l&#8217;enhorabona. \ud83d\ude42<\/p>\n<p><strong>10. Pregunta cl\u00e0ssica: tallem el cord\u00f3? NO<\/strong>. Com que aneu de cam\u00ed a l&#8217;hospital, all\u00e0 utilitzaran l&#8217;instrumental esterilitzat. En la situaci\u00f3 que estem descrivint \u00e9s preferible deixar bategar el cord\u00f3 que\u00a0tallar-lo sense els coneixements o fer-ho amb instruments no esterilitzats. Mai es talla un cord\u00f3 umbilical sense pin\u00e7ar abans els extrems que quedaran tallats; si no tenim instruments per fer-ho, no cal fer res.<\/p>\n<h3>Un exercici\u00a0pr\u00e0ctic. Qu\u00e8 van fer b\u00e9\/malament ells?<\/h3>\n<p>Com ho veieu? Encara no ho teniu clar?<strong> Us poso\u00a0un exemple pr\u00e0ctic en forma de v\u00eddeo.<\/strong> <strong>\u00c9s un part en un cotxe, no s&#8217;hi veu sang ni res per l&#8217;estil per\u00f2 la mare est\u00e0 donant a llum de forma natural aix\u00ed que es queixa i crida per ajudar el nad\u00f3 a n\u00e9ixer.<\/strong> Si no us ve de gust veure&#8217;l passeu directament als comentaris de sota per saber qu\u00e8 van fer b\u00e9\/malament.<\/p>\n<p><iframe title=\"Parto en el auto\" width=\"500\" height=\"281\" src=\"https:\/\/www.youtube.com\/embed\/9OrZ0DN72pc?feature=oembed\" frameborder=\"0\" allow=\"accelerometer; autoplay; clipboard-write; encrypted-media; gyroscope; picture-in-picture; web-share\" referrerpolicy=\"strict-origin-when-cross-origin\" allowfullscreen><\/iframe><\/p>\n<p>Primer de tot, felicitar\u00a0aquests pares \ud83d\ude42<\/p>\n<p><strong>Ara, veiem qu\u00e8 podr\u00edem fer millor si ens trob\u00e9ssim nosaltres tamb\u00e9 en aquesta situaci\u00f3:<\/strong><\/p>\n<ul>\n<li>Quan la mare diu que el cap est\u00e0 entre les seves cames <strong>cal comprovar-ho i comen\u00e7ar a atendre-la a ella i al nad\u00f3<\/strong>.<\/li>\n<li><strong>Si la mare diu &#8220;ja ve&#8221; \u00e9s l&#8217;\u00faltim av\u00eds.<\/strong>\u00a0<strong>S&#8217;atura el cotxe<\/strong> i es d\u00f3na la benvinguda al nad\u00f3.<\/li>\n<li>No \u00e9s mala opci\u00f3 posar-lo cap per avall com fan aquests pares <strong>per\u00f2 si comencem a assecar-lo molt millor<\/strong>.<\/li>\n<li>Ja sec haurien de posar-lo <strong>pell amb pell<\/strong>, que \u00e9s molt millor que deixar-lo mullat sobre les cames de la mare.<\/li>\n<\/ul>\n<p>Hi ha\u00a0alguna cosa m\u00e9s que farieu diferent?<\/p>\n<p><strong>Nota final important<\/strong>: tot el que acabeu de llegir \u00e9s \u00fatil i v\u00e0lid per a la situaci\u00f3 descrita. \u00c9s totalment insuficient per atendre un part en un domicili, tasca que fan amb gran professionalitat companyes llevadores molt formades.<\/p>\n<p>&nbsp;<\/p>\n<hr \/>\n<p style=\"text-align: right;\"><em>Fotos:\u00a0<a class=\"owner-name truncate\" title=\"Ir a la galer\u00eda de Sandro Ferrarese\" href=\"https:\/\/www.flickr.com\/photos\/sandro90\/\" target=\"_blank\" rel=\"nofollow noopener\" data-track=\"attributionNameClick\" data-rapid_p=\"27\">Sandro Ferrarese<\/a>,\u00a0<a class=\"owner-name truncate\" title=\"Ir a la galer\u00eda de john allspaw\" href=\"https:\/\/www.flickr.com\/photos\/allspaw\/\" target=\"_blank\" rel=\"nofollow noopener\" data-track=\"attributionNameClick\" data-rapid_p=\"83\">john allspaw<\/a>,\u00a0<a class=\"owner-name truncate\" title=\"Ir a la galer\u00eda de Remon Rijper\" href=\"https:\/\/www.flickr.com\/photos\/remonrijper\/\" target=\"_blank\" rel=\"nofollow noopener\" data-track=\"attributionNameClick\" data-rapid_p=\"65\">Remon Rijper<\/a>,\u00a0<a class=\"owner-name truncate\" title=\"Ir a la galer\u00eda de Andrew Sweeney\" href=\"https:\/\/www.flickr.com\/photos\/sweenpole2001\/\" target=\"_blank\" rel=\"nofollow noopener\" data-track=\"attributionNameClick\" data-rapid_p=\"28\">Andrew Sweeney<\/a><\/em><\/p>\n<p>&nbsp;<\/p>\n","protected":false},"excerpt":{"rendered":"<div class=\"mh-excerpt\"><p>Que aixequi la m\u00e0 qui tingui por de parir al cotxe, de cam\u00ed a l&#8217;hospital \ud83d\ude42 \u00c9s una por molt habitual que soleu comentar a les consultes o als grups d&#8217;educaci\u00f3 maternal i que com a llevadora escolto sovint. Tot i que les llevadores no ens cansem de repetir que el primer naixement sol durar hores i que teniu temps de sobres d&#8217;arribar a l&#8217;hospital, no acabem amb aquest &#8220;run-run&#8221; del part al cotxe. Per aix\u00f2, avui far\u00e9 una cosa diferent. En comptes d&#8217;explicar-vos que \u00e9s altament improbable que el vostre nad\u00f3 neixi al cotxe, us explicar\u00e9 qu\u00e8 fer si passa. <a class=\"mh-excerpt-more\" href=\"https:\/\/locaacademiafamiliar.com\/ca\/2017\/parir-al-cotxe-que-fer-si-passa\/\" title=\"Parir al Cotxe: Qu\u00e8 fer si passa\">[&#8230;]<\/a><\/p>\n<\/div>","protected":false},"author":2,"featured_media":868,"comment_status":"open","ping_status":"open","sticky":false,"template":"","format":"standard","meta":{"_monsterinsights_skip_tracking":false,"_monsterinsights_sitenote_active":false,"_monsterinsights_sitenote_note":"","_monsterinsights_sitenote_category":0,"_jetpack_memberships_contains_paid_content":false,"footnotes":""},"categories":[38],"tags":[55,57,58,56],"class_list":{"0":"post-882","1":"post","2":"type-post","3":"status-publish","4":"format-standard","5":"has-post-thumbnail","7":"category-historia-ca","8":"tag-mares","9":"tag-pares","10":"tag-part","11":"tag-pors"},"yoast_head":"<!-- This site is optimized with the Yoast SEO plugin v26.8 - https:\/\/yoast.com\/product\/yoast-seo-wordpress\/ -->\n<title>Parir al Cotxe: Qu\u00e8 fer si passa i Consells Pr\u00e0ctics<\/title>\n<meta name=\"description\" content=\"Que aixequi la m\u00e0 qui tingui por de parir al cotxe, de cam\u00ed a l&#039;hospital. Una por habitual que escolto sovint com a llevadora. Aix\u00f2 \u00e9s el qu\u00e8 haur\u00edeu de fer\" \/>\n<meta name=\"robots\" content=\"index, follow, max-snippet:-1, max-image-preview:large, max-video-preview:-1\" \/>\n<link rel=\"canonical\" href=\"https:\/\/locaacademiafamiliar.com\/ca\/2017\/parir-al-cotxe-que-fer-si-passa\/\" \/>\n<meta property=\"og:locale\" content=\"ca_ES\" \/>\n<meta property=\"og:type\" content=\"article\" \/>\n<meta property=\"og:title\" content=\"Parir al Cotxe: Qu\u00e8 fer si passa i Consells Pr\u00e0ctics\" \/>\n<meta property=\"og:description\" content=\"Que aixequi la m\u00e0 qui tingui por de parir al cotxe, de cam\u00ed a l&#039;hospital. Una por habitual que escolto sovint com a llevadora. Aix\u00f2 \u00e9s el qu\u00e8 haur\u00edeu de fer\" \/>\n<meta property=\"og:url\" content=\"https:\/\/locaacademiafamiliar.com\/ca\/2017\/parir-al-cotxe-que-fer-si-passa\/\" \/>\n<meta property=\"og:site_name\" content=\"Boja Acad\u00e8mia Familiar\" \/>\n<meta property=\"article:publisher\" content=\"https:\/\/www.facebook.com\/LocaAcademiaFamiliar\" \/>\n<meta property=\"article:published_time\" content=\"2017-01-31T12:35:27+00:00\" \/>\n<meta property=\"article:modified_time\" content=\"2017-11-22T12:35:16+00:00\" \/>\n<meta property=\"og:image\" content=\"https:\/\/locaacademiafamiliar.com\/wp-content\/uploads\/2017\/01\/parto-en-el-coche-3.jpg\" \/>\n\t<meta property=\"og:image:width\" content=\"1200\" \/>\n\t<meta property=\"og:image:height\" content=\"800\" \/>\n\t<meta property=\"og:image:type\" content=\"image\/jpeg\" \/>\n<meta name=\"author\" content=\"Elisabet\" \/>\n<meta name=\"twitter:card\" content=\"summary_large_image\" \/>\n<meta name=\"twitter:label1\" content=\"Escrit per\" \/>\n\t<meta name=\"twitter:data1\" content=\"Elisabet\" \/>\n\t<meta name=\"twitter:label2\" content=\"Temps estimat de lectura\" \/>\n\t<meta name=\"twitter:data2\" content=\"4 minuts\" \/>\n<script type=\"application\/ld+json\" class=\"yoast-schema-graph\">{\"@context\":\"https:\/\/schema.org\",\"@graph\":[{\"@type\":\"Article\",\"@id\":\"https:\/\/locaacademiafamiliar.com\/ca\/2017\/parir-al-cotxe-que-fer-si-passa\/#article\",\"isPartOf\":{\"@id\":\"https:\/\/locaacademiafamiliar.com\/ca\/2017\/parir-al-cotxe-que-fer-si-passa\/\"},\"author\":{\"name\":\"Elisabet\",\"@id\":\"https:\/\/locaacademiafamiliar.com\/ca\/#\/schema\/person\/8ddc70c9780d67ef5bbb462a307f8042\"},\"headline\":\"Parir al Cotxe: Qu\u00e8 fer si passa\",\"datePublished\":\"2017-01-31T12:35:27+00:00\",\"dateModified\":\"2017-11-22T12:35:16+00:00\",\"mainEntityOfPage\":{\"@id\":\"https:\/\/locaacademiafamiliar.com\/ca\/2017\/parir-al-cotxe-que-fer-si-passa\/\"},\"wordCount\":845,\"commentCount\":0,\"publisher\":{\"@id\":\"https:\/\/locaacademiafamiliar.com\/ca\/#organization\"},\"image\":{\"@id\":\"https:\/\/locaacademiafamiliar.com\/ca\/2017\/parir-al-cotxe-que-fer-si-passa\/#primaryimage\"},\"thumbnailUrl\":\"https:\/\/i0.wp.com\/locaacademiafamiliar.com\/wp-content\/uploads\/2017\/01\/parto-en-el-coche-3.jpg?fit=1200%2C800&ssl=1\",\"keywords\":[\"Mares\",\"Pares\",\"part\",\"Pors\"],\"articleSection\":[\"Hist\u00f2ria\"],\"inLanguage\":\"ca\",\"potentialAction\":[{\"@type\":\"CommentAction\",\"name\":\"Comment\",\"target\":[\"https:\/\/locaacademiafamiliar.com\/ca\/2017\/parir-al-cotxe-que-fer-si-passa\/#respond\"]}]},{\"@type\":\"WebPage\",\"@id\":\"https:\/\/locaacademiafamiliar.com\/ca\/2017\/parir-al-cotxe-que-fer-si-passa\/\",\"url\":\"https:\/\/locaacademiafamiliar.com\/ca\/2017\/parir-al-cotxe-que-fer-si-passa\/\",\"name\":\"Parir al Cotxe: Qu\u00e8 fer si passa i Consells Pr\u00e0ctics\",\"isPartOf\":{\"@id\":\"https:\/\/locaacademiafamiliar.com\/ca\/#website\"},\"primaryImageOfPage\":{\"@id\":\"https:\/\/locaacademiafamiliar.com\/ca\/2017\/parir-al-cotxe-que-fer-si-passa\/#primaryimage\"},\"image\":{\"@id\":\"https:\/\/locaacademiafamiliar.com\/ca\/2017\/parir-al-cotxe-que-fer-si-passa\/#primaryimage\"},\"thumbnailUrl\":\"https:\/\/i0.wp.com\/locaacademiafamiliar.com\/wp-content\/uploads\/2017\/01\/parto-en-el-coche-3.jpg?fit=1200%2C800&ssl=1\",\"datePublished\":\"2017-01-31T12:35:27+00:00\",\"dateModified\":\"2017-11-22T12:35:16+00:00\",\"description\":\"Que aixequi la m\u00e0 qui tingui por de parir al cotxe, de cam\u00ed a l'hospital. Una por habitual que escolto sovint com a llevadora. Aix\u00f2 \u00e9s el qu\u00e8 haur\u00edeu de fer\",\"breadcrumb\":{\"@id\":\"https:\/\/locaacademiafamiliar.com\/ca\/2017\/parir-al-cotxe-que-fer-si-passa\/#breadcrumb\"},\"inLanguage\":\"ca\",\"potentialAction\":[{\"@type\":\"ReadAction\",\"target\":[\"https:\/\/locaacademiafamiliar.com\/ca\/2017\/parir-al-cotxe-que-fer-si-passa\/\"]}]},{\"@type\":\"ImageObject\",\"inLanguage\":\"ca\",\"@id\":\"https:\/\/locaacademiafamiliar.com\/ca\/2017\/parir-al-cotxe-que-fer-si-passa\/#primaryimage\",\"url\":\"https:\/\/i0.wp.com\/locaacademiafamiliar.com\/wp-content\/uploads\/2017\/01\/parto-en-el-coche-3.jpg?fit=1200%2C800&ssl=1\",\"contentUrl\":\"https:\/\/i0.wp.com\/locaacademiafamiliar.com\/wp-content\/uploads\/2017\/01\/parto-en-el-coche-3.jpg?fit=1200%2C800&ssl=1\",\"width\":1200,\"height\":800},{\"@type\":\"BreadcrumbList\",\"@id\":\"https:\/\/locaacademiafamiliar.com\/ca\/2017\/parir-al-cotxe-que-fer-si-passa\/#breadcrumb\",\"itemListElement\":[{\"@type\":\"ListItem\",\"position\":1,\"name\":\"Portada\",\"item\":\"https:\/\/locaacademiafamiliar.com\/ca\/\"},{\"@type\":\"ListItem\",\"position\":2,\"name\":\"Parir al Cotxe: Qu\u00e8 fer si passa\"}]},{\"@type\":\"WebSite\",\"@id\":\"https:\/\/locaacademiafamiliar.com\/ca\/#website\",\"url\":\"https:\/\/locaacademiafamiliar.com\/ca\/\",\"name\":\"Boja Acad\u00e8mia Familiar\",\"description\":\"El blog de crianza con el que pap\u00e1s y mam\u00e1s salen mejor preparados para su rutina familiar diaria\",\"publisher\":{\"@id\":\"https:\/\/locaacademiafamiliar.com\/ca\/#organization\"},\"potentialAction\":[{\"@type\":\"SearchAction\",\"target\":{\"@type\":\"EntryPoint\",\"urlTemplate\":\"https:\/\/locaacademiafamiliar.com\/ca\/?s={search_term_string}\"},\"query-input\":{\"@type\":\"PropertyValueSpecification\",\"valueRequired\":true,\"valueName\":\"search_term_string\"}}],\"inLanguage\":\"ca\"},{\"@type\":\"Organization\",\"@id\":\"https:\/\/locaacademiafamiliar.com\/ca\/#organization\",\"name\":\"LocaAcademiaFamiliar.com\",\"url\":\"https:\/\/locaacademiafamiliar.com\/ca\/\",\"logo\":{\"@type\":\"ImageObject\",\"inLanguage\":\"ca\",\"@id\":\"https:\/\/locaacademiafamiliar.com\/ca\/#\/schema\/logo\/image\/\",\"url\":\"https:\/\/locaacademiafamiliar.com\/wp-content\/uploads\/2020\/01\/logo-loca-academia-familiar.jpg\",\"contentUrl\":\"https:\/\/locaacademiafamiliar.com\/wp-content\/uploads\/2020\/01\/logo-loca-academia-familiar.jpg\",\"width\":960,\"height\":960,\"caption\":\"LocaAcademiaFamiliar.com\"},\"image\":{\"@id\":\"https:\/\/locaacademiafamiliar.com\/ca\/#\/schema\/logo\/image\/\"},\"sameAs\":[\"https:\/\/www.facebook.com\/LocaAcademiaFamiliar\"]},{\"@type\":\"Person\",\"@id\":\"https:\/\/locaacademiafamiliar.com\/ca\/#\/schema\/person\/8ddc70c9780d67ef5bbb462a307f8042\",\"name\":\"Elisabet\",\"image\":{\"@type\":\"ImageObject\",\"inLanguage\":\"ca\",\"@id\":\"https:\/\/locaacademiafamiliar.com\/ca\/#\/schema\/person\/image\/\",\"url\":\"https:\/\/secure.gravatar.com\/avatar\/b7cd6a228ab9368d5f221ffe7f0dae77?s=96&d=mm&r=g\",\"contentUrl\":\"https:\/\/secure.gravatar.com\/avatar\/b7cd6a228ab9368d5f221ffe7f0dae77?s=96&d=mm&r=g\",\"caption\":\"Elisabet\"},\"description\":\"\u00a1Hola! Soy Elisabet, aunque en algunos grupos de whatsapp soy simplemente mam\u00e1 de \u00cd. Tengo dos hijas muy divertidas, la primera nacida en febrero del 2013 y la segunda el enero del 2016 as\u00ed que ya hace m\u00e1s de tres a\u00f1os que vivo en horario infantil. En el mundo adulto trabajo en un hospital de Barcelona, soy enfermera y comadrona. Si quieres estar informado de los eventos y actividades para familias con ni\u00f1os en Catalunya, haz click aqu\u00ed para apuntarte a nuestra newsletter.\",\"sameAs\":[\"http:\/\/www.locaacademiafamiliar.com\"],\"url\":\"https:\/\/locaacademiafamiliar.com\/ca\/author\/eli\/\"}]}<\/script>\n<!-- \/ Yoast SEO plugin. -->","yoast_head_json":{"title":"Parir al Cotxe: Qu\u00e8 fer si passa i Consells Pr\u00e0ctics","description":"Que aixequi la m\u00e0 qui tingui por de parir al cotxe, de cam\u00ed a l'hospital. Una por habitual que escolto sovint com a llevadora. Aix\u00f2 \u00e9s el qu\u00e8 haur\u00edeu de fer","robots":{"index":"index","follow":"follow","max-snippet":"max-snippet:-1","max-image-preview":"max-image-preview:large","max-video-preview":"max-video-preview:-1"},"canonical":"https:\/\/locaacademiafamiliar.com\/ca\/2017\/parir-al-cotxe-que-fer-si-passa\/","og_locale":"ca_ES","og_type":"article","og_title":"Parir al Cotxe: Qu\u00e8 fer si passa i Consells Pr\u00e0ctics","og_description":"Que aixequi la m\u00e0 qui tingui por de parir al cotxe, de cam\u00ed a l'hospital. Una por habitual que escolto sovint com a llevadora. Aix\u00f2 \u00e9s el qu\u00e8 haur\u00edeu de fer","og_url":"https:\/\/locaacademiafamiliar.com\/ca\/2017\/parir-al-cotxe-que-fer-si-passa\/","og_site_name":"Boja Acad\u00e8mia Familiar","article_publisher":"https:\/\/www.facebook.com\/LocaAcademiaFamiliar","article_published_time":"2017-01-31T12:35:27+00:00","article_modified_time":"2017-11-22T12:35:16+00:00","og_image":[{"width":1200,"height":800,"url":"https:\/\/locaacademiafamiliar.com\/wp-content\/uploads\/2017\/01\/parto-en-el-coche-3.jpg","type":"image\/jpeg"}],"author":"Elisabet","twitter_card":"summary_large_image","twitter_misc":{"Escrit per":"Elisabet","Temps estimat de lectura":"4 minuts"},"schema":{"@context":"https:\/\/schema.org","@graph":[{"@type":"Article","@id":"https:\/\/locaacademiafamiliar.com\/ca\/2017\/parir-al-cotxe-que-fer-si-passa\/#article","isPartOf":{"@id":"https:\/\/locaacademiafamiliar.com\/ca\/2017\/parir-al-cotxe-que-fer-si-passa\/"},"author":{"name":"Elisabet","@id":"https:\/\/locaacademiafamiliar.com\/ca\/#\/schema\/person\/8ddc70c9780d67ef5bbb462a307f8042"},"headline":"Parir al Cotxe: Qu\u00e8 fer si passa","datePublished":"2017-01-31T12:35:27+00:00","dateModified":"2017-11-22T12:35:16+00:00","mainEntityOfPage":{"@id":"https:\/\/locaacademiafamiliar.com\/ca\/2017\/parir-al-cotxe-que-fer-si-passa\/"},"wordCount":845,"commentCount":0,"publisher":{"@id":"https:\/\/locaacademiafamiliar.com\/ca\/#organization"},"image":{"@id":"https:\/\/locaacademiafamiliar.com\/ca\/2017\/parir-al-cotxe-que-fer-si-passa\/#primaryimage"},"thumbnailUrl":"https:\/\/i0.wp.com\/locaacademiafamiliar.com\/wp-content\/uploads\/2017\/01\/parto-en-el-coche-3.jpg?fit=1200%2C800&ssl=1","keywords":["Mares","Pares","part","Pors"],"articleSection":["Hist\u00f2ria"],"inLanguage":"ca","potentialAction":[{"@type":"CommentAction","name":"Comment","target":["https:\/\/locaacademiafamiliar.com\/ca\/2017\/parir-al-cotxe-que-fer-si-passa\/#respond"]}]},{"@type":"WebPage","@id":"https:\/\/locaacademiafamiliar.com\/ca\/2017\/parir-al-cotxe-que-fer-si-passa\/","url":"https:\/\/locaacademiafamiliar.com\/ca\/2017\/parir-al-cotxe-que-fer-si-passa\/","name":"Parir al Cotxe: Qu\u00e8 fer si passa i Consells Pr\u00e0ctics","isPartOf":{"@id":"https:\/\/locaacademiafamiliar.com\/ca\/#website"},"primaryImageOfPage":{"@id":"https:\/\/locaacademiafamiliar.com\/ca\/2017\/parir-al-cotxe-que-fer-si-passa\/#primaryimage"},"image":{"@id":"https:\/\/locaacademiafamiliar.com\/ca\/2017\/parir-al-cotxe-que-fer-si-passa\/#primaryimage"},"thumbnailUrl":"https:\/\/i0.wp.com\/locaacademiafamiliar.com\/wp-content\/uploads\/2017\/01\/parto-en-el-coche-3.jpg?fit=1200%2C800&ssl=1","datePublished":"2017-01-31T12:35:27+00:00","dateModified":"2017-11-22T12:35:16+00:00","description":"Que aixequi la m\u00e0 qui tingui por de parir al cotxe, de cam\u00ed a l'hospital. Una por habitual que escolto sovint com a llevadora. Aix\u00f2 \u00e9s el qu\u00e8 haur\u00edeu de fer","breadcrumb":{"@id":"https:\/\/locaacademiafamiliar.com\/ca\/2017\/parir-al-cotxe-que-fer-si-passa\/#breadcrumb"},"inLanguage":"ca","potentialAction":[{"@type":"ReadAction","target":["https:\/\/locaacademiafamiliar.com\/ca\/2017\/parir-al-cotxe-que-fer-si-passa\/"]}]},{"@type":"ImageObject","inLanguage":"ca","@id":"https:\/\/locaacademiafamiliar.com\/ca\/2017\/parir-al-cotxe-que-fer-si-passa\/#primaryimage","url":"https:\/\/i0.wp.com\/locaacademiafamiliar.com\/wp-content\/uploads\/2017\/01\/parto-en-el-coche-3.jpg?fit=1200%2C800&ssl=1","contentUrl":"https:\/\/i0.wp.com\/locaacademiafamiliar.com\/wp-content\/uploads\/2017\/01\/parto-en-el-coche-3.jpg?fit=1200%2C800&ssl=1","width":1200,"height":800},{"@type":"BreadcrumbList","@id":"https:\/\/locaacademiafamiliar.com\/ca\/2017\/parir-al-cotxe-que-fer-si-passa\/#breadcrumb","itemListElement":[{"@type":"ListItem","position":1,"name":"Portada","item":"https:\/\/locaacademiafamiliar.com\/ca\/"},{"@type":"ListItem","position":2,"name":"Parir al Cotxe: Qu\u00e8 fer si passa"}]},{"@type":"WebSite","@id":"https:\/\/locaacademiafamiliar.com\/ca\/#website","url":"https:\/\/locaacademiafamiliar.com\/ca\/","name":"Boja Acad\u00e8mia Familiar","description":"El blog de crianza con el que pap\u00e1s y mam\u00e1s salen mejor preparados para su rutina familiar diaria","publisher":{"@id":"https:\/\/locaacademiafamiliar.com\/ca\/#organization"},"potentialAction":[{"@type":"SearchAction","target":{"@type":"EntryPoint","urlTemplate":"https:\/\/locaacademiafamiliar.com\/ca\/?s={search_term_string}"},"query-input":{"@type":"PropertyValueSpecification","valueRequired":true,"valueName":"search_term_string"}}],"inLanguage":"ca"},{"@type":"Organization","@id":"https:\/\/locaacademiafamiliar.com\/ca\/#organization","name":"LocaAcademiaFamiliar.com","url":"https:\/\/locaacademiafamiliar.com\/ca\/","logo":{"@type":"ImageObject","inLanguage":"ca","@id":"https:\/\/locaacademiafamiliar.com\/ca\/#\/schema\/logo\/image\/","url":"https:\/\/locaacademiafamiliar.com\/wp-content\/uploads\/2020\/01\/logo-loca-academia-familiar.jpg","contentUrl":"https:\/\/locaacademiafamiliar.com\/wp-content\/uploads\/2020\/01\/logo-loca-academia-familiar.jpg","width":960,"height":960,"caption":"LocaAcademiaFamiliar.com"},"image":{"@id":"https:\/\/locaacademiafamiliar.com\/ca\/#\/schema\/logo\/image\/"},"sameAs":["https:\/\/www.facebook.com\/LocaAcademiaFamiliar"]},{"@type":"Person","@id":"https:\/\/locaacademiafamiliar.com\/ca\/#\/schema\/person\/8ddc70c9780d67ef5bbb462a307f8042","name":"Elisabet","image":{"@type":"ImageObject","inLanguage":"ca","@id":"https:\/\/locaacademiafamiliar.com\/ca\/#\/schema\/person\/image\/","url":"https:\/\/secure.gravatar.com\/avatar\/b7cd6a228ab9368d5f221ffe7f0dae77?s=96&d=mm&r=g","contentUrl":"https:\/\/secure.gravatar.com\/avatar\/b7cd6a228ab9368d5f221ffe7f0dae77?s=96&d=mm&r=g","caption":"Elisabet"},"description":"\u00a1Hola! Soy Elisabet, aunque en algunos grupos de whatsapp soy simplemente mam\u00e1 de \u00cd. Tengo dos hijas muy divertidas, la primera nacida en febrero del 2013 y la segunda el enero del 2016 as\u00ed que ya hace m\u00e1s de tres a\u00f1os que vivo en horario infantil. En el mundo adulto trabajo en un hospital de Barcelona, soy enfermera y comadrona. Si quieres estar informado de los eventos y actividades para familias con ni\u00f1os en Catalunya, haz click aqu\u00ed para apuntarte a nuestra newsletter.","sameAs":["http:\/\/www.locaacademiafamiliar.com"],"url":"https:\/\/locaacademiafamiliar.com\/ca\/author\/eli\/"}]}},"jetpack_featured_media_url":"https:\/\/i0.wp.com\/locaacademiafamiliar.com\/wp-content\/uploads\/2017\/01\/parto-en-el-coche-3.jpg?fit=1200%2C800&ssl=1","jetpack_sharing_enabled":true,"amp_enabled":true,"_links":{"self":[{"href":"https:\/\/locaacademiafamiliar.com\/ca\/wp-json\/wp\/v2\/posts\/882","targetHints":{"allow":["GET"]}}],"collection":[{"href":"https:\/\/locaacademiafamiliar.com\/ca\/wp-json\/wp\/v2\/posts"}],"about":[{"href":"https:\/\/locaacademiafamiliar.com\/ca\/wp-json\/wp\/v2\/types\/post"}],"author":[{"embeddable":true,"href":"https:\/\/locaacademiafamiliar.com\/ca\/wp-json\/wp\/v2\/users\/2"}],"replies":[{"embeddable":true,"href":"https:\/\/locaacademiafamiliar.com\/ca\/wp-json\/wp\/v2\/comments?post=882"}],"version-history":[{"count":0,"href":"https:\/\/locaacademiafamiliar.com\/ca\/wp-json\/wp\/v2\/posts\/882\/revisions"}],"wp:featuredmedia":[{"embeddable":true,"href":"https:\/\/locaacademiafamiliar.com\/ca\/wp-json\/wp\/v2\/media\/868"}],"wp:attachment":[{"href":"https:\/\/locaacademiafamiliar.com\/ca\/wp-json\/wp\/v2\/media?parent=882"}],"wp:term":[{"taxonomy":"category","embeddable":true,"href":"https:\/\/locaacademiafamiliar.com\/ca\/wp-json\/wp\/v2\/categories?post=882"},{"taxonomy":"post_tag","embeddable":true,"href":"https:\/\/locaacademiafamiliar.com\/ca\/wp-json\/wp\/v2\/tags?post=882"}],"curies":[{"name":"wp","href":"https:\/\/api.w.org\/{rel}","templated":true}]}}