{"id":9206,"date":"2020-02-06T09:39:29","date_gmt":"2020-02-06T09:39:29","guid":{"rendered":"https:\/\/locaacademiafamiliar.com\/?p=9206"},"modified":"2020-02-06T09:39:29","modified_gmt":"2020-02-06T09:39:29","slug":"parc-de-la-natura-de-cabarceno-la-nostra-experiencia-amb-nens","status":"publish","type":"post","link":"https:\/\/locaacademiafamiliar.com\/ca\/2020\/parc-de-la-natura-de-cabarceno-la-nostra-experiencia-amb-nens\/","title":{"rendered":"Parc de la natura de Cab\u00e1rceno. La nostra experi\u00e8ncia amb nens."},"content":{"rendered":"<p>Durant el nostre <a href=\"https:\/\/locaacademiafamiliar.com\/ca\/2020\/santander-amb-nens\/\" target=\"_blank\" rel=\"noopener\"><strong>viatge a Santander amb nens<\/strong><\/a> vam fer una <strong>escapada en fam\u00edlia a al Parc de la Naturalesa de Cab\u00e1rceno, i va ser un \u00e8xit.<\/strong> El combo era f\u00e0cil: animals en semillibertat + nens petits + petita aventura = dia ideal. Tamb\u00e9 se li va afegir el sol aix\u00ed que va ser insuperable, i aix\u00f2 que triant Cant\u00e0bria com a destinaci\u00f3 de vacances per al mes de desembre ens l&#8217;hav\u00edem jugat una mica &#8230; Per\u00f2 va sortir b\u00e9 i ho vam passar genial!<\/p>\n<h3>Que \u00e9s el parc de la naturalesa de Cab\u00e1rceno?<\/h3>\n<p><strong><a href=\"https:\/\/www.parquedecabarceno.com\/inicio\" target=\"_blank\" rel=\"noopener\">El parc de\u00a0 la natura de Cab\u00e1rceno<\/a> no es un zoo, ni \u00e9s un parc natural<\/strong>. S\u00f3n 750 hect\u00e0rees de terreny que un dia van ser una mina a cel obert. En aquest moment, \u00e9s un preci\u00f3s paisatge totalment adaptat a la vida dels animals i a les visites de p\u00fablic hum\u00e0. <strong>Des d&#8217;un enorme i pl\u00e0cid llac fins a unes muntanyes rocoses, tots els paratges s\u00f3n solcats per carreteres (20 km en total) van donant pas a enclavaments on els animals tenen la seva llar.<\/strong><\/p>\n<p><img data-recalc-dims=\"1\" decoding=\"async\" class=\"size-full wp-image-9193 aligncenter\" src=\"https:\/\/i0.wp.com\/locaacademiafamiliar.com\/wp-content\/uploads\/2020\/01\/parque-natural-de-cabarceno-jirafas.jpg?resize=791%2C541&#038;ssl=1\" alt=\"\" width=\"791\" height=\"541\" srcset=\"https:\/\/i0.wp.com\/locaacademiafamiliar.com\/wp-content\/uploads\/2020\/01\/parque-natural-de-cabarceno-jirafas.jpg?w=791&amp;ssl=1 791w, https:\/\/i0.wp.com\/locaacademiafamiliar.com\/wp-content\/uploads\/2020\/01\/parque-natural-de-cabarceno-jirafas.jpg?resize=300%2C205&amp;ssl=1 300w, https:\/\/i0.wp.com\/locaacademiafamiliar.com\/wp-content\/uploads\/2020\/01\/parque-natural-de-cabarceno-jirafas.jpg?resize=768%2C525&amp;ssl=1 768w\" sizes=\"(max-width: 791px) 100vw, 791px\" \/><\/p>\n<p>Les condicions de vida dels animals s\u00f3n bones, estant en r\u00e8gim de semillibertat, <strong>est\u00e0 considerat un dels millors parcs europeus en aquest aspecte.<\/strong><\/p>\n<p><strong>La din\u00e0mica dins de Cab\u00e1rceno<\/strong> \u00e9s, essencialment, circular amb el cotxe fins als diferents aparcaments escampats per tot el parc. Un cop el cotxe aparcat, pots passejar-te entre els diferents &#8220;recintes&#8221; dels animals d&#8217;aquesta zona. Les llars dels animals solen ser espais grans de manera que anar amb tranquil\u00b7litat i passejar-buscant tots els angles sol significar veure b\u00e9 a tots els animals. Molta calma \ud83d\ude42<\/p>\n<p><img data-recalc-dims=\"1\" decoding=\"async\" class=\"wp-image-9092 size-full aligncenter\" src=\"https:\/\/i0.wp.com\/locaacademiafamiliar.com\/wp-content\/uploads\/2020\/01\/IMG_6200-800x600.jpg?resize=800%2C600&#038;ssl=1\" alt=\"\" width=\"800\" height=\"600\" srcset=\"https:\/\/i0.wp.com\/locaacademiafamiliar.com\/wp-content\/uploads\/2020\/01\/IMG_6200-800x600.jpg?resize=800%2C600&amp;ssl=1 800w, https:\/\/i0.wp.com\/locaacademiafamiliar.com\/wp-content\/uploads\/2020\/01\/IMG_6200-800x600.jpg?resize=300%2C225&amp;ssl=1 300w, https:\/\/i0.wp.com\/locaacademiafamiliar.com\/wp-content\/uploads\/2020\/01\/IMG_6200-800x600.jpg?resize=768%2C576&amp;ssl=1 768w, https:\/\/i0.wp.com\/locaacademiafamiliar.com\/wp-content\/uploads\/2020\/01\/IMG_6200-800x600.jpg?resize=678%2C509&amp;ssl=1 678w, https:\/\/i0.wp.com\/locaacademiafamiliar.com\/wp-content\/uploads\/2020\/01\/IMG_6200-800x600.jpg?resize=326%2C245&amp;ssl=1 326w, https:\/\/i0.wp.com\/locaacademiafamiliar.com\/wp-content\/uploads\/2020\/01\/IMG_6200-800x600.jpg?resize=80%2C60&amp;ssl=1 80w\" sizes=\"(max-width: 800px) 100vw, 800px\" \/><\/p>\n<p>Entre els diferents aparcaments hi ha diversos minuts en cotxe per la qual cosa cal anar amb vehicle privat. Tanmateix tamb\u00e9 <strong>\u00e9s molt recomanable l&#8217;\u00fas dels telecabines<\/strong> per veure tota l&#8217;envergadura de parc, aix\u00ed com poder albirar des de l&#8217;aire algun animal que se&#8217;ns hagi resistit des del terra.<\/p>\n<p>Els telecabines entren amb el preu de l&#8217;entrada habitual i es pot fer el circuit triangular per acabar al punt d&#8217;inici on estar\u00e0 el cotxe aparcat. Perqu\u00e8 vegis per tu mateixa l&#8217;envergadura de parc pots descarregar <strong>el seu <a href=\"https:\/\/www.parquedecabarceno.com\/docs\/planoAnimales.pdf\" target=\"_blank\" rel=\"noopener\">mapa<\/a><\/strong>. He de dir-vos que nosaltres vam aprofitar a \u00faltima hora, quan el sol s&#8217;estava posant, per pujar al telecabina i podeu veure el resultat. Unes vistes espectaculars des de les altures.<\/p>\n<p><img data-recalc-dims=\"1\" decoding=\"async\" class=\"aligncenter wp-image-9100 size-full\" src=\"https:\/\/i0.wp.com\/locaacademiafamiliar.com\/wp-content\/uploads\/2020\/01\/IMG_6213-800x600.jpg?resize=800%2C600&#038;ssl=1\" alt=\"\" width=\"800\" height=\"600\" srcset=\"https:\/\/i0.wp.com\/locaacademiafamiliar.com\/wp-content\/uploads\/2020\/01\/IMG_6213-800x600.jpg?resize=800%2C600&amp;ssl=1 800w, https:\/\/i0.wp.com\/locaacademiafamiliar.com\/wp-content\/uploads\/2020\/01\/IMG_6213-800x600.jpg?resize=300%2C225&amp;ssl=1 300w, https:\/\/i0.wp.com\/locaacademiafamiliar.com\/wp-content\/uploads\/2020\/01\/IMG_6213-800x600.jpg?resize=768%2C576&amp;ssl=1 768w, https:\/\/i0.wp.com\/locaacademiafamiliar.com\/wp-content\/uploads\/2020\/01\/IMG_6213-800x600.jpg?resize=678%2C509&amp;ssl=1 678w, https:\/\/i0.wp.com\/locaacademiafamiliar.com\/wp-content\/uploads\/2020\/01\/IMG_6213-800x600.jpg?resize=326%2C245&amp;ssl=1 326w, https:\/\/i0.wp.com\/locaacademiafamiliar.com\/wp-content\/uploads\/2020\/01\/IMG_6213-800x600.jpg?resize=80%2C60&amp;ssl=1 80w\" sizes=\"(max-width: 800px) 100vw, 800px\" \/><\/p>\n<h3><\/h3>\n<h3>Quins animals hi ha al Parc Natural de Cab\u00e1rceno?<\/h3>\n<p><strong>Doncs s\u00f3n 120 esp\u00e8cies d&#8217;animals diferents.<\/strong> Algunes d&#8217;elles viuen juntes en el mateix recinte, de la mateixa manera que es trobarien en el m\u00f3n natural. <strong>Per a les nostres nenes l&#8217;animal que m\u00e9s va triomfar i el que m\u00e9s recorden s\u00f3n els tigres.<\/strong><\/p>\n<p><strong><img data-recalc-dims=\"1\" decoding=\"async\" class=\"wp-image-9098 size-full aligncenter\" src=\"https:\/\/i0.wp.com\/locaacademiafamiliar.com\/wp-content\/uploads\/2020\/01\/IMG_6087-800x600.jpg?resize=800%2C600&#038;ssl=1\" alt=\"\" width=\"800\" height=\"600\" srcset=\"https:\/\/i0.wp.com\/locaacademiafamiliar.com\/wp-content\/uploads\/2020\/01\/IMG_6087-800x600.jpg?resize=800%2C600&amp;ssl=1 800w, https:\/\/i0.wp.com\/locaacademiafamiliar.com\/wp-content\/uploads\/2020\/01\/IMG_6087-800x600.jpg?resize=300%2C225&amp;ssl=1 300w, https:\/\/i0.wp.com\/locaacademiafamiliar.com\/wp-content\/uploads\/2020\/01\/IMG_6087-800x600.jpg?resize=768%2C576&amp;ssl=1 768w, https:\/\/i0.wp.com\/locaacademiafamiliar.com\/wp-content\/uploads\/2020\/01\/IMG_6087-800x600.jpg?resize=678%2C509&amp;ssl=1 678w, https:\/\/i0.wp.com\/locaacademiafamiliar.com\/wp-content\/uploads\/2020\/01\/IMG_6087-800x600.jpg?resize=326%2C245&amp;ssl=1 326w, https:\/\/i0.wp.com\/locaacademiafamiliar.com\/wp-content\/uploads\/2020\/01\/IMG_6087-800x600.jpg?resize=80%2C60&amp;ssl=1 80w\" sizes=\"(max-width: 800px) 100vw, 800px\" \/><\/strong><\/p>\n<p>Crec que \u00e9s la primera vegada que veien <strong>tigres en semillibertat<\/strong> i els va encantar com jugaven entre ells, vam estar una llarga estona veient i observant el seu comportament i ens vam inventar la seva hist\u00f2ria. Hi havia dos tigres jugant entre ells i va arribar una tercera, qui vam decidir que seria la mare que posava una mica de pau. No s\u00e9 si era veritat per\u00f2 a elles els van encantar les similituds amb la seva vida \ud83d\ude42<\/p>\n<p><img data-recalc-dims=\"1\" decoding=\"async\" class=\"wp-image-9090 size-full aligncenter\" src=\"https:\/\/i0.wp.com\/locaacademiafamiliar.com\/wp-content\/uploads\/2020\/01\/IMG_6144-800x600.jpg?resize=800%2C600&#038;ssl=1\" alt=\"\" width=\"800\" height=\"600\" srcset=\"https:\/\/i0.wp.com\/locaacademiafamiliar.com\/wp-content\/uploads\/2020\/01\/IMG_6144-800x600.jpg?resize=800%2C600&amp;ssl=1 800w, https:\/\/i0.wp.com\/locaacademiafamiliar.com\/wp-content\/uploads\/2020\/01\/IMG_6144-800x600.jpg?resize=300%2C225&amp;ssl=1 300w, https:\/\/i0.wp.com\/locaacademiafamiliar.com\/wp-content\/uploads\/2020\/01\/IMG_6144-800x600.jpg?resize=768%2C576&amp;ssl=1 768w, https:\/\/i0.wp.com\/locaacademiafamiliar.com\/wp-content\/uploads\/2020\/01\/IMG_6144-800x600.jpg?resize=678%2C509&amp;ssl=1 678w, https:\/\/i0.wp.com\/locaacademiafamiliar.com\/wp-content\/uploads\/2020\/01\/IMG_6144-800x600.jpg?resize=326%2C245&amp;ssl=1 326w, https:\/\/i0.wp.com\/locaacademiafamiliar.com\/wp-content\/uploads\/2020\/01\/IMG_6144-800x600.jpg?resize=80%2C60&amp;ssl=1 80w\" sizes=\"(max-width: 800px) 100vw, 800px\" \/><\/p>\n<p>Per la meva part les <strong>girafes<\/strong> sempre m&#8217;han agradat i al <strong>Parc Natural de Cab\u00e1rceno<\/strong> he tingut l&#8217;oportunitat de tornar a veure-les amb aquest pas tan elegant passejant-se entre els b\u00fafals i els estru\u00e7os. Ens va quedar algun animal pendent de veure perqu\u00e8 estava &#8220;amagat&#8221; dins d&#8217;algun rac\u00f3 del seu recinte que quedava fora de la nostra vista. Algun altre animal, a causa del seu ritme vital, durant el dia estaven b\u00e0sicament dormint aix\u00ed que no ho vam veure interactuar.<\/p>\n<p><img data-recalc-dims=\"1\" decoding=\"async\" class=\"aligncenter wp-image-9086 size-full\" src=\"https:\/\/i0.wp.com\/locaacademiafamiliar.com\/wp-content\/uploads\/2020\/01\/IMG_6116-800x600.jpg?resize=800%2C600&#038;ssl=1\" alt=\"\" width=\"800\" height=\"600\" srcset=\"https:\/\/i0.wp.com\/locaacademiafamiliar.com\/wp-content\/uploads\/2020\/01\/IMG_6116-800x600.jpg?resize=800%2C600&amp;ssl=1 800w, https:\/\/i0.wp.com\/locaacademiafamiliar.com\/wp-content\/uploads\/2020\/01\/IMG_6116-800x600.jpg?resize=300%2C225&amp;ssl=1 300w, https:\/\/i0.wp.com\/locaacademiafamiliar.com\/wp-content\/uploads\/2020\/01\/IMG_6116-800x600.jpg?resize=768%2C576&amp;ssl=1 768w, https:\/\/i0.wp.com\/locaacademiafamiliar.com\/wp-content\/uploads\/2020\/01\/IMG_6116-800x600.jpg?resize=678%2C509&amp;ssl=1 678w, https:\/\/i0.wp.com\/locaacademiafamiliar.com\/wp-content\/uploads\/2020\/01\/IMG_6116-800x600.jpg?resize=326%2C245&amp;ssl=1 326w, https:\/\/i0.wp.com\/locaacademiafamiliar.com\/wp-content\/uploads\/2020\/01\/IMG_6116-800x600.jpg?resize=80%2C60&amp;ssl=1 80w\" sizes=\"(max-width: 800px) 100vw, 800px\" \/><\/p>\n<p>&nbsp;<\/p>\n<h3>Que m\u00e9s es pot fer a Cab\u00e1rceno?<\/h3>\n<p>A m\u00e9s de veure tots els animals nosaltres vam anar a <strong>dues &#8220;exhibicions&#8221;: els lleons marins i les aus rapinyaires<\/strong>. En el primer cas, els lleons marins van realitzar una s\u00e8rie d&#8217;exercicis mentre ens anaven explicant curiositats sobre aquests animals. Els exercicis que fan se&#8217;ls ensenyen amb la finalitat de realitzar cures de rutina (per exemple, se&#8217;ls ensenya a aixecar una aleta per a les exploracions veterin\u00e0ries de rutina). Saps com diferenciar a simple vista de les foques i els lleons marins? Els segons tenen orelles (pavell\u00f3 auditiu) mentre que les foques nom\u00e9s tenen orelles. \ud83d\ude42<\/p>\n<p><strong>L&#8217;exhibici\u00f3 de les aus rapinyaires va ser espectacular<\/strong>. A m\u00e9s d&#8217;aprendre molts sobre aquests desconeguts animals els vam veure volar sobre nosaltres a la recerca de petits trossos d&#8217;aliment. Tot i que la novetat va ser poder observar el seu vol des de la dist\u00e0ncia perqu\u00e8 alguns dels ocells van ser transportades a la part alta d&#8217;una de les muntanyes (dins el parc) i, des d&#8217;all\u00e0, descendien en picat feia nosaltres.<\/p>\n<p>Crec que els cuidadors i educadors de el lloc fan una tasca valuos\u00edssima de cara a divulgar aquest treball.<\/p>\n<p><img data-recalc-dims=\"1\" decoding=\"async\" class=\"wp-image-9096 size-full aligncenter\" src=\"https:\/\/i0.wp.com\/locaacademiafamiliar.com\/wp-content\/uploads\/2020\/01\/IMG_20191228_135435-800x600.jpg?resize=800%2C600&#038;ssl=1\" alt=\"\" width=\"800\" height=\"600\" srcset=\"https:\/\/i0.wp.com\/locaacademiafamiliar.com\/wp-content\/uploads\/2020\/01\/IMG_20191228_135435-800x600.jpg?resize=800%2C600&amp;ssl=1 800w, https:\/\/i0.wp.com\/locaacademiafamiliar.com\/wp-content\/uploads\/2020\/01\/IMG_20191228_135435-800x600.jpg?resize=300%2C225&amp;ssl=1 300w, https:\/\/i0.wp.com\/locaacademiafamiliar.com\/wp-content\/uploads\/2020\/01\/IMG_20191228_135435-800x600.jpg?resize=768%2C576&amp;ssl=1 768w, https:\/\/i0.wp.com\/locaacademiafamiliar.com\/wp-content\/uploads\/2020\/01\/IMG_20191228_135435-800x600.jpg?resize=678%2C509&amp;ssl=1 678w, https:\/\/i0.wp.com\/locaacademiafamiliar.com\/wp-content\/uploads\/2020\/01\/IMG_20191228_135435-800x600.jpg?resize=326%2C245&amp;ssl=1 326w, https:\/\/i0.wp.com\/locaacademiafamiliar.com\/wp-content\/uploads\/2020\/01\/IMG_20191228_135435-800x600.jpg?resize=80%2C60&amp;ssl=1 80w\" sizes=\"(max-width: 800px) 100vw, 800px\" \/><\/p>\n<p><strong>El descobriment de l&#8217;Parc de la Naturalesa de Cab\u00e1rceno ha estat fant\u00e0stic.<\/strong> Les escapades s\u00f3n un respir d&#8217;aire fresc al mig de la rutina i poder veure animals en semillibertat \u00e9s sempre una aposta segura. A m\u00e9s est\u00e0 a la banda de la bonica ciutat de<strong> Santander,<\/strong> en aquest altre post us expliquem qu\u00e8 podeu fer a <a href=\"https:\/\/locaacademiafamiliar.com\/ca\/2020\/santander-amb-nens\/\" target=\"_blank\" rel=\"noopener\"><strong>Santander amb nens.<\/strong><\/a><\/p>\n","protected":false},"excerpt":{"rendered":"<div class=\"mh-excerpt\"><p>Durant el nostre viatge a Santander amb nens vam fer una escapada en fam\u00edlia a al Parc de la Naturalesa de Cab\u00e1rceno, i va ser un \u00e8xit. El combo era f\u00e0cil: animals en semillibertat + nens petits + petita aventura = dia ideal. Tamb\u00e9 se li va afegir el sol aix\u00ed que va ser insuperable, i aix\u00f2 que triant Cant\u00e0bria <a class=\"mh-excerpt-more\" href=\"https:\/\/locaacademiafamiliar.com\/ca\/2020\/parc-de-la-natura-de-cabarceno-la-nostra-experiencia-amb-nens\/\" title=\"Parc de la natura de Cab\u00e1rceno. La nostra experi\u00e8ncia amb nens.\">[&#8230;]<\/a><\/p>\n<\/div>","protected":false},"author":2,"featured_media":9192,"comment_status":"open","ping_status":"open","sticky":false,"template":"","format":"standard","meta":{"_monsterinsights_skip_tracking":false,"_monsterinsights_sitenote_active":false,"_monsterinsights_sitenote_note":"","_monsterinsights_sitenote_category":0,"_jetpack_memberships_contains_paid_content":false,"footnotes":""},"categories":[37],"tags":[132,61],"class_list":{"0":"post-9206","1":"post","2":"type-post","3":"status-publish","4":"format-standard","5":"has-post-thumbnail","7":"category-geografia-ca","8":"tag-parcs-tematics","9":"tag-viatges"},"yoast_head":"<!-- This site is optimized with the Yoast SEO plugin v26.8 - https:\/\/yoast.com\/product\/yoast-seo-wordpress\/ -->\n<title>Parc de la natura de Cab\u00e1rceno. La nostra experi\u00e8ncia amb nens. ~ Boja Acad\u00e8mia Familiar<\/title>\n<meta name=\"description\" content=\"Molt a prop de Santander hi ha el Parc de la natura de Cab\u00e1rceno. Veure animals en semillibertat \u00e9s una experiencia fant\u00e0stica per nens i per grans.\" \/>\n<meta name=\"robots\" content=\"index, follow, max-snippet:-1, max-image-preview:large, max-video-preview:-1\" \/>\n<link rel=\"canonical\" href=\"https:\/\/locaacademiafamiliar.com\/ca\/2020\/parc-de-la-natura-de-cabarceno-la-nostra-experiencia-amb-nens\/\" \/>\n<meta property=\"og:locale\" content=\"ca_ES\" \/>\n<meta property=\"og:type\" content=\"article\" \/>\n<meta property=\"og:title\" content=\"Parc de la natura de Cab\u00e1rceno. La nostra experi\u00e8ncia amb nens. ~ Boja Acad\u00e8mia Familiar\" \/>\n<meta property=\"og:description\" content=\"Molt a prop de Santander hi ha el Parc de la natura de Cab\u00e1rceno. Veure animals en semillibertat \u00e9s una experiencia fant\u00e0stica per nens i per grans.\" \/>\n<meta property=\"og:url\" content=\"https:\/\/locaacademiafamiliar.com\/ca\/2020\/parc-de-la-natura-de-cabarceno-la-nostra-experiencia-amb-nens\/\" \/>\n<meta property=\"og:site_name\" content=\"Boja Acad\u00e8mia Familiar\" \/>\n<meta property=\"article:publisher\" content=\"https:\/\/www.facebook.com\/LocaAcademiaFamiliar\" \/>\n<meta property=\"article:published_time\" content=\"2020-02-06T09:39:29+00:00\" \/>\n<meta property=\"og:image\" content=\"https:\/\/locaacademiafamiliar.com\/wp-content\/uploads\/2020\/01\/parque-natural-de-cabarceno-cebras.jpg\" \/>\n\t<meta property=\"og:image:width\" content=\"756\" \/>\n\t<meta property=\"og:image:height\" content=\"504\" \/>\n\t<meta property=\"og:image:type\" content=\"image\/jpeg\" \/>\n<meta name=\"author\" content=\"Elisabet\" \/>\n<meta name=\"twitter:card\" content=\"summary_large_image\" \/>\n<meta name=\"twitter:label1\" content=\"Escrit per\" \/>\n\t<meta name=\"twitter:data1\" content=\"Elisabet\" \/>\n\t<meta name=\"twitter:label2\" content=\"Temps estimat de lectura\" \/>\n\t<meta name=\"twitter:data2\" content=\"4 minuts\" \/>\n<script type=\"application\/ld+json\" class=\"yoast-schema-graph\">{\"@context\":\"https:\/\/schema.org\",\"@graph\":[{\"@type\":\"Article\",\"@id\":\"https:\/\/locaacademiafamiliar.com\/ca\/2020\/parc-de-la-natura-de-cabarceno-la-nostra-experiencia-amb-nens\/#article\",\"isPartOf\":{\"@id\":\"https:\/\/locaacademiafamiliar.com\/ca\/2020\/parc-de-la-natura-de-cabarceno-la-nostra-experiencia-amb-nens\/\"},\"author\":{\"name\":\"Elisabet\",\"@id\":\"https:\/\/locaacademiafamiliar.com\/ca\/#\/schema\/person\/8ddc70c9780d67ef5bbb462a307f8042\"},\"headline\":\"Parc de la natura de Cab\u00e1rceno. La nostra experi\u00e8ncia amb nens.\",\"datePublished\":\"2020-02-06T09:39:29+00:00\",\"mainEntityOfPage\":{\"@id\":\"https:\/\/locaacademiafamiliar.com\/ca\/2020\/parc-de-la-natura-de-cabarceno-la-nostra-experiencia-amb-nens\/\"},\"wordCount\":900,\"commentCount\":0,\"publisher\":{\"@id\":\"https:\/\/locaacademiafamiliar.com\/ca\/#organization\"},\"image\":{\"@id\":\"https:\/\/locaacademiafamiliar.com\/ca\/2020\/parc-de-la-natura-de-cabarceno-la-nostra-experiencia-amb-nens\/#primaryimage\"},\"thumbnailUrl\":\"https:\/\/i0.wp.com\/locaacademiafamiliar.com\/wp-content\/uploads\/2020\/01\/parque-natural-de-cabarceno-cebras.jpg?fit=756%2C504&ssl=1\",\"keywords\":[\"parcs tem\u00e0tics\",\"Viatges\"],\"articleSection\":[\"Geografia\"],\"inLanguage\":\"ca\",\"potentialAction\":[{\"@type\":\"CommentAction\",\"name\":\"Comment\",\"target\":[\"https:\/\/locaacademiafamiliar.com\/ca\/2020\/parc-de-la-natura-de-cabarceno-la-nostra-experiencia-amb-nens\/#respond\"]}]},{\"@type\":\"WebPage\",\"@id\":\"https:\/\/locaacademiafamiliar.com\/ca\/2020\/parc-de-la-natura-de-cabarceno-la-nostra-experiencia-amb-nens\/\",\"url\":\"https:\/\/locaacademiafamiliar.com\/ca\/2020\/parc-de-la-natura-de-cabarceno-la-nostra-experiencia-amb-nens\/\",\"name\":\"Parc de la natura de Cab\u00e1rceno. La nostra experi\u00e8ncia amb nens. ~ Boja Acad\u00e8mia Familiar\",\"isPartOf\":{\"@id\":\"https:\/\/locaacademiafamiliar.com\/ca\/#website\"},\"primaryImageOfPage\":{\"@id\":\"https:\/\/locaacademiafamiliar.com\/ca\/2020\/parc-de-la-natura-de-cabarceno-la-nostra-experiencia-amb-nens\/#primaryimage\"},\"image\":{\"@id\":\"https:\/\/locaacademiafamiliar.com\/ca\/2020\/parc-de-la-natura-de-cabarceno-la-nostra-experiencia-amb-nens\/#primaryimage\"},\"thumbnailUrl\":\"https:\/\/i0.wp.com\/locaacademiafamiliar.com\/wp-content\/uploads\/2020\/01\/parque-natural-de-cabarceno-cebras.jpg?fit=756%2C504&ssl=1\",\"datePublished\":\"2020-02-06T09:39:29+00:00\",\"description\":\"Molt a prop de Santander hi ha el Parc de la natura de Cab\u00e1rceno. Veure animals en semillibertat \u00e9s una experiencia fant\u00e0stica per nens i per grans.\",\"breadcrumb\":{\"@id\":\"https:\/\/locaacademiafamiliar.com\/ca\/2020\/parc-de-la-natura-de-cabarceno-la-nostra-experiencia-amb-nens\/#breadcrumb\"},\"inLanguage\":\"ca\",\"potentialAction\":[{\"@type\":\"ReadAction\",\"target\":[\"https:\/\/locaacademiafamiliar.com\/ca\/2020\/parc-de-la-natura-de-cabarceno-la-nostra-experiencia-amb-nens\/\"]}]},{\"@type\":\"ImageObject\",\"inLanguage\":\"ca\",\"@id\":\"https:\/\/locaacademiafamiliar.com\/ca\/2020\/parc-de-la-natura-de-cabarceno-la-nostra-experiencia-amb-nens\/#primaryimage\",\"url\":\"https:\/\/i0.wp.com\/locaacademiafamiliar.com\/wp-content\/uploads\/2020\/01\/parque-natural-de-cabarceno-cebras.jpg?fit=756%2C504&ssl=1\",\"contentUrl\":\"https:\/\/i0.wp.com\/locaacademiafamiliar.com\/wp-content\/uploads\/2020\/01\/parque-natural-de-cabarceno-cebras.jpg?fit=756%2C504&ssl=1\",\"width\":756,\"height\":504},{\"@type\":\"BreadcrumbList\",\"@id\":\"https:\/\/locaacademiafamiliar.com\/ca\/2020\/parc-de-la-natura-de-cabarceno-la-nostra-experiencia-amb-nens\/#breadcrumb\",\"itemListElement\":[{\"@type\":\"ListItem\",\"position\":1,\"name\":\"Portada\",\"item\":\"https:\/\/locaacademiafamiliar.com\/ca\/\"},{\"@type\":\"ListItem\",\"position\":2,\"name\":\"Parc de la natura de Cab\u00e1rceno. La nostra experi\u00e8ncia amb nens.\"}]},{\"@type\":\"WebSite\",\"@id\":\"https:\/\/locaacademiafamiliar.com\/ca\/#website\",\"url\":\"https:\/\/locaacademiafamiliar.com\/ca\/\",\"name\":\"Boja Acad\u00e8mia Familiar\",\"description\":\"El blog de crianza con el que pap\u00e1s y mam\u00e1s salen mejor preparados para su rutina familiar diaria\",\"publisher\":{\"@id\":\"https:\/\/locaacademiafamiliar.com\/ca\/#organization\"},\"potentialAction\":[{\"@type\":\"SearchAction\",\"target\":{\"@type\":\"EntryPoint\",\"urlTemplate\":\"https:\/\/locaacademiafamiliar.com\/ca\/?s={search_term_string}\"},\"query-input\":{\"@type\":\"PropertyValueSpecification\",\"valueRequired\":true,\"valueName\":\"search_term_string\"}}],\"inLanguage\":\"ca\"},{\"@type\":\"Organization\",\"@id\":\"https:\/\/locaacademiafamiliar.com\/ca\/#organization\",\"name\":\"LocaAcademiaFamiliar.com\",\"url\":\"https:\/\/locaacademiafamiliar.com\/ca\/\",\"logo\":{\"@type\":\"ImageObject\",\"inLanguage\":\"ca\",\"@id\":\"https:\/\/locaacademiafamiliar.com\/ca\/#\/schema\/logo\/image\/\",\"url\":\"https:\/\/locaacademiafamiliar.com\/wp-content\/uploads\/2020\/01\/logo-loca-academia-familiar.jpg\",\"contentUrl\":\"https:\/\/locaacademiafamiliar.com\/wp-content\/uploads\/2020\/01\/logo-loca-academia-familiar.jpg\",\"width\":960,\"height\":960,\"caption\":\"LocaAcademiaFamiliar.com\"},\"image\":{\"@id\":\"https:\/\/locaacademiafamiliar.com\/ca\/#\/schema\/logo\/image\/\"},\"sameAs\":[\"https:\/\/www.facebook.com\/LocaAcademiaFamiliar\"]},{\"@type\":\"Person\",\"@id\":\"https:\/\/locaacademiafamiliar.com\/ca\/#\/schema\/person\/8ddc70c9780d67ef5bbb462a307f8042\",\"name\":\"Elisabet\",\"image\":{\"@type\":\"ImageObject\",\"inLanguage\":\"ca\",\"@id\":\"https:\/\/locaacademiafamiliar.com\/ca\/#\/schema\/person\/image\/\",\"url\":\"https:\/\/secure.gravatar.com\/avatar\/b7cd6a228ab9368d5f221ffe7f0dae77?s=96&d=mm&r=g\",\"contentUrl\":\"https:\/\/secure.gravatar.com\/avatar\/b7cd6a228ab9368d5f221ffe7f0dae77?s=96&d=mm&r=g\",\"caption\":\"Elisabet\"},\"description\":\"\u00a1Hola! Soy Elisabet, aunque en algunos grupos de whatsapp soy simplemente mam\u00e1 de \u00cd. Tengo dos hijas muy divertidas, la primera nacida en febrero del 2013 y la segunda el enero del 2016 as\u00ed que ya hace m\u00e1s de tres a\u00f1os que vivo en horario infantil. En el mundo adulto trabajo en un hospital de Barcelona, soy enfermera y comadrona. Si quieres estar informado de los eventos y actividades para familias con ni\u00f1os en Catalunya, haz click aqu\u00ed para apuntarte a nuestra newsletter.\",\"sameAs\":[\"http:\/\/www.locaacademiafamiliar.com\"],\"url\":\"https:\/\/locaacademiafamiliar.com\/ca\/author\/eli\/\"}]}<\/script>\n<!-- \/ Yoast SEO plugin. -->","yoast_head_json":{"title":"Parc de la natura de Cab\u00e1rceno. La nostra experi\u00e8ncia amb nens. ~ Boja Acad\u00e8mia Familiar","description":"Molt a prop de Santander hi ha el Parc de la natura de Cab\u00e1rceno. Veure animals en semillibertat \u00e9s una experiencia fant\u00e0stica per nens i per grans.","robots":{"index":"index","follow":"follow","max-snippet":"max-snippet:-1","max-image-preview":"max-image-preview:large","max-video-preview":"max-video-preview:-1"},"canonical":"https:\/\/locaacademiafamiliar.com\/ca\/2020\/parc-de-la-natura-de-cabarceno-la-nostra-experiencia-amb-nens\/","og_locale":"ca_ES","og_type":"article","og_title":"Parc de la natura de Cab\u00e1rceno. La nostra experi\u00e8ncia amb nens. ~ Boja Acad\u00e8mia Familiar","og_description":"Molt a prop de Santander hi ha el Parc de la natura de Cab\u00e1rceno. Veure animals en semillibertat \u00e9s una experiencia fant\u00e0stica per nens i per grans.","og_url":"https:\/\/locaacademiafamiliar.com\/ca\/2020\/parc-de-la-natura-de-cabarceno-la-nostra-experiencia-amb-nens\/","og_site_name":"Boja Acad\u00e8mia Familiar","article_publisher":"https:\/\/www.facebook.com\/LocaAcademiaFamiliar","article_published_time":"2020-02-06T09:39:29+00:00","og_image":[{"width":756,"height":504,"url":"https:\/\/locaacademiafamiliar.com\/wp-content\/uploads\/2020\/01\/parque-natural-de-cabarceno-cebras.jpg","type":"image\/jpeg"}],"author":"Elisabet","twitter_card":"summary_large_image","twitter_misc":{"Escrit per":"Elisabet","Temps estimat de lectura":"4 minuts"},"schema":{"@context":"https:\/\/schema.org","@graph":[{"@type":"Article","@id":"https:\/\/locaacademiafamiliar.com\/ca\/2020\/parc-de-la-natura-de-cabarceno-la-nostra-experiencia-amb-nens\/#article","isPartOf":{"@id":"https:\/\/locaacademiafamiliar.com\/ca\/2020\/parc-de-la-natura-de-cabarceno-la-nostra-experiencia-amb-nens\/"},"author":{"name":"Elisabet","@id":"https:\/\/locaacademiafamiliar.com\/ca\/#\/schema\/person\/8ddc70c9780d67ef5bbb462a307f8042"},"headline":"Parc de la natura de Cab\u00e1rceno. La nostra experi\u00e8ncia amb nens.","datePublished":"2020-02-06T09:39:29+00:00","mainEntityOfPage":{"@id":"https:\/\/locaacademiafamiliar.com\/ca\/2020\/parc-de-la-natura-de-cabarceno-la-nostra-experiencia-amb-nens\/"},"wordCount":900,"commentCount":0,"publisher":{"@id":"https:\/\/locaacademiafamiliar.com\/ca\/#organization"},"image":{"@id":"https:\/\/locaacademiafamiliar.com\/ca\/2020\/parc-de-la-natura-de-cabarceno-la-nostra-experiencia-amb-nens\/#primaryimage"},"thumbnailUrl":"https:\/\/i0.wp.com\/locaacademiafamiliar.com\/wp-content\/uploads\/2020\/01\/parque-natural-de-cabarceno-cebras.jpg?fit=756%2C504&ssl=1","keywords":["parcs tem\u00e0tics","Viatges"],"articleSection":["Geografia"],"inLanguage":"ca","potentialAction":[{"@type":"CommentAction","name":"Comment","target":["https:\/\/locaacademiafamiliar.com\/ca\/2020\/parc-de-la-natura-de-cabarceno-la-nostra-experiencia-amb-nens\/#respond"]}]},{"@type":"WebPage","@id":"https:\/\/locaacademiafamiliar.com\/ca\/2020\/parc-de-la-natura-de-cabarceno-la-nostra-experiencia-amb-nens\/","url":"https:\/\/locaacademiafamiliar.com\/ca\/2020\/parc-de-la-natura-de-cabarceno-la-nostra-experiencia-amb-nens\/","name":"Parc de la natura de Cab\u00e1rceno. La nostra experi\u00e8ncia amb nens. ~ Boja Acad\u00e8mia Familiar","isPartOf":{"@id":"https:\/\/locaacademiafamiliar.com\/ca\/#website"},"primaryImageOfPage":{"@id":"https:\/\/locaacademiafamiliar.com\/ca\/2020\/parc-de-la-natura-de-cabarceno-la-nostra-experiencia-amb-nens\/#primaryimage"},"image":{"@id":"https:\/\/locaacademiafamiliar.com\/ca\/2020\/parc-de-la-natura-de-cabarceno-la-nostra-experiencia-amb-nens\/#primaryimage"},"thumbnailUrl":"https:\/\/i0.wp.com\/locaacademiafamiliar.com\/wp-content\/uploads\/2020\/01\/parque-natural-de-cabarceno-cebras.jpg?fit=756%2C504&ssl=1","datePublished":"2020-02-06T09:39:29+00:00","description":"Molt a prop de Santander hi ha el Parc de la natura de Cab\u00e1rceno. Veure animals en semillibertat \u00e9s una experiencia fant\u00e0stica per nens i per grans.","breadcrumb":{"@id":"https:\/\/locaacademiafamiliar.com\/ca\/2020\/parc-de-la-natura-de-cabarceno-la-nostra-experiencia-amb-nens\/#breadcrumb"},"inLanguage":"ca","potentialAction":[{"@type":"ReadAction","target":["https:\/\/locaacademiafamiliar.com\/ca\/2020\/parc-de-la-natura-de-cabarceno-la-nostra-experiencia-amb-nens\/"]}]},{"@type":"ImageObject","inLanguage":"ca","@id":"https:\/\/locaacademiafamiliar.com\/ca\/2020\/parc-de-la-natura-de-cabarceno-la-nostra-experiencia-amb-nens\/#primaryimage","url":"https:\/\/i0.wp.com\/locaacademiafamiliar.com\/wp-content\/uploads\/2020\/01\/parque-natural-de-cabarceno-cebras.jpg?fit=756%2C504&ssl=1","contentUrl":"https:\/\/i0.wp.com\/locaacademiafamiliar.com\/wp-content\/uploads\/2020\/01\/parque-natural-de-cabarceno-cebras.jpg?fit=756%2C504&ssl=1","width":756,"height":504},{"@type":"BreadcrumbList","@id":"https:\/\/locaacademiafamiliar.com\/ca\/2020\/parc-de-la-natura-de-cabarceno-la-nostra-experiencia-amb-nens\/#breadcrumb","itemListElement":[{"@type":"ListItem","position":1,"name":"Portada","item":"https:\/\/locaacademiafamiliar.com\/ca\/"},{"@type":"ListItem","position":2,"name":"Parc de la natura de Cab\u00e1rceno. La nostra experi\u00e8ncia amb nens."}]},{"@type":"WebSite","@id":"https:\/\/locaacademiafamiliar.com\/ca\/#website","url":"https:\/\/locaacademiafamiliar.com\/ca\/","name":"Boja Acad\u00e8mia Familiar","description":"El blog de crianza con el que pap\u00e1s y mam\u00e1s salen mejor preparados para su rutina familiar diaria","publisher":{"@id":"https:\/\/locaacademiafamiliar.com\/ca\/#organization"},"potentialAction":[{"@type":"SearchAction","target":{"@type":"EntryPoint","urlTemplate":"https:\/\/locaacademiafamiliar.com\/ca\/?s={search_term_string}"},"query-input":{"@type":"PropertyValueSpecification","valueRequired":true,"valueName":"search_term_string"}}],"inLanguage":"ca"},{"@type":"Organization","@id":"https:\/\/locaacademiafamiliar.com\/ca\/#organization","name":"LocaAcademiaFamiliar.com","url":"https:\/\/locaacademiafamiliar.com\/ca\/","logo":{"@type":"ImageObject","inLanguage":"ca","@id":"https:\/\/locaacademiafamiliar.com\/ca\/#\/schema\/logo\/image\/","url":"https:\/\/locaacademiafamiliar.com\/wp-content\/uploads\/2020\/01\/logo-loca-academia-familiar.jpg","contentUrl":"https:\/\/locaacademiafamiliar.com\/wp-content\/uploads\/2020\/01\/logo-loca-academia-familiar.jpg","width":960,"height":960,"caption":"LocaAcademiaFamiliar.com"},"image":{"@id":"https:\/\/locaacademiafamiliar.com\/ca\/#\/schema\/logo\/image\/"},"sameAs":["https:\/\/www.facebook.com\/LocaAcademiaFamiliar"]},{"@type":"Person","@id":"https:\/\/locaacademiafamiliar.com\/ca\/#\/schema\/person\/8ddc70c9780d67ef5bbb462a307f8042","name":"Elisabet","image":{"@type":"ImageObject","inLanguage":"ca","@id":"https:\/\/locaacademiafamiliar.com\/ca\/#\/schema\/person\/image\/","url":"https:\/\/secure.gravatar.com\/avatar\/b7cd6a228ab9368d5f221ffe7f0dae77?s=96&d=mm&r=g","contentUrl":"https:\/\/secure.gravatar.com\/avatar\/b7cd6a228ab9368d5f221ffe7f0dae77?s=96&d=mm&r=g","caption":"Elisabet"},"description":"\u00a1Hola! Soy Elisabet, aunque en algunos grupos de whatsapp soy simplemente mam\u00e1 de \u00cd. Tengo dos hijas muy divertidas, la primera nacida en febrero del 2013 y la segunda el enero del 2016 as\u00ed que ya hace m\u00e1s de tres a\u00f1os que vivo en horario infantil. En el mundo adulto trabajo en un hospital de Barcelona, soy enfermera y comadrona. Si quieres estar informado de los eventos y actividades para familias con ni\u00f1os en Catalunya, haz click aqu\u00ed para apuntarte a nuestra newsletter.","sameAs":["http:\/\/www.locaacademiafamiliar.com"],"url":"https:\/\/locaacademiafamiliar.com\/ca\/author\/eli\/"}]}},"jetpack_featured_media_url":"https:\/\/i0.wp.com\/locaacademiafamiliar.com\/wp-content\/uploads\/2020\/01\/parque-natural-de-cabarceno-cebras.jpg?fit=756%2C504&ssl=1","jetpack_sharing_enabled":true,"amp_enabled":true,"_links":{"self":[{"href":"https:\/\/locaacademiafamiliar.com\/ca\/wp-json\/wp\/v2\/posts\/9206","targetHints":{"allow":["GET"]}}],"collection":[{"href":"https:\/\/locaacademiafamiliar.com\/ca\/wp-json\/wp\/v2\/posts"}],"about":[{"href":"https:\/\/locaacademiafamiliar.com\/ca\/wp-json\/wp\/v2\/types\/post"}],"author":[{"embeddable":true,"href":"https:\/\/locaacademiafamiliar.com\/ca\/wp-json\/wp\/v2\/users\/2"}],"replies":[{"embeddable":true,"href":"https:\/\/locaacademiafamiliar.com\/ca\/wp-json\/wp\/v2\/comments?post=9206"}],"version-history":[{"count":0,"href":"https:\/\/locaacademiafamiliar.com\/ca\/wp-json\/wp\/v2\/posts\/9206\/revisions"}],"wp:featuredmedia":[{"embeddable":true,"href":"https:\/\/locaacademiafamiliar.com\/ca\/wp-json\/wp\/v2\/media\/9192"}],"wp:attachment":[{"href":"https:\/\/locaacademiafamiliar.com\/ca\/wp-json\/wp\/v2\/media?parent=9206"}],"wp:term":[{"taxonomy":"category","embeddable":true,"href":"https:\/\/locaacademiafamiliar.com\/ca\/wp-json\/wp\/v2\/categories?post=9206"},{"taxonomy":"post_tag","embeddable":true,"href":"https:\/\/locaacademiafamiliar.com\/ca\/wp-json\/wp\/v2\/tags?post=9206"}],"curies":[{"name":"wp","href":"https:\/\/api.w.org\/{rel}","templated":true}]}}