{"id":9730,"date":"2020-05-27T08:01:46","date_gmt":"2020-05-27T08:01:46","guid":{"rendered":"https:\/\/locaacademiafamiliar.com\/?p=9730"},"modified":"2020-05-27T19:42:21","modified_gmt":"2020-05-27T19:42:21","slug":"vacances-estiu-2020-costa-daurada","status":"publish","type":"post","link":"https:\/\/locaacademiafamiliar.com\/ca\/2020\/vacances-estiu-2020-costa-daurada\/","title":{"rendered":"Aquest estiu 2020 marxem de vacances&#8230; a la Costa Daurada!"},"content":{"rendered":"<p>Si va tot b\u00e9 i aquest estiu podem viatjar, nosaltres anirem <strong>de vacances a la Costa Daurada<\/strong> \ud83d\ude42 Ja fa v\u00e0rios mesos que tenim les nostres vacances organitzades. Fins i tot abans que el m\u00f3n es pos\u00e9s de l&#8217;inrev\u00e9s pel coronavirus, ja vam decidir que aquest any vol\u00edem anar de <strong>viatge a la platja i a prop de casa<\/strong>. Tant a l&#8217;Arnau com a mi ens venia de gust un estiu tranquil, de sol i platja, sense trepitjar aeroports ni patir per les male\u00efdes vagues d&#8217;avions de finals de juliol (les hem esquivat pels p\u00e8ls els \u00faltims dos estius per\u00f2 ja no ens atrev\u00edem a provar sort un cop m\u00e9s).<\/p>\n<p>Per aix\u00f2, vam decidir buscar un <strong><a href=\"https:\/\/locaacademiafamiliar.com\/ca\/2018\/25-preguntes-i-respostes-habituals-els-intercanvis-casa\/\" target=\"_blank\" rel=\"noopener\">intercanvi de casa<\/a> a la platja a m\u00e0xim 3-4 hores de casa<\/strong> &#8230; i bingo! Vam trobar una fam\u00edlia\u00a0 que t\u00e9 una casa fant\u00e0stica (primera resid\u00e8ncia) a Torredembarra (en plena Costa Daurada, Tarragona) i acceptaven un intercanvi de casa amb nosaltres la primera quinzena d&#8217;agost. Fant\u00e0stic!<\/p>\n<p>El que no pod\u00edem ni imaginar-nos \u00e9s que uns mesos m\u00e9s tard aquest <strong>viatge a la Costa Daurada<\/strong> podria ser de fet una de les possibilitats m\u00e9s encertades en temps de Covid-19&#8230;<\/p>\n<ul>\n<li><strong>Facilitat<\/strong>: estarem a prop de casa i podrem anar-hi amb cotxe, sense necessitat d&#8217;avions o trens.<\/li>\n<li><strong>Proximitat<\/strong>: nosaltres ni tan sols sortirem de la nostra comunitat aut\u00f2noma. Olot est\u00e0 a 3h en cotxe de la Costa Daurada.<\/li>\n<li><strong>Comoditat i seguretat<\/strong>: gr\u00e0cies a l&#8217;intercanvi de cases, tindrem una casa sencera per a nosaltres sense necessitat de compartir espais comuns amb altra gent. Podrem cuinar a casa, rentar la roba, etc.Si a aquestes motivacions sanit\u00e0ries, li afegim una <strong>destinaci\u00f3 fabulosa i familiar<\/strong>, obtenim unes vacances que s&#8217;acosten BASTANT a les ideals per a aquest estiu 2020 \ud83d\ude42<\/li>\n<\/ul>\n<h2>Els nostres plans per a l&#8217;estiu 2020 a la Costa Daurada<\/h2>\n<p><strong>La Costa Daurada \u00e9s una destinaci\u00f3 MOLT familiar, amb platges estupendes (i \u00e0mplies) per anar amb nens<\/strong>. Per\u00f2 tamb\u00e9 t\u00e9 pobles mariners bonics, passejos mar\u00edtims per on anar en bicicleta i espais naturals per fer activitats a l&#8217;aire lliure. Segueix llegint per descobrir p<strong>er qu\u00e8 la Costa Daurada \u00e9s una destinaci\u00f3 de vacances ideal per anar amb nens<\/strong> \ud83d\ude42<\/p>\n<h3>PLATGES LLARGU\u00cdSSIMES I \u00c0MPLIES<\/h3>\n<figure id=\"attachment_8035\" aria-describedby=\"caption-attachment-8035\" style=\"width: 1200px\" class=\"wp-caption aligncenter\"><img data-recalc-dims=\"1\" decoding=\"async\" class=\"size-full wp-image-8035\" src=\"https:\/\/i0.wp.com\/locaacademiafamiliar.com\/wp-content\/uploads\/2019\/08\/hospitalet-playa-el-arenal.jpg?resize=1200%2C800&#038;ssl=1\" alt=\"\" width=\"1200\" height=\"800\" srcset=\"https:\/\/i0.wp.com\/locaacademiafamiliar.com\/wp-content\/uploads\/2019\/08\/hospitalet-playa-el-arenal.jpg?w=1200&amp;ssl=1 1200w, https:\/\/i0.wp.com\/locaacademiafamiliar.com\/wp-content\/uploads\/2019\/08\/hospitalet-playa-el-arenal.jpg?resize=300%2C200&amp;ssl=1 300w, https:\/\/i0.wp.com\/locaacademiafamiliar.com\/wp-content\/uploads\/2019\/08\/hospitalet-playa-el-arenal.jpg?resize=768%2C512&amp;ssl=1 768w, https:\/\/i0.wp.com\/locaacademiafamiliar.com\/wp-content\/uploads\/2019\/08\/hospitalet-playa-el-arenal.jpg?resize=1024%2C683&amp;ssl=1 1024w\" sizes=\"(max-width: 1000px) 100vw, 1000px\" \/><figcaption id=\"caption-attachment-8035\" class=\"wp-caption-text\">Platja L&#8217;Arenal, L&#8217;Hospitalet de L&#8217;Infant. Foto: L&#8217;hospitalet<\/figcaption><\/figure>\n<p>A la <strong>Costa Daurada<\/strong> les platges s\u00f3n extenses, \u00e0mplies i llargues. Ideals perqu\u00e8 no estiguem tots amuntegats: els experts diuen que <a href=\"https:\/\/www.lavanguardia.com\/ciencia\/20200507\/481012081568\/contagio-coronavirus-playa-piscina-poco-probable-informe-csic.html\" target=\"_blank\" rel=\"noopener\"><strong>a l&#8217;aigua del mar \u00e9s poc probable que ens contagiem<\/strong><\/a> el virus i que nom\u00e9s es podria passar d&#8217;una persona a una altra si a la platja hi ha aglomeracions i no es respecta la dist\u00e0ncia de seguretat. Per aix\u00f2, com m\u00e9s amplis estiguem, millor!<\/p>\n<p>A m\u00e9s s\u00f3n platges genials per anar en fam\u00edlia perqu\u00e8 gaireb\u00e9 no cobreixen, tenen sorra fina i s\u00f3n de molt f\u00e0cil acc\u00e9s. Estem desitjant repassar el llistat de <a href=\"https:\/\/locaacademiafamiliar.com\/ca\/2019\/les-millors-platges-de-la-costa-daurada-per-anar-amb-nens\/\" target=\"_blank\" rel=\"noopener\"><strong>les millors platges de la Costa Daurada per anar amb nens<\/strong><\/a> <strong>i decidir quina \u00e9s la nostra preferida<\/strong>! \ud83d\ude42 Us mantindrem informats.<\/p>\n<h3>EXCURSIONS I BANYS A PISCINES NATURALS I CASCADES<\/h3>\n<figure id=\"attachment_9719\" aria-describedby=\"caption-attachment-9719\" style=\"width: 979px\" class=\"wp-caption aligncenter\"><img data-recalc-dims=\"1\" decoding=\"async\" class=\"wp-image-9719 size-full\" src=\"https:\/\/i0.wp.com\/locaacademiafamiliar.com\/wp-content\/uploads\/2020\/05\/gorgs-toll-de-lolla-tarragona.jpg?resize=979%2C734&#038;ssl=1\" alt=\"\" width=\"979\" height=\"734\" srcset=\"https:\/\/i0.wp.com\/locaacademiafamiliar.com\/wp-content\/uploads\/2020\/05\/gorgs-toll-de-lolla-tarragona.jpg?w=979&amp;ssl=1 979w, https:\/\/i0.wp.com\/locaacademiafamiliar.com\/wp-content\/uploads\/2020\/05\/gorgs-toll-de-lolla-tarragona.jpg?resize=300%2C225&amp;ssl=1 300w, https:\/\/i0.wp.com\/locaacademiafamiliar.com\/wp-content\/uploads\/2020\/05\/gorgs-toll-de-lolla-tarragona.jpg?resize=768%2C576&amp;ssl=1 768w, https:\/\/i0.wp.com\/locaacademiafamiliar.com\/wp-content\/uploads\/2020\/05\/gorgs-toll-de-lolla-tarragona.jpg?resize=678%2C509&amp;ssl=1 678w, https:\/\/i0.wp.com\/locaacademiafamiliar.com\/wp-content\/uploads\/2020\/05\/gorgs-toll-de-lolla-tarragona.jpg?resize=326%2C245&amp;ssl=1 326w, https:\/\/i0.wp.com\/locaacademiafamiliar.com\/wp-content\/uploads\/2020\/05\/gorgs-toll-de-lolla-tarragona.jpg?resize=80%2C60&amp;ssl=1 80w\" sizes=\"(max-width: 979px) 100vw, 979px\" \/><figcaption id=\"caption-attachment-9719\" class=\"wp-caption-text\">Gorg Toll de l&#8217;Olla. Foto de Calafellvalo via flickr<\/figcaption><\/figure>\n<p>I si les platges estan molt plenes o ens cansem de sorra i aigua salada, hi ha l&#8217;opci\u00f3 de <strong>banyar-se en aigua dol\u00e7a<\/strong>. A les <strong><a href=\"https:\/\/costadaurada.info\/experiencies\/bany-glacat-als-tolls-daigua-de-les-muntanyes-de-prades\" target=\"_blank\" rel=\"noopener\">muntanyes de Prades hi ha m\u00faltiples gorgues i rius<\/a> per a un bany refrescant a l&#8217;estiu.<\/strong> Algunes tenen una pinta excel\u00b7lent! Algunes de les <strong>piscines naturals m\u00e9s conegudes de la Costa Daurada s\u00f3n: Niu de l&#8217;\u00c0liga, el Toll de l&#8217;Olla, el Toll de Vidre, Capafonts<\/strong>&#8230; tot i que per anar amb nens petits (a partir de 3-4 anys) , sembla que la m\u00e9s adequades s\u00f3n els <strong>gorgs de la Febr\u00f3<\/strong>. S\u00f3n un 2&#215;1: excursi\u00f3 pel bosc i banyada a les gorgues! A la <strong>Serra de Montsant<\/strong> tamb\u00e9 hi ha llocs naturals per banyar-se \ud83d\ude42 <a href=\"https:\/\/tarragonadigital.com\/branded-content\/millors-gorgs-piscines-naturals-tarragona\" target=\"_blank\" rel=\"noopener\"><strong>M\u00e9s llocs per banyar-se en aquest enlla\u00e7<\/strong><\/a>.<\/p>\n<h3>GELATS I PASSEJADES<\/h3>\n<p><img data-recalc-dims=\"1\" decoding=\"async\" class=\"size-full wp-image-7759 aligncenter\" src=\"https:\/\/i0.wp.com\/locaacademiafamiliar.com\/wp-content\/uploads\/2019\/07\/gelats-antonio-sirvent.jpg?resize=1333%2C1000&#038;ssl=1\" alt=\"\" width=\"1333\" height=\"1000\" srcset=\"https:\/\/i0.wp.com\/locaacademiafamiliar.com\/wp-content\/uploads\/2019\/07\/gelats-antonio-sirvent.jpg?w=1333&amp;ssl=1 1333w, https:\/\/i0.wp.com\/locaacademiafamiliar.com\/wp-content\/uploads\/2019\/07\/gelats-antonio-sirvent.jpg?resize=300%2C225&amp;ssl=1 300w, https:\/\/i0.wp.com\/locaacademiafamiliar.com\/wp-content\/uploads\/2019\/07\/gelats-antonio-sirvent.jpg?resize=768%2C576&amp;ssl=1 768w, https:\/\/i0.wp.com\/locaacademiafamiliar.com\/wp-content\/uploads\/2019\/07\/gelats-antonio-sirvent.jpg?resize=1024%2C768&amp;ssl=1 1024w, https:\/\/i0.wp.com\/locaacademiafamiliar.com\/wp-content\/uploads\/2019\/07\/gelats-antonio-sirvent.jpg?resize=678%2C509&amp;ssl=1 678w, https:\/\/i0.wp.com\/locaacademiafamiliar.com\/wp-content\/uploads\/2019\/07\/gelats-antonio-sirvent.jpg?resize=326%2C245&amp;ssl=1 326w, https:\/\/i0.wp.com\/locaacademiafamiliar.com\/wp-content\/uploads\/2019\/07\/gelats-antonio-sirvent.jpg?resize=80%2C60&amp;ssl=1 80w\" sizes=\"(max-width: 1000px) 100vw, 1000px\" \/><\/p>\n<p>Els meus records de vacances de quan era petita passen per anar a la platja al mat\u00ed, dinar a casa, sortir a passejar a la tarda, c\u00f3rrer o anar en bici pel passeig mar\u00edtim, menjar un gelat, sopar a casa i potser tornar a sortir a passejar prop de la mar a la nit per aguantar la calor intensa.<\/p>\n<p>A vegades no cal res m\u00e9s, oi? \ud83d\ude42 Despr\u00e9s d&#8217;alguns viatges plens de coses a visitar i activitats per fer, aquest estiu busquem unes <strong>vacances tranquil\u00b7les, c\u00f2modes i f\u00e0cils, com les de sempre<\/strong>: sol, platja, passejades en bici i gelats a mitja tarda; sobretot a <a href=\"https:\/\/locaacademiafamiliar.com\/ca\/2019\/cambrils-amb-nens-costa-daurada\/\" target=\"_blank\" rel=\"noopener\"><strong>Cambrils<\/strong><\/a>, on hi ha una gelateria subcampiona d&#8217;el m\u00f3n! \ud83d\ude00 \ud83d\ude00 \ud83d\ude00<\/p>\n<p>I sembla que els del Patronat de Turisme han pensat el mateix i han llen\u00e7at recentment una campanya promocional que destaca la Costa Daurada de tota la vida, la de sempre. El video \u00e9s ben xulo!<\/p>\n<p><iframe src=\"https:\/\/www.youtube.com\/embed\/GaLNsf4uGrc\" width=\"560\" height=\"315\" frameborder=\"0\" allowfullscreen=\"allowfullscreen\"><\/iframe><\/p>\n<h3>CAMINS DE RONDA<\/h3>\n<p>Explorar els <strong>camins de ronda de la Costa Daurada<\/strong> pot ser un pla ideal per a un dia ennuvolat d&#8217;estiu o per a una tarda que vulguem fer una excursi\u00f3 f\u00e0cil. S\u00f3n camins al costat del mar, f\u00e0cils i ben adaptats per anar amb nens, que ens permeten anar d&#8217;un poble a un altre o anar explorant la costa i els seus paisatges.<\/p>\n<p>Hi ha camins de ronda a: Salou, Tarragona, d&#8217;Altafulla a Torredembarra, l&#8217;Hospitalet de l&#8217;Infant i Roda de Ber\u00e0.<\/p>\n<div class=\"tiled-gallery type-rectangular tiled-gallery-unresized\" data-original-width=\"500\" data-carousel-extra='{&quot;blog_id&quot;:1,&quot;permalink&quot;:&quot;https:\\\/\\\/locaacademiafamiliar.com\\\/ca\\\/2020\\\/vacances-estiu-2020-costa-daurada\\\/&quot;,&quot;likes_blog_id&quot;:119488531}' itemscope itemtype=\"http:\/\/schema.org\/ImageGallery\" > <div class=\"gallery-row\" style=\"width: 500px; height: 240px;\" data-original-width=\"500\" data-original-height=\"240\" > <div class=\"gallery-group images-1\" style=\"width: 181px; height: 240px;\" data-original-width=\"181\" data-original-height=\"240\" > <div class=\"tiled-gallery-item tiled-gallery-item-small\" itemprop=\"associatedMedia\" itemscope itemtype=\"http:\/\/schema.org\/ImageObject\"> <a href=\"https:\/\/locaacademiafamiliar.com\/ca\/2019\/que-fer-a-salou-costa-daurada-amb-nens\/cami-ronda-salou-2\/\" border=\"0\" itemprop=\"url\"> <meta itemprop=\"width\" content=\"177\"> <meta itemprop=\"height\" content=\"236\"> <img decoding=\"async\" class=\"\" data-attachment-id=\"7683\" data-orig-file=\"https:\/\/locaacademiafamiliar.com\/wp-content\/uploads\/2019\/06\/cami-ronda-salou.jpg\" data-orig-size=\"1200,1600\" data-comments-opened=\"1\" data-image-meta=\"{&quot;aperture&quot;:&quot;0&quot;,&quot;credit&quot;:&quot;&quot;,&quot;camera&quot;:&quot;&quot;,&quot;caption&quot;:&quot;&quot;,&quot;created_timestamp&quot;:&quot;0&quot;,&quot;copyright&quot;:&quot;&quot;,&quot;focal_length&quot;:&quot;0&quot;,&quot;iso&quot;:&quot;0&quot;,&quot;shutter_speed&quot;:&quot;0&quot;,&quot;title&quot;:&quot;&quot;,&quot;orientation&quot;:&quot;1&quot;}\" data-image-title=\"cami ronda salou\" data-image-description=\"\" data-medium-file=\"https:\/\/i0.wp.com\/locaacademiafamiliar.com\/wp-content\/uploads\/2019\/06\/cami-ronda-salou.jpg?fit=225%2C300&#038;ssl=1\" data-large-file=\"https:\/\/i0.wp.com\/locaacademiafamiliar.com\/wp-content\/uploads\/2019\/06\/cami-ronda-salou.jpg?fit=768%2C1024&#038;ssl=1\" src=\"https:\/\/i0.wp.com\/locaacademiafamiliar.com\/wp-content\/uploads\/2019\/06\/cami-ronda-salou.jpg?w=177&#038;h=236&#038;ssl=1\" srcset=\"https:\/\/i0.wp.com\/locaacademiafamiliar.com\/wp-content\/uploads\/2019\/06\/cami-ronda-salou.jpg?w=1200&amp;ssl=1 1200w, https:\/\/i0.wp.com\/locaacademiafamiliar.com\/wp-content\/uploads\/2019\/06\/cami-ronda-salou.jpg?resize=225%2C300&amp;ssl=1 225w, https:\/\/i0.wp.com\/locaacademiafamiliar.com\/wp-content\/uploads\/2019\/06\/cami-ronda-salou.jpg?resize=768%2C1024&amp;ssl=1 768w\" width=\"177\" height=\"236\" loading=\"lazy\" data-original-width=\"177\" data-original-height=\"236\" itemprop=\"http:\/\/schema.org\/image\" title=\"cami ronda salou\" alt=\"cami ronda salou\" style=\"width: 177px; height: 236px;\" \/> <\/a> <\/div> <\/div> <!-- close group --> <div class=\"gallery-group images-1\" style=\"width: 319px; height: 240px;\" data-original-width=\"319\" data-original-height=\"240\" > <div class=\"tiled-gallery-item tiled-gallery-item-large\" itemprop=\"associatedMedia\" itemscope itemtype=\"http:\/\/schema.org\/ImageObject\"> <a href=\"https:\/\/locaacademiafamiliar.com\/ca\/2019\/que-fer-a-salou-costa-daurada-amb-nens\/blaumar-hotel-salou-9-2\/\" border=\"0\" itemprop=\"url\"> <meta itemprop=\"width\" content=\"315\"> <meta itemprop=\"height\" content=\"236\"> <img decoding=\"async\" class=\"\" data-attachment-id=\"7679\" data-orig-file=\"https:\/\/locaacademiafamiliar.com\/wp-content\/uploads\/2019\/06\/blaumar-hotel-salou-9.jpg\" data-orig-size=\"1600,1200\" data-comments-opened=\"1\" data-image-meta=\"{&quot;aperture&quot;:&quot;0&quot;,&quot;credit&quot;:&quot;&quot;,&quot;camera&quot;:&quot;&quot;,&quot;caption&quot;:&quot;&quot;,&quot;created_timestamp&quot;:&quot;0&quot;,&quot;copyright&quot;:&quot;&quot;,&quot;focal_length&quot;:&quot;0&quot;,&quot;iso&quot;:&quot;0&quot;,&quot;shutter_speed&quot;:&quot;0&quot;,&quot;title&quot;:&quot;&quot;,&quot;orientation&quot;:&quot;1&quot;}\" data-image-title=\"blaumar hotel salou 9\" data-image-description=\"\" data-medium-file=\"https:\/\/i0.wp.com\/locaacademiafamiliar.com\/wp-content\/uploads\/2019\/06\/blaumar-hotel-salou-9.jpg?fit=300%2C225&#038;ssl=1\" data-large-file=\"https:\/\/i0.wp.com\/locaacademiafamiliar.com\/wp-content\/uploads\/2019\/06\/blaumar-hotel-salou-9.jpg?fit=1024%2C768&#038;ssl=1\" src=\"https:\/\/i0.wp.com\/locaacademiafamiliar.com\/wp-content\/uploads\/2019\/06\/blaumar-hotel-salou-9.jpg?w=315&#038;h=236&#038;ssl=1\" srcset=\"https:\/\/i0.wp.com\/locaacademiafamiliar.com\/wp-content\/uploads\/2019\/06\/blaumar-hotel-salou-9.jpg?w=1600&amp;ssl=1 1600w, https:\/\/i0.wp.com\/locaacademiafamiliar.com\/wp-content\/uploads\/2019\/06\/blaumar-hotel-salou-9.jpg?resize=300%2C225&amp;ssl=1 300w, https:\/\/i0.wp.com\/locaacademiafamiliar.com\/wp-content\/uploads\/2019\/06\/blaumar-hotel-salou-9.jpg?resize=768%2C576&amp;ssl=1 768w, https:\/\/i0.wp.com\/locaacademiafamiliar.com\/wp-content\/uploads\/2019\/06\/blaumar-hotel-salou-9.jpg?resize=1024%2C768&amp;ssl=1 1024w, https:\/\/i0.wp.com\/locaacademiafamiliar.com\/wp-content\/uploads\/2019\/06\/blaumar-hotel-salou-9.jpg?resize=678%2C509&amp;ssl=1 678w, https:\/\/i0.wp.com\/locaacademiafamiliar.com\/wp-content\/uploads\/2019\/06\/blaumar-hotel-salou-9.jpg?resize=326%2C245&amp;ssl=1 326w, https:\/\/i0.wp.com\/locaacademiafamiliar.com\/wp-content\/uploads\/2019\/06\/blaumar-hotel-salou-9.jpg?resize=80%2C60&amp;ssl=1 80w\" width=\"315\" height=\"236\" loading=\"lazy\" data-original-width=\"315\" data-original-height=\"236\" itemprop=\"http:\/\/schema.org\/image\" title=\"blaumar hotel salou 9\" alt=\"blaumar hotel salou 9\" style=\"width: 315px; height: 236px;\" \/> <\/a> <\/div> <\/div> <!-- close group --> <\/div> <!-- close row --> <\/div>\n<h3>POBLES MARINERS BONICS<\/h3>\n<p><strong>A la Costa Daurada hi ha molts pobles bonics per descobrir, tant a la banda de la mar com a l&#8217;interior de Tarragona.<\/strong> Encara no els coneixem tots per\u00f2 creuem els dits perqu\u00e8 puguem explorar-aquestes properes vacances d&#8217;estiu \ud83d\ude09<\/p>\n<p><strong>Cambrils<\/strong> \u00e9s un poble mariner preci\u00f3s, amb barques i passeig mar\u00edtim. No us perdeu el Parc Sam\u00e0 per a un passeig ex\u00f2tic a la natura. El seu carril bici connecta amb la ve\u00efna Salou. &#8211;&gt; <a href=\"https:\/\/locaacademiafamiliar.com\/2019\/cambrils-con-ninos\/\" target=\"_blank\" rel=\"noopener\"><strong>Qu\u00e8 fer a Cambrils amb nens<\/strong><\/a>.<\/p>\n<p><img data-recalc-dims=\"1\" decoding=\"async\" class=\"size-full wp-image-7763 aligncenter\" src=\"https:\/\/i0.wp.com\/locaacademiafamiliar.com\/wp-content\/uploads\/2019\/07\/cambrils-1.jpg?resize=1333%2C1000&#038;ssl=1\" alt=\"\" width=\"1333\" height=\"1000\" srcset=\"https:\/\/i0.wp.com\/locaacademiafamiliar.com\/wp-content\/uploads\/2019\/07\/cambrils-1.jpg?w=1333&amp;ssl=1 1333w, https:\/\/i0.wp.com\/locaacademiafamiliar.com\/wp-content\/uploads\/2019\/07\/cambrils-1.jpg?resize=300%2C225&amp;ssl=1 300w, https:\/\/i0.wp.com\/locaacademiafamiliar.com\/wp-content\/uploads\/2019\/07\/cambrils-1.jpg?resize=768%2C576&amp;ssl=1 768w, https:\/\/i0.wp.com\/locaacademiafamiliar.com\/wp-content\/uploads\/2019\/07\/cambrils-1.jpg?resize=1024%2C768&amp;ssl=1 1024w, https:\/\/i0.wp.com\/locaacademiafamiliar.com\/wp-content\/uploads\/2019\/07\/cambrils-1.jpg?resize=678%2C509&amp;ssl=1 678w, https:\/\/i0.wp.com\/locaacademiafamiliar.com\/wp-content\/uploads\/2019\/07\/cambrils-1.jpg?resize=326%2C245&amp;ssl=1 326w, https:\/\/i0.wp.com\/locaacademiafamiliar.com\/wp-content\/uploads\/2019\/07\/cambrils-1.jpg?resize=80%2C60&amp;ssl=1 80w\" sizes=\"(max-width: 1000px) 100vw, 1000px\" \/><\/p>\n<p><strong>Salou<\/strong> \u00e9s divertida, sobretot una de les seves tres fonts ornamentals que s&#8217;encarrega de dutxar i jugar amb els nens a l&#8217;estiu quan fa m\u00e9s calor. <strong>&#8211;&gt; <a href=\"https:\/\/locaacademiafamiliar.com\/2019\/que-hacer-en-salou-con-ninos\/\" target=\"_blank\" rel=\"noopener\">Qu\u00e8 fer a Salou amb nens<\/a><\/strong>.<\/p>\n<p><img data-recalc-dims=\"1\" decoding=\"async\" class=\"size-full wp-image-7704 aligncenter\" src=\"https:\/\/i0.wp.com\/locaacademiafamiliar.com\/wp-content\/uploads\/2019\/06\/fonts-salou.jpg?resize=1500%2C997&#038;ssl=1\" alt=\"\" width=\"1500\" height=\"997\" srcset=\"https:\/\/i0.wp.com\/locaacademiafamiliar.com\/wp-content\/uploads\/2019\/06\/fonts-salou.jpg?w=1500&amp;ssl=1 1500w, https:\/\/i0.wp.com\/locaacademiafamiliar.com\/wp-content\/uploads\/2019\/06\/fonts-salou.jpg?resize=300%2C199&amp;ssl=1 300w, https:\/\/i0.wp.com\/locaacademiafamiliar.com\/wp-content\/uploads\/2019\/06\/fonts-salou.jpg?resize=768%2C510&amp;ssl=1 768w, https:\/\/i0.wp.com\/locaacademiafamiliar.com\/wp-content\/uploads\/2019\/06\/fonts-salou.jpg?resize=1024%2C681&amp;ssl=1 1024w\" sizes=\"(max-width: 1000px) 100vw, 1000px\" \/><\/p>\n<p>A <strong>Torredembarra<\/strong> vam estar-hi fa un parell d&#8217;anys, durant un cap de setmana de primavera (tamb\u00e9 en un intercanvi de casa) i ens va sorprendre molt positivament tota la zona. Ens va encantar la seva gran platja La Paella i les seves cales tranquil\u00b7les dels voltants; i ens va agradar molt el seu casc antic ple de terrassetes, places i de bon ambient de poble.<\/p>\n<p><img data-recalc-dims=\"1\" decoding=\"async\" class=\"aligncenter wp-image-9654 size-full\" src=\"https:\/\/i0.wp.com\/locaacademiafamiliar.com\/wp-content\/uploads\/2020\/05\/24444398963_47c63cb9fe_c.jpg?resize=800%2C532&#038;ssl=1\" alt=\"torredembarra\" width=\"800\" height=\"532\" srcset=\"https:\/\/i0.wp.com\/locaacademiafamiliar.com\/wp-content\/uploads\/2020\/05\/24444398963_47c63cb9fe_c.jpg?w=800&amp;ssl=1 800w, https:\/\/i0.wp.com\/locaacademiafamiliar.com\/wp-content\/uploads\/2020\/05\/24444398963_47c63cb9fe_c.jpg?resize=300%2C200&amp;ssl=1 300w, https:\/\/i0.wp.com\/locaacademiafamiliar.com\/wp-content\/uploads\/2020\/05\/24444398963_47c63cb9fe_c.jpg?resize=768%2C511&amp;ssl=1 768w\" sizes=\"(max-width: 800px) 100vw, 800px\" \/><\/p>\n<p><strong>Altafulla<\/strong> \u00e9s un poble pintoresc a la banda de la mar. Est\u00e0 al costat de Torredembarra i el seu casc antic \u00e9s preci\u00f3s. Primer, podeu passejar per la platja i el passeig mar\u00edtim, amb les seves cases de pescadors. Despr\u00e9s, endinseu-vos al poble i recorreu els seus carrerons. Un encant!<\/p>\n<div class=\"tiled-gallery type-rectangular tiled-gallery-unresized\" data-original-width=\"500\" data-carousel-extra='{&quot;blog_id&quot;:1,&quot;permalink&quot;:&quot;https:\\\/\\\/locaacademiafamiliar.com\\\/ca\\\/2020\\\/vacances-estiu-2020-costa-daurada\\\/&quot;,&quot;likes_blog_id&quot;:119488531}' itemscope itemtype=\"http:\/\/schema.org\/ImageGallery\" > <div class=\"gallery-row\" style=\"width: 500px; height: 231px;\" data-original-width=\"500\" data-original-height=\"231\" > <div class=\"gallery-group images-1\" style=\"width: 156px; height: 231px;\" data-original-width=\"156\" data-original-height=\"231\" > <div class=\"tiled-gallery-item tiled-gallery-item-small\" itemprop=\"associatedMedia\" itemscope itemtype=\"http:\/\/schema.org\/ImageObject\"> <a href=\"https:\/\/locaacademiafamiliar.com\/ca\/2020\/vacances-estiu-2020-costa-daurada\/11773765906_935144aff9_c-2\/\" border=\"0\" itemprop=\"url\"> <meta itemprop=\"width\" content=\"152\"> <meta itemprop=\"height\" content=\"227\"> <img decoding=\"async\" class=\"\" data-attachment-id=\"9651\" data-orig-file=\"https:\/\/locaacademiafamiliar.com\/wp-content\/uploads\/2020\/05\/11773765906_935144aff9_c.jpg\" data-orig-size=\"533,799\" data-comments-opened=\"1\" data-image-meta=\"{&quot;aperture&quot;:&quot;0&quot;,&quot;credit&quot;:&quot;&quot;,&quot;camera&quot;:&quot;&quot;,&quot;caption&quot;:&quot;&quot;,&quot;created_timestamp&quot;:&quot;0&quot;,&quot;copyright&quot;:&quot;&quot;,&quot;focal_length&quot;:&quot;0&quot;,&quot;iso&quot;:&quot;0&quot;,&quot;shutter_speed&quot;:&quot;0&quot;,&quot;title&quot;:&quot;&quot;,&quot;orientation&quot;:&quot;0&quot;}\" data-image-title=\"11773765906_935144aff9_c\" data-image-description=\"\" data-medium-file=\"https:\/\/i0.wp.com\/locaacademiafamiliar.com\/wp-content\/uploads\/2020\/05\/11773765906_935144aff9_c.jpg?fit=200%2C300&#038;ssl=1\" data-large-file=\"https:\/\/i0.wp.com\/locaacademiafamiliar.com\/wp-content\/uploads\/2020\/05\/11773765906_935144aff9_c.jpg?fit=533%2C799&#038;ssl=1\" src=\"https:\/\/i0.wp.com\/locaacademiafamiliar.com\/wp-content\/uploads\/2020\/05\/11773765906_935144aff9_c.jpg?w=152&#038;h=227&#038;ssl=1\" srcset=\"https:\/\/i0.wp.com\/locaacademiafamiliar.com\/wp-content\/uploads\/2020\/05\/11773765906_935144aff9_c.jpg?w=533&amp;ssl=1 533w, https:\/\/i0.wp.com\/locaacademiafamiliar.com\/wp-content\/uploads\/2020\/05\/11773765906_935144aff9_c.jpg?resize=200%2C300&amp;ssl=1 200w\" width=\"152\" height=\"227\" loading=\"lazy\" data-original-width=\"152\" data-original-height=\"227\" itemprop=\"http:\/\/schema.org\/image\" title=\"11773765906_935144aff9_c\" alt=\"altafulla\" style=\"width: 152px; height: 227px;\" \/> <\/a> <\/div> <\/div> <!-- close group --> <div class=\"gallery-group images-1\" style=\"width: 344px; height: 231px;\" data-original-width=\"344\" data-original-height=\"231\" > <div class=\"tiled-gallery-item tiled-gallery-item-large\" itemprop=\"associatedMedia\" itemscope itemtype=\"http:\/\/schema.org\/ImageObject\"> <a href=\"https:\/\/locaacademiafamiliar.com\/ca\/2020\/vacances-estiu-2020-costa-daurada\/49671495273_6b434673e9_c-2\/\" border=\"0\" itemprop=\"url\"> <meta itemprop=\"width\" content=\"340\"> <meta itemprop=\"height\" content=\"227\"> <img decoding=\"async\" class=\"\" data-attachment-id=\"9653\" data-orig-file=\"https:\/\/locaacademiafamiliar.com\/wp-content\/uploads\/2020\/05\/49671495273_6b434673e9_c.jpg\" data-orig-size=\"799,533\" data-comments-opened=\"1\" data-image-meta=\"{&quot;aperture&quot;:&quot;0&quot;,&quot;credit&quot;:&quot;Jorge Franganillo&quot;,&quot;camera&quot;:&quot;&quot;,&quot;caption&quot;:&quot;&quot;,&quot;created_timestamp&quot;:&quot;0&quot;,&quot;copyright&quot;:&quot;Jorge Franganillo&quot;,&quot;focal_length&quot;:&quot;0&quot;,&quot;iso&quot;:&quot;0&quot;,&quot;shutter_speed&quot;:&quot;0&quot;,&quot;title&quot;:&quot;&quot;,&quot;orientation&quot;:&quot;0&quot;}\" data-image-title=\"49671495273_6b434673e9_c\" data-image-description=\"\" data-medium-file=\"https:\/\/i0.wp.com\/locaacademiafamiliar.com\/wp-content\/uploads\/2020\/05\/49671495273_6b434673e9_c.jpg?fit=300%2C200&#038;ssl=1\" data-large-file=\"https:\/\/i0.wp.com\/locaacademiafamiliar.com\/wp-content\/uploads\/2020\/05\/49671495273_6b434673e9_c.jpg?fit=799%2C533&#038;ssl=1\" src=\"https:\/\/i0.wp.com\/locaacademiafamiliar.com\/wp-content\/uploads\/2020\/05\/49671495273_6b434673e9_c.jpg?w=340&#038;h=227&#038;ssl=1\" srcset=\"https:\/\/i0.wp.com\/locaacademiafamiliar.com\/wp-content\/uploads\/2020\/05\/49671495273_6b434673e9_c.jpg?w=799&amp;ssl=1 799w, https:\/\/i0.wp.com\/locaacademiafamiliar.com\/wp-content\/uploads\/2020\/05\/49671495273_6b434673e9_c.jpg?resize=300%2C200&amp;ssl=1 300w, https:\/\/i0.wp.com\/locaacademiafamiliar.com\/wp-content\/uploads\/2020\/05\/49671495273_6b434673e9_c.jpg?resize=768%2C512&amp;ssl=1 768w\" width=\"340\" height=\"227\" loading=\"lazy\" data-original-width=\"340\" data-original-height=\"227\" itemprop=\"http:\/\/schema.org\/image\" title=\"49671495273_6b434673e9_c\" alt=\"altafulla\" style=\"width: 340px; height: 227px;\" \/> <\/a> <\/div> <\/div> <!-- close group --> <\/div> <!-- close row --> <\/div>\n<p>I per descomptat tamb\u00e9 hi ha: la gran<strong> Tarragona<\/strong> romana, la <strong>Reus<\/strong> modernista,<strong> Falset i el Priorat,<\/strong> <strong>Montblanc<\/strong> medieval amb la seva llegenda de Sant Jordi, <strong>Valls<\/strong> amb els seus castells, el castell de <strong>Tamarit<\/strong>, la poblaci\u00f3 de <strong>Prades<\/strong> tan buc\u00f2lica entre muntanyes&#8230;<\/p>\n<h3>EXCURSIONS I VISITES<\/h3>\n<figure id=\"attachment_9721\" aria-describedby=\"caption-attachment-9721\" style=\"width: 799px\" class=\"wp-caption aligncenter\"><img data-recalc-dims=\"1\" decoding=\"async\" class=\"size-full wp-image-9721\" src=\"https:\/\/i0.wp.com\/locaacademiafamiliar.com\/wp-content\/uploads\/2020\/05\/montblanc.jpg?resize=799%2C533&#038;ssl=1\" alt=\"\" width=\"799\" height=\"533\" srcset=\"https:\/\/i0.wp.com\/locaacademiafamiliar.com\/wp-content\/uploads\/2020\/05\/montblanc.jpg?w=799&amp;ssl=1 799w, https:\/\/i0.wp.com\/locaacademiafamiliar.com\/wp-content\/uploads\/2020\/05\/montblanc.jpg?resize=300%2C200&amp;ssl=1 300w, https:\/\/i0.wp.com\/locaacademiafamiliar.com\/wp-content\/uploads\/2020\/05\/montblanc.jpg?resize=768%2C512&amp;ssl=1 768w\" sizes=\"(max-width: 799px) 100vw, 799px\" \/><figcaption id=\"caption-attachment-9721\" class=\"wp-caption-text\">Montblanc. Foto de Albert Torell\u00f3 via Flickr<\/figcaption><\/figure>\n<p><strong>El millor de la Costa Daurada \u00e9s que t\u00e9 mar i muntanya.<\/strong> Les <strong>muntanyes de Prades<\/strong> s\u00f3n molt a prop (nom\u00e9s 46 km de litoral) i aix\u00f2 simplifica molt els viatges en cotxe per buscar excursions i llocs a la natura. Coneixem una mica la zona de <strong>l&#8217;Espluga de Francol\u00ed<\/strong> i ens encantaria tornar a passejar per les seves vinyes i paisatges d&#8217;interior. <strong>L&#8217;Espluga est\u00e0 al costat de Montblanc<\/strong> (el poble medieval de llegenda de Sant Jordi) i el <strong>Monestir de Poblet, un dels monestirs m\u00e9s grans d&#8217;Europa.<\/strong><\/p>\n<p><strong>Per Poblet i l&#8217;Espluga passa la <a href=\"https:\/\/www.larutadelcister.info\/\" target=\"_blank\" rel=\"noopener\">ruta del C\u00edster<\/a>.<\/strong> Als voltants hi ha diversos camins per fer en bicicleta (o en <a href=\"https:\/\/burricleta.com\/es\/rutas\" target=\"_blank\" rel=\"noopener\">burricleta<\/a>) o a peu.<strong><a href=\"https:\/\/esplugaturisme.cat\/wp-content\/uploads\/2018\/09\/5-passejades-1-1.pdf\" target=\"_blank\" rel=\"noopener\"> En aquest enlla\u00e7 de l&#8217;Espluga Turisme<\/a> es poden descarregar mapes per explorar la zona en fam\u00edlia i al vostre aire<\/strong> \ud83d\ude42 Tamb\u00e9 a l&#8217;Espluga es poden visitar amb nens les <a href=\"http:\/\/www.covesdelespluga.info\/ca\/familia_menu.html\" target=\"_blank\" rel=\"noopener\"><strong>coves prehist\u00f2riques de la Font<\/strong><\/a>. I per jugar a ser cavallers i princeses res millor que fer una passejada per <strong>Montblanc, amb la seva muralla i castell medieval d&#8217;aut\u00e8ntic conte de fades.<\/strong><\/p>\n<h3>ACTIVITATS FAMILIARS<\/h3>\n<p>Cada estiu es programen moltes <strong>activitats per a fam\u00edlies amb nens a les diferents poblacions de la Costa Daurada<\/strong>. Aquest any encara hi ha molta incertesa sobre QU\u00c8 es podr\u00e0 fer i QU\u00c8 NO&#8230; Per\u00f2 en cas que sigui viable, estarem encantats d&#8217;anar a veure algun espectacle o realitzar <a href=\"https:\/\/costadaurada.info\/es\/activitats\/turisme-familiar\/litoral-en-familia\" target=\"_blank\" rel=\"noopener\"><strong>alguna activitat familiar<\/strong><\/a>.<\/p>\n<p>Si l&#8217;evoluci\u00f3 \u00e9s favorable i les restriccions disminueixen potser fins i tot puguem passar algun dia en un parc aqu\u00e0tic (Aquale\u00f3n, Aquopolis o Carib Park) o en un parc d&#8217;aventures amb tirolines! Si no, farem m\u00e9s platja, m\u00e9s bici i m\u00e9s gelats! No crec que els nens es queixin \ud83d\ude1b<\/p>\n<h2>INTERCANVI DE CASES PER A EVITAR AGLOMERACIONS<\/h2>\n<div class=\"tiled-gallery type-rectangular tiled-gallery-unresized\" data-original-width=\"500\" data-carousel-extra='{&quot;blog_id&quot;:1,&quot;permalink&quot;:&quot;https:\\\/\\\/locaacademiafamiliar.com\\\/ca\\\/2020\\\/vacances-estiu-2020-costa-daurada\\\/&quot;,&quot;likes_blog_id&quot;:119488531}' itemscope itemtype=\"http:\/\/schema.org\/ImageGallery\" > <div class=\"gallery-row\" style=\"width: 500px; height: 184px;\" data-original-width=\"500\" data-original-height=\"184\" > <div class=\"gallery-group images-1\" style=\"width: 244px; height: 184px;\" data-original-width=\"244\" data-original-height=\"184\" > <div class=\"tiled-gallery-item tiled-gallery-item-small\" itemprop=\"associatedMedia\" itemscope itemtype=\"http:\/\/schema.org\/ImageObject\"> <a href=\"https:\/\/locaacademiafamiliar.com\/ca\/2018\/25-preguntes-i-respostes-habituals-els-intercanvis-casa\/dav-95\/\" border=\"0\" itemprop=\"url\"> <meta itemprop=\"width\" content=\"240\"> <meta itemprop=\"height\" content=\"180\"> <img decoding=\"async\" class=\"\" data-attachment-id=\"4314\" data-orig-file=\"https:\/\/locaacademiafamiliar.com\/wp-content\/uploads\/2018\/02\/intercambio-de-casas-dinamarca-blog-1.jpg\" data-orig-size=\"1000,750\" data-comments-opened=\"1\" data-image-meta=\"{&quot;aperture&quot;:&quot;2&quot;,&quot;credit&quot;:&quot;&quot;,&quot;camera&quot;:&quot;HUAWEI GRA-L09&quot;,&quot;caption&quot;:&quot;dav&quot;,&quot;created_timestamp&quot;:&quot;1469528327&quot;,&quot;copyright&quot;:&quot;&quot;,&quot;focal_length&quot;:&quot;3.83&quot;,&quot;iso&quot;:&quot;64&quot;,&quot;shutter_speed&quot;:&quot;0.000528&quot;,&quot;title&quot;:&quot;dav&quot;,&quot;orientation&quot;:&quot;1&quot;}\" data-image-title=\"intercambio en dinamarca\" data-image-description=\"\" data-medium-file=\"https:\/\/i0.wp.com\/locaacademiafamiliar.com\/wp-content\/uploads\/2018\/02\/intercambio-de-casas-dinamarca-blog-1.jpg?fit=300%2C225&#038;ssl=1\" data-large-file=\"https:\/\/i0.wp.com\/locaacademiafamiliar.com\/wp-content\/uploads\/2018\/02\/intercambio-de-casas-dinamarca-blog-1.jpg?fit=1000%2C750&#038;ssl=1\" src=\"https:\/\/i0.wp.com\/locaacademiafamiliar.com\/wp-content\/uploads\/2018\/02\/intercambio-de-casas-dinamarca-blog-1.jpg?w=240&#038;h=180&#038;ssl=1\" srcset=\"https:\/\/i0.wp.com\/locaacademiafamiliar.com\/wp-content\/uploads\/2018\/02\/intercambio-de-casas-dinamarca-blog-1.jpg?w=1000&amp;ssl=1 1000w, https:\/\/i0.wp.com\/locaacademiafamiliar.com\/wp-content\/uploads\/2018\/02\/intercambio-de-casas-dinamarca-blog-1.jpg?resize=300%2C225&amp;ssl=1 300w, https:\/\/i0.wp.com\/locaacademiafamiliar.com\/wp-content\/uploads\/2018\/02\/intercambio-de-casas-dinamarca-blog-1.jpg?resize=768%2C576&amp;ssl=1 768w, https:\/\/i0.wp.com\/locaacademiafamiliar.com\/wp-content\/uploads\/2018\/02\/intercambio-de-casas-dinamarca-blog-1.jpg?resize=678%2C509&amp;ssl=1 678w, https:\/\/i0.wp.com\/locaacademiafamiliar.com\/wp-content\/uploads\/2018\/02\/intercambio-de-casas-dinamarca-blog-1.jpg?resize=326%2C245&amp;ssl=1 326w, https:\/\/i0.wp.com\/locaacademiafamiliar.com\/wp-content\/uploads\/2018\/02\/intercambio-de-casas-dinamarca-blog-1.jpg?resize=80%2C60&amp;ssl=1 80w\" width=\"240\" height=\"180\" loading=\"lazy\" data-original-width=\"240\" data-original-height=\"180\" itemprop=\"http:\/\/schema.org\/image\" title=\"intercambio en dinamarca\" alt=\"intercambio en Dinamarca. verano 2016.\" style=\"width: 240px; height: 180px;\" \/> <\/a> <div class=\"tiled-gallery-caption\" itemprop=\"caption description\"> intercambio en Dinamarca. verano 2016. <\/div> <\/div> <\/div> <!-- close group --> <div class=\"gallery-group images-1\" style=\"width: 256px; height: 184px;\" data-original-width=\"256\" data-original-height=\"184\" > <div class=\"tiled-gallery-item tiled-gallery-item-large\" itemprop=\"associatedMedia\" itemscope itemtype=\"http:\/\/schema.org\/ImageObject\"> <a href=\"https:\/\/locaacademiafamiliar.com\/ca\/2018\/25-preguntes-i-respostes-habituals-els-intercanvis-casa\/sdr-38-2\/\" border=\"0\" itemprop=\"url\"> <meta itemprop=\"width\" content=\"252\"> <meta itemprop=\"height\" content=\"180\"> <img decoding=\"async\" class=\"\" data-attachment-id=\"4317\" data-orig-file=\"https:\/\/locaacademiafamiliar.com\/wp-content\/uploads\/2018\/02\/cama-elastica-jardin-dinamarca.jpg\" data-orig-size=\"501,358\" data-comments-opened=\"1\" data-image-meta=\"{&quot;aperture&quot;:&quot;2&quot;,&quot;credit&quot;:&quot;&quot;,&quot;camera&quot;:&quot;HUAWEI GRA-L09&quot;,&quot;caption&quot;:&quot;sdr&quot;,&quot;created_timestamp&quot;:&quot;1469537317&quot;,&quot;copyright&quot;:&quot;&quot;,&quot;focal_length&quot;:&quot;3.83&quot;,&quot;iso&quot;:&quot;64&quot;,&quot;shutter_speed&quot;:&quot;0.00234&quot;,&quot;title&quot;:&quot;sdr&quot;,&quot;orientation&quot;:&quot;1&quot;}\" data-image-title=\"sdr\" data-image-description=\"\" data-medium-file=\"https:\/\/i0.wp.com\/locaacademiafamiliar.com\/wp-content\/uploads\/2018\/02\/cama-elastica-jardin-dinamarca.jpg?fit=300%2C214&#038;ssl=1\" data-large-file=\"https:\/\/i0.wp.com\/locaacademiafamiliar.com\/wp-content\/uploads\/2018\/02\/cama-elastica-jardin-dinamarca.jpg?fit=501%2C358&#038;ssl=1\" src=\"https:\/\/i0.wp.com\/locaacademiafamiliar.com\/wp-content\/uploads\/2018\/02\/cama-elastica-jardin-dinamarca.jpg?w=252&#038;h=180&#038;ssl=1\" srcset=\"https:\/\/i0.wp.com\/locaacademiafamiliar.com\/wp-content\/uploads\/2018\/02\/cama-elastica-jardin-dinamarca.jpg?w=501&amp;ssl=1 501w, https:\/\/i0.wp.com\/locaacademiafamiliar.com\/wp-content\/uploads\/2018\/02\/cama-elastica-jardin-dinamarca.jpg?resize=300%2C214&amp;ssl=1 300w\" width=\"252\" height=\"180\" loading=\"lazy\" data-original-width=\"252\" data-original-height=\"180\" itemprop=\"http:\/\/schema.org\/image\" title=\"sdr\" alt=\"intercambio de casa en Dinamarca\" style=\"width: 252px; height: 180px;\" \/> <\/a> <div class=\"tiled-gallery-caption\" itemprop=\"caption description\"> intercambio de casa en Dinamarca <\/div> <\/div> <\/div> <!-- close group --> <\/div> <!-- close row --> <\/div>\n<p>Com ja sabeu som adeptes de <strong>l&#8217;<a href=\"https:\/\/locaacademiafamiliar.com\/ca\/2018\/25-preguntes-i-respostes-habituals-els-intercanvis-casa\/\" target=\"_blank\" rel=\"noopener\">intercanvi de cases<\/a><\/strong> perqu\u00e8 \u00e9s una forma molt c\u00f2moda i econ\u00f2mica de viatjar, especialment <a href=\"https:\/\/locaacademiafamiliar.com\/ca\/2019\/intercanvis-de-casa-amb-nens-els-nostres-trucs-per-a-organitzar-los-millor\/\" target=\"_blank\" rel=\"noopener\"><strong>quan tens nens petits<\/strong><\/a> (aix\u00f2 de trobar joguines &#8220;noves&#8221; a la casa d&#8217;intercanvi \u00e9s un luxe!).<\/p>\n<p>Per\u00f2 \u00e9s que a m\u00e9s a m\u00e9s aquest estiu em resulta una de les millors opcions per viatjar m\u00e9s tranquils o m\u00e9s segurs. Per qu\u00e8? Perqu\u00e8 tens<strong> una casa sencera per a tu i la teva fam\u00edlia, pots cuinar i rentar quan vulguis, pots seguir els ritmes familiars i estar al teu aire, i no has d&#8217;estar compartint espai ni menjador amb els altres.<\/strong><\/p>\n<p>Si aix\u00f2 de fer un intercanvi encara no et conven\u00e7, la nostra recomanaci\u00f3 \u00e9s <strong>l&#8217;<a href=\"https:\/\/www.booking.com\/hotel\/es\/blaumar.en.html?aid=1203726&amp;no_rooms=1&amp;group_adults=2\" target=\"_blank\" rel=\"noopener\">hotel Blaumar de Salou<\/a>,<\/strong> on vam estar l&#8217;any passat; un hotel de 10, amb habitacions familiars remodelades molt \u00e0mplies. Aqu\u00ed tens la <a href=\"https:\/\/locaacademiafamiliar.com\/ca\/2019\/que-fer-a-salou-costa-daurada-amb-nens\/\" target=\"_blank\" rel=\"noopener\"><strong>nostra experi\u00e8ncia en el Blaumar de Salou<\/strong><\/a>.<\/p>\n<h3>COM ANAR A LA COSTA DAURADA<\/h3>\n<p>Si encara no has pensat en una <strong>destinaci\u00f3 per a aquestes vacances d&#8217;estiu 2020<\/strong>, t&#8217;animo a explorar la Costa Daurada. Podr\u00e0s veure m\u00e9s plans familiars a la seva web oficial de <a href=\"https:\/\/costadaurada.info\/\" target=\"_blank\" rel=\"noopener\"><strong>turisme Costa Daurada<\/strong><\/a>.<\/p>\n<ul>\n<li>En temps de covid 19 el m\u00e9s senzill ser\u00e0 viatjar en cotxe. Per posar un parell d&#8217;exemples, la ciutat de Tarragona \u00e9s a 1 hora de Barcelona, \u200ba 1 hora de Lleida i a 2:30h de Figueres.<\/li>\n<li>L&#8217;AVE arriba a Tarragona si us va millor anar-hi amb tren. A m\u00e9s, tot el litoral de la Costa Daurada t\u00e9 estacions de tren de manera que si no teniu cotxe, \u00e9s una forma ideal de moure&#8217;s per la zona.<\/li>\n<\/ul>\n<p>&nbsp;<\/p>\n","protected":false},"excerpt":{"rendered":"<div class=\"mh-excerpt\"><p>Aquest estiu, si tot va b\u00e9 i podem viatjar, anirem de vacances a la Costa Daurada! Una destinaci\u00f3 genial per anar amb nens que inclou tot el que busquem per a aquest estiu: bones platges, sol, excursions properes, proximitat amb cotxe, gelats, passejades&#8230;. Fes clic per descobrir com ho estem organitzant i qu\u00e8 es pot fer a la Costa Daurada amb nens petits. <a class=\"mh-excerpt-more\" href=\"https:\/\/locaacademiafamiliar.com\/ca\/2020\/vacances-estiu-2020-costa-daurada\/\" title=\"Aquest estiu 2020 marxem de vacances&#8230; a la Costa Daurada!\">[&#8230;]<\/a><\/p>\n<\/div>","protected":false},"author":1,"featured_media":9724,"comment_status":"open","ping_status":"open","sticky":false,"template":"","format":"standard","meta":{"_monsterinsights_skip_tracking":false,"_monsterinsights_sitenote_active":false,"_monsterinsights_sitenote_note":"","_monsterinsights_sitenote_category":0,"_jetpack_memberships_contains_paid_content":false,"footnotes":""},"categories":[37],"tags":[129,100],"class_list":{"0":"post-9730","1":"post","2":"type-post","3":"status-publish","4":"format-standard","5":"has-post-thumbnail","7":"category-geografia-ca","8":"tag-la-costa-daurada","9":"tag-platges"},"yoast_head":"<!-- This site is optimized with the Yoast SEO plugin v26.8 - https:\/\/yoast.com\/product\/yoast-seo-wordpress\/ -->\n<title>Aquest estiu 2020 marxem de vacances... a la Costa Daurada!<\/title>\n<meta name=\"description\" content=\"Un lloc ideal per a les vacances d&#039;estiu 2020 sobretot si vols fer un viatge amb nens \u00e9s la Costa Daurada: platges grans, excursions, poblets...\" \/>\n<meta name=\"robots\" content=\"index, follow, max-snippet:-1, max-image-preview:large, max-video-preview:-1\" \/>\n<link rel=\"canonical\" href=\"https:\/\/locaacademiafamiliar.com\/ca\/2020\/vacances-estiu-2020-costa-daurada\/\" \/>\n<meta property=\"og:locale\" content=\"ca_ES\" \/>\n<meta property=\"og:type\" content=\"article\" \/>\n<meta property=\"og:title\" content=\"Aquest estiu 2020 marxem de vacances... a la Costa Daurada!\" \/>\n<meta property=\"og:description\" content=\"Un lloc ideal per a les vacances d&#039;estiu 2020 sobretot si vols fer un viatge amb nens \u00e9s la Costa Daurada: platges grans, excursions, poblets...\" \/>\n<meta property=\"og:url\" content=\"https:\/\/locaacademiafamiliar.com\/ca\/2020\/vacances-estiu-2020-costa-daurada\/\" \/>\n<meta property=\"og:site_name\" content=\"Boja Acad\u00e8mia Familiar\" \/>\n<meta property=\"article:publisher\" content=\"https:\/\/www.facebook.com\/LocaAcademiaFamiliar\" \/>\n<meta property=\"article:author\" content=\"http:\/\/www.facebook.com\/locaacademiafamiliar\" \/>\n<meta property=\"article:published_time\" content=\"2020-05-27T08:01:46+00:00\" \/>\n<meta property=\"article:modified_time\" content=\"2020-05-27T19:42:21+00:00\" \/>\n<meta property=\"og:image\" content=\"https:\/\/locaacademiafamiliar.com\/wp-content\/uploads\/2020\/05\/costa-daurada-tarragona.jpg\" \/>\n\t<meta property=\"og:image:width\" content=\"1800\" \/>\n\t<meta property=\"og:image:height\" content=\"1012\" \/>\n\t<meta property=\"og:image:type\" content=\"image\/jpeg\" \/>\n<meta name=\"author\" content=\"Roser\" \/>\n<meta name=\"twitter:card\" content=\"summary_large_image\" \/>\n<meta name=\"twitter:label1\" content=\"Escrit per\" \/>\n\t<meta name=\"twitter:data1\" content=\"Roser\" \/>\n\t<meta name=\"twitter:label2\" content=\"Temps estimat de lectura\" \/>\n\t<meta name=\"twitter:data2\" content=\"9 minuts\" \/>\n<script type=\"application\/ld+json\" class=\"yoast-schema-graph\">{\"@context\":\"https:\/\/schema.org\",\"@graph\":[{\"@type\":\"Article\",\"@id\":\"https:\/\/locaacademiafamiliar.com\/ca\/2020\/vacances-estiu-2020-costa-daurada\/#article\",\"isPartOf\":{\"@id\":\"https:\/\/locaacademiafamiliar.com\/ca\/2020\/vacances-estiu-2020-costa-daurada\/\"},\"author\":{\"name\":\"Roser\",\"@id\":\"https:\/\/locaacademiafamiliar.com\/ca\/#\/schema\/person\/c38ddbb3d4c6f37be7c9c57b205fdd2d\"},\"headline\":\"Aquest estiu 2020 marxem de vacances&#8230; a la Costa Daurada!\",\"datePublished\":\"2020-05-27T08:01:46+00:00\",\"dateModified\":\"2020-05-27T19:42:21+00:00\",\"mainEntityOfPage\":{\"@id\":\"https:\/\/locaacademiafamiliar.com\/ca\/2020\/vacances-estiu-2020-costa-daurada\/\"},\"wordCount\":1815,\"commentCount\":0,\"publisher\":{\"@id\":\"https:\/\/locaacademiafamiliar.com\/ca\/#organization\"},\"image\":{\"@id\":\"https:\/\/locaacademiafamiliar.com\/ca\/2020\/vacances-estiu-2020-costa-daurada\/#primaryimage\"},\"thumbnailUrl\":\"https:\/\/i0.wp.com\/locaacademiafamiliar.com\/wp-content\/uploads\/2020\/05\/costa-daurada-tarragona.jpg?fit=1800%2C1012&ssl=1\",\"keywords\":[\"Costa Daurada\",\"platges\"],\"articleSection\":[\"Geografia\"],\"inLanguage\":\"ca\",\"potentialAction\":[{\"@type\":\"CommentAction\",\"name\":\"Comment\",\"target\":[\"https:\/\/locaacademiafamiliar.com\/ca\/2020\/vacances-estiu-2020-costa-daurada\/#respond\"]}]},{\"@type\":\"WebPage\",\"@id\":\"https:\/\/locaacademiafamiliar.com\/ca\/2020\/vacances-estiu-2020-costa-daurada\/\",\"url\":\"https:\/\/locaacademiafamiliar.com\/ca\/2020\/vacances-estiu-2020-costa-daurada\/\",\"name\":\"Aquest estiu 2020 marxem de vacances... a la Costa Daurada!\",\"isPartOf\":{\"@id\":\"https:\/\/locaacademiafamiliar.com\/ca\/#website\"},\"primaryImageOfPage\":{\"@id\":\"https:\/\/locaacademiafamiliar.com\/ca\/2020\/vacances-estiu-2020-costa-daurada\/#primaryimage\"},\"image\":{\"@id\":\"https:\/\/locaacademiafamiliar.com\/ca\/2020\/vacances-estiu-2020-costa-daurada\/#primaryimage\"},\"thumbnailUrl\":\"https:\/\/i0.wp.com\/locaacademiafamiliar.com\/wp-content\/uploads\/2020\/05\/costa-daurada-tarragona.jpg?fit=1800%2C1012&ssl=1\",\"datePublished\":\"2020-05-27T08:01:46+00:00\",\"dateModified\":\"2020-05-27T19:42:21+00:00\",\"description\":\"Un lloc ideal per a les vacances d'estiu 2020 sobretot si vols fer un viatge amb nens \u00e9s la Costa Daurada: platges grans, excursions, poblets...\",\"breadcrumb\":{\"@id\":\"https:\/\/locaacademiafamiliar.com\/ca\/2020\/vacances-estiu-2020-costa-daurada\/#breadcrumb\"},\"inLanguage\":\"ca\",\"potentialAction\":[{\"@type\":\"ReadAction\",\"target\":[\"https:\/\/locaacademiafamiliar.com\/ca\/2020\/vacances-estiu-2020-costa-daurada\/\"]}]},{\"@type\":\"ImageObject\",\"inLanguage\":\"ca\",\"@id\":\"https:\/\/locaacademiafamiliar.com\/ca\/2020\/vacances-estiu-2020-costa-daurada\/#primaryimage\",\"url\":\"https:\/\/i0.wp.com\/locaacademiafamiliar.com\/wp-content\/uploads\/2020\/05\/costa-daurada-tarragona.jpg?fit=1800%2C1012&ssl=1\",\"contentUrl\":\"https:\/\/i0.wp.com\/locaacademiafamiliar.com\/wp-content\/uploads\/2020\/05\/costa-daurada-tarragona.jpg?fit=1800%2C1012&ssl=1\",\"width\":1800,\"height\":1012,\"caption\":\"playa de Tarragona\"},{\"@type\":\"BreadcrumbList\",\"@id\":\"https:\/\/locaacademiafamiliar.com\/ca\/2020\/vacances-estiu-2020-costa-daurada\/#breadcrumb\",\"itemListElement\":[{\"@type\":\"ListItem\",\"position\":1,\"name\":\"Portada\",\"item\":\"https:\/\/locaacademiafamiliar.com\/ca\/\"},{\"@type\":\"ListItem\",\"position\":2,\"name\":\"Aquest estiu 2020 marxem de vacances&#8230; a la Costa Daurada!\"}]},{\"@type\":\"WebSite\",\"@id\":\"https:\/\/locaacademiafamiliar.com\/ca\/#website\",\"url\":\"https:\/\/locaacademiafamiliar.com\/ca\/\",\"name\":\"Boja Acad\u00e8mia Familiar\",\"description\":\"El blog de crianza con el que pap\u00e1s y mam\u00e1s salen mejor preparados para su rutina familiar diaria\",\"publisher\":{\"@id\":\"https:\/\/locaacademiafamiliar.com\/ca\/#organization\"},\"potentialAction\":[{\"@type\":\"SearchAction\",\"target\":{\"@type\":\"EntryPoint\",\"urlTemplate\":\"https:\/\/locaacademiafamiliar.com\/ca\/?s={search_term_string}\"},\"query-input\":{\"@type\":\"PropertyValueSpecification\",\"valueRequired\":true,\"valueName\":\"search_term_string\"}}],\"inLanguage\":\"ca\"},{\"@type\":\"Organization\",\"@id\":\"https:\/\/locaacademiafamiliar.com\/ca\/#organization\",\"name\":\"LocaAcademiaFamiliar.com\",\"url\":\"https:\/\/locaacademiafamiliar.com\/ca\/\",\"logo\":{\"@type\":\"ImageObject\",\"inLanguage\":\"ca\",\"@id\":\"https:\/\/locaacademiafamiliar.com\/ca\/#\/schema\/logo\/image\/\",\"url\":\"https:\/\/locaacademiafamiliar.com\/wp-content\/uploads\/2020\/01\/logo-loca-academia-familiar.jpg\",\"contentUrl\":\"https:\/\/locaacademiafamiliar.com\/wp-content\/uploads\/2020\/01\/logo-loca-academia-familiar.jpg\",\"width\":960,\"height\":960,\"caption\":\"LocaAcademiaFamiliar.com\"},\"image\":{\"@id\":\"https:\/\/locaacademiafamiliar.com\/ca\/#\/schema\/logo\/image\/\"},\"sameAs\":[\"https:\/\/www.facebook.com\/LocaAcademiaFamiliar\"]},{\"@type\":\"Person\",\"@id\":\"https:\/\/locaacademiafamiliar.com\/ca\/#\/schema\/person\/c38ddbb3d4c6f37be7c9c57b205fdd2d\",\"name\":\"Roser\",\"image\":{\"@type\":\"ImageObject\",\"inLanguage\":\"ca\",\"@id\":\"https:\/\/locaacademiafamiliar.com\/ca\/#\/schema\/person\/image\/\",\"url\":\"https:\/\/secure.gravatar.com\/avatar\/505f69c7969f855daaa0f97fb5b0b6b2?s=96&d=mm&r=g\",\"contentUrl\":\"https:\/\/secure.gravatar.com\/avatar\/505f69c7969f855daaa0f97fb5b0b6b2?s=96&d=mm&r=g\",\"caption\":\"Roser\"},\"description\":\"\u00a1Hola soy Roser! Mam\u00e1 de una ni\u00f1a preciosa y muy movida, nacida en agosto 2015; y de un ni\u00f1o guap\u00edsimo y valiente nacido en octubre 2017. Antes estaba \\\"sempre viaggiando\\\" y ahora estoy siempre jugando, cantando y saltando. Llevo 10 a\u00f1os como blogger de viajes y vivo en Olot, Girona. Si quieres estar informado de los eventos y actividades para familias con ni\u00f1os en Catalunya, haz click aqu\u00ed para apuntarte a nuestra newsletter.\",\"sameAs\":[\"http:\/\/www.locaacademiafamiliar.com\",\"http:\/\/www.facebook.com\/locaacademiafamiliar\"],\"url\":\"https:\/\/locaacademiafamiliar.com\/ca\/author\/roser\/\"}]}<\/script>\n<!-- \/ Yoast SEO plugin. -->","yoast_head_json":{"title":"Aquest estiu 2020 marxem de vacances... a la Costa Daurada!","description":"Un lloc ideal per a les vacances d'estiu 2020 sobretot si vols fer un viatge amb nens \u00e9s la Costa Daurada: platges grans, excursions, poblets...","robots":{"index":"index","follow":"follow","max-snippet":"max-snippet:-1","max-image-preview":"max-image-preview:large","max-video-preview":"max-video-preview:-1"},"canonical":"https:\/\/locaacademiafamiliar.com\/ca\/2020\/vacances-estiu-2020-costa-daurada\/","og_locale":"ca_ES","og_type":"article","og_title":"Aquest estiu 2020 marxem de vacances... a la Costa Daurada!","og_description":"Un lloc ideal per a les vacances d'estiu 2020 sobretot si vols fer un viatge amb nens \u00e9s la Costa Daurada: platges grans, excursions, poblets...","og_url":"https:\/\/locaacademiafamiliar.com\/ca\/2020\/vacances-estiu-2020-costa-daurada\/","og_site_name":"Boja Acad\u00e8mia Familiar","article_publisher":"https:\/\/www.facebook.com\/LocaAcademiaFamiliar","article_author":"http:\/\/www.facebook.com\/locaacademiafamiliar","article_published_time":"2020-05-27T08:01:46+00:00","article_modified_time":"2020-05-27T19:42:21+00:00","og_image":[{"width":1800,"height":1012,"url":"https:\/\/locaacademiafamiliar.com\/wp-content\/uploads\/2020\/05\/costa-daurada-tarragona.jpg","type":"image\/jpeg"}],"author":"Roser","twitter_card":"summary_large_image","twitter_misc":{"Escrit per":"Roser","Temps estimat de lectura":"9 minuts"},"schema":{"@context":"https:\/\/schema.org","@graph":[{"@type":"Article","@id":"https:\/\/locaacademiafamiliar.com\/ca\/2020\/vacances-estiu-2020-costa-daurada\/#article","isPartOf":{"@id":"https:\/\/locaacademiafamiliar.com\/ca\/2020\/vacances-estiu-2020-costa-daurada\/"},"author":{"name":"Roser","@id":"https:\/\/locaacademiafamiliar.com\/ca\/#\/schema\/person\/c38ddbb3d4c6f37be7c9c57b205fdd2d"},"headline":"Aquest estiu 2020 marxem de vacances&#8230; a la Costa Daurada!","datePublished":"2020-05-27T08:01:46+00:00","dateModified":"2020-05-27T19:42:21+00:00","mainEntityOfPage":{"@id":"https:\/\/locaacademiafamiliar.com\/ca\/2020\/vacances-estiu-2020-costa-daurada\/"},"wordCount":1815,"commentCount":0,"publisher":{"@id":"https:\/\/locaacademiafamiliar.com\/ca\/#organization"},"image":{"@id":"https:\/\/locaacademiafamiliar.com\/ca\/2020\/vacances-estiu-2020-costa-daurada\/#primaryimage"},"thumbnailUrl":"https:\/\/i0.wp.com\/locaacademiafamiliar.com\/wp-content\/uploads\/2020\/05\/costa-daurada-tarragona.jpg?fit=1800%2C1012&ssl=1","keywords":["Costa Daurada","platges"],"articleSection":["Geografia"],"inLanguage":"ca","potentialAction":[{"@type":"CommentAction","name":"Comment","target":["https:\/\/locaacademiafamiliar.com\/ca\/2020\/vacances-estiu-2020-costa-daurada\/#respond"]}]},{"@type":"WebPage","@id":"https:\/\/locaacademiafamiliar.com\/ca\/2020\/vacances-estiu-2020-costa-daurada\/","url":"https:\/\/locaacademiafamiliar.com\/ca\/2020\/vacances-estiu-2020-costa-daurada\/","name":"Aquest estiu 2020 marxem de vacances... a la Costa Daurada!","isPartOf":{"@id":"https:\/\/locaacademiafamiliar.com\/ca\/#website"},"primaryImageOfPage":{"@id":"https:\/\/locaacademiafamiliar.com\/ca\/2020\/vacances-estiu-2020-costa-daurada\/#primaryimage"},"image":{"@id":"https:\/\/locaacademiafamiliar.com\/ca\/2020\/vacances-estiu-2020-costa-daurada\/#primaryimage"},"thumbnailUrl":"https:\/\/i0.wp.com\/locaacademiafamiliar.com\/wp-content\/uploads\/2020\/05\/costa-daurada-tarragona.jpg?fit=1800%2C1012&ssl=1","datePublished":"2020-05-27T08:01:46+00:00","dateModified":"2020-05-27T19:42:21+00:00","description":"Un lloc ideal per a les vacances d'estiu 2020 sobretot si vols fer un viatge amb nens \u00e9s la Costa Daurada: platges grans, excursions, poblets...","breadcrumb":{"@id":"https:\/\/locaacademiafamiliar.com\/ca\/2020\/vacances-estiu-2020-costa-daurada\/#breadcrumb"},"inLanguage":"ca","potentialAction":[{"@type":"ReadAction","target":["https:\/\/locaacademiafamiliar.com\/ca\/2020\/vacances-estiu-2020-costa-daurada\/"]}]},{"@type":"ImageObject","inLanguage":"ca","@id":"https:\/\/locaacademiafamiliar.com\/ca\/2020\/vacances-estiu-2020-costa-daurada\/#primaryimage","url":"https:\/\/i0.wp.com\/locaacademiafamiliar.com\/wp-content\/uploads\/2020\/05\/costa-daurada-tarragona.jpg?fit=1800%2C1012&ssl=1","contentUrl":"https:\/\/i0.wp.com\/locaacademiafamiliar.com\/wp-content\/uploads\/2020\/05\/costa-daurada-tarragona.jpg?fit=1800%2C1012&ssl=1","width":1800,"height":1012,"caption":"playa de Tarragona"},{"@type":"BreadcrumbList","@id":"https:\/\/locaacademiafamiliar.com\/ca\/2020\/vacances-estiu-2020-costa-daurada\/#breadcrumb","itemListElement":[{"@type":"ListItem","position":1,"name":"Portada","item":"https:\/\/locaacademiafamiliar.com\/ca\/"},{"@type":"ListItem","position":2,"name":"Aquest estiu 2020 marxem de vacances&#8230; a la Costa Daurada!"}]},{"@type":"WebSite","@id":"https:\/\/locaacademiafamiliar.com\/ca\/#website","url":"https:\/\/locaacademiafamiliar.com\/ca\/","name":"Boja Acad\u00e8mia Familiar","description":"El blog de crianza con el que pap\u00e1s y mam\u00e1s salen mejor preparados para su rutina familiar diaria","publisher":{"@id":"https:\/\/locaacademiafamiliar.com\/ca\/#organization"},"potentialAction":[{"@type":"SearchAction","target":{"@type":"EntryPoint","urlTemplate":"https:\/\/locaacademiafamiliar.com\/ca\/?s={search_term_string}"},"query-input":{"@type":"PropertyValueSpecification","valueRequired":true,"valueName":"search_term_string"}}],"inLanguage":"ca"},{"@type":"Organization","@id":"https:\/\/locaacademiafamiliar.com\/ca\/#organization","name":"LocaAcademiaFamiliar.com","url":"https:\/\/locaacademiafamiliar.com\/ca\/","logo":{"@type":"ImageObject","inLanguage":"ca","@id":"https:\/\/locaacademiafamiliar.com\/ca\/#\/schema\/logo\/image\/","url":"https:\/\/locaacademiafamiliar.com\/wp-content\/uploads\/2020\/01\/logo-loca-academia-familiar.jpg","contentUrl":"https:\/\/locaacademiafamiliar.com\/wp-content\/uploads\/2020\/01\/logo-loca-academia-familiar.jpg","width":960,"height":960,"caption":"LocaAcademiaFamiliar.com"},"image":{"@id":"https:\/\/locaacademiafamiliar.com\/ca\/#\/schema\/logo\/image\/"},"sameAs":["https:\/\/www.facebook.com\/LocaAcademiaFamiliar"]},{"@type":"Person","@id":"https:\/\/locaacademiafamiliar.com\/ca\/#\/schema\/person\/c38ddbb3d4c6f37be7c9c57b205fdd2d","name":"Roser","image":{"@type":"ImageObject","inLanguage":"ca","@id":"https:\/\/locaacademiafamiliar.com\/ca\/#\/schema\/person\/image\/","url":"https:\/\/secure.gravatar.com\/avatar\/505f69c7969f855daaa0f97fb5b0b6b2?s=96&d=mm&r=g","contentUrl":"https:\/\/secure.gravatar.com\/avatar\/505f69c7969f855daaa0f97fb5b0b6b2?s=96&d=mm&r=g","caption":"Roser"},"description":"\u00a1Hola soy Roser! Mam\u00e1 de una ni\u00f1a preciosa y muy movida, nacida en agosto 2015; y de un ni\u00f1o guap\u00edsimo y valiente nacido en octubre 2017. Antes estaba \"sempre viaggiando\" y ahora estoy siempre jugando, cantando y saltando. Llevo 10 a\u00f1os como blogger de viajes y vivo en Olot, Girona. Si quieres estar informado de los eventos y actividades para familias con ni\u00f1os en Catalunya, haz click aqu\u00ed para apuntarte a nuestra newsletter.","sameAs":["http:\/\/www.locaacademiafamiliar.com","http:\/\/www.facebook.com\/locaacademiafamiliar"],"url":"https:\/\/locaacademiafamiliar.com\/ca\/author\/roser\/"}]}},"jetpack_featured_media_url":"https:\/\/i0.wp.com\/locaacademiafamiliar.com\/wp-content\/uploads\/2020\/05\/costa-daurada-tarragona.jpg?fit=1800%2C1012&ssl=1","jetpack_sharing_enabled":true,"amp_enabled":true,"_links":{"self":[{"href":"https:\/\/locaacademiafamiliar.com\/ca\/wp-json\/wp\/v2\/posts\/9730","targetHints":{"allow":["GET"]}}],"collection":[{"href":"https:\/\/locaacademiafamiliar.com\/ca\/wp-json\/wp\/v2\/posts"}],"about":[{"href":"https:\/\/locaacademiafamiliar.com\/ca\/wp-json\/wp\/v2\/types\/post"}],"author":[{"embeddable":true,"href":"https:\/\/locaacademiafamiliar.com\/ca\/wp-json\/wp\/v2\/users\/1"}],"replies":[{"embeddable":true,"href":"https:\/\/locaacademiafamiliar.com\/ca\/wp-json\/wp\/v2\/comments?post=9730"}],"version-history":[{"count":0,"href":"https:\/\/locaacademiafamiliar.com\/ca\/wp-json\/wp\/v2\/posts\/9730\/revisions"}],"wp:featuredmedia":[{"embeddable":true,"href":"https:\/\/locaacademiafamiliar.com\/ca\/wp-json\/wp\/v2\/media\/9724"}],"wp:attachment":[{"href":"https:\/\/locaacademiafamiliar.com\/ca\/wp-json\/wp\/v2\/media?parent=9730"}],"wp:term":[{"taxonomy":"category","embeddable":true,"href":"https:\/\/locaacademiafamiliar.com\/ca\/wp-json\/wp\/v2\/categories?post=9730"},{"taxonomy":"post_tag","embeddable":true,"href":"https:\/\/locaacademiafamiliar.com\/ca\/wp-json\/wp\/v2\/tags?post=9730"}],"curies":[{"name":"wp","href":"https:\/\/api.w.org\/{rel}","templated":true}]}}