{"id":9962,"date":"2020-10-25T15:23:03","date_gmt":"2020-10-25T15:23:03","guid":{"rendered":"https:\/\/locaacademiafamiliar.com\/?p=9962"},"modified":"2020-10-25T15:30:19","modified_gmt":"2020-10-25T15:30:19","slug":"excursions-a-la-cerdanya-francesa-amb-nens","status":"publish","type":"post","link":"https:\/\/locaacademiafamiliar.com\/ca\/2020\/excursions-a-la-cerdanya-francesa-amb-nens\/","title":{"rendered":"Excursions a la Cerdanya Francesa amb nens"},"content":{"rendered":"<p>Despr\u00e9s de <a href=\"https:\/\/locaacademiafamiliar.com\/ca\/2019\/que-fer-a-la-cerdanya-francesa-capcir-amb-nens-pirineus-francesos\/\" target=\"_blank\" rel=\"noopener\"><strong>visitar la Cerdanya francesa<\/strong><\/a> fa un temps, les autores d&#8217;aquesta Boja Acad\u00e8mia Familiar hem tornat a la regi\u00f3. Avui t&#8217;explico noves <strong>excursions a la Cerdanya francesa<\/strong>, que hem fet durant tres dies, gr\u00e0cies a un <a href=\"https:\/\/locaacademiafamiliar.com\/ca\/2018\/25-preguntes-i-respostes-habituals-els-intercanvis-casa\/\" target=\"_blank\" rel=\"noopener\"><strong>intercanvi de cases<\/strong><\/a>, a l&#8217;id\u00edl\u00b7lic poble de <strong>Fontp\u00e9drouse (Fran\u00e7a)<\/strong>.<\/p>\n<p>&nbsp;<\/p>\n<h2>EXCURSIONS AMB NENS A LA CERDANYA FRANCESA<\/h2>\n<p>Des <strong>Fontp\u00e9drouse<\/strong>, hem fet tres <strong>excursions fant\u00e0stiques i amb paisatges completament diferents<\/strong>, t&#8217;explico una mica m\u00e9s sobre cadascuna d&#8217;elles perqu\u00e8 puguis decidir i preparar-les al teu ritme.<\/p>\n<h3>Llac de Matamala<\/h3>\n<p>En realitat no \u00e9s un llac natural, sin\u00f3 que es tracta <strong>d&#8217;un pant\u00e0<\/strong> la construcci\u00f3 del qual es dugu\u00e9 a terme el 1961. A l&#8217;estiu es converteix en una zona d&#8217;activitats aqu\u00e0tiques i a l&#8217;hivern es tracta d&#8217;un lloc fant\u00e0stic per fer un llarg passeig tant caminant com en bici.<\/p>\n<p><strong>Es pot aparcar en una zona habilitada al poble de Matamala<\/strong> i tamb\u00e9 es pot accedir al cam\u00ed\u00a0 des del poble de Les Angles. El cam\u00ed\u00a0 recorre tot el per\u00edmetre del pant\u00e0 passant per zones boscoses, per pastures per a vaques, per zones m\u00e9s humides&#8230;<\/p>\n<h3><strong><img data-recalc-dims=\"1\" decoding=\"async\" class=\"aligncenter wp-image-9946 size-full\" src=\"https:\/\/i0.wp.com\/locaacademiafamiliar.com\/wp-content\/uploads\/2020\/10\/20201010_130132-800x600.jpg?resize=800%2C600&#038;ssl=1\" alt=\"\" width=\"800\" height=\"600\" srcset=\"https:\/\/i0.wp.com\/locaacademiafamiliar.com\/wp-content\/uploads\/2020\/10\/20201010_130132-800x600.jpg?resize=800%2C600&amp;ssl=1 800w, https:\/\/i0.wp.com\/locaacademiafamiliar.com\/wp-content\/uploads\/2020\/10\/20201010_130132-800x600.jpg?resize=300%2C225&amp;ssl=1 300w, https:\/\/i0.wp.com\/locaacademiafamiliar.com\/wp-content\/uploads\/2020\/10\/20201010_130132-800x600.jpg?resize=768%2C576&amp;ssl=1 768w, https:\/\/i0.wp.com\/locaacademiafamiliar.com\/wp-content\/uploads\/2020\/10\/20201010_130132-800x600.jpg?resize=678%2C509&amp;ssl=1 678w, https:\/\/i0.wp.com\/locaacademiafamiliar.com\/wp-content\/uploads\/2020\/10\/20201010_130132-800x600.jpg?resize=326%2C245&amp;ssl=1 326w, https:\/\/i0.wp.com\/locaacademiafamiliar.com\/wp-content\/uploads\/2020\/10\/20201010_130132-800x600.jpg?resize=80%2C60&amp;ssl=1 80w\" sizes=\"(max-width: 800px) 100vw, 800px\" \/><\/strong><\/h3>\n<p>\u00c9s un passeig tranquil i ser\u00e8, on escoltes el moviment dels arbres gr\u00e0cies a vent. Vam trigar aprox 2:30h a fer la volta completa amb parada per dinar.<\/p>\n<p>Hi ha una <strong>zona de p\u00edcnic<\/strong> totalment equipada i molt \u00e0mplia, a la vora de l&#8217;embassament on (estic segura) <strong>a l&#8217;estiu es converteix en un lloc fant\u00e0stic per banyar-se.<\/strong><\/p>\n<h3>Gorges de Caran\u00e7a<\/h3>\n<p><strong>Les Gorgues de Caran\u00e7a emblem\u00e0tic recorregut \u00e9s molt conegut i bastant transitat<\/strong>. Es tracta d&#8217;un sender (que pot arribar a ser circular) que recorre les parets de la gola i es creua d&#8217;uns a altres per ponts.<\/p>\n<p>En el nostre cas no vam fer tot el recorregut. <strong>La pujada \u00e9s for\u00e7a pronunciada i molt rocosa,\u00a0<\/strong>per lo qual la nostra petita de 4 anys caminava amb dificultat. Per\u00f2\u00a0 vam poder gaudir de la primera part der recorregut amb unes vistes fant\u00e0stiques i despr\u00e9s vam trobar un lloc tranquil on vam poder tirar pedretes a el riu i saltar entre les roques.<\/p>\n<p><img data-recalc-dims=\"1\" decoding=\"async\" class=\"aligncenter wp-image-9952 size-full\" src=\"https:\/\/i0.wp.com\/locaacademiafamiliar.com\/wp-content\/uploads\/2020\/10\/20201011_111453-800x600.jpg?resize=800%2C600&#038;ssl=1\" alt=\"\" width=\"800\" height=\"600\" srcset=\"https:\/\/i0.wp.com\/locaacademiafamiliar.com\/wp-content\/uploads\/2020\/10\/20201011_111453-800x600.jpg?resize=800%2C600&amp;ssl=1 800w, https:\/\/i0.wp.com\/locaacademiafamiliar.com\/wp-content\/uploads\/2020\/10\/20201011_111453-800x600.jpg?resize=300%2C225&amp;ssl=1 300w, https:\/\/i0.wp.com\/locaacademiafamiliar.com\/wp-content\/uploads\/2020\/10\/20201011_111453-800x600.jpg?resize=768%2C576&amp;ssl=1 768w, https:\/\/i0.wp.com\/locaacademiafamiliar.com\/wp-content\/uploads\/2020\/10\/20201011_111453-800x600.jpg?resize=678%2C509&amp;ssl=1 678w, https:\/\/i0.wp.com\/locaacademiafamiliar.com\/wp-content\/uploads\/2020\/10\/20201011_111453-800x600.jpg?resize=326%2C245&amp;ssl=1 326w, https:\/\/i0.wp.com\/locaacademiafamiliar.com\/wp-content\/uploads\/2020\/10\/20201011_111453-800x600.jpg?resize=80%2C60&amp;ssl=1 80w\" sizes=\"(max-width: 800px) 100vw, 800px\" \/><\/p>\n<p>&nbsp;<\/p>\n<h3>Termes naturals de Fontp\u00e9drouse<\/h3>\n<p><strong>Aquesta va ser l&#8217;excursi\u00f3 amb sorpresa.<\/strong> Al costat de la casa d&#8217;intercanvi on ens allotj\u00e0vem hi ha unes <strong>&#8220;banyeres naturals&#8221; al mig de la muntanya amb aigua calenta.<\/strong>\u00a0Per\u00f2 calenta-calenta, eh!<\/p>\n<p>\u00c9s una zona de f\u00e0cil acc\u00e9s des de la <strong>carretera que va de Fontp\u00e9drouse a Prats-Balaguer<\/strong>. No est\u00e0 senyalitzat el lloc exacte; per\u00f2 la pista don t&#8217;has d&#8217;aturar te la donaran els n\u00fameros cotxes aparcats al marge de la carretera \ud83d\ude42<\/p>\n<p>Nosaltres vam trobar la informaci\u00f3 <strong>gr\u00e0cies a l&#8217;aplicaci\u00f3 de Wikiloc<\/strong>. Un cop has aparcat el cotxe pots preguntar directament a les persones que hi hagi a la zona en el punt d&#8217;acc\u00e9s al cam\u00ed que et porta directe a les termes.<\/p>\n<p><img data-recalc-dims=\"1\" decoding=\"async\" class=\"aligncenter wp-image-9950 size-full\" src=\"https:\/\/i0.wp.com\/locaacademiafamiliar.com\/wp-content\/uploads\/2020\/10\/20201012_114502-800x600.jpg?resize=800%2C600&#038;ssl=1\" alt=\"\" width=\"800\" height=\"600\" srcset=\"https:\/\/i0.wp.com\/locaacademiafamiliar.com\/wp-content\/uploads\/2020\/10\/20201012_114502-800x600.jpg?resize=800%2C600&amp;ssl=1 800w, https:\/\/i0.wp.com\/locaacademiafamiliar.com\/wp-content\/uploads\/2020\/10\/20201012_114502-800x600.jpg?resize=300%2C225&amp;ssl=1 300w, https:\/\/i0.wp.com\/locaacademiafamiliar.com\/wp-content\/uploads\/2020\/10\/20201012_114502-800x600.jpg?resize=768%2C576&amp;ssl=1 768w, https:\/\/i0.wp.com\/locaacademiafamiliar.com\/wp-content\/uploads\/2020\/10\/20201012_114502-800x600.jpg?resize=678%2C509&amp;ssl=1 678w, https:\/\/i0.wp.com\/locaacademiafamiliar.com\/wp-content\/uploads\/2020\/10\/20201012_114502-800x600.jpg?resize=326%2C245&amp;ssl=1 326w, https:\/\/i0.wp.com\/locaacademiafamiliar.com\/wp-content\/uploads\/2020\/10\/20201012_114502-800x600.jpg?resize=80%2C60&amp;ssl=1 80w\" sizes=\"(max-width: 800px) 100vw, 800px\" \/><\/p>\n<p>Vam ser-hi cap a les 10.30 del mat\u00ed perqu\u00e8 abans feia molt fred i ja hi havia for\u00e7a gent a la zona. He de dir que quan\u00a0 marx\u00e0vem cap a les 12.00 arribava molt\u00edssima gent. <strong>T&#8217;aconsello que hi vagis una mica aviat perqu\u00e8, \u00f2bviament, les piscines naturals s\u00f3n petites<\/strong> i no poden entrar moltes persones alhora. A m\u00e9s a m\u00e9s\u00a0 que la gr\u00e0cia d&#8217;aquest indret de somni \u00e9s poder-hi ser tranquil, sense gaires aglomeracions.<\/p>\n<p>Per rematar l&#8217;excursi\u00f3 vam trobar gran quantitat d&#8217;esbarzers de mores, i vam omplir-ne un cistell\u00a0 de tornada al cotxe aix\u00ed que aquesta setmana hem estat gaudint de mores de muntanya durant els nostres <a href=\"https:\/\/locaacademiafamiliar.com\/ca\/2019\/idees-desmorzars-i-berenars-saludables-sense-sucres\/\" target=\"_blank\" rel=\"noopener\"><strong>esmorzars saludables<\/strong><\/a>. ?<\/p>\n<hr \/>\n<p><a href=\"https:\/\/locaacademiafamiliar.com\/2019\/una-excursion-en-el-tren-amarillo-de-los-pirineos-franceses-como-funciona\/\" target=\"_blank\" rel=\"noopener\"><img data-recalc-dims=\"1\" decoding=\"async\" class=\"size-full wp-image-7157 aligncenter\" src=\"https:\/\/i0.wp.com\/locaacademiafamiliar.com\/wp-content\/uploads\/2019\/04\/tren-groc-train-jaune-fontperouse.jpg?resize=1050%2C1400&#038;ssl=1\" alt=\"\" width=\"1050\" height=\"1400\" srcset=\"https:\/\/i0.wp.com\/locaacademiafamiliar.com\/wp-content\/uploads\/2019\/04\/tren-groc-train-jaune-fontperouse.jpg?w=1050&amp;ssl=1 1050w, https:\/\/i0.wp.com\/locaacademiafamiliar.com\/wp-content\/uploads\/2019\/04\/tren-groc-train-jaune-fontperouse.jpg?resize=225%2C300&amp;ssl=1 225w, https:\/\/i0.wp.com\/locaacademiafamiliar.com\/wp-content\/uploads\/2019\/04\/tren-groc-train-jaune-fontperouse.jpg?resize=768%2C1024&amp;ssl=1 768w\" sizes=\"(max-width: 1000px) 100vw, 1000px\" \/><\/a><\/p>\n<p>Per acabar et recordo que <strong>Fontp\u00e9drouse \u00e9s una de les parades de <a href=\"https:\/\/locaacademiafamiliar.com\/ca\/2019\/una-excursio-en-el-tren-groc-dels-pirineus-train-jaune-com-funciona\/\" target=\"_blank\" rel=\"noopener\">tren groc de Pirineu<\/a><\/strong> i, per si fos poc, tamb\u00e9 es troba a pocs minuts per carretera dels <a href=\"https:\/\/locaacademiafamiliar.com\/ca\/2019\/que-fer-a-la-cerdanya-francesa-capcir-amb-nens-pirineus-francesos\/\" target=\"_blank\" rel=\"noopener\"><strong>Banys termals de Sant Tom\u00e0s<\/strong><\/a>. S\u00f3n unes termes (artificials i perfectament condicionades) que vam poder gaudir un dia de plugim on tant les nostres petites com nosaltres vam jugar a l&#8217;aigua calenta com si fos un dia d&#8217;estiu.<\/p>\n<p>&nbsp;<\/p>\n<h3>T&#8217;animes a visitar la zona? Altres consells pr\u00e0ctics per a la Cerdanya Francesa<\/h3>\n<p>Fes un cop d&#8217;ull a altres activitats <a href=\"https:\/\/locaacademiafamiliar.com\/ca\/2019\/que-fer-a-la-cerdanya-francesa-capcir-amb-nens-pirineus-francesos\/\" target=\"_blank\" rel=\"noopener\"><strong>que pots fer a la Cerdanya francesa amb nens<\/strong><\/a>. Hi trobar\u00e0s piscines termals als Angles (tipus &#8220;Caldea&#8221;), un parc d&#8217;animals salvatges a Les Angles, informaci\u00f3 sobre el Tren Groc, granges per visitar i molt m\u00e9s.<\/p>\n<p>Si busques allotjament, el millor per a fam\u00edlies amb nens \u00e9s tenir un apartament o casa sencera per vosaltres. Nosaltres fem molt <a href=\"https:\/\/locaacademiafamiliar.com\/ca\/2018\/25-preguntes-i-respostes-habituals-els-intercanvis-casa\/\" target=\"_blank\" rel=\"noopener\"><strong>intercanvis de casa<\/strong><\/a> i ens ENCANTA! Aqu\u00ed podreu llegir algunes de les <a href=\"https:\/\/locaacademiafamiliar.com\/ca\/2019\/intercanvis-de-casa-amb-nens-els-nostres-trucs-per-a-organitzar-los-millor\/\" target=\"_blank\" rel=\"noopener\"><strong>coses bones de fer intercanvis quan tens nens<\/strong><\/a>. Per\u00f2 si la idea de intercanviar no us conven\u00e7 i teniu pressupost per llogar un apartament, tamnb\u00e9 us deixem el <a href=\"https:\/\/www.airbnb.es\/associates\/185056?s=67&amp;c=.pi115.pk0_9&amp;a4ptk=26393_0_9_185056&amp;af=115\" target=\"_blank\" rel=\"noopener\"><strong>nostre enlla\u00e7 d&#8217;airbnb<\/strong><\/a> perqu\u00e8 pogueu veure els apartaments disponibles a la Cerdanya Francesa. Si fas la reserva amb aquest enlla\u00e7, nosaltres com a col\u00b7laboradors, obtenim una comissi\u00f3 de la reserva.<\/p>\n","protected":false},"excerpt":{"rendered":"<div class=\"mh-excerpt\"><p>Despr\u00e9s de visitar la Cerdanya francesa fa un temps, les autores d&#8217;aquesta Boja Acad\u00e8mia Familiar hem tornat a la regi\u00f3. Avui t&#8217;explico noves excursions a la Cerdanya francesa, que hem fet durant tres dies, gr\u00e0cies a un intercanvi de cases, a l&#8217;id\u00edl\u00b7lic poble de Fontp\u00e9drouse (Fran\u00e7a). <a class=\"mh-excerpt-more\" href=\"https:\/\/locaacademiafamiliar.com\/ca\/2020\/excursions-a-la-cerdanya-francesa-amb-nens\/\" title=\"Excursions a la Cerdanya Francesa amb nens\">[&#8230;]<\/a><\/p>\n<\/div>","protected":false},"author":2,"featured_media":9961,"comment_status":"open","ping_status":"open","sticky":false,"template":"","format":"standard","meta":{"_monsterinsights_skip_tracking":false,"_monsterinsights_sitenote_active":false,"_monsterinsights_sitenote_note":"","_monsterinsights_sitenote_category":0,"_jetpack_memberships_contains_paid_content":false,"footnotes":""},"categories":[37],"tags":[49,93],"class_list":{"0":"post-9962","1":"post","2":"type-post","3":"status-publish","4":"format-standard","5":"has-post-thumbnail","7":"category-geografia-ca","8":"tag-tres-anys","9":"tag-excursions"},"yoast_head":"<!-- This site is optimized with the Yoast SEO plugin v26.8 - https:\/\/yoast.com\/product\/yoast-seo-wordpress\/ -->\n<title>Excursions a la Cerdanya Francesa amb nens ~ Boja Acad\u00e8mia Familiar<\/title>\n<meta name=\"description\" content=\"Excursions a la Cerdanya francesa amb nens petits. Excursions f\u00e0cils i passejades per Matalama, Fontp\u00e9drouse... Ideals per fam\u00edlies amb nens.\" \/>\n<meta name=\"robots\" content=\"index, follow, max-snippet:-1, max-image-preview:large, max-video-preview:-1\" \/>\n<link rel=\"canonical\" href=\"https:\/\/locaacademiafamiliar.com\/ca\/2020\/excursions-a-la-cerdanya-francesa-amb-nens\/\" \/>\n<meta property=\"og:locale\" content=\"ca_ES\" \/>\n<meta property=\"og:type\" content=\"article\" \/>\n<meta property=\"og:title\" content=\"Excursions a la Cerdanya Francesa amb nens ~ Boja Acad\u00e8mia Familiar\" \/>\n<meta property=\"og:description\" content=\"Excursions a la Cerdanya francesa amb nens petits. Excursions f\u00e0cils i passejades per Matalama, Fontp\u00e9drouse... Ideals per fam\u00edlies amb nens.\" \/>\n<meta property=\"og:url\" content=\"https:\/\/locaacademiafamiliar.com\/ca\/2020\/excursions-a-la-cerdanya-francesa-amb-nens\/\" \/>\n<meta property=\"og:site_name\" content=\"Boja Acad\u00e8mia Familiar\" \/>\n<meta property=\"article:publisher\" content=\"https:\/\/www.facebook.com\/LocaAcademiaFamiliar\" \/>\n<meta property=\"article:published_time\" content=\"2020-10-25T15:23:03+00:00\" \/>\n<meta property=\"article:modified_time\" content=\"2020-10-25T15:30:19+00:00\" \/>\n<meta property=\"og:image\" content=\"https:\/\/locaacademiafamiliar.com\/wp-content\/uploads\/2020\/10\/cerdanya-francesa.jpg\" \/>\n\t<meta property=\"og:image:width\" content=\"800\" \/>\n\t<meta property=\"og:image:height\" content=\"553\" \/>\n\t<meta property=\"og:image:type\" content=\"image\/jpeg\" \/>\n<meta name=\"author\" content=\"Elisabet\" \/>\n<meta name=\"twitter:card\" content=\"summary_large_image\" \/>\n<meta name=\"twitter:label1\" content=\"Escrit per\" \/>\n\t<meta name=\"twitter:data1\" content=\"Elisabet\" \/>\n\t<meta name=\"twitter:label2\" content=\"Temps estimat de lectura\" \/>\n\t<meta name=\"twitter:data2\" content=\"4 minuts\" \/>\n<script type=\"application\/ld+json\" class=\"yoast-schema-graph\">{\"@context\":\"https:\/\/schema.org\",\"@graph\":[{\"@type\":\"Article\",\"@id\":\"https:\/\/locaacademiafamiliar.com\/ca\/2020\/excursions-a-la-cerdanya-francesa-amb-nens\/#article\",\"isPartOf\":{\"@id\":\"https:\/\/locaacademiafamiliar.com\/ca\/2020\/excursions-a-la-cerdanya-francesa-amb-nens\/\"},\"author\":{\"name\":\"Elisabet\",\"@id\":\"https:\/\/locaacademiafamiliar.com\/ca\/#\/schema\/person\/8ddc70c9780d67ef5bbb462a307f8042\"},\"headline\":\"Excursions a la Cerdanya Francesa amb nens\",\"datePublished\":\"2020-10-25T15:23:03+00:00\",\"dateModified\":\"2020-10-25T15:30:19+00:00\",\"mainEntityOfPage\":{\"@id\":\"https:\/\/locaacademiafamiliar.com\/ca\/2020\/excursions-a-la-cerdanya-francesa-amb-nens\/\"},\"wordCount\":831,\"commentCount\":0,\"publisher\":{\"@id\":\"https:\/\/locaacademiafamiliar.com\/ca\/#organization\"},\"image\":{\"@id\":\"https:\/\/locaacademiafamiliar.com\/ca\/2020\/excursions-a-la-cerdanya-francesa-amb-nens\/#primaryimage\"},\"thumbnailUrl\":\"https:\/\/i0.wp.com\/locaacademiafamiliar.com\/wp-content\/uploads\/2020\/10\/cerdanya-francesa.jpg?fit=800%2C553&ssl=1\",\"keywords\":[\"3-6 anys\",\"Excursions\"],\"articleSection\":[\"Geografia\"],\"inLanguage\":\"ca\",\"potentialAction\":[{\"@type\":\"CommentAction\",\"name\":\"Comment\",\"target\":[\"https:\/\/locaacademiafamiliar.com\/ca\/2020\/excursions-a-la-cerdanya-francesa-amb-nens\/#respond\"]}]},{\"@type\":\"WebPage\",\"@id\":\"https:\/\/locaacademiafamiliar.com\/ca\/2020\/excursions-a-la-cerdanya-francesa-amb-nens\/\",\"url\":\"https:\/\/locaacademiafamiliar.com\/ca\/2020\/excursions-a-la-cerdanya-francesa-amb-nens\/\",\"name\":\"Excursions a la Cerdanya Francesa amb nens ~ Boja Acad\u00e8mia Familiar\",\"isPartOf\":{\"@id\":\"https:\/\/locaacademiafamiliar.com\/ca\/#website\"},\"primaryImageOfPage\":{\"@id\":\"https:\/\/locaacademiafamiliar.com\/ca\/2020\/excursions-a-la-cerdanya-francesa-amb-nens\/#primaryimage\"},\"image\":{\"@id\":\"https:\/\/locaacademiafamiliar.com\/ca\/2020\/excursions-a-la-cerdanya-francesa-amb-nens\/#primaryimage\"},\"thumbnailUrl\":\"https:\/\/i0.wp.com\/locaacademiafamiliar.com\/wp-content\/uploads\/2020\/10\/cerdanya-francesa.jpg?fit=800%2C553&ssl=1\",\"datePublished\":\"2020-10-25T15:23:03+00:00\",\"dateModified\":\"2020-10-25T15:30:19+00:00\",\"description\":\"Excursions a la Cerdanya francesa amb nens petits. Excursions f\u00e0cils i passejades per Matalama, Fontp\u00e9drouse... Ideals per fam\u00edlies amb nens.\",\"breadcrumb\":{\"@id\":\"https:\/\/locaacademiafamiliar.com\/ca\/2020\/excursions-a-la-cerdanya-francesa-amb-nens\/#breadcrumb\"},\"inLanguage\":\"ca\",\"potentialAction\":[{\"@type\":\"ReadAction\",\"target\":[\"https:\/\/locaacademiafamiliar.com\/ca\/2020\/excursions-a-la-cerdanya-francesa-amb-nens\/\"]}]},{\"@type\":\"ImageObject\",\"inLanguage\":\"ca\",\"@id\":\"https:\/\/locaacademiafamiliar.com\/ca\/2020\/excursions-a-la-cerdanya-francesa-amb-nens\/#primaryimage\",\"url\":\"https:\/\/i0.wp.com\/locaacademiafamiliar.com\/wp-content\/uploads\/2020\/10\/cerdanya-francesa.jpg?fit=800%2C553&ssl=1\",\"contentUrl\":\"https:\/\/i0.wp.com\/locaacademiafamiliar.com\/wp-content\/uploads\/2020\/10\/cerdanya-francesa.jpg?fit=800%2C553&ssl=1\",\"width\":800,\"height\":553},{\"@type\":\"BreadcrumbList\",\"@id\":\"https:\/\/locaacademiafamiliar.com\/ca\/2020\/excursions-a-la-cerdanya-francesa-amb-nens\/#breadcrumb\",\"itemListElement\":[{\"@type\":\"ListItem\",\"position\":1,\"name\":\"Portada\",\"item\":\"https:\/\/locaacademiafamiliar.com\/ca\/\"},{\"@type\":\"ListItem\",\"position\":2,\"name\":\"Excursions a la Cerdanya Francesa amb nens\"}]},{\"@type\":\"WebSite\",\"@id\":\"https:\/\/locaacademiafamiliar.com\/ca\/#website\",\"url\":\"https:\/\/locaacademiafamiliar.com\/ca\/\",\"name\":\"Boja Acad\u00e8mia Familiar\",\"description\":\"El blog de crianza con el que pap\u00e1s y mam\u00e1s salen mejor preparados para su rutina familiar diaria\",\"publisher\":{\"@id\":\"https:\/\/locaacademiafamiliar.com\/ca\/#organization\"},\"potentialAction\":[{\"@type\":\"SearchAction\",\"target\":{\"@type\":\"EntryPoint\",\"urlTemplate\":\"https:\/\/locaacademiafamiliar.com\/ca\/?s={search_term_string}\"},\"query-input\":{\"@type\":\"PropertyValueSpecification\",\"valueRequired\":true,\"valueName\":\"search_term_string\"}}],\"inLanguage\":\"ca\"},{\"@type\":\"Organization\",\"@id\":\"https:\/\/locaacademiafamiliar.com\/ca\/#organization\",\"name\":\"LocaAcademiaFamiliar.com\",\"url\":\"https:\/\/locaacademiafamiliar.com\/ca\/\",\"logo\":{\"@type\":\"ImageObject\",\"inLanguage\":\"ca\",\"@id\":\"https:\/\/locaacademiafamiliar.com\/ca\/#\/schema\/logo\/image\/\",\"url\":\"https:\/\/locaacademiafamiliar.com\/wp-content\/uploads\/2020\/01\/logo-loca-academia-familiar.jpg\",\"contentUrl\":\"https:\/\/locaacademiafamiliar.com\/wp-content\/uploads\/2020\/01\/logo-loca-academia-familiar.jpg\",\"width\":960,\"height\":960,\"caption\":\"LocaAcademiaFamiliar.com\"},\"image\":{\"@id\":\"https:\/\/locaacademiafamiliar.com\/ca\/#\/schema\/logo\/image\/\"},\"sameAs\":[\"https:\/\/www.facebook.com\/LocaAcademiaFamiliar\"]},{\"@type\":\"Person\",\"@id\":\"https:\/\/locaacademiafamiliar.com\/ca\/#\/schema\/person\/8ddc70c9780d67ef5bbb462a307f8042\",\"name\":\"Elisabet\",\"image\":{\"@type\":\"ImageObject\",\"inLanguage\":\"ca\",\"@id\":\"https:\/\/locaacademiafamiliar.com\/ca\/#\/schema\/person\/image\/\",\"url\":\"https:\/\/secure.gravatar.com\/avatar\/b7cd6a228ab9368d5f221ffe7f0dae77?s=96&d=mm&r=g\",\"contentUrl\":\"https:\/\/secure.gravatar.com\/avatar\/b7cd6a228ab9368d5f221ffe7f0dae77?s=96&d=mm&r=g\",\"caption\":\"Elisabet\"},\"description\":\"\u00a1Hola! Soy Elisabet, aunque en algunos grupos de whatsapp soy simplemente mam\u00e1 de \u00cd. Tengo dos hijas muy divertidas, la primera nacida en febrero del 2013 y la segunda el enero del 2016 as\u00ed que ya hace m\u00e1s de tres a\u00f1os que vivo en horario infantil. En el mundo adulto trabajo en un hospital de Barcelona, soy enfermera y comadrona. Si quieres estar informado de los eventos y actividades para familias con ni\u00f1os en Catalunya, haz click aqu\u00ed para apuntarte a nuestra newsletter.\",\"sameAs\":[\"http:\/\/www.locaacademiafamiliar.com\"],\"url\":\"https:\/\/locaacademiafamiliar.com\/ca\/author\/eli\/\"}]}<\/script>\n<!-- \/ Yoast SEO plugin. -->","yoast_head_json":{"title":"Excursions a la Cerdanya Francesa amb nens ~ Boja Acad\u00e8mia Familiar","description":"Excursions a la Cerdanya francesa amb nens petits. Excursions f\u00e0cils i passejades per Matalama, Fontp\u00e9drouse... Ideals per fam\u00edlies amb nens.","robots":{"index":"index","follow":"follow","max-snippet":"max-snippet:-1","max-image-preview":"max-image-preview:large","max-video-preview":"max-video-preview:-1"},"canonical":"https:\/\/locaacademiafamiliar.com\/ca\/2020\/excursions-a-la-cerdanya-francesa-amb-nens\/","og_locale":"ca_ES","og_type":"article","og_title":"Excursions a la Cerdanya Francesa amb nens ~ Boja Acad\u00e8mia Familiar","og_description":"Excursions a la Cerdanya francesa amb nens petits. Excursions f\u00e0cils i passejades per Matalama, Fontp\u00e9drouse... Ideals per fam\u00edlies amb nens.","og_url":"https:\/\/locaacademiafamiliar.com\/ca\/2020\/excursions-a-la-cerdanya-francesa-amb-nens\/","og_site_name":"Boja Acad\u00e8mia Familiar","article_publisher":"https:\/\/www.facebook.com\/LocaAcademiaFamiliar","article_published_time":"2020-10-25T15:23:03+00:00","article_modified_time":"2020-10-25T15:30:19+00:00","og_image":[{"width":800,"height":553,"url":"https:\/\/locaacademiafamiliar.com\/wp-content\/uploads\/2020\/10\/cerdanya-francesa.jpg","type":"image\/jpeg"}],"author":"Elisabet","twitter_card":"summary_large_image","twitter_misc":{"Escrit per":"Elisabet","Temps estimat de lectura":"4 minuts"},"schema":{"@context":"https:\/\/schema.org","@graph":[{"@type":"Article","@id":"https:\/\/locaacademiafamiliar.com\/ca\/2020\/excursions-a-la-cerdanya-francesa-amb-nens\/#article","isPartOf":{"@id":"https:\/\/locaacademiafamiliar.com\/ca\/2020\/excursions-a-la-cerdanya-francesa-amb-nens\/"},"author":{"name":"Elisabet","@id":"https:\/\/locaacademiafamiliar.com\/ca\/#\/schema\/person\/8ddc70c9780d67ef5bbb462a307f8042"},"headline":"Excursions a la Cerdanya Francesa amb nens","datePublished":"2020-10-25T15:23:03+00:00","dateModified":"2020-10-25T15:30:19+00:00","mainEntityOfPage":{"@id":"https:\/\/locaacademiafamiliar.com\/ca\/2020\/excursions-a-la-cerdanya-francesa-amb-nens\/"},"wordCount":831,"commentCount":0,"publisher":{"@id":"https:\/\/locaacademiafamiliar.com\/ca\/#organization"},"image":{"@id":"https:\/\/locaacademiafamiliar.com\/ca\/2020\/excursions-a-la-cerdanya-francesa-amb-nens\/#primaryimage"},"thumbnailUrl":"https:\/\/i0.wp.com\/locaacademiafamiliar.com\/wp-content\/uploads\/2020\/10\/cerdanya-francesa.jpg?fit=800%2C553&ssl=1","keywords":["3-6 anys","Excursions"],"articleSection":["Geografia"],"inLanguage":"ca","potentialAction":[{"@type":"CommentAction","name":"Comment","target":["https:\/\/locaacademiafamiliar.com\/ca\/2020\/excursions-a-la-cerdanya-francesa-amb-nens\/#respond"]}]},{"@type":"WebPage","@id":"https:\/\/locaacademiafamiliar.com\/ca\/2020\/excursions-a-la-cerdanya-francesa-amb-nens\/","url":"https:\/\/locaacademiafamiliar.com\/ca\/2020\/excursions-a-la-cerdanya-francesa-amb-nens\/","name":"Excursions a la Cerdanya Francesa amb nens ~ Boja Acad\u00e8mia Familiar","isPartOf":{"@id":"https:\/\/locaacademiafamiliar.com\/ca\/#website"},"primaryImageOfPage":{"@id":"https:\/\/locaacademiafamiliar.com\/ca\/2020\/excursions-a-la-cerdanya-francesa-amb-nens\/#primaryimage"},"image":{"@id":"https:\/\/locaacademiafamiliar.com\/ca\/2020\/excursions-a-la-cerdanya-francesa-amb-nens\/#primaryimage"},"thumbnailUrl":"https:\/\/i0.wp.com\/locaacademiafamiliar.com\/wp-content\/uploads\/2020\/10\/cerdanya-francesa.jpg?fit=800%2C553&ssl=1","datePublished":"2020-10-25T15:23:03+00:00","dateModified":"2020-10-25T15:30:19+00:00","description":"Excursions a la Cerdanya francesa amb nens petits. Excursions f\u00e0cils i passejades per Matalama, Fontp\u00e9drouse... Ideals per fam\u00edlies amb nens.","breadcrumb":{"@id":"https:\/\/locaacademiafamiliar.com\/ca\/2020\/excursions-a-la-cerdanya-francesa-amb-nens\/#breadcrumb"},"inLanguage":"ca","potentialAction":[{"@type":"ReadAction","target":["https:\/\/locaacademiafamiliar.com\/ca\/2020\/excursions-a-la-cerdanya-francesa-amb-nens\/"]}]},{"@type":"ImageObject","inLanguage":"ca","@id":"https:\/\/locaacademiafamiliar.com\/ca\/2020\/excursions-a-la-cerdanya-francesa-amb-nens\/#primaryimage","url":"https:\/\/i0.wp.com\/locaacademiafamiliar.com\/wp-content\/uploads\/2020\/10\/cerdanya-francesa.jpg?fit=800%2C553&ssl=1","contentUrl":"https:\/\/i0.wp.com\/locaacademiafamiliar.com\/wp-content\/uploads\/2020\/10\/cerdanya-francesa.jpg?fit=800%2C553&ssl=1","width":800,"height":553},{"@type":"BreadcrumbList","@id":"https:\/\/locaacademiafamiliar.com\/ca\/2020\/excursions-a-la-cerdanya-francesa-amb-nens\/#breadcrumb","itemListElement":[{"@type":"ListItem","position":1,"name":"Portada","item":"https:\/\/locaacademiafamiliar.com\/ca\/"},{"@type":"ListItem","position":2,"name":"Excursions a la Cerdanya Francesa amb nens"}]},{"@type":"WebSite","@id":"https:\/\/locaacademiafamiliar.com\/ca\/#website","url":"https:\/\/locaacademiafamiliar.com\/ca\/","name":"Boja Acad\u00e8mia Familiar","description":"El blog de crianza con el que pap\u00e1s y mam\u00e1s salen mejor preparados para su rutina familiar diaria","publisher":{"@id":"https:\/\/locaacademiafamiliar.com\/ca\/#organization"},"potentialAction":[{"@type":"SearchAction","target":{"@type":"EntryPoint","urlTemplate":"https:\/\/locaacademiafamiliar.com\/ca\/?s={search_term_string}"},"query-input":{"@type":"PropertyValueSpecification","valueRequired":true,"valueName":"search_term_string"}}],"inLanguage":"ca"},{"@type":"Organization","@id":"https:\/\/locaacademiafamiliar.com\/ca\/#organization","name":"LocaAcademiaFamiliar.com","url":"https:\/\/locaacademiafamiliar.com\/ca\/","logo":{"@type":"ImageObject","inLanguage":"ca","@id":"https:\/\/locaacademiafamiliar.com\/ca\/#\/schema\/logo\/image\/","url":"https:\/\/locaacademiafamiliar.com\/wp-content\/uploads\/2020\/01\/logo-loca-academia-familiar.jpg","contentUrl":"https:\/\/locaacademiafamiliar.com\/wp-content\/uploads\/2020\/01\/logo-loca-academia-familiar.jpg","width":960,"height":960,"caption":"LocaAcademiaFamiliar.com"},"image":{"@id":"https:\/\/locaacademiafamiliar.com\/ca\/#\/schema\/logo\/image\/"},"sameAs":["https:\/\/www.facebook.com\/LocaAcademiaFamiliar"]},{"@type":"Person","@id":"https:\/\/locaacademiafamiliar.com\/ca\/#\/schema\/person\/8ddc70c9780d67ef5bbb462a307f8042","name":"Elisabet","image":{"@type":"ImageObject","inLanguage":"ca","@id":"https:\/\/locaacademiafamiliar.com\/ca\/#\/schema\/person\/image\/","url":"https:\/\/secure.gravatar.com\/avatar\/b7cd6a228ab9368d5f221ffe7f0dae77?s=96&d=mm&r=g","contentUrl":"https:\/\/secure.gravatar.com\/avatar\/b7cd6a228ab9368d5f221ffe7f0dae77?s=96&d=mm&r=g","caption":"Elisabet"},"description":"\u00a1Hola! Soy Elisabet, aunque en algunos grupos de whatsapp soy simplemente mam\u00e1 de \u00cd. Tengo dos hijas muy divertidas, la primera nacida en febrero del 2013 y la segunda el enero del 2016 as\u00ed que ya hace m\u00e1s de tres a\u00f1os que vivo en horario infantil. En el mundo adulto trabajo en un hospital de Barcelona, soy enfermera y comadrona. Si quieres estar informado de los eventos y actividades para familias con ni\u00f1os en Catalunya, haz click aqu\u00ed para apuntarte a nuestra newsletter.","sameAs":["http:\/\/www.locaacademiafamiliar.com"],"url":"https:\/\/locaacademiafamiliar.com\/ca\/author\/eli\/"}]}},"jetpack_featured_media_url":"https:\/\/i0.wp.com\/locaacademiafamiliar.com\/wp-content\/uploads\/2020\/10\/cerdanya-francesa.jpg?fit=800%2C553&ssl=1","jetpack_sharing_enabled":true,"amp_enabled":true,"_links":{"self":[{"href":"https:\/\/locaacademiafamiliar.com\/ca\/wp-json\/wp\/v2\/posts\/9962","targetHints":{"allow":["GET"]}}],"collection":[{"href":"https:\/\/locaacademiafamiliar.com\/ca\/wp-json\/wp\/v2\/posts"}],"about":[{"href":"https:\/\/locaacademiafamiliar.com\/ca\/wp-json\/wp\/v2\/types\/post"}],"author":[{"embeddable":true,"href":"https:\/\/locaacademiafamiliar.com\/ca\/wp-json\/wp\/v2\/users\/2"}],"replies":[{"embeddable":true,"href":"https:\/\/locaacademiafamiliar.com\/ca\/wp-json\/wp\/v2\/comments?post=9962"}],"version-history":[{"count":0,"href":"https:\/\/locaacademiafamiliar.com\/ca\/wp-json\/wp\/v2\/posts\/9962\/revisions"}],"wp:featuredmedia":[{"embeddable":true,"href":"https:\/\/locaacademiafamiliar.com\/ca\/wp-json\/wp\/v2\/media\/9961"}],"wp:attachment":[{"href":"https:\/\/locaacademiafamiliar.com\/ca\/wp-json\/wp\/v2\/media?parent=9962"}],"wp:term":[{"taxonomy":"category","embeddable":true,"href":"https:\/\/locaacademiafamiliar.com\/ca\/wp-json\/wp\/v2\/categories?post=9962"},{"taxonomy":"post_tag","embeddable":true,"href":"https:\/\/locaacademiafamiliar.com\/ca\/wp-json\/wp\/v2\/tags?post=9962"}],"curies":[{"name":"wp","href":"https:\/\/api.w.org\/{rel}","templated":true}]}}